{"id":79039,"date":"2024-10-09T14:04:26","date_gmt":"2024-10-09T17:04:26","guid":{"rendered":"https:\/\/cj.estrategia.com\/portal\/?p=79039"},"modified":"2024-10-09T14:04:32","modified_gmt":"2024-10-09T17:04:32","slug":"monark-condenado-ofensas-flavio-dino","status":"publish","type":"post","link":"https:\/\/cj.estrategia.com\/portal\/monark-condenado-ofensas-flavio-dino\/","title":{"rendered":"Monark \u00e9 condenado por ofensas contra Fl\u00e1vio Dino e recebe pena de deten\u00e7\u00e3o! Entenda o caso!\u00a0\u00a0"},"content":{"rendered":"\n<p>A justi\u00e7a federal de S\u00e3o Paulo condenou o r\u00e9u Bruno Aiub (Monark) pela pr\u00e1tica do crime previsto no artigo 140, c\/c artigo 141, II e \u00a72\u00ba, do C\u00f3digo Penal (CP) por duas vezes, na forma do art. 71, do CP, contra a v\u00edtima Fl\u00e1vio Dino, a uma pena de 1 ano, 1 m\u00eas e 11 dias de deten\u00e7\u00e3o em regime inicial semiaberto.\u00a0\u00a0<\/p>\n\n\n\n<p>Vamos aos pontos interessantes da decis\u00e3o proferida!<\/p>\n\n\n\n<h2 class=\"wp-block-heading\" id=\"h-calunia-e-injuria\"><span id=\"calunia-e-injuria\">Cal\u00fania e inj\u00faria<\/span><\/h2>\n\n\n\n<div class=\"wp-block-media-text is-stacked-on-mobile\"><figure class=\"wp-block-media-text__media\"><img decoding=\"async\" width=\"641\" height=\"687\" src=\"https:\/\/cj.estrategia.com\/portal\/wp-content\/uploads\/2024\/10\/09140001\/flavio-dino.jpeg\" alt=\"Ofensas contra Flavio Dino\" class=\"wp-image-79053 size-full\" srcset=\"https:\/\/cj.estrategia.com\/portal\/wp-content\/uploads\/2024\/10\/09140001\/flavio-dino.jpeg 641w, https:\/\/cj.estrategia.com\/portal\/wp-content\/uploads\/2024\/10\/09140001\/flavio-dino-280x300.jpeg 280w, https:\/\/cj.estrategia.com\/portal\/wp-content\/uploads\/2024\/10\/09140001\/flavio-dino-380x407.jpeg 380w, https:\/\/cj.estrategia.com\/portal\/wp-content\/uploads\/2024\/10\/09140001\/flavio-dino-150x161.jpeg 150w\" sizes=\"(max-width: 641px) 100vw, 641px\" \/><\/figure><div class=\"wp-block-media-text__content\">\n<p>Foram atribu\u00eddos ao querelado (Monark) fatos que, segundo entendimento do querelante (Fl\u00e1vio Dino), se subsumiam ao crimes de <strong><mark style=\"background-color:rgba(0, 0, 0, 0)\" class=\"has-inline-color has-vivid-purple-color\">cal\u00fania e inj\u00faria<\/mark><\/strong>, que se processam, em regra, mediante a\u00e7\u00e3o penal privada (art. 145, do CP).<\/p>\n<\/div><\/div>\n\n\n\n<p>Admite-se a chamada <strong><mark style=\"background-color:rgba(0, 0, 0, 0)\" class=\"has-inline-color has-vivid-purple-color\">legitima\u00e7\u00e3o concorrente<\/mark><\/strong> pelo fato de que a v\u00edtima j\u00e1 era, \u00e0 \u00e9poca dos fatos, servidor p\u00fablico (Ministro da Justi\u00e7a). Al\u00e9m disso, as ofensas propaladas se ligavam, em parte, ao exerc\u00edcio de suas fun\u00e7\u00f5es, atraindo a incid\u00eancia do verbete sumular 714, do STF:<\/p>\n\n\n\n<pre class=\"wp-block-preformatted\">\u00c9 concorrente a legitimidade do ofendido, mediante queixa, e do Minist\u00e9rio P\u00fablico, condicionada \u00e0 representa\u00e7\u00e3o do ofendido, para a a\u00e7\u00e3o penal por crime contra a honra de servidor p\u00fablico em raz\u00e3o do exerc\u00edcio de suas fun\u00e7\u00f5es.<\/pre>\n\n\n\n<p>Assim, correta a escolha do Ministro da via da <strong>a\u00e7\u00e3o penal privada<\/strong>, mediante oferecimento de queixa-crime, que \u00e9 a peti\u00e7\u00e3o inicial na a\u00e7\u00e3o penal privada. Ali\u00e1s, para n\u00e3o se confundirem mais: <strong>querelante <\/strong>\u00e9 o autor, <strong>querelado <\/strong>\u00e9 o r\u00e9u, e <strong>queixa-crime<\/strong> \u00e9 o correlato da den\u00fancia.<\/p>\n\n\n\n<p>Embora n\u00e3o tenhamos tido acesso \u00e0 queixa-crime, da leitura da senten\u00e7a \u00e9 poss\u00edvel extrair o teor das ofensas.<\/p>\n\n\n\n<h2 class=\"wp-block-heading\" id=\"h-teor-das-ofensas\"><span id=\"teor-das-ofensas\">Teor das ofensas<\/span><\/h2>\n\n\n\n<p>A primeira delas teria ocorrido durante a transmiss\u00e3o de um programa de podcast, em que o querelado teria afirmado, na ess\u00eancia, que<\/p>\n\n\n\n<pre class=\"wp-block-preformatted\">\"o cara est\u00e1 pegando crimes que aconteceram em escolas, envolvendo crian\u00e7as, e t\u00e1 usando a morte dessas crian\u00e7as para justificar tirar a liberdade da popula\u00e7\u00e3o\"; \"\u00e9 um ato pol\u00edtico para justificar a retirada das liberdades da popula\u00e7\u00e3o\"; \"isso \u00e9 maracutaia pol\u00edtica que ele t\u00e1 fazendo\"; \"eles est\u00e3o fazendo censura \u00e0 revelia da lei, fora da lei\"; al\u00e9m de refer\u00eancias a \"autoritarismo\" da parte. (trecho da senten\u00e7a)<\/pre>\n\n\n\n<p>Interessante anotar que, em rela\u00e7\u00e3o a essa imputa\u00e7\u00e3o a magistrada afirmou que n\u00e3o houve a atribui\u00e7\u00e3o de um fato espec\u00edfico \u00e0 v\u00edtima, o que constitui elementar do tipo previsto no art. 139, do CP (Caluniar algu\u00e9m, <strong>imputando-lhe falsamente fato definido como crime<\/strong>), o qual protege o bem jur\u00eddico honra, no aspecto objetivo.<\/p>\n\n\n\n<p>Desta forma, embora as express\u00f5es sejam contumeliosas, as afirma\u00e7\u00f5es s\u00e3o gen\u00e9ricas e de cunho abstrato, sem \u201c[\u2026] indica\u00e7\u00e3o de fatos ou eventos definidos por tempo, lugar ou forma de execu\u00e7\u00e3o\u201d (trecho da senten\u00e7a). Houve, em verdade, a atribui\u00e7\u00e3o da pecha de pessoa autorit\u00e1ria, inescrupulosa e indecorosa ao Ministro, de forma inflamada e sensacionalista.<\/p>\n\n\n\n<p>Por essa raz\u00e3o, a magistrada aplicou a regra da <em>emendatio libelli<\/em> (art. 383, do CPP) e adequou a tipifica\u00e7\u00e3o legal inicialmente indicada pelo querelante (cal\u00fania) ao crime de <strong><mark style=\"background-color:rgba(0, 0, 0, 0)\" class=\"has-inline-color has-vivid-purple-color\">inj\u00faria<\/mark><\/strong>, previsto no art. 141, do CP, condenando-o por tal infra\u00e7\u00e3o.<\/p>\n\n\n\n<p>Do ponto de vista procedimental, correta a postura da magistrada, que pode proceder a essa corre\u00e7\u00e3o de of\u00edcio, dispensando a instaura\u00e7\u00e3o de pr\u00e9vio contradit\u00f3rio.\u00a0<\/p>\n\n\n\n<p>A queixa-crime tamb\u00e9m atribuiu ao querelado crime de <strong><mark style=\"background-color:rgba(0, 0, 0, 0)\" class=\"has-inline-color has-vivid-purple-color\">inj\u00faria<\/mark><\/strong>, por se referir ao ent\u00e3o Ministro da Justi\u00e7a, tamb\u00e9m em programa de <em>podcast<\/em>, como \u201cperverso\u201d, \u201cmalicioso\u201d, \u201cmaldito\u201d etc., num primeiro momento, e como \u201cfraude\u201d, \u201cesse merda\u201d, \u201cgordola\u201d, \u201cbosta\u201d, \u201cfilho da puta\u201d etc., num segundo momento.<\/p>\n\n\n\n<p>A ju\u00edza destacou que durante a audi\u00eancia o ofendido expressou indigna\u00e7\u00e3o e abalo psicol\u00f3gico em raz\u00e3o das ofensas. Ela destacou que ele inclusive se manifestou sobre o ocorrido em suas redes sociais, provocando nova manifesta\u00e7\u00e3o do querelado que afirmou \u201cficou puto porque eu chamei ele de gordola\u201d al\u00e9m de outros improp\u00e9rios, o que caracteriza inequivocamente o dolo.<\/p>\n\n\n\n<h2 class=\"wp-block-heading\" id=\"h-liberdade-de-expressao\"><span id=\"liberdade-de-expressao\">Liberdade de express\u00e3o<\/span><\/h2>\n\n\n\n<p>Nesse contexto uma reflex\u00e3o se prop\u00f5e: seria a liberdade de express\u00e3o, invocada pela defesa, um direito absoluto? Parece-nos que n\u00e3o.<\/p>\n\n\n\n<p>Num ambiente democr\u00e1tico e civilizado \u00e9 necess\u00e1rio que tenhamos o m\u00e1ximo de cuidado com o pr\u00f3ximo, de modo que se a minha fala interfere na esfera jur\u00eddica alheia, desbordando os limites \u00e9ticos e jur\u00eddicos, a a\u00e7\u00e3o passa a ser criminosa e deve ser protegida pela ordem jur\u00eddica.<\/p>\n\n\n\n<p>A prop\u00f3sito, a liberdade de express\u00e3o h\u00e1 de ser compatibilizada com a <strong><mark style=\"background-color:rgba(0, 0, 0, 0)\" class=\"has-inline-color has-vivid-purple-color\">prote\u00e7\u00e3o da honra e da dignidade<\/mark><\/strong>, conforme art. 11, da Conven\u00e7\u00e3o Americana de Direitos Humanos.<\/p>\n\n\n\n<p>Essa foi a linha de racioc\u00ednio adotada pela magistrada para afirmar a responsabilidade penal do querelado.<\/p>\n\n\n\n<p>Na dosimetria da pena, duas observa\u00e7\u00f5es importantes. A magistrada considerou, como causas de <strong>aumento da pena<\/strong>, o fato de os crimes terem sido cometidos contra funcion\u00e1rio p\u00fablico, em raz\u00e3o de suas fun\u00e7\u00f5es (aumento de um ter\u00e7o), e cometidos pela redes sociais da rede mundial de computadores (aplica-se o triplo da pena).<\/p>\n\n\n\n<p>O quantitativo de pena final ficou em 1 ano, 1 m\u00eas e 11 dias de deten\u00e7\u00e3o, por conta da aplica\u00e7\u00e3o da regra do art. 71, do CP (a ju\u00edza reconheceu a <strong><mark style=\"background-color:rgba(0, 0, 0, 0)\" class=\"has-inline-color has-vivid-purple-color\">continuidade delitiva<\/mark><\/strong>). Ainda, em decorr\u00eancia da elevada culpabilidade do agente, ela\u00a0fixou o regime inicial de cumprimento da pena, e afirmou <strong>incab\u00edvel a substitui\u00e7\u00e3o da pena corporal pela pena restritiva de direitos<\/strong>, bem assim da concess\u00e3o de suspens\u00e3o da pena.<\/p>\n\n\n\n<p>Por fim, e n\u00e3o menos importante, fixou o valor de R$ 50.000 a t\u00edtulo de <strong>dano moral<\/strong> \u00e0 v\u00edtima, provid\u00eancia que vem alinhada ao contido no art. 387, IV, do CPP.<\/p>\n\n\n\n<p>E por que o feito tramitou na justi\u00e7a federal? Por conta do verbete sumular 147, do STJ:<\/p>\n\n\n\n<pre class=\"wp-block-preformatted\">Compete \u00e0 Justi\u00e7a Federal processar e julgar os crimes praticados contra funcion\u00e1rio p\u00fablico federal, quando relacionados com o exerc\u00edcio da fun\u00e7\u00e3o.<\/pre>\n\n\n\n<hr class=\"wp-block-separator has-alpha-channel-opacity\"\/>\n\n\n\n<h2 class=\"wp-block-heading has-text-align-center\" id=\"h-quer-saber-quais-serao-os-proximos-concursos\"><span id=\"quer-saber-quais-serao-os-proximos-concursos\">Quer saber quais ser\u00e3o os pr\u00f3ximos concursos?<\/span><\/h2>\n\n\n\n<p class=\"has-text-align-center\">Confira nossos\u00a0<a href=\"https:\/\/cj.estrategia.com\/portal\/\" target=\"_blank\" >artigos para Carreiras Jur\u00eddicas<\/a>!<\/p>\n\n\n\n<p class=\"has-text-align-center has-white-color has-pale-cyan-blue-background-color has-text-color has-background has-link-color wp-elements-f3d5123bb0c8e11604d0c8c7f1ea8be8\"><a href=\"https:\/\/www.estrategiaconcursos.com.br\/blog\/concursos-abertos\/\" target=\"_blank\" >Confira os concursos p\u00fablicos abertos<\/a><\/p>\n\n\n\n<p class=\"has-text-align-center has-white-color has-pale-cyan-blue-background-color has-text-color has-background has-link-color wp-elements-94f2aad2f2b05ea3152ac5320a17d121\"><a href=\"https:\/\/cj.estrategia.com\/portal\/web-stories\/\" target=\"_blank\" >Concursos 2024<\/a><\/p>\n","protected":false},"excerpt":{"rendered":"A justi\u00e7a federal de S\u00e3o Paulo condenou o r\u00e9u Bruno Aiub (Monark) pela pr\u00e1tica do crime previsto no&hellip;\n","protected":false},"author":63,"featured_media":79051,"comment_status":"open","ping_status":"open","sticky":false,"template":"","format":"standard","meta":{"_jetpack_memberships_contains_paid_content":false,"footnotes":""},"categories":[1],"tags":[1140,1138,338,1141,449,1137,367,198,1139],"tax_estado":[30,31,32,33,34,35,36,37,38,39,40,41,42,43,44,45,46,47,48,49,50,51,52,53,54,55,56,57],"class_list":{"0":"post-79039","1":"post","2":"type-post","3":"status-publish","4":"format-standard","5":"has-post-thumbnail","7":"category-carreiras-juridicas","8":"tag-bruno-aiub","9":"tag-calunia","10":"tag-codigo-penal","11":"tag-continuidade-delitiva","12":"tag-danos-morais","13":"tag-flavio-dino","14":"tag-injuria","15":"tag-liberdade-de-expressao","16":"tag-monark","17":"tax_estado-ac","18":"tax_estado-al","19":"tax_estado-am","20":"tax_estado-ap","21":"tax_estado-ba","22":"tax_estado-ce","23":"tax_estado-concursos-federais","24":"tax_estado-df","25":"tax_estado-es","26":"tax_estado-go","27":"tax_estado-ma","28":"tax_estado-mg","29":"tax_estado-ms","30":"tax_estado-mt","31":"tax_estado-pa","32":"tax_estado-pb","33":"tax_estado-pe","34":"tax_estado-pi","35":"tax_estado-pr","36":"tax_estado-rj","37":"tax_estado-rn","38":"tax_estado-ro","39":"tax_estado-rr","40":"tax_estado-rs","41":"tax_estado-sc","42":"tax_estado-se","43":"tax_estado-sp","44":"tax_estado-to"},"acf":[],"yoast_head":"<!-- This site is optimized with the Yoast SEO Premium plugin v27.5 (Yoast SEO v27.5) - https:\/\/yoast.com\/product\/yoast-seo-premium-wordpress\/ -->\n<title>Ofensas contra Ministro leva \u00e0 condena\u00e7\u00e3o de r\u00e9u por inj\u00faria<\/title>\n<meta name=\"description\" content=\"A justi\u00e7a condenou o r\u00e9u Bruno Aiub (Monark) a uma pena de deten\u00e7\u00e3o em regime inicial semiaberto por ofensas ao Ministro Fl\u00e1vio Dino.\" \/>\n<meta name=\"robots\" content=\"index, follow, max-snippet:-1, max-image-preview:large, max-video-preview:-1\" \/>\n<link rel=\"canonical\" href=\"https:\/\/cj.estrategia.com\/portal\/monark-condenado-ofensas-flavio-dino\/\" \/>\n<meta property=\"og:locale\" content=\"pt_BR\" \/>\n<meta property=\"og:type\" content=\"article\" \/>\n<meta property=\"og:title\" content=\"Monark \u00e9 condenado por ofensas contra Fl\u00e1vio Dino e recebe pena de deten\u00e7\u00e3o! Entenda o caso!\u00a0\u00a0\" \/>\n<meta property=\"og:description\" content=\"A justi\u00e7a condenou o r\u00e9u Bruno Aiub (Monark) a uma pena de deten\u00e7\u00e3o em regime inicial semiaberto por ofensas ao Ministro Fl\u00e1vio Dino.\" \/>\n<meta property=\"og:url\" content=\"https:\/\/cj.estrategia.com\/portal\/monark-condenado-ofensas-flavio-dino\/\" \/>\n<meta property=\"og:site_name\" content=\"Blog - Carreiras Jur\u00eddicas - Estrat\u00e9gia\" \/>\n<meta property=\"article:publisher\" content=\"https:\/\/www.facebook.com\/estrategiacarreirajuridica\/\" \/>\n<meta property=\"article:published_time\" content=\"2024-10-09T17:04:26+00:00\" \/>\n<meta property=\"article:modified_time\" content=\"2024-10-09T17:04:32+00:00\" \/>\n<meta property=\"og:image\" content=\"https:\/\/cj.estrategia.com\/portal\/wp-content\/uploads\/2024\/10\/09135357\/processo-judicial-julgamento-ministro-justica-scaled.jpg\" \/>\n\t<meta property=\"og:image:width\" content=\"2560\" \/>\n\t<meta property=\"og:image:height\" content=\"1707\" \/>\n\t<meta property=\"og:image:type\" content=\"image\/jpeg\" \/>\n<meta name=\"author\" content=\"Guilherme Rezende\" \/>\n<meta name=\"twitter:card\" content=\"summary_large_image\" \/>\n<meta name=\"twitter:creator\" content=\"@EstratJuridica\" \/>\n<meta name=\"twitter:site\" content=\"@EstratJuridica\" \/>\n<meta name=\"twitter:label1\" content=\"Escrito por\" \/>\n\t<meta name=\"twitter:data1\" content=\"Guilherme Rezende\" \/>\n\t<meta name=\"twitter:label2\" content=\"Est. tempo de leitura\" \/>\n\t<meta name=\"twitter:data2\" content=\"5 minutos\" \/>\n<script type=\"application\/ld+json\" class=\"yoast-schema-graph\">{\"@context\":\"https:\\\/\\\/schema.org\",\"@graph\":[{\"@type\":\"NewsArticle\",\"@id\":\"https:\\\/\\\/cj.estrategia.com\\\/portal\\\/monark-condenado-ofensas-flavio-dino\\\/#article\",\"isPartOf\":{\"@id\":\"https:\\\/\\\/cj.estrategia.com\\\/portal\\\/monark-condenado-ofensas-flavio-dino\\\/\"},\"author\":{\"name\":\"Guilherme Rezende\",\"@id\":\"https:\\\/\\\/cj.estrategia.com\\\/portal\\\/#\\\/schema\\\/person\\\/b8eb01d117c3441103d953565489f91a\"},\"headline\":\"Monark \u00e9 condenado por ofensas contra Fl\u00e1vio Dino e recebe pena de deten\u00e7\u00e3o! Entenda o caso!\u00a0\u00a0\",\"datePublished\":\"2024-10-09T17:04:26+00:00\",\"dateModified\":\"2024-10-09T17:04:32+00:00\",\"mainEntityOfPage\":{\"@id\":\"https:\\\/\\\/cj.estrategia.com\\\/portal\\\/monark-condenado-ofensas-flavio-dino\\\/\"},\"wordCount\":919,\"commentCount\":0,\"publisher\":{\"@id\":\"https:\\\/\\\/cj.estrategia.com\\\/portal\\\/#organization\"},\"image\":{\"@id\":\"https:\\\/\\\/cj.estrategia.com\\\/portal\\\/monark-condenado-ofensas-flavio-dino\\\/#primaryimage\"},\"thumbnailUrl\":\"https:\\\/\\\/cj.estrategia.com\\\/portal\\\/wp-content\\\/uploads\\\/2024\\\/10\\\/09135357\\\/processo-judicial-julgamento-ministro-justica-scaled.jpg\",\"keywords\":[\"Bruno Aiub\",\"cal\u00fania\",\"c\u00f3digo penal\",\"continuidade delitiva\",\"danos morais\",\"Fl\u00e1vio Dino\",\"inj\u00faria\",\"liberdade de express\u00e3o\",\"Monark\"],\"articleSection\":[\"Carreiras Jur\u00eddicas\"],\"inLanguage\":\"pt-BR\",\"potentialAction\":[{\"@type\":\"CommentAction\",\"name\":\"Comment\",\"target\":[\"https:\\\/\\\/cj.estrategia.com\\\/portal\\\/monark-condenado-ofensas-flavio-dino\\\/#respond\"]}]},{\"@type\":\"WebPage\",\"@id\":\"https:\\\/\\\/cj.estrategia.com\\\/portal\\\/monark-condenado-ofensas-flavio-dino\\\/\",\"url\":\"https:\\\/\\\/cj.estrategia.com\\\/portal\\\/monark-condenado-ofensas-flavio-dino\\\/\",\"name\":\"Ofensas contra Ministro leva \u00e0 condena\u00e7\u00e3o de r\u00e9u por inj\u00faria\",\"isPartOf\":{\"@id\":\"https:\\\/\\\/cj.estrategia.com\\\/portal\\\/#website\"},\"primaryImageOfPage\":{\"@id\":\"https:\\\/\\\/cj.estrategia.com\\\/portal\\\/monark-condenado-ofensas-flavio-dino\\\/#primaryimage\"},\"image\":{\"@id\":\"https:\\\/\\\/cj.estrategia.com\\\/portal\\\/monark-condenado-ofensas-flavio-dino\\\/#primaryimage\"},\"thumbnailUrl\":\"https:\\\/\\\/cj.estrategia.com\\\/portal\\\/wp-content\\\/uploads\\\/2024\\\/10\\\/09135357\\\/processo-judicial-julgamento-ministro-justica-scaled.jpg\",\"datePublished\":\"2024-10-09T17:04:26+00:00\",\"dateModified\":\"2024-10-09T17:04:32+00:00\",\"description\":\"A justi\u00e7a condenou o r\u00e9u Bruno Aiub (Monark) a uma pena de deten\u00e7\u00e3o em regime inicial semiaberto por ofensas ao Ministro Fl\u00e1vio Dino.\",\"breadcrumb\":{\"@id\":\"https:\\\/\\\/cj.estrategia.com\\\/portal\\\/monark-condenado-ofensas-flavio-dino\\\/#breadcrumb\"},\"inLanguage\":\"pt-BR\",\"potentialAction\":[{\"@type\":\"ReadAction\",\"target\":[\"https:\\\/\\\/cj.estrategia.com\\\/portal\\\/monark-condenado-ofensas-flavio-dino\\\/\"]}]},{\"@type\":\"ImageObject\",\"inLanguage\":\"pt-BR\",\"@id\":\"https:\\\/\\\/cj.estrategia.com\\\/portal\\\/monark-condenado-ofensas-flavio-dino\\\/#primaryimage\",\"url\":\"https:\\\/\\\/cj.estrategia.com\\\/portal\\\/wp-content\\\/uploads\\\/2024\\\/10\\\/09135357\\\/processo-judicial-julgamento-ministro-justica-scaled.jpg\",\"contentUrl\":\"https:\\\/\\\/cj.estrategia.com\\\/portal\\\/wp-content\\\/uploads\\\/2024\\\/10\\\/09135357\\\/processo-judicial-julgamento-ministro-justica-scaled.jpg\",\"width\":2560,\"height\":1707},{\"@type\":\"BreadcrumbList\",\"@id\":\"https:\\\/\\\/cj.estrategia.com\\\/portal\\\/monark-condenado-ofensas-flavio-dino\\\/#breadcrumb\",\"itemListElement\":[{\"@type\":\"ListItem\",\"position\":1,\"name\":\"In\u00edcio\",\"item\":\"https:\\\/\\\/cj.estrategia.com\\\/portal\\\/\"},{\"@type\":\"ListItem\",\"position\":2,\"name\":\"Monark \u00e9 condenado por ofensas contra Fl\u00e1vio Dino e recebe pena de deten\u00e7\u00e3o! Entenda o caso!\u00a0\u00a0\"}]},{\"@type\":\"WebSite\",\"@id\":\"https:\\\/\\\/cj.estrategia.com\\\/portal\\\/#website\",\"url\":\"https:\\\/\\\/cj.estrategia.com\\\/portal\\\/\",\"name\":\"Blog - Carreiras Jur\u00eddicas - Estrat\u00e9gia\",\"description\":\"\",\"publisher\":{\"@id\":\"https:\\\/\\\/cj.estrategia.com\\\/portal\\\/#organization\"},\"potentialAction\":[{\"@type\":\"SearchAction\",\"target\":{\"@type\":\"EntryPoint\",\"urlTemplate\":\"https:\\\/\\\/cj.estrategia.com\\\/portal\\\/?s={search_term_string}\"},\"query-input\":{\"@type\":\"PropertyValueSpecification\",\"valueRequired\":true,\"valueName\":\"search_term_string\"}}],\"inLanguage\":\"pt-BR\"},{\"@type\":\"Organization\",\"@id\":\"https:\\\/\\\/cj.estrategia.com\\\/portal\\\/#organization\",\"name\":\"Estrat\u00e9gia - Carreiras Jur\u00eddicas\",\"url\":\"https:\\\/\\\/cj.estrategia.com\\\/portal\\\/\",\"logo\":{\"@type\":\"ImageObject\",\"inLanguage\":\"pt-BR\",\"@id\":\"https:\\\/\\\/cj.estrategia.com\\\/portal\\\/#\\\/schema\\\/logo\\\/image\\\/\",\"url\":\"https:\\\/\\\/cj.estrategia.com\\\/portal\\\/wp-content\\\/uploads\\\/2022\\\/03\\\/11151052\\\/cj-logo.png\",\"contentUrl\":\"https:\\\/\\\/cj.estrategia.com\\\/portal\\\/wp-content\\\/uploads\\\/2022\\\/03\\\/11151052\\\/cj-logo.png\",\"width\":150,\"height\":39,\"caption\":\"Estrat\u00e9gia - Carreiras Jur\u00eddicas\"},\"image\":{\"@id\":\"https:\\\/\\\/cj.estrategia.com\\\/portal\\\/#\\\/schema\\\/logo\\\/image\\\/\"},\"sameAs\":[\"https:\\\/\\\/www.facebook.com\\\/estrategiacarreirajuridica\\\/\",\"https:\\\/\\\/x.com\\\/EstratJuridica\",\"https:\\\/\\\/www.instagram.com\\\/estrategiacarreirajuridica\\\/\",\"https:\\\/\\\/www.youtube.com\\\/channel\\\/UClbMGuYbj2Mh1m3w144ETWQ\"]},{\"@type\":\"Person\",\"@id\":\"https:\\\/\\\/cj.estrategia.com\\\/portal\\\/#\\\/schema\\\/person\\\/b8eb01d117c3441103d953565489f91a\",\"name\":\"Guilherme Rezende\",\"image\":{\"@type\":\"ImageObject\",\"inLanguage\":\"pt-BR\",\"@id\":\"https:\\\/\\\/cj.estrategia.com\\\/portal\\\/wp-content\\\/uploads\\\/2024\\\/02\\\/22174655\\\/professor-guilherme-resende-estrategia-concursos-ecj-96x96.jpeg\",\"url\":\"https:\\\/\\\/cj.estrategia.com\\\/portal\\\/wp-content\\\/uploads\\\/2024\\\/02\\\/22174655\\\/professor-guilherme-resende-estrategia-concursos-ecj-96x96.jpeg\",\"contentUrl\":\"https:\\\/\\\/cj.estrategia.com\\\/portal\\\/wp-content\\\/uploads\\\/2024\\\/02\\\/22174655\\\/professor-guilherme-resende-estrategia-concursos-ecj-96x96.jpeg\",\"caption\":\"Guilherme Rezende\"},\"description\":\"Professor Guilherme Rezende \u00e9 promotor de justi\u00e7a no Paran\u00e1, com uma carreira s\u00f3lida e impactante no campo jur\u00eddico. Al\u00e9m de sua atua\u00e7\u00e3o como promotor, ele possui mestrado em Direito e acumula experi\u00eancia como Ex-Procurador da Fazenda Nacional, Ex-Defensor P\u00fablico da Uni\u00e3o e Ex-Oficial de Apoio Judicial no TJMG. Destaca-se tamb\u00e9m por ter sido aprovado nos concursos de analista do TRF-1 e do MPU, consolidando sua compet\u00eancia e dedica\u00e7\u00e3o no universo jur\u00eddico.\",\"url\":\"https:\\\/\\\/cj.estrategia.com\\\/portal\\\/author\\\/guilherme-rezende\\\/\"}]}<\/script>\n<!-- \/ Yoast SEO Premium plugin. -->","yoast_head_json":{"title":"Ofensas contra Ministro leva \u00e0 condena\u00e7\u00e3o de r\u00e9u por inj\u00faria","description":"A justi\u00e7a condenou o r\u00e9u Bruno Aiub (Monark) a uma pena de deten\u00e7\u00e3o em regime inicial semiaberto por ofensas ao Ministro Fl\u00e1vio Dino.","robots":{"index":"index","follow":"follow","max-snippet":"max-snippet:-1","max-image-preview":"max-image-preview:large","max-video-preview":"max-video-preview:-1"},"canonical":"https:\/\/cj.estrategia.com\/portal\/monark-condenado-ofensas-flavio-dino\/","og_locale":"pt_BR","og_type":"article","og_title":"Monark \u00e9 condenado por ofensas contra Fl\u00e1vio Dino e recebe pena de deten\u00e7\u00e3o! Entenda o caso!\u00a0\u00a0","og_description":"A justi\u00e7a condenou o r\u00e9u Bruno Aiub (Monark) a uma pena de deten\u00e7\u00e3o em regime inicial semiaberto por ofensas ao Ministro Fl\u00e1vio Dino.","og_url":"https:\/\/cj.estrategia.com\/portal\/monark-condenado-ofensas-flavio-dino\/","og_site_name":"Blog - Carreiras Jur\u00eddicas - Estrat\u00e9gia","article_publisher":"https:\/\/www.facebook.com\/estrategiacarreirajuridica\/","article_published_time":"2024-10-09T17:04:26+00:00","article_modified_time":"2024-10-09T17:04:32+00:00","og_image":[{"width":2560,"height":1707,"url":"https:\/\/cj.estrategia.com\/portal\/wp-content\/uploads\/2024\/10\/09135357\/processo-judicial-julgamento-ministro-justica-scaled.jpg","type":"image\/jpeg"}],"author":"Guilherme Rezende","twitter_card":"summary_large_image","twitter_creator":"@EstratJuridica","twitter_site":"@EstratJuridica","twitter_misc":{"Escrito por":"Guilherme Rezende","Est. tempo de leitura":"5 minutos"},"schema":{"@context":"https:\/\/schema.org","@graph":[{"@type":"NewsArticle","@id":"https:\/\/cj.estrategia.com\/portal\/monark-condenado-ofensas-flavio-dino\/#article","isPartOf":{"@id":"https:\/\/cj.estrategia.com\/portal\/monark-condenado-ofensas-flavio-dino\/"},"author":{"name":"Guilherme Rezende","@id":"https:\/\/cj.estrategia.com\/portal\/#\/schema\/person\/b8eb01d117c3441103d953565489f91a"},"headline":"Monark \u00e9 condenado por ofensas contra Fl\u00e1vio Dino e recebe pena de deten\u00e7\u00e3o! Entenda o caso!\u00a0\u00a0","datePublished":"2024-10-09T17:04:26+00:00","dateModified":"2024-10-09T17:04:32+00:00","mainEntityOfPage":{"@id":"https:\/\/cj.estrategia.com\/portal\/monark-condenado-ofensas-flavio-dino\/"},"wordCount":919,"commentCount":0,"publisher":{"@id":"https:\/\/cj.estrategia.com\/portal\/#organization"},"image":{"@id":"https:\/\/cj.estrategia.com\/portal\/monark-condenado-ofensas-flavio-dino\/#primaryimage"},"thumbnailUrl":"https:\/\/cj.estrategia.com\/portal\/wp-content\/uploads\/2024\/10\/09135357\/processo-judicial-julgamento-ministro-justica-scaled.jpg","keywords":["Bruno Aiub","cal\u00fania","c\u00f3digo penal","continuidade delitiva","danos morais","Fl\u00e1vio Dino","inj\u00faria","liberdade de express\u00e3o","Monark"],"articleSection":["Carreiras Jur\u00eddicas"],"inLanguage":"pt-BR","potentialAction":[{"@type":"CommentAction","name":"Comment","target":["https:\/\/cj.estrategia.com\/portal\/monark-condenado-ofensas-flavio-dino\/#respond"]}]},{"@type":"WebPage","@id":"https:\/\/cj.estrategia.com\/portal\/monark-condenado-ofensas-flavio-dino\/","url":"https:\/\/cj.estrategia.com\/portal\/monark-condenado-ofensas-flavio-dino\/","name":"Ofensas contra Ministro leva \u00e0 condena\u00e7\u00e3o de r\u00e9u por inj\u00faria","isPartOf":{"@id":"https:\/\/cj.estrategia.com\/portal\/#website"},"primaryImageOfPage":{"@id":"https:\/\/cj.estrategia.com\/portal\/monark-condenado-ofensas-flavio-dino\/#primaryimage"},"image":{"@id":"https:\/\/cj.estrategia.com\/portal\/monark-condenado-ofensas-flavio-dino\/#primaryimage"},"thumbnailUrl":"https:\/\/cj.estrategia.com\/portal\/wp-content\/uploads\/2024\/10\/09135357\/processo-judicial-julgamento-ministro-justica-scaled.jpg","datePublished":"2024-10-09T17:04:26+00:00","dateModified":"2024-10-09T17:04:32+00:00","description":"A justi\u00e7a condenou o r\u00e9u Bruno Aiub (Monark) a uma pena de deten\u00e7\u00e3o em regime inicial semiaberto por ofensas ao Ministro Fl\u00e1vio Dino.","breadcrumb":{"@id":"https:\/\/cj.estrategia.com\/portal\/monark-condenado-ofensas-flavio-dino\/#breadcrumb"},"inLanguage":"pt-BR","potentialAction":[{"@type":"ReadAction","target":["https:\/\/cj.estrategia.com\/portal\/monark-condenado-ofensas-flavio-dino\/"]}]},{"@type":"ImageObject","inLanguage":"pt-BR","@id":"https:\/\/cj.estrategia.com\/portal\/monark-condenado-ofensas-flavio-dino\/#primaryimage","url":"https:\/\/cj.estrategia.com\/portal\/wp-content\/uploads\/2024\/10\/09135357\/processo-judicial-julgamento-ministro-justica-scaled.jpg","contentUrl":"https:\/\/cj.estrategia.com\/portal\/wp-content\/uploads\/2024\/10\/09135357\/processo-judicial-julgamento-ministro-justica-scaled.jpg","width":2560,"height":1707},{"@type":"BreadcrumbList","@id":"https:\/\/cj.estrategia.com\/portal\/monark-condenado-ofensas-flavio-dino\/#breadcrumb","itemListElement":[{"@type":"ListItem","position":1,"name":"In\u00edcio","item":"https:\/\/cj.estrategia.com\/portal\/"},{"@type":"ListItem","position":2,"name":"Monark \u00e9 condenado por ofensas contra Fl\u00e1vio Dino e recebe pena de deten\u00e7\u00e3o! Entenda o caso!\u00a0\u00a0"}]},{"@type":"WebSite","@id":"https:\/\/cj.estrategia.com\/portal\/#website","url":"https:\/\/cj.estrategia.com\/portal\/","name":"Blog - Carreiras Jur\u00eddicas - Estrat\u00e9gia","description":"","publisher":{"@id":"https:\/\/cj.estrategia.com\/portal\/#organization"},"potentialAction":[{"@type":"SearchAction","target":{"@type":"EntryPoint","urlTemplate":"https:\/\/cj.estrategia.com\/portal\/?s={search_term_string}"},"query-input":{"@type":"PropertyValueSpecification","valueRequired":true,"valueName":"search_term_string"}}],"inLanguage":"pt-BR"},{"@type":"Organization","@id":"https:\/\/cj.estrategia.com\/portal\/#organization","name":"Estrat\u00e9gia - Carreiras Jur\u00eddicas","url":"https:\/\/cj.estrategia.com\/portal\/","logo":{"@type":"ImageObject","inLanguage":"pt-BR","@id":"https:\/\/cj.estrategia.com\/portal\/#\/schema\/logo\/image\/","url":"https:\/\/cj.estrategia.com\/portal\/wp-content\/uploads\/2022\/03\/11151052\/cj-logo.png","contentUrl":"https:\/\/cj.estrategia.com\/portal\/wp-content\/uploads\/2022\/03\/11151052\/cj-logo.png","width":150,"height":39,"caption":"Estrat\u00e9gia - Carreiras Jur\u00eddicas"},"image":{"@id":"https:\/\/cj.estrategia.com\/portal\/#\/schema\/logo\/image\/"},"sameAs":["https:\/\/www.facebook.com\/estrategiacarreirajuridica\/","https:\/\/x.com\/EstratJuridica","https:\/\/www.instagram.com\/estrategiacarreirajuridica\/","https:\/\/www.youtube.com\/channel\/UClbMGuYbj2Mh1m3w144ETWQ"]},{"@type":"Person","@id":"https:\/\/cj.estrategia.com\/portal\/#\/schema\/person\/b8eb01d117c3441103d953565489f91a","name":"Guilherme Rezende","image":{"@type":"ImageObject","inLanguage":"pt-BR","@id":"https:\/\/cj.estrategia.com\/portal\/wp-content\/uploads\/2024\/02\/22174655\/professor-guilherme-resende-estrategia-concursos-ecj-96x96.jpeg","url":"https:\/\/cj.estrategia.com\/portal\/wp-content\/uploads\/2024\/02\/22174655\/professor-guilherme-resende-estrategia-concursos-ecj-96x96.jpeg","contentUrl":"https:\/\/cj.estrategia.com\/portal\/wp-content\/uploads\/2024\/02\/22174655\/professor-guilherme-resende-estrategia-concursos-ecj-96x96.jpeg","caption":"Guilherme Rezende"},"description":"Professor Guilherme Rezende \u00e9 promotor de justi\u00e7a no Paran\u00e1, com uma carreira s\u00f3lida e impactante no campo jur\u00eddico. Al\u00e9m de sua atua\u00e7\u00e3o como promotor, ele possui mestrado em Direito e acumula experi\u00eancia como Ex-Procurador da Fazenda Nacional, Ex-Defensor P\u00fablico da Uni\u00e3o e Ex-Oficial de Apoio Judicial no TJMG. Destaca-se tamb\u00e9m por ter sido aprovado nos concursos de analista do TRF-1 e do MPU, consolidando sua compet\u00eancia e dedica\u00e7\u00e3o no universo jur\u00eddico.","url":"https:\/\/cj.estrategia.com\/portal\/author\/guilherme-rezende\/"}]}},"jetpack_featured_media_url":"https:\/\/cj.estrategia.com\/portal\/wp-content\/uploads\/2024\/10\/09135357\/processo-judicial-julgamento-ministro-justica-scaled.jpg","jetpack_sharing_enabled":true,"_links":{"self":[{"href":"https:\/\/cj.estrategia.com\/portal\/wp-json\/wp\/v2\/posts\/79039","targetHints":{"allow":["GET"]}}],"collection":[{"href":"https:\/\/cj.estrategia.com\/portal\/wp-json\/wp\/v2\/posts"}],"about":[{"href":"https:\/\/cj.estrategia.com\/portal\/wp-json\/wp\/v2\/types\/post"}],"author":[{"embeddable":true,"href":"https:\/\/cj.estrategia.com\/portal\/wp-json\/wp\/v2\/users\/63"}],"replies":[{"embeddable":true,"href":"https:\/\/cj.estrategia.com\/portal\/wp-json\/wp\/v2\/comments?post=79039"}],"version-history":[{"count":0,"href":"https:\/\/cj.estrategia.com\/portal\/wp-json\/wp\/v2\/posts\/79039\/revisions"}],"wp:featuredmedia":[{"embeddable":true,"href":"https:\/\/cj.estrategia.com\/portal\/wp-json\/wp\/v2\/media\/79051"}],"wp:attachment":[{"href":"https:\/\/cj.estrategia.com\/portal\/wp-json\/wp\/v2\/media?parent=79039"}],"wp:term":[{"taxonomy":"category","embeddable":true,"href":"https:\/\/cj.estrategia.com\/portal\/wp-json\/wp\/v2\/categories?post=79039"},{"taxonomy":"post_tag","embeddable":true,"href":"https:\/\/cj.estrategia.com\/portal\/wp-json\/wp\/v2\/tags?post=79039"},{"taxonomy":"tax_estado","embeddable":true,"href":"https:\/\/cj.estrategia.com\/portal\/wp-json\/wp\/v2\/tax_estado?post=79039"}],"curies":[{"name":"wp","href":"https:\/\/api.w.org\/{rel}","templated":true}]}}