{"id":78741,"date":"2024-10-07T17:47:03","date_gmt":"2024-10-07T20:47:03","guid":{"rendered":"https:\/\/cj.estrategia.com\/portal\/?p=78741"},"modified":"2024-10-21T18:29:16","modified_gmt":"2024-10-21T21:29:16","slug":"mp-1262-2024","status":"publish","type":"post","link":"https:\/\/cj.estrategia.com\/portal\/mp-1262-2024\/","title":{"rendered":"MP 1262-2024: Uma an\u00e1lise da nova tributa\u00e7\u00e3o de multinacionais no Brasil"},"content":{"rendered":"\n<p>As grandes multinacionais se surpreenderam desde a \u00faltima quinta-feira. O motivo? Isto porque, estamos falando da MP 1262\/2024, que promete sacudir o mercado com uma novidade e tanto: o Adicional da Contribui\u00e7\u00e3o Social sobre o Lucro L\u00edquido (CSLL) de 15%.<\/p>\n\n\n\n<p>Numa compara\u00e7\u00e3o simples, a CSLL recai sobre o \u201clucro\u201d das empresas, \u00e9 como se fosse o IRPF que recai sobre o \u201clucro\u201d das pessoas f\u00edsicas.<\/p>\n\n\n\n<p>Mas calma l\u00e1!&nbsp;<\/p>\n\n\n\n<p>Antes que voc\u00ea imagine que essa MP caiu do c\u00e9u, \u00e9 bom saber que ela faz parte de um movimento global.&nbsp;<\/p>\n\n\n\n<p>O Brasil est\u00e1 apenas seguindo a onda das chamadas Regras GloBE (Global Anti-Base Erosion Rules), um esfor\u00e7o conjunto da OCDE e do G20 para colocar um freio nas manobras fiscais das grandes corpora\u00e7\u00f5es.<\/p>\n\n\n\n<figure class=\"wp-block-image size-large\"><img decoding=\"async\" width=\"1024\" height=\"574\" src=\"https:\/\/cj.estrategia.com\/portal\/wp-content\/uploads\/2024\/10\/07152516\/tributacao-1024x574.png\" alt=\"MP 1.262\/2024\" class=\"wp-image-78751\" srcset=\"https:\/\/cj.estrategia.com\/portal\/wp-content\/uploads\/2024\/10\/07152516\/tributacao-1024x574.png 1024w, https:\/\/cj.estrategia.com\/portal\/wp-content\/uploads\/2024\/10\/07152516\/tributacao-300x168.png 300w, https:\/\/cj.estrategia.com\/portal\/wp-content\/uploads\/2024\/10\/07152516\/tributacao-768x431.png 768w, https:\/\/cj.estrategia.com\/portal\/wp-content\/uploads\/2024\/10\/07152516\/tributacao-380x213.png 380w, https:\/\/cj.estrategia.com\/portal\/wp-content\/uploads\/2024\/10\/07152516\/tributacao-800x449.png 800w, https:\/\/cj.estrategia.com\/portal\/wp-content\/uploads\/2024\/10\/07152516\/tributacao-1160x651.png 1160w, https:\/\/cj.estrategia.com\/portal\/wp-content\/uploads\/2024\/10\/07152516\/tributacao-150x84.png 150w, https:\/\/cj.estrategia.com\/portal\/wp-content\/uploads\/2024\/10\/07152516\/tributacao.png 1207w\" sizes=\"(max-width: 1024px) 100vw, 1024px\" \/><\/figure>\n\n\n\n<h2 class=\"wp-block-heading\" id=\"h-as-regras-globe\" style=\"font-style:normal;font-weight:400\"><span id=\"as-regras-globe\"><strong>As Regras GloBE<\/strong><\/span><\/h2>\n\n\n\n<p>Primeiramente, \u00e9 crucial compreender o contexto internacional que motivou essa altera\u00e7\u00e3o legislativa.&nbsp;<\/p>\n\n\n\n<p>A MP 1262\/2024 visa adaptar a legisla\u00e7\u00e3o brasileira \u00e0s Regras Globais Contra a Eros\u00e3o da Base Tribut\u00e1ria, conhecidas como Regras GloBE (Global Anti-Base Erosion Rules).<\/p>\n\n\n\n<p>As Regras GloBE constituem o <strong>segundo pilar do projeto BEPS<\/strong> (Base Erosion and Profit Shifting) da Organiza\u00e7\u00e3o para a Coopera\u00e7\u00e3o e Desenvolvimento Econ\u00f4mico (OCDE) e do G20.&nbsp;<\/p>\n\n\n\n<p>Esse conjunto de normas tem como escopo combater estrat\u00e9gias de planejamento tribut\u00e1rio agressivo utilizadas por grupos empresariais <strong>multinacionais para transferir artificialmente seus lucros para jurisdi\u00e7\u00f5es com baixa ou nenhuma tributa\u00e7\u00e3o.<\/strong><\/p>\n\n\n\n<div class=\"wp-block-group is-style-cnvs-block-bordered\"><div class=\"wp-block-group__inner-container is-layout-constrained wp-block-group-is-layout-constrained\">\n<p>Um caso not\u00f3rio de planejamento tribut\u00e1rio agressivo envolveu a Apple Inc. Em 2016, a Comiss\u00e3o Europeia ordenou que a Irlanda cobrasse 13 bilh\u00f5es de euros em impostos retroativos da Apple, alegando que o pa\u00eds havia concedido vantagens fiscais ilegais \u00e0 empresa.<\/p>\n\n\n\n<p>A Apple supostamente utilizou uma estrutura corporativa complexa na Irlanda para reduzir significativamente sua carga tribut\u00e1ria na Europa. A empresa teria canalizado a maior parte de seus lucros europeus para uma &#8220;sede&#8221; irlandesa que existia apenas no papel e n\u00e3o estava sujeita a impostos em nenhum pa\u00eds.<\/p>\n\n\n\n<p><strong>Fonte:<\/strong> <a href=\"https:\/\/www.internationaltaxreview.com\/article\/2dqtbmnpmcc85stosqz28\/direct-tax\/apple-ordered-to-pay-ireland-13bn-in-unpaid-taxes\">&#8220;Apple ordered to pay up to \u20ac13bn after EU rules Ireland broke state aid laws&#8221; &#8211; The Guardian, 30 de agosto de 2016.<\/a><\/p>\n<\/div><\/div>\n\n\n\n<p>Um outro exemplo, simples, e comum \u00e9 que as empresas multinacionais geralmente \u201cescondem seus lucros\u201d de maneira muito f\u00e1cil.<\/p>\n\n\n\n<h5 class=\"wp-block-heading\" id=\"h-por-exemplo\"><span id=\"por-exemplo\">Por exemplo:<\/span><\/h5>\n\n\n\n<div class=\"wp-block-group is-style-cnvs-block-bordered has-background\" style=\"background-color:#ffc363\"><div class=\"wp-block-group__inner-container is-layout-constrained wp-block-group-is-layout-constrained\">\n<p>Suponha hipoteticamente que a Starbucks tenha opera\u00e7\u00e3o no Brasil, e ela adquire produtos importados que seja de sua pr\u00f3pria matriz, ela pode, por exemplo, aumentar o valor do produto (artificialmente) para diminuir \u201cilicitamente\u201d o seu lucro e consequentemente pagar menos imposto sobre o lucro. \u00c9 um dos fatores porque existe o que chamamos de \u201cpre\u00e7o de transfer\u00eancia\u201d tamb\u00e9m no Direito Tribut\u00e1rio Internacional.<\/p>\n<\/div><\/div>\n\n\n\n<p>Assim, o cerne das Regras GloBE \u00e9 a implementa\u00e7\u00e3o de uma al\u00edquota m\u00ednima global de 15% sobre os lucros das grandes corpora\u00e7\u00f5es multinacionais em cada jurisdi\u00e7\u00e3o onde operam. Em suma, isso visa garantir que essas entidades contribuam de forma justa para os sistemas tribut\u00e1rios dos pa\u00edses onde geram valor econ\u00f4mico.<\/p>\n\n\n\n<p>Por outro lado, um detalhe importante notar que essas regras se aplicam <strong>especificamente a grupos multinacionais com receitas anuais consolidadas de 750 milh\u00f5es de euros ou mais<\/strong>. Perceba, este limiar foi estabelecido para focar nas maiores corpora\u00e7\u00f5es globais, que t\u00eam maior capacidade de engajar-se em pr\u00e1ticas de eros\u00e3o da base tribut\u00e1ria.<\/p>\n\n\n\n<h2 class=\"wp-block-heading\" id=\"h-detalhes-da-mp-1262-2024\" style=\"font-style:normal;font-weight:400\"><span id=\"detalhes-da-mp-1262-2024\"><strong>Detalhes da MP 1262\/2024<\/strong><\/span><\/h2>\n\n\n\n<p>O artigo 4\u00ba da MP delimita o escopo de aplica\u00e7\u00e3o do novo Adicional da CSLL, como abordamos, a norma incidir\u00e1 sobre Entidades Constituintes de Grupos de Empresas Multinacionais <strong>que auferirem receitas anuais iguais ou superiores a 750 milh\u00f5es de euros<\/strong>, considerando as Demonstra\u00e7\u00f5es Financeiras Consolidadas da Entidade Investidora Final, <strong>em pelo menos dois dos quatro anos fiscais imediatamente anteriores ao analisado<\/strong>.<\/p>\n\n\n\n<p>No fundo, o que temos \u00e9 uma \u201cal\u00edquota efetiva m\u00ednima\u201d, ou seja, o artigo 2\u00ba, par\u00e1grafo \u00fanico, estabelece uma tributa\u00e7\u00e3o m\u00ednima efetiva de 15% sobre o lucro das entidades abrangidas. Por exemplo, caso a al\u00edquota efetiva de tributa\u00e7\u00e3o de uma entidade seja inferior a esse patamar, ser\u00e1 devido o Adicional da CSLL para alcan\u00e7ar o m\u00ednimo estabelecido.<\/p>\n\n\n\n<div class=\"wp-block-media-text\" style=\"grid-template-columns:28% auto\"><figure class=\"wp-block-media-text__media\"><img decoding=\"async\" width=\"1024\" height=\"1024\" src=\"https:\/\/cj.estrategia.com\/portal\/wp-content\/uploads\/2024\/10\/07155656\/Design-sem-nome-3-1024x1024.png\" alt=\"\" class=\"wp-image-78763 size-full\" srcset=\"https:\/\/cj.estrategia.com\/portal\/wp-content\/uploads\/2024\/10\/07155656\/Design-sem-nome-3-1024x1024.png 1024w, https:\/\/cj.estrategia.com\/portal\/wp-content\/uploads\/2024\/10\/07155656\/Design-sem-nome-3-300x300.png 300w, https:\/\/cj.estrategia.com\/portal\/wp-content\/uploads\/2024\/10\/07155656\/Design-sem-nome-3-150x150.png 150w, https:\/\/cj.estrategia.com\/portal\/wp-content\/uploads\/2024\/10\/07155656\/Design-sem-nome-3-768x768.png 768w, https:\/\/cj.estrategia.com\/portal\/wp-content\/uploads\/2024\/10\/07155656\/Design-sem-nome-3-80x80.png 80w, https:\/\/cj.estrategia.com\/portal\/wp-content\/uploads\/2024\/10\/07155656\/Design-sem-nome-3-380x380.png 380w, https:\/\/cj.estrategia.com\/portal\/wp-content\/uploads\/2024\/10\/07155656\/Design-sem-nome-3-800x800.png 800w, https:\/\/cj.estrategia.com\/portal\/wp-content\/uploads\/2024\/10\/07155656\/Design-sem-nome-3-24x24.png 24w, https:\/\/cj.estrategia.com\/portal\/wp-content\/uploads\/2024\/10\/07155656\/Design-sem-nome-3-48x48.png 48w, https:\/\/cj.estrategia.com\/portal\/wp-content\/uploads\/2024\/10\/07155656\/Design-sem-nome-3-96x96.png 96w, https:\/\/cj.estrategia.com\/portal\/wp-content\/uploads\/2024\/10\/07155656\/Design-sem-nome-3.png 1080w\" sizes=\"(max-width: 1024px) 100vw, 1024px\" \/><\/figure><div class=\"wp-block-media-text__content\">\n<p class=\"has-medium-font-size\"><strong>Aprofundamento<\/strong><\/p>\n<\/div><\/div>\n\n\n\n<p>\u00c9 interessante que a MP introduz uma s\u00e9rie de conceitos jur\u00eddico-tribut\u00e1rios que s\u00e3o complexos, por\u00e9m fundamentais para a compreens\u00e3o e aplica\u00e7\u00e3o da nova sistem\u00e1tica:<\/p>\n\n\n\n<ol class=\"is-style-cnvs-list-styled-negative wp-block-list\">\n<li><strong>\u201cTributos abrangidos ajustados\u201d (art. 12):<\/strong> a MP define que isso engloba a despesa tribut\u00e1ria corrente relativa a tributos sobre a renda;.<\/li>\n\n\n\n<li><strong>\u201cExclus\u00e3o do lucro baseada na subst\u00e2ncia\u201d (arts. 21 a 26):<\/strong> trata-se de um mecanismo que permite deduzir do Lucro L\u00edquido GloBE um percentual relacionado \u00e0 folha de pagamento e aos ativos tang\u00edveis da entidade. Isto \u00e9, trata alguns aspectos operacionais que podem ser dedutidos, importante no planejamento das empresas.<\/li>\n<\/ol>\n\n\n\n<h5 class=\"wp-block-heading has-background\" id=\"h-ha-necessidade-de-observancia-do-principio-da-anterioridade\" style=\"background-color:#ffc363;font-style:normal;font-weight:400\"><span id=\"ha-necessidade-de-observancia-do-principio-da-anterioridade\">H\u00e1 necessidade de observ\u00e2ncia do princ\u00edpio da anterioridade?<\/span><\/h5>\n\n\n\n<ul class=\"is-style-cnvs-list-styled-positive wp-block-list\">\n<li style=\"font-size:23px\"><strong>Sim<\/strong>!<\/li>\n<\/ul>\n\n\n\n<p>Lembremos, o princ\u00edpio da anterioridade, previsto no artigo 150, III, &#8220;b&#8221; da Constitui\u00e7\u00e3o Federal, estabelece que \u00e9 vedado cobrar tributos &#8220;no mesmo exerc\u00edcio financeiro em que haja sido publicada a lei que os instituiu ou aumentou&#8221;.<\/p>\n\n\n\n<p>No entanto, a CSLL est\u00e1 sujeita, ainda, a uma regra especial.&nbsp;<\/p>\n\n\n\n<p>O artigo 195, \u00a76\u00ba da Constitui\u00e7\u00e3o Federal determina que as contribui\u00e7\u00f5es sociais s\u00f3 poder\u00e3o ser exigidas ap\u00f3s decorridos 90 dias da data da publica\u00e7\u00e3o da lei que as houver institu\u00eddo ou modificado. Esta \u00e9 a chamada anterioridade nonagesimal ou noventena.<\/p>\n\n\n\n<pre class=\"wp-block-preformatted\">\"Esta Medida Provis\u00f3ria entra em vigor na data de sua publica\u00e7\u00e3o e produz efeitos: I - a partir de sua publica\u00e7\u00e3o, quanto aos art. 37 e art. 39; e II - a partir de 1\u00ba de janeiro de 2025, quanto aos demais dispositivos.\"<\/pre>\n\n\n\n<p>Nesse sentido, a MP respeita o princ\u00edpio da anterioridade do exerc\u00edcio financeiro, pois seus efeitos principais (o Adicional da CSLL) s\u00f3 come\u00e7ar\u00e3o a partir de 1\u00ba de janeiro de 2025, ou seja, no exerc\u00edcio financeiro seguinte ao de sua publica\u00e7\u00e3o.<\/p>\n\n\n\n<p>Al\u00e9m disso, quanto \u00e0 anterioridade nonagesimal, tamb\u00e9m h\u00e1 observ\u00e2ncia, pois entre a data de publica\u00e7\u00e3o (3 de outubro de 2024) e a data de in\u00edcio dos efeitos (1\u00ba de janeiro de 2025) transcorrem mais de 90 dias.<\/p>\n\n\n\n<p>Ademais, vale frisar que o Supremo Tribunal Federal j\u00e1 se manifestou sobre a aplica\u00e7\u00e3o da anterioridade \u00e0 CSLL. No RE 587.008\/SP, com repercuss\u00e3o geral reconhecida, o STF decidiu que altera\u00e7\u00f5es na base de c\u00e1lculo da CSLL est\u00e3o sujeitas \u00e0 anterioridade nonagesimal.<\/p>\n\n\n\n<h3 class=\"wp-block-heading\" id=\"h-argumentos-a-favor-e-contra-a-mp-1262-2024\" style=\"font-style:normal;font-weight:400\"><span id=\"argumentos-a-favor-e-contra-a-mp-1262-2024\"><strong>Argumentos a favor e contra a MP 1262\/2024<\/strong><\/span><\/h3>\n\n\n\n<p>E quais s\u00e3o os argumentos a favor e contra a MP 1262\/2024?<\/p>\n\n\n\n<figure class=\"wp-block-table\"><table><tbody><tr><td><strong>A favor<\/strong><\/td><td><strong>Contra<\/strong><\/td><\/tr><tr><td>Alinhamento com padr\u00f5es internacionais de tributa\u00e7\u00e3o<\/td><td>Poss\u00edvel redu\u00e7\u00e3o da competitividade das empresas brasileiras<\/td><\/tr><tr><td>Combate \u00e0 eros\u00e3o da base tribut\u00e1ria e evas\u00e3o fiscal<\/td><td>Aumento da complexidade do sistema tribut\u00e1rio<\/td><\/tr><tr><td>Potencial aumento da arrecada\u00e7\u00e3o<\/td><td>Risco de desest\u00edmulo a investimentos estrangeiros<\/td><\/tr><tr><td>Promo\u00e7\u00e3o de maior equidade tribut\u00e1ria entre empresas nacionais e multinacionais<\/td><td>Poss\u00edvel repasse dos custos adicionais aos consumidores<\/td><\/tr><tr><td>Incentivo \u00e0 transpar\u00eancia fiscal<\/td><td>Dificuldades operacionais para implementa\u00e7\u00e3o e fiscaliza\u00e7\u00e3o<\/td><\/tr><\/tbody><\/table><\/figure>\n\n\n\n<p><strong>Processo legislativo da Medida Provis\u00f3ria<\/strong><\/p>\n\n\n\n<p>\u00c9 importante salientar que a MP 1262\/2024, como todas as Medidas Provis\u00f3rias, possui for\u00e7a de lei desde sua publica\u00e7\u00e3o. Contudo, para que se converta definitivamente em lei ordin\u00e1ria, \u00e9 necess\u00e1rio que seja aprovada pelo Congresso Nacional no prazo de 60 dias, prorrog\u00e1veis por igual per\u00edodo.<\/p>\n\n\n\n<p>Assim, durante sua tramita\u00e7\u00e3o no Poder Legislativo, a MP pode sofrer altera\u00e7\u00f5es por meio de emendas parlamentares. Dessa forma, caso n\u00e3o seja aprovada no prazo constitucional, perder\u00e1 sua efic\u00e1cia desde a edi\u00e7\u00e3o, cabendo ao Congresso Nacional disciplinar, por decreto legislativo, as rela\u00e7\u00f5es jur\u00eddicas dela decorrentes.<\/p>\n\n\n\n<h3 class=\"wp-block-heading\" id=\"h-quais-empresas-poderiam-ser-afetadas\" style=\"font-style:normal;font-weight:400\"><span id=\"quais-empresas-poderiam-ser-afetadas\"><strong>Quais empresas poderiam ser afetadas?<\/strong><\/span><\/h3>\n\n\n\n<p>Como dissemos, a Medida Provis\u00f3ria 1262\/2024 afetar\u00e1 principalmente grandes grupos empresariais multinacionais. Isto porque, especificamente, o artigo 4\u00ba da MP estabelece que as novas regras se aplicam a:<\/p>\n\n\n\n<pre class=\"wp-block-verse\"><em>\"Entidades Constituintes de um Grupo de Empresas Multinacional que tiver auferido receitas anuais de 750.000.000,00 \u20ac (setecentos e cinquenta milh\u00f5es de euros) ou mais nas Demonstra\u00e7\u00f5es Financeiras Consolidadas da Entidade Investidora Final em pelo menos dois dos quatro anos fiscais imediatamente anteriores ao analisado.\"<\/em><\/pre>\n\n\n\n<p>Baseado nesse crit\u00e9rio, podemos listar algumas empresas que potencialmente seriam afetadas, conforme o site InfoMoney:<\/p>\n\n\n\n<ol class=\"wp-block-list\">\n<li>Vale S.A.: Receita de US$ 55,9 bilh\u00f5es em 2022. Fonte: Relat\u00f3rio de Desempenho da Vale 4T22, p\u00e1gina 3. <a href=\"http:\/\/www.vale.com\/PT\/investors\/information-market\/quarterly-results\/ResultadosTrimestrais\/VALE%20Relatorio%20de%20Desempenho%204T22_p.pdf\">http:\/\/www.vale.com\/PT\/investors\/information-market\/quarterly-results\/ResultadosTrimestrais\/VALE%20Relatorio%20de%20Desempenho%204T22_p.pdf<\/a><\/li>\n\n\n\n<li>Petrobras: Receita de vendas de R$ 640,8 bilh\u00f5es em 2022. Fonte: Relat\u00f3rio Anual 2022 da Petrobras, p\u00e1gina 12. <a href=\"https:\/\/api.mziq.com\/mzfilemanager\/v2\/d\/25fdf098-34f5-4608-b7fa-17d60b2de47d\/80437489-53e0-c04e-58e0-4ff2d9aa8d8e?origin=1\">https:\/\/api.mziq.com\/mzfilemanager\/v2\/d\/25fdf098-34f5-4608-b7fa-17d60b2de47d\/80437489-53e0-c04e-58e0-4ff2d9aa8d8e?origin=1<\/a><\/li>\n\n\n\n<li>JBS S.A.: Receita l\u00edquida de R$ 374,1 bilh\u00f5es em 2022. Fonte: Relat\u00f3rio Anual e de Sustentabilidade JBS 2022, p\u00e1gina 25. <a href=\"https:\/\/jbs.com.br\/\/wp-content\/uploads\/2023\/04\/JBS_RAS_2022_PT.pdf\">https:\/\/jbs.com.br\/\/wp-content\/uploads\/2023\/04\/JBS_RAS_2022_PT.pdf<\/a><\/li>\n\n\n\n<li>Ambev: Receita l\u00edquida de R$ 79,3 bilh\u00f5es em 2022. Fonte: Demonstra\u00e7\u00f5es Financeiras 2022 da Ambev, p\u00e1gina 2. <a href=\"https:\/\/api.mziq.com\/mzfilemanager\/v2\/d\/623aaf38-69c6-471e-9e2a-41c2684b6591\/90a8d9b7-2068-e9ab-c038-b608e4cc8bc8?origin=1\">https:\/\/api.mziq.com\/mzfilemanager\/v2\/d\/623aaf38-69c6-471e-9e2a-41c2684b6591\/90a8d9b7-2068-e9ab-c038-b608e4cc8bc8?origin=1<\/a><\/li>\n\n\n\n<li>Ita\u00fa Unibanco: Receita total de R$ 249,9 bilh\u00f5es em 2022. Fonte: Demonstra\u00e7\u00f5es Cont\u00e1beis Completas 2022 do Ita\u00fa Unibanco, p\u00e1gina 3. <a href=\"https:\/\/www.itau.com.br\/relacoes-com-investidores\/Download.aspx?Arquivo=vD1iLtn0CxDe2q+0zLCYcQ==&amp;linguagem=pt\">https:\/\/www.itau.com.br\/relacoes-com-investidores\/Download.aspx?Arquivo=vD1iLtn0CxDe2q+0zLCYcQ==&amp;linguagem=pt<\/a><\/li>\n\n\n\n<li>Volkswagen do Brasil: A empresa n\u00e3o divulga separadamente o faturamento da opera\u00e7\u00e3o brasileira, mas o Grupo Volkswagen teve receita global de \u20ac279,2 bilh\u00f5es em 2022. Fonte: Relat\u00f3rio Anual 2022 do Grupo Volkswagen, p\u00e1gina 7. <a href=\"https:\/\/www.volkswagenag.com\/presence\/investorrelation\/publications\/annual-reports\/2023\/volkswagen\/Y_2022_e.pdf\">https:\/\/www.volkswagenag.com\/presence\/investorrelation\/publications\/annual-reports\/2023\/volkswagen\/Y_2022_e.pdf<\/a><\/li>\n\n\n\n<li>Nestl\u00e9 Brasil: A empresa n\u00e3o divulga separadamente o faturamento da opera\u00e7\u00e3o brasileira, mas o Grupo Nestl\u00e9 teve vendas globais de CHF 94,4 bilh\u00f5es em 2022. Fonte: Relat\u00f3rio Anual 2022 da Nestl\u00e9, p\u00e1gina 50. <a href=\"https:\/\/www.nestle.com\/sites\/default\/files\/2023-03\/2022-annual-review-en.pdf\">https:\/\/www.nestle.com\/sites\/default\/files\/2023-03\/2022-annual-review-en.pdf<\/a><\/li>\n\n\n\n<li>Google Brasil<\/li>\n\n\n\n<li>Facebook (Meta) Brasil<\/li>\n\n\n\n<li>Amazon Brasil<\/li>\n\n\n\n<li>Apple Brasil<\/li>\n<\/ol>\n\n\n\n<h2 class=\"wp-block-heading\" id=\"h-conclusoes\" style=\"font-style:normal;font-weight:400\"><span id=\"conclusoes\"><strong>Conclus\u00f5es<\/strong><\/span><\/h2>\n\n\n\n<p>De acordo com a OCDE, 36 pa\u00edses j\u00e1 aplicam taxa\u00e7\u00f5es \u2013 como Jap\u00e3o, Canad\u00e1, Reino Unido e Alemanha -, enquanto outras dezenas ainda pretendem ou comentaram sobre a possibilidade \u2013 como Austr\u00e1lia e Estados Unidos \u2013 de ficar&nbsp;em concord\u00e2ncia com as Regras Globais Contra a Eros\u00e3o da Base Tribut\u00e1ria (Regras GloBE) elaboradas pelo Quadro Inclusivo coordenado pela organiza\u00e7\u00e3o e o G20<\/p>\n\n\n\n<p>A eros\u00e3o da base tribut\u00e1ria e a transfer\u00eancia de lucros s\u00e3o fen\u00f4menos que ocorrem quando as multinacionais buscam mecanismos nos diversos pa\u00edses em que est\u00e3o presentes para driblar encargos tribut\u00e1rios, no caso, o Brasil adotar\u00e1 uma al\u00edquota de 15% da CSLL para evitar a evas\u00e3o fiscal.<\/p>\n\n\n\n<p class=\"has-text-align-center is-style-default\" style=\"font-size:24px;font-style:normal;font-weight:400\">Quer saber quais ser\u00e3o os pr\u00f3ximos concursos?<\/p>\n\n\n\n<p class=\"has-text-align-center is-style-default\" style=\"font-size:24px;font-style:normal;font-weight:400\">Quer saber quais ser\u00e3o os pr\u00f3ximos concursos?<\/p>\n\n\n\n<p class=\"has-text-align-center\">Confira nossos&nbsp;<a href=\"https:\/\/cj.estrategia.com\/portal\/\" target=\"_blank\" >artigos para Carreiras Jur\u00eddicas<\/a>!<\/p>\n\n\n\n<p class=\"has-text-align-center has-white-color has-pale-cyan-blue-background-color has-text-color has-background has-link-color wp-elements-1452b92fd003dcb03b27128cfbd399ee\"><a href=\"https:\/\/www.estrategiaconcursos.com.br\/blog\/concursos-abertos\/\" target=\"_blank\" ><strong>Confira os concursos p\u00fablicos abertos<\/strong><\/a><\/p>\n\n\n\n<p class=\"has-text-align-center has-white-color has-pale-cyan-blue-background-color has-text-color has-background has-link-color wp-elements-4342691eed34cfab132bf084a4b5a528\"><a href=\"https:\/\/cj.estrategia.com\/portal\/concursos-2025-carreiras-juridicas\/\" target=\"_blank\" ><strong>Concursos 2025<\/strong><\/a><\/p>\n","protected":false},"excerpt":{"rendered":"As grandes multinacionais se surpreenderam desde a \u00faltima quinta-feira. O motivo? Isto porque, estamos falando da MP 1262\/2024,&hellip;\n","protected":false},"author":93,"featured_media":78751,"comment_status":"open","ping_status":"open","sticky":false,"template":"","format":"standard","meta":{"_jetpack_memberships_contains_paid_content":false,"footnotes":""},"categories":[1],"tags":[336,1125,1126,1100,1123,1124],"tax_estado":[30,31,32,33,34,35,36,37,38,39,40,41,42,43,44,45,46,47,48,49,50,51,52,53,54,55,56,57],"class_list":{"0":"post-78741","1":"post","2":"type-post","3":"status-publish","4":"format-standard","5":"has-post-thumbnail","7":"category-carreiras-juridicas","8":"tag-analise-juridica","9":"tag-contribuicao-social-sobre-o-lucro-liquido","10":"tag-csll","11":"tag-direito-tributario","12":"tag-nova-tributacao","13":"tag-tributos","14":"tax_estado-ac","15":"tax_estado-al","16":"tax_estado-am","17":"tax_estado-ap","18":"tax_estado-ba","19":"tax_estado-ce","20":"tax_estado-concursos-federais","21":"tax_estado-df","22":"tax_estado-es","23":"tax_estado-go","24":"tax_estado-ma","25":"tax_estado-mg","26":"tax_estado-ms","27":"tax_estado-mt","28":"tax_estado-pa","29":"tax_estado-pb","30":"tax_estado-pe","31":"tax_estado-pi","32":"tax_estado-pr","33":"tax_estado-rj","34":"tax_estado-rn","35":"tax_estado-ro","36":"tax_estado-rr","37":"tax_estado-rs","38":"tax_estado-sc","39":"tax_estado-se","40":"tax_estado-sp","41":"tax_estado-to"},"acf":[],"yoast_head":"<!-- This site is optimized with the Yoast SEO Premium plugin v27.4 (Yoast SEO v27.4) - https:\/\/yoast.com\/product\/yoast-seo-premium-wordpress\/ -->\n<title>MP 1262-2024: Nova tributa\u00e7\u00e3o de multinacionais no Brasil<\/title>\n<meta name=\"description\" content=\"MP 1262\/2024 introduz o Adicional da CSLL de 15%, surpreendendo grandes multinacionais ao impactar diretamente o mercado e suas opera\u00e7\u00f5es.\" \/>\n<meta name=\"robots\" content=\"index, follow, max-snippet:-1, max-image-preview:large, max-video-preview:-1\" \/>\n<link rel=\"canonical\" href=\"https:\/\/cj.estrategia.com\/portal\/mp-1262-2024\/\" \/>\n<meta property=\"og:locale\" content=\"pt_BR\" \/>\n<meta property=\"og:type\" content=\"article\" \/>\n<meta property=\"og:title\" content=\"MP 1262-2024: Uma an\u00e1lise da nova tributa\u00e7\u00e3o de multinacionais no Brasil\" \/>\n<meta property=\"og:description\" content=\"MP 1262\/2024 introduz o Adicional da CSLL de 15%, surpreendendo grandes multinacionais ao impactar diretamente o mercado e suas opera\u00e7\u00f5es.\" \/>\n<meta property=\"og:url\" content=\"https:\/\/cj.estrategia.com\/portal\/mp-1262-2024\/\" \/>\n<meta property=\"og:site_name\" content=\"Blog - Carreiras Jur\u00eddicas - Estrat\u00e9gia\" \/>\n<meta property=\"article:publisher\" content=\"https:\/\/www.facebook.com\/estrategiacarreirajuridica\/\" \/>\n<meta property=\"article:published_time\" content=\"2024-10-07T20:47:03+00:00\" \/>\n<meta property=\"article:modified_time\" content=\"2024-10-21T21:29:16+00:00\" \/>\n<meta property=\"og:image\" content=\"https:\/\/cj.estrategia.com\/portal\/wp-content\/uploads\/2024\/10\/07152516\/tributacao.png\" \/>\n\t<meta property=\"og:image:width\" content=\"1207\" \/>\n\t<meta property=\"og:image:height\" content=\"677\" \/>\n\t<meta property=\"og:image:type\" content=\"image\/png\" \/>\n<meta name=\"author\" content=\"Felipe Duque\" \/>\n<meta name=\"twitter:card\" content=\"summary_large_image\" \/>\n<meta name=\"twitter:creator\" content=\"@https:\/\/x.com\/ProfessorDuque\" \/>\n<meta name=\"twitter:site\" content=\"@EstratJuridica\" \/>\n<meta name=\"twitter:label1\" content=\"Escrito por\" \/>\n\t<meta name=\"twitter:data1\" content=\"Felipe Duque\" \/>\n\t<meta name=\"twitter:label2\" content=\"Est. tempo de leitura\" \/>\n\t<meta name=\"twitter:data2\" content=\"9 minutos\" \/>\n<script type=\"application\/ld+json\" class=\"yoast-schema-graph\">{\"@context\":\"https:\\\/\\\/schema.org\",\"@graph\":[{\"@type\":\"NewsArticle\",\"@id\":\"https:\\\/\\\/cj.estrategia.com\\\/portal\\\/mp-1262-2024\\\/#article\",\"isPartOf\":{\"@id\":\"https:\\\/\\\/cj.estrategia.com\\\/portal\\\/mp-1262-2024\\\/\"},\"author\":{\"name\":\"Felipe Duque\",\"@id\":\"https:\\\/\\\/cj.estrategia.com\\\/portal\\\/#\\\/schema\\\/person\\\/b5b0253b269d7130d1f7770b1ba29285\"},\"headline\":\"MP 1262-2024: Uma an\u00e1lise da nova tributa\u00e7\u00e3o de multinacionais no Brasil\",\"datePublished\":\"2024-10-07T20:47:03+00:00\",\"dateModified\":\"2024-10-21T21:29:16+00:00\",\"mainEntityOfPage\":{\"@id\":\"https:\\\/\\\/cj.estrategia.com\\\/portal\\\/mp-1262-2024\\\/\"},\"wordCount\":1726,\"commentCount\":0,\"publisher\":{\"@id\":\"https:\\\/\\\/cj.estrategia.com\\\/portal\\\/#organization\"},\"image\":{\"@id\":\"https:\\\/\\\/cj.estrategia.com\\\/portal\\\/mp-1262-2024\\\/#primaryimage\"},\"thumbnailUrl\":\"https:\\\/\\\/cj.estrategia.com\\\/portal\\\/wp-content\\\/uploads\\\/2024\\\/10\\\/07152516\\\/tributacao.png\",\"keywords\":[\"an\u00e1lise jur\u00eddica\",\"Contribui\u00e7\u00e3o Social sobre o Lucro L\u00edquido\",\"CSLL\",\"direito tribut\u00e1rio\",\"nova tributa\u00e7\u00e3o\",\"tributos\"],\"articleSection\":[\"Carreiras Jur\u00eddicas\"],\"inLanguage\":\"pt-BR\",\"potentialAction\":[{\"@type\":\"CommentAction\",\"name\":\"Comment\",\"target\":[\"https:\\\/\\\/cj.estrategia.com\\\/portal\\\/mp-1262-2024\\\/#respond\"]}]},{\"@type\":\"WebPage\",\"@id\":\"https:\\\/\\\/cj.estrategia.com\\\/portal\\\/mp-1262-2024\\\/\",\"url\":\"https:\\\/\\\/cj.estrategia.com\\\/portal\\\/mp-1262-2024\\\/\",\"name\":\"MP 1262-2024: Nova tributa\u00e7\u00e3o de multinacionais no Brasil\",\"isPartOf\":{\"@id\":\"https:\\\/\\\/cj.estrategia.com\\\/portal\\\/#website\"},\"primaryImageOfPage\":{\"@id\":\"https:\\\/\\\/cj.estrategia.com\\\/portal\\\/mp-1262-2024\\\/#primaryimage\"},\"image\":{\"@id\":\"https:\\\/\\\/cj.estrategia.com\\\/portal\\\/mp-1262-2024\\\/#primaryimage\"},\"thumbnailUrl\":\"https:\\\/\\\/cj.estrategia.com\\\/portal\\\/wp-content\\\/uploads\\\/2024\\\/10\\\/07152516\\\/tributacao.png\",\"datePublished\":\"2024-10-07T20:47:03+00:00\",\"dateModified\":\"2024-10-21T21:29:16+00:00\",\"description\":\"MP 1262\\\/2024 introduz o Adicional da CSLL de 15%, surpreendendo grandes multinacionais ao impactar diretamente o mercado e suas opera\u00e7\u00f5es.\",\"breadcrumb\":{\"@id\":\"https:\\\/\\\/cj.estrategia.com\\\/portal\\\/mp-1262-2024\\\/#breadcrumb\"},\"inLanguage\":\"pt-BR\",\"potentialAction\":[{\"@type\":\"ReadAction\",\"target\":[\"https:\\\/\\\/cj.estrategia.com\\\/portal\\\/mp-1262-2024\\\/\"]}]},{\"@type\":\"ImageObject\",\"inLanguage\":\"pt-BR\",\"@id\":\"https:\\\/\\\/cj.estrategia.com\\\/portal\\\/mp-1262-2024\\\/#primaryimage\",\"url\":\"https:\\\/\\\/cj.estrategia.com\\\/portal\\\/wp-content\\\/uploads\\\/2024\\\/10\\\/07152516\\\/tributacao.png\",\"contentUrl\":\"https:\\\/\\\/cj.estrategia.com\\\/portal\\\/wp-content\\\/uploads\\\/2024\\\/10\\\/07152516\\\/tributacao.png\",\"width\":1207,\"height\":677},{\"@type\":\"BreadcrumbList\",\"@id\":\"https:\\\/\\\/cj.estrategia.com\\\/portal\\\/mp-1262-2024\\\/#breadcrumb\",\"itemListElement\":[{\"@type\":\"ListItem\",\"position\":1,\"name\":\"In\u00edcio\",\"item\":\"https:\\\/\\\/cj.estrategia.com\\\/portal\\\/\"},{\"@type\":\"ListItem\",\"position\":2,\"name\":\"MP 1262-2024: Uma an\u00e1lise da nova tributa\u00e7\u00e3o de multinacionais no Brasil\"}]},{\"@type\":\"WebSite\",\"@id\":\"https:\\\/\\\/cj.estrategia.com\\\/portal\\\/#website\",\"url\":\"https:\\\/\\\/cj.estrategia.com\\\/portal\\\/\",\"name\":\"Blog - Carreiras Jur\u00eddicas - Estrat\u00e9gia\",\"description\":\"\",\"publisher\":{\"@id\":\"https:\\\/\\\/cj.estrategia.com\\\/portal\\\/#organization\"},\"potentialAction\":[{\"@type\":\"SearchAction\",\"target\":{\"@type\":\"EntryPoint\",\"urlTemplate\":\"https:\\\/\\\/cj.estrategia.com\\\/portal\\\/?s={search_term_string}\"},\"query-input\":{\"@type\":\"PropertyValueSpecification\",\"valueRequired\":true,\"valueName\":\"search_term_string\"}}],\"inLanguage\":\"pt-BR\"},{\"@type\":\"Organization\",\"@id\":\"https:\\\/\\\/cj.estrategia.com\\\/portal\\\/#organization\",\"name\":\"Estrat\u00e9gia - Carreiras Jur\u00eddicas\",\"url\":\"https:\\\/\\\/cj.estrategia.com\\\/portal\\\/\",\"logo\":{\"@type\":\"ImageObject\",\"inLanguage\":\"pt-BR\",\"@id\":\"https:\\\/\\\/cj.estrategia.com\\\/portal\\\/#\\\/schema\\\/logo\\\/image\\\/\",\"url\":\"https:\\\/\\\/cj.estrategia.com\\\/portal\\\/wp-content\\\/uploads\\\/2022\\\/03\\\/11151052\\\/cj-logo.png\",\"contentUrl\":\"https:\\\/\\\/cj.estrategia.com\\\/portal\\\/wp-content\\\/uploads\\\/2022\\\/03\\\/11151052\\\/cj-logo.png\",\"width\":150,\"height\":39,\"caption\":\"Estrat\u00e9gia - Carreiras Jur\u00eddicas\"},\"image\":{\"@id\":\"https:\\\/\\\/cj.estrategia.com\\\/portal\\\/#\\\/schema\\\/logo\\\/image\\\/\"},\"sameAs\":[\"https:\\\/\\\/www.facebook.com\\\/estrategiacarreirajuridica\\\/\",\"https:\\\/\\\/x.com\\\/EstratJuridica\",\"https:\\\/\\\/www.instagram.com\\\/estrategiacarreirajuridica\\\/\",\"https:\\\/\\\/www.youtube.com\\\/channel\\\/UClbMGuYbj2Mh1m3w144ETWQ\"]},{\"@type\":\"Person\",\"@id\":\"https:\\\/\\\/cj.estrategia.com\\\/portal\\\/#\\\/schema\\\/person\\\/b5b0253b269d7130d1f7770b1ba29285\",\"name\":\"Felipe Duque\",\"image\":{\"@type\":\"ImageObject\",\"inLanguage\":\"pt-BR\",\"@id\":\"https:\\\/\\\/cj.estrategia.com\\\/portal\\\/wp-content\\\/uploads\\\/2024\\\/08\\\/06162009\\\/Captura-de-Tela-2024-08-06-as-16.19.26-96x96.png\",\"url\":\"https:\\\/\\\/cj.estrategia.com\\\/portal\\\/wp-content\\\/uploads\\\/2024\\\/08\\\/06162009\\\/Captura-de-Tela-2024-08-06-as-16.19.26-96x96.png\",\"contentUrl\":\"https:\\\/\\\/cj.estrategia.com\\\/portal\\\/wp-content\\\/uploads\\\/2024\\\/08\\\/06162009\\\/Captura-de-Tela-2024-08-06-as-16.19.26-96x96.png\",\"caption\":\"Felipe Duque\"},\"description\":\"Felipe Duque - Mestre em Direito Pol\u00edtico e Econ\u00f4mico na Mackenzie-SP. Graduado em Direito pela Universidade Cat\u00f3lica de Pernambuco, com conclus\u00e3o pelo regime de Aproveitamento Extraordin\u00e1rio nos Estudos (art. 47, \u00a7 2\u00ba, da Lei n\u00ba 9.394\\\/96). Ex-Assessor de Desembargador no TJPE. Procurador da Fazenda Nacional. Integra voluntariamente a Coordena\u00e7\u00e3o de Assuntos Estrat\u00e9gicos Judiciais da PGFN. Professor do Estrat\u00e9gia Carreira Jur\u00eddica, Estrat\u00e9gia OAB e Buscador Dizer o Direito. Autor do livro \u201cReforma Tribut\u00e1ria Comentada e Esquematizada\u201d, \\\"Manual de Processo Tribut\u00e1rio: Administrativo e Judicial\\\" pela editora Juspodivm Parecerista na Revista de Estudos Jur\u00eddicos do Superior Tribunal de Justi\u00e7a (REJuriSTJ)\",\"sameAs\":[\"http:\\\/\\\/lattes.cnpq.br\\\/5755137268084324\",\"https:\\\/\\\/www.instagram.com\\\/felipe_duque\\\/\",\"https:\\\/\\\/br.linkedin.com\\\/in\\\/felipe-duque-56954638\",\"https:\\\/\\\/x.com\\\/https:\\\/\\\/x.com\\\/ProfessorDuque\",\"https:\\\/\\\/www.youtube.com\\\/@felipeduque-experienciasco5797\"],\"url\":\"https:\\\/\\\/cj.estrategia.com\\\/portal\\\/author\\\/felipe-duque\\\/\"}]}<\/script>\n<!-- \/ Yoast SEO Premium plugin. -->","yoast_head_json":{"title":"MP 1262-2024: Nova tributa\u00e7\u00e3o de multinacionais no Brasil","description":"MP 1262\/2024 introduz o Adicional da CSLL de 15%, surpreendendo grandes multinacionais ao impactar diretamente o mercado e suas opera\u00e7\u00f5es.","robots":{"index":"index","follow":"follow","max-snippet":"max-snippet:-1","max-image-preview":"max-image-preview:large","max-video-preview":"max-video-preview:-1"},"canonical":"https:\/\/cj.estrategia.com\/portal\/mp-1262-2024\/","og_locale":"pt_BR","og_type":"article","og_title":"MP 1262-2024: Uma an\u00e1lise da nova tributa\u00e7\u00e3o de multinacionais no Brasil","og_description":"MP 1262\/2024 introduz o Adicional da CSLL de 15%, surpreendendo grandes multinacionais ao impactar diretamente o mercado e suas opera\u00e7\u00f5es.","og_url":"https:\/\/cj.estrategia.com\/portal\/mp-1262-2024\/","og_site_name":"Blog - Carreiras Jur\u00eddicas - Estrat\u00e9gia","article_publisher":"https:\/\/www.facebook.com\/estrategiacarreirajuridica\/","article_published_time":"2024-10-07T20:47:03+00:00","article_modified_time":"2024-10-21T21:29:16+00:00","og_image":[{"width":1207,"height":677,"url":"https:\/\/cj.estrategia.com\/portal\/wp-content\/uploads\/2024\/10\/07152516\/tributacao.png","type":"image\/png"}],"author":"Felipe Duque","twitter_card":"summary_large_image","twitter_creator":"@https:\/\/x.com\/ProfessorDuque","twitter_site":"@EstratJuridica","twitter_misc":{"Escrito por":"Felipe Duque","Est. tempo de leitura":"9 minutos"},"schema":{"@context":"https:\/\/schema.org","@graph":[{"@type":"NewsArticle","@id":"https:\/\/cj.estrategia.com\/portal\/mp-1262-2024\/#article","isPartOf":{"@id":"https:\/\/cj.estrategia.com\/portal\/mp-1262-2024\/"},"author":{"name":"Felipe Duque","@id":"https:\/\/cj.estrategia.com\/portal\/#\/schema\/person\/b5b0253b269d7130d1f7770b1ba29285"},"headline":"MP 1262-2024: Uma an\u00e1lise da nova tributa\u00e7\u00e3o de multinacionais no Brasil","datePublished":"2024-10-07T20:47:03+00:00","dateModified":"2024-10-21T21:29:16+00:00","mainEntityOfPage":{"@id":"https:\/\/cj.estrategia.com\/portal\/mp-1262-2024\/"},"wordCount":1726,"commentCount":0,"publisher":{"@id":"https:\/\/cj.estrategia.com\/portal\/#organization"},"image":{"@id":"https:\/\/cj.estrategia.com\/portal\/mp-1262-2024\/#primaryimage"},"thumbnailUrl":"https:\/\/cj.estrategia.com\/portal\/wp-content\/uploads\/2024\/10\/07152516\/tributacao.png","keywords":["an\u00e1lise jur\u00eddica","Contribui\u00e7\u00e3o Social sobre o Lucro L\u00edquido","CSLL","direito tribut\u00e1rio","nova tributa\u00e7\u00e3o","tributos"],"articleSection":["Carreiras Jur\u00eddicas"],"inLanguage":"pt-BR","potentialAction":[{"@type":"CommentAction","name":"Comment","target":["https:\/\/cj.estrategia.com\/portal\/mp-1262-2024\/#respond"]}]},{"@type":"WebPage","@id":"https:\/\/cj.estrategia.com\/portal\/mp-1262-2024\/","url":"https:\/\/cj.estrategia.com\/portal\/mp-1262-2024\/","name":"MP 1262-2024: Nova tributa\u00e7\u00e3o de multinacionais no Brasil","isPartOf":{"@id":"https:\/\/cj.estrategia.com\/portal\/#website"},"primaryImageOfPage":{"@id":"https:\/\/cj.estrategia.com\/portal\/mp-1262-2024\/#primaryimage"},"image":{"@id":"https:\/\/cj.estrategia.com\/portal\/mp-1262-2024\/#primaryimage"},"thumbnailUrl":"https:\/\/cj.estrategia.com\/portal\/wp-content\/uploads\/2024\/10\/07152516\/tributacao.png","datePublished":"2024-10-07T20:47:03+00:00","dateModified":"2024-10-21T21:29:16+00:00","description":"MP 1262\/2024 introduz o Adicional da CSLL de 15%, surpreendendo grandes multinacionais ao impactar diretamente o mercado e suas opera\u00e7\u00f5es.","breadcrumb":{"@id":"https:\/\/cj.estrategia.com\/portal\/mp-1262-2024\/#breadcrumb"},"inLanguage":"pt-BR","potentialAction":[{"@type":"ReadAction","target":["https:\/\/cj.estrategia.com\/portal\/mp-1262-2024\/"]}]},{"@type":"ImageObject","inLanguage":"pt-BR","@id":"https:\/\/cj.estrategia.com\/portal\/mp-1262-2024\/#primaryimage","url":"https:\/\/cj.estrategia.com\/portal\/wp-content\/uploads\/2024\/10\/07152516\/tributacao.png","contentUrl":"https:\/\/cj.estrategia.com\/portal\/wp-content\/uploads\/2024\/10\/07152516\/tributacao.png","width":1207,"height":677},{"@type":"BreadcrumbList","@id":"https:\/\/cj.estrategia.com\/portal\/mp-1262-2024\/#breadcrumb","itemListElement":[{"@type":"ListItem","position":1,"name":"In\u00edcio","item":"https:\/\/cj.estrategia.com\/portal\/"},{"@type":"ListItem","position":2,"name":"MP 1262-2024: Uma an\u00e1lise da nova tributa\u00e7\u00e3o de multinacionais no Brasil"}]},{"@type":"WebSite","@id":"https:\/\/cj.estrategia.com\/portal\/#website","url":"https:\/\/cj.estrategia.com\/portal\/","name":"Blog - Carreiras Jur\u00eddicas - Estrat\u00e9gia","description":"","publisher":{"@id":"https:\/\/cj.estrategia.com\/portal\/#organization"},"potentialAction":[{"@type":"SearchAction","target":{"@type":"EntryPoint","urlTemplate":"https:\/\/cj.estrategia.com\/portal\/?s={search_term_string}"},"query-input":{"@type":"PropertyValueSpecification","valueRequired":true,"valueName":"search_term_string"}}],"inLanguage":"pt-BR"},{"@type":"Organization","@id":"https:\/\/cj.estrategia.com\/portal\/#organization","name":"Estrat\u00e9gia - Carreiras Jur\u00eddicas","url":"https:\/\/cj.estrategia.com\/portal\/","logo":{"@type":"ImageObject","inLanguage":"pt-BR","@id":"https:\/\/cj.estrategia.com\/portal\/#\/schema\/logo\/image\/","url":"https:\/\/cj.estrategia.com\/portal\/wp-content\/uploads\/2022\/03\/11151052\/cj-logo.png","contentUrl":"https:\/\/cj.estrategia.com\/portal\/wp-content\/uploads\/2022\/03\/11151052\/cj-logo.png","width":150,"height":39,"caption":"Estrat\u00e9gia - Carreiras Jur\u00eddicas"},"image":{"@id":"https:\/\/cj.estrategia.com\/portal\/#\/schema\/logo\/image\/"},"sameAs":["https:\/\/www.facebook.com\/estrategiacarreirajuridica\/","https:\/\/x.com\/EstratJuridica","https:\/\/www.instagram.com\/estrategiacarreirajuridica\/","https:\/\/www.youtube.com\/channel\/UClbMGuYbj2Mh1m3w144ETWQ"]},{"@type":"Person","@id":"https:\/\/cj.estrategia.com\/portal\/#\/schema\/person\/b5b0253b269d7130d1f7770b1ba29285","name":"Felipe Duque","image":{"@type":"ImageObject","inLanguage":"pt-BR","@id":"https:\/\/cj.estrategia.com\/portal\/wp-content\/uploads\/2024\/08\/06162009\/Captura-de-Tela-2024-08-06-as-16.19.26-96x96.png","url":"https:\/\/cj.estrategia.com\/portal\/wp-content\/uploads\/2024\/08\/06162009\/Captura-de-Tela-2024-08-06-as-16.19.26-96x96.png","contentUrl":"https:\/\/cj.estrategia.com\/portal\/wp-content\/uploads\/2024\/08\/06162009\/Captura-de-Tela-2024-08-06-as-16.19.26-96x96.png","caption":"Felipe Duque"},"description":"Felipe Duque - Mestre em Direito Pol\u00edtico e Econ\u00f4mico na Mackenzie-SP. Graduado em Direito pela Universidade Cat\u00f3lica de Pernambuco, com conclus\u00e3o pelo regime de Aproveitamento Extraordin\u00e1rio nos Estudos (art. 47, \u00a7 2\u00ba, da Lei n\u00ba 9.394\/96). Ex-Assessor de Desembargador no TJPE. Procurador da Fazenda Nacional. Integra voluntariamente a Coordena\u00e7\u00e3o de Assuntos Estrat\u00e9gicos Judiciais da PGFN. Professor do Estrat\u00e9gia Carreira Jur\u00eddica, Estrat\u00e9gia OAB e Buscador Dizer o Direito. Autor do livro \u201cReforma Tribut\u00e1ria Comentada e Esquematizada\u201d, \"Manual de Processo Tribut\u00e1rio: Administrativo e Judicial\" pela editora Juspodivm Parecerista na Revista de Estudos Jur\u00eddicos do Superior Tribunal de Justi\u00e7a (REJuriSTJ)","sameAs":["http:\/\/lattes.cnpq.br\/5755137268084324","https:\/\/www.instagram.com\/felipe_duque\/","https:\/\/br.linkedin.com\/in\/felipe-duque-56954638","https:\/\/x.com\/https:\/\/x.com\/ProfessorDuque","https:\/\/www.youtube.com\/@felipeduque-experienciasco5797"],"url":"https:\/\/cj.estrategia.com\/portal\/author\/felipe-duque\/"}]}},"jetpack_featured_media_url":"https:\/\/cj.estrategia.com\/portal\/wp-content\/uploads\/2024\/10\/07152516\/tributacao.png","jetpack_sharing_enabled":true,"_links":{"self":[{"href":"https:\/\/cj.estrategia.com\/portal\/wp-json\/wp\/v2\/posts\/78741","targetHints":{"allow":["GET"]}}],"collection":[{"href":"https:\/\/cj.estrategia.com\/portal\/wp-json\/wp\/v2\/posts"}],"about":[{"href":"https:\/\/cj.estrategia.com\/portal\/wp-json\/wp\/v2\/types\/post"}],"author":[{"embeddable":true,"href":"https:\/\/cj.estrategia.com\/portal\/wp-json\/wp\/v2\/users\/93"}],"replies":[{"embeddable":true,"href":"https:\/\/cj.estrategia.com\/portal\/wp-json\/wp\/v2\/comments?post=78741"}],"version-history":[{"count":32,"href":"https:\/\/cj.estrategia.com\/portal\/wp-json\/wp\/v2\/posts\/78741\/revisions"}],"predecessor-version":[{"id":81065,"href":"https:\/\/cj.estrategia.com\/portal\/wp-json\/wp\/v2\/posts\/78741\/revisions\/81065"}],"wp:featuredmedia":[{"embeddable":true,"href":"https:\/\/cj.estrategia.com\/portal\/wp-json\/wp\/v2\/media\/78751"}],"wp:attachment":[{"href":"https:\/\/cj.estrategia.com\/portal\/wp-json\/wp\/v2\/media?parent=78741"}],"wp:term":[{"taxonomy":"category","embeddable":true,"href":"https:\/\/cj.estrategia.com\/portal\/wp-json\/wp\/v2\/categories?post=78741"},{"taxonomy":"post_tag","embeddable":true,"href":"https:\/\/cj.estrategia.com\/portal\/wp-json\/wp\/v2\/tags?post=78741"},{"taxonomy":"tax_estado","embeddable":true,"href":"https:\/\/cj.estrategia.com\/portal\/wp-json\/wp\/v2\/tax_estado?post=78741"}],"curies":[{"name":"wp","href":"https:\/\/api.w.org\/{rel}","templated":true}]}}