{"id":78523,"date":"2024-10-07T14:01:00","date_gmt":"2024-10-07T17:01:00","guid":{"rendered":"https:\/\/cj.estrategia.com\/portal\/?p=78523"},"modified":"2024-10-14T14:41:22","modified_gmt":"2024-10-14T17:41:22","slug":"diagnostico-erroneo-hiv-responsabilidade-civil-estado","status":"publish","type":"post","link":"https:\/\/cj.estrategia.com\/portal\/diagnostico-erroneo-hiv-responsabilidade-civil-estado\/","title":{"rendered":"Hospital dever\u00e1 indenizar paciente ap\u00f3s diagn\u00f3stico err\u00f4neo de HIV \u2013 Uma an\u00e1lise da responsabilidade civil do Estado"},"content":{"rendered":"\n<p>Saiba o que acontece quando \u00e9 dado diagn\u00f3stico de HIV err\u00f4neo por Hospital da rede p\u00fablica \u00e0 paciente.<\/p>\n\n\n\n<figure class=\"wp-block-image size-large\"><img decoding=\"async\" width=\"1024\" height=\"580\" src=\"https:\/\/cj.estrategia.com\/portal\/wp-content\/uploads\/2024\/10\/07134449\/image-6-1024x580.png\" alt=\"\" class=\"wp-image-78720\" srcset=\"https:\/\/cj.estrategia.com\/portal\/wp-content\/uploads\/2024\/10\/07134449\/image-6-1024x580.png 1024w, https:\/\/cj.estrategia.com\/portal\/wp-content\/uploads\/2024\/10\/07134449\/image-6-300x170.png 300w, https:\/\/cj.estrategia.com\/portal\/wp-content\/uploads\/2024\/10\/07134449\/image-6-768x435.png 768w, https:\/\/cj.estrategia.com\/portal\/wp-content\/uploads\/2024\/10\/07134449\/image-6-380x215.png 380w, https:\/\/cj.estrategia.com\/portal\/wp-content\/uploads\/2024\/10\/07134449\/image-6-800x453.png 800w, https:\/\/cj.estrategia.com\/portal\/wp-content\/uploads\/2024\/10\/07134449\/image-6-1160x657.png 1160w, https:\/\/cj.estrategia.com\/portal\/wp-content\/uploads\/2024\/10\/07134449\/image-6-150x85.png 150w, https:\/\/cj.estrategia.com\/portal\/wp-content\/uploads\/2024\/10\/07134449\/image-6.png 1200w\" sizes=\"(max-width: 1024px) 100vw, 1024px\" \/><\/figure>\n\n\n\n<p>(Diagn\u00f3stico err\u00f4neo HIV)<\/p>\n\n\n\n<h2 class=\"wp-block-heading\" id=\"h-diagnostico-erroneo-hiv\"><span id=\"diagnostico-erroneo-hiv\">Diagn\u00f3stico err\u00f4neo HIV<\/span><\/h2>\n\n\n\n<p><strong>Imagine a situa\u00e7\u00e3o de Terezinha.<\/strong><\/p>\n\n\n\n<p>Em mar\u00e7o de 2003, ap\u00f3s um contato sexual desprotegido com um portador do HIV, ela procurou atendimento m\u00e9dico no renomado Hospital das Cl\u00ednicas da Faculdade de Medicina da Universidade de S\u00e3o Paulo (HCFMUSP).<\/p>\n\n\n\n<p>Apesar de um teste sorol\u00f3gico inicial em junho de 2003 ter  diagn\u00f3stico negativo para  HIV, Terezinha foi submetida a um acompanhamento m\u00e9dico como se fosse portadora do v\u00edrus por mais de 10 anos.<\/p>\n\n\n\n<p>Durante esse per\u00edodo, ela realizou diversos exames de carga viral de HIV, tr\u00eas dos quais apresentaram resultados positivos entre 2004 e 2007.<\/p>\n\n\n\n<p>Somente em julho de 2016, mais de uma d\u00e9cada depois, um novo teste r\u00e1pido para HIV foi realizado, confirmando o que o teste inicial j\u00e1 havia indicado: Terezinha era soronegativa. Durante todo esse tempo, ela viveu com o peso de um diagn\u00f3stico err\u00f4neo de uma doen\u00e7a grave e estigmatizante.<\/p>\n\n\n\n<p>Diante desses fatos, surge uma quest\u00e3o crucial: o Estado, representado pelo Hospital das Cl\u00ednicas, deve ser responsabilizado por esse erro m\u00e9dico prolongado? O diagn\u00f3stico equivocado  para HIV e o acompanhamento m\u00e9dico desnecess\u00e1rio por mais de dez anos configuram uma falha na presta\u00e7\u00e3o do servi\u00e7o p\u00fablico de sa\u00fade capaz de gerar responsabilidade civil do Estado?<\/p>\n\n\n\n<p>Sim, na vis\u00e3o da 7\u00aa C\u00e2mara de Direito P\u00fablico do Tribunal de Justi\u00e7a de S\u00e3o Paulo que manteve decis\u00e3o da 9\u00aa Vara da Fazenda P\u00fablica da Capital. Vamos entender a decis\u00e3o.<\/p>\n\n\n\n<p>(diagn\u00f3stico  HIV)<\/p>\n\n\n\n<h2 class=\"wp-block-heading\" id=\"h-responsabilidade-civil-do-estado-hiv\"><span id=\"responsabilidade-civil-do-estado-hiv\"><strong>Responsabilidade Civil do Estado<\/strong> <strong>&#8211; (<em>HIV<\/em>)<\/strong><\/span><\/h2>\n\n\n\n<p>Vamos \u00e0s aulas do Professor Rodolfo.<\/p>\n\n\n\n<p>Historicamente, o conceito de responsabilidade estatal evoluiu de uma total irresponsabilidade &#8211; epitomizada pela m\u00e1xima &#8220;The King can do no wrong&#8221; &#8211; para um sistema onde o Estado responde objetivamente pelos danos que causa.<\/p>\n\n\n\n<p>No Brasil, essa evolu\u00e7\u00e3o culminou no artigo 37, \u00a7 6\u00ba, da Constitui\u00e7\u00e3o Federal de 1988, que estabelece claramente a responsabilidade objetiva do Estado.<\/p>\n\n\n\n<div class=\"wp-block-group is-style-cnvs-block-single-border has-background\" style=\"background:linear-gradient(135deg,rgb(238,238,238) 0%,rgb(169,184,195) 82%)\"><div class=\"wp-block-group__inner-container is-layout-constrained wp-block-group-is-layout-constrained\">\n<p><em><strong>Mas o que significa, na pr\u00e1tica, essa responsabilidade objetiva?<\/strong><\/em><\/p>\n<\/div><\/div>\n\n\n\n<p>Em ess\u00eancia, significa que o Estado deve reparar os danos causados por seus agentes independentemente da exist\u00eancia de culpa. Basta que se comprove o dano e o nexo causal entre a a\u00e7\u00e3o ou omiss\u00e3o estatal e o preju\u00edzo sofrido pelo cidad\u00e3o.<\/p>\n\n\n\n<p>Vale ressaltar que essa abordagem baseia-se na teoria do risco administrativo, reconhecendo que as atividades estatais, embora essenciais, podem gerar riscos \u00e0 sociedade. \u00c9 importante notar, contudo, que a responsabilidade objetiva n\u00e3o transforma o Estado em um segurador universal.<\/p>\n\n\n\n<p>(HIV)<\/p>\n\n\n\n<p>Por outro lado, existem situa\u00e7\u00f5es em que o poder p\u00fablico pode se eximir da responsabilidade, como nos casos de culpa exclusiva da v\u00edtima, caso fortuito ou for\u00e7a maior, ou fato exclusivo de terceiro.<\/p>\n\n\n\n<p>Um ponto particularmente complexo e debatido na doutrina e jurisprud\u00eancia diz respeito \u00e0 responsabilidade estatal por omiss\u00e3o. Nesse \u00e2mbito, o Supremo Tribunal Federal tem adotado uma distin\u00e7\u00e3o crucial entre omiss\u00e3o espec\u00edfica e omiss\u00e3o gen\u00e9rica.<\/p>\n\n\n\n<p>(HIV)<\/p>\n\n\n\n<p>A primeira, caracterizada pelo descumprimento de um dever espec\u00edfico de agir, gera responsabilidade objetiva. J\u00e1 a segunda, relacionada a um dever gen\u00e9rico, leva a uma responsabilidade subjetiva, baseada na teoria da culpa administrativa.<\/p>\n\n\n\n<div class=\"wp-block-group\"><div class=\"wp-block-group__inner-container is-layout-constrained wp-block-group-is-layout-constrained\">\n<p class=\"has-pale-cyan-blue-background-color has-background\"><strong>Perceba, enquanto na responsabilidade objetiva s\u00f3 precisamos demonstrar o dano, a\u00e7\u00e3o e nexo de causalidade, na responsabilidade subjetiva eu tenho que demonstrar que h\u00e1 culpa\/dolo para haver responsabilidade.<\/strong><\/p>\n<\/div><\/div>\n\n\n\n<p>Logo, essa distin\u00e7\u00e3o n\u00e3o \u00e9 meramente acad\u00eamica. Ela tem implica\u00e7\u00f5es pr\u00e1ticas significativas, influenciando diretamente como os tribunais decidem casos envolvendo danos causados pela ina\u00e7\u00e3o estatal.<\/p>\n\n\n\n<p>Por exemplo, a falta de manuten\u00e7\u00e3o em uma rodovia federal que leva a um acidente pode ser vista como uma omiss\u00e3o espec\u00edfica, enquanto a falha em prevenir um crime em via p\u00fablica pode ser considerada uma omiss\u00e3o gen\u00e9rica.<\/p>\n\n\n\n<p>A d\u00favida \u00e9: o TJ-SP considerou que houve uma omiss\u00e3o ou um ato comissivo da Administra\u00e7\u00e3o P\u00fablica no caso Terezinha?<\/p>\n\n\n\n<h2 class=\"wp-block-heading\" id=\"h-analise-juridica-do-acordao-do-tjsp-hiv\"><span id=\"analise-juridica-do-acordao-do-tjsp-hiv\"><strong>An\u00e1lise jur\u00eddica do ac\u00f3rd\u00e3o do TJSP<\/strong> <strong>-(<em>HIV<\/em>)<\/strong><\/span><\/h2>\n\n\n\n<p>Primeiramente, \u00e9 importante destacar, como vimos que a responsabilidade civil do Estado, conforme estabelecido no <a href=\"https:\/\/www.jusbrasil.com.br\/topicos\/10710882\/paragrafo-6-artigo-37-da-constituicao-federal-de-1988\">art. 37, \u00a76\u00ba da Constitui\u00e7\u00e3o Federal<\/a>, \u00e9 objetiva (nos ato comissivos):<\/p>\n\n\n\n<div class=\"wp-block-group is-style-cnvs-block-bg-light\"><div class=\"wp-block-group__inner-container is-layout-constrained wp-block-group-is-layout-constrained\">\n<p>&#8220;As pessoas jur\u00eddicas de direito p\u00fablico e as de direito privado prestadoras de servi\u00e7os p\u00fablicos responder\u00e3o pelos danos que seus agentes, nessa qualidade, causarem a terceiros, assegurado o direito de regresso contra o respons\u00e1vel nos casos de dolo ou culpa.&#8221;<\/p>\n<\/div><\/div>\n\n\n\n<p>No caso em tela, o Tribunal de Justi\u00e7a de S\u00e3o Paulo (TJSP) aplicou a teoria da responsabilidade objetiva, fundamentando-se na teoria da falha do servi\u00e7o.<\/p>\n\n\n\n<p>O relator, desembargador Coimbra Schmidt, enfatizou que a responsabilidade em an\u00e1lise n\u00e3o decorre da atividade administrativa (risco administrativo), isto \u00e9 de alguma omiss\u00e3o, mas sim de alegada falha no cumprimento do dever de cuidado com o diagn\u00f3stico.<\/p>\n\n\n\n<p>O TJSP considerou que houve uma presta\u00e7\u00e3o de servi\u00e7o p\u00fablico deficit\u00e1ria por parte do hospital.<\/p>\n\n\n\n<p>Os elementos que levaram a esta conclus\u00e3o foram:<\/p>\n\n\n\n<ol class=\"wp-block-list\">\n<li><strong>A paciente foi submetida a acompanhamento m\u00e9dico como portadora de HIV por mais de dez anos, apesar de ter tido um teste inicial negativo para o v\u00edrus.<\/strong><\/li>\n\n\n\n<li><strong>Durante o per\u00edodo de acompanhamento, foram realizados tr\u00eas exames de carga viral que apresentaram resultados positivos. No entanto, conforme apontado pela per\u00edcia, estes resultados mereciam melhor investiga\u00e7\u00e3o, pois poderiam ser falsos positivos ou resultantes de erros na coleta ou realiza\u00e7\u00e3o do exame.<\/strong><\/li>\n\n\n\n<li><strong>O hospital continuou tratando a paciente como portadora de HIV baseando-se apenas nos resultados de carga viral, desconsiderando o teste sorol\u00f3gico inicial negativo. Somente ap\u00f3s mais de uma d\u00e9cada, um novo teste r\u00e1pido para HIV foi realizado, apresentando novamente resultado negativo.<\/strong><\/li>\n<\/ol>\n\n\n\n<p>Assim, o TJSP entendeu que o nexo causal entre a conduta do hospital de dar diagn\u00f3stico err\u00f4neo de HIV, e o dano sofrido pela paciente estava claramente estabelecido.<\/p>\n\n\n\n<p>Al\u00e9m disso, o dano moral foi considerado presumido (in re ipsa), dada a gravidade da situa\u00e7\u00e3o &#8211; a paciente passou mais de uma d\u00e9cada acreditando ser portadora de uma doen\u00e7a grave e estigmatizante.<\/p>\n\n\n\n<p>\u00c9 importante notar que o TJSP aplicou a teoria do risco administrativo, que admite excludentes de responsabilidade. No entanto, no caso em quest\u00e3o, o hospital n\u00e3o conseguiu comprovar nenhuma excludente (como culpa exclusiva da v\u00edtima, caso fortuito ou for\u00e7a maior).<\/p>\n\n\n\n<p>Vale ressaltar que o STJ tem entendido que o erro de diagn\u00f3stico em exames laboratoriais configura falha na presta\u00e7\u00e3o do servi\u00e7o e enseja a repara\u00e7\u00e3o por danos morais:<\/p>\n\n\n\n<div class=\"wp-block-group is-style-cnvs-block-bg-light\"><div class=\"wp-block-group__inner-container is-layout-constrained wp-block-group-is-layout-constrained\">\n<p>PROCESSUAL CIVIL. ADMINISTRATIVO. RESPONSABILIDADE CIVIL DO ESTADO. DANOS MORAIS. DIAGN\u00d3STICO INCORRETO DE HANSEN\u00cdASE (FALSO POSITIVO). M\u00c9TODO BIF\u00c1SICO. VALORA\u00c7\u00c3O. PARADIGMAS DE TRIBUNAIS LOCAIS. EXTENS\u00c3O. MENOR DE IDADE. PREJU\u00cdZOS PELA MEDICA\u00c7\u00c3O DESNECESS\u00c1RIA. TEMPO DE DURA\u00c7\u00c3O DO TRATAMENTO. INCERTEZA QUANTO AOS ELEMENTOS DISTINTIVOS DA SITUA\u00c7\u00c3O. AGRAVO INTERNO DESPROVIDO.<\/p>\n\n\n\n<p>1. O agravante, menor de idade, foi diagnosticado equivocadamente como portador de hansen\u00edase, tendo sido tratado com medicamentos indevidos por 28 dias. O tratamento inadequado ensejou rea\u00e7\u00f5es cut\u00e2neas e hep\u00e1ticas.<\/p>\n\n\n\n<p>2. O tribunal local reconheceu os danos morais e fixou o valor reparat\u00f3rio em R$ 60.000,00 (sessenta mil reais) &#8211; cerca de 60 sal\u00e1rios m\u00ednimos \u00e0 \u00e9poca. Diante da jurisprud\u00eancia de tribunais locais invocados pela parte recorrente, a decis\u00e3o monocr\u00e1tica, aplicando o m\u00e9todo bif\u00e1sico, ajustou a condena\u00e7\u00e3o para R$ 11.000,00 (onze mil reais) &#8211; cerca de 10 sal\u00e1rios m\u00ednimos.<\/p>\n\n\n\n<p>3. As alega\u00e7\u00f5es de distin\u00e7\u00e3o apresentadas no agravo interno carecem de certeza, sendo invi\u00e1vel adot\u00e1-las com a finalidade de, na segunda fase do m\u00e9todo de quantifica\u00e7\u00e3o dos danos morais, ajustar a condena\u00e7\u00e3o ante a diferen\u00e7a da extens\u00e3o dos danos tidos como experimentados pela v\u00edtima.<\/p>\n\n\n\n<p>4. Agravo interno desprovido.<\/p>\n\n\n\n<p>(AgInt nos EDcl no REsp n. 1.914.366\/PA, relator Ministro Afr\u00e2nio Vilela, Segunda Turma, julgado em 22\/4\/2024, DJe de 25\/4\/2024.)<\/p>\n<\/div><\/div>\n\n\n\n<p>Quanto \u00e0 quantifica\u00e7\u00e3o do dano moral, o valor de R$ 20.000,00 foi considerado razo\u00e1vel pelo tribunal, levando em conta a extens\u00e3o do dano e o car\u00e1ter punitivo-pedag\u00f3gico da indeniza\u00e7\u00e3o.<\/p>\n\n\n\n<p>(<em>HIV<\/em>)<\/p>\n\n\n\n<h2 class=\"wp-block-heading\" id=\"h-como-o-tema-ja-caiu-em-provas\"><span id=\"como-o-tema-ja-caiu-em-provas\">Como o tema j\u00e1 caiu em provas: <\/span><\/h2>\n\n\n\n<div class=\"wp-block-group is-style-cnvs-block-bg-light\"><div class=\"wp-block-group__inner-container is-layout-constrained wp-block-group-is-layout-constrained\">\n<p>VUNESP &#8211; 2024 &#8211; MPE-RJ &#8211; Promotor de Justi\u00e7a Substituto<\/p>\n\n\n\n<p>Ala\u00edde, durante toda sua gravidez, realizou acompanhamento pr\u00e9-natal em hospital p\u00fablico. Ap\u00f3s o parto, tamb\u00e9m realizado em hospital p\u00fablico, verificou-se que o feto nasceu em p\u00e9ssimas condi\u00e7\u00f5es vitais, apresentando convuls\u00f5es, tendo sido internado em leito de UTI com grave quadro cl\u00ednico em decorr\u00eancia de Sofrimento Fetal Agudo, Asfixia Perinatal Grave e S\u00edndrome Hip\u00f3xico-Isqu\u00eamica, tendo permanecido internado na UTI por quase nove meses. Em decorr\u00eancia de tais complica\u00e7\u00f5es, evoluiu com encefalopatia cr\u00f4nica (paralisia cerebral com graves sequelas neurol\u00f3gicas irrevers\u00edveis), com depend\u00eancia total de terceiros para sua sobreviv\u00eancia e acompanhamento m\u00e9dico especializado e cont\u00ednuo. O laudo do perito judicial concluiu que as les\u00f5es graves e irrevers\u00edveis decorreram de imper\u00edcia grave da equipe m\u00e9dica que realizou o parto.<br><br>Nesse caso em an\u00e1lise:<\/p>\n\n\n\n<p><strong>A<\/strong>)n\u00e3o h\u00e1 responsabilidade civil do Estado por erro m\u00e9dico, pois al\u00e9m de demonstra\u00e7\u00e3o da culpa gen\u00e9rica da Administra\u00e7\u00e3o, por n\u00e3o ter atuado para impedir a ocorr\u00eancia do dano, faz-se imprescind\u00edvel a individualiza\u00e7\u00e3o da conduta culposa do agente.<\/p>\n\n\n\n<p><strong>B<\/strong>)h\u00e1 responsabilidade civil do Estado por erro m\u00e9dico, caracterizado como conduta por omiss\u00e3o, bastando que se comprove a exist\u00eancia de nexo de causalidade entre o dever do Estado de agir e o dano sofrido pelos indiv\u00edduos.<\/p>\n\n\n\n<p><strong>C<\/strong>)n\u00e3o h\u00e1 responsabilidade civil do Estado por erro m\u00e9dico, posto que a causadora dos danos sofridos pelos indiv\u00edduos foi a equipe m\u00e9dica, essa sim respons\u00e1vel pela indeniza\u00e7\u00e3o da\u00ed resultante.<\/p>\n\n\n\n<p><strong>D<\/strong>)h\u00e1 responsabilidade civil do Estado, que responde subjetivamente pelos atos e omiss\u00f5es da equipe m\u00e9dica que, no exerc\u00edcio de suas fun\u00e7\u00f5es, cause danos a terceiros, n\u00e3o admitindo excludente de responsabilidade.<\/p>\n\n\n\n<p><strong>E<\/strong>)n\u00e3o h\u00e1 responsabilidade civil do Estado por erro m\u00e9dico, posto que somente \u00e9 cab\u00edvel a responsabiliza\u00e7\u00e3o estatal por a\u00e7\u00e3o e n\u00e3o por omiss\u00e3o.<\/p>\n\n\n\n<p>Gab: B<\/p>\n\n\n\n<p>(<em>HIV)<\/em><\/p>\n<\/div><\/div>\n\n\n\n<h2 class=\"wp-block-heading has-text-align-center\" id=\"cursos\"><span id=\"quer-saber-tudo-sobre-concursos-previstosconfira-nossos-artigos\">Quer saber tudo sobre concursos previstos?<br><strong>Confira nossos artigos!<\/strong><\/span><\/h2>\n\n\n\n\n\n<h2 class=\"wp-block-heading has-text-align-center\" id=\"curso\"><span id=\"cursos-e-assinaturas\">CURSOS E ASSINATURAS<\/span><\/h2>\n\n\n\n<h2 class=\"wp-block-heading has-text-align-center\" id=\"cursos\"><span id=\"quer-saber-tudo-sobre-concursos-previstosconfira-nossos-artigos-2\">Quer saber tudo sobre concursos previstos?<br><strong>Confira nossos artigos!<\/strong><\/span><\/h2>\n\n\n\n\n\n<p>O Estrat\u00e9gia Carreira Jur\u00eddica \u00e9 campe\u00e3o de aprova\u00e7\u00f5es nos concursos para Carreiras Jur\u00eddicas com um corpo docente qualificado e materiais completos. Conhe\u00e7a nossos cursos e garanta sua aprova\u00e7\u00e3o:<\/p>\n\n\n\n<h3 class=\"wp-block-heading\" id=\"h-conheca-os-planos\"><span id=\"conheca-os-planos\">Conhe\u00e7a os planos<\/span><\/h3>\n\n\n\n<p><a target=\"_blank\" href=\"https:\/\/cj.estrategia.com\/curso\/tcdf-procurador-pacote-teorico\/\" >Acessar<\/a><\/p>\n","protected":false},"excerpt":{"rendered":"Saiba o que acontece quando \u00e9 dado diagn\u00f3stico de HIV err\u00f4neo por Hospital da rede p\u00fablica \u00e0 paciente.&hellip;\n","protected":false},"author":93,"featured_media":78720,"comment_status":"open","ping_status":"open","sticky":false,"template":"","format":"standard","meta":{"_jetpack_memberships_contains_paid_content":false,"footnotes":""},"categories":[1,115],"tags":[336],"tax_estado":[30,31,32,33,34,35,36,37,38,39,40,41,42,43,44,45,46,47,48,49,50,51,52,53,54,55,56,57],"class_list":{"0":"post-78523","1":"post","2":"type-post","3":"status-publish","4":"format-standard","5":"has-post-thumbnail","7":"category-carreiras-juridicas","8":"category-noticias","9":"tag-analise-juridica","10":"tax_estado-ac","11":"tax_estado-al","12":"tax_estado-am","13":"tax_estado-ap","14":"tax_estado-ba","15":"tax_estado-ce","16":"tax_estado-concursos-federais","17":"tax_estado-df","18":"tax_estado-es","19":"tax_estado-go","20":"tax_estado-ma","21":"tax_estado-mg","22":"tax_estado-ms","23":"tax_estado-mt","24":"tax_estado-pa","25":"tax_estado-pb","26":"tax_estado-pe","27":"tax_estado-pi","28":"tax_estado-pr","29":"tax_estado-rj","30":"tax_estado-rn","31":"tax_estado-ro","32":"tax_estado-rr","33":"tax_estado-rs","34":"tax_estado-sc","35":"tax_estado-se","36":"tax_estado-sp","37":"tax_estado-to"},"acf":[],"yoast_head":"<!-- This site is optimized with the Yoast SEO Premium plugin v27.4 (Yoast SEO v27.4) - https:\/\/yoast.com\/product\/yoast-seo-premium-wordpress\/ -->\n<title>HIV: Diagn\u00f3stico err\u00f4neo e a Responsabilidade Civil do Estado<\/title>\n<meta name=\"description\" content=\"Fique por dentro sobre os reflexos da Responsabilidade Civil do Estado quando \u00e9 dado diagn\u00f3stico de HIV err\u00f4neo por Hospital \u00e0 paciente.\" \/>\n<meta name=\"robots\" content=\"index, follow, max-snippet:-1, max-image-preview:large, max-video-preview:-1\" \/>\n<link rel=\"canonical\" href=\"https:\/\/cj.estrategia.com\/portal\/diagnostico-erroneo-hiv-responsabilidade-civil-estado\/\" \/>\n<meta property=\"og:locale\" content=\"pt_BR\" \/>\n<meta property=\"og:type\" content=\"article\" \/>\n<meta property=\"og:title\" content=\"Hospital dever\u00e1 indenizar paciente ap\u00f3s diagn\u00f3stico err\u00f4neo de HIV \u2013 Uma an\u00e1lise da responsabilidade civil do Estado\" \/>\n<meta property=\"og:description\" content=\"Fique por dentro sobre os reflexos da Responsabilidade Civil do Estado quando \u00e9 dado diagn\u00f3stico de HIV err\u00f4neo por Hospital \u00e0 paciente.\" \/>\n<meta property=\"og:url\" content=\"https:\/\/cj.estrategia.com\/portal\/diagnostico-erroneo-hiv-responsabilidade-civil-estado\/\" \/>\n<meta property=\"og:site_name\" content=\"Blog - Carreiras Jur\u00eddicas - Estrat\u00e9gia\" \/>\n<meta property=\"article:publisher\" content=\"https:\/\/www.facebook.com\/estrategiacarreirajuridica\/\" \/>\n<meta property=\"article:published_time\" content=\"2024-10-07T17:01:00+00:00\" \/>\n<meta property=\"article:modified_time\" content=\"2024-10-14T17:41:22+00:00\" \/>\n<meta property=\"og:image\" content=\"https:\/\/cj.estrategia.com\/portal\/wp-content\/uploads\/2024\/10\/07134449\/image-6.png\" \/>\n\t<meta property=\"og:image:width\" content=\"1200\" \/>\n\t<meta property=\"og:image:height\" content=\"680\" \/>\n\t<meta property=\"og:image:type\" content=\"image\/png\" \/>\n<meta name=\"author\" content=\"Felipe Duque\" \/>\n<meta name=\"twitter:card\" content=\"summary_large_image\" \/>\n<meta name=\"twitter:creator\" content=\"@https:\/\/x.com\/ProfessorDuque\" \/>\n<meta name=\"twitter:site\" content=\"@EstratJuridica\" \/>\n<meta name=\"twitter:label1\" content=\"Escrito por\" \/>\n\t<meta name=\"twitter:data1\" content=\"Felipe Duque\" \/>\n\t<meta name=\"twitter:label2\" content=\"Est. tempo de leitura\" \/>\n\t<meta name=\"twitter:data2\" content=\"10 minutos\" \/>\n<script type=\"application\/ld+json\" class=\"yoast-schema-graph\">{\"@context\":\"https:\\\/\\\/schema.org\",\"@graph\":[{\"@type\":\"NewsArticle\",\"@id\":\"https:\\\/\\\/cj.estrategia.com\\\/portal\\\/diagnostico-erroneo-hiv-responsabilidade-civil-estado\\\/#article\",\"isPartOf\":{\"@id\":\"https:\\\/\\\/cj.estrategia.com\\\/portal\\\/diagnostico-erroneo-hiv-responsabilidade-civil-estado\\\/\"},\"author\":{\"name\":\"Felipe Duque\",\"@id\":\"https:\\\/\\\/cj.estrategia.com\\\/portal\\\/#\\\/schema\\\/person\\\/b5b0253b269d7130d1f7770b1ba29285\"},\"headline\":\"Hospital dever\u00e1 indenizar paciente ap\u00f3s diagn\u00f3stico err\u00f4neo de HIV \u2013 Uma an\u00e1lise da responsabilidade civil do Estado\",\"datePublished\":\"2024-10-07T17:01:00+00:00\",\"dateModified\":\"2024-10-14T17:41:22+00:00\",\"mainEntityOfPage\":{\"@id\":\"https:\\\/\\\/cj.estrategia.com\\\/portal\\\/diagnostico-erroneo-hiv-responsabilidade-civil-estado\\\/\"},\"wordCount\":1828,\"commentCount\":0,\"publisher\":{\"@id\":\"https:\\\/\\\/cj.estrategia.com\\\/portal\\\/#organization\"},\"image\":{\"@id\":\"https:\\\/\\\/cj.estrategia.com\\\/portal\\\/diagnostico-erroneo-hiv-responsabilidade-civil-estado\\\/#primaryimage\"},\"thumbnailUrl\":\"https:\\\/\\\/cj.estrategia.com\\\/portal\\\/wp-content\\\/uploads\\\/2024\\\/10\\\/07134449\\\/image-6.png\",\"keywords\":[\"an\u00e1lise jur\u00eddica\"],\"articleSection\":[\"Carreiras Jur\u00eddicas\",\"Not\u00edcias\"],\"inLanguage\":\"pt-BR\",\"potentialAction\":[{\"@type\":\"CommentAction\",\"name\":\"Comment\",\"target\":[\"https:\\\/\\\/cj.estrategia.com\\\/portal\\\/diagnostico-erroneo-hiv-responsabilidade-civil-estado\\\/#respond\"]}]},{\"@type\":\"WebPage\",\"@id\":\"https:\\\/\\\/cj.estrategia.com\\\/portal\\\/diagnostico-erroneo-hiv-responsabilidade-civil-estado\\\/\",\"url\":\"https:\\\/\\\/cj.estrategia.com\\\/portal\\\/diagnostico-erroneo-hiv-responsabilidade-civil-estado\\\/\",\"name\":\"HIV: Diagn\u00f3stico err\u00f4neo e a Responsabilidade Civil do Estado\",\"isPartOf\":{\"@id\":\"https:\\\/\\\/cj.estrategia.com\\\/portal\\\/#website\"},\"primaryImageOfPage\":{\"@id\":\"https:\\\/\\\/cj.estrategia.com\\\/portal\\\/diagnostico-erroneo-hiv-responsabilidade-civil-estado\\\/#primaryimage\"},\"image\":{\"@id\":\"https:\\\/\\\/cj.estrategia.com\\\/portal\\\/diagnostico-erroneo-hiv-responsabilidade-civil-estado\\\/#primaryimage\"},\"thumbnailUrl\":\"https:\\\/\\\/cj.estrategia.com\\\/portal\\\/wp-content\\\/uploads\\\/2024\\\/10\\\/07134449\\\/image-6.png\",\"datePublished\":\"2024-10-07T17:01:00+00:00\",\"dateModified\":\"2024-10-14T17:41:22+00:00\",\"description\":\"Fique por dentro sobre os reflexos da Responsabilidade Civil do Estado quando \u00e9 dado diagn\u00f3stico de HIV err\u00f4neo por Hospital \u00e0 paciente.\",\"breadcrumb\":{\"@id\":\"https:\\\/\\\/cj.estrategia.com\\\/portal\\\/diagnostico-erroneo-hiv-responsabilidade-civil-estado\\\/#breadcrumb\"},\"inLanguage\":\"pt-BR\",\"potentialAction\":[{\"@type\":\"ReadAction\",\"target\":[\"https:\\\/\\\/cj.estrategia.com\\\/portal\\\/diagnostico-erroneo-hiv-responsabilidade-civil-estado\\\/\"]}]},{\"@type\":\"ImageObject\",\"inLanguage\":\"pt-BR\",\"@id\":\"https:\\\/\\\/cj.estrategia.com\\\/portal\\\/diagnostico-erroneo-hiv-responsabilidade-civil-estado\\\/#primaryimage\",\"url\":\"https:\\\/\\\/cj.estrategia.com\\\/portal\\\/wp-content\\\/uploads\\\/2024\\\/10\\\/07134449\\\/image-6.png\",\"contentUrl\":\"https:\\\/\\\/cj.estrategia.com\\\/portal\\\/wp-content\\\/uploads\\\/2024\\\/10\\\/07134449\\\/image-6.png\",\"width\":1200,\"height\":680,\"caption\":\"Diagn\u00f3stico err\u00f4neo HIV\"},{\"@type\":\"BreadcrumbList\",\"@id\":\"https:\\\/\\\/cj.estrategia.com\\\/portal\\\/diagnostico-erroneo-hiv-responsabilidade-civil-estado\\\/#breadcrumb\",\"itemListElement\":[{\"@type\":\"ListItem\",\"position\":1,\"name\":\"In\u00edcio\",\"item\":\"https:\\\/\\\/cj.estrategia.com\\\/portal\\\/\"},{\"@type\":\"ListItem\",\"position\":2,\"name\":\"Hospital dever\u00e1 indenizar paciente ap\u00f3s diagn\u00f3stico err\u00f4neo de HIV \u2013 Uma an\u00e1lise da responsabilidade civil do Estado\"}]},{\"@type\":\"WebSite\",\"@id\":\"https:\\\/\\\/cj.estrategia.com\\\/portal\\\/#website\",\"url\":\"https:\\\/\\\/cj.estrategia.com\\\/portal\\\/\",\"name\":\"Blog - Carreiras Jur\u00eddicas - Estrat\u00e9gia\",\"description\":\"\",\"publisher\":{\"@id\":\"https:\\\/\\\/cj.estrategia.com\\\/portal\\\/#organization\"},\"potentialAction\":[{\"@type\":\"SearchAction\",\"target\":{\"@type\":\"EntryPoint\",\"urlTemplate\":\"https:\\\/\\\/cj.estrategia.com\\\/portal\\\/?s={search_term_string}\"},\"query-input\":{\"@type\":\"PropertyValueSpecification\",\"valueRequired\":true,\"valueName\":\"search_term_string\"}}],\"inLanguage\":\"pt-BR\"},{\"@type\":\"Organization\",\"@id\":\"https:\\\/\\\/cj.estrategia.com\\\/portal\\\/#organization\",\"name\":\"Estrat\u00e9gia - Carreiras Jur\u00eddicas\",\"url\":\"https:\\\/\\\/cj.estrategia.com\\\/portal\\\/\",\"logo\":{\"@type\":\"ImageObject\",\"inLanguage\":\"pt-BR\",\"@id\":\"https:\\\/\\\/cj.estrategia.com\\\/portal\\\/#\\\/schema\\\/logo\\\/image\\\/\",\"url\":\"https:\\\/\\\/cj.estrategia.com\\\/portal\\\/wp-content\\\/uploads\\\/2022\\\/03\\\/11151052\\\/cj-logo.png\",\"contentUrl\":\"https:\\\/\\\/cj.estrategia.com\\\/portal\\\/wp-content\\\/uploads\\\/2022\\\/03\\\/11151052\\\/cj-logo.png\",\"width\":150,\"height\":39,\"caption\":\"Estrat\u00e9gia - Carreiras Jur\u00eddicas\"},\"image\":{\"@id\":\"https:\\\/\\\/cj.estrategia.com\\\/portal\\\/#\\\/schema\\\/logo\\\/image\\\/\"},\"sameAs\":[\"https:\\\/\\\/www.facebook.com\\\/estrategiacarreirajuridica\\\/\",\"https:\\\/\\\/x.com\\\/EstratJuridica\",\"https:\\\/\\\/www.instagram.com\\\/estrategiacarreirajuridica\\\/\",\"https:\\\/\\\/www.youtube.com\\\/channel\\\/UClbMGuYbj2Mh1m3w144ETWQ\"]},{\"@type\":\"Person\",\"@id\":\"https:\\\/\\\/cj.estrategia.com\\\/portal\\\/#\\\/schema\\\/person\\\/b5b0253b269d7130d1f7770b1ba29285\",\"name\":\"Felipe Duque\",\"image\":{\"@type\":\"ImageObject\",\"inLanguage\":\"pt-BR\",\"@id\":\"https:\\\/\\\/cj.estrategia.com\\\/portal\\\/wp-content\\\/uploads\\\/2024\\\/08\\\/06162009\\\/Captura-de-Tela-2024-08-06-as-16.19.26-96x96.png\",\"url\":\"https:\\\/\\\/cj.estrategia.com\\\/portal\\\/wp-content\\\/uploads\\\/2024\\\/08\\\/06162009\\\/Captura-de-Tela-2024-08-06-as-16.19.26-96x96.png\",\"contentUrl\":\"https:\\\/\\\/cj.estrategia.com\\\/portal\\\/wp-content\\\/uploads\\\/2024\\\/08\\\/06162009\\\/Captura-de-Tela-2024-08-06-as-16.19.26-96x96.png\",\"caption\":\"Felipe Duque\"},\"description\":\"Felipe Duque - Mestre em Direito Pol\u00edtico e Econ\u00f4mico na Mackenzie-SP. Graduado em Direito pela Universidade Cat\u00f3lica de Pernambuco, com conclus\u00e3o pelo regime de Aproveitamento Extraordin\u00e1rio nos Estudos (art. 47, \u00a7 2\u00ba, da Lei n\u00ba 9.394\\\/96). Ex-Assessor de Desembargador no TJPE. Procurador da Fazenda Nacional. Integra voluntariamente a Coordena\u00e7\u00e3o de Assuntos Estrat\u00e9gicos Judiciais da PGFN. Professor do Estrat\u00e9gia Carreira Jur\u00eddica, Estrat\u00e9gia OAB e Buscador Dizer o Direito. Autor do livro \u201cReforma Tribut\u00e1ria Comentada e Esquematizada\u201d, \\\"Manual de Processo Tribut\u00e1rio: Administrativo e Judicial\\\" pela editora Juspodivm Parecerista na Revista de Estudos Jur\u00eddicos do Superior Tribunal de Justi\u00e7a (REJuriSTJ)\",\"sameAs\":[\"http:\\\/\\\/lattes.cnpq.br\\\/5755137268084324\",\"https:\\\/\\\/www.instagram.com\\\/felipe_duque\\\/\",\"https:\\\/\\\/br.linkedin.com\\\/in\\\/felipe-duque-56954638\",\"https:\\\/\\\/x.com\\\/https:\\\/\\\/x.com\\\/ProfessorDuque\",\"https:\\\/\\\/www.youtube.com\\\/@felipeduque-experienciasco5797\"],\"url\":\"https:\\\/\\\/cj.estrategia.com\\\/portal\\\/author\\\/felipe-duque\\\/\"}]}<\/script>\n<!-- \/ Yoast SEO Premium plugin. -->","yoast_head_json":{"title":"HIV: Diagn\u00f3stico err\u00f4neo e a Responsabilidade Civil do Estado","description":"Fique por dentro sobre os reflexos da Responsabilidade Civil do Estado quando \u00e9 dado diagn\u00f3stico de HIV err\u00f4neo por Hospital \u00e0 paciente.","robots":{"index":"index","follow":"follow","max-snippet":"max-snippet:-1","max-image-preview":"max-image-preview:large","max-video-preview":"max-video-preview:-1"},"canonical":"https:\/\/cj.estrategia.com\/portal\/diagnostico-erroneo-hiv-responsabilidade-civil-estado\/","og_locale":"pt_BR","og_type":"article","og_title":"Hospital dever\u00e1 indenizar paciente ap\u00f3s diagn\u00f3stico err\u00f4neo de HIV \u2013 Uma an\u00e1lise da responsabilidade civil do Estado","og_description":"Fique por dentro sobre os reflexos da Responsabilidade Civil do Estado quando \u00e9 dado diagn\u00f3stico de HIV err\u00f4neo por Hospital \u00e0 paciente.","og_url":"https:\/\/cj.estrategia.com\/portal\/diagnostico-erroneo-hiv-responsabilidade-civil-estado\/","og_site_name":"Blog - Carreiras Jur\u00eddicas - Estrat\u00e9gia","article_publisher":"https:\/\/www.facebook.com\/estrategiacarreirajuridica\/","article_published_time":"2024-10-07T17:01:00+00:00","article_modified_time":"2024-10-14T17:41:22+00:00","og_image":[{"width":1200,"height":680,"url":"https:\/\/cj.estrategia.com\/portal\/wp-content\/uploads\/2024\/10\/07134449\/image-6.png","type":"image\/png"}],"author":"Felipe Duque","twitter_card":"summary_large_image","twitter_creator":"@https:\/\/x.com\/ProfessorDuque","twitter_site":"@EstratJuridica","twitter_misc":{"Escrito por":"Felipe Duque","Est. tempo de leitura":"10 minutos"},"schema":{"@context":"https:\/\/schema.org","@graph":[{"@type":"NewsArticle","@id":"https:\/\/cj.estrategia.com\/portal\/diagnostico-erroneo-hiv-responsabilidade-civil-estado\/#article","isPartOf":{"@id":"https:\/\/cj.estrategia.com\/portal\/diagnostico-erroneo-hiv-responsabilidade-civil-estado\/"},"author":{"name":"Felipe Duque","@id":"https:\/\/cj.estrategia.com\/portal\/#\/schema\/person\/b5b0253b269d7130d1f7770b1ba29285"},"headline":"Hospital dever\u00e1 indenizar paciente ap\u00f3s diagn\u00f3stico err\u00f4neo de HIV \u2013 Uma an\u00e1lise da responsabilidade civil do Estado","datePublished":"2024-10-07T17:01:00+00:00","dateModified":"2024-10-14T17:41:22+00:00","mainEntityOfPage":{"@id":"https:\/\/cj.estrategia.com\/portal\/diagnostico-erroneo-hiv-responsabilidade-civil-estado\/"},"wordCount":1828,"commentCount":0,"publisher":{"@id":"https:\/\/cj.estrategia.com\/portal\/#organization"},"image":{"@id":"https:\/\/cj.estrategia.com\/portal\/diagnostico-erroneo-hiv-responsabilidade-civil-estado\/#primaryimage"},"thumbnailUrl":"https:\/\/cj.estrategia.com\/portal\/wp-content\/uploads\/2024\/10\/07134449\/image-6.png","keywords":["an\u00e1lise jur\u00eddica"],"articleSection":["Carreiras Jur\u00eddicas","Not\u00edcias"],"inLanguage":"pt-BR","potentialAction":[{"@type":"CommentAction","name":"Comment","target":["https:\/\/cj.estrategia.com\/portal\/diagnostico-erroneo-hiv-responsabilidade-civil-estado\/#respond"]}]},{"@type":"WebPage","@id":"https:\/\/cj.estrategia.com\/portal\/diagnostico-erroneo-hiv-responsabilidade-civil-estado\/","url":"https:\/\/cj.estrategia.com\/portal\/diagnostico-erroneo-hiv-responsabilidade-civil-estado\/","name":"HIV: Diagn\u00f3stico err\u00f4neo e a Responsabilidade Civil do Estado","isPartOf":{"@id":"https:\/\/cj.estrategia.com\/portal\/#website"},"primaryImageOfPage":{"@id":"https:\/\/cj.estrategia.com\/portal\/diagnostico-erroneo-hiv-responsabilidade-civil-estado\/#primaryimage"},"image":{"@id":"https:\/\/cj.estrategia.com\/portal\/diagnostico-erroneo-hiv-responsabilidade-civil-estado\/#primaryimage"},"thumbnailUrl":"https:\/\/cj.estrategia.com\/portal\/wp-content\/uploads\/2024\/10\/07134449\/image-6.png","datePublished":"2024-10-07T17:01:00+00:00","dateModified":"2024-10-14T17:41:22+00:00","description":"Fique por dentro sobre os reflexos da Responsabilidade Civil do Estado quando \u00e9 dado diagn\u00f3stico de HIV err\u00f4neo por Hospital \u00e0 paciente.","breadcrumb":{"@id":"https:\/\/cj.estrategia.com\/portal\/diagnostico-erroneo-hiv-responsabilidade-civil-estado\/#breadcrumb"},"inLanguage":"pt-BR","potentialAction":[{"@type":"ReadAction","target":["https:\/\/cj.estrategia.com\/portal\/diagnostico-erroneo-hiv-responsabilidade-civil-estado\/"]}]},{"@type":"ImageObject","inLanguage":"pt-BR","@id":"https:\/\/cj.estrategia.com\/portal\/diagnostico-erroneo-hiv-responsabilidade-civil-estado\/#primaryimage","url":"https:\/\/cj.estrategia.com\/portal\/wp-content\/uploads\/2024\/10\/07134449\/image-6.png","contentUrl":"https:\/\/cj.estrategia.com\/portal\/wp-content\/uploads\/2024\/10\/07134449\/image-6.png","width":1200,"height":680,"caption":"Diagn\u00f3stico err\u00f4neo HIV"},{"@type":"BreadcrumbList","@id":"https:\/\/cj.estrategia.com\/portal\/diagnostico-erroneo-hiv-responsabilidade-civil-estado\/#breadcrumb","itemListElement":[{"@type":"ListItem","position":1,"name":"In\u00edcio","item":"https:\/\/cj.estrategia.com\/portal\/"},{"@type":"ListItem","position":2,"name":"Hospital dever\u00e1 indenizar paciente ap\u00f3s diagn\u00f3stico err\u00f4neo de HIV \u2013 Uma an\u00e1lise da responsabilidade civil do Estado"}]},{"@type":"WebSite","@id":"https:\/\/cj.estrategia.com\/portal\/#website","url":"https:\/\/cj.estrategia.com\/portal\/","name":"Blog - Carreiras Jur\u00eddicas - Estrat\u00e9gia","description":"","publisher":{"@id":"https:\/\/cj.estrategia.com\/portal\/#organization"},"potentialAction":[{"@type":"SearchAction","target":{"@type":"EntryPoint","urlTemplate":"https:\/\/cj.estrategia.com\/portal\/?s={search_term_string}"},"query-input":{"@type":"PropertyValueSpecification","valueRequired":true,"valueName":"search_term_string"}}],"inLanguage":"pt-BR"},{"@type":"Organization","@id":"https:\/\/cj.estrategia.com\/portal\/#organization","name":"Estrat\u00e9gia - Carreiras Jur\u00eddicas","url":"https:\/\/cj.estrategia.com\/portal\/","logo":{"@type":"ImageObject","inLanguage":"pt-BR","@id":"https:\/\/cj.estrategia.com\/portal\/#\/schema\/logo\/image\/","url":"https:\/\/cj.estrategia.com\/portal\/wp-content\/uploads\/2022\/03\/11151052\/cj-logo.png","contentUrl":"https:\/\/cj.estrategia.com\/portal\/wp-content\/uploads\/2022\/03\/11151052\/cj-logo.png","width":150,"height":39,"caption":"Estrat\u00e9gia - Carreiras Jur\u00eddicas"},"image":{"@id":"https:\/\/cj.estrategia.com\/portal\/#\/schema\/logo\/image\/"},"sameAs":["https:\/\/www.facebook.com\/estrategiacarreirajuridica\/","https:\/\/x.com\/EstratJuridica","https:\/\/www.instagram.com\/estrategiacarreirajuridica\/","https:\/\/www.youtube.com\/channel\/UClbMGuYbj2Mh1m3w144ETWQ"]},{"@type":"Person","@id":"https:\/\/cj.estrategia.com\/portal\/#\/schema\/person\/b5b0253b269d7130d1f7770b1ba29285","name":"Felipe Duque","image":{"@type":"ImageObject","inLanguage":"pt-BR","@id":"https:\/\/cj.estrategia.com\/portal\/wp-content\/uploads\/2024\/08\/06162009\/Captura-de-Tela-2024-08-06-as-16.19.26-96x96.png","url":"https:\/\/cj.estrategia.com\/portal\/wp-content\/uploads\/2024\/08\/06162009\/Captura-de-Tela-2024-08-06-as-16.19.26-96x96.png","contentUrl":"https:\/\/cj.estrategia.com\/portal\/wp-content\/uploads\/2024\/08\/06162009\/Captura-de-Tela-2024-08-06-as-16.19.26-96x96.png","caption":"Felipe Duque"},"description":"Felipe Duque - Mestre em Direito Pol\u00edtico e Econ\u00f4mico na Mackenzie-SP. Graduado em Direito pela Universidade Cat\u00f3lica de Pernambuco, com conclus\u00e3o pelo regime de Aproveitamento Extraordin\u00e1rio nos Estudos (art. 47, \u00a7 2\u00ba, da Lei n\u00ba 9.394\/96). Ex-Assessor de Desembargador no TJPE. Procurador da Fazenda Nacional. Integra voluntariamente a Coordena\u00e7\u00e3o de Assuntos Estrat\u00e9gicos Judiciais da PGFN. Professor do Estrat\u00e9gia Carreira Jur\u00eddica, Estrat\u00e9gia OAB e Buscador Dizer o Direito. Autor do livro \u201cReforma Tribut\u00e1ria Comentada e Esquematizada\u201d, \"Manual de Processo Tribut\u00e1rio: Administrativo e Judicial\" pela editora Juspodivm Parecerista na Revista de Estudos Jur\u00eddicos do Superior Tribunal de Justi\u00e7a (REJuriSTJ)","sameAs":["http:\/\/lattes.cnpq.br\/5755137268084324","https:\/\/www.instagram.com\/felipe_duque\/","https:\/\/br.linkedin.com\/in\/felipe-duque-56954638","https:\/\/x.com\/https:\/\/x.com\/ProfessorDuque","https:\/\/www.youtube.com\/@felipeduque-experienciasco5797"],"url":"https:\/\/cj.estrategia.com\/portal\/author\/felipe-duque\/"}]}},"jetpack_featured_media_url":"https:\/\/cj.estrategia.com\/portal\/wp-content\/uploads\/2024\/10\/07134449\/image-6.png","jetpack_sharing_enabled":true,"_links":{"self":[{"href":"https:\/\/cj.estrategia.com\/portal\/wp-json\/wp\/v2\/posts\/78523","targetHints":{"allow":["GET"]}}],"collection":[{"href":"https:\/\/cj.estrategia.com\/portal\/wp-json\/wp\/v2\/posts"}],"about":[{"href":"https:\/\/cj.estrategia.com\/portal\/wp-json\/wp\/v2\/types\/post"}],"author":[{"embeddable":true,"href":"https:\/\/cj.estrategia.com\/portal\/wp-json\/wp\/v2\/users\/93"}],"replies":[{"embeddable":true,"href":"https:\/\/cj.estrategia.com\/portal\/wp-json\/wp\/v2\/comments?post=78523"}],"version-history":[{"count":4,"href":"https:\/\/cj.estrategia.com\/portal\/wp-json\/wp\/v2\/posts\/78523\/revisions"}],"predecessor-version":[{"id":80209,"href":"https:\/\/cj.estrategia.com\/portal\/wp-json\/wp\/v2\/posts\/78523\/revisions\/80209"}],"wp:featuredmedia":[{"embeddable":true,"href":"https:\/\/cj.estrategia.com\/portal\/wp-json\/wp\/v2\/media\/78720"}],"wp:attachment":[{"href":"https:\/\/cj.estrategia.com\/portal\/wp-json\/wp\/v2\/media?parent=78523"}],"wp:term":[{"taxonomy":"category","embeddable":true,"href":"https:\/\/cj.estrategia.com\/portal\/wp-json\/wp\/v2\/categories?post=78523"},{"taxonomy":"post_tag","embeddable":true,"href":"https:\/\/cj.estrategia.com\/portal\/wp-json\/wp\/v2\/tags?post=78523"},{"taxonomy":"tax_estado","embeddable":true,"href":"https:\/\/cj.estrategia.com\/portal\/wp-json\/wp\/v2\/tax_estado?post=78523"}],"curies":[{"name":"wp","href":"https:\/\/api.w.org\/{rel}","templated":true}]}}