{"id":78459,"date":"2024-10-05T22:49:51","date_gmt":"2024-10-06T01:49:51","guid":{"rendered":"https:\/\/cj.estrategia.com\/portal\/?p=78459"},"modified":"2024-10-21T18:29:47","modified_gmt":"2024-10-21T21:29:47","slug":"plano-saude-sindrome-de-down","status":"publish","type":"post","link":"https:\/\/cj.estrategia.com\/portal\/plano-saude-sindrome-de-down\/","title":{"rendered":"Informativo 826 do STJ &#8211; Plano de sa\u00fade \u00e9 obrigado a cobrir, de forma ilimitada, as terapias prescritas ao paciente com S\u00edndrome de Down\u00a0"},"content":{"rendered":"\n<p><\/p>\n\n\n\n<p>Caros alunos, hoje vamos entender uma decis\u00e3o recente do STJ que traz implica\u00e7\u00f5es significativas para o direito \u00e0 sa\u00fade, especialmente no que tange aos pacientes com S\u00edndrome de Down.<\/p>\n\n\n\n<figure class=\"wp-block-image size-large\"><img decoding=\"async\" width=\"1024\" height=\"683\" src=\"https:\/\/cj.estrategia.com\/portal\/wp-content\/uploads\/2024\/10\/05214126\/physician-noting-down-symptoms-patient-1024x683.jpg\" alt=\"s\u00edndrome de down\" class=\"wp-image-78467\" srcset=\"https:\/\/cj.estrategia.com\/portal\/wp-content\/uploads\/2024\/10\/05214126\/physician-noting-down-symptoms-patient-1024x683.jpg 1024w, https:\/\/cj.estrategia.com\/portal\/wp-content\/uploads\/2024\/10\/05214126\/physician-noting-down-symptoms-patient-300x200.jpg 300w, https:\/\/cj.estrategia.com\/portal\/wp-content\/uploads\/2024\/10\/05214126\/physician-noting-down-symptoms-patient-768x512.jpg 768w, https:\/\/cj.estrategia.com\/portal\/wp-content\/uploads\/2024\/10\/05214126\/physician-noting-down-symptoms-patient-1536x1024.jpg 1536w, https:\/\/cj.estrategia.com\/portal\/wp-content\/uploads\/2024\/10\/05214126\/physician-noting-down-symptoms-patient-2048x1365.jpg 2048w, https:\/\/cj.estrategia.com\/portal\/wp-content\/uploads\/2024\/10\/05214126\/physician-noting-down-symptoms-patient-380x253.jpg 380w, https:\/\/cj.estrategia.com\/portal\/wp-content\/uploads\/2024\/10\/05214126\/physician-noting-down-symptoms-patient-800x533.jpg 800w, https:\/\/cj.estrategia.com\/portal\/wp-content\/uploads\/2024\/10\/05214126\/physician-noting-down-symptoms-patient-1160x773.jpg 1160w, https:\/\/cj.estrategia.com\/portal\/wp-content\/uploads\/2024\/10\/05214126\/physician-noting-down-symptoms-patient-150x100.jpg 150w, https:\/\/cj.estrategia.com\/portal\/wp-content\/uploads\/2024\/10\/05214126\/physician-noting-down-symptoms-patient-scaled.jpg 2560w\" sizes=\"(max-width: 1024px) 100vw, 1024px\" \/><\/figure>\n\n\n\n<p>Assim, foi o destaque no info 826 do STJ de uma decis\u00e3o de 26\/08\/2024 pela 3\u00aa Turma:<\/p>\n\n\n\n<figure class=\"wp-block-image\"><img decoding=\"async\" src=\"https:\/\/lh7-rt.googleusercontent.com\/docsz\/AD_4nXdZHkDJ6ILFc-N4pIz-yreSllFffDTkuak-D1Yz1mn-pqPBP_4Bki0qXnndPcHuk54ed526fAdc7YSDihjHizNjz8qHWErVmq5hmVLAT0TayyJfAjO0U1peDdsHiPcqTt_0L4KB3JJWBpaGuDidkfBXjsREQWiPXyNvCjJ_9A?key=Ka7Vq-QgHZMgFN3IAFzFrw\" alt=\"Interface gr\u00e1fica do usu\u00e1rio, Aplicativo\n\nDescri\u00e7\u00e3o gerada automaticamente\"\/><\/figure>\n\n\n\n<p>\u00c9 interessante porque esta decis\u00e3o n\u00e3o apenas reafirma a obrigatoriedade de cobertura ilimitada de tratamentos para esses pacientes, mas tamb\u00e9m nos oferece uma oportunidade de aprender os interesses dos mais vulner\u00e1veis.<\/p>\n\n\n\n<p>Isto porque, ela tamb\u00e9m se baseia numa decis\u00e3o anterior da Min. Nancy em que vamos us\u00e1-la para comentar, j\u00e1 que \u00e9 uma decis\u00e3o p\u00fablica, diferentemente da divulgada no informativo 826 do STJ:<\/p>\n\n\n\n<pre class=\"wp-block-preformatted\"><strong>PROCESSUAL CIVIL. AGRAVO INTERNO NO AGRAVO EM RECURSO ESPECIAL. A\u00c7\u00c3O DE OBRIGA\u00c7\u00c3O DE FAZER. PLANO DE SA\u00daDE. BENEFICI\u00c1RIO PORTADOR DE S\u00cdNDROME DE DOWN. PRESCRI\u00c7\u00c3O DE TRATAMENTO COM TERAPIAS MULTIDISCIPLINARES. COBERTURA OBRIGAT\u00d3RIA.\n<\/strong>\n1. A\u00e7\u00e3o de obriga\u00e7\u00e3o de fazer.\n\n2. Embora fixando a tese quanto \u00e0 taxatividade, em regra, do rol de procedimentos e eventos em sa\u00fade da ANS, a Segunda Se\u00e7\u00e3o negou provimento ao EREsp 1.889.704\/SP da operadora do plano de sa\u00fade, para manter ac\u00f3rd\u00e3o da Terceira Turma que concluiu ser abusiva a recusa de cobertura de sess\u00f5es de terapias especializadas prescritas para o tratamento de transtorno do espectro autista (TEA).\n\n3. Ao julgamento realizado pela Segunda Se\u00e7\u00e3o, sobrevieram diversas manifesta\u00e7\u00f5es da ANS, no sentido de reafirmar a import\u00e2ncia das terapias multidisciplinares para os portadores de transtornos globais do desenvolvimento, e de favorecer, por conseguinte, o seu tratamento integral e ilimitado.\n\n4. Segundo a diretriz da ANS, o fato de a s\u00edndrome de Down n\u00e3o estar enquadrada na CID F84 (transtornos globais do desenvolvimento) n\u00e3o afasta a obriga\u00e7\u00e3o de a operadora cobrir o tratamento multidisciplinar e ilimitado prescrito ao benefici\u00e1rio com essa condi\u00e7\u00e3o que apresente quaisquer dos transtornos globais do desenvolvimento.\n\n5. A Corte Especial do STJ orienta que o julgador se vincula apenas aos precedentes existentes no momento em que presta sua jurisdi\u00e7\u00e3o.\n\n6. Agravo interno desprovido.\n\n<strong>(AgInt no AREsp n. 2.543.020\/SP, relatora Ministra Nancy Andrighi, Terceira Turma, julgado em 24\/6\/2024, DJe de 26\/6\/2024.)<\/strong><\/pre>\n\n\n\n<h2 class=\"wp-block-heading\" id=\"h-o-caso-sindrome-de-down\" style=\"font-style:normal;font-weight:400\"><span id=\"o-caso-sindrome-de-down\"><strong>O caso &#8211; S\u00edndrome de Down<\/strong><\/span><\/h2>\n\n\n\n<p>O caso em quest\u00e3o envolve um paciente menor de idade, portador de S\u00edndrome de Down, que moveu uma a\u00e7\u00e3o contra uma operadora de plano de sa\u00fade buscando cobertura ilimitada para terapias multidisciplinares prescritas por seu m\u00e9dico.&nbsp;<\/p>\n\n\n\n<div class=\"wp-block-group is-style-cnvs-block-bordered\"><div class=\"wp-block-group__inner-container is-layout-constrained wp-block-group-is-layout-constrained\">\n<ul class=\"is-style-cnvs-list-styled-positive wp-block-list\">\n<li><strong>Autor:<\/strong> Diagnosticado com s\u00edndrome de Down e com transtorno do d\u00e9ficit de aten\u00e7\u00e3o e de hiperatividade TDAH.<\/li>\n\n\n\n<li><strong>Precri\u00e7\u00e3o de tratamento:<\/strong> Sess\u00f5es de terapia ocupacional, psicoterapia,  fonoaudiologia e  fisioterapia com o uso do m\u00e9todo Bobath.<\/li>\n<\/ul>\n<\/div><\/div>\n\n\n\n<p><strong>O que o plano de sa\u00fade disse?<\/strong><\/p>\n\n\n\n<div class=\"wp-block-group\"><div class=\"wp-block-group__inner-container is-layout-constrained wp-block-group-is-layout-constrained\">\n<p>Negativa de cobertura sob o fundamento de n\u00e3o haver tipifica\u00e7\u00e3o no rol de procedimentos e eventos de sa\u00fade da ANS.<\/p>\n<\/div><\/div>\n\n\n\n<p>Veja, o cerne da quest\u00e3o reside na interpreta\u00e7\u00e3o do alcance das obriga\u00e7\u00f5es das operadoras de planos de sa\u00fade frente \u00e0s necessidades espec\u00edficas de pacientes com condi\u00e7\u00f5es cr\u00f4nicas e complexas.<\/p>\n\n\n\n<h4 class=\"wp-block-heading\" id=\"h-ora-mas-o-rol-dos-exames-e-tratamentos-da-ans-e-exemplificativo-ou-taxativo\" style=\"font-style:normal;font-weight:400\"><span id=\"ora-mas-o-rol-dos-exames-e-tratamentos-da-ans-e-exemplificativo-ou-taxativo\"><strong>Ora, mas o rol dos exames e tratamentos da ANS \u00e9 exemplificativo ou taxativo?<\/strong><\/span><\/h4>\n\n\n\n<p>Em junho de 2022, o STJ decidiu que o rol de Procedimentos e Eventos em Sa\u00fade Suplementar \u00e9, em regra, taxativo (STJ. 2\u00aa Se\u00e7\u00e3o EREsp 1886929-SP, Rel. Min. Luis Felipe Salom\u00e3o, julgado em 08\/06\/2022).<\/p>\n\n\n\n<p>Ocorre que, depois de uma grande mobiliza\u00e7\u00e3o popular, o Congresso Nacional editou a Lei n\u00ba 14.454\/2022, que buscou superar o entendimento firmado pelo STJ.<\/p>\n\n\n\n<p>A Lei n\u00ba 14.454\/2022 alterou o art. 10 da Lei dos Planos de Sa\u00fade (Lei n\u00ba 9.656\/98), incluindo o \u00a7 12, <strong>que prev\u00ea o car\u00e1ter exemplificativo<\/strong> do rol da ANS:<\/p>\n\n\n\n<pre class=\"wp-block-preformatted\">Art. 10 (...)\n\n\u00a7 12. O rol de procedimentos e eventos em sa\u00fade suplementar, atualizado pela ANS a cada nova incorpora\u00e7\u00e3o, constitui a refer\u00eancia b\u00e1sica para os planos privados de assist\u00eancia \u00e0 sa\u00fade contratados a partir de 1\u00ba de janeiro de 1999 e para os contratos adaptados a esta Lei e fixa as diretrizes de aten\u00e7\u00e3o \u00e0 sa\u00fade.<\/pre>\n\n\n\n<p>Contudo, vale ressaltar que, para o plano de sa\u00fade ser compelido a custear, \u00e9 necess\u00e1rio que esteja comprovada a efic\u00e1cia do tratamento ou procedimento, nos termos do \u00a7 13, tamb\u00e9m inserido:<\/p>\n\n\n\n<pre class=\"wp-block-preformatted\">\u00a7 13. Em caso de tratamento ou procedimento prescrito por m\u00e9dico ou odont\u00f3logo assistente que n\u00e3o estejam previstos no rol referido no \u00a7 12 deste artigo, a cobertura dever\u00e1 ser autorizada pela operadora de planos de assist\u00eancia \u00e0 sa\u00fade, desde que:\n\nI - exista comprova\u00e7\u00e3o da efic\u00e1cia, \u00e0 luz das ci\u00eancias da sa\u00fade, baseada em evid\u00eancias cient\u00edficas e plano terap\u00eautico; ou\n\nII - existam recomenda\u00e7\u00f5es pela Comiss\u00e3o Nacional de Incorpora\u00e7\u00e3o de Tecnologias no Sistema \u00danico de Sa\u00fade (Conitec), ou exista recomenda\u00e7\u00e3o de, no m\u00ednimo, 1 (um) \u00f3rg\u00e3o de avalia\u00e7\u00e3o de tecnologias em sa\u00fade que tenha renome internacional, desde que sejam aprovadas tamb\u00e9m para seus nacionais.<\/pre>\n\n\n\n<p>Assim, ao analisar este caso, o STJ foi categ\u00f3rico em sua decis\u00e3o, afirmando que &#8220;o plano de sa\u00fade \u00e9 obrigado a cobrir, de forma ilimitada, as terapias prescritas ao paciente com S\u00edndrome de Down&#8221;.&nbsp;<\/p>\n\n\n\n<p>Veja, a Lei 9.656\/98, que regulamenta os planos de sa\u00fade, estabelece em seu artigo 10 que:<\/p>\n\n\n\n<pre class=\"wp-block-preformatted\">\"\u00c9 institu\u00eddo o plano-refer\u00eancia de assist\u00eancia \u00e0 sa\u00fade, com cobertura assistencial m\u00e9dico-ambulatorial e hospitalar, compreendendo partos e tratamentos, realizados exclusivamente no Brasil, com padr\u00e3o de enfermaria, centro de terapia intensiva, ou similar, quando necess\u00e1ria a interna\u00e7\u00e3o hospitalar, das doen\u00e7as listadas na Classifica\u00e7\u00e3o Estat\u00edstica Internacional de Doen\u00e7as e Problemas Relacionados com a Sa\u00fade, da Organiza\u00e7\u00e3o Mundial de Sa\u00fade...\"<\/pre>\n\n\n\n<p>Este artigo, \u00e0 primeira vista, poderia sugerir uma limita\u00e7\u00e3o \u00e0s coberturas obrigat\u00f3rias.&nbsp;<\/p>\n\n\n\n<p>No entanto, o STJ n\u00e3o se limitou a uma interpreta\u00e7\u00e3o restritiva desta lei.&nbsp;<\/p>\n\n\n\n<p>Pelo contr\u00e1rio, buscou uma interpreta\u00e7\u00e3o sistem\u00e1tica, considerando tamb\u00e9m o C\u00f3digo de Defesa do Consumidor e a Lei Brasileira de Inclus\u00e3o da Pessoa com Defici\u00eancia.<\/p>\n\n\n\n<p>Dessa forma, o C\u00f3digo de Defesa do Consumidor, Lei 8.078\/90, traz em seu artigo 47 o seguinte:&nbsp;<\/p>\n\n\n\n<pre class=\"wp-block-preformatted\">\"As cl\u00e1usulas contratuais ser\u00e3o interpretadas de maneira mais favor\u00e1vel ao consumidor.\"&nbsp;<\/pre>\n\n\n\n<p>Este princ\u00edpio, quando aplicado aos contratos de planos de sa\u00fade, sugere que, em caso de d\u00favida, a interpreta\u00e7\u00e3o deve favorecer a cobertura mais ampla para o benefici\u00e1rio.<\/p>\n\n\n\n<h3 class=\"wp-block-heading\" id=\"h-interpretacao-com-base-na-lei-brasileira-de-inclusao-sindrome-de-down\" style=\"font-style:normal;font-weight:400\"><span id=\"interpretacao-com-base-na-lei-brasileira-de-inclusao-sindrome-de-down\"><strong>Interpreta\u00e7\u00e3o com Base na Lei Brasileira de Inclus\u00e3o<\/strong> <mark style=\"background-color:rgba(0, 0, 0, 0)\" class=\"has-inline-color has-white-color\">&#8211; s\u00edndrome de down<\/mark><\/span><\/h3>\n\n\n\n<p>Ademais, a Lei Brasileira de Inclus\u00e3o da Pessoa com Defici\u00eancia (Lei 13.146\/2015) refor\u00e7a a necessidade de prote\u00e7\u00e3o integral \u00e0 sa\u00fade das pessoas com defici\u00eancia. Dessa forma, o artigo 18 desta lei \u00e9 particularmente relevante:<\/p>\n\n\n\n<pre class=\"wp-block-preformatted\">\"\u00c9 assegurada aten\u00e7\u00e3o integral \u00e0 sa\u00fade da pessoa com defici\u00eancia em todos os n\u00edveis de complexidade, por interm\u00e9dio do Sistema \u00danico de Sa\u00fade (SUS), garantido acesso universal e igualit\u00e1rio.\"<\/pre>\n\n\n\n<p>Embora este artigo se refira especificamente ao SUS, o STJ parece ter estendido esse princ\u00edpio de aten\u00e7\u00e3o integral tamb\u00e9m aos planos de sa\u00fade privados, reconhecendo a import\u00e2ncia fundamental do direito \u00e0 sa\u00fade.<\/p>\n\n\n\n<h3 class=\"wp-block-heading\" id=\"h-resolucao-normativa-ans-539-2022\" style=\"font-style:normal;font-weight:400\"><span id=\"resolucao-normativa-ans-539-2022\"><strong>Resolu\u00e7\u00e3o Normativa ANS 539\/2022<\/strong><\/span><\/h3>\n\n\n\n<p>Um ponto crucial da decis\u00e3o do STJ foi a considera\u00e7\u00e3o das manifesta\u00e7\u00f5es recentes da Ag\u00eancia Nacional de Sa\u00fade Suplementar (ANS). O STJ fez refer\u00eancia espec\u00edfica \u00e0 Resolu\u00e7\u00e3o Normativa ANS 539\/2022, que tornou obrigat\u00f3ria a cobertura de qualquer m\u00e9todo ou t\u00e9cnica indicado pelo m\u00e9dico assistente para o tratamento de transtornos globais do desenvolvimento.<\/p>\n\n\n\n<p>De forma interessante, o STJ foi al\u00e9m, afirmando que:<\/p>\n\n\n\n<div class=\"wp-block-group is-style-cnvs-block-bg-light has-background\" style=\"background-color:#daa00096\"><div class=\"wp-block-group__inner-container is-layout-constrained wp-block-group-is-layout-constrained\">\n<p>&nbsp;&#8220;o fato de a s\u00edndrome de Down n\u00e3o estar enquadrada na CID F84 (transtornos globais do desenvolvimento) n\u00e3o afasta a obriga\u00e7\u00e3o de a operadora cobrir o tratamento multidisciplinar e ilimitado prescrito ao benefici\u00e1rio com essa condi\u00e7\u00e3o&#8221;.&nbsp;<\/p>\n<\/div><\/div>\n\n\n\n<p>Por fim, um destaque no voto da Min. Nancy:<\/p>\n\n\n\n<figure class=\"wp-block-pullquote has-text-color has-link-color wp-elements-7ac357b0d15d3899dfb2e3604fdd0d61\" style=\"color:#daa00096\"><blockquote><p><mark style=\"background-color:rgba(0, 0, 0, 0);color:#bc9300\" class=\"has-inline-color\">N\u00e3o \u00e9 atribui\u00e7\u00e3o do plano de sa\u00fade definir quais s\u00e3o os tratamentos ou terapias necess\u00e1rias para se auxiliar no desenvolvimento f\u00edsico, cognitivo e social do autor.<\/mark><\/p><\/blockquote><\/figure>\n\n\n\n<p>Em outras palavras, compete ao m\u00e9dico do assistente dizer qual o melhor tratamento (caso haja efic\u00e1cia comprovada) para sanear a sa\u00fade do autor, e n\u00e3o o plano de sa\u00fade ditar o que pode ou n\u00e3o ser feito a t\u00edtulo de recupera\u00e7\u00e3o plena da sa\u00fade.<\/p>\n\n\n\n<p>Al\u00e9m disso, h\u00e1 outro julgado interessante do STJ recente:<\/p>\n\n\n\n<p><strong>A natureza taxativa ou exemplificativa do rol da ANS n\u00e3o importa para fins de an\u00e1lise do dever de cobertura de medicamentos para o tratamento de c\u00e2ncer. &nbsp;&nbsp;<\/strong>STJ. 4\u00aa Turma. AgInt no REsp 2.017.851-SP, Rel. Min. Marco Buzzi, julgado em 26\/2\/2024 (Info 808).<\/p>\n\n\n\n<h2 class=\"wp-block-heading\" id=\"h-como-o-tema-ja-caiu-em-concursos\"><span id=\"como-o-tema-ja-caiu-em-concursos\">Como o tema j\u00e1 caiu em concursos:<\/span><\/h2>\n\n\n\n<div class=\"wp-block-group is-style-cnvs-block-bordered\"><div class=\"wp-block-group__inner-container is-layout-constrained wp-block-group-is-layout-constrained\">\n<p><strong>CESPE \/ CEBRASPE &#8211; 2021 &#8211; MPE-SC &#8211; Promotor de Justi\u00e7a Substituto &#8211; Prova 2<\/strong><\/p>\n\n\n\n<p>Ainda com rela\u00e7\u00e3o ao CDC e aos direitos do consumidor, julgue o item que se segue.<\/p>\n\n\n\n<p>\u00c9 l\u00edcito aos planos de sa\u00fade negar a cobertura de tratamento prescrito por m\u00e9dico para o restabelecimento do usu\u00e1rio, mas n\u00e3o previsto no rol de procedimentos da Ag\u00eancia Nacional de Sa\u00fade (ANS).<\/p>\n\n\n\n<p><strong>Gabarito oficial \u00e0 \u00e9poca: Certo<\/strong><\/p>\n\n\n\n<p>Coment\u00e1rio: Vejo que a quest\u00e3o seria anul\u00e1vel hoje. Se generalizarmos o plano de sa\u00fade at\u00e9 pode negar em circunst\u00e2ncias excepcionais (ex: aus\u00eancia de efic\u00e1cia do tratamento). Mas hoje, n\u00e3o podemos dizer que o simples fato de n\u00e3o estar no rol, seria um motivo da negativa.<\/p>\n<\/div><\/div>\n\n\n\n<div class=\"wp-block-group is-style-cnvs-block-bordered\"><div class=\"wp-block-group__inner-container is-layout-constrained wp-block-group-is-layout-constrained\">\n<p><strong>CESPE &#8211; 2019 &#8211; TJ-BA &#8211; Juiz de Direito Substituto<\/strong><\/p>\n\n\n\n<p>A respeito de cl\u00e1usulas abusivas, prescri\u00e7\u00e3o, prote\u00e7\u00e3o contratual e rela\u00e7\u00e3o entre consumidor e planos de sa\u00fade, assinale a op\u00e7\u00e3o correta, de acordo com o entendimento jurisprudencial do STJ:<\/p>\n\n\n\n<p>a) A operadora de plano de sa\u00fade pode estabelecer, no contrato, as doen\u00e7as que ter\u00e3o cobertura, mas n\u00e3o pode limitar o tipo de tratamento a ser utilizado pelo paciente, exceto se tal tratamento n\u00e3o constar na lista de procedimentos da ANS.<strong>(errado)<\/strong><\/p>\n<\/div><\/div>\n\n\n\n<p class=\"has-text-align-center is-style-default\" style=\"font-size:24px;font-style:normal;font-weight:400\">Quer saber quais ser\u00e3o os pr\u00f3ximos concursos?<\/p>\n\n\n\n<p class=\"has-text-align-center\">Confira nossos&nbsp;<a href=\"https:\/\/cj.estrategia.com\/portal\/\" target=\"_blank\" >artigos para Carreiras Jur\u00eddicas<\/a>!<\/p>\n\n\n\n<p class=\"has-text-align-center has-white-color has-pale-cyan-blue-background-color has-text-color has-background has-link-color wp-elements-1452b92fd003dcb03b27128cfbd399ee\"><a href=\"https:\/\/www.estrategiaconcursos.com.br\/blog\/concursos-abertos\/\" target=\"_blank\" ><strong>Confira os concursos p\u00fablicos abertos<\/strong><\/a><\/p>\n\n\n\n<p class=\"has-text-align-center has-white-color has-pale-cyan-blue-background-color has-text-color has-background has-link-color wp-elements-4342691eed34cfab132bf084a4b5a528\"><a href=\"https:\/\/cj.estrategia.com\/portal\/concursos-2025-carreiras-juridicas\/\" target=\"_blank\" ><strong>Concursos 2025<\/strong><\/a><\/p>\n","protected":false},"excerpt":{"rendered":"Caros alunos, hoje vamos entender uma decis\u00e3o recente do STJ que traz implica\u00e7\u00f5es significativas para o direito \u00e0&hellip;\n","protected":false},"author":93,"featured_media":78467,"comment_status":"open","ping_status":"open","sticky":false,"template":"","format":"standard","meta":{"_jetpack_memberships_contains_paid_content":false,"footnotes":""},"categories":[1],"tags":[336,1117,1114,1115,1116,202],"tax_estado":[30,31,32,33,34,35,36,37,38,39,40,41,42,43,44,45,46,47,48,49,50,51,52,53,54,55,56,57],"class_list":{"0":"post-78459","1":"post","2":"type-post","3":"status-publish","4":"format-standard","5":"has-post-thumbnail","7":"category-carreiras-juridicas","8":"tag-analise-juridica","9":"tag-ans","10":"tag-informativo-826","11":"tag-plano-de-saude","12":"tag-sindrome-de-down","13":"tag-stj","14":"tax_estado-ac","15":"tax_estado-al","16":"tax_estado-am","17":"tax_estado-ap","18":"tax_estado-ba","19":"tax_estado-ce","20":"tax_estado-concursos-federais","21":"tax_estado-df","22":"tax_estado-es","23":"tax_estado-go","24":"tax_estado-ma","25":"tax_estado-mg","26":"tax_estado-ms","27":"tax_estado-mt","28":"tax_estado-pa","29":"tax_estado-pb","30":"tax_estado-pe","31":"tax_estado-pi","32":"tax_estado-pr","33":"tax_estado-rj","34":"tax_estado-rn","35":"tax_estado-ro","36":"tax_estado-rr","37":"tax_estado-rs","38":"tax_estado-sc","39":"tax_estado-se","40":"tax_estado-sp","41":"tax_estado-to"},"acf":[],"yoast_head":"<!-- This site is optimized with the Yoast SEO Premium plugin v27.4 (Yoast SEO v27.4) - https:\/\/yoast.com\/product\/yoast-seo-premium-wordpress\/ -->\n<title>S\u00edndrome de Down: Informativo 186 garante cobertura de terapia<\/title>\n<meta name=\"description\" content=\"Conv\u00eanios m\u00e9dicos devem cobrir terapias ilimitadas para pacientes com S\u00edndrome de Down, conforme decis\u00e3o do STJ no Informativo 826.\" \/>\n<meta name=\"robots\" content=\"index, follow, max-snippet:-1, max-image-preview:large, max-video-preview:-1\" \/>\n<link rel=\"canonical\" href=\"https:\/\/cj.estrategia.com\/portal\/plano-saude-sindrome-de-down\/\" \/>\n<meta property=\"og:locale\" content=\"pt_BR\" \/>\n<meta property=\"og:type\" content=\"article\" \/>\n<meta property=\"og:title\" content=\"Informativo 826 do STJ - Plano de sa\u00fade \u00e9 obrigado a cobrir, de forma ilimitada, as terapias prescritas ao paciente com S\u00edndrome de Down\u00a0\" \/>\n<meta property=\"og:description\" content=\"Conv\u00eanios m\u00e9dicos devem cobrir terapias ilimitadas para pacientes com S\u00edndrome de Down, conforme decis\u00e3o do STJ no Informativo 826.\" \/>\n<meta property=\"og:url\" content=\"https:\/\/cj.estrategia.com\/portal\/plano-saude-sindrome-de-down\/\" \/>\n<meta property=\"og:site_name\" content=\"Blog - Carreiras Jur\u00eddicas - Estrat\u00e9gia\" \/>\n<meta property=\"article:publisher\" content=\"https:\/\/www.facebook.com\/estrategiacarreirajuridica\/\" \/>\n<meta property=\"article:published_time\" content=\"2024-10-06T01:49:51+00:00\" \/>\n<meta property=\"article:modified_time\" content=\"2024-10-21T21:29:47+00:00\" \/>\n<meta property=\"og:image\" content=\"https:\/\/cj.estrategia.com\/portal\/wp-content\/uploads\/2024\/10\/05214126\/physician-noting-down-symptoms-patient-scaled.jpg\" \/>\n\t<meta property=\"og:image:width\" content=\"2560\" \/>\n\t<meta property=\"og:image:height\" content=\"1707\" \/>\n\t<meta property=\"og:image:type\" content=\"image\/jpeg\" \/>\n<meta name=\"author\" content=\"Felipe Duque\" \/>\n<meta name=\"twitter:card\" content=\"summary_large_image\" \/>\n<meta name=\"twitter:creator\" content=\"@https:\/\/x.com\/ProfessorDuque\" \/>\n<meta name=\"twitter:site\" content=\"@EstratJuridica\" \/>\n<meta name=\"twitter:label1\" content=\"Escrito por\" \/>\n\t<meta name=\"twitter:data1\" content=\"Felipe Duque\" \/>\n\t<meta name=\"twitter:label2\" content=\"Est. tempo de leitura\" \/>\n\t<meta name=\"twitter:data2\" content=\"7 minutos\" \/>\n<script type=\"application\/ld+json\" class=\"yoast-schema-graph\">{\"@context\":\"https:\\\/\\\/schema.org\",\"@graph\":[{\"@type\":\"NewsArticle\",\"@id\":\"https:\\\/\\\/cj.estrategia.com\\\/portal\\\/plano-saude-sindrome-de-down\\\/#article\",\"isPartOf\":{\"@id\":\"https:\\\/\\\/cj.estrategia.com\\\/portal\\\/plano-saude-sindrome-de-down\\\/\"},\"author\":{\"name\":\"Felipe Duque\",\"@id\":\"https:\\\/\\\/cj.estrategia.com\\\/portal\\\/#\\\/schema\\\/person\\\/b5b0253b269d7130d1f7770b1ba29285\"},\"headline\":\"Informativo 826 do STJ &#8211; Plano de sa\u00fade \u00e9 obrigado a cobrir, de forma ilimitada, as terapias prescritas ao paciente com S\u00edndrome de Down\u00a0\",\"datePublished\":\"2024-10-06T01:49:51+00:00\",\"dateModified\":\"2024-10-21T21:29:47+00:00\",\"mainEntityOfPage\":{\"@id\":\"https:\\\/\\\/cj.estrategia.com\\\/portal\\\/plano-saude-sindrome-de-down\\\/\"},\"wordCount\":1190,\"commentCount\":0,\"publisher\":{\"@id\":\"https:\\\/\\\/cj.estrategia.com\\\/portal\\\/#organization\"},\"image\":{\"@id\":\"https:\\\/\\\/cj.estrategia.com\\\/portal\\\/plano-saude-sindrome-de-down\\\/#primaryimage\"},\"thumbnailUrl\":\"https:\\\/\\\/cj.estrategia.com\\\/portal\\\/wp-content\\\/uploads\\\/2024\\\/10\\\/05214126\\\/physician-noting-down-symptoms-patient-scaled.jpg\",\"keywords\":[\"an\u00e1lise jur\u00eddica\",\"ANS\",\"Informativo 826\",\"Plano de sa\u00fade\",\"S\u00edndrome de Down\",\"STJ\"],\"articleSection\":[\"Carreiras Jur\u00eddicas\"],\"inLanguage\":\"pt-BR\",\"potentialAction\":[{\"@type\":\"CommentAction\",\"name\":\"Comment\",\"target\":[\"https:\\\/\\\/cj.estrategia.com\\\/portal\\\/plano-saude-sindrome-de-down\\\/#respond\"]}]},{\"@type\":\"WebPage\",\"@id\":\"https:\\\/\\\/cj.estrategia.com\\\/portal\\\/plano-saude-sindrome-de-down\\\/\",\"url\":\"https:\\\/\\\/cj.estrategia.com\\\/portal\\\/plano-saude-sindrome-de-down\\\/\",\"name\":\"S\u00edndrome de Down: Informativo 186 garante cobertura de terapia\",\"isPartOf\":{\"@id\":\"https:\\\/\\\/cj.estrategia.com\\\/portal\\\/#website\"},\"primaryImageOfPage\":{\"@id\":\"https:\\\/\\\/cj.estrategia.com\\\/portal\\\/plano-saude-sindrome-de-down\\\/#primaryimage\"},\"image\":{\"@id\":\"https:\\\/\\\/cj.estrategia.com\\\/portal\\\/plano-saude-sindrome-de-down\\\/#primaryimage\"},\"thumbnailUrl\":\"https:\\\/\\\/cj.estrategia.com\\\/portal\\\/wp-content\\\/uploads\\\/2024\\\/10\\\/05214126\\\/physician-noting-down-symptoms-patient-scaled.jpg\",\"datePublished\":\"2024-10-06T01:49:51+00:00\",\"dateModified\":\"2024-10-21T21:29:47+00:00\",\"description\":\"Conv\u00eanios m\u00e9dicos devem cobrir terapias ilimitadas para pacientes com S\u00edndrome de Down, conforme decis\u00e3o do STJ no Informativo 826.\",\"breadcrumb\":{\"@id\":\"https:\\\/\\\/cj.estrategia.com\\\/portal\\\/plano-saude-sindrome-de-down\\\/#breadcrumb\"},\"inLanguage\":\"pt-BR\",\"potentialAction\":[{\"@type\":\"ReadAction\",\"target\":[\"https:\\\/\\\/cj.estrategia.com\\\/portal\\\/plano-saude-sindrome-de-down\\\/\"]}]},{\"@type\":\"ImageObject\",\"inLanguage\":\"pt-BR\",\"@id\":\"https:\\\/\\\/cj.estrategia.com\\\/portal\\\/plano-saude-sindrome-de-down\\\/#primaryimage\",\"url\":\"https:\\\/\\\/cj.estrategia.com\\\/portal\\\/wp-content\\\/uploads\\\/2024\\\/10\\\/05214126\\\/physician-noting-down-symptoms-patient-scaled.jpg\",\"contentUrl\":\"https:\\\/\\\/cj.estrategia.com\\\/portal\\\/wp-content\\\/uploads\\\/2024\\\/10\\\/05214126\\\/physician-noting-down-symptoms-patient-scaled.jpg\",\"width\":2560,\"height\":1707},{\"@type\":\"BreadcrumbList\",\"@id\":\"https:\\\/\\\/cj.estrategia.com\\\/portal\\\/plano-saude-sindrome-de-down\\\/#breadcrumb\",\"itemListElement\":[{\"@type\":\"ListItem\",\"position\":1,\"name\":\"In\u00edcio\",\"item\":\"https:\\\/\\\/cj.estrategia.com\\\/portal\\\/\"},{\"@type\":\"ListItem\",\"position\":2,\"name\":\"Informativo 826 do STJ &#8211; Plano de sa\u00fade \u00e9 obrigado a cobrir, de forma ilimitada, as terapias prescritas ao paciente com S\u00edndrome de Down\u00a0\"}]},{\"@type\":\"WebSite\",\"@id\":\"https:\\\/\\\/cj.estrategia.com\\\/portal\\\/#website\",\"url\":\"https:\\\/\\\/cj.estrategia.com\\\/portal\\\/\",\"name\":\"Blog - Carreiras Jur\u00eddicas - Estrat\u00e9gia\",\"description\":\"\",\"publisher\":{\"@id\":\"https:\\\/\\\/cj.estrategia.com\\\/portal\\\/#organization\"},\"potentialAction\":[{\"@type\":\"SearchAction\",\"target\":{\"@type\":\"EntryPoint\",\"urlTemplate\":\"https:\\\/\\\/cj.estrategia.com\\\/portal\\\/?s={search_term_string}\"},\"query-input\":{\"@type\":\"PropertyValueSpecification\",\"valueRequired\":true,\"valueName\":\"search_term_string\"}}],\"inLanguage\":\"pt-BR\"},{\"@type\":\"Organization\",\"@id\":\"https:\\\/\\\/cj.estrategia.com\\\/portal\\\/#organization\",\"name\":\"Estrat\u00e9gia - Carreiras Jur\u00eddicas\",\"url\":\"https:\\\/\\\/cj.estrategia.com\\\/portal\\\/\",\"logo\":{\"@type\":\"ImageObject\",\"inLanguage\":\"pt-BR\",\"@id\":\"https:\\\/\\\/cj.estrategia.com\\\/portal\\\/#\\\/schema\\\/logo\\\/image\\\/\",\"url\":\"https:\\\/\\\/cj.estrategia.com\\\/portal\\\/wp-content\\\/uploads\\\/2022\\\/03\\\/11151052\\\/cj-logo.png\",\"contentUrl\":\"https:\\\/\\\/cj.estrategia.com\\\/portal\\\/wp-content\\\/uploads\\\/2022\\\/03\\\/11151052\\\/cj-logo.png\",\"width\":150,\"height\":39,\"caption\":\"Estrat\u00e9gia - Carreiras Jur\u00eddicas\"},\"image\":{\"@id\":\"https:\\\/\\\/cj.estrategia.com\\\/portal\\\/#\\\/schema\\\/logo\\\/image\\\/\"},\"sameAs\":[\"https:\\\/\\\/www.facebook.com\\\/estrategiacarreirajuridica\\\/\",\"https:\\\/\\\/x.com\\\/EstratJuridica\",\"https:\\\/\\\/www.instagram.com\\\/estrategiacarreirajuridica\\\/\",\"https:\\\/\\\/www.youtube.com\\\/channel\\\/UClbMGuYbj2Mh1m3w144ETWQ\"]},{\"@type\":\"Person\",\"@id\":\"https:\\\/\\\/cj.estrategia.com\\\/portal\\\/#\\\/schema\\\/person\\\/b5b0253b269d7130d1f7770b1ba29285\",\"name\":\"Felipe Duque\",\"image\":{\"@type\":\"ImageObject\",\"inLanguage\":\"pt-BR\",\"@id\":\"https:\\\/\\\/cj.estrategia.com\\\/portal\\\/wp-content\\\/uploads\\\/2024\\\/08\\\/06162009\\\/Captura-de-Tela-2024-08-06-as-16.19.26-96x96.png\",\"url\":\"https:\\\/\\\/cj.estrategia.com\\\/portal\\\/wp-content\\\/uploads\\\/2024\\\/08\\\/06162009\\\/Captura-de-Tela-2024-08-06-as-16.19.26-96x96.png\",\"contentUrl\":\"https:\\\/\\\/cj.estrategia.com\\\/portal\\\/wp-content\\\/uploads\\\/2024\\\/08\\\/06162009\\\/Captura-de-Tela-2024-08-06-as-16.19.26-96x96.png\",\"caption\":\"Felipe Duque\"},\"description\":\"Felipe Duque - Mestre em Direito Pol\u00edtico e Econ\u00f4mico na Mackenzie-SP. Graduado em Direito pela Universidade Cat\u00f3lica de Pernambuco, com conclus\u00e3o pelo regime de Aproveitamento Extraordin\u00e1rio nos Estudos (art. 47, \u00a7 2\u00ba, da Lei n\u00ba 9.394\\\/96). Ex-Assessor de Desembargador no TJPE. Procurador da Fazenda Nacional. Integra voluntariamente a Coordena\u00e7\u00e3o de Assuntos Estrat\u00e9gicos Judiciais da PGFN. Professor do Estrat\u00e9gia Carreira Jur\u00eddica, Estrat\u00e9gia OAB e Buscador Dizer o Direito. Autor do livro \u201cReforma Tribut\u00e1ria Comentada e Esquematizada\u201d, \\\"Manual de Processo Tribut\u00e1rio: Administrativo e Judicial\\\" pela editora Juspodivm Parecerista na Revista de Estudos Jur\u00eddicos do Superior Tribunal de Justi\u00e7a (REJuriSTJ)\",\"sameAs\":[\"http:\\\/\\\/lattes.cnpq.br\\\/5755137268084324\",\"https:\\\/\\\/www.instagram.com\\\/felipe_duque\\\/\",\"https:\\\/\\\/br.linkedin.com\\\/in\\\/felipe-duque-56954638\",\"https:\\\/\\\/x.com\\\/https:\\\/\\\/x.com\\\/ProfessorDuque\",\"https:\\\/\\\/www.youtube.com\\\/@felipeduque-experienciasco5797\"],\"url\":\"https:\\\/\\\/cj.estrategia.com\\\/portal\\\/author\\\/felipe-duque\\\/\"}]}<\/script>\n<!-- \/ Yoast SEO Premium plugin. -->","yoast_head_json":{"title":"S\u00edndrome de Down: Informativo 186 garante cobertura de terapia","description":"Conv\u00eanios m\u00e9dicos devem cobrir terapias ilimitadas para pacientes com S\u00edndrome de Down, conforme decis\u00e3o do STJ no Informativo 826.","robots":{"index":"index","follow":"follow","max-snippet":"max-snippet:-1","max-image-preview":"max-image-preview:large","max-video-preview":"max-video-preview:-1"},"canonical":"https:\/\/cj.estrategia.com\/portal\/plano-saude-sindrome-de-down\/","og_locale":"pt_BR","og_type":"article","og_title":"Informativo 826 do STJ - Plano de sa\u00fade \u00e9 obrigado a cobrir, de forma ilimitada, as terapias prescritas ao paciente com S\u00edndrome de Down\u00a0","og_description":"Conv\u00eanios m\u00e9dicos devem cobrir terapias ilimitadas para pacientes com S\u00edndrome de Down, conforme decis\u00e3o do STJ no Informativo 826.","og_url":"https:\/\/cj.estrategia.com\/portal\/plano-saude-sindrome-de-down\/","og_site_name":"Blog - Carreiras Jur\u00eddicas - Estrat\u00e9gia","article_publisher":"https:\/\/www.facebook.com\/estrategiacarreirajuridica\/","article_published_time":"2024-10-06T01:49:51+00:00","article_modified_time":"2024-10-21T21:29:47+00:00","og_image":[{"width":2560,"height":1707,"url":"https:\/\/cj.estrategia.com\/portal\/wp-content\/uploads\/2024\/10\/05214126\/physician-noting-down-symptoms-patient-scaled.jpg","type":"image\/jpeg"}],"author":"Felipe Duque","twitter_card":"summary_large_image","twitter_creator":"@https:\/\/x.com\/ProfessorDuque","twitter_site":"@EstratJuridica","twitter_misc":{"Escrito por":"Felipe Duque","Est. tempo de leitura":"7 minutos"},"schema":{"@context":"https:\/\/schema.org","@graph":[{"@type":"NewsArticle","@id":"https:\/\/cj.estrategia.com\/portal\/plano-saude-sindrome-de-down\/#article","isPartOf":{"@id":"https:\/\/cj.estrategia.com\/portal\/plano-saude-sindrome-de-down\/"},"author":{"name":"Felipe Duque","@id":"https:\/\/cj.estrategia.com\/portal\/#\/schema\/person\/b5b0253b269d7130d1f7770b1ba29285"},"headline":"Informativo 826 do STJ &#8211; Plano de sa\u00fade \u00e9 obrigado a cobrir, de forma ilimitada, as terapias prescritas ao paciente com S\u00edndrome de Down\u00a0","datePublished":"2024-10-06T01:49:51+00:00","dateModified":"2024-10-21T21:29:47+00:00","mainEntityOfPage":{"@id":"https:\/\/cj.estrategia.com\/portal\/plano-saude-sindrome-de-down\/"},"wordCount":1190,"commentCount":0,"publisher":{"@id":"https:\/\/cj.estrategia.com\/portal\/#organization"},"image":{"@id":"https:\/\/cj.estrategia.com\/portal\/plano-saude-sindrome-de-down\/#primaryimage"},"thumbnailUrl":"https:\/\/cj.estrategia.com\/portal\/wp-content\/uploads\/2024\/10\/05214126\/physician-noting-down-symptoms-patient-scaled.jpg","keywords":["an\u00e1lise jur\u00eddica","ANS","Informativo 826","Plano de sa\u00fade","S\u00edndrome de Down","STJ"],"articleSection":["Carreiras Jur\u00eddicas"],"inLanguage":"pt-BR","potentialAction":[{"@type":"CommentAction","name":"Comment","target":["https:\/\/cj.estrategia.com\/portal\/plano-saude-sindrome-de-down\/#respond"]}]},{"@type":"WebPage","@id":"https:\/\/cj.estrategia.com\/portal\/plano-saude-sindrome-de-down\/","url":"https:\/\/cj.estrategia.com\/portal\/plano-saude-sindrome-de-down\/","name":"S\u00edndrome de Down: Informativo 186 garante cobertura de terapia","isPartOf":{"@id":"https:\/\/cj.estrategia.com\/portal\/#website"},"primaryImageOfPage":{"@id":"https:\/\/cj.estrategia.com\/portal\/plano-saude-sindrome-de-down\/#primaryimage"},"image":{"@id":"https:\/\/cj.estrategia.com\/portal\/plano-saude-sindrome-de-down\/#primaryimage"},"thumbnailUrl":"https:\/\/cj.estrategia.com\/portal\/wp-content\/uploads\/2024\/10\/05214126\/physician-noting-down-symptoms-patient-scaled.jpg","datePublished":"2024-10-06T01:49:51+00:00","dateModified":"2024-10-21T21:29:47+00:00","description":"Conv\u00eanios m\u00e9dicos devem cobrir terapias ilimitadas para pacientes com S\u00edndrome de Down, conforme decis\u00e3o do STJ no Informativo 826.","breadcrumb":{"@id":"https:\/\/cj.estrategia.com\/portal\/plano-saude-sindrome-de-down\/#breadcrumb"},"inLanguage":"pt-BR","potentialAction":[{"@type":"ReadAction","target":["https:\/\/cj.estrategia.com\/portal\/plano-saude-sindrome-de-down\/"]}]},{"@type":"ImageObject","inLanguage":"pt-BR","@id":"https:\/\/cj.estrategia.com\/portal\/plano-saude-sindrome-de-down\/#primaryimage","url":"https:\/\/cj.estrategia.com\/portal\/wp-content\/uploads\/2024\/10\/05214126\/physician-noting-down-symptoms-patient-scaled.jpg","contentUrl":"https:\/\/cj.estrategia.com\/portal\/wp-content\/uploads\/2024\/10\/05214126\/physician-noting-down-symptoms-patient-scaled.jpg","width":2560,"height":1707},{"@type":"BreadcrumbList","@id":"https:\/\/cj.estrategia.com\/portal\/plano-saude-sindrome-de-down\/#breadcrumb","itemListElement":[{"@type":"ListItem","position":1,"name":"In\u00edcio","item":"https:\/\/cj.estrategia.com\/portal\/"},{"@type":"ListItem","position":2,"name":"Informativo 826 do STJ &#8211; Plano de sa\u00fade \u00e9 obrigado a cobrir, de forma ilimitada, as terapias prescritas ao paciente com S\u00edndrome de Down\u00a0"}]},{"@type":"WebSite","@id":"https:\/\/cj.estrategia.com\/portal\/#website","url":"https:\/\/cj.estrategia.com\/portal\/","name":"Blog - Carreiras Jur\u00eddicas - Estrat\u00e9gia","description":"","publisher":{"@id":"https:\/\/cj.estrategia.com\/portal\/#organization"},"potentialAction":[{"@type":"SearchAction","target":{"@type":"EntryPoint","urlTemplate":"https:\/\/cj.estrategia.com\/portal\/?s={search_term_string}"},"query-input":{"@type":"PropertyValueSpecification","valueRequired":true,"valueName":"search_term_string"}}],"inLanguage":"pt-BR"},{"@type":"Organization","@id":"https:\/\/cj.estrategia.com\/portal\/#organization","name":"Estrat\u00e9gia - Carreiras Jur\u00eddicas","url":"https:\/\/cj.estrategia.com\/portal\/","logo":{"@type":"ImageObject","inLanguage":"pt-BR","@id":"https:\/\/cj.estrategia.com\/portal\/#\/schema\/logo\/image\/","url":"https:\/\/cj.estrategia.com\/portal\/wp-content\/uploads\/2022\/03\/11151052\/cj-logo.png","contentUrl":"https:\/\/cj.estrategia.com\/portal\/wp-content\/uploads\/2022\/03\/11151052\/cj-logo.png","width":150,"height":39,"caption":"Estrat\u00e9gia - Carreiras Jur\u00eddicas"},"image":{"@id":"https:\/\/cj.estrategia.com\/portal\/#\/schema\/logo\/image\/"},"sameAs":["https:\/\/www.facebook.com\/estrategiacarreirajuridica\/","https:\/\/x.com\/EstratJuridica","https:\/\/www.instagram.com\/estrategiacarreirajuridica\/","https:\/\/www.youtube.com\/channel\/UClbMGuYbj2Mh1m3w144ETWQ"]},{"@type":"Person","@id":"https:\/\/cj.estrategia.com\/portal\/#\/schema\/person\/b5b0253b269d7130d1f7770b1ba29285","name":"Felipe Duque","image":{"@type":"ImageObject","inLanguage":"pt-BR","@id":"https:\/\/cj.estrategia.com\/portal\/wp-content\/uploads\/2024\/08\/06162009\/Captura-de-Tela-2024-08-06-as-16.19.26-96x96.png","url":"https:\/\/cj.estrategia.com\/portal\/wp-content\/uploads\/2024\/08\/06162009\/Captura-de-Tela-2024-08-06-as-16.19.26-96x96.png","contentUrl":"https:\/\/cj.estrategia.com\/portal\/wp-content\/uploads\/2024\/08\/06162009\/Captura-de-Tela-2024-08-06-as-16.19.26-96x96.png","caption":"Felipe Duque"},"description":"Felipe Duque - Mestre em Direito Pol\u00edtico e Econ\u00f4mico na Mackenzie-SP. Graduado em Direito pela Universidade Cat\u00f3lica de Pernambuco, com conclus\u00e3o pelo regime de Aproveitamento Extraordin\u00e1rio nos Estudos (art. 47, \u00a7 2\u00ba, da Lei n\u00ba 9.394\/96). Ex-Assessor de Desembargador no TJPE. Procurador da Fazenda Nacional. Integra voluntariamente a Coordena\u00e7\u00e3o de Assuntos Estrat\u00e9gicos Judiciais da PGFN. Professor do Estrat\u00e9gia Carreira Jur\u00eddica, Estrat\u00e9gia OAB e Buscador Dizer o Direito. Autor do livro \u201cReforma Tribut\u00e1ria Comentada e Esquematizada\u201d, \"Manual de Processo Tribut\u00e1rio: Administrativo e Judicial\" pela editora Juspodivm Parecerista na Revista de Estudos Jur\u00eddicos do Superior Tribunal de Justi\u00e7a (REJuriSTJ)","sameAs":["http:\/\/lattes.cnpq.br\/5755137268084324","https:\/\/www.instagram.com\/felipe_duque\/","https:\/\/br.linkedin.com\/in\/felipe-duque-56954638","https:\/\/x.com\/https:\/\/x.com\/ProfessorDuque","https:\/\/www.youtube.com\/@felipeduque-experienciasco5797"],"url":"https:\/\/cj.estrategia.com\/portal\/author\/felipe-duque\/"}]}},"jetpack_featured_media_url":"https:\/\/cj.estrategia.com\/portal\/wp-content\/uploads\/2024\/10\/05214126\/physician-noting-down-symptoms-patient-scaled.jpg","jetpack_sharing_enabled":true,"_links":{"self":[{"href":"https:\/\/cj.estrategia.com\/portal\/wp-json\/wp\/v2\/posts\/78459","targetHints":{"allow":["GET"]}}],"collection":[{"href":"https:\/\/cj.estrategia.com\/portal\/wp-json\/wp\/v2\/posts"}],"about":[{"href":"https:\/\/cj.estrategia.com\/portal\/wp-json\/wp\/v2\/types\/post"}],"author":[{"embeddable":true,"href":"https:\/\/cj.estrategia.com\/portal\/wp-json\/wp\/v2\/users\/93"}],"replies":[{"embeddable":true,"href":"https:\/\/cj.estrategia.com\/portal\/wp-json\/wp\/v2\/comments?post=78459"}],"version-history":[{"count":44,"href":"https:\/\/cj.estrategia.com\/portal\/wp-json\/wp\/v2\/posts\/78459\/revisions"}],"predecessor-version":[{"id":81066,"href":"https:\/\/cj.estrategia.com\/portal\/wp-json\/wp\/v2\/posts\/78459\/revisions\/81066"}],"wp:featuredmedia":[{"embeddable":true,"href":"https:\/\/cj.estrategia.com\/portal\/wp-json\/wp\/v2\/media\/78467"}],"wp:attachment":[{"href":"https:\/\/cj.estrategia.com\/portal\/wp-json\/wp\/v2\/media?parent=78459"}],"wp:term":[{"taxonomy":"category","embeddable":true,"href":"https:\/\/cj.estrategia.com\/portal\/wp-json\/wp\/v2\/categories?post=78459"},{"taxonomy":"post_tag","embeddable":true,"href":"https:\/\/cj.estrategia.com\/portal\/wp-json\/wp\/v2\/tags?post=78459"},{"taxonomy":"tax_estado","embeddable":true,"href":"https:\/\/cj.estrategia.com\/portal\/wp-json\/wp\/v2\/tax_estado?post=78459"}],"curies":[{"name":"wp","href":"https:\/\/api.w.org\/{rel}","templated":true}]}}