{"id":78061,"date":"2024-10-01T21:25:46","date_gmt":"2024-10-02T00:25:46","guid":{"rendered":"https:\/\/cj.estrategia.com\/portal\/?p=78061"},"modified":"2024-10-01T21:25:51","modified_gmt":"2024-10-02T00:25:51","slug":"anpp-homofobia-protecao-deficiente-vulneraveis","status":"publish","type":"post","link":"https:\/\/cj.estrategia.com\/portal\/anpp-homofobia-protecao-deficiente-vulneraveis\/","title":{"rendered":"ANPP e homofobia: a proibi\u00e7\u00e3o da prote\u00e7\u00e3o deficiente aos grupos vulner\u00e1veis"},"content":{"rendered":"\n<p>No julgamento do AREsp 2.607.962 o STJ afirmou o n\u00e3o cabimento do ANPP para os casos de homofobia.<\/p>\n\n\n\n<p>Vamos a um an\u00e1lise jur\u00eddica do caso.<\/p>\n\n\n\n<h2 class=\"wp-block-heading\" id=\"h-anpp\"><span id=\"anpp\">ANPP<\/span><\/h2>\n\n\n\n<p>O Acordo de N\u00e3o Persecu\u00e7\u00e3o Penal (ANPP) foi introduzido em nosso ordenamento pela Lei 13.964\/19, o <strong><mark style=\"background-color:rgba(0, 0, 0, 0)\" class=\"has-inline-color has-vivid-green-cyan-color\">Pacote Anticrime<\/mark><\/strong>, muito embora j\u00e1 houvesse a previs\u00e3o do instituto na Resolu\u00e7\u00e3o 181, do CNMP, de 2017. Com a regulamenta\u00e7\u00e3o do benef\u00edcio no artigo 28-A, do CPP superou-se a discuss\u00e3o sobre a constitucionalidade da medida, agora prevista em lei federal. \u00a0<\/p>\n\n\n\n<p>O instituto alargou o espa\u00e7o de consenso no \u00e2mbito do processo penal para abranger, doravante, as infra\u00e7\u00f5es penais que tenham pena m\u00ednima inferior a quatro anos, desde que n\u00e3o praticadas com o atributo da viol\u00eancia ou grave amea\u00e7a.<\/p>\n\n\n\n<p>O acordo <strong><mark style=\"background-color:rgba(0, 0, 0, 0)\" class=\"has-inline-color has-vivid-green-cyan-color\">n\u00e3o constitui direito p\u00fablico subjetivo<\/mark><\/strong> do investigado. O membro do Minist\u00e9rio P\u00fablico (MP) tem, em verdade, <strong>discricionariedade regrada<\/strong>. Isso significa afirmar a sua liberdade para propor o acordo dentro das balizas legais. Vale o registro de que o oferecimento do benef\u00edcio deve ser suficiente para a reprova\u00e7\u00e3o e preven\u00e7\u00e3o do crime.<\/p>\n\n\n\n<p>Ele \u00e9 ofertado pelo MP ao investigado, devidamente assistido por advogado, mediante cumprimento de determinadas condi\u00e7\u00f5es, como alternativa \u00e0 persecu\u00e7\u00e3o penal, sujeitando-se a homologa\u00e7\u00e3o pelo Poder Judici\u00e1rio, nos termos do artigo 28-A, \u00a74\u00ba.<\/p>\n\n\n\n<p>O magistrado deve designar audi\u00eancia para verificar a voluntariedade e a legalidade do acordo. Al\u00e9m disso, pode-se recusar a sua homologa\u00e7\u00e3o, se a proposta n\u00e3o atender aos requisitos legais, ou se considerar as condi\u00e7\u00f5es inadequadas, insuficientes ou abusivas.<\/p>\n\n\n\n<p>No caso narrado, o magistrado de primeira inst\u00e2ncia <strong>recusou <\/strong>e o Tribunal de Justi\u00e7a goiano <strong>ratificou <\/strong>a homologa\u00e7\u00e3o do acordo. A conduta est\u00e1 em <strong>absoluta conformidade<\/strong> com a legisla\u00e7\u00e3o de reg\u00eancia, que autoriza a aludida provid\u00eancia pelo Poder Judici\u00e1rio.<\/p>\n\n\n\n<p>Assim, do ponto de vista procedimental, a medida n\u00e3o encontra qualquer tipo de obje\u00e7\u00e3o, n\u00e3o merecendo censura.<\/p>\n\n\n\n<h2 class=\"wp-block-heading\" id=\"h-merito\"><span id=\"merito\">M\u00e9rito<\/span><\/h2>\n\n\n\n<p>Passaremos agora \u00e0 avalia\u00e7\u00e3o quanto ao m\u00e9rito da provid\u00eancia.<\/p>\n\n\n\n<p>O pr\u00f3prio legislador, seguindo a tend\u00eancia da Lei 11.340\/06 (art. 41) e do STJ (S\u00famula 536), que vedou o oferecimento da transa\u00e7\u00e3o penal e da suspens\u00e3o condicional do processo aos crimes sujeitos \u00e0 <strong>Lei Maria da Penha<\/strong>, <strong><mark style=\"background-color:rgba(0, 0, 0, 0)\" class=\"has-inline-color has-vivid-green-cyan-color\">proibiu expressamente<\/mark> o oferecimento do ANPP<\/strong> aos casos envolvendo viol\u00eancia dom\u00e9stica ou familiar, e aos crimes praticados contra a mulher por raz\u00f5es da condi\u00e7\u00e3o do sexo feminino, conforme art. 28-A, \u00a72\u00ba, IV.<\/p>\n\n\n\n<p>No julgamento do HC 222.599, o <strong>STF vedou o oferecimento do acordo<\/strong> aos crimes de <strong><mark style=\"background-color:rgba(0, 0, 0, 0)\" class=\"has-inline-color has-vivid-green-cyan-color\">racismo<\/mark><\/strong>, sob o argumento da sua incompatibilidade com os compromissos internacionais assumidos pelo Brasil em termos de combate \u00e0 discrimina\u00e7\u00e3o racial.<\/p>\n\n\n\n<p class=\"has-light-green-cyan-background-color has-background\">Agora, o STJ imp\u00f4s mais uma limita\u00e7\u00e3o ao benef\u00edcio, ao afirmar o seu n\u00e3o cabimento aos casos de <strong>homofobia<\/strong>.<\/p>\n\n\n\n<h3 class=\"wp-block-heading\" id=\"h-argumento\"><span id=\"argumento\">Argumento<\/span><\/h3>\n\n\n\n<p>O argumento se baseia na decis\u00e3o proferida pelo STF na ADO 26. A A\u00e7\u00e3o reconheceu a mora do legislativo diante do mandado de criminaliza\u00e7\u00e3o que determina a puni\u00e7\u00e3o de discrimina\u00e7\u00e3o atentat\u00f3ria dos direitos e liberdades fundamentais (art. 5\u00ba, XLI) e equiparou a pr\u00e1tica da homofobia e da transfobia ao crime de racismo, mediante interpreta\u00e7\u00e3o conforme.<\/p>\n\n\n\n<div class=\"wp-block-media-text is-stacked-on-mobile\"><figure class=\"wp-block-media-text__media\"><img decoding=\"async\" width=\"740\" height=\"493\" src=\"https:\/\/cj.estrategia.com\/portal\/wp-content\/uploads\/2024\/08\/06183653\/natureza-morta-com-a-balanca-da-justica_23-2149776044.jpg\" alt=\"ANPP\" class=\"wp-image-71894 size-full\" srcset=\"https:\/\/cj.estrategia.com\/portal\/wp-content\/uploads\/2024\/08\/06183653\/natureza-morta-com-a-balanca-da-justica_23-2149776044.jpg 740w, https:\/\/cj.estrategia.com\/portal\/wp-content\/uploads\/2024\/08\/06183653\/natureza-morta-com-a-balanca-da-justica_23-2149776044-300x200.jpg 300w, https:\/\/cj.estrategia.com\/portal\/wp-content\/uploads\/2024\/08\/06183653\/natureza-morta-com-a-balanca-da-justica_23-2149776044-380x253.jpg 380w, https:\/\/cj.estrategia.com\/portal\/wp-content\/uploads\/2024\/08\/06183653\/natureza-morta-com-a-balanca-da-justica_23-2149776044-150x100.jpg 150w\" sizes=\"(max-width: 740px) 100vw, 740px\" \/><\/figure><div class=\"wp-block-media-text__content\">\n<p>A Corte Suprema pontuou que as condutas em quest\u00e3o (homofobia e transfobia) traduzem <strong>express\u00e3o do racismo em sua dimens\u00e3o social<\/strong>, que tem por escopo perpetuar as <strong>rela\u00e7\u00f5es de domina\u00e7\u00e3o<\/strong> estabelecidas pelos grupos majorit\u00e1rios em detrimento dos vulner\u00e1veis, mediante inferioriza\u00e7\u00e3o e estigmatiza\u00e7\u00e3o, o que ocasiona exclus\u00e3o do sistema geral de prote\u00e7\u00e3o do direito.<\/p>\n<\/div><\/div>\n\n\n\n<p>Com isso passamos a contar com tr\u00eas limita\u00e7\u00f5es ao oferecimento do ANPP, sendo uma legal e outras duas de ordem jurisprudencial. Todas elas est\u00e3o ligadas a <strong>grupos vulner\u00e1veis<\/strong> (vulnerabilidade no sentido de maior suscetibilidade a ofensas):<\/p>\n\n\n\n<p>a) casos envolvendo <strong><mark style=\"background-color:rgba(0, 0, 0, 0)\" class=\"has-inline-color has-vivid-green-cyan-color\">viol\u00eancia dom\u00e9stica ou familiar<\/mark><\/strong>, e crimes praticados<strong> contra a mulher<\/strong> por raz\u00f5es da condi\u00e7\u00e3o do sexo feminino;<\/p>\n\n\n\n<p>b) <strong><mark style=\"background-color:rgba(0, 0, 0, 0)\" class=\"has-inline-color has-vivid-green-cyan-color\">racismo<\/mark><\/strong>; e<\/p>\n\n\n\n<p>c) <strong><mark style=\"background-color:rgba(0, 0, 0, 0)\" class=\"has-inline-color has-vivid-green-cyan-color\">homofobia<\/mark><\/strong> e <strong><mark style=\"background-color:rgba(0, 0, 0, 0)\" class=\"has-inline-color has-vivid-green-cyan-color\">transfobia<\/mark><\/strong>.<\/p>\n\n\n\n<p>Parece-nos adequada a medida adotada pelo STJ, que utilizou a <em>ratio decidendi<\/em>&nbsp;da decis\u00e3o proferida na aludida a\u00e7\u00e3o direta de inconstitucionalidade por omiss\u00e3o (ADO 26).<\/p>\n\n\n\n<h2 class=\"wp-block-heading\" id=\"h-protecao-do-estado\"><span id=\"protecao-do-estado\">Prote\u00e7\u00e3o do Estado<\/span><\/h2>\n\n\n\n<p>Os direitos fundamentais geram ao Estado deveres de prote\u00e7\u00e3o, impondo que ele atue no sentido de implementar uma tutela adequada do bem jur\u00eddico protegido. Isso, muitas das vezes, se faz mediante estrutura\u00e7\u00e3o de uma legisla\u00e7\u00e3o penal e processual penal mais rigorosa.<\/p>\n\n\n\n<p>Assim, devemos analisar o cumprimento dos deveres de prote\u00e7\u00e3o a partir do <strong><mark style=\"background-color:rgba(0, 0, 0, 0)\" class=\"has-inline-color has-vivid-green-cyan-color\">princ\u00edpio da proporcionalidade<\/mark><\/strong>, sob os vieses da proibi\u00e7\u00e3o de excessos e da proibi\u00e7\u00e3o da prote\u00e7\u00e3o deficiente.<\/p>\n\n\n\n<p>Costumamos estudar a proporcionalidade apenas sob o prisma da proibi\u00e7\u00e3o de excessos, j\u00e1 que o Estado interfere nas liberdades individuais e por essa raz\u00e3o precisa ser contido.<\/p>\n\n\n\n<p>Mas \u00e9 necess\u00e1rio analis\u00e1-lo tamb\u00e9m sob a lente da proibi\u00e7\u00e3o da prote\u00e7\u00e3o deficiente: a medida adotada deve ser capaz de dissuadir novas viola\u00e7\u00f5es. E vejam, a prote\u00e7\u00e3o contra a discrimina\u00e7\u00e3o \u00e9 um comando constitucional, que obriga o Estado a atuar pela via do direito penal, verdadeiro mandado de criminaliza\u00e7\u00e3o.<\/p>\n\n\n\n<p>E aqui est\u00e1 o ponto: <strong><mark style=\"background-color:rgba(0, 0, 0, 0)\" class=\"has-inline-color has-vivid-green-cyan-color\">adotar a solu\u00e7\u00e3o negociada nessas infra\u00e7\u00f5es penais pode levar a uma prote\u00e7\u00e3o deficiente desses grupos vulner\u00e1veis<\/mark><\/strong>, impedindo que alcancemos uma sociedade verdadeiramente justa e solid\u00e1ria, conforme artigo 3\u00ba, I, da CF. \u00a0<\/p>\n\n\n\n<hr class=\"wp-block-separator has-alpha-channel-opacity\"\/>\n\n\n\n<h2 class=\"wp-block-heading has-text-align-center\" id=\"h-quer-saber-quais-serao-os-proximos-concursos\"><span id=\"quer-saber-quais-serao-os-proximos-concursos\">Quer saber quais ser\u00e3o os pr\u00f3ximos concursos?<\/span><\/h2>\n\n\n\n<p class=\"has-text-align-center\">Confira nossos&nbsp;<a href=\"https:\/\/cj.estrategia.com\/portal\/\" target=\"_blank\" >artigos para Carreiras Jur\u00eddicas<\/a>!<\/p>\n\n\n\n<p class=\"has-text-align-center has-white-color has-pale-cyan-blue-background-color has-text-color has-background has-link-color wp-elements-f3d5123bb0c8e11604d0c8c7f1ea8be8\"><a href=\"https:\/\/www.estrategiaconcursos.com.br\/blog\/concursos-abertos\/\" target=\"_blank\" >Confira os concursos p\u00fablicos abertos<\/a><\/p>\n\n\n\n<p class=\"has-text-align-center has-white-color has-pale-cyan-blue-background-color has-text-color has-background has-link-color wp-elements-94f2aad2f2b05ea3152ac5320a17d121\"><a href=\"https:\/\/cj.estrategia.com\/portal\/web-stories\/\" target=\"_blank\" >Concursos 2024<\/a><\/p>\n","protected":false},"excerpt":{"rendered":"No julgamento do AREsp 2.607.962 o STJ afirmou o n\u00e3o cabimento do ANPP para os casos de homofobia.&hellip;\n","protected":false},"author":63,"featured_media":78068,"comment_status":"open","ping_status":"open","sticky":false,"template":"","format":"standard","meta":{"_jetpack_memberships_contains_paid_content":false,"footnotes":""},"categories":[1],"tags":[1005,844,336,1089,1090,579,1094,1091,547,1087,1092,301,134,202,300,1093],"tax_estado":[30,31,32,33,34,35,36,37,38,39,40,41,42,43,44,45,46,47,48,49,50,51,52,53,54,55,56,57],"class_list":{"0":"post-78061","1":"post","2":"type-post","3":"status-publish","4":"format-standard","5":"has-post-thumbnail","7":"category-carreiras-juridicas","8":"tag-acordo-de-nao-persecucao-penal","9":"tag-ado-26","10":"tag-analise-juridica","11":"tag-anpp","12":"tag-aresp-2-607-962","13":"tag-direitos-fundamentais","14":"tag-grupos-vulneraveis","15":"tag-hc-222-599","16":"tag-homofobia","17":"tag-lei-maria-da-penha","18":"tag-principio-da-proporcionalidade","19":"tag-racismo","20":"tag-stf","21":"tag-stj","22":"tag-transfobia","23":"tag-violencia-domestica-ou-familiar","24":"tax_estado-ac","25":"tax_estado-al","26":"tax_estado-am","27":"tax_estado-ap","28":"tax_estado-ba","29":"tax_estado-ce","30":"tax_estado-concursos-federais","31":"tax_estado-df","32":"tax_estado-es","33":"tax_estado-go","34":"tax_estado-ma","35":"tax_estado-mg","36":"tax_estado-ms","37":"tax_estado-mt","38":"tax_estado-pa","39":"tax_estado-pb","40":"tax_estado-pe","41":"tax_estado-pi","42":"tax_estado-pr","43":"tax_estado-rj","44":"tax_estado-rn","45":"tax_estado-ro","46":"tax_estado-rr","47":"tax_estado-rs","48":"tax_estado-sc","49":"tax_estado-se","50":"tax_estado-sp","51":"tax_estado-to"},"acf":[],"yoast_head":"<!-- This site is optimized with the Yoast SEO Premium plugin v27.4 (Yoast SEO v27.4) - https:\/\/yoast.com\/product\/yoast-seo-premium-wordpress\/ -->\n<title>ANPP e homofobia: prote\u00e7\u00e3o a grupos vulner\u00e1veis<\/title>\n<meta name=\"description\" content=\"O STJ afirmou o n\u00e3o caber ANPP em casos de homofobia. O legislador j\u00e1 proibiu o oferecimento em casos de viol\u00eancia dom\u00e9stica ou familiar.\" \/>\n<meta name=\"robots\" content=\"index, follow, max-snippet:-1, max-image-preview:large, max-video-preview:-1\" \/>\n<link rel=\"canonical\" href=\"https:\/\/cj.estrategia.com\/portal\/anpp-homofobia-protecao-deficiente-vulneraveis\/\" \/>\n<meta property=\"og:locale\" content=\"pt_BR\" \/>\n<meta property=\"og:type\" content=\"article\" \/>\n<meta property=\"og:title\" content=\"ANPP e homofobia: a proibi\u00e7\u00e3o da prote\u00e7\u00e3o deficiente aos grupos vulner\u00e1veis\" \/>\n<meta property=\"og:description\" content=\"O STJ afirmou o n\u00e3o caber ANPP em casos de homofobia. O legislador j\u00e1 proibiu o oferecimento em casos de viol\u00eancia dom\u00e9stica ou familiar.\" \/>\n<meta property=\"og:url\" content=\"https:\/\/cj.estrategia.com\/portal\/anpp-homofobia-protecao-deficiente-vulneraveis\/\" \/>\n<meta property=\"og:site_name\" content=\"Blog - Carreiras Jur\u00eddicas - Estrat\u00e9gia\" \/>\n<meta property=\"article:publisher\" content=\"https:\/\/www.facebook.com\/estrategiacarreirajuridica\/\" \/>\n<meta property=\"article:published_time\" content=\"2024-10-02T00:25:46+00:00\" \/>\n<meta property=\"article:modified_time\" content=\"2024-10-02T00:25:51+00:00\" \/>\n<meta property=\"og:image\" content=\"https:\/\/cj.estrategia.com\/portal\/wp-content\/uploads\/2024\/10\/01212306\/homofobia-scaled.jpg\" \/>\n\t<meta property=\"og:image:width\" content=\"2560\" \/>\n\t<meta property=\"og:image:height\" content=\"1703\" \/>\n\t<meta property=\"og:image:type\" content=\"image\/jpeg\" \/>\n<meta name=\"author\" content=\"Guilherme Rezende\" \/>\n<meta name=\"twitter:card\" content=\"summary_large_image\" \/>\n<meta name=\"twitter:creator\" content=\"@EstratJuridica\" \/>\n<meta name=\"twitter:site\" content=\"@EstratJuridica\" \/>\n<meta name=\"twitter:label1\" content=\"Escrito por\" \/>\n\t<meta name=\"twitter:data1\" content=\"Guilherme Rezende\" \/>\n\t<meta name=\"twitter:label2\" content=\"Est. tempo de leitura\" \/>\n\t<meta name=\"twitter:data2\" content=\"6 minutos\" \/>\n<script type=\"application\/ld+json\" class=\"yoast-schema-graph\">{\"@context\":\"https:\\\/\\\/schema.org\",\"@graph\":[{\"@type\":\"NewsArticle\",\"@id\":\"https:\\\/\\\/cj.estrategia.com\\\/portal\\\/anpp-homofobia-protecao-deficiente-vulneraveis\\\/#article\",\"isPartOf\":{\"@id\":\"https:\\\/\\\/cj.estrategia.com\\\/portal\\\/anpp-homofobia-protecao-deficiente-vulneraveis\\\/\"},\"author\":{\"name\":\"Guilherme Rezende\",\"@id\":\"https:\\\/\\\/cj.estrategia.com\\\/portal\\\/#\\\/schema\\\/person\\\/b8eb01d117c3441103d953565489f91a\"},\"headline\":\"ANPP e homofobia: a proibi\u00e7\u00e3o da prote\u00e7\u00e3o deficiente aos grupos vulner\u00e1veis\",\"datePublished\":\"2024-10-02T00:25:46+00:00\",\"dateModified\":\"2024-10-02T00:25:51+00:00\",\"mainEntityOfPage\":{\"@id\":\"https:\\\/\\\/cj.estrategia.com\\\/portal\\\/anpp-homofobia-protecao-deficiente-vulneraveis\\\/\"},\"wordCount\":948,\"commentCount\":0,\"publisher\":{\"@id\":\"https:\\\/\\\/cj.estrategia.com\\\/portal\\\/#organization\"},\"image\":{\"@id\":\"https:\\\/\\\/cj.estrategia.com\\\/portal\\\/anpp-homofobia-protecao-deficiente-vulneraveis\\\/#primaryimage\"},\"thumbnailUrl\":\"https:\\\/\\\/cj.estrategia.com\\\/portal\\\/wp-content\\\/uploads\\\/2024\\\/10\\\/01212306\\\/homofobia-scaled.jpg\",\"keywords\":[\"acordo de n\u00e3o persecu\u00e7\u00e3o penal\",\"ADO 26\",\"an\u00e1lise jur\u00eddica\",\"ANPP\",\"AREsp 2.607.962\",\"direitos fundamentais\",\"grupos vulner\u00e1veis\",\"HC 222.599\",\"homofobia\",\"Lei Maria da Penha\",\"princ\u00edpio da proporcionalidade\",\"racismo\",\"STF\",\"STJ\",\"transfobia\",\"viol\u00eancia dom\u00e9stica ou familiar\"],\"articleSection\":[\"Carreiras Jur\u00eddicas\"],\"inLanguage\":\"pt-BR\",\"potentialAction\":[{\"@type\":\"CommentAction\",\"name\":\"Comment\",\"target\":[\"https:\\\/\\\/cj.estrategia.com\\\/portal\\\/anpp-homofobia-protecao-deficiente-vulneraveis\\\/#respond\"]}]},{\"@type\":\"WebPage\",\"@id\":\"https:\\\/\\\/cj.estrategia.com\\\/portal\\\/anpp-homofobia-protecao-deficiente-vulneraveis\\\/\",\"url\":\"https:\\\/\\\/cj.estrategia.com\\\/portal\\\/anpp-homofobia-protecao-deficiente-vulneraveis\\\/\",\"name\":\"ANPP e homofobia: prote\u00e7\u00e3o a grupos vulner\u00e1veis\",\"isPartOf\":{\"@id\":\"https:\\\/\\\/cj.estrategia.com\\\/portal\\\/#website\"},\"primaryImageOfPage\":{\"@id\":\"https:\\\/\\\/cj.estrategia.com\\\/portal\\\/anpp-homofobia-protecao-deficiente-vulneraveis\\\/#primaryimage\"},\"image\":{\"@id\":\"https:\\\/\\\/cj.estrategia.com\\\/portal\\\/anpp-homofobia-protecao-deficiente-vulneraveis\\\/#primaryimage\"},\"thumbnailUrl\":\"https:\\\/\\\/cj.estrategia.com\\\/portal\\\/wp-content\\\/uploads\\\/2024\\\/10\\\/01212306\\\/homofobia-scaled.jpg\",\"datePublished\":\"2024-10-02T00:25:46+00:00\",\"dateModified\":\"2024-10-02T00:25:51+00:00\",\"description\":\"O STJ afirmou o n\u00e3o caber ANPP em casos de homofobia. O legislador j\u00e1 proibiu o oferecimento em casos de viol\u00eancia dom\u00e9stica ou familiar.\",\"breadcrumb\":{\"@id\":\"https:\\\/\\\/cj.estrategia.com\\\/portal\\\/anpp-homofobia-protecao-deficiente-vulneraveis\\\/#breadcrumb\"},\"inLanguage\":\"pt-BR\",\"potentialAction\":[{\"@type\":\"ReadAction\",\"target\":[\"https:\\\/\\\/cj.estrategia.com\\\/portal\\\/anpp-homofobia-protecao-deficiente-vulneraveis\\\/\"]}]},{\"@type\":\"ImageObject\",\"inLanguage\":\"pt-BR\",\"@id\":\"https:\\\/\\\/cj.estrategia.com\\\/portal\\\/anpp-homofobia-protecao-deficiente-vulneraveis\\\/#primaryimage\",\"url\":\"https:\\\/\\\/cj.estrategia.com\\\/portal\\\/wp-content\\\/uploads\\\/2024\\\/10\\\/01212306\\\/homofobia-scaled.jpg\",\"contentUrl\":\"https:\\\/\\\/cj.estrategia.com\\\/portal\\\/wp-content\\\/uploads\\\/2024\\\/10\\\/01212306\\\/homofobia-scaled.jpg\",\"width\":2560,\"height\":1703},{\"@type\":\"BreadcrumbList\",\"@id\":\"https:\\\/\\\/cj.estrategia.com\\\/portal\\\/anpp-homofobia-protecao-deficiente-vulneraveis\\\/#breadcrumb\",\"itemListElement\":[{\"@type\":\"ListItem\",\"position\":1,\"name\":\"In\u00edcio\",\"item\":\"https:\\\/\\\/cj.estrategia.com\\\/portal\\\/\"},{\"@type\":\"ListItem\",\"position\":2,\"name\":\"ANPP e homofobia: a proibi\u00e7\u00e3o da prote\u00e7\u00e3o deficiente aos grupos vulner\u00e1veis\"}]},{\"@type\":\"WebSite\",\"@id\":\"https:\\\/\\\/cj.estrategia.com\\\/portal\\\/#website\",\"url\":\"https:\\\/\\\/cj.estrategia.com\\\/portal\\\/\",\"name\":\"Blog - Carreiras Jur\u00eddicas - Estrat\u00e9gia\",\"description\":\"\",\"publisher\":{\"@id\":\"https:\\\/\\\/cj.estrategia.com\\\/portal\\\/#organization\"},\"potentialAction\":[{\"@type\":\"SearchAction\",\"target\":{\"@type\":\"EntryPoint\",\"urlTemplate\":\"https:\\\/\\\/cj.estrategia.com\\\/portal\\\/?s={search_term_string}\"},\"query-input\":{\"@type\":\"PropertyValueSpecification\",\"valueRequired\":true,\"valueName\":\"search_term_string\"}}],\"inLanguage\":\"pt-BR\"},{\"@type\":\"Organization\",\"@id\":\"https:\\\/\\\/cj.estrategia.com\\\/portal\\\/#organization\",\"name\":\"Estrat\u00e9gia - Carreiras Jur\u00eddicas\",\"url\":\"https:\\\/\\\/cj.estrategia.com\\\/portal\\\/\",\"logo\":{\"@type\":\"ImageObject\",\"inLanguage\":\"pt-BR\",\"@id\":\"https:\\\/\\\/cj.estrategia.com\\\/portal\\\/#\\\/schema\\\/logo\\\/image\\\/\",\"url\":\"https:\\\/\\\/cj.estrategia.com\\\/portal\\\/wp-content\\\/uploads\\\/2022\\\/03\\\/11151052\\\/cj-logo.png\",\"contentUrl\":\"https:\\\/\\\/cj.estrategia.com\\\/portal\\\/wp-content\\\/uploads\\\/2022\\\/03\\\/11151052\\\/cj-logo.png\",\"width\":150,\"height\":39,\"caption\":\"Estrat\u00e9gia - Carreiras Jur\u00eddicas\"},\"image\":{\"@id\":\"https:\\\/\\\/cj.estrategia.com\\\/portal\\\/#\\\/schema\\\/logo\\\/image\\\/\"},\"sameAs\":[\"https:\\\/\\\/www.facebook.com\\\/estrategiacarreirajuridica\\\/\",\"https:\\\/\\\/x.com\\\/EstratJuridica\",\"https:\\\/\\\/www.instagram.com\\\/estrategiacarreirajuridica\\\/\",\"https:\\\/\\\/www.youtube.com\\\/channel\\\/UClbMGuYbj2Mh1m3w144ETWQ\"]},{\"@type\":\"Person\",\"@id\":\"https:\\\/\\\/cj.estrategia.com\\\/portal\\\/#\\\/schema\\\/person\\\/b8eb01d117c3441103d953565489f91a\",\"name\":\"Guilherme Rezende\",\"image\":{\"@type\":\"ImageObject\",\"inLanguage\":\"pt-BR\",\"@id\":\"https:\\\/\\\/cj.estrategia.com\\\/portal\\\/wp-content\\\/uploads\\\/2024\\\/02\\\/22174655\\\/professor-guilherme-resende-estrategia-concursos-ecj-96x96.jpeg\",\"url\":\"https:\\\/\\\/cj.estrategia.com\\\/portal\\\/wp-content\\\/uploads\\\/2024\\\/02\\\/22174655\\\/professor-guilherme-resende-estrategia-concursos-ecj-96x96.jpeg\",\"contentUrl\":\"https:\\\/\\\/cj.estrategia.com\\\/portal\\\/wp-content\\\/uploads\\\/2024\\\/02\\\/22174655\\\/professor-guilherme-resende-estrategia-concursos-ecj-96x96.jpeg\",\"caption\":\"Guilherme Rezende\"},\"description\":\"Professor Guilherme Rezende \u00e9 promotor de justi\u00e7a no Paran\u00e1, com uma carreira s\u00f3lida e impactante no campo jur\u00eddico. Al\u00e9m de sua atua\u00e7\u00e3o como promotor, ele possui mestrado em Direito e acumula experi\u00eancia como Ex-Procurador da Fazenda Nacional, Ex-Defensor P\u00fablico da Uni\u00e3o e Ex-Oficial de Apoio Judicial no TJMG. Destaca-se tamb\u00e9m por ter sido aprovado nos concursos de analista do TRF-1 e do MPU, consolidando sua compet\u00eancia e dedica\u00e7\u00e3o no universo jur\u00eddico.\",\"url\":\"https:\\\/\\\/cj.estrategia.com\\\/portal\\\/author\\\/guilherme-rezende\\\/\"}]}<\/script>\n<!-- \/ Yoast SEO Premium plugin. -->","yoast_head_json":{"title":"ANPP e homofobia: prote\u00e7\u00e3o a grupos vulner\u00e1veis","description":"O STJ afirmou o n\u00e3o caber ANPP em casos de homofobia. O legislador j\u00e1 proibiu o oferecimento em casos de viol\u00eancia dom\u00e9stica ou familiar.","robots":{"index":"index","follow":"follow","max-snippet":"max-snippet:-1","max-image-preview":"max-image-preview:large","max-video-preview":"max-video-preview:-1"},"canonical":"https:\/\/cj.estrategia.com\/portal\/anpp-homofobia-protecao-deficiente-vulneraveis\/","og_locale":"pt_BR","og_type":"article","og_title":"ANPP e homofobia: a proibi\u00e7\u00e3o da prote\u00e7\u00e3o deficiente aos grupos vulner\u00e1veis","og_description":"O STJ afirmou o n\u00e3o caber ANPP em casos de homofobia. O legislador j\u00e1 proibiu o oferecimento em casos de viol\u00eancia dom\u00e9stica ou familiar.","og_url":"https:\/\/cj.estrategia.com\/portal\/anpp-homofobia-protecao-deficiente-vulneraveis\/","og_site_name":"Blog - Carreiras Jur\u00eddicas - Estrat\u00e9gia","article_publisher":"https:\/\/www.facebook.com\/estrategiacarreirajuridica\/","article_published_time":"2024-10-02T00:25:46+00:00","article_modified_time":"2024-10-02T00:25:51+00:00","og_image":[{"width":2560,"height":1703,"url":"https:\/\/cj.estrategia.com\/portal\/wp-content\/uploads\/2024\/10\/01212306\/homofobia-scaled.jpg","type":"image\/jpeg"}],"author":"Guilherme Rezende","twitter_card":"summary_large_image","twitter_creator":"@EstratJuridica","twitter_site":"@EstratJuridica","twitter_misc":{"Escrito por":"Guilherme Rezende","Est. tempo de leitura":"6 minutos"},"schema":{"@context":"https:\/\/schema.org","@graph":[{"@type":"NewsArticle","@id":"https:\/\/cj.estrategia.com\/portal\/anpp-homofobia-protecao-deficiente-vulneraveis\/#article","isPartOf":{"@id":"https:\/\/cj.estrategia.com\/portal\/anpp-homofobia-protecao-deficiente-vulneraveis\/"},"author":{"name":"Guilherme Rezende","@id":"https:\/\/cj.estrategia.com\/portal\/#\/schema\/person\/b8eb01d117c3441103d953565489f91a"},"headline":"ANPP e homofobia: a proibi\u00e7\u00e3o da prote\u00e7\u00e3o deficiente aos grupos vulner\u00e1veis","datePublished":"2024-10-02T00:25:46+00:00","dateModified":"2024-10-02T00:25:51+00:00","mainEntityOfPage":{"@id":"https:\/\/cj.estrategia.com\/portal\/anpp-homofobia-protecao-deficiente-vulneraveis\/"},"wordCount":948,"commentCount":0,"publisher":{"@id":"https:\/\/cj.estrategia.com\/portal\/#organization"},"image":{"@id":"https:\/\/cj.estrategia.com\/portal\/anpp-homofobia-protecao-deficiente-vulneraveis\/#primaryimage"},"thumbnailUrl":"https:\/\/cj.estrategia.com\/portal\/wp-content\/uploads\/2024\/10\/01212306\/homofobia-scaled.jpg","keywords":["acordo de n\u00e3o persecu\u00e7\u00e3o penal","ADO 26","an\u00e1lise jur\u00eddica","ANPP","AREsp 2.607.962","direitos fundamentais","grupos vulner\u00e1veis","HC 222.599","homofobia","Lei Maria da Penha","princ\u00edpio da proporcionalidade","racismo","STF","STJ","transfobia","viol\u00eancia dom\u00e9stica ou familiar"],"articleSection":["Carreiras Jur\u00eddicas"],"inLanguage":"pt-BR","potentialAction":[{"@type":"CommentAction","name":"Comment","target":["https:\/\/cj.estrategia.com\/portal\/anpp-homofobia-protecao-deficiente-vulneraveis\/#respond"]}]},{"@type":"WebPage","@id":"https:\/\/cj.estrategia.com\/portal\/anpp-homofobia-protecao-deficiente-vulneraveis\/","url":"https:\/\/cj.estrategia.com\/portal\/anpp-homofobia-protecao-deficiente-vulneraveis\/","name":"ANPP e homofobia: prote\u00e7\u00e3o a grupos vulner\u00e1veis","isPartOf":{"@id":"https:\/\/cj.estrategia.com\/portal\/#website"},"primaryImageOfPage":{"@id":"https:\/\/cj.estrategia.com\/portal\/anpp-homofobia-protecao-deficiente-vulneraveis\/#primaryimage"},"image":{"@id":"https:\/\/cj.estrategia.com\/portal\/anpp-homofobia-protecao-deficiente-vulneraveis\/#primaryimage"},"thumbnailUrl":"https:\/\/cj.estrategia.com\/portal\/wp-content\/uploads\/2024\/10\/01212306\/homofobia-scaled.jpg","datePublished":"2024-10-02T00:25:46+00:00","dateModified":"2024-10-02T00:25:51+00:00","description":"O STJ afirmou o n\u00e3o caber ANPP em casos de homofobia. O legislador j\u00e1 proibiu o oferecimento em casos de viol\u00eancia dom\u00e9stica ou familiar.","breadcrumb":{"@id":"https:\/\/cj.estrategia.com\/portal\/anpp-homofobia-protecao-deficiente-vulneraveis\/#breadcrumb"},"inLanguage":"pt-BR","potentialAction":[{"@type":"ReadAction","target":["https:\/\/cj.estrategia.com\/portal\/anpp-homofobia-protecao-deficiente-vulneraveis\/"]}]},{"@type":"ImageObject","inLanguage":"pt-BR","@id":"https:\/\/cj.estrategia.com\/portal\/anpp-homofobia-protecao-deficiente-vulneraveis\/#primaryimage","url":"https:\/\/cj.estrategia.com\/portal\/wp-content\/uploads\/2024\/10\/01212306\/homofobia-scaled.jpg","contentUrl":"https:\/\/cj.estrategia.com\/portal\/wp-content\/uploads\/2024\/10\/01212306\/homofobia-scaled.jpg","width":2560,"height":1703},{"@type":"BreadcrumbList","@id":"https:\/\/cj.estrategia.com\/portal\/anpp-homofobia-protecao-deficiente-vulneraveis\/#breadcrumb","itemListElement":[{"@type":"ListItem","position":1,"name":"In\u00edcio","item":"https:\/\/cj.estrategia.com\/portal\/"},{"@type":"ListItem","position":2,"name":"ANPP e homofobia: a proibi\u00e7\u00e3o da prote\u00e7\u00e3o deficiente aos grupos vulner\u00e1veis"}]},{"@type":"WebSite","@id":"https:\/\/cj.estrategia.com\/portal\/#website","url":"https:\/\/cj.estrategia.com\/portal\/","name":"Blog - Carreiras Jur\u00eddicas - Estrat\u00e9gia","description":"","publisher":{"@id":"https:\/\/cj.estrategia.com\/portal\/#organization"},"potentialAction":[{"@type":"SearchAction","target":{"@type":"EntryPoint","urlTemplate":"https:\/\/cj.estrategia.com\/portal\/?s={search_term_string}"},"query-input":{"@type":"PropertyValueSpecification","valueRequired":true,"valueName":"search_term_string"}}],"inLanguage":"pt-BR"},{"@type":"Organization","@id":"https:\/\/cj.estrategia.com\/portal\/#organization","name":"Estrat\u00e9gia - Carreiras Jur\u00eddicas","url":"https:\/\/cj.estrategia.com\/portal\/","logo":{"@type":"ImageObject","inLanguage":"pt-BR","@id":"https:\/\/cj.estrategia.com\/portal\/#\/schema\/logo\/image\/","url":"https:\/\/cj.estrategia.com\/portal\/wp-content\/uploads\/2022\/03\/11151052\/cj-logo.png","contentUrl":"https:\/\/cj.estrategia.com\/portal\/wp-content\/uploads\/2022\/03\/11151052\/cj-logo.png","width":150,"height":39,"caption":"Estrat\u00e9gia - Carreiras Jur\u00eddicas"},"image":{"@id":"https:\/\/cj.estrategia.com\/portal\/#\/schema\/logo\/image\/"},"sameAs":["https:\/\/www.facebook.com\/estrategiacarreirajuridica\/","https:\/\/x.com\/EstratJuridica","https:\/\/www.instagram.com\/estrategiacarreirajuridica\/","https:\/\/www.youtube.com\/channel\/UClbMGuYbj2Mh1m3w144ETWQ"]},{"@type":"Person","@id":"https:\/\/cj.estrategia.com\/portal\/#\/schema\/person\/b8eb01d117c3441103d953565489f91a","name":"Guilherme Rezende","image":{"@type":"ImageObject","inLanguage":"pt-BR","@id":"https:\/\/cj.estrategia.com\/portal\/wp-content\/uploads\/2024\/02\/22174655\/professor-guilherme-resende-estrategia-concursos-ecj-96x96.jpeg","url":"https:\/\/cj.estrategia.com\/portal\/wp-content\/uploads\/2024\/02\/22174655\/professor-guilherme-resende-estrategia-concursos-ecj-96x96.jpeg","contentUrl":"https:\/\/cj.estrategia.com\/portal\/wp-content\/uploads\/2024\/02\/22174655\/professor-guilherme-resende-estrategia-concursos-ecj-96x96.jpeg","caption":"Guilherme Rezende"},"description":"Professor Guilherme Rezende \u00e9 promotor de justi\u00e7a no Paran\u00e1, com uma carreira s\u00f3lida e impactante no campo jur\u00eddico. Al\u00e9m de sua atua\u00e7\u00e3o como promotor, ele possui mestrado em Direito e acumula experi\u00eancia como Ex-Procurador da Fazenda Nacional, Ex-Defensor P\u00fablico da Uni\u00e3o e Ex-Oficial de Apoio Judicial no TJMG. Destaca-se tamb\u00e9m por ter sido aprovado nos concursos de analista do TRF-1 e do MPU, consolidando sua compet\u00eancia e dedica\u00e7\u00e3o no universo jur\u00eddico.","url":"https:\/\/cj.estrategia.com\/portal\/author\/guilherme-rezende\/"}]}},"jetpack_featured_media_url":"https:\/\/cj.estrategia.com\/portal\/wp-content\/uploads\/2024\/10\/01212306\/homofobia-scaled.jpg","jetpack_sharing_enabled":true,"_links":{"self":[{"href":"https:\/\/cj.estrategia.com\/portal\/wp-json\/wp\/v2\/posts\/78061","targetHints":{"allow":["GET"]}}],"collection":[{"href":"https:\/\/cj.estrategia.com\/portal\/wp-json\/wp\/v2\/posts"}],"about":[{"href":"https:\/\/cj.estrategia.com\/portal\/wp-json\/wp\/v2\/types\/post"}],"author":[{"embeddable":true,"href":"https:\/\/cj.estrategia.com\/portal\/wp-json\/wp\/v2\/users\/63"}],"replies":[{"embeddable":true,"href":"https:\/\/cj.estrategia.com\/portal\/wp-json\/wp\/v2\/comments?post=78061"}],"version-history":[{"count":5,"href":"https:\/\/cj.estrategia.com\/portal\/wp-json\/wp\/v2\/posts\/78061\/revisions"}],"predecessor-version":[{"id":78070,"href":"https:\/\/cj.estrategia.com\/portal\/wp-json\/wp\/v2\/posts\/78061\/revisions\/78070"}],"wp:featuredmedia":[{"embeddable":true,"href":"https:\/\/cj.estrategia.com\/portal\/wp-json\/wp\/v2\/media\/78068"}],"wp:attachment":[{"href":"https:\/\/cj.estrategia.com\/portal\/wp-json\/wp\/v2\/media?parent=78061"}],"wp:term":[{"taxonomy":"category","embeddable":true,"href":"https:\/\/cj.estrategia.com\/portal\/wp-json\/wp\/v2\/categories?post=78061"},{"taxonomy":"post_tag","embeddable":true,"href":"https:\/\/cj.estrategia.com\/portal\/wp-json\/wp\/v2\/tags?post=78061"},{"taxonomy":"tax_estado","embeddable":true,"href":"https:\/\/cj.estrategia.com\/portal\/wp-json\/wp\/v2\/tax_estado?post=78061"}],"curies":[{"name":"wp","href":"https:\/\/api.w.org\/{rel}","templated":true}]}}