{"id":77813,"date":"2024-09-29T16:49:04","date_gmt":"2024-09-29T19:49:04","guid":{"rendered":"https:\/\/cj.estrategia.com\/portal\/?p=77813"},"modified":"2024-10-05T23:13:07","modified_gmt":"2024-10-06T02:13:07","slug":"legitima-defesa-permanente","status":"publish","type":"post","link":"https:\/\/cj.estrategia.com\/portal\/legitima-defesa-permanente\/","title":{"rendered":"Leg\u00edtima defesa permanente e clem\u00eancia s\u00e3o usadas como fundamentos para absolvi\u00e7\u00e3o no Tribunal do J\u00fari"},"content":{"rendered":"\n<p><em>Tribunal do J\u00fari absolve homem que tentou matar o estuprador de seu filho, com base em leg\u00edtima defesa permanente e clem\u00eancia.<\/em><\/p>\n\n\n\n<p><strong>* Thiago de Paula Leite \u00e9 procurador do Estado de S\u00e3o Paulo e professor de direito ambiental e agr\u00e1rio do Estrat\u00e9gia.<\/strong><\/p>\n\n\n\n<figure class=\"wp-block-image size-large\"><img decoding=\"async\" width=\"1024\" height=\"683\" src=\"https:\/\/cj.estrategia.com\/portal\/wp-content\/uploads\/2024\/09\/29154102\/back-view-lawyer-working-1024x683.jpg\" alt=\"leg\u00edtima defesa\" class=\"wp-image-77819\" srcset=\"https:\/\/cj.estrategia.com\/portal\/wp-content\/uploads\/2024\/09\/29154102\/back-view-lawyer-working-1024x683.jpg 1024w, https:\/\/cj.estrategia.com\/portal\/wp-content\/uploads\/2024\/09\/29154102\/back-view-lawyer-working-300x200.jpg 300w, https:\/\/cj.estrategia.com\/portal\/wp-content\/uploads\/2024\/09\/29154102\/back-view-lawyer-working-768x512.jpg 768w, https:\/\/cj.estrategia.com\/portal\/wp-content\/uploads\/2024\/09\/29154102\/back-view-lawyer-working-1536x1024.jpg 1536w, https:\/\/cj.estrategia.com\/portal\/wp-content\/uploads\/2024\/09\/29154102\/back-view-lawyer-working-2048x1365.jpg 2048w, https:\/\/cj.estrategia.com\/portal\/wp-content\/uploads\/2024\/09\/29154102\/back-view-lawyer-working-380x253.jpg 380w, https:\/\/cj.estrategia.com\/portal\/wp-content\/uploads\/2024\/09\/29154102\/back-view-lawyer-working-800x533.jpg 800w, https:\/\/cj.estrategia.com\/portal\/wp-content\/uploads\/2024\/09\/29154102\/back-view-lawyer-working-1160x773.jpg 1160w, https:\/\/cj.estrategia.com\/portal\/wp-content\/uploads\/2024\/09\/29154102\/back-view-lawyer-working-150x100.jpg 150w, https:\/\/cj.estrategia.com\/portal\/wp-content\/uploads\/2024\/09\/29154102\/back-view-lawyer-working-scaled.jpg 2560w\" sizes=\"(max-width: 1024px) 100vw, 1024px\" \/><\/figure>\n\n\n\n<p><strong><mark style=\"background-color:rgba(0, 0, 0, 0)\" class=\"has-inline-color has-vivid-red-color\">O Tribunal do J\u00fari em Santa Catarina absolveu um homem que tentou matar seu cunhado, por ter estuprado seu filho<\/mark><\/strong>. O abusador estuprou o ent\u00e3o menor, que \u00e9 portador de defici\u00eancia mental, ao menos <strong>324 vezes<\/strong> durante quase duas d\u00e9cadas. O crime chocou o Brasil diante da crueldade.<\/p>\n\n\n\n<h2 class=\"wp-block-heading\" id=\"h-entenda-o-caso\" style=\"font-style:normal;font-weight:400\"><span id=\"entenda-o-caso\"><strong>Entenda o caso<\/strong><\/span><\/h2>\n\n\n\n<div class=\"wp-block-group is-style-cnvs-block-shadow\"><div class=\"wp-block-group__inner-container is-layout-constrained wp-block-group-is-layout-constrained\">\n<p>De acordo com o relato do menor, os abusos aconteciam aos finais de semana, quando ele ficava no rancho do tio, que \u00e9 irm\u00e3o g\u00eameo de sua m\u00e3e. L\u00e1, <strong>o agressor o obrigava a vestir roupas \u00edntimas e femininas, al\u00e9m de aplicar batom em sua boca antes de beij\u00e1-lo. Segundo o depoimento, essas humilha\u00e7\u00f5es precediam os atos de viol\u00eancia sexual<\/strong>, que ocorriam nos fundos da propriedade.&nbsp;<\/p>\n\n\n\n<p>Nesse rancho, o homem colocava o sobrinho diante de \u201c<em>ro\u00e7adeiras, machados e foices<\/em>\u201d, na tentativa de amea\u00e7\u00e1-lo. Conforme consta no processo, o tio dizia que se ele gritasse ou fizesse barulhos, o mataria.<\/p>\n\n\n\n<p>O medo de morrer impedia que a v\u00edtima, que tem necessidades especiais, denunciasse os estupros. Contudo, ap\u00f3s anos sofrendo viol\u00eancia, o jovem contou a uma psic\u00f3loga o que estava acontecendo.<\/p>\n\n\n\n<p>A psic\u00f3loga, ent\u00e3o, revelou os crimes aos pais do menor, que ficaram abalados. Por sua vez, a m\u00e3e do jovem, inclusive, contou que \u201c<em>desconfiava<\/em>\u201d que algo estivesse acontecendo ap\u00f3s uma vizinha alert\u00e1-la sobre comportamentos estranhos envolvendo tio e sobrinho. \u00c0 \u00e9poca, por\u00e9m, a genitora n\u00e3o teria cogitado os abusos.<\/p>\n\n\n\n<p>Ap\u00f3s receber a revoltante not\u00edcia da psic\u00f3loga, o casal voltou para casa, e planejavam registrar um boletim de ocorr\u00eancia contra o agressor. Por\u00e9m, logo ap\u00f3s a mulher sair de casa para trabalhar, o pai (Eloi) pegou uma arma, procurou o estuprador e atirou contra ele. O homem n\u00e3o morreu.<\/p>\n\n\n\n<p>Eloi foi preso por tentativa de homic\u00eddio, e agora absolvido pelo j\u00fari, cujo conselho de senten\u00e7a foi formado por quatro mulheres e tr\u00eas homens. O Minist\u00e9rio P\u00fablico n\u00e3o pretende recorrer da decis\u00e3o.<\/p>\n\n\n\n<p>O estuprador foi condenado a 14 anos de reclus\u00e3o, e acabou morrendo de um acidente de tr\u00e2nsito, antes de se apresentar \u00e0 pol\u00edcia.<\/p>\n<\/div><\/div>\n\n\n\n<h2 class=\"wp-block-heading\" id=\"h-analise-juridica-legitima-defesa-permanente-nbsp\" style=\"font-style:normal;font-weight:400\"><span id=\"analise-juridica-legitima-defesa-permanente\"><strong>An\u00e1lise Jur\u00eddica<\/strong> <mark style=\"background-color:rgba(0, 0, 0, 0)\" class=\"has-inline-color has-white-color\">&#8211; <strong>Leg\u00edtima defesa permanente&nbsp;<\/strong><\/mark><\/span><\/h2>\n\n\n\n<p>Agora que sabemos sobre esse triste epis\u00f3dio, vamos analisar a repercuss\u00e3o jur\u00eddica do caso. Bem como pode ser cobrado em provas de carreiras jur\u00eddicas (magistratura, defensoria p\u00fablica, minist\u00e9rio p\u00fablico).<\/p>\n\n\n\n<p>A Constitui\u00e7\u00e3o Federal, em seu artigo 5\u00ba, XXXVIII, d, define a compet\u00eancia do Tribunal do J\u00fari para o julgamento dos crimes dolosos contra a vida (consumados ou tentados), e que \u00e9 corroborado pelo artigo 74, do C\u00f3digo de Processo Penal.<\/p>\n\n\n\n<pre class=\"wp-block-preformatted\"><em>XXXVIII - \u00e9 reconhecida a institui\u00e7\u00e3o do j\u00fari, com a organiza\u00e7\u00e3o que lhe der a lei, assegurados:<\/em>\n<em>a) a plenitude de defesa;<\/em>\n\n<em>b) o sigilo das vota\u00e7\u00f5es;<\/em>\n\n<em>c) a soberania dos veredictos;<\/em>\n\n<strong><em>d) a compet\u00eancia para o julgamento dos crimes dolosos contra a vida;<\/em><\/strong>\n\n(<em>CF\/8<\/em>8)\n\n<\/pre>\n\n\n\n<pre class=\"wp-block-preformatted\"><em>Art. 74.&nbsp; A compet\u00eancia pela natureza da infra\u00e7\u00e3o ser\u00e1 regulada pelas leis de organiza\u00e7\u00e3o judici\u00e1ria, salvo a compet\u00eancia privativa do Tribunal do J\u00fari.<\/em>\n\n<strong><em>\u00a7 1\u00ba Compete ao Tribunal do J\u00fari o julgamento dos crimes previstos nos arts. 121, \u00a7\u00a7 1\u00ba e 2\u00ba, 122, par\u00e1grafo \u00fanico, 123, 124, 125, 126 e 127 do C\u00f3digo Penal, consumados ou tentados.&nbsp;&nbsp;&nbsp;&nbsp;&nbsp;&nbsp;&nbsp;&nbsp;&nbsp;&nbsp;&nbsp;&nbsp;&nbsp;&nbsp;&nbsp;<\/em><\/strong>\n(<em>CPP<\/em>)<\/pre>\n\n\n\n<p>No caso em quest\u00e3o, a absolvi\u00e7\u00e3o do pai foi fundamentada em <strong>crit\u00e9rios t\u00e9cnicos e emocionais<\/strong>. A defesa alegou duas teses principais:<\/p>\n\n\n\n<h3 class=\"wp-block-heading\" id=\"h-legitima-defesa-permanente\" style=\"font-style:normal;font-weight:400\"><span id=\"legitima-defesa-permanente\"><strong>Leg\u00edtima defesa permanente\u00a0<\/strong><\/span><\/h3>\n\n\n\n<ol class=\"is-style-cnvs-list-styled-positive wp-block-list\"><\/ol>\n\n\n\n<p>A leg\u00edtima defesa est\u00e1 prevista no artigo 25 do c\u00f3digo penal, entendendo-se por leg\u00edtima defesa quem, usando moderadamente dos meios necess\u00e1rios, repele injusta agress\u00e3o, atual ou iminente, a direito seu ou de outrem.&nbsp;<\/p>\n\n\n\n<div class=\"wp-block-group is-style-cnvs-block-bg-light\"><div class=\"wp-block-group__inner-container is-layout-constrained wp-block-group-is-layout-constrained\">\n<p>O STF, no julgamento da ADPF 779, afastou a teoria da \u201cleg\u00edtima defesa da honra\u201d. O tribunal entendeu que sua aplica\u00e7\u00e3o viola a dignidade da pessoa humana, a veda\u00e7\u00e3o de todas as formas de discrimina\u00e7\u00e3o. Al\u00e9m disso, fere o direito \u00e0 igualdade e o direito \u00e0 vida. A decis\u00e3o considerou os riscos elevados e sist\u00eamicos decorrentes da naturaliza\u00e7\u00e3o, da toler\u00e2ncia e do incentivo \u00e0 cultura da viol\u00eancia dom\u00e9stica e do feminic\u00eddio.<\/p>\n<\/div><\/div>\n\n\n\n<div class=\"wp-block-group is-style-cnvs-block-bordered\"><div class=\"wp-block-group__inner-container is-layout-constrained wp-block-group-is-layout-constrained\">\n<div class=\"wp-block-media-text\" style=\"grid-template-columns:29% auto\"><figure class=\"wp-block-media-text__media\"><img decoding=\"async\" width=\"1024\" height=\"1024\" src=\"https:\/\/cj.estrategia.com\/portal\/wp-content\/uploads\/2024\/09\/28233503\/Design-sem-nome-4-1024x1024.png\" alt=\"\" class=\"wp-image-77802 size-full\" srcset=\"https:\/\/cj.estrategia.com\/portal\/wp-content\/uploads\/2024\/09\/28233503\/Design-sem-nome-4-1024x1024.png 1024w, https:\/\/cj.estrategia.com\/portal\/wp-content\/uploads\/2024\/09\/28233503\/Design-sem-nome-4-300x300.png 300w, https:\/\/cj.estrategia.com\/portal\/wp-content\/uploads\/2024\/09\/28233503\/Design-sem-nome-4-150x150.png 150w, https:\/\/cj.estrategia.com\/portal\/wp-content\/uploads\/2024\/09\/28233503\/Design-sem-nome-4-768x768.png 768w, https:\/\/cj.estrategia.com\/portal\/wp-content\/uploads\/2024\/09\/28233503\/Design-sem-nome-4-80x80.png 80w, https:\/\/cj.estrategia.com\/portal\/wp-content\/uploads\/2024\/09\/28233503\/Design-sem-nome-4-380x380.png 380w, https:\/\/cj.estrategia.com\/portal\/wp-content\/uploads\/2024\/09\/28233503\/Design-sem-nome-4-800x800.png 800w, https:\/\/cj.estrategia.com\/portal\/wp-content\/uploads\/2024\/09\/28233503\/Design-sem-nome-4-24x24.png 24w, https:\/\/cj.estrategia.com\/portal\/wp-content\/uploads\/2024\/09\/28233503\/Design-sem-nome-4-48x48.png 48w, https:\/\/cj.estrategia.com\/portal\/wp-content\/uploads\/2024\/09\/28233503\/Design-sem-nome-4-96x96.png 96w, https:\/\/cj.estrategia.com\/portal\/wp-content\/uploads\/2024\/09\/28233503\/Design-sem-nome-4.png 1080w\" sizes=\"(max-width: 1024px) 100vw, 1024px\" \/><\/figure><div class=\"wp-block-media-text__content\">\n<p>A <strong>leg\u00edtima defesa permanente<\/strong> \u00e9 uma figura doutrin\u00e1ria que amplia o conceito de agress\u00e3o iminente. Ela \u00e9 aplicada em casos em que <strong>a agress\u00e3o \u00e9 constante e iminente<\/strong>. Como exemplos, podemos citar o caso de uma mulher que sofre viol\u00eancia dom\u00e9stica por anos e decide reagir. Ou, ainda, o de um menor que \u00e9 estuprado por anos e decide denunciar, como \u00e9 o caso em quest\u00e3o, onde a viol\u00eancia era permanente, pois o adolescente foi abusado por mais de uma d\u00e9cada, o que autorizaria o pai a agir para proteg\u00ea-lo.<\/p>\n<\/div><\/div>\n\n\n\n<p><\/p>\n<\/div><\/div>\n\n\n\n<p>Como a agress\u00e3o se perpetua no tempo, cria-se um estado constante de perigo e medo, que justifica a\u00e7\u00f5es voltadas a repelir essa agress\u00e3o, atraindo a figura da leg\u00edtima defesa.<\/p>\n\n\n\n<h3 class=\"wp-block-heading\" id=\"h-pedido-de-clemencia\" style=\"font-style:normal;font-weight:400\"><span id=\"pedido-de-clemencia\"><strong>Pedido de clem\u00eancia<\/strong><\/span><\/h3>\n\n\n\n<p>A soberania dos veredictos, que impera no Tribunal do J\u00fari, e que \u00e9 um garantia constitucional. Aliada ao livre convencimento, essa soberania permite aos jurados decidir com liberdade, incluindo a absolvi\u00e7\u00e3o por clem\u00eancia. Ou seja, o instituto permite aos jurados absolverem o r\u00e9u por compaix\u00e3o, mesmo diante de evid\u00eancias de sua culpa, ressaltando a humanidade do sistema de justi\u00e7a.&nbsp;<\/p>\n\n\n\n<p>O STF est\u00e1 analisando o uso da clem\u00eancia no Tribunal do J\u00fari no julgamento do <strong><mark style=\"background-color:rgba(0, 0, 0, 0)\" class=\"has-inline-color has-vivid-red-color\">TEMA 1.087<\/mark><\/strong>. At\u00e9 o presente momento (29\/09\/2024) o julgamento est\u00e1 suspenso, mas j\u00e1 h\u00e1 voto do Ministro Gilmar Mendes, Edson Fachin e Alexandre de Moraes. Vamos entender o voto do relator (Mendes).<\/p>\n\n\n\n<h5 class=\"wp-block-heading\" id=\"h-tema-1-087\" style=\"font-style:normal;font-weight:400\"><span id=\"tema-1-087\"><strong><mark style=\"background-color:rgba(0, 0, 0, 0)\" class=\"has-inline-color has-vivid-red-color\">TEMA 1.087<\/mark><\/strong><\/span><\/h5>\n\n\n\n<div class=\"wp-block-group is-style-cnvs-block-bordered\"><div class=\"wp-block-group__inner-container is-layout-constrained wp-block-group-is-layout-constrained\">\n<p>Tema 1087 &#8211; Possibilidade de Tribunal de 2\u00ba grau, diante da soberania dos veredictos do Tribunal do J\u00fari, determinar a realiza\u00e7\u00e3o de novo j\u00fari em julgamento de recurso interposto contra absolvi\u00e7\u00e3o assentada no quesito gen\u00e9rico, ante suposta contrariedade \u00e0 prova dos autos.<\/p>\n<\/div><\/div>\n\n\n\n<h4 class=\"wp-block-heading\" id=\"h-soberania-dos-veredictos-do-tribunal-do-juri\" style=\"font-style:normal;font-weight:400\"><span id=\"soberania-dos-veredictos-do-tribunal-do-juri\"><strong>Soberania dos Veredictos do Tribunal do J\u00fari<\/strong><\/span><\/h4>\n\n\n\n<p>O ministro Gilmar Mendes votou pela impossibilidade de um tribunal de segunda inst\u00e2ncia determinar a realiza\u00e7\u00e3o de novo julgamento pelo Tribunal do J\u00fari (j\u00fari popular) no caso em que o r\u00e9u tenha sido absolvido sem fundamenta\u00e7\u00e3o espec\u00edfica, por motivos como clem\u00eancia, piedade ou compaix\u00e3o, em suposta contrariedade \u00e0 prova dos autos.<\/p>\n\n\n\n<p>De acordo com o CPP, os jurados devem responder a tr\u00eas perguntas: se houve o crime, quem foi o autor e se o acusado deve ser absolvido. A absolvi\u00e7\u00e3o por quesito gen\u00e9rico se d\u00e1 quando o j\u00fari responde positivamente \u00e0 terceira pergunta sem apresentar motiva\u00e7\u00e3o e em sentido contr\u00e1rio \u00e0s provas apresentadas no processo, mesmo tendo reconhecido a ocorr\u00eancia e a autoria do delito. Essa resposta pode ser motivada por clem\u00eancia, piedade ou compaix\u00e3o do j\u00fari pelo acusado.<\/p>\n\n\n\n<p>Em seu voto, o Relator destacou que a substitui\u00e7\u00e3o da decis\u00e3o dos jurados por uma tomada por um colegiado de magistrados esvaziaria a soberania dos vereditos do tribunal popular, formado por ju\u00edzes leigos. Na sua avalia\u00e7\u00e3o, se ao responder ao quesito gen\u00e9rico o jurado pode absolver o r\u00e9u sem especificar os motivos, n\u00e3o \u00e9 admiss\u00edvel um recurso de apela\u00e7\u00e3o com o fundamento de que a decis\u00e3o foi manifestamente contr\u00e1ria \u00e0 prova dos autos.&nbsp;<\/p>\n\n\n\n<h4 class=\"wp-block-heading\" id=\"h-excecao-para-a-tese-de-legitima-defesa-da-honra\" style=\"font-style:normal;font-weight:400\"><span id=\"excecao-para-a-tese-de-legitima-defesa-da-honra\"><strong>Exce\u00e7\u00e3o para a tese de Leg\u00edtima Defesa da Honra<\/strong><\/span><\/h4>\n\n\n\n<p>Mas, para Gilmar Mendes, <strong><mark style=\"background-color:rgba(0, 0, 0, 0)\" class=\"has-inline-color has-vivid-red-color\">existe uma exce\u00e7\u00e3o<\/mark>:<\/strong> a possibilidade de apela\u00e7\u00e3o na hip\u00f3tese de utiliza\u00e7\u00e3o da tese da leg\u00edtima defesa da honra <strong>em casos de feminic\u00eddio<\/strong>, tese que foi afastada pela Corte na ADPF 779, como vimos mais acima.<\/p>\n\n\n\n<p>O ministro Edson Fachin abriu diverg\u00eancia <mark style=\"background-color:rgba(0, 0, 0, 0)\" class=\"has-inline-color has-vivid-red-color\">(<strong>que acabou prevalecendo<\/strong>)<\/mark>, para o qual o Tribunal de apela\u00e7\u00e3o pode determinar a realiza\u00e7\u00e3o de novo j\u00fari desde que n\u00e3o haja provas que corroborem a tese da defesa ou desde que seja concedida clem\u00eancia a casos que, por ordem constitucional, s\u00e3o insuscet\u00edveis de gra\u00e7a ou anistia.\u00a0<\/p>\n\n\n\n<p><strong>A Corte fixou a seguinte TESE:<\/strong><\/p>\n\n\n\n<div class=\"wp-block-group is-style-cnvs-block-single-border\"><div class=\"wp-block-group__inner-container is-layout-constrained wp-block-group-is-layout-constrained\">\n<p><em>I &#8211; \u00c9 cab\u00edvel recurso de apela\u00e7\u00e3o com base no art. 593, III, d, do CPP nas hip\u00f3teses em que a decis\u00e3o do tribunal do J\u00fari, amparada em quesito gen\u00e9rico, for considerada pela acusa\u00e7\u00e3o como manifestamente contr\u00e1ria \u00e0 prova dos autos.<\/em><\/p>\n\n\n\n<p><em>II &#8211; O tribunal de apela\u00e7\u00e3o n\u00e3o determinar\u00e1 novo J\u00fari quando tiver ocorrido apresenta\u00e7\u00e3o constante em ata de tese conducente \u00e0 clem\u00eancia ao acusado e essa fora colhida pelos jurados, desde que seja compat\u00edvel com a CF, os precedentes vinculantes do STF e com as circunst\u00e2ncias f\u00e1ticas apresentadas nos autos.<\/em><\/p>\n<\/div><\/div>\n\n\n\n<p><strong>O placar final foi o seguinte:<\/strong><\/p>\n\n\n\n<p><img decoding=\"async\" src=\"https:\/\/lh7-rt.googleusercontent.com\/docsz\/AD_4nXdPIwi-1jYqHMzPhwuR_-a7wtM8zoEEdJnfzy2T91lUjokLOCobhZ8ztDL2S2EQvO5QV1k13zhCwBEuihb7mbxqoiPE1jlKWaW6OJHi9tKyzFwsCbGZEEMBO2ud8XjYzz9XADuFBz4DCqOgOvgpNSey1rtp?key=K9EjXXL5dyC_IH4F0X9DGw\" width=\"501\" height=\"248\"><\/p>\n\n\n\n<p>Por fim, no caso ora analisado, tudo incida que o Minist\u00e9rio P\u00fablico n\u00e3o ir\u00e1 recorrer, e que Eloi (o pai que tentou matar o cunhado\/estuprador do filho) ter\u00e1 a absolvi\u00e7\u00e3o consolidada.<br><\/p>\n\n\n\n<p>\u00d3timo tema para provas do Minist\u00e9rio P\u00fablico, Defensoria P\u00fablica e Magistratura.<\/p>\n\n\n\n<p class=\"has-text-align-center is-style-default\" style=\"font-size:24px;font-style:normal;font-weight:400\">Quer saber quais ser\u00e3o os pr\u00f3ximos concursos?<\/p>\n\n\n\n<p class=\"has-text-align-center\">Confira nossos&nbsp;<a href=\"https:\/\/cj.estrategia.com\/portal\/\" target=\"_blank\" >artigos para Carreiras Jur\u00eddicas<\/a>!<\/p>\n\n\n\n<p class=\"has-text-align-center has-white-color has-pale-cyan-blue-background-color has-text-color has-background has-link-color wp-elements-f3d5123bb0c8e11604d0c8c7f1ea8be8\"><a href=\"https:\/\/www.estrategiaconcursos.com.br\/blog\/concursos-abertos\/\" target=\"_blank\" >Confira os concursos p\u00fablicos abertos<\/a><\/p>\n\n\n\n<p class=\"has-text-align-center has-white-color has-pale-cyan-blue-background-color has-text-color has-background has-link-color wp-elements-94f2aad2f2b05ea3152ac5320a17d121\"><a href=\"https:\/\/cj.estrategia.com\/portal\/web-stories\/\" target=\"_blank\" >Concursos 2024<\/a><\/p>\n","protected":false},"excerpt":{"rendered":"Tribunal do J\u00fari absolve homem que tentou matar o estuprador de seu filho, com base em leg\u00edtima defesa&hellip;\n","protected":false},"author":81,"featured_media":77819,"comment_status":"open","ping_status":"open","sticky":false,"template":"","format":"standard","meta":{"_jetpack_memberships_contains_paid_content":false,"footnotes":""},"categories":[1],"tags":[336,1078,187,134,1079,501],"tax_estado":[30,31,32,33,34,35,36,37,38,39,40,41,42,43,44,45,46,47,48,49,50,51,52,53,54,55,56,57],"class_list":{"0":"post-77813","1":"post","2":"type-post","3":"status-publish","4":"format-standard","5":"has-post-thumbnail","7":"category-carreiras-juridicas","8":"tag-analise-juridica","9":"tag-clemencia","10":"tag-legitima-defesa","11":"tag-stf","12":"tag-tema-1-087","13":"tag-tribunal-do-juri","14":"tax_estado-ac","15":"tax_estado-al","16":"tax_estado-am","17":"tax_estado-ap","18":"tax_estado-ba","19":"tax_estado-ce","20":"tax_estado-concursos-federais","21":"tax_estado-df","22":"tax_estado-es","23":"tax_estado-go","24":"tax_estado-ma","25":"tax_estado-mg","26":"tax_estado-ms","27":"tax_estado-mt","28":"tax_estado-pa","29":"tax_estado-pb","30":"tax_estado-pe","31":"tax_estado-pi","32":"tax_estado-pr","33":"tax_estado-rj","34":"tax_estado-rn","35":"tax_estado-ro","36":"tax_estado-rr","37":"tax_estado-rs","38":"tax_estado-sc","39":"tax_estado-se","40":"tax_estado-sp","41":"tax_estado-to"},"acf":[],"yoast_head":"<!-- This site is optimized with the Yoast SEO Premium plugin v27.4 (Yoast SEO v27.4) - https:\/\/yoast.com\/product\/yoast-seo-premium-wordpress\/ -->\n<title>Leg\u00edtima defesa permanente e clem\u00eancia no Tribunal do J\u00fari<\/title>\n<meta name=\"description\" content=\"J\u00fari absolve homem que tentou matar o estuprador de seu filho, com base em leg\u00edtima defesa permanente e clem\u00eancia.\" \/>\n<meta name=\"robots\" content=\"index, follow, max-snippet:-1, max-image-preview:large, max-video-preview:-1\" \/>\n<link rel=\"canonical\" href=\"https:\/\/cj.estrategia.com\/portal\/legitima-defesa-permanente\/\" \/>\n<meta property=\"og:locale\" content=\"pt_BR\" \/>\n<meta property=\"og:type\" content=\"article\" \/>\n<meta property=\"og:title\" content=\"Leg\u00edtima defesa permanente e clem\u00eancia s\u00e3o usadas como fundamentos para absolvi\u00e7\u00e3o no Tribunal do J\u00fari\" \/>\n<meta property=\"og:description\" content=\"J\u00fari absolve homem que tentou matar o estuprador de seu filho, com base em leg\u00edtima defesa permanente e clem\u00eancia.\" \/>\n<meta property=\"og:url\" content=\"https:\/\/cj.estrategia.com\/portal\/legitima-defesa-permanente\/\" \/>\n<meta property=\"og:site_name\" content=\"Blog - Carreiras Jur\u00eddicas - Estrat\u00e9gia\" \/>\n<meta property=\"article:publisher\" content=\"https:\/\/www.facebook.com\/estrategiacarreirajuridica\/\" \/>\n<meta property=\"article:published_time\" content=\"2024-09-29T19:49:04+00:00\" \/>\n<meta property=\"article:modified_time\" content=\"2024-10-06T02:13:07+00:00\" \/>\n<meta property=\"og:image\" content=\"https:\/\/cj.estrategia.com\/portal\/wp-content\/uploads\/2024\/09\/29154102\/back-view-lawyer-working-scaled.jpg\" \/>\n\t<meta property=\"og:image:width\" content=\"2560\" \/>\n\t<meta property=\"og:image:height\" content=\"1707\" \/>\n\t<meta property=\"og:image:type\" content=\"image\/jpeg\" \/>\n<meta name=\"author\" content=\"Thiago Leite\" \/>\n<meta name=\"twitter:card\" content=\"summary_large_image\" \/>\n<meta name=\"twitter:creator\" content=\"@EstratJuridica\" \/>\n<meta name=\"twitter:site\" content=\"@EstratJuridica\" \/>\n<meta name=\"twitter:label1\" content=\"Escrito por\" \/>\n\t<meta name=\"twitter:data1\" content=\"Thiago Leite\" \/>\n\t<meta name=\"twitter:label2\" content=\"Est. tempo de leitura\" \/>\n\t<meta name=\"twitter:data2\" content=\"9 minutos\" \/>\n<script type=\"application\/ld+json\" class=\"yoast-schema-graph\">{\"@context\":\"https:\\\/\\\/schema.org\",\"@graph\":[{\"@type\":\"NewsArticle\",\"@id\":\"https:\\\/\\\/cj.estrategia.com\\\/portal\\\/legitima-defesa-permanente\\\/#article\",\"isPartOf\":{\"@id\":\"https:\\\/\\\/cj.estrategia.com\\\/portal\\\/legitima-defesa-permanente\\\/\"},\"author\":{\"name\":\"Thiago Leite\",\"@id\":\"https:\\\/\\\/cj.estrategia.com\\\/portal\\\/#\\\/schema\\\/person\\\/7d7d2b1c8386e2eeacc0b09cfbc1d0ff\"},\"headline\":\"Leg\u00edtima defesa permanente e clem\u00eancia s\u00e3o usadas como fundamentos para absolvi\u00e7\u00e3o no Tribunal do J\u00fari\",\"datePublished\":\"2024-09-29T19:49:04+00:00\",\"dateModified\":\"2024-10-06T02:13:07+00:00\",\"mainEntityOfPage\":{\"@id\":\"https:\\\/\\\/cj.estrategia.com\\\/portal\\\/legitima-defesa-permanente\\\/\"},\"wordCount\":1501,\"commentCount\":0,\"publisher\":{\"@id\":\"https:\\\/\\\/cj.estrategia.com\\\/portal\\\/#organization\"},\"image\":{\"@id\":\"https:\\\/\\\/cj.estrategia.com\\\/portal\\\/legitima-defesa-permanente\\\/#primaryimage\"},\"thumbnailUrl\":\"https:\\\/\\\/cj.estrategia.com\\\/portal\\\/wp-content\\\/uploads\\\/2024\\\/09\\\/29154102\\\/back-view-lawyer-working-scaled.jpg\",\"keywords\":[\"an\u00e1lise jur\u00eddica\",\"clem\u00eancia\",\"leg\u00edtima defesa\",\"STF\",\"Tema 1.087\",\"Tribunal do J\u00fari\"],\"articleSection\":[\"Carreiras Jur\u00eddicas\"],\"inLanguage\":\"pt-BR\",\"potentialAction\":[{\"@type\":\"CommentAction\",\"name\":\"Comment\",\"target\":[\"https:\\\/\\\/cj.estrategia.com\\\/portal\\\/legitima-defesa-permanente\\\/#respond\"]}]},{\"@type\":\"WebPage\",\"@id\":\"https:\\\/\\\/cj.estrategia.com\\\/portal\\\/legitima-defesa-permanente\\\/\",\"url\":\"https:\\\/\\\/cj.estrategia.com\\\/portal\\\/legitima-defesa-permanente\\\/\",\"name\":\"Leg\u00edtima defesa permanente e clem\u00eancia no Tribunal do J\u00fari\",\"isPartOf\":{\"@id\":\"https:\\\/\\\/cj.estrategia.com\\\/portal\\\/#website\"},\"primaryImageOfPage\":{\"@id\":\"https:\\\/\\\/cj.estrategia.com\\\/portal\\\/legitima-defesa-permanente\\\/#primaryimage\"},\"image\":{\"@id\":\"https:\\\/\\\/cj.estrategia.com\\\/portal\\\/legitima-defesa-permanente\\\/#primaryimage\"},\"thumbnailUrl\":\"https:\\\/\\\/cj.estrategia.com\\\/portal\\\/wp-content\\\/uploads\\\/2024\\\/09\\\/29154102\\\/back-view-lawyer-working-scaled.jpg\",\"datePublished\":\"2024-09-29T19:49:04+00:00\",\"dateModified\":\"2024-10-06T02:13:07+00:00\",\"description\":\"J\u00fari absolve homem que tentou matar o estuprador de seu filho, com base em leg\u00edtima defesa permanente e clem\u00eancia.\",\"breadcrumb\":{\"@id\":\"https:\\\/\\\/cj.estrategia.com\\\/portal\\\/legitima-defesa-permanente\\\/#breadcrumb\"},\"inLanguage\":\"pt-BR\",\"potentialAction\":[{\"@type\":\"ReadAction\",\"target\":[\"https:\\\/\\\/cj.estrategia.com\\\/portal\\\/legitima-defesa-permanente\\\/\"]}]},{\"@type\":\"ImageObject\",\"inLanguage\":\"pt-BR\",\"@id\":\"https:\\\/\\\/cj.estrategia.com\\\/portal\\\/legitima-defesa-permanente\\\/#primaryimage\",\"url\":\"https:\\\/\\\/cj.estrategia.com\\\/portal\\\/wp-content\\\/uploads\\\/2024\\\/09\\\/29154102\\\/back-view-lawyer-working-scaled.jpg\",\"contentUrl\":\"https:\\\/\\\/cj.estrategia.com\\\/portal\\\/wp-content\\\/uploads\\\/2024\\\/09\\\/29154102\\\/back-view-lawyer-working-scaled.jpg\",\"width\":2560,\"height\":1707},{\"@type\":\"BreadcrumbList\",\"@id\":\"https:\\\/\\\/cj.estrategia.com\\\/portal\\\/legitima-defesa-permanente\\\/#breadcrumb\",\"itemListElement\":[{\"@type\":\"ListItem\",\"position\":1,\"name\":\"In\u00edcio\",\"item\":\"https:\\\/\\\/cj.estrategia.com\\\/portal\\\/\"},{\"@type\":\"ListItem\",\"position\":2,\"name\":\"Leg\u00edtima defesa permanente e clem\u00eancia s\u00e3o usadas como fundamentos para absolvi\u00e7\u00e3o no Tribunal do J\u00fari\"}]},{\"@type\":\"WebSite\",\"@id\":\"https:\\\/\\\/cj.estrategia.com\\\/portal\\\/#website\",\"url\":\"https:\\\/\\\/cj.estrategia.com\\\/portal\\\/\",\"name\":\"Blog - Carreiras Jur\u00eddicas - Estrat\u00e9gia\",\"description\":\"\",\"publisher\":{\"@id\":\"https:\\\/\\\/cj.estrategia.com\\\/portal\\\/#organization\"},\"potentialAction\":[{\"@type\":\"SearchAction\",\"target\":{\"@type\":\"EntryPoint\",\"urlTemplate\":\"https:\\\/\\\/cj.estrategia.com\\\/portal\\\/?s={search_term_string}\"},\"query-input\":{\"@type\":\"PropertyValueSpecification\",\"valueRequired\":true,\"valueName\":\"search_term_string\"}}],\"inLanguage\":\"pt-BR\"},{\"@type\":\"Organization\",\"@id\":\"https:\\\/\\\/cj.estrategia.com\\\/portal\\\/#organization\",\"name\":\"Estrat\u00e9gia - Carreiras Jur\u00eddicas\",\"url\":\"https:\\\/\\\/cj.estrategia.com\\\/portal\\\/\",\"logo\":{\"@type\":\"ImageObject\",\"inLanguage\":\"pt-BR\",\"@id\":\"https:\\\/\\\/cj.estrategia.com\\\/portal\\\/#\\\/schema\\\/logo\\\/image\\\/\",\"url\":\"https:\\\/\\\/cj.estrategia.com\\\/portal\\\/wp-content\\\/uploads\\\/2022\\\/03\\\/11151052\\\/cj-logo.png\",\"contentUrl\":\"https:\\\/\\\/cj.estrategia.com\\\/portal\\\/wp-content\\\/uploads\\\/2022\\\/03\\\/11151052\\\/cj-logo.png\",\"width\":150,\"height\":39,\"caption\":\"Estrat\u00e9gia - Carreiras Jur\u00eddicas\"},\"image\":{\"@id\":\"https:\\\/\\\/cj.estrategia.com\\\/portal\\\/#\\\/schema\\\/logo\\\/image\\\/\"},\"sameAs\":[\"https:\\\/\\\/www.facebook.com\\\/estrategiacarreirajuridica\\\/\",\"https:\\\/\\\/x.com\\\/EstratJuridica\",\"https:\\\/\\\/www.instagram.com\\\/estrategiacarreirajuridica\\\/\",\"https:\\\/\\\/www.youtube.com\\\/channel\\\/UClbMGuYbj2Mh1m3w144ETWQ\"]},{\"@type\":\"Person\",\"@id\":\"https:\\\/\\\/cj.estrategia.com\\\/portal\\\/#\\\/schema\\\/person\\\/7d7d2b1c8386e2eeacc0b09cfbc1d0ff\",\"name\":\"Thiago Leite\",\"image\":{\"@type\":\"ImageObject\",\"inLanguage\":\"pt-BR\",\"@id\":\"https:\\\/\\\/secure.gravatar.com\\\/avatar\\\/15ff5746ff9e313f1248fe2373ce03309054e96387bb9249055458d0c1aaa297?s=96&d=mm&r=g\",\"url\":\"https:\\\/\\\/secure.gravatar.com\\\/avatar\\\/15ff5746ff9e313f1248fe2373ce03309054e96387bb9249055458d0c1aaa297?s=96&d=mm&r=g\",\"contentUrl\":\"https:\\\/\\\/secure.gravatar.com\\\/avatar\\\/15ff5746ff9e313f1248fe2373ce03309054e96387bb9249055458d0c1aaa297?s=96&d=mm&r=g\",\"caption\":\"Thiago Leite\"},\"description\":\"Thiago de Paula Leite \u00e9 procurador do Estado de S\u00e3o Paulo e professor de direito ambiental e agr\u00e1rio do Estrat\u00e9gia.\",\"url\":\"https:\\\/\\\/cj.estrategia.com\\\/portal\\\/author\\\/thiago-leite\\\/\"}]}<\/script>\n<!-- \/ Yoast SEO Premium plugin. -->","yoast_head_json":{"title":"Leg\u00edtima defesa permanente e clem\u00eancia no Tribunal do J\u00fari","description":"J\u00fari absolve homem que tentou matar o estuprador de seu filho, com base em leg\u00edtima defesa permanente e clem\u00eancia.","robots":{"index":"index","follow":"follow","max-snippet":"max-snippet:-1","max-image-preview":"max-image-preview:large","max-video-preview":"max-video-preview:-1"},"canonical":"https:\/\/cj.estrategia.com\/portal\/legitima-defesa-permanente\/","og_locale":"pt_BR","og_type":"article","og_title":"Leg\u00edtima defesa permanente e clem\u00eancia s\u00e3o usadas como fundamentos para absolvi\u00e7\u00e3o no Tribunal do J\u00fari","og_description":"J\u00fari absolve homem que tentou matar o estuprador de seu filho, com base em leg\u00edtima defesa permanente e clem\u00eancia.","og_url":"https:\/\/cj.estrategia.com\/portal\/legitima-defesa-permanente\/","og_site_name":"Blog - Carreiras Jur\u00eddicas - Estrat\u00e9gia","article_publisher":"https:\/\/www.facebook.com\/estrategiacarreirajuridica\/","article_published_time":"2024-09-29T19:49:04+00:00","article_modified_time":"2024-10-06T02:13:07+00:00","og_image":[{"width":2560,"height":1707,"url":"https:\/\/cj.estrategia.com\/portal\/wp-content\/uploads\/2024\/09\/29154102\/back-view-lawyer-working-scaled.jpg","type":"image\/jpeg"}],"author":"Thiago Leite","twitter_card":"summary_large_image","twitter_creator":"@EstratJuridica","twitter_site":"@EstratJuridica","twitter_misc":{"Escrito por":"Thiago Leite","Est. tempo de leitura":"9 minutos"},"schema":{"@context":"https:\/\/schema.org","@graph":[{"@type":"NewsArticle","@id":"https:\/\/cj.estrategia.com\/portal\/legitima-defesa-permanente\/#article","isPartOf":{"@id":"https:\/\/cj.estrategia.com\/portal\/legitima-defesa-permanente\/"},"author":{"name":"Thiago Leite","@id":"https:\/\/cj.estrategia.com\/portal\/#\/schema\/person\/7d7d2b1c8386e2eeacc0b09cfbc1d0ff"},"headline":"Leg\u00edtima defesa permanente e clem\u00eancia s\u00e3o usadas como fundamentos para absolvi\u00e7\u00e3o no Tribunal do J\u00fari","datePublished":"2024-09-29T19:49:04+00:00","dateModified":"2024-10-06T02:13:07+00:00","mainEntityOfPage":{"@id":"https:\/\/cj.estrategia.com\/portal\/legitima-defesa-permanente\/"},"wordCount":1501,"commentCount":0,"publisher":{"@id":"https:\/\/cj.estrategia.com\/portal\/#organization"},"image":{"@id":"https:\/\/cj.estrategia.com\/portal\/legitima-defesa-permanente\/#primaryimage"},"thumbnailUrl":"https:\/\/cj.estrategia.com\/portal\/wp-content\/uploads\/2024\/09\/29154102\/back-view-lawyer-working-scaled.jpg","keywords":["an\u00e1lise jur\u00eddica","clem\u00eancia","leg\u00edtima defesa","STF","Tema 1.087","Tribunal do J\u00fari"],"articleSection":["Carreiras Jur\u00eddicas"],"inLanguage":"pt-BR","potentialAction":[{"@type":"CommentAction","name":"Comment","target":["https:\/\/cj.estrategia.com\/portal\/legitima-defesa-permanente\/#respond"]}]},{"@type":"WebPage","@id":"https:\/\/cj.estrategia.com\/portal\/legitima-defesa-permanente\/","url":"https:\/\/cj.estrategia.com\/portal\/legitima-defesa-permanente\/","name":"Leg\u00edtima defesa permanente e clem\u00eancia no Tribunal do J\u00fari","isPartOf":{"@id":"https:\/\/cj.estrategia.com\/portal\/#website"},"primaryImageOfPage":{"@id":"https:\/\/cj.estrategia.com\/portal\/legitima-defesa-permanente\/#primaryimage"},"image":{"@id":"https:\/\/cj.estrategia.com\/portal\/legitima-defesa-permanente\/#primaryimage"},"thumbnailUrl":"https:\/\/cj.estrategia.com\/portal\/wp-content\/uploads\/2024\/09\/29154102\/back-view-lawyer-working-scaled.jpg","datePublished":"2024-09-29T19:49:04+00:00","dateModified":"2024-10-06T02:13:07+00:00","description":"J\u00fari absolve homem que tentou matar o estuprador de seu filho, com base em leg\u00edtima defesa permanente e clem\u00eancia.","breadcrumb":{"@id":"https:\/\/cj.estrategia.com\/portal\/legitima-defesa-permanente\/#breadcrumb"},"inLanguage":"pt-BR","potentialAction":[{"@type":"ReadAction","target":["https:\/\/cj.estrategia.com\/portal\/legitima-defesa-permanente\/"]}]},{"@type":"ImageObject","inLanguage":"pt-BR","@id":"https:\/\/cj.estrategia.com\/portal\/legitima-defesa-permanente\/#primaryimage","url":"https:\/\/cj.estrategia.com\/portal\/wp-content\/uploads\/2024\/09\/29154102\/back-view-lawyer-working-scaled.jpg","contentUrl":"https:\/\/cj.estrategia.com\/portal\/wp-content\/uploads\/2024\/09\/29154102\/back-view-lawyer-working-scaled.jpg","width":2560,"height":1707},{"@type":"BreadcrumbList","@id":"https:\/\/cj.estrategia.com\/portal\/legitima-defesa-permanente\/#breadcrumb","itemListElement":[{"@type":"ListItem","position":1,"name":"In\u00edcio","item":"https:\/\/cj.estrategia.com\/portal\/"},{"@type":"ListItem","position":2,"name":"Leg\u00edtima defesa permanente e clem\u00eancia s\u00e3o usadas como fundamentos para absolvi\u00e7\u00e3o no Tribunal do J\u00fari"}]},{"@type":"WebSite","@id":"https:\/\/cj.estrategia.com\/portal\/#website","url":"https:\/\/cj.estrategia.com\/portal\/","name":"Blog - Carreiras Jur\u00eddicas - Estrat\u00e9gia","description":"","publisher":{"@id":"https:\/\/cj.estrategia.com\/portal\/#organization"},"potentialAction":[{"@type":"SearchAction","target":{"@type":"EntryPoint","urlTemplate":"https:\/\/cj.estrategia.com\/portal\/?s={search_term_string}"},"query-input":{"@type":"PropertyValueSpecification","valueRequired":true,"valueName":"search_term_string"}}],"inLanguage":"pt-BR"},{"@type":"Organization","@id":"https:\/\/cj.estrategia.com\/portal\/#organization","name":"Estrat\u00e9gia - Carreiras Jur\u00eddicas","url":"https:\/\/cj.estrategia.com\/portal\/","logo":{"@type":"ImageObject","inLanguage":"pt-BR","@id":"https:\/\/cj.estrategia.com\/portal\/#\/schema\/logo\/image\/","url":"https:\/\/cj.estrategia.com\/portal\/wp-content\/uploads\/2022\/03\/11151052\/cj-logo.png","contentUrl":"https:\/\/cj.estrategia.com\/portal\/wp-content\/uploads\/2022\/03\/11151052\/cj-logo.png","width":150,"height":39,"caption":"Estrat\u00e9gia - Carreiras Jur\u00eddicas"},"image":{"@id":"https:\/\/cj.estrategia.com\/portal\/#\/schema\/logo\/image\/"},"sameAs":["https:\/\/www.facebook.com\/estrategiacarreirajuridica\/","https:\/\/x.com\/EstratJuridica","https:\/\/www.instagram.com\/estrategiacarreirajuridica\/","https:\/\/www.youtube.com\/channel\/UClbMGuYbj2Mh1m3w144ETWQ"]},{"@type":"Person","@id":"https:\/\/cj.estrategia.com\/portal\/#\/schema\/person\/7d7d2b1c8386e2eeacc0b09cfbc1d0ff","name":"Thiago Leite","image":{"@type":"ImageObject","inLanguage":"pt-BR","@id":"https:\/\/secure.gravatar.com\/avatar\/15ff5746ff9e313f1248fe2373ce03309054e96387bb9249055458d0c1aaa297?s=96&d=mm&r=g","url":"https:\/\/secure.gravatar.com\/avatar\/15ff5746ff9e313f1248fe2373ce03309054e96387bb9249055458d0c1aaa297?s=96&d=mm&r=g","contentUrl":"https:\/\/secure.gravatar.com\/avatar\/15ff5746ff9e313f1248fe2373ce03309054e96387bb9249055458d0c1aaa297?s=96&d=mm&r=g","caption":"Thiago Leite"},"description":"Thiago de Paula Leite \u00e9 procurador do Estado de S\u00e3o Paulo e professor de direito ambiental e agr\u00e1rio do Estrat\u00e9gia.","url":"https:\/\/cj.estrategia.com\/portal\/author\/thiago-leite\/"}]}},"jetpack_featured_media_url":"https:\/\/cj.estrategia.com\/portal\/wp-content\/uploads\/2024\/09\/29154102\/back-view-lawyer-working-scaled.jpg","jetpack_sharing_enabled":true,"_links":{"self":[{"href":"https:\/\/cj.estrategia.com\/portal\/wp-json\/wp\/v2\/posts\/77813","targetHints":{"allow":["GET"]}}],"collection":[{"href":"https:\/\/cj.estrategia.com\/portal\/wp-json\/wp\/v2\/posts"}],"about":[{"href":"https:\/\/cj.estrategia.com\/portal\/wp-json\/wp\/v2\/types\/post"}],"author":[{"embeddable":true,"href":"https:\/\/cj.estrategia.com\/portal\/wp-json\/wp\/v2\/users\/81"}],"replies":[{"embeddable":true,"href":"https:\/\/cj.estrategia.com\/portal\/wp-json\/wp\/v2\/comments?post=77813"}],"version-history":[{"count":53,"href":"https:\/\/cj.estrategia.com\/portal\/wp-json\/wp\/v2\/posts\/77813\/revisions"}],"predecessor-version":[{"id":78719,"href":"https:\/\/cj.estrategia.com\/portal\/wp-json\/wp\/v2\/posts\/77813\/revisions\/78719"}],"wp:featuredmedia":[{"embeddable":true,"href":"https:\/\/cj.estrategia.com\/portal\/wp-json\/wp\/v2\/media\/77819"}],"wp:attachment":[{"href":"https:\/\/cj.estrategia.com\/portal\/wp-json\/wp\/v2\/media?parent=77813"}],"wp:term":[{"taxonomy":"category","embeddable":true,"href":"https:\/\/cj.estrategia.com\/portal\/wp-json\/wp\/v2\/categories?post=77813"},{"taxonomy":"post_tag","embeddable":true,"href":"https:\/\/cj.estrategia.com\/portal\/wp-json\/wp\/v2\/tags?post=77813"},{"taxonomy":"tax_estado","embeddable":true,"href":"https:\/\/cj.estrategia.com\/portal\/wp-json\/wp\/v2\/tax_estado?post=77813"}],"curies":[{"name":"wp","href":"https:\/\/api.w.org\/{rel}","templated":true}]}}