{"id":77657,"date":"2024-09-28T01:38:21","date_gmt":"2024-09-28T04:38:21","guid":{"rendered":"https:\/\/cj.estrategia.com\/portal\/?p=77657"},"modified":"2024-09-28T01:43:32","modified_gmt":"2024-09-28T04:43:32","slug":"alteracao-eca-atendimento-psicossocial","status":"publish","type":"post","link":"https:\/\/cj.estrategia.com\/portal\/alteracao-eca-atendimento-psicossocial\/","title":{"rendered":"Altera\u00e7\u00e3o do ECA estende atendimento psicossocial a crian\u00e7as cujos pais estejam presos ou que sofrem grave amea\u00e7a"},"content":{"rendered":"\n<p><em>A Lei n\u00ba 14.987\/2024 altera o ECA para garantir atendimento psicossocial a crian\u00e7as e adolescentes cujos pais estejam presos em regime fechado ou sejam v\u00edtimas de viol\u00eancia grave, promovendo suporte emocional e social a jovens em situa\u00e7\u00e3o de vulnerabilidade.<\/em><\/p>\n\n\n\n<p><strong>* Thiago de Paula Leite \u00e9 procurador do Estado de S\u00e3o Paulo e professor de direito ambiental e agr\u00e1rio do Estrat\u00e9gia.<\/strong><\/p>\n\n\n\n<figure class=\"wp-block-image size-large\"><img decoding=\"async\" width=\"1024\" height=\"576\" src=\"https:\/\/cj.estrategia.com\/portal\/wp-content\/uploads\/2024\/09\/28003544\/little-boy-outdoors-upset-holding-his-toy-1024x576.jpg\" alt=\"atendimento psicossocial\" class=\"wp-image-77659\" srcset=\"https:\/\/cj.estrategia.com\/portal\/wp-content\/uploads\/2024\/09\/28003544\/little-boy-outdoors-upset-holding-his-toy-1024x576.jpg 1024w, https:\/\/cj.estrategia.com\/portal\/wp-content\/uploads\/2024\/09\/28003544\/little-boy-outdoors-upset-holding-his-toy-300x169.jpg 300w, https:\/\/cj.estrategia.com\/portal\/wp-content\/uploads\/2024\/09\/28003544\/little-boy-outdoors-upset-holding-his-toy-768x432.jpg 768w, https:\/\/cj.estrategia.com\/portal\/wp-content\/uploads\/2024\/09\/28003544\/little-boy-outdoors-upset-holding-his-toy-1536x864.jpg 1536w, https:\/\/cj.estrategia.com\/portal\/wp-content\/uploads\/2024\/09\/28003544\/little-boy-outdoors-upset-holding-his-toy-2048x1152.jpg 2048w, https:\/\/cj.estrategia.com\/portal\/wp-content\/uploads\/2024\/09\/28003544\/little-boy-outdoors-upset-holding-his-toy-960x540.jpg 960w, https:\/\/cj.estrategia.com\/portal\/wp-content\/uploads\/2024\/09\/28003544\/little-boy-outdoors-upset-holding-his-toy-380x214.jpg 380w, https:\/\/cj.estrategia.com\/portal\/wp-content\/uploads\/2024\/09\/28003544\/little-boy-outdoors-upset-holding-his-toy-800x450.jpg 800w, https:\/\/cj.estrategia.com\/portal\/wp-content\/uploads\/2024\/09\/28003544\/little-boy-outdoors-upset-holding-his-toy-1160x653.jpg 1160w, https:\/\/cj.estrategia.com\/portal\/wp-content\/uploads\/2024\/09\/28003544\/little-boy-outdoors-upset-holding-his-toy-150x84.jpg 150w, https:\/\/cj.estrategia.com\/portal\/wp-content\/uploads\/2024\/09\/28003544\/little-boy-outdoors-upset-holding-his-toy-scaled.jpg 2560w\" sizes=\"(max-width: 1024px) 100vw, 1024px\" \/><\/figure>\n\n\n\n<p>Sancionada a Lei n\u00ba 14.987\/2024, que altera o ECA (Lei n\u00ba 8.069\/90). A referida lei <strong><mark style=\"background-color:rgba(0, 0, 0, 0)\" class=\"has-inline-color has-vivid-cyan-blue-color\">estende<\/mark><\/strong><mark style=\"background-color:rgba(0, 0, 0, 0)\" class=\"has-inline-color has-vivid-cyan-blue-color\"><strong> o direito ao atendimento psicossocial \u00e0s crian\u00e7as e aos adolescentes que tiverem qualquer dos pais ou respons\u00e1veis vitimado por grave viol\u00eancia ou preso em regime fechado<\/strong>.<\/mark><\/p>\n\n\n\n<h2 class=\"wp-block-heading\" id=\"h-alteracao-do-eca-ampliacao-do-artigo-87\" style=\"font-style:normal;font-weight:400\"><span id=\"alteracao-do-eca-ampliacao-do-artigo-87\"><strong>Altera\u00e7\u00e3o do ECA<\/strong>: <strong>Amplia\u00e7\u00e3o do artigo 87<\/strong><\/span><\/h2>\n\n\n\n<p>O artigo 87, do ECA, trazia, como linha de a\u00e7\u00e3o da pol\u00edtica de atendimento \u00e0 crian\u00e7a e ao adolescente, dentre outros, servi\u00e7os especiais de preven\u00e7\u00e3o e atendimento m\u00e9dico e psicossocial \u00e0s v\u00edtimas de neglig\u00eancia, maus-tratos, explora\u00e7\u00e3o, abuso, crueldade e opress\u00e3o.<\/p>\n\n\n\n<p>Com a nova lei, o artigo 87, III, do ECA, passa a ter uma nova reda\u00e7\u00e3o. Vejamos:<\/p>\n\n\n\n<pre class=\"wp-block-preformatted\">Art. 87. S\u00e3o linhas de a\u00e7\u00e3o da pol\u00edtica de atendimento:\n...\n\nIII \u2013 servi\u00e7os especiais de preven\u00e7\u00e3o e atendimento m\u00e9dico e psicossocial \u00e0s v\u00edtimas de neglig\u00eancia, maus-tratos, explora\u00e7\u00e3o, abuso, crueldade e opress\u00e3o e <strong><mark style=\"background-color:rgba(0, 0, 0, 0)\" class=\"has-inline-color has-vivid-red-color\">\u00e0s crian\u00e7as e aos adolescentes que tiverem qualquer dos pais ou respons\u00e1veis vitimado por grave viol\u00eancia ou preso em regime fechado<\/mark><\/strong>;\n(ECA)\n\n<\/pre>\n\n\n\n<p>A mudan\u00e7a traz uma <strong>prote\u00e7\u00e3o adicional<\/strong> a crian\u00e7as e adolescentes que tiverem pai, m\u00e3e ou respons\u00e1veis v\u00edtimas de grave viol\u00eancia ou que estiverem presos em regime fechado, o que, infelizmente, \u00e9 muito mais comum do que se imagina.<\/p>\n\n\n\n<p>Al\u00e9m disso, essa prote\u00e7\u00e3o extra se d\u00e1 atrav\u00e9s da disponibiliza\u00e7\u00e3o de um suporte social e psicol\u00f3gico aos jovens em situa\u00e7\u00e3o de vulnerabilidade familiar.\u00a0<\/p>\n\n\n\n<p>O <strong>atendimento psicossocial <\/strong>oferecido a essas crian\u00e7as e adolescentes consiste em uma <strong>assist\u00eancia multidisciplinar integrada<\/strong>, com <strong>acompanhamento psicol\u00f3gico e apoio social<\/strong>, sempre visando diminuir ao m\u00e1ximo os efeitos negativos decorrentes de situa\u00e7\u00f5es de grave viol\u00eancia ou de reclus\u00e3o prisional dos pais ou respons\u00e1veis, e que acabam, no final das contas, por afetar diretamente o desenvolvimento das crian\u00e7as e adolescentes.<\/p>\n\n\n\n<p>A Constitui\u00e7\u00e3o Federal garante, em seu artigo 227, prote\u00e7\u00e3o integral \u00e0 crian\u00e7a e ao adolescente:<\/p>\n\n\n\n<pre class=\"wp-block-preformatted\">Art. 227. \u00c9 dever da fam\u00edlia, da sociedade e do Estado <strong>assegurar \u00e0 crian\u00e7a, ao adolescente e ao jovem, com absoluta prioridade, o direito \u00e0 vida, \u00e0 sa\u00fade, \u00e0 alimenta\u00e7\u00e3o, \u00e0 educa\u00e7\u00e3o, ao lazer, \u00e0 profissionaliza\u00e7\u00e3o, \u00e0 cultura, \u00e0 dignidade, ao respeito, \u00e0 liberdade e \u00e0 conviv\u00eancia familiar e comunit\u00e1ria, al\u00e9m de coloc\u00e1-los a salvo de toda forma de neglig\u00eancia, discrimina\u00e7\u00e3o, explora\u00e7\u00e3o, viol\u00eancia, crueldade e opress\u00e3o<\/strong>.\nCF\/88\u00a0\u00a0<\/pre>\n\n\n\n<p>A norma infraconstitucional por excel\u00eancia para a tutela dos jovens \u00e9 o <strong><mark style=\"background-color:rgba(0, 0, 0, 0)\" class=\"has-inline-color has-vivid-red-color\">Estatuto da Crian\u00e7a e do Adolescente &#8211; ECA (Lei n\u00ba 8.069\/90)<\/mark><\/strong>, cujo artigo 7\u00ba garante \u00e0 crian\u00e7a e ao adolescente o direito a prote\u00e7\u00e3o \u00e0 vida e \u00e0 sa\u00fade, mediante a efetiva\u00e7\u00e3o de pol\u00edticas sociais p\u00fablicas que permitam o nascimento e o desenvolvimento sadio e harmonioso, em condi\u00e7\u00f5es dignas de exist\u00eancia.<\/p>\n\n\n\n<p>E a garantia do direito \u00e0 sa\u00fade dos jovens passa, necessariamente, pela garantia da sa\u00fade mental. Ou seja, ao se conceber cuidados em sa\u00fade, devem ser consideradas as <strong><mark style=\"background-color:rgba(0, 0, 0, 0)\" class=\"has-inline-color has-vivid-cyan-blue-color\">dimens\u00f5es biol\u00f3gica, ps\u00edquica e social<\/mark><\/strong> dos indiv\u00edduos.<\/p>\n\n\n\n<h2 class=\"wp-block-heading\" id=\"h-diferenca-entre-crianca-e-adolescente\" style=\"font-style:normal;font-weight:400\"><span id=\"diferenca-entre-crianca-e-adolescente\"><strong>Diferen\u00e7a entre crian\u00e7a e adolescente<\/strong><\/span><\/h2>\n\n\n\n<p>Importante diferenciar, <mark style=\"background-color:rgba(0, 0, 0, 0)\" class=\"has-inline-color has-vivid-red-color\"><strong>do ponto de vista legal<\/strong><\/mark>, a figura da crian\u00e7a e do adolescente.<\/p>\n\n\n\n<p>Dessa forma, de acordo com o artigo 2\u00ba, do ECA:<\/p>\n\n\n\n<div class=\"wp-block-group is-style-cnvs-block-bordered\"><div class=\"wp-block-group__inner-container is-layout-constrained wp-block-group-is-layout-constrained\">\n<ul class=\"is-style-cnvs-list-styled-positive wp-block-list\">\n<li><mark style=\"background-color:rgba(0, 0, 0, 0)\" class=\"has-inline-color has-vivid-red-color\"><strong>Crian\u00e7a:<\/strong><\/mark> A pessoa at\u00e9 12 (doze) anos de idade incompletos.<\/li>\n<\/ul>\n\n\n\n<ul class=\"is-style-cnvs-list-styled-positive wp-block-list\">\n<li><mark style=\"background-color:rgba(0, 0, 0, 0)\" class=\"has-inline-color has-vivid-red-color\"><strong>Adolescente<\/strong>:<\/mark> Aquela pessoa entre 12 (doze) e 18 (dezoito) anos de idade.<\/li>\n<\/ul>\n<\/div><\/div>\n\n\n\n<p><strong>Por outro lado, o Minist\u00e9rio da Sa\u00fade segue a conven\u00e7\u00e3o elaborada pela Organiza\u00e7\u00e3o Mundial da Sa\u00fade (OMS)<\/strong>, que preleciona o seguinte:<\/p>\n\n\n\n<ul class=\"wp-block-list\">\n<li>Crian\u00e7a: Do nascimento aos 9 anos;<\/li>\n\n\n\n<li>Adolesc\u00eancia: Dos 10 aos 19 anos, 11 meses e 29 dias;<\/li>\n\n\n\n<li>Juventude: Entre 15 e 24 anos.<\/li>\n<\/ul>\n\n\n\n<p>Assim, isso significa que os \u00faltimos anos da adolesc\u00eancia se misturam com os primeiros anos da juventude. <\/p>\n\n\n\n<p>O Minist\u00e9rio da Sa\u00fade adota ainda o termo \u201cpessoas jovens\u201d para se referir ao conjunto de adolescentes e jovens. Ou seja, \u00e0 abrangente faixa compreendida entre 10 e 24 anos.<\/p>\n\n\n\n<h4 class=\"wp-block-heading\" id=\"h-diretrizes-de-uma-politica-de-saude-mental-infantojuvenil\" style=\"font-style:normal;font-weight:400\"><span id=\"diretrizes-de-uma-politica-de-saude-mental-infantojuvenil\"><strong>Diretrizes de uma pol\u00edtica de sa\u00fade mental infantojuvenil<\/strong><\/span><\/h4>\n\n\n\n<p>A doutrina especializada elenca, como <strong><a href=\"https:\/\/bvsms.saude.gov.br\/bvs\/publicacoes\/atencao_psicossocial_criancas_adolescentes_sus.pdf\">diretrizes de uma pol\u00edtica de sa\u00fade mental infantojuvenil<\/a><\/strong>:<\/p>\n\n\n\n<div class=\"wp-block-group is-style-cnvs-block-bordered\"><div class=\"wp-block-group__inner-container is-layout-constrained wp-block-group-is-layout-constrained\">\n<ol class=\"is-style-cnvs-list-styled-negative wp-block-list\">\n<li>A crian\u00e7a e o adolescente s\u00e3o sujeitos e, como tal, s\u00e3o respons\u00e1veis por sua demanda e seu sintoma;<\/li>\n\n\n\n<li>Acolhimento universal;<\/li>\n\n\n\n<li>Encaminhamento implicado e correspons\u00e1vel (direcionamento ao servi\u00e7o de sa\u00fade mais adequado);<\/li>\n\n\n\n<li>Constru\u00e7\u00e3o permanente da rede e da intersetorialidade (rede de profissionais, a\u00e7\u00f5es e servi\u00e7os para a garantia do amplo acesso);<\/li>\n\n\n\n<li>Trabalho no territ\u00f3rio (o territ\u00f3rio \u00e9 o lugar psicossocial do sujeito; \u00e9 onde a vida acontece);<\/li>\n\n\n\n<li>Avalia\u00e7\u00e3o das demandas e constru\u00e7\u00e3o compartilhada das necessidades de sa\u00fade mental.<\/li>\n<\/ol>\n<\/div><\/div>\n\n\n\n<h2 class=\"wp-block-heading\" id=\"h-importancia-do-acompanhamento-psicologico\" style=\"font-style:normal;font-weight:400\"><span id=\"importancia-do-acompanhamento-psicologico\"><strong>Import\u00e2ncia do acompanhamento psicol\u00f3gico<\/strong><\/span><\/h2>\n\n\n\n<p>Portanto, a extens\u00e3o, como dever do estado, do atendimento psicossocial \u00e0s crian\u00e7as e aos adolescentes de pais submetidos a grave viol\u00eancia ou presos em regime fechado se materializa como uma importante pol\u00edtica p\u00fablica voltada \u00e0 sa\u00fade dos nossos jovens.<\/p>\n\n\n\n<p>O relator do ent\u00e3o projeto de lei, senador Paulo Paim, do PT do Rio Grande do Sul, defendeu a import\u00e2ncia do acompanhamento psicol\u00f3gico para esses jovens:&nbsp;<\/p>\n\n\n\n<div class=\"wp-block-group is-style-cnvs-block-bg-light\"><div class=\"wp-block-group__inner-container is-layout-constrained wp-block-group-is-layout-constrained\">\n<p style=\"font-size:18px\"><strong><mark style=\"background-color:rgba(0, 0, 0, 0)\" class=\"has-inline-color has-vivid-red-color\"><em>\u201c\u00c9 fundamental o encaminhamento de crian\u00e7as e adolescentes cujo os pais ou respons\u00e1veis foram v\u00edtimas de viol\u00eancia grave para servi\u00e7os de aten\u00e7\u00e3o psicossocial a fim de abordar o problema antes mesmo que ele se torne mais grave e, potencialmente, irrevers\u00edvel.\u201d<\/em><\/mark><\/strong><\/p>\n<\/div><\/div>\n\n\n\n<p>A submiss\u00e3o dos pais a situa\u00e7\u00f5es de viol\u00eancia grave ou que estejam presos no regime fechado se constitui como um fator desestruturante para o desenvolvimento psicol\u00f3gico e social do menor, e \u00e9 um dos fatores respons\u00e1veis por impedir ou dificultar que esse jovem tenha plenas condi\u00e7\u00f5es de se tornar um adulto saud\u00e1vel, bem resolvido e capaz de passar pelos obst\u00e1culos da vida.\u00a0<\/p>\n\n\n\n<h2 class=\"wp-block-heading\" id=\"h-conclusao-alteracao-do-eca\" style=\"font-style:normal;font-weight:400\"><span id=\"conclusao-alteracao-do-eca\"><strong>Conclus\u00e3o &#8211; Altera\u00e7\u00e3o do ECA<\/strong><\/span><\/h2>\n\n\n\n<p>Por fim, essa mudan\u00e7a legislativa vem em boa hora, tentando apoiar esses jovens em um momento t\u00e3o crucial da vida para a estabiliza\u00e7\u00e3o de sua personalidade.\u00a0<\/p>\n\n\n\n<p>O crescimento de uma crian\u00e7a sem a presen\u00e7a dos pais, ou em um ambiente onde esses mesmos pais est\u00e3o submetidos a uma viol\u00eancia grave, corre s\u00e9rios riscos, sendo, de fato, necess\u00e1ria a interven\u00e7\u00e3o do Estado na presta\u00e7\u00e3o de um atendimento psicol\u00f3gico e social humanizado e centrado no bem-estar do menor.&nbsp;<\/p>\n\n\n\n<p>Dessa forma, o grande objetivo desse direito de atendimento psicossocial \u00e9 melhorar a qualidade de vida das crian\u00e7as, adolescentes e seus familiares. Restituindo aspectos emocionais e sociais com uma atua\u00e7\u00e3o mais pr\u00f3xima, promovendo a escuta t\u00e9cnica, o acolhimento e o cuidado necess\u00e1rios. Capacitando-os, assim, para uma vida adulta plena, saud\u00e1vel, respons\u00e1vel e reflexiva.<\/p>\n\n\n\n<p>Tema interessante, e que pode ser cobrado em provas relacionadas \u00e0 crian\u00e7a e ao adolescente, ou mesmo em provas de direito constitucional.<\/p>\n\n\n\n<p class=\"has-text-align-center is-style-default\" style=\"font-size:24px;font-style:normal;font-weight:400\">Quer saber quais ser\u00e3o os pr\u00f3ximos concursos?<\/p>\n\n\n\n<p class=\"has-text-align-center\">Confira nossos&nbsp;<a href=\"https:\/\/cj.estrategia.com\/portal\/\" target=\"_blank\" >artigos para Carreiras Jur\u00eddicas<\/a>!<\/p>\n\n\n\n<p class=\"has-text-align-center has-white-color has-pale-cyan-blue-background-color has-text-color has-background has-link-color wp-elements-f3d5123bb0c8e11604d0c8c7f1ea8be8\"><a href=\"https:\/\/www.estrategiaconcursos.com.br\/blog\/concursos-abertos\/\" target=\"_blank\" >Confira os concursos p\u00fablicos abertos<\/a><\/p>\n\n\n\n<p class=\"has-text-align-center has-white-color has-pale-cyan-blue-background-color has-text-color has-background has-link-color wp-elements-94f2aad2f2b05ea3152ac5320a17d121\"><a href=\"https:\/\/cj.estrategia.com\/portal\/web-stories\/\" target=\"_blank\" >Concursos 2024<\/a><\/p>\n","protected":false},"excerpt":{"rendered":"A Lei n\u00ba 14.987\/2024 altera o ECA para garantir atendimento psicossocial a crian\u00e7as e adolescentes cujos pais estejam&hellip;\n","protected":false},"author":81,"featured_media":77659,"comment_status":"open","ping_status":"open","sticky":false,"template":"","format":"standard","meta":{"_jetpack_memberships_contains_paid_content":false,"footnotes":""},"categories":[1],"tags":[1069,1065,336,1067,1068,1071,1066,1070],"tax_estado":[30,31,32,33,34,35,36,37,38,39,40,41,42,43,44,45,46,47,48,49,50,51,52,53,54,55,56,57],"class_list":{"0":"post-77657","1":"post","2":"type-post","3":"status-publish","4":"format-standard","5":"has-post-thumbnail","7":"category-carreiras-juridicas","8":"tag-adolescente","9":"tag-alteracao-do-eca","10":"tag-analise-juridica","11":"tag-atendimento-psicossocial","12":"tag-crianca","13":"tag-direitos-das-criancas-e-adolescentes","14":"tag-lei-no-14-987-2024","15":"tag-politica-de-saude-mental-infantojuvenil","16":"tax_estado-ac","17":"tax_estado-al","18":"tax_estado-am","19":"tax_estado-ap","20":"tax_estado-ba","21":"tax_estado-ce","22":"tax_estado-concursos-federais","23":"tax_estado-df","24":"tax_estado-es","25":"tax_estado-go","26":"tax_estado-ma","27":"tax_estado-mg","28":"tax_estado-ms","29":"tax_estado-mt","30":"tax_estado-pa","31":"tax_estado-pb","32":"tax_estado-pe","33":"tax_estado-pi","34":"tax_estado-pr","35":"tax_estado-rj","36":"tax_estado-rn","37":"tax_estado-ro","38":"tax_estado-rr","39":"tax_estado-rs","40":"tax_estado-sc","41":"tax_estado-se","42":"tax_estado-sp","43":"tax_estado-to"},"acf":[],"yoast_head":"<!-- This site is optimized with the Yoast SEO Premium plugin v27.4 (Yoast SEO v27.4) - https:\/\/yoast.com\/product\/yoast-seo-premium-wordpress\/ -->\n<title>Altera\u00e7\u00e3o do ECA amplia atendimento a crian\u00e7as e adolescentes<\/title>\n<meta name=\"description\" content=\"Altera\u00e7\u00e3o do ECA garante atendimento psicol\u00f3gico a crian\u00e7as e adolescentes cujos pais estejam presos ou sejam v\u00edtimas de viol\u00eancia grave.\" \/>\n<meta name=\"robots\" content=\"index, follow, max-snippet:-1, max-image-preview:large, max-video-preview:-1\" \/>\n<link rel=\"canonical\" href=\"https:\/\/cj.estrategia.com\/portal\/alteracao-eca-atendimento-psicossocial\/\" \/>\n<meta property=\"og:locale\" content=\"pt_BR\" \/>\n<meta property=\"og:type\" content=\"article\" \/>\n<meta property=\"og:title\" content=\"Altera\u00e7\u00e3o do ECA estende atendimento psicossocial a crian\u00e7as cujos pais estejam presos ou que sofrem grave amea\u00e7a\" \/>\n<meta property=\"og:description\" content=\"Altera\u00e7\u00e3o do ECA garante atendimento psicol\u00f3gico a crian\u00e7as e adolescentes cujos pais estejam presos ou sejam v\u00edtimas de viol\u00eancia grave.\" \/>\n<meta property=\"og:url\" content=\"https:\/\/cj.estrategia.com\/portal\/alteracao-eca-atendimento-psicossocial\/\" \/>\n<meta property=\"og:site_name\" content=\"Blog - Carreiras Jur\u00eddicas - Estrat\u00e9gia\" \/>\n<meta property=\"article:publisher\" content=\"https:\/\/www.facebook.com\/estrategiacarreirajuridica\/\" \/>\n<meta property=\"article:published_time\" content=\"2024-09-28T04:38:21+00:00\" \/>\n<meta property=\"article:modified_time\" content=\"2024-09-28T04:43:32+00:00\" \/>\n<meta property=\"og:image\" content=\"https:\/\/cj.estrategia.com\/portal\/wp-content\/uploads\/2024\/09\/28003544\/little-boy-outdoors-upset-holding-his-toy-scaled.jpg\" \/>\n\t<meta property=\"og:image:width\" content=\"2560\" \/>\n\t<meta property=\"og:image:height\" content=\"1440\" \/>\n\t<meta property=\"og:image:type\" content=\"image\/jpeg\" \/>\n<meta name=\"author\" content=\"Thiago Leite\" \/>\n<meta name=\"twitter:card\" content=\"summary_large_image\" \/>\n<meta name=\"twitter:creator\" content=\"@EstratJuridica\" \/>\n<meta name=\"twitter:site\" content=\"@EstratJuridica\" \/>\n<meta name=\"twitter:label1\" content=\"Escrito por\" \/>\n\t<meta name=\"twitter:data1\" content=\"Thiago Leite\" \/>\n\t<meta name=\"twitter:label2\" content=\"Est. tempo de leitura\" \/>\n\t<meta name=\"twitter:data2\" content=\"6 minutos\" \/>\n<script type=\"application\/ld+json\" class=\"yoast-schema-graph\">{\"@context\":\"https:\\\/\\\/schema.org\",\"@graph\":[{\"@type\":\"NewsArticle\",\"@id\":\"https:\\\/\\\/cj.estrategia.com\\\/portal\\\/alteracao-eca-atendimento-psicossocial\\\/#article\",\"isPartOf\":{\"@id\":\"https:\\\/\\\/cj.estrategia.com\\\/portal\\\/alteracao-eca-atendimento-psicossocial\\\/\"},\"author\":{\"name\":\"Thiago Leite\",\"@id\":\"https:\\\/\\\/cj.estrategia.com\\\/portal\\\/#\\\/schema\\\/person\\\/7d7d2b1c8386e2eeacc0b09cfbc1d0ff\"},\"headline\":\"Altera\u00e7\u00e3o do ECA estende atendimento psicossocial a crian\u00e7as cujos pais estejam presos ou que sofrem grave amea\u00e7a\",\"datePublished\":\"2024-09-28T04:38:21+00:00\",\"dateModified\":\"2024-09-28T04:43:32+00:00\",\"mainEntityOfPage\":{\"@id\":\"https:\\\/\\\/cj.estrategia.com\\\/portal\\\/alteracao-eca-atendimento-psicossocial\\\/\"},\"wordCount\":1118,\"commentCount\":0,\"publisher\":{\"@id\":\"https:\\\/\\\/cj.estrategia.com\\\/portal\\\/#organization\"},\"image\":{\"@id\":\"https:\\\/\\\/cj.estrategia.com\\\/portal\\\/alteracao-eca-atendimento-psicossocial\\\/#primaryimage\"},\"thumbnailUrl\":\"https:\\\/\\\/cj.estrategia.com\\\/portal\\\/wp-content\\\/uploads\\\/2024\\\/09\\\/28003544\\\/little-boy-outdoors-upset-holding-his-toy-scaled.jpg\",\"keywords\":[\"adolescente\",\"altera\u00e7\u00e3o do eca\",\"an\u00e1lise jur\u00eddica\",\"atendimento psicossocial\",\"crian\u00e7a\",\"direitos das crian\u00e7as e adolescentes\",\"Lei n\u00ba 14.987\\\/2024\",\"pol\u00edtica de sa\u00fade mental infantojuvenil\"],\"articleSection\":[\"Carreiras Jur\u00eddicas\"],\"inLanguage\":\"pt-BR\",\"potentialAction\":[{\"@type\":\"CommentAction\",\"name\":\"Comment\",\"target\":[\"https:\\\/\\\/cj.estrategia.com\\\/portal\\\/alteracao-eca-atendimento-psicossocial\\\/#respond\"]}]},{\"@type\":\"WebPage\",\"@id\":\"https:\\\/\\\/cj.estrategia.com\\\/portal\\\/alteracao-eca-atendimento-psicossocial\\\/\",\"url\":\"https:\\\/\\\/cj.estrategia.com\\\/portal\\\/alteracao-eca-atendimento-psicossocial\\\/\",\"name\":\"Altera\u00e7\u00e3o do ECA amplia atendimento a crian\u00e7as e adolescentes\",\"isPartOf\":{\"@id\":\"https:\\\/\\\/cj.estrategia.com\\\/portal\\\/#website\"},\"primaryImageOfPage\":{\"@id\":\"https:\\\/\\\/cj.estrategia.com\\\/portal\\\/alteracao-eca-atendimento-psicossocial\\\/#primaryimage\"},\"image\":{\"@id\":\"https:\\\/\\\/cj.estrategia.com\\\/portal\\\/alteracao-eca-atendimento-psicossocial\\\/#primaryimage\"},\"thumbnailUrl\":\"https:\\\/\\\/cj.estrategia.com\\\/portal\\\/wp-content\\\/uploads\\\/2024\\\/09\\\/28003544\\\/little-boy-outdoors-upset-holding-his-toy-scaled.jpg\",\"datePublished\":\"2024-09-28T04:38:21+00:00\",\"dateModified\":\"2024-09-28T04:43:32+00:00\",\"description\":\"Altera\u00e7\u00e3o do ECA garante atendimento psicol\u00f3gico a crian\u00e7as e adolescentes cujos pais estejam presos ou sejam v\u00edtimas de viol\u00eancia grave.\",\"breadcrumb\":{\"@id\":\"https:\\\/\\\/cj.estrategia.com\\\/portal\\\/alteracao-eca-atendimento-psicossocial\\\/#breadcrumb\"},\"inLanguage\":\"pt-BR\",\"potentialAction\":[{\"@type\":\"ReadAction\",\"target\":[\"https:\\\/\\\/cj.estrategia.com\\\/portal\\\/alteracao-eca-atendimento-psicossocial\\\/\"]}]},{\"@type\":\"ImageObject\",\"inLanguage\":\"pt-BR\",\"@id\":\"https:\\\/\\\/cj.estrategia.com\\\/portal\\\/alteracao-eca-atendimento-psicossocial\\\/#primaryimage\",\"url\":\"https:\\\/\\\/cj.estrategia.com\\\/portal\\\/wp-content\\\/uploads\\\/2024\\\/09\\\/28003544\\\/little-boy-outdoors-upset-holding-his-toy-scaled.jpg\",\"contentUrl\":\"https:\\\/\\\/cj.estrategia.com\\\/portal\\\/wp-content\\\/uploads\\\/2024\\\/09\\\/28003544\\\/little-boy-outdoors-upset-holding-his-toy-scaled.jpg\",\"width\":2560,\"height\":1440},{\"@type\":\"BreadcrumbList\",\"@id\":\"https:\\\/\\\/cj.estrategia.com\\\/portal\\\/alteracao-eca-atendimento-psicossocial\\\/#breadcrumb\",\"itemListElement\":[{\"@type\":\"ListItem\",\"position\":1,\"name\":\"In\u00edcio\",\"item\":\"https:\\\/\\\/cj.estrategia.com\\\/portal\\\/\"},{\"@type\":\"ListItem\",\"position\":2,\"name\":\"Altera\u00e7\u00e3o do ECA estende atendimento psicossocial a crian\u00e7as cujos pais estejam presos ou que sofrem grave amea\u00e7a\"}]},{\"@type\":\"WebSite\",\"@id\":\"https:\\\/\\\/cj.estrategia.com\\\/portal\\\/#website\",\"url\":\"https:\\\/\\\/cj.estrategia.com\\\/portal\\\/\",\"name\":\"Blog - Carreiras Jur\u00eddicas - Estrat\u00e9gia\",\"description\":\"\",\"publisher\":{\"@id\":\"https:\\\/\\\/cj.estrategia.com\\\/portal\\\/#organization\"},\"potentialAction\":[{\"@type\":\"SearchAction\",\"target\":{\"@type\":\"EntryPoint\",\"urlTemplate\":\"https:\\\/\\\/cj.estrategia.com\\\/portal\\\/?s={search_term_string}\"},\"query-input\":{\"@type\":\"PropertyValueSpecification\",\"valueRequired\":true,\"valueName\":\"search_term_string\"}}],\"inLanguage\":\"pt-BR\"},{\"@type\":\"Organization\",\"@id\":\"https:\\\/\\\/cj.estrategia.com\\\/portal\\\/#organization\",\"name\":\"Estrat\u00e9gia - Carreiras Jur\u00eddicas\",\"url\":\"https:\\\/\\\/cj.estrategia.com\\\/portal\\\/\",\"logo\":{\"@type\":\"ImageObject\",\"inLanguage\":\"pt-BR\",\"@id\":\"https:\\\/\\\/cj.estrategia.com\\\/portal\\\/#\\\/schema\\\/logo\\\/image\\\/\",\"url\":\"https:\\\/\\\/cj.estrategia.com\\\/portal\\\/wp-content\\\/uploads\\\/2022\\\/03\\\/11151052\\\/cj-logo.png\",\"contentUrl\":\"https:\\\/\\\/cj.estrategia.com\\\/portal\\\/wp-content\\\/uploads\\\/2022\\\/03\\\/11151052\\\/cj-logo.png\",\"width\":150,\"height\":39,\"caption\":\"Estrat\u00e9gia - Carreiras Jur\u00eddicas\"},\"image\":{\"@id\":\"https:\\\/\\\/cj.estrategia.com\\\/portal\\\/#\\\/schema\\\/logo\\\/image\\\/\"},\"sameAs\":[\"https:\\\/\\\/www.facebook.com\\\/estrategiacarreirajuridica\\\/\",\"https:\\\/\\\/x.com\\\/EstratJuridica\",\"https:\\\/\\\/www.instagram.com\\\/estrategiacarreirajuridica\\\/\",\"https:\\\/\\\/www.youtube.com\\\/channel\\\/UClbMGuYbj2Mh1m3w144ETWQ\"]},{\"@type\":\"Person\",\"@id\":\"https:\\\/\\\/cj.estrategia.com\\\/portal\\\/#\\\/schema\\\/person\\\/7d7d2b1c8386e2eeacc0b09cfbc1d0ff\",\"name\":\"Thiago Leite\",\"image\":{\"@type\":\"ImageObject\",\"inLanguage\":\"pt-BR\",\"@id\":\"https:\\\/\\\/secure.gravatar.com\\\/avatar\\\/15ff5746ff9e313f1248fe2373ce03309054e96387bb9249055458d0c1aaa297?s=96&d=mm&r=g\",\"url\":\"https:\\\/\\\/secure.gravatar.com\\\/avatar\\\/15ff5746ff9e313f1248fe2373ce03309054e96387bb9249055458d0c1aaa297?s=96&d=mm&r=g\",\"contentUrl\":\"https:\\\/\\\/secure.gravatar.com\\\/avatar\\\/15ff5746ff9e313f1248fe2373ce03309054e96387bb9249055458d0c1aaa297?s=96&d=mm&r=g\",\"caption\":\"Thiago Leite\"},\"description\":\"Thiago de Paula Leite \u00e9 procurador do Estado de S\u00e3o Paulo e professor de direito ambiental e agr\u00e1rio do Estrat\u00e9gia.\",\"url\":\"https:\\\/\\\/cj.estrategia.com\\\/portal\\\/author\\\/thiago-leite\\\/\"}]}<\/script>\n<!-- \/ Yoast SEO Premium plugin. -->","yoast_head_json":{"title":"Altera\u00e7\u00e3o do ECA amplia atendimento a crian\u00e7as e adolescentes","description":"Altera\u00e7\u00e3o do ECA garante atendimento psicol\u00f3gico a crian\u00e7as e adolescentes cujos pais estejam presos ou sejam v\u00edtimas de viol\u00eancia grave.","robots":{"index":"index","follow":"follow","max-snippet":"max-snippet:-1","max-image-preview":"max-image-preview:large","max-video-preview":"max-video-preview:-1"},"canonical":"https:\/\/cj.estrategia.com\/portal\/alteracao-eca-atendimento-psicossocial\/","og_locale":"pt_BR","og_type":"article","og_title":"Altera\u00e7\u00e3o do ECA estende atendimento psicossocial a crian\u00e7as cujos pais estejam presos ou que sofrem grave amea\u00e7a","og_description":"Altera\u00e7\u00e3o do ECA garante atendimento psicol\u00f3gico a crian\u00e7as e adolescentes cujos pais estejam presos ou sejam v\u00edtimas de viol\u00eancia grave.","og_url":"https:\/\/cj.estrategia.com\/portal\/alteracao-eca-atendimento-psicossocial\/","og_site_name":"Blog - Carreiras Jur\u00eddicas - Estrat\u00e9gia","article_publisher":"https:\/\/www.facebook.com\/estrategiacarreirajuridica\/","article_published_time":"2024-09-28T04:38:21+00:00","article_modified_time":"2024-09-28T04:43:32+00:00","og_image":[{"width":2560,"height":1440,"url":"https:\/\/cj.estrategia.com\/portal\/wp-content\/uploads\/2024\/09\/28003544\/little-boy-outdoors-upset-holding-his-toy-scaled.jpg","type":"image\/jpeg"}],"author":"Thiago Leite","twitter_card":"summary_large_image","twitter_creator":"@EstratJuridica","twitter_site":"@EstratJuridica","twitter_misc":{"Escrito por":"Thiago Leite","Est. tempo de leitura":"6 minutos"},"schema":{"@context":"https:\/\/schema.org","@graph":[{"@type":"NewsArticle","@id":"https:\/\/cj.estrategia.com\/portal\/alteracao-eca-atendimento-psicossocial\/#article","isPartOf":{"@id":"https:\/\/cj.estrategia.com\/portal\/alteracao-eca-atendimento-psicossocial\/"},"author":{"name":"Thiago Leite","@id":"https:\/\/cj.estrategia.com\/portal\/#\/schema\/person\/7d7d2b1c8386e2eeacc0b09cfbc1d0ff"},"headline":"Altera\u00e7\u00e3o do ECA estende atendimento psicossocial a crian\u00e7as cujos pais estejam presos ou que sofrem grave amea\u00e7a","datePublished":"2024-09-28T04:38:21+00:00","dateModified":"2024-09-28T04:43:32+00:00","mainEntityOfPage":{"@id":"https:\/\/cj.estrategia.com\/portal\/alteracao-eca-atendimento-psicossocial\/"},"wordCount":1118,"commentCount":0,"publisher":{"@id":"https:\/\/cj.estrategia.com\/portal\/#organization"},"image":{"@id":"https:\/\/cj.estrategia.com\/portal\/alteracao-eca-atendimento-psicossocial\/#primaryimage"},"thumbnailUrl":"https:\/\/cj.estrategia.com\/portal\/wp-content\/uploads\/2024\/09\/28003544\/little-boy-outdoors-upset-holding-his-toy-scaled.jpg","keywords":["adolescente","altera\u00e7\u00e3o do eca","an\u00e1lise jur\u00eddica","atendimento psicossocial","crian\u00e7a","direitos das crian\u00e7as e adolescentes","Lei n\u00ba 14.987\/2024","pol\u00edtica de sa\u00fade mental infantojuvenil"],"articleSection":["Carreiras Jur\u00eddicas"],"inLanguage":"pt-BR","potentialAction":[{"@type":"CommentAction","name":"Comment","target":["https:\/\/cj.estrategia.com\/portal\/alteracao-eca-atendimento-psicossocial\/#respond"]}]},{"@type":"WebPage","@id":"https:\/\/cj.estrategia.com\/portal\/alteracao-eca-atendimento-psicossocial\/","url":"https:\/\/cj.estrategia.com\/portal\/alteracao-eca-atendimento-psicossocial\/","name":"Altera\u00e7\u00e3o do ECA amplia atendimento a crian\u00e7as e adolescentes","isPartOf":{"@id":"https:\/\/cj.estrategia.com\/portal\/#website"},"primaryImageOfPage":{"@id":"https:\/\/cj.estrategia.com\/portal\/alteracao-eca-atendimento-psicossocial\/#primaryimage"},"image":{"@id":"https:\/\/cj.estrategia.com\/portal\/alteracao-eca-atendimento-psicossocial\/#primaryimage"},"thumbnailUrl":"https:\/\/cj.estrategia.com\/portal\/wp-content\/uploads\/2024\/09\/28003544\/little-boy-outdoors-upset-holding-his-toy-scaled.jpg","datePublished":"2024-09-28T04:38:21+00:00","dateModified":"2024-09-28T04:43:32+00:00","description":"Altera\u00e7\u00e3o do ECA garante atendimento psicol\u00f3gico a crian\u00e7as e adolescentes cujos pais estejam presos ou sejam v\u00edtimas de viol\u00eancia grave.","breadcrumb":{"@id":"https:\/\/cj.estrategia.com\/portal\/alteracao-eca-atendimento-psicossocial\/#breadcrumb"},"inLanguage":"pt-BR","potentialAction":[{"@type":"ReadAction","target":["https:\/\/cj.estrategia.com\/portal\/alteracao-eca-atendimento-psicossocial\/"]}]},{"@type":"ImageObject","inLanguage":"pt-BR","@id":"https:\/\/cj.estrategia.com\/portal\/alteracao-eca-atendimento-psicossocial\/#primaryimage","url":"https:\/\/cj.estrategia.com\/portal\/wp-content\/uploads\/2024\/09\/28003544\/little-boy-outdoors-upset-holding-his-toy-scaled.jpg","contentUrl":"https:\/\/cj.estrategia.com\/portal\/wp-content\/uploads\/2024\/09\/28003544\/little-boy-outdoors-upset-holding-his-toy-scaled.jpg","width":2560,"height":1440},{"@type":"BreadcrumbList","@id":"https:\/\/cj.estrategia.com\/portal\/alteracao-eca-atendimento-psicossocial\/#breadcrumb","itemListElement":[{"@type":"ListItem","position":1,"name":"In\u00edcio","item":"https:\/\/cj.estrategia.com\/portal\/"},{"@type":"ListItem","position":2,"name":"Altera\u00e7\u00e3o do ECA estende atendimento psicossocial a crian\u00e7as cujos pais estejam presos ou que sofrem grave amea\u00e7a"}]},{"@type":"WebSite","@id":"https:\/\/cj.estrategia.com\/portal\/#website","url":"https:\/\/cj.estrategia.com\/portal\/","name":"Blog - Carreiras Jur\u00eddicas - Estrat\u00e9gia","description":"","publisher":{"@id":"https:\/\/cj.estrategia.com\/portal\/#organization"},"potentialAction":[{"@type":"SearchAction","target":{"@type":"EntryPoint","urlTemplate":"https:\/\/cj.estrategia.com\/portal\/?s={search_term_string}"},"query-input":{"@type":"PropertyValueSpecification","valueRequired":true,"valueName":"search_term_string"}}],"inLanguage":"pt-BR"},{"@type":"Organization","@id":"https:\/\/cj.estrategia.com\/portal\/#organization","name":"Estrat\u00e9gia - Carreiras Jur\u00eddicas","url":"https:\/\/cj.estrategia.com\/portal\/","logo":{"@type":"ImageObject","inLanguage":"pt-BR","@id":"https:\/\/cj.estrategia.com\/portal\/#\/schema\/logo\/image\/","url":"https:\/\/cj.estrategia.com\/portal\/wp-content\/uploads\/2022\/03\/11151052\/cj-logo.png","contentUrl":"https:\/\/cj.estrategia.com\/portal\/wp-content\/uploads\/2022\/03\/11151052\/cj-logo.png","width":150,"height":39,"caption":"Estrat\u00e9gia - Carreiras Jur\u00eddicas"},"image":{"@id":"https:\/\/cj.estrategia.com\/portal\/#\/schema\/logo\/image\/"},"sameAs":["https:\/\/www.facebook.com\/estrategiacarreirajuridica\/","https:\/\/x.com\/EstratJuridica","https:\/\/www.instagram.com\/estrategiacarreirajuridica\/","https:\/\/www.youtube.com\/channel\/UClbMGuYbj2Mh1m3w144ETWQ"]},{"@type":"Person","@id":"https:\/\/cj.estrategia.com\/portal\/#\/schema\/person\/7d7d2b1c8386e2eeacc0b09cfbc1d0ff","name":"Thiago Leite","image":{"@type":"ImageObject","inLanguage":"pt-BR","@id":"https:\/\/secure.gravatar.com\/avatar\/15ff5746ff9e313f1248fe2373ce03309054e96387bb9249055458d0c1aaa297?s=96&d=mm&r=g","url":"https:\/\/secure.gravatar.com\/avatar\/15ff5746ff9e313f1248fe2373ce03309054e96387bb9249055458d0c1aaa297?s=96&d=mm&r=g","contentUrl":"https:\/\/secure.gravatar.com\/avatar\/15ff5746ff9e313f1248fe2373ce03309054e96387bb9249055458d0c1aaa297?s=96&d=mm&r=g","caption":"Thiago Leite"},"description":"Thiago de Paula Leite \u00e9 procurador do Estado de S\u00e3o Paulo e professor de direito ambiental e agr\u00e1rio do Estrat\u00e9gia.","url":"https:\/\/cj.estrategia.com\/portal\/author\/thiago-leite\/"}]}},"jetpack_featured_media_url":"https:\/\/cj.estrategia.com\/portal\/wp-content\/uploads\/2024\/09\/28003544\/little-boy-outdoors-upset-holding-his-toy-scaled.jpg","jetpack_sharing_enabled":true,"_links":{"self":[{"href":"https:\/\/cj.estrategia.com\/portal\/wp-json\/wp\/v2\/posts\/77657","targetHints":{"allow":["GET"]}}],"collection":[{"href":"https:\/\/cj.estrategia.com\/portal\/wp-json\/wp\/v2\/posts"}],"about":[{"href":"https:\/\/cj.estrategia.com\/portal\/wp-json\/wp\/v2\/types\/post"}],"author":[{"embeddable":true,"href":"https:\/\/cj.estrategia.com\/portal\/wp-json\/wp\/v2\/users\/81"}],"replies":[{"embeddable":true,"href":"https:\/\/cj.estrategia.com\/portal\/wp-json\/wp\/v2\/comments?post=77657"}],"version-history":[{"count":53,"href":"https:\/\/cj.estrategia.com\/portal\/wp-json\/wp\/v2\/posts\/77657\/revisions"}],"predecessor-version":[{"id":77712,"href":"https:\/\/cj.estrategia.com\/portal\/wp-json\/wp\/v2\/posts\/77657\/revisions\/77712"}],"wp:featuredmedia":[{"embeddable":true,"href":"https:\/\/cj.estrategia.com\/portal\/wp-json\/wp\/v2\/media\/77659"}],"wp:attachment":[{"href":"https:\/\/cj.estrategia.com\/portal\/wp-json\/wp\/v2\/media?parent=77657"}],"wp:term":[{"taxonomy":"category","embeddable":true,"href":"https:\/\/cj.estrategia.com\/portal\/wp-json\/wp\/v2\/categories?post=77657"},{"taxonomy":"post_tag","embeddable":true,"href":"https:\/\/cj.estrategia.com\/portal\/wp-json\/wp\/v2\/tags?post=77657"},{"taxonomy":"tax_estado","embeddable":true,"href":"https:\/\/cj.estrategia.com\/portal\/wp-json\/wp\/v2\/tax_estado?post=77657"}],"curies":[{"name":"wp","href":"https:\/\/api.w.org\/{rel}","templated":true}]}}