{"id":77584,"date":"2024-09-27T20:17:07","date_gmt":"2024-09-27T23:17:07","guid":{"rendered":"https:\/\/cj.estrategia.com\/portal\/?p=77584"},"modified":"2024-09-28T15:46:18","modified_gmt":"2024-09-28T18:46:18","slug":"tema-1087-recurso-decisao-absolutoria","status":"publish","type":"post","link":"https:\/\/cj.estrategia.com\/portal\/tema-1087-recurso-decisao-absolutoria\/","title":{"rendered":"Tema 1087 STF &#8211; interposi\u00e7\u00e3o de recurso contra decis\u00e3o absolut\u00f3ria no tribunal do j\u00fari"},"content":{"rendered":"\n<p>\u201cMP quase nunca pede absolvi\u00e7\u00e3o porque quase nunca o r\u00e9u merece\u201d. Essa foi a frase dita pelo Min. Alexandre de Moraes no julgamento do Tema 1087, no qual se discute a possibilidade de o MP interpor recurso contra decis\u00e3o absolut\u00f3ria no tribunal do j\u00fari.<\/p>\n\n\n\n<h2 class=\"wp-block-heading\" id=\"h-o-ministerio-publico-mp\"><span id=\"o-ministerio-publico-mp\">O Minist\u00e9rio P\u00fablico (MP)<\/span><\/h2>\n\n\n\n<p>Vamos l\u00e1! O MP \u00e9 uma fun\u00e7\u00e3o essencial \u00e0 justi\u00e7a, ao lado das Advocacias P\u00fablica e Privada, e da Defensoria P\u00fablica. \u00c9 institui\u00e7\u00e3o permanente, respons\u00e1vel pela <strong><mark style=\"background-color:rgba(0, 0, 0, 0)\" class=\"has-inline-color has-vivid-purple-color\">defesa da ordem jur\u00eddica, do regime democr\u00e1tico e dos interesses sociais e individuais indispon\u00edveis<\/mark><\/strong>.\u00a0<\/p>\n\n\n\n<p>O MP det\u00e9m <strong><mark style=\"background-color:rgba(0, 0, 0, 0)\" class=\"has-inline-color has-vivid-purple-color\">parcela da soberania estatal<\/mark><\/strong> justamente porque lhe foi reservada a fun\u00e7\u00e3o de promover, privativamente, a a\u00e7\u00e3o penal p\u00fablica. Trata-se de poder-dever da institui\u00e7\u00e3o (ou obriga\u00e7\u00e3o funcional) e que n\u00e3o se reduz ao simples oferecimento da den\u00fancia, abrangendo, \u00e9 certo, a atua\u00e7\u00e3o em todas as etapas da persecu\u00e7\u00e3o penal, levando o processo aos seus ulteriores termos.<\/p>\n\n\n\n<p>O membro do MP recebe os autos da investiga\u00e7\u00e3o, quando n\u00e3o \u00e9 ele o pr\u00f3prio investigante, e \u00e9 o respons\u00e1vel por deliberar a respeito dos rumos da persecu\u00e7\u00e3o, decidindo se pede o arquivamento, se prop\u00f5e alguma solu\u00e7\u00e3o negociada, nas hip\u00f3teses em que cab\u00edvel, ou ainda se oferece den\u00fancia. E no curso do processo, cabe a ele propor provas, argumentar, interpor recursos etc.<\/p>\n\n\n\n<h3 class=\"wp-block-heading\" id=\"h-principio-da-obrigatoriedade\"><span id=\"principio-da-obrigatoriedade\">Princ\u00edpio da obrigatoriedade<\/span><\/h3>\n\n\n\n<p>Nas a\u00e7\u00f5es penais p\u00fablicas temos o <strong><mark style=\"background-color:rgba(0, 0, 0, 0)\" class=\"has-inline-color has-vivid-purple-color\">princ\u00edpio da obrigatoriedade<\/mark><\/strong>, significando que o MP n\u00e3o pode escolher entre denunciar ou n\u00e3o. Diante de elementos indicativos de materialidade e autoria, e n\u00e3o sendo o caso de oferecimento de algum acordo, ele \u00e9 obrigado a denunciar.\u00a0<\/p>\n\n\n\n<p>E vejam: nesse momento ele j\u00e1 realiza um filtro para evitar acusa\u00e7\u00f5es infundadas. Examina-se o expediente investigat\u00f3rio para s\u00f3 ent\u00e3o, se for o caso, provocar o Judici\u00e1rio.\u00a0<\/p>\n\n\n\n<p>Al\u00e9m disso, <strong>o MP n\u00e3o pode desistir da a\u00e7\u00e3o penal que houver proposto<\/strong> (artigo 42, do CPP). Isso n\u00e3o significa que ele esteja vinculado \u00e0 solu\u00e7\u00e3o condenat\u00f3ria, consoante se depreende da leitura do artigo 385, do CPP.<\/p>\n\n\n\n<p>\u00c9 que, antes de ser parte, o MP \u00e9 fiscal da ordem jur\u00eddica. Interessa ao MP tanto e na mesma medida, a condena\u00e7\u00e3o do culpado, quanto a absolvi\u00e7\u00e3o do inocente.<\/p>\n\n\n\n<p class=\"has-cyan-bluish-gray-background-color has-background\">Percebe-se, assim, um equ\u00edvoco na afirma\u00e7\u00e3o de que o Promotor de Justi\u00e7a \u00e9 um Promotor de Acusa\u00e7\u00e3o \u2013 e isso tamb\u00e9m \u00e9 referido na fala do Ministro no julgamento do Tema 1087.\u00a0<\/p>\n\n\n\n<p>Ele n\u00e3o \u00e9 obrigado a sustentar uma acusa\u00e7\u00e3o a qualquer custo. Ao contr\u00e1rio, deve-se observar os elementos de informa\u00e7\u00e3o contidos no inqu\u00e9rito para decidir <strong>se deve ou n\u00e3o<\/strong> oferecer den\u00fancia. Ao fim da instru\u00e7\u00e3o, deve-se analisar as provas constantes dos autos para decidir <strong>se vai ou n\u00e3o<\/strong> pedir a condena\u00e7\u00e3o.<\/p>\n\n\n\n<p>Diz-se que <strong><mark style=\"background-color:rgba(0, 0, 0, 0)\" class=\"has-inline-color has-vivid-purple-color\">o MP \u00e9 parte apenas em sentido formal<\/mark><\/strong>, pois, embora ocupe o polo ativo da rela\u00e7\u00e3o processual, ele nem sempre defende uma tese de quem ocupa essa posi\u00e7\u00e3o, diferentemente do que sucede no c\u00edvel. Trata-se de uma parte imparcial, que n\u00e3o se vincula ao pedido inicial.<\/p>\n\n\n\n<p>N\u00e3o \u00e9 raro que Promotores e Procuradores formulem pedidos absolut\u00f3rios nos feitos em que oficiem, no entanto, desde que numa das situa\u00e7\u00f5es do artigo 386, do CPP, que cuida da senten\u00e7a absolut\u00f3ria.<\/p>\n\n\n\n<h2 class=\"wp-block-heading\" id=\"h-sobre-a-fala-do-ministro\"><span id=\"sobre-a-fala-do-ministro\">Sobre a fala do Ministro<\/span><\/h2>\n\n\n\n<div class=\"wp-block-media-text is-stacked-on-mobile\"><figure class=\"wp-block-media-text__media\"><img decoding=\"async\" width=\"696\" height=\"391\" src=\"https:\/\/cj.estrategia.com\/portal\/wp-content\/uploads\/2024\/09\/27200502\/alexandre-de-moraes-1.png\" alt=\"Tema 1087\" class=\"wp-image-77588 size-full\" srcset=\"https:\/\/cj.estrategia.com\/portal\/wp-content\/uploads\/2024\/09\/27200502\/alexandre-de-moraes-1.png 696w, https:\/\/cj.estrategia.com\/portal\/wp-content\/uploads\/2024\/09\/27200502\/alexandre-de-moraes-1-300x169.png 300w, https:\/\/cj.estrategia.com\/portal\/wp-content\/uploads\/2024\/09\/27200502\/alexandre-de-moraes-1-380x213.png 380w, https:\/\/cj.estrategia.com\/portal\/wp-content\/uploads\/2024\/09\/27200502\/alexandre-de-moraes-1-150x84.png 150w\" sizes=\"(max-width: 696px) 100vw, 696px\" \/><\/figure><div class=\"wp-block-media-text__content\">\n<p>Mas ent\u00e3o, no julgamento do Tema 1087, de onde vem a afirma\u00e7\u00e3o do Ministro, que j\u00e1 foi membro do Minist\u00e9rio P\u00fablico, no sentido de que \u201cquase nunca o r\u00e9u merece\u201d.<\/p>\n<\/div><\/div>\n\n\n\n<p>A sua fala se d\u00e1, ao que tudo indica, no sentido de que pedidos de absolvi\u00e7\u00e3o no J\u00fari s\u00e3o <strong><mark style=\"background-color:rgba(0, 0, 0, 0)\" class=\"has-inline-color has-vivid-purple-color\">menos recorrentes<\/mark><\/strong>. Isso se deveria ao fato de que temos ali <strong><u><strong>dois<\/strong><\/u>\u00a0<\/strong>importantes filtros que impedem que acusa\u00e7\u00f5es infundadas sejam submetidas a j\u00fari.<\/p>\n\n\n\n<p>O <strong><mark style=\"background-color:rgba(0, 0, 0, 0)\" class=\"has-inline-color has-vivid-purple-color\">primeiro <\/mark><\/strong>deles ocorre por ocasi\u00e3o do recebimento da den\u00fancia. O juiz verifica se est\u00e3o presentes os <strong>requisitos da den\u00fancia<\/strong> (artigo 41) e se est\u00e3o ausentes as situa\u00e7\u00f5es do artigo 395, incluindo aqui a justa causa, que levam \u00e0 rejei\u00e7\u00e3o da den\u00fancia.\u00a0\u00a0<\/p>\n\n\n\n<p>O <strong><mark style=\"background-color:rgba(0, 0, 0, 0)\" class=\"has-inline-color has-vivid-purple-color\">segundo<\/mark><\/strong>, ainda mais rigoroso, ocorre com o <em>judicium accusationis<\/em> que \u00e9 a primeira fase do j\u00fari. Vamos lembrar que essa etapa, que antecede o plen\u00e1rio do j\u00fari, desenvolve-se quase que nos moldes do procedimento ordin\u00e1rio: sob o manto das garantias constitucionais, possibilitando-se que a defesa alegue as teses que julgar pertinentes, produ\u00e7\u00e3o de provas etc.\u00a0<\/p>\n\n\n\n<p>H\u00e1 uma necess\u00e1ria matura\u00e7\u00e3o das teses e das provas para a forma\u00e7\u00e3o do convencimento do juiz. O seu escrut\u00ednio \u00e9 rigoros\u00edssimo, n\u00e3o havendo espa\u00e7o mais \u00e0 afirma\u00e7\u00e3o de que, em caso de d\u00favida, deve o juiz pronunciar (o famigerado <em>in dubio pro societate<\/em>). O STJ tem afirmado a aplica\u00e7\u00e3o, nesse momento processual, do standard probat\u00f3rio da prova clara e convincente.<\/p>\n\n\n\n<p>Depois de passar por esses dois filtros, pode-se afirmar que ficam retidas eventuais acusa\u00e7\u00f5es infundadas. Assim, pode o juiz impronunciar o acusado (artigo 414), absolv\u00ea-lo sumariamente (artigo 415), ou ainda desclassificar a infra\u00e7\u00e3o (artigo 419).<\/p>\n\n\n\n<pre class=\"wp-block-verse\">Dessa forma, ao afirmar que \u201cos r\u00e9us quase nunca merecem\u201d parece-nos que o sentido que se deve atribuir \u00e0 fala \u00e9 que, depois de dois filtros rigorosos, e ainda uma avalia\u00e7\u00e3o inicial do MP acerca do oferecimento da den\u00fancia (quando recebe os autos da investiga\u00e7\u00e3o), quase n\u00e3o sobra espa\u00e7o para pedidos de absolvi\u00e7\u00e3o, que podem at\u00e9 ser pouco frequentes, mas poss\u00edveis, diante desse car\u00e1ter peculiar do MP.<\/pre>\n\n\n\n<hr class=\"wp-block-separator has-alpha-channel-opacity\"\/>\n\n\n\n<h2 class=\"wp-block-heading has-text-align-center\" id=\"h-quer-saber-quais-serao-os-proximos-concursos\"><span id=\"quer-saber-quais-serao-os-proximos-concursos\">Quer saber quais ser\u00e3o os pr\u00f3ximos concursos?<\/span><\/h2>\n\n\n\n<p class=\"has-text-align-center\">Confira nossos\u00a0<a href=\"https:\/\/cj.estrategia.com\/portal\/\" target=\"_blank\" >artigos para Carreiras Jur\u00eddicas<\/a>!<\/p>\n\n\n\n<p class=\"has-text-align-center has-white-color has-pale-cyan-blue-background-color has-text-color has-background has-link-color wp-elements-f3d5123bb0c8e11604d0c8c7f1ea8be8\"><a href=\"https:\/\/www.estrategiaconcursos.com.br\/blog\/concursos-abertos\/\" target=\"_blank\" >Confira os concursos p\u00fablicos abertos<\/a><\/p>\n\n\n\n<p class=\"has-text-align-center has-white-color has-pale-cyan-blue-background-color has-text-color has-background has-link-color wp-elements-94f2aad2f2b05ea3152ac5320a17d121\"><a href=\"https:\/\/cj.estrategia.com\/portal\/web-stories\/\" target=\"_blank\" >Concursos 2024<\/a><\/p>\n","protected":false},"excerpt":{"rendered":"\u201cMP quase nunca pede absolvi\u00e7\u00e3o porque quase nunca o r\u00e9u merece\u201d. Essa foi a frase dita pelo Min.&hellip;\n","protected":false},"author":63,"featured_media":77589,"comment_status":"open","ping_status":"open","sticky":false,"template":"","format":"standard","meta":{"_jetpack_memberships_contains_paid_content":false,"footnotes":""},"categories":[1],"tags":[1055,373,1058,1059,1060,120,1057,1054,1056],"tax_estado":[30,31,32,33,34,35,36,37,38,39,40,41,42,43,44,45,46,47,48,49,50,51,52,53,54,55,56,57],"class_list":{"0":"post-77584","1":"post","2":"type-post","3":"status-publish","4":"format-standard","5":"has-post-thumbnail","7":"category-carreiras-juridicas","8":"tag-absolvicao","9":"tag-alexandre-de-moraes","10":"tag-denuncia","11":"tag-in-dubio-pro-societate","12":"tag-judicium-accusationis","13":"tag-ministerio-publico","14":"tag-principio-da-obrigatoriedade","15":"tag-reu","16":"tag-tema-1087","17":"tax_estado-ac","18":"tax_estado-al","19":"tax_estado-am","20":"tax_estado-ap","21":"tax_estado-ba","22":"tax_estado-ce","23":"tax_estado-concursos-federais","24":"tax_estado-df","25":"tax_estado-es","26":"tax_estado-go","27":"tax_estado-ma","28":"tax_estado-mg","29":"tax_estado-ms","30":"tax_estado-mt","31":"tax_estado-pa","32":"tax_estado-pb","33":"tax_estado-pe","34":"tax_estado-pi","35":"tax_estado-pr","36":"tax_estado-rj","37":"tax_estado-rn","38":"tax_estado-ro","39":"tax_estado-rr","40":"tax_estado-rs","41":"tax_estado-sc","42":"tax_estado-se","43":"tax_estado-sp","44":"tax_estado-to"},"acf":[],"yoast_head":"<!-- This site is optimized with the Yoast SEO Premium plugin v27.5 (Yoast SEO v27.5) - https:\/\/yoast.com\/product\/yoast-seo-premium-wordpress\/ -->\n<title>Tema 1087 STF - recurso contra decis\u00e3o absolut\u00f3ria pelo MP<\/title>\n<meta name=\"description\" content=\"\u201cMP quase nunca pede absolvi\u00e7\u00e3o porque quase nunca o r\u00e9u merece\u201d. Disse o Min. Alexandre de Moraes no julgamento do Tema 1087.\" \/>\n<meta name=\"robots\" content=\"index, follow, max-snippet:-1, max-image-preview:large, max-video-preview:-1\" \/>\n<link rel=\"canonical\" href=\"https:\/\/cj.estrategia.com\/portal\/tema-1087-recurso-decisao-absolutoria\/\" \/>\n<meta property=\"og:locale\" content=\"pt_BR\" \/>\n<meta property=\"og:type\" content=\"article\" \/>\n<meta property=\"og:title\" content=\"Tema 1087 STF - interposi\u00e7\u00e3o de recurso contra decis\u00e3o absolut\u00f3ria no tribunal do j\u00fari\" \/>\n<meta property=\"og:description\" content=\"\u201cMP quase nunca pede absolvi\u00e7\u00e3o porque quase nunca o r\u00e9u merece\u201d. Disse o Min. Alexandre de Moraes no julgamento do Tema 1087.\" \/>\n<meta property=\"og:url\" content=\"https:\/\/cj.estrategia.com\/portal\/tema-1087-recurso-decisao-absolutoria\/\" \/>\n<meta property=\"og:site_name\" content=\"Blog - Carreiras Jur\u00eddicas - Estrat\u00e9gia\" \/>\n<meta property=\"article:publisher\" content=\"https:\/\/www.facebook.com\/estrategiacarreirajuridica\/\" \/>\n<meta property=\"article:published_time\" content=\"2024-09-27T23:17:07+00:00\" \/>\n<meta property=\"article:modified_time\" content=\"2024-09-28T18:46:18+00:00\" \/>\n<meta property=\"og:image\" content=\"https:\/\/cj.estrategia.com\/portal\/wp-content\/uploads\/2024\/09\/27201326\/algema-absolvicao-preso-cadeia-scaled.jpg\" \/>\n\t<meta property=\"og:image:width\" content=\"2560\" \/>\n\t<meta property=\"og:image:height\" content=\"1707\" \/>\n\t<meta property=\"og:image:type\" content=\"image\/jpeg\" \/>\n<meta name=\"author\" content=\"Guilherme Rezende\" \/>\n<meta name=\"twitter:card\" content=\"summary_large_image\" \/>\n<meta name=\"twitter:creator\" content=\"@EstratJuridica\" \/>\n<meta name=\"twitter:site\" content=\"@EstratJuridica\" \/>\n<meta name=\"twitter:label1\" content=\"Escrito por\" \/>\n\t<meta name=\"twitter:data1\" content=\"Guilherme Rezende\" \/>\n\t<meta name=\"twitter:label2\" content=\"Est. tempo de leitura\" \/>\n\t<meta name=\"twitter:data2\" content=\"5 minutos\" \/>\n<script type=\"application\/ld+json\" class=\"yoast-schema-graph\">{\"@context\":\"https:\\\/\\\/schema.org\",\"@graph\":[{\"@type\":\"NewsArticle\",\"@id\":\"https:\\\/\\\/cj.estrategia.com\\\/portal\\\/tema-1087-recurso-decisao-absolutoria\\\/#article\",\"isPartOf\":{\"@id\":\"https:\\\/\\\/cj.estrategia.com\\\/portal\\\/tema-1087-recurso-decisao-absolutoria\\\/\"},\"author\":{\"name\":\"Guilherme Rezende\",\"@id\":\"https:\\\/\\\/cj.estrategia.com\\\/portal\\\/#\\\/schema\\\/person\\\/b8eb01d117c3441103d953565489f91a\"},\"headline\":\"Tema 1087 STF &#8211; interposi\u00e7\u00e3o de recurso contra decis\u00e3o absolut\u00f3ria no tribunal do j\u00fari\",\"datePublished\":\"2024-09-27T23:17:07+00:00\",\"dateModified\":\"2024-09-28T18:46:18+00:00\",\"mainEntityOfPage\":{\"@id\":\"https:\\\/\\\/cj.estrategia.com\\\/portal\\\/tema-1087-recurso-decisao-absolutoria\\\/\"},\"wordCount\":914,\"commentCount\":0,\"publisher\":{\"@id\":\"https:\\\/\\\/cj.estrategia.com\\\/portal\\\/#organization\"},\"image\":{\"@id\":\"https:\\\/\\\/cj.estrategia.com\\\/portal\\\/tema-1087-recurso-decisao-absolutoria\\\/#primaryimage\"},\"thumbnailUrl\":\"https:\\\/\\\/cj.estrategia.com\\\/portal\\\/wp-content\\\/uploads\\\/2024\\\/09\\\/27201326\\\/algema-absolvicao-preso-cadeia-scaled.jpg\",\"keywords\":[\"absolvi\u00e7\u00e3o\",\"alexandre de moraes\",\"den\u00fancia\",\"in dubio pro societate\",\"judicium accusationis\",\"minist\u00e9rio p\u00fablico\",\"princ\u00edpio da obrigatoriedade\",\"r\u00e9u\",\"Tema 1087\"],\"articleSection\":[\"Carreiras Jur\u00eddicas\"],\"inLanguage\":\"pt-BR\",\"potentialAction\":[{\"@type\":\"CommentAction\",\"name\":\"Comment\",\"target\":[\"https:\\\/\\\/cj.estrategia.com\\\/portal\\\/tema-1087-recurso-decisao-absolutoria\\\/#respond\"]}]},{\"@type\":\"WebPage\",\"@id\":\"https:\\\/\\\/cj.estrategia.com\\\/portal\\\/tema-1087-recurso-decisao-absolutoria\\\/\",\"url\":\"https:\\\/\\\/cj.estrategia.com\\\/portal\\\/tema-1087-recurso-decisao-absolutoria\\\/\",\"name\":\"Tema 1087 STF - recurso contra decis\u00e3o absolut\u00f3ria pelo MP\",\"isPartOf\":{\"@id\":\"https:\\\/\\\/cj.estrategia.com\\\/portal\\\/#website\"},\"primaryImageOfPage\":{\"@id\":\"https:\\\/\\\/cj.estrategia.com\\\/portal\\\/tema-1087-recurso-decisao-absolutoria\\\/#primaryimage\"},\"image\":{\"@id\":\"https:\\\/\\\/cj.estrategia.com\\\/portal\\\/tema-1087-recurso-decisao-absolutoria\\\/#primaryimage\"},\"thumbnailUrl\":\"https:\\\/\\\/cj.estrategia.com\\\/portal\\\/wp-content\\\/uploads\\\/2024\\\/09\\\/27201326\\\/algema-absolvicao-preso-cadeia-scaled.jpg\",\"datePublished\":\"2024-09-27T23:17:07+00:00\",\"dateModified\":\"2024-09-28T18:46:18+00:00\",\"description\":\"\u201cMP quase nunca pede absolvi\u00e7\u00e3o porque quase nunca o r\u00e9u merece\u201d. Disse o Min. Alexandre de Moraes no julgamento do Tema 1087.\",\"breadcrumb\":{\"@id\":\"https:\\\/\\\/cj.estrategia.com\\\/portal\\\/tema-1087-recurso-decisao-absolutoria\\\/#breadcrumb\"},\"inLanguage\":\"pt-BR\",\"potentialAction\":[{\"@type\":\"ReadAction\",\"target\":[\"https:\\\/\\\/cj.estrategia.com\\\/portal\\\/tema-1087-recurso-decisao-absolutoria\\\/\"]}]},{\"@type\":\"ImageObject\",\"inLanguage\":\"pt-BR\",\"@id\":\"https:\\\/\\\/cj.estrategia.com\\\/portal\\\/tema-1087-recurso-decisao-absolutoria\\\/#primaryimage\",\"url\":\"https:\\\/\\\/cj.estrategia.com\\\/portal\\\/wp-content\\\/uploads\\\/2024\\\/09\\\/27201326\\\/algema-absolvicao-preso-cadeia-scaled.jpg\",\"contentUrl\":\"https:\\\/\\\/cj.estrategia.com\\\/portal\\\/wp-content\\\/uploads\\\/2024\\\/09\\\/27201326\\\/algema-absolvicao-preso-cadeia-scaled.jpg\",\"width\":2560,\"height\":1707},{\"@type\":\"BreadcrumbList\",\"@id\":\"https:\\\/\\\/cj.estrategia.com\\\/portal\\\/tema-1087-recurso-decisao-absolutoria\\\/#breadcrumb\",\"itemListElement\":[{\"@type\":\"ListItem\",\"position\":1,\"name\":\"In\u00edcio\",\"item\":\"https:\\\/\\\/cj.estrategia.com\\\/portal\\\/\"},{\"@type\":\"ListItem\",\"position\":2,\"name\":\"Tema 1087 STF &#8211; interposi\u00e7\u00e3o de recurso contra decis\u00e3o absolut\u00f3ria no tribunal do j\u00fari\"}]},{\"@type\":\"WebSite\",\"@id\":\"https:\\\/\\\/cj.estrategia.com\\\/portal\\\/#website\",\"url\":\"https:\\\/\\\/cj.estrategia.com\\\/portal\\\/\",\"name\":\"Blog - Carreiras Jur\u00eddicas - Estrat\u00e9gia\",\"description\":\"\",\"publisher\":{\"@id\":\"https:\\\/\\\/cj.estrategia.com\\\/portal\\\/#organization\"},\"potentialAction\":[{\"@type\":\"SearchAction\",\"target\":{\"@type\":\"EntryPoint\",\"urlTemplate\":\"https:\\\/\\\/cj.estrategia.com\\\/portal\\\/?s={search_term_string}\"},\"query-input\":{\"@type\":\"PropertyValueSpecification\",\"valueRequired\":true,\"valueName\":\"search_term_string\"}}],\"inLanguage\":\"pt-BR\"},{\"@type\":\"Organization\",\"@id\":\"https:\\\/\\\/cj.estrategia.com\\\/portal\\\/#organization\",\"name\":\"Estrat\u00e9gia - Carreiras Jur\u00eddicas\",\"url\":\"https:\\\/\\\/cj.estrategia.com\\\/portal\\\/\",\"logo\":{\"@type\":\"ImageObject\",\"inLanguage\":\"pt-BR\",\"@id\":\"https:\\\/\\\/cj.estrategia.com\\\/portal\\\/#\\\/schema\\\/logo\\\/image\\\/\",\"url\":\"https:\\\/\\\/cj.estrategia.com\\\/portal\\\/wp-content\\\/uploads\\\/2022\\\/03\\\/11151052\\\/cj-logo.png\",\"contentUrl\":\"https:\\\/\\\/cj.estrategia.com\\\/portal\\\/wp-content\\\/uploads\\\/2022\\\/03\\\/11151052\\\/cj-logo.png\",\"width\":150,\"height\":39,\"caption\":\"Estrat\u00e9gia - Carreiras Jur\u00eddicas\"},\"image\":{\"@id\":\"https:\\\/\\\/cj.estrategia.com\\\/portal\\\/#\\\/schema\\\/logo\\\/image\\\/\"},\"sameAs\":[\"https:\\\/\\\/www.facebook.com\\\/estrategiacarreirajuridica\\\/\",\"https:\\\/\\\/x.com\\\/EstratJuridica\",\"https:\\\/\\\/www.instagram.com\\\/estrategiacarreirajuridica\\\/\",\"https:\\\/\\\/www.youtube.com\\\/channel\\\/UClbMGuYbj2Mh1m3w144ETWQ\"]},{\"@type\":\"Person\",\"@id\":\"https:\\\/\\\/cj.estrategia.com\\\/portal\\\/#\\\/schema\\\/person\\\/b8eb01d117c3441103d953565489f91a\",\"name\":\"Guilherme Rezende\",\"image\":{\"@type\":\"ImageObject\",\"inLanguage\":\"pt-BR\",\"@id\":\"https:\\\/\\\/cj.estrategia.com\\\/portal\\\/wp-content\\\/uploads\\\/2024\\\/02\\\/22174655\\\/professor-guilherme-resende-estrategia-concursos-ecj-96x96.jpeg\",\"url\":\"https:\\\/\\\/cj.estrategia.com\\\/portal\\\/wp-content\\\/uploads\\\/2024\\\/02\\\/22174655\\\/professor-guilherme-resende-estrategia-concursos-ecj-96x96.jpeg\",\"contentUrl\":\"https:\\\/\\\/cj.estrategia.com\\\/portal\\\/wp-content\\\/uploads\\\/2024\\\/02\\\/22174655\\\/professor-guilherme-resende-estrategia-concursos-ecj-96x96.jpeg\",\"caption\":\"Guilherme Rezende\"},\"description\":\"Professor Guilherme Rezende \u00e9 promotor de justi\u00e7a no Paran\u00e1, com uma carreira s\u00f3lida e impactante no campo jur\u00eddico. Al\u00e9m de sua atua\u00e7\u00e3o como promotor, ele possui mestrado em Direito e acumula experi\u00eancia como Ex-Procurador da Fazenda Nacional, Ex-Defensor P\u00fablico da Uni\u00e3o e Ex-Oficial de Apoio Judicial no TJMG. Destaca-se tamb\u00e9m por ter sido aprovado nos concursos de analista do TRF-1 e do MPU, consolidando sua compet\u00eancia e dedica\u00e7\u00e3o no universo jur\u00eddico.\",\"url\":\"https:\\\/\\\/cj.estrategia.com\\\/portal\\\/author\\\/guilherme-rezende\\\/\"}]}<\/script>\n<!-- \/ Yoast SEO Premium plugin. -->","yoast_head_json":{"title":"Tema 1087 STF - recurso contra decis\u00e3o absolut\u00f3ria pelo MP","description":"\u201cMP quase nunca pede absolvi\u00e7\u00e3o porque quase nunca o r\u00e9u merece\u201d. Disse o Min. Alexandre de Moraes no julgamento do Tema 1087.","robots":{"index":"index","follow":"follow","max-snippet":"max-snippet:-1","max-image-preview":"max-image-preview:large","max-video-preview":"max-video-preview:-1"},"canonical":"https:\/\/cj.estrategia.com\/portal\/tema-1087-recurso-decisao-absolutoria\/","og_locale":"pt_BR","og_type":"article","og_title":"Tema 1087 STF - interposi\u00e7\u00e3o de recurso contra decis\u00e3o absolut\u00f3ria no tribunal do j\u00fari","og_description":"\u201cMP quase nunca pede absolvi\u00e7\u00e3o porque quase nunca o r\u00e9u merece\u201d. Disse o Min. Alexandre de Moraes no julgamento do Tema 1087.","og_url":"https:\/\/cj.estrategia.com\/portal\/tema-1087-recurso-decisao-absolutoria\/","og_site_name":"Blog - Carreiras Jur\u00eddicas - Estrat\u00e9gia","article_publisher":"https:\/\/www.facebook.com\/estrategiacarreirajuridica\/","article_published_time":"2024-09-27T23:17:07+00:00","article_modified_time":"2024-09-28T18:46:18+00:00","og_image":[{"width":2560,"height":1707,"url":"https:\/\/cj.estrategia.com\/portal\/wp-content\/uploads\/2024\/09\/27201326\/algema-absolvicao-preso-cadeia-scaled.jpg","type":"image\/jpeg"}],"author":"Guilherme Rezende","twitter_card":"summary_large_image","twitter_creator":"@EstratJuridica","twitter_site":"@EstratJuridica","twitter_misc":{"Escrito por":"Guilherme Rezende","Est. tempo de leitura":"5 minutos"},"schema":{"@context":"https:\/\/schema.org","@graph":[{"@type":"NewsArticle","@id":"https:\/\/cj.estrategia.com\/portal\/tema-1087-recurso-decisao-absolutoria\/#article","isPartOf":{"@id":"https:\/\/cj.estrategia.com\/portal\/tema-1087-recurso-decisao-absolutoria\/"},"author":{"name":"Guilherme Rezende","@id":"https:\/\/cj.estrategia.com\/portal\/#\/schema\/person\/b8eb01d117c3441103d953565489f91a"},"headline":"Tema 1087 STF &#8211; interposi\u00e7\u00e3o de recurso contra decis\u00e3o absolut\u00f3ria no tribunal do j\u00fari","datePublished":"2024-09-27T23:17:07+00:00","dateModified":"2024-09-28T18:46:18+00:00","mainEntityOfPage":{"@id":"https:\/\/cj.estrategia.com\/portal\/tema-1087-recurso-decisao-absolutoria\/"},"wordCount":914,"commentCount":0,"publisher":{"@id":"https:\/\/cj.estrategia.com\/portal\/#organization"},"image":{"@id":"https:\/\/cj.estrategia.com\/portal\/tema-1087-recurso-decisao-absolutoria\/#primaryimage"},"thumbnailUrl":"https:\/\/cj.estrategia.com\/portal\/wp-content\/uploads\/2024\/09\/27201326\/algema-absolvicao-preso-cadeia-scaled.jpg","keywords":["absolvi\u00e7\u00e3o","alexandre de moraes","den\u00fancia","in dubio pro societate","judicium accusationis","minist\u00e9rio p\u00fablico","princ\u00edpio da obrigatoriedade","r\u00e9u","Tema 1087"],"articleSection":["Carreiras Jur\u00eddicas"],"inLanguage":"pt-BR","potentialAction":[{"@type":"CommentAction","name":"Comment","target":["https:\/\/cj.estrategia.com\/portal\/tema-1087-recurso-decisao-absolutoria\/#respond"]}]},{"@type":"WebPage","@id":"https:\/\/cj.estrategia.com\/portal\/tema-1087-recurso-decisao-absolutoria\/","url":"https:\/\/cj.estrategia.com\/portal\/tema-1087-recurso-decisao-absolutoria\/","name":"Tema 1087 STF - recurso contra decis\u00e3o absolut\u00f3ria pelo MP","isPartOf":{"@id":"https:\/\/cj.estrategia.com\/portal\/#website"},"primaryImageOfPage":{"@id":"https:\/\/cj.estrategia.com\/portal\/tema-1087-recurso-decisao-absolutoria\/#primaryimage"},"image":{"@id":"https:\/\/cj.estrategia.com\/portal\/tema-1087-recurso-decisao-absolutoria\/#primaryimage"},"thumbnailUrl":"https:\/\/cj.estrategia.com\/portal\/wp-content\/uploads\/2024\/09\/27201326\/algema-absolvicao-preso-cadeia-scaled.jpg","datePublished":"2024-09-27T23:17:07+00:00","dateModified":"2024-09-28T18:46:18+00:00","description":"\u201cMP quase nunca pede absolvi\u00e7\u00e3o porque quase nunca o r\u00e9u merece\u201d. Disse o Min. Alexandre de Moraes no julgamento do Tema 1087.","breadcrumb":{"@id":"https:\/\/cj.estrategia.com\/portal\/tema-1087-recurso-decisao-absolutoria\/#breadcrumb"},"inLanguage":"pt-BR","potentialAction":[{"@type":"ReadAction","target":["https:\/\/cj.estrategia.com\/portal\/tema-1087-recurso-decisao-absolutoria\/"]}]},{"@type":"ImageObject","inLanguage":"pt-BR","@id":"https:\/\/cj.estrategia.com\/portal\/tema-1087-recurso-decisao-absolutoria\/#primaryimage","url":"https:\/\/cj.estrategia.com\/portal\/wp-content\/uploads\/2024\/09\/27201326\/algema-absolvicao-preso-cadeia-scaled.jpg","contentUrl":"https:\/\/cj.estrategia.com\/portal\/wp-content\/uploads\/2024\/09\/27201326\/algema-absolvicao-preso-cadeia-scaled.jpg","width":2560,"height":1707},{"@type":"BreadcrumbList","@id":"https:\/\/cj.estrategia.com\/portal\/tema-1087-recurso-decisao-absolutoria\/#breadcrumb","itemListElement":[{"@type":"ListItem","position":1,"name":"In\u00edcio","item":"https:\/\/cj.estrategia.com\/portal\/"},{"@type":"ListItem","position":2,"name":"Tema 1087 STF &#8211; interposi\u00e7\u00e3o de recurso contra decis\u00e3o absolut\u00f3ria no tribunal do j\u00fari"}]},{"@type":"WebSite","@id":"https:\/\/cj.estrategia.com\/portal\/#website","url":"https:\/\/cj.estrategia.com\/portal\/","name":"Blog - Carreiras Jur\u00eddicas - Estrat\u00e9gia","description":"","publisher":{"@id":"https:\/\/cj.estrategia.com\/portal\/#organization"},"potentialAction":[{"@type":"SearchAction","target":{"@type":"EntryPoint","urlTemplate":"https:\/\/cj.estrategia.com\/portal\/?s={search_term_string}"},"query-input":{"@type":"PropertyValueSpecification","valueRequired":true,"valueName":"search_term_string"}}],"inLanguage":"pt-BR"},{"@type":"Organization","@id":"https:\/\/cj.estrategia.com\/portal\/#organization","name":"Estrat\u00e9gia - Carreiras Jur\u00eddicas","url":"https:\/\/cj.estrategia.com\/portal\/","logo":{"@type":"ImageObject","inLanguage":"pt-BR","@id":"https:\/\/cj.estrategia.com\/portal\/#\/schema\/logo\/image\/","url":"https:\/\/cj.estrategia.com\/portal\/wp-content\/uploads\/2022\/03\/11151052\/cj-logo.png","contentUrl":"https:\/\/cj.estrategia.com\/portal\/wp-content\/uploads\/2022\/03\/11151052\/cj-logo.png","width":150,"height":39,"caption":"Estrat\u00e9gia - Carreiras Jur\u00eddicas"},"image":{"@id":"https:\/\/cj.estrategia.com\/portal\/#\/schema\/logo\/image\/"},"sameAs":["https:\/\/www.facebook.com\/estrategiacarreirajuridica\/","https:\/\/x.com\/EstratJuridica","https:\/\/www.instagram.com\/estrategiacarreirajuridica\/","https:\/\/www.youtube.com\/channel\/UClbMGuYbj2Mh1m3w144ETWQ"]},{"@type":"Person","@id":"https:\/\/cj.estrategia.com\/portal\/#\/schema\/person\/b8eb01d117c3441103d953565489f91a","name":"Guilherme Rezende","image":{"@type":"ImageObject","inLanguage":"pt-BR","@id":"https:\/\/cj.estrategia.com\/portal\/wp-content\/uploads\/2024\/02\/22174655\/professor-guilherme-resende-estrategia-concursos-ecj-96x96.jpeg","url":"https:\/\/cj.estrategia.com\/portal\/wp-content\/uploads\/2024\/02\/22174655\/professor-guilherme-resende-estrategia-concursos-ecj-96x96.jpeg","contentUrl":"https:\/\/cj.estrategia.com\/portal\/wp-content\/uploads\/2024\/02\/22174655\/professor-guilherme-resende-estrategia-concursos-ecj-96x96.jpeg","caption":"Guilherme Rezende"},"description":"Professor Guilherme Rezende \u00e9 promotor de justi\u00e7a no Paran\u00e1, com uma carreira s\u00f3lida e impactante no campo jur\u00eddico. Al\u00e9m de sua atua\u00e7\u00e3o como promotor, ele possui mestrado em Direito e acumula experi\u00eancia como Ex-Procurador da Fazenda Nacional, Ex-Defensor P\u00fablico da Uni\u00e3o e Ex-Oficial de Apoio Judicial no TJMG. Destaca-se tamb\u00e9m por ter sido aprovado nos concursos de analista do TRF-1 e do MPU, consolidando sua compet\u00eancia e dedica\u00e7\u00e3o no universo jur\u00eddico.","url":"https:\/\/cj.estrategia.com\/portal\/author\/guilherme-rezende\/"}]}},"jetpack_featured_media_url":"https:\/\/cj.estrategia.com\/portal\/wp-content\/uploads\/2024\/09\/27201326\/algema-absolvicao-preso-cadeia-scaled.jpg","jetpack_sharing_enabled":true,"_links":{"self":[{"href":"https:\/\/cj.estrategia.com\/portal\/wp-json\/wp\/v2\/posts\/77584","targetHints":{"allow":["GET"]}}],"collection":[{"href":"https:\/\/cj.estrategia.com\/portal\/wp-json\/wp\/v2\/posts"}],"about":[{"href":"https:\/\/cj.estrategia.com\/portal\/wp-json\/wp\/v2\/types\/post"}],"author":[{"embeddable":true,"href":"https:\/\/cj.estrategia.com\/portal\/wp-json\/wp\/v2\/users\/63"}],"replies":[{"embeddable":true,"href":"https:\/\/cj.estrategia.com\/portal\/wp-json\/wp\/v2\/comments?post=77584"}],"version-history":[{"count":0,"href":"https:\/\/cj.estrategia.com\/portal\/wp-json\/wp\/v2\/posts\/77584\/revisions"}],"wp:featuredmedia":[{"embeddable":true,"href":"https:\/\/cj.estrategia.com\/portal\/wp-json\/wp\/v2\/media\/77589"}],"wp:attachment":[{"href":"https:\/\/cj.estrategia.com\/portal\/wp-json\/wp\/v2\/media?parent=77584"}],"wp:term":[{"taxonomy":"category","embeddable":true,"href":"https:\/\/cj.estrategia.com\/portal\/wp-json\/wp\/v2\/categories?post=77584"},{"taxonomy":"post_tag","embeddable":true,"href":"https:\/\/cj.estrategia.com\/portal\/wp-json\/wp\/v2\/tags?post=77584"},{"taxonomy":"tax_estado","embeddable":true,"href":"https:\/\/cj.estrategia.com\/portal\/wp-json\/wp\/v2\/tax_estado?post=77584"}],"curies":[{"name":"wp","href":"https:\/\/api.w.org\/{rel}","templated":true}]}}