{"id":77552,"date":"2025-08-07T16:15:54","date_gmt":"2025-08-07T19:15:54","guid":{"rendered":"https:\/\/cj.estrategia.com\/portal\/?p=77552"},"modified":"2026-02-05T17:07:38","modified_gmt":"2026-02-05T20:07:38","slug":"concurso-pgm-canaa-dos-carajas-pa","status":"publish","type":"post","link":"https:\/\/cj.estrategia.com\/portal\/concurso-pgm-canaa-dos-carajas-pa\/","title":{"rendered":"Concurso PGM Cana\u00e3 dos Caraj\u00e1s PA: saiu o resultado final de aprovados!"},"content":{"rendered":"<a id=\"cta-icon\" href=\"https:\/\/sndflw.com\/i\/procuradorias-grupo\" target=\"blank\" style=\"background:rgb(41,166,26)\">\n            <img decoding=\"async\" src=\"https:\/\/cj.estrategia.com\/portal\/wp-content\/uploads\/2023\/12\/07160657\/whatsapp_1385.webp\" alt=\"\" alt=\"whatsapp_1385\"><span > Acesse agora o Grupo de Estudos para Concurso de Procuradorias <\/span><\/a>\n\n\n\n<div class=\"wp-block-group\"><div class=\"wp-block-group__inner-container is-layout-constrained wp-block-group-is-layout-constrained\">\n<p>A Funda\u00e7\u00e3o Getulio Vargas (FGV) publicou o <strong>resultado final de aprovados <\/strong>no<strong> Concurso P\u00fablico da Prefeitura Municipal de Cana\u00e3 dos Caraj\u00e1s<\/strong>, no Par\u00e1, <strong>para o cargo de Procurador<\/strong>. Veja o documento:<\/p>\n\n\n\n<ul class=\"wp-block-list\">\n<li><a href=\"https:\/\/cj.estrategia.com\/portal\/wp-content\/uploads\/2025\/07\/07161340\/506-canaa-resultado-final-de-aprovados-2025-08-05.pdf\" target=\"_blank\" rel=\"noreferrer noopener nofollow\">Resultado final de aprovados<\/a>;<\/li>\n\n\n\n<li><a href=\"https:\/\/cj.estrategia.com\/portal\/wp-content\/uploads\/2025\/07\/07161410\/506-canaa-resultado-definitivo-avaliacao-de-titulos.pdf\" target=\"_blank\" rel=\"noreferrer noopener nofollow\">Resultado definitivo avalia\u00e7\u00e3o de t\u00edtulos<\/a>.<\/li>\n<\/ul>\n<\/div><\/div>\n\n\n\n<p>O concurso oferece <strong>4 vagas para o cargo de Procurador Municipal<\/strong>, com <strong>sal\u00e1rio inicial de R$ 11.502,17<\/strong>. <\/p>\n\n\n\n<p>As provas objetivas e discursivas foram aplicadas no dia 23 de mar\u00e7o. Para participar, o candidato precisou apresentar diploma de bacharel em Direito e registro na OAB. Confira mais detalhes no artigo!<\/p>\n\n\n\n<ul class=\"wp-block-list has-very-light-gray-to-cyan-bluish-gray-gradient-background has-background\">\n<li><strong>Concurso PGM Cana\u00e3 dos Caraj\u00e1s PA<\/strong><\/li>\n\n\n\n<li><strong>Status:<\/strong>&nbsp;resultado final de aprovados<\/li>\n\n\n\n<li><strong>Banca:<\/strong> <a href=\"https:\/\/conhecimento.fgv.br\/concursos\/smacanaacarajas24\">FGV<\/a><\/li>\n\n\n\n<li><strong>Vagas:&nbsp;<\/strong>4<\/li>\n\n\n\n<li><strong>Sal\u00e1rio inicial:<\/strong>&nbsp;R$ 11.502,17<\/li>\n\n\n\n<li><strong>Edital<\/strong>: <a href=\"https:\/\/conhecimento.fgv.br\/sites\/default\/files\/concursos\/canaa-dos-carajas-edital-de-abertura-26.09.pdf\">PGM Cana\u00e3 dos Caraj\u00e1s PA<\/a><\/li>\n<\/ul>\n\n\n\n<p><\/p>\n\n\n\n<div class=\"container\" id=\"boxes\">\n  <div class=\"row\">\n\n    <div class=\"col-sm\">\n      <div class=\"banner-ecj-procuradorias\" id=\"box-assinatura\">\n        <h2 id=\"cursos-para-pgm-canaa-dos-carajas-pa\" class=\"titulo-assinatura\"><span style=\"color: #ffffff; font-size: 23px; \">Cursos para PGM Cana\u00e3 dos Caraj\u00e1s PA<\/span><\/h2>\n        <p class=\"subtitulo-assinatura\">Cursos focados no edital!<\/p>\n        <div class=\"box-botao\">\n          <a class=\"btn-assinatura-juridica\" target=\"_blank\" href=\"https:\/\/cj.estrategia.com\/concurso\/cursos-para-procuradorias-e-advogados\" role=\"button\" rel=\"noopener noreferrer\">CLIQUE AQUI<\/a>\n        <\/div>\n      <\/div>\n      <p class=\"texto-auxiliar\">Prepare-se com o melhor material e com quem mais aprova em concursos em todo o pa\u00eds. \n<\/p>\n    <\/div>\n\n  <\/div>\n<\/div>\n\n\n\n<p><\/p>\n\n\n\n<div class=\"wp-block-yoast-seo-table-of-contents yoast-table-of-contents\"><h2 id=\"o-que-voce-vai-encontrar-neste-artigo\">O que voc\u00ea vai encontrar neste artigo?<\/h2><ul><li><a href=\"#atual\" data-level=\"2\">Concurso PGM Cana\u00e3 dos Caraj\u00e1s PA: situa\u00e7\u00e3o atual<\/a><ul><li><a href=\"#h-gabaritos-e-resultados\" data-level=\"3\">Gabaritos e resultados<\/a><\/li><li><a href=\"#h-retificacao\" data-level=\"3\">Retifica\u00e7\u00e3o<\/a><\/li><\/ul><\/li><li><a href=\"#cargo-vagas\" data-level=\"2\">Concurso PGM Cana\u00e3 dos Caraj\u00e1s PA: cargo e vagas<\/a><\/li><li><a href=\"#cargo-vagas\" data-level=\"2\">Concurso PGM Cana\u00e3 dos Caraj\u00e1s PA: etapas e provas<\/a><ul><li><a href=\"#objetiva\" data-level=\"3\">Provas Objetivas<\/a><\/li><li><a href=\"#discursiva\" data-level=\"3\">Prova Discursiva<\/a><\/li><li><a href=\"#titulos\" data-level=\"3\">Avalia\u00e7\u00e3o de T\u00edtulos<\/a><\/li><\/ul><\/li><li><a href=\"#cursos\" data-level=\"2\">Quer saber tudo sobre concursos previstos? Confira nossos artigos!<\/a><\/li><li><a href=\"#curso\" data-level=\"2\">CURSOS E ASSINATURAS<\/a><\/li><\/ul><\/div>\n\n\n\n<h2 class=\"wp-block-heading\" id=\"atual\"><span id=\"concurso-pgm-canaa-dos-carajas-pa-situacao-atual\">Concurso PGM Cana\u00e3 dos Caraj\u00e1s PA: situa\u00e7\u00e3o atual<\/span><\/h2>\n\n\n\n<h3 class=\"wp-block-heading\" id=\"h-gabaritos-e-resultados\"><span id=\"gabaritos-e-resultados\">Gabaritos e resultados<\/span><\/h3>\n\n\n\n<ul class=\"wp-block-list\">\n<li><a href=\"https:\/\/cj.estrategia.com\/portal\/wp-content\/uploads\/2025\/07\/07161340\/506-canaa-resultado-final-de-aprovados-2025-08-05.pdf\" target=\"_blank\" rel=\"noreferrer noopener nofollow\">Resultado final de aprovados<\/a>;<\/li>\n\n\n\n<li><a href=\"https:\/\/cj.estrategia.com\/portal\/wp-content\/uploads\/2025\/07\/07161410\/506-canaa-resultado-definitivo-avaliacao-de-titulos.pdf\" target=\"_blank\" rel=\"noreferrer noopener nofollow\">Resultado definitivo avalia\u00e7\u00e3o de t\u00edtulos<\/a>;<\/li>\n\n\n\n<li><a href=\"https:\/\/cj.estrategia.com\/portal\/wp-content\/uploads\/2025\/07\/25130606\/506-canaa-resultado-definitivo-prova-discursiva-2025-07-14.pdf\" target=\"_blank\" >Resultado definitivo da prova discursiva<\/a>;<\/li>\n\n\n\n<li><a href=\"https:\/\/cj.estrategia.com\/portal\/wp-content\/uploads\/2025\/07\/21171835\/resultado-definitivo-da-pericia-medica_canaa.pdf\" target=\"_blank\" >Resultado definitivo da per\u00edcia m\u00e9dica<\/a>;<\/li>\n\n\n\n<li><a href=\"https:\/\/cj.estrategia.com\/portal\/wp-content\/uploads\/2025\/06\/26202611\/506-canaa-resultado-definitivo-prova-objetiva-2025-05-22.pdf\" target=\"_blank\" rel=\"noreferrer noopener nofollow\">Resultado definitivo da prova objetiva<\/a>;<\/li>\n\n\n\n<li><a href=\"https:\/\/cj.estrategia.com\/portal\/wp-content\/uploads\/2025\/06\/26202650\/prefcanaa202401_gabarito_definitivo-compilado-23.03_0.pdf\" target=\"_blank\" rel=\"noreferrer noopener nofollow\">Gabarito da prova objetiva<\/a>.<\/li>\n<\/ul>\n\n\n\n<h3 class=\"wp-block-heading\" id=\"h-retificacao\"><span id=\"retificacao\">Retifica\u00e7\u00e3o<\/span><\/h3>\n\n\n\n<ul class=\"wp-block-list\">\n<li><a href=\"https:\/\/cj.estrategia.com\/portal\/wp-content\/uploads\/2024\/10\/24111751\/canaa-dos-carajas-edital-de-retificacao-23.10.24.pdf\" target=\"_blank\" >1\u00aa Retifica\u00e7\u00e3o<\/a>.<\/li>\n<\/ul>\n\n\n\n<h2 class=\"wp-block-heading\" id=\"cargo-vagas\"><span id=\"concurso-pgm-canaa-dos-carajas-pa-cargo-e-vagas\">Concurso PGM Cana\u00e3 dos Caraj\u00e1s PA: cargo e vagas<\/span><\/h2>\n\n\n\n<figure class=\"wp-block-table is-style-stripes\"><table class=\"has-very-light-gray-to-cyan-bluish-gray-gradient-background has-background\"><thead><tr><th class=\"has-text-align-center\" data-align=\"center\"><strong>CARGO<\/strong><\/th><th class=\"has-text-align-center\" data-align=\"center\"><strong>VAGAS<\/strong><\/th><th class=\"has-text-align-center\" data-align=\"center\"><strong>ESCOLARIDADE<\/strong><\/th><th class=\"has-text-align-center\" data-align=\"center\"><strong>REMUNERA\u00c7\u00c3O<\/strong><\/th><\/tr><\/thead><tbody><tr><td class=\"has-text-align-center\" data-align=\"center\">Procurador Municipal<\/td><td class=\"has-text-align-center\" data-align=\"center\">4<\/td><td class=\"has-text-align-center\" data-align=\"center\">Bacharel em Direito e registro na OAB<\/td><td class=\"has-text-align-center\" data-align=\"center\">R$ 11.502,17<br>20 horas semanais <\/td><\/tr><\/tbody><\/table><figcaption class=\"wp-element-caption\">Distribui\u00e7\u00e3o das vagas e remunera\u00e7\u00e3o para Procurador<\/figcaption><\/figure>\n\n\n\n<h2 class=\"wp-block-heading\" id=\"cargo-vagas\"><span id=\"concurso-pgm-canaa-dos-carajas-pa-etapas-e-provas\">Concurso PGM Cana\u00e3 dos Caraj\u00e1s PA: etapas e provas<\/span><\/h2>\n\n\n\n<p>Os candidatos ser\u00e3o avaliados mediante aplica\u00e7\u00e3o de at\u00e9 tr\u00eas etapas, conforme abaixo:<\/p>\n\n\n\n<ol class=\"wp-block-list\">\n<li><strong>Prova Objetiva<\/strong>, de car\u00e1ter eliminat\u00f3rio e classificat\u00f3rio;<\/li>\n\n\n\n<li><strong>Prova Discursiva<\/strong>, de car\u00e1ter eliminat\u00f3rio e classificat\u00f3rio;<\/li>\n\n\n\n<li><strong>Avalia\u00e7\u00e3o de T\u00edtulos<\/strong>, de car\u00e1ter classificat\u00f3rio;<\/li>\n\n\n\n<li><strong>Per\u00edcia M\u00e9dica.<\/strong><\/li>\n<\/ol>\n\n\n\n<h3 class=\"wp-block-heading\" id=\"objetiva\"><span id=\"provas-objetivas\">Provas Objetivas<\/span><\/h3>\n\n\n\n<p>Todas as quest\u00f5es da prova objetiva tiveram 5 op\u00e7\u00f5es para resposta, com apenas uma correta, e foram distribu\u00eddas conforme a tabelas abaixo:<\/p>\n\n\n<div class=\"wp-block-image\">\n<figure class=\"aligncenter size-full\"><img decoding=\"async\" width=\"586\" height=\"305\" src=\"https:\/\/cj.estrategia.com\/portal\/wp-content\/uploads\/2024\/09\/27132516\/image-36.png\" alt=\"Tabela de detalhes da prova objetiva para Procurador Municipal\" class=\"wp-image-77556\" srcset=\"https:\/\/cj.estrategia.com\/portal\/wp-content\/uploads\/2024\/09\/27132516\/image-36.png 586w, https:\/\/cj.estrategia.com\/portal\/wp-content\/uploads\/2024\/09\/27132516\/image-36-300x156.png 300w, https:\/\/cj.estrategia.com\/portal\/wp-content\/uploads\/2024\/09\/27132516\/image-36-380x198.png 380w, https:\/\/cj.estrategia.com\/portal\/wp-content\/uploads\/2024\/09\/27132516\/image-36-150x78.png 150w\" sizes=\"(max-width: 586px) 100vw, 586px\" \/><\/figure>\n<\/div>\n\n\n<h3 class=\"wp-block-heading\" id=\"discursiva\"><span id=\"prova-discursiva\">Prova Discursiva<\/span><\/h3>\n\n\n\n<p>A Prova Discursiva para o cargo de Procurador Municipal consistiu em uma pe\u00e7a pr\u00e1tica profissional na \u00e1rea do Direito, que valeu 40 pontos e que teve de ser redigida em g\u00eanero dissertativo argumentativo com n\u00famero m\u00e1ximo de 90 linhas.<\/p>\n\n\n\n<p>Foi considerado aprovado na Prova Dissertativa para o cargo de Procurador Municipal o candidato que alcan\u00e7ou pelo menos 20 pontos.<\/p>\n\n\n\n<h3 class=\"wp-block-heading\" id=\"titulos\"><span id=\"avaliacao-de-titulos\">Avalia\u00e7\u00e3o de T\u00edtulos<\/span><\/h3>\n\n\n\n<p>A Prova de T\u00edtulos valer\u00e1, no m\u00e1ximo, 5 pontos, ainda que a soma dos valores dos t\u00edtulos apresentados possa superar esse valor.<\/p>\n\n\n<div class=\"wp-block-image\">\n<figure class=\"aligncenter size-full\"><img decoding=\"async\" width=\"700\" height=\"520\" src=\"https:\/\/cj.estrategia.com\/portal\/wp-content\/uploads\/2024\/09\/27133000\/image-37.png\" alt=\"Tabela de atribui\u00e7\u00e3o de pontos na avalia\u00e7\u00e3o de t\u00edtulos\" class=\"wp-image-77557\" srcset=\"https:\/\/cj.estrategia.com\/portal\/wp-content\/uploads\/2024\/09\/27133000\/image-37.png 700w, https:\/\/cj.estrategia.com\/portal\/wp-content\/uploads\/2024\/09\/27133000\/image-37-300x223.png 300w, https:\/\/cj.estrategia.com\/portal\/wp-content\/uploads\/2024\/09\/27133000\/image-37-380x282.png 380w, https:\/\/cj.estrategia.com\/portal\/wp-content\/uploads\/2024\/09\/27133000\/image-37-150x111.png 150w\" sizes=\"(max-width: 700px) 100vw, 700px\" \/><\/figure>\n<\/div>\n\n\n<h2 class=\"wp-block-heading has-text-align-center\" id=\"cursos\"><span id=\"quer-saber-tudo-sobre-concursos-previstosconfira-nossos-artigos\">Quer saber tudo sobre concursos previstos?<br><strong>Confira nossos artigos!<\/strong><\/span><\/h2>\n\n\n\n<ul class=\"wp-block-list\">\n<li><a href=\"https:\/\/cj.estrategia.com\/portal\/concursos-abertos-carreiras-juridicas\/\" target=\"_blank\" >Concursos Jur\u00eddicos abertos<\/a><\/li>\n\n\n\n<li><a href=\"https:\/\/cj.estrategia.com\/portal\/concursos-juridicos-2026-prepare-se-para-os-proximos-editais\/\" target=\"_blank\" >Concursos Jur\u00eddicos 2026<\/a><\/li>\n\n\n\n<li><a href=\"https:\/\/cj.estrategia.com\/portal\/concursos-procuradorias\/\" target=\"_blank\" >Concursos Procuradorias<\/a><\/li>\n<\/ul>\n\n\n\n<h2 class=\"wp-block-heading has-text-align-center\" id=\"curso\"><span id=\"cursos-e-assinaturas\">CURSOS E ASSINATURAS<\/span><\/h2>\n\n\n\n<div class=\"wp-block-cover\" style=\"min-height:155px;aspect-ratio:unset;\"><img decoding=\"async\" width=\"1890\" height=\"351\" class=\"wp-block-cover__image-background wp-image-8669\" alt=\"Assinaturas Jur\u00eddicas\" src=\"https:\/\/cj.estrategia.com\/portal\/wp-content\/uploads\/2022\/06\/20151253\/concurso-carreiras-juridicas-assinatura-juridica.jpg\" style=\"object-position:78% 43%\" data-object-fit=\"cover\" data-object-position=\"78% 43%\" srcset=\"https:\/\/cj.estrategia.com\/portal\/wp-content\/uploads\/2022\/06\/20151253\/concurso-carreiras-juridicas-assinatura-juridica.jpg 1890w, https:\/\/cj.estrategia.com\/portal\/wp-content\/uploads\/2022\/06\/20151253\/concurso-carreiras-juridicas-assinatura-juridica-300x56.jpg 300w, https:\/\/cj.estrategia.com\/portal\/wp-content\/uploads\/2022\/06\/20151253\/concurso-carreiras-juridicas-assinatura-juridica-1024x190.jpg 1024w, https:\/\/cj.estrategia.com\/portal\/wp-content\/uploads\/2022\/06\/20151253\/concurso-carreiras-juridicas-assinatura-juridica-768x143.jpg 768w, https:\/\/cj.estrategia.com\/portal\/wp-content\/uploads\/2022\/06\/20151253\/concurso-carreiras-juridicas-assinatura-juridica-1536x285.jpg 1536w, https:\/\/cj.estrategia.com\/portal\/wp-content\/uploads\/2022\/06\/20151253\/concurso-carreiras-juridicas-assinatura-juridica-380x71.jpg 380w, https:\/\/cj.estrategia.com\/portal\/wp-content\/uploads\/2022\/06\/20151253\/concurso-carreiras-juridicas-assinatura-juridica-800x149.jpg 800w, https:\/\/cj.estrategia.com\/portal\/wp-content\/uploads\/2022\/06\/20151253\/concurso-carreiras-juridicas-assinatura-juridica-1160x215.jpg 1160w\" sizes=\"(max-width: 1890px) 100vw, 1890px\" \/><span aria-hidden=\"true\" class=\"wp-block-cover__background has-background-dim\"><\/span><div class=\"wp-block-cover__inner-container is-layout-flow wp-block-cover-is-layout-flow\">\n<h3 id=\"faca-a-sua-assinatura\" class=\"titulo-assinatura\"><span style=\"color: #ffffff;\">Fa\u00e7a a sua assinatura!<\/span><\/h3>\n<p class=\"subtitulo-assinatura\" style=\"display:block!important; line-height: 0;\"><span style=\"color: #ffffff;\">Escolha a sua \u00e1rea.<\/span><\/p>\n<a target=\"_blank\" href=\"https:\/\/www.estrategiaconcursos.com.br\/assinaturas-ecj\/\" rel=\"noopener\"><button style=\"border-radius: 10px; text-transform: capitalize;\">Acessar<\/button><\/a>\n<\/div><\/div>\n\n\n\n<figure class=\"wp-block-image is-resized\"><img decoding=\"async\" src=\"https:\/\/dhg1h5j42swfq.cloudfront.net\/2021\/08\/03075659\/ficha-tecnica-1-1024x632.png\" alt=\"\" class=\"wp-image-827472\" style=\"width:196px;height:120px\"\/><\/figure>\n\n\n\n<h4 class=\"wp-block-heading\" id=\"ficha-tecnica\"><span id=\"informacoes-sobre-o-concurso-pgm-canaa-dos-carajas-pa\">Informa\u00e7\u00f5es sobre o Concurso PGM Cana\u00e3 dos Caraj\u00e1s PA<\/span><\/h4>\n\n\n\n<ul class=\"wp-block-list\">\n<li><strong>Provas objetiva e discursiva:<\/strong> <s>23\/03\/2025<\/s><\/li>\n\n\n\n<li><strong>Vagas<\/strong>: 4<\/li>\n\n\n\n<li><strong>Cargo<\/strong>: Procurador Municipal<\/li>\n\n\n\n<li><strong>Banca<\/strong>: FGV<\/li>\n\n\n\n<li><strong>Edital:<\/strong> <a href=\"https:\/\/conhecimento.fgv.br\/sites\/default\/files\/concursos\/canaa-dos-carajas-edital-de-abertura-26.09.pdf\">PGM Cana\u00e3 dos Caraj\u00e1s PA<\/a><\/li>\n<\/ul>\n","protected":false},"excerpt":{"rendered":"A Funda\u00e7\u00e3o Getulio Vargas (FGV) publicou o resultado final de aprovados no Concurso P\u00fablico da Prefeitura Municipal de&hellip;\n","protected":false},"author":12,"featured_media":177715,"comment_status":"open","ping_status":"open","sticky":false,"template":"","format":"standard","meta":{"_jetpack_memberships_contains_paid_content":false,"footnotes":""},"categories":[1,24],"tags":[],"tax_estado":[44],"class_list":{"0":"post-77552","1":"post","2":"type-post","3":"status-publish","4":"format-standard","5":"has-post-thumbnail","7":"category-carreiras-juridicas","8":"category-procuradoria","9":"tax_estado-pa"},"acf":[],"yoast_head":"<!-- This site is optimized with the Yoast SEO Premium plugin v27.4 (Yoast SEO v27.4) - https:\/\/yoast.com\/product\/yoast-seo-premium-wordpress\/ -->\n<title>Concurso PGM Cana\u00e3 dos Caraj\u00e1s PA: saiu o resultado final de aprovados!<\/title>\n<meta name=\"description\" content=\"Concurso PGM Cana\u00e3 dos Caraj\u00e1s: edital oferta 4 vagas com remunera\u00e7\u00e3o inicial de R$ 11,5 mil. Resultados dispon\u00edveis!\" \/>\n<meta name=\"robots\" content=\"index, follow, max-snippet:-1, max-image-preview:large, max-video-preview:-1\" \/>\n<link rel=\"canonical\" href=\"https:\/\/cj.estrategia.com\/portal\/concurso-pgm-canaa-dos-carajas-pa\/\" \/>\n<meta property=\"og:locale\" content=\"pt_BR\" \/>\n<meta property=\"og:type\" content=\"article\" \/>\n<meta property=\"og:title\" content=\"Concurso PGM Cana\u00e3 dos Caraj\u00e1s PA: saiu o resultado final de aprovados!\" \/>\n<meta property=\"og:description\" content=\"Concurso PGM Cana\u00e3 dos Caraj\u00e1s: edital oferta 4 vagas com remunera\u00e7\u00e3o inicial de R$ 11,5 mil. Resultados dispon\u00edveis!\" \/>\n<meta property=\"og:url\" content=\"https:\/\/cj.estrategia.com\/portal\/concurso-pgm-canaa-dos-carajas-pa\/\" \/>\n<meta property=\"og:site_name\" content=\"Blog - Carreiras Jur\u00eddicas - Estrat\u00e9gia\" \/>\n<meta property=\"article:publisher\" content=\"https:\/\/www.facebook.com\/estrategiacarreirajuridica\/\" \/>\n<meta property=\"article:published_time\" content=\"2025-08-07T19:15:54+00:00\" \/>\n<meta property=\"article:modified_time\" content=\"2026-02-05T20:07:38+00:00\" \/>\n<meta property=\"og:image\" content=\"https:\/\/cj.estrategia.com\/portal\/wp-content\/uploads\/2026\/01\/04105643\/procurador.jpg\" \/>\n\t<meta property=\"og:image:width\" content=\"2459\" \/>\n\t<meta property=\"og:image:height\" content=\"1383\" \/>\n\t<meta property=\"og:image:type\" content=\"image\/jpeg\" \/>\n<meta name=\"author\" content=\"Coordena\u00e7\u00e3o\" \/>\n<meta name=\"twitter:card\" content=\"summary_large_image\" \/>\n<meta name=\"twitter:creator\" content=\"@EstratJuridica\" \/>\n<meta name=\"twitter:site\" content=\"@EstratJuridica\" \/>\n<meta name=\"twitter:label1\" content=\"Escrito por\" \/>\n\t<meta name=\"twitter:data1\" content=\"Coordena\u00e7\u00e3o\" \/>\n\t<meta name=\"twitter:label2\" content=\"Est. tempo de leitura\" \/>\n\t<meta name=\"twitter:data2\" content=\"4 minutos\" \/>\n<script type=\"application\/ld+json\" class=\"yoast-schema-graph\">{\"@context\":\"https:\\\/\\\/schema.org\",\"@graph\":[{\"@type\":\"NewsArticle\",\"@id\":\"https:\\\/\\\/cj.estrategia.com\\\/portal\\\/concurso-pgm-canaa-dos-carajas-pa\\\/#article\",\"isPartOf\":{\"@id\":\"https:\\\/\\\/cj.estrategia.com\\\/portal\\\/concurso-pgm-canaa-dos-carajas-pa\\\/\"},\"author\":{\"name\":\"Coordena\u00e7\u00e3o\",\"@id\":\"https:\\\/\\\/cj.estrategia.com\\\/portal\\\/#\\\/schema\\\/person\\\/4d70317d31449932b99102916b6637f5\"},\"headline\":\"Concurso PGM Cana\u00e3 dos Caraj\u00e1s PA: saiu o resultado final de aprovados!\",\"datePublished\":\"2025-08-07T19:15:54+00:00\",\"dateModified\":\"2026-02-05T20:07:38+00:00\",\"mainEntityOfPage\":{\"@id\":\"https:\\\/\\\/cj.estrategia.com\\\/portal\\\/concurso-pgm-canaa-dos-carajas-pa\\\/\"},\"wordCount\":544,\"commentCount\":0,\"publisher\":{\"@id\":\"https:\\\/\\\/cj.estrategia.com\\\/portal\\\/#organization\"},\"image\":{\"@id\":\"https:\\\/\\\/cj.estrategia.com\\\/portal\\\/concurso-pgm-canaa-dos-carajas-pa\\\/#primaryimage\"},\"thumbnailUrl\":\"https:\\\/\\\/cj.estrategia.com\\\/portal\\\/wp-content\\\/uploads\\\/2026\\\/01\\\/04105643\\\/procurador.jpg\",\"articleSection\":[\"Carreiras Jur\u00eddicas\",\"Procuradoria\"],\"inLanguage\":\"pt-BR\",\"potentialAction\":[{\"@type\":\"CommentAction\",\"name\":\"Comment\",\"target\":[\"https:\\\/\\\/cj.estrategia.com\\\/portal\\\/concurso-pgm-canaa-dos-carajas-pa\\\/#respond\"]}],\"accessibilityFeature\":[\"tableOfContents\"]},{\"@type\":\"WebPage\",\"@id\":\"https:\\\/\\\/cj.estrategia.com\\\/portal\\\/concurso-pgm-canaa-dos-carajas-pa\\\/\",\"url\":\"https:\\\/\\\/cj.estrategia.com\\\/portal\\\/concurso-pgm-canaa-dos-carajas-pa\\\/\",\"name\":\"Concurso PGM Cana\u00e3 dos Caraj\u00e1s PA: saiu o resultado final de aprovados!\",\"isPartOf\":{\"@id\":\"https:\\\/\\\/cj.estrategia.com\\\/portal\\\/#website\"},\"primaryImageOfPage\":{\"@id\":\"https:\\\/\\\/cj.estrategia.com\\\/portal\\\/concurso-pgm-canaa-dos-carajas-pa\\\/#primaryimage\"},\"image\":{\"@id\":\"https:\\\/\\\/cj.estrategia.com\\\/portal\\\/concurso-pgm-canaa-dos-carajas-pa\\\/#primaryimage\"},\"thumbnailUrl\":\"https:\\\/\\\/cj.estrategia.com\\\/portal\\\/wp-content\\\/uploads\\\/2026\\\/01\\\/04105643\\\/procurador.jpg\",\"datePublished\":\"2025-08-07T19:15:54+00:00\",\"dateModified\":\"2026-02-05T20:07:38+00:00\",\"description\":\"Concurso PGM Cana\u00e3 dos Caraj\u00e1s: edital oferta 4 vagas com remunera\u00e7\u00e3o inicial de R$ 11,5 mil. Resultados dispon\u00edveis!\",\"breadcrumb\":{\"@id\":\"https:\\\/\\\/cj.estrategia.com\\\/portal\\\/concurso-pgm-canaa-dos-carajas-pa\\\/#breadcrumb\"},\"inLanguage\":\"pt-BR\",\"potentialAction\":[{\"@type\":\"ReadAction\",\"target\":[\"https:\\\/\\\/cj.estrategia.com\\\/portal\\\/concurso-pgm-canaa-dos-carajas-pa\\\/\"]}]},{\"@type\":\"ImageObject\",\"inLanguage\":\"pt-BR\",\"@id\":\"https:\\\/\\\/cj.estrategia.com\\\/portal\\\/concurso-pgm-canaa-dos-carajas-pa\\\/#primaryimage\",\"url\":\"https:\\\/\\\/cj.estrategia.com\\\/portal\\\/wp-content\\\/uploads\\\/2026\\\/01\\\/04105643\\\/procurador.jpg\",\"contentUrl\":\"https:\\\/\\\/cj.estrategia.com\\\/portal\\\/wp-content\\\/uploads\\\/2026\\\/01\\\/04105643\\\/procurador.jpg\",\"width\":2459,\"height\":1383},{\"@type\":\"BreadcrumbList\",\"@id\":\"https:\\\/\\\/cj.estrategia.com\\\/portal\\\/concurso-pgm-canaa-dos-carajas-pa\\\/#breadcrumb\",\"itemListElement\":[{\"@type\":\"ListItem\",\"position\":1,\"name\":\"In\u00edcio\",\"item\":\"https:\\\/\\\/cj.estrategia.com\\\/portal\\\/\"},{\"@type\":\"ListItem\",\"position\":2,\"name\":\"Concurso PGM Cana\u00e3 dos Caraj\u00e1s PA: saiu o resultado final de aprovados!\"}]},{\"@type\":\"WebSite\",\"@id\":\"https:\\\/\\\/cj.estrategia.com\\\/portal\\\/#website\",\"url\":\"https:\\\/\\\/cj.estrategia.com\\\/portal\\\/\",\"name\":\"Blog - Carreiras Jur\u00eddicas - Estrat\u00e9gia\",\"description\":\"\",\"publisher\":{\"@id\":\"https:\\\/\\\/cj.estrategia.com\\\/portal\\\/#organization\"},\"potentialAction\":[{\"@type\":\"SearchAction\",\"target\":{\"@type\":\"EntryPoint\",\"urlTemplate\":\"https:\\\/\\\/cj.estrategia.com\\\/portal\\\/?s={search_term_string}\"},\"query-input\":{\"@type\":\"PropertyValueSpecification\",\"valueRequired\":true,\"valueName\":\"search_term_string\"}}],\"inLanguage\":\"pt-BR\"},{\"@type\":\"Organization\",\"@id\":\"https:\\\/\\\/cj.estrategia.com\\\/portal\\\/#organization\",\"name\":\"Estrat\u00e9gia - Carreiras Jur\u00eddicas\",\"url\":\"https:\\\/\\\/cj.estrategia.com\\\/portal\\\/\",\"logo\":{\"@type\":\"ImageObject\",\"inLanguage\":\"pt-BR\",\"@id\":\"https:\\\/\\\/cj.estrategia.com\\\/portal\\\/#\\\/schema\\\/logo\\\/image\\\/\",\"url\":\"https:\\\/\\\/cj.estrategia.com\\\/portal\\\/wp-content\\\/uploads\\\/2022\\\/03\\\/11151052\\\/cj-logo.png\",\"contentUrl\":\"https:\\\/\\\/cj.estrategia.com\\\/portal\\\/wp-content\\\/uploads\\\/2022\\\/03\\\/11151052\\\/cj-logo.png\",\"width\":150,\"height\":39,\"caption\":\"Estrat\u00e9gia - Carreiras Jur\u00eddicas\"},\"image\":{\"@id\":\"https:\\\/\\\/cj.estrategia.com\\\/portal\\\/#\\\/schema\\\/logo\\\/image\\\/\"},\"sameAs\":[\"https:\\\/\\\/www.facebook.com\\\/estrategiacarreirajuridica\\\/\",\"https:\\\/\\\/x.com\\\/EstratJuridica\",\"https:\\\/\\\/www.instagram.com\\\/estrategiacarreirajuridica\\\/\",\"https:\\\/\\\/www.youtube.com\\\/channel\\\/UClbMGuYbj2Mh1m3w144ETWQ\"]},{\"@type\":\"Person\",\"@id\":\"https:\\\/\\\/cj.estrategia.com\\\/portal\\\/#\\\/schema\\\/person\\\/4d70317d31449932b99102916b6637f5\",\"name\":\"Coordena\u00e7\u00e3o\",\"image\":{\"@type\":\"ImageObject\",\"inLanguage\":\"pt-BR\",\"@id\":\"https:\\\/\\\/cj.estrategia.com\\\/portal\\\/wp-content\\\/uploads\\\/2022\\\/05\\\/12164923\\\/estrategia-carreira-juridica-coordenacao-96x96.png\",\"url\":\"https:\\\/\\\/cj.estrategia.com\\\/portal\\\/wp-content\\\/uploads\\\/2022\\\/05\\\/12164923\\\/estrategia-carreira-juridica-coordenacao-96x96.png\",\"contentUrl\":\"https:\\\/\\\/cj.estrategia.com\\\/portal\\\/wp-content\\\/uploads\\\/2022\\\/05\\\/12164923\\\/estrategia-carreira-juridica-coordenacao-96x96.png\",\"caption\":\"Coordena\u00e7\u00e3o\"},\"url\":\"https:\\\/\\\/cj.estrategia.com\\\/portal\\\/author\\\/coordenacao\\\/\"}]}<\/script>\n<!-- \/ Yoast SEO Premium plugin. -->","yoast_head_json":{"title":"Concurso PGM Cana\u00e3 dos Caraj\u00e1s PA: saiu o resultado final de aprovados!","description":"Concurso PGM Cana\u00e3 dos Caraj\u00e1s: edital oferta 4 vagas com remunera\u00e7\u00e3o inicial de R$ 11,5 mil. Resultados dispon\u00edveis!","robots":{"index":"index","follow":"follow","max-snippet":"max-snippet:-1","max-image-preview":"max-image-preview:large","max-video-preview":"max-video-preview:-1"},"canonical":"https:\/\/cj.estrategia.com\/portal\/concurso-pgm-canaa-dos-carajas-pa\/","og_locale":"pt_BR","og_type":"article","og_title":"Concurso PGM Cana\u00e3 dos Caraj\u00e1s PA: saiu o resultado final de aprovados!","og_description":"Concurso PGM Cana\u00e3 dos Caraj\u00e1s: edital oferta 4 vagas com remunera\u00e7\u00e3o inicial de R$ 11,5 mil. Resultados dispon\u00edveis!","og_url":"https:\/\/cj.estrategia.com\/portal\/concurso-pgm-canaa-dos-carajas-pa\/","og_site_name":"Blog - Carreiras Jur\u00eddicas - Estrat\u00e9gia","article_publisher":"https:\/\/www.facebook.com\/estrategiacarreirajuridica\/","article_published_time":"2025-08-07T19:15:54+00:00","article_modified_time":"2026-02-05T20:07:38+00:00","og_image":[{"width":2459,"height":1383,"url":"https:\/\/cj.estrategia.com\/portal\/wp-content\/uploads\/2026\/01\/04105643\/procurador.jpg","type":"image\/jpeg"}],"author":"Coordena\u00e7\u00e3o","twitter_card":"summary_large_image","twitter_creator":"@EstratJuridica","twitter_site":"@EstratJuridica","twitter_misc":{"Escrito por":"Coordena\u00e7\u00e3o","Est. tempo de leitura":"4 minutos"},"schema":{"@context":"https:\/\/schema.org","@graph":[{"@type":"NewsArticle","@id":"https:\/\/cj.estrategia.com\/portal\/concurso-pgm-canaa-dos-carajas-pa\/#article","isPartOf":{"@id":"https:\/\/cj.estrategia.com\/portal\/concurso-pgm-canaa-dos-carajas-pa\/"},"author":{"name":"Coordena\u00e7\u00e3o","@id":"https:\/\/cj.estrategia.com\/portal\/#\/schema\/person\/4d70317d31449932b99102916b6637f5"},"headline":"Concurso PGM Cana\u00e3 dos Caraj\u00e1s PA: saiu o resultado final de aprovados!","datePublished":"2025-08-07T19:15:54+00:00","dateModified":"2026-02-05T20:07:38+00:00","mainEntityOfPage":{"@id":"https:\/\/cj.estrategia.com\/portal\/concurso-pgm-canaa-dos-carajas-pa\/"},"wordCount":544,"commentCount":0,"publisher":{"@id":"https:\/\/cj.estrategia.com\/portal\/#organization"},"image":{"@id":"https:\/\/cj.estrategia.com\/portal\/concurso-pgm-canaa-dos-carajas-pa\/#primaryimage"},"thumbnailUrl":"https:\/\/cj.estrategia.com\/portal\/wp-content\/uploads\/2026\/01\/04105643\/procurador.jpg","articleSection":["Carreiras Jur\u00eddicas","Procuradoria"],"inLanguage":"pt-BR","potentialAction":[{"@type":"CommentAction","name":"Comment","target":["https:\/\/cj.estrategia.com\/portal\/concurso-pgm-canaa-dos-carajas-pa\/#respond"]}],"accessibilityFeature":["tableOfContents"]},{"@type":"WebPage","@id":"https:\/\/cj.estrategia.com\/portal\/concurso-pgm-canaa-dos-carajas-pa\/","url":"https:\/\/cj.estrategia.com\/portal\/concurso-pgm-canaa-dos-carajas-pa\/","name":"Concurso PGM Cana\u00e3 dos Caraj\u00e1s PA: saiu o resultado final de aprovados!","isPartOf":{"@id":"https:\/\/cj.estrategia.com\/portal\/#website"},"primaryImageOfPage":{"@id":"https:\/\/cj.estrategia.com\/portal\/concurso-pgm-canaa-dos-carajas-pa\/#primaryimage"},"image":{"@id":"https:\/\/cj.estrategia.com\/portal\/concurso-pgm-canaa-dos-carajas-pa\/#primaryimage"},"thumbnailUrl":"https:\/\/cj.estrategia.com\/portal\/wp-content\/uploads\/2026\/01\/04105643\/procurador.jpg","datePublished":"2025-08-07T19:15:54+00:00","dateModified":"2026-02-05T20:07:38+00:00","description":"Concurso PGM Cana\u00e3 dos Caraj\u00e1s: edital oferta 4 vagas com remunera\u00e7\u00e3o inicial de R$ 11,5 mil. Resultados dispon\u00edveis!","breadcrumb":{"@id":"https:\/\/cj.estrategia.com\/portal\/concurso-pgm-canaa-dos-carajas-pa\/#breadcrumb"},"inLanguage":"pt-BR","potentialAction":[{"@type":"ReadAction","target":["https:\/\/cj.estrategia.com\/portal\/concurso-pgm-canaa-dos-carajas-pa\/"]}]},{"@type":"ImageObject","inLanguage":"pt-BR","@id":"https:\/\/cj.estrategia.com\/portal\/concurso-pgm-canaa-dos-carajas-pa\/#primaryimage","url":"https:\/\/cj.estrategia.com\/portal\/wp-content\/uploads\/2026\/01\/04105643\/procurador.jpg","contentUrl":"https:\/\/cj.estrategia.com\/portal\/wp-content\/uploads\/2026\/01\/04105643\/procurador.jpg","width":2459,"height":1383},{"@type":"BreadcrumbList","@id":"https:\/\/cj.estrategia.com\/portal\/concurso-pgm-canaa-dos-carajas-pa\/#breadcrumb","itemListElement":[{"@type":"ListItem","position":1,"name":"In\u00edcio","item":"https:\/\/cj.estrategia.com\/portal\/"},{"@type":"ListItem","position":2,"name":"Concurso PGM Cana\u00e3 dos Caraj\u00e1s PA: saiu o resultado final de aprovados!"}]},{"@type":"WebSite","@id":"https:\/\/cj.estrategia.com\/portal\/#website","url":"https:\/\/cj.estrategia.com\/portal\/","name":"Blog - Carreiras Jur\u00eddicas - Estrat\u00e9gia","description":"","publisher":{"@id":"https:\/\/cj.estrategia.com\/portal\/#organization"},"potentialAction":[{"@type":"SearchAction","target":{"@type":"EntryPoint","urlTemplate":"https:\/\/cj.estrategia.com\/portal\/?s={search_term_string}"},"query-input":{"@type":"PropertyValueSpecification","valueRequired":true,"valueName":"search_term_string"}}],"inLanguage":"pt-BR"},{"@type":"Organization","@id":"https:\/\/cj.estrategia.com\/portal\/#organization","name":"Estrat\u00e9gia - Carreiras Jur\u00eddicas","url":"https:\/\/cj.estrategia.com\/portal\/","logo":{"@type":"ImageObject","inLanguage":"pt-BR","@id":"https:\/\/cj.estrategia.com\/portal\/#\/schema\/logo\/image\/","url":"https:\/\/cj.estrategia.com\/portal\/wp-content\/uploads\/2022\/03\/11151052\/cj-logo.png","contentUrl":"https:\/\/cj.estrategia.com\/portal\/wp-content\/uploads\/2022\/03\/11151052\/cj-logo.png","width":150,"height":39,"caption":"Estrat\u00e9gia - Carreiras Jur\u00eddicas"},"image":{"@id":"https:\/\/cj.estrategia.com\/portal\/#\/schema\/logo\/image\/"},"sameAs":["https:\/\/www.facebook.com\/estrategiacarreirajuridica\/","https:\/\/x.com\/EstratJuridica","https:\/\/www.instagram.com\/estrategiacarreirajuridica\/","https:\/\/www.youtube.com\/channel\/UClbMGuYbj2Mh1m3w144ETWQ"]},{"@type":"Person","@id":"https:\/\/cj.estrategia.com\/portal\/#\/schema\/person\/4d70317d31449932b99102916b6637f5","name":"Coordena\u00e7\u00e3o","image":{"@type":"ImageObject","inLanguage":"pt-BR","@id":"https:\/\/cj.estrategia.com\/portal\/wp-content\/uploads\/2022\/05\/12164923\/estrategia-carreira-juridica-coordenacao-96x96.png","url":"https:\/\/cj.estrategia.com\/portal\/wp-content\/uploads\/2022\/05\/12164923\/estrategia-carreira-juridica-coordenacao-96x96.png","contentUrl":"https:\/\/cj.estrategia.com\/portal\/wp-content\/uploads\/2022\/05\/12164923\/estrategia-carreira-juridica-coordenacao-96x96.png","caption":"Coordena\u00e7\u00e3o"},"url":"https:\/\/cj.estrategia.com\/portal\/author\/coordenacao\/"}]}},"jetpack_featured_media_url":"https:\/\/cj.estrategia.com\/portal\/wp-content\/uploads\/2026\/01\/04105643\/procurador.jpg","jetpack_sharing_enabled":true,"_links":{"self":[{"href":"https:\/\/cj.estrategia.com\/portal\/wp-json\/wp\/v2\/posts\/77552","targetHints":{"allow":["GET"]}}],"collection":[{"href":"https:\/\/cj.estrategia.com\/portal\/wp-json\/wp\/v2\/posts"}],"about":[{"href":"https:\/\/cj.estrategia.com\/portal\/wp-json\/wp\/v2\/types\/post"}],"author":[{"embeddable":true,"href":"https:\/\/cj.estrategia.com\/portal\/wp-json\/wp\/v2\/users\/12"}],"replies":[{"embeddable":true,"href":"https:\/\/cj.estrategia.com\/portal\/wp-json\/wp\/v2\/comments?post=77552"}],"version-history":[{"count":58,"href":"https:\/\/cj.estrategia.com\/portal\/wp-json\/wp\/v2\/posts\/77552\/revisions"}],"predecessor-version":[{"id":178500,"href":"https:\/\/cj.estrategia.com\/portal\/wp-json\/wp\/v2\/posts\/77552\/revisions\/178500"}],"wp:featuredmedia":[{"embeddable":true,"href":"https:\/\/cj.estrategia.com\/portal\/wp-json\/wp\/v2\/media\/177715"}],"wp:attachment":[{"href":"https:\/\/cj.estrategia.com\/portal\/wp-json\/wp\/v2\/media?parent=77552"}],"wp:term":[{"taxonomy":"category","embeddable":true,"href":"https:\/\/cj.estrategia.com\/portal\/wp-json\/wp\/v2\/categories?post=77552"},{"taxonomy":"post_tag","embeddable":true,"href":"https:\/\/cj.estrategia.com\/portal\/wp-json\/wp\/v2\/tags?post=77552"},{"taxonomy":"tax_estado","embeddable":true,"href":"https:\/\/cj.estrategia.com\/portal\/wp-json\/wp\/v2\/tax_estado?post=77552"}],"curies":[{"name":"wp","href":"https:\/\/api.w.org\/{rel}","templated":true}]}}