{"id":77077,"date":"2024-09-25T21:43:08","date_gmt":"2024-09-26T00:43:08","guid":{"rendered":"https:\/\/cj.estrategia.com\/portal\/?p=77077"},"modified":"2024-09-25T23:57:24","modified_gmt":"2024-09-26T02:57:24","slug":"danos-causados-por-animais","status":"publish","type":"post","link":"https:\/\/cj.estrategia.com\/portal\/danos-causados-por-animais\/","title":{"rendered":"Danos causados por animais: Responsabiliza\u00e7\u00e3o civil do propriet\u00e1rio"},"content":{"rendered":"\n<p><em>Entenda a responsabilidade civil do propriet\u00e1rio pelos danos causados por seus animais, com base na legisla\u00e7\u00e3o e jurisprud\u00eancia vigente.<\/em><\/p>\n\n\n\n<p><\/p>\n\n\n\n<figure class=\"wp-block-image size-large\"><img decoding=\"async\" width=\"1024\" height=\"585\" src=\"https:\/\/cj.estrategia.com\/portal\/wp-content\/uploads\/2024\/09\/25213933\/16cf933c-756e-4fc7-a711-98ec36e4a603-1024x585.webp\" alt=\"danos causados por animais\" class=\"wp-image-77162\" srcset=\"https:\/\/cj.estrategia.com\/portal\/wp-content\/uploads\/2024\/09\/25213933\/16cf933c-756e-4fc7-a711-98ec36e4a603-1024x585.webp 1024w, https:\/\/cj.estrategia.com\/portal\/wp-content\/uploads\/2024\/09\/25213933\/16cf933c-756e-4fc7-a711-98ec36e4a603-300x171.webp 300w, https:\/\/cj.estrategia.com\/portal\/wp-content\/uploads\/2024\/09\/25213933\/16cf933c-756e-4fc7-a711-98ec36e4a603-768x439.webp 768w, https:\/\/cj.estrategia.com\/portal\/wp-content\/uploads\/2024\/09\/25213933\/16cf933c-756e-4fc7-a711-98ec36e4a603-1536x878.webp 1536w, https:\/\/cj.estrategia.com\/portal\/wp-content\/uploads\/2024\/09\/25213933\/16cf933c-756e-4fc7-a711-98ec36e4a603-380x217.webp 380w, https:\/\/cj.estrategia.com\/portal\/wp-content\/uploads\/2024\/09\/25213933\/16cf933c-756e-4fc7-a711-98ec36e4a603-800x457.webp 800w, https:\/\/cj.estrategia.com\/portal\/wp-content\/uploads\/2024\/09\/25213933\/16cf933c-756e-4fc7-a711-98ec36e4a603-1160x663.webp 1160w, https:\/\/cj.estrategia.com\/portal\/wp-content\/uploads\/2024\/09\/25213933\/16cf933c-756e-4fc7-a711-98ec36e4a603-150x86.webp 150w, https:\/\/cj.estrategia.com\/portal\/wp-content\/uploads\/2024\/09\/25213933\/16cf933c-756e-4fc7-a711-98ec36e4a603.webp 1792w\" sizes=\"(max-width: 1024px) 100vw, 1024px\" \/><\/figure>\n\n\n\n<p><strong>* Thiago de Paula Leite \u00e9 procurador do Estado de S\u00e3o Paulo e professor de direito ambiental e agr\u00e1rio do Estrat\u00e9gia.<\/strong><\/p>\n\n\n\n<p>A 1\u00aa turma Recursal dos Juizados Especiais do Distrito Federal confirmou a condena\u00e7\u00e3o de uma mulher ao pagamento de indeniza\u00e7\u00e3o por danos materiais e morais, em raz\u00e3o do ataque de seu gato a um cachorro de pequeno porte (ra\u00e7a <em>poodle<\/em>), em via p\u00fablica (Processo n\u00ba 0760699-90.2023.8.07.0016).<\/p>\n\n\n\n<h2 class=\"wp-block-heading\" id=\"h-entenda-o-caso\" style=\"font-style:normal;font-weight:400\"><span id=\"entenda-o-caso\"><strong>Entenda o caso<\/strong><\/span><\/h2>\n\n\n\n<div class=\"wp-block-group is-style-cnvs-block-shadow has-background\" style=\"background-color:#cf2d2d1a\"><div class=\"wp-block-group__inner-container is-layout-constrained wp-block-group-is-layout-constrained\">\n<p>A filha da r\u00e9 passeava na cal\u00e7ada com o gato no colo e, em determinado momento, colocou o animal no ch\u00e3o. Foi a\u00ed que a tutora do cachorro se aproximou com seu animal de estima\u00e7\u00e3o, momento no qual <strong><mark style=\"background-color:rgba(0, 0, 0, 0)\" class=\"has-inline-color has-vivid-red-color\">o gato atacou o pequeno cachorro<\/mark>. <mark style=\"background-color:rgba(0, 0, 0, 0)\" class=\"has-inline-color has-vivid-red-color\">A dona do c\u00e3o tentou proteger seu pet, e acabou sofrendo ferimentos.&nbsp;<\/mark><\/strong><\/p>\n\n\n\n<p>A dona do gato alegou que n\u00e3o havia adotado o animal e que o fato de sua filha o ter levado para casa por algumas horas n\u00e3o configurava ado\u00e7\u00e3o ou consentimento para cri\u00e1-lo, ou seja, aduziu que o animal \u00e9 de rua e n\u00e3o pertence \u00e0 fam\u00edlia.<\/p>\n\n\n\n<p>Argumentou, ainda, que n\u00e3o havia provas de que a dona do cachorro tivesse sofrido les\u00e3o grave ou sofrimento que justificasse a indeniza\u00e7\u00e3o por danos morais. Subsidiariamente, solicitou a redu\u00e7\u00e3o do valor da indeniza\u00e7\u00e3o.<\/p>\n<\/div><\/div>\n\n\n\n<h3 class=\"wp-block-heading\" id=\"h-decisao-judicial\" style=\"font-style:normal;font-weight:400\"><span id=\"decisao-judicial\"><strong>Decis\u00e3o Judicial<\/strong><\/span><\/h3>\n\n\n\n<p>A Turma Julgadora, ao analisar o caso, verificou que as provas demonstravam que a filha da r\u00e9 passeava na cal\u00e7ada com o gato no colo, <strong><mark style=\"background-color:rgba(0, 0, 0, 0)\" class=\"has-inline-color has-vivid-red-color\">sem coleira<\/mark><\/strong>, e, em determinado momento, colocou o animal no ch\u00e3o, e logo ap\u00f3s houve o ataque.&nbsp;<\/p>\n\n\n\n<p>O Judici\u00e1rio afastou a alega\u00e7\u00e3o de que o animal n\u00e3o pertencia \u00e0 r\u00e9:<\/p>\n\n\n\n<div class=\"wp-block-group is-style-cnvs-block-bg-light has-background\" style=\"background-color:#cf2d2d1a\"><div class=\"wp-block-group__inner-container is-layout-constrained wp-block-group-is-layout-constrained\">\n<p>\u201cN\u00e3o merece acolhida a tese da recorrente de que o gato n\u00e3o pertence a sua filha, porquanto, conforme comprovado nos autos ela era a respons\u00e1vel pelos cuidados veterin\u00e1rios do animal e inclusive o retirou da resid\u00eancia ap\u00f3s o ataque\u201d<\/p>\n<\/div><\/div>\n\n\n\n<p>A Turma ressaltou que: <\/p>\n\n\n\n<pre class=\"wp-block-preformatted\" style=\"font-style:normal;font-weight:300\">\u201c<em>restou comprovada a neglig\u00eancia da filha...em passear com o gato sem a coleira e o preju\u00edzo material causado pelo ataque do animal, cabe a recorrente indenizar a v\u00edtima pelos preju\u00edzos sofridos<\/em>\u201d. <\/pre>\n\n\n\n<p>E continuou:<\/p>\n\n\n\n<pre class=\"wp-block-preformatted\"><em>\u201cNo caso, observa-se que apesar de ambos os animais eram de pequeno porte (gato e poodle) e n\u00e3o tenha havido les\u00e3o ao cachorro da autora. A situa\u00e7\u00e3o descrita pela autora revela um sofrimento e constrangimento que v\u00e3o al\u00e9m de um simples aborrecimento, afetando diretamente sua esfera pessoal e ofendendo seus atributos de personalidade, justificando assim a necessidade de repara\u00e7\u00e3o por dano moral.\u201d<\/em><\/pre>\n\n\n\n<p>Portanto, o Colegiado considerou que a situa\u00e7\u00e3o vivenciada pela autora <strong>extrapolou o mero aborrecimento<\/strong>, afetando diretamente sua esfera pessoal. Diante disso, <strong>manteve a senten\u00e7a <\/strong>que condenou a r\u00e9 ao <strong>pagamento de indeniza\u00e7\u00e3o por danos materiais<\/strong>, <strong>no valor de R$ 118<\/strong>, e<strong> por danos morais, em R$ 2 mil.<\/strong><\/p>\n\n\n\n<h2 class=\"wp-block-heading\" id=\"h-analise-juridica-danos-causados-por-animais\" style=\"font-style:normal;font-weight:400\"><span id=\"analise-juridica-danos-causados-por-animais\"><strong>An\u00e1lise Jur\u00eddica &#8211; Danos causados por animais<\/strong><\/span><\/h2>\n\n\n\n<p>Neste caso, a grande quest\u00e3o a ser debatida \u00e9 a responsabilidade do dono de um animal que causa danos a outrem.<\/p>\n\n\n\n<h5 class=\"wp-block-heading\" id=\"h-o-que-diz-o-ordenamento-juridico\" style=\"font-style:normal;font-weight:400\"><span id=\"o-que-diz-o-ordenamento-juridico\"><strong>O que diz o ordenamento jur\u00eddico? <\/strong><\/span><\/h5>\n\n\n\n<p>O artigo 936 do c\u00f3digo civil atribui a responsabilidade civil ao dono ou detentor do animal por danos causados pelo bichinho:<\/p>\n\n\n\n<pre class=\"wp-block-preformatted\"><em>Art. 936. <\/em><strong><em>O dono, ou detentor, do animal ressarcir\u00e1 o dano por este causado, se n\u00e3o provar culpa da v\u00edtima ou for\u00e7a maior.<\/em><\/strong>\n(C\u00f3digo Civil) <\/pre>\n\n\n\n<p>Portanto, caso um animal ataque outro animal ou mesmo pessoas, e cause danos, mesmo que exclusivamente extrapatrimoniais, o seu dono (propriet\u00e1rio) ou detentor dever\u00e1 ser responsabilizado.<\/p>\n\n\n\n<figure class=\"wp-block-pullquote\" style=\"border-style:none;border-width:0px;border-radius:0px;font-style:normal;font-weight:400\"><blockquote><p><strong><em><mark style=\"background-color:rgba(0, 0, 0, 0)\" class=\"has-inline-color has-vivid-red-color\"><em><mark style=\"background-color:rgba(0, 0, 0, 0)\" class=\"has-inline-color has-vivid-red-color\">Essa responsabilidade do dono do animal \u00e9 do tipo objetiva, ou seja, n\u00e3o h\u00e1 necessidade de prova da culpa ou dolo, mas pode, em tese, ser afastada, caso se comprove hip\u00f3tese de caso fortuito, for\u00e7a maior ou culpa exclusiva da v\u00edtima<\/mark><\/em><\/mark><\/em><\/strong><\/p><\/blockquote><\/figure>\n\n\n\n<p>Nesse sentido, basta analisar a pr\u00f3pria ementa do julgado ora tratado (gato que atacou o <em>poodle<\/em>):<\/p>\n\n\n\n<pre class=\"wp-block-preformatted\"><em>JUIZADO ESPECIAL C\u00cdVEL. PROCESSO CIVIL. PRELIMINAR DE IMPUGNA\u00c7\u00c3O \u00c0 GRATUIDADE DE JUSTI\u00c7A REJEITADA. CIVIL. ATAQUE DE GATO A CACHORRO DE PEQUENO PORTE EM VIA P\u00daBLICA. RESPONSABILIDADE DO PROPRIET\u00c1RIO. <\/em><strong><mark style=\"background-color:rgba(0, 0, 0, 0)\" class=\"has-inline-color has-vivid-red-color\"><em>INEXIST\u00caNCIA DE FOR\u00c7A MAIOR OU CASO FORTUITO<\/em><\/mark><\/strong><em><mark style=\"background-color:rgba(0, 0, 0, 0)\" class=\"has-inline-color has-vivid-red-color\">.<\/mark> DANO MORAL CONFIGURADO. QUANTUM MANTIDO. RECURSO CONHECIDO E IMPROVIDO.<\/em><\/pre>\n\n\n\n<h2 class=\"wp-block-heading\" id=\"h-a-responsabilidade-objetiva-do-proprietario-de-animais\" style=\"font-style:normal;font-weight:400\"><span id=\"a-responsabilidade-objetiva-do-proprietario-de-animais\"><strong>A responsabilidade objetiva do propriet\u00e1rio de animais<\/strong><\/span><\/h2>\n\n\n\n<p>Como bem pontuado pela Jaqueline Santos Oliveira:<\/p>\n\n\n\n<div class=\"wp-block-group is-style-cnvs-block-bg-light has-background\" style=\"background-color:#cf2d2d1a\"><div class=\"wp-block-group__inner-container is-layout-constrained wp-block-group-is-layout-constrained\">\n<p>\u201cO novo C\u00f3digo Civil introduziu sens\u00edvel mudan\u00e7a, ao dispor: &#8220;Art. 936. O dono, ou detentor, do animal ressarcir\u00e1 o dano por este causado, se n\u00e3o prova culpa da v\u00edtima ou for\u00e7a maior.&#8221;(BRASIL, 2008). <strong>Ve-se que o C\u00f3digo Civil caminhou no sentido de facilitar a situa\u00e7\u00e3o da v\u00edtima, tornando a prova mais objetiva (VENOSA, 2006). Permaneceu, na nova reda\u00e7\u00e3o, a presun\u00e7\u00e3o de responsabilidade do dono ou detentor, mas caiu o n\u00famero de hip\u00f3teses previstas em lei como excludentes da responsabilidade. Apenas em duas situa\u00e7\u00f5es poder\u00e1 o respons\u00e1vel presumido ser eximido de suas responsabilidades: culpa da v\u00edtima ou for\u00e7a maior<\/strong> (ROSSO, 2007 &amp; SOARES, 2008).\u201d<\/p>\n<\/div><\/div>\n\n\n\n<p>Importante pontuar que a responsabilidade civil consiste no dever de reparar os danos sofridos por algu\u00e9m em caso de a\u00e7\u00e3o ou omiss\u00e3o que viole uma norma jur\u00eddica legal ou contratual. <\/p>\n\n\n\n<p>\u00c9 o que prev\u00ea os artigos 186 e 927, ambos do C\u00f3digo Civil de 2002:&nbsp;<\/p>\n\n\n\n<pre class=\"wp-block-preformatted\"><em>Art. 186. Aquele que, por a\u00e7\u00e3o ou omiss\u00e3o volunt\u00e1ria, neglig\u00eancia ou imprud\u00eancia, violar direito e causar dano a outrem, ainda que exclusivamente moral, comete ato il\u00edcito.&nbsp;<\/em>\n\n<em>Art. 927. Aquele que, por ato il\u00edcito (arts. 186 e 187), causar dano a outrem, fica obrigado a repar\u00e1-lo.&nbsp;<\/em>\n\n(<em>C\u00f3digo Civil<\/em>)\n<\/pre>\n\n\n\n<p>O que a doutrina e os tribunais t\u00eam admitido \u00e9 a responsabiliza\u00e7\u00e3o do dono do animal pelos danos causados pelo bichinho, e isso se d\u00e1 porque a obriga\u00e7\u00e3o de quem possui animal \u00e9 mant\u00ea-lo e guard\u00e1-lo de forma que n\u00e3o possa causar preju\u00edzos a outrem.<\/p>\n\n\n\n<p>Por outro lado, caso haja algum tipo de preju\u00edzo causado pelo animal, <strong>presume-se que houve falha na vigil\u00e2ncia, decorrente de neglig\u00eancia na sua guarda, atraindo a responsabiliza\u00e7\u00e3o.<\/strong><\/p>\n\n\n\n<p>Assim, tamb\u00e9m n\u00e3o podemos deixar de pontuar a quest\u00e3o da natureza jur\u00eddica dos animais de estima\u00e7\u00e3o.<\/p>\n\n\n\n<h2 class=\"wp-block-heading\" id=\"h-natureza-juridica-dos-animais-de-estimacao\" style=\"font-style:normal;font-weight:400\"><span id=\"natureza-juridica-dos-animais-de-estimacao\"><strong>Natureza jur\u00eddica dos animais de estima\u00e7\u00e3o<\/strong><\/span><\/h2>\n\n\n\n<p>Nas \u00faltimas d\u00e9cadas, prevaleceu a <strong>corrente cl\u00e1ssica<\/strong> de que os animais de estima\u00e7\u00e3o possu\u00edam natureza jur\u00eddica de <strong>coisa<\/strong>, sendo um <strong>bem m\u00f3vel (semovente)<\/strong>. E, portanto, seriam simplesmente objetos de direitos, e n\u00e3o sujeitos de direito.&nbsp;<\/p>\n\n\n\n<p>No entanto, existe uma <strong>corrente moderna<\/strong>, na qual os animais s\u00e3o considerados <strong>sujeitos de direito<\/strong>. Algumas decis\u00f5es judiciais j\u00e1 adotam essa vis\u00e3o, permitindo que animais sejam autores de a\u00e7\u00f5es judiciais, apesar de n\u00e3o serem decis\u00f5es majorit\u00e1rias.<\/p>\n\n\n\n<p>Mas o <strong>Superior Tribunal de Justi\u00e7a<\/strong> tem caminhado para adotar uma <strong>corrente intermedi\u00e1ria<\/strong>, pela qual os animais de estima\u00e7\u00e3o seriam um &#8220;<strong><em>terceiro g\u00eanero<\/em><\/strong>&#8220;, ou seja, os animais seriam seres dotados de sensibilidade (<strong>seres sencientes<\/strong>).<\/p>\n\n\n\n<div class=\"wp-block-media-text\" style=\"grid-template-columns:15% auto\"><figure class=\"wp-block-media-text__media\"><img decoding=\"async\" width=\"484\" height=\"410\" src=\"https:\/\/cj.estrategia.com\/portal\/wp-content\/uploads\/2024\/09\/25210246\/484-410-max.png\" alt=\"\" class=\"wp-image-77120 size-full\" srcset=\"https:\/\/cj.estrategia.com\/portal\/wp-content\/uploads\/2024\/09\/25210246\/484-410-max.png 484w, https:\/\/cj.estrategia.com\/portal\/wp-content\/uploads\/2024\/09\/25210246\/484-410-max-300x254.png 300w, https:\/\/cj.estrategia.com\/portal\/wp-content\/uploads\/2024\/09\/25210246\/484-410-max-380x322.png 380w, https:\/\/cj.estrategia.com\/portal\/wp-content\/uploads\/2024\/09\/25210246\/484-410-max-150x127.png 150w\" sizes=\"(max-width: 484px) 100vw, 484px\" \/><\/figure><div class=\"wp-block-media-text__content\">\n<p><strong><em><mark style=\"background-color:rgba(0, 0, 0, 0)\" class=\"has-inline-color has-vivid-red-color\">Seres sencientes s\u00e3o seres que possuem a capacidade de sentir e perceber o mundo ao seu redor. Isso inclui a habilidade de experimentar emo\u00e7\u00f5es como dor, prazer, alegria e sofrimento.<\/mark>&nbsp;<\/em><\/strong><\/p>\n<\/div><\/div>\n\n\n\n<p>Acompanhe trecho do REsp 1.944.228:<\/p>\n\n\n\n<pre class=\"wp-block-preformatted\"><em>2.1 A rela\u00e7\u00e3o entre o dono e o seu animal de estima\u00e7\u00e3o encontra-se inserida no direito de propriedade e no direito das coisas, com o correspondente reflexo nas normas que definem o regime de bens (no caso, o da uni\u00e3o est\u00e1vel). <\/em><strong><em>A aplica\u00e7\u00e3o de tais regramentos, contudo, submete-se a um filtro de compatibilidade de seus termos com a natureza particular dos animais de estima\u00e7\u00e3o, seres que s\u00e3o dotados de sensibilidade, com \u00eanfase na prote\u00e7\u00e3o do afeto humano para com os animais<\/em><\/strong><em>.<\/em><\/pre>\n\n\n\n<p>O ministro relator para o ac\u00f3rd\u00e3o, Marco Aur\u00e9lio Bellizze, chama aten\u00e7\u00e3o para o fato de que \u201c<em>Eventual impasse entre os companheiros sobre quem deve ficar com o animal de estima\u00e7\u00e3o, adquirido durante a uni\u00e3o est\u00e1vel, por evidente, <\/em><strong><em>n\u00e3o poderia ser resolvido, simplesmente, por meio da determina\u00e7\u00e3o da venda dos pets e posterior partilha, entre eles, da quantia levantada, como se d\u00e1 usualmente com outros bens m\u00f3veis, j\u00e1 que, como assentado, <mark style=\"background-color:rgba(0, 0, 0, 0)\" class=\"has-inline-color has-vivid-cyan-blue-color\">n\u00e3o se pode ignorar o afeto humano para com os animais de estima\u00e7\u00e3o, tampouco a sua natureza de ser dotado de sensibilidade<\/mark><\/em><\/strong>\u201d.<\/p>\n\n\n\n<h2 class=\"wp-block-heading\" id=\"h-conclusao-danos-causados-por-animais\" style=\"font-style:normal;font-weight:400\"><span id=\"conclusao-danos-causados-por-animais\"><strong>Conclus\u00e3o &#8211; Danos causados por animais<\/strong><\/span><\/h2>\n\n\n\n<p>Enfim, podemos cravar com seguran\u00e7a que a responsabiliza\u00e7\u00e3o por danos causados por animais deve recair sobre seu dono\/detentor, conforme artigo 936 do c\u00f3digo civil e jurisprud\u00eancia dos Tribunais Superiores.<\/p>\n\n\n\n<p>\u00d3timo tema para provas de direito civil e processo civil.<\/p>\n\n\n\n<div class=\"wp-block-group is-style-cnvs-block-single-border\"><div class=\"wp-block-group__inner-container is-layout-constrained wp-block-group-is-layout-constrained\">\n<p style=\"font-size:24px\"><strong>Refer\u00eancias:<\/strong><\/p>\n\n\n\n<ul class=\"is-style-cnvs-list-styled wp-block-list\">\n<li>C\u00f3digo Civil<\/li>\n\n\n\n<li><a href=\"https:\/\/www.jusbrasil.com.br\/artigos\/responsabilidade-civil-danos-causados-por-animais\/349799424\">https:\/\/www.jusbrasil.com.br\/artigos\/responsabilidade-civil-danos-causados-por-animais\/349799424<\/a><\/li>\n<\/ul>\n<\/div><\/div>\n\n\n\n<ul class=\"wp-block-list\"><\/ul>\n\n\n\n<p class=\"has-text-align-center\" style=\"font-size:24px;font-style:normal;font-weight:400\"><strong>Quer saber quais ser\u00e3o os pr\u00f3ximos concursos?<\/strong><\/p>\n\n\n\n<p class=\"has-text-align-center\">Confira nossos&nbsp;<a href=\"https:\/\/cj.estrategia.com\/portal\/\" target=\"_blank\" >artigos para Carreiras Jur\u00eddicas<\/a>!<\/p>\n\n\n\n<p class=\"has-text-align-center has-white-color has-pale-cyan-blue-background-color has-text-color has-background has-link-color wp-elements-f3d5123bb0c8e11604d0c8c7f1ea8be8\"><a href=\"https:\/\/www.estrategiaconcursos.com.br\/blog\/concursos-abertos\/\" target=\"_blank\" >Confira os concursos p\u00fablicos abertos<\/a><\/p>\n\n\n\n<p class=\"has-text-align-center has-white-color has-pale-cyan-blue-background-color has-text-color has-background has-link-color wp-elements-94f2aad2f2b05ea3152ac5320a17d121\"><a href=\"https:\/\/cj.estrategia.com\/portal\/web-stories\/\" target=\"_blank\" >Concursos 2024<\/a><\/p>\n","protected":false},"excerpt":{"rendered":"Entenda a responsabilidade civil do propriet\u00e1rio pelos danos causados por seus animais, com base na legisla\u00e7\u00e3o e jurisprud\u00eancia&hellip;\n","protected":false},"author":81,"featured_media":77162,"comment_status":"open","ping_status":"open","sticky":false,"template":"","format":"standard","meta":{"_jetpack_memberships_contains_paid_content":false,"footnotes":""},"categories":[1],"tags":[336,929,164,989,449,385,1039],"tax_estado":[30,31,32,33,34,35,36,37,38,39,40,41,42,43,44,45,46,47,48,49,50,51,52,53,54,55,56,57],"class_list":{"0":"post-77077","1":"post","2":"type-post","3":"status-publish","4":"format-standard","5":"has-post-thumbnail","7":"category-carreiras-juridicas","8":"tag-analise-juridica","9":"tag-animais-de-estimacao","10":"tag-codigo-civil","11":"tag-danos-materiais","12":"tag-danos-morais","13":"tag-responsabilidade-objetiva","14":"tag-responsabilizacao-civil","15":"tax_estado-ac","16":"tax_estado-al","17":"tax_estado-am","18":"tax_estado-ap","19":"tax_estado-ba","20":"tax_estado-ce","21":"tax_estado-concursos-federais","22":"tax_estado-df","23":"tax_estado-es","24":"tax_estado-go","25":"tax_estado-ma","26":"tax_estado-mg","27":"tax_estado-ms","28":"tax_estado-mt","29":"tax_estado-pa","30":"tax_estado-pb","31":"tax_estado-pe","32":"tax_estado-pi","33":"tax_estado-pr","34":"tax_estado-rj","35":"tax_estado-rn","36":"tax_estado-ro","37":"tax_estado-rr","38":"tax_estado-rs","39":"tax_estado-sc","40":"tax_estado-se","41":"tax_estado-sp","42":"tax_estado-to"},"acf":[],"yoast_head":"<!-- This site is optimized with the Yoast SEO Premium plugin v27.4 (Yoast SEO v27.4) - https:\/\/yoast.com\/product\/yoast-seo-premium-wordpress\/ -->\n<title>Danos causados por animais: Responsabiliza\u00e7\u00e3o Civil<\/title>\n<meta name=\"description\" content=\"Entenda a responsabilidade civil do propriet\u00e1rio pelos danos causados por seus animais, com base na legisla\u00e7\u00e3o e jurisprud\u00eancia vigente.\" \/>\n<meta name=\"robots\" content=\"index, follow, max-snippet:-1, max-image-preview:large, max-video-preview:-1\" \/>\n<link rel=\"canonical\" href=\"https:\/\/cj.estrategia.com\/portal\/danos-causados-por-animais\/\" \/>\n<meta property=\"og:locale\" content=\"pt_BR\" \/>\n<meta property=\"og:type\" content=\"article\" \/>\n<meta property=\"og:title\" content=\"Danos causados por animais: Responsabiliza\u00e7\u00e3o civil do propriet\u00e1rio\" \/>\n<meta property=\"og:description\" content=\"Entenda a responsabilidade civil do propriet\u00e1rio pelos danos causados por seus animais, com base na legisla\u00e7\u00e3o e jurisprud\u00eancia vigente.\" \/>\n<meta property=\"og:url\" content=\"https:\/\/cj.estrategia.com\/portal\/danos-causados-por-animais\/\" \/>\n<meta property=\"og:site_name\" content=\"Blog - Carreiras Jur\u00eddicas - Estrat\u00e9gia\" \/>\n<meta property=\"article:publisher\" content=\"https:\/\/www.facebook.com\/estrategiacarreirajuridica\/\" \/>\n<meta property=\"article:published_time\" content=\"2024-09-26T00:43:08+00:00\" \/>\n<meta property=\"article:modified_time\" content=\"2024-09-26T02:57:24+00:00\" \/>\n<meta property=\"og:image\" content=\"https:\/\/cj.estrategia.com\/portal\/wp-content\/uploads\/2024\/09\/25213933\/16cf933c-756e-4fc7-a711-98ec36e4a603.webp\" \/>\n\t<meta property=\"og:image:width\" content=\"1792\" \/>\n\t<meta property=\"og:image:height\" content=\"1024\" \/>\n\t<meta property=\"og:image:type\" content=\"image\/webp\" \/>\n<meta name=\"author\" content=\"Thiago Leite\" \/>\n<meta name=\"twitter:card\" content=\"summary_large_image\" \/>\n<meta name=\"twitter:creator\" content=\"@EstratJuridica\" \/>\n<meta name=\"twitter:site\" content=\"@EstratJuridica\" \/>\n<meta name=\"twitter:label1\" content=\"Escrito por\" \/>\n\t<meta name=\"twitter:data1\" content=\"Thiago Leite\" \/>\n\t<meta name=\"twitter:label2\" content=\"Est. tempo de leitura\" \/>\n\t<meta name=\"twitter:data2\" content=\"7 minutos\" \/>\n<script type=\"application\/ld+json\" class=\"yoast-schema-graph\">{\"@context\":\"https:\\\/\\\/schema.org\",\"@graph\":[{\"@type\":\"NewsArticle\",\"@id\":\"https:\\\/\\\/cj.estrategia.com\\\/portal\\\/danos-causados-por-animais\\\/#article\",\"isPartOf\":{\"@id\":\"https:\\\/\\\/cj.estrategia.com\\\/portal\\\/danos-causados-por-animais\\\/\"},\"author\":{\"name\":\"Thiago Leite\",\"@id\":\"https:\\\/\\\/cj.estrategia.com\\\/portal\\\/#\\\/schema\\\/person\\\/7d7d2b1c8386e2eeacc0b09cfbc1d0ff\"},\"headline\":\"Danos causados por animais: Responsabiliza\u00e7\u00e3o civil do propriet\u00e1rio\",\"datePublished\":\"2024-09-26T00:43:08+00:00\",\"dateModified\":\"2024-09-26T02:57:24+00:00\",\"mainEntityOfPage\":{\"@id\":\"https:\\\/\\\/cj.estrategia.com\\\/portal\\\/danos-causados-por-animais\\\/\"},\"wordCount\":1206,\"commentCount\":0,\"publisher\":{\"@id\":\"https:\\\/\\\/cj.estrategia.com\\\/portal\\\/#organization\"},\"image\":{\"@id\":\"https:\\\/\\\/cj.estrategia.com\\\/portal\\\/danos-causados-por-animais\\\/#primaryimage\"},\"thumbnailUrl\":\"https:\\\/\\\/cj.estrategia.com\\\/portal\\\/wp-content\\\/uploads\\\/2024\\\/09\\\/25213933\\\/16cf933c-756e-4fc7-a711-98ec36e4a603.webp\",\"keywords\":[\"an\u00e1lise jur\u00eddica\",\"animais de estima\u00e7\u00e3o\",\"c\u00f3digo civil\",\"danos materiais\",\"danos morais\",\"responsabilidade objetiva\",\"responsabiliza\u00e7\u00e3o civil\"],\"articleSection\":[\"Carreiras Jur\u00eddicas\"],\"inLanguage\":\"pt-BR\",\"potentialAction\":[{\"@type\":\"CommentAction\",\"name\":\"Comment\",\"target\":[\"https:\\\/\\\/cj.estrategia.com\\\/portal\\\/danos-causados-por-animais\\\/#respond\"]}]},{\"@type\":\"WebPage\",\"@id\":\"https:\\\/\\\/cj.estrategia.com\\\/portal\\\/danos-causados-por-animais\\\/\",\"url\":\"https:\\\/\\\/cj.estrategia.com\\\/portal\\\/danos-causados-por-animais\\\/\",\"name\":\"Danos causados por animais: Responsabiliza\u00e7\u00e3o Civil\",\"isPartOf\":{\"@id\":\"https:\\\/\\\/cj.estrategia.com\\\/portal\\\/#website\"},\"primaryImageOfPage\":{\"@id\":\"https:\\\/\\\/cj.estrategia.com\\\/portal\\\/danos-causados-por-animais\\\/#primaryimage\"},\"image\":{\"@id\":\"https:\\\/\\\/cj.estrategia.com\\\/portal\\\/danos-causados-por-animais\\\/#primaryimage\"},\"thumbnailUrl\":\"https:\\\/\\\/cj.estrategia.com\\\/portal\\\/wp-content\\\/uploads\\\/2024\\\/09\\\/25213933\\\/16cf933c-756e-4fc7-a711-98ec36e4a603.webp\",\"datePublished\":\"2024-09-26T00:43:08+00:00\",\"dateModified\":\"2024-09-26T02:57:24+00:00\",\"description\":\"Entenda a responsabilidade civil do propriet\u00e1rio pelos danos causados por seus animais, com base na legisla\u00e7\u00e3o e jurisprud\u00eancia vigente.\",\"breadcrumb\":{\"@id\":\"https:\\\/\\\/cj.estrategia.com\\\/portal\\\/danos-causados-por-animais\\\/#breadcrumb\"},\"inLanguage\":\"pt-BR\",\"potentialAction\":[{\"@type\":\"ReadAction\",\"target\":[\"https:\\\/\\\/cj.estrategia.com\\\/portal\\\/danos-causados-por-animais\\\/\"]}]},{\"@type\":\"ImageObject\",\"inLanguage\":\"pt-BR\",\"@id\":\"https:\\\/\\\/cj.estrategia.com\\\/portal\\\/danos-causados-por-animais\\\/#primaryimage\",\"url\":\"https:\\\/\\\/cj.estrategia.com\\\/portal\\\/wp-content\\\/uploads\\\/2024\\\/09\\\/25213933\\\/16cf933c-756e-4fc7-a711-98ec36e4a603.webp\",\"contentUrl\":\"https:\\\/\\\/cj.estrategia.com\\\/portal\\\/wp-content\\\/uploads\\\/2024\\\/09\\\/25213933\\\/16cf933c-756e-4fc7-a711-98ec36e4a603.webp\",\"width\":1792,\"height\":1024},{\"@type\":\"BreadcrumbList\",\"@id\":\"https:\\\/\\\/cj.estrategia.com\\\/portal\\\/danos-causados-por-animais\\\/#breadcrumb\",\"itemListElement\":[{\"@type\":\"ListItem\",\"position\":1,\"name\":\"In\u00edcio\",\"item\":\"https:\\\/\\\/cj.estrategia.com\\\/portal\\\/\"},{\"@type\":\"ListItem\",\"position\":2,\"name\":\"Danos causados por animais: Responsabiliza\u00e7\u00e3o civil do propriet\u00e1rio\"}]},{\"@type\":\"WebSite\",\"@id\":\"https:\\\/\\\/cj.estrategia.com\\\/portal\\\/#website\",\"url\":\"https:\\\/\\\/cj.estrategia.com\\\/portal\\\/\",\"name\":\"Blog - Carreiras Jur\u00eddicas - Estrat\u00e9gia\",\"description\":\"\",\"publisher\":{\"@id\":\"https:\\\/\\\/cj.estrategia.com\\\/portal\\\/#organization\"},\"potentialAction\":[{\"@type\":\"SearchAction\",\"target\":{\"@type\":\"EntryPoint\",\"urlTemplate\":\"https:\\\/\\\/cj.estrategia.com\\\/portal\\\/?s={search_term_string}\"},\"query-input\":{\"@type\":\"PropertyValueSpecification\",\"valueRequired\":true,\"valueName\":\"search_term_string\"}}],\"inLanguage\":\"pt-BR\"},{\"@type\":\"Organization\",\"@id\":\"https:\\\/\\\/cj.estrategia.com\\\/portal\\\/#organization\",\"name\":\"Estrat\u00e9gia - Carreiras Jur\u00eddicas\",\"url\":\"https:\\\/\\\/cj.estrategia.com\\\/portal\\\/\",\"logo\":{\"@type\":\"ImageObject\",\"inLanguage\":\"pt-BR\",\"@id\":\"https:\\\/\\\/cj.estrategia.com\\\/portal\\\/#\\\/schema\\\/logo\\\/image\\\/\",\"url\":\"https:\\\/\\\/cj.estrategia.com\\\/portal\\\/wp-content\\\/uploads\\\/2022\\\/03\\\/11151052\\\/cj-logo.png\",\"contentUrl\":\"https:\\\/\\\/cj.estrategia.com\\\/portal\\\/wp-content\\\/uploads\\\/2022\\\/03\\\/11151052\\\/cj-logo.png\",\"width\":150,\"height\":39,\"caption\":\"Estrat\u00e9gia - Carreiras Jur\u00eddicas\"},\"image\":{\"@id\":\"https:\\\/\\\/cj.estrategia.com\\\/portal\\\/#\\\/schema\\\/logo\\\/image\\\/\"},\"sameAs\":[\"https:\\\/\\\/www.facebook.com\\\/estrategiacarreirajuridica\\\/\",\"https:\\\/\\\/x.com\\\/EstratJuridica\",\"https:\\\/\\\/www.instagram.com\\\/estrategiacarreirajuridica\\\/\",\"https:\\\/\\\/www.youtube.com\\\/channel\\\/UClbMGuYbj2Mh1m3w144ETWQ\"]},{\"@type\":\"Person\",\"@id\":\"https:\\\/\\\/cj.estrategia.com\\\/portal\\\/#\\\/schema\\\/person\\\/7d7d2b1c8386e2eeacc0b09cfbc1d0ff\",\"name\":\"Thiago Leite\",\"image\":{\"@type\":\"ImageObject\",\"inLanguage\":\"pt-BR\",\"@id\":\"https:\\\/\\\/secure.gravatar.com\\\/avatar\\\/15ff5746ff9e313f1248fe2373ce03309054e96387bb9249055458d0c1aaa297?s=96&d=mm&r=g\",\"url\":\"https:\\\/\\\/secure.gravatar.com\\\/avatar\\\/15ff5746ff9e313f1248fe2373ce03309054e96387bb9249055458d0c1aaa297?s=96&d=mm&r=g\",\"contentUrl\":\"https:\\\/\\\/secure.gravatar.com\\\/avatar\\\/15ff5746ff9e313f1248fe2373ce03309054e96387bb9249055458d0c1aaa297?s=96&d=mm&r=g\",\"caption\":\"Thiago Leite\"},\"description\":\"Thiago de Paula Leite \u00e9 procurador do Estado de S\u00e3o Paulo e professor de direito ambiental e agr\u00e1rio do Estrat\u00e9gia.\",\"url\":\"https:\\\/\\\/cj.estrategia.com\\\/portal\\\/author\\\/thiago-leite\\\/\"}]}<\/script>\n<!-- \/ Yoast SEO Premium plugin. -->","yoast_head_json":{"title":"Danos causados por animais: Responsabiliza\u00e7\u00e3o Civil","description":"Entenda a responsabilidade civil do propriet\u00e1rio pelos danos causados por seus animais, com base na legisla\u00e7\u00e3o e jurisprud\u00eancia vigente.","robots":{"index":"index","follow":"follow","max-snippet":"max-snippet:-1","max-image-preview":"max-image-preview:large","max-video-preview":"max-video-preview:-1"},"canonical":"https:\/\/cj.estrategia.com\/portal\/danos-causados-por-animais\/","og_locale":"pt_BR","og_type":"article","og_title":"Danos causados por animais: Responsabiliza\u00e7\u00e3o civil do propriet\u00e1rio","og_description":"Entenda a responsabilidade civil do propriet\u00e1rio pelos danos causados por seus animais, com base na legisla\u00e7\u00e3o e jurisprud\u00eancia vigente.","og_url":"https:\/\/cj.estrategia.com\/portal\/danos-causados-por-animais\/","og_site_name":"Blog - Carreiras Jur\u00eddicas - Estrat\u00e9gia","article_publisher":"https:\/\/www.facebook.com\/estrategiacarreirajuridica\/","article_published_time":"2024-09-26T00:43:08+00:00","article_modified_time":"2024-09-26T02:57:24+00:00","og_image":[{"width":1792,"height":1024,"url":"https:\/\/cj.estrategia.com\/portal\/wp-content\/uploads\/2024\/09\/25213933\/16cf933c-756e-4fc7-a711-98ec36e4a603.webp","type":"image\/webp"}],"author":"Thiago Leite","twitter_card":"summary_large_image","twitter_creator":"@EstratJuridica","twitter_site":"@EstratJuridica","twitter_misc":{"Escrito por":"Thiago Leite","Est. tempo de leitura":"7 minutos"},"schema":{"@context":"https:\/\/schema.org","@graph":[{"@type":"NewsArticle","@id":"https:\/\/cj.estrategia.com\/portal\/danos-causados-por-animais\/#article","isPartOf":{"@id":"https:\/\/cj.estrategia.com\/portal\/danos-causados-por-animais\/"},"author":{"name":"Thiago Leite","@id":"https:\/\/cj.estrategia.com\/portal\/#\/schema\/person\/7d7d2b1c8386e2eeacc0b09cfbc1d0ff"},"headline":"Danos causados por animais: Responsabiliza\u00e7\u00e3o civil do propriet\u00e1rio","datePublished":"2024-09-26T00:43:08+00:00","dateModified":"2024-09-26T02:57:24+00:00","mainEntityOfPage":{"@id":"https:\/\/cj.estrategia.com\/portal\/danos-causados-por-animais\/"},"wordCount":1206,"commentCount":0,"publisher":{"@id":"https:\/\/cj.estrategia.com\/portal\/#organization"},"image":{"@id":"https:\/\/cj.estrategia.com\/portal\/danos-causados-por-animais\/#primaryimage"},"thumbnailUrl":"https:\/\/cj.estrategia.com\/portal\/wp-content\/uploads\/2024\/09\/25213933\/16cf933c-756e-4fc7-a711-98ec36e4a603.webp","keywords":["an\u00e1lise jur\u00eddica","animais de estima\u00e7\u00e3o","c\u00f3digo civil","danos materiais","danos morais","responsabilidade objetiva","responsabiliza\u00e7\u00e3o civil"],"articleSection":["Carreiras Jur\u00eddicas"],"inLanguage":"pt-BR","potentialAction":[{"@type":"CommentAction","name":"Comment","target":["https:\/\/cj.estrategia.com\/portal\/danos-causados-por-animais\/#respond"]}]},{"@type":"WebPage","@id":"https:\/\/cj.estrategia.com\/portal\/danos-causados-por-animais\/","url":"https:\/\/cj.estrategia.com\/portal\/danos-causados-por-animais\/","name":"Danos causados por animais: Responsabiliza\u00e7\u00e3o Civil","isPartOf":{"@id":"https:\/\/cj.estrategia.com\/portal\/#website"},"primaryImageOfPage":{"@id":"https:\/\/cj.estrategia.com\/portal\/danos-causados-por-animais\/#primaryimage"},"image":{"@id":"https:\/\/cj.estrategia.com\/portal\/danos-causados-por-animais\/#primaryimage"},"thumbnailUrl":"https:\/\/cj.estrategia.com\/portal\/wp-content\/uploads\/2024\/09\/25213933\/16cf933c-756e-4fc7-a711-98ec36e4a603.webp","datePublished":"2024-09-26T00:43:08+00:00","dateModified":"2024-09-26T02:57:24+00:00","description":"Entenda a responsabilidade civil do propriet\u00e1rio pelos danos causados por seus animais, com base na legisla\u00e7\u00e3o e jurisprud\u00eancia vigente.","breadcrumb":{"@id":"https:\/\/cj.estrategia.com\/portal\/danos-causados-por-animais\/#breadcrumb"},"inLanguage":"pt-BR","potentialAction":[{"@type":"ReadAction","target":["https:\/\/cj.estrategia.com\/portal\/danos-causados-por-animais\/"]}]},{"@type":"ImageObject","inLanguage":"pt-BR","@id":"https:\/\/cj.estrategia.com\/portal\/danos-causados-por-animais\/#primaryimage","url":"https:\/\/cj.estrategia.com\/portal\/wp-content\/uploads\/2024\/09\/25213933\/16cf933c-756e-4fc7-a711-98ec36e4a603.webp","contentUrl":"https:\/\/cj.estrategia.com\/portal\/wp-content\/uploads\/2024\/09\/25213933\/16cf933c-756e-4fc7-a711-98ec36e4a603.webp","width":1792,"height":1024},{"@type":"BreadcrumbList","@id":"https:\/\/cj.estrategia.com\/portal\/danos-causados-por-animais\/#breadcrumb","itemListElement":[{"@type":"ListItem","position":1,"name":"In\u00edcio","item":"https:\/\/cj.estrategia.com\/portal\/"},{"@type":"ListItem","position":2,"name":"Danos causados por animais: Responsabiliza\u00e7\u00e3o civil do propriet\u00e1rio"}]},{"@type":"WebSite","@id":"https:\/\/cj.estrategia.com\/portal\/#website","url":"https:\/\/cj.estrategia.com\/portal\/","name":"Blog - Carreiras Jur\u00eddicas - Estrat\u00e9gia","description":"","publisher":{"@id":"https:\/\/cj.estrategia.com\/portal\/#organization"},"potentialAction":[{"@type":"SearchAction","target":{"@type":"EntryPoint","urlTemplate":"https:\/\/cj.estrategia.com\/portal\/?s={search_term_string}"},"query-input":{"@type":"PropertyValueSpecification","valueRequired":true,"valueName":"search_term_string"}}],"inLanguage":"pt-BR"},{"@type":"Organization","@id":"https:\/\/cj.estrategia.com\/portal\/#organization","name":"Estrat\u00e9gia - Carreiras Jur\u00eddicas","url":"https:\/\/cj.estrategia.com\/portal\/","logo":{"@type":"ImageObject","inLanguage":"pt-BR","@id":"https:\/\/cj.estrategia.com\/portal\/#\/schema\/logo\/image\/","url":"https:\/\/cj.estrategia.com\/portal\/wp-content\/uploads\/2022\/03\/11151052\/cj-logo.png","contentUrl":"https:\/\/cj.estrategia.com\/portal\/wp-content\/uploads\/2022\/03\/11151052\/cj-logo.png","width":150,"height":39,"caption":"Estrat\u00e9gia - Carreiras Jur\u00eddicas"},"image":{"@id":"https:\/\/cj.estrategia.com\/portal\/#\/schema\/logo\/image\/"},"sameAs":["https:\/\/www.facebook.com\/estrategiacarreirajuridica\/","https:\/\/x.com\/EstratJuridica","https:\/\/www.instagram.com\/estrategiacarreirajuridica\/","https:\/\/www.youtube.com\/channel\/UClbMGuYbj2Mh1m3w144ETWQ"]},{"@type":"Person","@id":"https:\/\/cj.estrategia.com\/portal\/#\/schema\/person\/7d7d2b1c8386e2eeacc0b09cfbc1d0ff","name":"Thiago Leite","image":{"@type":"ImageObject","inLanguage":"pt-BR","@id":"https:\/\/secure.gravatar.com\/avatar\/15ff5746ff9e313f1248fe2373ce03309054e96387bb9249055458d0c1aaa297?s=96&d=mm&r=g","url":"https:\/\/secure.gravatar.com\/avatar\/15ff5746ff9e313f1248fe2373ce03309054e96387bb9249055458d0c1aaa297?s=96&d=mm&r=g","contentUrl":"https:\/\/secure.gravatar.com\/avatar\/15ff5746ff9e313f1248fe2373ce03309054e96387bb9249055458d0c1aaa297?s=96&d=mm&r=g","caption":"Thiago Leite"},"description":"Thiago de Paula Leite \u00e9 procurador do Estado de S\u00e3o Paulo e professor de direito ambiental e agr\u00e1rio do Estrat\u00e9gia.","url":"https:\/\/cj.estrategia.com\/portal\/author\/thiago-leite\/"}]}},"jetpack_featured_media_url":"https:\/\/cj.estrategia.com\/portal\/wp-content\/uploads\/2024\/09\/25213933\/16cf933c-756e-4fc7-a711-98ec36e4a603.webp","jetpack_sharing_enabled":true,"_links":{"self":[{"href":"https:\/\/cj.estrategia.com\/portal\/wp-json\/wp\/v2\/posts\/77077","targetHints":{"allow":["GET"]}}],"collection":[{"href":"https:\/\/cj.estrategia.com\/portal\/wp-json\/wp\/v2\/posts"}],"about":[{"href":"https:\/\/cj.estrategia.com\/portal\/wp-json\/wp\/v2\/types\/post"}],"author":[{"embeddable":true,"href":"https:\/\/cj.estrategia.com\/portal\/wp-json\/wp\/v2\/users\/81"}],"replies":[{"embeddable":true,"href":"https:\/\/cj.estrategia.com\/portal\/wp-json\/wp\/v2\/comments?post=77077"}],"version-history":[{"count":66,"href":"https:\/\/cj.estrategia.com\/portal\/wp-json\/wp\/v2\/posts\/77077\/revisions"}],"predecessor-version":[{"id":78718,"href":"https:\/\/cj.estrategia.com\/portal\/wp-json\/wp\/v2\/posts\/77077\/revisions\/78718"}],"wp:featuredmedia":[{"embeddable":true,"href":"https:\/\/cj.estrategia.com\/portal\/wp-json\/wp\/v2\/media\/77162"}],"wp:attachment":[{"href":"https:\/\/cj.estrategia.com\/portal\/wp-json\/wp\/v2\/media?parent=77077"}],"wp:term":[{"taxonomy":"category","embeddable":true,"href":"https:\/\/cj.estrategia.com\/portal\/wp-json\/wp\/v2\/categories?post=77077"},{"taxonomy":"post_tag","embeddable":true,"href":"https:\/\/cj.estrategia.com\/portal\/wp-json\/wp\/v2\/tags?post=77077"},{"taxonomy":"tax_estado","embeddable":true,"href":"https:\/\/cj.estrategia.com\/portal\/wp-json\/wp\/v2\/tax_estado?post=77077"}],"curies":[{"name":"wp","href":"https:\/\/api.w.org\/{rel}","templated":true}]}}