{"id":76933,"date":"2024-09-24T10:18:47","date_gmt":"2024-09-24T13:18:47","guid":{"rendered":"https:\/\/cj.estrategia.com\/portal\/?p=76933"},"modified":"2024-09-24T10:19:16","modified_gmt":"2024-09-24T13:19:16","slug":"prisao-preventiva-gusttavo-lima-proporcional","status":"publish","type":"post","link":"https:\/\/cj.estrategia.com\/portal\/prisao-preventiva-gusttavo-lima-proporcional\/","title":{"rendered":"A pris\u00e3o preventiva de Gusttavo Lima \u00e9 proporcional?"},"content":{"rendered":"\n<p>Ol\u00e1, pessoal.<\/p>\n\n\n\n<p>Aqui \u00e9 o professor Allan Joos e hoje vamos tratar do assunto mais comentado na internet nas \u00faltimas horas:<mark style=\"background-color:#7bdcb5\" class=\"has-inline-color\"> <strong>a decreta\u00e7\u00e3o da pris\u00e3o preventiva do cantor Gusttavo Lima, em mais um epis\u00f3dio de opera\u00e7\u00e3o que investiga as denominadas \u201cBets\u201d e que recentemente tamb\u00e9m prendeu a influenciadora Deolane<\/strong><\/mark>.<\/p>\n\n\n\n<pre class=\"wp-block-verse\">Segundo divulgado nos principais portais de not\u00edcias, em que pese o MP ter se manifestado e requerido a fixa\u00e7\u00e3o de medidas cautelares, do cantor e dos demais investigados, a ju\u00edza Andrea Calado da Cruz, do Tribunal de Justi\u00e7a do Estado de Pernambuco (TJPE), decretou a pris\u00e3o dele e de outros envolvidos.<\/pre>\n\n\n\n<p>Tal decis\u00e3o, nos faz discutir n\u00e3o apenas os poss\u00edveis delitos atribu\u00eddos ao cantor. Deve-se observar tamb\u00e9m a <strong><mark style=\"background-color:rgba(0, 0, 0, 0)\" class=\"has-inline-color has-vivid-green-cyan-color\">proporcionalidade das medidas adotadas pela ju\u00edza<\/mark><\/strong> e, principalmente, a regularidade de sua decis\u00e3o \u00e0 luz do sistema acusat\u00f3rio.<\/p>\n\n\n\n<p>A referida pris\u00e3o ocorreu no bojo da denominada opera\u00e7\u00e3o <em>Integration.<\/em>Segundo consta da decis\u00e3o (p\u00fablica no site do TJPE), Gusttavo lima est\u00e1 sendo investigado por crimes relacionados \u00e0<strong><mark style=\"background-color:rgba(0, 0, 0, 0)\" class=\"has-inline-color has-vivid-green-cyan-color\"> lavagem de dinheiro e participa\u00e7\u00e3o em organiza\u00e7\u00e3o criminosa<\/mark><\/strong>, nos termos dos artigos 1\u00ba e 2\u00ba da Lei 9.613\/98 e da Lei 12.850\/13.<\/p>\n\n\n\n<p>Em sua decis\u00e3o, a ju\u00edza alegou serem robustos os ind\u00edcios que constam no inqu\u00e9rito policial. Eles apontam para o envolvimento de Gusttavo Lima e outros investigados em um esquema financeiro ilegal.<\/p>\n\n\n\n<p>Foi o Conselho de Controle de Atividades Financeiras (COAF) que identificou as movimenta\u00e7\u00f5es suspeitas. Elas evidenciaram um suposto fluxo de capitais que sustentaria uma estrutura criminosa voltada para a <strong>dissimula\u00e7\u00e3o de recursos obtidos com pr\u00e1ticas de jogos de azar<\/strong>.<\/p>\n\n\n\n<p>Al\u00e9m disso, em sua viagem de anivers\u00e1rio para a Gr\u00e9cia, o cantor teria transportado um casal tamb\u00e9m investigado e propriet\u00e1rios de uma das empresas investigadas. Segundo consta, o casal teria sido deixado em um dos pontos tur\u00edsticos visitados, o que estaria prejudicando as investiga\u00e7\u00f5es.<\/p>\n\n\n\n<h2 class=\"wp-block-heading\" id=\"h-supostos-crimes-praticados-pelo-cantor\"><span id=\"supostos-crimes-praticados-pelo-cantor\">Supostos crimes praticados pelo cantor<\/span><\/h2>\n\n\n\n<p>Conforme j\u00e1 citado, entre os delitos supostamente praticados pelo cantor, o principal deles seria a lavagem de dinheiro, decorrente de suposta dissimula\u00e7\u00e3o de bens oriundos de atividades criminosas. A previs\u00e3o de tal crime est\u00e1 no <strong>artigo 1\u00ba da Lei 9.613\/98<\/strong>.<\/p>\n\n\n\n<p>Segundo mencionado na decis\u00e3o judicial da Ju\u00edza, a autoridade policial representou pela <strong><mark style=\"background-color:rgba(0, 0, 0, 0)\" class=\"has-inline-color has-vivid-green-cyan-color\">pris\u00e3o preventiva, o sequestro de bens, a quebra de sigilos banc\u00e1rio e fiscal, e o bloqueio de valores em contas<\/mark><\/strong>. Tais medidas foram consideradas necess\u00e1rias para a continuidade da investiga\u00e7\u00e3o e a garantia da aplica\u00e7\u00e3o da lei penal.<\/p>\n\n\n\n<p>O Minist\u00e9rio P\u00fablico (MP), de sua vez, se manifestou contr\u00e1rio \u00e0 pris\u00e3o do cantor e dos demais envolvidos, requerendo a fixa\u00e7\u00e3o de medidas cautelares <strong>diversas da pris\u00e3o<\/strong>.<\/p>\n\n\n\n<p>Ao decidir pela decreta\u00e7\u00e3o da pris\u00e3o preventiva, a ju\u00edza entendeu que havia ind\u00edcios de que Gusttavo Lima fazia parte de uma <strong>organiza\u00e7\u00e3o criminosa<\/strong> estruturada, nos termos do <strong>artigo 2\u00ba da Lei 12.850\/13<\/strong>, com o objetivo de lavar capitais oriundos de atividades il\u00edcitas.<\/p>\n\n\n\n<p>Neste ponto, vale uma cr\u00edtica: a decis\u00e3o se lastreia em movimenta\u00e7\u00f5es il\u00edcitas que envolve uma das empresas do cantor.<\/p>\n\n\n\n<pre class=\"wp-block-verse\">Ocorre que, pelos <strong>princ\u00edpios da pessoalidade e da intranscend\u00eancia<\/strong> das penas, n\u00e3o pode o investigado responder por atos que n\u00e3o tenham sido comprovadamente praticados pessoalmente por ele.<\/pre>\n\n\n\n<p>Assim, a maior fragilidade das investiga\u00e7\u00f5es, ao nosso ver, se lastreia na pr\u00f3pria autoria delitiva. Nesse sentido, na decis\u00e3o proferida pela ju\u00edza, n\u00e3o h\u00e1 nada que demonstre a efetiva e pessoal participa\u00e7\u00e3o do cantor nas pr\u00e1ticas delitivas.<\/p>\n\n\n\n<p>Claro que aqui estamos falando de investiga\u00e7\u00f5es que certamente v\u00e3o al\u00e9m da decis\u00e3o proferida pela magistrada. Mas fato \u00e9 que, para ensejar a pris\u00e3o preventiva de algu\u00e9m, <strong>as investiga\u00e7\u00f5es devem necessariamente apontar a autoria delitiva<\/strong>, n\u00e3o sendo medida prudente para fins meramente investigativos.<\/p>\n\n\n\n<h2 class=\"wp-block-heading\" id=\"h-da-divergencia-com-o-ministerio-publico-titular-da-acao-penal\"><span id=\"da-divergencia-com-o-ministerio-publico-titular-da-acao-penal\">Da diverg\u00eancia com o Minist\u00e9rio P\u00fablico \u2013 titular da a\u00e7\u00e3o penal<\/span><\/h2>\n\n\n\n<p>Em sua manifesta\u00e7\u00e3o, ap\u00f3s representa\u00e7\u00e3o do delegado de pol\u00edcia pela pris\u00e3o preventiva do cantor, o Minist\u00e9rio P\u00fablico requereu a substitui\u00e7\u00e3o da pris\u00e3o preventiva por <strong>medidas cautelares<\/strong>, como o bloqueio de bens e proibi\u00e7\u00f5es de contato com outros investigados. Segundo o MP, a pris\u00e3o n\u00e3o seria indispens\u00e1vel para a investiga\u00e7\u00e3o, o que levanta d\u00favidas sobre a proporcionalidade da decis\u00e3o judicial.<\/p>\n\n\n\n<pre class=\"wp-block-verse\">Apesar da manifesta\u00e7\u00e3o contr\u00e1ria do Minist\u00e9rio P\u00fablico \u2013 vale dizer, titular privativo da a\u00e7\u00e3o penal - a ju\u00edza desacolheu o seu parecer e decretou a pris\u00e3o, argumentando que as evid\u00eancias contra os investigados, incluindo Gusttavo Lima, s\u00e3o robustas e indicam a necessidade de medidas severas para garantir que a estrutura criminosa n\u00e3o continue a operar.<\/pre>\n\n\n\n<pre class=\"wp-block-verse\">A magistrada fundamentou sua decis\u00e3o na gravidade dos delitos e na alta capacidade financeira dos investigados, que poderiam utilizar seus recursos para obstruir as investiga\u00e7\u00f5es ou escapar da aplica\u00e7\u00e3o da lei penal.<\/pre>\n\n\n\n<p>A nosso ver, a referida decis\u00e3o<strong><mark style=\"background-color:rgba(0, 0, 0, 0)\" class=\"has-inline-color has-vivid-green-cyan-color\"> viola o sistema acusat\u00f3rio<\/mark><\/strong>, um dos pilares do direito processual penal, al\u00e9m de ser medida bastante desproporcional conforme ser\u00e1 mencionado a seguir.<\/p>\n\n\n\n<h2 class=\"wp-block-heading\" id=\"h-da-evidente-desproporcionalidade-da-decisao\"><span id=\"da-evidente-desproporcionalidade-da-decisao\">Da evidente desproporcionalidade da decis\u00e3o<\/span><\/h2>\n\n\n\n<p>Nos termos da legisla\u00e7\u00e3o processual penal, somente pode haver a decreta\u00e7\u00e3o da pris\u00e3o preventiva quando n\u00e3o houver outra medida capaz de garantir a ordem p\u00fablica, a instru\u00e7\u00e3o criminal ou a aplica\u00e7\u00e3o da lei penal.<\/p>\n\n\n\n<p class=\"has-light-green-cyan-background-color has-background\">Al\u00e9m disso, deve haver ind\u00edcios m\u00ednimos de autoria e prova da materialidade para que a decreta\u00e7\u00e3o da pris\u00e3o preventiva.<\/p>\n\n\n\n<p>Assim \u00e9 que a medida extrema, privativa da liberdade, deve ser considerada a <em>ultima ratio <\/em>e deve se ver afastada de apelos midi\u00e1ticos. A proporcionalidade e a inevitabilidade devem nortear a autoridade judici\u00e1ria em decis\u00f5es que venham a privar qualquer pessoa de sua liberdade.<\/p>\n\n\n\n<div class=\"wp-block-media-text is-stacked-on-mobile\"><figure class=\"wp-block-media-text__media\"><img decoding=\"async\" width=\"1024\" height=\"1024\" src=\"https:\/\/cj.estrategia.com\/portal\/wp-content\/uploads\/2024\/09\/24101712\/atencao-lei-1024x1024.jpg\" alt=\"A pris\u00e3o\" class=\"wp-image-76958 size-full\" srcset=\"https:\/\/cj.estrategia.com\/portal\/wp-content\/uploads\/2024\/09\/24101712\/atencao-lei-1024x1024.jpg 1024w, https:\/\/cj.estrategia.com\/portal\/wp-content\/uploads\/2024\/09\/24101712\/atencao-lei-300x300.jpg 300w, https:\/\/cj.estrategia.com\/portal\/wp-content\/uploads\/2024\/09\/24101712\/atencao-lei-150x150.jpg 150w, https:\/\/cj.estrategia.com\/portal\/wp-content\/uploads\/2024\/09\/24101712\/atencao-lei-768x768.jpg 768w, https:\/\/cj.estrategia.com\/portal\/wp-content\/uploads\/2024\/09\/24101712\/atencao-lei-1536x1536.jpg 1536w, https:\/\/cj.estrategia.com\/portal\/wp-content\/uploads\/2024\/09\/24101712\/atencao-lei-2048x2048.jpg 2048w, https:\/\/cj.estrategia.com\/portal\/wp-content\/uploads\/2024\/09\/24101712\/atencao-lei-80x80.jpg 80w, https:\/\/cj.estrategia.com\/portal\/wp-content\/uploads\/2024\/09\/24101712\/atencao-lei-380x380.jpg 380w, https:\/\/cj.estrategia.com\/portal\/wp-content\/uploads\/2024\/09\/24101712\/atencao-lei-800x800.jpg 800w, https:\/\/cj.estrategia.com\/portal\/wp-content\/uploads\/2024\/09\/24101712\/atencao-lei-1160x1160.jpg 1160w, https:\/\/cj.estrategia.com\/portal\/wp-content\/uploads\/2024\/09\/24101712\/atencao-lei-24x24.jpg 24w, https:\/\/cj.estrategia.com\/portal\/wp-content\/uploads\/2024\/09\/24101712\/atencao-lei-48x48.jpg 48w, https:\/\/cj.estrategia.com\/portal\/wp-content\/uploads\/2024\/09\/24101712\/atencao-lei-96x96.jpg 96w, https:\/\/cj.estrategia.com\/portal\/wp-content\/uploads\/2024\/09\/24101712\/atencao-lei.jpg 2500w\" sizes=\"(max-width: 1024px) 100vw, 1024px\" \/><\/figure><div class=\"wp-block-media-text__content\">\n<p>O pr\u00f3prio art. 282, do CPP, exige que toda e qualquer medida cautelar esteja amparada na necessidade e na adequa\u00e7\u00e3o da medida \u00e0 gravidade do crime, circunst\u00e2ncias do fato e condi\u00e7\u00f5es pessoais do indiciado ou acusado.<\/p>\n<\/div><\/div>\n\n\n\n<p>Vale dizer, neste ponto, que a pris\u00e3o preventiva \u00e9 modalidade de medida cautelar de natureza pessoal.<\/p>\n\n\n\n<p>Tanto \u00e9 que o <em>Parquet <\/em>(MP) havia requerido a fixa\u00e7\u00e3o de outras medidas menos gravosas, substituindo o pedido de pris\u00e3o preventiva formulado pela autoridade policial.<\/p>\n\n\n\n<p>O Superior Tribunal de Justi\u00e7a tem jurisprud\u00eancia firme no sentido de que decis\u00e3o por cautelar mais gravosa do que a requerida pelo Minist\u00e9rio P\u00fablico n\u00e3o configura pris\u00e3o de of\u00edcio (<strong>RHC 145225<\/strong>). Contudo, a manifesta\u00e7\u00e3o contr\u00e1ria do \u00f3rg\u00e3o acusador coloca em xeque a pr\u00f3pria credibilidade da decis\u00e3o da magistrada.<\/p>\n\n\n\n<p>Com certeza, a nosso ver, o TJPE reformar\u00e1 a decis\u00e3o, assim como acabou de acontecer com a pris\u00e3o de Deolane e de sua genitora.<\/p>\n\n\n\n<h2 class=\"wp-block-heading\" id=\"h-gusttavo-lima-podera-ser-preso-no-exterior-caso-permaneca-em-miami\"><span id=\"gusttavo-lima-podera-ser-preso-no-exterior-caso-permaneca-em-miami\">Gusttavo Lima poder\u00e1 ser preso no exterior, caso permane\u00e7a em Miami?<\/span><\/h2>\n\n\n\n<p>Uma outra not\u00edcia que pode impactar significativamente nas consequ\u00eancias da decis\u00e3o \u00e9 a de que o cantor estaria em Miami. Neste ponto, \u00e9 importante destacar que eventual pris\u00e3o do cantor somente poder\u00e1 ocorrer ap\u00f3s formal pedido de extradi\u00e7\u00e3o.<\/p>\n\n\n\n<pre class=\"wp-block-verse\">O Brasil e os Estados Unidos s\u00e3o signat\u00e1rios do <strong>Tratado de Extradi\u00e7\u00e3o<\/strong>, assinado em 1961, promulgado pelo Decreto n\u00ba 55.750\/65, que prev\u00ea a possibilidade de extradi\u00e7\u00e3o de investigados entre os feridos pa\u00edses. O procedimento exige a formaliza\u00e7\u00e3o de um pedido de extradi\u00e7\u00e3o pelo Minist\u00e9rio da Justi\u00e7a brasileiro, que deve ser enviado ao Departamento de Justi\u00e7a dos EUA.<\/pre>\n\n\n\n<p>Realizado o pedido, a Justi\u00e7a norte americana analisar\u00e1 e decidir\u00e1 sobre a possibilidade ou n\u00e3o do envio de Gusttavo Lima ao Brasil. Tal medida somente ocorrer\u00e1 caso os crimes a ele atribu\u00eddos tamb\u00e9m sejam pun\u00edveis nos EUA, em respeito ao princ\u00edpio da &#8220;<strong><mark style=\"background-color:rgba(0, 0, 0, 0)\" class=\"has-inline-color has-vivid-green-cyan-color\">dupla tipicidade<\/mark><\/strong>&#8220;. Al\u00e9m disso, Gusttavo Lima tem o direito de impugnar o pedido, o que pode atrasar o eventual processo de extradi\u00e7\u00e3o.<\/p>\n\n\n\n<h2 class=\"wp-block-heading\" id=\"h-consideracoes-finais\"><span id=\"consideracoes-finais\">Considera\u00e7\u00f5es finais<\/span><\/h2>\n\n\n\n<p>A pris\u00e3o preventiva de Gusttavo Lima, decretada pela ju\u00edza Andrea Calado da Cruz, <strong><mark style=\"background-color:rgba(0, 0, 0, 0)\" class=\"has-inline-color has-vivid-green-cyan-color\">extrapola a proporcionalidade<\/mark><\/strong>. E, ao que tudo indica, essa pris\u00e3o ter\u00e1 o mesmo destino daquela que prendeu a influenciadora Deolane e que o Tribunal de Justi\u00e7a acabou reformando.<\/p>\n\n\n\n<pre class=\"wp-block-verse\">Embora fundamentada na gravidade dos crimes e na necessidade de garantir a ordem p\u00fablica, a decis\u00e3o <strong>viola claramente o sistema acusat\u00f3rio<\/strong> e desrespeita o que fora requerido pelo titular privativo da a\u00e7\u00e3o penal (art. 129, I, da CF\/88), o Minist\u00e9rio P\u00fablico.<\/pre>\n\n\n\n<p>Apesar de a decis\u00e3o ser pedag\u00f3gica, para fins de repress\u00e3o da pr\u00e1tica de jogos il\u00edcitos, a medida <strong>viola a presun\u00e7\u00e3o de inoc\u00eancia e a proporcionalidade<\/strong> das medidas cautelares.<\/p>\n\n\n\n<hr class=\"wp-block-separator has-alpha-channel-opacity\"\/>\n\n\n\n<h2 class=\"wp-block-heading has-text-align-center\" id=\"h-quer-saber-quais-serao-os-proximos-concursos\"><span id=\"quer-saber-quais-serao-os-proximos-concursos\">Quer saber quais ser\u00e3o os pr\u00f3ximos concursos?<\/span><\/h2>\n\n\n\n<p class=\"has-text-align-center\">Confira nossos&nbsp;<a href=\"https:\/\/cj.estrategia.com\/portal\/\" target=\"_blank\" >artigos para Carreiras Jur\u00eddicas<\/a>!<\/p>\n\n\n\n<p class=\"has-text-align-center has-white-color has-pale-cyan-blue-background-color has-text-color has-background has-link-color wp-elements-f3d5123bb0c8e11604d0c8c7f1ea8be8\"><a href=\"https:\/\/www.estrategiaconcursos.com.br\/blog\/concursos-abertos\/\" target=\"_blank\" >Confira os concursos p\u00fablicos abertos<\/a><\/p>\n\n\n\n<p class=\"has-text-align-center has-white-color has-pale-cyan-blue-background-color has-text-color has-background has-link-color wp-elements-94f2aad2f2b05ea3152ac5320a17d121\"><a href=\"https:\/\/cj.estrategia.com\/portal\/web-stories\/\" target=\"_blank\" >Concursos 2024<\/a><\/p>\n","protected":false},"excerpt":{"rendered":"Ol\u00e1, pessoal. Aqui \u00e9 o professor Allan Joos e hoje vamos tratar do assunto mais comentado na internet&hellip;\n","protected":false},"author":62,"featured_media":76941,"comment_status":"open","ping_status":"open","sticky":false,"template":"","format":"standard","meta":{"_jetpack_memberships_contains_paid_content":false,"footnotes":""},"categories":[1],"tags":[336,846,1031,988,321,1032,850,781,1030],"tax_estado":[30,31,32,33,34,35,36,37,38,39,40,41,42,43,44,45,46,47,48,49,50,51,52,53,54,55,56,57],"class_list":{"0":"post-76933","1":"post","2":"type-post","3":"status-publish","4":"format-standard","5":"has-post-thumbnail","7":"category-carreiras-juridicas","8":"tag-analise-juridica","9":"tag-deolane-bezerra","10":"tag-gusttavo-lima","11":"tag-jogos-de-azar","12":"tag-lavagem-de-dinheiro","13":"tag-operacao-integration","14":"tag-organizacao-criminosa","15":"tag-presuncao-de-inocencia","16":"tag-prisao-preventiva","17":"tax_estado-ac","18":"tax_estado-al","19":"tax_estado-am","20":"tax_estado-ap","21":"tax_estado-ba","22":"tax_estado-ce","23":"tax_estado-concursos-federais","24":"tax_estado-df","25":"tax_estado-es","26":"tax_estado-go","27":"tax_estado-ma","28":"tax_estado-mg","29":"tax_estado-ms","30":"tax_estado-mt","31":"tax_estado-pa","32":"tax_estado-pb","33":"tax_estado-pe","34":"tax_estado-pi","35":"tax_estado-pr","36":"tax_estado-rj","37":"tax_estado-rn","38":"tax_estado-ro","39":"tax_estado-rr","40":"tax_estado-rs","41":"tax_estado-sc","42":"tax_estado-se","43":"tax_estado-sp","44":"tax_estado-to"},"acf":[],"yoast_head":"<!-- This site is optimized with the Yoast SEO Premium plugin v27.4 (Yoast SEO v27.4) - https:\/\/yoast.com\/product\/yoast-seo-premium-wordpress\/ -->\n<title>A pris\u00e3o preventiva de Gusttavo Lima \u00e9 proporcional?<\/title>\n<meta name=\"description\" content=\"A decreta\u00e7\u00e3o da pris\u00e3o preventiva do cantor Gusttavo Lima traz discuss\u00f5es sobre proporcionalidade das medidas adotadas.\" \/>\n<meta name=\"robots\" content=\"index, follow, max-snippet:-1, max-image-preview:large, max-video-preview:-1\" \/>\n<link rel=\"canonical\" href=\"https:\/\/cj.estrategia.com\/portal\/prisao-preventiva-gusttavo-lima-proporcional\/\" \/>\n<meta property=\"og:locale\" content=\"pt_BR\" \/>\n<meta property=\"og:type\" content=\"article\" \/>\n<meta property=\"og:title\" content=\"A pris\u00e3o preventiva de Gusttavo Lima \u00e9 proporcional?\" \/>\n<meta property=\"og:description\" content=\"A decreta\u00e7\u00e3o da pris\u00e3o preventiva do cantor Gusttavo Lima traz discuss\u00f5es sobre proporcionalidade das medidas adotadas.\" \/>\n<meta property=\"og:url\" content=\"https:\/\/cj.estrategia.com\/portal\/prisao-preventiva-gusttavo-lima-proporcional\/\" \/>\n<meta property=\"og:site_name\" content=\"Blog - Carreiras Jur\u00eddicas - Estrat\u00e9gia\" \/>\n<meta property=\"article:publisher\" content=\"https:\/\/www.facebook.com\/estrategiacarreirajuridica\/\" \/>\n<meta property=\"article:published_time\" content=\"2024-09-24T13:18:47+00:00\" \/>\n<meta property=\"article:modified_time\" content=\"2024-09-24T13:19:16+00:00\" \/>\n<meta property=\"og:image\" content=\"https:\/\/cj.estrategia.com\/portal\/wp-content\/uploads\/2024\/09\/24085711\/gusttavo-lima.png\" \/>\n\t<meta property=\"og:image:width\" content=\"750\" \/>\n\t<meta property=\"og:image:height\" content=\"432\" \/>\n\t<meta property=\"og:image:type\" content=\"image\/png\" \/>\n<meta name=\"author\" content=\"Allan Joos\" \/>\n<meta name=\"twitter:card\" content=\"summary_large_image\" \/>\n<meta name=\"twitter:creator\" content=\"@EstratJuridica\" \/>\n<meta name=\"twitter:site\" content=\"@EstratJuridica\" \/>\n<meta name=\"twitter:label1\" content=\"Escrito por\" \/>\n\t<meta name=\"twitter:data1\" content=\"Allan Joos\" \/>\n\t<meta name=\"twitter:label2\" content=\"Est. tempo de leitura\" \/>\n\t<meta name=\"twitter:data2\" content=\"7 minutos\" \/>\n<script type=\"application\/ld+json\" class=\"yoast-schema-graph\">{\"@context\":\"https:\\\/\\\/schema.org\",\"@graph\":[{\"@type\":\"NewsArticle\",\"@id\":\"https:\\\/\\\/cj.estrategia.com\\\/portal\\\/prisao-preventiva-gusttavo-lima-proporcional\\\/#article\",\"isPartOf\":{\"@id\":\"https:\\\/\\\/cj.estrategia.com\\\/portal\\\/prisao-preventiva-gusttavo-lima-proporcional\\\/\"},\"author\":{\"name\":\"Allan Joos\",\"@id\":\"https:\\\/\\\/cj.estrategia.com\\\/portal\\\/#\\\/schema\\\/person\\\/c48648992c53b73c046825760c50c2f0\"},\"headline\":\"A pris\u00e3o preventiva de Gusttavo Lima \u00e9 proporcional?\",\"datePublished\":\"2024-09-24T13:18:47+00:00\",\"dateModified\":\"2024-09-24T13:19:16+00:00\",\"mainEntityOfPage\":{\"@id\":\"https:\\\/\\\/cj.estrategia.com\\\/portal\\\/prisao-preventiva-gusttavo-lima-proporcional\\\/\"},\"wordCount\":1215,\"commentCount\":0,\"publisher\":{\"@id\":\"https:\\\/\\\/cj.estrategia.com\\\/portal\\\/#organization\"},\"image\":{\"@id\":\"https:\\\/\\\/cj.estrategia.com\\\/portal\\\/prisao-preventiva-gusttavo-lima-proporcional\\\/#primaryimage\"},\"thumbnailUrl\":\"https:\\\/\\\/cj.estrategia.com\\\/portal\\\/wp-content\\\/uploads\\\/2024\\\/09\\\/24085711\\\/gusttavo-lima.png\",\"keywords\":[\"an\u00e1lise jur\u00eddica\",\"Deolane Bezerra\",\"Gusttavo Lima\",\"jogos de azar\",\"lavagem de dinheiro\",\"Opera\u00e7\u00e3o Integration\",\"organiza\u00e7\u00e3o criminosa\",\"presun\u00e7\u00e3o de inoc\u00eancia\",\"pris\u00e3o preventiva\"],\"articleSection\":[\"Carreiras Jur\u00eddicas\"],\"inLanguage\":\"pt-BR\",\"potentialAction\":[{\"@type\":\"CommentAction\",\"name\":\"Comment\",\"target\":[\"https:\\\/\\\/cj.estrategia.com\\\/portal\\\/prisao-preventiva-gusttavo-lima-proporcional\\\/#respond\"]}]},{\"@type\":\"WebPage\",\"@id\":\"https:\\\/\\\/cj.estrategia.com\\\/portal\\\/prisao-preventiva-gusttavo-lima-proporcional\\\/\",\"url\":\"https:\\\/\\\/cj.estrategia.com\\\/portal\\\/prisao-preventiva-gusttavo-lima-proporcional\\\/\",\"name\":\"A pris\u00e3o preventiva de Gusttavo Lima \u00e9 proporcional?\",\"isPartOf\":{\"@id\":\"https:\\\/\\\/cj.estrategia.com\\\/portal\\\/#website\"},\"primaryImageOfPage\":{\"@id\":\"https:\\\/\\\/cj.estrategia.com\\\/portal\\\/prisao-preventiva-gusttavo-lima-proporcional\\\/#primaryimage\"},\"image\":{\"@id\":\"https:\\\/\\\/cj.estrategia.com\\\/portal\\\/prisao-preventiva-gusttavo-lima-proporcional\\\/#primaryimage\"},\"thumbnailUrl\":\"https:\\\/\\\/cj.estrategia.com\\\/portal\\\/wp-content\\\/uploads\\\/2024\\\/09\\\/24085711\\\/gusttavo-lima.png\",\"datePublished\":\"2024-09-24T13:18:47+00:00\",\"dateModified\":\"2024-09-24T13:19:16+00:00\",\"description\":\"A decreta\u00e7\u00e3o da pris\u00e3o preventiva do cantor Gusttavo Lima traz discuss\u00f5es sobre proporcionalidade das medidas adotadas.\",\"breadcrumb\":{\"@id\":\"https:\\\/\\\/cj.estrategia.com\\\/portal\\\/prisao-preventiva-gusttavo-lima-proporcional\\\/#breadcrumb\"},\"inLanguage\":\"pt-BR\",\"potentialAction\":[{\"@type\":\"ReadAction\",\"target\":[\"https:\\\/\\\/cj.estrategia.com\\\/portal\\\/prisao-preventiva-gusttavo-lima-proporcional\\\/\"]}]},{\"@type\":\"ImageObject\",\"inLanguage\":\"pt-BR\",\"@id\":\"https:\\\/\\\/cj.estrategia.com\\\/portal\\\/prisao-preventiva-gusttavo-lima-proporcional\\\/#primaryimage\",\"url\":\"https:\\\/\\\/cj.estrategia.com\\\/portal\\\/wp-content\\\/uploads\\\/2024\\\/09\\\/24085711\\\/gusttavo-lima.png\",\"contentUrl\":\"https:\\\/\\\/cj.estrategia.com\\\/portal\\\/wp-content\\\/uploads\\\/2024\\\/09\\\/24085711\\\/gusttavo-lima.png\",\"width\":750,\"height\":432},{\"@type\":\"BreadcrumbList\",\"@id\":\"https:\\\/\\\/cj.estrategia.com\\\/portal\\\/prisao-preventiva-gusttavo-lima-proporcional\\\/#breadcrumb\",\"itemListElement\":[{\"@type\":\"ListItem\",\"position\":1,\"name\":\"In\u00edcio\",\"item\":\"https:\\\/\\\/cj.estrategia.com\\\/portal\\\/\"},{\"@type\":\"ListItem\",\"position\":2,\"name\":\"A pris\u00e3o preventiva de Gusttavo Lima \u00e9 proporcional?\"}]},{\"@type\":\"WebSite\",\"@id\":\"https:\\\/\\\/cj.estrategia.com\\\/portal\\\/#website\",\"url\":\"https:\\\/\\\/cj.estrategia.com\\\/portal\\\/\",\"name\":\"Blog - Carreiras Jur\u00eddicas - Estrat\u00e9gia\",\"description\":\"\",\"publisher\":{\"@id\":\"https:\\\/\\\/cj.estrategia.com\\\/portal\\\/#organization\"},\"potentialAction\":[{\"@type\":\"SearchAction\",\"target\":{\"@type\":\"EntryPoint\",\"urlTemplate\":\"https:\\\/\\\/cj.estrategia.com\\\/portal\\\/?s={search_term_string}\"},\"query-input\":{\"@type\":\"PropertyValueSpecification\",\"valueRequired\":true,\"valueName\":\"search_term_string\"}}],\"inLanguage\":\"pt-BR\"},{\"@type\":\"Organization\",\"@id\":\"https:\\\/\\\/cj.estrategia.com\\\/portal\\\/#organization\",\"name\":\"Estrat\u00e9gia - Carreiras Jur\u00eddicas\",\"url\":\"https:\\\/\\\/cj.estrategia.com\\\/portal\\\/\",\"logo\":{\"@type\":\"ImageObject\",\"inLanguage\":\"pt-BR\",\"@id\":\"https:\\\/\\\/cj.estrategia.com\\\/portal\\\/#\\\/schema\\\/logo\\\/image\\\/\",\"url\":\"https:\\\/\\\/cj.estrategia.com\\\/portal\\\/wp-content\\\/uploads\\\/2022\\\/03\\\/11151052\\\/cj-logo.png\",\"contentUrl\":\"https:\\\/\\\/cj.estrategia.com\\\/portal\\\/wp-content\\\/uploads\\\/2022\\\/03\\\/11151052\\\/cj-logo.png\",\"width\":150,\"height\":39,\"caption\":\"Estrat\u00e9gia - Carreiras Jur\u00eddicas\"},\"image\":{\"@id\":\"https:\\\/\\\/cj.estrategia.com\\\/portal\\\/#\\\/schema\\\/logo\\\/image\\\/\"},\"sameAs\":[\"https:\\\/\\\/www.facebook.com\\\/estrategiacarreirajuridica\\\/\",\"https:\\\/\\\/x.com\\\/EstratJuridica\",\"https:\\\/\\\/www.instagram.com\\\/estrategiacarreirajuridica\\\/\",\"https:\\\/\\\/www.youtube.com\\\/channel\\\/UClbMGuYbj2Mh1m3w144ETWQ\"]},{\"@type\":\"Person\",\"@id\":\"https:\\\/\\\/cj.estrategia.com\\\/portal\\\/#\\\/schema\\\/person\\\/c48648992c53b73c046825760c50c2f0\",\"name\":\"Allan Joos\",\"image\":{\"@type\":\"ImageObject\",\"inLanguage\":\"pt-BR\",\"@id\":\"https:\\\/\\\/secure.gravatar.com\\\/avatar\\\/1b8f33b5c8b83dae3a0e569e23f1e6d1898a7771af6690410413809652612016?s=96&d=mm&r=g\",\"url\":\"https:\\\/\\\/secure.gravatar.com\\\/avatar\\\/1b8f33b5c8b83dae3a0e569e23f1e6d1898a7771af6690410413809652612016?s=96&d=mm&r=g\",\"contentUrl\":\"https:\\\/\\\/secure.gravatar.com\\\/avatar\\\/1b8f33b5c8b83dae3a0e569e23f1e6d1898a7771af6690410413809652612016?s=96&d=mm&r=g\",\"caption\":\"Allan Joos\"},\"url\":\"https:\\\/\\\/cj.estrategia.com\\\/portal\\\/author\\\/allan-joos\\\/\"}]}<\/script>\n<!-- \/ Yoast SEO Premium plugin. -->","yoast_head_json":{"title":"A pris\u00e3o preventiva de Gusttavo Lima \u00e9 proporcional?","description":"A decreta\u00e7\u00e3o da pris\u00e3o preventiva do cantor Gusttavo Lima traz discuss\u00f5es sobre proporcionalidade das medidas adotadas.","robots":{"index":"index","follow":"follow","max-snippet":"max-snippet:-1","max-image-preview":"max-image-preview:large","max-video-preview":"max-video-preview:-1"},"canonical":"https:\/\/cj.estrategia.com\/portal\/prisao-preventiva-gusttavo-lima-proporcional\/","og_locale":"pt_BR","og_type":"article","og_title":"A pris\u00e3o preventiva de Gusttavo Lima \u00e9 proporcional?","og_description":"A decreta\u00e7\u00e3o da pris\u00e3o preventiva do cantor Gusttavo Lima traz discuss\u00f5es sobre proporcionalidade das medidas adotadas.","og_url":"https:\/\/cj.estrategia.com\/portal\/prisao-preventiva-gusttavo-lima-proporcional\/","og_site_name":"Blog - Carreiras Jur\u00eddicas - Estrat\u00e9gia","article_publisher":"https:\/\/www.facebook.com\/estrategiacarreirajuridica\/","article_published_time":"2024-09-24T13:18:47+00:00","article_modified_time":"2024-09-24T13:19:16+00:00","og_image":[{"width":750,"height":432,"url":"https:\/\/cj.estrategia.com\/portal\/wp-content\/uploads\/2024\/09\/24085711\/gusttavo-lima.png","type":"image\/png"}],"author":"Allan Joos","twitter_card":"summary_large_image","twitter_creator":"@EstratJuridica","twitter_site":"@EstratJuridica","twitter_misc":{"Escrito por":"Allan Joos","Est. tempo de leitura":"7 minutos"},"schema":{"@context":"https:\/\/schema.org","@graph":[{"@type":"NewsArticle","@id":"https:\/\/cj.estrategia.com\/portal\/prisao-preventiva-gusttavo-lima-proporcional\/#article","isPartOf":{"@id":"https:\/\/cj.estrategia.com\/portal\/prisao-preventiva-gusttavo-lima-proporcional\/"},"author":{"name":"Allan Joos","@id":"https:\/\/cj.estrategia.com\/portal\/#\/schema\/person\/c48648992c53b73c046825760c50c2f0"},"headline":"A pris\u00e3o preventiva de Gusttavo Lima \u00e9 proporcional?","datePublished":"2024-09-24T13:18:47+00:00","dateModified":"2024-09-24T13:19:16+00:00","mainEntityOfPage":{"@id":"https:\/\/cj.estrategia.com\/portal\/prisao-preventiva-gusttavo-lima-proporcional\/"},"wordCount":1215,"commentCount":0,"publisher":{"@id":"https:\/\/cj.estrategia.com\/portal\/#organization"},"image":{"@id":"https:\/\/cj.estrategia.com\/portal\/prisao-preventiva-gusttavo-lima-proporcional\/#primaryimage"},"thumbnailUrl":"https:\/\/cj.estrategia.com\/portal\/wp-content\/uploads\/2024\/09\/24085711\/gusttavo-lima.png","keywords":["an\u00e1lise jur\u00eddica","Deolane Bezerra","Gusttavo Lima","jogos de azar","lavagem de dinheiro","Opera\u00e7\u00e3o Integration","organiza\u00e7\u00e3o criminosa","presun\u00e7\u00e3o de inoc\u00eancia","pris\u00e3o preventiva"],"articleSection":["Carreiras Jur\u00eddicas"],"inLanguage":"pt-BR","potentialAction":[{"@type":"CommentAction","name":"Comment","target":["https:\/\/cj.estrategia.com\/portal\/prisao-preventiva-gusttavo-lima-proporcional\/#respond"]}]},{"@type":"WebPage","@id":"https:\/\/cj.estrategia.com\/portal\/prisao-preventiva-gusttavo-lima-proporcional\/","url":"https:\/\/cj.estrategia.com\/portal\/prisao-preventiva-gusttavo-lima-proporcional\/","name":"A pris\u00e3o preventiva de Gusttavo Lima \u00e9 proporcional?","isPartOf":{"@id":"https:\/\/cj.estrategia.com\/portal\/#website"},"primaryImageOfPage":{"@id":"https:\/\/cj.estrategia.com\/portal\/prisao-preventiva-gusttavo-lima-proporcional\/#primaryimage"},"image":{"@id":"https:\/\/cj.estrategia.com\/portal\/prisao-preventiva-gusttavo-lima-proporcional\/#primaryimage"},"thumbnailUrl":"https:\/\/cj.estrategia.com\/portal\/wp-content\/uploads\/2024\/09\/24085711\/gusttavo-lima.png","datePublished":"2024-09-24T13:18:47+00:00","dateModified":"2024-09-24T13:19:16+00:00","description":"A decreta\u00e7\u00e3o da pris\u00e3o preventiva do cantor Gusttavo Lima traz discuss\u00f5es sobre proporcionalidade das medidas adotadas.","breadcrumb":{"@id":"https:\/\/cj.estrategia.com\/portal\/prisao-preventiva-gusttavo-lima-proporcional\/#breadcrumb"},"inLanguage":"pt-BR","potentialAction":[{"@type":"ReadAction","target":["https:\/\/cj.estrategia.com\/portal\/prisao-preventiva-gusttavo-lima-proporcional\/"]}]},{"@type":"ImageObject","inLanguage":"pt-BR","@id":"https:\/\/cj.estrategia.com\/portal\/prisao-preventiva-gusttavo-lima-proporcional\/#primaryimage","url":"https:\/\/cj.estrategia.com\/portal\/wp-content\/uploads\/2024\/09\/24085711\/gusttavo-lima.png","contentUrl":"https:\/\/cj.estrategia.com\/portal\/wp-content\/uploads\/2024\/09\/24085711\/gusttavo-lima.png","width":750,"height":432},{"@type":"BreadcrumbList","@id":"https:\/\/cj.estrategia.com\/portal\/prisao-preventiva-gusttavo-lima-proporcional\/#breadcrumb","itemListElement":[{"@type":"ListItem","position":1,"name":"In\u00edcio","item":"https:\/\/cj.estrategia.com\/portal\/"},{"@type":"ListItem","position":2,"name":"A pris\u00e3o preventiva de Gusttavo Lima \u00e9 proporcional?"}]},{"@type":"WebSite","@id":"https:\/\/cj.estrategia.com\/portal\/#website","url":"https:\/\/cj.estrategia.com\/portal\/","name":"Blog - Carreiras Jur\u00eddicas - Estrat\u00e9gia","description":"","publisher":{"@id":"https:\/\/cj.estrategia.com\/portal\/#organization"},"potentialAction":[{"@type":"SearchAction","target":{"@type":"EntryPoint","urlTemplate":"https:\/\/cj.estrategia.com\/portal\/?s={search_term_string}"},"query-input":{"@type":"PropertyValueSpecification","valueRequired":true,"valueName":"search_term_string"}}],"inLanguage":"pt-BR"},{"@type":"Organization","@id":"https:\/\/cj.estrategia.com\/portal\/#organization","name":"Estrat\u00e9gia - Carreiras Jur\u00eddicas","url":"https:\/\/cj.estrategia.com\/portal\/","logo":{"@type":"ImageObject","inLanguage":"pt-BR","@id":"https:\/\/cj.estrategia.com\/portal\/#\/schema\/logo\/image\/","url":"https:\/\/cj.estrategia.com\/portal\/wp-content\/uploads\/2022\/03\/11151052\/cj-logo.png","contentUrl":"https:\/\/cj.estrategia.com\/portal\/wp-content\/uploads\/2022\/03\/11151052\/cj-logo.png","width":150,"height":39,"caption":"Estrat\u00e9gia - Carreiras Jur\u00eddicas"},"image":{"@id":"https:\/\/cj.estrategia.com\/portal\/#\/schema\/logo\/image\/"},"sameAs":["https:\/\/www.facebook.com\/estrategiacarreirajuridica\/","https:\/\/x.com\/EstratJuridica","https:\/\/www.instagram.com\/estrategiacarreirajuridica\/","https:\/\/www.youtube.com\/channel\/UClbMGuYbj2Mh1m3w144ETWQ"]},{"@type":"Person","@id":"https:\/\/cj.estrategia.com\/portal\/#\/schema\/person\/c48648992c53b73c046825760c50c2f0","name":"Allan Joos","image":{"@type":"ImageObject","inLanguage":"pt-BR","@id":"https:\/\/secure.gravatar.com\/avatar\/1b8f33b5c8b83dae3a0e569e23f1e6d1898a7771af6690410413809652612016?s=96&d=mm&r=g","url":"https:\/\/secure.gravatar.com\/avatar\/1b8f33b5c8b83dae3a0e569e23f1e6d1898a7771af6690410413809652612016?s=96&d=mm&r=g","contentUrl":"https:\/\/secure.gravatar.com\/avatar\/1b8f33b5c8b83dae3a0e569e23f1e6d1898a7771af6690410413809652612016?s=96&d=mm&r=g","caption":"Allan Joos"},"url":"https:\/\/cj.estrategia.com\/portal\/author\/allan-joos\/"}]}},"jetpack_featured_media_url":"https:\/\/cj.estrategia.com\/portal\/wp-content\/uploads\/2024\/09\/24085711\/gusttavo-lima.png","jetpack_sharing_enabled":true,"_links":{"self":[{"href":"https:\/\/cj.estrategia.com\/portal\/wp-json\/wp\/v2\/posts\/76933","targetHints":{"allow":["GET"]}}],"collection":[{"href":"https:\/\/cj.estrategia.com\/portal\/wp-json\/wp\/v2\/posts"}],"about":[{"href":"https:\/\/cj.estrategia.com\/portal\/wp-json\/wp\/v2\/types\/post"}],"author":[{"embeddable":true,"href":"https:\/\/cj.estrategia.com\/portal\/wp-json\/wp\/v2\/users\/62"}],"replies":[{"embeddable":true,"href":"https:\/\/cj.estrategia.com\/portal\/wp-json\/wp\/v2\/comments?post=76933"}],"version-history":[{"count":8,"href":"https:\/\/cj.estrategia.com\/portal\/wp-json\/wp\/v2\/posts\/76933\/revisions"}],"predecessor-version":[{"id":76966,"href":"https:\/\/cj.estrategia.com\/portal\/wp-json\/wp\/v2\/posts\/76933\/revisions\/76966"}],"wp:featuredmedia":[{"embeddable":true,"href":"https:\/\/cj.estrategia.com\/portal\/wp-json\/wp\/v2\/media\/76941"}],"wp:attachment":[{"href":"https:\/\/cj.estrategia.com\/portal\/wp-json\/wp\/v2\/media?parent=76933"}],"wp:term":[{"taxonomy":"category","embeddable":true,"href":"https:\/\/cj.estrategia.com\/portal\/wp-json\/wp\/v2\/categories?post=76933"},{"taxonomy":"post_tag","embeddable":true,"href":"https:\/\/cj.estrategia.com\/portal\/wp-json\/wp\/v2\/tags?post=76933"},{"taxonomy":"tax_estado","embeddable":true,"href":"https:\/\/cj.estrategia.com\/portal\/wp-json\/wp\/v2\/tax_estado?post=76933"}],"curies":[{"name":"wp","href":"https:\/\/api.w.org\/{rel}","templated":true}]}}