{"id":769,"date":"2022-03-27T09:18:00","date_gmt":"2022-03-27T12:18:00","guid":{"rendered":"https:\/\/cj.estrategia.com\/portal\/?p=769"},"modified":"2022-03-28T09:32:31","modified_gmt":"2022-03-28T12:32:31","slug":"gabarito-extraoficial-delta-pc-am","status":"publish","type":"post","link":"https:\/\/cj.estrategia.com\/portal\/gabarito-extraoficial-delta-pc-am\/","title":{"rendered":"Gabarito extraoficial Delta PC AM: Confira!"},"content":{"rendered":"\n<p>Neste domingo, 27 de mar\u00e7o, a partir das 20 horas, <strong>nossos professores realizam a corre\u00e7\u00e3o AO VIVO, dando o<\/strong>&nbsp;<strong>gabarito extraoficial Delta PC AM<\/strong>. O concurso oferta <strong>62 vagas<\/strong> no total para o cargo de <strong>Delegado de Pol\u00edcia<\/strong> \u2013 4\u00aa Classe, com remunera\u00e7\u00e3o de <strong>R$ 20.449,05<\/strong>.<\/p>\n\n\n\n<p>As provas para o cargo de Delegado de Pol\u00edcia foram aplicadas durante o dia de hoje, sendo compostas por 100 quest\u00f5es de m\u00faltipla escolha, numeradas sequencialmente, com 5 alternativas e apenas uma resposta correta. De acordo com a banca organizadora, FGV, foram mais de 12 mil inscritos.<\/p>\n\n\n\n<p>Com o objetivo de ajud\u00e1-lo a diminuir um pouco a ansiedade de saber se foi bem ou n\u00e3o em um concurso t\u00e3o visado e importante, iremos possibilitar que voc\u00ea confira, antecipadamente, seu desempenho e ainda receba dicas de recursos (se houver necessidade, claro!). Lembrando que o&nbsp;gabarito oficial preliminar ser\u00e1 publicado pela FGV. <\/p>\n\n\n\n<h2 class=\"wp-block-heading\" id=\"h-correcao-e-gabarito-extraoficial-delta-pc-am\"><span id=\"correcao-e-gabarito-extraoficial-delta-pc-am\">Corre\u00e7\u00e3o e Gabarito Extraoficial Delta PC AM<\/span><\/h2>\n\n\n\n<p>Confira, antecipadamente, seu desempenho e ainda receba dicas de recursos (se houver necessidade, claro!). Lembrando que o&nbsp;gabarito oficial preliminar ser\u00e1 publicado pela FGV. <\/p>\n\n\n\n<figure class=\"wp-block-embed is-type-video is-provider-youtube wp-block-embed-youtube wp-embed-aspect-16-9 wp-has-aspect-ratio\"><div class=\"wp-block-embed__wrapper\">\n<div class=\"cs-embed cs-embed-responsive\"><iframe title=\"Gabarito Extraoficial - Delta PC AM\" width=\"1200\" height=\"675\" src=\"https:\/\/www.youtube.com\/embed\/2wdvkoFAqqU?feature=oembed\" frameborder=\"0\" allow=\"accelerometer; autoplay; clipboard-write; encrypted-media; gyroscope; picture-in-picture; web-share\" allowfullscreen><\/iframe><\/div>\n<\/div><\/figure>\n\n\n\n<p>Contaremos com os seguintes professores:<\/p>\n\n\n\n<figure class=\"wp-block-table is-style-stripes\"><table class=\"has-background\" style=\"background:linear-gradient(135deg,rgb(254,205,165) 0%,rgb(185,119,119) 33%,rgb(220,137,137) 50%,rgb(246,233,242) 100%)\"><tbody><tr><td class=\"has-text-align-center\" data-align=\"center\">Medicina Legal<\/td><td class=\"has-text-align-center\" data-align=\"center\">Paulo Bilynskyj<\/td><\/tr><tr><td class=\"has-text-align-center\" data-align=\"center\">Direito Constitucional<\/td><td class=\"has-text-align-center\" data-align=\"center\">Nelma Fontana<\/td><\/tr><tr><td class=\"has-text-align-center\" data-align=\"center\">Direito Administrativo<\/td><td class=\"has-text-align-center\" data-align=\"center\">Bruno Betti<\/td><\/tr><tr><td class=\"has-text-align-center\" data-align=\"center\">Direito Ambiental<\/td><td class=\"has-text-align-center\" data-align=\"center\">Thiago Leite<\/td><\/tr><tr><td class=\"has-text-align-center\" data-align=\"center\">Criminal\u00edstica<\/td><td class=\"has-text-align-center\" data-align=\"center\">Alexandre Herculano<\/td><\/tr><tr><td class=\"has-text-align-center\" data-align=\"center\">Direito Penal<\/td><td class=\"has-text-align-center\" data-align=\"center\">Michael Procopio<\/td><\/tr><tr><td class=\"has-text-align-center\" data-align=\"center\">Direito Processual Penal<\/td><td class=\"has-text-align-center\" data-align=\"center\">Leonardo Tavares<\/td><\/tr><tr><td class=\"has-text-align-center\" data-align=\"center\">Direito Financeiro e Tribut\u00e1rio<\/td><td class=\"has-text-align-center\" data-align=\"center\">Felipe Duque<\/td><\/tr><tr><td class=\"has-text-align-center\" data-align=\"center\">Legisla\u00e7\u00e3o Penal Especial<\/td><td class=\"has-text-align-center\" data-align=\"center\">Ivan Marques<\/td><\/tr><tr><td class=\"has-text-align-center\" data-align=\"center\">Direitos Humanos<\/td><td class=\"has-text-align-center\" data-align=\"center\">Rafael Barretto<\/td><\/tr><tr><td class=\"has-text-align-center\" data-align=\"center\">Criminologia<\/td><td class=\"has-text-align-center\" data-align=\"center\">Fl\u00e1vio Milhomem<\/td><\/tr><\/tbody><\/table><\/figure>\n\n\n\n<h3 class=\"wp-block-heading\" id=\"h-gabarito-extraoficial-delta-pc-am\"><span id=\"gabarito-extraoficial-delta-pc-am\">Gabarito extraoficial Delta PC AM<\/span><\/h3>\n\n\n\n<p>Abaixo, voc\u00ea confere os gabaritos das quest\u00f5es corrigidas pelos nossos professores.  \u00c0 medida em que as corre\u00e7\u00f5es forem realizadas, o artigo ser\u00e1 atualizado. Como existem v\u00e1rios tipos de provas, voc\u00ea pode conferindo o in\u00edcio da quest\u00e3o e da resposta.<\/p>\n\n\n\n<p class=\"has-pale-cyan-blue-background-color has-background\"><strong>Gabarito extraoficial: Delta AM<\/strong><\/p>\n\n\n\n<p><strong>Quest\u00e3o 1:&nbsp;<\/strong>Ap\u00f3s uma revolu\u00e7\u00e3o que culminou&#8230;<br><strong><em>Resposta:<\/em><\/strong> Cesarista, compromiss\u00f3ria, dirigente&#8230;<\/p>\n\n\n\n<p><strong>Quest\u00e3o 2:&nbsp;<\/strong>O partido XX solicitou&#8230;<br><strong><em>Resposta:<\/em><\/strong> Pode ser utilizada, desde que..<\/p>\n\n\n\n<p><strong>Quest\u00e3o 3:&nbsp;<\/strong>Maria, destacada estudiosa da interpreta\u00e7\u00e3o&#8230;<br><strong><em>Resposta:<\/em><\/strong> As nuances do ambiente sociopol\u00edtico&#8230;<\/p>\n\n\n\n<p><strong>Quest\u00e3o 4:&nbsp;<\/strong>Em um per\u00edodo no qual a Regi\u00e3o Norte&#8230;<br><strong><em>Resposta:<\/em><\/strong> apenas os limites formais&#8230;<\/p>\n\n\n\n<p><strong>Quest\u00e3o 5:&nbsp;<\/strong>O procurador-geral do Munic\u00edpio Alfa&#8230;<br><strong><em>Resposta:<\/em><\/strong> Ainda que o pedido seja julgado&#8230;<\/p>\n\n\n\n<p><strong>Quest\u00e3o 6:&nbsp;<\/strong>O munic\u00edpio Alfa foi citado em uma a\u00e7\u00e3o&#8230;<br><strong><em>Resposta:<\/em><\/strong> O requerimento de edi\u00e7\u00e3o&#8230;<\/p>\n\n\n\n<p><strong>Quest\u00e3o 7:&nbsp;<\/strong>Ap\u00f3s regular aprova\u00e7\u00e3o em concurso p\u00fablico&#8230;<br><strong><em>Resposta:<\/em><\/strong> I e III, apenas<\/p>\n\n\n\n<p><strong>Quest\u00e3o 8:&nbsp;<\/strong>Marie, cidad\u00e3 francesa, empregada&#8230;<br><strong><em>Resposta:<\/em><\/strong> Mathew era brasileiro nato, logo&#8230;tendo a idade m\u00ednima exigida.<\/p>\n\n\n\n<p><strong>Quest\u00e3o 9:&nbsp;<\/strong>Jo\u00e3o impetrou mandado de injun\u00e7\u00e3o&#8230;<br><strong><em>Resposta:<\/em><\/strong> N\u00e3o gera litispend\u00eancia&#8230;.<\/p>\n\n\n\n<p><strong>Quest\u00e3o 10:&nbsp;<\/strong>Jo\u00e3o, brasileiro com vinte anos de idade&#8230;<br><strong><em>Resposta:<\/em><\/strong> deferido, sendo irrelevante&#8230;<\/p>\n\n\n\n<p><strong>Quest\u00e3o 11:&nbsp;<\/strong>A Lei n\u00ba XX do Estado Alfa&#8230;<br><strong><em>Resposta:<\/em><\/strong> inconstitucional, pois compete privativamente&#8230;<\/p>\n\n\n\n<p><strong>Quest\u00e3o 12:&nbsp;<\/strong>Determinado legitimado deflagrou o controle&#8230;<br><strong><em>Resposta:<\/em><\/strong> I, II e III, apenas<\/p>\n\n\n\n<p><strong>Quest\u00e3o 13:&nbsp;<\/strong>A Pol\u00edcia Civil do Estado Alfa, em uma opera\u00e7\u00e3o&#8230;<br><strong><em>Resposta:<\/em><\/strong> Deve ser preso em flagrante, apenas se a hip\u00f3tese &#8230;  n\u00e3o carece de autoriza\u00e7\u00e3o para ser iniciado.<\/p>\n\n\n\n<p><strong>Quest\u00e3o 14:&nbsp;<\/strong>Maria, Ju\u00edza de Direito, sofreu&#8230;<br><strong><em>Resposta:<\/em><\/strong> Isto ser\u00e1 feito perante o \u00f3rg\u00e3o&#8230;<\/p>\n\n\n\n<p><strong>Quest\u00e3o 15:&nbsp;<\/strong>A Lei XX, do Munic\u00edpio Alfa, disp\u00f5e sobre os requisitos&#8230;<br><strong><em>Resposta:<\/em><\/strong> O requisito I \u00e9 inconstitucional&#8230;<\/p>\n\n\n\n<p><strong>Quest\u00e3o 16:&nbsp;<\/strong>Fruto da heran\u00e7a dos postulados iluministas&#8230;<br><strong><em>Resposta:<\/em><\/strong> O princ\u00edpio da materialidade&#8230;<\/p>\n\n\n\n<p><strong>Quest\u00e3o 17:&nbsp;<\/strong>Dentro do modelo de Direito Penal Consensual&#8230;<br><strong><em>Resposta:<\/em><\/strong> Sursis<\/p>\n\n\n\n<p><strong>Quest\u00e3o 18:&nbsp;<\/strong>Assinale a op\u00e7\u00e3o que corresponde a bem jur\u00eddico coletivo aparente&#8230;<br><strong><em>Resposta:<\/em><\/strong> Rela\u00e7\u00f5es de consumo<\/p>\n\n\n\n<p><strong>Quest\u00e3o 19:&nbsp;<\/strong>Dentre os delitos de posse, \u00e9 poss\u00edvel&#8230;<br><strong><em>Resposta:<\/em><\/strong> Possuir material de pornografia infantil<\/p>\n\n\n\n<p><strong>Quest\u00e3o 20:&nbsp;<\/strong>O princ\u00edpio de insignific\u00e2ncia \u00e9 compat\u00edvel com o furto praticado&#8230;<br><strong><em>Resposta:<\/em><\/strong> Por clandestinidade<\/p>\n\n\n\n<p><strong>Quest\u00e3o 21:&nbsp;<\/strong>O princ\u00edpio da insignific\u00e2ncia \u00e9 admitido&#8230;<br><strong><em>Resposta:<\/em><\/strong> descaminho<\/p>\n\n\n\n<p><strong>Quest\u00e3o 22:&nbsp;<\/strong>Quanto ao crime de descaminho&#8230;<br><strong><em>Resposta:<\/em><\/strong> Cuidando-se de crime formal , mostra-se irrelevante o pagamento do tributo <\/p>\n\n\n\n<p><strong>Quest\u00e3o 23:&nbsp;<\/strong>No dia 29 de novembro de 2017, na sede do Distrito Federal&#8230;<br><strong><em>Resposta:<\/em><\/strong> N\u00e3o h\u00e1 configura\u00e7\u00e3o de delito, pois houve a investiga\u00e7\u00e3o de outros fatores..<\/p>\n\n\n\n<p><strong>Quest\u00e3o 24:&nbsp;<\/strong>No exerc\u00edcio da atividade de autoridade policial&#8230;<br><strong><em>Resposta:<\/em><\/strong> at\u00edpico<\/p>\n\n\n\n<p><strong>Quest\u00e3o 25:&nbsp;<\/strong>No que toca ao ac\u00f3rd\u00e3o condenat\u00f3rio&#8230;<br><strong><em>Resposta:<\/em><\/strong> Sempre interrompe a prescri\u00e7\u00e3o, inclusive quando confirmat\u00f3rio&#8230;<\/p>\n\n\n\n<p><strong>Quest\u00e3o 26:&nbsp;<\/strong>Na hip\u00f3tese de um agente ter praticado&#8230;<br><strong><em>Resposta:<\/em><\/strong> crime \u00fanico<\/p>\n\n\n\n<p><strong>Quest\u00e3o 27:&nbsp;<\/strong>Quanto ao delito de apropria\u00e7\u00e3o ind\u00e9bita&#8230;<br><strong><em>Resposta:<\/em><\/strong> h\u00e1 direito subjetivo ao reconhecimento&#8230;<\/p>\n\n\n\n<p><strong>Quest\u00e3o 28:&nbsp;<\/strong>Determinado ocupante de cargo p\u00fablico&#8230;<br><strong><em>Resposta:<\/em><\/strong> concuss\u00e3o <\/p>\n\n\n\n<p><strong>Quest\u00e3o 29:&nbsp;<\/strong>Quanto ao crime de falsidade ideol\u00f3gica&#8230;<br><strong><em>Resposta:<\/em><\/strong> O elemento &#8220;devia constar&#8221;&#8230;<\/p>\n\n\n\n<p><strong>Quest\u00e3o 30:&nbsp;<\/strong>Sobre o delito de constitui\u00e7\u00e3o de mil\u00edcia privada&#8230;<br><strong><em>Resposta:<\/em><\/strong> O tipo penal exige um especial fim&#8230;<\/p>\n\n\n\n<p><strong>Quest\u00e3o 31:&nbsp;<\/strong>Em rela\u00e7\u00e3o \u00e0 pris\u00e3o preventiva&#8230;<br><strong><em>Resposta:<\/em><\/strong> Para seu exame, basta a an\u00e1lise do tempo&#8230;<\/p>\n\n\n\n<p><strong>Quest\u00e3o 32:&nbsp;<\/strong>A partir da interpreta\u00e7\u00e3o conforme a Constitui\u00e7\u00e3o conferida pelo Supremo&#8230;<br><strong><em>Resposta:<\/em><\/strong><\/p>\n\n\n\n<p><strong>Quest\u00e3o 33:&nbsp;<\/strong>Em rela\u00e7\u00e3o ao ju\u00edzo de admissibilidade da imputa\u00e7\u00e3o&#8230;<br><strong><em>Resposta:<\/em><\/strong> Deve receber a den\u00fancia&#8230;<\/p>\n\n\n\n<p><strong>Quest\u00e3o 34:&nbsp;<\/strong>Quanto \u00e0 pris\u00e3o preventiva&#8230;<br><strong><em>Resposta:<\/em><\/strong> Para a decreta\u00e7\u00e3o de cust\u00f3dia&#8230;<\/p>\n\n\n\n<p><strong>Quest\u00e3o 35:&nbsp;<\/strong>Contra a decis\u00e3o que determina a soltura..<br><strong><em>Resposta:<\/em><\/strong> A\u00e7\u00e3o cautelar inominada<\/p>\n\n\n\n<p><strong>Quest\u00e3o 36:&nbsp;<\/strong>Assinale a op\u00e7\u00e3o que apresenta a exig\u00eancia para a realiza\u00e7\u00e3o de um sequestro&#8230;<br><strong><em>Resposta:<\/em><\/strong> Ind\u00edcios veementes da proveni\u00eancia&#8230;<\/p>\n\n\n\n<p><strong>Quest\u00e3o 37:&nbsp;<\/strong>No processo penal, a prerrogativa&#8230;<br><strong><em>Resposta:<\/em><\/strong> Aos integrantes da assist\u00eancia judici\u00e1ria&#8230;<\/p>\n\n\n\n<p><strong>Quest\u00e3o 38:&nbsp;<\/strong>Determinado agente foi imputado&#8230;<br><strong><em>Resposta:<\/em><\/strong> N\u00e3o produz efeitos no marco interruptivo&#8230;<\/p>\n\n\n\n<p><strong>Quest\u00e3o 39:&nbsp;<\/strong>Dentre as medidas cautelares dispon\u00edveis &#8230;.<br><strong><em>Resposta:<\/em><\/strong> Ter sido praticado crime contra a administra\u00e7\u00e3o p\u00fablica&#8230;<\/p>\n\n\n\n<p><strong>Quest\u00e3o 40:&nbsp;<\/strong>Durante determinada investiga\u00e7\u00e3o&#8230;.<br><strong><em>Resposta:<\/em><\/strong> A colaboradora, ainda que na condi\u00e7\u00e3o&#8230;<\/p>\n\n\n\n<p><strong>Quest\u00e3o 41:&nbsp;<\/strong>Jo\u00e3o foi investigado, processado e julgado&#8230;<br><strong><em>Resposta:<\/em><\/strong> A condena\u00e7\u00e3o anterior pelo crime&#8230;<\/p>\n\n\n\n<p><strong>Quest\u00e3o 42:&nbsp;<\/strong>Sobre o reconhecimento fotogr\u00e1fico&#8230;<br><strong><em>Resposta:<\/em><\/strong> <strong>Duas alternativas foram consideradas corretas: c)<\/strong> a inobserv\u00e2ncia total ou parcial dos preceitos&#8230;interfere na legitimidade&#8230;<strong>e)<\/strong> o reconhecimento fotogr\u00e1fico realizado na investiga\u00e7\u00e3o&#8230;<\/p>\n\n\n\n<p><strong>Quest\u00e3o 43:&nbsp;<\/strong>Em rela\u00e7\u00e3o \u00e0 concess\u00e3o de benef\u00edcios..<br><strong><em>Resposta:<\/em><\/strong> A longa pena a ser cumprida&#8230;<\/p>\n\n\n\n<p><strong>Quest\u00e3o 44:&nbsp;<\/strong>O apenado comete falta disciplinar&#8230;<br><strong><em>Resposta:<\/em><\/strong> imp\u00f5e-se a regress\u00e3o de regime&#8230;<\/p>\n\n\n\n<p><strong>Quest\u00e3o 45:&nbsp;<\/strong>A concess\u00e3o de pris\u00e3o domiciliar&#8230;<br><strong><em>Resposta:<\/em>Quest\u00e3o 44:&nbsp;<\/strong>O apenado comete falta disciplinar&#8230;<br><strong><em>Resposta:<\/em><\/strong> A execu\u00e7\u00e3o da penal em regime aberto.<\/p>\n\n\n\n<p><strong>Quest\u00e3o 46:&nbsp;<\/strong>No dia 13 de dezembro de 2021, Joaquim&#8230;<br><strong><em>Resposta:<\/em><\/strong> N\u00e3o h\u00e1 altera\u00e7\u00e3o da situa\u00e7\u00e3o jur\u00eddico penal, pois n\u00e3o houve&#8230;.<\/p>\n\n\n\n<p><strong>Quest\u00e3o 47:&nbsp;<\/strong>Em rela\u00e7\u00e3o \u00e0s medidas assecurat\u00f3rias&#8230;<br><strong><em>Resposta:<\/em><\/strong> No sequestro s\u00e3o atingidos bens m\u00f3veis&#8230;<\/p>\n\n\n\n<p><strong>Quest\u00e3o 48:&nbsp;<\/strong>Ainda em rela\u00e7\u00e3o \u00e0s medidas assecurat\u00f3rias&#8230;<br><strong><em>Resposta:<\/em><\/strong> Indicios suficientes<\/p>\n\n\n\n<p><strong>Quest\u00e3o 49:&nbsp;<\/strong>Tratando-se de colabora\u00e7\u00e3o premiada&#8230;<br><strong><em>Resposta:<\/em><\/strong> somente aos elementos de convic\u00e7\u00e3o que lhe digam&#8230;<\/p>\n\n\n\n<p><strong>Quest\u00e3o 50:&nbsp;<\/strong>No que toca ao delito do Art. 2\u00ba da Lei 12.850\/13&#8230;<br><strong><em>Resposta:<\/em><\/strong> n\u00e3o existe conex\u00e3o necess\u00e1ria&#8230;<\/p>\n\n\n\n<p><strong>Quest\u00e3o 51:&nbsp;<\/strong>Luiz, vereador da cidade de Natal\/RN&#8230;<br><strong><em>Resposta:<\/em><\/strong> da Vara \u00danica da Comarca de Careiro&#8230;<\/p>\n\n\n\n<p><strong>Quest\u00e3o 52:&nbsp;<\/strong>Daniel foi flagrado em posse de grande acervo&#8230;<br><strong><em>Resposta:<\/em><\/strong> pelos delitos dos artigos&#8230;em concurso material<\/p>\n\n\n\n<p><strong>Quest\u00e3o 53:&nbsp;<\/strong>No dia 22de fevereiro de 2022, Jos\u00e9&#8230;<br><strong><em>Resposta:<\/em><\/strong> admite participa\u00e7\u00e3o material, mas n\u00e3o coautoria<\/p>\n\n\n\n<p><strong>Quest\u00e3o 54:&nbsp;<\/strong>Em cumprimento ao mandado de busca e apreens\u00e3o&#8230;<br><strong><em>Resposta:<\/em><\/strong> deve ser indeferido , diante da discricionariedade &#8230;<\/p>\n\n\n\n<p><strong>Quest\u00e3o 55:&nbsp;<\/strong>Durante a investiga\u00e7\u00e3o das atividades&#8230;<br><strong><em>Resposta:<\/em><\/strong> N\u00e3o h\u00e1 crime tribut\u00e1rio, pois o d\u00e9bito&#8230;<\/p>\n\n\n\n<p><strong>Quest\u00e3o 56:&nbsp;<\/strong>Determinada guarni\u00e7\u00e3o policial militar&#8230;<br><strong><em>Resposta:<\/em><\/strong> deve ter a arma de fogo apreendida&#8230;<\/p>\n\n\n\n<p><strong>Quest\u00e3o 57:&nbsp;<\/strong>Durante determinada investiga\u00e7\u00e3o, a autoridade&#8230;<br><strong><em>Resposta:<\/em><\/strong> Na condi\u00e7\u00e3o de colaborados, M\u00f4nica&#8230;<\/p>\n\n\n\n<p><strong>Quest\u00e3o 58:&nbsp;<\/strong>Ap\u00f3s conturbada e conflitiva separa\u00e7\u00e3o&#8230;<br><strong><em>Resposta:<\/em><\/strong> Embora o relacionamento entre os dois tenha de encerrado&#8230;<\/p>\n\n\n\n<p><strong>Quest\u00e3o 59:&nbsp;<\/strong>Sobre o acesso do agente delatado&#8230;<br><strong><em>Resposta:<\/em><\/strong> por constitu\u00edrem meio de obten\u00e7\u00e3o&#8230;<\/p>\n\n\n\n<p><strong>Quest\u00e3o 60:&nbsp;<\/strong>A intercepta\u00e7\u00e3o de comunica\u00e7\u00f5es&#8230;<br><strong><em>Resposta:<\/em><\/strong> A utiliza\u00e7\u00e3o da t\u00e9cnica, seja para fim&#8230;<\/p>\n\n\n\n<p><strong>Quest\u00e3o 61:&nbsp;<\/strong>Em janeiro de 2022, o policial civil&#8230;<br><strong><em>Resposta:<\/em><\/strong> N\u00e3o est\u00e1 sujeito a perda da fun\u00e7\u00e3o p\u00fablica&#8230;<\/p>\n\n\n\n<p><strong>Quest\u00e3o 62:&nbsp;<\/strong>O estado Beta editou lei estadual&#8230;<br><strong><em>Resposta:<\/em><\/strong> Inconstitucional, porque vincula ou referencia&#8230;<\/p>\n\n\n\n<p><strong>Quest\u00e3o 63:&nbsp;<\/strong>M\u00e1rcio, delegado de Pol\u00edcia Civil do Estado Alfa&#8230;<br><strong><em>Resposta:<\/em><\/strong> Esta sujeito ao prazo de cinco anos&#8230;<\/p>\n\n\n\n<p><strong>Quest\u00e3o 64<\/strong>: Em fevereiro de 2022, a Pol\u00edcia Civil do Estado Gama..<br><strong><em>Resposta:<\/em><\/strong> ser precedida de licita\u00e7\u00e3o e Avalia\u00e7\u00e3o pr\u00e9via do bem&#8230;<\/p>\n\n\n\n<p><strong>Quest\u00e3o 65:&nbsp;<\/strong>Jos\u00e9, delegado de Pol\u00edcia do Estado do Amazonas&#8230;<br><strong><em>Resposta:<\/em><\/strong> poder\u00e1 ser revisto, a qualquer tempo&#8230;<\/p>\n\n\n\n<p><strong>Quest\u00e3o 66:&nbsp;<\/strong>Com o escopo de valorizar a carreira policial&#8230;<br><strong><em>Resposta:<\/em><\/strong> Inconstitucional, haja vista que o atual texto&#8230;<\/p>\n\n\n\n<p><strong>Quest\u00e3o 67:&nbsp;<\/strong>Jo\u00e3o praticou crime ambiental de maus-tratos&#8230;<br><strong><em>Resposta:<\/em><\/strong> Prioritariamente libertados em seu habitat ou, sendo tal medida invi\u00e1vel  ou n\u00e3o recomend\u00e1vel por quest\u00f5es sanit\u00e1rias, entregues a jardins zool\u00f3gicos, funda\u00e7\u00f5es ou entidade assemelhadas, para guarda e cuidados sob a responsabilidade de t\u00e9cnicos habilitados, de maneira que \u00e9 inconstitucional&#8230;<\/p>\n\n\n\n<p><strong>Quest\u00e3o 68:&nbsp;<\/strong>Jos\u00e9, de forma livre e consciente, causou polui\u00e7\u00e3o&#8230;<br><strong><em>Resposta:<\/em><\/strong> crime ambiental e est\u00e1 sujeito a reclus\u00e3o de um a cinco anos.<\/p>\n\n\n\n<p><strong>Quest\u00e3o 69:&nbsp;<\/strong>De acordo com a Lei n\u00ba 9.985\/00&#8230;<br><strong><em>Resposta:<\/em><\/strong> Floresta Nacional<\/p>\n\n\n\n<p><strong>Quest\u00e3o 70:&nbsp;<\/strong>A Constitui\u00e7\u00e3o da Rep\u00fablica, em seu Art.225&#8230;<br><strong><em>Resposta:<\/em><\/strong> solidariedade intergeracional  <\/p>\n\n\n\n<p><strong>Quest\u00e3o 71:&nbsp;<\/strong>A sociedade empres\u00e1ria Alfa&#8230;<br><strong><em>Resposta:<\/em><\/strong> aplica-se a responsabilidade objetiva&#8230;pela teoria do risco integral&#8230;<\/p>\n\n\n\n<p><strong>Quest\u00e3o 72:&nbsp;<\/strong>Jo\u00e3o transportava madeira sem licen\u00e7a&#8230;<br><strong><em>Resposta:<\/em><\/strong> N\u00e3o possui direito p\u00fablico subjetivo&#8230;a Administra\u00e7\u00e3o P\u00fablica deve avaliar&#8230;<\/p>\n\n\n\n<p><strong>Quest\u00e3o 73:&nbsp;<\/strong>Em 2022, a Secretaria de Fazenda do Estado Alfa&#8230;<br><strong><em>Resposta:<\/em><\/strong> I, II e III<\/p>\n\n\n\n<p><strong>Quest\u00e3o 74:&nbsp;<\/strong>No Estado Beta, ao final do primeiro quadrimestre&#8230;<br><strong><em>Resposta:<\/em><\/strong> I e II, apenas<\/p>\n\n\n\n<p><strong>Quest\u00e3o 75:&nbsp;<\/strong>O Sindicato de Delegados de Pol\u00edcia do Estado Gama..<br><strong><em>Resposta:<\/em><\/strong> N\u00e3o dever\u00e1 recolher&#8230;em raz\u00e3o da aquisi\u00e7\u00e3o do im\u00f3vel.<\/p>\n\n\n\n<p><strong>Quest\u00e3o 76:&nbsp;<\/strong>A respeito da disciplina constitucional do or\u00e7amento&#8230;<br><strong><em>Resposta:<\/em><\/strong> II, apenas<\/p>\n\n\n\n<p><strong>Quest\u00e3o 77:&nbsp;<\/strong>321 Vestu\u00e1rio Ltda, atuante no com\u00e9rcio&#8230;<br><strong><em>Resposta:<\/em><\/strong> Um lan\u00e7amento de of\u00edcio<\/p>\n\n\n\n<p><strong>Quest\u00e3o 78:&nbsp;<\/strong>Sobre as condi\u00e7\u00f5es necess\u00e1rias para que um m\u00e9todo&#8230;<br><strong><em>Resposta:<\/em><\/strong> Praticabilidade &#8211; necessidade&#8230;<\/p>\n\n\n\n<p><strong>Quest\u00e3o 79:&nbsp;<\/strong>Dentre os limitadores e modificadores&#8230;<strong><br><em>Resposta:<\/em> <\/strong>A emo\u00e7\u00e3o, descrita&#8230;<\/p>\n\n\n\n<p><strong>Quest\u00e3o 80:&nbsp;<\/strong>O conhecimentos das caracter\u00edsticas das feridas&#8230;<strong><br><\/strong><em><strong>Resposta:<\/strong><\/em> Cabe anula\u00e7\u00e3o &#8211; nenhuma alternativa correta<\/p>\n\n\n\n<p><strong>Quest\u00e3o 81:<\/strong> Sobre os fen\u00f4menos cadav\u00e9ricos&#8230;<strong><br>Resposta:<\/strong> A marcha da rigidez cadav\u00e9rica&#8230;<\/p>\n\n\n\n<p><strong>Quest\u00e3o 82: <\/strong>O estudo do h\u00edmen ainda \u00e9 muito valorizado&#8230;<strong><br>Resposta:<\/strong> As car\u00fanculas mirtiformtes&#8230;<\/p>\n\n\n\n<p><strong>Quest\u00e3o 83:<\/strong> Ao chegar a uma cena de encontro de cad\u00e1ver&#8230;<strong><br>Resposta:<\/strong> Suic\u00eddio, sem concorr\u00eancia de agentes vulnerantes&#8230;<\/p>\n\n\n\n<p><strong>Quest\u00e3o 84: <\/strong>O pacote anticrime&#8230;<strong><br>Resposta:<\/strong> O reconhecimento corresponde \u00e0 distin\u00e7\u00e3o&#8230;<\/p>\n\n\n\n<p><strong>Quest\u00e3o 85: <\/strong>Ao chegar a um &#8220;local de fato&#8221;&#8230;<strong><br>Resposta:<\/strong> preservar o local<\/p>\n\n\n\n<p><strong>Quest\u00e3o 86: <\/strong>De acordo com o Art. 160 do CPP&#8230;<strong><br>Resposta:<\/strong> o laudo pericial ser\u00e1 elaborado no prazo m\u00e1ximo de 10 dias, podendo ser prorrogado&#8230;<\/p>\n\n\n\n<p><strong>Quest\u00e3o 87: <\/strong>O Art. 158 do CPP&#8230;<strong><br>Resposta:<\/strong> O corpo de delito \u00e9 a base residual&#8230;<\/p>\n\n\n\n<p><strong>Quest\u00e3o 88: <\/strong>Acerca da defini\u00e7\u00e3o de infra\u00e7\u00e3o penal&#8230;<strong><br>Resposta:<\/strong> O vest\u00edgio, uma vez analisado e interpretado&#8230;<\/p>\n\n\n\n<p><strong>Quest\u00e3o 89: <\/strong>Considerando as teorias criminol\u00f3gicas&#8230;<strong><br>Resposta<\/strong>: II e III, apenas<\/p>\n\n\n\n<p><strong>Quest\u00e3o 90: <\/strong>\u00c9 not\u00f3ria a predomin\u00e2ncia de pessoas negras&#8230;<strong><br>Resposta:<\/strong> II e III<\/p>\n\n\n\n<p><strong>Quest\u00e3o 91: &#8220;Tal pressuposto parece-me ignorar o fato central&#8230;<br>Resposta:<\/strong> A partir de sua observa\u00e7\u00f5es sobre desvio e rea\u00e7\u00e3o&#8230;<\/p>\n\n\n\n<p><strong>Quest\u00e3o 92:<\/strong>&#8220;Dos delitos e das penas&#8221; \u00e9 um tratado&#8230;<strong><br>Resposta<\/strong>: III, apenas<\/p>\n\n\n\n<p><strong>Quest\u00e3o 93:<\/strong> O informe do Conselho Nacional de Justi\u00e7a&#8230;.<strong><br>Resposta:<\/strong> Parte do processo de prisionaliza\u00e7\u00e3o&#8230;<\/p>\n\n\n\n<p><strong>Quest\u00e3o 94: <\/strong>A criminologia cr\u00edtica atinge o mais alto n\u00edvel&#8230;<strong><br>Resposta<\/strong>: O funcionamento da Justi\u00e7a penal&#8230;.<\/p>\n\n\n\n<p><strong>Quest\u00e3o 95: <\/strong>Ant\u00f4nio e Pedro, estudiosos do Direito Internacional&#8230;<strong><br>Resposta<\/strong>: III, apenas<\/p>\n\n\n\n<p><strong>Quest\u00e3o 96: <\/strong>Determinado agente p\u00fablico, ao interpretar&#8230;<strong><br>Resposta<\/strong>: est\u00e1 incorreta, sendo expressamente&#8230;<\/p>\n\n\n\n<p><strong>Quest\u00e3o 97: <\/strong>Maria, Secret\u00e1ria do Estado do Sistema Prisional..<strong><br>Resposta<\/strong>: I e III, apenas<\/p>\n\n\n\n<p><strong>Quest\u00e3o 98: <\/strong>Jo\u00e3o, policial civil do Estado Alfa&#8230;<strong><br>Resposta<\/strong>: estavam totalmente corretas e em perfeita harmonia&#8230;<\/p>\n\n\n\n<p><strong>Quest\u00e3o 99: <\/strong>Maria, presidente da Associa\u00e7\u00e3o de Pessoas com Defici\u00eancia&#8230;<br><strong>Resposta<\/strong>: Um dever jur\u00eddico previsto em norma internacional e que foi encorpado \u00e0 ordem jur\u00eddica interna com o status de norma constitucional&#8230;.<\/p>\n\n\n\n<p><strong>Quest\u00e3o 100: <\/strong>Joana, ativista dos Direitos Humanos&#8230;<strong><br>Resposta<\/strong>: Produziu efeitos em rela\u00e7\u00e3o ao caso concreto e a outros aspectos da Seguran\u00e7a P\u00fablica &#8230;.<\/p>\n\n\n\n<h2 class=\"has-text-align-center has-luminous-vivid-amber-background-color has-background has-medium-font-size wp-block-heading\" id=\"saiba-mais-concurso-delegado-am\"><a href=\"https:\/\/cj.estrategia.com\/portal\/concurso-delegado-am\/\" target=\"_blank\" >Saiba mais: Concurso Delegado AM<\/a><\/h2>\n\n\n\n<hr class=\"wp-block-separator\"\/>\n\n\n\n<h2 class=\"has-text-align-center wp-block-heading\" id=\"h-quer-saber-tudo-sobre-concursos-previstos-confira-nossos-artigos\"><span id=\"quer-saber-tudo-sobre-concursos-previstosconfira-nossos-artigos\">Quer saber tudo sobre concursos previstos?<br>Confira nossos artigos!<\/span><\/h2>\n\n\n\n<ul class=\"wp-block-list\"><li><a href=\"https:\/\/www.estrategiaconcursos.com.br\/blog\/concursos-abertos\/\" target=\"_blank\" >Concursos abertos<\/a><\/li><li><a href=\"https:\/\/www.estrategiaconcursos.com.br\/blog\/concursos-2022\/\" target=\"_blank\" >Concursos 2022<\/a><\/li><\/ul>\n\n\n\n<div class=\"container\" id=\"boxes\">\n  <div class=\"row\">\n\n    <div class=\"col-sm\">\n      <div class=\"banner-ecj\" id=\"box-assinatura\">\n        <h3 id=\"curso-para-concurso-delegado-am\" class=\"titulo-assinatura\">Curso para Concurso Delegado AM  <\/h3>\n        <p class=\"subtitulo-assinatura\">Cursos focados no edital do concurso<\/p>\n        <div class=\"box-botao\">\n          <a class=\"btn-assinatura\" target=\"_blank\" href=\"https:\/\/www.estrategiaconcursos.com.br\/cursosPorConcurso\/policia-civil-am-delegado\/\" role=\"button\" rel=\"noopener noreferrer\">Conhe\u00e7a mais<\/a>\n        <\/div>\n      <\/div>\n      <p class=\"texto-auxiliar\">Prepare-se com o melhor material e com quem mais aprova em concursos em todo o pa\u00eds. \n<\/p>\n    <\/div>\n\n  <\/div>\n<\/div>\n\n\n\n<div class=\"container\" id=\"boxes\">\n  <div class=\"row\">\n\n    <div class=\"col-sm\">\n      <div class=\"banner-ecj\" id=\"box-assinatura\">\n        <h3 id=\"assinatura-juridica\" class=\"titulo-assinatura\">Assinatura Jur\u00eddica <\/h3>\n        <p class=\"subtitulo-assinatura\">Conhe\u00e7a os planos<\/p>\n        <div class=\"box-botao\">\n          <a class=\"btn-assinatura\" target=\"_blank\" href=\"https:\/\/www.estrategiaconcursos.com.br\/assinaturas-ecj\/\" role=\"button\" rel=\"noopener noreferrer\">Conhe\u00e7a mais<\/a>\n        <\/div>\n      <\/div>\n      <p class=\"texto-auxiliar\">Prepare-se com o melhor material e com quem mais aprova em Concursos P\u00fablicos em todo o pa\u00eds. \n<\/p>\n    <\/div>\n\n  <\/div>\n<\/div>\n","protected":false},"excerpt":{"rendered":"Neste domingo, 27 de mar\u00e7o, a partir das 20 horas, nossos professores realizam a corre\u00e7\u00e3o AO VIVO, dando&hellip;\n","protected":false},"author":12,"featured_media":887,"comment_status":"open","ping_status":"open","sticky":false,"template":"","format":"standard","meta":{"_jetpack_memberships_contains_paid_content":false,"footnotes":""},"categories":[1,28],"tags":[],"tax_estado":[32],"class_list":{"0":"post-769","1":"post","2":"type-post","3":"status-publish","4":"format-standard","5":"has-post-thumbnail","7":"category-carreiras-juridicas","8":"category-delegado","9":"tax_estado-am"},"acf":[],"yoast_head":"<!-- This site is optimized with the Yoast SEO Premium plugin v27.4 (Yoast SEO v27.4) - https:\/\/yoast.com\/product\/yoast-seo-premium-wordpress\/ -->\n<title>Gabarito extraoficial Delta PC AM: Confira!<\/title>\n<meta name=\"description\" content=\"Gabarito Extraoficial Delta PC AM: Confira a corre\u00e7\u00e3o ao vivo com o nossos professores e saiba como foi seu desempenho!\" \/>\n<meta name=\"robots\" content=\"index, follow, max-snippet:-1, max-image-preview:large, max-video-preview:-1\" \/>\n<link rel=\"canonical\" href=\"https:\/\/cj.estrategia.com\/portal\/gabarito-extraoficial-delta-pc-am\/\" \/>\n<meta property=\"og:locale\" content=\"pt_BR\" \/>\n<meta property=\"og:type\" content=\"article\" \/>\n<meta property=\"og:title\" content=\"Gabarito extraoficial Delta PC AM: Confira!\" \/>\n<meta property=\"og:description\" content=\"Gabarito Extraoficial Delta PC AM: Confira a corre\u00e7\u00e3o ao vivo com o nossos professores e saiba como foi seu desempenho!\" \/>\n<meta property=\"og:url\" content=\"https:\/\/cj.estrategia.com\/portal\/gabarito-extraoficial-delta-pc-am\/\" \/>\n<meta property=\"og:site_name\" content=\"Blog - Carreiras Jur\u00eddicas - Estrat\u00e9gia\" \/>\n<meta property=\"article:publisher\" content=\"https:\/\/www.facebook.com\/estrategiacarreirajuridica\/\" \/>\n<meta property=\"article:published_time\" content=\"2022-03-27T12:18:00+00:00\" \/>\n<meta property=\"article:modified_time\" content=\"2022-03-28T12:32:31+00:00\" \/>\n<meta property=\"og:image\" content=\"https:\/\/cj.estrategia.com\/portal\/wp-content\/uploads\/2022\/03\/24183845\/1280-720-max-2-1.jpg\" \/>\n\t<meta property=\"og:image:width\" content=\"1280\" \/>\n\t<meta property=\"og:image:height\" content=\"720\" \/>\n\t<meta property=\"og:image:type\" content=\"image\/jpeg\" \/>\n<meta name=\"author\" content=\"Coordena\u00e7\u00e3o\" \/>\n<meta name=\"twitter:card\" content=\"summary_large_image\" \/>\n<meta name=\"twitter:creator\" content=\"@EstratJuridica\" \/>\n<meta name=\"twitter:site\" content=\"@EstratJuridica\" \/>\n<meta name=\"twitter:label1\" content=\"Escrito por\" \/>\n\t<meta name=\"twitter:data1\" content=\"Coordena\u00e7\u00e3o\" \/>\n\t<meta name=\"twitter:label2\" content=\"Est. tempo de leitura\" \/>\n\t<meta name=\"twitter:data2\" content=\"11 minutos\" \/>\n<script type=\"application\/ld+json\" class=\"yoast-schema-graph\">{\"@context\":\"https:\\\/\\\/schema.org\",\"@graph\":[{\"@type\":\"NewsArticle\",\"@id\":\"https:\\\/\\\/cj.estrategia.com\\\/portal\\\/gabarito-extraoficial-delta-pc-am\\\/#article\",\"isPartOf\":{\"@id\":\"https:\\\/\\\/cj.estrategia.com\\\/portal\\\/gabarito-extraoficial-delta-pc-am\\\/\"},\"author\":{\"name\":\"Coordena\u00e7\u00e3o\",\"@id\":\"https:\\\/\\\/cj.estrategia.com\\\/portal\\\/#\\\/schema\\\/person\\\/4d70317d31449932b99102916b6637f5\"},\"headline\":\"Gabarito extraoficial Delta PC AM: Confira!\",\"datePublished\":\"2022-03-27T12:18:00+00:00\",\"dateModified\":\"2022-03-28T12:32:31+00:00\",\"mainEntityOfPage\":{\"@id\":\"https:\\\/\\\/cj.estrategia.com\\\/portal\\\/gabarito-extraoficial-delta-pc-am\\\/\"},\"wordCount\":2232,\"commentCount\":0,\"publisher\":{\"@id\":\"https:\\\/\\\/cj.estrategia.com\\\/portal\\\/#organization\"},\"image\":{\"@id\":\"https:\\\/\\\/cj.estrategia.com\\\/portal\\\/gabarito-extraoficial-delta-pc-am\\\/#primaryimage\"},\"thumbnailUrl\":\"https:\\\/\\\/cj.estrategia.com\\\/portal\\\/wp-content\\\/uploads\\\/2022\\\/03\\\/24183845\\\/1280-720-max-2-1.jpg\",\"articleSection\":[\"Carreiras Jur\u00eddicas\",\"Delegado\"],\"inLanguage\":\"pt-BR\",\"potentialAction\":[{\"@type\":\"CommentAction\",\"name\":\"Comment\",\"target\":[\"https:\\\/\\\/cj.estrategia.com\\\/portal\\\/gabarito-extraoficial-delta-pc-am\\\/#respond\"]}]},{\"@type\":\"WebPage\",\"@id\":\"https:\\\/\\\/cj.estrategia.com\\\/portal\\\/gabarito-extraoficial-delta-pc-am\\\/\",\"url\":\"https:\\\/\\\/cj.estrategia.com\\\/portal\\\/gabarito-extraoficial-delta-pc-am\\\/\",\"name\":\"Gabarito extraoficial Delta PC AM: Confira!\",\"isPartOf\":{\"@id\":\"https:\\\/\\\/cj.estrategia.com\\\/portal\\\/#website\"},\"primaryImageOfPage\":{\"@id\":\"https:\\\/\\\/cj.estrategia.com\\\/portal\\\/gabarito-extraoficial-delta-pc-am\\\/#primaryimage\"},\"image\":{\"@id\":\"https:\\\/\\\/cj.estrategia.com\\\/portal\\\/gabarito-extraoficial-delta-pc-am\\\/#primaryimage\"},\"thumbnailUrl\":\"https:\\\/\\\/cj.estrategia.com\\\/portal\\\/wp-content\\\/uploads\\\/2022\\\/03\\\/24183845\\\/1280-720-max-2-1.jpg\",\"datePublished\":\"2022-03-27T12:18:00+00:00\",\"dateModified\":\"2022-03-28T12:32:31+00:00\",\"description\":\"Gabarito Extraoficial Delta PC AM: Confira a corre\u00e7\u00e3o ao vivo com o nossos professores e saiba como foi seu desempenho!\",\"breadcrumb\":{\"@id\":\"https:\\\/\\\/cj.estrategia.com\\\/portal\\\/gabarito-extraoficial-delta-pc-am\\\/#breadcrumb\"},\"inLanguage\":\"pt-BR\",\"potentialAction\":[{\"@type\":\"ReadAction\",\"target\":[\"https:\\\/\\\/cj.estrategia.com\\\/portal\\\/gabarito-extraoficial-delta-pc-am\\\/\"]}]},{\"@type\":\"ImageObject\",\"inLanguage\":\"pt-BR\",\"@id\":\"https:\\\/\\\/cj.estrategia.com\\\/portal\\\/gabarito-extraoficial-delta-pc-am\\\/#primaryimage\",\"url\":\"https:\\\/\\\/cj.estrategia.com\\\/portal\\\/wp-content\\\/uploads\\\/2022\\\/03\\\/24183845\\\/1280-720-max-2-1.jpg\",\"contentUrl\":\"https:\\\/\\\/cj.estrategia.com\\\/portal\\\/wp-content\\\/uploads\\\/2022\\\/03\\\/24183845\\\/1280-720-max-2-1.jpg\",\"width\":1280,\"height\":720,\"caption\":\"Gabarito Extraoficial Delta PC AM\"},{\"@type\":\"BreadcrumbList\",\"@id\":\"https:\\\/\\\/cj.estrategia.com\\\/portal\\\/gabarito-extraoficial-delta-pc-am\\\/#breadcrumb\",\"itemListElement\":[{\"@type\":\"ListItem\",\"position\":1,\"name\":\"In\u00edcio\",\"item\":\"https:\\\/\\\/cj.estrategia.com\\\/portal\\\/\"},{\"@type\":\"ListItem\",\"position\":2,\"name\":\"Gabarito extraoficial Delta PC AM: Confira!\"}]},{\"@type\":\"WebSite\",\"@id\":\"https:\\\/\\\/cj.estrategia.com\\\/portal\\\/#website\",\"url\":\"https:\\\/\\\/cj.estrategia.com\\\/portal\\\/\",\"name\":\"Blog - Carreiras Jur\u00eddicas - Estrat\u00e9gia\",\"description\":\"\",\"publisher\":{\"@id\":\"https:\\\/\\\/cj.estrategia.com\\\/portal\\\/#organization\"},\"potentialAction\":[{\"@type\":\"SearchAction\",\"target\":{\"@type\":\"EntryPoint\",\"urlTemplate\":\"https:\\\/\\\/cj.estrategia.com\\\/portal\\\/?s={search_term_string}\"},\"query-input\":{\"@type\":\"PropertyValueSpecification\",\"valueRequired\":true,\"valueName\":\"search_term_string\"}}],\"inLanguage\":\"pt-BR\"},{\"@type\":\"Organization\",\"@id\":\"https:\\\/\\\/cj.estrategia.com\\\/portal\\\/#organization\",\"name\":\"Estrat\u00e9gia - Carreiras Jur\u00eddicas\",\"url\":\"https:\\\/\\\/cj.estrategia.com\\\/portal\\\/\",\"logo\":{\"@type\":\"ImageObject\",\"inLanguage\":\"pt-BR\",\"@id\":\"https:\\\/\\\/cj.estrategia.com\\\/portal\\\/#\\\/schema\\\/logo\\\/image\\\/\",\"url\":\"https:\\\/\\\/cj.estrategia.com\\\/portal\\\/wp-content\\\/uploads\\\/2022\\\/03\\\/11151052\\\/cj-logo.png\",\"contentUrl\":\"https:\\\/\\\/cj.estrategia.com\\\/portal\\\/wp-content\\\/uploads\\\/2022\\\/03\\\/11151052\\\/cj-logo.png\",\"width\":150,\"height\":39,\"caption\":\"Estrat\u00e9gia - Carreiras Jur\u00eddicas\"},\"image\":{\"@id\":\"https:\\\/\\\/cj.estrategia.com\\\/portal\\\/#\\\/schema\\\/logo\\\/image\\\/\"},\"sameAs\":[\"https:\\\/\\\/www.facebook.com\\\/estrategiacarreirajuridica\\\/\",\"https:\\\/\\\/x.com\\\/EstratJuridica\",\"https:\\\/\\\/www.instagram.com\\\/estrategiacarreirajuridica\\\/\",\"https:\\\/\\\/www.youtube.com\\\/channel\\\/UClbMGuYbj2Mh1m3w144ETWQ\"]},{\"@type\":\"Person\",\"@id\":\"https:\\\/\\\/cj.estrategia.com\\\/portal\\\/#\\\/schema\\\/person\\\/4d70317d31449932b99102916b6637f5\",\"name\":\"Coordena\u00e7\u00e3o\",\"image\":{\"@type\":\"ImageObject\",\"inLanguage\":\"pt-BR\",\"@id\":\"https:\\\/\\\/cj.estrategia.com\\\/portal\\\/wp-content\\\/uploads\\\/2022\\\/05\\\/12164923\\\/estrategia-carreira-juridica-coordenacao-96x96.png\",\"url\":\"https:\\\/\\\/cj.estrategia.com\\\/portal\\\/wp-content\\\/uploads\\\/2022\\\/05\\\/12164923\\\/estrategia-carreira-juridica-coordenacao-96x96.png\",\"contentUrl\":\"https:\\\/\\\/cj.estrategia.com\\\/portal\\\/wp-content\\\/uploads\\\/2022\\\/05\\\/12164923\\\/estrategia-carreira-juridica-coordenacao-96x96.png\",\"caption\":\"Coordena\u00e7\u00e3o\"},\"url\":\"https:\\\/\\\/cj.estrategia.com\\\/portal\\\/author\\\/coordenacao\\\/\"}]}<\/script>\n<!-- \/ Yoast SEO Premium plugin. -->","yoast_head_json":{"title":"Gabarito extraoficial Delta PC AM: Confira!","description":"Gabarito Extraoficial Delta PC AM: Confira a corre\u00e7\u00e3o ao vivo com o nossos professores e saiba como foi seu desempenho!","robots":{"index":"index","follow":"follow","max-snippet":"max-snippet:-1","max-image-preview":"max-image-preview:large","max-video-preview":"max-video-preview:-1"},"canonical":"https:\/\/cj.estrategia.com\/portal\/gabarito-extraoficial-delta-pc-am\/","og_locale":"pt_BR","og_type":"article","og_title":"Gabarito extraoficial Delta PC AM: Confira!","og_description":"Gabarito Extraoficial Delta PC AM: Confira a corre\u00e7\u00e3o ao vivo com o nossos professores e saiba como foi seu desempenho!","og_url":"https:\/\/cj.estrategia.com\/portal\/gabarito-extraoficial-delta-pc-am\/","og_site_name":"Blog - Carreiras Jur\u00eddicas - Estrat\u00e9gia","article_publisher":"https:\/\/www.facebook.com\/estrategiacarreirajuridica\/","article_published_time":"2022-03-27T12:18:00+00:00","article_modified_time":"2022-03-28T12:32:31+00:00","og_image":[{"width":1280,"height":720,"url":"https:\/\/cj.estrategia.com\/portal\/wp-content\/uploads\/2022\/03\/24183845\/1280-720-max-2-1.jpg","type":"image\/jpeg"}],"author":"Coordena\u00e7\u00e3o","twitter_card":"summary_large_image","twitter_creator":"@EstratJuridica","twitter_site":"@EstratJuridica","twitter_misc":{"Escrito por":"Coordena\u00e7\u00e3o","Est. tempo de leitura":"11 minutos"},"schema":{"@context":"https:\/\/schema.org","@graph":[{"@type":"NewsArticle","@id":"https:\/\/cj.estrategia.com\/portal\/gabarito-extraoficial-delta-pc-am\/#article","isPartOf":{"@id":"https:\/\/cj.estrategia.com\/portal\/gabarito-extraoficial-delta-pc-am\/"},"author":{"name":"Coordena\u00e7\u00e3o","@id":"https:\/\/cj.estrategia.com\/portal\/#\/schema\/person\/4d70317d31449932b99102916b6637f5"},"headline":"Gabarito extraoficial Delta PC AM: Confira!","datePublished":"2022-03-27T12:18:00+00:00","dateModified":"2022-03-28T12:32:31+00:00","mainEntityOfPage":{"@id":"https:\/\/cj.estrategia.com\/portal\/gabarito-extraoficial-delta-pc-am\/"},"wordCount":2232,"commentCount":0,"publisher":{"@id":"https:\/\/cj.estrategia.com\/portal\/#organization"},"image":{"@id":"https:\/\/cj.estrategia.com\/portal\/gabarito-extraoficial-delta-pc-am\/#primaryimage"},"thumbnailUrl":"https:\/\/cj.estrategia.com\/portal\/wp-content\/uploads\/2022\/03\/24183845\/1280-720-max-2-1.jpg","articleSection":["Carreiras Jur\u00eddicas","Delegado"],"inLanguage":"pt-BR","potentialAction":[{"@type":"CommentAction","name":"Comment","target":["https:\/\/cj.estrategia.com\/portal\/gabarito-extraoficial-delta-pc-am\/#respond"]}]},{"@type":"WebPage","@id":"https:\/\/cj.estrategia.com\/portal\/gabarito-extraoficial-delta-pc-am\/","url":"https:\/\/cj.estrategia.com\/portal\/gabarito-extraoficial-delta-pc-am\/","name":"Gabarito extraoficial Delta PC AM: Confira!","isPartOf":{"@id":"https:\/\/cj.estrategia.com\/portal\/#website"},"primaryImageOfPage":{"@id":"https:\/\/cj.estrategia.com\/portal\/gabarito-extraoficial-delta-pc-am\/#primaryimage"},"image":{"@id":"https:\/\/cj.estrategia.com\/portal\/gabarito-extraoficial-delta-pc-am\/#primaryimage"},"thumbnailUrl":"https:\/\/cj.estrategia.com\/portal\/wp-content\/uploads\/2022\/03\/24183845\/1280-720-max-2-1.jpg","datePublished":"2022-03-27T12:18:00+00:00","dateModified":"2022-03-28T12:32:31+00:00","description":"Gabarito Extraoficial Delta PC AM: Confira a corre\u00e7\u00e3o ao vivo com o nossos professores e saiba como foi seu desempenho!","breadcrumb":{"@id":"https:\/\/cj.estrategia.com\/portal\/gabarito-extraoficial-delta-pc-am\/#breadcrumb"},"inLanguage":"pt-BR","potentialAction":[{"@type":"ReadAction","target":["https:\/\/cj.estrategia.com\/portal\/gabarito-extraoficial-delta-pc-am\/"]}]},{"@type":"ImageObject","inLanguage":"pt-BR","@id":"https:\/\/cj.estrategia.com\/portal\/gabarito-extraoficial-delta-pc-am\/#primaryimage","url":"https:\/\/cj.estrategia.com\/portal\/wp-content\/uploads\/2022\/03\/24183845\/1280-720-max-2-1.jpg","contentUrl":"https:\/\/cj.estrategia.com\/portal\/wp-content\/uploads\/2022\/03\/24183845\/1280-720-max-2-1.jpg","width":1280,"height":720,"caption":"Gabarito Extraoficial Delta PC AM"},{"@type":"BreadcrumbList","@id":"https:\/\/cj.estrategia.com\/portal\/gabarito-extraoficial-delta-pc-am\/#breadcrumb","itemListElement":[{"@type":"ListItem","position":1,"name":"In\u00edcio","item":"https:\/\/cj.estrategia.com\/portal\/"},{"@type":"ListItem","position":2,"name":"Gabarito extraoficial Delta PC AM: Confira!"}]},{"@type":"WebSite","@id":"https:\/\/cj.estrategia.com\/portal\/#website","url":"https:\/\/cj.estrategia.com\/portal\/","name":"Blog - Carreiras Jur\u00eddicas - Estrat\u00e9gia","description":"","publisher":{"@id":"https:\/\/cj.estrategia.com\/portal\/#organization"},"potentialAction":[{"@type":"SearchAction","target":{"@type":"EntryPoint","urlTemplate":"https:\/\/cj.estrategia.com\/portal\/?s={search_term_string}"},"query-input":{"@type":"PropertyValueSpecification","valueRequired":true,"valueName":"search_term_string"}}],"inLanguage":"pt-BR"},{"@type":"Organization","@id":"https:\/\/cj.estrategia.com\/portal\/#organization","name":"Estrat\u00e9gia - Carreiras Jur\u00eddicas","url":"https:\/\/cj.estrategia.com\/portal\/","logo":{"@type":"ImageObject","inLanguage":"pt-BR","@id":"https:\/\/cj.estrategia.com\/portal\/#\/schema\/logo\/image\/","url":"https:\/\/cj.estrategia.com\/portal\/wp-content\/uploads\/2022\/03\/11151052\/cj-logo.png","contentUrl":"https:\/\/cj.estrategia.com\/portal\/wp-content\/uploads\/2022\/03\/11151052\/cj-logo.png","width":150,"height":39,"caption":"Estrat\u00e9gia - Carreiras Jur\u00eddicas"},"image":{"@id":"https:\/\/cj.estrategia.com\/portal\/#\/schema\/logo\/image\/"},"sameAs":["https:\/\/www.facebook.com\/estrategiacarreirajuridica\/","https:\/\/x.com\/EstratJuridica","https:\/\/www.instagram.com\/estrategiacarreirajuridica\/","https:\/\/www.youtube.com\/channel\/UClbMGuYbj2Mh1m3w144ETWQ"]},{"@type":"Person","@id":"https:\/\/cj.estrategia.com\/portal\/#\/schema\/person\/4d70317d31449932b99102916b6637f5","name":"Coordena\u00e7\u00e3o","image":{"@type":"ImageObject","inLanguage":"pt-BR","@id":"https:\/\/cj.estrategia.com\/portal\/wp-content\/uploads\/2022\/05\/12164923\/estrategia-carreira-juridica-coordenacao-96x96.png","url":"https:\/\/cj.estrategia.com\/portal\/wp-content\/uploads\/2022\/05\/12164923\/estrategia-carreira-juridica-coordenacao-96x96.png","contentUrl":"https:\/\/cj.estrategia.com\/portal\/wp-content\/uploads\/2022\/05\/12164923\/estrategia-carreira-juridica-coordenacao-96x96.png","caption":"Coordena\u00e7\u00e3o"},"url":"https:\/\/cj.estrategia.com\/portal\/author\/coordenacao\/"}]}},"jetpack_featured_media_url":"https:\/\/cj.estrategia.com\/portal\/wp-content\/uploads\/2022\/03\/24183845\/1280-720-max-2-1.jpg","jetpack_sharing_enabled":true,"_links":{"self":[{"href":"https:\/\/cj.estrategia.com\/portal\/wp-json\/wp\/v2\/posts\/769","targetHints":{"allow":["GET"]}}],"collection":[{"href":"https:\/\/cj.estrategia.com\/portal\/wp-json\/wp\/v2\/posts"}],"about":[{"href":"https:\/\/cj.estrategia.com\/portal\/wp-json\/wp\/v2\/types\/post"}],"author":[{"embeddable":true,"href":"https:\/\/cj.estrategia.com\/portal\/wp-json\/wp\/v2\/users\/12"}],"replies":[{"embeddable":true,"href":"https:\/\/cj.estrategia.com\/portal\/wp-json\/wp\/v2\/comments?post=769"}],"version-history":[{"count":125,"href":"https:\/\/cj.estrategia.com\/portal\/wp-json\/wp\/v2\/posts\/769\/revisions"}],"predecessor-version":[{"id":1269,"href":"https:\/\/cj.estrategia.com\/portal\/wp-json\/wp\/v2\/posts\/769\/revisions\/1269"}],"wp:featuredmedia":[{"embeddable":true,"href":"https:\/\/cj.estrategia.com\/portal\/wp-json\/wp\/v2\/media\/887"}],"wp:attachment":[{"href":"https:\/\/cj.estrategia.com\/portal\/wp-json\/wp\/v2\/media?parent=769"}],"wp:term":[{"taxonomy":"category","embeddable":true,"href":"https:\/\/cj.estrategia.com\/portal\/wp-json\/wp\/v2\/categories?post=769"},{"taxonomy":"post_tag","embeddable":true,"href":"https:\/\/cj.estrategia.com\/portal\/wp-json\/wp\/v2\/tags?post=769"},{"taxonomy":"tax_estado","embeddable":true,"href":"https:\/\/cj.estrategia.com\/portal\/wp-json\/wp\/v2\/tax_estado?post=769"}],"curies":[{"name":"wp","href":"https:\/\/api.w.org\/{rel}","templated":true}]}}