{"id":76740,"date":"2024-09-21T17:23:11","date_gmt":"2024-09-21T20:23:11","guid":{"rendered":"https:\/\/cj.estrategia.com\/portal\/?p=76740"},"modified":"2024-09-23T07:35:44","modified_gmt":"2024-09-23T10:35:44","slug":"manutencao-competencia-juizados-especiais","status":"publish","type":"post","link":"https:\/\/cj.estrategia.com\/portal\/manutencao-competencia-juizados-especiais\/","title":{"rendered":"Altera\u00e7\u00e3o do C\u00f3digo de Processo Civil e a Manuten\u00e7\u00e3o da Compet\u00eancia dos Juizados Especiais"},"content":{"rendered":"\n<p><em>Saiba como a altera\u00e7\u00e3o do C\u00f3digo de Processo Civil reafirma a compet\u00eancia dos Juizados Especiais no julgamento de pequenas causas.<\/em><\/p>\n\n\n\n<p><strong>* Thiago de Paula Leite \u00e9 procurador do Estado de S\u00e3o Paulo e professor de direito ambiental e agr\u00e1rio do Estrat\u00e9gia.<\/strong><\/p>\n\n\n\n<figure class=\"wp-block-image size-large\"><img decoding=\"async\" width=\"1024\" height=\"683\" src=\"https:\/\/cj.estrategia.com\/portal\/wp-content\/uploads\/2024\/09\/21165322\/top-view-career-guidance-items-judges-1024x683.jpg\" alt=\"compet\u00eancia dos juizados especiais\" class=\"wp-image-76746\" srcset=\"https:\/\/cj.estrategia.com\/portal\/wp-content\/uploads\/2024\/09\/21165322\/top-view-career-guidance-items-judges-1024x683.jpg 1024w, https:\/\/cj.estrategia.com\/portal\/wp-content\/uploads\/2024\/09\/21165322\/top-view-career-guidance-items-judges-300x200.jpg 300w, https:\/\/cj.estrategia.com\/portal\/wp-content\/uploads\/2024\/09\/21165322\/top-view-career-guidance-items-judges-768x512.jpg 768w, https:\/\/cj.estrategia.com\/portal\/wp-content\/uploads\/2024\/09\/21165322\/top-view-career-guidance-items-judges-1536x1024.jpg 1536w, https:\/\/cj.estrategia.com\/portal\/wp-content\/uploads\/2024\/09\/21165322\/top-view-career-guidance-items-judges-2048x1365.jpg 2048w, https:\/\/cj.estrategia.com\/portal\/wp-content\/uploads\/2024\/09\/21165322\/top-view-career-guidance-items-judges-380x253.jpg 380w, https:\/\/cj.estrategia.com\/portal\/wp-content\/uploads\/2024\/09\/21165322\/top-view-career-guidance-items-judges-800x533.jpg 800w, https:\/\/cj.estrategia.com\/portal\/wp-content\/uploads\/2024\/09\/21165322\/top-view-career-guidance-items-judges-1160x773.jpg 1160w, https:\/\/cj.estrategia.com\/portal\/wp-content\/uploads\/2024\/09\/21165322\/top-view-career-guidance-items-judges-150x100.jpg 150w, https:\/\/cj.estrategia.com\/portal\/wp-content\/uploads\/2024\/09\/21165322\/top-view-career-guidance-items-judges-scaled.jpg 2560w\" sizes=\"(max-width: 1024px) 100vw, 1024px\" \/><\/figure>\n\n\n\n<p>O presidente da Rep\u00fablica acaba de sancionar a lei n\u00ba 14.976\/24, que altera o CPC para reafirmar a compet\u00eancia dos Juizados Especiais C\u00edveis no julgamento de causas de menor complexidade, <strong><mark style=\"background-color:rgba(0, 0, 0, 0)\" class=\"has-inline-color has-vivid-red-color\">dispensando a necessidade de lei espec\u00edfica<\/mark><\/strong>. A medida tem por objetivo garantir que essas a\u00e7\u00f5es [menor complexidade] <strong><mark style=\"background-color:rgba(0, 0, 0, 0)\" class=\"has-inline-color has-vivid-cyan-blue-color\">continuem sendo processadas e julgadas pelos Juizados Especiais<\/mark><\/strong>, conforme estabelecido pela lei 9.099\/95.<\/p>\n\n\n\n<p>A referida Lei alterou o artigo 1.063 do C\u00f3digo de Processo Civil. Vejamos:<\/p>\n\n\n\n<div class=\"wp-block-group is-style-cnvs-block-bg-light\"><div class=\"wp-block-group__inner-container is-layout-constrained wp-block-group-is-layout-constrained\">\n<p><em>CPC<\/em><\/p>\n\n\n\n<p><em><s>Art. 1.063. <\/s><\/em><strong><em><s>At\u00e9 a edi\u00e7\u00e3o de lei espec\u00edfica<\/s><\/em><\/strong><em><s>, os juizados especiais c\u00edveis previstos na Lei n\u00ba 9.099, de 26 de setembro de 1995, continuam competentes para o processamento e julgamento das causas previstas no art. 275, inciso II, da Lei n\u00ba 5.869, de 11 de janeiro de 1973 .<\/s><\/em><\/p>\n\n\n\n<p><strong><em>Art. 1.063. Os juizados especiais c\u00edveis previstos na Lei n\u00ba 9.099, de 26 de setembro de 1995, continuam competentes para o processamento e o julgamento das causas previstas no inciso II do art. 275 da Lei n\u00ba 5.869, de 11 de janeiro de 1973. &nbsp; &nbsp; (Reda\u00e7\u00e3o dada pela Lei n\u00ba 14.976, de 2024)<\/em><\/strong><\/p>\n<\/div><\/div>\n\n\n\n<h3 class=\"wp-block-heading\" id=\"h-causas-de-menor-complexidade\"><span id=\"causas-de-menor-complexidade\">Causas de menor complexidade<\/span><\/h3>\n\n\n\n<p>As causas previstas no artigo 275, II, do antigo c\u00f3digo de processo civil, consideradas de menor complexidade, s\u00e3o:<\/p>\n\n\n\n<div class=\"wp-block-group is-style-cnvs-block-bordered\"><div class=\"wp-block-group__inner-container is-layout-constrained wp-block-group-is-layout-constrained\">\n<ul class=\"is-style-cnvs-list-styled-positive wp-block-list\">\n<li>arrendamento rural e de parceria agr\u00edcola;&nbsp;<\/li>\n\n\n\n<li>cobran\u00e7a ao cond\u00f4mino de quaisquer quantias devidas ao condom\u00ednio;&nbsp;<\/li>\n\n\n\n<li>ressarcimento por danos em pr\u00e9dio urbano ou r\u00fastico;&nbsp;<\/li>\n\n\n\n<li>ressarcimento por danos causados em acidente de ve\u00edculo de via terrestre;&nbsp;<\/li>\n\n\n\n<li>cobran\u00e7a de seguro, relativamente aos danos causados em acidente de ve\u00edculo, ressalvados os casos de processo de execu\u00e7\u00e3o;&nbsp;<\/li>\n\n\n\n<li>cobran\u00e7a de honor\u00e1rios dos profissionais liberais, ressalvado o disposto em legisla\u00e7\u00e3o especial;&nbsp;<\/li>\n\n\n\n<li>versem sobre revoga\u00e7\u00e3o de doa\u00e7\u00e3o;&nbsp;<\/li>\n\n\n\n<li>demais casos previstos em lei.<\/li>\n<\/ul>\n<\/div><\/div>\n\n\n\n<p>Pelo atual C\u00f3digo, uma nova lei deveria definir quais as causas seriam de compet\u00eancia desses Juizados. Com a mudan\u00e7a, n\u00e3o h\u00e1 mais necessidade de nova lei espec\u00edfica. Assim, fica valendo a lei n\u00ba 9.099\/95, que atribui aos Juizados a concilia\u00e7\u00e3o, processo e julgamento das a\u00e7\u00f5es c\u00edveis de <mark style=\"background-color:rgba(0, 0, 0, 0)\" class=\"has-inline-color has-vivid-cyan-blue-color\"><strong>menor complexidade e de valor at\u00e9 40 sal\u00e1rios-m\u00ednimos<\/strong>.<\/mark><\/p>\n\n\n\n<p>Portanto, a lei 14.976\/24 elimina a necessidade de uma nova lei espec\u00edfica para definir as compet\u00eancias dos juizados.<\/p>\n\n\n\n<div class=\"wp-block-media-text is-stacked-on-mobile\" style=\"grid-template-columns:15% auto\"><figure class=\"wp-block-media-text__media\"><img decoding=\"async\" width=\"500\" height=\"500\" src=\"https:\/\/cj.estrategia.com\/portal\/wp-content\/uploads\/2024\/09\/21171808\/Design-sem-nome-2-1.png\" alt=\"\" class=\"wp-image-76766 size-full\" srcset=\"https:\/\/cj.estrategia.com\/portal\/wp-content\/uploads\/2024\/09\/21171808\/Design-sem-nome-2-1.png 500w, https:\/\/cj.estrategia.com\/portal\/wp-content\/uploads\/2024\/09\/21171808\/Design-sem-nome-2-1-300x300.png 300w, https:\/\/cj.estrategia.com\/portal\/wp-content\/uploads\/2024\/09\/21171808\/Design-sem-nome-2-1-150x150.png 150w, https:\/\/cj.estrategia.com\/portal\/wp-content\/uploads\/2024\/09\/21171808\/Design-sem-nome-2-1-80x80.png 80w, https:\/\/cj.estrategia.com\/portal\/wp-content\/uploads\/2024\/09\/21171808\/Design-sem-nome-2-1-380x380.png 380w, https:\/\/cj.estrategia.com\/portal\/wp-content\/uploads\/2024\/09\/21171808\/Design-sem-nome-2-1-24x24.png 24w, https:\/\/cj.estrategia.com\/portal\/wp-content\/uploads\/2024\/09\/21171808\/Design-sem-nome-2-1-48x48.png 48w, https:\/\/cj.estrategia.com\/portal\/wp-content\/uploads\/2024\/09\/21171808\/Design-sem-nome-2-1-96x96.png 96w\" sizes=\"(max-width: 500px) 100vw, 500px\" \/><\/figure><div class=\"wp-block-media-text__content\">\n<p>Importante frisar que a compet\u00eancia para legislar sobre direito processual \u00e9 <strong>privativa da Uni\u00e3o<\/strong>, conforme artigo 22, I, da CF\/88.<\/p>\n<\/div><\/div>\n\n\n\n<p>Como bem constou no parecer da CCJ do Senado:<\/p>\n\n\n\n<div class=\"wp-block-group is-style-cnvs-block-bg-light\"><div class=\"wp-block-group__inner-container is-layout-constrained wp-block-group-is-layout-constrained\">\n<p><em>\u201c&#8230;\u00e9 desnecess\u00e1ria a men\u00e7\u00e3o contida no art. 1.063 do C\u00f3digo de Processo Civil \u00e0 \u201cedi\u00e7\u00e3o de lei espec\u00edfica\u201d sobre as causas que continuam a ser processadas sob o rito simplificado dos juizados especiais c\u00edveis. <\/em><strong><em>Adotou-se, portanto, uma forma mais concisa de reda\u00e7\u00e3o<\/em><\/strong><em>: basta apenas que se fa\u00e7a men\u00e7\u00e3o ao inciso II do caput do art. 275 do C\u00f3digo de Processo Civil de 1973, para que os juizados especiais c\u00edveis continuem competentes para as causas enumeradas naquele dispositivo, sem que seja preciso enumerar especificamente cada uma das esp\u00e9cies de causas como fizemos acima.\u201d<\/em><\/p>\n<\/div><\/div>\n\n\n\n<p>Enfim, a altera\u00e7\u00e3o legislativa moderniza o C\u00f3digo de Processo Civil, ao adotar uma reda\u00e7\u00e3o mais concisa e mais precisa, consolidando a compet\u00eancia dos juizados especiais c\u00edveis, a bem de toda a sociedade, que clama pela razo\u00e1vel dura\u00e7\u00e3o dos processos, e contribuindo, ao final, para garantir maior seguran\u00e7a jur\u00eddica.<\/p>\n\n\n\n<h3 class=\"wp-block-heading\" id=\"h-competencia-dos-juizados-especiais-civeis\"><span id=\"competencia-dos-juizados-especiais-civeis\">Compet\u00eancia dos Juizados Especiais C\u00edveis<\/span><\/h3>\n\n\n\n<p>A compet\u00eancia dos juizados especiais c\u00edveis est\u00e1 elencada no artigo 3\u00ba, da Lei n\u00ba 9.099\/95. L\u00e1, temos:<\/p>\n\n\n\n<div class=\"wp-block-group is-style-cnvs-block-bg-light\"><div class=\"wp-block-group__inner-container is-layout-constrained wp-block-group-is-layout-constrained\">\n<p>I &#8211; as causas cujo valor n\u00e3o exceda a quarenta vezes o sal\u00e1rio m\u00ednimo;<br><strong><br>II &#8211; as enumeradas no art. 275, inciso II, do C\u00f3digo de Processo Civil;<\/strong><br><br>III &#8211; a a\u00e7\u00e3o de despejo para uso pr\u00f3prio;<br><br>IV &#8211; as a\u00e7\u00f5es possess\u00f3rias sobre bens im\u00f3veis de valor n\u00e3o excedente ao fixado no inciso I deste artigo.<\/p>\n<\/div><\/div>\n\n\n\n<p>Mesmo o antigo c\u00f3digo de processo civil tendo sido revogado, aquelas causas enumeradas no artigo 275, II, ser\u00e3o processadas e julgadas pelos juizados. E agora, sem necessidade de nova lei para defini\u00e7\u00e3o de compet\u00eancias.&nbsp;<\/p>\n\n\n\n<p>O grande objetivo da cria\u00e7\u00e3o dos Juizados Especiais foi conferir simplicidade e celeridade \u00e0s causas de menor complexidade, que n\u00e3o necessitem de per\u00edcia, por exemplo, ou que representem valores baixos (at\u00e9 40 sal\u00e1rios-m\u00ednimos), sempre buscando a concilia\u00e7\u00e3o entre as partes.&nbsp;<\/p>\n\n\n\n<p>Ficam exclu\u00eddas, segundo o artigo 3\u00ba, \u00a72\u00ba, da Lei 9.099\/95, da compet\u00eancia do Juizado Especial as causas de natureza alimentar, falimentar, fiscal e de interesse da Fazenda P\u00fablica [que possui um juizado pr\u00f3prio], e tamb\u00e9m as relativas a acidentes de trabalho, a res\u00edduos e ao estado e capacidade das pessoas, ainda que de cunho patrimonial.<\/p>\n\n\n\n<h3 class=\"wp-block-heading\" id=\"h-juizados-especiais-no-ambito-federal-e-da-fazenda-publica\"><span id=\"juizados-especiais-no-ambito-federal-e-da-fazenda-publica\">Juizados Especiais no \u00c2mbito Federal e da Fazenda P\u00fablica<\/span><\/h3>\n\n\n\n<p>A Lei n\u00ba 10.259\/2001 disp\u00f5e sobre a institui\u00e7\u00e3o dos <strong>Juizados Especiais C\u00edveis e Criminais<\/strong> no \u00e2mbito da <strong>Justi\u00e7a Federal<\/strong>. Segundo a norma, compete ao Juizado Especial Federal <strong>C\u00edvel<\/strong> processar, conciliar e julgar causas de compet\u00eancia da Justi\u00e7a Federal at\u00e9 o valor de sessenta sal\u00e1rios-m\u00ednimos, bem como executar as suas senten\u00e7as, e compete ao Juizado Especial Federal <strong>Criminal<\/strong> processar e julgar os feitos de compet\u00eancia da Justi\u00e7a Federal relativos \u00e0s infra\u00e7\u00f5es de menor potencial ofensivo, respeitadas as regras de conex\u00e3o e contin\u00eancia.<\/p>\n\n\n\n<p>N\u00e3o se incluem na compet\u00eancia do Juizado Especial C\u00edvel Federal as causas (Artigo 3\u00ba, \u00a71\u00ba):<\/p>\n\n\n\n<div class=\"wp-block-group is-style-cnvs-block-bg-light\"><div class=\"wp-block-group__inner-container is-layout-constrained wp-block-group-is-layout-constrained\">\n<p>I &#8211; referidas no art. 109, incisos II, III e XI, da Constitui\u00e7\u00e3o Federal, as a\u00e7\u00f5es de mandado de seguran\u00e7a, de desapropria\u00e7\u00e3o, de divis\u00e3o e demarca\u00e7\u00e3o, populares, execu\u00e7\u00f5es fiscais e por improbidade administrativa e as demandas sobre direitos ou interesses difusos, coletivos ou individuais homog\u00eaneos;<br><br>II &#8211; sobre bens im\u00f3veis da Uni\u00e3o, autarquias e funda\u00e7\u00f5es p\u00fablicas federais;<br><br>III &#8211; para a anula\u00e7\u00e3o ou cancelamento de ato administrativo federal, salvo o de natureza previdenci\u00e1ria e o de lan\u00e7amento fiscal;<br><br>IV &#8211; que tenham como objeto a impugna\u00e7\u00e3o da pena de demiss\u00e3o imposta a servidores p\u00fablicos civis ou de san\u00e7\u00f5es disciplinares aplicadas a militares.<\/p>\n<\/div><\/div>\n\n\n\n<h3 class=\"wp-block-heading\" id=\"h-juizados-especiais-no-ambito-dos-estados-do-df-dos-territorios-e-dos-municipios\"><span id=\"juizados-especiais-no-ambito-dos-estados-do-df-dos-territorios-e-dos-municipios\">Juizados Especiais no \u00e2mbito dos Estados, do DF, dos Territ\u00f3rios e dos Munic\u00edpios<\/span><\/h3>\n\n\n\n<p>J\u00e1 a Lei n\u00ba 12.153\/2009 disp\u00f5e sobre os <strong>Juizados Especiais da Fazenda P\u00fablica<\/strong> no \u00e2mbito dos <strong>Estados, do Distrito Federal, dos Territ\u00f3rios e dos Munic\u00edpios<\/strong>, que possuem compet\u00eancia para processar, conciliar e julgar causas c\u00edveis de interesse dos Estados, do Distrito Federal, dos Territ\u00f3rios e dos Munic\u00edpios,<strong><mark style=\"background-color:rgba(0, 0, 0, 0)\" class=\"has-inline-color has-vivid-red-color\"> at\u00e9 o valor de 60 (sessenta) sal\u00e1rios-m\u00ednimos<\/mark><\/strong>, com as seguintes exce\u00e7\u00f5es (Artigo 2\u00ba, \u00a71\u00ba):<\/p>\n\n\n\n<div class=\"wp-block-group is-style-cnvs-block-bg-light\"><div class=\"wp-block-group__inner-container is-layout-constrained wp-block-group-is-layout-constrained\">\n<p>I \u2013 as a\u00e7\u00f5es de mandado de seguran\u00e7a, de desapropria\u00e7\u00e3o, de divis\u00e3o e demarca\u00e7\u00e3o, populares, por improbidade administrativa, execu\u00e7\u00f5es fiscais e as demandas sobre direitos ou interesses difusos e coletivos;<\/p>\n\n\n\n<p>II \u2013 as causas sobre bens im\u00f3veis dos Estados, Distrito Federal, Territ\u00f3rios e Munic\u00edpios, autarquias e funda\u00e7\u00f5es p\u00fablicas a eles vinculadas;<\/p>\n\n\n\n<p>III \u2013 as causas que tenham como objeto a impugna\u00e7\u00e3o da pena de demiss\u00e3o imposta a servidores p\u00fablicos civis ou san\u00e7\u00f5es disciplinares aplicadas a militares.<\/p>\n<\/div><\/div>\n\n\n\n<p>Altera\u00e7\u00e3o legislativa interessante, e que pode ser cobrada em provas de processo civil.&nbsp;&nbsp;<\/p>\n\n\n\n<h2 class=\"wp-block-heading has-text-align-center\" id=\"h-quer-saber-quais-serao-os-proximos-concursos\" style=\"font-style:normal;font-weight:400\"><span id=\"quer-saber-quais-serao-os-proximos-concursos\">Quer saber quais ser\u00e3o os pr\u00f3ximos concursos?<\/span><\/h2>\n\n\n\n<p class=\"has-text-align-center\">Confira nossos&nbsp;<a href=\"https:\/\/cj.estrategia.com\/portal\/\" target=\"_blank\" >artigos para Carreiras Jur\u00eddicas<\/a>!<\/p>\n\n\n\n<p class=\"has-text-align-center has-white-color has-pale-cyan-blue-background-color has-text-color has-background has-link-color wp-elements-f3d5123bb0c8e11604d0c8c7f1ea8be8\"><a href=\"https:\/\/www.estrategiaconcursos.com.br\/blog\/concursos-abertos\/\" target=\"_blank\" >Confira os concursos p\u00fablicos abertos<\/a><\/p>\n\n\n\n<p class=\"has-text-align-center has-white-color has-pale-cyan-blue-background-color has-text-color has-background has-link-color wp-elements-94f2aad2f2b05ea3152ac5320a17d121\"><a href=\"https:\/\/cj.estrategia.com\/portal\/web-stories\/\" target=\"_blank\" >Concursos 2024<\/a><\/p>\n","protected":false},"excerpt":{"rendered":"Saiba como a altera\u00e7\u00e3o do C\u00f3digo de Processo Civil reafirma a compet\u00eancia dos Juizados Especiais no julgamento de&hellip;\n","protected":false},"author":81,"featured_media":76746,"comment_status":"open","ping_status":"open","sticky":false,"template":"","format":"standard","meta":{"_jetpack_memberships_contains_paid_content":false,"footnotes":""},"categories":[1],"tags":[336,308,1016,1017],"tax_estado":[30,31,32,33,34,35,36,37,38,39,40,41,42,43,44,45,46,47,48,49,50,51,52,53,54,55,56,57],"class_list":{"0":"post-76740","1":"post","2":"type-post","3":"status-publish","4":"format-standard","5":"has-post-thumbnail","7":"category-carreiras-juridicas","8":"tag-analise-juridica","9":"tag-codigo-de-processo-civil","10":"tag-competencia-dos-juizados-especiais","11":"tag-lei-no-14-976-24","12":"tax_estado-ac","13":"tax_estado-al","14":"tax_estado-am","15":"tax_estado-ap","16":"tax_estado-ba","17":"tax_estado-ce","18":"tax_estado-concursos-federais","19":"tax_estado-df","20":"tax_estado-es","21":"tax_estado-go","22":"tax_estado-ma","23":"tax_estado-mg","24":"tax_estado-ms","25":"tax_estado-mt","26":"tax_estado-pa","27":"tax_estado-pb","28":"tax_estado-pe","29":"tax_estado-pi","30":"tax_estado-pr","31":"tax_estado-rj","32":"tax_estado-rn","33":"tax_estado-ro","34":"tax_estado-rr","35":"tax_estado-rs","36":"tax_estado-sc","37":"tax_estado-se","38":"tax_estado-sp","39":"tax_estado-to"},"acf":[],"yoast_head":"<!-- This site is optimized with the Yoast SEO Premium plugin v27.4 (Yoast SEO v27.4) - https:\/\/yoast.com\/product\/yoast-seo-premium-wordpress\/ -->\n<title>Compet\u00eancia dos Juizados Especiais e a altera\u00e7\u00e3o do CPC<\/title>\n<meta name=\"description\" content=\"Saiba como a altera\u00e7\u00e3o do CPC reafirma a compet\u00eancia dos Juizados Especiais no julgamento de causas de menor complexidade.\" \/>\n<meta name=\"robots\" content=\"index, follow, max-snippet:-1, max-image-preview:large, max-video-preview:-1\" \/>\n<link rel=\"canonical\" href=\"https:\/\/cj.estrategia.com\/portal\/manutencao-competencia-juizados-especiais\/\" \/>\n<meta property=\"og:locale\" content=\"pt_BR\" \/>\n<meta property=\"og:type\" content=\"article\" \/>\n<meta property=\"og:title\" content=\"Altera\u00e7\u00e3o do C\u00f3digo de Processo Civil e a Manuten\u00e7\u00e3o da Compet\u00eancia dos Juizados Especiais\" \/>\n<meta property=\"og:description\" content=\"Saiba como a altera\u00e7\u00e3o do CPC reafirma a compet\u00eancia dos Juizados Especiais no julgamento de causas de menor complexidade.\" \/>\n<meta property=\"og:url\" content=\"https:\/\/cj.estrategia.com\/portal\/manutencao-competencia-juizados-especiais\/\" \/>\n<meta property=\"og:site_name\" content=\"Blog - Carreiras Jur\u00eddicas - Estrat\u00e9gia\" \/>\n<meta property=\"article:publisher\" content=\"https:\/\/www.facebook.com\/estrategiacarreirajuridica\/\" \/>\n<meta property=\"article:published_time\" content=\"2024-09-21T20:23:11+00:00\" \/>\n<meta property=\"article:modified_time\" content=\"2024-09-23T10:35:44+00:00\" \/>\n<meta property=\"og:image\" content=\"https:\/\/cj.estrategia.com\/portal\/wp-content\/uploads\/2024\/09\/21165322\/top-view-career-guidance-items-judges-scaled.jpg\" \/>\n\t<meta property=\"og:image:width\" content=\"2560\" \/>\n\t<meta property=\"og:image:height\" content=\"1707\" \/>\n\t<meta property=\"og:image:type\" content=\"image\/jpeg\" \/>\n<meta name=\"author\" content=\"Thiago Leite\" \/>\n<meta name=\"twitter:card\" content=\"summary_large_image\" \/>\n<meta name=\"twitter:creator\" content=\"@EstratJuridica\" \/>\n<meta name=\"twitter:site\" content=\"@EstratJuridica\" \/>\n<meta name=\"twitter:label1\" content=\"Escrito por\" \/>\n\t<meta name=\"twitter:data1\" content=\"Thiago Leite\" \/>\n\t<meta name=\"twitter:label2\" content=\"Est. tempo de leitura\" \/>\n\t<meta name=\"twitter:data2\" content=\"7 minutos\" \/>\n<script type=\"application\/ld+json\" class=\"yoast-schema-graph\">{\"@context\":\"https:\\\/\\\/schema.org\",\"@graph\":[{\"@type\":\"NewsArticle\",\"@id\":\"https:\\\/\\\/cj.estrategia.com\\\/portal\\\/manutencao-competencia-juizados-especiais\\\/#article\",\"isPartOf\":{\"@id\":\"https:\\\/\\\/cj.estrategia.com\\\/portal\\\/manutencao-competencia-juizados-especiais\\\/\"},\"author\":{\"name\":\"Thiago Leite\",\"@id\":\"https:\\\/\\\/cj.estrategia.com\\\/portal\\\/#\\\/schema\\\/person\\\/7d7d2b1c8386e2eeacc0b09cfbc1d0ff\"},\"headline\":\"Altera\u00e7\u00e3o do C\u00f3digo de Processo Civil e a Manuten\u00e7\u00e3o da Compet\u00eancia dos Juizados Especiais\",\"datePublished\":\"2024-09-21T20:23:11+00:00\",\"dateModified\":\"2024-09-23T10:35:44+00:00\",\"mainEntityOfPage\":{\"@id\":\"https:\\\/\\\/cj.estrategia.com\\\/portal\\\/manutencao-competencia-juizados-especiais\\\/\"},\"wordCount\":1298,\"commentCount\":0,\"publisher\":{\"@id\":\"https:\\\/\\\/cj.estrategia.com\\\/portal\\\/#organization\"},\"image\":{\"@id\":\"https:\\\/\\\/cj.estrategia.com\\\/portal\\\/manutencao-competencia-juizados-especiais\\\/#primaryimage\"},\"thumbnailUrl\":\"https:\\\/\\\/cj.estrategia.com\\\/portal\\\/wp-content\\\/uploads\\\/2024\\\/09\\\/21165322\\\/top-view-career-guidance-items-judges-scaled.jpg\",\"keywords\":[\"an\u00e1lise jur\u00eddica\",\"c\u00f3digo de processo civil\",\"compet\u00eancia dos juizados especiais\",\"lei n\u00ba 14.976\\\/24\"],\"articleSection\":[\"Carreiras Jur\u00eddicas\"],\"inLanguage\":\"pt-BR\",\"potentialAction\":[{\"@type\":\"CommentAction\",\"name\":\"Comment\",\"target\":[\"https:\\\/\\\/cj.estrategia.com\\\/portal\\\/manutencao-competencia-juizados-especiais\\\/#respond\"]}]},{\"@type\":\"WebPage\",\"@id\":\"https:\\\/\\\/cj.estrategia.com\\\/portal\\\/manutencao-competencia-juizados-especiais\\\/\",\"url\":\"https:\\\/\\\/cj.estrategia.com\\\/portal\\\/manutencao-competencia-juizados-especiais\\\/\",\"name\":\"Compet\u00eancia dos Juizados Especiais e a altera\u00e7\u00e3o do CPC\",\"isPartOf\":{\"@id\":\"https:\\\/\\\/cj.estrategia.com\\\/portal\\\/#website\"},\"primaryImageOfPage\":{\"@id\":\"https:\\\/\\\/cj.estrategia.com\\\/portal\\\/manutencao-competencia-juizados-especiais\\\/#primaryimage\"},\"image\":{\"@id\":\"https:\\\/\\\/cj.estrategia.com\\\/portal\\\/manutencao-competencia-juizados-especiais\\\/#primaryimage\"},\"thumbnailUrl\":\"https:\\\/\\\/cj.estrategia.com\\\/portal\\\/wp-content\\\/uploads\\\/2024\\\/09\\\/21165322\\\/top-view-career-guidance-items-judges-scaled.jpg\",\"datePublished\":\"2024-09-21T20:23:11+00:00\",\"dateModified\":\"2024-09-23T10:35:44+00:00\",\"description\":\"Saiba como a altera\u00e7\u00e3o do CPC reafirma a compet\u00eancia dos Juizados Especiais no julgamento de causas de menor complexidade.\",\"breadcrumb\":{\"@id\":\"https:\\\/\\\/cj.estrategia.com\\\/portal\\\/manutencao-competencia-juizados-especiais\\\/#breadcrumb\"},\"inLanguage\":\"pt-BR\",\"potentialAction\":[{\"@type\":\"ReadAction\",\"target\":[\"https:\\\/\\\/cj.estrategia.com\\\/portal\\\/manutencao-competencia-juizados-especiais\\\/\"]}]},{\"@type\":\"ImageObject\",\"inLanguage\":\"pt-BR\",\"@id\":\"https:\\\/\\\/cj.estrategia.com\\\/portal\\\/manutencao-competencia-juizados-especiais\\\/#primaryimage\",\"url\":\"https:\\\/\\\/cj.estrategia.com\\\/portal\\\/wp-content\\\/uploads\\\/2024\\\/09\\\/21165322\\\/top-view-career-guidance-items-judges-scaled.jpg\",\"contentUrl\":\"https:\\\/\\\/cj.estrategia.com\\\/portal\\\/wp-content\\\/uploads\\\/2024\\\/09\\\/21165322\\\/top-view-career-guidance-items-judges-scaled.jpg\",\"width\":2560,\"height\":1707},{\"@type\":\"BreadcrumbList\",\"@id\":\"https:\\\/\\\/cj.estrategia.com\\\/portal\\\/manutencao-competencia-juizados-especiais\\\/#breadcrumb\",\"itemListElement\":[{\"@type\":\"ListItem\",\"position\":1,\"name\":\"In\u00edcio\",\"item\":\"https:\\\/\\\/cj.estrategia.com\\\/portal\\\/\"},{\"@type\":\"ListItem\",\"position\":2,\"name\":\"Altera\u00e7\u00e3o do C\u00f3digo de Processo Civil e a Manuten\u00e7\u00e3o da Compet\u00eancia dos Juizados Especiais\"}]},{\"@type\":\"WebSite\",\"@id\":\"https:\\\/\\\/cj.estrategia.com\\\/portal\\\/#website\",\"url\":\"https:\\\/\\\/cj.estrategia.com\\\/portal\\\/\",\"name\":\"Blog - Carreiras Jur\u00eddicas - Estrat\u00e9gia\",\"description\":\"\",\"publisher\":{\"@id\":\"https:\\\/\\\/cj.estrategia.com\\\/portal\\\/#organization\"},\"potentialAction\":[{\"@type\":\"SearchAction\",\"target\":{\"@type\":\"EntryPoint\",\"urlTemplate\":\"https:\\\/\\\/cj.estrategia.com\\\/portal\\\/?s={search_term_string}\"},\"query-input\":{\"@type\":\"PropertyValueSpecification\",\"valueRequired\":true,\"valueName\":\"search_term_string\"}}],\"inLanguage\":\"pt-BR\"},{\"@type\":\"Organization\",\"@id\":\"https:\\\/\\\/cj.estrategia.com\\\/portal\\\/#organization\",\"name\":\"Estrat\u00e9gia - Carreiras Jur\u00eddicas\",\"url\":\"https:\\\/\\\/cj.estrategia.com\\\/portal\\\/\",\"logo\":{\"@type\":\"ImageObject\",\"inLanguage\":\"pt-BR\",\"@id\":\"https:\\\/\\\/cj.estrategia.com\\\/portal\\\/#\\\/schema\\\/logo\\\/image\\\/\",\"url\":\"https:\\\/\\\/cj.estrategia.com\\\/portal\\\/wp-content\\\/uploads\\\/2022\\\/03\\\/11151052\\\/cj-logo.png\",\"contentUrl\":\"https:\\\/\\\/cj.estrategia.com\\\/portal\\\/wp-content\\\/uploads\\\/2022\\\/03\\\/11151052\\\/cj-logo.png\",\"width\":150,\"height\":39,\"caption\":\"Estrat\u00e9gia - Carreiras Jur\u00eddicas\"},\"image\":{\"@id\":\"https:\\\/\\\/cj.estrategia.com\\\/portal\\\/#\\\/schema\\\/logo\\\/image\\\/\"},\"sameAs\":[\"https:\\\/\\\/www.facebook.com\\\/estrategiacarreirajuridica\\\/\",\"https:\\\/\\\/x.com\\\/EstratJuridica\",\"https:\\\/\\\/www.instagram.com\\\/estrategiacarreirajuridica\\\/\",\"https:\\\/\\\/www.youtube.com\\\/channel\\\/UClbMGuYbj2Mh1m3w144ETWQ\"]},{\"@type\":\"Person\",\"@id\":\"https:\\\/\\\/cj.estrategia.com\\\/portal\\\/#\\\/schema\\\/person\\\/7d7d2b1c8386e2eeacc0b09cfbc1d0ff\",\"name\":\"Thiago Leite\",\"image\":{\"@type\":\"ImageObject\",\"inLanguage\":\"pt-BR\",\"@id\":\"https:\\\/\\\/secure.gravatar.com\\\/avatar\\\/15ff5746ff9e313f1248fe2373ce03309054e96387bb9249055458d0c1aaa297?s=96&d=mm&r=g\",\"url\":\"https:\\\/\\\/secure.gravatar.com\\\/avatar\\\/15ff5746ff9e313f1248fe2373ce03309054e96387bb9249055458d0c1aaa297?s=96&d=mm&r=g\",\"contentUrl\":\"https:\\\/\\\/secure.gravatar.com\\\/avatar\\\/15ff5746ff9e313f1248fe2373ce03309054e96387bb9249055458d0c1aaa297?s=96&d=mm&r=g\",\"caption\":\"Thiago Leite\"},\"description\":\"Thiago de Paula Leite \u00e9 procurador do Estado de S\u00e3o Paulo e professor de direito ambiental e agr\u00e1rio do Estrat\u00e9gia.\",\"url\":\"https:\\\/\\\/cj.estrategia.com\\\/portal\\\/author\\\/thiago-leite\\\/\"}]}<\/script>\n<!-- \/ Yoast SEO Premium plugin. -->","yoast_head_json":{"title":"Compet\u00eancia dos Juizados Especiais e a altera\u00e7\u00e3o do CPC","description":"Saiba como a altera\u00e7\u00e3o do CPC reafirma a compet\u00eancia dos Juizados Especiais no julgamento de causas de menor complexidade.","robots":{"index":"index","follow":"follow","max-snippet":"max-snippet:-1","max-image-preview":"max-image-preview:large","max-video-preview":"max-video-preview:-1"},"canonical":"https:\/\/cj.estrategia.com\/portal\/manutencao-competencia-juizados-especiais\/","og_locale":"pt_BR","og_type":"article","og_title":"Altera\u00e7\u00e3o do C\u00f3digo de Processo Civil e a Manuten\u00e7\u00e3o da Compet\u00eancia dos Juizados Especiais","og_description":"Saiba como a altera\u00e7\u00e3o do CPC reafirma a compet\u00eancia dos Juizados Especiais no julgamento de causas de menor complexidade.","og_url":"https:\/\/cj.estrategia.com\/portal\/manutencao-competencia-juizados-especiais\/","og_site_name":"Blog - Carreiras Jur\u00eddicas - Estrat\u00e9gia","article_publisher":"https:\/\/www.facebook.com\/estrategiacarreirajuridica\/","article_published_time":"2024-09-21T20:23:11+00:00","article_modified_time":"2024-09-23T10:35:44+00:00","og_image":[{"width":2560,"height":1707,"url":"https:\/\/cj.estrategia.com\/portal\/wp-content\/uploads\/2024\/09\/21165322\/top-view-career-guidance-items-judges-scaled.jpg","type":"image\/jpeg"}],"author":"Thiago Leite","twitter_card":"summary_large_image","twitter_creator":"@EstratJuridica","twitter_site":"@EstratJuridica","twitter_misc":{"Escrito por":"Thiago Leite","Est. tempo de leitura":"7 minutos"},"schema":{"@context":"https:\/\/schema.org","@graph":[{"@type":"NewsArticle","@id":"https:\/\/cj.estrategia.com\/portal\/manutencao-competencia-juizados-especiais\/#article","isPartOf":{"@id":"https:\/\/cj.estrategia.com\/portal\/manutencao-competencia-juizados-especiais\/"},"author":{"name":"Thiago Leite","@id":"https:\/\/cj.estrategia.com\/portal\/#\/schema\/person\/7d7d2b1c8386e2eeacc0b09cfbc1d0ff"},"headline":"Altera\u00e7\u00e3o do C\u00f3digo de Processo Civil e a Manuten\u00e7\u00e3o da Compet\u00eancia dos Juizados Especiais","datePublished":"2024-09-21T20:23:11+00:00","dateModified":"2024-09-23T10:35:44+00:00","mainEntityOfPage":{"@id":"https:\/\/cj.estrategia.com\/portal\/manutencao-competencia-juizados-especiais\/"},"wordCount":1298,"commentCount":0,"publisher":{"@id":"https:\/\/cj.estrategia.com\/portal\/#organization"},"image":{"@id":"https:\/\/cj.estrategia.com\/portal\/manutencao-competencia-juizados-especiais\/#primaryimage"},"thumbnailUrl":"https:\/\/cj.estrategia.com\/portal\/wp-content\/uploads\/2024\/09\/21165322\/top-view-career-guidance-items-judges-scaled.jpg","keywords":["an\u00e1lise jur\u00eddica","c\u00f3digo de processo civil","compet\u00eancia dos juizados especiais","lei n\u00ba 14.976\/24"],"articleSection":["Carreiras Jur\u00eddicas"],"inLanguage":"pt-BR","potentialAction":[{"@type":"CommentAction","name":"Comment","target":["https:\/\/cj.estrategia.com\/portal\/manutencao-competencia-juizados-especiais\/#respond"]}]},{"@type":"WebPage","@id":"https:\/\/cj.estrategia.com\/portal\/manutencao-competencia-juizados-especiais\/","url":"https:\/\/cj.estrategia.com\/portal\/manutencao-competencia-juizados-especiais\/","name":"Compet\u00eancia dos Juizados Especiais e a altera\u00e7\u00e3o do CPC","isPartOf":{"@id":"https:\/\/cj.estrategia.com\/portal\/#website"},"primaryImageOfPage":{"@id":"https:\/\/cj.estrategia.com\/portal\/manutencao-competencia-juizados-especiais\/#primaryimage"},"image":{"@id":"https:\/\/cj.estrategia.com\/portal\/manutencao-competencia-juizados-especiais\/#primaryimage"},"thumbnailUrl":"https:\/\/cj.estrategia.com\/portal\/wp-content\/uploads\/2024\/09\/21165322\/top-view-career-guidance-items-judges-scaled.jpg","datePublished":"2024-09-21T20:23:11+00:00","dateModified":"2024-09-23T10:35:44+00:00","description":"Saiba como a altera\u00e7\u00e3o do CPC reafirma a compet\u00eancia dos Juizados Especiais no julgamento de causas de menor complexidade.","breadcrumb":{"@id":"https:\/\/cj.estrategia.com\/portal\/manutencao-competencia-juizados-especiais\/#breadcrumb"},"inLanguage":"pt-BR","potentialAction":[{"@type":"ReadAction","target":["https:\/\/cj.estrategia.com\/portal\/manutencao-competencia-juizados-especiais\/"]}]},{"@type":"ImageObject","inLanguage":"pt-BR","@id":"https:\/\/cj.estrategia.com\/portal\/manutencao-competencia-juizados-especiais\/#primaryimage","url":"https:\/\/cj.estrategia.com\/portal\/wp-content\/uploads\/2024\/09\/21165322\/top-view-career-guidance-items-judges-scaled.jpg","contentUrl":"https:\/\/cj.estrategia.com\/portal\/wp-content\/uploads\/2024\/09\/21165322\/top-view-career-guidance-items-judges-scaled.jpg","width":2560,"height":1707},{"@type":"BreadcrumbList","@id":"https:\/\/cj.estrategia.com\/portal\/manutencao-competencia-juizados-especiais\/#breadcrumb","itemListElement":[{"@type":"ListItem","position":1,"name":"In\u00edcio","item":"https:\/\/cj.estrategia.com\/portal\/"},{"@type":"ListItem","position":2,"name":"Altera\u00e7\u00e3o do C\u00f3digo de Processo Civil e a Manuten\u00e7\u00e3o da Compet\u00eancia dos Juizados Especiais"}]},{"@type":"WebSite","@id":"https:\/\/cj.estrategia.com\/portal\/#website","url":"https:\/\/cj.estrategia.com\/portal\/","name":"Blog - Carreiras Jur\u00eddicas - Estrat\u00e9gia","description":"","publisher":{"@id":"https:\/\/cj.estrategia.com\/portal\/#organization"},"potentialAction":[{"@type":"SearchAction","target":{"@type":"EntryPoint","urlTemplate":"https:\/\/cj.estrategia.com\/portal\/?s={search_term_string}"},"query-input":{"@type":"PropertyValueSpecification","valueRequired":true,"valueName":"search_term_string"}}],"inLanguage":"pt-BR"},{"@type":"Organization","@id":"https:\/\/cj.estrategia.com\/portal\/#organization","name":"Estrat\u00e9gia - Carreiras Jur\u00eddicas","url":"https:\/\/cj.estrategia.com\/portal\/","logo":{"@type":"ImageObject","inLanguage":"pt-BR","@id":"https:\/\/cj.estrategia.com\/portal\/#\/schema\/logo\/image\/","url":"https:\/\/cj.estrategia.com\/portal\/wp-content\/uploads\/2022\/03\/11151052\/cj-logo.png","contentUrl":"https:\/\/cj.estrategia.com\/portal\/wp-content\/uploads\/2022\/03\/11151052\/cj-logo.png","width":150,"height":39,"caption":"Estrat\u00e9gia - Carreiras Jur\u00eddicas"},"image":{"@id":"https:\/\/cj.estrategia.com\/portal\/#\/schema\/logo\/image\/"},"sameAs":["https:\/\/www.facebook.com\/estrategiacarreirajuridica\/","https:\/\/x.com\/EstratJuridica","https:\/\/www.instagram.com\/estrategiacarreirajuridica\/","https:\/\/www.youtube.com\/channel\/UClbMGuYbj2Mh1m3w144ETWQ"]},{"@type":"Person","@id":"https:\/\/cj.estrategia.com\/portal\/#\/schema\/person\/7d7d2b1c8386e2eeacc0b09cfbc1d0ff","name":"Thiago Leite","image":{"@type":"ImageObject","inLanguage":"pt-BR","@id":"https:\/\/secure.gravatar.com\/avatar\/15ff5746ff9e313f1248fe2373ce03309054e96387bb9249055458d0c1aaa297?s=96&d=mm&r=g","url":"https:\/\/secure.gravatar.com\/avatar\/15ff5746ff9e313f1248fe2373ce03309054e96387bb9249055458d0c1aaa297?s=96&d=mm&r=g","contentUrl":"https:\/\/secure.gravatar.com\/avatar\/15ff5746ff9e313f1248fe2373ce03309054e96387bb9249055458d0c1aaa297?s=96&d=mm&r=g","caption":"Thiago Leite"},"description":"Thiago de Paula Leite \u00e9 procurador do Estado de S\u00e3o Paulo e professor de direito ambiental e agr\u00e1rio do Estrat\u00e9gia.","url":"https:\/\/cj.estrategia.com\/portal\/author\/thiago-leite\/"}]}},"jetpack_featured_media_url":"https:\/\/cj.estrategia.com\/portal\/wp-content\/uploads\/2024\/09\/21165322\/top-view-career-guidance-items-judges-scaled.jpg","jetpack_sharing_enabled":true,"_links":{"self":[{"href":"https:\/\/cj.estrategia.com\/portal\/wp-json\/wp\/v2\/posts\/76740","targetHints":{"allow":["GET"]}}],"collection":[{"href":"https:\/\/cj.estrategia.com\/portal\/wp-json\/wp\/v2\/posts"}],"about":[{"href":"https:\/\/cj.estrategia.com\/portal\/wp-json\/wp\/v2\/types\/post"}],"author":[{"embeddable":true,"href":"https:\/\/cj.estrategia.com\/portal\/wp-json\/wp\/v2\/users\/81"}],"replies":[{"embeddable":true,"href":"https:\/\/cj.estrategia.com\/portal\/wp-json\/wp\/v2\/comments?post=76740"}],"version-history":[{"count":22,"href":"https:\/\/cj.estrategia.com\/portal\/wp-json\/wp\/v2\/posts\/76740\/revisions"}],"predecessor-version":[{"id":76865,"href":"https:\/\/cj.estrategia.com\/portal\/wp-json\/wp\/v2\/posts\/76740\/revisions\/76865"}],"wp:featuredmedia":[{"embeddable":true,"href":"https:\/\/cj.estrategia.com\/portal\/wp-json\/wp\/v2\/media\/76746"}],"wp:attachment":[{"href":"https:\/\/cj.estrategia.com\/portal\/wp-json\/wp\/v2\/media?parent=76740"}],"wp:term":[{"taxonomy":"category","embeddable":true,"href":"https:\/\/cj.estrategia.com\/portal\/wp-json\/wp\/v2\/categories?post=76740"},{"taxonomy":"post_tag","embeddable":true,"href":"https:\/\/cj.estrategia.com\/portal\/wp-json\/wp\/v2\/tags?post=76740"},{"taxonomy":"tax_estado","embeddable":true,"href":"https:\/\/cj.estrategia.com\/portal\/wp-json\/wp\/v2\/tax_estado?post=76740"}],"curies":[{"name":"wp","href":"https:\/\/api.w.org\/{rel}","templated":true}]}}