{"id":76187,"date":"2024-09-16T12:08:57","date_gmt":"2024-09-16T15:08:57","guid":{"rendered":"https:\/\/cj.estrategia.com\/portal\/?p=76187"},"modified":"2024-09-16T14:03:31","modified_gmt":"2024-09-16T17:03:31","slug":"datena-cadeirada-pablo-marcal-debate","status":"publish","type":"post","link":"https:\/\/cj.estrategia.com\/portal\/datena-cadeirada-pablo-marcal-debate\/","title":{"rendered":"Datena d\u00e1 cadeirada em Pablo Mar\u00e7al durante debate eleitoral"},"content":{"rendered":"\n<p>Ol\u00e1, pessoal!<\/p>\n\n\n\n<p>Aqui \u00e9 o professor Allan Joos e hoje vamos analisar um fato que que gerou grande repercuss\u00e3o neste final de semana: a agress\u00e3o de Datena em Pablo Mar\u00e7al, durante debate eleitoral ocorrido na TV Cultura, no \u00faltimo domingo.<\/p>\n\n\n\n<p>Afinal, quais ser\u00e3o as poss\u00edveis consequ\u00eancias dos fatos?<\/p>\n\n\n\n<p>No presente artigo, vamos entender as poss\u00edveis consequ\u00eancias penais e eleitorais desse comportamento.<\/p>\n\n\n\n<h2 class=\"wp-block-heading\" id=\"h-debate-eleitoral-vs-liberdade-de-expressao\"><span id=\"debate-eleitoral-vs-liberdade-de-expressao\">Debate eleitoral vs. Liberdade de Express\u00e3o<\/span><\/h2>\n\n\n\n<p>Os debates eleitorais costumam ser momentos importantes para os candidatos se apresentarem, oferecerem suas propostas eleitorais e confrontam (no campo das ideias) os seus advers\u00e1rios. Por tal raz\u00e3o, pode-se dizer que os debates eleitorais s\u00e3o um pilar essencial do processo democr\u00e1tico.<\/p>\n\n\n\n<p>Por outro lado, esses confrontos devem ocorrer <strong><mark style=\"background-color:rgba(0, 0, 0, 0)\" class=\"has-inline-color has-luminous-vivid-orange-color\">dentro dos limites da lei e da liberdade de express\u00e3o<\/mark><\/strong>. A Constitui\u00e7\u00e3o Federal, em seu artigo 5\u00ba, inciso IV, garante a todos o direito \u00e0 livre manifesta\u00e7\u00e3o do pensamento, mas esse direito n\u00e3o \u00e9 absoluto. Ele encontra limites claros quando uma determinada fala ou atitude come\u00e7a a<strong> violar outros direitos fundamentais<\/strong>, como a integridade f\u00edsica, por exemplo.<\/p>\n\n\n\n<div class=\"wp-block-media-text is-stacked-on-mobile\"><figure class=\"wp-block-media-text__media\"><img decoding=\"async\" width=\"270\" height=\"357\" src=\"https:\/\/cj.estrategia.com\/portal\/wp-content\/uploads\/2024\/09\/16120555\/datena-pablo-marcal-cadeirada.png\" alt=\"Datena\" class=\"wp-image-76194 size-full\" srcset=\"https:\/\/cj.estrategia.com\/portal\/wp-content\/uploads\/2024\/09\/16120555\/datena-pablo-marcal-cadeirada.png 270w, https:\/\/cj.estrategia.com\/portal\/wp-content\/uploads\/2024\/09\/16120555\/datena-pablo-marcal-cadeirada-227x300.png 227w, https:\/\/cj.estrategia.com\/portal\/wp-content\/uploads\/2024\/09\/16120555\/datena-pablo-marcal-cadeirada-150x198.png 150w\" sizes=\"(max-width: 270px) 100vw, 270px\" \/><\/figure><div class=\"wp-block-media-text__content\">\n<p>No caso em quest\u00e3o, o que poderia ter sido um debate acalorado <strong>ultrapassou os limites legais<\/strong> quando a discuss\u00e3o verbal se escalou para a agress\u00e3o f\u00edsica noticiada. Datena, ao arremessar uma cadeira contra Mar\u00e7al, parece ter excedido o direito \u00e0 livre express\u00e3o. Dessa maneira, ele acabou violando princ\u00edpios que garantem a ordem p\u00fablica e a integridade pessoal da suposta v\u00edtima. <\/p>\n<\/div><\/div>\n\n\n\n<p>Por outro lado, Mar\u00e7al, ao provocar o seu advers\u00e1rio e cham\u00e1-lo para a agress\u00e3o, <strong>tamb\u00e9m extrapolou os limites da liberdade de express\u00e3o<\/strong>.<\/p>\n\n\n\n<p>Fato \u00e9 que as elei\u00e7\u00f5es paulistanas, h\u00e1 meses, caminham em uma linha t\u00eanue entre a liberdade de express\u00e3o e de poss\u00edveis pr\u00e1ticas penais.<\/p>\n\n\n\n<h2 class=\"wp-block-heading\" id=\"h-crime-de-lesao-corporal\"><span id=\"crime-de-lesao-corporal\">Crime de les\u00e3o corporal<\/span><\/h2>\n\n\n\n<p>Aqui, n\u00e3o h\u00e1 d\u00favidas da tipifica\u00e7\u00e3o penal do ato de Datena: <strong><mark style=\"background-color:rgba(0, 0, 0, 0)\" class=\"has-inline-color has-luminous-vivid-orange-color\">crime de les\u00e3o corporal dolosa<\/mark><\/strong>, prevista no artigo 129, do C\u00f3digo Penal.<\/p>\n\n\n\n<p>A gravidade da les\u00e3o recebida poder\u00e1 ensejar, de forma gradual, a responsabiliza\u00e7\u00e3o pelas modalidades de <strong>les\u00e3o corporal leve, grave ou grav\u00edssima<\/strong>. Isso ser\u00e1, certamente, constatado ap\u00f3s os necess\u00e1rios exames periciais (exame de corpo de delito). Por outro lado, caso n\u00e3o comprovada a les\u00e3o, a tipifica\u00e7\u00e3o poder\u00e1 ser na <strong>modalidade tentada<\/strong>.<\/p>\n\n\n\n<p>Importante ressaltar, ainda, que a eventual tipifica\u00e7\u00e3o na <strong>modalidade simples<\/strong> ainda exige o oferecimento de <strong>representa\u00e7\u00e3o por parte da v\u00edtima<\/strong>, nos termos do artigo 88, da Lei n\u00ba 9.099\/95.<\/p>\n\n\n\n<h2 class=\"wp-block-heading\" id=\"h-aspectos-eleitorais\"><span id=\"aspectos-eleitorais\">Aspectos eleitorais<\/span><\/h2>\n\n\n\n<p>O per\u00edodo eleitoral \u00e9 bastante peculiar, em especial no que tange \u00e0s regras do jogo democr\u00e1tico e as medidas legais necess\u00e1rias a impedir qualquer forma de abuso.<\/p>\n\n\n\n<p>A legisla\u00e7\u00e3o eleitoral brasileira, prevista na Lei n\u00ba 9.504\/1997, estabelece o <strong><mark style=\"background-color:rgba(0, 0, 0, 0)\" class=\"has-inline-color has-luminous-vivid-orange-color\">princ\u00edpio da isonomia<\/mark><\/strong>\u00a0entre os candidatos, o que inclui o dever de garantir igualdade de oportunidades em debates televisivos. O ato de agress\u00e3o durante um debate, especialmente envolvendo viol\u00eancia f\u00edsica, pode ser interpretado como uma <strong>viola\u00e7\u00e3o grave \u00e0 lisura do processo eleitoral<\/strong>.<\/p>\n\n\n\n<p>Ainda que a legisla\u00e7\u00e3o eleitoral n\u00e3o regule diretamente o ato de agress\u00e3o, ele pode gerar consequ\u00eancias no \u00e2mbito do processo eleitoral. As condutas de Pablo Mar\u00e7al que, constantemente, amea\u00e7a e provoca os seus debatedores, bem como a agress\u00e3o praticada por Datena podem, por exemplo, levar \u00e0 <strong>exclus\u00e3o de ambos<\/strong> de futuros debates ou gerar <strong>repercuss\u00f5es mais amplas na sua imagem p\u00fablica<\/strong> dos candidatos.<\/p>\n\n\n\n<p>Al\u00e9m disso, no que tange a eventuais <strong><mark style=\"background-color:rgba(0, 0, 0, 0)\" class=\"has-inline-color has-luminous-vivid-orange-color\">crimes contra a honra<\/mark><\/strong> praticados pelos debatedores, a exemplo das provoca\u00e7\u00f5es realizadas por Mar\u00e7al, podem ensejar a tipifica\u00e7\u00e3o dos crimes previstos nos artigos 324, 325 ou 326 da Lei n\u00ba 4.737\/97 (C\u00f3digo eleitoral).<\/p>\n\n\n\n<h2 class=\"wp-block-heading\" id=\"h-ha-legitima-defesa\"><span id=\"ha-legitima-defesa\">H\u00e1 leg\u00edtima defesa?<\/span><\/h2>\n\n\n\n<p>Do ponto de vista da defesa de Datena, uma poss\u00edvel linha de argumenta\u00e7\u00e3o seria a <strong>leg\u00edtima defesa<\/strong>, prevista no artigo 25 do C\u00f3digo Penal. A leg\u00edtima defesa ocorre quando a pessoa utiliza meios moderados para repelir uma agress\u00e3o injusta, atual ou iminente.<\/p>\n\n\n\n<p>Para que a leg\u00edtima defesa seja reconhecida, \u00e9 necess\u00e1rio que a <strong><mark style=\"background-color:rgba(0, 0, 0, 0)\" class=\"has-inline-color has-luminous-vivid-orange-color\">resposta do agressor seja proporcional \u00e0 amea\u00e7a sofrida<\/mark><\/strong>. Nos v\u00eddeos divulgados, percebe-se que Mar\u00e7al provoca Datena, induzindo, por palavras, o seu oponente a agredi-lo.<\/p>\n\n\n\n<p>Obviamente a mera provoca\u00e7\u00e3o n\u00e3o caracteriza agress\u00e3o injusta apta a caracterizar a leg\u00edtima defesa. Por outro lado, as agress\u00f5es verbais praticadas anteriormente pelo candidato agredido, configuram <strong>agress\u00e3o injusta<\/strong>.<\/p>\n\n\n\n<p>O grande problema, neste ponto, a nosso ver, \u00e9 a proporcionalidade da conduta. Seria a agress\u00e3o f\u00edsica, com o uso de uma cadeira, proporcional para impelir as poss\u00edveis inj\u00farias verbais? Ao nosso ver, n\u00e3o.<\/p>\n\n\n\n<h2 class=\"wp-block-heading\" id=\"h-ha-alguma-imunidade-aos-candidatos\"><span id=\"ha-alguma-imunidade-aos-candidatos\">H\u00e1 alguma imunidade aos candidatos?<\/span><\/h2>\n\n\n\n<p>Um ponto que talvez possa se questionar \u00e9 uma poss\u00edvel imunidade dos candidatos, por estarem participando de processo eleitoral.<\/p>\n\n\n\n<p>No entanto, \u00e9 importante destacar que, <strong>durante o per\u00edodo eleitoral, os<mark style=\"background-color:rgba(0, 0, 0, 0)\" class=\"has-inline-color has-luminous-vivid-orange-color\"> candidatos n\u00e3o possuem qualquer tipo de imunidade penal espec\u00edfica<\/mark><\/strong>, sendo plenamente pass\u00edveis de responsabiliza\u00e7\u00e3o por crimes cometidos, como no caso da agress\u00e3o.<\/p>\n\n\n\n<p>As imunidades conferidas a agentes pol\u00edticos, hoje, previstas na Constitui\u00e7\u00e3o Federal, s\u00e3o aquelas estatu\u00eddas nos artigos 53, \u00a73\u00ba e 86 (imunidade parlamentar e do presidente da rep\u00fablica). N\u00e3o h\u00e1, dentre tais hip\u00f3teses, nenhuma previs\u00e3o de imunidades<strong><mark style=\"background-color:rgba(0, 0, 0, 0)\" class=\"has-inline-color has-luminous-vivid-orange-color\"> a candidatos<\/mark><\/strong>.<\/p>\n\n\n\n<p>Portanto, Datena e Mar\u00e7al, enquanto candidatos e figuras p\u00fablicas, n\u00e3o gozam de qualquer imunidade penal por suas a\u00e7\u00f5es durante o debate, sendo plenamente pass\u00edvel de responder por seus atos no \u00e2mbito penal e civil.<\/p>\n\n\n\n<h2 class=\"wp-block-heading\" id=\"h-consideracoes-finais\"><span id=\"consideracoes-finais\">Considera\u00e7\u00f5es Finais<\/span><\/h2>\n\n\n\n<p>Fatos como este, de grande repercuss\u00e3o social, s\u00e3o pass\u00edveis de cobran\u00e7a nas provas de voc\u00eas. Ent\u00e3o, \u00e9 muito importante o conhecimento destes aspectos jur\u00eddicos, dando especial aten\u00e7\u00e3o \u00e0s poss\u00edveis implica\u00e7\u00f5es previstas na legisla\u00e7\u00e3o penal e eleitoral.<\/p>\n\n\n\n<p>A agress\u00e3o f\u00edsica, ainda que durante um debate acalorado, <strong>n\u00e3o encontra justificativa legal<\/strong>, especialmente em um contexto p\u00fablico e televisivo, onde os padr\u00f5es de comportamento devem ser elevados para preservar a integridade do processo eleitoral.<\/p>\n\n\n\n<hr class=\"wp-block-separator has-alpha-channel-opacity\"\/>\n\n\n\n<h2 class=\"wp-block-heading has-text-align-center\" id=\"h-quer-saber-quais-serao-os-proximos-concursos\"><span id=\"quer-saber-quais-serao-os-proximos-concursos\">Quer saber quais ser\u00e3o os pr\u00f3ximos concursos?<\/span><\/h2>\n\n\n\n<p class=\"has-text-align-center\">Confira nossos&nbsp;<a href=\"https:\/\/cj.estrategia.com\/portal\/\" target=\"_blank\" >artigos para Carreiras Jur\u00eddicas<\/a>!<\/p>\n\n\n\n<p class=\"has-text-align-center has-white-color has-pale-cyan-blue-background-color has-text-color has-background has-link-color wp-elements-f3d5123bb0c8e11604d0c8c7f1ea8be8\"><a href=\"https:\/\/www.estrategiaconcursos.com.br\/blog\/concursos-abertos\/\" target=\"_blank\" >Confira os concursos p\u00fablicos abertos<\/a><\/p>\n\n\n\n<p class=\"has-text-align-center has-white-color has-pale-cyan-blue-background-color has-text-color has-background has-link-color wp-elements-94f2aad2f2b05ea3152ac5320a17d121\"><a href=\"https:\/\/cj.estrategia.com\/portal\/web-stories\/\" target=\"_blank\" >Concursos 2024<\/a><\/p>\n","protected":false},"excerpt":{"rendered":"Ol\u00e1, pessoal! Aqui \u00e9 o professor Allan Joos e hoje vamos analisar um fato que que gerou grande&hellip;\n","protected":false},"author":62,"featured_media":76195,"comment_status":"open","ping_status":"open","sticky":false,"template":"","format":"standard","meta":{"_jetpack_memberships_contains_paid_content":false,"footnotes":""},"categories":[1],"tags":[336,991,790,579,187,992,198,737],"tax_estado":[30,31,32,33,34,35,36,37,38,39,40,41,42,43,44,45,46,47,48,49,50,51,52,53,54,55,56,57],"class_list":{"0":"post-76187","1":"post","2":"type-post","3":"status-publish","4":"format-standard","5":"has-post-thumbnail","7":"category-carreiras-juridicas","8":"tag-analise-juridica","9":"tag-datena","10":"tag-debate-eleitoral","11":"tag-direitos-fundamentais","12":"tag-legitima-defesa","13":"tag-lesao-corporal","14":"tag-liberdade-de-expressao","15":"tag-pablo-marcal","16":"tax_estado-ac","17":"tax_estado-al","18":"tax_estado-am","19":"tax_estado-ap","20":"tax_estado-ba","21":"tax_estado-ce","22":"tax_estado-concursos-federais","23":"tax_estado-df","24":"tax_estado-es","25":"tax_estado-go","26":"tax_estado-ma","27":"tax_estado-mg","28":"tax_estado-ms","29":"tax_estado-mt","30":"tax_estado-pa","31":"tax_estado-pb","32":"tax_estado-pe","33":"tax_estado-pi","34":"tax_estado-pr","35":"tax_estado-rj","36":"tax_estado-rn","37":"tax_estado-ro","38":"tax_estado-rr","39":"tax_estado-rs","40":"tax_estado-sc","41":"tax_estado-se","42":"tax_estado-sp","43":"tax_estado-to"},"acf":[],"yoast_head":"<!-- This site is optimized with the Yoast SEO Premium plugin v27.4 (Yoast SEO v27.4) - https:\/\/yoast.com\/product\/yoast-seo-premium-wordpress\/ -->\n<title>Datena d\u00e1 cadeirada em Pablo Mar\u00e7al durante debate eleitoral<\/title>\n<meta name=\"description\" content=\"Analisaremos a agress\u00e3o de Datena em Pablo Mar\u00e7al, durante debate eleitoral ocorrido na TV Cultura, no domingo dia 15\/09.\" \/>\n<meta name=\"robots\" content=\"index, follow, max-snippet:-1, max-image-preview:large, max-video-preview:-1\" \/>\n<link rel=\"canonical\" href=\"https:\/\/cj.estrategia.com\/portal\/datena-cadeirada-pablo-marcal-debate\/\" \/>\n<meta property=\"og:locale\" content=\"pt_BR\" \/>\n<meta property=\"og:type\" content=\"article\" \/>\n<meta property=\"og:title\" content=\"Datena d\u00e1 cadeirada em Pablo Mar\u00e7al durante debate eleitoral\" \/>\n<meta property=\"og:description\" content=\"Analisaremos a agress\u00e3o de Datena em Pablo Mar\u00e7al, durante debate eleitoral ocorrido na TV Cultura, no domingo dia 15\/09.\" \/>\n<meta property=\"og:url\" content=\"https:\/\/cj.estrategia.com\/portal\/datena-cadeirada-pablo-marcal-debate\/\" \/>\n<meta property=\"og:site_name\" content=\"Blog - Carreiras Jur\u00eddicas - Estrat\u00e9gia\" \/>\n<meta property=\"article:publisher\" content=\"https:\/\/www.facebook.com\/estrategiacarreirajuridica\/\" \/>\n<meta property=\"article:published_time\" content=\"2024-09-16T15:08:57+00:00\" \/>\n<meta property=\"article:modified_time\" content=\"2024-09-16T17:03:31+00:00\" \/>\n<meta property=\"og:image\" content=\"https:\/\/cj.estrategia.com\/portal\/wp-content\/uploads\/2024\/09\/16120635\/datena-pablo-marcal-debate.png\" \/>\n\t<meta property=\"og:image:width\" content=\"1296\" \/>\n\t<meta property=\"og:image:height\" content=\"544\" \/>\n\t<meta property=\"og:image:type\" content=\"image\/png\" \/>\n<meta name=\"author\" content=\"Allan Joos\" \/>\n<meta name=\"twitter:card\" content=\"summary_large_image\" \/>\n<meta name=\"twitter:creator\" content=\"@EstratJuridica\" \/>\n<meta name=\"twitter:site\" content=\"@EstratJuridica\" \/>\n<meta name=\"twitter:label1\" content=\"Escrito por\" \/>\n\t<meta name=\"twitter:data1\" content=\"Allan Joos\" \/>\n\t<meta name=\"twitter:label2\" content=\"Est. tempo de leitura\" \/>\n\t<meta name=\"twitter:data2\" content=\"6 minutos\" \/>\n<script type=\"application\/ld+json\" class=\"yoast-schema-graph\">{\"@context\":\"https:\\\/\\\/schema.org\",\"@graph\":[{\"@type\":\"NewsArticle\",\"@id\":\"https:\\\/\\\/cj.estrategia.com\\\/portal\\\/datena-cadeirada-pablo-marcal-debate\\\/#article\",\"isPartOf\":{\"@id\":\"https:\\\/\\\/cj.estrategia.com\\\/portal\\\/datena-cadeirada-pablo-marcal-debate\\\/\"},\"author\":{\"name\":\"Allan Joos\",\"@id\":\"https:\\\/\\\/cj.estrategia.com\\\/portal\\\/#\\\/schema\\\/person\\\/c48648992c53b73c046825760c50c2f0\"},\"headline\":\"Datena d\u00e1 cadeirada em Pablo Mar\u00e7al durante debate eleitoral\",\"datePublished\":\"2024-09-16T15:08:57+00:00\",\"dateModified\":\"2024-09-16T17:03:31+00:00\",\"mainEntityOfPage\":{\"@id\":\"https:\\\/\\\/cj.estrategia.com\\\/portal\\\/datena-cadeirada-pablo-marcal-debate\\\/\"},\"wordCount\":1060,\"commentCount\":0,\"publisher\":{\"@id\":\"https:\\\/\\\/cj.estrategia.com\\\/portal\\\/#organization\"},\"image\":{\"@id\":\"https:\\\/\\\/cj.estrategia.com\\\/portal\\\/datena-cadeirada-pablo-marcal-debate\\\/#primaryimage\"},\"thumbnailUrl\":\"https:\\\/\\\/cj.estrategia.com\\\/portal\\\/wp-content\\\/uploads\\\/2024\\\/09\\\/16120635\\\/datena-pablo-marcal-debate.png\",\"keywords\":[\"an\u00e1lise jur\u00eddica\",\"Datena\",\"debate eleitoral\",\"direitos fundamentais\",\"leg\u00edtima defesa\",\"les\u00e3o corporal\",\"liberdade de express\u00e3o\",\"pablo mar\u00e7al\"],\"articleSection\":[\"Carreiras Jur\u00eddicas\"],\"inLanguage\":\"pt-BR\",\"potentialAction\":[{\"@type\":\"CommentAction\",\"name\":\"Comment\",\"target\":[\"https:\\\/\\\/cj.estrategia.com\\\/portal\\\/datena-cadeirada-pablo-marcal-debate\\\/#respond\"]}]},{\"@type\":\"WebPage\",\"@id\":\"https:\\\/\\\/cj.estrategia.com\\\/portal\\\/datena-cadeirada-pablo-marcal-debate\\\/\",\"url\":\"https:\\\/\\\/cj.estrategia.com\\\/portal\\\/datena-cadeirada-pablo-marcal-debate\\\/\",\"name\":\"Datena d\u00e1 cadeirada em Pablo Mar\u00e7al durante debate eleitoral\",\"isPartOf\":{\"@id\":\"https:\\\/\\\/cj.estrategia.com\\\/portal\\\/#website\"},\"primaryImageOfPage\":{\"@id\":\"https:\\\/\\\/cj.estrategia.com\\\/portal\\\/datena-cadeirada-pablo-marcal-debate\\\/#primaryimage\"},\"image\":{\"@id\":\"https:\\\/\\\/cj.estrategia.com\\\/portal\\\/datena-cadeirada-pablo-marcal-debate\\\/#primaryimage\"},\"thumbnailUrl\":\"https:\\\/\\\/cj.estrategia.com\\\/portal\\\/wp-content\\\/uploads\\\/2024\\\/09\\\/16120635\\\/datena-pablo-marcal-debate.png\",\"datePublished\":\"2024-09-16T15:08:57+00:00\",\"dateModified\":\"2024-09-16T17:03:31+00:00\",\"description\":\"Analisaremos a agress\u00e3o de Datena em Pablo Mar\u00e7al, durante debate eleitoral ocorrido na TV Cultura, no domingo dia 15\\\/09.\",\"breadcrumb\":{\"@id\":\"https:\\\/\\\/cj.estrategia.com\\\/portal\\\/datena-cadeirada-pablo-marcal-debate\\\/#breadcrumb\"},\"inLanguage\":\"pt-BR\",\"potentialAction\":[{\"@type\":\"ReadAction\",\"target\":[\"https:\\\/\\\/cj.estrategia.com\\\/portal\\\/datena-cadeirada-pablo-marcal-debate\\\/\"]}]},{\"@type\":\"ImageObject\",\"inLanguage\":\"pt-BR\",\"@id\":\"https:\\\/\\\/cj.estrategia.com\\\/portal\\\/datena-cadeirada-pablo-marcal-debate\\\/#primaryimage\",\"url\":\"https:\\\/\\\/cj.estrategia.com\\\/portal\\\/wp-content\\\/uploads\\\/2024\\\/09\\\/16120635\\\/datena-pablo-marcal-debate.png\",\"contentUrl\":\"https:\\\/\\\/cj.estrategia.com\\\/portal\\\/wp-content\\\/uploads\\\/2024\\\/09\\\/16120635\\\/datena-pablo-marcal-debate.png\",\"width\":1296,\"height\":544},{\"@type\":\"BreadcrumbList\",\"@id\":\"https:\\\/\\\/cj.estrategia.com\\\/portal\\\/datena-cadeirada-pablo-marcal-debate\\\/#breadcrumb\",\"itemListElement\":[{\"@type\":\"ListItem\",\"position\":1,\"name\":\"In\u00edcio\",\"item\":\"https:\\\/\\\/cj.estrategia.com\\\/portal\\\/\"},{\"@type\":\"ListItem\",\"position\":2,\"name\":\"Datena d\u00e1 cadeirada em Pablo Mar\u00e7al durante debate eleitoral\"}]},{\"@type\":\"WebSite\",\"@id\":\"https:\\\/\\\/cj.estrategia.com\\\/portal\\\/#website\",\"url\":\"https:\\\/\\\/cj.estrategia.com\\\/portal\\\/\",\"name\":\"Blog - Carreiras Jur\u00eddicas - Estrat\u00e9gia\",\"description\":\"\",\"publisher\":{\"@id\":\"https:\\\/\\\/cj.estrategia.com\\\/portal\\\/#organization\"},\"potentialAction\":[{\"@type\":\"SearchAction\",\"target\":{\"@type\":\"EntryPoint\",\"urlTemplate\":\"https:\\\/\\\/cj.estrategia.com\\\/portal\\\/?s={search_term_string}\"},\"query-input\":{\"@type\":\"PropertyValueSpecification\",\"valueRequired\":true,\"valueName\":\"search_term_string\"}}],\"inLanguage\":\"pt-BR\"},{\"@type\":\"Organization\",\"@id\":\"https:\\\/\\\/cj.estrategia.com\\\/portal\\\/#organization\",\"name\":\"Estrat\u00e9gia - Carreiras Jur\u00eddicas\",\"url\":\"https:\\\/\\\/cj.estrategia.com\\\/portal\\\/\",\"logo\":{\"@type\":\"ImageObject\",\"inLanguage\":\"pt-BR\",\"@id\":\"https:\\\/\\\/cj.estrategia.com\\\/portal\\\/#\\\/schema\\\/logo\\\/image\\\/\",\"url\":\"https:\\\/\\\/cj.estrategia.com\\\/portal\\\/wp-content\\\/uploads\\\/2022\\\/03\\\/11151052\\\/cj-logo.png\",\"contentUrl\":\"https:\\\/\\\/cj.estrategia.com\\\/portal\\\/wp-content\\\/uploads\\\/2022\\\/03\\\/11151052\\\/cj-logo.png\",\"width\":150,\"height\":39,\"caption\":\"Estrat\u00e9gia - Carreiras Jur\u00eddicas\"},\"image\":{\"@id\":\"https:\\\/\\\/cj.estrategia.com\\\/portal\\\/#\\\/schema\\\/logo\\\/image\\\/\"},\"sameAs\":[\"https:\\\/\\\/www.facebook.com\\\/estrategiacarreirajuridica\\\/\",\"https:\\\/\\\/x.com\\\/EstratJuridica\",\"https:\\\/\\\/www.instagram.com\\\/estrategiacarreirajuridica\\\/\",\"https:\\\/\\\/www.youtube.com\\\/channel\\\/UClbMGuYbj2Mh1m3w144ETWQ\"]},{\"@type\":\"Person\",\"@id\":\"https:\\\/\\\/cj.estrategia.com\\\/portal\\\/#\\\/schema\\\/person\\\/c48648992c53b73c046825760c50c2f0\",\"name\":\"Allan Joos\",\"image\":{\"@type\":\"ImageObject\",\"inLanguage\":\"pt-BR\",\"@id\":\"https:\\\/\\\/secure.gravatar.com\\\/avatar\\\/1b8f33b5c8b83dae3a0e569e23f1e6d1898a7771af6690410413809652612016?s=96&d=mm&r=g\",\"url\":\"https:\\\/\\\/secure.gravatar.com\\\/avatar\\\/1b8f33b5c8b83dae3a0e569e23f1e6d1898a7771af6690410413809652612016?s=96&d=mm&r=g\",\"contentUrl\":\"https:\\\/\\\/secure.gravatar.com\\\/avatar\\\/1b8f33b5c8b83dae3a0e569e23f1e6d1898a7771af6690410413809652612016?s=96&d=mm&r=g\",\"caption\":\"Allan Joos\"},\"url\":\"https:\\\/\\\/cj.estrategia.com\\\/portal\\\/author\\\/allan-joos\\\/\"}]}<\/script>\n<!-- \/ Yoast SEO Premium plugin. -->","yoast_head_json":{"title":"Datena d\u00e1 cadeirada em Pablo Mar\u00e7al durante debate eleitoral","description":"Analisaremos a agress\u00e3o de Datena em Pablo Mar\u00e7al, durante debate eleitoral ocorrido na TV Cultura, no domingo dia 15\/09.","robots":{"index":"index","follow":"follow","max-snippet":"max-snippet:-1","max-image-preview":"max-image-preview:large","max-video-preview":"max-video-preview:-1"},"canonical":"https:\/\/cj.estrategia.com\/portal\/datena-cadeirada-pablo-marcal-debate\/","og_locale":"pt_BR","og_type":"article","og_title":"Datena d\u00e1 cadeirada em Pablo Mar\u00e7al durante debate eleitoral","og_description":"Analisaremos a agress\u00e3o de Datena em Pablo Mar\u00e7al, durante debate eleitoral ocorrido na TV Cultura, no domingo dia 15\/09.","og_url":"https:\/\/cj.estrategia.com\/portal\/datena-cadeirada-pablo-marcal-debate\/","og_site_name":"Blog - Carreiras Jur\u00eddicas - Estrat\u00e9gia","article_publisher":"https:\/\/www.facebook.com\/estrategiacarreirajuridica\/","article_published_time":"2024-09-16T15:08:57+00:00","article_modified_time":"2024-09-16T17:03:31+00:00","og_image":[{"width":1296,"height":544,"url":"https:\/\/cj.estrategia.com\/portal\/wp-content\/uploads\/2024\/09\/16120635\/datena-pablo-marcal-debate.png","type":"image\/png"}],"author":"Allan Joos","twitter_card":"summary_large_image","twitter_creator":"@EstratJuridica","twitter_site":"@EstratJuridica","twitter_misc":{"Escrito por":"Allan Joos","Est. tempo de leitura":"6 minutos"},"schema":{"@context":"https:\/\/schema.org","@graph":[{"@type":"NewsArticle","@id":"https:\/\/cj.estrategia.com\/portal\/datena-cadeirada-pablo-marcal-debate\/#article","isPartOf":{"@id":"https:\/\/cj.estrategia.com\/portal\/datena-cadeirada-pablo-marcal-debate\/"},"author":{"name":"Allan Joos","@id":"https:\/\/cj.estrategia.com\/portal\/#\/schema\/person\/c48648992c53b73c046825760c50c2f0"},"headline":"Datena d\u00e1 cadeirada em Pablo Mar\u00e7al durante debate eleitoral","datePublished":"2024-09-16T15:08:57+00:00","dateModified":"2024-09-16T17:03:31+00:00","mainEntityOfPage":{"@id":"https:\/\/cj.estrategia.com\/portal\/datena-cadeirada-pablo-marcal-debate\/"},"wordCount":1060,"commentCount":0,"publisher":{"@id":"https:\/\/cj.estrategia.com\/portal\/#organization"},"image":{"@id":"https:\/\/cj.estrategia.com\/portal\/datena-cadeirada-pablo-marcal-debate\/#primaryimage"},"thumbnailUrl":"https:\/\/cj.estrategia.com\/portal\/wp-content\/uploads\/2024\/09\/16120635\/datena-pablo-marcal-debate.png","keywords":["an\u00e1lise jur\u00eddica","Datena","debate eleitoral","direitos fundamentais","leg\u00edtima defesa","les\u00e3o corporal","liberdade de express\u00e3o","pablo mar\u00e7al"],"articleSection":["Carreiras Jur\u00eddicas"],"inLanguage":"pt-BR","potentialAction":[{"@type":"CommentAction","name":"Comment","target":["https:\/\/cj.estrategia.com\/portal\/datena-cadeirada-pablo-marcal-debate\/#respond"]}]},{"@type":"WebPage","@id":"https:\/\/cj.estrategia.com\/portal\/datena-cadeirada-pablo-marcal-debate\/","url":"https:\/\/cj.estrategia.com\/portal\/datena-cadeirada-pablo-marcal-debate\/","name":"Datena d\u00e1 cadeirada em Pablo Mar\u00e7al durante debate eleitoral","isPartOf":{"@id":"https:\/\/cj.estrategia.com\/portal\/#website"},"primaryImageOfPage":{"@id":"https:\/\/cj.estrategia.com\/portal\/datena-cadeirada-pablo-marcal-debate\/#primaryimage"},"image":{"@id":"https:\/\/cj.estrategia.com\/portal\/datena-cadeirada-pablo-marcal-debate\/#primaryimage"},"thumbnailUrl":"https:\/\/cj.estrategia.com\/portal\/wp-content\/uploads\/2024\/09\/16120635\/datena-pablo-marcal-debate.png","datePublished":"2024-09-16T15:08:57+00:00","dateModified":"2024-09-16T17:03:31+00:00","description":"Analisaremos a agress\u00e3o de Datena em Pablo Mar\u00e7al, durante debate eleitoral ocorrido na TV Cultura, no domingo dia 15\/09.","breadcrumb":{"@id":"https:\/\/cj.estrategia.com\/portal\/datena-cadeirada-pablo-marcal-debate\/#breadcrumb"},"inLanguage":"pt-BR","potentialAction":[{"@type":"ReadAction","target":["https:\/\/cj.estrategia.com\/portal\/datena-cadeirada-pablo-marcal-debate\/"]}]},{"@type":"ImageObject","inLanguage":"pt-BR","@id":"https:\/\/cj.estrategia.com\/portal\/datena-cadeirada-pablo-marcal-debate\/#primaryimage","url":"https:\/\/cj.estrategia.com\/portal\/wp-content\/uploads\/2024\/09\/16120635\/datena-pablo-marcal-debate.png","contentUrl":"https:\/\/cj.estrategia.com\/portal\/wp-content\/uploads\/2024\/09\/16120635\/datena-pablo-marcal-debate.png","width":1296,"height":544},{"@type":"BreadcrumbList","@id":"https:\/\/cj.estrategia.com\/portal\/datena-cadeirada-pablo-marcal-debate\/#breadcrumb","itemListElement":[{"@type":"ListItem","position":1,"name":"In\u00edcio","item":"https:\/\/cj.estrategia.com\/portal\/"},{"@type":"ListItem","position":2,"name":"Datena d\u00e1 cadeirada em Pablo Mar\u00e7al durante debate eleitoral"}]},{"@type":"WebSite","@id":"https:\/\/cj.estrategia.com\/portal\/#website","url":"https:\/\/cj.estrategia.com\/portal\/","name":"Blog - Carreiras Jur\u00eddicas - Estrat\u00e9gia","description":"","publisher":{"@id":"https:\/\/cj.estrategia.com\/portal\/#organization"},"potentialAction":[{"@type":"SearchAction","target":{"@type":"EntryPoint","urlTemplate":"https:\/\/cj.estrategia.com\/portal\/?s={search_term_string}"},"query-input":{"@type":"PropertyValueSpecification","valueRequired":true,"valueName":"search_term_string"}}],"inLanguage":"pt-BR"},{"@type":"Organization","@id":"https:\/\/cj.estrategia.com\/portal\/#organization","name":"Estrat\u00e9gia - Carreiras Jur\u00eddicas","url":"https:\/\/cj.estrategia.com\/portal\/","logo":{"@type":"ImageObject","inLanguage":"pt-BR","@id":"https:\/\/cj.estrategia.com\/portal\/#\/schema\/logo\/image\/","url":"https:\/\/cj.estrategia.com\/portal\/wp-content\/uploads\/2022\/03\/11151052\/cj-logo.png","contentUrl":"https:\/\/cj.estrategia.com\/portal\/wp-content\/uploads\/2022\/03\/11151052\/cj-logo.png","width":150,"height":39,"caption":"Estrat\u00e9gia - Carreiras Jur\u00eddicas"},"image":{"@id":"https:\/\/cj.estrategia.com\/portal\/#\/schema\/logo\/image\/"},"sameAs":["https:\/\/www.facebook.com\/estrategiacarreirajuridica\/","https:\/\/x.com\/EstratJuridica","https:\/\/www.instagram.com\/estrategiacarreirajuridica\/","https:\/\/www.youtube.com\/channel\/UClbMGuYbj2Mh1m3w144ETWQ"]},{"@type":"Person","@id":"https:\/\/cj.estrategia.com\/portal\/#\/schema\/person\/c48648992c53b73c046825760c50c2f0","name":"Allan Joos","image":{"@type":"ImageObject","inLanguage":"pt-BR","@id":"https:\/\/secure.gravatar.com\/avatar\/1b8f33b5c8b83dae3a0e569e23f1e6d1898a7771af6690410413809652612016?s=96&d=mm&r=g","url":"https:\/\/secure.gravatar.com\/avatar\/1b8f33b5c8b83dae3a0e569e23f1e6d1898a7771af6690410413809652612016?s=96&d=mm&r=g","contentUrl":"https:\/\/secure.gravatar.com\/avatar\/1b8f33b5c8b83dae3a0e569e23f1e6d1898a7771af6690410413809652612016?s=96&d=mm&r=g","caption":"Allan Joos"},"url":"https:\/\/cj.estrategia.com\/portal\/author\/allan-joos\/"}]}},"jetpack_featured_media_url":"https:\/\/cj.estrategia.com\/portal\/wp-content\/uploads\/2024\/09\/16120635\/datena-pablo-marcal-debate.png","jetpack_sharing_enabled":true,"_links":{"self":[{"href":"https:\/\/cj.estrategia.com\/portal\/wp-json\/wp\/v2\/posts\/76187","targetHints":{"allow":["GET"]}}],"collection":[{"href":"https:\/\/cj.estrategia.com\/portal\/wp-json\/wp\/v2\/posts"}],"about":[{"href":"https:\/\/cj.estrategia.com\/portal\/wp-json\/wp\/v2\/types\/post"}],"author":[{"embeddable":true,"href":"https:\/\/cj.estrategia.com\/portal\/wp-json\/wp\/v2\/users\/62"}],"replies":[{"embeddable":true,"href":"https:\/\/cj.estrategia.com\/portal\/wp-json\/wp\/v2\/comments?post=76187"}],"version-history":[{"count":2,"href":"https:\/\/cj.estrategia.com\/portal\/wp-json\/wp\/v2\/posts\/76187\/revisions"}],"predecessor-version":[{"id":76197,"href":"https:\/\/cj.estrategia.com\/portal\/wp-json\/wp\/v2\/posts\/76187\/revisions\/76197"}],"wp:featuredmedia":[{"embeddable":true,"href":"https:\/\/cj.estrategia.com\/portal\/wp-json\/wp\/v2\/media\/76195"}],"wp:attachment":[{"href":"https:\/\/cj.estrategia.com\/portal\/wp-json\/wp\/v2\/media?parent=76187"}],"wp:term":[{"taxonomy":"category","embeddable":true,"href":"https:\/\/cj.estrategia.com\/portal\/wp-json\/wp\/v2\/categories?post=76187"},{"taxonomy":"post_tag","embeddable":true,"href":"https:\/\/cj.estrategia.com\/portal\/wp-json\/wp\/v2\/tags?post=76187"},{"taxonomy":"tax_estado","embeddable":true,"href":"https:\/\/cj.estrategia.com\/portal\/wp-json\/wp\/v2\/tax_estado?post=76187"}],"curies":[{"name":"wp","href":"https:\/\/api.w.org\/{rel}","templated":true}]}}