{"id":75672,"date":"2025-07-17T22:06:11","date_gmt":"2025-07-18T01:06:11","guid":{"rendered":"https:\/\/cj.estrategia.com\/portal\/?p=75672"},"modified":"2025-12-17T20:01:45","modified_gmt":"2025-12-17T23:01:45","slug":"concurso-procurador-fozprev","status":"publish","type":"post","link":"https:\/\/cj.estrategia.com\/portal\/concurso-procurador-fozprev\/","title":{"rendered":"Concurso Procurador FOZPREV: sele\u00e7\u00e3o homologada!"},"content":{"rendered":"<a id=\"cta-icon\" href=\"https:\/\/sndflw.com\/i\/procuradorias-grupo\" target=\"blank\" style=\"background:rgb(41,166,26)\">\n            <img decoding=\"async\" src=\"https:\/\/cj.estrategia.com\/portal\/wp-content\/uploads\/2023\/12\/07160657\/whatsapp_1385.webp\" alt=\"\" alt=\"whatsapp_1385\"><span > Acesse agora o Grupo de Estudos para Concurso de Procuradorias <\/span><\/a>\n\n\n\n<p>A Foz Previd\u00eancia \u2013 FOZPREV publicou o <strong>resultado final e a<\/strong> <strong>homologa\u00e7\u00e3o <\/strong>do concurso para o cargo de Procurador Jur\u00eddico. Veja o arquivo abaixo:<\/p>\n\n\n\n<p class=\"has-text-align-center has-pale-cyan-blue-background-color has-background\"><a href=\"https:\/\/cj.estrategia.com\/portal\/wp-content\/uploads\/2025\/05\/08220506\/473195d8-203c-4563-ae81-03539dc72549.pdf\" target=\"_blank\" rel=\"noreferrer noopener nofollow\">Homologa\u00e7\u00e3o<\/a> e <a href=\"https:\/\/cj.estrategia.com\/portal\/wp-content\/uploads\/2025\/05\/08220402\/42d742ae-c2b3-466c-87a9-31dd6e3fe936.pdf\" target=\"_blank\" rel=\"noreferrer noopener nofollow\">resultado final PCD<\/a> e <a href=\"https:\/\/cj.estrategia.com\/portal\/wp-content\/uploads\/2025\/05\/08220414\/50eb4466-f64d-478c-91ae-d4adcd89ab93.pdf\" target=\"_blank\" rel=\"noreferrer noopener nofollow\">ampla concorr\u00eancia<\/a><\/p>\n\n\n\n<p>Para participar do certame, foi necess\u00e1rio ter Ensino Superior Completo em Direito com inscri\u00e7\u00e3o na OAB. Al\u00e9m disso, tamb\u00e9m foi exigida experi\u00eancia comprovada de, no m\u00ednimo, dois anos de atua\u00e7\u00e3o na \u00e1rea de Direito.<\/p>\n\n\n\n<p>Confira mais detalhes no artigo!<\/p>\n\n\n\n<ul class=\"wp-block-list has-very-light-gray-to-cyan-bluish-gray-gradient-background has-background\">\n<li><strong>Concurso Procurador FOZPREV<\/strong><\/li>\n\n\n\n<li><strong>Status:<\/strong> homologado<\/li>\n\n\n\n<li><strong>Banca:<\/strong> <a href=\"https:\/\/www.fundacaofafipa.org.br\/informacoes\/4026\/\">FAFIPA<\/a><\/li>\n\n\n\n<li><strong>Vagas: <\/strong>CR<\/li>\n\n\n\n<li><strong>Sal\u00e1rio inicial:<\/strong> R$ 9.665,10<\/li>\n\n\n\n<li><a href=\"https:\/\/cj.estrategia.com\/portal\/wp-content\/uploads\/2024\/11\/13002446\/Microsoft-Word-1.-Edital-de-Abertura-n.o-01.01.2024-FOZPREV.doc-20241112092315973acao.pdf\">Edital Procurador FOZPREV<\/a><\/li>\n<\/ul>\n\n\n\n<div class=\"container\" id=\"boxes\">\n  <div class=\"row\">\n\n    <div class=\"col-sm\">\n      <div class=\"banner-estrategia-concursos-juridicos\" id=\"box-assinatura\">\n        <h2 id=\"curso-para-concurso-procurador-fozprev\" class=\"titulo-assinatura\"><span style=\"color: #ffffff; font-size: 23px; \">Curso para Concurso Procurador FOZPREV<\/span><\/h2>\n        <p class=\"subtitulo-assinatura\">Cursos focados no edital do concurso<\/p>\n        <div class=\"box-botao\">\n          <a class=\"btn-assinatura-juridica\" target=\"_blank\" href=\"https:\/\/cj.estrategia.com\/?utm_source=blog&utm_medium=botao&utm_campaign=ecj_convers\" role=\"button\" rel=\"noopener noreferrer\">Conhe\u00e7a mais<\/a>\n        <\/div>\n      <\/div>\n      <p class=\"texto-auxiliar\">Prepare-se com o melhor material e com quem mais aprova em concursos em todo o pa\u00eds. \n<\/p>\n    <\/div>\n\n  <\/div>\n<\/div>\n\n\n\n<div class=\"wp-block-yoast-seo-table-of-contents yoast-table-of-contents\"><h3 id=\"navegue-pelo-indice\">Navegue pelo \u00edndice:<\/h3><ul><li><a href=\"#atual\" data-level=\"2\">Concurso Procurador FOZPREV: situa\u00e7\u00e3o atual<\/a><ul><li><a href=\"#h-gabaritos-resultados-e-convocacoes\" data-level=\"3\">Gabaritos, resultados e convoca\u00e7\u00f5es<\/a><\/li><\/ul><\/li><li><a href=\"#carreira\" data-level=\"2\">Carreira de Procurador na FOZPREV<\/a><ul><li><a href=\"#vagas\" data-level=\"3\">Cargos e vagas<\/a><\/li><li><a href=\"#remuneracao\" data-level=\"3\">Remunera\u00e7\u00e3o<\/a><\/li><li><a href=\"#requisitos\" data-level=\"3\">Requisitos<\/a><\/li><\/ul><\/li><li><a href=\"#etapas\" data-level=\"2\">Concurso Procurador FOZPREV: etapas<\/a><ul><li><a href=\"#h-prova-objetiva\" data-level=\"3\">Prova Objetiva<\/a><\/li><li><a href=\"#h-prova-discursiva\" data-level=\"3\">Prova Discursiva<\/a><\/li><li><a href=\"#h-prova-de-titulos\" data-level=\"3\">Prova de t\u00edtulos<\/a><\/li><\/ul><\/li><li><a href=\"#ultimo-edital\" data-level=\"2\">\u00daltimo concurso Procurador FOZPREV<\/a><ul><li><a href=\"#etapas\" data-level=\"3\">Etapas do \u00faltimo concurso<\/a><\/li><\/ul><\/li><li><a href=\"#cursos\" data-level=\"2\">Quer saber tudo sobre concursos previstos? Confira nossos artigos!<\/a><\/li><li><a href=\"#curso\" data-level=\"2\">Quer estudar para o concurso Procurador FOZPREV?<\/a><\/li><\/ul><\/div>\n\n\n\n<h2 class=\"wp-block-heading\" id=\"atual\"><span id=\"concurso-procurador-fozprev-situacao-atual\">Concurso Procurador FOZPREV: situa\u00e7\u00e3o atual<\/span><\/h2>\n\n\n\n<p>A FOZPREV divulgou o resultado final e a classifica\u00e7\u00e3o do concurso para o cargo de Procurador Jur\u00eddico. Abaixo, acesse o arquivo com essa informa\u00e7\u00e3o.<\/p>\n\n\n\n<h3 class=\"wp-block-heading\" id=\"h-gabaritos-resultados-e-convocacoes\"><span id=\"gabaritos-resultados-e-convocacoes\">Gabaritos, resultados e convoca\u00e7\u00f5es<\/span><\/h3>\n\n\n\n<ul class=\"wp-block-list\">\n<li><a href=\"https:\/\/cj.estrategia.com\/portal\/wp-content\/uploads\/2025\/02\/11082745\/Gabarito-preliminar-FOZPREV.pdf\" target=\"_blank\" >Gabarito preliminar<\/a>;<\/li>\n\n\n\n<li><a href=\"https:\/\/cj.estrategia.com\/portal\/wp-content\/uploads\/2025\/03\/04144954\/801e0675-a101-45c3-8153-740c353b4c19.pdf\" target=\"_blank\" rel=\"noreferrer noopener nofollow\">Resultado definitivo da heteroidentifica\u00e7\u00e3o<\/a>;<\/li>\n\n\n\n<li><a href=\"https:\/\/cj.estrategia.com\/portal\/wp-content\/uploads\/2025\/03\/14143623\/828fbaa1-2600-41ed-88ab-926fb3d5f5c7-1.pdf\" target=\"_blank\" >Resultado final da prova objetiva<\/a>;<\/li>\n\n\n\n<li><a href=\"https:\/\/cj.estrategia.com\/portal\/wp-content\/uploads\/2025\/03\/28170227\/b82825f5-2c39-499f-bd94-34ea5d6e71a2.pdf\" target=\"_blank\" rel=\"noreferrer noopener nofollow\">Resultado definitivo da prova discursiva<\/a>;<\/li>\n\n\n\n<li><a href=\"https:\/\/cj.estrategia.com\/portal\/wp-content\/uploads\/2025\/05\/08220402\/42d742ae-c2b3-466c-87a9-31dd6e3fe936.pdf\" target=\"_blank\" rel=\"noreferrer noopener nofollow\">Resultado final PCD<\/a> e <a href=\"https:\/\/cj.estrategia.com\/portal\/wp-content\/uploads\/2025\/05\/08220414\/50eb4466-f64d-478c-91ae-d4adcd89ab93.pdf\" target=\"_blank\" rel=\"noreferrer noopener nofollow\">ampla concorr\u00eancia<\/a>;<\/li>\n\n\n\n<li><a href=\"https:\/\/cj.estrategia.com\/portal\/wp-content\/uploads\/2025\/05\/08220506\/473195d8-203c-4563-ae81-03539dc72549.pdf\" target=\"_blank\" rel=\"noreferrer noopener nofollow\">Homologa\u00e7\u00e3o<\/a>.<\/li>\n<\/ul>\n\n\n\n<h2 class=\"wp-block-heading\" id=\"carreira\"><span id=\"carreira-de-procurador-na-fozprev\">Carreira de Procurador na FOZPREV<\/span><\/h2>\n\n\n\n<h3 class=\"wp-block-heading\" id=\"vagas\"><span id=\"cargos-e-vagas\">Cargos e vagas<\/span><\/h3>\n\n\n\n<ul class=\"wp-block-list\">\n<li>Procurador \u2013 CR.<\/li>\n<\/ul>\n\n\n\n<h3 class=\"wp-block-heading\" id=\"remuneracao\">Remunera\u00e7\u00e3o<\/h3>\n\n\n\n<ul class=\"wp-block-list\">\n<li>Procurador \u2013 <strong>R$ 9.665,10<\/strong>.<\/li>\n<\/ul>\n\n\n\n<h3 class=\"wp-block-heading\" id=\"requisitos\">Requisitos<\/h3>\n\n\n\n<p>Diploma, devidamente registrado, de conclus\u00e3o de curso de n\u00edvel superior em Direito, fornecido por institui\u00e7\u00e3o de ensino superior reconhecida pelo Minist\u00e9rio da Educa\u00e7\u00e3o, com o competente registro no \u00d3rg\u00e3o de Classe. Experi\u00eancia comprovada de no m\u00ednimo 02 (dois) anos de atua\u00e7\u00e3o na \u00e1rea de Direito.<\/p>\n\n\n\n<h2 class=\"wp-block-heading\" id=\"etapas\"><span id=\"concurso-procurador-fozprev-etapas\">Concurso Procurador FOZPREV: etapas<\/span><\/h2>\n\n\n\n<p>O concurso foi composto por tr\u00eas fases, s\u00e3o elas:<\/p>\n\n\n\n<ul class=\"wp-block-list\">\n<li><strong>Provas objetivas<\/strong>, de car\u00e1ter eliminat\u00f3rio e classificat\u00f3rio.<\/li>\n\n\n\n<li><strong>Prova discursiva<\/strong>, de car\u00e1ter eliminat\u00f3rio e classificat\u00f3rio.<\/li>\n\n\n\n<li><strong>Prova de t\u00edtulos<\/strong>, de car\u00e1ter classificat\u00f3rio.<\/li>\n<\/ul>\n\n\n\n<h3 class=\"wp-block-heading\" id=\"h-prova-objetiva\"><span id=\"prova-objetiva\">Prova Objetiva <\/span><\/h3>\n\n\n\n<p>A prova objetiva foi composta por 40 quest\u00f5es distribu\u00eddas por \u00e1reas de conhecimento. Cada quest\u00e3o da prova objetiva teve quatro alternativas, sendo apenas uma alternativa correta, pontuada conforme a tabela abaixo:<\/p>\n\n\n\n<figure class=\"wp-block-image size-full\"><img decoding=\"async\" width=\"660\" height=\"114\" src=\"https:\/\/cj.estrategia.com\/portal\/wp-content\/uploads\/2024\/11\/12193906\/image-1-8.png\" alt=\"Tabela de detalhes da prova objetiva para Procurador da FOZPREV\" class=\"wp-image-83671\" srcset=\"https:\/\/cj.estrategia.com\/portal\/wp-content\/uploads\/2024\/11\/12193906\/image-1-8.png 660w, https:\/\/cj.estrategia.com\/portal\/wp-content\/uploads\/2024\/11\/12193906\/image-1-8-300x52.png 300w, https:\/\/cj.estrategia.com\/portal\/wp-content\/uploads\/2024\/11\/12193906\/image-1-8-380x66.png 380w, https:\/\/cj.estrategia.com\/portal\/wp-content\/uploads\/2024\/11\/12193906\/image-1-8-150x26.png 150w\" sizes=\"(max-width: 660px) 100vw, 660px\" \/><\/figure>\n\n\n\n<p>A prova objetiva teve dura\u00e7\u00e3o de 4 horas, inclu\u00eddo o tempo de marca\u00e7\u00e3o na Folha de Respostas.<\/p>\n\n\n\n<p>O candidato teve de obter nota igual ou superior a 50 pontos, numa escala de zero a 100 pontos, do total das \u00e1reas de conhecimento da prova objetiva, para ser considerado aprovado e classificado no Concurso P\u00fablico, al\u00e9m de n\u00e3o ser eliminado por outros crit\u00e9rios estabelecidos no edital.<\/p>\n\n\n\n<h3 class=\"wp-block-heading\" id=\"h-prova-discursiva\"><span id=\"prova-discursiva\">Prova Discursiva<\/span><\/h3>\n\n\n\n<p>A prova discursiva aplicada ao cargo de Procurador Jur\u00eddico foi composta por um PARECER JUR\u00cdDICO, abrangendo o conte\u00fado de conhecimentos espec\u00edficos de DIREITO ADMINISTRATIVO e DIREITO PREVIDENCI\u00c1RIO constantes no edital.<\/p>\n\n\n\n<p>A prova discursiva foi realizada concomitantemente \u00e0 aplica\u00e7\u00e3o da prova objetiva, as quais, em conjunto, tiveram a dura\u00e7\u00e3o m\u00e1xima de quatro horas, inclu\u00eddo o tempo de transcri\u00e7\u00e3o na Folha de Resposta definitiva da Prova Discursiva.<\/p>\n\n\n\n<p>O candidato precisou obter nota igual ou superior a 20,00 pontos, numa escala de zero a 40 pontos, na prova discursiva, para ser considerado aprovado e classificado no Concurso P\u00fablico. Os candidatos que obtiveram nota inferior a 20,00 pontos foram automaticamente eliminados do certame.<\/p>\n\n\n\n<h3 class=\"wp-block-heading\" id=\"h-prova-de-titulos\"><span id=\"prova-de-titulos\">Prova de t\u00edtulos<\/span><\/h3>\n\n\n\n<p>A prova de t\u00edtulos teve o valor m\u00e1ximo de 10 pontos, ainda que a soma dos valores dos t\u00edtulos apresentados seja superior a este valor, conforme prescreve a tabela abaixo:<\/p>\n\n\n<div class=\"wp-block-image\">\n<figure class=\"aligncenter size-full\"><img decoding=\"async\" width=\"659\" height=\"146\" src=\"https:\/\/cj.estrategia.com\/portal\/wp-content\/uploads\/2024\/11\/12195434\/image-6.png\" alt=\"Tabela de atribui\u00e7\u00e3o de pontos na avalia\u00e7\u00e3o de t\u00edtulos\" class=\"wp-image-83674\" srcset=\"https:\/\/cj.estrategia.com\/portal\/wp-content\/uploads\/2024\/11\/12195434\/image-6.png 659w, https:\/\/cj.estrategia.com\/portal\/wp-content\/uploads\/2024\/11\/12195434\/image-6-300x66.png 300w, https:\/\/cj.estrategia.com\/portal\/wp-content\/uploads\/2024\/11\/12195434\/image-6-380x84.png 380w, https:\/\/cj.estrategia.com\/portal\/wp-content\/uploads\/2024\/11\/12195434\/image-6-150x33.png 150w\" sizes=\"(max-width: 659px) 100vw, 659px\" \/><\/figure>\n<\/div>\n\n\n<hr class=\"wp-block-separator has-alpha-channel-opacity\"\/>\n\n\n\n<h2 class=\"wp-block-heading\" id=\"ultimo-edital\"><span id=\"ultimo-concurso-procurador-fozprev\">\u00daltimo concurso Procurador FOZPREV<\/span><\/h2>\n\n\n\n<p>O \u00faltimo certame aconteceu em <strong>2018<\/strong>. Foram ofertadas <strong>vagas em CR<\/strong> com inicial de <strong>R$ 7.171,21<\/strong>. <\/p>\n\n\n\n<h3 class=\"wp-block-heading\" id=\"etapas\"><span id=\"etapas-do-ultimo-concurso\">Etapas do \u00faltimo concurso <\/span><\/h3>\n\n\n<div class=\"wp-block-image\">\n<figure class=\"aligncenter size-large is-resized\"><img decoding=\"async\" width=\"1024\" height=\"220\" src=\"https:\/\/cj.estrategia.com\/portal\/wp-content\/uploads\/2024\/09\/13062833\/image-14-1024x220.png\" alt=\"Tabela de etapas do \u00faltimo edital para Procurador da FOZPREV\" class=\"wp-image-75680\" style=\"width:726px;height:auto\" srcset=\"https:\/\/cj.estrategia.com\/portal\/wp-content\/uploads\/2024\/09\/13062833\/image-14-1024x220.png 1024w, https:\/\/cj.estrategia.com\/portal\/wp-content\/uploads\/2024\/09\/13062833\/image-14-300x64.png 300w, https:\/\/cj.estrategia.com\/portal\/wp-content\/uploads\/2024\/09\/13062833\/image-14-768x165.png 768w, https:\/\/cj.estrategia.com\/portal\/wp-content\/uploads\/2024\/09\/13062833\/image-14-380x82.png 380w, https:\/\/cj.estrategia.com\/portal\/wp-content\/uploads\/2024\/09\/13062833\/image-14-800x172.png 800w, https:\/\/cj.estrategia.com\/portal\/wp-content\/uploads\/2024\/09\/13062833\/image-14-1160x249.png 1160w, https:\/\/cj.estrategia.com\/portal\/wp-content\/uploads\/2024\/09\/13062833\/image-14-150x32.png 150w, https:\/\/cj.estrategia.com\/portal\/wp-content\/uploads\/2024\/09\/13062833\/image-14.png 1462w\" sizes=\"(max-width: 1024px) 100vw, 1024px\" \/><\/figure>\n<\/div>\n\n\n<h4 class=\"wp-block-heading\" id=\"h-prova-de-titulos-0\"><span id=\"prova-de-titulos-2\">Prova de t\u00edtulos<\/span><\/h4>\n\n\n<div class=\"wp-block-image\">\n<figure class=\"aligncenter size-large\"><img decoding=\"async\" width=\"1024\" height=\"378\" src=\"https:\/\/cj.estrategia.com\/portal\/wp-content\/uploads\/2024\/09\/13062941\/image-3-4-1024x378.png\" alt=\"Tabela de atribui\u00e7\u00e3o de pontos na avalia\u00e7\u00e3o de t\u00edtulos do \u00faltimo edital\" class=\"wp-image-75682\" srcset=\"https:\/\/cj.estrategia.com\/portal\/wp-content\/uploads\/2024\/09\/13062941\/image-3-4-1024x378.png 1024w, https:\/\/cj.estrategia.com\/portal\/wp-content\/uploads\/2024\/09\/13062941\/image-3-4-300x111.png 300w, https:\/\/cj.estrategia.com\/portal\/wp-content\/uploads\/2024\/09\/13062941\/image-3-4-768x283.png 768w, https:\/\/cj.estrategia.com\/portal\/wp-content\/uploads\/2024\/09\/13062941\/image-3-4-380x140.png 380w, https:\/\/cj.estrategia.com\/portal\/wp-content\/uploads\/2024\/09\/13062941\/image-3-4-800x295.png 800w, https:\/\/cj.estrategia.com\/portal\/wp-content\/uploads\/2024\/09\/13062941\/image-3-4-1160x428.png 1160w, https:\/\/cj.estrategia.com\/portal\/wp-content\/uploads\/2024\/09\/13062941\/image-3-4-150x55.png 150w, https:\/\/cj.estrategia.com\/portal\/wp-content\/uploads\/2024\/09\/13062941\/image-3-4.png 1269w\" sizes=\"(max-width: 1024px) 100vw, 1024px\" \/><\/figure>\n<\/div>\n\n\n<h2 class=\"wp-block-heading has-text-align-center\" id=\"cursos\"><span id=\"quer-saber-tudo-sobre-concursos-previstosconfira-nossos-artigos\">Quer saber tudo sobre concursos previstos?<br><strong>Confira nossos artigos!<\/strong><\/span><\/h2>\n\n\n\n<ul class=\"wp-block-list\">\n<li><a href=\"https:\/\/cj.estrategia.com\/portal\/concursos-abertos-carreiras-juridicas\/\" target=\"_blank\" >Concursos jur\u00eddicos abertos<\/a><\/li>\n\n\n\n<li><a href=\"https:\/\/cj.estrategia.com\/portal\/concursos-juridicos-2026\/\">Concursos jur\u00eddicos 2026<\/a><\/li>\n\n\n\n<li><a href=\"https:\/\/cj.estrategia.com\/portal\/concursos-procuradorias\/\" target=\"_blank\" >Concursos procuradorias<\/a><\/li>\n<\/ul>\n\n\n\n<h2 class=\"wp-block-heading has-text-align-center\" id=\"curso\"><span id=\"quer-estudar-para-o-concurso-procurador-fozprev\">Quer estudar para o concurso Procurador FOZPREV?<\/span><\/h2>\n\n\n\n<div class=\"wp-block-cover\" style=\"min-height:155px;aspect-ratio:unset;\"><img decoding=\"async\" width=\"1890\" height=\"351\" class=\"wp-block-cover__image-background wp-image-8669\" alt=\"Assinaturas Jur\u00eddicas\" src=\"https:\/\/cj.estrategia.com\/portal\/wp-content\/uploads\/2022\/06\/20151253\/concurso-carreiras-juridicas-assinatura-juridica.jpg\" style=\"object-position:78% 43%\" data-object-fit=\"cover\" data-object-position=\"78% 43%\" srcset=\"https:\/\/cj.estrategia.com\/portal\/wp-content\/uploads\/2022\/06\/20151253\/concurso-carreiras-juridicas-assinatura-juridica.jpg 1890w, https:\/\/cj.estrategia.com\/portal\/wp-content\/uploads\/2022\/06\/20151253\/concurso-carreiras-juridicas-assinatura-juridica-300x56.jpg 300w, https:\/\/cj.estrategia.com\/portal\/wp-content\/uploads\/2022\/06\/20151253\/concurso-carreiras-juridicas-assinatura-juridica-1024x190.jpg 1024w, https:\/\/cj.estrategia.com\/portal\/wp-content\/uploads\/2022\/06\/20151253\/concurso-carreiras-juridicas-assinatura-juridica-768x143.jpg 768w, https:\/\/cj.estrategia.com\/portal\/wp-content\/uploads\/2022\/06\/20151253\/concurso-carreiras-juridicas-assinatura-juridica-1536x285.jpg 1536w, https:\/\/cj.estrategia.com\/portal\/wp-content\/uploads\/2022\/06\/20151253\/concurso-carreiras-juridicas-assinatura-juridica-380x71.jpg 380w, https:\/\/cj.estrategia.com\/portal\/wp-content\/uploads\/2022\/06\/20151253\/concurso-carreiras-juridicas-assinatura-juridica-800x149.jpg 800w, https:\/\/cj.estrategia.com\/portal\/wp-content\/uploads\/2022\/06\/20151253\/concurso-carreiras-juridicas-assinatura-juridica-1160x215.jpg 1160w\" sizes=\"(max-width: 1890px) 100vw, 1890px\" \/><span aria-hidden=\"true\" class=\"wp-block-cover__background has-background-dim\"><\/span><div class=\"wp-block-cover__inner-container is-layout-flow wp-block-cover-is-layout-flow\">\n<h3 id=\"faca-a-sua-assinatura\" class=\"titulo-assinatura\"><span style=\"color: #ffffff;\">Fa\u00e7a a sua assinatura!<\/span><\/h3>\n<p class=\"subtitulo-assinatura\" style=\"display:block!important; line-height: 0;\"><span style=\"color: #ffffff;\">Escolha a sua \u00e1rea.<\/span><\/p>\n<a target=\"_blank\" href=\"https:\/\/www.estrategiaconcursos.com.br\/assinaturas-ecj\/\" rel=\"noopener\"><button style=\"border-radius: 10px; text-transform: capitalize;\">Acessar<\/button><\/a>\n<\/div><\/div>\n\n\n\n<p class=\"has-white-color has-text-color\">Procurador C\u00e2mara de Macei\u00f3 Novo edital em br<\/p>\n\n\n\n<figure class=\"wp-block-image size-large is-resized\"><img decoding=\"async\" src=\"https:\/\/dhg1h5j42swfq.cloudfront.net\/2021\/04\/19202624\/ficha-tecnica-1-1024x632-1-3.png\" alt=\"Ficha t\u00e9cnica do concurso Procurador FOZPREV\" class=\"wp-image-717343\" style=\"width:246px;height:152px\"\/><\/figure>\n\n\n\n<h4 class=\"wp-block-heading has-text-align-left\" id=\"ficha\"><span id=\"informacoes-do-concurso-procurador-fozprev\">Informa\u00e7\u00f5es do concurso Procurador FOZPREV<\/span><\/h4>\n\n\n\n<ul class=\"wp-block-list\">\n<li><strong>Data da prova:<\/strong> <s>09\/02\/2025<\/s><\/li>\n\n\n\n<li><strong>Vagas<\/strong>: CR<\/li>\n\n\n\n<li><strong>Cargos<\/strong>: Procurador <\/li>\n\n\n\n<li><strong>Lota\u00e7\u00f5es<\/strong>: Paran\u00e1<\/li>\n\n\n\n<li><strong>Banca<\/strong>: FAFIPA<\/li>\n\n\n\n<li><strong>Escolaridade<\/strong>: N\u00edvel Superior em Direito + OAB + Experi\u00eancia comprovada de no m\u00ednimo 02 (dois) anos de atua\u00e7\u00e3o na \u00e1rea de Direito (de acordo com o \u00faltimo edital)<\/li>\n\n\n\n<li><a href=\"https:\/\/cj.estrategia.com\/portal\/wp-content\/uploads\/2024\/11\/13002446\/Microsoft-Word-1.-Edital-de-Abertura-n.o-01.01.2024-FOZPREV.doc-20241112092315973acao.pdf\">Edital Concurso Procurador FOZPREV<\/a><\/li>\n<\/ul>\n","protected":false},"excerpt":{"rendered":"A Foz Previd\u00eancia \u2013 FOZPREV publicou o resultado final e a homologa\u00e7\u00e3o do concurso para o cargo de&hellip;\n","protected":false},"author":12,"featured_media":169991,"comment_status":"open","ping_status":"open","sticky":false,"template":"","format":"standard","meta":{"_jetpack_memberships_contains_paid_content":false,"footnotes":""},"categories":[24],"tags":[],"tax_estado":[48],"class_list":{"0":"post-75672","1":"post","2":"type-post","3":"status-publish","4":"format-standard","5":"has-post-thumbnail","7":"category-procuradoria","8":"tax_estado-pr"},"acf":[],"yoast_head":"<!-- This site is optimized with the Yoast SEO Premium plugin v27.5 (Yoast SEO v27.5) - https:\/\/yoast.com\/product\/yoast-seo-premium-wordpress\/ -->\n<title>Concurso Procurador FOZPREV: sele\u00e7\u00e3o homologada!<\/title>\n<meta name=\"description\" content=\"Concurso Procurador FOZPREV: edital ofertou vagas em CR com iniciais de R$9,6 mil para a carreira. Certame homologado!\" \/>\n<meta name=\"robots\" content=\"index, follow, max-snippet:-1, max-image-preview:large, max-video-preview:-1\" \/>\n<link rel=\"canonical\" href=\"https:\/\/cj.estrategia.com\/portal\/concurso-procurador-fozprev\/\" \/>\n<meta property=\"og:locale\" content=\"pt_BR\" \/>\n<meta property=\"og:type\" content=\"article\" \/>\n<meta property=\"og:title\" content=\"Concurso Procurador FOZPREV: sele\u00e7\u00e3o homologada!\" \/>\n<meta property=\"og:description\" content=\"Concurso Procurador FOZPREV: edital ofertou vagas em CR com iniciais de R$9,6 mil para a carreira. Certame homologado!\" \/>\n<meta property=\"og:url\" content=\"https:\/\/cj.estrategia.com\/portal\/concurso-procurador-fozprev\/\" \/>\n<meta property=\"og:site_name\" content=\"Blog - Carreiras Jur\u00eddicas - Estrat\u00e9gia\" \/>\n<meta property=\"article:publisher\" content=\"https:\/\/www.facebook.com\/estrategiacarreirajuridica\/\" \/>\n<meta property=\"article:published_time\" content=\"2025-07-18T01:06:11+00:00\" \/>\n<meta property=\"article:modified_time\" content=\"2025-12-17T23:01:45+00:00\" \/>\n<meta property=\"og:image\" content=\"https:\/\/cj.estrategia.com\/portal\/wp-content\/uploads\/2025\/12\/17195659\/Concursos-Procuradorias.jpg\" \/>\n\t<meta property=\"og:image:width\" content=\"768\" \/>\n\t<meta property=\"og:image:height\" content=\"432\" \/>\n\t<meta property=\"og:image:type\" content=\"image\/jpeg\" \/>\n<meta name=\"author\" content=\"Coordena\u00e7\u00e3o\" \/>\n<meta name=\"twitter:card\" content=\"summary_large_image\" \/>\n<meta name=\"twitter:creator\" content=\"@EstratJuridica\" \/>\n<meta name=\"twitter:site\" content=\"@EstratJuridica\" \/>\n<meta name=\"twitter:label1\" content=\"Escrito por\" \/>\n\t<meta name=\"twitter:data1\" content=\"Coordena\u00e7\u00e3o\" \/>\n\t<meta name=\"twitter:label2\" content=\"Est. tempo de leitura\" \/>\n\t<meta name=\"twitter:data2\" content=\"9 minutos\" \/>\n<script type=\"application\/ld+json\" class=\"yoast-schema-graph\">{\"@context\":\"https:\\\/\\\/schema.org\",\"@graph\":[{\"@type\":\"NewsArticle\",\"@id\":\"https:\\\/\\\/cj.estrategia.com\\\/portal\\\/concurso-procurador-fozprev\\\/#article\",\"isPartOf\":{\"@id\":\"https:\\\/\\\/cj.estrategia.com\\\/portal\\\/concurso-procurador-fozprev\\\/\"},\"author\":{\"name\":\"Coordena\u00e7\u00e3o\",\"@id\":\"https:\\\/\\\/cj.estrategia.com\\\/portal\\\/#\\\/schema\\\/person\\\/4d70317d31449932b99102916b6637f5\"},\"headline\":\"Concurso Procurador FOZPREV: sele\u00e7\u00e3o homologada!\",\"datePublished\":\"2025-07-18T01:06:11+00:00\",\"dateModified\":\"2025-12-17T23:01:45+00:00\",\"mainEntityOfPage\":{\"@id\":\"https:\\\/\\\/cj.estrategia.com\\\/portal\\\/concurso-procurador-fozprev\\\/\"},\"wordCount\":746,\"commentCount\":0,\"publisher\":{\"@id\":\"https:\\\/\\\/cj.estrategia.com\\\/portal\\\/#organization\"},\"image\":{\"@id\":\"https:\\\/\\\/cj.estrategia.com\\\/portal\\\/concurso-procurador-fozprev\\\/#primaryimage\"},\"thumbnailUrl\":\"https:\\\/\\\/cj.estrategia.com\\\/portal\\\/wp-content\\\/uploads\\\/2025\\\/12\\\/17195659\\\/Concursos-Procuradorias.jpg\",\"articleSection\":[\"Procuradoria\"],\"inLanguage\":\"pt-BR\",\"potentialAction\":[{\"@type\":\"CommentAction\",\"name\":\"Comment\",\"target\":[\"https:\\\/\\\/cj.estrategia.com\\\/portal\\\/concurso-procurador-fozprev\\\/#respond\"]}],\"accessibilityFeature\":[\"tableOfContents\"]},{\"@type\":\"WebPage\",\"@id\":\"https:\\\/\\\/cj.estrategia.com\\\/portal\\\/concurso-procurador-fozprev\\\/\",\"url\":\"https:\\\/\\\/cj.estrategia.com\\\/portal\\\/concurso-procurador-fozprev\\\/\",\"name\":\"Concurso Procurador FOZPREV: sele\u00e7\u00e3o homologada!\",\"isPartOf\":{\"@id\":\"https:\\\/\\\/cj.estrategia.com\\\/portal\\\/#website\"},\"primaryImageOfPage\":{\"@id\":\"https:\\\/\\\/cj.estrategia.com\\\/portal\\\/concurso-procurador-fozprev\\\/#primaryimage\"},\"image\":{\"@id\":\"https:\\\/\\\/cj.estrategia.com\\\/portal\\\/concurso-procurador-fozprev\\\/#primaryimage\"},\"thumbnailUrl\":\"https:\\\/\\\/cj.estrategia.com\\\/portal\\\/wp-content\\\/uploads\\\/2025\\\/12\\\/17195659\\\/Concursos-Procuradorias.jpg\",\"datePublished\":\"2025-07-18T01:06:11+00:00\",\"dateModified\":\"2025-12-17T23:01:45+00:00\",\"description\":\"Concurso Procurador FOZPREV: edital ofertou vagas em CR com iniciais de R$9,6 mil para a carreira. Certame homologado!\",\"breadcrumb\":{\"@id\":\"https:\\\/\\\/cj.estrategia.com\\\/portal\\\/concurso-procurador-fozprev\\\/#breadcrumb\"},\"inLanguage\":\"pt-BR\",\"potentialAction\":[{\"@type\":\"ReadAction\",\"target\":[\"https:\\\/\\\/cj.estrategia.com\\\/portal\\\/concurso-procurador-fozprev\\\/\"]}]},{\"@type\":\"ImageObject\",\"inLanguage\":\"pt-BR\",\"@id\":\"https:\\\/\\\/cj.estrategia.com\\\/portal\\\/concurso-procurador-fozprev\\\/#primaryimage\",\"url\":\"https:\\\/\\\/cj.estrategia.com\\\/portal\\\/wp-content\\\/uploads\\\/2025\\\/12\\\/17195659\\\/Concursos-Procuradorias.jpg\",\"contentUrl\":\"https:\\\/\\\/cj.estrategia.com\\\/portal\\\/wp-content\\\/uploads\\\/2025\\\/12\\\/17195659\\\/Concursos-Procuradorias.jpg\",\"width\":768,\"height\":432},{\"@type\":\"BreadcrumbList\",\"@id\":\"https:\\\/\\\/cj.estrategia.com\\\/portal\\\/concurso-procurador-fozprev\\\/#breadcrumb\",\"itemListElement\":[{\"@type\":\"ListItem\",\"position\":1,\"name\":\"In\u00edcio\",\"item\":\"https:\\\/\\\/cj.estrategia.com\\\/portal\\\/\"},{\"@type\":\"ListItem\",\"position\":2,\"name\":\"Concurso Procurador FOZPREV: sele\u00e7\u00e3o homologada!\"}]},{\"@type\":\"WebSite\",\"@id\":\"https:\\\/\\\/cj.estrategia.com\\\/portal\\\/#website\",\"url\":\"https:\\\/\\\/cj.estrategia.com\\\/portal\\\/\",\"name\":\"Blog - Carreiras Jur\u00eddicas - Estrat\u00e9gia\",\"description\":\"\",\"publisher\":{\"@id\":\"https:\\\/\\\/cj.estrategia.com\\\/portal\\\/#organization\"},\"potentialAction\":[{\"@type\":\"SearchAction\",\"target\":{\"@type\":\"EntryPoint\",\"urlTemplate\":\"https:\\\/\\\/cj.estrategia.com\\\/portal\\\/?s={search_term_string}\"},\"query-input\":{\"@type\":\"PropertyValueSpecification\",\"valueRequired\":true,\"valueName\":\"search_term_string\"}}],\"inLanguage\":\"pt-BR\"},{\"@type\":\"Organization\",\"@id\":\"https:\\\/\\\/cj.estrategia.com\\\/portal\\\/#organization\",\"name\":\"Estrat\u00e9gia - Carreiras Jur\u00eddicas\",\"url\":\"https:\\\/\\\/cj.estrategia.com\\\/portal\\\/\",\"logo\":{\"@type\":\"ImageObject\",\"inLanguage\":\"pt-BR\",\"@id\":\"https:\\\/\\\/cj.estrategia.com\\\/portal\\\/#\\\/schema\\\/logo\\\/image\\\/\",\"url\":\"https:\\\/\\\/cj.estrategia.com\\\/portal\\\/wp-content\\\/uploads\\\/2022\\\/03\\\/11151052\\\/cj-logo.png\",\"contentUrl\":\"https:\\\/\\\/cj.estrategia.com\\\/portal\\\/wp-content\\\/uploads\\\/2022\\\/03\\\/11151052\\\/cj-logo.png\",\"width\":150,\"height\":39,\"caption\":\"Estrat\u00e9gia - Carreiras Jur\u00eddicas\"},\"image\":{\"@id\":\"https:\\\/\\\/cj.estrategia.com\\\/portal\\\/#\\\/schema\\\/logo\\\/image\\\/\"},\"sameAs\":[\"https:\\\/\\\/www.facebook.com\\\/estrategiacarreirajuridica\\\/\",\"https:\\\/\\\/x.com\\\/EstratJuridica\",\"https:\\\/\\\/www.instagram.com\\\/estrategiacarreirajuridica\\\/\",\"https:\\\/\\\/www.youtube.com\\\/channel\\\/UClbMGuYbj2Mh1m3w144ETWQ\"]},{\"@type\":\"Person\",\"@id\":\"https:\\\/\\\/cj.estrategia.com\\\/portal\\\/#\\\/schema\\\/person\\\/4d70317d31449932b99102916b6637f5\",\"name\":\"Coordena\u00e7\u00e3o\",\"image\":{\"@type\":\"ImageObject\",\"inLanguage\":\"pt-BR\",\"@id\":\"https:\\\/\\\/cj.estrategia.com\\\/portal\\\/wp-content\\\/uploads\\\/2022\\\/05\\\/12164923\\\/estrategia-carreira-juridica-coordenacao-96x96.png\",\"url\":\"https:\\\/\\\/cj.estrategia.com\\\/portal\\\/wp-content\\\/uploads\\\/2022\\\/05\\\/12164923\\\/estrategia-carreira-juridica-coordenacao-96x96.png\",\"contentUrl\":\"https:\\\/\\\/cj.estrategia.com\\\/portal\\\/wp-content\\\/uploads\\\/2022\\\/05\\\/12164923\\\/estrategia-carreira-juridica-coordenacao-96x96.png\",\"caption\":\"Coordena\u00e7\u00e3o\"},\"url\":\"https:\\\/\\\/cj.estrategia.com\\\/portal\\\/author\\\/coordenacao\\\/\"}]}<\/script>\n<!-- \/ Yoast SEO Premium plugin. -->","yoast_head_json":{"title":"Concurso Procurador FOZPREV: sele\u00e7\u00e3o homologada!","description":"Concurso Procurador FOZPREV: edital ofertou vagas em CR com iniciais de R$9,6 mil para a carreira. Certame homologado!","robots":{"index":"index","follow":"follow","max-snippet":"max-snippet:-1","max-image-preview":"max-image-preview:large","max-video-preview":"max-video-preview:-1"},"canonical":"https:\/\/cj.estrategia.com\/portal\/concurso-procurador-fozprev\/","og_locale":"pt_BR","og_type":"article","og_title":"Concurso Procurador FOZPREV: sele\u00e7\u00e3o homologada!","og_description":"Concurso Procurador FOZPREV: edital ofertou vagas em CR com iniciais de R$9,6 mil para a carreira. Certame homologado!","og_url":"https:\/\/cj.estrategia.com\/portal\/concurso-procurador-fozprev\/","og_site_name":"Blog - Carreiras Jur\u00eddicas - Estrat\u00e9gia","article_publisher":"https:\/\/www.facebook.com\/estrategiacarreirajuridica\/","article_published_time":"2025-07-18T01:06:11+00:00","article_modified_time":"2025-12-17T23:01:45+00:00","og_image":[{"width":768,"height":432,"url":"https:\/\/cj.estrategia.com\/portal\/wp-content\/uploads\/2025\/12\/17195659\/Concursos-Procuradorias.jpg","type":"image\/jpeg"}],"author":"Coordena\u00e7\u00e3o","twitter_card":"summary_large_image","twitter_creator":"@EstratJuridica","twitter_site":"@EstratJuridica","twitter_misc":{"Escrito por":"Coordena\u00e7\u00e3o","Est. tempo de leitura":"9 minutos"},"schema":{"@context":"https:\/\/schema.org","@graph":[{"@type":"NewsArticle","@id":"https:\/\/cj.estrategia.com\/portal\/concurso-procurador-fozprev\/#article","isPartOf":{"@id":"https:\/\/cj.estrategia.com\/portal\/concurso-procurador-fozprev\/"},"author":{"name":"Coordena\u00e7\u00e3o","@id":"https:\/\/cj.estrategia.com\/portal\/#\/schema\/person\/4d70317d31449932b99102916b6637f5"},"headline":"Concurso Procurador FOZPREV: sele\u00e7\u00e3o homologada!","datePublished":"2025-07-18T01:06:11+00:00","dateModified":"2025-12-17T23:01:45+00:00","mainEntityOfPage":{"@id":"https:\/\/cj.estrategia.com\/portal\/concurso-procurador-fozprev\/"},"wordCount":746,"commentCount":0,"publisher":{"@id":"https:\/\/cj.estrategia.com\/portal\/#organization"},"image":{"@id":"https:\/\/cj.estrategia.com\/portal\/concurso-procurador-fozprev\/#primaryimage"},"thumbnailUrl":"https:\/\/cj.estrategia.com\/portal\/wp-content\/uploads\/2025\/12\/17195659\/Concursos-Procuradorias.jpg","articleSection":["Procuradoria"],"inLanguage":"pt-BR","potentialAction":[{"@type":"CommentAction","name":"Comment","target":["https:\/\/cj.estrategia.com\/portal\/concurso-procurador-fozprev\/#respond"]}],"accessibilityFeature":["tableOfContents"]},{"@type":"WebPage","@id":"https:\/\/cj.estrategia.com\/portal\/concurso-procurador-fozprev\/","url":"https:\/\/cj.estrategia.com\/portal\/concurso-procurador-fozprev\/","name":"Concurso Procurador FOZPREV: sele\u00e7\u00e3o homologada!","isPartOf":{"@id":"https:\/\/cj.estrategia.com\/portal\/#website"},"primaryImageOfPage":{"@id":"https:\/\/cj.estrategia.com\/portal\/concurso-procurador-fozprev\/#primaryimage"},"image":{"@id":"https:\/\/cj.estrategia.com\/portal\/concurso-procurador-fozprev\/#primaryimage"},"thumbnailUrl":"https:\/\/cj.estrategia.com\/portal\/wp-content\/uploads\/2025\/12\/17195659\/Concursos-Procuradorias.jpg","datePublished":"2025-07-18T01:06:11+00:00","dateModified":"2025-12-17T23:01:45+00:00","description":"Concurso Procurador FOZPREV: edital ofertou vagas em CR com iniciais de R$9,6 mil para a carreira. Certame homologado!","breadcrumb":{"@id":"https:\/\/cj.estrategia.com\/portal\/concurso-procurador-fozprev\/#breadcrumb"},"inLanguage":"pt-BR","potentialAction":[{"@type":"ReadAction","target":["https:\/\/cj.estrategia.com\/portal\/concurso-procurador-fozprev\/"]}]},{"@type":"ImageObject","inLanguage":"pt-BR","@id":"https:\/\/cj.estrategia.com\/portal\/concurso-procurador-fozprev\/#primaryimage","url":"https:\/\/cj.estrategia.com\/portal\/wp-content\/uploads\/2025\/12\/17195659\/Concursos-Procuradorias.jpg","contentUrl":"https:\/\/cj.estrategia.com\/portal\/wp-content\/uploads\/2025\/12\/17195659\/Concursos-Procuradorias.jpg","width":768,"height":432},{"@type":"BreadcrumbList","@id":"https:\/\/cj.estrategia.com\/portal\/concurso-procurador-fozprev\/#breadcrumb","itemListElement":[{"@type":"ListItem","position":1,"name":"In\u00edcio","item":"https:\/\/cj.estrategia.com\/portal\/"},{"@type":"ListItem","position":2,"name":"Concurso Procurador FOZPREV: sele\u00e7\u00e3o homologada!"}]},{"@type":"WebSite","@id":"https:\/\/cj.estrategia.com\/portal\/#website","url":"https:\/\/cj.estrategia.com\/portal\/","name":"Blog - Carreiras Jur\u00eddicas - Estrat\u00e9gia","description":"","publisher":{"@id":"https:\/\/cj.estrategia.com\/portal\/#organization"},"potentialAction":[{"@type":"SearchAction","target":{"@type":"EntryPoint","urlTemplate":"https:\/\/cj.estrategia.com\/portal\/?s={search_term_string}"},"query-input":{"@type":"PropertyValueSpecification","valueRequired":true,"valueName":"search_term_string"}}],"inLanguage":"pt-BR"},{"@type":"Organization","@id":"https:\/\/cj.estrategia.com\/portal\/#organization","name":"Estrat\u00e9gia - Carreiras Jur\u00eddicas","url":"https:\/\/cj.estrategia.com\/portal\/","logo":{"@type":"ImageObject","inLanguage":"pt-BR","@id":"https:\/\/cj.estrategia.com\/portal\/#\/schema\/logo\/image\/","url":"https:\/\/cj.estrategia.com\/portal\/wp-content\/uploads\/2022\/03\/11151052\/cj-logo.png","contentUrl":"https:\/\/cj.estrategia.com\/portal\/wp-content\/uploads\/2022\/03\/11151052\/cj-logo.png","width":150,"height":39,"caption":"Estrat\u00e9gia - Carreiras Jur\u00eddicas"},"image":{"@id":"https:\/\/cj.estrategia.com\/portal\/#\/schema\/logo\/image\/"},"sameAs":["https:\/\/www.facebook.com\/estrategiacarreirajuridica\/","https:\/\/x.com\/EstratJuridica","https:\/\/www.instagram.com\/estrategiacarreirajuridica\/","https:\/\/www.youtube.com\/channel\/UClbMGuYbj2Mh1m3w144ETWQ"]},{"@type":"Person","@id":"https:\/\/cj.estrategia.com\/portal\/#\/schema\/person\/4d70317d31449932b99102916b6637f5","name":"Coordena\u00e7\u00e3o","image":{"@type":"ImageObject","inLanguage":"pt-BR","@id":"https:\/\/cj.estrategia.com\/portal\/wp-content\/uploads\/2022\/05\/12164923\/estrategia-carreira-juridica-coordenacao-96x96.png","url":"https:\/\/cj.estrategia.com\/portal\/wp-content\/uploads\/2022\/05\/12164923\/estrategia-carreira-juridica-coordenacao-96x96.png","contentUrl":"https:\/\/cj.estrategia.com\/portal\/wp-content\/uploads\/2022\/05\/12164923\/estrategia-carreira-juridica-coordenacao-96x96.png","caption":"Coordena\u00e7\u00e3o"},"url":"https:\/\/cj.estrategia.com\/portal\/author\/coordenacao\/"}]}},"jetpack_featured_media_url":"https:\/\/cj.estrategia.com\/portal\/wp-content\/uploads\/2025\/12\/17195659\/Concursos-Procuradorias.jpg","jetpack_sharing_enabled":true,"_links":{"self":[{"href":"https:\/\/cj.estrategia.com\/portal\/wp-json\/wp\/v2\/posts\/75672","targetHints":{"allow":["GET"]}}],"collection":[{"href":"https:\/\/cj.estrategia.com\/portal\/wp-json\/wp\/v2\/posts"}],"about":[{"href":"https:\/\/cj.estrategia.com\/portal\/wp-json\/wp\/v2\/types\/post"}],"author":[{"embeddable":true,"href":"https:\/\/cj.estrategia.com\/portal\/wp-json\/wp\/v2\/users\/12"}],"replies":[{"embeddable":true,"href":"https:\/\/cj.estrategia.com\/portal\/wp-json\/wp\/v2\/comments?post=75672"}],"version-history":[{"count":0,"href":"https:\/\/cj.estrategia.com\/portal\/wp-json\/wp\/v2\/posts\/75672\/revisions"}],"wp:featuredmedia":[{"embeddable":true,"href":"https:\/\/cj.estrategia.com\/portal\/wp-json\/wp\/v2\/media\/169991"}],"wp:attachment":[{"href":"https:\/\/cj.estrategia.com\/portal\/wp-json\/wp\/v2\/media?parent=75672"}],"wp:term":[{"taxonomy":"category","embeddable":true,"href":"https:\/\/cj.estrategia.com\/portal\/wp-json\/wp\/v2\/categories?post=75672"},{"taxonomy":"post_tag","embeddable":true,"href":"https:\/\/cj.estrategia.com\/portal\/wp-json\/wp\/v2\/tags?post=75672"},{"taxonomy":"tax_estado","embeddable":true,"href":"https:\/\/cj.estrategia.com\/portal\/wp-json\/wp\/v2\/tax_estado?post=75672"}],"curies":[{"name":"wp","href":"https:\/\/api.w.org\/{rel}","templated":true}]}}