{"id":75629,"date":"2024-09-20T08:59:00","date_gmt":"2024-09-20T11:59:00","guid":{"rendered":"https:\/\/cj.estrategia.com\/portal\/?p=75629"},"modified":"2024-09-16T13:38:49","modified_gmt":"2024-09-16T16:38:49","slug":"tecnica-ampliacao-colegiado","status":"publish","type":"post","link":"https:\/\/cj.estrategia.com\/portal\/tecnica-ampliacao-colegiado\/","title":{"rendered":"T\u00e9cnica de amplia\u00e7\u00e3o do colegiado"},"content":{"rendered":"\n<figure class=\"wp-block-image size-full\"><img decoding=\"async\" width=\"704\" height=\"400\" src=\"https:\/\/cj.estrategia.com\/portal\/wp-content\/uploads\/2024\/09\/12182820\/Tecnica-de-ampliacao-do-colegiado.jpg\" alt=\"T\u00c9CNICA DE AMPLIA\u00c7\u00c3O DO COLEGIADO \" class=\"wp-image-75631\" srcset=\"https:\/\/cj.estrategia.com\/portal\/wp-content\/uploads\/2024\/09\/12182820\/Tecnica-de-ampliacao-do-colegiado.jpg 704w, https:\/\/cj.estrategia.com\/portal\/wp-content\/uploads\/2024\/09\/12182820\/Tecnica-de-ampliacao-do-colegiado-300x170.jpg 300w, https:\/\/cj.estrategia.com\/portal\/wp-content\/uploads\/2024\/09\/12182820\/Tecnica-de-ampliacao-do-colegiado-380x216.jpg 380w, https:\/\/cj.estrategia.com\/portal\/wp-content\/uploads\/2024\/09\/12182820\/Tecnica-de-ampliacao-do-colegiado-150x85.jpg 150w\" sizes=\"(max-width: 704px) 100vw, 704px\" \/><\/figure>\n\n\n\n<p>A t\u00e9cnica de amplia\u00e7\u00e3o do colegiado \u00e9 prevista no <a href=\"https:\/\/www.planalto.gov.br\/ccivil_03\/_ato2015-2018\/2015\/lei\/l13105.htm\">CPC\/15<\/a> como uma continua\u00e7\u00e3o do julgamento de uma apela\u00e7\u00e3o caso a decis\u00e3o tenha resultado n\u00e3o un\u00e2nime, ou seja, caso haja diverg\u00eancia no voto dos julgadores.&nbsp;<\/p>\n\n\n\n<p>Nesse caso, o julgamento ter\u00e1 prosseguimento em sess\u00e3o a ser designada com a presen\u00e7a de outros julgadores, em n\u00famero suficiente para garantir a possibilidade de invers\u00e3o do resultado inicial, assegurado \u00e0s partes e a eventuais terceiros o direito de <strong>sustentar oralmente suas raz\u00f5es<\/strong> perante os novos julgadores. &nbsp;<\/p>\n\n\n\n<p>Sendo poss\u00edvel, o prosseguimento do julgamento pode ocorrer na <strong>mesma sess\u00e3o<\/strong>.&nbsp;<\/p>\n\n\n\n<p class=\"has-light-green-cyan-background-color has-background\"><em>Art. 942. Quando o resultado da apela\u00e7\u00e3o for n\u00e3o un\u00e2nime, o julgamento ter\u00e1 prosseguimento em sess\u00e3o a ser designada com a presen\u00e7a de outros julgadores, que ser\u00e3o convocados nos termos previamente definidos no regimento interno, em n\u00famero suficiente para garantir a possibilidade de invers\u00e3o do resultado inicial, assegurado \u00e0s partes e a eventuais terceiros o direito de sustentar oralmente suas raz\u00f5es perante os novos julgadores. <\/em>&nbsp;<\/p>\n\n\n\n<p class=\"has-light-green-cyan-background-color has-background\"><em>\u00a7 1\u00ba Sendo poss\u00edvel, o prosseguimento do julgamento dar-se-\u00e1 na mesma sess\u00e3o, colhendo-se os votos de outros julgadores que porventura componham o \u00f3rg\u00e3o colegiado.<\/em>&nbsp;<\/p>\n\n\n\n<h2 class=\"wp-block-heading\" id=\"h-natureza-juridica-nbsp\"><span id=\"natureza-juridica\"><strong>Natureza jur\u00eddica<\/strong>&nbsp;<\/span><\/h2>\n\n\n\n<p><strong>N\u00e3o se trata de recurso, mas<\/strong> de uma \u201ct\u00e9cnica de complementa\u00e7\u00e3o de julgamento nas decis\u00f5es colegiadas n\u00e3o un\u00e2nimes de segunda inst\u00e2ncia\u201d. Ademais, a t\u00e9cnica \u00e9 obrigat\u00f3ria e aplic\u00e1vel de of\u00edcio, sendo desnecess\u00e1rio seu requerimento pela parte.&nbsp;<\/p>\n\n\n\n<p>Como n\u00e3o se trata de recurso, a aplica\u00e7\u00e3o da t\u00e9cnica ocorre em momento anterior \u00e0 conclus\u00e3o do julgamento, ou seja, n\u00e3o h\u00e1 proclama\u00e7\u00e3o do resultado, nem lavratura de ac\u00f3rd\u00e3o parcial, antes de a causa ser devidamente apreciada pelo colegiado ampliado.&nbsp;<\/p>\n\n\n\n<p class=\"has-cyan-bluish-gray-background-color has-background\"><em>A forma de julgamento prevista no art. 942 do CPC\/2015 n\u00e3o se configura como esp\u00e9cie recursal nova (n\u00e3o \u00e9 um novo recurso). Isso porque o seu emprego \u00e9 autom\u00e1tico e obrigat\u00f3rio. Desse modo, falta a voluntariedade, que \u00e9 uma caracter\u00edstica dos recursos. Al\u00e9m disso, esta t\u00e9cnica n\u00e3o \u00e9 prevista como recurso, n\u00e3o preenchendo assim a taxatividade. STJ. 4\u00aa Turma. REsp 1733820\/SC, Rel. Min. Luis Felipe Salom\u00e3o, julgado em 02\/10\/2018.<\/em>&nbsp;<\/p>\n\n\n\n<h2 class=\"wp-block-heading\" id=\"h-substituicao-aos-embargos-infringentes-nbsp\"><span id=\"substituicao-aos-embargos-infringentes\"><strong>Substitui\u00e7\u00e3o aos embargos infringentes<\/strong>&nbsp;<\/span><\/h2>\n\n\n\n<p>Entende-se que a t\u00e9cnica de amplia\u00e7\u00e3o de colegiado, apesar de n\u00e3o ser recurso, veio em substitui\u00e7\u00e3o aos embargos infringentes, que eram uma esp\u00e9cie de recurso previsto no CPC\/1973. Os embargos infringentes s\u00f3 cabiam nas seguintes hip\u00f3teses: &nbsp;<\/p>\n\n\n\n<p>1) contra ac\u00f3rd\u00e3o n\u00e3o un\u00e2nime que reformasse, em grau de apela\u00e7\u00e3o, a senten\u00e7a de m\u00e9rito. &nbsp;<\/p>\n\n\n\n<p>2) contra ac\u00f3rd\u00e3o n\u00e3o un\u00e2nime&nbsp;que julgasse procedente a a\u00e7\u00e3o rescis\u00f3ria. &nbsp;<\/p>\n\n\n\n<p>Oura diferen\u00e7a \u00e9 que&nbsp;nos embargos infringentes, exigia-se reforma da senten\u00e7a e a t\u00e9cnica do julgamento ampliado vale tamb\u00e9m para senten\u00e7a mantida pelo Tribunal no julgamento da apela\u00e7\u00e3o por decis\u00e3o n\u00e3o un\u00e2nime. Foi o que decidiu o STJ:&nbsp;<\/p>\n\n\n\n<p class=\"has-cyan-bluish-gray-background-color has-background\"><em>A t\u00e9cnica de amplia\u00e7\u00e3o de julgamento prevista no art. 942 do CPC\/2015 deve ser utilizada quando o resultado da apela\u00e7\u00e3o for n\u00e3o un\u00e2nime, independentemente de ser julgamento que reforma ou mant\u00e9m a senten\u00e7a impugnada. Assim, o que importa \u00e9 que a decis\u00e3o que julgou a apela\u00e7\u00e3o tenha sido por maioria (julgamento n\u00e3o un\u00e2nime), n\u00e3o importando que a senten\u00e7a tenha sido mantida ou reformada. STJ. 4\u00aa Turma. REsp 1.733.820-SC, Rel. Min. Luis Felipe Salom\u00e3o, julgado em 02\/10\/2018 (Info 639).<\/em>&nbsp;<\/p>\n\n\n\n<h2 class=\"wp-block-heading\" id=\"h-juizo-de-retratacao\"><span id=\"juizo-de-retratacao\"><strong>Ju\u00edzo de retrata\u00e7\u00e3o<\/strong><\/span><\/h2>\n\n\n\n<p>Os julgadores que j\u00e1 tiverem votado poder\u00e3o rever seus votos por ocasi\u00e3o do prosseguimento do julgamento, segundo previs\u00e3o expressa:&nbsp;<\/p>\n\n\n\n<p class=\"has-light-green-cyan-background-color has-background\"><em>Art. 942. <\/em><em>\u00a7 2\u00ba Os julgadores que j\u00e1 tiverem votado poder\u00e3o rever seus votos por ocasi\u00e3o do prosseguimento do julgamento.<\/em>&nbsp;<\/p>\n\n\n\n<p>Mesmo que isso ocorra, ou seja, que algu\u00e9m mude de opini\u00e3o, ainda assim dever\u00e3o ser colhidos os votos dos Desembargadores convocados. Nesse sentido: &nbsp;<\/p>\n\n\n\n<p class=\"has-cyan-bluish-gray-background-color has-background\"><em>Enunciado 599-FFPC: A revis\u00e3o do voto, ap\u00f3s a amplia\u00e7\u00e3o do colegiado, n\u00e3o afasta a aplica\u00e7\u00e3o da t\u00e9cnica de julgamento<\/em>&nbsp;<\/p>\n\n\n\n<h2 class=\"wp-block-heading\" id=\"h-abrangencia-nbsp\"><span id=\"abrangencia\"><strong>Abrang\u00eancia <\/strong>&nbsp;<\/span><\/h2>\n\n\n\n<p>Ainda na hip\u00f3tese em que houve uma parte un\u00e2nime e outra n\u00e3o un\u00e2nime, os julgadores poder\u00e3o analisar todo o conte\u00fado do recurso:&nbsp;<\/p>\n\n\n\n<p class=\"has-cyan-bluish-gray-background-color has-background\">O colegiado formado com a convoca\u00e7\u00e3o dos novos julgadores (art. 942 do CPC\/2015) poder\u00e1 analisar de forma ampla todo o conte\u00fado das raz\u00f5es recursais, n\u00e3o se limitando \u00e0 mat\u00e9ria sobre a qual houve originalmente diverg\u00eancia. STJ. 3\u00aa Turma. REsp 1.771.815-SP, Rel. Min. Ricardo Villas B\u00f4as Cueva, julgado em 13\/11\/2018 (Info 638).&nbsp;<\/p>\n\n\n\n<h2 class=\"wp-block-heading\" id=\"h-decisoes-nbsp\"><span id=\"decisoes\"><strong>Decis\u00f5es <\/strong>&nbsp;<\/span><\/h2>\n\n\n\n<h3 class=\"wp-block-heading\" id=\"h-a-tecnica-se-aplica-as-seguintes-decisoes-nbsp\"><span id=\"a-tecnica-se-aplica-as-seguintes-decisoes\"><strong>A t\u00e9cnica se aplica \u00e0s seguintes decis\u00f5es:&nbsp;<\/strong><\/span><\/h3>\n\n\n\n<ul class=\"wp-block-list\">\n<li><strong>apela\u00e7\u00e3o: <\/strong>basta a diverg\u00eancia (inclusive em MS e em decis\u00e3o de admissibilidade)&nbsp;<\/li>\n<\/ul>\n\n\n\n<ul class=\"wp-block-list\">\n<li><strong>a\u00e7\u00e3o rescis\u00f3ria<\/strong>, quando o resultado for a rescis\u00e3o da senten\u00e7a, devendo, nesse caso, seu prosseguimento ocorrer em \u00f3rg\u00e3o de maior composi\u00e7\u00e3o previsto no regimento interno (pode ser rescis\u00e3o parcial);&nbsp;&nbsp;<\/li>\n<\/ul>\n\n\n\n<ul class=\"wp-block-list\">\n<li><strong>agravo de instrumento<\/strong>, quando houver reforma da decis\u00e3o que julgar parcialmente o m\u00e9rito.&nbsp;&nbsp;<\/li>\n<\/ul>\n\n\n\n<p class=\"has-light-green-cyan-background-color has-background\"><em>Art. 942. \u00a7 3\u00ba A t\u00e9cnica de julgamento prevista neste artigo aplica-se, igualmente, ao julgamento n\u00e3o un\u00e2nime proferido em:<\/em>&nbsp;<\/p>\n\n\n\n<p class=\"has-light-green-cyan-background-color has-background\"><em>I &#8211; a\u00e7\u00e3o rescis\u00f3ria, quando o resultado for a rescis\u00e3o da senten\u00e7a, devendo, nesse caso, seu prosseguimento ocorrer em \u00f3rg\u00e3o de maior composi\u00e7\u00e3o previsto no regimento interno;<\/em>&nbsp;<\/p>\n\n\n\n<p class=\"has-light-green-cyan-background-color has-background\"><em>II &#8211; agravo de instrumento, quando houver reforma da decis\u00e3o que julgar parcialmente o m\u00e9rito.<\/em>&nbsp;<\/p>\n\n\n\n<ul class=\"wp-block-list\">\n<li><strong>Embargos de declara\u00e7\u00e3o em apela\u00e7\u00e3o ou agravo de instrumento:&nbsp;<\/strong>&nbsp;<\/li>\n<\/ul>\n\n\n\n<p>&#8220;Ser\u00e1 caso de ampliar o colegiado quando houver diverg\u00eancia no julgamento de embargos de declara\u00e7\u00e3o contra ac\u00f3rd\u00e3o proferido em apela\u00e7\u00e3o (j\u00e1 que a decis\u00e3o dos embargos de declara\u00e7\u00e3o se integra ao julgamento embargado, e na hip\u00f3tese da apela\u00e7\u00e3o qualquer diverg\u00eancia acarreta a amplia\u00e7\u00e3o do \u00f3rg\u00e3o julgador). <\/p>\n\n\n\n<p>J\u00e1 quando se tratar de embargos de declara\u00e7\u00e3o contra ac\u00f3rd\u00e3o que decidiu agravo de instrumento, s\u00f3 ser\u00e1 caso de amplia\u00e7\u00e3o do colegiado se, ao julgar os embargos declarat\u00f3rios, o colegiado &#8211; por maioria &#8211; deliberar por reformar decis\u00e3o de m\u00e9rito (o que significa dizer que se ter\u00e1, por delibera\u00e7\u00e3o n\u00e3o un\u00e2nime, atribu\u00eddo efeitos infringentes aos embargos de declara\u00e7\u00e3o, reformando-se a decis\u00e3o embargada e, por conseguinte, reformado a decis\u00e3o parcial de m\u00e9rito prolatada pelo \u00f3rg\u00e3o de primeira inst\u00e2ncia)\u201d. (C\u00c2MARA, Alexandre Freitas. A amplia\u00e7\u00e3o do colegiado em julgamentos n\u00e3o un\u00e2nimes. Revista de Processo, ano 43, vol. 282, ago\/2018, p. 264).<\/p>\n\n\n\n<p class=\"has-cyan-bluish-gray-background-color has-background\"><em>Em se tratando de aclarat\u00f3rios opostos a ac\u00f3rd\u00e3o que julga agravo de instrumento, a aplica\u00e7\u00e3o da t\u00e9cnica de julgamento ampliado somente ocorrer\u00e1 se os embargos de declara\u00e7\u00e3o forem acolhidos para modificar o julgamento origin\u00e1rio do magistrado de primeiro grau que houver proferido decis\u00e3o parcial de m\u00e9rito. STJ. 3\u00aa Turma. REsp 1.841.584-SP, Rel. Min. Ricardo Villas B\u00f4as Cueva, julgado em 10\/12\/2019 (Info 662).<\/em>&nbsp;<\/p>\n\n\n\n<ul class=\"wp-block-list\">\n<li><strong>Decis\u00e3o sobre a admissibilidade recursal<\/strong>&nbsp;<\/li>\n<\/ul>\n\n\n\n<p>A t\u00e9cnica de julgamento do art. 942 pode ser aplicada na hip\u00f3tese em que n\u00e3o houve unanimidade quanto \u00e0 preliminar de admissibilidade da apela\u00e7\u00e3o. Ex: 2 Desembargadores votaram por conhecer do recurso, mas 1 Desembargador votou pelo n\u00e3o conhecimento; neste caso, deve ser aplicado o art. 942 do CPC, com a convoca\u00e7\u00e3o de dois novos Desembargadores para votar:&nbsp;<\/p>\n\n\n\n<p class=\"has-cyan-bluish-gray-background-color has-background\"><em>O art. 942 do CPC n\u00e3o determina a amplia\u00e7\u00e3o do julgamento apenas em rela\u00e7\u00e3o \u00e0s quest\u00f5es de m\u00e9rito. Na apela\u00e7\u00e3o, a t\u00e9cnica de amplia\u00e7\u00e3o do colegiado deve ser aplicada a qualquer julgamento n\u00e3o un\u00e2nime, incluindo as quest\u00f5es preliminares relativas ao ju\u00edzo de admissibilidade do recurso. STJ. 3\u00aa Turma. REsp 1.798.705-SC, Rel. Min. Paulo de Tarso Sanseverino, julgado em 22\/10\/2019 (Info 659).<\/em>&nbsp;<\/p>\n\n\n\n<h3 class=\"wp-block-heading\" id=\"h-a-tecnica-nao-se-aplica-as-seguintes-decisoes-nbsp\"><span id=\"a-tecnica-nao-se-aplica-as-seguintes-decisoes\"><strong>A t\u00e9cnica n\u00e3o se aplica \u00e0s seguintes decis\u00f5es:<\/strong>&nbsp;<\/span><\/h3>\n\n\n\n<ul class=\"wp-block-list\">\n<li>do incidente de assun\u00e7\u00e3o de compet\u00eancia (<strong>IAC<\/strong>) e ao de resolu\u00e7\u00e3o de demandas repetitivas (<strong>IRDR<\/strong>);&nbsp;&nbsp;<\/li>\n<\/ul>\n\n\n\n<ul class=\"wp-block-list\">\n<li>&nbsp;da <strong>remessa<\/strong> necess\u00e1ria;&nbsp;&nbsp;<\/li>\n<\/ul>\n\n\n\n<ul class=\"wp-block-list\">\n<li>n\u00e3o un\u00e2nime proferido, nos tribunais, pelo plen\u00e1rio ou pela corte especial.&nbsp;<\/li>\n<\/ul>\n\n\n\n<p class=\"has-light-green-cyan-background-color has-background\"><em>Art. 942<\/em><em> &nbsp;<\/em><em>\u00a7 4\u00ba N\u00e3o se aplica o disposto neste artigo ao julgamento:<\/em>&nbsp;<\/p>\n\n\n\n<p class=\"has-light-green-cyan-background-color has-background\"><em>I &#8211; do incidente de assun\u00e7\u00e3o de compet\u00eancia e ao de resolu\u00e7\u00e3o de demandas repetitivas;<\/em>&nbsp;<\/p>\n\n\n\n<p class=\"has-light-green-cyan-background-color has-background\"><em>II &#8211; da remessa necess\u00e1ria;<\/em>&nbsp;<\/p>\n\n\n\n<p class=\"has-light-green-cyan-background-color has-background\"><em>III &#8211; n\u00e3o un\u00e2nime proferido, nos tribunais, pelo plen\u00e1rio ou pela corte especial.<\/em>&nbsp;<\/p>\n\n\n\n<ul class=\"wp-block-list\">\n<li>Decis\u00e3o n\u00e3o un\u00e2nime proferido dos Juizados Espaciais (FPPC599)&nbsp;<\/li>\n<\/ul>\n\n\n\n<p class=\"has-cyan-bluish-gray-background-color has-background\"><em>Enunciado 552-FPPC: N\u00e3o se aplica a t\u00e9cnica de amplia\u00e7\u00e3o do colegiado em caso de julgamento n\u00e3o un\u00e2nime no \u00e2mbito dos Juizados Especiais.<\/em><\/p>\n\n\n\n<h2 class=\"wp-block-heading has-text-align-center\" id=\"h-quer-saber-tudo-sobre-concursos-previstos-confira-nossos-artigos\"><span id=\"quer-saber-tudo-sobre-concursos-previstos-confira-nossos-artigos\">Quer saber tudo sobre concursos previstos? <br>Confira nossos artigos!<\/span><\/h2>\n\n\n\n<p class=\"has-text-align-center\"><a href=\"https:\/\/cj.estrategia.com\/portal\/concursos-abertos-carreiras-juridicas\/\" target=\"_blank\" >Concursos jur\u00eddicos abertos<\/a> <\/p>\n\n\n\n<p class=\"has-text-align-center\"><a href=\"https:\/\/cj.estrategia.com\/portal\/concursos-2024-carreiras-juridicas\/\" target=\"_blank\" >Concursos jur\u00eddicos 2024<\/a><\/p>\n\n\n\n<p class=\"has-text-align-center\"><em>T\u00e9cnica de amplia\u00e7\u00e3o do colegiado<\/em><\/p>\n\n\n\n<ul class=\"wp-block-list\">\n<li><\/li>\n<\/ul>\n","protected":false},"excerpt":{"rendered":"A t\u00e9cnica de amplia\u00e7\u00e3o do colegiado \u00e9 prevista no CPC\/15 como uma continua\u00e7\u00e3o do julgamento de uma apela\u00e7\u00e3o&hellip;\n","protected":false},"author":47,"featured_media":75631,"comment_status":"open","ping_status":"open","sticky":false,"template":"","format":"standard","meta":{"_jetpack_memberships_contains_paid_content":false,"footnotes":""},"categories":[1],"tags":[],"tax_estado":[30,31,32,33,34,35,36,37,38,39,40,41,42,43,44,45,46,47,48,49,50,51,52,53,54,55,56,57],"class_list":{"0":"post-75629","1":"post","2":"type-post","3":"status-publish","4":"format-standard","5":"has-post-thumbnail","7":"category-carreiras-juridicas","8":"tax_estado-ac","9":"tax_estado-al","10":"tax_estado-am","11":"tax_estado-ap","12":"tax_estado-ba","13":"tax_estado-ce","14":"tax_estado-concursos-federais","15":"tax_estado-df","16":"tax_estado-es","17":"tax_estado-go","18":"tax_estado-ma","19":"tax_estado-mg","20":"tax_estado-ms","21":"tax_estado-mt","22":"tax_estado-pa","23":"tax_estado-pb","24":"tax_estado-pe","25":"tax_estado-pi","26":"tax_estado-pr","27":"tax_estado-rj","28":"tax_estado-rn","29":"tax_estado-ro","30":"tax_estado-rr","31":"tax_estado-rs","32":"tax_estado-sc","33":"tax_estado-se","34":"tax_estado-sp","35":"tax_estado-to"},"acf":[],"yoast_head":"<!-- This site is optimized with the Yoast SEO Premium plugin v27.4 (Yoast SEO v27.4) - https:\/\/yoast.com\/product\/yoast-seo-premium-wordpress\/ -->\n<title>T\u00e9cnica de amplia\u00e7\u00e3o do colegiado<\/title>\n<meta name=\"description\" content=\"Entenda em que consiste a t\u00e9cnica de amplia\u00e7\u00e3o do colegiado prevista no CPC\/15 como continuidade de julgamentos colegiados n\u00e3o un\u00e2nimes.\" \/>\n<meta name=\"robots\" content=\"index, follow, max-snippet:-1, max-image-preview:large, max-video-preview:-1\" \/>\n<link rel=\"canonical\" href=\"https:\/\/cj.estrategia.com\/portal\/tecnica-ampliacao-colegiado\/\" \/>\n<meta property=\"og:locale\" content=\"pt_BR\" \/>\n<meta property=\"og:type\" content=\"article\" \/>\n<meta property=\"og:title\" content=\"T\u00e9cnica de amplia\u00e7\u00e3o do colegiado\" \/>\n<meta property=\"og:description\" content=\"Entenda em que consiste a t\u00e9cnica de amplia\u00e7\u00e3o do colegiado prevista no CPC\/15 como continuidade de julgamentos colegiados n\u00e3o un\u00e2nimes.\" \/>\n<meta property=\"og:url\" content=\"https:\/\/cj.estrategia.com\/portal\/tecnica-ampliacao-colegiado\/\" \/>\n<meta property=\"og:site_name\" content=\"Blog - Carreiras Jur\u00eddicas - Estrat\u00e9gia\" \/>\n<meta property=\"article:publisher\" content=\"https:\/\/www.facebook.com\/estrategiacarreirajuridica\/\" \/>\n<meta property=\"article:published_time\" content=\"2024-09-20T11:59:00+00:00\" \/>\n<meta property=\"og:image\" content=\"https:\/\/cj.estrategia.com\/portal\/wp-content\/uploads\/2024\/09\/12182820\/Tecnica-de-ampliacao-do-colegiado.jpg\" \/>\n\t<meta property=\"og:image:width\" content=\"704\" \/>\n\t<meta property=\"og:image:height\" content=\"400\" \/>\n\t<meta property=\"og:image:type\" content=\"image\/jpeg\" \/>\n<meta name=\"author\" content=\"Ana Luiza Tiburcio Guimar\u00e3es\" \/>\n<meta name=\"twitter:card\" content=\"summary_large_image\" \/>\n<meta name=\"twitter:creator\" content=\"@EstratJuridica\" \/>\n<meta name=\"twitter:site\" content=\"@EstratJuridica\" \/>\n<meta name=\"twitter:label1\" content=\"Escrito por\" \/>\n\t<meta name=\"twitter:data1\" content=\"Ana Luiza Tiburcio Guimar\u00e3es\" \/>\n\t<meta name=\"twitter:label2\" content=\"Est. tempo de leitura\" \/>\n\t<meta name=\"twitter:data2\" content=\"8 minutos\" \/>\n<script type=\"application\/ld+json\" class=\"yoast-schema-graph\">{\"@context\":\"https:\\\/\\\/schema.org\",\"@graph\":[{\"@type\":\"NewsArticle\",\"@id\":\"https:\\\/\\\/cj.estrategia.com\\\/portal\\\/tecnica-ampliacao-colegiado\\\/#article\",\"isPartOf\":{\"@id\":\"https:\\\/\\\/cj.estrategia.com\\\/portal\\\/tecnica-ampliacao-colegiado\\\/\"},\"author\":{\"name\":\"Ana Luiza Tiburcio Guimar\u00e3es\",\"@id\":\"https:\\\/\\\/cj.estrategia.com\\\/portal\\\/#\\\/schema\\\/person\\\/c3ccc024ac7f9069ad740923e64eabb0\"},\"headline\":\"T\u00e9cnica de amplia\u00e7\u00e3o do colegiado\",\"datePublished\":\"2024-09-20T11:59:00+00:00\",\"mainEntityOfPage\":{\"@id\":\"https:\\\/\\\/cj.estrategia.com\\\/portal\\\/tecnica-ampliacao-colegiado\\\/\"},\"wordCount\":1524,\"commentCount\":0,\"publisher\":{\"@id\":\"https:\\\/\\\/cj.estrategia.com\\\/portal\\\/#organization\"},\"image\":{\"@id\":\"https:\\\/\\\/cj.estrategia.com\\\/portal\\\/tecnica-ampliacao-colegiado\\\/#primaryimage\"},\"thumbnailUrl\":\"https:\\\/\\\/cj.estrategia.com\\\/portal\\\/wp-content\\\/uploads\\\/2024\\\/09\\\/12182820\\\/Tecnica-de-ampliacao-do-colegiado.jpg\",\"articleSection\":[\"Carreiras Jur\u00eddicas\"],\"inLanguage\":\"pt-BR\",\"potentialAction\":[{\"@type\":\"CommentAction\",\"name\":\"Comment\",\"target\":[\"https:\\\/\\\/cj.estrategia.com\\\/portal\\\/tecnica-ampliacao-colegiado\\\/#respond\"]}]},{\"@type\":\"WebPage\",\"@id\":\"https:\\\/\\\/cj.estrategia.com\\\/portal\\\/tecnica-ampliacao-colegiado\\\/\",\"url\":\"https:\\\/\\\/cj.estrategia.com\\\/portal\\\/tecnica-ampliacao-colegiado\\\/\",\"name\":\"T\u00e9cnica de amplia\u00e7\u00e3o do colegiado\",\"isPartOf\":{\"@id\":\"https:\\\/\\\/cj.estrategia.com\\\/portal\\\/#website\"},\"primaryImageOfPage\":{\"@id\":\"https:\\\/\\\/cj.estrategia.com\\\/portal\\\/tecnica-ampliacao-colegiado\\\/#primaryimage\"},\"image\":{\"@id\":\"https:\\\/\\\/cj.estrategia.com\\\/portal\\\/tecnica-ampliacao-colegiado\\\/#primaryimage\"},\"thumbnailUrl\":\"https:\\\/\\\/cj.estrategia.com\\\/portal\\\/wp-content\\\/uploads\\\/2024\\\/09\\\/12182820\\\/Tecnica-de-ampliacao-do-colegiado.jpg\",\"datePublished\":\"2024-09-20T11:59:00+00:00\",\"description\":\"Entenda em que consiste a t\u00e9cnica de amplia\u00e7\u00e3o do colegiado prevista no CPC\\\/15 como continuidade de julgamentos colegiados n\u00e3o un\u00e2nimes.\",\"breadcrumb\":{\"@id\":\"https:\\\/\\\/cj.estrategia.com\\\/portal\\\/tecnica-ampliacao-colegiado\\\/#breadcrumb\"},\"inLanguage\":\"pt-BR\",\"potentialAction\":[{\"@type\":\"ReadAction\",\"target\":[\"https:\\\/\\\/cj.estrategia.com\\\/portal\\\/tecnica-ampliacao-colegiado\\\/\"]}]},{\"@type\":\"ImageObject\",\"inLanguage\":\"pt-BR\",\"@id\":\"https:\\\/\\\/cj.estrategia.com\\\/portal\\\/tecnica-ampliacao-colegiado\\\/#primaryimage\",\"url\":\"https:\\\/\\\/cj.estrategia.com\\\/portal\\\/wp-content\\\/uploads\\\/2024\\\/09\\\/12182820\\\/Tecnica-de-ampliacao-do-colegiado.jpg\",\"contentUrl\":\"https:\\\/\\\/cj.estrategia.com\\\/portal\\\/wp-content\\\/uploads\\\/2024\\\/09\\\/12182820\\\/Tecnica-de-ampliacao-do-colegiado.jpg\",\"width\":704,\"height\":400,\"caption\":\"T\u00c9CNICA DE AMPLIA\u00c7\u00c3O DO COLEGIADO\"},{\"@type\":\"BreadcrumbList\",\"@id\":\"https:\\\/\\\/cj.estrategia.com\\\/portal\\\/tecnica-ampliacao-colegiado\\\/#breadcrumb\",\"itemListElement\":[{\"@type\":\"ListItem\",\"position\":1,\"name\":\"In\u00edcio\",\"item\":\"https:\\\/\\\/cj.estrategia.com\\\/portal\\\/\"},{\"@type\":\"ListItem\",\"position\":2,\"name\":\"T\u00e9cnica de amplia\u00e7\u00e3o do colegiado\"}]},{\"@type\":\"WebSite\",\"@id\":\"https:\\\/\\\/cj.estrategia.com\\\/portal\\\/#website\",\"url\":\"https:\\\/\\\/cj.estrategia.com\\\/portal\\\/\",\"name\":\"Blog - Carreiras Jur\u00eddicas - Estrat\u00e9gia\",\"description\":\"\",\"publisher\":{\"@id\":\"https:\\\/\\\/cj.estrategia.com\\\/portal\\\/#organization\"},\"potentialAction\":[{\"@type\":\"SearchAction\",\"target\":{\"@type\":\"EntryPoint\",\"urlTemplate\":\"https:\\\/\\\/cj.estrategia.com\\\/portal\\\/?s={search_term_string}\"},\"query-input\":{\"@type\":\"PropertyValueSpecification\",\"valueRequired\":true,\"valueName\":\"search_term_string\"}}],\"inLanguage\":\"pt-BR\"},{\"@type\":\"Organization\",\"@id\":\"https:\\\/\\\/cj.estrategia.com\\\/portal\\\/#organization\",\"name\":\"Estrat\u00e9gia - Carreiras Jur\u00eddicas\",\"url\":\"https:\\\/\\\/cj.estrategia.com\\\/portal\\\/\",\"logo\":{\"@type\":\"ImageObject\",\"inLanguage\":\"pt-BR\",\"@id\":\"https:\\\/\\\/cj.estrategia.com\\\/portal\\\/#\\\/schema\\\/logo\\\/image\\\/\",\"url\":\"https:\\\/\\\/cj.estrategia.com\\\/portal\\\/wp-content\\\/uploads\\\/2022\\\/03\\\/11151052\\\/cj-logo.png\",\"contentUrl\":\"https:\\\/\\\/cj.estrategia.com\\\/portal\\\/wp-content\\\/uploads\\\/2022\\\/03\\\/11151052\\\/cj-logo.png\",\"width\":150,\"height\":39,\"caption\":\"Estrat\u00e9gia - Carreiras Jur\u00eddicas\"},\"image\":{\"@id\":\"https:\\\/\\\/cj.estrategia.com\\\/portal\\\/#\\\/schema\\\/logo\\\/image\\\/\"},\"sameAs\":[\"https:\\\/\\\/www.facebook.com\\\/estrategiacarreirajuridica\\\/\",\"https:\\\/\\\/x.com\\\/EstratJuridica\",\"https:\\\/\\\/www.instagram.com\\\/estrategiacarreirajuridica\\\/\",\"https:\\\/\\\/www.youtube.com\\\/channel\\\/UClbMGuYbj2Mh1m3w144ETWQ\"]},{\"@type\":\"Person\",\"@id\":\"https:\\\/\\\/cj.estrategia.com\\\/portal\\\/#\\\/schema\\\/person\\\/c3ccc024ac7f9069ad740923e64eabb0\",\"name\":\"Ana Luiza Tiburcio Guimar\u00e3es\",\"image\":{\"@type\":\"ImageObject\",\"inLanguage\":\"pt-BR\",\"@id\":\"https:\\\/\\\/secure.gravatar.com\\\/avatar\\\/d0e9fa767d159d6bdb59324855854ef2672e0774dce8705b1c42c80a5b4de7b8?s=96&d=mm&r=g\",\"url\":\"https:\\\/\\\/secure.gravatar.com\\\/avatar\\\/d0e9fa767d159d6bdb59324855854ef2672e0774dce8705b1c42c80a5b4de7b8?s=96&d=mm&r=g\",\"contentUrl\":\"https:\\\/\\\/secure.gravatar.com\\\/avatar\\\/d0e9fa767d159d6bdb59324855854ef2672e0774dce8705b1c42c80a5b4de7b8?s=96&d=mm&r=g\",\"caption\":\"Ana Luiza Tiburcio Guimar\u00e3es\"},\"url\":\"https:\\\/\\\/cj.estrategia.com\\\/portal\\\/author\\\/anatiburcio-g\\\/\"}]}<\/script>\n<!-- \/ Yoast SEO Premium plugin. -->","yoast_head_json":{"title":"T\u00e9cnica de amplia\u00e7\u00e3o do colegiado","description":"Entenda em que consiste a t\u00e9cnica de amplia\u00e7\u00e3o do colegiado prevista no CPC\/15 como continuidade de julgamentos colegiados n\u00e3o un\u00e2nimes.","robots":{"index":"index","follow":"follow","max-snippet":"max-snippet:-1","max-image-preview":"max-image-preview:large","max-video-preview":"max-video-preview:-1"},"canonical":"https:\/\/cj.estrategia.com\/portal\/tecnica-ampliacao-colegiado\/","og_locale":"pt_BR","og_type":"article","og_title":"T\u00e9cnica de amplia\u00e7\u00e3o do colegiado","og_description":"Entenda em que consiste a t\u00e9cnica de amplia\u00e7\u00e3o do colegiado prevista no CPC\/15 como continuidade de julgamentos colegiados n\u00e3o un\u00e2nimes.","og_url":"https:\/\/cj.estrategia.com\/portal\/tecnica-ampliacao-colegiado\/","og_site_name":"Blog - Carreiras Jur\u00eddicas - Estrat\u00e9gia","article_publisher":"https:\/\/www.facebook.com\/estrategiacarreirajuridica\/","article_published_time":"2024-09-20T11:59:00+00:00","og_image":[{"width":704,"height":400,"url":"https:\/\/cj.estrategia.com\/portal\/wp-content\/uploads\/2024\/09\/12182820\/Tecnica-de-ampliacao-do-colegiado.jpg","type":"image\/jpeg"}],"author":"Ana Luiza Tiburcio Guimar\u00e3es","twitter_card":"summary_large_image","twitter_creator":"@EstratJuridica","twitter_site":"@EstratJuridica","twitter_misc":{"Escrito por":"Ana Luiza Tiburcio Guimar\u00e3es","Est. tempo de leitura":"8 minutos"},"schema":{"@context":"https:\/\/schema.org","@graph":[{"@type":"NewsArticle","@id":"https:\/\/cj.estrategia.com\/portal\/tecnica-ampliacao-colegiado\/#article","isPartOf":{"@id":"https:\/\/cj.estrategia.com\/portal\/tecnica-ampliacao-colegiado\/"},"author":{"name":"Ana Luiza Tiburcio Guimar\u00e3es","@id":"https:\/\/cj.estrategia.com\/portal\/#\/schema\/person\/c3ccc024ac7f9069ad740923e64eabb0"},"headline":"T\u00e9cnica de amplia\u00e7\u00e3o do colegiado","datePublished":"2024-09-20T11:59:00+00:00","mainEntityOfPage":{"@id":"https:\/\/cj.estrategia.com\/portal\/tecnica-ampliacao-colegiado\/"},"wordCount":1524,"commentCount":0,"publisher":{"@id":"https:\/\/cj.estrategia.com\/portal\/#organization"},"image":{"@id":"https:\/\/cj.estrategia.com\/portal\/tecnica-ampliacao-colegiado\/#primaryimage"},"thumbnailUrl":"https:\/\/cj.estrategia.com\/portal\/wp-content\/uploads\/2024\/09\/12182820\/Tecnica-de-ampliacao-do-colegiado.jpg","articleSection":["Carreiras Jur\u00eddicas"],"inLanguage":"pt-BR","potentialAction":[{"@type":"CommentAction","name":"Comment","target":["https:\/\/cj.estrategia.com\/portal\/tecnica-ampliacao-colegiado\/#respond"]}]},{"@type":"WebPage","@id":"https:\/\/cj.estrategia.com\/portal\/tecnica-ampliacao-colegiado\/","url":"https:\/\/cj.estrategia.com\/portal\/tecnica-ampliacao-colegiado\/","name":"T\u00e9cnica de amplia\u00e7\u00e3o do colegiado","isPartOf":{"@id":"https:\/\/cj.estrategia.com\/portal\/#website"},"primaryImageOfPage":{"@id":"https:\/\/cj.estrategia.com\/portal\/tecnica-ampliacao-colegiado\/#primaryimage"},"image":{"@id":"https:\/\/cj.estrategia.com\/portal\/tecnica-ampliacao-colegiado\/#primaryimage"},"thumbnailUrl":"https:\/\/cj.estrategia.com\/portal\/wp-content\/uploads\/2024\/09\/12182820\/Tecnica-de-ampliacao-do-colegiado.jpg","datePublished":"2024-09-20T11:59:00+00:00","description":"Entenda em que consiste a t\u00e9cnica de amplia\u00e7\u00e3o do colegiado prevista no CPC\/15 como continuidade de julgamentos colegiados n\u00e3o un\u00e2nimes.","breadcrumb":{"@id":"https:\/\/cj.estrategia.com\/portal\/tecnica-ampliacao-colegiado\/#breadcrumb"},"inLanguage":"pt-BR","potentialAction":[{"@type":"ReadAction","target":["https:\/\/cj.estrategia.com\/portal\/tecnica-ampliacao-colegiado\/"]}]},{"@type":"ImageObject","inLanguage":"pt-BR","@id":"https:\/\/cj.estrategia.com\/portal\/tecnica-ampliacao-colegiado\/#primaryimage","url":"https:\/\/cj.estrategia.com\/portal\/wp-content\/uploads\/2024\/09\/12182820\/Tecnica-de-ampliacao-do-colegiado.jpg","contentUrl":"https:\/\/cj.estrategia.com\/portal\/wp-content\/uploads\/2024\/09\/12182820\/Tecnica-de-ampliacao-do-colegiado.jpg","width":704,"height":400,"caption":"T\u00c9CNICA DE AMPLIA\u00c7\u00c3O DO COLEGIADO"},{"@type":"BreadcrumbList","@id":"https:\/\/cj.estrategia.com\/portal\/tecnica-ampliacao-colegiado\/#breadcrumb","itemListElement":[{"@type":"ListItem","position":1,"name":"In\u00edcio","item":"https:\/\/cj.estrategia.com\/portal\/"},{"@type":"ListItem","position":2,"name":"T\u00e9cnica de amplia\u00e7\u00e3o do colegiado"}]},{"@type":"WebSite","@id":"https:\/\/cj.estrategia.com\/portal\/#website","url":"https:\/\/cj.estrategia.com\/portal\/","name":"Blog - Carreiras Jur\u00eddicas - Estrat\u00e9gia","description":"","publisher":{"@id":"https:\/\/cj.estrategia.com\/portal\/#organization"},"potentialAction":[{"@type":"SearchAction","target":{"@type":"EntryPoint","urlTemplate":"https:\/\/cj.estrategia.com\/portal\/?s={search_term_string}"},"query-input":{"@type":"PropertyValueSpecification","valueRequired":true,"valueName":"search_term_string"}}],"inLanguage":"pt-BR"},{"@type":"Organization","@id":"https:\/\/cj.estrategia.com\/portal\/#organization","name":"Estrat\u00e9gia - Carreiras Jur\u00eddicas","url":"https:\/\/cj.estrategia.com\/portal\/","logo":{"@type":"ImageObject","inLanguage":"pt-BR","@id":"https:\/\/cj.estrategia.com\/portal\/#\/schema\/logo\/image\/","url":"https:\/\/cj.estrategia.com\/portal\/wp-content\/uploads\/2022\/03\/11151052\/cj-logo.png","contentUrl":"https:\/\/cj.estrategia.com\/portal\/wp-content\/uploads\/2022\/03\/11151052\/cj-logo.png","width":150,"height":39,"caption":"Estrat\u00e9gia - Carreiras Jur\u00eddicas"},"image":{"@id":"https:\/\/cj.estrategia.com\/portal\/#\/schema\/logo\/image\/"},"sameAs":["https:\/\/www.facebook.com\/estrategiacarreirajuridica\/","https:\/\/x.com\/EstratJuridica","https:\/\/www.instagram.com\/estrategiacarreirajuridica\/","https:\/\/www.youtube.com\/channel\/UClbMGuYbj2Mh1m3w144ETWQ"]},{"@type":"Person","@id":"https:\/\/cj.estrategia.com\/portal\/#\/schema\/person\/c3ccc024ac7f9069ad740923e64eabb0","name":"Ana Luiza Tiburcio Guimar\u00e3es","image":{"@type":"ImageObject","inLanguage":"pt-BR","@id":"https:\/\/secure.gravatar.com\/avatar\/d0e9fa767d159d6bdb59324855854ef2672e0774dce8705b1c42c80a5b4de7b8?s=96&d=mm&r=g","url":"https:\/\/secure.gravatar.com\/avatar\/d0e9fa767d159d6bdb59324855854ef2672e0774dce8705b1c42c80a5b4de7b8?s=96&d=mm&r=g","contentUrl":"https:\/\/secure.gravatar.com\/avatar\/d0e9fa767d159d6bdb59324855854ef2672e0774dce8705b1c42c80a5b4de7b8?s=96&d=mm&r=g","caption":"Ana Luiza Tiburcio Guimar\u00e3es"},"url":"https:\/\/cj.estrategia.com\/portal\/author\/anatiburcio-g\/"}]}},"jetpack_featured_media_url":"https:\/\/cj.estrategia.com\/portal\/wp-content\/uploads\/2024\/09\/12182820\/Tecnica-de-ampliacao-do-colegiado.jpg","jetpack_sharing_enabled":true,"_links":{"self":[{"href":"https:\/\/cj.estrategia.com\/portal\/wp-json\/wp\/v2\/posts\/75629","targetHints":{"allow":["GET"]}}],"collection":[{"href":"https:\/\/cj.estrategia.com\/portal\/wp-json\/wp\/v2\/posts"}],"about":[{"href":"https:\/\/cj.estrategia.com\/portal\/wp-json\/wp\/v2\/types\/post"}],"author":[{"embeddable":true,"href":"https:\/\/cj.estrategia.com\/portal\/wp-json\/wp\/v2\/users\/47"}],"replies":[{"embeddable":true,"href":"https:\/\/cj.estrategia.com\/portal\/wp-json\/wp\/v2\/comments?post=75629"}],"version-history":[{"count":3,"href":"https:\/\/cj.estrategia.com\/portal\/wp-json\/wp\/v2\/posts\/75629\/revisions"}],"predecessor-version":[{"id":76202,"href":"https:\/\/cj.estrategia.com\/portal\/wp-json\/wp\/v2\/posts\/75629\/revisions\/76202"}],"wp:featuredmedia":[{"embeddable":true,"href":"https:\/\/cj.estrategia.com\/portal\/wp-json\/wp\/v2\/media\/75631"}],"wp:attachment":[{"href":"https:\/\/cj.estrategia.com\/portal\/wp-json\/wp\/v2\/media?parent=75629"}],"wp:term":[{"taxonomy":"category","embeddable":true,"href":"https:\/\/cj.estrategia.com\/portal\/wp-json\/wp\/v2\/categories?post=75629"},{"taxonomy":"post_tag","embeddable":true,"href":"https:\/\/cj.estrategia.com\/portal\/wp-json\/wp\/v2\/tags?post=75629"},{"taxonomy":"tax_estado","embeddable":true,"href":"https:\/\/cj.estrategia.com\/portal\/wp-json\/wp\/v2\/tax_estado?post=75629"}],"curies":[{"name":"wp","href":"https:\/\/api.w.org\/{rel}","templated":true}]}}