{"id":75337,"date":"2024-09-18T11:15:00","date_gmt":"2024-09-18T14:15:00","guid":{"rendered":"https:\/\/cj.estrategia.com\/portal\/?p=75337"},"modified":"2024-09-16T13:35:13","modified_gmt":"2024-09-16T16:35:13","slug":"limites-emenda-parlamentar","status":"publish","type":"post","link":"https:\/\/cj.estrategia.com\/portal\/limites-emenda-parlamentar\/","title":{"rendered":"Limites ao poder de emenda parlamentar"},"content":{"rendered":"\n<p>Ol\u00e1, tudo bem? Hoje falaremos um pouco sobre os limites ao poder de emenda parlamentar, destacando a jurisprud\u00eancia do Supremo Tribunal Federal (STF) sobre o tema.<\/p>\n\n\n\n<p>Para isso, falaremos um pouco sobre o que s\u00e3o as emendas parlamentares, quais os limites ao poder de emenda parlamentar, conforme Regimento Interno do Senado, e o entendimento do Supremo Tribunal Federal sobre a tem\u00e1tica.<\/p>\n\n\n\n<p>Vamos ao que interessa!\u00a0<\/p>\n\n\n<div class=\"wp-block-image\">\n<figure class=\"aligncenter size-large is-resized\"><img decoding=\"async\" width=\"1024\" height=\"1024\" src=\"https:\/\/cj.estrategia.com\/portal\/wp-content\/uploads\/2024\/09\/11061454\/view-professional-business-people-working-together-1024x1024.jpg\" alt=\"Limites ao poder de emenda parlamentar\" class=\"wp-image-75339\" style=\"object-fit:cover;width:750px;height:450px\" srcset=\"https:\/\/cj.estrategia.com\/portal\/wp-content\/uploads\/2024\/09\/11061454\/view-professional-business-people-working-together-1024x1024.jpg 1024w, https:\/\/cj.estrategia.com\/portal\/wp-content\/uploads\/2024\/09\/11061454\/view-professional-business-people-working-together-300x300.jpg 300w, https:\/\/cj.estrategia.com\/portal\/wp-content\/uploads\/2024\/09\/11061454\/view-professional-business-people-working-together-150x150.jpg 150w, https:\/\/cj.estrategia.com\/portal\/wp-content\/uploads\/2024\/09\/11061454\/view-professional-business-people-working-together-768x768.jpg 768w, https:\/\/cj.estrategia.com\/portal\/wp-content\/uploads\/2024\/09\/11061454\/view-professional-business-people-working-together-1536x1536.jpg 1536w, https:\/\/cj.estrategia.com\/portal\/wp-content\/uploads\/2024\/09\/11061454\/view-professional-business-people-working-together-2048x2048.jpg 2048w, https:\/\/cj.estrategia.com\/portal\/wp-content\/uploads\/2024\/09\/11061454\/view-professional-business-people-working-together-80x80.jpg 80w, https:\/\/cj.estrategia.com\/portal\/wp-content\/uploads\/2024\/09\/11061454\/view-professional-business-people-working-together-380x380.jpg 380w, https:\/\/cj.estrategia.com\/portal\/wp-content\/uploads\/2024\/09\/11061454\/view-professional-business-people-working-together-800x800.jpg 800w, https:\/\/cj.estrategia.com\/portal\/wp-content\/uploads\/2024\/09\/11061454\/view-professional-business-people-working-together-1160x1160.jpg 1160w, https:\/\/cj.estrategia.com\/portal\/wp-content\/uploads\/2024\/09\/11061454\/view-professional-business-people-working-together-24x24.jpg 24w, https:\/\/cj.estrategia.com\/portal\/wp-content\/uploads\/2024\/09\/11061454\/view-professional-business-people-working-together-48x48.jpg 48w, https:\/\/cj.estrategia.com\/portal\/wp-content\/uploads\/2024\/09\/11061454\/view-professional-business-people-working-together-96x96.jpg 96w, https:\/\/cj.estrategia.com\/portal\/wp-content\/uploads\/2024\/09\/11061454\/view-professional-business-people-working-together-scaled.jpg 2560w\" sizes=\"(max-width: 1024px) 100vw, 1024px\" \/><figcaption class=\"wp-element-caption\">Limites ao poder de emenda parlamentar<\/figcaption><\/figure>\n<\/div>\n\n\n<div class=\"wp-block-yoast-seo-table-of-contents yoast-table-of-contents\"><h2 id=\"indice\"><mark style=\"background-color:rgba(0, 0, 0, 0)\" class=\"has-inline-color has-luminous-vivid-orange-color\">\u00cdndice<\/mark><\/h2><ul><li><a href=\"#h-limites-ao-poder-de-emenda-parlamentar\" data-level=\"2\">Limites ao poder de emenda parlamentar<\/a><ul><li><a href=\"#h-o-que-sao-as-emendas-parlamentares\" data-level=\"3\">O que s\u00e3o as emendas parlamentares?<\/a><\/li><li><a href=\"#h-quais-os-limites-ao-poder-de-emenda-parlamentar\" data-level=\"3\">Quais os limites ao poder de emenda parlamentar?<\/a><\/li><li><a href=\"#h-jurisprudencia-do-stf-sobre-as-emendas-parlamentares\" data-level=\"3\">Jurisprud\u00eancia do STF sobre as emendas parlamentares<\/a><\/li><\/ul><\/li><li><a href=\"#h-conclusao\" data-level=\"2\">Conclus\u00e3o<\/a><\/li><li><a href=\"#cursos-ficha\" data-level=\"2\">Quer estudar para Concursos Jur\u00eddicos em 2024?<\/a><\/li><\/ul><\/div>\n\n\n\n<h2 class=\"wp-block-heading has-luminous-vivid-orange-color has-text-color has-link-color wp-elements-f49a1b76e7b4260a2d0b3c2c11748edc\" id=\"h-limites-ao-poder-de-emenda-parlamentar\"><span id=\"limites-ao-poder-de-emenda-parlamentar\">Limites ao poder de emenda parlamentar<\/span><\/h2>\n\n\n\n<h3 class=\"wp-block-heading has-luminous-vivid-orange-color has-text-color has-link-color wp-elements-432b61959bcf5a4d25d4b584ce672afe\" id=\"h-o-que-sao-as-emendas-parlamentares\"><span id=\"o-que-sao-as-emendas-parlamentares\">O que s\u00e3o as emendas parlamentares?<\/span><\/h3>\n\n\n\n<p>Quando falamos em emendas parlamentares estamos nos referindo aos <strong>acr\u00e9scimos de textos, no \u00e2mbito do processo legislativo, feitos por membros do Poder Legislativo<\/strong> (senadores e deputados, isso \u00e9, parlamentares).<\/p>\n\n\n\n<p>As emendas parlamentares, ao contr\u00e1rio do que alguns podem pensar, n\u00e3o possuem rela\u00e7\u00e3o apenas com as emendas constitucionais, mas sim com qualquer projeto de lei.<\/p>\n\n\n\n<p>Tamb\u00e9m \u00e9 importante destacar que h\u00e1 um prazo para a realiza\u00e7\u00e3o das emendas, que, por exemplo, no \u00e2mbito do Senado Federal, \u00e9 de 15 dias \u00fateis, vide <a href=\"https:\/\/legis.senado.leg.br\/norma\/563958\/publicacao\/16433779\" target=\"_blank\" >Regimento Interno respectivo<\/a> (artigo 118, \u00a7 1\u00ba).<\/p>\n\n\n\n<p><a href=\"https:\/\/portaldatransparencia.gov.br\/emendas\/consulta?ordenarPor=autor&amp;direcao=asc\" target=\"_blank\" >Clicando aqui<\/a>, voc\u00ea pode conferir as emendas parlamentares filtrando por ano, tipo de ementa, dentre outros crit\u00e9rios.<\/p>\n\n\n\n<h3 class=\"wp-block-heading has-luminous-vivid-orange-color has-text-color has-link-color wp-elements-c2f7d50e69d48dca1f778eb1311123f3\" id=\"h-quais-os-limites-ao-poder-de-emenda-parlamentar\"><span id=\"quais-os-limites-ao-poder-de-emenda-parlamentar\">Quais os limites ao poder de emenda parlamentar?<\/span><\/h3>\n\n\n\n<p>As emendas parlamentares fazem parte do cotidiano das Casas legislativas e ajudam no amplo debate democr\u00e1tico inerente ao processo legislativo.<\/p>\n\n\n\n<p>No entanto, h\u00e1 casos em que o oferecimento de emendas parlamentares \u00e9 vedado, como nos casos do artigo 230 do Regimento Interno do Senado:<\/p>\n\n\n\n<div class=\"wp-block-group is-style-cnvs-block-bg-light\"><div class=\"wp-block-group__inner-container is-layout-constrained wp-block-group-is-layout-constrained\">\n<p>Art. 230. <strong>N\u00e3o se admitir\u00e1 emenda:<\/strong><\/p>\n\n\n\n<p>I &#8211; <strong>sem rela\u00e7\u00e3o com a mat\u00e9ria<\/strong> da disposi\u00e7\u00e3o que se pretenda emendar;<\/p>\n\n\n\n<p>II &#8211; em <strong>sentido contr\u00e1rio \u00e0 proposi\u00e7\u00e3o<\/strong> quando se trate de proposta de emenda \u00e0 Constitui\u00e7\u00e3o, projeto de lei ou de resolu\u00e7\u00e3o;<\/p>\n\n\n\n<p>III &#8211; que diga respeito <strong>a mais de um dispositivo, a n\u00e3o ser que se trate de modifica\u00e7\u00f5es correlatas<\/strong>, de sorte que a aprova\u00e7\u00e3o, relativamente a um dispositivo, envolva a necessidade de se alterarem outros;<\/p>\n\n\n\n<p>IV &#8211; que <strong>importe aumento da despesa<\/strong> prevista (<strong>Const., art. 63)<\/strong>:<\/p>\n\n\n\n<p>a) nos <strong>projetos de iniciativa do Presidente da Rep\u00fablica<\/strong>, ressalvado o disposto no art. 166, \u00a7\u00a7 3\u00ba e 4\u00ba, da Constitui\u00e7\u00e3o (Const., art. 63, I);<\/p>\n\n\n\n<p>b) nos projetos sobre <strong>organiza\u00e7\u00e3o dos servi\u00e7os administrativos do Senado Federal, dos Tribunais Federais e do Minist\u00e9rio P\u00fablico<\/strong> (Const., art. 63, II).<\/p>\n<\/div><\/div>\n\n\n\n<p>Al\u00e9m disso, o artigo 233 do RI do Senado disp\u00f5e que <strong>nenhuma emenda ser\u00e1 aceita sem<\/strong> que o autor a tenha <strong>justificado por escrito ou oralmente<\/strong>.<\/p>\n\n\n\n<p>A justifica\u00e7\u00e3o oral de emenda em plen\u00e1rio dever\u00e1 ser feita no prazo que seu autor dispuser para falar no Per\u00edodo do Expediente da sess\u00e3o.<\/p>\n\n\n\n<h3 class=\"wp-block-heading has-luminous-vivid-orange-color has-text-color has-link-color wp-elements-0b0b805e39339d5051afa3b5babaa26d\" id=\"h-jurisprudencia-do-stf-sobre-as-emendas-parlamentares\"><span id=\"jurisprudencia-do-stf-sobre-as-emendas-parlamentares\">Jurisprud\u00eancia do STF sobre as emendas parlamentares<\/span><\/h3>\n\n\n\n<h4 class=\"wp-block-heading has-luminous-vivid-orange-color has-text-color has-link-color wp-elements-4b15ee067d5625d1c3674ce3cf05e7d1\" id=\"h-entendimento-da-adi-n\u00ba-7-230-mg\"><span id=\"entendimento-da-adi-no-7-230-mg\">Entendimento da ADI n\u00ba 7.230\/MG<\/span><\/h4>\n\n\n\n<p>A fim de exemplificar os limites ao poder de emenda parlamentar, selecionamos, primeiramente, o que foi decidido recentemente no \u00e2mbito da <a href=\"https:\/\/portal.stf.jus.br\/processos\/detalhe.asp?incidente=6462745\" target=\"_blank\" >A\u00e7\u00e3o Direta de Inconstitucionalidade (ADI) n\u00ba 7.230\/MG<\/a>.<\/p>\n\n\n\n<p>O Supremo Tribunal Federal firmou a compreens\u00e3o de que \u00e9 <strong>formalmente inconstitucional<\/strong> norma decorrente de emenda parlamentar que n\u00e3o guarda <strong>estrita pertin\u00eancia tem\u00e1tica <\/strong>com a mat\u00e9ria tratada <strong>em projeto de lei de iniciativa reservada <\/strong>originalmente encaminhado \u00e0 Casa Legislativa.<\/p>\n\n\n\n<p>Dessa forma, por unanimidade, julgou procedente a a\u00e7\u00e3o para declarar a inconstitucionalidade do art. 3\u00ba, \u00a7 2\u00ba da Lei Complementar n\u00ba 167\/2022 do Estado de Minas Gerais..<\/p>\n\n\n\n<p>O projeto de lei da LC n\u00ba 167\/2022\/MG \u00e9 de <strong>iniciativa privativa do Tribunal de Contas do Estado de MG<\/strong> e dispunha acerca da institui\u00e7\u00e3o, organiza\u00e7\u00e3o e funcionamento de uma Procuradoria Jur\u00eddica pr\u00f3pria, tem\u00e1tica submetida \u00e0 compet\u00eancia do referido \u00f3rg\u00e3o.&nbsp;<\/p>\n\n\n\n<p>Acontece que<strong> o \u00a7 2\u00ba<\/strong>, a ser introduzido na LC supracitada e que era <strong>objeto de emenda parlamentar<\/strong>, introduziu dispositivo vedando qualquer \u00f3rg\u00e3o da Corte de Contas de dispor sobre as condi\u00e7\u00f5es e os procedimentos para a escolha, nomea\u00e7\u00e3o e posse de conselheiros, <strong>mat\u00e9ria que o STF entendeu n\u00e3o guardar correla\u00e7\u00e3o de conte\u00fado com o assunto originalmente abordado<\/strong>.<\/p>\n\n\n\n<h4 class=\"wp-block-heading has-luminous-vivid-orange-color has-text-color has-link-color wp-elements-e2284dd214d2f34bf86ab8049ae60cbb\" id=\"h-entendimento-da-adi-n\u00ba-1-050-sc\"><span id=\"entendimento-da-adi-no-1-050-sc\">Entendimento da ADI n\u00ba 1.050\/SC<\/span><\/h4>\n\n\n\n<p>Nesse sentido, tamb\u00e9m \u00e9 interessante destacar o entendimento veiculado pelo STF no julgamento da <a href=\"https:\/\/portal.stf.jus.br\/processos\/detalhe.asp?incidente=1583310\" target=\"_blank\" >ADI n\u00ba 1.050\/SC<\/a>, no qual o Relator, o ent\u00e3o Ministro Celso de Mello, definiu o poder de emenda parlamentar.<\/p>\n\n\n\n<p>Naquela oportunidade, apontou-se que o poder de emendar projetos de lei se reveste de <strong>natureza eminentemente constitucional <\/strong>e qualifica-se como <strong>prerrogativa de ordem pol\u00edtico-jur\u00eddica<\/strong> inerente ao exerc\u00edcio da atividade legislativa.&nbsp;<\/p>\n\n\n\n<p>Dessa forma, entendeu-se que essa prerrogativa institucional <strong>pode ser legitimamente exercida pelos membros do Legislativo, ainda que<\/strong> se cuide de proposi\u00e7\u00f5es constitucionalmente sujeitas \u00e0 <strong>cl\u00e1usula de reserva de iniciativa<\/strong>.<\/p>\n\n\n\n<p>Por\u00e9m, devem ser respeitadas as limita\u00e7\u00f5es estabelecidas na Constitui\u00e7\u00e3o da Rep\u00fablica \u2013 as emendas parlamentares (a) n\u00e3o importem em aumento da despesa prevista no projeto de lei e (b) guardem afinidade l\u00f3gica com a proposi\u00e7\u00e3o original (v\u00ednculo de pertin\u00eancia).<\/p>\n\n\n\n<p>Vejam que esses entendimentos do Supremo, ali\u00e1s, podem ser encontrados na leitura do artigo 230 do Regimento Interno do Senado Federal, que transcrevemos acima.<\/p>\n\n\n\n<h2 class=\"wp-block-heading has-luminous-vivid-orange-color has-text-color has-link-color wp-elements-6a40798ad40e152959d428ce7ec815a7\" id=\"h-conclusao\"><span id=\"conclusao\">Conclus\u00e3o<\/span><\/h2>\n\n\n\n<p>Portanto, pessoal, essa foi nossa an\u00e1lise sobre os limites ao poder de emenda parlamentar, destacando a jurisprud\u00eancia do Supremo Tribunal Federal (STF) sobre o tema.<\/p>\n\n\n\n<p>Considerando que n\u00e3o esgotamos aqui a tem\u00e1tica, n\u00e3o deixe de revisar em seu material de estudo e praticar com diversas quest\u00f5es.<\/p>\n\n\n\n<p>At\u00e9 a pr\u00f3xima!<\/p>\n\n\n\n<h2 class=\"wp-block-heading has-text-align-center has-luminous-vivid-orange-color has-text-color has-link-color wp-elements-d432a36266879851bb6ec617376f9ff6\" id=\"cursos-ficha\"><span id=\"quer-estudar-para-concursos-juridicos-em-2024\">Quer estudar para Concursos Jur\u00eddicos em 2024?<\/span><\/h2>\n\n\n\n<p class=\"has-text-align-left\">O Estrat\u00e9gia Carreira Jur\u00eddica \u00e9 campe\u00e3o de aprova\u00e7\u00f5es nos concursos para Carreiras Jur\u00eddicas com um corpo docente qualificado e materiais completos. Conhe\u00e7a nossos cursos e garanta sua aprova\u00e7\u00e3o em Concurso Jur\u00eddicos:<\/p>\n\n\n\n<p class=\"has-text-align-center has-pale-cyan-blue-background-color has-background\"><a href=\"https:\/\/cj.estrategia.com\/portal\/concursos-abertos-carreiras-juridicas\/\"><strong>Concursos abertos<\/strong><\/a><\/p>\n\n\n\n<p class=\"has-text-align-center has-pale-cyan-blue-background-color has-background\"><a href=\"https:\/\/cj.estrategia.com\/portal\/concursos-2024-carreiras-juridicas\/\"><strong>Concursos 2024<\/strong><\/a><\/p>\n","protected":false},"excerpt":{"rendered":"Ol\u00e1, tudo bem? Hoje falaremos um pouco sobre os limites ao poder de emenda parlamentar, destacando a jurisprud\u00eancia&hellip;\n","protected":false},"author":39,"featured_media":75339,"comment_status":"open","ping_status":"open","sticky":false,"template":"","format":"standard","meta":{"_jetpack_memberships_contains_paid_content":false,"footnotes":""},"categories":[1],"tags":[],"tax_estado":[30,31,32,33,34,35,36,37,38,39,40,41,42,43,44,45,46,47,48,49,50,51,52,53,54,55,56,57],"class_list":{"0":"post-75337","1":"post","2":"type-post","3":"status-publish","4":"format-standard","5":"has-post-thumbnail","7":"category-carreiras-juridicas","8":"tax_estado-ac","9":"tax_estado-al","10":"tax_estado-am","11":"tax_estado-ap","12":"tax_estado-ba","13":"tax_estado-ce","14":"tax_estado-concursos-federais","15":"tax_estado-df","16":"tax_estado-es","17":"tax_estado-go","18":"tax_estado-ma","19":"tax_estado-mg","20":"tax_estado-ms","21":"tax_estado-mt","22":"tax_estado-pa","23":"tax_estado-pb","24":"tax_estado-pe","25":"tax_estado-pi","26":"tax_estado-pr","27":"tax_estado-rj","28":"tax_estado-rn","29":"tax_estado-ro","30":"tax_estado-rr","31":"tax_estado-rs","32":"tax_estado-sc","33":"tax_estado-se","34":"tax_estado-sp","35":"tax_estado-to"},"acf":[],"yoast_head":"<!-- This site is optimized with the Yoast SEO Premium plugin v27.4 (Yoast SEO v27.4) - https:\/\/yoast.com\/product\/yoast-seo-premium-wordpress\/ -->\n<title>Limites ao poder de emenda parlamentar<\/title>\n<meta name=\"description\" content=\"Confira nossa an\u00e1lise sobre os limites ao poder de emenda parlamentar, destacando a jurisprud\u00eancia do STF sobre o tema.\" \/>\n<meta name=\"robots\" content=\"index, follow, max-snippet:-1, max-image-preview:large, max-video-preview:-1\" \/>\n<link rel=\"canonical\" href=\"https:\/\/cj.estrategia.com\/portal\/limites-emenda-parlamentar\/\" \/>\n<meta property=\"og:locale\" content=\"pt_BR\" \/>\n<meta property=\"og:type\" content=\"article\" \/>\n<meta property=\"og:title\" content=\"Limites ao poder de emenda parlamentar\" \/>\n<meta property=\"og:description\" content=\"Confira nossa an\u00e1lise sobre os limites ao poder de emenda parlamentar, destacando a jurisprud\u00eancia do STF sobre o tema.\" \/>\n<meta property=\"og:url\" content=\"https:\/\/cj.estrategia.com\/portal\/limites-emenda-parlamentar\/\" \/>\n<meta property=\"og:site_name\" content=\"Blog - Carreiras Jur\u00eddicas - Estrat\u00e9gia\" \/>\n<meta property=\"article:publisher\" content=\"https:\/\/www.facebook.com\/estrategiacarreirajuridica\/\" \/>\n<meta property=\"article:published_time\" content=\"2024-09-18T14:15:00+00:00\" \/>\n<meta property=\"og:image\" content=\"https:\/\/cj.estrategia.com\/portal\/wp-content\/uploads\/2024\/09\/11061454\/view-professional-business-people-working-together-scaled.jpg\" \/>\n\t<meta property=\"og:image:width\" content=\"2560\" \/>\n\t<meta property=\"og:image:height\" content=\"2560\" \/>\n\t<meta property=\"og:image:type\" content=\"image\/jpeg\" \/>\n<meta name=\"author\" content=\"Frederico Tadeu Borlot Peixoto\" \/>\n<meta name=\"twitter:card\" content=\"summary_large_image\" \/>\n<meta name=\"twitter:creator\" content=\"@EstratJuridica\" \/>\n<meta name=\"twitter:site\" content=\"@EstratJuridica\" \/>\n<meta name=\"twitter:label1\" content=\"Escrito por\" \/>\n\t<meta name=\"twitter:data1\" content=\"Frederico Tadeu Borlot Peixoto\" \/>\n\t<meta name=\"twitter:label2\" content=\"Est. tempo de leitura\" \/>\n\t<meta name=\"twitter:data2\" content=\"6 minutos\" \/>\n<script type=\"application\/ld+json\" class=\"yoast-schema-graph\">{\"@context\":\"https:\\\/\\\/schema.org\",\"@graph\":[{\"@type\":\"NewsArticle\",\"@id\":\"https:\\\/\\\/cj.estrategia.com\\\/portal\\\/limites-emenda-parlamentar\\\/#article\",\"isPartOf\":{\"@id\":\"https:\\\/\\\/cj.estrategia.com\\\/portal\\\/limites-emenda-parlamentar\\\/\"},\"author\":{\"name\":\"Frederico Tadeu Borlot Peixoto\",\"@id\":\"https:\\\/\\\/cj.estrategia.com\\\/portal\\\/#\\\/schema\\\/person\\\/74287401cf4654f4fa04e378de7261ec\"},\"headline\":\"Limites ao poder de emenda parlamentar\",\"datePublished\":\"2024-09-18T14:15:00+00:00\",\"mainEntityOfPage\":{\"@id\":\"https:\\\/\\\/cj.estrategia.com\\\/portal\\\/limites-emenda-parlamentar\\\/\"},\"wordCount\":981,\"commentCount\":0,\"publisher\":{\"@id\":\"https:\\\/\\\/cj.estrategia.com\\\/portal\\\/#organization\"},\"image\":{\"@id\":\"https:\\\/\\\/cj.estrategia.com\\\/portal\\\/limites-emenda-parlamentar\\\/#primaryimage\"},\"thumbnailUrl\":\"https:\\\/\\\/cj.estrategia.com\\\/portal\\\/wp-content\\\/uploads\\\/2024\\\/09\\\/11061454\\\/view-professional-business-people-working-together-scaled.jpg\",\"articleSection\":[\"Carreiras Jur\u00eddicas\"],\"inLanguage\":\"pt-BR\",\"potentialAction\":[{\"@type\":\"CommentAction\",\"name\":\"Comment\",\"target\":[\"https:\\\/\\\/cj.estrategia.com\\\/portal\\\/limites-emenda-parlamentar\\\/#respond\"]}],\"accessibilityFeature\":[\"tableOfContents\"]},{\"@type\":\"WebPage\",\"@id\":\"https:\\\/\\\/cj.estrategia.com\\\/portal\\\/limites-emenda-parlamentar\\\/\",\"url\":\"https:\\\/\\\/cj.estrategia.com\\\/portal\\\/limites-emenda-parlamentar\\\/\",\"name\":\"Limites ao poder de emenda parlamentar\",\"isPartOf\":{\"@id\":\"https:\\\/\\\/cj.estrategia.com\\\/portal\\\/#website\"},\"primaryImageOfPage\":{\"@id\":\"https:\\\/\\\/cj.estrategia.com\\\/portal\\\/limites-emenda-parlamentar\\\/#primaryimage\"},\"image\":{\"@id\":\"https:\\\/\\\/cj.estrategia.com\\\/portal\\\/limites-emenda-parlamentar\\\/#primaryimage\"},\"thumbnailUrl\":\"https:\\\/\\\/cj.estrategia.com\\\/portal\\\/wp-content\\\/uploads\\\/2024\\\/09\\\/11061454\\\/view-professional-business-people-working-together-scaled.jpg\",\"datePublished\":\"2024-09-18T14:15:00+00:00\",\"description\":\"Confira nossa an\u00e1lise sobre os limites ao poder de emenda parlamentar, destacando a jurisprud\u00eancia do STF sobre o tema.\",\"breadcrumb\":{\"@id\":\"https:\\\/\\\/cj.estrategia.com\\\/portal\\\/limites-emenda-parlamentar\\\/#breadcrumb\"},\"inLanguage\":\"pt-BR\",\"potentialAction\":[{\"@type\":\"ReadAction\",\"target\":[\"https:\\\/\\\/cj.estrategia.com\\\/portal\\\/limites-emenda-parlamentar\\\/\"]}]},{\"@type\":\"ImageObject\",\"inLanguage\":\"pt-BR\",\"@id\":\"https:\\\/\\\/cj.estrategia.com\\\/portal\\\/limites-emenda-parlamentar\\\/#primaryimage\",\"url\":\"https:\\\/\\\/cj.estrategia.com\\\/portal\\\/wp-content\\\/uploads\\\/2024\\\/09\\\/11061454\\\/view-professional-business-people-working-together-scaled.jpg\",\"contentUrl\":\"https:\\\/\\\/cj.estrategia.com\\\/portal\\\/wp-content\\\/uploads\\\/2024\\\/09\\\/11061454\\\/view-professional-business-people-working-together-scaled.jpg\",\"width\":2560,\"height\":2560,\"caption\":\"Limites ao poder de emenda parlamentar\"},{\"@type\":\"BreadcrumbList\",\"@id\":\"https:\\\/\\\/cj.estrategia.com\\\/portal\\\/limites-emenda-parlamentar\\\/#breadcrumb\",\"itemListElement\":[{\"@type\":\"ListItem\",\"position\":1,\"name\":\"In\u00edcio\",\"item\":\"https:\\\/\\\/cj.estrategia.com\\\/portal\\\/\"},{\"@type\":\"ListItem\",\"position\":2,\"name\":\"Limites ao poder de emenda parlamentar\"}]},{\"@type\":\"WebSite\",\"@id\":\"https:\\\/\\\/cj.estrategia.com\\\/portal\\\/#website\",\"url\":\"https:\\\/\\\/cj.estrategia.com\\\/portal\\\/\",\"name\":\"Blog - Carreiras Jur\u00eddicas - Estrat\u00e9gia\",\"description\":\"\",\"publisher\":{\"@id\":\"https:\\\/\\\/cj.estrategia.com\\\/portal\\\/#organization\"},\"potentialAction\":[{\"@type\":\"SearchAction\",\"target\":{\"@type\":\"EntryPoint\",\"urlTemplate\":\"https:\\\/\\\/cj.estrategia.com\\\/portal\\\/?s={search_term_string}\"},\"query-input\":{\"@type\":\"PropertyValueSpecification\",\"valueRequired\":true,\"valueName\":\"search_term_string\"}}],\"inLanguage\":\"pt-BR\"},{\"@type\":\"Organization\",\"@id\":\"https:\\\/\\\/cj.estrategia.com\\\/portal\\\/#organization\",\"name\":\"Estrat\u00e9gia - Carreiras Jur\u00eddicas\",\"url\":\"https:\\\/\\\/cj.estrategia.com\\\/portal\\\/\",\"logo\":{\"@type\":\"ImageObject\",\"inLanguage\":\"pt-BR\",\"@id\":\"https:\\\/\\\/cj.estrategia.com\\\/portal\\\/#\\\/schema\\\/logo\\\/image\\\/\",\"url\":\"https:\\\/\\\/cj.estrategia.com\\\/portal\\\/wp-content\\\/uploads\\\/2022\\\/03\\\/11151052\\\/cj-logo.png\",\"contentUrl\":\"https:\\\/\\\/cj.estrategia.com\\\/portal\\\/wp-content\\\/uploads\\\/2022\\\/03\\\/11151052\\\/cj-logo.png\",\"width\":150,\"height\":39,\"caption\":\"Estrat\u00e9gia - Carreiras Jur\u00eddicas\"},\"image\":{\"@id\":\"https:\\\/\\\/cj.estrategia.com\\\/portal\\\/#\\\/schema\\\/logo\\\/image\\\/\"},\"sameAs\":[\"https:\\\/\\\/www.facebook.com\\\/estrategiacarreirajuridica\\\/\",\"https:\\\/\\\/x.com\\\/EstratJuridica\",\"https:\\\/\\\/www.instagram.com\\\/estrategiacarreirajuridica\\\/\",\"https:\\\/\\\/www.youtube.com\\\/channel\\\/UClbMGuYbj2Mh1m3w144ETWQ\"]},{\"@type\":\"Person\",\"@id\":\"https:\\\/\\\/cj.estrategia.com\\\/portal\\\/#\\\/schema\\\/person\\\/74287401cf4654f4fa04e378de7261ec\",\"name\":\"Frederico Tadeu Borlot Peixoto\",\"image\":{\"@type\":\"ImageObject\",\"inLanguage\":\"pt-BR\",\"@id\":\"https:\\\/\\\/cj.estrategia.com\\\/portal\\\/wp-content\\\/uploads\\\/2023\\\/06\\\/29094204\\\/GBAY0702-96x96.jpg\",\"url\":\"https:\\\/\\\/cj.estrategia.com\\\/portal\\\/wp-content\\\/uploads\\\/2023\\\/06\\\/29094204\\\/GBAY0702-96x96.jpg\",\"contentUrl\":\"https:\\\/\\\/cj.estrategia.com\\\/portal\\\/wp-content\\\/uploads\\\/2023\\\/06\\\/29094204\\\/GBAY0702-96x96.jpg\",\"caption\":\"Frederico Tadeu Borlot Peixoto\"},\"description\":\"Analista Judici\u00e1rio - \u00c1rea Judici\u00e1ria do TRF da 4\u00aa regi\u00e3o. Bacharel em Direito. P\u00f3s-graduado em Direito Administrativo, Legisla\u00e7\u00e3o Penal Especial, Direito Penal e Direito Processual Penal. Tamb\u00e9m nomeado no TRF da 3\u00aa regi\u00e3o (8\u00ba lugar); SPPREV (3\u00ba lugar); IFES (2\u00ba lugar); e PMES. https:\\\/\\\/www.instagram.com\\\/proffrederico\\\/\",\"sameAs\":[\"https:\\\/\\\/www.instagram.com\\\/proffrederico\\\/\"],\"url\":\"https:\\\/\\\/cj.estrategia.com\\\/portal\\\/author\\\/xfrederico\\\/\"}]}<\/script>\n<!-- \/ Yoast SEO Premium plugin. -->","yoast_head_json":{"title":"Limites ao poder de emenda parlamentar","description":"Confira nossa an\u00e1lise sobre os limites ao poder de emenda parlamentar, destacando a jurisprud\u00eancia do STF sobre o tema.","robots":{"index":"index","follow":"follow","max-snippet":"max-snippet:-1","max-image-preview":"max-image-preview:large","max-video-preview":"max-video-preview:-1"},"canonical":"https:\/\/cj.estrategia.com\/portal\/limites-emenda-parlamentar\/","og_locale":"pt_BR","og_type":"article","og_title":"Limites ao poder de emenda parlamentar","og_description":"Confira nossa an\u00e1lise sobre os limites ao poder de emenda parlamentar, destacando a jurisprud\u00eancia do STF sobre o tema.","og_url":"https:\/\/cj.estrategia.com\/portal\/limites-emenda-parlamentar\/","og_site_name":"Blog - Carreiras Jur\u00eddicas - Estrat\u00e9gia","article_publisher":"https:\/\/www.facebook.com\/estrategiacarreirajuridica\/","article_published_time":"2024-09-18T14:15:00+00:00","og_image":[{"width":2560,"height":2560,"url":"https:\/\/cj.estrategia.com\/portal\/wp-content\/uploads\/2024\/09\/11061454\/view-professional-business-people-working-together-scaled.jpg","type":"image\/jpeg"}],"author":"Frederico Tadeu Borlot Peixoto","twitter_card":"summary_large_image","twitter_creator":"@EstratJuridica","twitter_site":"@EstratJuridica","twitter_misc":{"Escrito por":"Frederico Tadeu Borlot Peixoto","Est. tempo de leitura":"6 minutos"},"schema":{"@context":"https:\/\/schema.org","@graph":[{"@type":"NewsArticle","@id":"https:\/\/cj.estrategia.com\/portal\/limites-emenda-parlamentar\/#article","isPartOf":{"@id":"https:\/\/cj.estrategia.com\/portal\/limites-emenda-parlamentar\/"},"author":{"name":"Frederico Tadeu Borlot Peixoto","@id":"https:\/\/cj.estrategia.com\/portal\/#\/schema\/person\/74287401cf4654f4fa04e378de7261ec"},"headline":"Limites ao poder de emenda parlamentar","datePublished":"2024-09-18T14:15:00+00:00","mainEntityOfPage":{"@id":"https:\/\/cj.estrategia.com\/portal\/limites-emenda-parlamentar\/"},"wordCount":981,"commentCount":0,"publisher":{"@id":"https:\/\/cj.estrategia.com\/portal\/#organization"},"image":{"@id":"https:\/\/cj.estrategia.com\/portal\/limites-emenda-parlamentar\/#primaryimage"},"thumbnailUrl":"https:\/\/cj.estrategia.com\/portal\/wp-content\/uploads\/2024\/09\/11061454\/view-professional-business-people-working-together-scaled.jpg","articleSection":["Carreiras Jur\u00eddicas"],"inLanguage":"pt-BR","potentialAction":[{"@type":"CommentAction","name":"Comment","target":["https:\/\/cj.estrategia.com\/portal\/limites-emenda-parlamentar\/#respond"]}],"accessibilityFeature":["tableOfContents"]},{"@type":"WebPage","@id":"https:\/\/cj.estrategia.com\/portal\/limites-emenda-parlamentar\/","url":"https:\/\/cj.estrategia.com\/portal\/limites-emenda-parlamentar\/","name":"Limites ao poder de emenda parlamentar","isPartOf":{"@id":"https:\/\/cj.estrategia.com\/portal\/#website"},"primaryImageOfPage":{"@id":"https:\/\/cj.estrategia.com\/portal\/limites-emenda-parlamentar\/#primaryimage"},"image":{"@id":"https:\/\/cj.estrategia.com\/portal\/limites-emenda-parlamentar\/#primaryimage"},"thumbnailUrl":"https:\/\/cj.estrategia.com\/portal\/wp-content\/uploads\/2024\/09\/11061454\/view-professional-business-people-working-together-scaled.jpg","datePublished":"2024-09-18T14:15:00+00:00","description":"Confira nossa an\u00e1lise sobre os limites ao poder de emenda parlamentar, destacando a jurisprud\u00eancia do STF sobre o tema.","breadcrumb":{"@id":"https:\/\/cj.estrategia.com\/portal\/limites-emenda-parlamentar\/#breadcrumb"},"inLanguage":"pt-BR","potentialAction":[{"@type":"ReadAction","target":["https:\/\/cj.estrategia.com\/portal\/limites-emenda-parlamentar\/"]}]},{"@type":"ImageObject","inLanguage":"pt-BR","@id":"https:\/\/cj.estrategia.com\/portal\/limites-emenda-parlamentar\/#primaryimage","url":"https:\/\/cj.estrategia.com\/portal\/wp-content\/uploads\/2024\/09\/11061454\/view-professional-business-people-working-together-scaled.jpg","contentUrl":"https:\/\/cj.estrategia.com\/portal\/wp-content\/uploads\/2024\/09\/11061454\/view-professional-business-people-working-together-scaled.jpg","width":2560,"height":2560,"caption":"Limites ao poder de emenda parlamentar"},{"@type":"BreadcrumbList","@id":"https:\/\/cj.estrategia.com\/portal\/limites-emenda-parlamentar\/#breadcrumb","itemListElement":[{"@type":"ListItem","position":1,"name":"In\u00edcio","item":"https:\/\/cj.estrategia.com\/portal\/"},{"@type":"ListItem","position":2,"name":"Limites ao poder de emenda parlamentar"}]},{"@type":"WebSite","@id":"https:\/\/cj.estrategia.com\/portal\/#website","url":"https:\/\/cj.estrategia.com\/portal\/","name":"Blog - Carreiras Jur\u00eddicas - Estrat\u00e9gia","description":"","publisher":{"@id":"https:\/\/cj.estrategia.com\/portal\/#organization"},"potentialAction":[{"@type":"SearchAction","target":{"@type":"EntryPoint","urlTemplate":"https:\/\/cj.estrategia.com\/portal\/?s={search_term_string}"},"query-input":{"@type":"PropertyValueSpecification","valueRequired":true,"valueName":"search_term_string"}}],"inLanguage":"pt-BR"},{"@type":"Organization","@id":"https:\/\/cj.estrategia.com\/portal\/#organization","name":"Estrat\u00e9gia - Carreiras Jur\u00eddicas","url":"https:\/\/cj.estrategia.com\/portal\/","logo":{"@type":"ImageObject","inLanguage":"pt-BR","@id":"https:\/\/cj.estrategia.com\/portal\/#\/schema\/logo\/image\/","url":"https:\/\/cj.estrategia.com\/portal\/wp-content\/uploads\/2022\/03\/11151052\/cj-logo.png","contentUrl":"https:\/\/cj.estrategia.com\/portal\/wp-content\/uploads\/2022\/03\/11151052\/cj-logo.png","width":150,"height":39,"caption":"Estrat\u00e9gia - Carreiras Jur\u00eddicas"},"image":{"@id":"https:\/\/cj.estrategia.com\/portal\/#\/schema\/logo\/image\/"},"sameAs":["https:\/\/www.facebook.com\/estrategiacarreirajuridica\/","https:\/\/x.com\/EstratJuridica","https:\/\/www.instagram.com\/estrategiacarreirajuridica\/","https:\/\/www.youtube.com\/channel\/UClbMGuYbj2Mh1m3w144ETWQ"]},{"@type":"Person","@id":"https:\/\/cj.estrategia.com\/portal\/#\/schema\/person\/74287401cf4654f4fa04e378de7261ec","name":"Frederico Tadeu Borlot Peixoto","image":{"@type":"ImageObject","inLanguage":"pt-BR","@id":"https:\/\/cj.estrategia.com\/portal\/wp-content\/uploads\/2023\/06\/29094204\/GBAY0702-96x96.jpg","url":"https:\/\/cj.estrategia.com\/portal\/wp-content\/uploads\/2023\/06\/29094204\/GBAY0702-96x96.jpg","contentUrl":"https:\/\/cj.estrategia.com\/portal\/wp-content\/uploads\/2023\/06\/29094204\/GBAY0702-96x96.jpg","caption":"Frederico Tadeu Borlot Peixoto"},"description":"Analista Judici\u00e1rio - \u00c1rea Judici\u00e1ria do TRF da 4\u00aa regi\u00e3o. Bacharel em Direito. P\u00f3s-graduado em Direito Administrativo, Legisla\u00e7\u00e3o Penal Especial, Direito Penal e Direito Processual Penal. Tamb\u00e9m nomeado no TRF da 3\u00aa regi\u00e3o (8\u00ba lugar); SPPREV (3\u00ba lugar); IFES (2\u00ba lugar); e PMES. https:\/\/www.instagram.com\/proffrederico\/","sameAs":["https:\/\/www.instagram.com\/proffrederico\/"],"url":"https:\/\/cj.estrategia.com\/portal\/author\/xfrederico\/"}]}},"jetpack_featured_media_url":"https:\/\/cj.estrategia.com\/portal\/wp-content\/uploads\/2024\/09\/11061454\/view-professional-business-people-working-together-scaled.jpg","jetpack_sharing_enabled":true,"_links":{"self":[{"href":"https:\/\/cj.estrategia.com\/portal\/wp-json\/wp\/v2\/posts\/75337","targetHints":{"allow":["GET"]}}],"collection":[{"href":"https:\/\/cj.estrategia.com\/portal\/wp-json\/wp\/v2\/posts"}],"about":[{"href":"https:\/\/cj.estrategia.com\/portal\/wp-json\/wp\/v2\/types\/post"}],"author":[{"embeddable":true,"href":"https:\/\/cj.estrategia.com\/portal\/wp-json\/wp\/v2\/users\/39"}],"replies":[{"embeddable":true,"href":"https:\/\/cj.estrategia.com\/portal\/wp-json\/wp\/v2\/comments?post=75337"}],"version-history":[{"count":2,"href":"https:\/\/cj.estrategia.com\/portal\/wp-json\/wp\/v2\/posts\/75337\/revisions"}],"predecessor-version":[{"id":75343,"href":"https:\/\/cj.estrategia.com\/portal\/wp-json\/wp\/v2\/posts\/75337\/revisions\/75343"}],"wp:featuredmedia":[{"embeddable":true,"href":"https:\/\/cj.estrategia.com\/portal\/wp-json\/wp\/v2\/media\/75339"}],"wp:attachment":[{"href":"https:\/\/cj.estrategia.com\/portal\/wp-json\/wp\/v2\/media?parent=75337"}],"wp:term":[{"taxonomy":"category","embeddable":true,"href":"https:\/\/cj.estrategia.com\/portal\/wp-json\/wp\/v2\/categories?post=75337"},{"taxonomy":"post_tag","embeddable":true,"href":"https:\/\/cj.estrategia.com\/portal\/wp-json\/wp\/v2\/tags?post=75337"},{"taxonomy":"tax_estado","embeddable":true,"href":"https:\/\/cj.estrategia.com\/portal\/wp-json\/wp\/v2\/tax_estado?post=75337"}],"curies":[{"name":"wp","href":"https:\/\/api.w.org\/{rel}","templated":true}]}}