{"id":75282,"date":"2024-09-11T02:47:48","date_gmt":"2024-09-11T05:47:48","guid":{"rendered":"https:\/\/cj.estrategia.com\/portal\/?p=75282"},"modified":"2024-09-12T17:21:16","modified_gmt":"2024-09-12T20:21:16","slug":"suzane-von-richthofen-concurso-tj-sp","status":"publish","type":"post","link":"https:\/\/cj.estrategia.com\/portal\/suzane-von-richthofen-concurso-tj-sp\/","title":{"rendered":"Suzane von Richthofen faz concurso para TJ-SP:  Condena\u00e7\u00e3o criminal pode impedir a posse?"},"content":{"rendered":"\n<p><em>Efeitos da condena\u00e7\u00e3o criminal x Possibilidade de tomar posse em concurso p\u00fabico<\/em><\/p>\n\n\n\n<p><strong>* Thiago de Paula Leite \u00e9 procurador do Estado de S\u00e3o Paulo e professor de direito ambiental e agr\u00e1rio do Estrat\u00e9gia.<\/strong><\/p>\n\n\n\n<h2 class=\"wp-block-heading\" id=\"h-suzane-von-richthofen-presta-concurso-para-o-tribunal-de-justica-de-sao-paulo\" style=\"font-style:normal;font-weight:400\"><span id=\"suzane-von-richthofen-presta-concurso-para-o-tribunal-de-justica-de-sao-paulo\"><mark style=\"background-color:rgba(0, 0, 0, 0);color:#bb8901\" class=\"has-inline-color\"><strong>Suzane Von Richthofen presta concurso para o Tribunal de Justi\u00e7a de S\u00e3o Paulo<\/strong><\/mark><\/span><\/h2>\n\n\n\n<p>Condenada pela morte dos pr\u00f3prios pais e atualmente cumprindo a pena no regime aberto, Suzane von Richthofen, de 41 anos, prestou concurso p\u00fablico para o cargo de escrevente do Tribunal de Justi\u00e7a de S\u00e3o Paulo (TJSP), com sal\u00e1rio de R$ 6.043,00.<\/p>\n\n\n\n<p>Suzane ainda n\u00e3o \u00e9 formada. Est\u00e1 cursando direito no campus Bragan\u00e7a Paulista da Universidade S\u00e3o Francisco.<\/p>\n\n\n\n<p>Ocorre que, mesmo que ela seja aprovada no concurso, ela n\u00e3o poder\u00e1 tomar posse, pois, segundo o pr\u00f3prio Tribunal de Justi\u00e7a, um dos requisitos para a posse \u00e9 a apresenta\u00e7\u00e3o do <strong><mark style=\"background-color:rgba(0, 0, 0, 0);color:#ff0000\" class=\"has-inline-color\">atestado de antecedentes criminais<\/mark><\/strong><mark style=\"background-color:rgba(0, 0, 0, 0);color:#dd3939\" class=\"has-inline-color\">.<\/mark><\/p>\n\n\n\n<h2 class=\"wp-block-heading\" id=\"h-relembre-o-caso\" style=\"font-style:normal;font-weight:400\"><span id=\"relembre-o-caso\"><strong><mark style=\"background-color:rgba(0, 0, 0, 0);color:#bb8901\" class=\"has-inline-color\">Relembre o caso<\/mark><\/strong><\/span><\/h2>\n\n\n\n<p>Suzane foi condenada pelo assassinato dos pais, Mar\u00edsia e Manfred Von Richthofen. Ela foi considerada a mentora de um dos crimes mais b\u00e1rbaros que j\u00e1 assombrou o pa\u00eds. A execu\u00e7\u00e3o do crime ficou a cargo dos irm\u00e3os Cravinhos (Daniel, seu namorado \u00e0 \u00e9poca, e Cristian).<\/p>\n\n\n\n<p>O crime aconteceu na noite de 31 de outubro de 2002, no quarto em que o casal dormia na casa da fam\u00edlia, uma mans\u00e3o no bairro Campo Belo, em S\u00e3o Paulo.<\/p>\n\n\n\n<p>Suzane levou os irm\u00e3os Cravinho em seu carro e abriu a porta da resid\u00eancia para que eles matassem Manfred e Mar\u00edsia com golpes de porrete na cabe\u00e7a. Antes, Suzane subiu ao quarto e se certificou de que os pais dormiam. Em seguida, os tr\u00eas simularam um cen\u00e1rio de roubo.&nbsp;<\/p>\n\n\n\n<p>A motiva\u00e7\u00e3o do crime tamb\u00e9m era clara: o relacionamento de Suzane com Daniel n\u00e3o era bem-visto pelos pais dela, especialmente Manfred. Ele teria usado de for\u00e7a f\u00edsica contra a filha e prometido deserd\u00e1-la, caso n\u00e3o desse fim ao namoro.<\/p>\n\n\n\n<p>Suzane foi condenada a 39 anos e seis meses de pris\u00e3o em regime fechado, mesma pena aplicada a Daniel Cravinho. Cristian Cravinho pegou 38 anos e seis meses de reclus\u00e3o.<\/p>\n\n\n\n<h2 class=\"wp-block-heading\" id=\"h-vida-de-suzane-von-richthofen-hoje\" style=\"font-style:normal;font-weight:400\"><span id=\"vida-de-suzane-von-richthofen-hoje\"><strong><mark style=\"background-color:rgba(0, 0, 0, 0);color:#bb8901\" class=\"has-inline-color\">Vida de Suzane Von Richthofen hoje<\/mark><\/strong><\/span><\/h2>\n\n\n\n<p><\/p>\n\n\n\n<figure class=\"wp-block-image size-full\"><img decoding=\"async\" width=\"749\" height=\"493\" src=\"https:\/\/cj.estrategia.com\/portal\/wp-content\/uploads\/2024\/09\/11021919\/suzanevondireito.png\" alt=\"Suzane von Richthofen\" class=\"wp-image-75317\" srcset=\"https:\/\/cj.estrategia.com\/portal\/wp-content\/uploads\/2024\/09\/11021919\/suzanevondireito.png 749w, https:\/\/cj.estrategia.com\/portal\/wp-content\/uploads\/2024\/09\/11021919\/suzanevondireito-300x197.png 300w, https:\/\/cj.estrategia.com\/portal\/wp-content\/uploads\/2024\/09\/11021919\/suzanevondireito-380x250.png 380w, https:\/\/cj.estrategia.com\/portal\/wp-content\/uploads\/2024\/09\/11021919\/suzanevondireito-150x99.png 150w\" sizes=\"(max-width: 749px) 100vw, 749px\" \/><\/figure>\n\n\n\n<p>Depois que saiu da pris\u00e3o para cumprir o restante da pena em liberdade, a vida de Suzane sofreu algumas reviravoltas. Ela come\u00e7ou abrindo uma pequena empresa de acess\u00f3rios femininos feitos \u00e0 m\u00e3o em Angatuba.<\/p>\n\n\n\n<p>Depois, com autoriza\u00e7\u00e3o judicial, come\u00e7ou a cursar biomedicina no Centro Universit\u00e1rio Sudoeste Paulista, em Itapetininga.<\/p>\n\n\n\n<p>Posteriormente ela se inscreveu para um cargo p\u00fablico de telefonista na C\u00e2mara Municipal de Avar\u00e9. Conforme a assessoria da C\u00e2mara, o concurso aconteceu, mas Suzane n\u00e3o compareceu para fazer a prova.<\/p>\n\n\n\n<p>Iniciou um relacionamento com o m\u00e9dico Felipe Zecchini Muniz, com quem teve o seu primeiro filho, e hoje vive em Bragan\u00e7a Paulista. Com sua nota do Enem (Exame Nacional do Ensino M\u00e9dio), retomou os estudos em Direito na Universidade S\u00e3o Francisco.<\/p>\n\n\n\n<p>Agora, Suzane Von Richthofen tenta ingressar no Tribunal de Justi\u00e7a de S\u00e3o Paulo atrav\u00e9s do concurso para o cargo de escrevente.<\/p>\n\n\n\n<h2 class=\"wp-block-heading\" id=\"h-analise-juridica\" style=\"font-style:normal;font-weight:400\"><span id=\"analise-juridica\"><strong><mark style=\"background-color:rgba(0, 0, 0, 0);color:#bb8901\" class=\"has-inline-color\">An\u00e1lise Jur\u00eddica<\/mark><\/strong><\/span><\/h2>\n\n\n\n<p>Quest\u00e3o que importa \u00e9 saber se uma condena\u00e7\u00e3o criminal pode ou n\u00e3o impedir a nomea\u00e7\u00e3o e posse em um cargo p\u00fablico. O que diz o ordenamento jur\u00eddico? E o STF? Vejamos:<\/p>\n\n\n\n<p>O artigo 15, III, da Constitui\u00e7\u00e3o Federal, determina que em caso de condena\u00e7\u00e3o criminal transitada em julgado, enquanto durarem seus efeitos, <strong><mark style=\"background-color:rgba(0, 0, 0, 0);color:#ff0000\" class=\"has-inline-color\">os direitos pol\u00edticos s\u00e3o suspensos<\/mark><\/strong>.<\/p>\n\n\n\n<div class=\"wp-block-group is-style-cnvs-block-bordered\"><div class=\"wp-block-group__inner-container is-layout-constrained wp-block-group-is-layout-constrained\">\n<p><em>CF\/88<\/em><\/p>\n\n\n\n<p><em>Art. 15. \u00c9 vedada a cassa\u00e7\u00e3o de direitos pol\u00edticos, cuja perda ou <\/em><strong><em>suspens\u00e3o<\/em><\/strong><em> s\u00f3 se dar\u00e1 nos casos de:<\/em><\/p>\n\n\n\n<p><em>I &#8211; cancelamento da naturaliza\u00e7\u00e3o por senten\u00e7a transitada em julgado;<\/em><\/p>\n\n\n\n<p><em>II &#8211; incapacidade civil absoluta;<\/em><\/p>\n\n\n\n<p><strong><em>III &#8211; condena\u00e7\u00e3o criminal transitada em julgado, enquanto durarem seus efeitos;<\/em><\/strong><\/p>\n\n\n\n<p><em>IV &#8211; recusa de cumprir obriga\u00e7\u00e3o a todos imposta ou presta\u00e7\u00e3o alternativa, nos termos do art. 5\u00ba, VIII;<\/em><\/p>\n\n\n\n<p><em>V &#8211; improbidade administrativa, nos termos do art. 37, \u00a7 4\u00ba.<\/em><\/p>\n<\/div><\/div>\n\n\n\n<p>A interpreta\u00e7\u00e3o predominante na doutrina e jurisprud\u00eancia \u00e9 no sentido de que, enquanto estiver sendo cumprida a pena imposta, o condenado criminalmente permanece com os direitos pol\u00edticos suspensos.<\/p>\n\n\n\n<p>Da\u00ed surge a pergunta: a suspens\u00e3o dos direitos pol\u00edticos pode ser invocada para impedir a nomea\u00e7\u00e3o e posse do condenado aprovado em concurso p\u00fablico? Muitos editais trazem esse requisito, tentando impedir a nomea\u00e7\u00e3o daquele que est\u00e1 cumprindo pena.<\/p>\n\n\n\n<h3 class=\"wp-block-heading\" id=\"h-impacto-da-condenacao-criminal-na-nomeacao-e-posse\" style=\"font-style:normal;font-weight:400\"><span id=\"impacto-da-condenacao-criminal-na-nomeacao-e-posse\"><strong><mark style=\"background-color:rgba(0, 0, 0, 0);color:#bb8901\" class=\"has-inline-color\">Impacto da Condena\u00e7\u00e3o Criminal na Nomea\u00e7\u00e3o e Posse<\/mark><\/strong><\/span><\/h3>\n\n\n\n<p>Em \u00e2mbito federal, a Lei n\u00ba 8.112\/90, que disp\u00f5e sobre o regime jur\u00eddico dos servidores p\u00fablicos civis da Uni\u00e3o, das autarquias e das funda\u00e7\u00f5es p\u00fablicas federais, <strong>exige como requisito b\u00e1sico para investidura em cargo p\u00fablico, dentre outros, o gozo dos direitos pol\u00edticos<\/strong>.<\/p>\n\n\n\n<div class=\"wp-block-group is-style-cnvs-block-bordered\"><div class=\"wp-block-group__inner-container is-layout-constrained wp-block-group-is-layout-constrained\">\n<p><em>Lei n\u00ba 8.112\/90<\/em><\/p>\n\n\n\n<p><em>Art. 5\u00ba S\u00e3o requisitos b\u00e1sicos para investidura em cargo p\u00fablico:<\/em><\/p>\n\n\n\n<p><em>I &#8211; a nacionalidade brasileira;<\/em><\/p>\n\n\n\n<p><strong><em>II &#8211; o gozo dos direitos pol\u00edticos;<\/em><\/strong><\/p>\n\n\n\n<p><em>III &#8211; a quita\u00e7\u00e3o com as obriga\u00e7\u00f5es militares e eleitorais;<\/em><\/p>\n\n\n\n<p><em>&nbsp;IV &#8211; o n\u00edvel de escolaridade exigido para o exerc\u00edcio do cargo;<\/em><\/p>\n\n\n\n<p><em>V &#8211; a idade m\u00ednima de dezoito anos;<\/em><\/p>\n\n\n\n<p><em>VI &#8211; aptid\u00e3o f\u00edsica e mental.<\/em><\/p>\n<\/div><\/div>\n\n\n\n<h3 class=\"wp-block-heading\" id=\"h-decisao-do-stf-e-possibilidade-de-posse-em-cargo-publico\" style=\"font-style:normal;font-weight:400\"><span id=\"decisao-do-stf-e-possibilidade-de-posse-em-cargo-publico\"><mark style=\"background-color:rgba(0, 0, 0, 0);color:#bb8901\" class=\"has-inline-color\"><strong>Decis\u00e3o do STF e Possibilidade de Posse em Cargo P\u00fablico<\/strong><\/mark><\/span><\/h3>\n\n\n\n<p>Mas o Supremo Tribunal Federal tem entendimento pacificado sobre a quest\u00e3o em sentido contr\u00e1rio. E essa pacifica\u00e7\u00e3o se deu no julgamento do TEMA 1.190, onde foi fixada a seguinte tese:<\/p>\n\n\n\n<div class=\"wp-block-group is-style-cnvs-block-bg-light\"><div class=\"wp-block-group__inner-container is-layout-constrained wp-block-group-is-layout-constrained\">\n<p><strong><em>TEMA 1.190: \u00c9 inconstitucional, por viola\u00e7\u00e3o aos princ\u00edpios da dignidade da pessoa humana e do valor social do trabalho (CF, artigo 1\u00ba, III e IV), a veda\u00e7\u00e3o a que candidato aprovado em concurso p\u00fablico venha a tomar posse no cargo, por n\u00e3o preencher os requisitos de gozo dos direitos pol\u00edticos e quita\u00e7\u00e3o eleitoral, em raz\u00e3o de condena\u00e7\u00e3o criminal transitada em julgado (CF, artigo 15, III), quando este for o \u00fanico fundamento para sua elimina\u00e7\u00e3o no certame, uma vez que \u00e9 obrigatoriedade do Estado e da sociedade fornecer meios para que o egresso se reintegre \u00e0 sociedade. O in\u00edcio do efetivo exerc\u00edcio do cargo ficar\u00e1 condicionado ao regime da pena ou \u00e0 decis\u00e3o judicial do ju\u00edzo de execu\u00e7\u00f5es, que analisar\u00e1 a compatibilidade de hor\u00e1rios<\/em><\/strong>.<\/p>\n<\/div><\/div>\n\n\n\n<p>Portanto, o STF decidiu que condenados aprovados em concursos p\u00fablicos podem ser nomeados e empossados, desde que n\u00e3o haja incompatibilidade entre o cargo a ser exercido e o crime cometido nem conflito de hor\u00e1rios entre a jornada de trabalho e o regime de cumprimento da pena.&nbsp;<\/p>\n\n\n\n<p>Em seu voto, o ministro Alexandre de Moraes explicou que a suspens\u00e3o dos direitos pol\u00edticos em caso de condena\u00e7\u00e3o criminal <mark style=\"background-color:rgba(0, 0, 0, 0);color:#ff0000\" class=\"has-inline-color\"><strong>n\u00e3o alcan\u00e7a direitos civis e sociais<\/strong>.<\/mark> \u201c<em>O que a Constitui\u00e7\u00e3o Federal estabelece \u00e9 a suspens\u00e3o do direito de votar e de ser votado, e n\u00e3o do direito a trabalhar<\/em>\u201d, assinalou, ressaltando que a ressocializa\u00e7\u00e3o dos presos no Brasil \u00e9 um desafio que s\u00f3 pode ser enfrentado com estudo e trabalho.<\/p>\n\n\n\n<h4 class=\"wp-block-heading\" id=\"h-constou-no-acordao-que-gerou-o-tema-1-190-que\" style=\"font-style:normal;font-weight:400\"><span id=\"constou-no-acordao-que-gerou-o-tema-1-190-que\">Constou no ac\u00f3rd\u00e3o que gerou o TEMA 1.190 que:<\/span><\/h4>\n\n\n\n<div class=\"wp-block-group is-style-cnvs-block-single-border\"><div class=\"wp-block-group__inner-container is-layout-flow wp-block-group-is-layout-flow\">\n<p><em>\u201co direito ao trabalho \u00e9 um direito social (art. 6\u00ba da CF\/1988) que decorre do princ\u00edpio da dignidade da pessoa humana (art. 1\u00ba, III e IV, da CF\/1988), sendo meio para se construir uma sociedade livre, justa e solid\u00e1ria; para se garantir o desenvolvimento nacional; bem como para erradicar a pobreza e a marginaliza\u00e7\u00e3o e reduzir as desigualdades sociais e regionais (art. 3\u00ba, I, II, e III, da CF\/1988); n\u00e3o se confundindo com os direitos pol\u00edticos&#8230;<\/em><\/p>\n\n\n\n<p><em>N\u00e3o \u00e9 razo\u00e1vel que o Poder P\u00fablico, principal respons\u00e1vel pela reintegra\u00e7\u00e3o do condenado ao meio social, obstaculize tal finalidade, impossibilitando a posse em cargo p\u00fablico de candidato que, a despeito de toda a dificuldade enfrentada pelo encarceramento, foi aprovado em diversos concursos, por m\u00e9rito pr\u00f3prio.\u201d<\/em><\/p>\n<\/div><\/div>\n\n\n\n<p>Em resumo, o STF,<mark style=\"background-color:rgba(0, 0, 0, 0)\" class=\"has-inline-color has-vivid-cyan-blue-color\"> <\/mark><strong><mark style=\"background-color:rgba(0, 0, 0, 0);color:#0075b8\" class=\"has-inline-color\">com fundamento no princ\u00edpio da dignidade da pessoa humana e do valor social do trabalho, associado \u00e0 ressocializa\u00e7\u00e3o do condenado como uma das finalidades do cumprimento da pena<\/mark><\/strong>, <strong>tem garantido a nomea\u00e7\u00e3o e posse de condenados aprovados em concurso p\u00fablico, desde que n\u00e3o haja incompatibilidade entre o cargo a ser exercido e o crime cometido nem conflito de hor\u00e1rios entre a jornada de trabalho e o regime de cumprimento da pena.<\/strong><\/p>\n\n\n\n<h2 class=\"wp-block-heading\" id=\"h-conclusao\" style=\"font-style:normal;font-weight:400\"><span id=\"conclusao\"><mark style=\"background-color:rgba(0, 0, 0, 0);color:#bb8901\" class=\"has-inline-color\"><strong>Conclus\u00e3o<\/strong><\/mark><\/span><\/h2>\n\n\n\n<p>No caso de Suzane von Richthofen, caso ela seja aprovada no concurso e o Tribunal de Justi\u00e7a de S\u00e3o Paulo venha a negar-lhe o direito de nomea\u00e7\u00e3o e posse, nada a impede de buscar junto ao Poder Judici\u00e1rio, inclusive no STF, o reconhecimento de seu direito \u00e0 nomea\u00e7\u00e3o e posse, como garantido pela Suprema Corte.<\/p>\n\n\n\n<p>\u00d3timo tema para provas de direito constitucional, direito administrativo e direito processual penal. Importante acompanhar o desenrolar desse caso.<\/p>\n\n\n\n<h2 class=\"wp-block-heading has-text-align-center\" id=\"h-quer-saber-quais-serao-os-proximos-concursos\" style=\"font-style:normal;font-weight:400\"><span id=\"quer-saber-quais-serao-os-proximos-concursos\">Quer saber quais ser\u00e3o os pr\u00f3ximos concursos?<\/span><\/h2>\n\n\n\n<p class=\"has-text-align-center\">Confira nossos&nbsp;<a href=\"https:\/\/cj.estrategia.com\/portal\/\" target=\"_blank\" >artigos para Carreiras Jur\u00eddicas<\/a>!<\/p>\n\n\n\n<p class=\"has-text-align-center has-white-color has-pale-cyan-blue-background-color has-text-color has-background has-link-color wp-elements-f3d5123bb0c8e11604d0c8c7f1ea8be8\"><a href=\"https:\/\/www.estrategiaconcursos.com.br\/blog\/concursos-abertos\/\" target=\"_blank\" >Confira os concursos p\u00fablicos abertos<\/a><\/p>\n\n\n\n<p class=\"has-text-align-center has-white-color has-pale-cyan-blue-background-color has-text-color has-background has-link-color wp-elements-94f2aad2f2b05ea3152ac5320a17d121\"><a href=\"https:\/\/cj.estrategia.com\/portal\/web-stories\/\" target=\"_blank\" >Concursos 2024<\/a><\/p>\n","protected":false},"excerpt":{"rendered":"Efeitos da condena\u00e7\u00e3o criminal x Possibilidade de tomar posse em concurso p\u00fabico * Thiago de Paula Leite \u00e9&hellip;\n","protected":false},"author":81,"featured_media":75290,"comment_status":"open","ping_status":"open","sticky":false,"template":"","format":"standard","meta":{"_jetpack_memberships_contains_paid_content":false,"footnotes":""},"categories":[1],"tags":[336,919,920,922,923,925,921,918,924],"tax_estado":[30,31,32,33,34,35,36,37,38,39,40,41,42,43,44,45,46,47,48,49,50,51,52,53,54,55,56,57],"class_list":{"0":"post-75282","1":"post","2":"type-post","3":"status-publish","4":"format-standard","5":"has-post-thumbnail","7":"category-carreiras-juridicas","8":"tag-analise-juridica","9":"tag-concurso-para-tj-sp","10":"tag-condenacao-criminal","11":"tag-direitos-politicos","12":"tag-efeitos-da-condenacao-criminal","13":"tag-jurisprudencia-do-stf","14":"tag-posse-em-cargo-publico","15":"tag-suzane-von-richthofen","16":"tag-tema-1190-do-stf","17":"tax_estado-ac","18":"tax_estado-al","19":"tax_estado-am","20":"tax_estado-ap","21":"tax_estado-ba","22":"tax_estado-ce","23":"tax_estado-concursos-federais","24":"tax_estado-df","25":"tax_estado-es","26":"tax_estado-go","27":"tax_estado-ma","28":"tax_estado-mg","29":"tax_estado-ms","30":"tax_estado-mt","31":"tax_estado-pa","32":"tax_estado-pb","33":"tax_estado-pe","34":"tax_estado-pi","35":"tax_estado-pr","36":"tax_estado-rj","37":"tax_estado-rn","38":"tax_estado-ro","39":"tax_estado-rr","40":"tax_estado-rs","41":"tax_estado-sc","42":"tax_estado-se","43":"tax_estado-sp","44":"tax_estado-to"},"acf":[],"yoast_head":"<!-- This site is optimized with the Yoast SEO Premium plugin v27.4 (Yoast SEO v27.4) - https:\/\/yoast.com\/product\/yoast-seo-premium-wordpress\/ -->\n<title>Suzane von Richthofen faz prova para TJ-SP: \u00c9 poss\u00edvel a posse?<\/title>\n<meta name=\"description\" content=\"Suzane von Richthofen faz concurso para TJ-SP: An\u00e1lise jur\u00eddica sobre efeitos da condena\u00e7\u00e3o e possibilidade de ingresso em cargo p\u00fablico\" \/>\n<meta name=\"robots\" content=\"index, follow, max-snippet:-1, max-image-preview:large, max-video-preview:-1\" \/>\n<link rel=\"canonical\" href=\"https:\/\/cj.estrategia.com\/portal\/suzane-von-richthofen-concurso-tj-sp\/\" \/>\n<meta property=\"og:locale\" content=\"pt_BR\" \/>\n<meta property=\"og:type\" content=\"article\" \/>\n<meta property=\"og:title\" content=\"Suzane von Richthofen faz concurso para TJ-SP: Condena\u00e7\u00e3o criminal pode impedir a posse?\" \/>\n<meta property=\"og:description\" content=\"Suzane von Richthofen faz concurso para TJ-SP: An\u00e1lise jur\u00eddica sobre efeitos da condena\u00e7\u00e3o e possibilidade de ingresso em cargo p\u00fablico\" \/>\n<meta property=\"og:url\" content=\"https:\/\/cj.estrategia.com\/portal\/suzane-von-richthofen-concurso-tj-sp\/\" \/>\n<meta property=\"og:site_name\" content=\"Blog - Carreiras Jur\u00eddicas - Estrat\u00e9gia\" \/>\n<meta property=\"article:publisher\" content=\"https:\/\/www.facebook.com\/estrategiacarreirajuridica\/\" \/>\n<meta property=\"article:published_time\" content=\"2024-09-11T05:47:48+00:00\" \/>\n<meta property=\"article:modified_time\" content=\"2024-09-12T20:21:16+00:00\" \/>\n<meta property=\"og:image\" content=\"https:\/\/cj.estrategia.com\/portal\/wp-content\/uploads\/2024\/09\/11013322\/141028-BRA-Suzanne.jpeg\" \/>\n\t<meta property=\"og:image:width\" content=\"635\" \/>\n\t<meta property=\"og:image:height\" content=\"416\" \/>\n\t<meta property=\"og:image:type\" content=\"image\/jpeg\" \/>\n<meta name=\"author\" content=\"Thiago Leite\" \/>\n<meta name=\"twitter:card\" content=\"summary_large_image\" \/>\n<meta name=\"twitter:creator\" content=\"@EstratJuridica\" \/>\n<meta name=\"twitter:site\" content=\"@EstratJuridica\" \/>\n<meta name=\"twitter:label1\" content=\"Escrito por\" \/>\n\t<meta name=\"twitter:data1\" content=\"Thiago Leite\" \/>\n\t<meta name=\"twitter:label2\" content=\"Est. tempo de leitura\" \/>\n\t<meta name=\"twitter:data2\" content=\"8 minutos\" \/>\n<script type=\"application\/ld+json\" class=\"yoast-schema-graph\">{\"@context\":\"https:\\\/\\\/schema.org\",\"@graph\":[{\"@type\":\"NewsArticle\",\"@id\":\"https:\\\/\\\/cj.estrategia.com\\\/portal\\\/suzane-von-richthofen-concurso-tj-sp\\\/#article\",\"isPartOf\":{\"@id\":\"https:\\\/\\\/cj.estrategia.com\\\/portal\\\/suzane-von-richthofen-concurso-tj-sp\\\/\"},\"author\":{\"name\":\"Thiago Leite\",\"@id\":\"https:\\\/\\\/cj.estrategia.com\\\/portal\\\/#\\\/schema\\\/person\\\/7d7d2b1c8386e2eeacc0b09cfbc1d0ff\"},\"headline\":\"Suzane von Richthofen faz concurso para TJ-SP: Condena\u00e7\u00e3o criminal pode impedir a posse?\",\"datePublished\":\"2024-09-11T05:47:48+00:00\",\"dateModified\":\"2024-09-12T20:21:16+00:00\",\"mainEntityOfPage\":{\"@id\":\"https:\\\/\\\/cj.estrategia.com\\\/portal\\\/suzane-von-richthofen-concurso-tj-sp\\\/\"},\"wordCount\":1522,\"commentCount\":0,\"publisher\":{\"@id\":\"https:\\\/\\\/cj.estrategia.com\\\/portal\\\/#organization\"},\"image\":{\"@id\":\"https:\\\/\\\/cj.estrategia.com\\\/portal\\\/suzane-von-richthofen-concurso-tj-sp\\\/#primaryimage\"},\"thumbnailUrl\":\"https:\\\/\\\/cj.estrategia.com\\\/portal\\\/wp-content\\\/uploads\\\/2024\\\/09\\\/11013322\\\/141028-BRA-Suzanne.jpeg\",\"keywords\":[\"an\u00e1lise jur\u00eddica\",\"Concurso para TJ-SP\",\"Condena\u00e7\u00e3o Criminal\",\"direitos pol\u00edticos\",\"efeitos da condena\u00e7\u00e3o criminal\",\"jurisprud\u00eancia do STF\",\"Posse em cargo p\u00fablico\",\"Suzane von Richthofen\",\"tema 1190 do STF\"],\"articleSection\":[\"Carreiras Jur\u00eddicas\"],\"inLanguage\":\"pt-BR\",\"potentialAction\":[{\"@type\":\"CommentAction\",\"name\":\"Comment\",\"target\":[\"https:\\\/\\\/cj.estrategia.com\\\/portal\\\/suzane-von-richthofen-concurso-tj-sp\\\/#respond\"]}]},{\"@type\":\"WebPage\",\"@id\":\"https:\\\/\\\/cj.estrategia.com\\\/portal\\\/suzane-von-richthofen-concurso-tj-sp\\\/\",\"url\":\"https:\\\/\\\/cj.estrategia.com\\\/portal\\\/suzane-von-richthofen-concurso-tj-sp\\\/\",\"name\":\"Suzane von Richthofen faz prova para TJ-SP: \u00c9 poss\u00edvel a posse?\",\"isPartOf\":{\"@id\":\"https:\\\/\\\/cj.estrategia.com\\\/portal\\\/#website\"},\"primaryImageOfPage\":{\"@id\":\"https:\\\/\\\/cj.estrategia.com\\\/portal\\\/suzane-von-richthofen-concurso-tj-sp\\\/#primaryimage\"},\"image\":{\"@id\":\"https:\\\/\\\/cj.estrategia.com\\\/portal\\\/suzane-von-richthofen-concurso-tj-sp\\\/#primaryimage\"},\"thumbnailUrl\":\"https:\\\/\\\/cj.estrategia.com\\\/portal\\\/wp-content\\\/uploads\\\/2024\\\/09\\\/11013322\\\/141028-BRA-Suzanne.jpeg\",\"datePublished\":\"2024-09-11T05:47:48+00:00\",\"dateModified\":\"2024-09-12T20:21:16+00:00\",\"description\":\"Suzane von Richthofen faz concurso para TJ-SP: An\u00e1lise jur\u00eddica sobre efeitos da condena\u00e7\u00e3o e possibilidade de ingresso em cargo p\u00fablico\",\"breadcrumb\":{\"@id\":\"https:\\\/\\\/cj.estrategia.com\\\/portal\\\/suzane-von-richthofen-concurso-tj-sp\\\/#breadcrumb\"},\"inLanguage\":\"pt-BR\",\"potentialAction\":[{\"@type\":\"ReadAction\",\"target\":[\"https:\\\/\\\/cj.estrategia.com\\\/portal\\\/suzane-von-richthofen-concurso-tj-sp\\\/\"]}]},{\"@type\":\"ImageObject\",\"inLanguage\":\"pt-BR\",\"@id\":\"https:\\\/\\\/cj.estrategia.com\\\/portal\\\/suzane-von-richthofen-concurso-tj-sp\\\/#primaryimage\",\"url\":\"https:\\\/\\\/cj.estrategia.com\\\/portal\\\/wp-content\\\/uploads\\\/2024\\\/09\\\/11013322\\\/141028-BRA-Suzanne.jpeg\",\"contentUrl\":\"https:\\\/\\\/cj.estrategia.com\\\/portal\\\/wp-content\\\/uploads\\\/2024\\\/09\\\/11013322\\\/141028-BRA-Suzanne.jpeg\",\"width\":635,\"height\":416},{\"@type\":\"BreadcrumbList\",\"@id\":\"https:\\\/\\\/cj.estrategia.com\\\/portal\\\/suzane-von-richthofen-concurso-tj-sp\\\/#breadcrumb\",\"itemListElement\":[{\"@type\":\"ListItem\",\"position\":1,\"name\":\"In\u00edcio\",\"item\":\"https:\\\/\\\/cj.estrategia.com\\\/portal\\\/\"},{\"@type\":\"ListItem\",\"position\":2,\"name\":\"Suzane von Richthofen faz concurso para TJ-SP: Condena\u00e7\u00e3o criminal pode impedir a posse?\"}]},{\"@type\":\"WebSite\",\"@id\":\"https:\\\/\\\/cj.estrategia.com\\\/portal\\\/#website\",\"url\":\"https:\\\/\\\/cj.estrategia.com\\\/portal\\\/\",\"name\":\"Blog - Carreiras Jur\u00eddicas - Estrat\u00e9gia\",\"description\":\"\",\"publisher\":{\"@id\":\"https:\\\/\\\/cj.estrategia.com\\\/portal\\\/#organization\"},\"potentialAction\":[{\"@type\":\"SearchAction\",\"target\":{\"@type\":\"EntryPoint\",\"urlTemplate\":\"https:\\\/\\\/cj.estrategia.com\\\/portal\\\/?s={search_term_string}\"},\"query-input\":{\"@type\":\"PropertyValueSpecification\",\"valueRequired\":true,\"valueName\":\"search_term_string\"}}],\"inLanguage\":\"pt-BR\"},{\"@type\":\"Organization\",\"@id\":\"https:\\\/\\\/cj.estrategia.com\\\/portal\\\/#organization\",\"name\":\"Estrat\u00e9gia - Carreiras Jur\u00eddicas\",\"url\":\"https:\\\/\\\/cj.estrategia.com\\\/portal\\\/\",\"logo\":{\"@type\":\"ImageObject\",\"inLanguage\":\"pt-BR\",\"@id\":\"https:\\\/\\\/cj.estrategia.com\\\/portal\\\/#\\\/schema\\\/logo\\\/image\\\/\",\"url\":\"https:\\\/\\\/cj.estrategia.com\\\/portal\\\/wp-content\\\/uploads\\\/2022\\\/03\\\/11151052\\\/cj-logo.png\",\"contentUrl\":\"https:\\\/\\\/cj.estrategia.com\\\/portal\\\/wp-content\\\/uploads\\\/2022\\\/03\\\/11151052\\\/cj-logo.png\",\"width\":150,\"height\":39,\"caption\":\"Estrat\u00e9gia - Carreiras Jur\u00eddicas\"},\"image\":{\"@id\":\"https:\\\/\\\/cj.estrategia.com\\\/portal\\\/#\\\/schema\\\/logo\\\/image\\\/\"},\"sameAs\":[\"https:\\\/\\\/www.facebook.com\\\/estrategiacarreirajuridica\\\/\",\"https:\\\/\\\/x.com\\\/EstratJuridica\",\"https:\\\/\\\/www.instagram.com\\\/estrategiacarreirajuridica\\\/\",\"https:\\\/\\\/www.youtube.com\\\/channel\\\/UClbMGuYbj2Mh1m3w144ETWQ\"]},{\"@type\":\"Person\",\"@id\":\"https:\\\/\\\/cj.estrategia.com\\\/portal\\\/#\\\/schema\\\/person\\\/7d7d2b1c8386e2eeacc0b09cfbc1d0ff\",\"name\":\"Thiago Leite\",\"image\":{\"@type\":\"ImageObject\",\"inLanguage\":\"pt-BR\",\"@id\":\"https:\\\/\\\/secure.gravatar.com\\\/avatar\\\/15ff5746ff9e313f1248fe2373ce03309054e96387bb9249055458d0c1aaa297?s=96&d=mm&r=g\",\"url\":\"https:\\\/\\\/secure.gravatar.com\\\/avatar\\\/15ff5746ff9e313f1248fe2373ce03309054e96387bb9249055458d0c1aaa297?s=96&d=mm&r=g\",\"contentUrl\":\"https:\\\/\\\/secure.gravatar.com\\\/avatar\\\/15ff5746ff9e313f1248fe2373ce03309054e96387bb9249055458d0c1aaa297?s=96&d=mm&r=g\",\"caption\":\"Thiago Leite\"},\"description\":\"Thiago de Paula Leite \u00e9 procurador do Estado de S\u00e3o Paulo e professor de direito ambiental e agr\u00e1rio do Estrat\u00e9gia.\",\"url\":\"https:\\\/\\\/cj.estrategia.com\\\/portal\\\/author\\\/thiago-leite\\\/\"}]}<\/script>\n<!-- \/ Yoast SEO Premium plugin. -->","yoast_head_json":{"title":"Suzane von Richthofen faz prova para TJ-SP: \u00c9 poss\u00edvel a posse?","description":"Suzane von Richthofen faz concurso para TJ-SP: An\u00e1lise jur\u00eddica sobre efeitos da condena\u00e7\u00e3o e possibilidade de ingresso em cargo p\u00fablico","robots":{"index":"index","follow":"follow","max-snippet":"max-snippet:-1","max-image-preview":"max-image-preview:large","max-video-preview":"max-video-preview:-1"},"canonical":"https:\/\/cj.estrategia.com\/portal\/suzane-von-richthofen-concurso-tj-sp\/","og_locale":"pt_BR","og_type":"article","og_title":"Suzane von Richthofen faz concurso para TJ-SP: Condena\u00e7\u00e3o criminal pode impedir a posse?","og_description":"Suzane von Richthofen faz concurso para TJ-SP: An\u00e1lise jur\u00eddica sobre efeitos da condena\u00e7\u00e3o e possibilidade de ingresso em cargo p\u00fablico","og_url":"https:\/\/cj.estrategia.com\/portal\/suzane-von-richthofen-concurso-tj-sp\/","og_site_name":"Blog - Carreiras Jur\u00eddicas - Estrat\u00e9gia","article_publisher":"https:\/\/www.facebook.com\/estrategiacarreirajuridica\/","article_published_time":"2024-09-11T05:47:48+00:00","article_modified_time":"2024-09-12T20:21:16+00:00","og_image":[{"width":635,"height":416,"url":"https:\/\/cj.estrategia.com\/portal\/wp-content\/uploads\/2024\/09\/11013322\/141028-BRA-Suzanne.jpeg","type":"image\/jpeg"}],"author":"Thiago Leite","twitter_card":"summary_large_image","twitter_creator":"@EstratJuridica","twitter_site":"@EstratJuridica","twitter_misc":{"Escrito por":"Thiago Leite","Est. tempo de leitura":"8 minutos"},"schema":{"@context":"https:\/\/schema.org","@graph":[{"@type":"NewsArticle","@id":"https:\/\/cj.estrategia.com\/portal\/suzane-von-richthofen-concurso-tj-sp\/#article","isPartOf":{"@id":"https:\/\/cj.estrategia.com\/portal\/suzane-von-richthofen-concurso-tj-sp\/"},"author":{"name":"Thiago Leite","@id":"https:\/\/cj.estrategia.com\/portal\/#\/schema\/person\/7d7d2b1c8386e2eeacc0b09cfbc1d0ff"},"headline":"Suzane von Richthofen faz concurso para TJ-SP: Condena\u00e7\u00e3o criminal pode impedir a posse?","datePublished":"2024-09-11T05:47:48+00:00","dateModified":"2024-09-12T20:21:16+00:00","mainEntityOfPage":{"@id":"https:\/\/cj.estrategia.com\/portal\/suzane-von-richthofen-concurso-tj-sp\/"},"wordCount":1522,"commentCount":0,"publisher":{"@id":"https:\/\/cj.estrategia.com\/portal\/#organization"},"image":{"@id":"https:\/\/cj.estrategia.com\/portal\/suzane-von-richthofen-concurso-tj-sp\/#primaryimage"},"thumbnailUrl":"https:\/\/cj.estrategia.com\/portal\/wp-content\/uploads\/2024\/09\/11013322\/141028-BRA-Suzanne.jpeg","keywords":["an\u00e1lise jur\u00eddica","Concurso para TJ-SP","Condena\u00e7\u00e3o Criminal","direitos pol\u00edticos","efeitos da condena\u00e7\u00e3o criminal","jurisprud\u00eancia do STF","Posse em cargo p\u00fablico","Suzane von Richthofen","tema 1190 do STF"],"articleSection":["Carreiras Jur\u00eddicas"],"inLanguage":"pt-BR","potentialAction":[{"@type":"CommentAction","name":"Comment","target":["https:\/\/cj.estrategia.com\/portal\/suzane-von-richthofen-concurso-tj-sp\/#respond"]}]},{"@type":"WebPage","@id":"https:\/\/cj.estrategia.com\/portal\/suzane-von-richthofen-concurso-tj-sp\/","url":"https:\/\/cj.estrategia.com\/portal\/suzane-von-richthofen-concurso-tj-sp\/","name":"Suzane von Richthofen faz prova para TJ-SP: \u00c9 poss\u00edvel a posse?","isPartOf":{"@id":"https:\/\/cj.estrategia.com\/portal\/#website"},"primaryImageOfPage":{"@id":"https:\/\/cj.estrategia.com\/portal\/suzane-von-richthofen-concurso-tj-sp\/#primaryimage"},"image":{"@id":"https:\/\/cj.estrategia.com\/portal\/suzane-von-richthofen-concurso-tj-sp\/#primaryimage"},"thumbnailUrl":"https:\/\/cj.estrategia.com\/portal\/wp-content\/uploads\/2024\/09\/11013322\/141028-BRA-Suzanne.jpeg","datePublished":"2024-09-11T05:47:48+00:00","dateModified":"2024-09-12T20:21:16+00:00","description":"Suzane von Richthofen faz concurso para TJ-SP: An\u00e1lise jur\u00eddica sobre efeitos da condena\u00e7\u00e3o e possibilidade de ingresso em cargo p\u00fablico","breadcrumb":{"@id":"https:\/\/cj.estrategia.com\/portal\/suzane-von-richthofen-concurso-tj-sp\/#breadcrumb"},"inLanguage":"pt-BR","potentialAction":[{"@type":"ReadAction","target":["https:\/\/cj.estrategia.com\/portal\/suzane-von-richthofen-concurso-tj-sp\/"]}]},{"@type":"ImageObject","inLanguage":"pt-BR","@id":"https:\/\/cj.estrategia.com\/portal\/suzane-von-richthofen-concurso-tj-sp\/#primaryimage","url":"https:\/\/cj.estrategia.com\/portal\/wp-content\/uploads\/2024\/09\/11013322\/141028-BRA-Suzanne.jpeg","contentUrl":"https:\/\/cj.estrategia.com\/portal\/wp-content\/uploads\/2024\/09\/11013322\/141028-BRA-Suzanne.jpeg","width":635,"height":416},{"@type":"BreadcrumbList","@id":"https:\/\/cj.estrategia.com\/portal\/suzane-von-richthofen-concurso-tj-sp\/#breadcrumb","itemListElement":[{"@type":"ListItem","position":1,"name":"In\u00edcio","item":"https:\/\/cj.estrategia.com\/portal\/"},{"@type":"ListItem","position":2,"name":"Suzane von Richthofen faz concurso para TJ-SP: Condena\u00e7\u00e3o criminal pode impedir a posse?"}]},{"@type":"WebSite","@id":"https:\/\/cj.estrategia.com\/portal\/#website","url":"https:\/\/cj.estrategia.com\/portal\/","name":"Blog - Carreiras Jur\u00eddicas - Estrat\u00e9gia","description":"","publisher":{"@id":"https:\/\/cj.estrategia.com\/portal\/#organization"},"potentialAction":[{"@type":"SearchAction","target":{"@type":"EntryPoint","urlTemplate":"https:\/\/cj.estrategia.com\/portal\/?s={search_term_string}"},"query-input":{"@type":"PropertyValueSpecification","valueRequired":true,"valueName":"search_term_string"}}],"inLanguage":"pt-BR"},{"@type":"Organization","@id":"https:\/\/cj.estrategia.com\/portal\/#organization","name":"Estrat\u00e9gia - Carreiras Jur\u00eddicas","url":"https:\/\/cj.estrategia.com\/portal\/","logo":{"@type":"ImageObject","inLanguage":"pt-BR","@id":"https:\/\/cj.estrategia.com\/portal\/#\/schema\/logo\/image\/","url":"https:\/\/cj.estrategia.com\/portal\/wp-content\/uploads\/2022\/03\/11151052\/cj-logo.png","contentUrl":"https:\/\/cj.estrategia.com\/portal\/wp-content\/uploads\/2022\/03\/11151052\/cj-logo.png","width":150,"height":39,"caption":"Estrat\u00e9gia - Carreiras Jur\u00eddicas"},"image":{"@id":"https:\/\/cj.estrategia.com\/portal\/#\/schema\/logo\/image\/"},"sameAs":["https:\/\/www.facebook.com\/estrategiacarreirajuridica\/","https:\/\/x.com\/EstratJuridica","https:\/\/www.instagram.com\/estrategiacarreirajuridica\/","https:\/\/www.youtube.com\/channel\/UClbMGuYbj2Mh1m3w144ETWQ"]},{"@type":"Person","@id":"https:\/\/cj.estrategia.com\/portal\/#\/schema\/person\/7d7d2b1c8386e2eeacc0b09cfbc1d0ff","name":"Thiago Leite","image":{"@type":"ImageObject","inLanguage":"pt-BR","@id":"https:\/\/secure.gravatar.com\/avatar\/15ff5746ff9e313f1248fe2373ce03309054e96387bb9249055458d0c1aaa297?s=96&d=mm&r=g","url":"https:\/\/secure.gravatar.com\/avatar\/15ff5746ff9e313f1248fe2373ce03309054e96387bb9249055458d0c1aaa297?s=96&d=mm&r=g","contentUrl":"https:\/\/secure.gravatar.com\/avatar\/15ff5746ff9e313f1248fe2373ce03309054e96387bb9249055458d0c1aaa297?s=96&d=mm&r=g","caption":"Thiago Leite"},"description":"Thiago de Paula Leite \u00e9 procurador do Estado de S\u00e3o Paulo e professor de direito ambiental e agr\u00e1rio do Estrat\u00e9gia.","url":"https:\/\/cj.estrategia.com\/portal\/author\/thiago-leite\/"}]}},"jetpack_featured_media_url":"https:\/\/cj.estrategia.com\/portal\/wp-content\/uploads\/2024\/09\/11013322\/141028-BRA-Suzanne.jpeg","jetpack_sharing_enabled":true,"_links":{"self":[{"href":"https:\/\/cj.estrategia.com\/portal\/wp-json\/wp\/v2\/posts\/75282","targetHints":{"allow":["GET"]}}],"collection":[{"href":"https:\/\/cj.estrategia.com\/portal\/wp-json\/wp\/v2\/posts"}],"about":[{"href":"https:\/\/cj.estrategia.com\/portal\/wp-json\/wp\/v2\/types\/post"}],"author":[{"embeddable":true,"href":"https:\/\/cj.estrategia.com\/portal\/wp-json\/wp\/v2\/users\/81"}],"replies":[{"embeddable":true,"href":"https:\/\/cj.estrategia.com\/portal\/wp-json\/wp\/v2\/comments?post=75282"}],"version-history":[{"count":26,"href":"https:\/\/cj.estrategia.com\/portal\/wp-json\/wp\/v2\/posts\/75282\/revisions"}],"predecessor-version":[{"id":75326,"href":"https:\/\/cj.estrategia.com\/portal\/wp-json\/wp\/v2\/posts\/75282\/revisions\/75326"}],"wp:featuredmedia":[{"embeddable":true,"href":"https:\/\/cj.estrategia.com\/portal\/wp-json\/wp\/v2\/media\/75290"}],"wp:attachment":[{"href":"https:\/\/cj.estrategia.com\/portal\/wp-json\/wp\/v2\/media?parent=75282"}],"wp:term":[{"taxonomy":"category","embeddable":true,"href":"https:\/\/cj.estrategia.com\/portal\/wp-json\/wp\/v2\/categories?post=75282"},{"taxonomy":"post_tag","embeddable":true,"href":"https:\/\/cj.estrategia.com\/portal\/wp-json\/wp\/v2\/tags?post=75282"},{"taxonomy":"tax_estado","embeddable":true,"href":"https:\/\/cj.estrategia.com\/portal\/wp-json\/wp\/v2\/tax_estado?post=75282"}],"curies":[{"name":"wp","href":"https:\/\/api.w.org\/{rel}","templated":true}]}}