{"id":75253,"date":"2024-09-11T00:51:11","date_gmt":"2024-09-11T03:51:11","guid":{"rendered":"https:\/\/cj.estrategia.com\/portal\/?p=75253"},"modified":"2024-09-12T23:55:55","modified_gmt":"2024-09-13T02:55:55","slug":"revogacao-prisao-domiciliar-deolane-bezerra","status":"publish","type":"post","link":"https:\/\/cj.estrategia.com\/portal\/revogacao-prisao-domiciliar-deolane-bezerra\/","title":{"rendered":"Revoga\u00e7\u00e3o da pris\u00e3o domiciliar do caso Deolane Bezerra\u00a0&#8211; An\u00e1lise jur\u00eddica"},"content":{"rendered":"\n<p>O recente caso envolvendo a advogada e influenciadora digital Deolane Bezerra traz \u00e0 tona importantes quest\u00f5es sobre a aplica\u00e7\u00e3o de medidas cautelares no processo penal brasileiro. Vamos analisar os eventos recentes sob a luz da legisla\u00e7\u00e3o vigente.<\/p>\n\n\n\n<h2 class=\"wp-block-heading\" id=\"h-concessao-da-prisao-domiciliar\" style=\"font-style:normal;font-weight:400\"><span id=\"concessao-da-prisao-domiciliar\"><mark style=\"background-color:rgba(0, 0, 0, 0);color:#af8206\" class=\"has-inline-color\"><strong>Concess\u00e3o da pris\u00e3o domiciliar<\/strong><\/mark><\/span><\/h2>\n\n\n\n<p>Inicialmente presa em 4 de setembro de 2024, Deolane Bezerra obteve o direito \u00e0 pris\u00e3o domiciliar em 9 de setembro e a raz\u00e3o foram duas, de acordo com as not\u00edcias veiculadas pela m\u00eddia.\u00a0<\/p>\n\n\n\n<p>Primeiro, a decis\u00e3o da 4\u00aa C\u00e2mara Criminal do TJ\/PE baseou-se no artigo 318 do C\u00f3digo de Processo Penal, que prev\u00ea:<\/p>\n\n\n\n<div class=\"wp-block-group is-style-cnvs-block-bordered\"><div class=\"wp-block-group__inner-container is-layout-constrained wp-block-group-is-layout-constrained\">\n<p><em>Art. 318. Poder\u00e1 o juiz substituir a pris\u00e3o preventiva pela domiciliar quando o agente for: [\u2026]\u00a0<br>V \u2013 mulher com filho de at\u00e9 12 (doze) anos de idade incompletos;<\/em><\/p>\n<\/div><\/div>\n\n\n\n<p>Em seguida, baseou-se na decis\u00e3o do Supremo Tribunal Federal no Habeas Corpus coletivo 143.641\/SP, julgado em 2018:<\/p>\n\n\n\n<div class=\"wp-block-group is-style-cnvs-block-shadow has-white-background-color has-background\"><div class=\"wp-block-group__inner-container is-layout-constrained wp-block-group-is-layout-constrained\">\n<p>O STF reconheceu a exist\u00eancia de in\u00fameras mulheres gr\u00e1vidas e m\u00e3es de crian\u00e7as que estavam cumprindo pris\u00e3o preventiva em situa\u00e7\u00e3o degradante, privadas de cuidados m\u00e9dicos pr\u00e9-natais e p\u00f3s-parto. Al\u00e9m disso, n\u00e3o havia ber\u00e7\u00e1rios e creches para seus filhos.<\/p>\n\n\n\n<p>Tamb\u00e9m se reconheceu a exist\u00eancia, no Poder Judici\u00e1rio, de uma<em> \u201ccultura do encarceramento\u201d<\/em>, que significa a imposi\u00e7\u00e3o exagerada e irrazo\u00e1vel de pris\u00f5es provis\u00f3rias a mulheres pobres e vulner\u00e1veis, em decorr\u00eancia de excessos na interpreta\u00e7\u00e3o e aplica\u00e7\u00e3o da lei penal e processual penal, mesmo diante da exist\u00eancia de outras solu\u00e7\u00f5es, de car\u00e1ter humanit\u00e1rio, abrigadas no ordenamento jur\u00eddico vigente.<\/p>\n\n\n\n<p>A Corte admitiu que o Estado brasileiro n\u00e3o tem condi\u00e7\u00f5es de garantir cuidados m\u00ednimos relativos \u00e0 maternidade, at\u00e9 mesmo \u00e0s mulheres que n\u00e3o est\u00e3o em situa\u00e7\u00e3o prisional.<\/p>\n\n\n\n<p>Diversos documentos internacionais preveem que devem ser adotadas alternativas penais ao encarceramento, principalmente para as hip\u00f3teses em que ainda n\u00e3o haja decis\u00e3o condenat\u00f3ria transitada em julgado. \u00c9 o caso, por exemplo, das Regras de Bangkok.<\/p>\n\n\n\n<p>Os cuidados com a mulher presa n\u00e3o se direcionam apenas a ela, mas igualmente aos seus filhos, os quais sofrem injustamente as consequ\u00eancias da pris\u00e3o, em flagrante contrariedade ao art. 227 da Constitui\u00e7\u00e3o, cujo teor determina que se d\u00ea prioridade absoluta \u00e0 concretiza\u00e7\u00e3o dos direitos das crian\u00e7as e adolescentes.<\/p>\n\n\n\n<p>Diante da exist\u00eancia desse quadro, deve-se dar estrito cumprimento do Estatuto da Primeira Inf\u00e2ncia (Lei 13.257\/2016), em especial da nova reda\u00e7\u00e3o por ele conferida ao art. 318, IV e V, do CPP, que prev\u00ea:<\/p>\n\n\n\n<pre class=\"wp-block-preformatted\"><em>Art. 318. Poder\u00e1 o juiz substituir a pris\u00e3o preventiva pela domiciliar quando o agente for:<br>IV - gestante;<br>V- mulher com filho de at\u00e9 12 (doze anos de idade incompletos;<\/em><\/pre>\n\n\n\n<p><strong>Os crit\u00e9rios para a substitui\u00e7\u00e3o de que tratam esses incisos devem ser os seguintes:<\/strong><\/p>\n\n\n\n<div class=\"wp-block-group is-style-cnvs-block-bordered\"><div class=\"wp-block-group__inner-container is-layout-constrained wp-block-group-is-layout-constrained\">\n<p><mark style=\"background-color:#f7d986\" class=\"has-inline-color\"><strong>REGRA:<\/strong> <\/mark> Em regra, deve ser concedida pris\u00e3o domiciliar para todas as mulheres presas que sejam:<br><br>1. Gestantes;<br>2. Pu\u00e9rperas (que deu \u00e0 luz h\u00e1 pouco tempo);<br>3. M\u00e3es de crian\u00e7as (isto \u00e9, m\u00e3es de menores at\u00e9 12 anos incompletos) ou<br>4. M\u00e3es de pessoas com defici\u00eancia.<\/p>\n<\/div><\/div>\n\n\n\n<div class=\"wp-block-group is-style-cnvs-block-bordered\"><div class=\"wp-block-group__inner-container is-layout-constrained wp-block-group-is-layout-constrained\">\n<p><strong><mark style=\"background-color:#f7d986\" class=\"has-inline-color has-black-color\">EXCE\u00c7\u00d5ES:<\/mark><\/strong> N\u00e3o deve ser autorizada a pris\u00e3o domiciliar se:<\/p>\n\n\n\n<p>1) a mulher tiver praticado crime mediante viol\u00eancia ou grave amea\u00e7a;<\/p>\n\n\n\n<p>2) a mulher tiver praticado crime contra seus descendentes (filhos e\/ou netos);<\/p>\n\n\n\n<p>3) em outras situa\u00e7\u00f5es excepcional\u00edssimas, as quais dever\u00e3o ser devidamente fundamentadas pelos ju\u00edzes que denegarem o benef\u00edcio.<\/p>\n<\/div><\/div>\n\n\n\n<div class=\"wp-block-group is-style-cnvs-block-single-border\"><div class=\"wp-block-group__inner-container is-layout-constrained wp-block-group-is-layout-constrained\">\n<p><strong>Observa\u00e7\u00f5es:<\/strong><\/p>\n\n\n\n<ul class=\"wp-block-list\">\n<li> o racioc\u00ednio acima explicado vale tamb\u00e9m para adolescentes que tenham praticado atos infracionais.<\/li>\n\n\n\n<li>a regra e as exce\u00e7\u00f5es acima explicadas tamb\u00e9m valem para a reincidente. O simples fato de que a mulher ser reincidente n\u00e3o faz com que ela perca o direito \u00e0 pris\u00e3o domiciliar.<\/li>\n<\/ul>\n<\/div><\/div>\n\n\n\n<p><em>STF. 2\u00aa Turma. HC 143641\/SP. Rel. Min. Ricardo Lewandowski, julgado em 20\/2\/2018 (Info 891).<\/em><\/p>\n<\/div><\/div>\n\n\n\n<p>Assim, o STF estabeleceu par\u00e2metros para a aplica\u00e7\u00e3o do artigo 318, incisos IV e V, do C\u00f3digo de Processo Penal, que prev\u00ea a possibilidade de substitui\u00e7\u00e3o da pris\u00e3o preventiva por domiciliar para gestantes e m\u00e3es de crian\u00e7as de at\u00e9 12 anos.<\/p>\n\n\n\n<p>Ou seja, em regra, deve ser concedida pris\u00e3o domiciliar para mulheres presas que sejam:<\/p>\n\n\n\n<ul class=\"wp-block-list\">\n<li>Gestantes<\/li>\n\n\n\n<li>Pu\u00e9rperas (que deram \u00e0 luz recentemente)<\/li>\n\n\n\n<li>M\u00e3es de crian\u00e7as (menores de 12 anos incompletos)<\/li>\n\n\n\n<li>M\u00e3es de pessoas com defici\u00eancia<\/li>\n<\/ul>\n\n\n\n<p>No caso de Deolane Bezerra, a aplica\u00e7\u00e3o desta decis\u00e3o se deu pelo fato de ela ser m\u00e3e de uma crian\u00e7a de 7 anos. Este crit\u00e9rio se enquadra na regra estabelecida pelo STF, que visa proteger n\u00e3o apenas os direitos da mulher presa, mas tamb\u00e9m os de seus filhos menores.<\/p>\n\n\n\n<p>Igualmente, Maria Eduarda Quinto Filizola, investigada na mesma opera\u00e7\u00e3o, tamb\u00e9m teve a pris\u00e3o domiciliar deferida por ter uma crian\u00e7a que se enquadra nessas hip\u00f3teses.<\/p>\n\n\n\n<div class=\"wp-block-group is-style-cnvs-block-shadow has-background\" style=\"background-color:#fef2d7\"><div class=\"wp-block-group__inner-container is-layout-constrained wp-block-group-is-layout-constrained\">\n<p>\u00c9 importante ressaltar que o STF estabeleceu exce\u00e7\u00f5es a esta regra, n\u00e3o devendo ser concedida a pris\u00e3o domiciliar quando:<\/p>\n\n\n\n<p>1)A mulher tiver praticado crime mediante viol\u00eancia ou grave amea\u00e7a<br>2)O crime for contra seus descendentes<br>3)Em situa\u00e7\u00f5es excepcional\u00edssimas, devidamente fundamentadas pelo juiz<\/p>\n<\/div><\/div>\n\n\n\n<p>Nesse sentido, aparentemente, o caso de Deolane n\u00e3o se enquadrava em nenhuma dessas exce\u00e7\u00f5es, o que justificou a concess\u00e3o inicial da pris\u00e3o domiciliar.<\/p>\n\n\n\n<h2 class=\"wp-block-heading\" id=\"h-medidas-cautelares-impostas\" style=\"font-style:normal;font-weight:400\"><span id=\"medidas-cautelares-impostas\"><mark style=\"background-color:rgba(0, 0, 0, 0);color:#af8206\" class=\"has-inline-color\"><strong>Medidas cautelares impostas<\/strong><\/mark><\/span><\/h2>\n\n\n\n<p>Juntamente com a pris\u00e3o domiciliar, foram impostas medidas cautelares adicionais, conforme previsto no artigo 319 do CPP:<\/p>\n\n\n\n<div class=\"wp-block-group is-style-cnvs-block-shadow has-background\" style=\"background-color:#fef2d7\"><div class=\"wp-block-group__inner-container is-layout-constrained wp-block-group-is-layout-constrained\">\n<ul class=\"wp-block-list\">\n<li>Uso de tornozeleira eletr\u00f4nica (inciso IX)<\/li>\n\n\n\n<li>Proibi\u00e7\u00e3o de contato com outros investigados (inciso III)<\/li>\n\n\n\n<li>Proibi\u00e7\u00e3o de se manifestar publicamente sobre o caso (uma interpreta\u00e7\u00e3o extensiva do inciso VI, que trata da suspens\u00e3o do exerc\u00edcio de fun\u00e7\u00e3o p\u00fablica ou atividade econ\u00f4mica)<\/li>\n<\/ul>\n<\/div><\/div>\n\n\n\n<h2 class=\"wp-block-heading\" id=\"h-revogacao-da-prisao-domiciliar\" style=\"font-style:normal;font-weight:400\"><span id=\"revogacao-da-prisao-domiciliar\"><strong><mark style=\"background-color:rgba(0, 0, 0, 0);color:#af8206\" class=\"has-inline-color\">Revoga\u00e7\u00e3o da pris\u00e3o domiciliar<\/mark><\/strong><\/span><\/h2>\n\n\n\n<p>A revoga\u00e7\u00e3o da pris\u00e3o domiciliar ocorreu com base no artigo 282, \u00a74\u00ba do CPP, que estabelece:<\/p>\n\n\n\n<div class=\"wp-block-group is-style-cnvs-block-bordered\"><div class=\"wp-block-group__inner-container is-layout-constrained wp-block-group-is-layout-constrained\">\n<p><em>\u00a7 4\u00ba No caso de descumprimento de qualquer das obriga\u00e7\u00f5es impostas, o juiz, de of\u00edcio ou mediante requerimento do Minist\u00e9rio P\u00fablico, de seu assistente ou do querelante, poder\u00e1 substituir a medida, impor outra em cumula\u00e7\u00e3o, ou, em \u00faltimo caso, decretar a pris\u00e3o preventiva (art. 312, par\u00e1grafo \u00fanico).<\/em><\/p>\n<\/div><\/div>\n\n\n\n<p>O descumprimento alegado foi a manifesta\u00e7\u00e3o p\u00fablica de Deolane sobre o caso, tanto em declara\u00e7\u00f5es \u00e0 imprensa quanto em postagem nas redes sociais:<\/p>\n\n\n\n<p><a href=\"https:\/\/g1.globo.com\/pe\/caruaru-regiao\/noticia\/2024\/09\/10\/deolane-chega-a-presidio-no-agreste-de-pe-apos-descumprir-medidas-cautelares-e-ter-prisao-d\">https:\/\/g1.globo.com\/pe\/caruaru-regiao\/noticia\/2024\/09\/10\/deolane-chega-a-presidio-no-agreste-de-pe-apos-descumprir-medidas-cautelares-e-ter-prisao-d<\/a><\/p>\n\n\n\n<figure class=\"wp-block-image size-full\"><img decoding=\"async\" width=\"368\" height=\"516\" src=\"https:\/\/cj.estrategia.com\/portal\/wp-content\/uploads\/2024\/09\/10234835\/deolane.png\" alt=\"revoga\u00e7\u00e3o da pris\u00e3o domiciliar\" class=\"wp-image-75267\" srcset=\"https:\/\/cj.estrategia.com\/portal\/wp-content\/uploads\/2024\/09\/10234835\/deolane.png 368w, https:\/\/cj.estrategia.com\/portal\/wp-content\/uploads\/2024\/09\/10234835\/deolane-214x300.png 214w, https:\/\/cj.estrategia.com\/portal\/wp-content\/uploads\/2024\/09\/10234835\/deolane-150x210.png 150w\" sizes=\"(max-width: 368px) 100vw, 368px\" \/><\/figure>\n\n\n\n<p>Assim, em raz\u00e3o da decis\u00e3o mencionar que ela estava com <strong>\u201cProibi\u00e7\u00e3o de se manifestar publicamente sobre o caso\u201d<\/strong>, que \u00e9 uma interpreta\u00e7\u00e3o extensiva do inciso VI do art.319 do CPP, que trata da suspens\u00e3o do exerc\u00edcio de fun\u00e7\u00e3o p\u00fablica ou atividade econ\u00f4mica, a 4\u00aa C\u00e2mara Criminal do TJPE possivelmente incorreu em revoga\u00e7\u00e3o da pris\u00e3o domiciliar.<\/p>\n\n\n\n<h2 class=\"wp-block-heading\" id=\"h-aprofundando-a-revogacao-da-prisao-domiciliar\" style=\"font-style:normal;font-weight:400\"><span id=\"aprofundando-a-revogacao-da-prisao-domiciliar\"><mark style=\"background-color:rgba(0, 0, 0, 0);color:#af8206\" class=\"has-inline-color\"><strong>Aprofundando a revoga\u00e7\u00e3o da pris\u00e3o domiciliar<\/strong><\/mark><\/span><\/h2>\n\n\n\n<p>Entre os termos principais da decis\u00e3o noticiada, destacam-se os seguintes pontos:<\/p>\n\n\n\n<p><strong><mark style=\"background-color:#fbe4a3\" class=\"has-inline-color\">Entrevistas p\u00fablicas:<\/mark> <\/strong>A ju\u00edza registrou que a influenciadora concedeu entrevistas p\u00fablicas, contrariando expressamente a proibi\u00e7\u00e3o de conceder entrevistas ou fazer uso de redes sociais. Este comportamento foi interpretado como flagrante desobedi\u00eancia \u00e0s ordens judiciais, pois, al\u00e9m de discutir o caso abertamente, Deolane qualificou sua pris\u00e3o como \u201ccriminosa\u201d, citando autoridades envolvidas na investiga\u00e7\u00e3o.<\/p>\n\n\n\n<ol class=\"wp-block-list\"><\/ol>\n\n\n\n<ol class=\"wp-block-list\"><\/ol>\n\n\n\n<p><mark style=\"background-color:#fbe4a3\" class=\"has-inline-color\"><strong>Influ\u00eancia sobre a opini\u00e3o p\u00fablica<\/strong>: <\/mark>A decis\u00e3o apontou que Deolane, com mais de 21 milh\u00f5es de seguidores, possui uma \u201csignificativa capacidade de moldar a opini\u00e3o p\u00fablica\u201d, o que poderia gerar um ambiente de press\u00e3o sobre as institui\u00e7\u00f5es judiciais e influenciar o andamento do processo. Esse fator foi considerado prejudicial \u00e0 garantia da ordem p\u00fablica, justificando a necessidade de pris\u00e3o preventiva.<\/p>\n\n\n\n<p><strong><mark style=\"background-color:#fbe4a3\" class=\"has-inline-color has-black-color\">Risco de obstru\u00e7\u00e3o da justi\u00e7a<\/mark><\/strong><mark style=\"background-color:#fbe4a3;color:#fae3a5\" class=\"has-inline-color\">:<\/mark> A magistrada entendeu que ao alegar publicamente que estaria sofrendo \u201cabuso de autoridade\u201d sem apresentar provas substanciais, Deolane tentava, de maneira planejada, desviar o foco dos fatos investigados no processo, o que configuraria tentativa de obstruir a justi\u00e7a.<\/p>\n\n\n\n<h2 class=\"wp-block-heading\" id=\"h-analise-da-proporcionalidade\" style=\"font-style:normal;font-weight:400\"><span id=\"analise-da-proporcionalidade\"><strong><mark style=\"background-color:rgba(0, 0, 0, 0);color:#af8206\" class=\"has-inline-color\">An\u00e1lise da proporcionalidade<\/mark><\/strong><\/span><\/h2>\n\n\n\n<p>\u00c9 importante ressaltar que, a decis\u00e3o de revogar a pris\u00e3o domiciliar levanta quest\u00f5es sobre a proporcionalidade da medida.\u00a0<\/p>\n\n\n\n<p>O princ\u00edpio da proporcionalidade, embora n\u00e3o explicitamente mencionado no CPP, \u00e9 um princ\u00edpio constitucional impl\u00edcito que deve guiar a aplica\u00e7\u00e3o de medidas cautelares.<\/p>\n\n\n\n<p>O artigo 282, \u00a76\u00ba do CPP refor\u00e7a esse princ\u00edpio ao estabelece:<\/p>\n\n\n\n<div class=\"wp-block-group is-style-cnvs-block-bordered\"><div class=\"wp-block-group__inner-container is-layout-constrained wp-block-group-is-layout-constrained\">\n<p><em>\u201c\u00a7 6\u00ba A pris\u00e3o preventiva ser\u00e1 determinada quando n\u00e3o for cab\u00edvel a sua substitui\u00e7\u00e3o por outra medida cautelar (art. 319).\u201d<\/em><\/p>\n<\/div><\/div>\n\n\n\n<p>Na opini\u00e3o do jurista Aury Lopes Jr:\u00a0<\/p>\n\n\n\n<div class=\"wp-block-group is-style-cnvs-block-shadow has-background\" style=\"background-color:#fef2d7\"><div class=\"wp-block-group__inner-container is-layout-constrained wp-block-group-is-layout-constrained\">\n<p><em>\u201cPoderia ter sido dada mais uma chance? Poderia. Poderia ter sido aplicada uma cautelar mais gravosa cumulada com aquelas que j\u00e1 tem? Poderia. Ser\u00e1 que n\u00e3o foi excessivamente gravoso? Ser\u00e1 que n\u00e3o foi desproporcional? Ser\u00e1 que n\u00e3o deveria ter sido feito o contradit\u00f3rio pr\u00e9vio do 282, par\u00e1grafo 3\u00ba, at\u00e9 para refor\u00e7ar a advert\u00eancia? Eu sempre sou adepto de ouvir.\u201d<\/em><\/p>\n<\/div><\/div>\n\n\n\n<p>Por outro lado, resta evidente que com as declara\u00e7\u00f5es na imprensa e nas redes sociais, Deolane Bezerra descumpriu o comando judicial de \u201cn\u00e3o se manifestar publicamente sobre o caso\u201d, o que pode importar, corretamente, na revoga\u00e7\u00e3o da pris\u00e3o domiciliar como foi feito.<\/p>\n\n\n\n<p>O STJ j\u00e1 ratificou em alguns casos decis\u00f5es que corroboram o condicionamento da pris\u00e3o domiciliar \u00e0 incomunicabilidade com outros investigados, bem como a comunica\u00e7\u00e3o p\u00fablica das investiga\u00e7\u00f5es em andamento com raz\u00e3o em n\u00e3o prejudicar o devido processo legal e as investiga\u00e7\u00f5es (HC n. 932.198, Ministra Maria Thereza de Assis Moura, DJe de 30\/07\/2024.)<\/p>\n\n\n\n<h2 class=\"wp-block-heading\" id=\"h-conclusao\" style=\"font-style:normal;font-weight:400\"><span id=\"conclusao\"><strong><mark style=\"background-color:rgba(0, 0, 0, 0);color:#af8206\" class=\"has-inline-color\">Conclus\u00e3o<\/mark><\/strong><\/span><\/h2>\n\n\n\n<p>O caso de Deolane Bezerra ilustra a aplica\u00e7\u00e3o de medidas cautelares no processo penal.\u00a0<\/p>\n\n\n\n<p>Enquanto a concess\u00e3o da pris\u00e3o domiciliar estava claramente fundamentada no artigo 318 do CPP e em decis\u00e3o do STF, a revoga\u00e7\u00e3o desta medida, tamb\u00e9m estava respaldada pelo artigo 282, \u00a74\u00ba, embora suscite debates sobre a proporcionalidade da decis\u00e3o.<\/p>\n\n\n\n<h2 class=\"wp-block-heading has-text-align-center\" id=\"h-quer-saber-quais-serao-os-proximos-concursos\" style=\"font-style:normal;font-weight:400\"><span id=\"quer-saber-quais-serao-os-proximos-concursos\">Quer saber quais ser\u00e3o os pr\u00f3ximos concursos?<\/span><\/h2>\n\n\n\n<p class=\"has-text-align-center\">Confira nossos\u00a0<a href=\"https:\/\/cj.estrategia.com\/portal\/\" target=\"_blank\" >artigos para Carreiras Jur\u00eddicas<\/a>!<\/p>\n\n\n\n<p class=\"has-text-align-center has-white-color has-pale-cyan-blue-background-color has-text-color has-background has-link-color wp-elements-f3d5123bb0c8e11604d0c8c7f1ea8be8\"><a href=\"https:\/\/www.estrategiaconcursos.com.br\/blog\/concursos-abertos\/\" target=\"_blank\" >Confira os concursos p\u00fablicos abertos<\/a><\/p>\n\n\n\n<p class=\"has-text-align-center has-white-color has-pale-cyan-blue-background-color has-text-color has-background has-link-color wp-elements-94f2aad2f2b05ea3152ac5320a17d121\"><a href=\"https:\/\/cj.estrategia.com\/portal\/web-stories\/\" target=\"_blank\" >Concursos 2024<\/a><\/p>\n","protected":false},"excerpt":{"rendered":"O recente caso envolvendo a advogada e influenciadora digital Deolane Bezerra traz \u00e0 tona importantes quest\u00f5es sobre a&hellip;\n","protected":false},"author":93,"featured_media":75278,"comment_status":"open","ping_status":"open","sticky":false,"template":"","format":"standard","meta":{"_jetpack_memberships_contains_paid_content":false,"footnotes":""},"categories":[1],"tags":[336,917,846,915,916],"tax_estado":[30,31,32,33,34,35,36,37,38,39,40,41,42,43,44,45,46,47,48,49,50,51,52,53,54,55,56,57],"class_list":{"0":"post-75253","1":"post","2":"type-post","3":"status-publish","4":"format-standard","5":"has-post-thumbnail","7":"category-carreiras-juridicas","8":"tag-analise-juridica","9":"tag-deolane","10":"tag-deolane-bezerra","11":"tag-prisao-domiciliar","12":"tag-revogacao-da-prisao-domiciliar","13":"tax_estado-ac","14":"tax_estado-al","15":"tax_estado-am","16":"tax_estado-ap","17":"tax_estado-ba","18":"tax_estado-ce","19":"tax_estado-concursos-federais","20":"tax_estado-df","21":"tax_estado-es","22":"tax_estado-go","23":"tax_estado-ma","24":"tax_estado-mg","25":"tax_estado-ms","26":"tax_estado-mt","27":"tax_estado-pa","28":"tax_estado-pb","29":"tax_estado-pe","30":"tax_estado-pi","31":"tax_estado-pr","32":"tax_estado-rj","33":"tax_estado-rn","34":"tax_estado-ro","35":"tax_estado-rr","36":"tax_estado-rs","37":"tax_estado-sc","38":"tax_estado-se","39":"tax_estado-sp","40":"tax_estado-to"},"acf":[],"yoast_head":"<!-- This site is optimized with the Yoast SEO Premium plugin v27.5 (Yoast SEO v27.5) - https:\/\/yoast.com\/product\/yoast-seo-premium-wordpress\/ -->\n<title>Revoga\u00e7\u00e3o da Pris\u00e3o Domiciliar: Caso Deolane Bezerra<\/title>\n<meta name=\"description\" content=\"Entenda os aspectos judiciais que levaram \u00e0 revoga\u00e7\u00e3o da pris\u00e3o domiciliar da influencer e advogada Deolane Bezerra.\" \/>\n<meta name=\"robots\" content=\"index, follow, max-snippet:-1, max-image-preview:large, max-video-preview:-1\" \/>\n<link rel=\"canonical\" href=\"https:\/\/cj.estrategia.com\/portal\/revogacao-prisao-domiciliar-deolane-bezerra\/\" \/>\n<meta property=\"og:locale\" content=\"pt_BR\" \/>\n<meta property=\"og:type\" content=\"article\" \/>\n<meta property=\"og:title\" content=\"Revoga\u00e7\u00e3o da pris\u00e3o domiciliar do caso Deolane Bezerra\u00a0- An\u00e1lise jur\u00eddica\" \/>\n<meta property=\"og:description\" content=\"Entenda os aspectos judiciais que levaram \u00e0 revoga\u00e7\u00e3o da pris\u00e3o domiciliar da influencer e advogada Deolane Bezerra.\" \/>\n<meta property=\"og:url\" content=\"https:\/\/cj.estrategia.com\/portal\/revogacao-prisao-domiciliar-deolane-bezerra\/\" \/>\n<meta property=\"og:site_name\" content=\"Blog - Carreiras Jur\u00eddicas - Estrat\u00e9gia\" \/>\n<meta property=\"article:publisher\" content=\"https:\/\/www.facebook.com\/estrategiacarreirajuridica\/\" \/>\n<meta property=\"article:published_time\" content=\"2024-09-11T03:51:11+00:00\" \/>\n<meta property=\"article:modified_time\" content=\"2024-09-13T02:55:55+00:00\" \/>\n<meta property=\"og:image\" content=\"https:\/\/cj.estrategia.com\/portal\/wp-content\/uploads\/2024\/09\/11004325\/Elegant-Summer-Fashion-Blog-Banner-Beige.png\" \/>\n\t<meta property=\"og:image:width\" content=\"1200\" \/>\n\t<meta property=\"og:image:height\" content=\"400\" \/>\n\t<meta property=\"og:image:type\" content=\"image\/png\" \/>\n<meta name=\"author\" content=\"Felipe Duque\" \/>\n<meta name=\"twitter:card\" content=\"summary_large_image\" \/>\n<meta name=\"twitter:creator\" content=\"@https:\/\/x.com\/ProfessorDuque\" \/>\n<meta name=\"twitter:site\" content=\"@EstratJuridica\" \/>\n<meta name=\"twitter:label1\" content=\"Escrito por\" \/>\n\t<meta name=\"twitter:data1\" content=\"Felipe Duque\" \/>\n\t<meta name=\"twitter:label2\" content=\"Est. tempo de leitura\" \/>\n\t<meta name=\"twitter:data2\" content=\"9 minutos\" \/>\n<script type=\"application\/ld+json\" class=\"yoast-schema-graph\">{\"@context\":\"https:\\\/\\\/schema.org\",\"@graph\":[{\"@type\":\"NewsArticle\",\"@id\":\"https:\\\/\\\/cj.estrategia.com\\\/portal\\\/revogacao-prisao-domiciliar-deolane-bezerra\\\/#article\",\"isPartOf\":{\"@id\":\"https:\\\/\\\/cj.estrategia.com\\\/portal\\\/revogacao-prisao-domiciliar-deolane-bezerra\\\/\"},\"author\":{\"name\":\"Felipe Duque\",\"@id\":\"https:\\\/\\\/cj.estrategia.com\\\/portal\\\/#\\\/schema\\\/person\\\/b5b0253b269d7130d1f7770b1ba29285\"},\"headline\":\"Revoga\u00e7\u00e3o da pris\u00e3o domiciliar do caso Deolane Bezerra\u00a0&#8211; An\u00e1lise jur\u00eddica\",\"datePublished\":\"2024-09-11T03:51:11+00:00\",\"dateModified\":\"2024-09-13T02:55:55+00:00\",\"mainEntityOfPage\":{\"@id\":\"https:\\\/\\\/cj.estrategia.com\\\/portal\\\/revogacao-prisao-domiciliar-deolane-bezerra\\\/\"},\"wordCount\":1648,\"commentCount\":0,\"publisher\":{\"@id\":\"https:\\\/\\\/cj.estrategia.com\\\/portal\\\/#organization\"},\"image\":{\"@id\":\"https:\\\/\\\/cj.estrategia.com\\\/portal\\\/revogacao-prisao-domiciliar-deolane-bezerra\\\/#primaryimage\"},\"thumbnailUrl\":\"https:\\\/\\\/cj.estrategia.com\\\/portal\\\/wp-content\\\/uploads\\\/2024\\\/09\\\/11004325\\\/Elegant-Summer-Fashion-Blog-Banner-Beige.png\",\"keywords\":[\"an\u00e1lise jur\u00eddica\",\"deolane\",\"Deolane Bezerra\",\"pris\u00e3o domiciliar\",\"revoga\u00e7\u00e3o da pris\u00e3o domiciliar\"],\"articleSection\":[\"Carreiras Jur\u00eddicas\"],\"inLanguage\":\"pt-BR\",\"potentialAction\":[{\"@type\":\"CommentAction\",\"name\":\"Comment\",\"target\":[\"https:\\\/\\\/cj.estrategia.com\\\/portal\\\/revogacao-prisao-domiciliar-deolane-bezerra\\\/#respond\"]}]},{\"@type\":\"WebPage\",\"@id\":\"https:\\\/\\\/cj.estrategia.com\\\/portal\\\/revogacao-prisao-domiciliar-deolane-bezerra\\\/\",\"url\":\"https:\\\/\\\/cj.estrategia.com\\\/portal\\\/revogacao-prisao-domiciliar-deolane-bezerra\\\/\",\"name\":\"Revoga\u00e7\u00e3o da Pris\u00e3o Domiciliar: Caso Deolane Bezerra\",\"isPartOf\":{\"@id\":\"https:\\\/\\\/cj.estrategia.com\\\/portal\\\/#website\"},\"primaryImageOfPage\":{\"@id\":\"https:\\\/\\\/cj.estrategia.com\\\/portal\\\/revogacao-prisao-domiciliar-deolane-bezerra\\\/#primaryimage\"},\"image\":{\"@id\":\"https:\\\/\\\/cj.estrategia.com\\\/portal\\\/revogacao-prisao-domiciliar-deolane-bezerra\\\/#primaryimage\"},\"thumbnailUrl\":\"https:\\\/\\\/cj.estrategia.com\\\/portal\\\/wp-content\\\/uploads\\\/2024\\\/09\\\/11004325\\\/Elegant-Summer-Fashion-Blog-Banner-Beige.png\",\"datePublished\":\"2024-09-11T03:51:11+00:00\",\"dateModified\":\"2024-09-13T02:55:55+00:00\",\"description\":\"Entenda os aspectos judiciais que levaram \u00e0 revoga\u00e7\u00e3o da pris\u00e3o domiciliar da influencer e advogada Deolane Bezerra.\",\"breadcrumb\":{\"@id\":\"https:\\\/\\\/cj.estrategia.com\\\/portal\\\/revogacao-prisao-domiciliar-deolane-bezerra\\\/#breadcrumb\"},\"inLanguage\":\"pt-BR\",\"potentialAction\":[{\"@type\":\"ReadAction\",\"target\":[\"https:\\\/\\\/cj.estrategia.com\\\/portal\\\/revogacao-prisao-domiciliar-deolane-bezerra\\\/\"]}]},{\"@type\":\"ImageObject\",\"inLanguage\":\"pt-BR\",\"@id\":\"https:\\\/\\\/cj.estrategia.com\\\/portal\\\/revogacao-prisao-domiciliar-deolane-bezerra\\\/#primaryimage\",\"url\":\"https:\\\/\\\/cj.estrategia.com\\\/portal\\\/wp-content\\\/uploads\\\/2024\\\/09\\\/11004325\\\/Elegant-Summer-Fashion-Blog-Banner-Beige.png\",\"contentUrl\":\"https:\\\/\\\/cj.estrategia.com\\\/portal\\\/wp-content\\\/uploads\\\/2024\\\/09\\\/11004325\\\/Elegant-Summer-Fashion-Blog-Banner-Beige.png\",\"width\":1200,\"height\":400},{\"@type\":\"BreadcrumbList\",\"@id\":\"https:\\\/\\\/cj.estrategia.com\\\/portal\\\/revogacao-prisao-domiciliar-deolane-bezerra\\\/#breadcrumb\",\"itemListElement\":[{\"@type\":\"ListItem\",\"position\":1,\"name\":\"In\u00edcio\",\"item\":\"https:\\\/\\\/cj.estrategia.com\\\/portal\\\/\"},{\"@type\":\"ListItem\",\"position\":2,\"name\":\"Revoga\u00e7\u00e3o da pris\u00e3o domiciliar do caso Deolane Bezerra\u00a0&#8211; An\u00e1lise jur\u00eddica\"}]},{\"@type\":\"WebSite\",\"@id\":\"https:\\\/\\\/cj.estrategia.com\\\/portal\\\/#website\",\"url\":\"https:\\\/\\\/cj.estrategia.com\\\/portal\\\/\",\"name\":\"Blog - Carreiras Jur\u00eddicas - Estrat\u00e9gia\",\"description\":\"\",\"publisher\":{\"@id\":\"https:\\\/\\\/cj.estrategia.com\\\/portal\\\/#organization\"},\"potentialAction\":[{\"@type\":\"SearchAction\",\"target\":{\"@type\":\"EntryPoint\",\"urlTemplate\":\"https:\\\/\\\/cj.estrategia.com\\\/portal\\\/?s={search_term_string}\"},\"query-input\":{\"@type\":\"PropertyValueSpecification\",\"valueRequired\":true,\"valueName\":\"search_term_string\"}}],\"inLanguage\":\"pt-BR\"},{\"@type\":\"Organization\",\"@id\":\"https:\\\/\\\/cj.estrategia.com\\\/portal\\\/#organization\",\"name\":\"Estrat\u00e9gia - Carreiras Jur\u00eddicas\",\"url\":\"https:\\\/\\\/cj.estrategia.com\\\/portal\\\/\",\"logo\":{\"@type\":\"ImageObject\",\"inLanguage\":\"pt-BR\",\"@id\":\"https:\\\/\\\/cj.estrategia.com\\\/portal\\\/#\\\/schema\\\/logo\\\/image\\\/\",\"url\":\"https:\\\/\\\/cj.estrategia.com\\\/portal\\\/wp-content\\\/uploads\\\/2022\\\/03\\\/11151052\\\/cj-logo.png\",\"contentUrl\":\"https:\\\/\\\/cj.estrategia.com\\\/portal\\\/wp-content\\\/uploads\\\/2022\\\/03\\\/11151052\\\/cj-logo.png\",\"width\":150,\"height\":39,\"caption\":\"Estrat\u00e9gia - Carreiras Jur\u00eddicas\"},\"image\":{\"@id\":\"https:\\\/\\\/cj.estrategia.com\\\/portal\\\/#\\\/schema\\\/logo\\\/image\\\/\"},\"sameAs\":[\"https:\\\/\\\/www.facebook.com\\\/estrategiacarreirajuridica\\\/\",\"https:\\\/\\\/x.com\\\/EstratJuridica\",\"https:\\\/\\\/www.instagram.com\\\/estrategiacarreirajuridica\\\/\",\"https:\\\/\\\/www.youtube.com\\\/channel\\\/UClbMGuYbj2Mh1m3w144ETWQ\"]},{\"@type\":\"Person\",\"@id\":\"https:\\\/\\\/cj.estrategia.com\\\/portal\\\/#\\\/schema\\\/person\\\/b5b0253b269d7130d1f7770b1ba29285\",\"name\":\"Felipe Duque\",\"image\":{\"@type\":\"ImageObject\",\"inLanguage\":\"pt-BR\",\"@id\":\"https:\\\/\\\/cj.estrategia.com\\\/portal\\\/wp-content\\\/uploads\\\/2024\\\/08\\\/06162009\\\/Captura-de-Tela-2024-08-06-as-16.19.26-96x96.png\",\"url\":\"https:\\\/\\\/cj.estrategia.com\\\/portal\\\/wp-content\\\/uploads\\\/2024\\\/08\\\/06162009\\\/Captura-de-Tela-2024-08-06-as-16.19.26-96x96.png\",\"contentUrl\":\"https:\\\/\\\/cj.estrategia.com\\\/portal\\\/wp-content\\\/uploads\\\/2024\\\/08\\\/06162009\\\/Captura-de-Tela-2024-08-06-as-16.19.26-96x96.png\",\"caption\":\"Felipe Duque\"},\"description\":\"Felipe Duque - Mestre em Direito Pol\u00edtico e Econ\u00f4mico na Mackenzie-SP. Graduado em Direito pela Universidade Cat\u00f3lica de Pernambuco, com conclus\u00e3o pelo regime de Aproveitamento Extraordin\u00e1rio nos Estudos (art. 47, \u00a7 2\u00ba, da Lei n\u00ba 9.394\\\/96). Ex-Assessor de Desembargador no TJPE. Procurador da Fazenda Nacional. Integra voluntariamente a Coordena\u00e7\u00e3o de Assuntos Estrat\u00e9gicos Judiciais da PGFN. Professor do Estrat\u00e9gia Carreira Jur\u00eddica, Estrat\u00e9gia OAB e Buscador Dizer o Direito. Autor do livro \u201cReforma Tribut\u00e1ria Comentada e Esquematizada\u201d, \\\"Manual de Processo Tribut\u00e1rio: Administrativo e Judicial\\\" pela editora Juspodivm Parecerista na Revista de Estudos Jur\u00eddicos do Superior Tribunal de Justi\u00e7a (REJuriSTJ)\",\"sameAs\":[\"http:\\\/\\\/lattes.cnpq.br\\\/5755137268084324\",\"https:\\\/\\\/www.instagram.com\\\/felipe_duque\\\/\",\"https:\\\/\\\/br.linkedin.com\\\/in\\\/felipe-duque-56954638\",\"https:\\\/\\\/x.com\\\/https:\\\/\\\/x.com\\\/ProfessorDuque\",\"https:\\\/\\\/www.youtube.com\\\/@felipeduque-experienciasco5797\"],\"url\":\"https:\\\/\\\/cj.estrategia.com\\\/portal\\\/author\\\/felipe-duque\\\/\"}]}<\/script>\n<!-- \/ Yoast SEO Premium plugin. -->","yoast_head_json":{"title":"Revoga\u00e7\u00e3o da Pris\u00e3o Domiciliar: Caso Deolane Bezerra","description":"Entenda os aspectos judiciais que levaram \u00e0 revoga\u00e7\u00e3o da pris\u00e3o domiciliar da influencer e advogada Deolane Bezerra.","robots":{"index":"index","follow":"follow","max-snippet":"max-snippet:-1","max-image-preview":"max-image-preview:large","max-video-preview":"max-video-preview:-1"},"canonical":"https:\/\/cj.estrategia.com\/portal\/revogacao-prisao-domiciliar-deolane-bezerra\/","og_locale":"pt_BR","og_type":"article","og_title":"Revoga\u00e7\u00e3o da pris\u00e3o domiciliar do caso Deolane Bezerra\u00a0- An\u00e1lise jur\u00eddica","og_description":"Entenda os aspectos judiciais que levaram \u00e0 revoga\u00e7\u00e3o da pris\u00e3o domiciliar da influencer e advogada Deolane Bezerra.","og_url":"https:\/\/cj.estrategia.com\/portal\/revogacao-prisao-domiciliar-deolane-bezerra\/","og_site_name":"Blog - Carreiras Jur\u00eddicas - Estrat\u00e9gia","article_publisher":"https:\/\/www.facebook.com\/estrategiacarreirajuridica\/","article_published_time":"2024-09-11T03:51:11+00:00","article_modified_time":"2024-09-13T02:55:55+00:00","og_image":[{"width":1200,"height":400,"url":"https:\/\/cj.estrategia.com\/portal\/wp-content\/uploads\/2024\/09\/11004325\/Elegant-Summer-Fashion-Blog-Banner-Beige.png","type":"image\/png"}],"author":"Felipe Duque","twitter_card":"summary_large_image","twitter_creator":"@https:\/\/x.com\/ProfessorDuque","twitter_site":"@EstratJuridica","twitter_misc":{"Escrito por":"Felipe Duque","Est. tempo de leitura":"9 minutos"},"schema":{"@context":"https:\/\/schema.org","@graph":[{"@type":"NewsArticle","@id":"https:\/\/cj.estrategia.com\/portal\/revogacao-prisao-domiciliar-deolane-bezerra\/#article","isPartOf":{"@id":"https:\/\/cj.estrategia.com\/portal\/revogacao-prisao-domiciliar-deolane-bezerra\/"},"author":{"name":"Felipe Duque","@id":"https:\/\/cj.estrategia.com\/portal\/#\/schema\/person\/b5b0253b269d7130d1f7770b1ba29285"},"headline":"Revoga\u00e7\u00e3o da pris\u00e3o domiciliar do caso Deolane Bezerra\u00a0&#8211; An\u00e1lise jur\u00eddica","datePublished":"2024-09-11T03:51:11+00:00","dateModified":"2024-09-13T02:55:55+00:00","mainEntityOfPage":{"@id":"https:\/\/cj.estrategia.com\/portal\/revogacao-prisao-domiciliar-deolane-bezerra\/"},"wordCount":1648,"commentCount":0,"publisher":{"@id":"https:\/\/cj.estrategia.com\/portal\/#organization"},"image":{"@id":"https:\/\/cj.estrategia.com\/portal\/revogacao-prisao-domiciliar-deolane-bezerra\/#primaryimage"},"thumbnailUrl":"https:\/\/cj.estrategia.com\/portal\/wp-content\/uploads\/2024\/09\/11004325\/Elegant-Summer-Fashion-Blog-Banner-Beige.png","keywords":["an\u00e1lise jur\u00eddica","deolane","Deolane Bezerra","pris\u00e3o domiciliar","revoga\u00e7\u00e3o da pris\u00e3o domiciliar"],"articleSection":["Carreiras Jur\u00eddicas"],"inLanguage":"pt-BR","potentialAction":[{"@type":"CommentAction","name":"Comment","target":["https:\/\/cj.estrategia.com\/portal\/revogacao-prisao-domiciliar-deolane-bezerra\/#respond"]}]},{"@type":"WebPage","@id":"https:\/\/cj.estrategia.com\/portal\/revogacao-prisao-domiciliar-deolane-bezerra\/","url":"https:\/\/cj.estrategia.com\/portal\/revogacao-prisao-domiciliar-deolane-bezerra\/","name":"Revoga\u00e7\u00e3o da Pris\u00e3o Domiciliar: Caso Deolane Bezerra","isPartOf":{"@id":"https:\/\/cj.estrategia.com\/portal\/#website"},"primaryImageOfPage":{"@id":"https:\/\/cj.estrategia.com\/portal\/revogacao-prisao-domiciliar-deolane-bezerra\/#primaryimage"},"image":{"@id":"https:\/\/cj.estrategia.com\/portal\/revogacao-prisao-domiciliar-deolane-bezerra\/#primaryimage"},"thumbnailUrl":"https:\/\/cj.estrategia.com\/portal\/wp-content\/uploads\/2024\/09\/11004325\/Elegant-Summer-Fashion-Blog-Banner-Beige.png","datePublished":"2024-09-11T03:51:11+00:00","dateModified":"2024-09-13T02:55:55+00:00","description":"Entenda os aspectos judiciais que levaram \u00e0 revoga\u00e7\u00e3o da pris\u00e3o domiciliar da influencer e advogada Deolane Bezerra.","breadcrumb":{"@id":"https:\/\/cj.estrategia.com\/portal\/revogacao-prisao-domiciliar-deolane-bezerra\/#breadcrumb"},"inLanguage":"pt-BR","potentialAction":[{"@type":"ReadAction","target":["https:\/\/cj.estrategia.com\/portal\/revogacao-prisao-domiciliar-deolane-bezerra\/"]}]},{"@type":"ImageObject","inLanguage":"pt-BR","@id":"https:\/\/cj.estrategia.com\/portal\/revogacao-prisao-domiciliar-deolane-bezerra\/#primaryimage","url":"https:\/\/cj.estrategia.com\/portal\/wp-content\/uploads\/2024\/09\/11004325\/Elegant-Summer-Fashion-Blog-Banner-Beige.png","contentUrl":"https:\/\/cj.estrategia.com\/portal\/wp-content\/uploads\/2024\/09\/11004325\/Elegant-Summer-Fashion-Blog-Banner-Beige.png","width":1200,"height":400},{"@type":"BreadcrumbList","@id":"https:\/\/cj.estrategia.com\/portal\/revogacao-prisao-domiciliar-deolane-bezerra\/#breadcrumb","itemListElement":[{"@type":"ListItem","position":1,"name":"In\u00edcio","item":"https:\/\/cj.estrategia.com\/portal\/"},{"@type":"ListItem","position":2,"name":"Revoga\u00e7\u00e3o da pris\u00e3o domiciliar do caso Deolane Bezerra\u00a0&#8211; An\u00e1lise jur\u00eddica"}]},{"@type":"WebSite","@id":"https:\/\/cj.estrategia.com\/portal\/#website","url":"https:\/\/cj.estrategia.com\/portal\/","name":"Blog - Carreiras Jur\u00eddicas - Estrat\u00e9gia","description":"","publisher":{"@id":"https:\/\/cj.estrategia.com\/portal\/#organization"},"potentialAction":[{"@type":"SearchAction","target":{"@type":"EntryPoint","urlTemplate":"https:\/\/cj.estrategia.com\/portal\/?s={search_term_string}"},"query-input":{"@type":"PropertyValueSpecification","valueRequired":true,"valueName":"search_term_string"}}],"inLanguage":"pt-BR"},{"@type":"Organization","@id":"https:\/\/cj.estrategia.com\/portal\/#organization","name":"Estrat\u00e9gia - Carreiras Jur\u00eddicas","url":"https:\/\/cj.estrategia.com\/portal\/","logo":{"@type":"ImageObject","inLanguage":"pt-BR","@id":"https:\/\/cj.estrategia.com\/portal\/#\/schema\/logo\/image\/","url":"https:\/\/cj.estrategia.com\/portal\/wp-content\/uploads\/2022\/03\/11151052\/cj-logo.png","contentUrl":"https:\/\/cj.estrategia.com\/portal\/wp-content\/uploads\/2022\/03\/11151052\/cj-logo.png","width":150,"height":39,"caption":"Estrat\u00e9gia - Carreiras Jur\u00eddicas"},"image":{"@id":"https:\/\/cj.estrategia.com\/portal\/#\/schema\/logo\/image\/"},"sameAs":["https:\/\/www.facebook.com\/estrategiacarreirajuridica\/","https:\/\/x.com\/EstratJuridica","https:\/\/www.instagram.com\/estrategiacarreirajuridica\/","https:\/\/www.youtube.com\/channel\/UClbMGuYbj2Mh1m3w144ETWQ"]},{"@type":"Person","@id":"https:\/\/cj.estrategia.com\/portal\/#\/schema\/person\/b5b0253b269d7130d1f7770b1ba29285","name":"Felipe Duque","image":{"@type":"ImageObject","inLanguage":"pt-BR","@id":"https:\/\/cj.estrategia.com\/portal\/wp-content\/uploads\/2024\/08\/06162009\/Captura-de-Tela-2024-08-06-as-16.19.26-96x96.png","url":"https:\/\/cj.estrategia.com\/portal\/wp-content\/uploads\/2024\/08\/06162009\/Captura-de-Tela-2024-08-06-as-16.19.26-96x96.png","contentUrl":"https:\/\/cj.estrategia.com\/portal\/wp-content\/uploads\/2024\/08\/06162009\/Captura-de-Tela-2024-08-06-as-16.19.26-96x96.png","caption":"Felipe Duque"},"description":"Felipe Duque - Mestre em Direito Pol\u00edtico e Econ\u00f4mico na Mackenzie-SP. Graduado em Direito pela Universidade Cat\u00f3lica de Pernambuco, com conclus\u00e3o pelo regime de Aproveitamento Extraordin\u00e1rio nos Estudos (art. 47, \u00a7 2\u00ba, da Lei n\u00ba 9.394\/96). Ex-Assessor de Desembargador no TJPE. Procurador da Fazenda Nacional. Integra voluntariamente a Coordena\u00e7\u00e3o de Assuntos Estrat\u00e9gicos Judiciais da PGFN. Professor do Estrat\u00e9gia Carreira Jur\u00eddica, Estrat\u00e9gia OAB e Buscador Dizer o Direito. Autor do livro \u201cReforma Tribut\u00e1ria Comentada e Esquematizada\u201d, \"Manual de Processo Tribut\u00e1rio: Administrativo e Judicial\" pela editora Juspodivm Parecerista na Revista de Estudos Jur\u00eddicos do Superior Tribunal de Justi\u00e7a (REJuriSTJ)","sameAs":["http:\/\/lattes.cnpq.br\/5755137268084324","https:\/\/www.instagram.com\/felipe_duque\/","https:\/\/br.linkedin.com\/in\/felipe-duque-56954638","https:\/\/x.com\/https:\/\/x.com\/ProfessorDuque","https:\/\/www.youtube.com\/@felipeduque-experienciasco5797"],"url":"https:\/\/cj.estrategia.com\/portal\/author\/felipe-duque\/"}]}},"jetpack_featured_media_url":"https:\/\/cj.estrategia.com\/portal\/wp-content\/uploads\/2024\/09\/11004325\/Elegant-Summer-Fashion-Blog-Banner-Beige.png","jetpack_sharing_enabled":true,"_links":{"self":[{"href":"https:\/\/cj.estrategia.com\/portal\/wp-json\/wp\/v2\/posts\/75253","targetHints":{"allow":["GET"]}}],"collection":[{"href":"https:\/\/cj.estrategia.com\/portal\/wp-json\/wp\/v2\/posts"}],"about":[{"href":"https:\/\/cj.estrategia.com\/portal\/wp-json\/wp\/v2\/types\/post"}],"author":[{"embeddable":true,"href":"https:\/\/cj.estrategia.com\/portal\/wp-json\/wp\/v2\/users\/93"}],"replies":[{"embeddable":true,"href":"https:\/\/cj.estrategia.com\/portal\/wp-json\/wp\/v2\/comments?post=75253"}],"version-history":[{"count":0,"href":"https:\/\/cj.estrategia.com\/portal\/wp-json\/wp\/v2\/posts\/75253\/revisions"}],"wp:featuredmedia":[{"embeddable":true,"href":"https:\/\/cj.estrategia.com\/portal\/wp-json\/wp\/v2\/media\/75278"}],"wp:attachment":[{"href":"https:\/\/cj.estrategia.com\/portal\/wp-json\/wp\/v2\/media?parent=75253"}],"wp:term":[{"taxonomy":"category","embeddable":true,"href":"https:\/\/cj.estrategia.com\/portal\/wp-json\/wp\/v2\/categories?post=75253"},{"taxonomy":"post_tag","embeddable":true,"href":"https:\/\/cj.estrategia.com\/portal\/wp-json\/wp\/v2\/tags?post=75253"},{"taxonomy":"tax_estado","embeddable":true,"href":"https:\/\/cj.estrategia.com\/portal\/wp-json\/wp\/v2\/tax_estado?post=75253"}],"curies":[{"name":"wp","href":"https:\/\/api.w.org\/{rel}","templated":true}]}}