{"id":75024,"date":"2024-09-09T14:08:51","date_gmt":"2024-09-09T17:08:51","guid":{"rendered":"https:\/\/cj.estrategia.com\/portal\/?p=75024"},"modified":"2024-09-12T17:27:26","modified_gmt":"2024-09-12T20:27:26","slug":"ministro-silvio-almeida-assedio-sexual","status":"publish","type":"post","link":"https:\/\/cj.estrategia.com\/portal\/ministro-silvio-almeida-assedio-sexual\/","title":{"rendered":"Ministro Silvio Almeida: as acusa\u00e7\u00f5es de ass\u00e9dio sexual que o levaram \u00e0 demiss\u00e3o"},"content":{"rendered":"\n<p>Ol\u00e1, pessoal!<\/p>\n\n\n\n<p>Aqui \u00e9 o professor Allan Joos e hoje vamos falar sobre um epis\u00f3dio ocorrido no cen\u00e1rio pol\u00edtico nacional nos \u00faltimos dias.<\/p>\n\n\n\n<p>Em data recente, acusa\u00e7\u00f5es foram reveladas por um site de not\u00edcias e confirmadas pela ONG Me Too. Silvio Almeida era Ministro dos Direitos Humanos e uma outra Ministra, Anielle Franco, teria sido uma das v\u00edtimas. Em sua defesa, o ex-Ministro negou as acusa\u00e7\u00f5es, por\u00e9m foi demitido pelo presidente da rep\u00fablica.<\/p>\n\n\n\n<p>Situa\u00e7\u00f5es como estas, envolvendo importantes autoridades p\u00fablicas, acontecem com bastante frequ\u00eancia em nosso pa\u00eds. Isso torna importante uma an\u00e1lise jur\u00eddica do caso em raz\u00e3o da grande probabilidade de cobran\u00e7a em concursos de carreiras jur\u00eddicas.<\/p>\n\n\n\n<h2 class=\"wp-block-heading\" id=\"h-o-contexto-das-acusacoes\"><span id=\"o-contexto-das-acusacoes\">O contexto das acusa\u00e7\u00f5es<\/span><\/h2>\n\n\n\n<p>Silvio Almeida, ex-ministro dos Direitos Humanos, foi acusado de <strong><mark style=\"background-color:rgba(0, 0, 0, 0)\" class=\"has-inline-color has-vivid-purple-color\">ass\u00e9dio sexual <\/mark><\/strong>por uma ONG, incluindo relatos envolvendo a ministra da Igualdade Racial, Anielle Franco.<\/p>\n\n\n\n<p>As den\u00fancias, tornadas p\u00fablicas em agosto de 2024, levaram \u00e0 abertura de uma<strong> investiga\u00e7\u00e3o pela <mark style=\"background-color:rgba(0, 0, 0, 0)\" class=\"has-inline-color has-vivid-purple-color\">Comiss\u00e3o de \u00c9tica P\u00fablica<\/mark> e pela <mark style=\"background-color:rgba(0, 0, 0, 0)\" class=\"has-inline-color has-vivid-purple-color\">Pol\u00edcia Federal<\/mark><\/strong>.<\/p>\n\n\n\n<p>Como j\u00e1 mencionado, o ex-ministro nega as acusa\u00e7\u00f5es, alega que s\u00e3o infundadas. Ressalta ainda que se trata de uma tentativa de <strong>persegui\u00e7\u00e3o pol\u00edtica<\/strong>, citando sua condi\u00e7\u00e3o de homem negro e <strong>defensor dos direitos humanos<\/strong>.<\/p>\n\n\n\n<p>O curioso \u00e9 que uma das principais v\u00edtimas, a <strong>Ministra da Igualdade Racial<\/strong>, tamb\u00e9m \u00e9 negra e uma importante figura pol\u00edtica da prote\u00e7\u00e3o dos direitos humanos no pa\u00eds, o que inclui a igualdade racial e a prote\u00e7\u00e3o \u00e0 mulher. Lembremos que <strong>Anielle Franco<\/strong> \u00e9 irm\u00e3 da ex-vereadora Marielle Franco, assassinada pela mil\u00edcia do Rio de Janeiro.<\/p>\n\n\n\n<p>A consequ\u00eancia das acusa\u00e7\u00f5es de ass\u00e9dio sexual foi a demiss\u00e3o do ent\u00e3o Ministro. O presidente da rep\u00fablica alegou que a manuten\u00e7\u00e3o do ministro no cargo era &#8220;<strong>insustent\u00e1vel<\/strong>&#8220;, apesar de ainda possuir a garantia do direito de defesa.<\/p>\n\n\n\n<p>As acusa\u00e7\u00f5es geraram uma <strong><mark style=\"background-color:rgba(0, 0, 0, 0)\" class=\"has-inline-color has-vivid-purple-color\">crise pol\u00edtica no Governo Federal<\/mark><\/strong>. Silvio Almeida era uma figura proeminente no governo e um reconhecido especialista em direitos humanos e quest\u00f5es raciais.<\/p>\n\n\n\n<h2 class=\"wp-block-heading\" id=\"h-o-direito-a-presuncao-da-inocencia-e-as-apuracoes-pela-comissao-de-etica-do-governo-federal\"><span id=\"o-direito-a-presuncao-da-inocencia-e-as-apuracoes-pela-comissao-de-etica-do-governo-federal\">O direito \u00e0 presun\u00e7\u00e3o da inoc\u00eancia e as apura\u00e7\u00f5es pela Comiss\u00e3o de \u00c9tica do Governo Federal<\/span><\/h2>\n\n\n\n<h3 class=\"wp-block-heading\" id=\"h-presuncao-de-inocencia\"><span id=\"presuncao-de-inocencia\">Presun\u00e7\u00e3o de Inoc\u00eancia<\/span><\/h3>\n\n\n\n<p>O princ\u00edpio da presun\u00e7\u00e3o da inoc\u00eancia, <strong><mark style=\"background-color:rgba(0, 0, 0, 0)\" class=\"has-inline-color has-vivid-purple-color\">direito fundamental previsto na Constitui\u00e7\u00e3o Federal<\/mark><\/strong>, merece aten\u00e7\u00e3o especial no presente caso, j\u00e1 que o ex-ministro, ainda que fora do \u00e2mbito criminal, j\u00e1 vem sofrendo com as consequ\u00eancias das den\u00fancias.<\/p>\n\n\n\n<p>A presun\u00e7\u00e3o da inoc\u00eancia est\u00e1 insculpida no artigo 5\u00ba, inciso LVII, da Constitui\u00e7\u00e3o Federal, e assegura que<\/p>\n\n\n\n<pre class=\"wp-block-preformatted\">\"ningu\u00e9m ser\u00e1 considerado culpado at\u00e9 o tr\u00e2nsito em julgado de senten\u00e7a penal condenat\u00f3ria\".<\/pre>\n\n\n\n<p>Esse princ\u00edpio \u00e9 um pilar central em qualquer investiga\u00e7\u00e3o, e tamb\u00e9m merece respeito no caso em comento.<\/p>\n\n\n\n<p>Por\u00e9m, em casos em que uma importante figura p\u00fablica ocupa posi\u00e7\u00f5es de destaque na pol\u00edtica brasileira, as <strong>consequ\u00eancias negativas s\u00e3o inevit\u00e1veis<\/strong>. Por tal motivo, nosso artigo se limitar\u00e1 a fazer uma an\u00e1lise detalhada do caso, no \u00e2mbito do contexto f\u00e1tico das den\u00fancias e das poss\u00edveis consequ\u00eancias, administrativas e penais, a come\u00e7ar pelo fundamento normativo da apura\u00e7\u00e3o que a Comiss\u00e3o de \u00c9tica do Governo Federal realizar\u00e1.<\/p>\n\n\n\n<h3 class=\"wp-block-heading\" id=\"h-comissao-de-etica-publica\"><span id=\"comissao-de-etica-publica\">Comiss\u00e3o de \u00c9tica P\u00fablica<\/span><\/h3>\n\n\n\n<p>A Comiss\u00e3o de \u00c9tica P\u00fablica, institu\u00edda pelo Decreto n\u00ba 1.171\/1994, tem a responsabilidade de <strong>investigar a conduta de servidores p\u00fablicos de <mark style=\"background-color:rgba(0, 0, 0, 0)\" class=\"has-inline-color has-vivid-purple-color\">alto escal\u00e3o <\/mark><\/strong>do Governo Federal e a finalidade de garantir o cumprimento do C\u00f3digo de Conduta da Alta Administra\u00e7\u00e3o. As acusa\u00e7\u00f5es de ass\u00e9dio sexual, se comprovadas, representam <strong><mark style=\"background-color:rgba(0, 0, 0, 0)\" class=\"has-inline-color has-vivid-purple-color\">grave <\/mark>viola\u00e7\u00e3o ao c\u00f3digo de \u00e9tica<\/strong>.<\/p>\n\n\n\n<p>Neste caso, a comiss\u00e3o abriu um <strong>procedimento de investiga\u00e7\u00e3o<\/strong> contra Silvio Almeida, dando-lhe o direito de apresentar sua defesa em at\u00e9 10 dias.<\/p>\n\n\n\n<p>A apura\u00e7\u00e3o \u00e9 essencial para determinar se as acusa\u00e7\u00f5es possuem fundamento ou n\u00e3o. A <strong>decis\u00e3o da comiss\u00e3o<\/strong>, no entanto, \u00e9 <strong>administrativa<\/strong>, podendo resultar em advert\u00eancias ou outras san\u00e7\u00f5es, mas <strong><mark style=\"background-color:rgba(0, 0, 0, 0)\" class=\"has-inline-color has-vivid-purple-color\">n\u00e3o implica diretamente em consequ\u00eancias penais<\/mark><\/strong>.<\/p>\n\n\n\n<p>Em termos pr\u00e1ticos, a exonera\u00e7\u00e3o j\u00e1 realizada ponde n\u00e3o resultar em efeitos pr\u00e1ticos no cargo ent\u00e3o ocupado, mas <strong><mark style=\"background-color:rgba(0, 0, 0, 0)\" class=\"has-inline-color has-vivid-purple-color\">pode inviabilizar a ocupa\u00e7\u00e3o de outros cargos p\u00fablicos <\/mark><\/strong>pelo ex-ministro.<\/p>\n\n\n\n<h3 class=\"wp-block-heading\" id=\"h-do-s-suposto-s-crime-s-sexual-s\"><span id=\"dos-supostos-crimes-sexuals\">Do(s) suposto(s) crime(s) sexual(s)<\/span><\/h3>\n\n\n\n<p>O artigo 216-A do C\u00f3digo Penal tipifica o crime de <strong><mark style=\"background-color:rgba(0, 0, 0, 0)\" class=\"has-inline-color has-vivid-purple-color\">ass\u00e9dio sexual <\/mark><\/strong>como o ato de<\/p>\n\n\n\n<pre class=\"wp-block-preformatted\">\"constranger algu\u00e9m com o intuito de obter vantagem ou favorecimento sexual, prevalecendo-se o agente de sua condi\u00e7\u00e3o de superior hier\u00e1rquico ou ascend\u00eancia inerente ao exerc\u00edcio de emprego, cargo ou fun\u00e7\u00e3o\".<\/pre>\n\n\n\n<p>A pena para o referido delito \u00e9 de deten\u00e7\u00e3o de 1 a 2 anos.<\/p>\n\n\n\n<p>Tal crime ser\u00e1 a prov\u00e1vel tipifica\u00e7\u00e3o caso comprovadas as den\u00fancias e na hip\u00f3tese de o ex-ministro n\u00e3o ter ido al\u00e9m da conduta de ass\u00e9dio, mas a sua <strong>situa\u00e7\u00e3o pode se complicar<\/strong> caso haja outras condutas, como, por exemplo, a pr\u00e1tica de ato libidinoso sem o consentimento da v\u00edtima.<\/p>\n\n\n\n<p>Isso porque, nos termos do artigo 215-A, do C\u00f3digo Penal, \u00e9 crime de importuna\u00e7\u00e3o sexual a conduta de<\/p>\n\n\n\n<pre class=\"wp-block-preformatted\">\u201cpraticar contra algu\u00e9m e sem a sua anu\u00eancia ato libidinoso com o objetivo de satisfazer a pr\u00f3pria lasc\u00edvia ou a de terceiro\".<\/pre>\n\n\n\n<p>Nesta hip\u00f3tese, a pena j\u00e1 \u00e9 de 1 a 5 anos de reclus\u00e3o, se o ato n\u00e3o constitui crime mais grave.<\/p>\n\n\n\n<p>Esta \u00faltima tipifica\u00e7\u00e3o poder\u00e1 ocorrer, por exemplo, caso comprovada a suposta den\u00fancia de que o ex-ministro teria passado a m\u00e3o nas partes \u00edntimas de uma das v\u00edtimas.<\/p>\n\n\n\n<div class=\"wp-block-media-text is-stacked-on-mobile\"><figure class=\"wp-block-media-text__media\"><img decoding=\"async\" width=\"1024\" height=\"1024\" src=\"https:\/\/cj.estrategia.com\/portal\/wp-content\/uploads\/2024\/09\/09135224\/violencia-genero-assedio-1024x1024.jpg\" alt=\"Ministro, viol\u00eancia de g\u00eanero\" class=\"wp-image-75026 size-full\" srcset=\"https:\/\/cj.estrategia.com\/portal\/wp-content\/uploads\/2024\/09\/09135224\/violencia-genero-assedio-1024x1024.jpg 1024w, https:\/\/cj.estrategia.com\/portal\/wp-content\/uploads\/2024\/09\/09135224\/violencia-genero-assedio-300x300.jpg 300w, https:\/\/cj.estrategia.com\/portal\/wp-content\/uploads\/2024\/09\/09135224\/violencia-genero-assedio-150x150.jpg 150w, https:\/\/cj.estrategia.com\/portal\/wp-content\/uploads\/2024\/09\/09135224\/violencia-genero-assedio-768x768.jpg 768w, https:\/\/cj.estrategia.com\/portal\/wp-content\/uploads\/2024\/09\/09135224\/violencia-genero-assedio-1536x1536.jpg 1536w, https:\/\/cj.estrategia.com\/portal\/wp-content\/uploads\/2024\/09\/09135224\/violencia-genero-assedio-80x80.jpg 80w, https:\/\/cj.estrategia.com\/portal\/wp-content\/uploads\/2024\/09\/09135224\/violencia-genero-assedio-380x380.jpg 380w, https:\/\/cj.estrategia.com\/portal\/wp-content\/uploads\/2024\/09\/09135224\/violencia-genero-assedio-800x800.jpg 800w, https:\/\/cj.estrategia.com\/portal\/wp-content\/uploads\/2024\/09\/09135224\/violencia-genero-assedio-1160x1160.jpg 1160w, https:\/\/cj.estrategia.com\/portal\/wp-content\/uploads\/2024\/09\/09135224\/violencia-genero-assedio-24x24.jpg 24w, https:\/\/cj.estrategia.com\/portal\/wp-content\/uploads\/2024\/09\/09135224\/violencia-genero-assedio-48x48.jpg 48w, https:\/\/cj.estrategia.com\/portal\/wp-content\/uploads\/2024\/09\/09135224\/violencia-genero-assedio-96x96.jpg 96w, https:\/\/cj.estrategia.com\/portal\/wp-content\/uploads\/2024\/09\/09135224\/violencia-genero-assedio.jpg 2000w\" sizes=\"(max-width: 1024px) 100vw, 1024px\" \/><\/figure><div class=\"wp-block-media-text__content\">\n<p>Com certeza, os fatos atribu\u00eddos ao ex-ministro Silvio Almeida trouxeram <strong>graves repercuss\u00f5es pol\u00edticas e sociais<\/strong>, na medida em que <strong><mark style=\"background-color:rgba(0, 0, 0, 0)\" class=\"has-inline-color has-vivid-purple-color\">ele era respons\u00e1vel por promover pol\u00edticas de combate \u00e0 discrimina\u00e7\u00e3o e \u00e0 viol\u00eancia de g\u00eanero<\/mark><\/strong>, \u00e1reas centrais na agenda do governo Lula e objeto das supostas den\u00fancias.<\/p>\n<\/div><\/div>\n\n\n\n<p>Os fatos se agravam ainda mais quando uma das supostas v\u00edtimas, Anielle Franco, \u00e9 defensora das mesmas pautas, ensejando grave como\u00e7\u00e3o social.<\/p>\n\n\n\n<p>Por outro lado, deve-se evitar, por exemplo, um fen\u00f4meno bastante repudiado pela criminologia midi\u00e1tica que \u00e9 a <strong><mark style=\"background-color:rgba(0, 0, 0, 0)\" class=\"has-inline-color has-vivid-purple-color\">espetaculariza\u00e7\u00e3o dos fatos<\/mark><\/strong>, o que pode levar a graves injusti\u00e7as.<\/p>\n\n\n\n<p>Os te\u00f3ricos da criminologia midi\u00e1tica s\u00e3o ferrenhos cr\u00edticos desse tipo de fen\u00f4meno em que <strong>pessoas s\u00e3o jogadas ao julgamento da sociedade<\/strong>, sem contradit\u00f3rio e sofrem impactos que muitas vezes destroem as suas vidas (vide o exemplo do caso da Escola Base, comumente citado pela doutrina).<\/p>\n\n\n\n<hr class=\"wp-block-separator has-alpha-channel-opacity\"\/>\n\n\n\n<h2 class=\"wp-block-heading has-text-align-center\" id=\"h-quer-saber-quais-serao-os-proximos-concursos\"><span id=\"quer-saber-quais-serao-os-proximos-concursos\">Quer saber quais ser\u00e3o os pr\u00f3ximos concursos?<\/span><\/h2>\n\n\n\n<p class=\"has-text-align-center\">Confira nossos&nbsp;<a href=\"https:\/\/cj.estrategia.com\/portal\/\" target=\"_blank\" >artigos para Carreiras Jur\u00eddicas<\/a>!<\/p>\n\n\n\n<p class=\"has-text-align-center has-white-color has-pale-cyan-blue-background-color has-text-color has-background has-link-color wp-elements-f3d5123bb0c8e11604d0c8c7f1ea8be8\"><a href=\"https:\/\/www.estrategiaconcursos.com.br\/blog\/concursos-abertos\/\" target=\"_blank\" >Confira os concursos p\u00fablicos abertos<\/a><\/p>\n\n\n\n<p class=\"has-text-align-center has-white-color has-pale-cyan-blue-background-color has-text-color has-background has-link-color wp-elements-94f2aad2f2b05ea3152ac5320a17d121\"><a href=\"https:\/\/cj.estrategia.com\/portal\/web-stories\/\" target=\"_blank\" >Concursos 2024<\/a><\/p>\n","protected":false},"excerpt":{"rendered":"Ol\u00e1, pessoal! Aqui \u00e9 o professor Allan Joos e hoje vamos falar sobre um epis\u00f3dio ocorrido no cen\u00e1rio&hellip;\n","protected":false},"author":62,"featured_media":75025,"comment_status":"open","ping_status":"open","sticky":false,"template":"","format":"standard","meta":{"_jetpack_memberships_contains_paid_content":false,"footnotes":""},"categories":[1],"tags":[336,899,898,578,900,781,897],"tax_estado":[30,31,32,33,34,35,36,37,38,39,40,41,42,43,44,45,46,47,48,49,50,51,52,53,54,55,56,57],"class_list":{"0":"post-75024","1":"post","2":"type-post","3":"status-publish","4":"format-standard","5":"has-post-thumbnail","7":"category-carreiras-juridicas","8":"tag-analise-juridica","9":"tag-anielle-franco","10":"tag-assedio-sexual","11":"tag-direitos-humanos","12":"tag-etica","13":"tag-presuncao-de-inocencia","14":"tag-silvio-almeida","15":"tax_estado-ac","16":"tax_estado-al","17":"tax_estado-am","18":"tax_estado-ap","19":"tax_estado-ba","20":"tax_estado-ce","21":"tax_estado-concursos-federais","22":"tax_estado-df","23":"tax_estado-es","24":"tax_estado-go","25":"tax_estado-ma","26":"tax_estado-mg","27":"tax_estado-ms","28":"tax_estado-mt","29":"tax_estado-pa","30":"tax_estado-pb","31":"tax_estado-pe","32":"tax_estado-pi","33":"tax_estado-pr","34":"tax_estado-rj","35":"tax_estado-rn","36":"tax_estado-ro","37":"tax_estado-rr","38":"tax_estado-rs","39":"tax_estado-sc","40":"tax_estado-se","41":"tax_estado-sp","42":"tax_estado-to"},"acf":[],"yoast_head":"<!-- This site is optimized with the Yoast SEO Premium plugin v27.4 (Yoast SEO v27.4) - https:\/\/yoast.com\/product\/yoast-seo-premium-wordpress\/ -->\n<title>Ministro Silvio Almeida: acusa\u00e7\u00f5es de ass\u00e9dio sexual e demiss\u00e3o<\/title>\n<meta name=\"description\" content=\"O caso envolvendo o ex-ministro torna importante uma an\u00e1lise jur\u00eddica em raz\u00e3o da probabilidade de cobran\u00e7a em concursos.\" \/>\n<meta name=\"robots\" content=\"index, follow, max-snippet:-1, max-image-preview:large, max-video-preview:-1\" \/>\n<link rel=\"canonical\" href=\"https:\/\/cj.estrategia.com\/portal\/ministro-silvio-almeida-assedio-sexual\/\" \/>\n<meta property=\"og:locale\" content=\"pt_BR\" \/>\n<meta property=\"og:type\" content=\"article\" \/>\n<meta property=\"og:title\" content=\"Ministro Silvio Almeida: as acusa\u00e7\u00f5es de ass\u00e9dio sexual que o levaram \u00e0 demiss\u00e3o\" \/>\n<meta property=\"og:description\" content=\"O caso envolvendo o ex-ministro torna importante uma an\u00e1lise jur\u00eddica em raz\u00e3o da probabilidade de cobran\u00e7a em concursos.\" \/>\n<meta property=\"og:url\" content=\"https:\/\/cj.estrategia.com\/portal\/ministro-silvio-almeida-assedio-sexual\/\" \/>\n<meta property=\"og:site_name\" content=\"Blog - Carreiras Jur\u00eddicas - Estrat\u00e9gia\" \/>\n<meta property=\"article:publisher\" content=\"https:\/\/www.facebook.com\/estrategiacarreirajuridica\/\" \/>\n<meta property=\"article:published_time\" content=\"2024-09-09T17:08:51+00:00\" \/>\n<meta property=\"article:modified_time\" content=\"2024-09-12T20:27:26+00:00\" \/>\n<meta property=\"og:image\" content=\"https:\/\/cj.estrategia.com\/portal\/wp-content\/uploads\/2024\/09\/09134150\/silvio-almeida.png\" \/>\n\t<meta property=\"og:image:width\" content=\"1175\" \/>\n\t<meta property=\"og:image:height\" content=\"765\" \/>\n\t<meta property=\"og:image:type\" content=\"image\/png\" \/>\n<meta name=\"author\" content=\"Allan Joos\" \/>\n<meta name=\"twitter:card\" content=\"summary_large_image\" \/>\n<meta name=\"twitter:creator\" content=\"@EstratJuridica\" \/>\n<meta name=\"twitter:site\" content=\"@EstratJuridica\" \/>\n<meta name=\"twitter:label1\" content=\"Escrito por\" \/>\n\t<meta name=\"twitter:data1\" content=\"Allan Joos\" \/>\n\t<meta name=\"twitter:label2\" content=\"Est. tempo de leitura\" \/>\n\t<meta name=\"twitter:data2\" content=\"6 minutos\" \/>\n<script type=\"application\/ld+json\" class=\"yoast-schema-graph\">{\"@context\":\"https:\\\/\\\/schema.org\",\"@graph\":[{\"@type\":\"NewsArticle\",\"@id\":\"https:\\\/\\\/cj.estrategia.com\\\/portal\\\/ministro-silvio-almeida-assedio-sexual\\\/#article\",\"isPartOf\":{\"@id\":\"https:\\\/\\\/cj.estrategia.com\\\/portal\\\/ministro-silvio-almeida-assedio-sexual\\\/\"},\"author\":{\"name\":\"Allan Joos\",\"@id\":\"https:\\\/\\\/cj.estrategia.com\\\/portal\\\/#\\\/schema\\\/person\\\/c48648992c53b73c046825760c50c2f0\"},\"headline\":\"Ministro Silvio Almeida: as acusa\u00e7\u00f5es de ass\u00e9dio sexual que o levaram \u00e0 demiss\u00e3o\",\"datePublished\":\"2024-09-09T17:08:51+00:00\",\"dateModified\":\"2024-09-12T20:27:26+00:00\",\"mainEntityOfPage\":{\"@id\":\"https:\\\/\\\/cj.estrategia.com\\\/portal\\\/ministro-silvio-almeida-assedio-sexual\\\/\"},\"wordCount\":1074,\"commentCount\":0,\"publisher\":{\"@id\":\"https:\\\/\\\/cj.estrategia.com\\\/portal\\\/#organization\"},\"image\":{\"@id\":\"https:\\\/\\\/cj.estrategia.com\\\/portal\\\/ministro-silvio-almeida-assedio-sexual\\\/#primaryimage\"},\"thumbnailUrl\":\"https:\\\/\\\/cj.estrategia.com\\\/portal\\\/wp-content\\\/uploads\\\/2024\\\/09\\\/09134150\\\/silvio-almeida.png\",\"keywords\":[\"an\u00e1lise jur\u00eddica\",\"Anielle Franco\",\"ass\u00e9dio sexual\",\"direitos humanos\",\"\u00e9tica\",\"presun\u00e7\u00e3o de inoc\u00eancia\",\"Silvio Almeida\"],\"articleSection\":[\"Carreiras Jur\u00eddicas\"],\"inLanguage\":\"pt-BR\",\"potentialAction\":[{\"@type\":\"CommentAction\",\"name\":\"Comment\",\"target\":[\"https:\\\/\\\/cj.estrategia.com\\\/portal\\\/ministro-silvio-almeida-assedio-sexual\\\/#respond\"]}]},{\"@type\":\"WebPage\",\"@id\":\"https:\\\/\\\/cj.estrategia.com\\\/portal\\\/ministro-silvio-almeida-assedio-sexual\\\/\",\"url\":\"https:\\\/\\\/cj.estrategia.com\\\/portal\\\/ministro-silvio-almeida-assedio-sexual\\\/\",\"name\":\"Ministro Silvio Almeida: acusa\u00e7\u00f5es de ass\u00e9dio sexual e demiss\u00e3o\",\"isPartOf\":{\"@id\":\"https:\\\/\\\/cj.estrategia.com\\\/portal\\\/#website\"},\"primaryImageOfPage\":{\"@id\":\"https:\\\/\\\/cj.estrategia.com\\\/portal\\\/ministro-silvio-almeida-assedio-sexual\\\/#primaryimage\"},\"image\":{\"@id\":\"https:\\\/\\\/cj.estrategia.com\\\/portal\\\/ministro-silvio-almeida-assedio-sexual\\\/#primaryimage\"},\"thumbnailUrl\":\"https:\\\/\\\/cj.estrategia.com\\\/portal\\\/wp-content\\\/uploads\\\/2024\\\/09\\\/09134150\\\/silvio-almeida.png\",\"datePublished\":\"2024-09-09T17:08:51+00:00\",\"dateModified\":\"2024-09-12T20:27:26+00:00\",\"description\":\"O caso envolvendo o ex-ministro torna importante uma an\u00e1lise jur\u00eddica em raz\u00e3o da probabilidade de cobran\u00e7a em concursos.\",\"breadcrumb\":{\"@id\":\"https:\\\/\\\/cj.estrategia.com\\\/portal\\\/ministro-silvio-almeida-assedio-sexual\\\/#breadcrumb\"},\"inLanguage\":\"pt-BR\",\"potentialAction\":[{\"@type\":\"ReadAction\",\"target\":[\"https:\\\/\\\/cj.estrategia.com\\\/portal\\\/ministro-silvio-almeida-assedio-sexual\\\/\"]}]},{\"@type\":\"ImageObject\",\"inLanguage\":\"pt-BR\",\"@id\":\"https:\\\/\\\/cj.estrategia.com\\\/portal\\\/ministro-silvio-almeida-assedio-sexual\\\/#primaryimage\",\"url\":\"https:\\\/\\\/cj.estrategia.com\\\/portal\\\/wp-content\\\/uploads\\\/2024\\\/09\\\/09134150\\\/silvio-almeida.png\",\"contentUrl\":\"https:\\\/\\\/cj.estrategia.com\\\/portal\\\/wp-content\\\/uploads\\\/2024\\\/09\\\/09134150\\\/silvio-almeida.png\",\"width\":1175,\"height\":765},{\"@type\":\"BreadcrumbList\",\"@id\":\"https:\\\/\\\/cj.estrategia.com\\\/portal\\\/ministro-silvio-almeida-assedio-sexual\\\/#breadcrumb\",\"itemListElement\":[{\"@type\":\"ListItem\",\"position\":1,\"name\":\"In\u00edcio\",\"item\":\"https:\\\/\\\/cj.estrategia.com\\\/portal\\\/\"},{\"@type\":\"ListItem\",\"position\":2,\"name\":\"Ministro Silvio Almeida: as acusa\u00e7\u00f5es de ass\u00e9dio sexual que o levaram \u00e0 demiss\u00e3o\"}]},{\"@type\":\"WebSite\",\"@id\":\"https:\\\/\\\/cj.estrategia.com\\\/portal\\\/#website\",\"url\":\"https:\\\/\\\/cj.estrategia.com\\\/portal\\\/\",\"name\":\"Blog - Carreiras Jur\u00eddicas - Estrat\u00e9gia\",\"description\":\"\",\"publisher\":{\"@id\":\"https:\\\/\\\/cj.estrategia.com\\\/portal\\\/#organization\"},\"potentialAction\":[{\"@type\":\"SearchAction\",\"target\":{\"@type\":\"EntryPoint\",\"urlTemplate\":\"https:\\\/\\\/cj.estrategia.com\\\/portal\\\/?s={search_term_string}\"},\"query-input\":{\"@type\":\"PropertyValueSpecification\",\"valueRequired\":true,\"valueName\":\"search_term_string\"}}],\"inLanguage\":\"pt-BR\"},{\"@type\":\"Organization\",\"@id\":\"https:\\\/\\\/cj.estrategia.com\\\/portal\\\/#organization\",\"name\":\"Estrat\u00e9gia - Carreiras Jur\u00eddicas\",\"url\":\"https:\\\/\\\/cj.estrategia.com\\\/portal\\\/\",\"logo\":{\"@type\":\"ImageObject\",\"inLanguage\":\"pt-BR\",\"@id\":\"https:\\\/\\\/cj.estrategia.com\\\/portal\\\/#\\\/schema\\\/logo\\\/image\\\/\",\"url\":\"https:\\\/\\\/cj.estrategia.com\\\/portal\\\/wp-content\\\/uploads\\\/2022\\\/03\\\/11151052\\\/cj-logo.png\",\"contentUrl\":\"https:\\\/\\\/cj.estrategia.com\\\/portal\\\/wp-content\\\/uploads\\\/2022\\\/03\\\/11151052\\\/cj-logo.png\",\"width\":150,\"height\":39,\"caption\":\"Estrat\u00e9gia - Carreiras Jur\u00eddicas\"},\"image\":{\"@id\":\"https:\\\/\\\/cj.estrategia.com\\\/portal\\\/#\\\/schema\\\/logo\\\/image\\\/\"},\"sameAs\":[\"https:\\\/\\\/www.facebook.com\\\/estrategiacarreirajuridica\\\/\",\"https:\\\/\\\/x.com\\\/EstratJuridica\",\"https:\\\/\\\/www.instagram.com\\\/estrategiacarreirajuridica\\\/\",\"https:\\\/\\\/www.youtube.com\\\/channel\\\/UClbMGuYbj2Mh1m3w144ETWQ\"]},{\"@type\":\"Person\",\"@id\":\"https:\\\/\\\/cj.estrategia.com\\\/portal\\\/#\\\/schema\\\/person\\\/c48648992c53b73c046825760c50c2f0\",\"name\":\"Allan Joos\",\"image\":{\"@type\":\"ImageObject\",\"inLanguage\":\"pt-BR\",\"@id\":\"https:\\\/\\\/secure.gravatar.com\\\/avatar\\\/1b8f33b5c8b83dae3a0e569e23f1e6d1898a7771af6690410413809652612016?s=96&d=mm&r=g\",\"url\":\"https:\\\/\\\/secure.gravatar.com\\\/avatar\\\/1b8f33b5c8b83dae3a0e569e23f1e6d1898a7771af6690410413809652612016?s=96&d=mm&r=g\",\"contentUrl\":\"https:\\\/\\\/secure.gravatar.com\\\/avatar\\\/1b8f33b5c8b83dae3a0e569e23f1e6d1898a7771af6690410413809652612016?s=96&d=mm&r=g\",\"caption\":\"Allan Joos\"},\"url\":\"https:\\\/\\\/cj.estrategia.com\\\/portal\\\/author\\\/allan-joos\\\/\"}]}<\/script>\n<!-- \/ Yoast SEO Premium plugin. -->","yoast_head_json":{"title":"Ministro Silvio Almeida: acusa\u00e7\u00f5es de ass\u00e9dio sexual e demiss\u00e3o","description":"O caso envolvendo o ex-ministro torna importante uma an\u00e1lise jur\u00eddica em raz\u00e3o da probabilidade de cobran\u00e7a em concursos.","robots":{"index":"index","follow":"follow","max-snippet":"max-snippet:-1","max-image-preview":"max-image-preview:large","max-video-preview":"max-video-preview:-1"},"canonical":"https:\/\/cj.estrategia.com\/portal\/ministro-silvio-almeida-assedio-sexual\/","og_locale":"pt_BR","og_type":"article","og_title":"Ministro Silvio Almeida: as acusa\u00e7\u00f5es de ass\u00e9dio sexual que o levaram \u00e0 demiss\u00e3o","og_description":"O caso envolvendo o ex-ministro torna importante uma an\u00e1lise jur\u00eddica em raz\u00e3o da probabilidade de cobran\u00e7a em concursos.","og_url":"https:\/\/cj.estrategia.com\/portal\/ministro-silvio-almeida-assedio-sexual\/","og_site_name":"Blog - Carreiras Jur\u00eddicas - Estrat\u00e9gia","article_publisher":"https:\/\/www.facebook.com\/estrategiacarreirajuridica\/","article_published_time":"2024-09-09T17:08:51+00:00","article_modified_time":"2024-09-12T20:27:26+00:00","og_image":[{"width":1175,"height":765,"url":"https:\/\/cj.estrategia.com\/portal\/wp-content\/uploads\/2024\/09\/09134150\/silvio-almeida.png","type":"image\/png"}],"author":"Allan Joos","twitter_card":"summary_large_image","twitter_creator":"@EstratJuridica","twitter_site":"@EstratJuridica","twitter_misc":{"Escrito por":"Allan Joos","Est. tempo de leitura":"6 minutos"},"schema":{"@context":"https:\/\/schema.org","@graph":[{"@type":"NewsArticle","@id":"https:\/\/cj.estrategia.com\/portal\/ministro-silvio-almeida-assedio-sexual\/#article","isPartOf":{"@id":"https:\/\/cj.estrategia.com\/portal\/ministro-silvio-almeida-assedio-sexual\/"},"author":{"name":"Allan Joos","@id":"https:\/\/cj.estrategia.com\/portal\/#\/schema\/person\/c48648992c53b73c046825760c50c2f0"},"headline":"Ministro Silvio Almeida: as acusa\u00e7\u00f5es de ass\u00e9dio sexual que o levaram \u00e0 demiss\u00e3o","datePublished":"2024-09-09T17:08:51+00:00","dateModified":"2024-09-12T20:27:26+00:00","mainEntityOfPage":{"@id":"https:\/\/cj.estrategia.com\/portal\/ministro-silvio-almeida-assedio-sexual\/"},"wordCount":1074,"commentCount":0,"publisher":{"@id":"https:\/\/cj.estrategia.com\/portal\/#organization"},"image":{"@id":"https:\/\/cj.estrategia.com\/portal\/ministro-silvio-almeida-assedio-sexual\/#primaryimage"},"thumbnailUrl":"https:\/\/cj.estrategia.com\/portal\/wp-content\/uploads\/2024\/09\/09134150\/silvio-almeida.png","keywords":["an\u00e1lise jur\u00eddica","Anielle Franco","ass\u00e9dio sexual","direitos humanos","\u00e9tica","presun\u00e7\u00e3o de inoc\u00eancia","Silvio Almeida"],"articleSection":["Carreiras Jur\u00eddicas"],"inLanguage":"pt-BR","potentialAction":[{"@type":"CommentAction","name":"Comment","target":["https:\/\/cj.estrategia.com\/portal\/ministro-silvio-almeida-assedio-sexual\/#respond"]}]},{"@type":"WebPage","@id":"https:\/\/cj.estrategia.com\/portal\/ministro-silvio-almeida-assedio-sexual\/","url":"https:\/\/cj.estrategia.com\/portal\/ministro-silvio-almeida-assedio-sexual\/","name":"Ministro Silvio Almeida: acusa\u00e7\u00f5es de ass\u00e9dio sexual e demiss\u00e3o","isPartOf":{"@id":"https:\/\/cj.estrategia.com\/portal\/#website"},"primaryImageOfPage":{"@id":"https:\/\/cj.estrategia.com\/portal\/ministro-silvio-almeida-assedio-sexual\/#primaryimage"},"image":{"@id":"https:\/\/cj.estrategia.com\/portal\/ministro-silvio-almeida-assedio-sexual\/#primaryimage"},"thumbnailUrl":"https:\/\/cj.estrategia.com\/portal\/wp-content\/uploads\/2024\/09\/09134150\/silvio-almeida.png","datePublished":"2024-09-09T17:08:51+00:00","dateModified":"2024-09-12T20:27:26+00:00","description":"O caso envolvendo o ex-ministro torna importante uma an\u00e1lise jur\u00eddica em raz\u00e3o da probabilidade de cobran\u00e7a em concursos.","breadcrumb":{"@id":"https:\/\/cj.estrategia.com\/portal\/ministro-silvio-almeida-assedio-sexual\/#breadcrumb"},"inLanguage":"pt-BR","potentialAction":[{"@type":"ReadAction","target":["https:\/\/cj.estrategia.com\/portal\/ministro-silvio-almeida-assedio-sexual\/"]}]},{"@type":"ImageObject","inLanguage":"pt-BR","@id":"https:\/\/cj.estrategia.com\/portal\/ministro-silvio-almeida-assedio-sexual\/#primaryimage","url":"https:\/\/cj.estrategia.com\/portal\/wp-content\/uploads\/2024\/09\/09134150\/silvio-almeida.png","contentUrl":"https:\/\/cj.estrategia.com\/portal\/wp-content\/uploads\/2024\/09\/09134150\/silvio-almeida.png","width":1175,"height":765},{"@type":"BreadcrumbList","@id":"https:\/\/cj.estrategia.com\/portal\/ministro-silvio-almeida-assedio-sexual\/#breadcrumb","itemListElement":[{"@type":"ListItem","position":1,"name":"In\u00edcio","item":"https:\/\/cj.estrategia.com\/portal\/"},{"@type":"ListItem","position":2,"name":"Ministro Silvio Almeida: as acusa\u00e7\u00f5es de ass\u00e9dio sexual que o levaram \u00e0 demiss\u00e3o"}]},{"@type":"WebSite","@id":"https:\/\/cj.estrategia.com\/portal\/#website","url":"https:\/\/cj.estrategia.com\/portal\/","name":"Blog - Carreiras Jur\u00eddicas - Estrat\u00e9gia","description":"","publisher":{"@id":"https:\/\/cj.estrategia.com\/portal\/#organization"},"potentialAction":[{"@type":"SearchAction","target":{"@type":"EntryPoint","urlTemplate":"https:\/\/cj.estrategia.com\/portal\/?s={search_term_string}"},"query-input":{"@type":"PropertyValueSpecification","valueRequired":true,"valueName":"search_term_string"}}],"inLanguage":"pt-BR"},{"@type":"Organization","@id":"https:\/\/cj.estrategia.com\/portal\/#organization","name":"Estrat\u00e9gia - Carreiras Jur\u00eddicas","url":"https:\/\/cj.estrategia.com\/portal\/","logo":{"@type":"ImageObject","inLanguage":"pt-BR","@id":"https:\/\/cj.estrategia.com\/portal\/#\/schema\/logo\/image\/","url":"https:\/\/cj.estrategia.com\/portal\/wp-content\/uploads\/2022\/03\/11151052\/cj-logo.png","contentUrl":"https:\/\/cj.estrategia.com\/portal\/wp-content\/uploads\/2022\/03\/11151052\/cj-logo.png","width":150,"height":39,"caption":"Estrat\u00e9gia - Carreiras Jur\u00eddicas"},"image":{"@id":"https:\/\/cj.estrategia.com\/portal\/#\/schema\/logo\/image\/"},"sameAs":["https:\/\/www.facebook.com\/estrategiacarreirajuridica\/","https:\/\/x.com\/EstratJuridica","https:\/\/www.instagram.com\/estrategiacarreirajuridica\/","https:\/\/www.youtube.com\/channel\/UClbMGuYbj2Mh1m3w144ETWQ"]},{"@type":"Person","@id":"https:\/\/cj.estrategia.com\/portal\/#\/schema\/person\/c48648992c53b73c046825760c50c2f0","name":"Allan Joos","image":{"@type":"ImageObject","inLanguage":"pt-BR","@id":"https:\/\/secure.gravatar.com\/avatar\/1b8f33b5c8b83dae3a0e569e23f1e6d1898a7771af6690410413809652612016?s=96&d=mm&r=g","url":"https:\/\/secure.gravatar.com\/avatar\/1b8f33b5c8b83dae3a0e569e23f1e6d1898a7771af6690410413809652612016?s=96&d=mm&r=g","contentUrl":"https:\/\/secure.gravatar.com\/avatar\/1b8f33b5c8b83dae3a0e569e23f1e6d1898a7771af6690410413809652612016?s=96&d=mm&r=g","caption":"Allan Joos"},"url":"https:\/\/cj.estrategia.com\/portal\/author\/allan-joos\/"}]}},"jetpack_featured_media_url":"https:\/\/cj.estrategia.com\/portal\/wp-content\/uploads\/2024\/09\/09134150\/silvio-almeida.png","jetpack_sharing_enabled":true,"_links":{"self":[{"href":"https:\/\/cj.estrategia.com\/portal\/wp-json\/wp\/v2\/posts\/75024","targetHints":{"allow":["GET"]}}],"collection":[{"href":"https:\/\/cj.estrategia.com\/portal\/wp-json\/wp\/v2\/posts"}],"about":[{"href":"https:\/\/cj.estrategia.com\/portal\/wp-json\/wp\/v2\/types\/post"}],"author":[{"embeddable":true,"href":"https:\/\/cj.estrategia.com\/portal\/wp-json\/wp\/v2\/users\/62"}],"replies":[{"embeddable":true,"href":"https:\/\/cj.estrategia.com\/portal\/wp-json\/wp\/v2\/comments?post=75024"}],"version-history":[{"count":2,"href":"https:\/\/cj.estrategia.com\/portal\/wp-json\/wp\/v2\/posts\/75024\/revisions"}],"predecessor-version":[{"id":75029,"href":"https:\/\/cj.estrategia.com\/portal\/wp-json\/wp\/v2\/posts\/75024\/revisions\/75029"}],"wp:featuredmedia":[{"embeddable":true,"href":"https:\/\/cj.estrategia.com\/portal\/wp-json\/wp\/v2\/media\/75025"}],"wp:attachment":[{"href":"https:\/\/cj.estrategia.com\/portal\/wp-json\/wp\/v2\/media?parent=75024"}],"wp:term":[{"taxonomy":"category","embeddable":true,"href":"https:\/\/cj.estrategia.com\/portal\/wp-json\/wp\/v2\/categories?post=75024"},{"taxonomy":"post_tag","embeddable":true,"href":"https:\/\/cj.estrategia.com\/portal\/wp-json\/wp\/v2\/tags?post=75024"},{"taxonomy":"tax_estado","embeddable":true,"href":"https:\/\/cj.estrategia.com\/portal\/wp-json\/wp\/v2\/tax_estado?post=75024"}],"curies":[{"name":"wp","href":"https:\/\/api.w.org\/{rel}","templated":true}]}}