{"id":74862,"date":"2024-09-06T18:55:25","date_gmt":"2024-09-06T21:55:25","guid":{"rendered":"https:\/\/cj.estrategia.com\/portal\/?p=74862"},"modified":"2024-09-12T17:26:40","modified_gmt":"2024-09-12T20:26:40","slug":"jurisprudencia-defensiva-stj","status":"publish","type":"post","link":"https:\/\/cj.estrategia.com\/portal\/jurisprudencia-defensiva-stj\/","title":{"rendered":"Jurisprud\u00eancia defensiva? STJ reavalia exig\u00eancia de data anterior \u00e0 interposi\u00e7\u00e3o do recurso em procura\u00e7\u00f5es (AREsp 2.509.244)"},"content":{"rendered":"\n<p><em>An\u00e1lise jur\u00eddica sobre a decis\u00e3o do STJ (AREsp 2.509.244) que reavalia se procura\u00e7\u00f5es devem ter data anterior ao recurso.<\/em><\/p>\n\n\n\n<figure class=\"wp-block-image size-large\"><img decoding=\"async\" width=\"1024\" height=\"683\" src=\"https:\/\/cj.estrategia.com\/portal\/wp-content\/uploads\/2024\/09\/06174741\/businessman-examining-papers-table-1024x683.jpg\" alt=\"Jurisprud\u00eancia defensiva\" class=\"wp-image-74863\" srcset=\"https:\/\/cj.estrategia.com\/portal\/wp-content\/uploads\/2024\/09\/06174741\/businessman-examining-papers-table-1024x683.jpg 1024w, https:\/\/cj.estrategia.com\/portal\/wp-content\/uploads\/2024\/09\/06174741\/businessman-examining-papers-table-300x200.jpg 300w, https:\/\/cj.estrategia.com\/portal\/wp-content\/uploads\/2024\/09\/06174741\/businessman-examining-papers-table-768x512.jpg 768w, https:\/\/cj.estrategia.com\/portal\/wp-content\/uploads\/2024\/09\/06174741\/businessman-examining-papers-table-1536x1024.jpg 1536w, https:\/\/cj.estrategia.com\/portal\/wp-content\/uploads\/2024\/09\/06174741\/businessman-examining-papers-table-2048x1365.jpg 2048w, https:\/\/cj.estrategia.com\/portal\/wp-content\/uploads\/2024\/09\/06174741\/businessman-examining-papers-table-380x253.jpg 380w, https:\/\/cj.estrategia.com\/portal\/wp-content\/uploads\/2024\/09\/06174741\/businessman-examining-papers-table-800x533.jpg 800w, https:\/\/cj.estrategia.com\/portal\/wp-content\/uploads\/2024\/09\/06174741\/businessman-examining-papers-table-1160x773.jpg 1160w, https:\/\/cj.estrategia.com\/portal\/wp-content\/uploads\/2024\/09\/06174741\/businessman-examining-papers-table-150x100.jpg 150w, https:\/\/cj.estrategia.com\/portal\/wp-content\/uploads\/2024\/09\/06174741\/businessman-examining-papers-table-scaled.jpg 2560w\" sizes=\"(max-width: 1024px) 100vw, 1024px\" \/><\/figure>\n\n\n\n<h2 class=\"wp-block-heading\" id=\"h-introducao\" style=\"font-style:normal;font-weight:400\"><span id=\"introducao\"><strong>Introdu\u00e7\u00e3o<\/strong><\/span><\/h2>\n\n\n\n<p>Imagine a seguinte situa\u00e7\u00e3o hipot\u00e9tica: <\/p>\n\n\n\n<div class=\"wp-block-group is-style-cnvs-block-shadow\"><div class=\"wp-block-group__inner-container is-layout-constrained wp-block-group-is-layout-constrained\">\n<p>Um advogado, representando seu cliente em um complexo processo judicial, prepara cuidadosamente um recurso especial para o Superior Tribunal de Justi\u00e7a (STJ).\u00a0<\/p>\n\n\n\n<p>No entanto, ao protocolar o recurso, o advogado percebe que a procura\u00e7\u00e3o que o cliente lhe outorgou est\u00e1 datada um dia ap\u00f3s a interposi\u00e7\u00e3o do recurso.\u00a0<\/p>\n\n\n\n<p>Ou seja, suponha que ele protocolou o recurso no dia 06\/09\/2024, mas o cliente passa no seu escrit\u00f3rio e assina a procura\u00e7\u00e3o datada do dia 07\/09\/2024.<\/p>\n\n\n\n<p>O cerne \u00e9: essa simples quest\u00e3o formal poderia resultar na n\u00e3o admiss\u00e3o do recurso, independentemente de seu m\u00e9rito?<\/p>\n<\/div><\/div>\n\n\n\n<p>Esta situa\u00e7\u00e3o, aparentemente \u201ctrivial\u201d, est\u00e1 no cerne de um debate significativo no STJ.\u00a0<\/p>\n\n\n\n<p>A 1\u00aa Turma do STJ est\u00e1 reavaliando a necessidade de barrar o tr\u00e2mite de um processo quando a procura\u00e7\u00e3o outorgada pela parte ao advogado tiver data posterior \u00e0quela em que o recurso especial foi interposto.\u00a0<\/p>\n\n\n\n<p>Nessa linha, aproveitamos o assunto que ser\u00e1 levantado durante o julgamento do AREsp 2.509.244 para colocar em evid\u00eancia o delicado equil\u00edbrio entre \u201cformalismo processual\u201d e\/ou \u201cefetividade da justi\u00e7a\u201d.<\/p>\n\n\n\n<p>Perceba: a quest\u00e3o toca diretamente no princ\u00edpio constitucional do acesso \u00e0 justi\u00e7a, previsto no art. 5\u00ba, XXXV da Constitui\u00e7\u00e3o Federal, que estabelece que \u201ca lei n\u00e3o excluir\u00e1 da aprecia\u00e7\u00e3o do Poder Judici\u00e1rio les\u00e3o ou amea\u00e7a a direito\u201d.\u00a0<\/p>\n\n\n\n<p>Al\u00e9m disso, envolve a interpreta\u00e7\u00e3o do art. 104 do C\u00f3digo de Processo Civil (CPC) de 2015, que trata da representa\u00e7\u00e3o em ju\u00edzo, e do art. 76 do mesmo c\u00f3digo, que permite a corre\u00e7\u00e3o de v\u00edcios processuais.<\/p>\n\n\n\n<p>Vamos l\u00e1 que eu vou te explicar cuidadosamente.<\/p>\n\n\n\n<h2 class=\"wp-block-heading\" id=\"h-interpretacao-das-normas-da-cf-cpc-sobre-representacao-processual\" style=\"font-style:normal;font-weight:400\"><span id=\"interpretacao-das-normas-da-cf-cpc-sobre-representacao-processual\"><strong>Interpreta\u00e7\u00e3o das Normas da CF\/CPC sobre Representa\u00e7\u00e3o Processual<\/strong><\/span><\/h2>\n\n\n\n<p>No fundo, o tema tamb\u00e9m aborda o que chamamos de <strong>\u201crepresenta\u00e7\u00e3o processual\u201d<\/strong>.<\/p>\n\n\n\n<p>Somente para que voc\u00ea tenha no\u00e7\u00e3o, antigamente, o C\u00f3digo de Processo Civil de 1973 adotava uma postura mais r\u00edgida quanto \u00e0 representa\u00e7\u00e3o processual, consolidada na S\u00famula 115 do STJ, que considerava inexistente o recurso interposto por advogado sem procura\u00e7\u00e3o nos autos.\u00a0<\/p>\n\n\n\n<p>Por outro lado, o CPC de 2015, no entanto, trouxe uma abordagem mais flex\u00edvel, em conson\u00e2ncia com o princ\u00edpio da primazia do julgamento de m\u00e9rito, expresso em seu art. 4\u00ba, que determina que \u201cas partes t\u00eam o direito de obter em prazo razo\u00e1vel a solu\u00e7\u00e3o integral do m\u00e9rito, inclu\u00edda a atividade satisfativa\u201d.\u00a0<\/p>\n\n\n\n<p>Neste contexto, destacamos do CPC os dispositivos:<\/p>\n\n\n\n<pre class=\"wp-block-preformatted\">Art. 76, \u00a7 2\u00ba: Possibilita a corre\u00e7\u00e3o de v\u00edcios de representa\u00e7\u00e3o, estabelecendo que \"o ato n\u00e3o ser\u00e1 repetido nem sua falta ser\u00e1 suprida quando n\u00e3o prejudicar a parte\".<\/pre>\n\n\n\n<pre class=\"wp-block-preformatted\">Art. 932, par\u00e1grafo \u00fanico: Determina que o relator conceda prazo de cinco dias para corre\u00e7\u00e3o de v\u00edcios antes de considerar o recurso inadmiss\u00edvel, afirmando que \"antes de considerar inadmiss\u00edvel o recurso, o relator conceder\u00e1 o prazo de 5 (cinco) dias ao recorrente para que seja sanado v\u00edcio ou complementada a documenta\u00e7\u00e3o exig\u00edvel\".<\/pre>\n\n\n\n<p>Em outras palavras, a busca pela solu\u00e7\u00e3o do m\u00e9rito, e a possibilidade de sanear v\u00edcios sempre foi algo muito expresso do CPC e patente pela inten\u00e7\u00e3o do legislador.<\/p>\n\n\n\n<h2 class=\"wp-block-heading\" id=\"h-jurisprudencia-defensiva\" style=\"font-style:normal;font-weight:400\"><span id=\"jurisprudencia-defensiva\"><strong>\u201cJurisprud\u00eancia defensiva\u201d<\/strong><\/span><\/h2>\n\n\n\n<p>Informalmente, a chamada \u201cjurisprud\u00eancia defensiva\u201d refere-se \u00e0 pr\u00e1tica dos tribunais de criar obst\u00e1culos formais \u00e0 admissibilidade de recursos, visando reduzir o volume de processos.\u00a0<\/p>\n\n\n\n<p class=\"has-background\" style=\"background-color:#ffe59c\">Aten\u00e7\u00e3o: N\u00e3o coloque isso em provas subjetivas ou fale em prova oral.\u00a0<\/p>\n\n\n\n<p>Segundo<strong> Fredie Didier Jr. e Leonardo Carneiro da Cunha<\/strong>, em seu <strong>\u201cCurso de Direito Processual Civil\u201d<\/strong> (DIDIER JR., Fredie; CUNHA, Leonardo Carneiro da. Curso de direito processual civil: meios de impugna\u00e7\u00e3o \u00e0s decis\u00f5es judiciais e processo nos tribunais. 13. ed. Salvador: JusPodivm, 2016, p. 316), esta pr\u00e1tica muitas vezes privilegia aspectos formais em detrimento do m\u00e9rito das causas, afirmando que \u201c<strong><em>a jurisprud\u00eancia defensiva consiste em um conjunto de entendimentos judiciais que criam obst\u00e1culos ao conhecimento de recursos, dificultando a an\u00e1lise do m\u00e9rito do recurso e, consequentemente, o acesso \u00e0 justi\u00e7a\u201d.<\/em><\/strong><\/p>\n\n\n\n<p>O <strong>ministro Humberto Martins<\/strong>, em decis\u00e3o no <strong>AgInt no AREsp 957.821\/RS (2017)<\/strong>,\u00a0 j\u00e1 afirmou que \u201c<strong>a jurisprud\u00eancia defensiva n\u00e3o pode prevalecer a ponto de afastar o cumprimento da garantia constitucional de acesso \u00e0 Justi\u00e7a\u201d.\u00a0<\/strong><\/p>\n\n\n\n<p>Ou seja, a declara\u00e7\u00e3o reflete uma crescente preocupa\u00e7\u00e3o no judici\u00e1rio com os efeitos potencialmente nocivos de uma aplica\u00e7\u00e3o excessivamente r\u00edgida das regras processuais.<\/p>\n\n\n\n<p>\u00c9 como se quis\u00e9ssemos dizer que por uma \u201cbesteira\u201d o m\u00e9rito n\u00e3o seria examinado. Entretanto, \u00e9 necess\u00e1rio, obviamente, entender que h\u00e1 algumas quest\u00f5es formais que s\u00e3o fundamentais para que o processo tenha um rito, sob pena de extinguir as formalidades cab\u00edveis que d\u00e3o seguran\u00e7a jur\u00eddica.<\/p>\n\n\n\n<p>Vejamos alguns exemplos de jurisprud\u00eancia defensiva em recursos especiais e extraordin\u00e1rios, citadas pela doutrina:<\/p>\n\n\n\n<p class=\"has-background\" style=\"background-color:#ffe59c;font-size:16px\"><strong>1.<\/strong> <strong>Exig\u00eancia de ratifica\u00e7\u00e3o do recurso interposto antes do julgamento dos embargos de declara\u00e7\u00e3o (S\u00famula 418 do STJ, posteriormente cancelada).<\/strong><\/p>\n\n\n\n<ol class=\"wp-block-list\">\n<li><\/li>\n<\/ol>\n\n\n\n<ol class=\"wp-block-list\">\n<li><\/li>\n<\/ol>\n\n\n\n<p>Esta s\u00famula, antes de ser cancelada, estabelecia que \u201c<em>\u00c9 inadmiss\u00edvel o recurso especial interposto antes da publica\u00e7\u00e3o do ac\u00f3rd\u00e3o dos embargos de declara\u00e7\u00e3o, sem posterior ratifica\u00e7\u00e3o\u201d.<\/em> Na pr\u00e1tica, isso significava que se uma parte interpusesse um recurso especial ap\u00f3s a publica\u00e7\u00e3o do ac\u00f3rd\u00e3o principal, mas antes do julgamento de embargos de declara\u00e7\u00e3o opostos pela parte contr\u00e1ria, esse recurso seria considerado prematuro e inadmiss\u00edvel, a menos que fosse ratificado ap\u00f3s o julgamento dos embargos.<\/p>\n\n\n\n<p class=\"has-background\" style=\"background-color:#ffe59c\"><strong>2. N\u00e3o conhecimento de recurso por diverg\u00eancia jurisprudencial quando o recorrente n\u00e3o realiza o cotejo anal\u00edtico entre o ac\u00f3rd\u00e3o recorrido e os paradigmas (art. 1029, \u00a71\u00ba, do CPC\/2015).<\/strong><\/p>\n\n\n\n<ol class=\"wp-block-list\" start=\"2\">\n<li><\/li>\n<\/ol>\n\n\n\n<p>O recurso especial pode ser interposto com base em diverg\u00eancia jurisprudencial, ou seja, quando o ac\u00f3rd\u00e3o recorrido d\u00e1 interpreta\u00e7\u00e3o \u00e0 lei federal diferente da que lhe haja atribu\u00eddo outro tribunal. O art. 1029, \u00a71\u00ba do CPC\/2015 exige que o recorrente fa\u00e7a a prova da diverg\u00eancia com a certid\u00e3o, c\u00f3pia ou cita\u00e7\u00e3o do reposit\u00f3rio de jurisprud\u00eancia.<\/p>\n\n\n\n<p>O \u201ccotejo anal\u00edtico\u201d mencionado refere-se \u00e0 necessidade de o recorrente demonstrar, de forma clara e espec\u00edfica, como o ac\u00f3rd\u00e3o recorrido diverge dos ac\u00f3rd\u00e3os paradigmas citados. N\u00e3o basta apenas citar decis\u00f5es diferentes; <strong>\u00e9 preciso explicar detalhadamente como os casos s\u00e3o similares e como a interpreta\u00e7\u00e3o da lei foi diferente.<\/strong><\/p>\n\n\n\n<p>Muitos recursos n\u00e3o s\u00e3o conhecidos porque os tribunais consideram que este cotejo n\u00e3o foi feito adequadamente, mesmo quando a diverg\u00eancia pare\u00e7a evidente.\u00a0<\/p>\n\n\n\n<p class=\"has-background\" style=\"background-color:#ffe59c\"><strong>3.<\/strong> <strong>Inadmissibilidade de recurso por aus\u00eancia de prequestionamento, mesmo quando a quest\u00e3o federal surge apenas no ac\u00f3rd\u00e3o recorrido (S\u00famula 282 do STF).<\/strong><\/p>\n\n\n\n<ol class=\"wp-block-list\" start=\"3\">\n<li><\/li>\n<\/ol>\n\n\n\n<p>O prequestionamento \u00e9 a exig\u00eancia de que a quest\u00e3o federal ou constitucional que se pretende discutir no recurso especial ou extraordin\u00e1rio tenha sido debatida e decidida pela inst\u00e2ncia inferior. <\/p>\n\n\n\n<pre class=\"wp-block-preformatted\">A S\u00famula 282 do STF diz: \"\u00c9 inadmiss\u00edvel o recurso extraordin\u00e1rio quando n\u00e3o ventilada, na decis\u00e3o recorrida, a quest\u00e3o federal suscitada\".<\/pre>\n\n\n\n<p>O problema surge quando a pr\u00f3pria decis\u00e3o recorrida introduz uma quest\u00e3o federal nova, que n\u00e3o havia sido discutida anteriormente no processo. Nestes casos, alguns tribunais ainda aplicam rigidamente a exig\u00eancia de prequestionamento, n\u00e3o admitindo o recurso mesmo quando a parte n\u00e3o teve oportunidade de suscitar a quest\u00e3o anteriormente.<\/p>\n\n\n\n<p class=\"has-background\" style=\"background-color:#ffe59c\"><strong>4.<\/strong> <strong>Exig\u00eancia de comprova\u00e7\u00e3o de feriado local no ato de interposi\u00e7\u00e3o do recurso (art. 1003, \u00a76\u00ba, do CPC\/2015).<\/strong><\/p>\n\n\n\n<ol class=\"wp-block-list\" start=\"4\">\n<li><\/li>\n<\/ol>\n\n\n\n<pre class=\"wp-block-preformatted\">O art. 1003, \u00a76\u00ba do CPC\/2015 estabelece que <em>\"O recorrente comprovar\u00e1 a ocorr\u00eancia de feriado local no ato de interposi\u00e7\u00e3o do recurso\". <\/em><\/pre>\n\n\n\n<p>Esta regra se aplica quando o \u00faltimo dia do prazo recursal cai em um feriado local, e a parte interp\u00f5e o recurso no dia \u00fatil seguinte.<\/p>\n\n\n\n<p>A jurisprud\u00eancia defensiva se manifesta quando os tribunais exigem que esta comprova\u00e7\u00e3o seja feita no exato momento da interposi\u00e7\u00e3o do recurso, n\u00e3o permitindo que seja feita posteriormente, mesmo que dentro do prazo recursal. Isso pode levar \u00e0 n\u00e3o admiss\u00e3o de recursos por uma quest\u00e3o puramente formal, mesmo quando \u00e9 evidente que o prazo foi cumprido considerando o feriado local.<\/p>\n\n\n\n<p>Inclusive, esse tema de alguma maneira provocou um <strong><em>\u201coverriding legislativo\u201d<\/em><\/strong>, como j\u00e1 analisamos aqui:<\/p>\n\n\n\n<figure class=\"wp-block-embed is-type-wp-embed is-provider-blog-carreiras-jur-dicas-estrat-gia wp-block-embed-blog-carreiras-jur-dicas-estrat-gia\"><div class=\"wp-block-embed__wrapper\">\n<div class=\"cs-embed cs-embed-responsive\"><blockquote class=\"wp-embedded-content\" data-secret=\"n6XEs4QF18\"><a href=\"https:\/\/cj.estrategia.com\/portal\/mudanca-cpc-prazo-comprovar-feriado\/\">Mudan\u00e7a no CPC: overriding legislativo \u2013 prazo para comprovar feriado local nos recursos<\/a><\/blockquote><iframe class=\"wp-embedded-content\" sandbox=\"allow-scripts\" security=\"restricted\" style=\"position: absolute; clip: rect(1px, 1px, 1px, 1px);\" title=\"\u201cMudan\u00e7a no CPC: overriding legislativo \u2013 prazo para comprovar feriado local nos recursos\u201d \u2014 Blog - Carreiras Jur\u00eddicas - Estrat\u00e9gia\" src=\"https:\/\/cj.estrategia.com\/portal\/mudanca-cpc-prazo-comprovar-feriado\/embed\/#?secret=aiWpDCJwFw#?secret=n6XEs4QF18\" data-secret=\"n6XEs4QF18\" width=\"600\" height=\"338\" frameborder=\"0\" marginwidth=\"0\" marginheight=\"0\" scrolling=\"no\"><\/iframe><\/div>\n<\/div><\/figure>\n\n\n\n<p>Em s\u00edntese, essas pr\u00e1ticas, embora baseadas em interpreta\u00e7\u00f5es de dispositivos legais, muitas vezes resultam em uma barreira significativa ao acesso aos tribunais superiores, privilegiando aspectos formais sobre a an\u00e1lise do m\u00e9rito das quest\u00f5es jur\u00eddicas apresentadas, conforme a doutrina que chama de \u201cjurisprud\u00eancia defensiva\u201d<\/p>\n\n\n\n<p>Logo, o debate atual no STJ sobre a data da procura\u00e7\u00e3o se insere neste contexto mais amplo de discuss\u00e3o sobre os limites da jurisprud\u00eancia defensiva e a necessidade de equilibrar efici\u00eancia processual com acesso \u00e0 justi\u00e7a.<\/p>\n\n\n\n<h2 class=\"wp-block-heading\" id=\"h-o-que-sera-decidido-pelo-stj\" style=\"font-style:normal;font-weight:400\"><span id=\"o-que-sera-decidido-pelo-stj\"><strong>O que ser\u00e1 decidido pelo STJ<\/strong><\/span><\/h2>\n\n\n\n<p>O ministro Gurgel de Faria levantou a seguinte quest\u00e3o central:\u00a0<\/p>\n\n\n\n<div class=\"wp-block-group is-style-cnvs-block-shadow\"><div class=\"wp-block-group__inner-container is-layout-constrained wp-block-group-is-layout-constrained\">\n<p><mark style=\"background-color:rgba(0, 0, 0, 0)\" class=\"has-inline-color has-black-color\">\u201cse o CPC de 2015 autoriza a corre\u00e7\u00e3o do v\u00edcio de representa\u00e7\u00e3o, faz sentido exigir que a procura\u00e7\u00e3o tenha data anterior \u00e0 da interposi\u00e7\u00e3o do recurso\u201d?\u00a0<\/mark><\/p>\n<\/div><\/div>\n\n\n\n<p>Este questionamento est\u00e1 diretamente relacionado \u00e0 interpreta\u00e7\u00e3o do art. 104 do CPC\/2015, que trata da representa\u00e7\u00e3o em ju\u00edzo, e do j\u00e1 mencionado art. 76, que permite a corre\u00e7\u00e3o de v\u00edcios processuais.<\/p>\n\n\n\n<p>Al\u00e9m disso, o ministro mencionou que a procura\u00e7\u00e3o \u00e9 um documento particular, confeccionado pelo advogado e assinado pelo cliente. A data nele constante pode ser livremente escolhida, o que dificulta a verifica\u00e7\u00e3o do momento real de sua confec\u00e7\u00e3o.\u00a0<\/p>\n\n\n\n<p>Assim, esta caracter\u00edstica do documento levanta quest\u00f5es sobre a efic\u00e1cia e a razoabilidade de se utilizar a data da procura\u00e7\u00e3o como crit\u00e9rio para admissibilidade de recursos.<\/p>\n\n\n\n<p>Ademais, o CPC\/2015 permite a regulariza\u00e7\u00e3o de v\u00edcios processuais, incluindo quest\u00f5es de representa\u00e7\u00e3o. Logo, o ministro Paulo S\u00e9rgio Domingues questionou se, dada esta possibilidade, faz sentido manter a exig\u00eancia de data anterior ao recurso. Como vimos, est\u00e1 em linha com o princ\u00edpio da instrumentalidade das formas, previsto no art. 188 do CPC\/2015, que estabelece que \u201cos atos e os termos processuais independem de forma determinada, salvo quando a lei expressamente a exigir, considerando-se v\u00e1lidos os que, realizados de outro modo, lhe preencham a finalidade essencial\u201d.<\/p>\n\n\n\n<p>Por fim, o Min. Gurgel de Faria alertou para o risco de burla, uma vez que a parte pode colocar a data que desejar na procura\u00e7\u00e3o, dada sua natureza de documento particular. Esta preocupa\u00e7\u00e3o toca em quest\u00f5es de seguran\u00e7a jur\u00eddica e boa-f\u00e9 processual, princ\u00edpios fundamentais do processo civil brasileiro, expressos nos artigos 5\u00ba e 6\u00ba do CPC\/2015, respectivamente.<\/p>\n\n\n\n<h2 class=\"wp-block-heading\" id=\"h-conclusao\" style=\"font-style:normal;font-weight:400\"><span id=\"conclusao\"><strong>Conclus\u00e3o<\/strong><\/span><\/h2>\n\n\n\n<p>O debate em curso no Superior Tribunal de Justi\u00e7a sobre a validade de procura\u00e7\u00f5es com data posterior \u00e0 interposi\u00e7\u00e3o do recurso reflete uma importante evolu\u00e7\u00e3o na interpreta\u00e7\u00e3o das normas processuais brasileiras. Esta discuss\u00e3o se insere em um contexto mais amplo de busca pelo equil\u00edbrio entre o necess\u00e1rio formalismo processual e a efetiva presta\u00e7\u00e3o jurisdicional, princ\u00edpios fundamentais do Estado Democr\u00e1tico de Direito.<\/p>\n\n\n\n<p>Retomando os <strong>pontos principais <\/strong>que tratamos:<\/p>\n\n\n\n<div class=\"wp-block-group is-style-cnvs-block-bordered\"><div class=\"wp-block-group__inner-container is-layout-constrained wp-block-group-is-layout-constrained\">\n<p><strong>1. <\/strong>A quest\u00e3o central gira em torno da admissibilidade de recursos quando a procura\u00e7\u00e3o do advogado est\u00e1 datada posteriormente \u00e0 interposi\u00e7\u00e3o do recurso, uma situa\u00e7\u00e3o que, embora pare\u00e7a trivial, pode ter implica\u00e7\u00f5es significativas no acesso \u00e0 justi\u00e7a.<\/p>\n\n\n\n<ol class=\"wp-block-list\">\n<li><\/li>\n<\/ol>\n\n\n\n<ol class=\"wp-block-list\">\n<li><\/li>\n<\/ol>\n\n\n\n<p><strong>2. <\/strong>O C\u00f3digo de Processo Civil de 2015 trouxe uma abordagem mais flex\u00edvel em rela\u00e7\u00e3o \u00e0 representa\u00e7\u00e3o processual, priorizando a primazia do julgamento de m\u00e9rito e permitindo a corre\u00e7\u00e3o de v\u00edcios processuais.<\/p>\n\n\n\n<p><strong>3.<\/strong> A discuss\u00e3o se insere no contexto mais amplo da chamada \u201cjurisprud\u00eancia defensiva\u201d, uma pr\u00e1tica que, embora vise \u00e0 efici\u00eancia processual, muitas vezes cria barreiras formais ao acesso aos tribunais superiores.<\/p>\n\n\n\n<p><strong>4.<\/strong> Os ministros do STJ levantaram quest\u00f5es cruciais sobre a razoabilidade de se utilizar a data da procura\u00e7\u00e3o como crit\u00e9rio para admissibilidade de recursos, considerando a natureza particular do documento e a possibilidade de regulariza\u00e7\u00e3o de v\u00edcios processuais prevista no CPC\/2015.<\/p>\n\n\n\n<p><strong>5. <\/strong>O debate toca em princ\u00edpios fundamentais do processo civil, como a instrumentalidade das formas, a seguran\u00e7a jur\u00eddica e a boa-f\u00e9 processual.<\/p>\n\n\n\n<ol class=\"cnvs-block-core-list-1725659073310 wp-block-list\">\n<li><\/li>\n<\/ol>\n\n\n\n<ol class=\"wp-block-list\">\n<li><\/li>\n<\/ol>\n<\/div><\/div>\n\n\n\n<ol class=\"wp-block-list\">\n<li><\/li>\n<\/ol>\n\n\n\n<p>\u00c9 importante ressaltar que o tema ainda ser\u00e1 decidido pelo STJ, e o desfecho desta discuss\u00e3o poder\u00e1 ter impactos significativos na pr\u00e1tica processual e na interpreta\u00e7\u00e3o das normas de admissibilidade recursal no \u00e2mbito dos tribunais superiores.\u00a0<\/p>\n\n\n\n<h2 class=\"wp-block-heading has-text-align-center\" id=\"h-quer-saber-quais-serao-os-proximos-concursos\" style=\"font-style:normal;font-weight:400\"><span id=\"quer-saber-quais-serao-os-proximos-concursos\">Quer saber quais ser\u00e3o os pr\u00f3ximos concursos?<\/span><\/h2>\n\n\n\n<p class=\"has-text-align-center\">Confira nossos\u00a0<a href=\"https:\/\/cj.estrategia.com\/portal\/\" target=\"_blank\" >artigos para Carreiras Jur\u00eddicas<\/a>!<\/p>\n\n\n\n<p class=\"has-text-align-center has-white-color has-pale-cyan-blue-background-color has-text-color has-background has-link-color wp-elements-f3d5123bb0c8e11604d0c8c7f1ea8be8\"><a href=\"https:\/\/www.estrategiaconcursos.com.br\/blog\/concursos-abertos\/\" target=\"_blank\" >Confira os concursos p\u00fablicos abertos<\/a><\/p>\n\n\n\n<p class=\"has-text-align-center has-white-color has-pale-cyan-blue-background-color has-text-color has-background has-link-color wp-elements-94f2aad2f2b05ea3152ac5320a17d121\"><a href=\"https:\/\/cj.estrategia.com\/portal\/web-stories\/\" target=\"_blank\" >Concursos 2024<\/a><\/p>\n","protected":false},"excerpt":{"rendered":"An\u00e1lise jur\u00eddica sobre a decis\u00e3o do STJ (AREsp 2.509.244) que reavalia se procura\u00e7\u00f5es devem ter data anterior ao&hellip;\n","protected":false},"author":93,"featured_media":74863,"comment_status":"open","ping_status":"open","sticky":false,"template":"","format":"standard","meta":{"_jetpack_memberships_contains_paid_content":false,"footnotes":""},"categories":[1],"tags":[336,895,893,514,890,892,896,891,202,894],"tax_estado":[30,31,32,33,34,35,36,37,38,39,40,41,42,43,44,45,46,47,48,49,50,51,52,53,54,55,56,57],"class_list":{"0":"post-74862","1":"post","2":"type-post","3":"status-publish","4":"format-standard","5":"has-post-thumbnail","7":"category-carreiras-juridicas","8":"tag-analise-juridica","9":"tag-aresp-2-509-244","10":"tag-data-da-procuracao","11":"tag-interposicao-de-recurso","12":"tag-jurisprudencia-defensiva","13":"tag-procuracao","14":"tag-recurso","15":"tag-representacao-processual","16":"tag-stj","17":"tag-vicios-processuais","18":"tax_estado-ac","19":"tax_estado-al","20":"tax_estado-am","21":"tax_estado-ap","22":"tax_estado-ba","23":"tax_estado-ce","24":"tax_estado-concursos-federais","25":"tax_estado-df","26":"tax_estado-es","27":"tax_estado-go","28":"tax_estado-ma","29":"tax_estado-mg","30":"tax_estado-ms","31":"tax_estado-mt","32":"tax_estado-pa","33":"tax_estado-pb","34":"tax_estado-pe","35":"tax_estado-pi","36":"tax_estado-pr","37":"tax_estado-rj","38":"tax_estado-rn","39":"tax_estado-ro","40":"tax_estado-rr","41":"tax_estado-rs","42":"tax_estado-sc","43":"tax_estado-se","44":"tax_estado-sp","45":"tax_estado-to"},"acf":[],"yoast_head":"<!-- This site is optimized with the Yoast SEO Premium plugin v27.5 (Yoast SEO v27.5) - https:\/\/yoast.com\/product\/yoast-seo-premium-wordpress\/ -->\n<title>Jurisprud\u00eancia defensiva - STJ reavalia data em procura\u00e7\u00f5es<\/title>\n<meta name=\"description\" content=\"An\u00e1lise jur\u00eddica sobre a decis\u00e3o do STJ (AREsp 2.509.244) que reavalia se procura\u00e7\u00f5es devem ter data anterior ao recurso.\" \/>\n<meta name=\"robots\" content=\"index, follow, max-snippet:-1, max-image-preview:large, max-video-preview:-1\" \/>\n<link rel=\"canonical\" href=\"https:\/\/cj.estrategia.com\/portal\/jurisprudencia-defensiva-stj\/\" \/>\n<meta property=\"og:locale\" content=\"pt_BR\" \/>\n<meta property=\"og:type\" content=\"article\" \/>\n<meta property=\"og:title\" content=\"Jurisprud\u00eancia defensiva? STJ reavalia exig\u00eancia de data anterior \u00e0 interposi\u00e7\u00e3o do recurso em procura\u00e7\u00f5es (AREsp 2.509.244)\" \/>\n<meta property=\"og:description\" content=\"An\u00e1lise jur\u00eddica sobre a decis\u00e3o do STJ (AREsp 2.509.244) que reavalia se procura\u00e7\u00f5es devem ter data anterior ao recurso.\" \/>\n<meta property=\"og:url\" content=\"https:\/\/cj.estrategia.com\/portal\/jurisprudencia-defensiva-stj\/\" \/>\n<meta property=\"og:site_name\" content=\"Blog - Carreiras Jur\u00eddicas - Estrat\u00e9gia\" \/>\n<meta property=\"article:publisher\" content=\"https:\/\/www.facebook.com\/estrategiacarreirajuridica\/\" \/>\n<meta property=\"article:published_time\" content=\"2024-09-06T21:55:25+00:00\" \/>\n<meta property=\"article:modified_time\" content=\"2024-09-12T20:26:40+00:00\" \/>\n<meta property=\"og:image\" content=\"https:\/\/cj.estrategia.com\/portal\/wp-content\/uploads\/2024\/09\/06174741\/businessman-examining-papers-table-scaled.jpg\" \/>\n\t<meta property=\"og:image:width\" content=\"2560\" \/>\n\t<meta property=\"og:image:height\" content=\"1707\" \/>\n\t<meta property=\"og:image:type\" content=\"image\/jpeg\" \/>\n<meta name=\"author\" content=\"Felipe Duque\" \/>\n<meta name=\"twitter:card\" content=\"summary_large_image\" \/>\n<meta name=\"twitter:creator\" content=\"@https:\/\/x.com\/ProfessorDuque\" \/>\n<meta name=\"twitter:site\" content=\"@EstratJuridica\" \/>\n<meta name=\"twitter:label1\" content=\"Escrito por\" \/>\n\t<meta name=\"twitter:data1\" content=\"Felipe Duque\" \/>\n\t<meta name=\"twitter:label2\" content=\"Est. tempo de leitura\" \/>\n\t<meta name=\"twitter:data2\" content=\"11 minutos\" \/>\n<script type=\"application\/ld+json\" class=\"yoast-schema-graph\">{\"@context\":\"https:\\\/\\\/schema.org\",\"@graph\":[{\"@type\":\"NewsArticle\",\"@id\":\"https:\\\/\\\/cj.estrategia.com\\\/portal\\\/jurisprudencia-defensiva-stj\\\/#article\",\"isPartOf\":{\"@id\":\"https:\\\/\\\/cj.estrategia.com\\\/portal\\\/jurisprudencia-defensiva-stj\\\/\"},\"author\":{\"name\":\"Felipe Duque\",\"@id\":\"https:\\\/\\\/cj.estrategia.com\\\/portal\\\/#\\\/schema\\\/person\\\/b5b0253b269d7130d1f7770b1ba29285\"},\"headline\":\"Jurisprud\u00eancia defensiva? STJ reavalia exig\u00eancia de data anterior \u00e0 interposi\u00e7\u00e3o do recurso em procura\u00e7\u00f5es (AREsp 2.509.244)\",\"datePublished\":\"2024-09-06T21:55:25+00:00\",\"dateModified\":\"2024-09-12T20:26:40+00:00\",\"mainEntityOfPage\":{\"@id\":\"https:\\\/\\\/cj.estrategia.com\\\/portal\\\/jurisprudencia-defensiva-stj\\\/\"},\"wordCount\":2020,\"commentCount\":0,\"publisher\":{\"@id\":\"https:\\\/\\\/cj.estrategia.com\\\/portal\\\/#organization\"},\"image\":{\"@id\":\"https:\\\/\\\/cj.estrategia.com\\\/portal\\\/jurisprudencia-defensiva-stj\\\/#primaryimage\"},\"thumbnailUrl\":\"https:\\\/\\\/cj.estrategia.com\\\/portal\\\/wp-content\\\/uploads\\\/2024\\\/09\\\/06174741\\\/businessman-examining-papers-table-scaled.jpg\",\"keywords\":[\"an\u00e1lise jur\u00eddica\",\"AREsp 2.509.244\",\"data da procura\u00e7\u00e3o\",\"interposi\u00e7\u00e3o de recurso\",\"jurisprud\u00eancia defensiva\",\"procura\u00e7\u00e3o\",\"recurso\",\"representa\u00e7\u00e3o processual\",\"STJ\",\"v\u00edcios processuais\"],\"articleSection\":[\"Carreiras Jur\u00eddicas\"],\"inLanguage\":\"pt-BR\",\"potentialAction\":[{\"@type\":\"CommentAction\",\"name\":\"Comment\",\"target\":[\"https:\\\/\\\/cj.estrategia.com\\\/portal\\\/jurisprudencia-defensiva-stj\\\/#respond\"]}]},{\"@type\":\"WebPage\",\"@id\":\"https:\\\/\\\/cj.estrategia.com\\\/portal\\\/jurisprudencia-defensiva-stj\\\/\",\"url\":\"https:\\\/\\\/cj.estrategia.com\\\/portal\\\/jurisprudencia-defensiva-stj\\\/\",\"name\":\"Jurisprud\u00eancia defensiva - STJ reavalia data em procura\u00e7\u00f5es\",\"isPartOf\":{\"@id\":\"https:\\\/\\\/cj.estrategia.com\\\/portal\\\/#website\"},\"primaryImageOfPage\":{\"@id\":\"https:\\\/\\\/cj.estrategia.com\\\/portal\\\/jurisprudencia-defensiva-stj\\\/#primaryimage\"},\"image\":{\"@id\":\"https:\\\/\\\/cj.estrategia.com\\\/portal\\\/jurisprudencia-defensiva-stj\\\/#primaryimage\"},\"thumbnailUrl\":\"https:\\\/\\\/cj.estrategia.com\\\/portal\\\/wp-content\\\/uploads\\\/2024\\\/09\\\/06174741\\\/businessman-examining-papers-table-scaled.jpg\",\"datePublished\":\"2024-09-06T21:55:25+00:00\",\"dateModified\":\"2024-09-12T20:26:40+00:00\",\"description\":\"An\u00e1lise jur\u00eddica sobre a decis\u00e3o do STJ (AREsp 2.509.244) que reavalia se procura\u00e7\u00f5es devem ter data anterior ao recurso.\",\"breadcrumb\":{\"@id\":\"https:\\\/\\\/cj.estrategia.com\\\/portal\\\/jurisprudencia-defensiva-stj\\\/#breadcrumb\"},\"inLanguage\":\"pt-BR\",\"potentialAction\":[{\"@type\":\"ReadAction\",\"target\":[\"https:\\\/\\\/cj.estrategia.com\\\/portal\\\/jurisprudencia-defensiva-stj\\\/\"]}]},{\"@type\":\"ImageObject\",\"inLanguage\":\"pt-BR\",\"@id\":\"https:\\\/\\\/cj.estrategia.com\\\/portal\\\/jurisprudencia-defensiva-stj\\\/#primaryimage\",\"url\":\"https:\\\/\\\/cj.estrategia.com\\\/portal\\\/wp-content\\\/uploads\\\/2024\\\/09\\\/06174741\\\/businessman-examining-papers-table-scaled.jpg\",\"contentUrl\":\"https:\\\/\\\/cj.estrategia.com\\\/portal\\\/wp-content\\\/uploads\\\/2024\\\/09\\\/06174741\\\/businessman-examining-papers-table-scaled.jpg\",\"width\":2560,\"height\":1707},{\"@type\":\"BreadcrumbList\",\"@id\":\"https:\\\/\\\/cj.estrategia.com\\\/portal\\\/jurisprudencia-defensiva-stj\\\/#breadcrumb\",\"itemListElement\":[{\"@type\":\"ListItem\",\"position\":1,\"name\":\"In\u00edcio\",\"item\":\"https:\\\/\\\/cj.estrategia.com\\\/portal\\\/\"},{\"@type\":\"ListItem\",\"position\":2,\"name\":\"Jurisprud\u00eancia defensiva? STJ reavalia exig\u00eancia de data anterior \u00e0 interposi\u00e7\u00e3o do recurso em procura\u00e7\u00f5es (AREsp 2.509.244)\"}]},{\"@type\":\"WebSite\",\"@id\":\"https:\\\/\\\/cj.estrategia.com\\\/portal\\\/#website\",\"url\":\"https:\\\/\\\/cj.estrategia.com\\\/portal\\\/\",\"name\":\"Blog - Carreiras Jur\u00eddicas - Estrat\u00e9gia\",\"description\":\"\",\"publisher\":{\"@id\":\"https:\\\/\\\/cj.estrategia.com\\\/portal\\\/#organization\"},\"potentialAction\":[{\"@type\":\"SearchAction\",\"target\":{\"@type\":\"EntryPoint\",\"urlTemplate\":\"https:\\\/\\\/cj.estrategia.com\\\/portal\\\/?s={search_term_string}\"},\"query-input\":{\"@type\":\"PropertyValueSpecification\",\"valueRequired\":true,\"valueName\":\"search_term_string\"}}],\"inLanguage\":\"pt-BR\"},{\"@type\":\"Organization\",\"@id\":\"https:\\\/\\\/cj.estrategia.com\\\/portal\\\/#organization\",\"name\":\"Estrat\u00e9gia - Carreiras Jur\u00eddicas\",\"url\":\"https:\\\/\\\/cj.estrategia.com\\\/portal\\\/\",\"logo\":{\"@type\":\"ImageObject\",\"inLanguage\":\"pt-BR\",\"@id\":\"https:\\\/\\\/cj.estrategia.com\\\/portal\\\/#\\\/schema\\\/logo\\\/image\\\/\",\"url\":\"https:\\\/\\\/cj.estrategia.com\\\/portal\\\/wp-content\\\/uploads\\\/2022\\\/03\\\/11151052\\\/cj-logo.png\",\"contentUrl\":\"https:\\\/\\\/cj.estrategia.com\\\/portal\\\/wp-content\\\/uploads\\\/2022\\\/03\\\/11151052\\\/cj-logo.png\",\"width\":150,\"height\":39,\"caption\":\"Estrat\u00e9gia - Carreiras Jur\u00eddicas\"},\"image\":{\"@id\":\"https:\\\/\\\/cj.estrategia.com\\\/portal\\\/#\\\/schema\\\/logo\\\/image\\\/\"},\"sameAs\":[\"https:\\\/\\\/www.facebook.com\\\/estrategiacarreirajuridica\\\/\",\"https:\\\/\\\/x.com\\\/EstratJuridica\",\"https:\\\/\\\/www.instagram.com\\\/estrategiacarreirajuridica\\\/\",\"https:\\\/\\\/www.youtube.com\\\/channel\\\/UClbMGuYbj2Mh1m3w144ETWQ\"]},{\"@type\":\"Person\",\"@id\":\"https:\\\/\\\/cj.estrategia.com\\\/portal\\\/#\\\/schema\\\/person\\\/b5b0253b269d7130d1f7770b1ba29285\",\"name\":\"Felipe Duque\",\"image\":{\"@type\":\"ImageObject\",\"inLanguage\":\"pt-BR\",\"@id\":\"https:\\\/\\\/cj.estrategia.com\\\/portal\\\/wp-content\\\/uploads\\\/2024\\\/08\\\/06162009\\\/Captura-de-Tela-2024-08-06-as-16.19.26-96x96.png\",\"url\":\"https:\\\/\\\/cj.estrategia.com\\\/portal\\\/wp-content\\\/uploads\\\/2024\\\/08\\\/06162009\\\/Captura-de-Tela-2024-08-06-as-16.19.26-96x96.png\",\"contentUrl\":\"https:\\\/\\\/cj.estrategia.com\\\/portal\\\/wp-content\\\/uploads\\\/2024\\\/08\\\/06162009\\\/Captura-de-Tela-2024-08-06-as-16.19.26-96x96.png\",\"caption\":\"Felipe Duque\"},\"description\":\"Felipe Duque - Mestre em Direito Pol\u00edtico e Econ\u00f4mico na Mackenzie-SP. Graduado em Direito pela Universidade Cat\u00f3lica de Pernambuco, com conclus\u00e3o pelo regime de Aproveitamento Extraordin\u00e1rio nos Estudos (art. 47, \u00a7 2\u00ba, da Lei n\u00ba 9.394\\\/96). Ex-Assessor de Desembargador no TJPE. Procurador da Fazenda Nacional. Integra voluntariamente a Coordena\u00e7\u00e3o de Assuntos Estrat\u00e9gicos Judiciais da PGFN. Professor do Estrat\u00e9gia Carreira Jur\u00eddica, Estrat\u00e9gia OAB e Buscador Dizer o Direito. Autor do livro \u201cReforma Tribut\u00e1ria Comentada e Esquematizada\u201d, \\\"Manual de Processo Tribut\u00e1rio: Administrativo e Judicial\\\" pela editora Juspodivm Parecerista na Revista de Estudos Jur\u00eddicos do Superior Tribunal de Justi\u00e7a (REJuriSTJ)\",\"sameAs\":[\"http:\\\/\\\/lattes.cnpq.br\\\/5755137268084324\",\"https:\\\/\\\/www.instagram.com\\\/felipe_duque\\\/\",\"https:\\\/\\\/br.linkedin.com\\\/in\\\/felipe-duque-56954638\",\"https:\\\/\\\/x.com\\\/https:\\\/\\\/x.com\\\/ProfessorDuque\",\"https:\\\/\\\/www.youtube.com\\\/@felipeduque-experienciasco5797\"],\"url\":\"https:\\\/\\\/cj.estrategia.com\\\/portal\\\/author\\\/felipe-duque\\\/\"}]}<\/script>\n<!-- \/ Yoast SEO Premium plugin. -->","yoast_head_json":{"title":"Jurisprud\u00eancia defensiva - STJ reavalia data em procura\u00e7\u00f5es","description":"An\u00e1lise jur\u00eddica sobre a decis\u00e3o do STJ (AREsp 2.509.244) que reavalia se procura\u00e7\u00f5es devem ter data anterior ao recurso.","robots":{"index":"index","follow":"follow","max-snippet":"max-snippet:-1","max-image-preview":"max-image-preview:large","max-video-preview":"max-video-preview:-1"},"canonical":"https:\/\/cj.estrategia.com\/portal\/jurisprudencia-defensiva-stj\/","og_locale":"pt_BR","og_type":"article","og_title":"Jurisprud\u00eancia defensiva? STJ reavalia exig\u00eancia de data anterior \u00e0 interposi\u00e7\u00e3o do recurso em procura\u00e7\u00f5es (AREsp 2.509.244)","og_description":"An\u00e1lise jur\u00eddica sobre a decis\u00e3o do STJ (AREsp 2.509.244) que reavalia se procura\u00e7\u00f5es devem ter data anterior ao recurso.","og_url":"https:\/\/cj.estrategia.com\/portal\/jurisprudencia-defensiva-stj\/","og_site_name":"Blog - Carreiras Jur\u00eddicas - Estrat\u00e9gia","article_publisher":"https:\/\/www.facebook.com\/estrategiacarreirajuridica\/","article_published_time":"2024-09-06T21:55:25+00:00","article_modified_time":"2024-09-12T20:26:40+00:00","og_image":[{"width":2560,"height":1707,"url":"https:\/\/cj.estrategia.com\/portal\/wp-content\/uploads\/2024\/09\/06174741\/businessman-examining-papers-table-scaled.jpg","type":"image\/jpeg"}],"author":"Felipe Duque","twitter_card":"summary_large_image","twitter_creator":"@https:\/\/x.com\/ProfessorDuque","twitter_site":"@EstratJuridica","twitter_misc":{"Escrito por":"Felipe Duque","Est. tempo de leitura":"11 minutos"},"schema":{"@context":"https:\/\/schema.org","@graph":[{"@type":"NewsArticle","@id":"https:\/\/cj.estrategia.com\/portal\/jurisprudencia-defensiva-stj\/#article","isPartOf":{"@id":"https:\/\/cj.estrategia.com\/portal\/jurisprudencia-defensiva-stj\/"},"author":{"name":"Felipe Duque","@id":"https:\/\/cj.estrategia.com\/portal\/#\/schema\/person\/b5b0253b269d7130d1f7770b1ba29285"},"headline":"Jurisprud\u00eancia defensiva? STJ reavalia exig\u00eancia de data anterior \u00e0 interposi\u00e7\u00e3o do recurso em procura\u00e7\u00f5es (AREsp 2.509.244)","datePublished":"2024-09-06T21:55:25+00:00","dateModified":"2024-09-12T20:26:40+00:00","mainEntityOfPage":{"@id":"https:\/\/cj.estrategia.com\/portal\/jurisprudencia-defensiva-stj\/"},"wordCount":2020,"commentCount":0,"publisher":{"@id":"https:\/\/cj.estrategia.com\/portal\/#organization"},"image":{"@id":"https:\/\/cj.estrategia.com\/portal\/jurisprudencia-defensiva-stj\/#primaryimage"},"thumbnailUrl":"https:\/\/cj.estrategia.com\/portal\/wp-content\/uploads\/2024\/09\/06174741\/businessman-examining-papers-table-scaled.jpg","keywords":["an\u00e1lise jur\u00eddica","AREsp 2.509.244","data da procura\u00e7\u00e3o","interposi\u00e7\u00e3o de recurso","jurisprud\u00eancia defensiva","procura\u00e7\u00e3o","recurso","representa\u00e7\u00e3o processual","STJ","v\u00edcios processuais"],"articleSection":["Carreiras Jur\u00eddicas"],"inLanguage":"pt-BR","potentialAction":[{"@type":"CommentAction","name":"Comment","target":["https:\/\/cj.estrategia.com\/portal\/jurisprudencia-defensiva-stj\/#respond"]}]},{"@type":"WebPage","@id":"https:\/\/cj.estrategia.com\/portal\/jurisprudencia-defensiva-stj\/","url":"https:\/\/cj.estrategia.com\/portal\/jurisprudencia-defensiva-stj\/","name":"Jurisprud\u00eancia defensiva - STJ reavalia data em procura\u00e7\u00f5es","isPartOf":{"@id":"https:\/\/cj.estrategia.com\/portal\/#website"},"primaryImageOfPage":{"@id":"https:\/\/cj.estrategia.com\/portal\/jurisprudencia-defensiva-stj\/#primaryimage"},"image":{"@id":"https:\/\/cj.estrategia.com\/portal\/jurisprudencia-defensiva-stj\/#primaryimage"},"thumbnailUrl":"https:\/\/cj.estrategia.com\/portal\/wp-content\/uploads\/2024\/09\/06174741\/businessman-examining-papers-table-scaled.jpg","datePublished":"2024-09-06T21:55:25+00:00","dateModified":"2024-09-12T20:26:40+00:00","description":"An\u00e1lise jur\u00eddica sobre a decis\u00e3o do STJ (AREsp 2.509.244) que reavalia se procura\u00e7\u00f5es devem ter data anterior ao recurso.","breadcrumb":{"@id":"https:\/\/cj.estrategia.com\/portal\/jurisprudencia-defensiva-stj\/#breadcrumb"},"inLanguage":"pt-BR","potentialAction":[{"@type":"ReadAction","target":["https:\/\/cj.estrategia.com\/portal\/jurisprudencia-defensiva-stj\/"]}]},{"@type":"ImageObject","inLanguage":"pt-BR","@id":"https:\/\/cj.estrategia.com\/portal\/jurisprudencia-defensiva-stj\/#primaryimage","url":"https:\/\/cj.estrategia.com\/portal\/wp-content\/uploads\/2024\/09\/06174741\/businessman-examining-papers-table-scaled.jpg","contentUrl":"https:\/\/cj.estrategia.com\/portal\/wp-content\/uploads\/2024\/09\/06174741\/businessman-examining-papers-table-scaled.jpg","width":2560,"height":1707},{"@type":"BreadcrumbList","@id":"https:\/\/cj.estrategia.com\/portal\/jurisprudencia-defensiva-stj\/#breadcrumb","itemListElement":[{"@type":"ListItem","position":1,"name":"In\u00edcio","item":"https:\/\/cj.estrategia.com\/portal\/"},{"@type":"ListItem","position":2,"name":"Jurisprud\u00eancia defensiva? STJ reavalia exig\u00eancia de data anterior \u00e0 interposi\u00e7\u00e3o do recurso em procura\u00e7\u00f5es (AREsp 2.509.244)"}]},{"@type":"WebSite","@id":"https:\/\/cj.estrategia.com\/portal\/#website","url":"https:\/\/cj.estrategia.com\/portal\/","name":"Blog - Carreiras Jur\u00eddicas - Estrat\u00e9gia","description":"","publisher":{"@id":"https:\/\/cj.estrategia.com\/portal\/#organization"},"potentialAction":[{"@type":"SearchAction","target":{"@type":"EntryPoint","urlTemplate":"https:\/\/cj.estrategia.com\/portal\/?s={search_term_string}"},"query-input":{"@type":"PropertyValueSpecification","valueRequired":true,"valueName":"search_term_string"}}],"inLanguage":"pt-BR"},{"@type":"Organization","@id":"https:\/\/cj.estrategia.com\/portal\/#organization","name":"Estrat\u00e9gia - Carreiras Jur\u00eddicas","url":"https:\/\/cj.estrategia.com\/portal\/","logo":{"@type":"ImageObject","inLanguage":"pt-BR","@id":"https:\/\/cj.estrategia.com\/portal\/#\/schema\/logo\/image\/","url":"https:\/\/cj.estrategia.com\/portal\/wp-content\/uploads\/2022\/03\/11151052\/cj-logo.png","contentUrl":"https:\/\/cj.estrategia.com\/portal\/wp-content\/uploads\/2022\/03\/11151052\/cj-logo.png","width":150,"height":39,"caption":"Estrat\u00e9gia - Carreiras Jur\u00eddicas"},"image":{"@id":"https:\/\/cj.estrategia.com\/portal\/#\/schema\/logo\/image\/"},"sameAs":["https:\/\/www.facebook.com\/estrategiacarreirajuridica\/","https:\/\/x.com\/EstratJuridica","https:\/\/www.instagram.com\/estrategiacarreirajuridica\/","https:\/\/www.youtube.com\/channel\/UClbMGuYbj2Mh1m3w144ETWQ"]},{"@type":"Person","@id":"https:\/\/cj.estrategia.com\/portal\/#\/schema\/person\/b5b0253b269d7130d1f7770b1ba29285","name":"Felipe Duque","image":{"@type":"ImageObject","inLanguage":"pt-BR","@id":"https:\/\/cj.estrategia.com\/portal\/wp-content\/uploads\/2024\/08\/06162009\/Captura-de-Tela-2024-08-06-as-16.19.26-96x96.png","url":"https:\/\/cj.estrategia.com\/portal\/wp-content\/uploads\/2024\/08\/06162009\/Captura-de-Tela-2024-08-06-as-16.19.26-96x96.png","contentUrl":"https:\/\/cj.estrategia.com\/portal\/wp-content\/uploads\/2024\/08\/06162009\/Captura-de-Tela-2024-08-06-as-16.19.26-96x96.png","caption":"Felipe Duque"},"description":"Felipe Duque - Mestre em Direito Pol\u00edtico e Econ\u00f4mico na Mackenzie-SP. Graduado em Direito pela Universidade Cat\u00f3lica de Pernambuco, com conclus\u00e3o pelo regime de Aproveitamento Extraordin\u00e1rio nos Estudos (art. 47, \u00a7 2\u00ba, da Lei n\u00ba 9.394\/96). Ex-Assessor de Desembargador no TJPE. Procurador da Fazenda Nacional. Integra voluntariamente a Coordena\u00e7\u00e3o de Assuntos Estrat\u00e9gicos Judiciais da PGFN. Professor do Estrat\u00e9gia Carreira Jur\u00eddica, Estrat\u00e9gia OAB e Buscador Dizer o Direito. Autor do livro \u201cReforma Tribut\u00e1ria Comentada e Esquematizada\u201d, \"Manual de Processo Tribut\u00e1rio: Administrativo e Judicial\" pela editora Juspodivm Parecerista na Revista de Estudos Jur\u00eddicos do Superior Tribunal de Justi\u00e7a (REJuriSTJ)","sameAs":["http:\/\/lattes.cnpq.br\/5755137268084324","https:\/\/www.instagram.com\/felipe_duque\/","https:\/\/br.linkedin.com\/in\/felipe-duque-56954638","https:\/\/x.com\/https:\/\/x.com\/ProfessorDuque","https:\/\/www.youtube.com\/@felipeduque-experienciasco5797"],"url":"https:\/\/cj.estrategia.com\/portal\/author\/felipe-duque\/"}]}},"jetpack_featured_media_url":"https:\/\/cj.estrategia.com\/portal\/wp-content\/uploads\/2024\/09\/06174741\/businessman-examining-papers-table-scaled.jpg","jetpack_sharing_enabled":true,"_links":{"self":[{"href":"https:\/\/cj.estrategia.com\/portal\/wp-json\/wp\/v2\/posts\/74862","targetHints":{"allow":["GET"]}}],"collection":[{"href":"https:\/\/cj.estrategia.com\/portal\/wp-json\/wp\/v2\/posts"}],"about":[{"href":"https:\/\/cj.estrategia.com\/portal\/wp-json\/wp\/v2\/types\/post"}],"author":[{"embeddable":true,"href":"https:\/\/cj.estrategia.com\/portal\/wp-json\/wp\/v2\/users\/93"}],"replies":[{"embeddable":true,"href":"https:\/\/cj.estrategia.com\/portal\/wp-json\/wp\/v2\/comments?post=74862"}],"version-history":[{"count":0,"href":"https:\/\/cj.estrategia.com\/portal\/wp-json\/wp\/v2\/posts\/74862\/revisions"}],"wp:featuredmedia":[{"embeddable":true,"href":"https:\/\/cj.estrategia.com\/portal\/wp-json\/wp\/v2\/media\/74863"}],"wp:attachment":[{"href":"https:\/\/cj.estrategia.com\/portal\/wp-json\/wp\/v2\/media?parent=74862"}],"wp:term":[{"taxonomy":"category","embeddable":true,"href":"https:\/\/cj.estrategia.com\/portal\/wp-json\/wp\/v2\/categories?post=74862"},{"taxonomy":"post_tag","embeddable":true,"href":"https:\/\/cj.estrategia.com\/portal\/wp-json\/wp\/v2\/tags?post=74862"},{"taxonomy":"tax_estado","embeddable":true,"href":"https:\/\/cj.estrategia.com\/portal\/wp-json\/wp\/v2\/tax_estado?post=74862"}],"curies":[{"name":"wp","href":"https:\/\/api.w.org\/{rel}","templated":true}]}}