{"id":74550,"date":"2024-09-04T15:36:46","date_gmt":"2024-09-04T18:36:46","guid":{"rendered":"https:\/\/cj.estrategia.com\/portal\/?p=74550"},"modified":"2025-04-28T14:09:22","modified_gmt":"2025-04-28T17:09:22","slug":"boate-kiss-validade-juri-prisao","status":"publish","type":"post","link":"https:\/\/cj.estrategia.com\/portal\/boate-kiss-validade-juri-prisao\/","title":{"rendered":"Caso Boate Kiss: Ministro Dias Toffoli retoma validade do j\u00fari e ordena pris\u00e3o"},"content":{"rendered":"\n<p>O caso da Boate Kiss, uma das maiores trag\u00e9dias brasileiras, volta a ocupar o cen\u00e1rio jur\u00eddico ap\u00f3s a 2\u00aa Turma do Supremo Tribunal Federal (STF) reconhecer a validade do j\u00fari de 2021 que condenou os quatro r\u00e9us pelo inc\u00eandio que causou a morte de 242 pessoas em 2013 e validou as condena\u00e7\u00f5es. <\/p>\n\n\n\n<p>A referida decis\u00e3o voltou a despertar debates sobre a correta tipifica\u00e7\u00e3o das condutas dos acusados: enquanto alguns defendem a condena\u00e7\u00e3o por dolo eventual, outros sustentam que a correta classifica\u00e7\u00e3o deveria ter sido homic\u00eddio culposo, dada a natureza dos eventos que levaram \u00e0 trag\u00e9dia.<\/p>\n\n\n\n<figure class=\"wp-block-image size-large\"><img decoding=\"async\" width=\"1024\" height=\"683\" src=\"https:\/\/cj.estrategia.com\/portal\/wp-content\/uploads\/2024\/09\/04150811\/firefighter-trying-contain-forest-fire-1024x683.jpg\" alt=\"Boate Kiss\" class=\"wp-image-74554\" srcset=\"https:\/\/cj.estrategia.com\/portal\/wp-content\/uploads\/2024\/09\/04150811\/firefighter-trying-contain-forest-fire-1024x683.jpg 1024w, https:\/\/cj.estrategia.com\/portal\/wp-content\/uploads\/2024\/09\/04150811\/firefighter-trying-contain-forest-fire-300x200.jpg 300w, https:\/\/cj.estrategia.com\/portal\/wp-content\/uploads\/2024\/09\/04150811\/firefighter-trying-contain-forest-fire-768x512.jpg 768w, https:\/\/cj.estrategia.com\/portal\/wp-content\/uploads\/2024\/09\/04150811\/firefighter-trying-contain-forest-fire-1536x1024.jpg 1536w, https:\/\/cj.estrategia.com\/portal\/wp-content\/uploads\/2024\/09\/04150811\/firefighter-trying-contain-forest-fire-2048x1365.jpg 2048w, https:\/\/cj.estrategia.com\/portal\/wp-content\/uploads\/2024\/09\/04150811\/firefighter-trying-contain-forest-fire-380x253.jpg 380w, https:\/\/cj.estrategia.com\/portal\/wp-content\/uploads\/2024\/09\/04150811\/firefighter-trying-contain-forest-fire-800x533.jpg 800w, https:\/\/cj.estrategia.com\/portal\/wp-content\/uploads\/2024\/09\/04150811\/firefighter-trying-contain-forest-fire-1160x773.jpg 1160w, https:\/\/cj.estrategia.com\/portal\/wp-content\/uploads\/2024\/09\/04150811\/firefighter-trying-contain-forest-fire-150x100.jpg 150w, https:\/\/cj.estrategia.com\/portal\/wp-content\/uploads\/2024\/09\/04150811\/firefighter-trying-contain-forest-fire-scaled.jpg 2560w\" sizes=\"(max-width: 1024px) 100vw, 1024px\" \/><\/figure>\n\n\n\n<h2 class=\"wp-block-heading\" id=\"h-tribunal-do-juri-e-a-soberania-dos-vereditos\"><span id=\"tribunal-do-juri-e-a-soberania-dos-vereditos\"><strong>Tribunal do J\u00fari e a Soberania dos vereditos<\/strong><\/span><\/h2>\n\n\n\n<p>A principal quest\u00e3o que surge na an\u00e1lise jur\u00eddica da decis\u00e3o de Dias Toffoli \u00e9 a reafirma\u00e7\u00e3o da <strong>soberania do Tribunal do J\u00fari<\/strong>. O Tribunal do J\u00fari, garantido pelo artigo 5\u00ba, inciso XXXVIII, da Constitui\u00e7\u00e3o Federal, tem como fun\u00e7\u00e3o julgar crimes dolosos contra a vida.<\/p>\n\n\n\n<p>Em 2021, o j\u00fari condenou os r\u00e9us por homic\u00eddio simples com <strong>dolo eventual<\/strong>. No entanto, essa decis\u00e3o foi posteriormente anulada pelo Tribunal de Justi\u00e7a do Rio Grande do Sul (TJ-RS) e mantida pelo Superior Tribunal de Justi\u00e7a (STJ) com base em alega\u00e7\u00f5es de nulidades processuais, como a escolha dos jurados e a conduta do juiz que presidiu o j\u00fari. O restabelecimento da condena\u00e7\u00e3o por Toffoli refor\u00e7a o entendimento de que a anula\u00e7\u00e3o do veredicto violou a soberania do j\u00fari, o que justificou a manuten\u00e7\u00e3o da condena\u00e7\u00e3o.<\/p>\n\n\n\n<h2 class=\"wp-block-heading\" id=\"h-homicidio-com-dolo-eventual-o-posicionamento-atual\"><span id=\"homicidio-com-dolo-eventual-o-posicionamento-atual\"><strong>Homic\u00eddio com Dolo Eventual: O Posicionamento Atual<\/strong><\/span><\/h2>\n\n\n\n<p>No caso da Boate Kiss, os r\u00e9us foram condenados por <strong>homic\u00eddio com dolo eventual<\/strong>, uma modalidade prevista no artigo 18, inciso I, do C\u00f3digo Penal. O dolo eventual ocorre quando o agente, mesmo sem querer diretamente o resultado, assume o risco de produzi-lo. Em outras palavras, no dolo eventual o agente prev\u00ea a possibilidade do resultado, mas n\u00e3o se importa se ele ocorre ou n\u00e3o, assumindo o risco de sua ocorr\u00eancia.<\/p>\n\n\n\n<p>Nos termos da decis\u00e3o validada pela 2\u00aa Turma do Supremo Tribunal Federal, <strong>os r\u00e9us, ao promoverem o evento musical em uma boate com falhas graves de seguran\u00e7a, com o uso de materiais altamente inflam\u00e1veis e a falta de sa\u00eddas de emerg\u00eancia adequadas, teriam assumido o risco de causar o inc\u00eandio e, consequentemente, das mortes ocorridas na trag\u00e9dia.<\/strong> Para o Minist\u00e9rio P\u00fablico, confirmado pelo conselho de senten\u00e7a do Tribunal do J\u00fari, essa aceita\u00e7\u00e3o do risco configurou o dolo eventual.<\/p>\n\n\n\n<p>A teoria do dolo eventual \u00e9 amplamente debatida no Direito Penal, e sua aplica\u00e7\u00e3o em casos como o da Boate Kiss levanta quest\u00f5es importantes sobre a inten\u00e7\u00e3o dos agentes. Muitos juristas concordam que a conduta dos r\u00e9us, ao organizar o evento e realizar o show musical com os artefatos inflam\u00e1veis, sem as medidas de seguran\u00e7a necess\u00e1rias, gerou um risco significativo \u00e0 vida dos frequentadores, o que justificaria a condena\u00e7\u00e3o por dolo eventual.<\/p>\n\n\n\n<h2 class=\"wp-block-heading\" id=\"h-a-controversia-dolo-eventual-x-culpa-consciente\"><span id=\"a-controversia-dolo-eventual-x-culpa-consciente\"><strong>A Controv\u00e9rsia: Dolo Eventual x Culpa Consciente<\/strong><\/span><\/h2>\n\n\n\n<p>Apesar da condena\u00e7\u00e3o por dolo eventual, muito se questiona sobre a proporcionalidade dessa tipifica\u00e7\u00e3o. A conduta dos r\u00e9us, argumenta-se, se aproxima mais da <strong>culpa consciente<\/strong>, onde o agente prev\u00ea o resultado, mas acredita que ele n\u00e3o acontecer\u00e1. Esse tipo de conduta se enquadra no homic\u00eddio culposo, previsto no artigo 121, \u00a73\u00ba, do C\u00f3digo Penal.<\/p>\n\n\n\n<p>A culpa consciente difere do dolo eventual justamente pela atitude do agente em rela\u00e7\u00e3o ao risco. Enquanto no dolo eventual o agente aceita o risco do resultado ocorrer, na culpa consciente ele age acreditando que poder\u00e1 evitar o resultado. No caso da Boate Kiss, os r\u00e9us, mesmo cientes das falhas de seguran\u00e7a, poderiam ter acreditado que a trag\u00e9dia n\u00e3o ocorreria, caracterizando imprud\u00eancia, neglig\u00eancia ou imper\u00edcia, t\u00edpicas do homic\u00eddio culposo.<\/p>\n\n\n\n<p>Esse argumento tem sido amplamente discutido. Assim, ao se aplicar o dolo eventual ao referido caso, estaria se impondo uma responsabiliza\u00e7\u00e3o penal desproporcional aos agentes, pois n\u00e3o teria havido uma aceita\u00e7\u00e3o deliberada do resultado tr\u00e1gico. A conduta dos r\u00e9us, embora claramente negligente, n\u00e3o teria sido marcada pela indiferen\u00e7a quanto ao resultado. Assim, a <strong>culpa consciente<\/strong> seria mais adequada, o que levaria a uma condena\u00e7\u00e3o por homic\u00eddio culposo, uma tipifica\u00e7\u00e3o menos grave.<\/p>\n\n\n\n<h2 class=\"wp-block-heading\" id=\"h-o-impacto-de-uma-classificacao-por-homicidio-culposo\"><span id=\"o-impacto-de-uma-classificacao-por-homicidio-culposo\"><strong>O Impacto de uma Classifica\u00e7\u00e3o por Homic\u00eddio Culposo<\/strong><\/span><\/h2>\n\n\n\n<p>A ado\u00e7\u00e3o de uma tipifica\u00e7\u00e3o por <strong>homic\u00eddio culposo<\/strong> teria diversas consequ\u00eancias jur\u00eddicas, especialmente no que diz respeito \u00e0 compet\u00eancia para o julgamento. Diferentemente do dolo eventual, que envolve crimes dolosos e, portanto, deve ser julgado pelo Tribunal do J\u00fari, o homic\u00eddio culposo \u00e9 julgado por <strong>juiz singular<\/strong>, conforme a regra prevista no artigo 5\u00ba, inciso XXXVIII, al\u00ednea \u201cd\u201d, da Constitui\u00e7\u00e3o Federal.<\/p>\n\n\n\n<p>Se a conduta dos r\u00e9us tivesse sido classificada como culposa desde o in\u00edcio, o julgamento teria sido realizado por um juiz singular, e n\u00e3o pelo Tribunal do J\u00fari. Isso poderia ter influenciado o resultado do julgamento, dada a diferen\u00e7a na forma como essas duas inst\u00e2ncias operam.<\/p>\n\n\n\n<p>Al\u00e9m disso, a pena para o homic\u00eddio culposo \u00e9 significativamente mais branda que para o homic\u00eddio doloso. A aplica\u00e7\u00e3o da culpa consciente poderia resultar em penas mais proporcionais \u00e0 conduta dos r\u00e9us, considerando que, embora tenha havido uma clara viola\u00e7\u00e3o do dever de cuidado, n\u00e3o houve aceita\u00e7\u00e3o deliberada do risco de morte.<\/p>\n\n\n\n<h2 class=\"wp-block-heading\" id=\"h-conclusao\"><span id=\"conclusao\"><strong>Conclus\u00e3o<\/strong><\/span><\/h2>\n\n\n\n<p>O caso Boate Kiss continua gerando debates profundos. <strong>A decis\u00e3o do Ministro Dias Toffoli, ao restabelecer o j\u00fari, refor\u00e7a a import\u00e2ncia da soberania do Tribunal do J\u00fari.<\/strong> No entanto, o que \u00e9, a nosso ver, o cerne de toda a controv\u00e9rsia \u00e9 a proporcionalidade da condena\u00e7\u00e3o, na medida em que a culpa consciente teria sido a classifica\u00e7\u00e3o mais justa para a conduta dos r\u00e9us.<\/p>\n\n\n\n<p>A desclassifica\u00e7\u00e3o da conduta na fase de pron\u00fancia ou uma den\u00fancia mais adequada por parte do Minist\u00e9rio P\u00fablico poderiam ter evitado esse conflito.<\/p>\n\n\n\n<p><strong>A trag\u00e9dia da Boate Kiss trouxe uma reflex\u00e3o importante sobre os limites da responsabilidade penal e a necessidade de garantir que as penas sejam proporcionais \u00e0 conduta dos agentes.<\/strong> A busca por justi\u00e7a para as v\u00edtimas e suas fam\u00edlias continua, mas deve ser equilibrada com o respeito aos princ\u00edpios constitucionais e ao Estado de Direito\u200b.<\/p>\n\n\n\n<h2 class=\"wp-block-heading has-text-align-center\" id=\"h-quer-saber-quais-serao-os-proximos-concursos\"><span id=\"quer-saber-quais-serao-os-proximos-concursos\">Quer saber quais ser\u00e3o os pr\u00f3ximos concursos?<\/span><\/h2>\n\n\n\n<p class=\"has-text-align-center\">Confira nossos\u00a0<a href=\"https:\/\/cj.estrategia.com\/portal\/\" target=\"_blank\" >artigos para Carreiras Jur\u00eddicas<\/a>!<\/p>\n\n\n\n<p class=\"has-text-align-center has-white-color has-pale-cyan-blue-background-color has-text-color has-background has-link-color wp-elements-f3d5123bb0c8e11604d0c8c7f1ea8be8\"><a href=\"https:\/\/www.estrategiaconcursos.com.br\/blog\/concursos-abertos\/\" target=\"_blank\" >Confira os concursos p\u00fablicos abertos<\/a><\/p>\n\n\n\n<p class=\"has-text-align-center has-white-color has-pale-cyan-blue-background-color has-text-color has-background has-link-color wp-elements-94f2aad2f2b05ea3152ac5320a17d121\"><a href=\"https:\/\/cj.estrategia.com\/portal\/web-stories\/\" target=\"_blank\" >Concursos 2024<\/a><\/p>\n","protected":false},"excerpt":{"rendered":"O caso da Boate Kiss, uma das maiores trag\u00e9dias brasileiras, volta a ocupar o cen\u00e1rio jur\u00eddico ap\u00f3s a&hellip;\n","protected":false},"author":62,"featured_media":74554,"comment_status":"open","ping_status":"open","sticky":false,"template":"","format":"standard","meta":{"_jetpack_memberships_contains_paid_content":false,"footnotes":""},"categories":[1],"tags":[336,862,866,529,864,134,501],"tax_estado":[30,31,32,33,34,35,36,37,38,39,40,41,42,43,44,45,46,47,48,49,50,51,52,53,54,55,56,57],"class_list":{"0":"post-74550","1":"post","2":"type-post","3":"status-publish","4":"format-standard","5":"has-post-thumbnail","7":"category-carreiras-juridicas","8":"tag-analise-juridica","9":"tag-boate-kiss","10":"tag-homicidio-com-dolo-eventual","11":"tag-homicidio-culposo","12":"tag-ministro-dias-toffoli","13":"tag-stf","14":"tag-tribunal-do-juri","15":"tax_estado-ac","16":"tax_estado-al","17":"tax_estado-am","18":"tax_estado-ap","19":"tax_estado-ba","20":"tax_estado-ce","21":"tax_estado-concursos-federais","22":"tax_estado-df","23":"tax_estado-es","24":"tax_estado-go","25":"tax_estado-ma","26":"tax_estado-mg","27":"tax_estado-ms","28":"tax_estado-mt","29":"tax_estado-pa","30":"tax_estado-pb","31":"tax_estado-pe","32":"tax_estado-pi","33":"tax_estado-pr","34":"tax_estado-rj","35":"tax_estado-rn","36":"tax_estado-ro","37":"tax_estado-rr","38":"tax_estado-rs","39":"tax_estado-sc","40":"tax_estado-se","41":"tax_estado-sp","42":"tax_estado-to"},"acf":[],"yoast_head":"<!-- This site is optimized with the Yoast SEO Premium plugin v27.5 (Yoast SEO v27.5) - https:\/\/yoast.com\/product\/yoast-seo-premium-wordpress\/ -->\n<title>Boate Kiss: Toffoli Retoma J\u00fari e Ordena Pris\u00e3o dos R\u00e9us<\/title>\n<meta name=\"description\" content=\"Dias Toffoli retoma a validade do j\u00fari do Caso Boate Kiss e ordena a pris\u00e3o dos r\u00e9us. Confira os detalhes dessa decis\u00e3o.\" \/>\n<meta name=\"robots\" content=\"index, follow, max-snippet:-1, max-image-preview:large, max-video-preview:-1\" \/>\n<link rel=\"canonical\" href=\"https:\/\/cj.estrategia.com\/portal\/boate-kiss-validade-juri-prisao\/\" \/>\n<meta property=\"og:locale\" content=\"pt_BR\" \/>\n<meta property=\"og:type\" content=\"article\" \/>\n<meta property=\"og:title\" content=\"Caso Boate Kiss: Ministro Dias Toffoli retoma validade do j\u00fari e ordena pris\u00e3o\" \/>\n<meta property=\"og:description\" content=\"Dias Toffoli retoma a validade do j\u00fari do Caso Boate Kiss e ordena a pris\u00e3o dos r\u00e9us. Confira os detalhes dessa decis\u00e3o.\" \/>\n<meta property=\"og:url\" content=\"https:\/\/cj.estrategia.com\/portal\/boate-kiss-validade-juri-prisao\/\" \/>\n<meta property=\"og:site_name\" content=\"Blog - Carreiras Jur\u00eddicas - Estrat\u00e9gia\" \/>\n<meta property=\"article:publisher\" content=\"https:\/\/www.facebook.com\/estrategiacarreirajuridica\/\" \/>\n<meta property=\"article:published_time\" content=\"2024-09-04T18:36:46+00:00\" \/>\n<meta property=\"article:modified_time\" content=\"2025-04-28T17:09:22+00:00\" \/>\n<meta property=\"og:image\" content=\"https:\/\/cj.estrategia.com\/portal\/wp-content\/uploads\/2024\/09\/04150811\/firefighter-trying-contain-forest-fire-scaled.jpg\" \/>\n\t<meta property=\"og:image:width\" content=\"2560\" \/>\n\t<meta property=\"og:image:height\" content=\"1707\" \/>\n\t<meta property=\"og:image:type\" content=\"image\/jpeg\" \/>\n<meta name=\"author\" content=\"Allan Joos\" \/>\n<meta name=\"twitter:card\" content=\"summary_large_image\" \/>\n<meta name=\"twitter:creator\" content=\"@EstratJuridica\" \/>\n<meta name=\"twitter:site\" content=\"@EstratJuridica\" \/>\n<meta name=\"twitter:label1\" content=\"Escrito por\" \/>\n\t<meta name=\"twitter:data1\" content=\"Allan Joos\" \/>\n\t<meta name=\"twitter:label2\" content=\"Est. tempo de leitura\" \/>\n\t<meta name=\"twitter:data2\" content=\"6 minutos\" \/>\n<script type=\"application\/ld+json\" class=\"yoast-schema-graph\">{\"@context\":\"https:\\\/\\\/schema.org\",\"@graph\":[{\"@type\":\"NewsArticle\",\"@id\":\"https:\\\/\\\/cj.estrategia.com\\\/portal\\\/boate-kiss-validade-juri-prisao\\\/#article\",\"isPartOf\":{\"@id\":\"https:\\\/\\\/cj.estrategia.com\\\/portal\\\/boate-kiss-validade-juri-prisao\\\/\"},\"author\":{\"name\":\"Allan Joos\",\"@id\":\"https:\\\/\\\/cj.estrategia.com\\\/portal\\\/#\\\/schema\\\/person\\\/c48648992c53b73c046825760c50c2f0\"},\"headline\":\"Caso Boate Kiss: Ministro Dias Toffoli retoma validade do j\u00fari e ordena pris\u00e3o\",\"datePublished\":\"2024-09-04T18:36:46+00:00\",\"dateModified\":\"2025-04-28T17:09:22+00:00\",\"mainEntityOfPage\":{\"@id\":\"https:\\\/\\\/cj.estrategia.com\\\/portal\\\/boate-kiss-validade-juri-prisao\\\/\"},\"wordCount\":1129,\"commentCount\":0,\"publisher\":{\"@id\":\"https:\\\/\\\/cj.estrategia.com\\\/portal\\\/#organization\"},\"image\":{\"@id\":\"https:\\\/\\\/cj.estrategia.com\\\/portal\\\/boate-kiss-validade-juri-prisao\\\/#primaryimage\"},\"thumbnailUrl\":\"https:\\\/\\\/cj.estrategia.com\\\/portal\\\/wp-content\\\/uploads\\\/2024\\\/09\\\/04150811\\\/firefighter-trying-contain-forest-fire-scaled.jpg\",\"keywords\":[\"an\u00e1lise jur\u00eddica\",\"boate kiss\",\"homic\u00eddio com dolo eventual\",\"homic\u00eddio culposo\",\"ministro dias toffoli\",\"STF\",\"Tribunal do J\u00fari\"],\"articleSection\":[\"Carreiras Jur\u00eddicas\"],\"inLanguage\":\"pt-BR\",\"potentialAction\":[{\"@type\":\"CommentAction\",\"name\":\"Comment\",\"target\":[\"https:\\\/\\\/cj.estrategia.com\\\/portal\\\/boate-kiss-validade-juri-prisao\\\/#respond\"]}]},{\"@type\":\"WebPage\",\"@id\":\"https:\\\/\\\/cj.estrategia.com\\\/portal\\\/boate-kiss-validade-juri-prisao\\\/\",\"url\":\"https:\\\/\\\/cj.estrategia.com\\\/portal\\\/boate-kiss-validade-juri-prisao\\\/\",\"name\":\"Boate Kiss: Toffoli Retoma J\u00fari e Ordena Pris\u00e3o dos R\u00e9us\",\"isPartOf\":{\"@id\":\"https:\\\/\\\/cj.estrategia.com\\\/portal\\\/#website\"},\"primaryImageOfPage\":{\"@id\":\"https:\\\/\\\/cj.estrategia.com\\\/portal\\\/boate-kiss-validade-juri-prisao\\\/#primaryimage\"},\"image\":{\"@id\":\"https:\\\/\\\/cj.estrategia.com\\\/portal\\\/boate-kiss-validade-juri-prisao\\\/#primaryimage\"},\"thumbnailUrl\":\"https:\\\/\\\/cj.estrategia.com\\\/portal\\\/wp-content\\\/uploads\\\/2024\\\/09\\\/04150811\\\/firefighter-trying-contain-forest-fire-scaled.jpg\",\"datePublished\":\"2024-09-04T18:36:46+00:00\",\"dateModified\":\"2025-04-28T17:09:22+00:00\",\"description\":\"Dias Toffoli retoma a validade do j\u00fari do Caso Boate Kiss e ordena a pris\u00e3o dos r\u00e9us. Confira os detalhes dessa decis\u00e3o.\",\"breadcrumb\":{\"@id\":\"https:\\\/\\\/cj.estrategia.com\\\/portal\\\/boate-kiss-validade-juri-prisao\\\/#breadcrumb\"},\"inLanguage\":\"pt-BR\",\"potentialAction\":[{\"@type\":\"ReadAction\",\"target\":[\"https:\\\/\\\/cj.estrategia.com\\\/portal\\\/boate-kiss-validade-juri-prisao\\\/\"]}]},{\"@type\":\"ImageObject\",\"inLanguage\":\"pt-BR\",\"@id\":\"https:\\\/\\\/cj.estrategia.com\\\/portal\\\/boate-kiss-validade-juri-prisao\\\/#primaryimage\",\"url\":\"https:\\\/\\\/cj.estrategia.com\\\/portal\\\/wp-content\\\/uploads\\\/2024\\\/09\\\/04150811\\\/firefighter-trying-contain-forest-fire-scaled.jpg\",\"contentUrl\":\"https:\\\/\\\/cj.estrategia.com\\\/portal\\\/wp-content\\\/uploads\\\/2024\\\/09\\\/04150811\\\/firefighter-trying-contain-forest-fire-scaled.jpg\",\"width\":2560,\"height\":1707,\"caption\":\"Stock\"},{\"@type\":\"BreadcrumbList\",\"@id\":\"https:\\\/\\\/cj.estrategia.com\\\/portal\\\/boate-kiss-validade-juri-prisao\\\/#breadcrumb\",\"itemListElement\":[{\"@type\":\"ListItem\",\"position\":1,\"name\":\"In\u00edcio\",\"item\":\"https:\\\/\\\/cj.estrategia.com\\\/portal\\\/\"},{\"@type\":\"ListItem\",\"position\":2,\"name\":\"Caso Boate Kiss: Ministro Dias Toffoli retoma validade do j\u00fari e ordena pris\u00e3o\"}]},{\"@type\":\"WebSite\",\"@id\":\"https:\\\/\\\/cj.estrategia.com\\\/portal\\\/#website\",\"url\":\"https:\\\/\\\/cj.estrategia.com\\\/portal\\\/\",\"name\":\"Blog - Carreiras Jur\u00eddicas - Estrat\u00e9gia\",\"description\":\"\",\"publisher\":{\"@id\":\"https:\\\/\\\/cj.estrategia.com\\\/portal\\\/#organization\"},\"potentialAction\":[{\"@type\":\"SearchAction\",\"target\":{\"@type\":\"EntryPoint\",\"urlTemplate\":\"https:\\\/\\\/cj.estrategia.com\\\/portal\\\/?s={search_term_string}\"},\"query-input\":{\"@type\":\"PropertyValueSpecification\",\"valueRequired\":true,\"valueName\":\"search_term_string\"}}],\"inLanguage\":\"pt-BR\"},{\"@type\":\"Organization\",\"@id\":\"https:\\\/\\\/cj.estrategia.com\\\/portal\\\/#organization\",\"name\":\"Estrat\u00e9gia - Carreiras Jur\u00eddicas\",\"url\":\"https:\\\/\\\/cj.estrategia.com\\\/portal\\\/\",\"logo\":{\"@type\":\"ImageObject\",\"inLanguage\":\"pt-BR\",\"@id\":\"https:\\\/\\\/cj.estrategia.com\\\/portal\\\/#\\\/schema\\\/logo\\\/image\\\/\",\"url\":\"https:\\\/\\\/cj.estrategia.com\\\/portal\\\/wp-content\\\/uploads\\\/2022\\\/03\\\/11151052\\\/cj-logo.png\",\"contentUrl\":\"https:\\\/\\\/cj.estrategia.com\\\/portal\\\/wp-content\\\/uploads\\\/2022\\\/03\\\/11151052\\\/cj-logo.png\",\"width\":150,\"height\":39,\"caption\":\"Estrat\u00e9gia - Carreiras Jur\u00eddicas\"},\"image\":{\"@id\":\"https:\\\/\\\/cj.estrategia.com\\\/portal\\\/#\\\/schema\\\/logo\\\/image\\\/\"},\"sameAs\":[\"https:\\\/\\\/www.facebook.com\\\/estrategiacarreirajuridica\\\/\",\"https:\\\/\\\/x.com\\\/EstratJuridica\",\"https:\\\/\\\/www.instagram.com\\\/estrategiacarreirajuridica\\\/\",\"https:\\\/\\\/www.youtube.com\\\/channel\\\/UClbMGuYbj2Mh1m3w144ETWQ\"]},{\"@type\":\"Person\",\"@id\":\"https:\\\/\\\/cj.estrategia.com\\\/portal\\\/#\\\/schema\\\/person\\\/c48648992c53b73c046825760c50c2f0\",\"name\":\"Allan Joos\",\"image\":{\"@type\":\"ImageObject\",\"inLanguage\":\"pt-BR\",\"@id\":\"https:\\\/\\\/secure.gravatar.com\\\/avatar\\\/1b8f33b5c8b83dae3a0e569e23f1e6d1898a7771af6690410413809652612016?s=96&d=mm&r=g\",\"url\":\"https:\\\/\\\/secure.gravatar.com\\\/avatar\\\/1b8f33b5c8b83dae3a0e569e23f1e6d1898a7771af6690410413809652612016?s=96&d=mm&r=g\",\"contentUrl\":\"https:\\\/\\\/secure.gravatar.com\\\/avatar\\\/1b8f33b5c8b83dae3a0e569e23f1e6d1898a7771af6690410413809652612016?s=96&d=mm&r=g\",\"caption\":\"Allan Joos\"},\"url\":\"https:\\\/\\\/cj.estrategia.com\\\/portal\\\/author\\\/allan-joos\\\/\"}]}<\/script>\n<!-- \/ Yoast SEO Premium plugin. -->","yoast_head_json":{"title":"Boate Kiss: Toffoli Retoma J\u00fari e Ordena Pris\u00e3o dos R\u00e9us","description":"Dias Toffoli retoma a validade do j\u00fari do Caso Boate Kiss e ordena a pris\u00e3o dos r\u00e9us. Confira os detalhes dessa decis\u00e3o.","robots":{"index":"index","follow":"follow","max-snippet":"max-snippet:-1","max-image-preview":"max-image-preview:large","max-video-preview":"max-video-preview:-1"},"canonical":"https:\/\/cj.estrategia.com\/portal\/boate-kiss-validade-juri-prisao\/","og_locale":"pt_BR","og_type":"article","og_title":"Caso Boate Kiss: Ministro Dias Toffoli retoma validade do j\u00fari e ordena pris\u00e3o","og_description":"Dias Toffoli retoma a validade do j\u00fari do Caso Boate Kiss e ordena a pris\u00e3o dos r\u00e9us. Confira os detalhes dessa decis\u00e3o.","og_url":"https:\/\/cj.estrategia.com\/portal\/boate-kiss-validade-juri-prisao\/","og_site_name":"Blog - Carreiras Jur\u00eddicas - Estrat\u00e9gia","article_publisher":"https:\/\/www.facebook.com\/estrategiacarreirajuridica\/","article_published_time":"2024-09-04T18:36:46+00:00","article_modified_time":"2025-04-28T17:09:22+00:00","og_image":[{"width":2560,"height":1707,"url":"https:\/\/cj.estrategia.com\/portal\/wp-content\/uploads\/2024\/09\/04150811\/firefighter-trying-contain-forest-fire-scaled.jpg","type":"image\/jpeg"}],"author":"Allan Joos","twitter_card":"summary_large_image","twitter_creator":"@EstratJuridica","twitter_site":"@EstratJuridica","twitter_misc":{"Escrito por":"Allan Joos","Est. tempo de leitura":"6 minutos"},"schema":{"@context":"https:\/\/schema.org","@graph":[{"@type":"NewsArticle","@id":"https:\/\/cj.estrategia.com\/portal\/boate-kiss-validade-juri-prisao\/#article","isPartOf":{"@id":"https:\/\/cj.estrategia.com\/portal\/boate-kiss-validade-juri-prisao\/"},"author":{"name":"Allan Joos","@id":"https:\/\/cj.estrategia.com\/portal\/#\/schema\/person\/c48648992c53b73c046825760c50c2f0"},"headline":"Caso Boate Kiss: Ministro Dias Toffoli retoma validade do j\u00fari e ordena pris\u00e3o","datePublished":"2024-09-04T18:36:46+00:00","dateModified":"2025-04-28T17:09:22+00:00","mainEntityOfPage":{"@id":"https:\/\/cj.estrategia.com\/portal\/boate-kiss-validade-juri-prisao\/"},"wordCount":1129,"commentCount":0,"publisher":{"@id":"https:\/\/cj.estrategia.com\/portal\/#organization"},"image":{"@id":"https:\/\/cj.estrategia.com\/portal\/boate-kiss-validade-juri-prisao\/#primaryimage"},"thumbnailUrl":"https:\/\/cj.estrategia.com\/portal\/wp-content\/uploads\/2024\/09\/04150811\/firefighter-trying-contain-forest-fire-scaled.jpg","keywords":["an\u00e1lise jur\u00eddica","boate kiss","homic\u00eddio com dolo eventual","homic\u00eddio culposo","ministro dias toffoli","STF","Tribunal do J\u00fari"],"articleSection":["Carreiras Jur\u00eddicas"],"inLanguage":"pt-BR","potentialAction":[{"@type":"CommentAction","name":"Comment","target":["https:\/\/cj.estrategia.com\/portal\/boate-kiss-validade-juri-prisao\/#respond"]}]},{"@type":"WebPage","@id":"https:\/\/cj.estrategia.com\/portal\/boate-kiss-validade-juri-prisao\/","url":"https:\/\/cj.estrategia.com\/portal\/boate-kiss-validade-juri-prisao\/","name":"Boate Kiss: Toffoli Retoma J\u00fari e Ordena Pris\u00e3o dos R\u00e9us","isPartOf":{"@id":"https:\/\/cj.estrategia.com\/portal\/#website"},"primaryImageOfPage":{"@id":"https:\/\/cj.estrategia.com\/portal\/boate-kiss-validade-juri-prisao\/#primaryimage"},"image":{"@id":"https:\/\/cj.estrategia.com\/portal\/boate-kiss-validade-juri-prisao\/#primaryimage"},"thumbnailUrl":"https:\/\/cj.estrategia.com\/portal\/wp-content\/uploads\/2024\/09\/04150811\/firefighter-trying-contain-forest-fire-scaled.jpg","datePublished":"2024-09-04T18:36:46+00:00","dateModified":"2025-04-28T17:09:22+00:00","description":"Dias Toffoli retoma a validade do j\u00fari do Caso Boate Kiss e ordena a pris\u00e3o dos r\u00e9us. Confira os detalhes dessa decis\u00e3o.","breadcrumb":{"@id":"https:\/\/cj.estrategia.com\/portal\/boate-kiss-validade-juri-prisao\/#breadcrumb"},"inLanguage":"pt-BR","potentialAction":[{"@type":"ReadAction","target":["https:\/\/cj.estrategia.com\/portal\/boate-kiss-validade-juri-prisao\/"]}]},{"@type":"ImageObject","inLanguage":"pt-BR","@id":"https:\/\/cj.estrategia.com\/portal\/boate-kiss-validade-juri-prisao\/#primaryimage","url":"https:\/\/cj.estrategia.com\/portal\/wp-content\/uploads\/2024\/09\/04150811\/firefighter-trying-contain-forest-fire-scaled.jpg","contentUrl":"https:\/\/cj.estrategia.com\/portal\/wp-content\/uploads\/2024\/09\/04150811\/firefighter-trying-contain-forest-fire-scaled.jpg","width":2560,"height":1707,"caption":"Stock"},{"@type":"BreadcrumbList","@id":"https:\/\/cj.estrategia.com\/portal\/boate-kiss-validade-juri-prisao\/#breadcrumb","itemListElement":[{"@type":"ListItem","position":1,"name":"In\u00edcio","item":"https:\/\/cj.estrategia.com\/portal\/"},{"@type":"ListItem","position":2,"name":"Caso Boate Kiss: Ministro Dias Toffoli retoma validade do j\u00fari e ordena pris\u00e3o"}]},{"@type":"WebSite","@id":"https:\/\/cj.estrategia.com\/portal\/#website","url":"https:\/\/cj.estrategia.com\/portal\/","name":"Blog - Carreiras Jur\u00eddicas - Estrat\u00e9gia","description":"","publisher":{"@id":"https:\/\/cj.estrategia.com\/portal\/#organization"},"potentialAction":[{"@type":"SearchAction","target":{"@type":"EntryPoint","urlTemplate":"https:\/\/cj.estrategia.com\/portal\/?s={search_term_string}"},"query-input":{"@type":"PropertyValueSpecification","valueRequired":true,"valueName":"search_term_string"}}],"inLanguage":"pt-BR"},{"@type":"Organization","@id":"https:\/\/cj.estrategia.com\/portal\/#organization","name":"Estrat\u00e9gia - Carreiras Jur\u00eddicas","url":"https:\/\/cj.estrategia.com\/portal\/","logo":{"@type":"ImageObject","inLanguage":"pt-BR","@id":"https:\/\/cj.estrategia.com\/portal\/#\/schema\/logo\/image\/","url":"https:\/\/cj.estrategia.com\/portal\/wp-content\/uploads\/2022\/03\/11151052\/cj-logo.png","contentUrl":"https:\/\/cj.estrategia.com\/portal\/wp-content\/uploads\/2022\/03\/11151052\/cj-logo.png","width":150,"height":39,"caption":"Estrat\u00e9gia - Carreiras Jur\u00eddicas"},"image":{"@id":"https:\/\/cj.estrategia.com\/portal\/#\/schema\/logo\/image\/"},"sameAs":["https:\/\/www.facebook.com\/estrategiacarreirajuridica\/","https:\/\/x.com\/EstratJuridica","https:\/\/www.instagram.com\/estrategiacarreirajuridica\/","https:\/\/www.youtube.com\/channel\/UClbMGuYbj2Mh1m3w144ETWQ"]},{"@type":"Person","@id":"https:\/\/cj.estrategia.com\/portal\/#\/schema\/person\/c48648992c53b73c046825760c50c2f0","name":"Allan Joos","image":{"@type":"ImageObject","inLanguage":"pt-BR","@id":"https:\/\/secure.gravatar.com\/avatar\/1b8f33b5c8b83dae3a0e569e23f1e6d1898a7771af6690410413809652612016?s=96&d=mm&r=g","url":"https:\/\/secure.gravatar.com\/avatar\/1b8f33b5c8b83dae3a0e569e23f1e6d1898a7771af6690410413809652612016?s=96&d=mm&r=g","contentUrl":"https:\/\/secure.gravatar.com\/avatar\/1b8f33b5c8b83dae3a0e569e23f1e6d1898a7771af6690410413809652612016?s=96&d=mm&r=g","caption":"Allan Joos"},"url":"https:\/\/cj.estrategia.com\/portal\/author\/allan-joos\/"}]}},"jetpack_featured_media_url":"https:\/\/cj.estrategia.com\/portal\/wp-content\/uploads\/2024\/09\/04150811\/firefighter-trying-contain-forest-fire-scaled.jpg","jetpack_sharing_enabled":true,"_links":{"self":[{"href":"https:\/\/cj.estrategia.com\/portal\/wp-json\/wp\/v2\/posts\/74550","targetHints":{"allow":["GET"]}}],"collection":[{"href":"https:\/\/cj.estrategia.com\/portal\/wp-json\/wp\/v2\/posts"}],"about":[{"href":"https:\/\/cj.estrategia.com\/portal\/wp-json\/wp\/v2\/types\/post"}],"author":[{"embeddable":true,"href":"https:\/\/cj.estrategia.com\/portal\/wp-json\/wp\/v2\/users\/62"}],"replies":[{"embeddable":true,"href":"https:\/\/cj.estrategia.com\/portal\/wp-json\/wp\/v2\/comments?post=74550"}],"version-history":[{"count":0,"href":"https:\/\/cj.estrategia.com\/portal\/wp-json\/wp\/v2\/posts\/74550\/revisions"}],"wp:featuredmedia":[{"embeddable":true,"href":"https:\/\/cj.estrategia.com\/portal\/wp-json\/wp\/v2\/media\/74554"}],"wp:attachment":[{"href":"https:\/\/cj.estrategia.com\/portal\/wp-json\/wp\/v2\/media?parent=74550"}],"wp:term":[{"taxonomy":"category","embeddable":true,"href":"https:\/\/cj.estrategia.com\/portal\/wp-json\/wp\/v2\/categories?post=74550"},{"taxonomy":"post_tag","embeddable":true,"href":"https:\/\/cj.estrategia.com\/portal\/wp-json\/wp\/v2\/tags?post=74550"},{"taxonomy":"tax_estado","embeddable":true,"href":"https:\/\/cj.estrategia.com\/portal\/wp-json\/wp\/v2\/tax_estado?post=74550"}],"curies":[{"name":"wp","href":"https:\/\/api.w.org\/{rel}","templated":true}]}}