{"id":74514,"date":"2024-09-20T11:49:00","date_gmt":"2024-09-20T14:49:00","guid":{"rendered":"https:\/\/cj.estrategia.com\/portal\/?p=74514"},"modified":"2024-09-05T17:42:37","modified_gmt":"2024-09-05T20:42:37","slug":"impulsionamento-eleitoral-nome-adversario","status":"publish","type":"post","link":"https:\/\/cj.estrategia.com\/portal\/impulsionamento-eleitoral-nome-adversario\/","title":{"rendered":"Impulsionamento eleitoral com nome de advers\u00e1rio \u00e9 il\u00edcito?"},"content":{"rendered":"\n<p>Ol\u00e1, tudo bem? Hoje faremos uma an\u00e1lise sobre o Impulsionamento eleitoral utilizando nome de advers\u00e1rio pol\u00edtico e se isso configura um il\u00edcito eleitoral.<\/p>\n\n\n\n<p>Para isso, teceremos algumas considera\u00e7\u00f5es iniciais sobre o impulsionamento eleitoral na Lei das Elei\u00e7\u00f5es (Lei 9.504\/1997) e, na sequ\u00eancia, abordaremos o entendimento do Tribunal Superior Eleitoral (TSE) sobre se o impulsionamento eleitoral utilizando nome de advers\u00e1rio configura il\u00edcito eleitoral.<\/p>\n\n\n\n<p>Vamos ao que interessa!\u00a0<\/p>\n\n\n<div class=\"wp-block-image\">\n<figure class=\"aligncenter size-large is-resized\"><img decoding=\"async\" width=\"1024\" height=\"1024\" src=\"https:\/\/cj.estrategia.com\/portal\/wp-content\/uploads\/2024\/09\/04062002\/162340-OVISOH-110-1024x1024.jpg\" alt=\"Impulsionamento eleitoral utilizando nome de advers\u00e1rio \u00e9 il\u00edcito eleitoral?\" class=\"wp-image-74515\" style=\"width:652px;height:auto\" srcset=\"https:\/\/cj.estrategia.com\/portal\/wp-content\/uploads\/2024\/09\/04062002\/162340-OVISOH-110-1024x1024.jpg 1024w, https:\/\/cj.estrategia.com\/portal\/wp-content\/uploads\/2024\/09\/04062002\/162340-OVISOH-110-300x300.jpg 300w, https:\/\/cj.estrategia.com\/portal\/wp-content\/uploads\/2024\/09\/04062002\/162340-OVISOH-110-150x150.jpg 150w, https:\/\/cj.estrategia.com\/portal\/wp-content\/uploads\/2024\/09\/04062002\/162340-OVISOH-110-768x768.jpg 768w, https:\/\/cj.estrategia.com\/portal\/wp-content\/uploads\/2024\/09\/04062002\/162340-OVISOH-110-1536x1536.jpg 1536w, https:\/\/cj.estrategia.com\/portal\/wp-content\/uploads\/2024\/09\/04062002\/162340-OVISOH-110-80x80.jpg 80w, https:\/\/cj.estrategia.com\/portal\/wp-content\/uploads\/2024\/09\/04062002\/162340-OVISOH-110-380x380.jpg 380w, https:\/\/cj.estrategia.com\/portal\/wp-content\/uploads\/2024\/09\/04062002\/162340-OVISOH-110-800x800.jpg 800w, https:\/\/cj.estrategia.com\/portal\/wp-content\/uploads\/2024\/09\/04062002\/162340-OVISOH-110-1160x1160.jpg 1160w, https:\/\/cj.estrategia.com\/portal\/wp-content\/uploads\/2024\/09\/04062002\/162340-OVISOH-110-24x24.jpg 24w, https:\/\/cj.estrategia.com\/portal\/wp-content\/uploads\/2024\/09\/04062002\/162340-OVISOH-110-48x48.jpg 48w, https:\/\/cj.estrategia.com\/portal\/wp-content\/uploads\/2024\/09\/04062002\/162340-OVISOH-110-96x96.jpg 96w, https:\/\/cj.estrategia.com\/portal\/wp-content\/uploads\/2024\/09\/04062002\/162340-OVISOH-110.jpg 2000w\" sizes=\"(max-width: 1024px) 100vw, 1024px\" \/><figcaption class=\"wp-element-caption\">Impulsionamento eleitoral utilizando nome de advers\u00e1rio \u00e9 il\u00edcito eleitoral?<\/figcaption><\/figure>\n<\/div>\n\n\n<div class=\"wp-block-yoast-seo-table-of-contents yoast-table-of-contents\"><h2 id=\"indice\"><mark style=\"background-color:rgba(0, 0, 0, 0)\" class=\"has-inline-color has-luminous-vivid-orange-color\">\u00cdndice<\/mark><\/h2><ul><li><a href=\"#h-impulsionamento-eleitoral-utilizando-nome-de-adversario-e-ilicito-eleitoral\" data-level=\"2\">Impulsionamento eleitoral utilizando nome de advers\u00e1rio \u00e9 il\u00edcito eleitoral?<\/a><ul><li><a href=\"#h-o-que-diz-a-lei-9-504-97\" data-level=\"3\">O que diz a Lei 9.504\/97?<\/a><\/li><li><a href=\"#h-jurisprudencia-do-tse-sobre-o-impulsionamento-eleitoral-e-a-utilizacao-de-nome-de-adversario-nbsp\" data-level=\"3\">Jurisprud\u00eancia do TSE sobre o impulsionamento eleitoral e a utiliza\u00e7\u00e3o de nome de advers\u00e1rio\u00a0<\/a><ul><li><a href=\"#h-entendimento-primario-firmado-em-08-10-2020\" data-level=\"4\">Entendimento prim\u00e1rio firmado em 08\/10\/2020<\/a><\/li><li><a href=\"#h-entendimento-atual-a-partir-de-29-02-2024\" data-level=\"4\">Entendimento atual a partir de 29\/02\/2024<\/a><\/li><\/ul><\/li><\/ul><\/li><li><a href=\"#h-conclusao\" data-level=\"2\">Conclus\u00e3o<\/a><\/li><li><a href=\"#cursos-ficha\" data-level=\"2\">Quer estudar para Concursos Jur\u00eddicos em 2024?<\/a><\/li><\/ul><\/div>\n\n\n\n<h2 class=\"wp-block-heading has-luminous-vivid-orange-color has-text-color has-link-color wp-elements-88b3405e963e006f1a3bd221b8c34625\" id=\"h-impulsionamento-eleitoral-utilizando-nome-de-adversario-e-ilicito-eleitoral\"><span id=\"impulsionamento-eleitoral-utilizando-nome-de-adversario-e-ilicito-eleitoral\">Impulsionamento eleitoral utilizando nome de advers\u00e1rio \u00e9 il\u00edcito eleitoral?<\/span><\/h2>\n\n\n\n<h3 class=\"wp-block-heading has-luminous-vivid-orange-color has-text-color has-link-color wp-elements-dd98e8f1c57d7089f53c3060dfad2f29\" id=\"h-o-que-diz-a-lei-9-504-97\"><span id=\"o-que-diz-a-lei-9-504-97\">O que diz a Lei 9.504\/97?<\/span><\/h3>\n\n\n\n<p>O impulsionamento de conte\u00fados eleitorais \u00e9 permitido pela legisla\u00e7\u00e3o brasileira, mormente pela Lei das Elei\u00e7\u00f5es (Lei 9.504\/1997).<\/p>\n\n\n\n<p>O artigo 26, inciso XV, dessa Lei <strong>classifica como gasto eleitoral<\/strong>, sujeito, portanto, a registro e aos limites fixados na Lei, os custos com a cria\u00e7\u00e3o e inclus\u00e3o de s\u00edtios na internet e com <strong>o impulsionamento de conte\u00fados <\/strong>contratados diretamente com provedor da aplica\u00e7\u00e3o de internet com sede e foro no Pa\u00eds.<\/p>\n\n\n\n<p>Al\u00e9m disso, o \u00a7 2\u00ba do artigo 26 disp\u00f5e que <strong>se inclui entre as formas de impulsionamento de conte\u00fado a prioriza\u00e7\u00e3o paga de conte\u00fados resultantes de aplica\u00e7\u00f5es de busca na internet<\/strong>.<\/p>\n\n\n<div class=\"wp-block-image\">\n<figure class=\"aligncenter\"><img decoding=\"async\" src=\"https:\/\/lh7-rt.googleusercontent.com\/docsz\/AD_4nXde9OgcUHm3GqoRDNEl98tssuUqJ6GtB51SaEhCrgX21GYEaFabsdxIIbGbQWwV3Dd2VB6vRtFjP71S7D3hyN57N4W10T-Z1mSOKpiZoPIJ9TFWpg5toyU8GHg5wDFDu8elBVX5JhT8GVs5Llrhc1BHNY3b?key=E7mnjXksO73npJ6-i7t3Hw\" alt=\"\"\/><\/figure>\n<\/div>\n\n\n<p class=\"has-text-align-center\">Essa \u201cprioriza\u00e7\u00e3o paga de conte\u00fados resultantes de busca\u201d nada mais \u00e9 do que voc\u00ea, em seu navegador de internet, realizar uma pesquisa sobre determinado assunto e o conte\u00fado patrocinado aparecer nos primeiros t\u00f3picos.<\/p>\n\n\n\n<p>Por fim, \u00e9 importante destacar que o artigo 57-C da Lei das Elei\u00e7\u00f5es <strong>pro\u00edbe <\/strong>veicula\u00e7\u00e3o de qualquer tipo de propaganda eleitoral paga na internet, <strong>EXCETUADO o impulsionamento de conte\u00fados<\/strong>, desde que identificado de forma inequ\u00edvoca como tal e contratado exclusivamente por partidos, coliga\u00e7\u00f5es e candidatos e seus representantes.&nbsp;&nbsp;&nbsp;<\/p>\n\n\n\n<p>Nessa linha, o \u00a7 3\u00ba do artigo 57-C disp\u00f5e que o impulsionamento dever\u00e1 ser contratado diretamente com provedor da aplica\u00e7\u00e3o de internet com sede e foro no Pa\u00eds, ou de sua filial, sucursal, escrit\u00f3rio, estabelecimento ou representante legalmente estabelecido no Pa\u00eds e <strong>apenas com o fim de PROMOVER ou BENEFICIAR candidatos ou suas agremia\u00e7\u00f5es.&nbsp;&nbsp;<\/strong><\/p>\n\n\n\n<h3 class=\"wp-block-heading has-luminous-vivid-orange-color has-text-color has-link-color wp-elements-b8af3785e2d67a3d4a2f169062933caa\" id=\"h-jurisprudencia-do-tse-sobre-o-impulsionamento-eleitoral-e-a-utilizacao-de-nome-de-adversario-nbsp\"><span id=\"jurisprudencia-do-tse-sobre-o-impulsionamento-eleitoral-e-a-utilizacao-de-nome-de-adversario\">Jurisprud\u00eancia do TSE sobre o impulsionamento eleitoral e a utiliza\u00e7\u00e3o de nome de advers\u00e1rio&nbsp;<\/span><\/h3>\n\n\n\n<p>Como dissemos acima, a \u201cprioriza\u00e7\u00e3o paga de conte\u00fados resultantes de busca\u201d \u00e9 uma das formas de impulsionamento previstas na Lei das Elei\u00e7\u00f5es.<\/p>\n\n\n\n<p>Al\u00e9m disso, embora o <em>caput<\/em> do artigo 57-C permita o impulsionamento de conte\u00fados, desde que devidamente identificado, o \u00a7 3\u00ba do mesmo dispositivo apenas prev\u00ea sua utiliza\u00e7\u00e3o para <strong>promover<\/strong> ou <strong>beneficiar<\/strong> candidatos ou suas agremia\u00e7\u00f5es.<\/p>\n\n\n\n<p>Diante desses dispositivos legais, <strong>chegou ao TSE a seguinte controv\u00e9rsia:&nbsp;<\/strong><\/p>\n\n\n\n<p><em>\u00c9 poss\u00edvel a contrata\u00e7\u00e3o do impulsionamento pago de conte\u00fados de propaganda eleitoral na internet, os chamados \u201clinks patrocinados\u201d, por meio da utiliza\u00e7\u00e3o da palavra-chave com o nome de candidato advers\u00e1rio?<\/em><\/p>\n\n\n\n<p><strong>A resposta a essa pergunta mudou ao longo dos \u00faltimos anos.<\/strong><\/p>\n\n\n\n<h4 class=\"wp-block-heading has-luminous-vivid-orange-color has-text-color has-link-color wp-elements-9e6dc2b8fd45edc9fb0905b5ad3ee2cb\" id=\"h-entendimento-primario-firmado-em-08-10-2020\"><span id=\"entendimento-primario-firmado-em-08-10-2020\">Entendimento prim\u00e1rio firmado em 08\/10\/2020<\/span><\/h4>\n\n\n\n<p>Isso porque, <strong>primeiramente<\/strong>, no julgamento do <a href=\"https:\/\/jurisprudencia.tse.jus.br\/#\/jurisprudencia\/pesquisa?numero=060531076&amp;params=s\" target=\"_blank\" >Recurso Especial Eleitoral (REspE) n\u00ba 0605310-76\/SP<\/a>, ocorrido em 08\/10\/2020, <strong>entendeu-se que a utiliza\u00e7\u00e3o<\/strong> do nome de candidato advers\u00e1rio como palavra\u2013chave para o fim de impulsionamento de propaganda eleitoral na modalidade de prioriza\u00e7\u00e3o paga de conte\u00fados em plataforma de busca na internet (links patrocinados),<strong> por si s\u00f3, n\u00e3o infringiria o disposto no art. 57\u2013C da Lei 9.504\/97.<\/strong><\/p>\n\n\n\n<p>Naquela ocasi\u00e3o, o entendimento foi o de que, embora os links patrocinados sejam exibidos de forma priorit\u00e1ria nas listagens de resultados dos buscadores da internet, os resultados org\u00e2nicos (n\u00e3o patrocinados) tamb\u00e9m s\u00e3o apresentados ao usu\u00e1rio na lista de achados da pesquisa.<\/p>\n\n\n\n<p>Portanto, o TSE entendeu que o an\u00fancio patrocinado n\u00e3o teria aptid\u00e3o para prejudicar o candidato cujo nome foi utilizado como palavra\u2013chave para o fim de prioriza\u00e7\u00e3o paga de conte\u00fados.<\/p>\n\n\n\n<p>Esse entendimento foi mantido no julgamento do <a href=\"https:\/\/jurisprudencia.tse.jus.br\/#\/jurisprudencia\/pesquisa?numero=060532715&amp;params=s\" target=\"_blank\" >REspE n\u00ba 0605327-15\/RS<\/a>, em 02\/02\/2021, bem como no julgamento do <a href=\"https:\/\/jurisprudencia.tse.jus.br\/#\/jurisprudencia\/pesquisa?numero=060129111&amp;params=s\" target=\"_blank\" >Recurso na Representa\u00e7\u00e3o n\u00ba 0601291-11\/DF<\/a>, em 19\/12\/2022.<\/p>\n\n\n\n<h4 class=\"wp-block-heading has-luminous-vivid-orange-color has-text-color has-link-color wp-elements-4ab379bd6461ace8fb6ed18ef36b8bf0\" id=\"h-entendimento-atual-a-partir-de-29-02-2024\"><span id=\"entendimento-atual-a-partir-de-29-02-2024\">Entendimento atual a partir de 29\/02\/2024<\/span><\/h4>\n\n\n\n<p>No entanto, em 27\/02\/2024, o TSE aprovou a <a href=\"https:\/\/www.tse.jus.br\/legislacao\/compilada\/res\/2024\/resolucao-no-23-732-de-27-de-fevereiro-de-2024\" target=\"_blank\" >Resolu\u00e7\u00e3o 23.732\/2024<\/a>, a qual, em seu artigo 28, \u00a7 7\u00ba-A a 7\u00ba-C, passou a dispor:<\/p>\n\n\n\n<div class=\"wp-block-group is-style-cnvs-block-bg-light has-background\" style=\"background:linear-gradient(135deg,rgb(238,238,238) 97%,rgb(169,184,195) 97%)\"><div class=\"wp-block-group__inner-container is-layout-constrained wp-block-group-is-layout-constrained\">\n<p>\u00a7 7\u00ba-A. O impulsionamento de conte\u00fado em provedor de aplica\u00e7\u00e3o de internet somente poder\u00e1 ser utilizado para promover ou beneficiar candidatura, partido pol\u00edtico ou federa\u00e7\u00e3o que o contrate, sendo vedado o uso do impulsionamento para propaganda negativa.<\/p>\n\n\n\n<p>\u00a7 7\u00ba-B. <strong>\u00c9 vedada a prioriza\u00e7\u00e3o paga de conte\u00fados em aplica\u00e7\u00f5es de busca na internet que:<\/strong><\/p>\n\n\n\n<p>I &#8211; promova propaganda negativa;<\/p>\n\n\n\n<p><strong>II &#8211; utilize como palavra-chave nome, sigla, alcunha ou apelido<\/strong> de partido, federa\u00e7\u00e3o, coliga\u00e7\u00e3o, <strong>candidata ou candidato advers\u00e1rio,<\/strong> <strong>mesmo com a finalidade de promover propaganda positiva do respons\u00e1vel pelo impulsionamento;<\/strong><\/p>\n\n\n\n<p>III \u2013 ou difunda dados falsos, not\u00edcias fraudulentas ou fatos notoriamente inver\u00eddicos ou gravemente descontextualizados, ainda que ben\u00e9ficas \u00e0 usu\u00e1ria ou a usu\u00e1rio respons\u00e1vel pelo impulsionamento.<\/p>\n\n\n\n<p>\u00a7 7\u00ba-C. Sem preju\u00edzo da aplica\u00e7\u00e3o do disposto no \u00a7 5\u00ba deste artigo, as condutas que violarem os \u00a7\u00a7 7\u00ba-A e 7\u00ba-B poder\u00e3o ser objeto de a\u00e7\u00f5es em que se apure a pr\u00e1tica de abuso de poder.<\/p>\n<\/div><\/div>\n\n\n\n<p>No mesmo sentido da Resolu\u00e7\u00e3o, poucos dias depois, em 29\/02\/2024, o TSE, no julgamento do <a href=\"https:\/\/jurisprudencia.tse.jus.br\/#\/jurisprudencia\/pesquisa?numero=060792852&amp;params=s\" target=\"_blank\" >Agravo Regimental no Recurso Especial Eleitoral n\u00ba 0607928-52\/SP<\/a>, proferiu julgamento no sentido de que:<\/p>\n\n\n\n<div class=\"wp-block-group is-style-cnvs-block-bg-light has-background\" style=\"background:linear-gradient(135deg,rgb(238,238,238) 88%,rgb(169,184,195) 88%)\"><div class=\"wp-block-group__inner-container is-layout-constrained wp-block-group-is-layout-constrained\">\n<p><strong>A contrata\u00e7\u00e3o de impulsionamento<\/strong> de propaganda eleitoral &#8211; mediante prioriza\u00e7\u00e3o paga de resultados &#8211; em sites de busca <strong>com a vincula\u00e7\u00e3o ao nome do advers\u00e1rio pol\u00edtico como palavra-chave,<\/strong> <strong>independentemente do conte\u00fado, configura il\u00edcito eleitoral.<\/strong><\/p>\n<\/div><\/div>\n\n\n\n<p>Nessa ocasi\u00e3o, o redator para o ac\u00f3rd\u00e3o, Ministro Raul Ara\u00fajo Filho, destacou que, embora vigore o princ\u00edpio da interven\u00e7\u00e3o m\u00ednima, no caso em concreto, era necess\u00e1rio \u201cproteger n\u00e3o apenas o nome do candidato utilizado como palavra-chave na pesquisa, mas tamb\u00e9m seus leg\u00edtimos interesses eleitorais, a sua hist\u00f3ria e reputa\u00e7\u00e3o, que, a toda evid\u00eancia, possuem especial relevo no respectivo capital pol\u00edtico-eleitoral\u201d.<\/p>\n\n\n\n<p>Por fim, \u00e9 importante mencionar que o entendimento do TSE de que a contrata\u00e7\u00e3o de impulsionamento configura il\u00edcito eleitoral foi baseada nos seguintes fatos:<\/p>\n\n\n\n<div class=\"wp-block-group is-style-cnvs-block-bg-light\"><div class=\"wp-block-group__inner-container is-layout-constrained wp-block-group-is-layout-constrained\">\n<p>a) existe claro vi\u00e9s desinformador na manipula\u00e7\u00e3o monetizada da busca para conduzir, em primeiro plano, a um conte\u00fado que n\u00e3o \u00e9 org\u00e2nico, normal, que o buscador ensejaria, mas, sim, o desejado por quem compra o servi\u00e7o, com aptid\u00e3o para influir no processo eleitoral;<\/p>\n\n\n\n<p>b) o recurso financeiro empregado na manipula\u00e7\u00e3o de buscas e conte\u00fados pol\u00edtico-eleitorais interfere na liberdade de comunica\u00e7\u00e3o e de informa\u00e7\u00e3o do eleitorado, na medida em que dificulta e embara\u00e7a o usu\u00e1rio na obten\u00e7\u00e3o do resultado esperado;<\/p>\n\n\n\n<p>c) fomenta a reprov\u00e1vel mercancia da carreira e da reputa\u00e7\u00e3o constru\u00edda pelo detentor do nome comercializado &#8211; atributos de relevante valor no contexto eleitoral -, a caracterizar inadmiss\u00edvel usurpa\u00e7\u00e3o do prest\u00edgio que goza o player em prol do contratante e\/ou benefici\u00e1rio;&nbsp;<\/p>\n\n\n\n<p>d) desvirtua a finalidade do servi\u00e7o de impulsionamento &#8211; que \u00e9 promover partidos, coliga\u00e7\u00f5es, candidatos e seus representantes, sem causar preju\u00edzo a terceiros &#8211; com o objetivo de alcan\u00e7ar dividendos eleitorais.<\/p>\n<\/div><\/div>\n\n\n\n<h2 class=\"wp-block-heading has-luminous-vivid-orange-color has-text-color has-link-color wp-elements-d6f214ee004c58f06b66e0ec53478334\" id=\"h-conclusao\"><span id=\"conclusao\">Conclus\u00e3o<\/span><\/h2>\n\n\n\n<p>Portanto, pessoal, essa foi nossa an\u00e1lise sobre o Impulsionamento eleitoral utilizando nome de advers\u00e1rio pol\u00edtico e se isso configura um il\u00edcito eleitoral.<\/p>\n\n\n\n<p>Considerando que n\u00e3o esgotamos aqui a tem\u00e1tica, n\u00e3o deixe de revisar em seu material de estudo e praticar com diversas quest\u00f5es.<\/p>\n\n\n\n<p>At\u00e9 a pr\u00f3xima!<\/p>\n\n\n\n<h2 class=\"wp-block-heading has-text-align-center has-luminous-vivid-orange-color has-text-color has-link-color wp-elements-d432a36266879851bb6ec617376f9ff6\" id=\"cursos-ficha\"><span id=\"quer-estudar-para-concursos-juridicos-em-2024\">Quer estudar para Concursos Jur\u00eddicos em 2024?<\/span><\/h2>\n\n\n\n<p class=\"has-text-align-left\">O Estrat\u00e9gia Carreira Jur\u00eddica \u00e9 campe\u00e3o de aprova\u00e7\u00f5es nos concursos para Carreiras Jur\u00eddicas com um corpo docente qualificado e materiais completos. Conhe\u00e7a nossos cursos e garanta sua aprova\u00e7\u00e3o em Concurso Jur\u00eddicos:<\/p>\n\n\n\n<p class=\"has-text-align-center has-pale-cyan-blue-background-color has-background\"><a href=\"https:\/\/cj.estrategia.com\/portal\/concursos-abertos-carreiras-juridicas\/\"><strong>Concursos abertos<\/strong><\/a><\/p>\n\n\n\n<p class=\"has-text-align-center has-pale-cyan-blue-background-color has-background\"><a href=\"https:\/\/cj.estrategia.com\/portal\/concursos-2024-carreiras-juridicas\/\"><strong>Concursos 2024<\/strong><\/a><\/p>\n","protected":false},"excerpt":{"rendered":"Ol\u00e1, tudo bem? Hoje faremos uma an\u00e1lise sobre o Impulsionamento eleitoral utilizando nome de advers\u00e1rio pol\u00edtico e se&hellip;\n","protected":false},"author":39,"featured_media":74515,"comment_status":"open","ping_status":"open","sticky":false,"template":"","format":"standard","meta":{"_jetpack_memberships_contains_paid_content":false,"footnotes":""},"categories":[1],"tags":[],"tax_estado":[30,31,32,33,34,35,36,37,38,39,40,41,42,43,44,45,46,47,48,49,50,51,52,53,54,55,56,57],"class_list":{"0":"post-74514","1":"post","2":"type-post","3":"status-publish","4":"format-standard","5":"has-post-thumbnail","7":"category-carreiras-juridicas","8":"tax_estado-ac","9":"tax_estado-al","10":"tax_estado-am","11":"tax_estado-ap","12":"tax_estado-ba","13":"tax_estado-ce","14":"tax_estado-concursos-federais","15":"tax_estado-df","16":"tax_estado-es","17":"tax_estado-go","18":"tax_estado-ma","19":"tax_estado-mg","20":"tax_estado-ms","21":"tax_estado-mt","22":"tax_estado-pa","23":"tax_estado-pb","24":"tax_estado-pe","25":"tax_estado-pi","26":"tax_estado-pr","27":"tax_estado-rj","28":"tax_estado-rn","29":"tax_estado-ro","30":"tax_estado-rr","31":"tax_estado-rs","32":"tax_estado-sc","33":"tax_estado-se","34":"tax_estado-sp","35":"tax_estado-to"},"acf":[],"yoast_head":"<!-- This site is optimized with the Yoast SEO Premium plugin v27.4 (Yoast SEO v27.4) - https:\/\/yoast.com\/product\/yoast-seo-premium-wordpress\/ -->\n<title>Impulsionamento eleitoral com nome de advers\u00e1rio \u00e9 il\u00edcito?<\/title>\n<meta name=\"description\" content=\"Confira nossa an\u00e1lise sobre o Impulsionamento eleitoral utilizando nome de advers\u00e1rio pol\u00edtico e se isso configura um il\u00edcito eleitoral.\" \/>\n<meta name=\"robots\" content=\"index, follow, max-snippet:-1, max-image-preview:large, max-video-preview:-1\" \/>\n<link rel=\"canonical\" href=\"https:\/\/cj.estrategia.com\/portal\/impulsionamento-eleitoral-nome-adversario\/\" \/>\n<meta property=\"og:locale\" content=\"pt_BR\" \/>\n<meta property=\"og:type\" content=\"article\" \/>\n<meta property=\"og:title\" content=\"Impulsionamento eleitoral com nome de advers\u00e1rio \u00e9 il\u00edcito?\" \/>\n<meta property=\"og:description\" content=\"Confira nossa an\u00e1lise sobre o Impulsionamento eleitoral utilizando nome de advers\u00e1rio pol\u00edtico e se isso configura um il\u00edcito eleitoral.\" \/>\n<meta property=\"og:url\" content=\"https:\/\/cj.estrategia.com\/portal\/impulsionamento-eleitoral-nome-adversario\/\" \/>\n<meta property=\"og:site_name\" content=\"Blog - Carreiras Jur\u00eddicas - Estrat\u00e9gia\" \/>\n<meta property=\"article:publisher\" content=\"https:\/\/www.facebook.com\/estrategiacarreirajuridica\/\" \/>\n<meta property=\"article:published_time\" content=\"2024-09-20T14:49:00+00:00\" \/>\n<meta property=\"og:image\" content=\"https:\/\/cj.estrategia.com\/portal\/wp-content\/uploads\/2024\/09\/04062002\/162340-OVISOH-110.jpg\" \/>\n\t<meta property=\"og:image:width\" content=\"2000\" \/>\n\t<meta property=\"og:image:height\" content=\"2000\" \/>\n\t<meta property=\"og:image:type\" content=\"image\/jpeg\" \/>\n<meta name=\"author\" content=\"Frederico Tadeu Borlot Peixoto\" \/>\n<meta name=\"twitter:card\" content=\"summary_large_image\" \/>\n<meta name=\"twitter:creator\" content=\"@EstratJuridica\" \/>\n<meta name=\"twitter:site\" content=\"@EstratJuridica\" \/>\n<meta name=\"twitter:label1\" content=\"Escrito por\" \/>\n\t<meta name=\"twitter:data1\" content=\"Frederico Tadeu Borlot Peixoto\" \/>\n\t<meta name=\"twitter:label2\" content=\"Est. tempo de leitura\" \/>\n\t<meta name=\"twitter:data2\" content=\"8 minutos\" \/>\n<script type=\"application\/ld+json\" class=\"yoast-schema-graph\">{\"@context\":\"https:\\\/\\\/schema.org\",\"@graph\":[{\"@type\":\"NewsArticle\",\"@id\":\"https:\\\/\\\/cj.estrategia.com\\\/portal\\\/impulsionamento-eleitoral-nome-adversario\\\/#article\",\"isPartOf\":{\"@id\":\"https:\\\/\\\/cj.estrategia.com\\\/portal\\\/impulsionamento-eleitoral-nome-adversario\\\/\"},\"author\":{\"name\":\"Frederico Tadeu Borlot Peixoto\",\"@id\":\"https:\\\/\\\/cj.estrategia.com\\\/portal\\\/#\\\/schema\\\/person\\\/74287401cf4654f4fa04e378de7261ec\"},\"headline\":\"Impulsionamento eleitoral com nome de advers\u00e1rio \u00e9 il\u00edcito?\",\"datePublished\":\"2024-09-20T14:49:00+00:00\",\"mainEntityOfPage\":{\"@id\":\"https:\\\/\\\/cj.estrategia.com\\\/portal\\\/impulsionamento-eleitoral-nome-adversario\\\/\"},\"wordCount\":1379,\"commentCount\":0,\"publisher\":{\"@id\":\"https:\\\/\\\/cj.estrategia.com\\\/portal\\\/#organization\"},\"image\":{\"@id\":\"https:\\\/\\\/cj.estrategia.com\\\/portal\\\/impulsionamento-eleitoral-nome-adversario\\\/#primaryimage\"},\"thumbnailUrl\":\"https:\\\/\\\/cj.estrategia.com\\\/portal\\\/wp-content\\\/uploads\\\/2024\\\/09\\\/04062002\\\/162340-OVISOH-110.jpg\",\"articleSection\":[\"Carreiras Jur\u00eddicas\"],\"inLanguage\":\"pt-BR\",\"potentialAction\":[{\"@type\":\"CommentAction\",\"name\":\"Comment\",\"target\":[\"https:\\\/\\\/cj.estrategia.com\\\/portal\\\/impulsionamento-eleitoral-nome-adversario\\\/#respond\"]}],\"accessibilityFeature\":[\"tableOfContents\"]},{\"@type\":\"WebPage\",\"@id\":\"https:\\\/\\\/cj.estrategia.com\\\/portal\\\/impulsionamento-eleitoral-nome-adversario\\\/\",\"url\":\"https:\\\/\\\/cj.estrategia.com\\\/portal\\\/impulsionamento-eleitoral-nome-adversario\\\/\",\"name\":\"Impulsionamento eleitoral com nome de advers\u00e1rio \u00e9 il\u00edcito?\",\"isPartOf\":{\"@id\":\"https:\\\/\\\/cj.estrategia.com\\\/portal\\\/#website\"},\"primaryImageOfPage\":{\"@id\":\"https:\\\/\\\/cj.estrategia.com\\\/portal\\\/impulsionamento-eleitoral-nome-adversario\\\/#primaryimage\"},\"image\":{\"@id\":\"https:\\\/\\\/cj.estrategia.com\\\/portal\\\/impulsionamento-eleitoral-nome-adversario\\\/#primaryimage\"},\"thumbnailUrl\":\"https:\\\/\\\/cj.estrategia.com\\\/portal\\\/wp-content\\\/uploads\\\/2024\\\/09\\\/04062002\\\/162340-OVISOH-110.jpg\",\"datePublished\":\"2024-09-20T14:49:00+00:00\",\"description\":\"Confira nossa an\u00e1lise sobre o Impulsionamento eleitoral utilizando nome de advers\u00e1rio pol\u00edtico e se isso configura um il\u00edcito eleitoral.\",\"breadcrumb\":{\"@id\":\"https:\\\/\\\/cj.estrategia.com\\\/portal\\\/impulsionamento-eleitoral-nome-adversario\\\/#breadcrumb\"},\"inLanguage\":\"pt-BR\",\"potentialAction\":[{\"@type\":\"ReadAction\",\"target\":[\"https:\\\/\\\/cj.estrategia.com\\\/portal\\\/impulsionamento-eleitoral-nome-adversario\\\/\"]}]},{\"@type\":\"ImageObject\",\"inLanguage\":\"pt-BR\",\"@id\":\"https:\\\/\\\/cj.estrategia.com\\\/portal\\\/impulsionamento-eleitoral-nome-adversario\\\/#primaryimage\",\"url\":\"https:\\\/\\\/cj.estrategia.com\\\/portal\\\/wp-content\\\/uploads\\\/2024\\\/09\\\/04062002\\\/162340-OVISOH-110.jpg\",\"contentUrl\":\"https:\\\/\\\/cj.estrategia.com\\\/portal\\\/wp-content\\\/uploads\\\/2024\\\/09\\\/04062002\\\/162340-OVISOH-110.jpg\",\"width\":2000,\"height\":2000,\"caption\":\"Impulsionamento eleitoral utilizando nome de advers\u00e1rio \u00e9 il\u00edcito eleitoral?\"},{\"@type\":\"BreadcrumbList\",\"@id\":\"https:\\\/\\\/cj.estrategia.com\\\/portal\\\/impulsionamento-eleitoral-nome-adversario\\\/#breadcrumb\",\"itemListElement\":[{\"@type\":\"ListItem\",\"position\":1,\"name\":\"In\u00edcio\",\"item\":\"https:\\\/\\\/cj.estrategia.com\\\/portal\\\/\"},{\"@type\":\"ListItem\",\"position\":2,\"name\":\"Impulsionamento eleitoral com nome de advers\u00e1rio \u00e9 il\u00edcito?\"}]},{\"@type\":\"WebSite\",\"@id\":\"https:\\\/\\\/cj.estrategia.com\\\/portal\\\/#website\",\"url\":\"https:\\\/\\\/cj.estrategia.com\\\/portal\\\/\",\"name\":\"Blog - Carreiras Jur\u00eddicas - Estrat\u00e9gia\",\"description\":\"\",\"publisher\":{\"@id\":\"https:\\\/\\\/cj.estrategia.com\\\/portal\\\/#organization\"},\"potentialAction\":[{\"@type\":\"SearchAction\",\"target\":{\"@type\":\"EntryPoint\",\"urlTemplate\":\"https:\\\/\\\/cj.estrategia.com\\\/portal\\\/?s={search_term_string}\"},\"query-input\":{\"@type\":\"PropertyValueSpecification\",\"valueRequired\":true,\"valueName\":\"search_term_string\"}}],\"inLanguage\":\"pt-BR\"},{\"@type\":\"Organization\",\"@id\":\"https:\\\/\\\/cj.estrategia.com\\\/portal\\\/#organization\",\"name\":\"Estrat\u00e9gia - Carreiras Jur\u00eddicas\",\"url\":\"https:\\\/\\\/cj.estrategia.com\\\/portal\\\/\",\"logo\":{\"@type\":\"ImageObject\",\"inLanguage\":\"pt-BR\",\"@id\":\"https:\\\/\\\/cj.estrategia.com\\\/portal\\\/#\\\/schema\\\/logo\\\/image\\\/\",\"url\":\"https:\\\/\\\/cj.estrategia.com\\\/portal\\\/wp-content\\\/uploads\\\/2022\\\/03\\\/11151052\\\/cj-logo.png\",\"contentUrl\":\"https:\\\/\\\/cj.estrategia.com\\\/portal\\\/wp-content\\\/uploads\\\/2022\\\/03\\\/11151052\\\/cj-logo.png\",\"width\":150,\"height\":39,\"caption\":\"Estrat\u00e9gia - Carreiras Jur\u00eddicas\"},\"image\":{\"@id\":\"https:\\\/\\\/cj.estrategia.com\\\/portal\\\/#\\\/schema\\\/logo\\\/image\\\/\"},\"sameAs\":[\"https:\\\/\\\/www.facebook.com\\\/estrategiacarreirajuridica\\\/\",\"https:\\\/\\\/x.com\\\/EstratJuridica\",\"https:\\\/\\\/www.instagram.com\\\/estrategiacarreirajuridica\\\/\",\"https:\\\/\\\/www.youtube.com\\\/channel\\\/UClbMGuYbj2Mh1m3w144ETWQ\"]},{\"@type\":\"Person\",\"@id\":\"https:\\\/\\\/cj.estrategia.com\\\/portal\\\/#\\\/schema\\\/person\\\/74287401cf4654f4fa04e378de7261ec\",\"name\":\"Frederico Tadeu Borlot Peixoto\",\"image\":{\"@type\":\"ImageObject\",\"inLanguage\":\"pt-BR\",\"@id\":\"https:\\\/\\\/cj.estrategia.com\\\/portal\\\/wp-content\\\/uploads\\\/2023\\\/06\\\/29094204\\\/GBAY0702-96x96.jpg\",\"url\":\"https:\\\/\\\/cj.estrategia.com\\\/portal\\\/wp-content\\\/uploads\\\/2023\\\/06\\\/29094204\\\/GBAY0702-96x96.jpg\",\"contentUrl\":\"https:\\\/\\\/cj.estrategia.com\\\/portal\\\/wp-content\\\/uploads\\\/2023\\\/06\\\/29094204\\\/GBAY0702-96x96.jpg\",\"caption\":\"Frederico Tadeu Borlot Peixoto\"},\"description\":\"Analista Judici\u00e1rio - \u00c1rea Judici\u00e1ria do TRF da 4\u00aa regi\u00e3o. Bacharel em Direito. P\u00f3s-graduado em Direito Administrativo, Legisla\u00e7\u00e3o Penal Especial, Direito Penal e Direito Processual Penal. Tamb\u00e9m nomeado no TRF da 3\u00aa regi\u00e3o (8\u00ba lugar); SPPREV (3\u00ba lugar); IFES (2\u00ba lugar); e PMES. https:\\\/\\\/www.instagram.com\\\/proffrederico\\\/\",\"sameAs\":[\"https:\\\/\\\/www.instagram.com\\\/proffrederico\\\/\"],\"url\":\"https:\\\/\\\/cj.estrategia.com\\\/portal\\\/author\\\/xfrederico\\\/\"}]}<\/script>\n<!-- \/ Yoast SEO Premium plugin. -->","yoast_head_json":{"title":"Impulsionamento eleitoral com nome de advers\u00e1rio \u00e9 il\u00edcito?","description":"Confira nossa an\u00e1lise sobre o Impulsionamento eleitoral utilizando nome de advers\u00e1rio pol\u00edtico e se isso configura um il\u00edcito eleitoral.","robots":{"index":"index","follow":"follow","max-snippet":"max-snippet:-1","max-image-preview":"max-image-preview:large","max-video-preview":"max-video-preview:-1"},"canonical":"https:\/\/cj.estrategia.com\/portal\/impulsionamento-eleitoral-nome-adversario\/","og_locale":"pt_BR","og_type":"article","og_title":"Impulsionamento eleitoral com nome de advers\u00e1rio \u00e9 il\u00edcito?","og_description":"Confira nossa an\u00e1lise sobre o Impulsionamento eleitoral utilizando nome de advers\u00e1rio pol\u00edtico e se isso configura um il\u00edcito eleitoral.","og_url":"https:\/\/cj.estrategia.com\/portal\/impulsionamento-eleitoral-nome-adversario\/","og_site_name":"Blog - Carreiras Jur\u00eddicas - Estrat\u00e9gia","article_publisher":"https:\/\/www.facebook.com\/estrategiacarreirajuridica\/","article_published_time":"2024-09-20T14:49:00+00:00","og_image":[{"width":2000,"height":2000,"url":"https:\/\/cj.estrategia.com\/portal\/wp-content\/uploads\/2024\/09\/04062002\/162340-OVISOH-110.jpg","type":"image\/jpeg"}],"author":"Frederico Tadeu Borlot Peixoto","twitter_card":"summary_large_image","twitter_creator":"@EstratJuridica","twitter_site":"@EstratJuridica","twitter_misc":{"Escrito por":"Frederico Tadeu Borlot Peixoto","Est. tempo de leitura":"8 minutos"},"schema":{"@context":"https:\/\/schema.org","@graph":[{"@type":"NewsArticle","@id":"https:\/\/cj.estrategia.com\/portal\/impulsionamento-eleitoral-nome-adversario\/#article","isPartOf":{"@id":"https:\/\/cj.estrategia.com\/portal\/impulsionamento-eleitoral-nome-adversario\/"},"author":{"name":"Frederico Tadeu Borlot Peixoto","@id":"https:\/\/cj.estrategia.com\/portal\/#\/schema\/person\/74287401cf4654f4fa04e378de7261ec"},"headline":"Impulsionamento eleitoral com nome de advers\u00e1rio \u00e9 il\u00edcito?","datePublished":"2024-09-20T14:49:00+00:00","mainEntityOfPage":{"@id":"https:\/\/cj.estrategia.com\/portal\/impulsionamento-eleitoral-nome-adversario\/"},"wordCount":1379,"commentCount":0,"publisher":{"@id":"https:\/\/cj.estrategia.com\/portal\/#organization"},"image":{"@id":"https:\/\/cj.estrategia.com\/portal\/impulsionamento-eleitoral-nome-adversario\/#primaryimage"},"thumbnailUrl":"https:\/\/cj.estrategia.com\/portal\/wp-content\/uploads\/2024\/09\/04062002\/162340-OVISOH-110.jpg","articleSection":["Carreiras Jur\u00eddicas"],"inLanguage":"pt-BR","potentialAction":[{"@type":"CommentAction","name":"Comment","target":["https:\/\/cj.estrategia.com\/portal\/impulsionamento-eleitoral-nome-adversario\/#respond"]}],"accessibilityFeature":["tableOfContents"]},{"@type":"WebPage","@id":"https:\/\/cj.estrategia.com\/portal\/impulsionamento-eleitoral-nome-adversario\/","url":"https:\/\/cj.estrategia.com\/portal\/impulsionamento-eleitoral-nome-adversario\/","name":"Impulsionamento eleitoral com nome de advers\u00e1rio \u00e9 il\u00edcito?","isPartOf":{"@id":"https:\/\/cj.estrategia.com\/portal\/#website"},"primaryImageOfPage":{"@id":"https:\/\/cj.estrategia.com\/portal\/impulsionamento-eleitoral-nome-adversario\/#primaryimage"},"image":{"@id":"https:\/\/cj.estrategia.com\/portal\/impulsionamento-eleitoral-nome-adversario\/#primaryimage"},"thumbnailUrl":"https:\/\/cj.estrategia.com\/portal\/wp-content\/uploads\/2024\/09\/04062002\/162340-OVISOH-110.jpg","datePublished":"2024-09-20T14:49:00+00:00","description":"Confira nossa an\u00e1lise sobre o Impulsionamento eleitoral utilizando nome de advers\u00e1rio pol\u00edtico e se isso configura um il\u00edcito eleitoral.","breadcrumb":{"@id":"https:\/\/cj.estrategia.com\/portal\/impulsionamento-eleitoral-nome-adversario\/#breadcrumb"},"inLanguage":"pt-BR","potentialAction":[{"@type":"ReadAction","target":["https:\/\/cj.estrategia.com\/portal\/impulsionamento-eleitoral-nome-adversario\/"]}]},{"@type":"ImageObject","inLanguage":"pt-BR","@id":"https:\/\/cj.estrategia.com\/portal\/impulsionamento-eleitoral-nome-adversario\/#primaryimage","url":"https:\/\/cj.estrategia.com\/portal\/wp-content\/uploads\/2024\/09\/04062002\/162340-OVISOH-110.jpg","contentUrl":"https:\/\/cj.estrategia.com\/portal\/wp-content\/uploads\/2024\/09\/04062002\/162340-OVISOH-110.jpg","width":2000,"height":2000,"caption":"Impulsionamento eleitoral utilizando nome de advers\u00e1rio \u00e9 il\u00edcito eleitoral?"},{"@type":"BreadcrumbList","@id":"https:\/\/cj.estrategia.com\/portal\/impulsionamento-eleitoral-nome-adversario\/#breadcrumb","itemListElement":[{"@type":"ListItem","position":1,"name":"In\u00edcio","item":"https:\/\/cj.estrategia.com\/portal\/"},{"@type":"ListItem","position":2,"name":"Impulsionamento eleitoral com nome de advers\u00e1rio \u00e9 il\u00edcito?"}]},{"@type":"WebSite","@id":"https:\/\/cj.estrategia.com\/portal\/#website","url":"https:\/\/cj.estrategia.com\/portal\/","name":"Blog - Carreiras Jur\u00eddicas - Estrat\u00e9gia","description":"","publisher":{"@id":"https:\/\/cj.estrategia.com\/portal\/#organization"},"potentialAction":[{"@type":"SearchAction","target":{"@type":"EntryPoint","urlTemplate":"https:\/\/cj.estrategia.com\/portal\/?s={search_term_string}"},"query-input":{"@type":"PropertyValueSpecification","valueRequired":true,"valueName":"search_term_string"}}],"inLanguage":"pt-BR"},{"@type":"Organization","@id":"https:\/\/cj.estrategia.com\/portal\/#organization","name":"Estrat\u00e9gia - Carreiras Jur\u00eddicas","url":"https:\/\/cj.estrategia.com\/portal\/","logo":{"@type":"ImageObject","inLanguage":"pt-BR","@id":"https:\/\/cj.estrategia.com\/portal\/#\/schema\/logo\/image\/","url":"https:\/\/cj.estrategia.com\/portal\/wp-content\/uploads\/2022\/03\/11151052\/cj-logo.png","contentUrl":"https:\/\/cj.estrategia.com\/portal\/wp-content\/uploads\/2022\/03\/11151052\/cj-logo.png","width":150,"height":39,"caption":"Estrat\u00e9gia - Carreiras Jur\u00eddicas"},"image":{"@id":"https:\/\/cj.estrategia.com\/portal\/#\/schema\/logo\/image\/"},"sameAs":["https:\/\/www.facebook.com\/estrategiacarreirajuridica\/","https:\/\/x.com\/EstratJuridica","https:\/\/www.instagram.com\/estrategiacarreirajuridica\/","https:\/\/www.youtube.com\/channel\/UClbMGuYbj2Mh1m3w144ETWQ"]},{"@type":"Person","@id":"https:\/\/cj.estrategia.com\/portal\/#\/schema\/person\/74287401cf4654f4fa04e378de7261ec","name":"Frederico Tadeu Borlot Peixoto","image":{"@type":"ImageObject","inLanguage":"pt-BR","@id":"https:\/\/cj.estrategia.com\/portal\/wp-content\/uploads\/2023\/06\/29094204\/GBAY0702-96x96.jpg","url":"https:\/\/cj.estrategia.com\/portal\/wp-content\/uploads\/2023\/06\/29094204\/GBAY0702-96x96.jpg","contentUrl":"https:\/\/cj.estrategia.com\/portal\/wp-content\/uploads\/2023\/06\/29094204\/GBAY0702-96x96.jpg","caption":"Frederico Tadeu Borlot Peixoto"},"description":"Analista Judici\u00e1rio - \u00c1rea Judici\u00e1ria do TRF da 4\u00aa regi\u00e3o. Bacharel em Direito. P\u00f3s-graduado em Direito Administrativo, Legisla\u00e7\u00e3o Penal Especial, Direito Penal e Direito Processual Penal. Tamb\u00e9m nomeado no TRF da 3\u00aa regi\u00e3o (8\u00ba lugar); SPPREV (3\u00ba lugar); IFES (2\u00ba lugar); e PMES. https:\/\/www.instagram.com\/proffrederico\/","sameAs":["https:\/\/www.instagram.com\/proffrederico\/"],"url":"https:\/\/cj.estrategia.com\/portal\/author\/xfrederico\/"}]}},"jetpack_featured_media_url":"https:\/\/cj.estrategia.com\/portal\/wp-content\/uploads\/2024\/09\/04062002\/162340-OVISOH-110.jpg","jetpack_sharing_enabled":true,"_links":{"self":[{"href":"https:\/\/cj.estrategia.com\/portal\/wp-json\/wp\/v2\/posts\/74514","targetHints":{"allow":["GET"]}}],"collection":[{"href":"https:\/\/cj.estrategia.com\/portal\/wp-json\/wp\/v2\/posts"}],"about":[{"href":"https:\/\/cj.estrategia.com\/portal\/wp-json\/wp\/v2\/types\/post"}],"author":[{"embeddable":true,"href":"https:\/\/cj.estrategia.com\/portal\/wp-json\/wp\/v2\/users\/39"}],"replies":[{"embeddable":true,"href":"https:\/\/cj.estrategia.com\/portal\/wp-json\/wp\/v2\/comments?post=74514"}],"version-history":[{"count":2,"href":"https:\/\/cj.estrategia.com\/portal\/wp-json\/wp\/v2\/posts\/74514\/revisions"}],"predecessor-version":[{"id":74517,"href":"https:\/\/cj.estrategia.com\/portal\/wp-json\/wp\/v2\/posts\/74514\/revisions\/74517"}],"wp:featuredmedia":[{"embeddable":true,"href":"https:\/\/cj.estrategia.com\/portal\/wp-json\/wp\/v2\/media\/74515"}],"wp:attachment":[{"href":"https:\/\/cj.estrategia.com\/portal\/wp-json\/wp\/v2\/media?parent=74514"}],"wp:term":[{"taxonomy":"category","embeddable":true,"href":"https:\/\/cj.estrategia.com\/portal\/wp-json\/wp\/v2\/categories?post=74514"},{"taxonomy":"post_tag","embeddable":true,"href":"https:\/\/cj.estrategia.com\/portal\/wp-json\/wp\/v2\/tags?post=74514"},{"taxonomy":"tax_estado","embeddable":true,"href":"https:\/\/cj.estrategia.com\/portal\/wp-json\/wp\/v2\/tax_estado?post=74514"}],"curies":[{"name":"wp","href":"https:\/\/api.w.org\/{rel}","templated":true}]}}