{"id":74495,"date":"2024-09-16T11:25:00","date_gmt":"2024-09-16T14:25:00","guid":{"rendered":"https:\/\/cj.estrategia.com\/portal\/?p=74495"},"modified":"2024-09-05T14:29:33","modified_gmt":"2024-09-05T17:29:33","slug":"propaganda-eleitoral-outdoor-tse","status":"publish","type":"post","link":"https:\/\/cj.estrategia.com\/portal\/propaganda-eleitoral-outdoor-tse\/","title":{"rendered":"Propaganda eleitoral em outdoor e o TSE"},"content":{"rendered":"\n<p>Ol\u00e1, tudo bem? Hoje faremos um resumo sobre a Propaganda eleitoral em outdoor e o TSE (Tribunal Superior Eleitoral), focando na jurisprud\u00eancia dessa Corte Eleitoral.<\/p>\n\n\n\n<p>Para isso, teceremos algumas considera\u00e7\u00f5es iniciais sobre a propaganda eleitoral mediante o uso de <em>outdoors<\/em> e, na sequ\u00eancia, abordaremos tr\u00eas julgados do TSE.<\/p>\n\n\n\n<p>Vamos ao que interessa!\u00a0<\/p>\n\n\n<div class=\"wp-block-image\">\n<figure class=\"aligncenter size-large is-resized\"><img decoding=\"async\" width=\"1024\" height=\"683\" src=\"https:\/\/cj.estrategia.com\/portal\/wp-content\/uploads\/2024\/09\/03113234\/5694-1024x683.jpg\" alt=\"Propaganda eleitoral em outdoor e o TSE\" class=\"wp-image-74496\" style=\"width:654px;height:auto\" srcset=\"https:\/\/cj.estrategia.com\/portal\/wp-content\/uploads\/2024\/09\/03113234\/5694-1024x683.jpg 1024w, https:\/\/cj.estrategia.com\/portal\/wp-content\/uploads\/2024\/09\/03113234\/5694-300x200.jpg 300w, https:\/\/cj.estrategia.com\/portal\/wp-content\/uploads\/2024\/09\/03113234\/5694-768x512.jpg 768w, https:\/\/cj.estrategia.com\/portal\/wp-content\/uploads\/2024\/09\/03113234\/5694-1536x1024.jpg 1536w, https:\/\/cj.estrategia.com\/portal\/wp-content\/uploads\/2024\/09\/03113234\/5694-2048x1365.jpg 2048w, https:\/\/cj.estrategia.com\/portal\/wp-content\/uploads\/2024\/09\/03113234\/5694-380x253.jpg 380w, https:\/\/cj.estrategia.com\/portal\/wp-content\/uploads\/2024\/09\/03113234\/5694-800x533.jpg 800w, https:\/\/cj.estrategia.com\/portal\/wp-content\/uploads\/2024\/09\/03113234\/5694-1160x773.jpg 1160w, https:\/\/cj.estrategia.com\/portal\/wp-content\/uploads\/2024\/09\/03113234\/5694-150x100.jpg 150w, https:\/\/cj.estrategia.com\/portal\/wp-content\/uploads\/2024\/09\/03113234\/5694-scaled.jpg 2560w\" sizes=\"(max-width: 1024px) 100vw, 1024px\" \/><figcaption class=\"wp-element-caption\">Propaganda eleitoral em outdoor e o TSE<\/figcaption><\/figure>\n<\/div>\n\n\n<div class=\"wp-block-yoast-seo-table-of-contents yoast-table-of-contents\"><h2 id=\"indice\"><mark style=\"background-color:rgba(0, 0, 0, 0)\" class=\"has-inline-color has-luminous-vivid-orange-color\">\u00cdndice<\/mark><\/h2><ul><li><a href=\"#h-propaganda-eleitoral-em-outdoor-e-o-tse\" data-level=\"2\">Propaganda eleitoral em outdoor e o TSE<\/a><ul><li><a href=\"#h-o-que-diz-a-lei-9-504-97\" data-level=\"3\">O que diz a Lei 9.504\/97?<\/a><\/li><li><a href=\"#h-jurisprudencia-do-tse-a-propaganda-eleitoral-em-outdoor\" data-level=\"3\">Jurisprud\u00eancia do TSE a propaganda eleitoral em outdoor<\/a><ul><li><a href=\"#h-arespe-n\u00ba-0603365-64-2022-6-17-0000-pe\" data-level=\"4\">AREspE n\u00ba 0603365-64.2022.6.17.0000\/PE<\/a><\/li><li><a href=\"#h-representacao-n\u00ba-0600214-64-2022-6-00-0000-df\" data-level=\"4\">Representa\u00e7\u00e3o n\u00ba 0600214-64.2022.6.00.0000\/DF<\/a><\/li><li><a href=\"#h-arespe-n\u00ba-244-46-2012-6-26-0269-sp\" data-level=\"4\">AREspE n\u00ba 244-46.2012.6.26.0269\/SP<\/a><\/li><\/ul><\/li><\/ul><\/li><li><a href=\"#h-conclusao\" data-level=\"2\">Conclus\u00e3o<\/a><\/li><li><a href=\"#cursos-ficha\" data-level=\"2\">Quer estudar para Concursos Jur\u00eddicos em 2024?<\/a><\/li><\/ul><\/div>\n\n\n\n<h2 class=\"wp-block-heading has-luminous-vivid-orange-color has-text-color has-link-color wp-elements-3206b04bffe09cfa327f4f364a0ced9b\" id=\"h-propaganda-eleitoral-em-outdoor-e-o-tse\"><span id=\"propaganda-eleitoral-em-outdoor-e-o-tse\">Propaganda eleitoral em outdoor e o TSE<\/span><\/h2>\n\n\n\n<h3 class=\"wp-block-heading has-luminous-vivid-orange-color has-text-color has-link-color wp-elements-a2833b97f1fa3af4a713db4d2590c78f\" id=\"h-o-que-diz-a-lei-9-504-97\"><span id=\"o-que-diz-a-lei-9-504-97\">O que diz a Lei 9.504\/97?<\/span><\/h3>\n\n\n\n<p>A <a href=\"https:\/\/www.planalto.gov.br\/ccivil_03\/leis\/l9504.htm\" target=\"_blank\" >Lei 9.504\/1997 (Lei das Elei\u00e7\u00f5es)<\/a> apenas permite qualquer tipo de propaganda eleitoral a partir de 16 de agosto do ano em que ocorrem as elei\u00e7\u00f5es.<\/p>\n\n\n\n<p>No entanto, n\u00e3o \u00e9 qualquer tipo de propaganda eleitoral que \u00e9 aceita pela legisla\u00e7\u00e3o p\u00e1tria. Al\u00e9m disso, ainda que uma determinada esp\u00e9cie de propaganda seja aceita, n\u00e3o \u00e9 de qualquer forma que ela pode ser veiculada.<\/p>\n\n\n\n<p>Essas regras s\u00e3o importantes para <strong>manter o equil\u00edbrio do pleito eleitoral<\/strong> de modo a proibir que um candidato, por possuir maior poder econ\u00f4mico ou de influ\u00eancia, abuse de um meio de propaganda eleitoral e se sobressaia perante aos demais.<\/p>\n\n\n\n<p>Nesse sentido, o \u00a7 8\u00ba do artigo 39 da Lei das Elei\u00e7\u00f5es disp\u00f5e que <strong>\u00e9 vedada a propaganda eleitoral mediante outdoors, inclusive eletr\u00f4nicos<\/strong>, sujeitando-se a empresa respons\u00e1vel, os partidos, as coliga\u00e7\u00f5es e os candidatos \u00e0 imediata retirada da propaganda irregular e ao pagamento de <strong>multa no valor de R$ 5.000,00 (cinco mil reais) a R$ 15.000,00 (quinze mil reais).<\/strong>&nbsp;<\/p>\n\n\n\n<p>Al\u00e9m disso, \u00e9 importante mencionar que o artigo 42 da Lei 9.504\/1997, que dispunha sobre a propaganda eleitoral mediante <em>outdoors<\/em>, foi revogado pela Lei 11.300\/2006.<\/p>\n\n\n\n<p>Por fim, \u00e9 interessante apontar que o \u00a7 1\u00ba do artigo 36 da Lei das Elei\u00e7\u00f5es disp\u00f5e que ao postulante a candidatura a cargo eletivo \u00e9 permitida a realiza\u00e7\u00e3o, na quinzena anterior \u00e0 escolha pelo partido, de <strong>propaganda intrapartid\u00e1ri<\/strong>a com vista \u00e0 indica\u00e7\u00e3o de seu nome, <strong>vedado o uso de r\u00e1dio, televis\u00e3o e outdoor.<\/strong><\/p>\n\n\n\n<p>Portanto, repare que n\u00e3o \u00e9 apenas na propaganda eleitoral, mas tamb\u00e9m na propaganda intrapartid\u00e1ria, ambas esp\u00e9cies de propaganda pol\u00edtica, que \u00e9 vedado o uso de outdoor.<\/p>\n\n\n\n<h3 class=\"wp-block-heading has-luminous-vivid-orange-color has-text-color has-link-color wp-elements-97d19b23adc374c3f04c49102def5fbe\" id=\"h-jurisprudencia-do-tse-a-propaganda-eleitoral-em-outdoor\"><span id=\"jurisprudencia-do-tse-a-propaganda-eleitoral-em-outdoor\">Jurisprud\u00eancia do TSE a propaganda eleitoral em outdoor<\/span><\/h3>\n\n\n\n<h4 class=\"wp-block-heading has-luminous-vivid-orange-color has-text-color has-link-color wp-elements-b1154be3426bf1589846c48e3b8093c3\" id=\"h-arespe-n\u00ba-0603365-64-2022-6-17-0000-pe\"><span id=\"arespe-no-0603365-64-2022-6-17-0000-pe\">AREspE n\u00ba 0603365-64.2022.6.17.0000\/PE<\/span><\/h4>\n\n\n\n<p>Recentemente, no julgamento do Agravo Regimental no Recurso Especial Eleitoral n\u00ba 0603365-64.2022.6.17.0000\/PE, o Tribunal Superior Eleitoral (TSE) foi chamado a <strong>analisar se a utiliza\u00e7\u00e3o de banner, com efeito de outdoor<\/strong>, no qual est\u00e1 inscrita <strong>mera mensagem de agradecimento pelo envio de apoio financeiro<\/strong> feito por deputado federal, <strong>configuraria propaganda eleitoral irregular antecipada.<\/strong><\/p>\n\n\n\n<p>Na ocasi\u00e3o, o TSE refor\u00e7ou sua jurisprud\u00eancia no sentido de que, para a configura\u00e7\u00e3o da propaganda eleitoral antecipada, \u00e9 necess\u00e1rio, em primeiro lugar, determinar se a mensagem veiculada tem conte\u00fado eleitoral de qualquer esp\u00e9cie, <strong>ainda que o meio utilizado seja proibido no per\u00edodo de campanha, como no caso do uso de outdoor<\/strong>.<\/p>\n\n\n\n<p>Tamb\u00e9m destacou que mesmo que, no per\u00edodo eleitoral, o <strong>uso de outdoor<\/strong> seja capaz de configurar propaganda irregular, <strong>a sua puni\u00e7\u00e3o, a t\u00edtulo de propaganda eleitoral antecipada irregular, exige \u201ca comprova\u00e7\u00e3o de pedido expl\u00edcito de votos\u201d.<\/strong><\/p>\n\n\n\n<p>Portanto, no caso concreto, a Corte Eleitoral entendeu que o pr\u00e9-candidato n\u00e3o produziu qualquer manifesta\u00e7\u00e3o pol\u00edtico-eleitoral, tendo apenas participado como ouvinte de evento no qual havia um banner com sua fotografia e os seguintes dizeres: \u201cCasinha te recebe, te acolhe e te agradece por tantos benef\u00edcios para o nosso povo\u201d.<\/p>\n\n\n\n<p>Desse modo, entendeu que a conduta <strong>N\u00c3O se configurou<\/strong> como propaganda eleitoral antecipada il\u00edcita por meio de outdoor.<\/p>\n\n\n\n<div class=\"wp-block-group is-style-cnvs-block-bg-light has-background\" style=\"background:linear-gradient(135deg,rgb(202,248,128) 94%,rgb(113,206,126) 94%)\"><div class=\"wp-block-group__inner-container is-layout-constrained wp-block-group-is-layout-constrained\">\n<p class=\"has-text-align-center\"><span style=\"text-decoration: underline;\"><strong>Observa\u00e7\u00e3o importante sobre o julgado:<\/strong>\u00a0<\/span><\/p>\n\n\n\n<p>Percebam que o contexto era antes do per\u00edodo autorizado para a pr\u00e1tica de propaganda eleitoral, ou seja, antes do dia 16 de agosto.&nbsp;<\/p>\n\n\n\n<p>Ent\u00e3o, o que se estava analisando era a ocorr\u00eancia da propaganda antecipada irregular por meio do uso de outdoor, e n\u00e3o propriamente a utiliza\u00e7\u00e3o de outdoor para fins de propaganda eleitoral no per\u00edodo permitido.<\/p>\n<\/div><\/div>\n\n\n\n<h4 class=\"wp-block-heading has-luminous-vivid-orange-color has-text-color has-link-color wp-elements-9eedce59b33ea6e957f4788e89c5c08b\" id=\"h-representacao-n\u00ba-0600214-64-2022-6-00-0000-df\"><span id=\"representacao-no-0600214-64-2022-6-00-0000-df\">Representa\u00e7\u00e3o n\u00ba 0600214-64.2022.6.00.0000\/DF<\/span><\/h4>\n\n\n\n<p>J\u00e1 no julgamento da Representa\u00e7\u00e3o n\u00ba 0600214-64.2022.6.00.0000\/DF, o TSE entendeu que <strong>\u00e9 proibida propaganda eleitoral por outdoors<\/strong>, nos termos do \u00a7 8\u00ba do art. 39 da Lei n. 9.504\/1997, <strong>independentemente da inexist\u00eancia de pedido expl\u00edcito de votos.&nbsp;<\/strong><\/p>\n\n\n\n<p>Portanto, no caso concreto, o TSE entendeu que havia irregularidade e condenou o representado \u00e0 multa no valor de R$15.000,00, nos termos do \u00a7 3\u00ba do art. 36 da Lei n. 9.504\/1997, e determinou a remo\u00e7\u00e3o dos outdoors localizados em Divin\u00f3polis\/MG, caso n\u00e3o tenham sido retirados.<\/p>\n\n\n\n<h4 class=\"wp-block-heading has-luminous-vivid-orange-color has-text-color has-link-color wp-elements-dc745902d74e99243f9635a61fcc32e5\" id=\"h-arespe-n\u00ba-244-46-2012-6-26-0269-sp\"><span id=\"arespe-no-244-46-2012-6-26-0269-sp\">AREspE n\u00ba 244-46.2012.6.26.0269\/SP<\/span><\/h4>\n\n\n\n<p>J\u00e1 no julgamento do Agravo Regimental no Recurso Especial Eleitoral n\u00ba 244-46.2012.6.26.0269\/SP, o TSE entendeu que a publicidade impugnada consistia em engenho publicit\u00e1rio cujas dimens\u00f5es <strong>superaram 4m\u00b2 ou seja, com efeitos visuais equivalentes a outdoor<\/strong>, cujo uso \u00e9 vedado para fins eleitorais e enseja a aplica\u00e7\u00e3o de penalidade pecuni\u00e1ria.<\/p>\n\n\n\n<p>Dessa forma, e ainda que fixada em bem p\u00fablico, a veicula\u00e7\u00e3o de propaganda eleitoral <strong>por meio de outdoor ou engenho assemelhado<\/strong> acarreta a aplica\u00e7\u00e3o de multa.&nbsp;<\/p>\n\n\n\n<p>Tamb\u00e9m foi consignado que <strong>o fato de a publicidade ter sido retirada no prazo de 48 horas N\u00c3O impedia a aplica\u00e7\u00e3o de multa<\/strong>.<\/p>\n\n\n\n<h2 class=\"wp-block-heading has-luminous-vivid-orange-color has-text-color has-link-color wp-elements-0ee153a389b20d9eb1b4a2abdd92ba5f\" id=\"h-conclusao\"><span id=\"conclusao\">Conclus\u00e3o<\/span><\/h2>\n\n\n\n<p>Portanto, pessoal, esse foi nosso resumo sobre a Propaganda eleitoral em outdoor e o TSE (Tribunal Superior Eleitoral), focando na jurisprud\u00eancia dessa Corte Eleitoral.<\/p>\n\n\n\n<p>Considerando que n\u00e3o esgotamos aqui a tem\u00e1tica, n\u00e3o deixe de revisar em seu material de estudo e praticar com diversas quest\u00f5es.<\/p>\n\n\n\n<p>At\u00e9 a pr\u00f3xima!<\/p>\n\n\n\n<h2 class=\"wp-block-heading has-text-align-center has-luminous-vivid-orange-color has-text-color has-link-color wp-elements-d432a36266879851bb6ec617376f9ff6\" id=\"cursos-ficha\"><span id=\"quer-estudar-para-concursos-juridicos-em-2024\">Quer estudar para Concursos Jur\u00eddicos em 2024?<\/span><\/h2>\n\n\n\n<p class=\"has-text-align-left\">O Estrat\u00e9gia Carreira Jur\u00eddica \u00e9 campe\u00e3o de aprova\u00e7\u00f5es nos concursos para Carreiras Jur\u00eddicas com um corpo docente qualificado e materiais completos. Conhe\u00e7a nossos cursos e garanta sua aprova\u00e7\u00e3o em Concurso Jur\u00eddicos:<\/p>\n\n\n\n<p class=\"has-text-align-center has-pale-cyan-blue-background-color has-background\"><a href=\"https:\/\/cj.estrategia.com\/portal\/concursos-abertos-carreiras-juridicas\/\"><strong>Concursos abertos<\/strong><\/a><\/p>\n\n\n\n<p class=\"has-text-align-center has-pale-cyan-blue-background-color has-background\"><a href=\"https:\/\/cj.estrategia.com\/portal\/concursos-2024-carreiras-juridicas\/\"><strong>Concursos 2024<\/strong><\/a><\/p>\n","protected":false},"excerpt":{"rendered":"Ol\u00e1, tudo bem? Hoje faremos um resumo sobre a Propaganda eleitoral em outdoor e o TSE (Tribunal Superior&hellip;\n","protected":false},"author":39,"featured_media":74496,"comment_status":"open","ping_status":"open","sticky":false,"template":"","format":"standard","meta":{"_jetpack_memberships_contains_paid_content":false,"footnotes":""},"categories":[1],"tags":[],"tax_estado":[30,31,32,33,34,35,36,37,38,39,40,41,42,43,44,45,46,47,48,49,50,51,52,53,54,55,56,57],"class_list":{"0":"post-74495","1":"post","2":"type-post","3":"status-publish","4":"format-standard","5":"has-post-thumbnail","7":"category-carreiras-juridicas","8":"tax_estado-ac","9":"tax_estado-al","10":"tax_estado-am","11":"tax_estado-ap","12":"tax_estado-ba","13":"tax_estado-ce","14":"tax_estado-concursos-federais","15":"tax_estado-df","16":"tax_estado-es","17":"tax_estado-go","18":"tax_estado-ma","19":"tax_estado-mg","20":"tax_estado-ms","21":"tax_estado-mt","22":"tax_estado-pa","23":"tax_estado-pb","24":"tax_estado-pe","25":"tax_estado-pi","26":"tax_estado-pr","27":"tax_estado-rj","28":"tax_estado-rn","29":"tax_estado-ro","30":"tax_estado-rr","31":"tax_estado-rs","32":"tax_estado-sc","33":"tax_estado-se","34":"tax_estado-sp","35":"tax_estado-to"},"acf":[],"yoast_head":"<!-- This site is optimized with the Yoast SEO Premium plugin v27.4 (Yoast SEO v27.4) - https:\/\/yoast.com\/product\/yoast-seo-premium-wordpress\/ -->\n<title>Propaganda eleitoral em outdoor e o TSE<\/title>\n<meta name=\"description\" content=\"Confira nosso resumo sobre a Propaganda eleitoral em outdoor e o TSE, focando na jurisprud\u00eancia dessa Corte Eleitoral.\" \/>\n<meta name=\"robots\" content=\"index, follow, max-snippet:-1, max-image-preview:large, max-video-preview:-1\" \/>\n<link rel=\"canonical\" href=\"https:\/\/cj.estrategia.com\/portal\/propaganda-eleitoral-outdoor-tse\/\" \/>\n<meta property=\"og:locale\" content=\"pt_BR\" \/>\n<meta property=\"og:type\" content=\"article\" \/>\n<meta property=\"og:title\" content=\"Propaganda eleitoral em outdoor e o TSE\" \/>\n<meta property=\"og:description\" content=\"Confira nosso resumo sobre a Propaganda eleitoral em outdoor e o TSE, focando na jurisprud\u00eancia dessa Corte Eleitoral.\" \/>\n<meta property=\"og:url\" content=\"https:\/\/cj.estrategia.com\/portal\/propaganda-eleitoral-outdoor-tse\/\" \/>\n<meta property=\"og:site_name\" content=\"Blog - Carreiras Jur\u00eddicas - Estrat\u00e9gia\" \/>\n<meta property=\"article:publisher\" content=\"https:\/\/www.facebook.com\/estrategiacarreirajuridica\/\" \/>\n<meta property=\"article:published_time\" content=\"2024-09-16T14:25:00+00:00\" \/>\n<meta property=\"og:image\" content=\"https:\/\/cj.estrategia.com\/portal\/wp-content\/uploads\/2024\/09\/03113234\/5694-scaled.jpg\" \/>\n\t<meta property=\"og:image:width\" content=\"2560\" \/>\n\t<meta property=\"og:image:height\" content=\"1707\" \/>\n\t<meta property=\"og:image:type\" content=\"image\/jpeg\" \/>\n<meta name=\"author\" content=\"Frederico Tadeu Borlot Peixoto\" \/>\n<meta name=\"twitter:card\" content=\"summary_large_image\" \/>\n<meta name=\"twitter:creator\" content=\"@EstratJuridica\" \/>\n<meta name=\"twitter:site\" content=\"@EstratJuridica\" \/>\n<meta name=\"twitter:label1\" content=\"Escrito por\" \/>\n\t<meta name=\"twitter:data1\" content=\"Frederico Tadeu Borlot Peixoto\" \/>\n\t<meta name=\"twitter:label2\" content=\"Est. tempo de leitura\" \/>\n\t<meta name=\"twitter:data2\" content=\"6 minutos\" \/>\n<script type=\"application\/ld+json\" class=\"yoast-schema-graph\">{\"@context\":\"https:\\\/\\\/schema.org\",\"@graph\":[{\"@type\":\"NewsArticle\",\"@id\":\"https:\\\/\\\/cj.estrategia.com\\\/portal\\\/propaganda-eleitoral-outdoor-tse\\\/#article\",\"isPartOf\":{\"@id\":\"https:\\\/\\\/cj.estrategia.com\\\/portal\\\/propaganda-eleitoral-outdoor-tse\\\/\"},\"author\":{\"name\":\"Frederico Tadeu Borlot Peixoto\",\"@id\":\"https:\\\/\\\/cj.estrategia.com\\\/portal\\\/#\\\/schema\\\/person\\\/74287401cf4654f4fa04e378de7261ec\"},\"headline\":\"Propaganda eleitoral em outdoor e o TSE\",\"datePublished\":\"2024-09-16T14:25:00+00:00\",\"mainEntityOfPage\":{\"@id\":\"https:\\\/\\\/cj.estrategia.com\\\/portal\\\/propaganda-eleitoral-outdoor-tse\\\/\"},\"wordCount\":1013,\"commentCount\":0,\"publisher\":{\"@id\":\"https:\\\/\\\/cj.estrategia.com\\\/portal\\\/#organization\"},\"image\":{\"@id\":\"https:\\\/\\\/cj.estrategia.com\\\/portal\\\/propaganda-eleitoral-outdoor-tse\\\/#primaryimage\"},\"thumbnailUrl\":\"https:\\\/\\\/cj.estrategia.com\\\/portal\\\/wp-content\\\/uploads\\\/2024\\\/09\\\/03113234\\\/5694-scaled.jpg\",\"articleSection\":[\"Carreiras Jur\u00eddicas\"],\"inLanguage\":\"pt-BR\",\"potentialAction\":[{\"@type\":\"CommentAction\",\"name\":\"Comment\",\"target\":[\"https:\\\/\\\/cj.estrategia.com\\\/portal\\\/propaganda-eleitoral-outdoor-tse\\\/#respond\"]}],\"accessibilityFeature\":[\"tableOfContents\"]},{\"@type\":\"WebPage\",\"@id\":\"https:\\\/\\\/cj.estrategia.com\\\/portal\\\/propaganda-eleitoral-outdoor-tse\\\/\",\"url\":\"https:\\\/\\\/cj.estrategia.com\\\/portal\\\/propaganda-eleitoral-outdoor-tse\\\/\",\"name\":\"Propaganda eleitoral em outdoor e o TSE\",\"isPartOf\":{\"@id\":\"https:\\\/\\\/cj.estrategia.com\\\/portal\\\/#website\"},\"primaryImageOfPage\":{\"@id\":\"https:\\\/\\\/cj.estrategia.com\\\/portal\\\/propaganda-eleitoral-outdoor-tse\\\/#primaryimage\"},\"image\":{\"@id\":\"https:\\\/\\\/cj.estrategia.com\\\/portal\\\/propaganda-eleitoral-outdoor-tse\\\/#primaryimage\"},\"thumbnailUrl\":\"https:\\\/\\\/cj.estrategia.com\\\/portal\\\/wp-content\\\/uploads\\\/2024\\\/09\\\/03113234\\\/5694-scaled.jpg\",\"datePublished\":\"2024-09-16T14:25:00+00:00\",\"description\":\"Confira nosso resumo sobre a Propaganda eleitoral em outdoor e o TSE, focando na jurisprud\u00eancia dessa Corte Eleitoral.\",\"breadcrumb\":{\"@id\":\"https:\\\/\\\/cj.estrategia.com\\\/portal\\\/propaganda-eleitoral-outdoor-tse\\\/#breadcrumb\"},\"inLanguage\":\"pt-BR\",\"potentialAction\":[{\"@type\":\"ReadAction\",\"target\":[\"https:\\\/\\\/cj.estrategia.com\\\/portal\\\/propaganda-eleitoral-outdoor-tse\\\/\"]}]},{\"@type\":\"ImageObject\",\"inLanguage\":\"pt-BR\",\"@id\":\"https:\\\/\\\/cj.estrategia.com\\\/portal\\\/propaganda-eleitoral-outdoor-tse\\\/#primaryimage\",\"url\":\"https:\\\/\\\/cj.estrategia.com\\\/portal\\\/wp-content\\\/uploads\\\/2024\\\/09\\\/03113234\\\/5694-scaled.jpg\",\"contentUrl\":\"https:\\\/\\\/cj.estrategia.com\\\/portal\\\/wp-content\\\/uploads\\\/2024\\\/09\\\/03113234\\\/5694-scaled.jpg\",\"width\":2560,\"height\":1707,\"caption\":\"Propaganda eleitoral em outdoor e o TSE\"},{\"@type\":\"BreadcrumbList\",\"@id\":\"https:\\\/\\\/cj.estrategia.com\\\/portal\\\/propaganda-eleitoral-outdoor-tse\\\/#breadcrumb\",\"itemListElement\":[{\"@type\":\"ListItem\",\"position\":1,\"name\":\"In\u00edcio\",\"item\":\"https:\\\/\\\/cj.estrategia.com\\\/portal\\\/\"},{\"@type\":\"ListItem\",\"position\":2,\"name\":\"Propaganda eleitoral em outdoor e o TSE\"}]},{\"@type\":\"WebSite\",\"@id\":\"https:\\\/\\\/cj.estrategia.com\\\/portal\\\/#website\",\"url\":\"https:\\\/\\\/cj.estrategia.com\\\/portal\\\/\",\"name\":\"Blog - Carreiras Jur\u00eddicas - Estrat\u00e9gia\",\"description\":\"\",\"publisher\":{\"@id\":\"https:\\\/\\\/cj.estrategia.com\\\/portal\\\/#organization\"},\"potentialAction\":[{\"@type\":\"SearchAction\",\"target\":{\"@type\":\"EntryPoint\",\"urlTemplate\":\"https:\\\/\\\/cj.estrategia.com\\\/portal\\\/?s={search_term_string}\"},\"query-input\":{\"@type\":\"PropertyValueSpecification\",\"valueRequired\":true,\"valueName\":\"search_term_string\"}}],\"inLanguage\":\"pt-BR\"},{\"@type\":\"Organization\",\"@id\":\"https:\\\/\\\/cj.estrategia.com\\\/portal\\\/#organization\",\"name\":\"Estrat\u00e9gia - Carreiras Jur\u00eddicas\",\"url\":\"https:\\\/\\\/cj.estrategia.com\\\/portal\\\/\",\"logo\":{\"@type\":\"ImageObject\",\"inLanguage\":\"pt-BR\",\"@id\":\"https:\\\/\\\/cj.estrategia.com\\\/portal\\\/#\\\/schema\\\/logo\\\/image\\\/\",\"url\":\"https:\\\/\\\/cj.estrategia.com\\\/portal\\\/wp-content\\\/uploads\\\/2022\\\/03\\\/11151052\\\/cj-logo.png\",\"contentUrl\":\"https:\\\/\\\/cj.estrategia.com\\\/portal\\\/wp-content\\\/uploads\\\/2022\\\/03\\\/11151052\\\/cj-logo.png\",\"width\":150,\"height\":39,\"caption\":\"Estrat\u00e9gia - Carreiras Jur\u00eddicas\"},\"image\":{\"@id\":\"https:\\\/\\\/cj.estrategia.com\\\/portal\\\/#\\\/schema\\\/logo\\\/image\\\/\"},\"sameAs\":[\"https:\\\/\\\/www.facebook.com\\\/estrategiacarreirajuridica\\\/\",\"https:\\\/\\\/x.com\\\/EstratJuridica\",\"https:\\\/\\\/www.instagram.com\\\/estrategiacarreirajuridica\\\/\",\"https:\\\/\\\/www.youtube.com\\\/channel\\\/UClbMGuYbj2Mh1m3w144ETWQ\"]},{\"@type\":\"Person\",\"@id\":\"https:\\\/\\\/cj.estrategia.com\\\/portal\\\/#\\\/schema\\\/person\\\/74287401cf4654f4fa04e378de7261ec\",\"name\":\"Frederico Tadeu Borlot Peixoto\",\"image\":{\"@type\":\"ImageObject\",\"inLanguage\":\"pt-BR\",\"@id\":\"https:\\\/\\\/cj.estrategia.com\\\/portal\\\/wp-content\\\/uploads\\\/2023\\\/06\\\/29094204\\\/GBAY0702-96x96.jpg\",\"url\":\"https:\\\/\\\/cj.estrategia.com\\\/portal\\\/wp-content\\\/uploads\\\/2023\\\/06\\\/29094204\\\/GBAY0702-96x96.jpg\",\"contentUrl\":\"https:\\\/\\\/cj.estrategia.com\\\/portal\\\/wp-content\\\/uploads\\\/2023\\\/06\\\/29094204\\\/GBAY0702-96x96.jpg\",\"caption\":\"Frederico Tadeu Borlot Peixoto\"},\"description\":\"Analista Judici\u00e1rio - \u00c1rea Judici\u00e1ria do TRF da 4\u00aa regi\u00e3o. Bacharel em Direito. P\u00f3s-graduado em Direito Administrativo, Legisla\u00e7\u00e3o Penal Especial, Direito Penal e Direito Processual Penal. Tamb\u00e9m nomeado no TRF da 3\u00aa regi\u00e3o (8\u00ba lugar); SPPREV (3\u00ba lugar); IFES (2\u00ba lugar); e PMES. https:\\\/\\\/www.instagram.com\\\/proffrederico\\\/\",\"sameAs\":[\"https:\\\/\\\/www.instagram.com\\\/proffrederico\\\/\"],\"url\":\"https:\\\/\\\/cj.estrategia.com\\\/portal\\\/author\\\/xfrederico\\\/\"}]}<\/script>\n<!-- \/ Yoast SEO Premium plugin. -->","yoast_head_json":{"title":"Propaganda eleitoral em outdoor e o TSE","description":"Confira nosso resumo sobre a Propaganda eleitoral em outdoor e o TSE, focando na jurisprud\u00eancia dessa Corte Eleitoral.","robots":{"index":"index","follow":"follow","max-snippet":"max-snippet:-1","max-image-preview":"max-image-preview:large","max-video-preview":"max-video-preview:-1"},"canonical":"https:\/\/cj.estrategia.com\/portal\/propaganda-eleitoral-outdoor-tse\/","og_locale":"pt_BR","og_type":"article","og_title":"Propaganda eleitoral em outdoor e o TSE","og_description":"Confira nosso resumo sobre a Propaganda eleitoral em outdoor e o TSE, focando na jurisprud\u00eancia dessa Corte Eleitoral.","og_url":"https:\/\/cj.estrategia.com\/portal\/propaganda-eleitoral-outdoor-tse\/","og_site_name":"Blog - Carreiras Jur\u00eddicas - Estrat\u00e9gia","article_publisher":"https:\/\/www.facebook.com\/estrategiacarreirajuridica\/","article_published_time":"2024-09-16T14:25:00+00:00","og_image":[{"width":2560,"height":1707,"url":"https:\/\/cj.estrategia.com\/portal\/wp-content\/uploads\/2024\/09\/03113234\/5694-scaled.jpg","type":"image\/jpeg"}],"author":"Frederico Tadeu Borlot Peixoto","twitter_card":"summary_large_image","twitter_creator":"@EstratJuridica","twitter_site":"@EstratJuridica","twitter_misc":{"Escrito por":"Frederico Tadeu Borlot Peixoto","Est. tempo de leitura":"6 minutos"},"schema":{"@context":"https:\/\/schema.org","@graph":[{"@type":"NewsArticle","@id":"https:\/\/cj.estrategia.com\/portal\/propaganda-eleitoral-outdoor-tse\/#article","isPartOf":{"@id":"https:\/\/cj.estrategia.com\/portal\/propaganda-eleitoral-outdoor-tse\/"},"author":{"name":"Frederico Tadeu Borlot Peixoto","@id":"https:\/\/cj.estrategia.com\/portal\/#\/schema\/person\/74287401cf4654f4fa04e378de7261ec"},"headline":"Propaganda eleitoral em outdoor e o TSE","datePublished":"2024-09-16T14:25:00+00:00","mainEntityOfPage":{"@id":"https:\/\/cj.estrategia.com\/portal\/propaganda-eleitoral-outdoor-tse\/"},"wordCount":1013,"commentCount":0,"publisher":{"@id":"https:\/\/cj.estrategia.com\/portal\/#organization"},"image":{"@id":"https:\/\/cj.estrategia.com\/portal\/propaganda-eleitoral-outdoor-tse\/#primaryimage"},"thumbnailUrl":"https:\/\/cj.estrategia.com\/portal\/wp-content\/uploads\/2024\/09\/03113234\/5694-scaled.jpg","articleSection":["Carreiras Jur\u00eddicas"],"inLanguage":"pt-BR","potentialAction":[{"@type":"CommentAction","name":"Comment","target":["https:\/\/cj.estrategia.com\/portal\/propaganda-eleitoral-outdoor-tse\/#respond"]}],"accessibilityFeature":["tableOfContents"]},{"@type":"WebPage","@id":"https:\/\/cj.estrategia.com\/portal\/propaganda-eleitoral-outdoor-tse\/","url":"https:\/\/cj.estrategia.com\/portal\/propaganda-eleitoral-outdoor-tse\/","name":"Propaganda eleitoral em outdoor e o TSE","isPartOf":{"@id":"https:\/\/cj.estrategia.com\/portal\/#website"},"primaryImageOfPage":{"@id":"https:\/\/cj.estrategia.com\/portal\/propaganda-eleitoral-outdoor-tse\/#primaryimage"},"image":{"@id":"https:\/\/cj.estrategia.com\/portal\/propaganda-eleitoral-outdoor-tse\/#primaryimage"},"thumbnailUrl":"https:\/\/cj.estrategia.com\/portal\/wp-content\/uploads\/2024\/09\/03113234\/5694-scaled.jpg","datePublished":"2024-09-16T14:25:00+00:00","description":"Confira nosso resumo sobre a Propaganda eleitoral em outdoor e o TSE, focando na jurisprud\u00eancia dessa Corte Eleitoral.","breadcrumb":{"@id":"https:\/\/cj.estrategia.com\/portal\/propaganda-eleitoral-outdoor-tse\/#breadcrumb"},"inLanguage":"pt-BR","potentialAction":[{"@type":"ReadAction","target":["https:\/\/cj.estrategia.com\/portal\/propaganda-eleitoral-outdoor-tse\/"]}]},{"@type":"ImageObject","inLanguage":"pt-BR","@id":"https:\/\/cj.estrategia.com\/portal\/propaganda-eleitoral-outdoor-tse\/#primaryimage","url":"https:\/\/cj.estrategia.com\/portal\/wp-content\/uploads\/2024\/09\/03113234\/5694-scaled.jpg","contentUrl":"https:\/\/cj.estrategia.com\/portal\/wp-content\/uploads\/2024\/09\/03113234\/5694-scaled.jpg","width":2560,"height":1707,"caption":"Propaganda eleitoral em outdoor e o TSE"},{"@type":"BreadcrumbList","@id":"https:\/\/cj.estrategia.com\/portal\/propaganda-eleitoral-outdoor-tse\/#breadcrumb","itemListElement":[{"@type":"ListItem","position":1,"name":"In\u00edcio","item":"https:\/\/cj.estrategia.com\/portal\/"},{"@type":"ListItem","position":2,"name":"Propaganda eleitoral em outdoor e o TSE"}]},{"@type":"WebSite","@id":"https:\/\/cj.estrategia.com\/portal\/#website","url":"https:\/\/cj.estrategia.com\/portal\/","name":"Blog - Carreiras Jur\u00eddicas - Estrat\u00e9gia","description":"","publisher":{"@id":"https:\/\/cj.estrategia.com\/portal\/#organization"},"potentialAction":[{"@type":"SearchAction","target":{"@type":"EntryPoint","urlTemplate":"https:\/\/cj.estrategia.com\/portal\/?s={search_term_string}"},"query-input":{"@type":"PropertyValueSpecification","valueRequired":true,"valueName":"search_term_string"}}],"inLanguage":"pt-BR"},{"@type":"Organization","@id":"https:\/\/cj.estrategia.com\/portal\/#organization","name":"Estrat\u00e9gia - Carreiras Jur\u00eddicas","url":"https:\/\/cj.estrategia.com\/portal\/","logo":{"@type":"ImageObject","inLanguage":"pt-BR","@id":"https:\/\/cj.estrategia.com\/portal\/#\/schema\/logo\/image\/","url":"https:\/\/cj.estrategia.com\/portal\/wp-content\/uploads\/2022\/03\/11151052\/cj-logo.png","contentUrl":"https:\/\/cj.estrategia.com\/portal\/wp-content\/uploads\/2022\/03\/11151052\/cj-logo.png","width":150,"height":39,"caption":"Estrat\u00e9gia - Carreiras Jur\u00eddicas"},"image":{"@id":"https:\/\/cj.estrategia.com\/portal\/#\/schema\/logo\/image\/"},"sameAs":["https:\/\/www.facebook.com\/estrategiacarreirajuridica\/","https:\/\/x.com\/EstratJuridica","https:\/\/www.instagram.com\/estrategiacarreirajuridica\/","https:\/\/www.youtube.com\/channel\/UClbMGuYbj2Mh1m3w144ETWQ"]},{"@type":"Person","@id":"https:\/\/cj.estrategia.com\/portal\/#\/schema\/person\/74287401cf4654f4fa04e378de7261ec","name":"Frederico Tadeu Borlot Peixoto","image":{"@type":"ImageObject","inLanguage":"pt-BR","@id":"https:\/\/cj.estrategia.com\/portal\/wp-content\/uploads\/2023\/06\/29094204\/GBAY0702-96x96.jpg","url":"https:\/\/cj.estrategia.com\/portal\/wp-content\/uploads\/2023\/06\/29094204\/GBAY0702-96x96.jpg","contentUrl":"https:\/\/cj.estrategia.com\/portal\/wp-content\/uploads\/2023\/06\/29094204\/GBAY0702-96x96.jpg","caption":"Frederico Tadeu Borlot Peixoto"},"description":"Analista Judici\u00e1rio - \u00c1rea Judici\u00e1ria do TRF da 4\u00aa regi\u00e3o. Bacharel em Direito. P\u00f3s-graduado em Direito Administrativo, Legisla\u00e7\u00e3o Penal Especial, Direito Penal e Direito Processual Penal. Tamb\u00e9m nomeado no TRF da 3\u00aa regi\u00e3o (8\u00ba lugar); SPPREV (3\u00ba lugar); IFES (2\u00ba lugar); e PMES. https:\/\/www.instagram.com\/proffrederico\/","sameAs":["https:\/\/www.instagram.com\/proffrederico\/"],"url":"https:\/\/cj.estrategia.com\/portal\/author\/xfrederico\/"}]}},"jetpack_featured_media_url":"https:\/\/cj.estrategia.com\/portal\/wp-content\/uploads\/2024\/09\/03113234\/5694-scaled.jpg","jetpack_sharing_enabled":true,"_links":{"self":[{"href":"https:\/\/cj.estrategia.com\/portal\/wp-json\/wp\/v2\/posts\/74495","targetHints":{"allow":["GET"]}}],"collection":[{"href":"https:\/\/cj.estrategia.com\/portal\/wp-json\/wp\/v2\/posts"}],"about":[{"href":"https:\/\/cj.estrategia.com\/portal\/wp-json\/wp\/v2\/types\/post"}],"author":[{"embeddable":true,"href":"https:\/\/cj.estrategia.com\/portal\/wp-json\/wp\/v2\/users\/39"}],"replies":[{"embeddable":true,"href":"https:\/\/cj.estrategia.com\/portal\/wp-json\/wp\/v2\/comments?post=74495"}],"version-history":[{"count":1,"href":"https:\/\/cj.estrategia.com\/portal\/wp-json\/wp\/v2\/posts\/74495\/revisions"}],"predecessor-version":[{"id":74497,"href":"https:\/\/cj.estrategia.com\/portal\/wp-json\/wp\/v2\/posts\/74495\/revisions\/74497"}],"wp:featuredmedia":[{"embeddable":true,"href":"https:\/\/cj.estrategia.com\/portal\/wp-json\/wp\/v2\/media\/74496"}],"wp:attachment":[{"href":"https:\/\/cj.estrategia.com\/portal\/wp-json\/wp\/v2\/media?parent=74495"}],"wp:term":[{"taxonomy":"category","embeddable":true,"href":"https:\/\/cj.estrategia.com\/portal\/wp-json\/wp\/v2\/categories?post=74495"},{"taxonomy":"post_tag","embeddable":true,"href":"https:\/\/cj.estrategia.com\/portal\/wp-json\/wp\/v2\/tags?post=74495"},{"taxonomy":"tax_estado","embeddable":true,"href":"https:\/\/cj.estrategia.com\/portal\/wp-json\/wp\/v2\/tax_estado?post=74495"}],"curies":[{"name":"wp","href":"https:\/\/api.w.org\/{rel}","templated":true}]}}