{"id":74405,"date":"2024-09-13T08:25:00","date_gmt":"2024-09-13T11:25:00","guid":{"rendered":"https:\/\/cj.estrategia.com\/portal\/?p=74405"},"modified":"2024-09-12T17:34:54","modified_gmt":"2024-09-12T20:34:54","slug":"rotina-diaria-delegado","status":"publish","type":"post","link":"https:\/\/cj.estrategia.com\/portal\/rotina-diaria-delegado\/","title":{"rendered":"Um dia na vida de um Delegado de Pol\u00edcia Federal"},"content":{"rendered":"\n<p>Arrombamento de portas, armas, viaturas, helic\u00f3pteros, entrevistas&#8230; \u00e9 assim que muitos imaginam a rotina de um policial. No entanto, muito antes de qualquer opera\u00e7\u00e3o, o labor de um policial federal envolve bastante trabalho em equipe e uma rotina intensa.&nbsp;<\/p>\n\n\n\n<p>A rotina di\u00e1ria de um delegado da Pol\u00edcia Federal (PF), especificamente, \u00e9 marcada por uma s\u00e9rie de responsabilidades complexas e variadas, refletindo a import\u00e2ncia desse cargo dentro do sistema de seguran\u00e7a p\u00fablica e da justi\u00e7a no Brasil. O delegado da PF \u00e9 figura central na aplica\u00e7\u00e3o das leis federais, conduzindo investiga\u00e7\u00f5es criminais de grande relev\u00e2ncia e coordenando opera\u00e7\u00f5es com implica\u00e7\u00f5es nacionais e internacionais.&nbsp;<\/p>\n\n\n\n<p>Neste contexto, tecerei informa\u00e7\u00f5es de como se d\u00e1 o ingresso na institui\u00e7\u00e3o e detalharei as atividades de um delegado da Pol\u00edcia Federal. Acredito que, a partir&nbsp; dessas considera\u00e7\u00f5es, futuros concurseiros poder\u00e3o analisar e decidir se t\u00eam voca\u00e7\u00e3o para o cargo.<\/p>\n\n\n\n<h2 class=\"wp-block-heading\" id=\"h-fases-do-concurso-de-delegado\"><span id=\"fases-do-concurso-de-delegado\"><strong>Fases do Concurso de Delegado<\/strong><\/span><\/h2>\n\n\n\n<p>Quem se imagina como delegado de Pol\u00edcia Federal precisa saber que o concurso p\u00fablico possui diversas fases ou etapas.&nbsp;<\/p>\n\n\n\n<p>Em primeiro lugar, temos a chamada &#8220;fase objetiva&#8221;, que consiste na prova de m\u00faltipla escolha. Em seguida, para testar os conhecimentos jur\u00eddicos do candidato e sua produ\u00e7\u00e3o textual, \u00e9 aplicada e corrigida a prova escrita.&nbsp;<\/p>\n\n\n\n<p>Posteriormente, \u00e9 necess\u00e1rio avaliar o condicionamento f\u00edsico do candidato. Para isso, \u00e9 aplicado o teste de aptid\u00e3o f\u00edsica. O \u00faltimo concurso incluiu os exerc\u00edcios de barra fixa, impuls\u00e3o horizontal, nata\u00e7\u00e3o e corrida.&nbsp;<\/p>\n\n\n\n<p>O futuro delegado ainda ter\u00e1 que passar por uma investiga\u00e7\u00e3o social, que consiste na an\u00e1lise da vida pregressa do candidato, al\u00e9m de aplica\u00e7\u00e3o de prova oral e de t\u00edtulos.&nbsp;<\/p>\n\n\n\n<p>Ap\u00f3s todas essas etapas, o candidato dever\u00e1 frequentar a Academia Nacional de Pol\u00edcia&nbsp; para, s\u00f3 ent\u00e3o, em sendo aprovado, assumir o cargo de delegado da PF.<\/p>\n\n\n\n<h2 class=\"wp-block-heading\" id=\"h-academia-nacional-de-policia-anp-nbsp\"><span id=\"academia-nacional-de-policia-anp\"><strong>Academia Nacional de Pol\u00edcia (ANP)&nbsp;<\/strong><\/span><\/h2>\n\n\n\n<p><img decoding=\"async\" width=\"2560\" height=\"1709\" class=\"wp-image-74409\" style=\"width: 1500px\" src=\"https:\/\/cj.estrategia.com\/portal\/wp-content\/uploads\/2024\/09\/01182512\/Treinamento-tiro-scaled.jpg\" alt=\"Pol\u00edcia Federal\" srcset=\"https:\/\/cj.estrategia.com\/portal\/wp-content\/uploads\/2024\/09\/01182512\/Treinamento-tiro-scaled.jpg 2560w, https:\/\/cj.estrategia.com\/portal\/wp-content\/uploads\/2024\/09\/01182512\/Treinamento-tiro-300x200.jpg 300w, https:\/\/cj.estrategia.com\/portal\/wp-content\/uploads\/2024\/09\/01182512\/Treinamento-tiro-1024x684.jpg 1024w, https:\/\/cj.estrategia.com\/portal\/wp-content\/uploads\/2024\/09\/01182512\/Treinamento-tiro-768x513.jpg 768w, https:\/\/cj.estrategia.com\/portal\/wp-content\/uploads\/2024\/09\/01182512\/Treinamento-tiro-1536x1025.jpg 1536w, https:\/\/cj.estrategia.com\/portal\/wp-content\/uploads\/2024\/09\/01182512\/Treinamento-tiro-2048x1367.jpg 2048w, https:\/\/cj.estrategia.com\/portal\/wp-content\/uploads\/2024\/09\/01182512\/Treinamento-tiro-380x254.jpg 380w, https:\/\/cj.estrategia.com\/portal\/wp-content\/uploads\/2024\/09\/01182512\/Treinamento-tiro-800x534.jpg 800w, https:\/\/cj.estrategia.com\/portal\/wp-content\/uploads\/2024\/09\/01182512\/Treinamento-tiro-1160x774.jpg 1160w, https:\/\/cj.estrategia.com\/portal\/wp-content\/uploads\/2024\/09\/01182512\/Treinamento-tiro-150x100.jpg 150w\" sizes=\"(max-width: 2560px) 100vw, 2560px\" \/><\/p>\n\n\n\n<p>A ANP est\u00e1 localizada em Bras\u00edlia e consiste em um curso de forma\u00e7\u00e3o inicial obrigat\u00f3rio para todos os futuros policiais federais. Al\u00e9m disso, oferece diversos cursos para o aprimoramento dos futuros servidores.&nbsp;<\/p>\n\n\n\n<p>O candidato enfrentar\u00e1 diversos obst\u00e1culos e aprender\u00e1 diferentes mat\u00e9rias, as quais ser\u00e3o essenciais para a sua atua\u00e7\u00e3o no futuro. O curso \u00e9 classificat\u00f3rio e eliminat\u00f3rio. Isso significa que, caso algu\u00e9m n\u00e3o obtenha a nota m\u00ednima em determinadas mat\u00e9rias, ser\u00e1 exclu\u00eddo da ANP e n\u00e3o poder\u00e1 assumir o cargo.&nbsp;<\/p>\n\n\n\n<p>\u00c9 importante notar que, diferente de outros certames, n\u00e3o \u00e9 a classifica\u00e7\u00e3o no concurso que define quem escolher\u00e1 primeiro suas lota\u00e7\u00f5es, mas sim a sua posi\u00e7\u00e3o dentro da ANP, ap\u00f3s todas as avalia\u00e7\u00f5es internas.&nbsp;<\/p>\n\n\n\n<p>A t\u00edtulo de curiosidade, a \u00faltima ANP ocorreu em per\u00edodo de pandemia, por isso foi institu\u00eddo um regime de internato. Dessa forma, os candidatos n\u00e3o puderam sair da ANP nem nos fins de semana, permanecendo isolados durante todo o per\u00edodo do curso.<\/p>\n\n\n\n<h2 class=\"wp-block-heading\" id=\"h-organizacao-interna-da-instituicao-policia-federal\"><span id=\"organizacao-interna-da-instituicao-policia-federal\"><strong>Organiza\u00e7\u00e3o\u00a0interna da institui\u00e7\u00e3o Pol\u00edcia Federal<\/strong><\/span><\/h2>\n\n\n\n<p>Em primeiro lugar, \u00e9 importante explicar que a Pol\u00edcia Federal se divide entre suas Superintend\u00eancias Regionais (SRs) e as delegacias descentralizadas.&nbsp;<\/p>\n\n\n\n<p>As SRs, em sua maioria, est\u00e3o localizadas nas capitais de cada estado e no Distrito Federal. As descentralizadas, por sua vez, est\u00e3o situadas no interior dos estados, em locais estrat\u00e9gicos para o combate ao crime. Em virtude da experi\u00eancia deste autor e pela particularidade de cada SR, este trabalho se concentrar\u00e1, especialmente, no trabalho das delegacias fora das capitais.<\/p>\n\n\n\n<h2 class=\"wp-block-heading\" id=\"h-equipe-policial\"><span id=\"equipe-policial\"><strong>Equipe\u00a0Policial<\/strong><\/span><\/h2>\n\n\n\n<p>Embora seja pouco conhecido pelo p\u00fablico em geral, a maior parte das grandes opera\u00e7\u00f5es da Pol\u00edcia Federal resulta do trabalho de uma equipe pequena. Na maioria dos locais, uma equipe \u00e9 formada por um delegado e um escriv\u00e3o, que ficam respons\u00e1veis por uma quantidade espec\u00edfica de inqu\u00e9ritos.&nbsp;<\/p>\n\n\n\n<p>Os agentes fazem parte do n\u00facleo de opera\u00e7\u00e3o e\/ou an\u00e1lise, recebendo suas atribui\u00e7\u00f5es por meio dos despachos de um delegado. Os papiloscopistas e peritos s\u00e3o requisitados quando seus conhecimentos espec\u00edficos s\u00e3o necess\u00e1rios.&nbsp;<\/p>\n\n\n\n<p>Uma grande opera\u00e7\u00e3o, portanto, s\u00f3 ocorre ap\u00f3s o in\u00edcio de uma investiga\u00e7\u00e3o presidida por um delegado e um escriv\u00e3o, que contam com o apoio e conhecimentos espec\u00edficos de outros policiais.&nbsp;<\/p>\n\n\n\n<p>Somente no momento da deflagra\u00e7\u00e3o de uma opera\u00e7\u00e3o, ou seja, no cumprimento de um Mandado de Busca e Apreens\u00e3o ou de Pris\u00e3o, pode ocorrer um pedido de apoio operacional de outras delegacias para o cumprimento de todas as etapas. \u00c9 justamente esse momento que mais aparece na imprensa.&nbsp;<\/p>\n\n\n\n<p>Perceba, portanto, que o dia a dia de um delegado consiste numa tarefa rotineira de condu\u00e7\u00e3o de inqu\u00e9ritos com uma pequena equipe.<\/p>\n\n\n\n<h2 class=\"wp-block-heading\" id=\"h-inqueritos-chegada-na-lotacao-pelo-policial\"><span id=\"inqueritos-chegada-na-lotacao-pelo-policial\"><strong>Inqu\u00e9ritos \u2013 chegada na lota\u00e7\u00e3o\u00a0pelo Policial<\/strong><\/span><\/h2>\n\n\n\n<p>Uma parte significativa do dia a dia de um delegado da PF \u00e9 dedicada \u00e0 investiga\u00e7\u00e3o criminal. De acordo com o art. 2\u00ba da Lei 12.830\/13, &#8220;<em>As fun\u00e7\u00f5es de pol\u00edcia judici\u00e1ria e a apura\u00e7\u00e3o de infra\u00e7\u00f5es penais exercidas pelo delegado de pol\u00edcia s\u00e3o de natureza jur\u00eddica, essenciais e exclusivas de Estado&#8221;. <\/em>Essa disposi\u00e7\u00e3o legal ressalta a import\u00e2ncia do papel do delegado na condu\u00e7\u00e3o de investiga\u00e7\u00f5es criminais.<\/p>\n\n\n\n<p>Ao chegar em sua nova lota\u00e7\u00e3o, o servidor provavelmente herdar\u00e1 uma carga de inqu\u00e9ritos que n\u00e3o eram originalmente suas.&nbsp;<\/p>\n\n\n\n<p>Isso significa que ser\u00e1 necess\u00e1rio analisar e verificar o que deve ser feito com mais urg\u00eancia. Com o tempo, o servidor conseguir\u00e1 organizar os inqu\u00e9ritos &#8220;em ordem&#8221; e controlar a carga conforme seja necess\u00e1rio.<\/p>\n\n\n\n<h2 class=\"wp-block-heading\" id=\"h-inqueritos-rotina-diaria-do-delegado\"><span id=\"inqueritos-rotina-diaria-do-delegado\"><strong>Inqu\u00e9ritos \u2013 Rotina Di\u00e1ria\u00a0do Delegado<\/strong><\/span><\/h2>\n\n\n\n<p>No contexto das investiga\u00e7\u00f5es, o delegado exerce sua fun\u00e7\u00e3o jur\u00eddica conduzindo o inqu\u00e9rito policial ou outro procedimento previsto em lei, com o objetivo de apurar as circunst\u00e2ncias, a materialidade e a autoria das infra\u00e7\u00f5es penais.&nbsp;<\/p>\n\n\n\n<p>A rotina di\u00e1ria de um delegado da PF, propriamente dita, consiste em despachar e relatar inqu\u00e9ritos policiais como atividade principal. Essa fun\u00e7\u00e3o, embora pare\u00e7a simples, apresenta diversos desafios.&nbsp;<\/p>\n\n\n\n<p>Em primeiro lugar, nenhuma atividade ser\u00e1 realizada de forma unilateral pelo delegado. O trabalho de pol\u00edcia \u00e9 uma atividade de equipe. \u00c9 importante, portanto, estabelecer uma boa rela\u00e7\u00e3o com os colegas de delegacia para que as fun\u00e7\u00f5es sejam exercidas de forma efetiva.&nbsp;<\/p>\n\n\n\n<p>Em regra, o delegado despacha, o escriv\u00e3o cumpre os itens do despacho, e os agentes cumprem tarefas que fazem parte de sua atividade, como trabalho de campo ou at\u00e9 mesmo an\u00e1lise de dados. Como dito acima, o perito e o papiloscopista atuam quando seus conhecimentos espec\u00edficos s\u00e3o necess\u00e1rios.&nbsp;<\/p>\n\n\n\n<p>Al\u00e9m de tudo isso, \u00e9 preciso estabelecer uma linha de comunica\u00e7\u00e3o com o Poder Judici\u00e1rio e o Minist\u00e9rio P\u00fablico, que atuar\u00e3o em conjunto com o delegado para o andamento regular do inqu\u00e9rito.&nbsp;<\/p>\n\n\n\n<p>De forma geral, as atividades de investiga\u00e7\u00e3o podem incluir a tomada de depoimentos, tanto de testemunhas quanto de suspeitos. Nessas ocasi\u00f5es, o delegado deve aplicar t\u00e9cnicas de interrogat\u00f3rio para obter informa\u00e7\u00f5es relevantes, sempre observando os preceitos constitucionais, legais e \u00e9ticos que regem a atua\u00e7\u00e3o policial. Al\u00e9m disso, o delegado pode precisar emitir mandados de busca e apreens\u00e3o ou de pris\u00e3o, dependendo do andamento das investiga\u00e7\u00f5es e das evid\u00eancias obtidas.<\/p>\n\n\n\n<h2 class=\"wp-block-heading\" id=\"h-esfera-administrativa-no-trabalho-de-delegado\"><span id=\"esfera-administrativa-no-trabalho-de-delegado\"><strong>Esfera Administrativa\u00a0no Trabalho de Delegado<\/strong><\/span><\/h2>\n\n\n\n<p>Al\u00e9m da \u00e2mbito de Pol\u00edcia Judici\u00e1ria, caracterizada pela condu\u00e7\u00e3o de inqu\u00e9ritos policiais, o delegado da PF tamb\u00e9m precisar\u00e1, em muitas ocasi\u00f5es, lidar com atividades administrativas da institui\u00e7\u00e3o.&nbsp;<\/p>\n\n\n\n<p>S\u00e3o fun\u00e7\u00f5es da Pol\u00edcia Federal, por exemplo, a atividade de pol\u00edcia mar\u00edtima, aeroportu\u00e1ria e de fronteiras (art. 144, \u00a71\u00ba, III, da CRFB) e at\u00e9 mesmo a expedi\u00e7\u00e3o de registro de armas de fogo (art. 5\u00ba, \u00a71\u00ba, da Lei 10.826\/03).&nbsp;<\/p>\n\n\n\n<p>Uma fun\u00e7\u00e3o interessante que pode ser destacada \u00e9 a atribui\u00e7\u00e3o da PF para investiga\u00e7\u00e3o nos crimes que atentam contra atividades nucleares. Essa fun\u00e7\u00e3o implica n\u00e3o s\u00f3 a investiga\u00e7\u00e3o, mas a participa\u00e7\u00e3o do servidor em atividades conjuntas com representantes de outros \u00f3rg\u00e3os que tamb\u00e9m possuam alguma finalidade dentro do Programa Nuclear Brasileiro.&nbsp;<\/p>\n\n\n\n<p>Para mais detalhes, este autor possui um texto espec\u00edfico sobre essa \u00faltima fun\u00e7\u00e3o intitulado &#8220;Pol\u00edcia Federal no Programa Nuclear Brasileiro&#8221;. O texto est\u00e1 presente no site do Carreiras Jur\u00eddicas do Estrat\u00e9gia.<\/p>\n\n\n\n<h2 class=\"wp-block-heading\" id=\"h-sistemas-utilizados-pelo-policial\"><span id=\"sistemas-utilizados-pelo-policial\"><strong>Sistemas Utilizados\u00a0pelo Policial<\/strong><\/span><\/h2>\n\n\n\n<p>S\u00e3o diversos os sistemas utilizados pela Pol\u00edcia Federal. Primeiro, existe o sistema pr\u00f3prio utilizado pelos policiais para o controle dos inqu\u00e9ritos, chamado Epol. Como s\u00f3 a PF tem acesso a esse sistema, normalmente as pe\u00e7as s\u00e3o carregadas em outro local para que o Minist\u00e9rio P\u00fablico, o Poder Judici\u00e1rio e at\u00e9 advogados tenham acesso aos autos. No Rio de Janeiro, o sistema que recebe as pe\u00e7as dos inqu\u00e9ritos rotineiros \u00e9 o Eproc.&nbsp;<\/p>\n\n\n\n<p>Existem ainda v\u00e1rios outros sistemas, como o utilizado para aprova\u00e7\u00e3o de miss\u00f5es, para recebimento de dados do sistema financeiro, para expedi\u00e7\u00e3o de registro de armas de fogo ou at\u00e9 mesmo para acesso a dados cadastrais. <\/p>\n\n\n\n<p>\u00c9 importante que o delegado mantenha sempre suas senhas a salvo e saiba operar em todos os sistemas, o que, por si s\u00f3, j\u00e1 constitui um grande desafio, tendo em vista a quantidade de sistemas a serem operados\/acessados.<\/p>\n\n\n\n<h2 class=\"wp-block-heading\" id=\"h-sobreaviso-na-policia-federal\"><span id=\"sobreaviso-na-policia-federal\"><strong>Sobreaviso<\/strong>\u00a0<strong>na Pol\u00edcia Federal<\/strong><\/span><\/h2>\n\n\n\n<p>Como \u00e9 cedi\u00e7o, a atividade policial exige que o servidor esteja preparado para ser convocado no momento da ocorr\u00eancia de um crime, que pode acontecer em hor\u00e1rios inoportunos.&nbsp;<\/p>\n\n\n\n<p>Para resolver essa situa\u00e7\u00e3o, boa parte das delegacias descentralizadas conta com o chamado sobreaviso. Esse sistema faz um rod\u00edzio entre os servidores e seus cargos para que fiquem respons\u00e1veis por qualquer ocorr\u00eancia que transcorra nos seus respectivos dias. Hoje, o sobreaviso \u00e9 pago pelo tempo em que o servidor fica em disponibilidade. No entanto, a Institui\u00e7\u00e3o avisou que n\u00e3o existe verba para esse pagamento e, por isso, novas resolu\u00e7\u00f5es est\u00e3o sendo discutidas.&nbsp;<\/p>\n\n\n\n<p>\u00c9 interessante salientar que algumas Superintend\u00eancias contam com uma delegacia especializada em flagrantes e ocorr\u00eancias. Desse modo, em vez de sobreaviso, esses setores especializados contam com servidores dispon\u00edveis, vinte e quatro horas por dia, que, posteriormente, compensam esse hor\u00e1rio com dias de folga.<\/p>\n\n\n\n<h2 class=\"wp-block-heading\" id=\"h-articulacao-com-outras-organizacoes-pelo-delegado\"><span id=\"articulacao-com-outras-organizacoes-pelo-delegado\"><strong>Articula\u00e7\u00e3o com outras organiza\u00e7\u00f5es pelo Delegado<\/strong><\/span><\/h2>\n\n\n\n<p>O cargo de delegado da PF acaba envolvendo uma grande colabora\u00e7\u00e3o com outras institui\u00e7\u00f5es, seja no \u00e2mbito nacional ou internacional. \u00c9 comum o servidor ter de atuar em conjunto com Minist\u00e9rio P\u00fablico Federal, Tribunal Regional Federal e at\u00e9 outros \u00f3rg\u00e3os de seguran\u00e7a p\u00fablica, como Pol\u00edcia Militar ou Civil. Essa colabora\u00e7\u00e3o \u00e9 essencial para a obten\u00e7\u00e3o de resultados dentro das investiga\u00e7\u00f5es.<\/p>\n\n\n\n<p class=\"cnvs-block-core-paragraph-1725223949742\">J\u00e1 no \u00e2mbito internacional, o delegado pode precisar lidar com ag\u00eancias tais como Interpol, DEA (Drug Enforcement Administration) dos Estados Unidos ou at\u00e9 a Europol. Essa comunica\u00e7\u00e3o \u00e9 particularmente importante em crimes que ultrapassam fronteiras nacionais, como lavagem de dinheiro ou tr\u00e1fico internacional de drogas e\/ou armas.<\/p>\n\n\n\n<p>Portanto, o bom relacionamento com outras institui\u00e7\u00f5es \u00e9 essencial para a efetividade dos trabalhos.<\/p>\n\n\n\n<h2 class=\"wp-block-heading\" id=\"h-dia-de-operacao-na-policia-federal\"><span id=\"dia-de-operacao-na-policia-federal\"><strong>Dia de opera\u00e7\u00e3o na Pol\u00edcia Federal<\/strong><\/span><\/h2>\n\n\n\n<p>Talvez a atividade mais conhecida da Pol\u00edcia Federal sejam as opera\u00e7\u00f5es. Elas ocorrem em momentos espec\u00edficos da condu\u00e7\u00e3o dos inqu\u00e9ritos, mais precisamente, quando \u00e9 necess\u00e1rio realizar uma a\u00e7\u00e3o espec\u00edfica como uma busca e apreens\u00e3o ou at\u00e9 pris\u00e3o, por exemplo.<\/p>\n\n\n\n<p><br>Como mencionado, normalmente o dia a dia dos inqu\u00e9ritos \u00e9 conduzido apenas por um delegado e um escriv\u00e3o, com o apoio espec\u00edfico de outros cargos, ou seja, uma equipe pequena. No entanto, dependendo da quantidade e da localiza\u00e7\u00e3o das buscas ou pris\u00f5es, pode ser necess\u00e1rio pedir apoio a outras equipes. \u00c9 nesse momento que se constituem as grandes opera\u00e7\u00f5es que aparecem na m\u00eddia.<\/p>\n\n\n\n<p><br>Uma equipe de opera\u00e7\u00e3o normalmente se constitui de um delegado, um escriv\u00e3o e dois agentes. Dependendo da medida a ser cumprida, pode ser necess\u00e1rio um servidor com conhecimento espec\u00edfico ou uma&nbsp; at\u00e9 uma equipe especializada.<\/p>\n\n\n\n<p><br>O dia de opera\u00e7\u00e3o conta com <em>briefings<\/em> para determinar os objetivos a serem alcan\u00e7ados. Nesse momento, a atividade do delegado \u00e9 imprescind\u00edvel, j\u00e1 que ele \u00e9 considerado o chefe da equipe e, portanto, respons\u00e1vel pelo sucesso de suas dilig\u00eancias.<\/p>\n\n\n\n<p class=\"cnvs-block-core-paragraph-1725223949760\"><br>Como anteriormente salientado, no dia da opera\u00e7\u00e3o \u00e9 importante haver conversa e planejamento da equipe. Sempre s\u00e3o realizados estudos do alvo e da localidade preliminarmente a qualquer dilig\u00eancia, de modo que a equipe deve se preparar da melhor maneira poss\u00edvel para realizar suas tarefas.<\/p>\n\n\n\n<h2 class=\"wp-block-heading\" id=\"h-conclusao\"><span id=\"conclusao\"><strong>Conclus\u00e3o<\/strong><\/span><\/h2>\n\n\n\n<p>Concluindo, o dia a dia de um delegado da Pol\u00edcia federal possui diversas facetas e exige, al\u00e9m da pr\u00f3pria atividade de investiga\u00e7\u00e3o e opera\u00e7\u00f5es policiais, uma gest\u00e3o administrativa e at\u00e9  coopera\u00e7\u00e3o com outras institui\u00e7\u00f5es. O sucesso no cumprimento da fun\u00e7\u00e3o depende da capacidade do policial de gerenciar todas essas atividades inerentes ao cargo e, ao mesmo tempo, tomar decis\u00f5es importantes sob press\u00e3o e garantir que todas as a\u00e7\u00f5es respeitem os fundamentos constitucionais e legais.<\/p>\n\n\n\n<p>Como visto, a Lei 12.830\/13, de suma import\u00e2ncia para a fun\u00e7\u00e3o de delegado, ressalta a import\u00e2ncia do cargo e garante o fundamento legal necess\u00e1rio para que o servidor possa conduzir investiga\u00e7\u00f5es criminais com a necess\u00e1ria autonomia.<\/p>\n\n\n\n<p>Como visto, a responsabilidade, complexidade e capacidade de lidar com diversas tarefas simultaneamente, fazem do delegado de Pol\u00edcia Federal uma figura central no combate ao crime no pa\u00eds. Al\u00e9m disso, a fun\u00e7\u00e3o exigir\u00e1 tamb\u00e9m um senso de dever e dedica\u00e7\u00e3o de servir \u00e0 sociedade de forma profunda.<br><br>Ficou com alguma d\u00favida? Tem alguma curiosidade a mais? Gostaria de um desenvolvimento maior em algum t\u00f3pico? Deixe um coment\u00e1rio para, quem sabe, termos uma parte 2.<\/p>\n\n\n\n<p>Espero ter solucionado a d\u00favida de alguns e estimulado outros futuros policiais federais deste pa\u00eds. Grande abra\u00e7o!<\/p>\n\n\n\n<p>Concursos Abertos: <a href=\"https:\/\/www.estrategiaconcursos.com.br\/blog\/concursos-abertos\/\">https:\/\/www.estrategiaconcursos.com.br\/blog\/concursos-abertos\/<\/a><\/p>\n\n\n\n<p>Concursos 2024: <a href=\"https:\/\/www.estrategiaconcursos.com.br\/blog\/concursos-2024\/\">https:\/\/www.estrategiaconcursos.com.br\/blog\/concursos-2024\/<\/a><\/p>\n\n\n\n<p>Leia outros artigos deste autor: <a href=\"https:\/\/cj.estrategia.com\/portal\/author\/gabriel-miranda-acchar\/\">https:\/\/cj.estrategia.com\/portal\/author\/gabriel-miranda-acchar\/<\/a><\/p>\n","protected":false},"excerpt":{"rendered":"Arrombamento de portas, armas, viaturas, helic\u00f3pteros, entrevistas&#8230; \u00e9 assim que muitos imaginam a rotina de um policial. No&hellip;\n","protected":false},"author":129,"featured_media":25246,"comment_status":"open","ping_status":"open","sticky":false,"template":"","format":"standard","meta":{"_jetpack_memberships_contains_paid_content":false,"footnotes":""},"categories":[1],"tags":[],"tax_estado":[36],"class_list":{"0":"post-74405","1":"post","2":"type-post","3":"status-publish","4":"format-standard","5":"has-post-thumbnail","7":"category-carreiras-juridicas","8":"tax_estado-concursos-federais"},"acf":[],"yoast_head":"<!-- This site is optimized with the Yoast SEO Premium plugin v27.4 (Yoast SEO v27.4) - https:\/\/yoast.com\/product\/yoast-seo-premium-wordpress\/ -->\n<title>Um dia na vida de um Delegado de Pol\u00edcia Federal<\/title>\n<meta name=\"description\" content=\"Al\u00e9m das conhecidas opera\u00e7\u00f5es, o texto aborda como funciona a rotina di\u00e1ria de um Delegado da Pol\u00edcia Federal.\" \/>\n<meta name=\"robots\" content=\"index, follow, max-snippet:-1, max-image-preview:large, max-video-preview:-1\" \/>\n<link rel=\"canonical\" href=\"https:\/\/cj.estrategia.com\/portal\/rotina-diaria-delegado\/\" \/>\n<meta property=\"og:locale\" content=\"pt_BR\" \/>\n<meta property=\"og:type\" content=\"article\" \/>\n<meta property=\"og:title\" content=\"Um dia na vida de um Delegado de Pol\u00edcia Federal\" \/>\n<meta property=\"og:description\" content=\"Al\u00e9m das conhecidas opera\u00e7\u00f5es, o texto aborda como funciona a rotina di\u00e1ria de um Delegado da Pol\u00edcia Federal.\" \/>\n<meta property=\"og:url\" content=\"https:\/\/cj.estrategia.com\/portal\/rotina-diaria-delegado\/\" \/>\n<meta property=\"og:site_name\" content=\"Blog - Carreiras Jur\u00eddicas - Estrat\u00e9gia\" \/>\n<meta property=\"article:publisher\" content=\"https:\/\/www.facebook.com\/estrategiacarreirajuridica\/\" \/>\n<meta property=\"article:published_time\" content=\"2024-09-13T11:25:00+00:00\" \/>\n<meta property=\"og:image\" content=\"https:\/\/cj.estrategia.com\/portal\/wp-content\/uploads\/2022\/12\/13143113\/viatura-de-policia-e-delegados.png\" \/>\n\t<meta property=\"og:image:width\" content=\"619\" \/>\n\t<meta property=\"og:image:height\" content=\"410\" \/>\n\t<meta property=\"og:image:type\" content=\"image\/png\" \/>\n<meta name=\"author\" content=\"Gabriel Miranda Acchar\" \/>\n<meta name=\"twitter:card\" content=\"summary_large_image\" \/>\n<meta name=\"twitter:creator\" content=\"@EstratJuridica\" \/>\n<meta name=\"twitter:site\" content=\"@EstratJuridica\" \/>\n<meta name=\"twitter:label1\" content=\"Escrito por\" \/>\n\t<meta name=\"twitter:data1\" content=\"Gabriel Miranda Acchar\" \/>\n\t<meta name=\"twitter:label2\" content=\"Est. tempo de leitura\" \/>\n\t<meta name=\"twitter:data2\" content=\"13 minutos\" \/>\n<script type=\"application\/ld+json\" class=\"yoast-schema-graph\">{\"@context\":\"https:\\\/\\\/schema.org\",\"@graph\":[{\"@type\":\"NewsArticle\",\"@id\":\"https:\\\/\\\/cj.estrategia.com\\\/portal\\\/rotina-diaria-delegado\\\/#article\",\"isPartOf\":{\"@id\":\"https:\\\/\\\/cj.estrategia.com\\\/portal\\\/rotina-diaria-delegado\\\/\"},\"author\":{\"name\":\"Gabriel Miranda Acchar\",\"@id\":\"https:\\\/\\\/cj.estrategia.com\\\/portal\\\/#\\\/schema\\\/person\\\/87160d1d97463336a3dac8d3cd8deb53\"},\"headline\":\"Um dia na vida de um Delegado de Pol\u00edcia Federal\",\"datePublished\":\"2024-09-13T11:25:00+00:00\",\"mainEntityOfPage\":{\"@id\":\"https:\\\/\\\/cj.estrategia.com\\\/portal\\\/rotina-diaria-delegado\\\/\"},\"wordCount\":2440,\"commentCount\":0,\"publisher\":{\"@id\":\"https:\\\/\\\/cj.estrategia.com\\\/portal\\\/#organization\"},\"image\":{\"@id\":\"https:\\\/\\\/cj.estrategia.com\\\/portal\\\/rotina-diaria-delegado\\\/#primaryimage\"},\"thumbnailUrl\":\"https:\\\/\\\/cj.estrategia.com\\\/portal\\\/wp-content\\\/uploads\\\/2022\\\/12\\\/13143113\\\/viatura-de-policia-e-delegados.png\",\"articleSection\":[\"Carreiras Jur\u00eddicas\"],\"inLanguage\":\"pt-BR\",\"potentialAction\":[{\"@type\":\"CommentAction\",\"name\":\"Comment\",\"target\":[\"https:\\\/\\\/cj.estrategia.com\\\/portal\\\/rotina-diaria-delegado\\\/#respond\"]}]},{\"@type\":\"WebPage\",\"@id\":\"https:\\\/\\\/cj.estrategia.com\\\/portal\\\/rotina-diaria-delegado\\\/\",\"url\":\"https:\\\/\\\/cj.estrategia.com\\\/portal\\\/rotina-diaria-delegado\\\/\",\"name\":\"Um dia na vida de um Delegado de Pol\u00edcia Federal\",\"isPartOf\":{\"@id\":\"https:\\\/\\\/cj.estrategia.com\\\/portal\\\/#website\"},\"primaryImageOfPage\":{\"@id\":\"https:\\\/\\\/cj.estrategia.com\\\/portal\\\/rotina-diaria-delegado\\\/#primaryimage\"},\"image\":{\"@id\":\"https:\\\/\\\/cj.estrategia.com\\\/portal\\\/rotina-diaria-delegado\\\/#primaryimage\"},\"thumbnailUrl\":\"https:\\\/\\\/cj.estrategia.com\\\/portal\\\/wp-content\\\/uploads\\\/2022\\\/12\\\/13143113\\\/viatura-de-policia-e-delegados.png\",\"datePublished\":\"2024-09-13T11:25:00+00:00\",\"description\":\"Al\u00e9m das conhecidas opera\u00e7\u00f5es, o texto aborda como funciona a rotina di\u00e1ria de um Delegado da Pol\u00edcia Federal.\",\"breadcrumb\":{\"@id\":\"https:\\\/\\\/cj.estrategia.com\\\/portal\\\/rotina-diaria-delegado\\\/#breadcrumb\"},\"inLanguage\":\"pt-BR\",\"potentialAction\":[{\"@type\":\"ReadAction\",\"target\":[\"https:\\\/\\\/cj.estrategia.com\\\/portal\\\/rotina-diaria-delegado\\\/\"]}]},{\"@type\":\"ImageObject\",\"inLanguage\":\"pt-BR\",\"@id\":\"https:\\\/\\\/cj.estrategia.com\\\/portal\\\/rotina-diaria-delegado\\\/#primaryimage\",\"url\":\"https:\\\/\\\/cj.estrategia.com\\\/portal\\\/wp-content\\\/uploads\\\/2022\\\/12\\\/13143113\\\/viatura-de-policia-e-delegados.png\",\"contentUrl\":\"https:\\\/\\\/cj.estrategia.com\\\/portal\\\/wp-content\\\/uploads\\\/2022\\\/12\\\/13143113\\\/viatura-de-policia-e-delegados.png\",\"width\":619,\"height\":410,\"caption\":\"viatura-de-policia-e-delegados\"},{\"@type\":\"BreadcrumbList\",\"@id\":\"https:\\\/\\\/cj.estrategia.com\\\/portal\\\/rotina-diaria-delegado\\\/#breadcrumb\",\"itemListElement\":[{\"@type\":\"ListItem\",\"position\":1,\"name\":\"In\u00edcio\",\"item\":\"https:\\\/\\\/cj.estrategia.com\\\/portal\\\/\"},{\"@type\":\"ListItem\",\"position\":2,\"name\":\"Um dia na vida de um Delegado de Pol\u00edcia Federal\"}]},{\"@type\":\"WebSite\",\"@id\":\"https:\\\/\\\/cj.estrategia.com\\\/portal\\\/#website\",\"url\":\"https:\\\/\\\/cj.estrategia.com\\\/portal\\\/\",\"name\":\"Blog - Carreiras Jur\u00eddicas - Estrat\u00e9gia\",\"description\":\"\",\"publisher\":{\"@id\":\"https:\\\/\\\/cj.estrategia.com\\\/portal\\\/#organization\"},\"potentialAction\":[{\"@type\":\"SearchAction\",\"target\":{\"@type\":\"EntryPoint\",\"urlTemplate\":\"https:\\\/\\\/cj.estrategia.com\\\/portal\\\/?s={search_term_string}\"},\"query-input\":{\"@type\":\"PropertyValueSpecification\",\"valueRequired\":true,\"valueName\":\"search_term_string\"}}],\"inLanguage\":\"pt-BR\"},{\"@type\":\"Organization\",\"@id\":\"https:\\\/\\\/cj.estrategia.com\\\/portal\\\/#organization\",\"name\":\"Estrat\u00e9gia - Carreiras Jur\u00eddicas\",\"url\":\"https:\\\/\\\/cj.estrategia.com\\\/portal\\\/\",\"logo\":{\"@type\":\"ImageObject\",\"inLanguage\":\"pt-BR\",\"@id\":\"https:\\\/\\\/cj.estrategia.com\\\/portal\\\/#\\\/schema\\\/logo\\\/image\\\/\",\"url\":\"https:\\\/\\\/cj.estrategia.com\\\/portal\\\/wp-content\\\/uploads\\\/2022\\\/03\\\/11151052\\\/cj-logo.png\",\"contentUrl\":\"https:\\\/\\\/cj.estrategia.com\\\/portal\\\/wp-content\\\/uploads\\\/2022\\\/03\\\/11151052\\\/cj-logo.png\",\"width\":150,\"height\":39,\"caption\":\"Estrat\u00e9gia - Carreiras Jur\u00eddicas\"},\"image\":{\"@id\":\"https:\\\/\\\/cj.estrategia.com\\\/portal\\\/#\\\/schema\\\/logo\\\/image\\\/\"},\"sameAs\":[\"https:\\\/\\\/www.facebook.com\\\/estrategiacarreirajuridica\\\/\",\"https:\\\/\\\/x.com\\\/EstratJuridica\",\"https:\\\/\\\/www.instagram.com\\\/estrategiacarreirajuridica\\\/\",\"https:\\\/\\\/www.youtube.com\\\/channel\\\/UClbMGuYbj2Mh1m3w144ETWQ\"]},{\"@type\":\"Person\",\"@id\":\"https:\\\/\\\/cj.estrategia.com\\\/portal\\\/#\\\/schema\\\/person\\\/87160d1d97463336a3dac8d3cd8deb53\",\"name\":\"Gabriel Miranda Acchar\",\"image\":{\"@type\":\"ImageObject\",\"inLanguage\":\"pt-BR\",\"@id\":\"https:\\\/\\\/secure.gravatar.com\\\/avatar\\\/1617115b660f7e062f2402dab2cd297a7027d87263c34bc4f8d89ec6d1c2931b?s=96&d=mm&r=g\",\"url\":\"https:\\\/\\\/secure.gravatar.com\\\/avatar\\\/1617115b660f7e062f2402dab2cd297a7027d87263c34bc4f8d89ec6d1c2931b?s=96&d=mm&r=g\",\"contentUrl\":\"https:\\\/\\\/secure.gravatar.com\\\/avatar\\\/1617115b660f7e062f2402dab2cd297a7027d87263c34bc4f8d89ec6d1c2931b?s=96&d=mm&r=g\",\"caption\":\"Gabriel Miranda Acchar\"},\"description\":\"Atual Delegado de Pol\u00edcia Federal. Aprovado para Juiz de Direito do TJ\\\/AC e do TJ\\\/MG. Aprovado em 10 concursos jur\u00eddicos.\",\"url\":\"https:\\\/\\\/cj.estrategia.com\\\/portal\\\/author\\\/gabriel-miranda-acchar\\\/\"}]}<\/script>\n<!-- \/ Yoast SEO Premium plugin. -->","yoast_head_json":{"title":"Um dia na vida de um Delegado de Pol\u00edcia Federal","description":"Al\u00e9m das conhecidas opera\u00e7\u00f5es, o texto aborda como funciona a rotina di\u00e1ria de um Delegado da Pol\u00edcia Federal.","robots":{"index":"index","follow":"follow","max-snippet":"max-snippet:-1","max-image-preview":"max-image-preview:large","max-video-preview":"max-video-preview:-1"},"canonical":"https:\/\/cj.estrategia.com\/portal\/rotina-diaria-delegado\/","og_locale":"pt_BR","og_type":"article","og_title":"Um dia na vida de um Delegado de Pol\u00edcia Federal","og_description":"Al\u00e9m das conhecidas opera\u00e7\u00f5es, o texto aborda como funciona a rotina di\u00e1ria de um Delegado da Pol\u00edcia Federal.","og_url":"https:\/\/cj.estrategia.com\/portal\/rotina-diaria-delegado\/","og_site_name":"Blog - Carreiras Jur\u00eddicas - Estrat\u00e9gia","article_publisher":"https:\/\/www.facebook.com\/estrategiacarreirajuridica\/","article_published_time":"2024-09-13T11:25:00+00:00","og_image":[{"width":619,"height":410,"url":"https:\/\/cj.estrategia.com\/portal\/wp-content\/uploads\/2022\/12\/13143113\/viatura-de-policia-e-delegados.png","type":"image\/png"}],"author":"Gabriel Miranda Acchar","twitter_card":"summary_large_image","twitter_creator":"@EstratJuridica","twitter_site":"@EstratJuridica","twitter_misc":{"Escrito por":"Gabriel Miranda Acchar","Est. tempo de leitura":"13 minutos"},"schema":{"@context":"https:\/\/schema.org","@graph":[{"@type":"NewsArticle","@id":"https:\/\/cj.estrategia.com\/portal\/rotina-diaria-delegado\/#article","isPartOf":{"@id":"https:\/\/cj.estrategia.com\/portal\/rotina-diaria-delegado\/"},"author":{"name":"Gabriel Miranda Acchar","@id":"https:\/\/cj.estrategia.com\/portal\/#\/schema\/person\/87160d1d97463336a3dac8d3cd8deb53"},"headline":"Um dia na vida de um Delegado de Pol\u00edcia Federal","datePublished":"2024-09-13T11:25:00+00:00","mainEntityOfPage":{"@id":"https:\/\/cj.estrategia.com\/portal\/rotina-diaria-delegado\/"},"wordCount":2440,"commentCount":0,"publisher":{"@id":"https:\/\/cj.estrategia.com\/portal\/#organization"},"image":{"@id":"https:\/\/cj.estrategia.com\/portal\/rotina-diaria-delegado\/#primaryimage"},"thumbnailUrl":"https:\/\/cj.estrategia.com\/portal\/wp-content\/uploads\/2022\/12\/13143113\/viatura-de-policia-e-delegados.png","articleSection":["Carreiras Jur\u00eddicas"],"inLanguage":"pt-BR","potentialAction":[{"@type":"CommentAction","name":"Comment","target":["https:\/\/cj.estrategia.com\/portal\/rotina-diaria-delegado\/#respond"]}]},{"@type":"WebPage","@id":"https:\/\/cj.estrategia.com\/portal\/rotina-diaria-delegado\/","url":"https:\/\/cj.estrategia.com\/portal\/rotina-diaria-delegado\/","name":"Um dia na vida de um Delegado de Pol\u00edcia Federal","isPartOf":{"@id":"https:\/\/cj.estrategia.com\/portal\/#website"},"primaryImageOfPage":{"@id":"https:\/\/cj.estrategia.com\/portal\/rotina-diaria-delegado\/#primaryimage"},"image":{"@id":"https:\/\/cj.estrategia.com\/portal\/rotina-diaria-delegado\/#primaryimage"},"thumbnailUrl":"https:\/\/cj.estrategia.com\/portal\/wp-content\/uploads\/2022\/12\/13143113\/viatura-de-policia-e-delegados.png","datePublished":"2024-09-13T11:25:00+00:00","description":"Al\u00e9m das conhecidas opera\u00e7\u00f5es, o texto aborda como funciona a rotina di\u00e1ria de um Delegado da Pol\u00edcia Federal.","breadcrumb":{"@id":"https:\/\/cj.estrategia.com\/portal\/rotina-diaria-delegado\/#breadcrumb"},"inLanguage":"pt-BR","potentialAction":[{"@type":"ReadAction","target":["https:\/\/cj.estrategia.com\/portal\/rotina-diaria-delegado\/"]}]},{"@type":"ImageObject","inLanguage":"pt-BR","@id":"https:\/\/cj.estrategia.com\/portal\/rotina-diaria-delegado\/#primaryimage","url":"https:\/\/cj.estrategia.com\/portal\/wp-content\/uploads\/2022\/12\/13143113\/viatura-de-policia-e-delegados.png","contentUrl":"https:\/\/cj.estrategia.com\/portal\/wp-content\/uploads\/2022\/12\/13143113\/viatura-de-policia-e-delegados.png","width":619,"height":410,"caption":"viatura-de-policia-e-delegados"},{"@type":"BreadcrumbList","@id":"https:\/\/cj.estrategia.com\/portal\/rotina-diaria-delegado\/#breadcrumb","itemListElement":[{"@type":"ListItem","position":1,"name":"In\u00edcio","item":"https:\/\/cj.estrategia.com\/portal\/"},{"@type":"ListItem","position":2,"name":"Um dia na vida de um Delegado de Pol\u00edcia Federal"}]},{"@type":"WebSite","@id":"https:\/\/cj.estrategia.com\/portal\/#website","url":"https:\/\/cj.estrategia.com\/portal\/","name":"Blog - Carreiras Jur\u00eddicas - Estrat\u00e9gia","description":"","publisher":{"@id":"https:\/\/cj.estrategia.com\/portal\/#organization"},"potentialAction":[{"@type":"SearchAction","target":{"@type":"EntryPoint","urlTemplate":"https:\/\/cj.estrategia.com\/portal\/?s={search_term_string}"},"query-input":{"@type":"PropertyValueSpecification","valueRequired":true,"valueName":"search_term_string"}}],"inLanguage":"pt-BR"},{"@type":"Organization","@id":"https:\/\/cj.estrategia.com\/portal\/#organization","name":"Estrat\u00e9gia - Carreiras Jur\u00eddicas","url":"https:\/\/cj.estrategia.com\/portal\/","logo":{"@type":"ImageObject","inLanguage":"pt-BR","@id":"https:\/\/cj.estrategia.com\/portal\/#\/schema\/logo\/image\/","url":"https:\/\/cj.estrategia.com\/portal\/wp-content\/uploads\/2022\/03\/11151052\/cj-logo.png","contentUrl":"https:\/\/cj.estrategia.com\/portal\/wp-content\/uploads\/2022\/03\/11151052\/cj-logo.png","width":150,"height":39,"caption":"Estrat\u00e9gia - Carreiras Jur\u00eddicas"},"image":{"@id":"https:\/\/cj.estrategia.com\/portal\/#\/schema\/logo\/image\/"},"sameAs":["https:\/\/www.facebook.com\/estrategiacarreirajuridica\/","https:\/\/x.com\/EstratJuridica","https:\/\/www.instagram.com\/estrategiacarreirajuridica\/","https:\/\/www.youtube.com\/channel\/UClbMGuYbj2Mh1m3w144ETWQ"]},{"@type":"Person","@id":"https:\/\/cj.estrategia.com\/portal\/#\/schema\/person\/87160d1d97463336a3dac8d3cd8deb53","name":"Gabriel Miranda Acchar","image":{"@type":"ImageObject","inLanguage":"pt-BR","@id":"https:\/\/secure.gravatar.com\/avatar\/1617115b660f7e062f2402dab2cd297a7027d87263c34bc4f8d89ec6d1c2931b?s=96&d=mm&r=g","url":"https:\/\/secure.gravatar.com\/avatar\/1617115b660f7e062f2402dab2cd297a7027d87263c34bc4f8d89ec6d1c2931b?s=96&d=mm&r=g","contentUrl":"https:\/\/secure.gravatar.com\/avatar\/1617115b660f7e062f2402dab2cd297a7027d87263c34bc4f8d89ec6d1c2931b?s=96&d=mm&r=g","caption":"Gabriel Miranda Acchar"},"description":"Atual Delegado de Pol\u00edcia Federal. Aprovado para Juiz de Direito do TJ\/AC e do TJ\/MG. Aprovado em 10 concursos jur\u00eddicos.","url":"https:\/\/cj.estrategia.com\/portal\/author\/gabriel-miranda-acchar\/"}]}},"jetpack_featured_media_url":"https:\/\/cj.estrategia.com\/portal\/wp-content\/uploads\/2022\/12\/13143113\/viatura-de-policia-e-delegados.png","jetpack_sharing_enabled":true,"_links":{"self":[{"href":"https:\/\/cj.estrategia.com\/portal\/wp-json\/wp\/v2\/posts\/74405","targetHints":{"allow":["GET"]}}],"collection":[{"href":"https:\/\/cj.estrategia.com\/portal\/wp-json\/wp\/v2\/posts"}],"about":[{"href":"https:\/\/cj.estrategia.com\/portal\/wp-json\/wp\/v2\/types\/post"}],"author":[{"embeddable":true,"href":"https:\/\/cj.estrategia.com\/portal\/wp-json\/wp\/v2\/users\/129"}],"replies":[{"embeddable":true,"href":"https:\/\/cj.estrategia.com\/portal\/wp-json\/wp\/v2\/comments?post=74405"}],"version-history":[{"count":8,"href":"https:\/\/cj.estrategia.com\/portal\/wp-json\/wp\/v2\/posts\/74405\/revisions"}],"predecessor-version":[{"id":74926,"href":"https:\/\/cj.estrategia.com\/portal\/wp-json\/wp\/v2\/posts\/74405\/revisions\/74926"}],"wp:featuredmedia":[{"embeddable":true,"href":"https:\/\/cj.estrategia.com\/portal\/wp-json\/wp\/v2\/media\/25246"}],"wp:attachment":[{"href":"https:\/\/cj.estrategia.com\/portal\/wp-json\/wp\/v2\/media?parent=74405"}],"wp:term":[{"taxonomy":"category","embeddable":true,"href":"https:\/\/cj.estrategia.com\/portal\/wp-json\/wp\/v2\/categories?post=74405"},{"taxonomy":"post_tag","embeddable":true,"href":"https:\/\/cj.estrategia.com\/portal\/wp-json\/wp\/v2\/tags?post=74405"},{"taxonomy":"tax_estado","embeddable":true,"href":"https:\/\/cj.estrategia.com\/portal\/wp-json\/wp\/v2\/tax_estado?post=74405"}],"curies":[{"name":"wp","href":"https:\/\/api.w.org\/{rel}","templated":true}]}}