{"id":74385,"date":"2024-08-31T14:41:21","date_gmt":"2024-08-31T17:41:21","guid":{"rendered":"https:\/\/cj.estrategia.com\/portal\/?p=74385"},"modified":"2024-09-01T22:42:04","modified_gmt":"2024-09-02T01:42:04","slug":"conduta-juiza-audiencia-virtual-audiencia","status":"publish","type":"post","link":"https:\/\/cj.estrategia.com\/portal\/conduta-juiza-audiencia-virtual-audiencia\/","title":{"rendered":"Conduta de ju\u00edza em audi\u00eancia virtual trabalhista e ata de audi\u00eancia &#8211; An\u00e1lise Jur\u00eddica"},"content":{"rendered":"\n<h2 class=\"wp-block-heading\" id=\"h-contextualizacao-do-incidente\"><span id=\"contextualizacao-do-incidente\">Contextualiza\u00e7\u00e3o do incidente<\/span><\/h2>\n\n\n\n<p>Em 20 de agosto de 2024, durante uma audi\u00eancia virtual da Justi\u00e7a do Trabalho, a ju\u00edza Cleuza Gon\u00e7alves Lopes, do Tribunal Regional do Trabalho da 18\u00aa Regi\u00e3o (TRT-18), em Goi\u00e2nia, protagonizou um incidente que gerou discuss\u00f5es sobre <strong><mark style=\"background-color:rgba(0, 0, 0, 0)\" class=\"has-inline-color has-vivid-cyan-blue-color\">conduta judicial e \u00e9tica na magistratura<\/mark><\/strong>.<\/p>\n\n\n\n<p>A situa\u00e7\u00e3o foi parcialmente <strong><mark style=\"background-color:rgba(0, 0, 0, 0)\" class=\"has-inline-color has-vivid-cyan-blue-color\"><a href=\"https:\/\/www.metropoles.com\/colunas\/guilherme-amado\/video-que-merda-de-diferenca-faz-diz-juiza-em-audiencia\" target=\"_blank\" >registrada em v\u00eddeo e amplamente divulgada<\/a><\/mark><\/strong>.<\/p>\n\n\n\n<p>O caso em debate aqui registra <strong>estudo de doc\u00eancia<\/strong> apenas no que tange \u00e0s discuss\u00f5es da \u201cata\u201d, ou seja, sobre o que deve ser colocado ou n\u00e3o em ata.<\/p>\n\n\n\n<h2 class=\"wp-block-heading\" id=\"h-declaracoes-da-magistrada\"><span id=\"declaracoes-da-magistrada\">Declara\u00e7\u00f5es da Magistrada<\/span><\/h2>\n\n\n\n<p>O registro inclui as seguintes declara\u00e7\u00f5es da ju\u00edza Cleuza Gon\u00e7alves Lopes:<\/p>\n\n\n\n<pre class=\"wp-block-verse\">\"A ata \u00e9 minha, eu escrevo o que eu quiser nela. Que merda de diferen\u00e7a faz? \u00c9 isso mesmo. Odeio fazer audi\u00eancia virtual. Odeio. E n\u00e3o \u00e9 pouco n\u00e3o. Todo mundo acha que \u00e9 juiz nas audi\u00eancias virtuais.\"\n\n\"Olha, que bonitinho, depois de 40 anos eu estou aprendendo como \u00e9 que pergunta para testemunha.\"\n\n\"\u00c9 s\u00f3 levantar a minha parcialidade e eu vou declarar com o maior prazer; um processo a menos para julgar, ainda mais um banco. Vou ter uma alegria enorme. Eu tenho 300 processos por m\u00eas, n\u00e3o vai fazer diferen\u00e7a.\"\n\n\u201cQue merda de diferen\u00e7a faz\u201d.<\/pre>\n\n\n\n<p>Vamos, primeiramente, fazer uma an\u00e1lise sobre as atas de audi\u00eancia.<\/p>\n\n\n\n<h2 class=\"wp-block-heading\" id=\"h-analise-da-ata-de-audiencia-trabalhista\"><span id=\"analise-da-ata-de-audiencia-trabalhista\">An\u00e1lise da ata de audi\u00eancia trabalhista<\/span><\/h2>\n\n\n\n<h3 class=\"wp-block-heading\" id=\"h-natureza-da-ata-e-seu-conteudo\"><span id=\"natureza-da-ata-e-seu-conteudo\">Natureza da ata e seu conte\u00fado<\/span><\/h3>\n\n\n\n<p>A ata de audi\u00eancia trabalhista \u00e9 um documento oficial que registra os principais <strong><mark style=\"background-color:rgba(0, 0, 0, 0)\" class=\"has-inline-color has-vivid-cyan-blue-color\">acontecimentos e declara\u00e7\u00f5es ocorridos durante a sess\u00e3o<\/mark><\/strong>.<\/p>\n\n\n\n<p>Ela tem <strong><mark style=\"background-color:rgba(0, 0, 0, 0)\" class=\"has-inline-color has-vivid-cyan-blue-color\">valor probat\u00f3rio<\/mark><\/strong> e serve como refer\u00eancia para as partes e para eventuais recursos.<\/p>\n\n\n\n<p>No processo trabalhista, o art. 851 da CLT destaca sua relev\u00e2ncia:<\/p>\n\n\n\n<pre class=\"wp-block-preformatted\">\"Os tr\u00e2mites de instru\u00e7\u00e3o e julgamento da reclama\u00e7\u00e3o ser\u00e3o resumidos em ata, de que constar\u00e1, na \u00edntegra, a decis\u00e3o.\"<\/pre>\n\n\n\n<p>No incidente em quest\u00e3o, surgiu uma controv\u00e9rsia sobre o conte\u00fado da ata.<\/p>\n\n\n\n<p>A <strong>advogada<\/strong> apontou que a magistrada havia <strong>omitido uma informa\u00e7\u00e3o relevante<\/strong>, enquanto a <strong>ju\u00edza <\/strong>argumentou que a informa\u00e7\u00e3o <strong>n\u00e3o estava suficientemente provada<\/strong> para ser inclu\u00edda.<\/p>\n\n\n\n<p>Segundo Mauro Schiavi, em seu &#8220;Manual de Direito Processual do Trabalho&#8221;:<\/p>\n\n\n\n<pre class=\"wp-block-preformatted\">\"A ata de audi\u00eancia \u00e9 um documento p\u00fablico que retrata fielmente os atos ocorridos em audi\u00eancia. Deve conter todos os fatos relevantes ocorridos, bem como os requerimentos das partes e as decis\u00f5es do juiz.\"<\/pre>\n\n\n\n<h3 class=\"wp-block-heading\" id=\"h-discricionariedade-do-juiz-vs-precisao-do-registro\"><span id=\"discricionariedade-do-juiz-vs-precisao-do-registro\">Discricionariedade do juiz vs. precis\u00e3o do registro<\/span><\/h3>\n\n\n\n<p>Existe uma tens\u00e3o entre a discricionariedade do juiz na condu\u00e7\u00e3o da audi\u00eancia e a necessidade de um registro preciso e completo.<\/p>\n\n\n\n<div class=\"wp-block-media-text is-stacked-on-mobile\"><figure class=\"wp-block-media-text__media\"><img decoding=\"async\" width=\"1024\" height=\"574\" src=\"https:\/\/cj.estrategia.com\/portal\/wp-content\/uploads\/2024\/08\/31142711\/julgamento-tribunal-juiz-1024x574.jpg\" alt=\"Conduta\" class=\"wp-image-74395 size-full\" srcset=\"https:\/\/cj.estrategia.com\/portal\/wp-content\/uploads\/2024\/08\/31142711\/julgamento-tribunal-juiz-1024x574.jpg 1024w, https:\/\/cj.estrategia.com\/portal\/wp-content\/uploads\/2024\/08\/31142711\/julgamento-tribunal-juiz-300x168.jpg 300w, https:\/\/cj.estrategia.com\/portal\/wp-content\/uploads\/2024\/08\/31142711\/julgamento-tribunal-juiz-768x430.jpg 768w, https:\/\/cj.estrategia.com\/portal\/wp-content\/uploads\/2024\/08\/31142711\/julgamento-tribunal-juiz-1536x861.jpg 1536w, https:\/\/cj.estrategia.com\/portal\/wp-content\/uploads\/2024\/08\/31142711\/julgamento-tribunal-juiz-2048x1148.jpg 2048w, https:\/\/cj.estrategia.com\/portal\/wp-content\/uploads\/2024\/08\/31142711\/julgamento-tribunal-juiz-380x213.jpg 380w, https:\/\/cj.estrategia.com\/portal\/wp-content\/uploads\/2024\/08\/31142711\/julgamento-tribunal-juiz-800x448.jpg 800w, https:\/\/cj.estrategia.com\/portal\/wp-content\/uploads\/2024\/08\/31142711\/julgamento-tribunal-juiz-1160x650.jpg 1160w, https:\/\/cj.estrategia.com\/portal\/wp-content\/uploads\/2024\/08\/31142711\/julgamento-tribunal-juiz-150x84.jpg 150w, https:\/\/cj.estrategia.com\/portal\/wp-content\/uploads\/2024\/08\/31142711\/julgamento-tribunal-juiz-scaled.jpg 2560w\" sizes=\"(max-width: 1024px) 100vw, 1024px\" \/><\/figure><div class=\"wp-block-media-text__content\">\n<p>A declara\u00e7\u00e3o da ju\u00edza de que &#8220;A ata \u00e9 minha, eu escrevo o que eu quiser nela&#8221; levanta quest\u00f5es sobre os <strong>limites dessa discricionariedade<\/strong>. Embora o juiz presida a audi\u00eancia e tenha a prerrogativa de ditar o conte\u00fado da ata, esta discricionariedade <strong><mark style=\"background-color:rgba(0, 0, 0, 0)\" class=\"has-inline-color has-vivid-cyan-blue-color\">n\u00e3o \u00e9 absoluta<\/mark><\/strong>.<\/p>\n<\/div><\/div>\n\n\n\n<p>O TST j\u00e1 se manifestou sobre a import\u00e2ncia do conte\u00fado da ata:<\/p>\n\n\n\n<blockquote class=\"wp-block-quote is-layout-flow wp-block-quote-is-layout-flow\">\n<p><\/p>\n<cite><strong>&#8220;NULIDADE. ATA DE AUDI\u00caNCIA. CONTE\u00daDO. A ata de audi\u00eancia, como instrumento p\u00fablico, goza de f\u00e9 p\u00fablica e deve retratar fielmente os atos nela praticados.&#8221;<\/strong><br><br><strong>(TST-RR-1089-80.2010.5.09.0671, 8\u00aa Turma, Rel. Min. M\u00e1rcio Eurico Vitral Amaro, DEJT 13\/11\/2015)<\/strong><\/cite><\/blockquote>\n\n\n\n<p>Obviamente, n\u00e3o \u00e9 poss\u00edvel aferir se o \u201cconte\u00fado\u201d a ser registrado solicitado pela advogada \u00e9 realmente veross\u00edmil e reflete a verdade dos autos.<\/p>\n\n\n\n<p>Carlos Henrique Bezerra Leite, em &#8220;Curso de Direito Processual do Trabalho&#8221;, argumenta:<\/p>\n\n\n\n<pre class=\"wp-block-preformatted\">\"As partes t\u00eam o direito de requerer o registro na ata de protestos e ocorr\u00eancias que considerem relevantes para a defesa de seus interesses. O juiz s\u00f3 pode negar tal registro se o conte\u00fado for manifestamente impertinente ou ofensivo.\"<\/pre>\n\n\n\n<p>O TRT da 3\u00aa Regi\u00e3o j\u00e1 decidiu:<\/p>\n\n\n\n<blockquote class=\"wp-block-quote is-layout-flow wp-block-quote-is-layout-flow\">\n<p><\/p>\n<cite><strong>&#8220;CERCEAMENTO DE DEFESA. RECUSA DE REGISTRO EM ATA. Configura cerceamento de defesa a recusa do Ju\u00edzo em registrar em ata protestos ou requerimentos da parte, desde que pertinentes e respeitosos.&#8221;<\/strong><br><br><strong>(TRT-3 &#8211; RO: 00109372320175030134 MG 0010937-23.2017.5.03.0134, Relator: Jose Eduardo de Resende Chaves Jr, Data de Julgamento: 22\/05\/2019, Primeira Turma)<\/strong><\/cite><\/blockquote>\n\n\n\n<p>Assim, os advogados t\u00eam o direito de requerer o registro de fatos e protestos na ata, mas isso <strong><mark style=\"background-color:rgba(0, 0, 0, 0)\" class=\"has-inline-color has-vivid-cyan-blue-color\">n\u00e3o significa que tudo o que solicitam deve ser automaticamente inclu\u00eddo<\/mark><\/strong>.<\/p>\n\n\n\n<p>Homero Batista Mateus da Silva, em &#8220;Curso de Direito do Trabalho Aplicado&#8221;, observa tamb\u00e9m:<\/p>\n\n\n\n<pre class=\"wp-block-preformatted\">\"O advogado pode e deve requerer o registro de fatos relevantes, mas cabe ao juiz avaliar a pertin\u00eancia do pedido. O importante \u00e9 que a ata reflita de maneira fidedigna os acontecimentos essenciais da audi\u00eancia.\"<\/pre>\n\n\n\n<p class=\"has-cyan-bluish-gray-background-color has-background\">A grande d\u00favida no caso \u00e9 se a solicita\u00e7\u00e3o da advogada foi \u201cimpertinente ou desrespeitosa\u201d para que a ju\u00edza negasse o atendimento do registro em ata.<\/p>\n\n\n\n<h3 class=\"wp-block-heading\" id=\"h-implicacoes\"><span id=\"implicacoes\">Implica\u00e7\u00f5es <\/span><\/h3>\n\n\n\n<p>Entretanto, a omiss\u00e3o de informa\u00e7\u00f5es relevantes na ata pode ter implica\u00e7\u00f5es significativas:<\/p>\n\n\n\n<p class=\"has-pale-cyan-blue-background-color has-background\">Pode afetar o direito de defesa das partes.<\/p>\n\n\n\n<p class=\"has-pale-cyan-blue-background-color has-background\">Pode ser base para recursos ou pedidos de corre\u00e7\u00e3o da ata.<\/p>\n\n\n\n<p class=\"has-pale-cyan-blue-background-color has-background\">Em casos extremos, pode levar a argui\u00e7\u00f5es de nulidade processual.<\/p>\n\n\n\n<h2 class=\"wp-block-heading\" id=\"h-aspectos-legais-e-eticos-relevantes\"><span id=\"aspectos-legais-e-eticos-relevantes\">Aspectos legais e \u00e9ticos relevantes<\/span><\/h2>\n\n\n\n<p>A conduta da ju\u00edza levanta quest\u00f5es em rela\u00e7\u00e3o ao C\u00f3digo de \u00c9tica da Magistratura Nacional, aprovado pelo Conselho Nacional de Justi\u00e7a.<\/p>\n\n\n\n<p>Especificamente:<\/p>\n\n\n\n<pre class=\"wp-block-preformatted\">Art. 22: \"O magistrado tem o dever de cortesia para com os colegas, os membros do Minist\u00e9rio P\u00fablico, os advogados, os servidores, as partes, as testemunhas e todos quantos se relacionem com a administra\u00e7\u00e3o da Justi\u00e7a.\"<\/pre>\n\n\n\n<pre class=\"wp-block-preformatted\">Art. 37: \"Ao magistrado \u00e9 vedado procedimento incompat\u00edvel com a dignidade, a honra e o decoro de suas fun\u00e7\u00f5es.\"<\/pre>\n\n\n\n<p>A Lei Complementar n\u00ba 35\/1979 (LOMAN) estabelece:<\/p>\n\n\n\n<pre class=\"wp-block-preformatted\">Art. 35, IV: \"\u00c9 dever do magistrado tratar com urbanidade as partes, os membros do Minist\u00e9rio P\u00fablico, os advogados, as testemunhas, os funcion\u00e1rios e auxiliares da Justi\u00e7a, e atender aos que o procurarem, a qualquer momento, quanto se trate de provid\u00eancia que reclame e possibilite solu\u00e7\u00e3o de urg\u00eancia.\"<\/pre>\n\n\n\n<p>O CPC de 2015 tamb\u00e9m traz disposi\u00e7\u00f5es relevantes:<\/p>\n\n\n\n<pre class=\"wp-block-preformatted\">Art. 139, I: \"O juiz dirigir\u00e1 o processo conforme as disposi\u00e7\u00f5es deste C\u00f3digo, incumbindo-lhe: I - assegurar \u00e0s partes igualdade de tratamento;\"<\/pre>\n\n\n\n<p>Ao utilizar linguagem impr\u00f3pria no que tange ao \u201cpalavr\u00e3o\u201d, \u00e9 poss\u00edvel interpretar a conduta da ju\u00edza como uma viola\u00e7\u00e3o deste dever. O uso de linguagem vulgar e o tratamento desrespeitoso direcionado \u00e0 advogada e \u00e0s partes parecem <strong><mark style=\"background-color:rgba(0, 0, 0, 0)\" class=\"has-inline-color has-vivid-cyan-blue-color\">violar diretamente estes preceitos \u00e9ticos<\/mark><\/strong>.<\/p>\n\n\n\n<h2 class=\"wp-block-heading\" id=\"h-consideracoes-sobre-o-contexto-incompleto\"><span id=\"consideracoes-sobre-o-contexto-incompleto\">Considera\u00e7\u00f5es sobre o contexto incompleto<\/span><\/h2>\n\n\n\n<p>\u00c9 importante notar que o v\u00eddeo divulgado n\u00e3o mostra a audi\u00eancia completa. Portanto:<\/p>\n\n\n\n<ol class=\"wp-block-list\">\n<li>N\u00e3o \u00e9 poss\u00edvel determinar se houve provoca\u00e7\u00f5es ou desrespeito pr\u00e9vio por parte da advogada ou outros participantes.<\/li>\n\n\n\n<li>O contexto completo da discuss\u00e3o sobre a ata n\u00e3o est\u00e1 claro.<\/li>\n\n\n\n<li>N\u00e3o se sabe sobre eventuais justificativas ou explica\u00e7\u00f5es da magistrada fora do trecho da grava\u00e7\u00e3o.<\/li>\n<\/ol>\n\n\n\n<p>Dependendo da relev\u00e2ncia das informa\u00e7\u00f5es omitidas na ata, pode-se questionar a validade dos atos processuais realizados na audi\u00eancia, isto porque, <strong><mark style=\"background-color:rgba(0, 0, 0, 0)\" class=\"has-inline-color has-vivid-cyan-blue-color\">n\u00e3o se sabe se h\u00e1 impertin\u00eancia ou afronta na solicita\u00e7\u00e3o da advogada<\/mark><\/strong>.<\/p>\n\n\n\n<h2 class=\"wp-block-heading\" id=\"h-audiencias-virtuais-e-decoro-judicial\"><span id=\"audiencias-virtuais-e-decoro-judicial\">Audi\u00eancias virtuais e decoro judicial<\/span><\/h2>\n\n\n\n<p>O incidente destaca os desafios espec\u00edficos das audi\u00eancias virtuais:<\/p>\n\n\n\n<ol class=\"wp-block-list\">\n<li>Necessidade de <strong><mark style=\"background-color:rgba(0, 0, 0, 0)\" class=\"has-inline-color has-vivid-cyan-blue-color\">adapta\u00e7\u00e3o dos magistrados<\/mark><\/strong> \u00e0s novas tecnologias.<\/li>\n\n\n\n<li>Import\u00e2ncia de <strong><mark style=\"background-color:rgba(0, 0, 0, 0)\" class=\"has-inline-color has-vivid-cyan-blue-color\">manter o decoro e a formalidade<\/mark><\/strong> mesmo em ambientes virtuais.<\/li>\n\n\n\n<li>Potencial <strong><mark style=\"background-color:rgba(0, 0, 0, 0)\" class=\"has-inline-color has-vivid-cyan-blue-color\">maior exposi\u00e7\u00e3o<\/mark><\/strong> de condutas inadequadas devido \u00e0 facilidade de grava\u00e7\u00e3o.<\/li>\n<\/ol>\n\n\n\n<h2 class=\"wp-block-heading\" id=\"h-incertezas-quanto-ao-desfecho\"><span id=\"incertezas-quanto-ao-desfecho\">Incertezas quanto ao desfecho<\/span><\/h2>\n\n\n\n<p>Al\u00e9m disso, dada a complexidade do caso e as informa\u00e7\u00f5es incompletas, \u00e9 dif\u00edcil prever com certeza o desfecho deste incidente. Poss\u00edveis cen\u00e1rios incluem:<\/p>\n\n\n\n<ol class=\"wp-block-list\">\n<li><strong><mark style=\"background-color:rgba(0, 0, 0, 0)\" class=\"has-inline-color has-vivid-cyan-blue-color\">Arquivamento do caso<\/mark><\/strong> ap\u00f3s investiga\u00e7\u00f5es preliminares.<\/li>\n\n\n\n<li>Abertura de <strong><mark style=\"background-color:rgba(0, 0, 0, 0)\" class=\"has-inline-color has-vivid-cyan-blue-color\">processo administrativo disciplinar<\/mark><\/strong> com poss\u00edveis penalidades.<\/li>\n\n\n\n<li>Recomenda\u00e7\u00f5es para <strong><mark style=\"background-color:rgba(0, 0, 0, 0)\" class=\"has-inline-color has-vivid-cyan-blue-color\">treinamento <\/mark><\/strong>ou orienta\u00e7\u00e3o adicional sobre conduta em audi\u00eancias virtuais.<\/li>\n<\/ol>\n\n\n\n<p>Todavia, o resultado depender\u00e1 de uma investiga\u00e7\u00e3o mais aprofundada e da considera\u00e7\u00e3o de todos os fatos e contextos relevantes.<\/p>\n\n\n\n<h2 class=\"wp-block-heading\" id=\"h-consideracoes-finais\"><span id=\"consideracoes-finais\">Considera\u00e7\u00f5es finais<\/span><\/h2>\n\n\n\n<p>Importante ressaltar que o v\u00eddeo divulgado apresenta apenas um <strong>recorte da audi\u00eancia<\/strong>. A an\u00e1lise completa do incidente requer uma investiga\u00e7\u00e3o mais aprofundada, considerando o contexto integral da audi\u00eancia e as intera\u00e7\u00f5es entre todos os presentes.<\/p>\n\n\n\n<p>Desse modo, o epis\u00f3dio evidencia a necessidade de <strong><mark style=\"background-color:rgba(0, 0, 0, 0)\" class=\"has-inline-color has-vivid-cyan-blue-color\">equil\u00edbrio <\/mark><\/strong>entre a autoridade do magistrado na condu\u00e7\u00e3o da audi\u00eancia e o direito das partes de terem seus argumentos e protestos devidamente registrados.<\/p>\n\n\n\n<p>Por fim, ressalta-se tamb\u00e9m os desafios das audi\u00eancias virtuais e a import\u00e2ncia da <strong><mark style=\"background-color:rgba(0, 0, 0, 0)\" class=\"has-inline-color has-vivid-cyan-blue-color\">manuten\u00e7\u00e3o do decoro e da urbanidade<\/mark><\/strong> em todas as formas de intera\u00e7\u00e3o judicial.<\/p>\n\n\n\n<hr class=\"wp-block-separator has-alpha-channel-opacity\"\/>\n\n\n\n<h2 class=\"wp-block-heading has-text-align-center\" id=\"h-quer-saber-quais-serao-os-proximos-concursos\"><span id=\"quer-saber-quais-serao-os-proximos-concursos\">Quer saber quais ser\u00e3o os pr\u00f3ximos concursos?<\/span><\/h2>\n\n\n\n<p class=\"has-text-align-center\">Confira nossos&nbsp;<a href=\"https:\/\/cj.estrategia.com\/portal\/\" target=\"_blank\" >artigos para Carreiras Jur\u00eddicas<\/a>!<\/p>\n\n\n\n<p class=\"has-text-align-center has-white-color has-pale-cyan-blue-background-color has-text-color has-background has-link-color wp-elements-f3d5123bb0c8e11604d0c8c7f1ea8be8\"><a href=\"https:\/\/www.estrategiaconcursos.com.br\/blog\/concursos-abertos\/\" target=\"_blank\" >Confira os concursos p\u00fablicos abertos<\/a><\/p>\n\n\n\n<p class=\"has-text-align-center has-white-color has-pale-cyan-blue-background-color has-text-color has-background has-link-color wp-elements-94f2aad2f2b05ea3152ac5320a17d121\"><a href=\"https:\/\/cj.estrategia.com\/portal\/web-stories\/\" target=\"_blank\" >Concursos 2024<\/a><\/p>\n","protected":false},"excerpt":{"rendered":"Contextualiza\u00e7\u00e3o do incidente Em 20 de agosto de 2024, durante uma audi\u00eancia virtual da Justi\u00e7a do Trabalho, a&hellip;\n","protected":false},"author":93,"featured_media":74392,"comment_status":"open","ping_status":"open","sticky":false,"template":"","format":"standard","meta":{"_jetpack_memberships_contains_paid_content":false,"footnotes":""},"categories":[1],"tags":[336,830,831,836,834,833,832,692,837,838,835],"tax_estado":[30,31,32,33,34,35,36,37,38,39,40,41,42,43,44,45,46,47,48,49,50,51,52,53,54,55,56,57],"class_list":{"0":"post-74385","1":"post","2":"type-post","3":"status-publish","4":"format-standard","5":"has-post-thumbnail","7":"category-carreiras-juridicas","8":"tag-analise-juridica","9":"tag-ata-de-audiencia","10":"tag-audiencia-virtual","11":"tag-cleuza-goncalves-lopes","12":"tag-decoro-judicial","13":"tag-discricionariedade-do-juiz","14":"tag-etica-na-magistratura","15":"tag-juiza","16":"tag-justica-do-trabalho","17":"tag-trt-goiania","18":"tag-trt-18","19":"tax_estado-ac","20":"tax_estado-al","21":"tax_estado-am","22":"tax_estado-ap","23":"tax_estado-ba","24":"tax_estado-ce","25":"tax_estado-concursos-federais","26":"tax_estado-df","27":"tax_estado-es","28":"tax_estado-go","29":"tax_estado-ma","30":"tax_estado-mg","31":"tax_estado-ms","32":"tax_estado-mt","33":"tax_estado-pa","34":"tax_estado-pb","35":"tax_estado-pe","36":"tax_estado-pi","37":"tax_estado-pr","38":"tax_estado-rj","39":"tax_estado-rn","40":"tax_estado-ro","41":"tax_estado-rr","42":"tax_estado-rs","43":"tax_estado-sc","44":"tax_estado-se","45":"tax_estado-sp","46":"tax_estado-to"},"acf":[],"yoast_head":"<!-- This site is optimized with the Yoast SEO Premium plugin v27.4 (Yoast SEO v27.4) - https:\/\/yoast.com\/product\/yoast-seo-premium-wordpress\/ -->\n<title>Conduta de ju\u00edza em audi\u00eancia virtual e ata - An\u00e1lise Jur\u00eddica<\/title>\n<meta name=\"description\" content=\"Durante audi\u00eancia virtual uma ju\u00edza do TRT-18 protagonizou um incidente que gerou discuss\u00f5es sobre conduta judicial e \u00e9tica na magistratura.\" \/>\n<meta name=\"robots\" content=\"index, follow, max-snippet:-1, max-image-preview:large, max-video-preview:-1\" \/>\n<link rel=\"canonical\" href=\"https:\/\/cj.estrategia.com\/portal\/conduta-juiza-audiencia-virtual-audiencia\/\" \/>\n<meta property=\"og:locale\" content=\"pt_BR\" \/>\n<meta property=\"og:type\" content=\"article\" \/>\n<meta property=\"og:title\" content=\"Conduta de ju\u00edza em audi\u00eancia virtual trabalhista e ata de audi\u00eancia - An\u00e1lise Jur\u00eddica\" \/>\n<meta property=\"og:description\" content=\"Durante audi\u00eancia virtual uma ju\u00edza do TRT-18 protagonizou um incidente que gerou discuss\u00f5es sobre conduta judicial e \u00e9tica na magistratura.\" \/>\n<meta property=\"og:url\" content=\"https:\/\/cj.estrategia.com\/portal\/conduta-juiza-audiencia-virtual-audiencia\/\" \/>\n<meta property=\"og:site_name\" content=\"Blog - Carreiras Jur\u00eddicas - Estrat\u00e9gia\" \/>\n<meta property=\"article:publisher\" content=\"https:\/\/www.facebook.com\/estrategiacarreirajuridica\/\" \/>\n<meta property=\"article:published_time\" content=\"2024-08-31T17:41:21+00:00\" \/>\n<meta property=\"article:modified_time\" content=\"2024-09-02T01:42:04+00:00\" \/>\n<meta property=\"og:image\" content=\"https:\/\/cj.estrategia.com\/portal\/wp-content\/uploads\/2024\/08\/31142411\/juiza-julgamento-tribunal-magistrada-scaled.jpg\" \/>\n\t<meta property=\"og:image:width\" content=\"2560\" \/>\n\t<meta property=\"og:image:height\" content=\"1707\" \/>\n\t<meta property=\"og:image:type\" content=\"image\/jpeg\" \/>\n<meta name=\"author\" content=\"Felipe Duque\" \/>\n<meta name=\"twitter:card\" content=\"summary_large_image\" \/>\n<meta name=\"twitter:creator\" content=\"@https:\/\/x.com\/ProfessorDuque\" \/>\n<meta name=\"twitter:site\" content=\"@EstratJuridica\" \/>\n<meta name=\"twitter:label1\" content=\"Escrito por\" \/>\n\t<meta name=\"twitter:data1\" content=\"Felipe Duque\" \/>\n\t<meta name=\"twitter:label2\" content=\"Est. tempo de leitura\" \/>\n\t<meta name=\"twitter:data2\" content=\"6 minutos\" \/>\n<script type=\"application\/ld+json\" class=\"yoast-schema-graph\">{\"@context\":\"https:\\\/\\\/schema.org\",\"@graph\":[{\"@type\":\"NewsArticle\",\"@id\":\"https:\\\/\\\/cj.estrategia.com\\\/portal\\\/conduta-juiza-audiencia-virtual-audiencia\\\/#article\",\"isPartOf\":{\"@id\":\"https:\\\/\\\/cj.estrategia.com\\\/portal\\\/conduta-juiza-audiencia-virtual-audiencia\\\/\"},\"author\":{\"name\":\"Felipe Duque\",\"@id\":\"https:\\\/\\\/cj.estrategia.com\\\/portal\\\/#\\\/schema\\\/person\\\/b5b0253b269d7130d1f7770b1ba29285\"},\"headline\":\"Conduta de ju\u00edza em audi\u00eancia virtual trabalhista e ata de audi\u00eancia &#8211; An\u00e1lise Jur\u00eddica\",\"datePublished\":\"2024-08-31T17:41:21+00:00\",\"dateModified\":\"2024-09-02T01:42:04+00:00\",\"mainEntityOfPage\":{\"@id\":\"https:\\\/\\\/cj.estrategia.com\\\/portal\\\/conduta-juiza-audiencia-virtual-audiencia\\\/\"},\"wordCount\":1085,\"commentCount\":0,\"publisher\":{\"@id\":\"https:\\\/\\\/cj.estrategia.com\\\/portal\\\/#organization\"},\"image\":{\"@id\":\"https:\\\/\\\/cj.estrategia.com\\\/portal\\\/conduta-juiza-audiencia-virtual-audiencia\\\/#primaryimage\"},\"thumbnailUrl\":\"https:\\\/\\\/cj.estrategia.com\\\/portal\\\/wp-content\\\/uploads\\\/2024\\\/08\\\/31142411\\\/juiza-julgamento-tribunal-magistrada-scaled.jpg\",\"keywords\":[\"an\u00e1lise jur\u00eddica\",\"ata de audi\u00eancia\",\"audi\u00eancia virtual\",\"Cleuza Gon\u00e7alves Lopes\",\"decoro judicial\",\"discricionariedade do juiz\",\"\u00e9tica na magistratura\",\"ju\u00edza\",\"Justi\u00e7a do Trabalho\",\"TRT Goi\u00e2nia\",\"TRT-18\"],\"articleSection\":[\"Carreiras Jur\u00eddicas\"],\"inLanguage\":\"pt-BR\",\"potentialAction\":[{\"@type\":\"CommentAction\",\"name\":\"Comment\",\"target\":[\"https:\\\/\\\/cj.estrategia.com\\\/portal\\\/conduta-juiza-audiencia-virtual-audiencia\\\/#respond\"]}]},{\"@type\":\"WebPage\",\"@id\":\"https:\\\/\\\/cj.estrategia.com\\\/portal\\\/conduta-juiza-audiencia-virtual-audiencia\\\/\",\"url\":\"https:\\\/\\\/cj.estrategia.com\\\/portal\\\/conduta-juiza-audiencia-virtual-audiencia\\\/\",\"name\":\"Conduta de ju\u00edza em audi\u00eancia virtual e ata - An\u00e1lise Jur\u00eddica\",\"isPartOf\":{\"@id\":\"https:\\\/\\\/cj.estrategia.com\\\/portal\\\/#website\"},\"primaryImageOfPage\":{\"@id\":\"https:\\\/\\\/cj.estrategia.com\\\/portal\\\/conduta-juiza-audiencia-virtual-audiencia\\\/#primaryimage\"},\"image\":{\"@id\":\"https:\\\/\\\/cj.estrategia.com\\\/portal\\\/conduta-juiza-audiencia-virtual-audiencia\\\/#primaryimage\"},\"thumbnailUrl\":\"https:\\\/\\\/cj.estrategia.com\\\/portal\\\/wp-content\\\/uploads\\\/2024\\\/08\\\/31142411\\\/juiza-julgamento-tribunal-magistrada-scaled.jpg\",\"datePublished\":\"2024-08-31T17:41:21+00:00\",\"dateModified\":\"2024-09-02T01:42:04+00:00\",\"description\":\"Durante audi\u00eancia virtual uma ju\u00edza do TRT-18 protagonizou um incidente que gerou discuss\u00f5es sobre conduta judicial e \u00e9tica na magistratura.\",\"breadcrumb\":{\"@id\":\"https:\\\/\\\/cj.estrategia.com\\\/portal\\\/conduta-juiza-audiencia-virtual-audiencia\\\/#breadcrumb\"},\"inLanguage\":\"pt-BR\",\"potentialAction\":[{\"@type\":\"ReadAction\",\"target\":[\"https:\\\/\\\/cj.estrategia.com\\\/portal\\\/conduta-juiza-audiencia-virtual-audiencia\\\/\"]}]},{\"@type\":\"ImageObject\",\"inLanguage\":\"pt-BR\",\"@id\":\"https:\\\/\\\/cj.estrategia.com\\\/portal\\\/conduta-juiza-audiencia-virtual-audiencia\\\/#primaryimage\",\"url\":\"https:\\\/\\\/cj.estrategia.com\\\/portal\\\/wp-content\\\/uploads\\\/2024\\\/08\\\/31142411\\\/juiza-julgamento-tribunal-magistrada-scaled.jpg\",\"contentUrl\":\"https:\\\/\\\/cj.estrategia.com\\\/portal\\\/wp-content\\\/uploads\\\/2024\\\/08\\\/31142411\\\/juiza-julgamento-tribunal-magistrada-scaled.jpg\",\"width\":2560,\"height\":1707},{\"@type\":\"BreadcrumbList\",\"@id\":\"https:\\\/\\\/cj.estrategia.com\\\/portal\\\/conduta-juiza-audiencia-virtual-audiencia\\\/#breadcrumb\",\"itemListElement\":[{\"@type\":\"ListItem\",\"position\":1,\"name\":\"In\u00edcio\",\"item\":\"https:\\\/\\\/cj.estrategia.com\\\/portal\\\/\"},{\"@type\":\"ListItem\",\"position\":2,\"name\":\"Conduta de ju\u00edza em audi\u00eancia virtual trabalhista e ata de audi\u00eancia &#8211; An\u00e1lise Jur\u00eddica\"}]},{\"@type\":\"WebSite\",\"@id\":\"https:\\\/\\\/cj.estrategia.com\\\/portal\\\/#website\",\"url\":\"https:\\\/\\\/cj.estrategia.com\\\/portal\\\/\",\"name\":\"Blog - Carreiras Jur\u00eddicas - Estrat\u00e9gia\",\"description\":\"\",\"publisher\":{\"@id\":\"https:\\\/\\\/cj.estrategia.com\\\/portal\\\/#organization\"},\"potentialAction\":[{\"@type\":\"SearchAction\",\"target\":{\"@type\":\"EntryPoint\",\"urlTemplate\":\"https:\\\/\\\/cj.estrategia.com\\\/portal\\\/?s={search_term_string}\"},\"query-input\":{\"@type\":\"PropertyValueSpecification\",\"valueRequired\":true,\"valueName\":\"search_term_string\"}}],\"inLanguage\":\"pt-BR\"},{\"@type\":\"Organization\",\"@id\":\"https:\\\/\\\/cj.estrategia.com\\\/portal\\\/#organization\",\"name\":\"Estrat\u00e9gia - Carreiras Jur\u00eddicas\",\"url\":\"https:\\\/\\\/cj.estrategia.com\\\/portal\\\/\",\"logo\":{\"@type\":\"ImageObject\",\"inLanguage\":\"pt-BR\",\"@id\":\"https:\\\/\\\/cj.estrategia.com\\\/portal\\\/#\\\/schema\\\/logo\\\/image\\\/\",\"url\":\"https:\\\/\\\/cj.estrategia.com\\\/portal\\\/wp-content\\\/uploads\\\/2022\\\/03\\\/11151052\\\/cj-logo.png\",\"contentUrl\":\"https:\\\/\\\/cj.estrategia.com\\\/portal\\\/wp-content\\\/uploads\\\/2022\\\/03\\\/11151052\\\/cj-logo.png\",\"width\":150,\"height\":39,\"caption\":\"Estrat\u00e9gia - Carreiras Jur\u00eddicas\"},\"image\":{\"@id\":\"https:\\\/\\\/cj.estrategia.com\\\/portal\\\/#\\\/schema\\\/logo\\\/image\\\/\"},\"sameAs\":[\"https:\\\/\\\/www.facebook.com\\\/estrategiacarreirajuridica\\\/\",\"https:\\\/\\\/x.com\\\/EstratJuridica\",\"https:\\\/\\\/www.instagram.com\\\/estrategiacarreirajuridica\\\/\",\"https:\\\/\\\/www.youtube.com\\\/channel\\\/UClbMGuYbj2Mh1m3w144ETWQ\"]},{\"@type\":\"Person\",\"@id\":\"https:\\\/\\\/cj.estrategia.com\\\/portal\\\/#\\\/schema\\\/person\\\/b5b0253b269d7130d1f7770b1ba29285\",\"name\":\"Felipe Duque\",\"image\":{\"@type\":\"ImageObject\",\"inLanguage\":\"pt-BR\",\"@id\":\"https:\\\/\\\/cj.estrategia.com\\\/portal\\\/wp-content\\\/uploads\\\/2024\\\/08\\\/06162009\\\/Captura-de-Tela-2024-08-06-as-16.19.26-96x96.png\",\"url\":\"https:\\\/\\\/cj.estrategia.com\\\/portal\\\/wp-content\\\/uploads\\\/2024\\\/08\\\/06162009\\\/Captura-de-Tela-2024-08-06-as-16.19.26-96x96.png\",\"contentUrl\":\"https:\\\/\\\/cj.estrategia.com\\\/portal\\\/wp-content\\\/uploads\\\/2024\\\/08\\\/06162009\\\/Captura-de-Tela-2024-08-06-as-16.19.26-96x96.png\",\"caption\":\"Felipe Duque\"},\"description\":\"Felipe Duque - Mestre em Direito Pol\u00edtico e Econ\u00f4mico na Mackenzie-SP. Graduado em Direito pela Universidade Cat\u00f3lica de Pernambuco, com conclus\u00e3o pelo regime de Aproveitamento Extraordin\u00e1rio nos Estudos (art. 47, \u00a7 2\u00ba, da Lei n\u00ba 9.394\\\/96). Ex-Assessor de Desembargador no TJPE. Procurador da Fazenda Nacional. Integra voluntariamente a Coordena\u00e7\u00e3o de Assuntos Estrat\u00e9gicos Judiciais da PGFN. Professor do Estrat\u00e9gia Carreira Jur\u00eddica, Estrat\u00e9gia OAB e Buscador Dizer o Direito. Autor do livro \u201cReforma Tribut\u00e1ria Comentada e Esquematizada\u201d, \\\"Manual de Processo Tribut\u00e1rio: Administrativo e Judicial\\\" pela editora Juspodivm Parecerista na Revista de Estudos Jur\u00eddicos do Superior Tribunal de Justi\u00e7a (REJuriSTJ)\",\"sameAs\":[\"http:\\\/\\\/lattes.cnpq.br\\\/5755137268084324\",\"https:\\\/\\\/www.instagram.com\\\/felipe_duque\\\/\",\"https:\\\/\\\/br.linkedin.com\\\/in\\\/felipe-duque-56954638\",\"https:\\\/\\\/x.com\\\/https:\\\/\\\/x.com\\\/ProfessorDuque\",\"https:\\\/\\\/www.youtube.com\\\/@felipeduque-experienciasco5797\"],\"url\":\"https:\\\/\\\/cj.estrategia.com\\\/portal\\\/author\\\/felipe-duque\\\/\"}]}<\/script>\n<!-- \/ Yoast SEO Premium plugin. -->","yoast_head_json":{"title":"Conduta de ju\u00edza em audi\u00eancia virtual e ata - An\u00e1lise Jur\u00eddica","description":"Durante audi\u00eancia virtual uma ju\u00edza do TRT-18 protagonizou um incidente que gerou discuss\u00f5es sobre conduta judicial e \u00e9tica na magistratura.","robots":{"index":"index","follow":"follow","max-snippet":"max-snippet:-1","max-image-preview":"max-image-preview:large","max-video-preview":"max-video-preview:-1"},"canonical":"https:\/\/cj.estrategia.com\/portal\/conduta-juiza-audiencia-virtual-audiencia\/","og_locale":"pt_BR","og_type":"article","og_title":"Conduta de ju\u00edza em audi\u00eancia virtual trabalhista e ata de audi\u00eancia - An\u00e1lise Jur\u00eddica","og_description":"Durante audi\u00eancia virtual uma ju\u00edza do TRT-18 protagonizou um incidente que gerou discuss\u00f5es sobre conduta judicial e \u00e9tica na magistratura.","og_url":"https:\/\/cj.estrategia.com\/portal\/conduta-juiza-audiencia-virtual-audiencia\/","og_site_name":"Blog - Carreiras Jur\u00eddicas - Estrat\u00e9gia","article_publisher":"https:\/\/www.facebook.com\/estrategiacarreirajuridica\/","article_published_time":"2024-08-31T17:41:21+00:00","article_modified_time":"2024-09-02T01:42:04+00:00","og_image":[{"width":2560,"height":1707,"url":"https:\/\/cj.estrategia.com\/portal\/wp-content\/uploads\/2024\/08\/31142411\/juiza-julgamento-tribunal-magistrada-scaled.jpg","type":"image\/jpeg"}],"author":"Felipe Duque","twitter_card":"summary_large_image","twitter_creator":"@https:\/\/x.com\/ProfessorDuque","twitter_site":"@EstratJuridica","twitter_misc":{"Escrito por":"Felipe Duque","Est. tempo de leitura":"6 minutos"},"schema":{"@context":"https:\/\/schema.org","@graph":[{"@type":"NewsArticle","@id":"https:\/\/cj.estrategia.com\/portal\/conduta-juiza-audiencia-virtual-audiencia\/#article","isPartOf":{"@id":"https:\/\/cj.estrategia.com\/portal\/conduta-juiza-audiencia-virtual-audiencia\/"},"author":{"name":"Felipe Duque","@id":"https:\/\/cj.estrategia.com\/portal\/#\/schema\/person\/b5b0253b269d7130d1f7770b1ba29285"},"headline":"Conduta de ju\u00edza em audi\u00eancia virtual trabalhista e ata de audi\u00eancia &#8211; An\u00e1lise Jur\u00eddica","datePublished":"2024-08-31T17:41:21+00:00","dateModified":"2024-09-02T01:42:04+00:00","mainEntityOfPage":{"@id":"https:\/\/cj.estrategia.com\/portal\/conduta-juiza-audiencia-virtual-audiencia\/"},"wordCount":1085,"commentCount":0,"publisher":{"@id":"https:\/\/cj.estrategia.com\/portal\/#organization"},"image":{"@id":"https:\/\/cj.estrategia.com\/portal\/conduta-juiza-audiencia-virtual-audiencia\/#primaryimage"},"thumbnailUrl":"https:\/\/cj.estrategia.com\/portal\/wp-content\/uploads\/2024\/08\/31142411\/juiza-julgamento-tribunal-magistrada-scaled.jpg","keywords":["an\u00e1lise jur\u00eddica","ata de audi\u00eancia","audi\u00eancia virtual","Cleuza Gon\u00e7alves Lopes","decoro judicial","discricionariedade do juiz","\u00e9tica na magistratura","ju\u00edza","Justi\u00e7a do Trabalho","TRT Goi\u00e2nia","TRT-18"],"articleSection":["Carreiras Jur\u00eddicas"],"inLanguage":"pt-BR","potentialAction":[{"@type":"CommentAction","name":"Comment","target":["https:\/\/cj.estrategia.com\/portal\/conduta-juiza-audiencia-virtual-audiencia\/#respond"]}]},{"@type":"WebPage","@id":"https:\/\/cj.estrategia.com\/portal\/conduta-juiza-audiencia-virtual-audiencia\/","url":"https:\/\/cj.estrategia.com\/portal\/conduta-juiza-audiencia-virtual-audiencia\/","name":"Conduta de ju\u00edza em audi\u00eancia virtual e ata - An\u00e1lise Jur\u00eddica","isPartOf":{"@id":"https:\/\/cj.estrategia.com\/portal\/#website"},"primaryImageOfPage":{"@id":"https:\/\/cj.estrategia.com\/portal\/conduta-juiza-audiencia-virtual-audiencia\/#primaryimage"},"image":{"@id":"https:\/\/cj.estrategia.com\/portal\/conduta-juiza-audiencia-virtual-audiencia\/#primaryimage"},"thumbnailUrl":"https:\/\/cj.estrategia.com\/portal\/wp-content\/uploads\/2024\/08\/31142411\/juiza-julgamento-tribunal-magistrada-scaled.jpg","datePublished":"2024-08-31T17:41:21+00:00","dateModified":"2024-09-02T01:42:04+00:00","description":"Durante audi\u00eancia virtual uma ju\u00edza do TRT-18 protagonizou um incidente que gerou discuss\u00f5es sobre conduta judicial e \u00e9tica na magistratura.","breadcrumb":{"@id":"https:\/\/cj.estrategia.com\/portal\/conduta-juiza-audiencia-virtual-audiencia\/#breadcrumb"},"inLanguage":"pt-BR","potentialAction":[{"@type":"ReadAction","target":["https:\/\/cj.estrategia.com\/portal\/conduta-juiza-audiencia-virtual-audiencia\/"]}]},{"@type":"ImageObject","inLanguage":"pt-BR","@id":"https:\/\/cj.estrategia.com\/portal\/conduta-juiza-audiencia-virtual-audiencia\/#primaryimage","url":"https:\/\/cj.estrategia.com\/portal\/wp-content\/uploads\/2024\/08\/31142411\/juiza-julgamento-tribunal-magistrada-scaled.jpg","contentUrl":"https:\/\/cj.estrategia.com\/portal\/wp-content\/uploads\/2024\/08\/31142411\/juiza-julgamento-tribunal-magistrada-scaled.jpg","width":2560,"height":1707},{"@type":"BreadcrumbList","@id":"https:\/\/cj.estrategia.com\/portal\/conduta-juiza-audiencia-virtual-audiencia\/#breadcrumb","itemListElement":[{"@type":"ListItem","position":1,"name":"In\u00edcio","item":"https:\/\/cj.estrategia.com\/portal\/"},{"@type":"ListItem","position":2,"name":"Conduta de ju\u00edza em audi\u00eancia virtual trabalhista e ata de audi\u00eancia &#8211; An\u00e1lise Jur\u00eddica"}]},{"@type":"WebSite","@id":"https:\/\/cj.estrategia.com\/portal\/#website","url":"https:\/\/cj.estrategia.com\/portal\/","name":"Blog - Carreiras Jur\u00eddicas - Estrat\u00e9gia","description":"","publisher":{"@id":"https:\/\/cj.estrategia.com\/portal\/#organization"},"potentialAction":[{"@type":"SearchAction","target":{"@type":"EntryPoint","urlTemplate":"https:\/\/cj.estrategia.com\/portal\/?s={search_term_string}"},"query-input":{"@type":"PropertyValueSpecification","valueRequired":true,"valueName":"search_term_string"}}],"inLanguage":"pt-BR"},{"@type":"Organization","@id":"https:\/\/cj.estrategia.com\/portal\/#organization","name":"Estrat\u00e9gia - Carreiras Jur\u00eddicas","url":"https:\/\/cj.estrategia.com\/portal\/","logo":{"@type":"ImageObject","inLanguage":"pt-BR","@id":"https:\/\/cj.estrategia.com\/portal\/#\/schema\/logo\/image\/","url":"https:\/\/cj.estrategia.com\/portal\/wp-content\/uploads\/2022\/03\/11151052\/cj-logo.png","contentUrl":"https:\/\/cj.estrategia.com\/portal\/wp-content\/uploads\/2022\/03\/11151052\/cj-logo.png","width":150,"height":39,"caption":"Estrat\u00e9gia - Carreiras Jur\u00eddicas"},"image":{"@id":"https:\/\/cj.estrategia.com\/portal\/#\/schema\/logo\/image\/"},"sameAs":["https:\/\/www.facebook.com\/estrategiacarreirajuridica\/","https:\/\/x.com\/EstratJuridica","https:\/\/www.instagram.com\/estrategiacarreirajuridica\/","https:\/\/www.youtube.com\/channel\/UClbMGuYbj2Mh1m3w144ETWQ"]},{"@type":"Person","@id":"https:\/\/cj.estrategia.com\/portal\/#\/schema\/person\/b5b0253b269d7130d1f7770b1ba29285","name":"Felipe Duque","image":{"@type":"ImageObject","inLanguage":"pt-BR","@id":"https:\/\/cj.estrategia.com\/portal\/wp-content\/uploads\/2024\/08\/06162009\/Captura-de-Tela-2024-08-06-as-16.19.26-96x96.png","url":"https:\/\/cj.estrategia.com\/portal\/wp-content\/uploads\/2024\/08\/06162009\/Captura-de-Tela-2024-08-06-as-16.19.26-96x96.png","contentUrl":"https:\/\/cj.estrategia.com\/portal\/wp-content\/uploads\/2024\/08\/06162009\/Captura-de-Tela-2024-08-06-as-16.19.26-96x96.png","caption":"Felipe Duque"},"description":"Felipe Duque - Mestre em Direito Pol\u00edtico e Econ\u00f4mico na Mackenzie-SP. Graduado em Direito pela Universidade Cat\u00f3lica de Pernambuco, com conclus\u00e3o pelo regime de Aproveitamento Extraordin\u00e1rio nos Estudos (art. 47, \u00a7 2\u00ba, da Lei n\u00ba 9.394\/96). Ex-Assessor de Desembargador no TJPE. Procurador da Fazenda Nacional. Integra voluntariamente a Coordena\u00e7\u00e3o de Assuntos Estrat\u00e9gicos Judiciais da PGFN. Professor do Estrat\u00e9gia Carreira Jur\u00eddica, Estrat\u00e9gia OAB e Buscador Dizer o Direito. Autor do livro \u201cReforma Tribut\u00e1ria Comentada e Esquematizada\u201d, \"Manual de Processo Tribut\u00e1rio: Administrativo e Judicial\" pela editora Juspodivm Parecerista na Revista de Estudos Jur\u00eddicos do Superior Tribunal de Justi\u00e7a (REJuriSTJ)","sameAs":["http:\/\/lattes.cnpq.br\/5755137268084324","https:\/\/www.instagram.com\/felipe_duque\/","https:\/\/br.linkedin.com\/in\/felipe-duque-56954638","https:\/\/x.com\/https:\/\/x.com\/ProfessorDuque","https:\/\/www.youtube.com\/@felipeduque-experienciasco5797"],"url":"https:\/\/cj.estrategia.com\/portal\/author\/felipe-duque\/"}]}},"jetpack_featured_media_url":"https:\/\/cj.estrategia.com\/portal\/wp-content\/uploads\/2024\/08\/31142411\/juiza-julgamento-tribunal-magistrada-scaled.jpg","jetpack_sharing_enabled":true,"_links":{"self":[{"href":"https:\/\/cj.estrategia.com\/portal\/wp-json\/wp\/v2\/posts\/74385","targetHints":{"allow":["GET"]}}],"collection":[{"href":"https:\/\/cj.estrategia.com\/portal\/wp-json\/wp\/v2\/posts"}],"about":[{"href":"https:\/\/cj.estrategia.com\/portal\/wp-json\/wp\/v2\/types\/post"}],"author":[{"embeddable":true,"href":"https:\/\/cj.estrategia.com\/portal\/wp-json\/wp\/v2\/users\/93"}],"replies":[{"embeddable":true,"href":"https:\/\/cj.estrategia.com\/portal\/wp-json\/wp\/v2\/comments?post=74385"}],"version-history":[{"count":8,"href":"https:\/\/cj.estrategia.com\/portal\/wp-json\/wp\/v2\/posts\/74385\/revisions"}],"predecessor-version":[{"id":74413,"href":"https:\/\/cj.estrategia.com\/portal\/wp-json\/wp\/v2\/posts\/74385\/revisions\/74413"}],"wp:featuredmedia":[{"embeddable":true,"href":"https:\/\/cj.estrategia.com\/portal\/wp-json\/wp\/v2\/media\/74392"}],"wp:attachment":[{"href":"https:\/\/cj.estrategia.com\/portal\/wp-json\/wp\/v2\/media?parent=74385"}],"wp:term":[{"taxonomy":"category","embeddable":true,"href":"https:\/\/cj.estrategia.com\/portal\/wp-json\/wp\/v2\/categories?post=74385"},{"taxonomy":"post_tag","embeddable":true,"href":"https:\/\/cj.estrategia.com\/portal\/wp-json\/wp\/v2\/tags?post=74385"},{"taxonomy":"tax_estado","embeddable":true,"href":"https:\/\/cj.estrategia.com\/portal\/wp-json\/wp\/v2\/tax_estado?post=74385"}],"curies":[{"name":"wp","href":"https:\/\/api.w.org\/{rel}","templated":true}]}}