{"id":74267,"date":"2024-09-10T17:27:00","date_gmt":"2024-09-10T20:27:00","guid":{"rendered":"https:\/\/cj.estrategia.com\/portal\/?p=74267"},"modified":"2024-09-01T19:22:31","modified_gmt":"2024-09-01T22:22:31","slug":"mutacao-constitucional-v2","status":"publish","type":"post","link":"https:\/\/cj.estrategia.com\/portal\/mutacao-constitucional-v2\/","title":{"rendered":"Muta\u00e7\u00e3o Constitucional"},"content":{"rendered":"\n<p>Hoje, vamos entender o que \u00e9 muta\u00e7\u00e3o constitucional e sua rela\u00e7\u00e3o com o poder constituinte difuso.<\/p>\n\n\n\n<figure class=\"wp-block-image size-large\"><img decoding=\"async\" width=\"1009\" height=\"1024\" src=\"https:\/\/cj.estrategia.com\/portal\/wp-content\/uploads\/2024\/08\/30105200\/poder-constituinte-difuso-1009x1024.jpg\" alt=\"Muta\u00e7\u00e3o Constitucional\" class=\"wp-image-74268\" srcset=\"https:\/\/cj.estrategia.com\/portal\/wp-content\/uploads\/2024\/08\/30105200\/poder-constituinte-difuso-1009x1024.jpg 1009w, https:\/\/cj.estrategia.com\/portal\/wp-content\/uploads\/2024\/08\/30105200\/poder-constituinte-difuso-296x300.jpg 296w, https:\/\/cj.estrategia.com\/portal\/wp-content\/uploads\/2024\/08\/30105200\/poder-constituinte-difuso-768x780.jpg 768w, https:\/\/cj.estrategia.com\/portal\/wp-content\/uploads\/2024\/08\/30105200\/poder-constituinte-difuso-80x80.jpg 80w, https:\/\/cj.estrategia.com\/portal\/wp-content\/uploads\/2024\/08\/30105200\/poder-constituinte-difuso-380x386.jpg 380w, https:\/\/cj.estrategia.com\/portal\/wp-content\/uploads\/2024\/08\/30105200\/poder-constituinte-difuso-800x812.jpg 800w, https:\/\/cj.estrategia.com\/portal\/wp-content\/uploads\/2024\/08\/30105200\/poder-constituinte-difuso-1160x1178.jpg 1160w, https:\/\/cj.estrategia.com\/portal\/wp-content\/uploads\/2024\/08\/30105200\/poder-constituinte-difuso-24x24.jpg 24w, https:\/\/cj.estrategia.com\/portal\/wp-content\/uploads\/2024\/08\/30105200\/poder-constituinte-difuso-48x48.jpg 48w, https:\/\/cj.estrategia.com\/portal\/wp-content\/uploads\/2024\/08\/30105200\/poder-constituinte-difuso-96x96.jpg 96w, https:\/\/cj.estrategia.com\/portal\/wp-content\/uploads\/2024\/08\/30105200\/poder-constituinte-difuso-150x152.jpg 150w, https:\/\/cj.estrategia.com\/portal\/wp-content\/uploads\/2024\/08\/30105200\/poder-constituinte-difuso.jpg 1389w\" sizes=\"(max-width: 1009px) 100vw, 1009px\" \/><\/figure>\n\n\n\n<h2 class=\"wp-block-heading\" id=\"h-poder-constituinte-reformador\"><span id=\"poder-constituinte-reformador\"><strong>Poder Constituinte Reformador<\/strong><\/span><\/h2>\n\n\n\n<p>As constitui\u00e7\u00f5es, \u00e0 luz do neoconstitucionalismo, s\u00e3o formalmente r\u00edgidas e supremas. Elas n\u00e3o apenas servem como normas fundamentais e fontes de princ\u00edpios organizacionais e fundamentais de uma na\u00e7\u00e3o, mas tamb\u00e9m imp\u00f5em limites significativos a seu pr\u00f3prio poder de emenda.<\/p>\n\n\n\n<p>Dessa forma, em regra, para que haja reforma do texto constitucional, devem ser observados os limites procedimentais, materiais e circunstanciais fixados no <a href=\"https:\/\/www.planalto.gov.br\/ccivil_03\/constituicao\/constituicao.htm\">art. 60 da Constitui\u00e7\u00e3o Federal<\/a> ao poder constituinte reformador.<\/p>\n\n\n\n<p>Essa rigidez garante a estabilidade e a continuidade da ordem constitucional, por\u00e9m pode representar um desafio \u00e0 adaptabilidade das constitui\u00e7\u00f5es frente \u00e0s din\u00e2micas mudan\u00e7as pol\u00edticas, sociais e econ\u00f4micas.<\/p>\n\n\n\n<h2 class=\"wp-block-heading\" id=\"h-poder-constituinte-difuso\"><span id=\"poder-constituinte-difuso\"><strong>Poder Constituinte Difuso<\/strong><\/span><\/h2>\n\n\n\n<p>Em resposta \u00e0 necessidade de flexibilidade na altera\u00e7\u00e3o das normas constitucionais, surge o conceito de poder constituinte difuso, que complementa o poder constituinte reformador.<\/p>\n\n\n\n<p>O poder constituinte difuso refere-se \u00e0 capacidade de transforma\u00e7\u00e3o da constitui\u00e7\u00e3o de maneira informal. Esta transforma\u00e7\u00e3o \u00e9 poss\u00edvel atrav\u00e9s da muta\u00e7\u00e3o constitucional, que \u00e9 uma altera\u00e7\u00e3o da constitui\u00e7\u00e3o sem necessidade de reforma formal.<\/p>\n\n\n\n<h2 class=\"wp-block-heading\" id=\"h-mutacao-constitucional\"><span id=\"mutacao-constitucional\"><strong>Muta\u00e7\u00e3o Constitucional<\/strong><\/span><\/h2>\n\n\n\n<p>A muta\u00e7\u00e3o constitucional \u00e9 uma resposta \u00e0 necessidade de equil\u00edbrio entre a rigidez da constitui\u00e7\u00e3o e a plasticidade, fundamental para sua adapta\u00e7\u00e3o cont\u00ednua. A rigidez visa preservar a estabilidade e a seguran\u00e7a jur\u00eddica, enquanto a plasticidade permite que a constitui\u00e7\u00e3o se ajuste \u00e0s novas realidades sem a necessidade de reformas formais e complexas.<\/p>\n\n\n\n<p>Trata-se de um processo informal que modifica o sentido do texto constitucional, mantendo sua reda\u00e7\u00e3o, mas adaptando seu significado conforme as novas exig\u00eancias sociais, econ\u00f4micas e pol\u00edticas.<\/p>\n\n\n\n<p>Esse fen\u00f4meno ocorre por meio de interpreta\u00e7\u00e3o atualizadora, realizada por \u00f3rg\u00e3os estatais, pelo uso dos costumes, pelas pr\u00e1ticas pol\u00edticas e pelas decis\u00f5es judiciais.<\/p>\n\n\n\n<h2 class=\"wp-block-heading\" id=\"h-limites-a-mutacao-constitucional\"><span id=\"limites-a-mutacao-constitucional\"><strong>Limites \u00e0 Muta\u00e7\u00e3o Constitucional<\/strong><\/span><\/h2>\n\n\n\n<p>A muta\u00e7\u00e3o constitucional n\u00e3o \u00e9 ilimitada.<\/p>\n\n\n\n<p>Segundo o jurista Lu\u00eds Roberto Barroso, existem restri\u00e7\u00f5es que garantem que a muta\u00e7\u00e3o n\u00e3o ultrapasse os limites do poder constituinte e, por conseguinte, da soberania popular.<\/p>\n\n\n\n<p>As muta\u00e7\u00f5es devem respeitar as possibilidades sem\u00e2nticas do texto constitucional e os princ\u00edpios fundamentais que definem a identidade da constitui\u00e7\u00e3o. Se essas restri\u00e7\u00f5es forem desrespeitadas, haver\u00e1 a necessidade de recorrer ao poder constituinte reformador ou at\u00e9 mesmo ao poder constituinte origin\u00e1rio.<\/p>\n\n\n\n<h2 class=\"wp-block-heading\" id=\"h-mecanismos-de-atuacao-da-mutacao-constitucional\"><span id=\"mecanismos-de-atuacao-da-mutacao-constitucional\"><strong>Mecanismos de Atua\u00e7\u00e3o da Muta\u00e7\u00e3o Constitucional<\/strong><\/span><\/h2>\n\n\n\n<p>A doutrina identifica tr\u00eas principais mecanismos para a muta\u00e7\u00e3o constitucional, quais sejam:<\/p>\n\n\n\n<h3 class=\"wp-block-heading\" id=\"h-1-interpretacao-constitucional\"><span id=\"1-interpretacao-constitucional\">1. <strong>Interpreta\u00e7\u00e3o Constitucional<\/strong><\/span><\/h3>\n\n\n\n<p>A interpreta\u00e7\u00e3o constitucional \u00e9 a via mais comum de muta\u00e7\u00e3o. Ela \u00e9 realizada por \u00f3rg\u00e3os e agentes p\u00fablicos, com \u00eanfase no papel do Judici\u00e1rio, particularmente do Supremo Tribunal Federal (STF).<\/p>\n\n\n\n<p>A interpreta\u00e7\u00e3o judicial, especialmente, pode criar normas vinculantes e adaptar o entendimento constitucional \u00e0s novas realidades sociais e pol\u00edticas. H\u00e1 duas modalidades de interpreta\u00e7\u00e3o: a construtiva e a evolutiva, ambas desempenhando pap\u00e9is cruciais na atualiza\u00e7\u00e3o da Constitui\u00e7\u00e3o.<\/p>\n\n\n\n<h3 class=\"wp-block-heading\" id=\"h-2-legislacao-infraconstitucional\"><span id=\"2-legislacao-infraconstitucional\"><strong>2. Legisla\u00e7\u00e3o Infraconstitucional<\/strong><\/span><\/h3>\n\n\n\n<p>A cria\u00e7\u00e3o de leis que desenvolvem ou complementam a Constitui\u00e7\u00e3o, embora comum, n\u00e3o necessariamente configura uma muta\u00e7\u00e3o constitucional.<\/p>\n\n\n\n<p>A muta\u00e7\u00e3o ocorre quando uma lei infraconstitucional altera a interpreta\u00e7\u00e3o previamente estabelecida de uma norma constitucional. O legislador deve demonstrar a necessidade de ajustar a interpreta\u00e7\u00e3o jurisprudencial, geralmente quando uma legisla\u00e7\u00e3o infraconstitucional colide com decis\u00f5es judiciais estabelecidas.<\/p>\n\n\n\n<h3 class=\"wp-block-heading\" id=\"h-3-costumes\"><span id=\"3-costumes\"><strong>3. Costumes<\/strong><\/span><\/h3>\n\n\n\n<p>Os costumes tamb\u00e9m podem contribuir para a muta\u00e7\u00e3o constitucional. Estes s\u00e3o pr\u00e1ticas reiteradas e socialmente aceitas, que podem ser categorizadas como interpretativo (<em>secundum legem<\/em>), integrativo (<em>praeter legem<\/em>) e derrogat\u00f3rio (<em>contra legem<\/em>).<\/p>\n\n\n\n<p>Exemplos incluem a pr\u00e1tica de o chefe do Executivo negar aplica\u00e7\u00e3o a leis que considera inconstitucionais ou o voto de lideran\u00e7a nas Casas Legislativas sem submiss\u00e3o a plen\u00e1rio.<\/p>\n\n\n\n<h2 class=\"wp-block-heading\" id=\"h-exemplos-de-mutacao-constitucional\"><span id=\"exemplos-de-mutacao-constitucional\"><strong>Exemplos de Muta\u00e7\u00e3o Constitucional<\/strong><\/span><\/h2>\n\n\n\n<h3 class=\"wp-block-heading\" id=\"h-1-art-52-x-da-constituicao-federal\"><span id=\"1-art-52-x-da-constituicao-federal\">1. <strong>Art. 52, X, da Constitui\u00e7\u00e3o Federal<\/strong><\/span><\/h3>\n\n\n\n<p>Um exemplo significativo de muta\u00e7\u00e3o constitucional \u00e9 a transforma\u00e7\u00e3o na interpreta\u00e7\u00e3o do art. 52, X, da Constitui\u00e7\u00e3o Federal, que trata da jurisdi\u00e7\u00e3o constitucional. Anteriormente, a decis\u00e3o do Senado Federal era necess\u00e1ria para a efic\u00e1cia geral de uma declara\u00e7\u00e3o de inconstitucionalidade pelo STF. Atualmente, o STF pode conferir efic\u00e1cia geral \u00e0s suas pr\u00f3prias decis\u00f5es, aumentando sua autonomia na defesa da Constitui\u00e7\u00e3o.<\/p>\n\n\n\n<p>O papel do Senado, nesse sentido, passou a ser apenas de amplia\u00e7\u00e3o da publicidade da decis\u00e3o do STF em controle difuso.<\/p>\n\n\n\n<h3 class=\"wp-block-heading\" id=\"h-2-foro-por-prerrogativa-de-funcao\"><span id=\"2-foro-por-prerrogativa-de-funcao\"><strong>2. Foro por Prerrogativa de Fun\u00e7\u00e3o<\/strong><\/span><\/h3>\n\n\n\n<p>Outro exemplo \u00e9 a muta\u00e7\u00e3o relativa \u00e0 abrang\u00eancia do foro por prerrogativa de fun\u00e7\u00e3o. Mudan\u00e7as na interpreta\u00e7\u00e3o sobre a compet\u00eancia jurisdicional em casos envolvendo autoridades de alto escal\u00e3o tamb\u00e9m ilustram a adaptabilidade da constitui\u00e7\u00e3o \u00e0s novas exig\u00eancias e contextos.<\/p>\n\n\n\n<h2 class=\"wp-block-heading\" id=\"h-conclusao\"><span id=\"conclusao\"><strong>Conclus\u00e3o<\/strong><\/span><\/h2>\n\n\n\n<p>A muta\u00e7\u00e3o constitucional \u00e9 um mecanismo essencial que permite \u00e0s constitui\u00e7\u00f5es manterem sua relev\u00e2ncia e efic\u00e1cia ao longo do tempo, equilibrando estabilidade e adaptabilidade. No entanto, \u00e9 crucial que esse processo respeite os limites estabelecidos para preservar a identidade e os princ\u00edpios fundamentais da Constitui\u00e7\u00e3o.<\/p>\n\n\n\n<p>A pr\u00e1tica cont\u00ednua de interpreta\u00e7\u00e3o, legisla\u00e7\u00e3o infraconstitucional e costumes desempenha um papel vital na evolu\u00e7\u00e3o do Direito Constitucional e na resposta \u00e0s transforma\u00e7\u00f5es da sociedade contempor\u00e2nea.<\/p>\n\n\n\n<h2 class=\"wp-block-heading has-text-align-center\" id=\"h-quer-saber-tudo-sobre-concursos-previstos-confira-nossos-artigos\"><span id=\"quer-saber-tudo-sobre-concursos-previstos-confira-nossos-artigos\">Quer saber tudo sobre concursos previstos? <br>Confira nossos artigos!<\/span><\/h2>\n\n\n\n<p class=\"has-text-align-center\"><a href=\"https:\/\/cj.estrategia.com\/portal\/concursos-abertos-carreiras-juridicas\/\" target=\"_blank\" >Concursos jur\u00eddicos abertos<\/a> <\/p>\n\n\n\n<p class=\"has-text-align-center\"><a href=\"https:\/\/cj.estrategia.com\/portal\/concursos-2024-carreiras-juridicas\/\" target=\"_blank\" >Concursos jur\u00eddicos 2024<\/a><\/p>\n","protected":false},"excerpt":{"rendered":"Hoje, vamos entender o que \u00e9 muta\u00e7\u00e3o constitucional e sua rela\u00e7\u00e3o com o poder constituinte difuso. Poder Constituinte&hellip;\n","protected":false},"author":47,"featured_media":74270,"comment_status":"open","ping_status":"open","sticky":false,"template":"","format":"standard","meta":{"_jetpack_memberships_contains_paid_content":false,"footnotes":""},"categories":[1],"tags":[],"tax_estado":[36],"class_list":{"0":"post-74267","1":"post","2":"type-post","3":"status-publish","4":"format-standard","5":"has-post-thumbnail","7":"category-carreiras-juridicas","8":"tax_estado-concursos-federais"},"acf":[],"yoast_head":"<!-- This site is optimized with the Yoast SEO Premium plugin v27.4 (Yoast SEO v27.4) - https:\/\/yoast.com\/product\/yoast-seo-premium-wordpress\/ -->\n<title>Muta\u00e7\u00e3o Constitucional<\/title>\n<meta name=\"description\" content=\"Nesse artigo, vamos entender o que \u00e9 muta\u00e7\u00e3o constitucional e sua rela\u00e7\u00e3o com o poder constituinte difuso.\" \/>\n<meta name=\"robots\" content=\"index, follow, max-snippet:-1, max-image-preview:large, max-video-preview:-1\" \/>\n<link rel=\"canonical\" href=\"https:\/\/cj.estrategia.com\/portal\/mutacao-constitucional-v2\/\" \/>\n<meta property=\"og:locale\" content=\"pt_BR\" \/>\n<meta property=\"og:type\" content=\"article\" \/>\n<meta property=\"og:title\" content=\"Muta\u00e7\u00e3o Constitucional\" \/>\n<meta property=\"og:description\" content=\"Nesse artigo, vamos entender o que \u00e9 muta\u00e7\u00e3o constitucional e sua rela\u00e7\u00e3o com o poder constituinte difuso.\" \/>\n<meta property=\"og:url\" content=\"https:\/\/cj.estrategia.com\/portal\/mutacao-constitucional-v2\/\" \/>\n<meta property=\"og:site_name\" content=\"Blog - Carreiras Jur\u00eddicas - Estrat\u00e9gia\" \/>\n<meta property=\"article:publisher\" content=\"https:\/\/www.facebook.com\/estrategiacarreirajuridica\/\" \/>\n<meta property=\"article:published_time\" content=\"2024-09-10T20:27:00+00:00\" \/>\n<meta property=\"og:image\" content=\"https:\/\/cj.estrategia.com\/portal\/wp-content\/uploads\/2024\/08\/30105333\/poder-constituinte-difuso-1.jpg\" \/>\n\t<meta property=\"og:image:width\" content=\"1389\" \/>\n\t<meta property=\"og:image:height\" content=\"1410\" \/>\n\t<meta property=\"og:image:type\" content=\"image\/jpeg\" \/>\n<meta name=\"author\" content=\"Ana Luiza Tiburcio Guimar\u00e3es\" \/>\n<meta name=\"twitter:card\" content=\"summary_large_image\" \/>\n<meta name=\"twitter:creator\" content=\"@EstratJuridica\" \/>\n<meta name=\"twitter:site\" content=\"@EstratJuridica\" \/>\n<meta name=\"twitter:label1\" content=\"Escrito por\" \/>\n\t<meta name=\"twitter:data1\" content=\"Ana Luiza Tiburcio Guimar\u00e3es\" \/>\n\t<meta name=\"twitter:label2\" content=\"Est. tempo de leitura\" \/>\n\t<meta name=\"twitter:data2\" content=\"5 minutos\" \/>\n<script type=\"application\/ld+json\" class=\"yoast-schema-graph\">{\"@context\":\"https:\\\/\\\/schema.org\",\"@graph\":[{\"@type\":\"NewsArticle\",\"@id\":\"https:\\\/\\\/cj.estrategia.com\\\/portal\\\/mutacao-constitucional-v2\\\/#article\",\"isPartOf\":{\"@id\":\"https:\\\/\\\/cj.estrategia.com\\\/portal\\\/mutacao-constitucional-v2\\\/\"},\"author\":{\"name\":\"Ana Luiza Tiburcio Guimar\u00e3es\",\"@id\":\"https:\\\/\\\/cj.estrategia.com\\\/portal\\\/#\\\/schema\\\/person\\\/c3ccc024ac7f9069ad740923e64eabb0\"},\"headline\":\"Muta\u00e7\u00e3o Constitucional\",\"datePublished\":\"2024-09-10T20:27:00+00:00\",\"mainEntityOfPage\":{\"@id\":\"https:\\\/\\\/cj.estrategia.com\\\/portal\\\/mutacao-constitucional-v2\\\/\"},\"wordCount\":905,\"commentCount\":0,\"publisher\":{\"@id\":\"https:\\\/\\\/cj.estrategia.com\\\/portal\\\/#organization\"},\"image\":{\"@id\":\"https:\\\/\\\/cj.estrategia.com\\\/portal\\\/mutacao-constitucional-v2\\\/#primaryimage\"},\"thumbnailUrl\":\"https:\\\/\\\/cj.estrategia.com\\\/portal\\\/wp-content\\\/uploads\\\/2024\\\/08\\\/30105333\\\/poder-constituinte-difuso-1.jpg\",\"articleSection\":[\"Carreiras Jur\u00eddicas\"],\"inLanguage\":\"pt-BR\",\"potentialAction\":[{\"@type\":\"CommentAction\",\"name\":\"Comment\",\"target\":[\"https:\\\/\\\/cj.estrategia.com\\\/portal\\\/mutacao-constitucional-v2\\\/#respond\"]}]},{\"@type\":\"WebPage\",\"@id\":\"https:\\\/\\\/cj.estrategia.com\\\/portal\\\/mutacao-constitucional-v2\\\/\",\"url\":\"https:\\\/\\\/cj.estrategia.com\\\/portal\\\/mutacao-constitucional-v2\\\/\",\"name\":\"Muta\u00e7\u00e3o Constitucional\",\"isPartOf\":{\"@id\":\"https:\\\/\\\/cj.estrategia.com\\\/portal\\\/#website\"},\"primaryImageOfPage\":{\"@id\":\"https:\\\/\\\/cj.estrategia.com\\\/portal\\\/mutacao-constitucional-v2\\\/#primaryimage\"},\"image\":{\"@id\":\"https:\\\/\\\/cj.estrategia.com\\\/portal\\\/mutacao-constitucional-v2\\\/#primaryimage\"},\"thumbnailUrl\":\"https:\\\/\\\/cj.estrategia.com\\\/portal\\\/wp-content\\\/uploads\\\/2024\\\/08\\\/30105333\\\/poder-constituinte-difuso-1.jpg\",\"datePublished\":\"2024-09-10T20:27:00+00:00\",\"description\":\"Nesse artigo, vamos entender o que \u00e9 muta\u00e7\u00e3o constitucional e sua rela\u00e7\u00e3o com o poder constituinte difuso.\",\"breadcrumb\":{\"@id\":\"https:\\\/\\\/cj.estrategia.com\\\/portal\\\/mutacao-constitucional-v2\\\/#breadcrumb\"},\"inLanguage\":\"pt-BR\",\"potentialAction\":[{\"@type\":\"ReadAction\",\"target\":[\"https:\\\/\\\/cj.estrategia.com\\\/portal\\\/mutacao-constitucional-v2\\\/\"]}]},{\"@type\":\"ImageObject\",\"inLanguage\":\"pt-BR\",\"@id\":\"https:\\\/\\\/cj.estrategia.com\\\/portal\\\/mutacao-constitucional-v2\\\/#primaryimage\",\"url\":\"https:\\\/\\\/cj.estrategia.com\\\/portal\\\/wp-content\\\/uploads\\\/2024\\\/08\\\/30105333\\\/poder-constituinte-difuso-1.jpg\",\"contentUrl\":\"https:\\\/\\\/cj.estrategia.com\\\/portal\\\/wp-content\\\/uploads\\\/2024\\\/08\\\/30105333\\\/poder-constituinte-difuso-1.jpg\",\"width\":1389,\"height\":1410,\"caption\":\"Muta\u00e7\u00e3o Constitucional\"},{\"@type\":\"BreadcrumbList\",\"@id\":\"https:\\\/\\\/cj.estrategia.com\\\/portal\\\/mutacao-constitucional-v2\\\/#breadcrumb\",\"itemListElement\":[{\"@type\":\"ListItem\",\"position\":1,\"name\":\"In\u00edcio\",\"item\":\"https:\\\/\\\/cj.estrategia.com\\\/portal\\\/\"},{\"@type\":\"ListItem\",\"position\":2,\"name\":\"Muta\u00e7\u00e3o Constitucional\"}]},{\"@type\":\"WebSite\",\"@id\":\"https:\\\/\\\/cj.estrategia.com\\\/portal\\\/#website\",\"url\":\"https:\\\/\\\/cj.estrategia.com\\\/portal\\\/\",\"name\":\"Blog - Carreiras Jur\u00eddicas - Estrat\u00e9gia\",\"description\":\"\",\"publisher\":{\"@id\":\"https:\\\/\\\/cj.estrategia.com\\\/portal\\\/#organization\"},\"potentialAction\":[{\"@type\":\"SearchAction\",\"target\":{\"@type\":\"EntryPoint\",\"urlTemplate\":\"https:\\\/\\\/cj.estrategia.com\\\/portal\\\/?s={search_term_string}\"},\"query-input\":{\"@type\":\"PropertyValueSpecification\",\"valueRequired\":true,\"valueName\":\"search_term_string\"}}],\"inLanguage\":\"pt-BR\"},{\"@type\":\"Organization\",\"@id\":\"https:\\\/\\\/cj.estrategia.com\\\/portal\\\/#organization\",\"name\":\"Estrat\u00e9gia - Carreiras Jur\u00eddicas\",\"url\":\"https:\\\/\\\/cj.estrategia.com\\\/portal\\\/\",\"logo\":{\"@type\":\"ImageObject\",\"inLanguage\":\"pt-BR\",\"@id\":\"https:\\\/\\\/cj.estrategia.com\\\/portal\\\/#\\\/schema\\\/logo\\\/image\\\/\",\"url\":\"https:\\\/\\\/cj.estrategia.com\\\/portal\\\/wp-content\\\/uploads\\\/2022\\\/03\\\/11151052\\\/cj-logo.png\",\"contentUrl\":\"https:\\\/\\\/cj.estrategia.com\\\/portal\\\/wp-content\\\/uploads\\\/2022\\\/03\\\/11151052\\\/cj-logo.png\",\"width\":150,\"height\":39,\"caption\":\"Estrat\u00e9gia - Carreiras Jur\u00eddicas\"},\"image\":{\"@id\":\"https:\\\/\\\/cj.estrategia.com\\\/portal\\\/#\\\/schema\\\/logo\\\/image\\\/\"},\"sameAs\":[\"https:\\\/\\\/www.facebook.com\\\/estrategiacarreirajuridica\\\/\",\"https:\\\/\\\/x.com\\\/EstratJuridica\",\"https:\\\/\\\/www.instagram.com\\\/estrategiacarreirajuridica\\\/\",\"https:\\\/\\\/www.youtube.com\\\/channel\\\/UClbMGuYbj2Mh1m3w144ETWQ\"]},{\"@type\":\"Person\",\"@id\":\"https:\\\/\\\/cj.estrategia.com\\\/portal\\\/#\\\/schema\\\/person\\\/c3ccc024ac7f9069ad740923e64eabb0\",\"name\":\"Ana Luiza Tiburcio Guimar\u00e3es\",\"image\":{\"@type\":\"ImageObject\",\"inLanguage\":\"pt-BR\",\"@id\":\"https:\\\/\\\/secure.gravatar.com\\\/avatar\\\/d0e9fa767d159d6bdb59324855854ef2672e0774dce8705b1c42c80a5b4de7b8?s=96&d=mm&r=g\",\"url\":\"https:\\\/\\\/secure.gravatar.com\\\/avatar\\\/d0e9fa767d159d6bdb59324855854ef2672e0774dce8705b1c42c80a5b4de7b8?s=96&d=mm&r=g\",\"contentUrl\":\"https:\\\/\\\/secure.gravatar.com\\\/avatar\\\/d0e9fa767d159d6bdb59324855854ef2672e0774dce8705b1c42c80a5b4de7b8?s=96&d=mm&r=g\",\"caption\":\"Ana Luiza Tiburcio Guimar\u00e3es\"},\"url\":\"https:\\\/\\\/cj.estrategia.com\\\/portal\\\/author\\\/anatiburcio-g\\\/\"}]}<\/script>\n<!-- \/ Yoast SEO Premium plugin. -->","yoast_head_json":{"title":"Muta\u00e7\u00e3o Constitucional","description":"Nesse artigo, vamos entender o que \u00e9 muta\u00e7\u00e3o constitucional e sua rela\u00e7\u00e3o com o poder constituinte difuso.","robots":{"index":"index","follow":"follow","max-snippet":"max-snippet:-1","max-image-preview":"max-image-preview:large","max-video-preview":"max-video-preview:-1"},"canonical":"https:\/\/cj.estrategia.com\/portal\/mutacao-constitucional-v2\/","og_locale":"pt_BR","og_type":"article","og_title":"Muta\u00e7\u00e3o Constitucional","og_description":"Nesse artigo, vamos entender o que \u00e9 muta\u00e7\u00e3o constitucional e sua rela\u00e7\u00e3o com o poder constituinte difuso.","og_url":"https:\/\/cj.estrategia.com\/portal\/mutacao-constitucional-v2\/","og_site_name":"Blog - Carreiras Jur\u00eddicas - Estrat\u00e9gia","article_publisher":"https:\/\/www.facebook.com\/estrategiacarreirajuridica\/","article_published_time":"2024-09-10T20:27:00+00:00","og_image":[{"width":1389,"height":1410,"url":"https:\/\/cj.estrategia.com\/portal\/wp-content\/uploads\/2024\/08\/30105333\/poder-constituinte-difuso-1.jpg","type":"image\/jpeg"}],"author":"Ana Luiza Tiburcio Guimar\u00e3es","twitter_card":"summary_large_image","twitter_creator":"@EstratJuridica","twitter_site":"@EstratJuridica","twitter_misc":{"Escrito por":"Ana Luiza Tiburcio Guimar\u00e3es","Est. tempo de leitura":"5 minutos"},"schema":{"@context":"https:\/\/schema.org","@graph":[{"@type":"NewsArticle","@id":"https:\/\/cj.estrategia.com\/portal\/mutacao-constitucional-v2\/#article","isPartOf":{"@id":"https:\/\/cj.estrategia.com\/portal\/mutacao-constitucional-v2\/"},"author":{"name":"Ana Luiza Tiburcio Guimar\u00e3es","@id":"https:\/\/cj.estrategia.com\/portal\/#\/schema\/person\/c3ccc024ac7f9069ad740923e64eabb0"},"headline":"Muta\u00e7\u00e3o Constitucional","datePublished":"2024-09-10T20:27:00+00:00","mainEntityOfPage":{"@id":"https:\/\/cj.estrategia.com\/portal\/mutacao-constitucional-v2\/"},"wordCount":905,"commentCount":0,"publisher":{"@id":"https:\/\/cj.estrategia.com\/portal\/#organization"},"image":{"@id":"https:\/\/cj.estrategia.com\/portal\/mutacao-constitucional-v2\/#primaryimage"},"thumbnailUrl":"https:\/\/cj.estrategia.com\/portal\/wp-content\/uploads\/2024\/08\/30105333\/poder-constituinte-difuso-1.jpg","articleSection":["Carreiras Jur\u00eddicas"],"inLanguage":"pt-BR","potentialAction":[{"@type":"CommentAction","name":"Comment","target":["https:\/\/cj.estrategia.com\/portal\/mutacao-constitucional-v2\/#respond"]}]},{"@type":"WebPage","@id":"https:\/\/cj.estrategia.com\/portal\/mutacao-constitucional-v2\/","url":"https:\/\/cj.estrategia.com\/portal\/mutacao-constitucional-v2\/","name":"Muta\u00e7\u00e3o Constitucional","isPartOf":{"@id":"https:\/\/cj.estrategia.com\/portal\/#website"},"primaryImageOfPage":{"@id":"https:\/\/cj.estrategia.com\/portal\/mutacao-constitucional-v2\/#primaryimage"},"image":{"@id":"https:\/\/cj.estrategia.com\/portal\/mutacao-constitucional-v2\/#primaryimage"},"thumbnailUrl":"https:\/\/cj.estrategia.com\/portal\/wp-content\/uploads\/2024\/08\/30105333\/poder-constituinte-difuso-1.jpg","datePublished":"2024-09-10T20:27:00+00:00","description":"Nesse artigo, vamos entender o que \u00e9 muta\u00e7\u00e3o constitucional e sua rela\u00e7\u00e3o com o poder constituinte difuso.","breadcrumb":{"@id":"https:\/\/cj.estrategia.com\/portal\/mutacao-constitucional-v2\/#breadcrumb"},"inLanguage":"pt-BR","potentialAction":[{"@type":"ReadAction","target":["https:\/\/cj.estrategia.com\/portal\/mutacao-constitucional-v2\/"]}]},{"@type":"ImageObject","inLanguage":"pt-BR","@id":"https:\/\/cj.estrategia.com\/portal\/mutacao-constitucional-v2\/#primaryimage","url":"https:\/\/cj.estrategia.com\/portal\/wp-content\/uploads\/2024\/08\/30105333\/poder-constituinte-difuso-1.jpg","contentUrl":"https:\/\/cj.estrategia.com\/portal\/wp-content\/uploads\/2024\/08\/30105333\/poder-constituinte-difuso-1.jpg","width":1389,"height":1410,"caption":"Muta\u00e7\u00e3o Constitucional"},{"@type":"BreadcrumbList","@id":"https:\/\/cj.estrategia.com\/portal\/mutacao-constitucional-v2\/#breadcrumb","itemListElement":[{"@type":"ListItem","position":1,"name":"In\u00edcio","item":"https:\/\/cj.estrategia.com\/portal\/"},{"@type":"ListItem","position":2,"name":"Muta\u00e7\u00e3o Constitucional"}]},{"@type":"WebSite","@id":"https:\/\/cj.estrategia.com\/portal\/#website","url":"https:\/\/cj.estrategia.com\/portal\/","name":"Blog - Carreiras Jur\u00eddicas - Estrat\u00e9gia","description":"","publisher":{"@id":"https:\/\/cj.estrategia.com\/portal\/#organization"},"potentialAction":[{"@type":"SearchAction","target":{"@type":"EntryPoint","urlTemplate":"https:\/\/cj.estrategia.com\/portal\/?s={search_term_string}"},"query-input":{"@type":"PropertyValueSpecification","valueRequired":true,"valueName":"search_term_string"}}],"inLanguage":"pt-BR"},{"@type":"Organization","@id":"https:\/\/cj.estrategia.com\/portal\/#organization","name":"Estrat\u00e9gia - Carreiras Jur\u00eddicas","url":"https:\/\/cj.estrategia.com\/portal\/","logo":{"@type":"ImageObject","inLanguage":"pt-BR","@id":"https:\/\/cj.estrategia.com\/portal\/#\/schema\/logo\/image\/","url":"https:\/\/cj.estrategia.com\/portal\/wp-content\/uploads\/2022\/03\/11151052\/cj-logo.png","contentUrl":"https:\/\/cj.estrategia.com\/portal\/wp-content\/uploads\/2022\/03\/11151052\/cj-logo.png","width":150,"height":39,"caption":"Estrat\u00e9gia - Carreiras Jur\u00eddicas"},"image":{"@id":"https:\/\/cj.estrategia.com\/portal\/#\/schema\/logo\/image\/"},"sameAs":["https:\/\/www.facebook.com\/estrategiacarreirajuridica\/","https:\/\/x.com\/EstratJuridica","https:\/\/www.instagram.com\/estrategiacarreirajuridica\/","https:\/\/www.youtube.com\/channel\/UClbMGuYbj2Mh1m3w144ETWQ"]},{"@type":"Person","@id":"https:\/\/cj.estrategia.com\/portal\/#\/schema\/person\/c3ccc024ac7f9069ad740923e64eabb0","name":"Ana Luiza Tiburcio Guimar\u00e3es","image":{"@type":"ImageObject","inLanguage":"pt-BR","@id":"https:\/\/secure.gravatar.com\/avatar\/d0e9fa767d159d6bdb59324855854ef2672e0774dce8705b1c42c80a5b4de7b8?s=96&d=mm&r=g","url":"https:\/\/secure.gravatar.com\/avatar\/d0e9fa767d159d6bdb59324855854ef2672e0774dce8705b1c42c80a5b4de7b8?s=96&d=mm&r=g","contentUrl":"https:\/\/secure.gravatar.com\/avatar\/d0e9fa767d159d6bdb59324855854ef2672e0774dce8705b1c42c80a5b4de7b8?s=96&d=mm&r=g","caption":"Ana Luiza Tiburcio Guimar\u00e3es"},"url":"https:\/\/cj.estrategia.com\/portal\/author\/anatiburcio-g\/"}]}},"jetpack_featured_media_url":"https:\/\/cj.estrategia.com\/portal\/wp-content\/uploads\/2024\/08\/30105333\/poder-constituinte-difuso-1.jpg","jetpack_sharing_enabled":true,"_links":{"self":[{"href":"https:\/\/cj.estrategia.com\/portal\/wp-json\/wp\/v2\/posts\/74267","targetHints":{"allow":["GET"]}}],"collection":[{"href":"https:\/\/cj.estrategia.com\/portal\/wp-json\/wp\/v2\/posts"}],"about":[{"href":"https:\/\/cj.estrategia.com\/portal\/wp-json\/wp\/v2\/types\/post"}],"author":[{"embeddable":true,"href":"https:\/\/cj.estrategia.com\/portal\/wp-json\/wp\/v2\/users\/47"}],"replies":[{"embeddable":true,"href":"https:\/\/cj.estrategia.com\/portal\/wp-json\/wp\/v2\/comments?post=74267"}],"version-history":[{"count":1,"href":"https:\/\/cj.estrategia.com\/portal\/wp-json\/wp\/v2\/posts\/74267\/revisions"}],"predecessor-version":[{"id":74272,"href":"https:\/\/cj.estrategia.com\/portal\/wp-json\/wp\/v2\/posts\/74267\/revisions\/74272"}],"wp:featuredmedia":[{"embeddable":true,"href":"https:\/\/cj.estrategia.com\/portal\/wp-json\/wp\/v2\/media\/74270"}],"wp:attachment":[{"href":"https:\/\/cj.estrategia.com\/portal\/wp-json\/wp\/v2\/media?parent=74267"}],"wp:term":[{"taxonomy":"category","embeddable":true,"href":"https:\/\/cj.estrategia.com\/portal\/wp-json\/wp\/v2\/categories?post=74267"},{"taxonomy":"post_tag","embeddable":true,"href":"https:\/\/cj.estrategia.com\/portal\/wp-json\/wp\/v2\/tags?post=74267"},{"taxonomy":"tax_estado","embeddable":true,"href":"https:\/\/cj.estrategia.com\/portal\/wp-json\/wp\/v2\/tax_estado?post=74267"}],"curies":[{"name":"wp","href":"https:\/\/api.w.org\/{rel}","templated":true}]}}