{"id":74199,"date":"2024-10-14T08:13:00","date_gmt":"2024-10-14T11:13:00","guid":{"rendered":"https:\/\/cj.estrategia.com\/portal\/?p=74199"},"modified":"2024-09-01T22:41:09","modified_gmt":"2024-09-02T01:41:09","slug":"interrupcao-servicos-publicos","status":"publish","type":"post","link":"https:\/\/cj.estrategia.com\/portal\/interrupcao-servicos-publicos\/","title":{"rendered":"Interrup\u00e7\u00e3o de Servi\u00e7os P\u00fablicos"},"content":{"rendered":"\n<p>Conhe\u00e7a, nesse artigo, as hip\u00f3teses legais e os entendimentos jurisprudenciais acerca da interrup\u00e7\u00e3o de servi\u00e7os p\u00fablicos.<\/p>\n\n\n\n<figure class=\"wp-block-image size-full\"><img decoding=\"async\" width=\"560\" height=\"374\" src=\"https:\/\/cj.estrategia.com\/portal\/wp-content\/uploads\/2024\/08\/29215653\/CORTE-AGUA-E-LUZ.webp\" alt=\"Interrup\u00e7\u00e3o de Servi\u00e7os P\u00fablicos\" class=\"wp-image-74202\" srcset=\"https:\/\/cj.estrategia.com\/portal\/wp-content\/uploads\/2024\/08\/29215653\/CORTE-AGUA-E-LUZ.webp 560w, https:\/\/cj.estrategia.com\/portal\/wp-content\/uploads\/2024\/08\/29215653\/CORTE-AGUA-E-LUZ-300x200.webp 300w, https:\/\/cj.estrategia.com\/portal\/wp-content\/uploads\/2024\/08\/29215653\/CORTE-AGUA-E-LUZ-380x254.webp 380w, https:\/\/cj.estrategia.com\/portal\/wp-content\/uploads\/2024\/08\/29215653\/CORTE-AGUA-E-LUZ-150x100.webp 150w\" sizes=\"(max-width: 560px) 100vw, 560px\" \/><\/figure>\n\n\n\n<h2 class=\"wp-block-heading\" id=\"h-principio-da-continuidade\"><span id=\"principio-da-continuidade\"><strong>Princ\u00edpio da continuidade<\/strong><\/span><\/h2>\n\n\n\n<p>Os servi\u00e7os p\u00fablicos s\u00e3o atividades essenciais \u00e0 coletividade. Os servi\u00e7os p\u00fablicos prestados sob regime de concess\u00e3o t\u00eam como pressuposto constitucional (art. 170, IV da CF\/88) a sua presta\u00e7\u00e3o adequada, o que envolve sua presta\u00e7\u00e3o de forma cont\u00ednua. Trata-se do princ\u00edpio da continuidade dos servi\u00e7os p\u00fablicos, expressamente previsto na lei n\u00ba 8.987\/95, segundo o qual os servi\u00e7os p\u00fablicos n\u00e3o podem ser interrompidos ou suspensos, salvo exce\u00e7\u00f5es legais:<\/p>\n\n\n\n<p class=\"has-light-green-cyan-background-color has-background\"><em>Art. 6\u00ba Toda concess\u00e3o ou permiss\u00e3o pressup\u00f5e a presta\u00e7\u00e3o de servi\u00e7o adequado ao pleno atendimento dos usu\u00e1rios, conforme estabelecido nesta Lei, nas normas pertinentes e no respectivo contrato.<\/em><\/p>\n\n\n\n<p class=\"has-light-green-cyan-background-color has-background\"><em>\u00a7 1\u00ba <strong>Servi\u00e7o adequado<\/strong> \u00e9 o que satisfaz as condi\u00e7\u00f5es de regularidade,&nbsp;<strong>continuidade<\/strong>, efici\u00eancia, seguran\u00e7a, atualidade, generalidade, cortesia na sua presta\u00e7\u00e3o e modicidade das tarifas.<\/em><\/p>\n\n\n\n<p class=\"has-light-green-cyan-background-color has-background\"><em>(&#8230;)<\/em><\/p>\n\n\n\n<p class=\"has-light-green-cyan-background-color has-background\"><em>3<u><sup>o<\/sup><\/u>&nbsp;N\u00e3o se caracteriza como descontinuidade do servi\u00e7o a sua interrup\u00e7\u00e3o em <strong><u>emerg\u00eancia<\/u> <\/strong>ou<strong> <u>ap\u00f3s pr\u00e9vio aviso<\/u><\/strong>, quando:<\/em><\/p>\n\n\n\n<p class=\"has-light-green-cyan-background-color has-background\"><em>I &#8211; motivada por raz\u00f5es de <u>ordem t\u00e9cnica ou de seguran\u00e7a das instala\u00e7\u00f5es<\/u>; e,<\/em><\/p>\n\n\n\n<p class=\"has-light-green-cyan-background-color has-background\"><em>II &#8211; por <u>inadimplemento do usu\u00e1rio, considerado o interesse da coletividade<\/u>.<\/em><\/p>\n\n\n\n<p class=\"has-light-green-cyan-background-color has-background\"><em>\u00a7 4\u00ba &nbsp;A interrup\u00e7\u00e3o do servi\u00e7o na hip\u00f3tese prevista no inciso II do \u00a7 3\u00ba deste <u>artigo n\u00e3o poder\u00e1 iniciar-se na sexta-feira, no s\u00e1bado ou no domingo, nem em feriado ou no dia anterior a feriado<\/u>.&nbsp;<a href=\"https:\/\/www.planalto.gov.br\/ccivil_03\/_Ato2019-2022\/2020\/Lei\/L14015.htm#art3\">(Inclu\u00eddo pela Lei n\u00ba 14.015, de 2020)<\/a><\/em><\/p>\n\n\n\n<h2 class=\"wp-block-heading\" id=\"h-hipoteses-legais-de-interrupcao-do-servico-publico\"><span id=\"hipoteses-legais-de-interrupcao-do-servico-publico\"><strong>Hip\u00f3teses legais de interrup\u00e7\u00e3o do servi\u00e7o p\u00fablico<\/strong><\/span><\/h2>\n\n\n\n<p>De acordo com o dispositivo legal colado acima<strong>, a interrup\u00e7\u00e3o n\u00e3o se caracteriza como descontinuidade<\/strong> do servi\u00e7o nas seguintes situa\u00e7\u00f5es:<\/p>\n\n\n\n<ol class=\"wp-block-list\">\n<li><strong>Emerg\u00eancia <\/strong>ou<\/li>\n\n\n\n<li>Em <strong>situa\u00e7\u00f5es normais<\/strong>, ap\u00f3s <strong>aviso pr\u00e9vio <\/strong>(que dever\u00e1 informar o dia exato do desligamento e deve ocorrer em hor\u00e1rio comercial &#8211; <em>Lei n\u00ba 13.460\/2017<\/em>)<strong>:<\/strong><\/li>\n\n\n\n<li>Por raz\u00f5es de <strong>ordem t\u00e9cnica<\/strong> ou de <strong>seguran\u00e7a das instala\u00e7\u00f5es;<\/strong><\/li>\n\n\n\n<li>Por <strong>inadimplemento do usu\u00e1rio<\/strong>, considerado o interesse da coletividade (o corte tem a finalidade de garantir a continuidade do servi\u00e7o p\u00fablico, tendo em vista que a manuten\u00e7\u00e3o do servi\u00e7o em favor dos inadimplentes pode ensejar a inviabilidade econ\u00f4mica de manuten\u00e7\u00e3o da atividade em favor de toda a coletividade).<\/li>\n<\/ol>\n\n\n\n<p>Obs.: o corte por inadimplemento n\u00e3o poder\u00e1 iniciar-se na sexta feira, no s\u00e1bado ou no domingo, nem em feriado ou no dia anterior a feriado.<\/p>\n\n\n\n<h3 class=\"wp-block-heading\" id=\"h-aviso-previo\"><span id=\"aviso-previo\"><strong>Aviso pr\u00e9vio<\/strong><\/span><\/h3>\n\n\n\n<p>Segundo o STJ, o aviso pr\u00e9vio pode ser realizado por meio de emissora de r\u00e1dio:<\/p>\n\n\n\n<p class=\"has-cyan-bluish-gray-background-color has-background\"><em>O STJ decidiu ainda que a <u>divulga\u00e7\u00e3o da suspens\u00e3o no fornecimento de servi\u00e7o de energia el\u00e9trica por meio de emissoras de r\u00e1dio, dias antes da interrup\u00e7\u00e3o, satisfaz a exig\u00eancia de aviso pr\u00e9vio<\/u>, prevista no art. 6\u00ba, \u00a7 3\u00ba, da Lei n\u00ba 8.987\/95 (REsp 1.270.339-SC).<\/em><\/p>\n\n\n\n<h3 class=\"wp-block-heading\" id=\"h-taxa-de-religacao\"><span id=\"taxa-de-religacao\"><strong>Taxa de religa\u00e7\u00e3o<\/strong><\/span><\/h3>\n\n\n\n<p>Caso o consumidor queira regularizar a situa\u00e7\u00e3o e pagar as contas em atraso, a concession\u00e1ria poder\u00e1 <strong>cobrar uma taxa de religa\u00e7\u00e3o do servi\u00e7o<\/strong>. Essa taxa de religa\u00e7\u00e3o, contudo, n\u00e3o ser\u00e1 devida se a concession\u00e1ria cortou o servi\u00e7o sem pr\u00e9via notifica\u00e7\u00e3o <em>(Lei n\u00ba 13.460\/2017).<\/em><\/p>\n\n\n\n<h2 class=\"wp-block-heading\" id=\"h-interrupcao-de-servico-publico-em-virtude-do-inadimplemento-do-consumidor\"><span id=\"interrupcao-de-servico-publico-em-virtude-do-inadimplemento-do-consumidor\"><strong>Interrup\u00e7\u00e3o de servi\u00e7o p\u00fablico em virtude do inadimplemento do consumidor<\/strong><\/span><\/h2>\n\n\n\n<p>Vamos tratar, a partir de agora, apenas das situa\u00e7\u00f5es que envolvem a interrup\u00e7\u00e3o do servi\u00e7o p\u00fablico em virtude do inadimplemento do consumidor, j\u00e1 que h\u00e1 vasta jurisprud\u00eancia sobre o tema.<\/p>\n\n\n\n<p>O STJ tem julgados que reconhecem a legitimidade da interrup\u00e7\u00e3o do fornecimento de energia el\u00e9trica em virtude do inadimplemento do consumidor:<\/p>\n\n\n\n<p class=\"has-cyan-bluish-gray-background-color has-background\"><em>\u00c9 leg\u00edtima a interrup\u00e7\u00e3o do fornecimento de energia el\u00e9trica por raz\u00f5es de ordem t\u00e9cnica, de seguran\u00e7a das instala\u00e7\u00f5es, ou ainda, em virtude do inadimplemento do usu\u00e1rio, quando houver o devido aviso pr\u00e9vio pela concession\u00e1ria sobre o poss\u00edvel corte no fornecimento do servi\u00e7o. STJ. 1\u00aa Turma. REsp 1270339\/SC, Rel. Min. Gurgel de Faria, julgado em 15\/12\/2016<\/em><\/p>\n\n\n\n<p>Os crit\u00e9rios autorizadores variam de acordo com a natureza da d\u00edvida:<\/p>\n\n\n\n<h3 class=\"wp-block-heading\" id=\"h-1-debitos-decorrentes-do-consumo-regular-atraso-de-pagamento\"><span id=\"1-debitos-decorrentes-do-consumo-regular-atraso-de-pagamento\">1. <strong><u>D\u00e9bitos decorrentes do consumo regular (atraso de pagamento<\/u>)<\/strong><\/span><\/h3>\n\n\n\n<p>\u00c9 permitido o corte da energia el\u00e9trica do consumidor quando se tratar de inadimplemento de conta regular, relativa ao <strong>m\u00eas do consumo<\/strong>. Para isso, no entanto, antes de fazer o corte, a concession\u00e1ria \u00e9 obrigada a <strong>comunicar o consumidor.<\/strong><\/p>\n\n\n\n<p>Segundo o Superior Tribunal de Justi\u00e7a, \u00e9 <strong><u>ileg\u00edtimo<\/u><\/strong> o corte no fornecimento de servi\u00e7os p\u00fablicos essenciais quando a inadimpl\u00eancia do consumidor decorrer de <strong>d\u00e9bitos pret\u00e9ritos<\/strong>;<\/p>\n\n\n\n<p>Se o d\u00e9bito \u00e9 antigo (ex: estamos em dezembro\/2024) e a d\u00edvida \u00e9 de janeiro\/2024, a concession\u00e1ria dever\u00e1 buscar a satisfa\u00e7\u00e3o de seu cr\u00e9dito pelas chamadas \u201cvias ordin\u00e1rias de cobran\u00e7a\u201d (ex: protestar o d\u00e9bito, inscrever nos cadastros restritivos, propor a\u00e7\u00e3o de cobran\u00e7a etc.)<\/p>\n\n\n\n<p class=\"has-cyan-bluish-gray-background-color has-background\"><em>O corte de servi\u00e7os essenciais, tais como \u00e1gua e energia el\u00e9trica, pressup\u00f5e o inadimplemento de conta regular, sendo invi\u00e1vel, portanto, a suspens\u00e3o do abastecimento em raz\u00e3o de d\u00e9bitos antigos. STJ. 1\u00aa Turma.AgRg no Ag 1320867\/RJ, Rel. Min. Regina Helena Costa, julgado em 08\/06\/2017.<\/em><\/p>\n\n\n\n<h3 class=\"wp-block-heading\" id=\"h-2-debitos-relacionados-com-recuperacao-de-consumo-por-responsabilidade-da-concessionaria\"><span id=\"2-debitos-relacionados-com-recuperacao-de-consumo-por-responsabilidade-da-concessionaria\">2. <strong><u>D\u00e9bitos relacionados com recupera\u00e7\u00e3o de consumo por responsabilidade da concession\u00e1ria<\/u><\/strong><\/span><\/h3>\n\n\n\n<p>Recupera\u00e7\u00e3o de consumo n\u00e3o faturado significa que uma determinada quantidade de energia el\u00e9trica que foi fornecida e utilizada pelo consumidor, mas que, apesar disso, n\u00e3o foi registrada corretamente. Ex.: imaginemos que, em maio\/2024, o consumidor utilizou 150 kWh\/m\u00eas, mas o medidor, por uma falha t\u00e9cnica, s\u00f3 registrou 50kWh\/m\u00eas<\/p>\n\n\n\n<p>Nesse caso, existe um faturamento lan\u00e7ado a menor, em decorr\u00eancia de defici\u00eancia nos equipamentos de medi\u00e7\u00e3o.<\/p>\n\n\n\n<p>O STJ entende que n\u00e3o \u00e9 poss\u00edvel o corte do servi\u00e7o. A concession\u00e1ria dever\u00e1 exigir os seus cr\u00e9ditos pelas \u201cvias ordin\u00e1rias de cobran\u00e7a\u201d:<\/p>\n\n\n\n<p class=\"has-cyan-bluish-gray-background-color has-background\"><em>\u00c9 ileg\u00edtima a suspens\u00e3o de fornecimento de energia el\u00e9trica por d\u00edvida pret\u00e9rita, a t\u00edtulo de recupera\u00e7\u00e3o de consumo, devendo o valor ser cobrado pelas vias ordin\u00e1rias. STJ. 1\u00aa Turma. EDcl no REsp 1339514\/MG, Rel. Min. S\u00e9rgio Kukina, DJe 05\/03\/2013<\/em><\/p>\n\n\n\n<h3 class=\"wp-block-heading\" id=\"h-3-debitos-relacionados-com-recuperacao-de-consumo-por-responsabilidade-atribuivel-ao-consumidor-fraude-do-medidor\"><span id=\"3-debitos-relacionados-com-recuperacao-de-consumo-por-responsabilidade-atribuivel-ao-consumidor-fraude-do-medidor\">3. <strong><u>D\u00e9bitos relacionados com recupera\u00e7\u00e3o de consumo por responsabilidade atribu\u00edvel ao consumidor <\/u><\/strong><u>(fraude do medidor<\/u>)<\/span><\/h3>\n\n\n\n<p>\u00c9 poss\u00edvel o corte desde que respeitados os seguintes requisitos:<\/p>\n\n\n\n<ol class=\"wp-block-list\" style=\"list-style-type:lower-alpha\">\n<li><strong>Contradit\u00f3rio<\/strong>: a responsabilidade do consumidor pela fraude dever\u00e1 ser devidamente apurada, conforme procedimento estipulado pela ANEEL (ag\u00eancia reguladora), assegurando-se ampla defesa e contradit\u00f3rio. Em outras palavras, a suposta fraude no medidor de consumo de energia n\u00e3o poder\u00e1 ser apurada unilateralmente pela concession\u00e1ria;<\/li>\n\n\n\n<li><strong><\/strong><strong>Aviso pr\u00e9vio<\/strong> ao consumidor;<\/li>\n\n\n\n<li><strong>Cobran\u00e7a retroativa dos \u00faltimos 90 dias:<\/strong> a suspens\u00e3o administrativa do fornecimento do servi\u00e7o deve ser possibilitada quando n\u00e3o forem pagos d\u00e9bitos relativos aos \u00faltimos 90 dias da apura\u00e7\u00e3o da fraude, sem preju\u00edzo do uso das vias judiciais ordin\u00e1rias de cobran\u00e7a. Isso porque o reconhecimento da possibilidade de corte do servi\u00e7o de energia el\u00e9trica pelas concession\u00e1rias deve ter limite temporal de apura\u00e7\u00e3o retroativa. Ex.: ficou comprovado que Jo\u00e3o fraudou o medidor de energia el\u00e9trica h\u00e1 1 ano e que, portanto, durante os \u00faltimos 12 meses pagou a menos do que deveria. A concession\u00e1ria poder\u00e1 determinar o corte do servi\u00e7o e s\u00f3 religar\u00e1 a energia se o consumidor pagar a d\u00edvida. No entanto, para religar n\u00e3o se exige o pagamento dos 12 meses, mas apenas dos \u00faltimos 90 dias. Assim, se Jo\u00e3o pagar os \u00faltimos 90 dias, a concession\u00e1ria dever\u00e1 religar a energia. Os outros 9 meses que faltaram dever\u00e3o ser cobrados pela concession\u00e1ria pelas vias ordin\u00e1rias.<\/li>\n\n\n\n<li><strong><\/strong><strong>M\u00e1ximo 90 dias ap\u00f3s a recupera\u00e7\u00e3o do consumo para efetuar o corte:<\/strong>&nbsp; deve ser fixado prazo razo\u00e1vel de, no m\u00e1ximo, 90 dias ap\u00f3s o vencimento da fatura de recupera\u00e7\u00e3o de consumo, para que a concession\u00e1ria possa suspender o servi\u00e7o.<\/li>\n<\/ol>\n\n\n\n<p class=\"has-cyan-bluish-gray-background-color has-background\"><em>Na hip\u00f3tese de d\u00e9bito estrito de <strong>recupera\u00e7\u00e3o de consumo efetivo por fraude no aparelho medidor<\/strong> atribu\u00edda ao consumidor, desde que apurado em observ\u00e2ncia aos princ\u00edpios do <strong>contradit\u00f3rio e da ampla defesa<\/strong>, \u00e9 poss\u00edvel o corte administrativo do fornecimento do servi\u00e7o de energia el\u00e9trica, mediante <strong>pr\u00e9vio aviso<\/strong> ao consumidor, pelo inadimplemento do consumo recuperado correspondente ao per\u00edodo de <strong>90 dias anterior \u00e0 constata\u00e7\u00e3o da fraude<\/strong>, contanto que <strong>executado o corte em at\u00e9 90 dias ap\u00f3s o vencimento do d\u00e9bito<\/strong>, sem preju\u00edzo do direito de a concession\u00e1ria utilizar os meios judiciais ordin\u00e1rios de cobran\u00e7a da d\u00edvida, inclusive antecedente aos mencionados 90 dias de retroa\u00e7\u00e3o. STJ. 1\u00aa Se\u00e7\u00e3o. REsp 1.412.433-RS, Rel. Min. Herman Benjamin, julgado em 25\/04\/2018 (recurso repetitivo) (Info 634)<\/em><\/p>\n\n\n\n<h2 class=\"wp-block-heading\" id=\"h-corte-de-fornecimento-de-servicos-publicos-para-a-administracao-publica\"><span id=\"corte-de-fornecimento-de-servicos-publicos-para-a-administracao-publica\"><strong>Corte de fornecimento de servi\u00e7os p\u00fablicos para a Administra\u00e7\u00e3o P\u00fablica<\/strong><\/span><\/h2>\n\n\n\n<p>Vale ressaltar que essa suspens\u00e3o no fornecimento \u00e9 permitida mesmo que o corte no servi\u00e7o atinja um \u00f3rg\u00e3o ou entidade que preste servi\u00e7os p\u00fablicos \u00e0 popula\u00e7\u00e3o. \u00c9 o que diz a L<em>ei n\u00ba 9.427\/96 (Lei das Concession\u00e1rios de Energia El\u00e9trica):<\/em><\/p>\n\n\n\n<p class=\"has-light-green-cyan-background-color has-background\"><em>Art. 17. A suspens\u00e3o, por falta de pagamento, do fornecimento de energia el\u00e9trica a consumidor que preste servi\u00e7o p\u00fablico ou essencial \u00e0 popula\u00e7\u00e3o e cuja atividade sofra preju\u00edzo ser\u00e1 comunicada com anteced\u00eancia de quinze dias ao Poder P\u00fablico local ou ao Poder Executivo Estadual.<\/em><\/p>\n\n\n\n<p class=\"has-cyan-bluish-gray-background-color has-background\"><em>H\u00e1 legitimidade do corte no fornecimento do servi\u00e7o de telefonia quando inadimplentes entes p\u00fablicos, desde que a interrup\u00e7\u00e3o n\u00e3o atinja servi\u00e7os p\u00fablicos essenciais para a coletividade, tais como escolas, creches, delegacias e hospitais. STJ. 1\u00aa Turma. EDcl no REsp 1244385\/BA, Rel. Min. Gurgel de Faria, julgado em 13\/12\/2016.<\/em><\/p>\n\n\n\n<h3 class=\"wp-block-heading\" id=\"h-obs-unidades-publicas-essenciais\"><span id=\"obs-unidades-publicas-essenciais\"><strong>Obs.: Unidades p\u00fablicas essenciais<\/strong><\/span><\/h3>\n\n\n\n<p>Entretanto \u00e9 ileg\u00edtimo o corte no fornecimento de servi\u00e7os p\u00fablicos quando inadimplente unidade de servi\u00e7o p\u00fablico essencial:<\/p>\n\n\n\n<p class=\"has-cyan-bluish-gray-background-color has-background\"><em>\u00c9 ileg\u00edtimo o corte no fornecimento de energia el\u00e9trica quando puder afetar o direito \u00e0 sa\u00fade e \u00e0 integridade f\u00edsica do usu\u00e1rio. A suspens\u00e3o do servi\u00e7o de energia el\u00e9trica, por empresa concession\u00e1ria, em raz\u00e3o de inadimplemento de <strong>unidades p\u00fablicas essenciais &#8211; hospitais; pronto-socorro; escolas; creches; fontes de abastecimento d&#8217;\u00e1gua e ilumina\u00e7\u00e3o p\u00fablica; e servi\u00e7os de seguran\u00e7a p\u00fablica -, como forma de compelir o usu\u00e1rio ao pagamento de tarifa ou multa<\/strong>, <strong>despreza o interesse da coletividade<\/strong>. STJ. 2\u00aa Turma. AgRg no AREsp 543.404\/RJ, Rel. Min. Og Fernandes, julgado em 12\/02\/2015.<\/em><\/p>\n\n\n\n<h2 class=\"wp-block-heading\" id=\"h-outras-peculiaridades-da-interrupcao-de-servicos-publicos\"><span id=\"outras-peculiaridades-da-interrupcao-de-servicos-publicos\"><strong>Outras peculiaridades da interrup\u00e7\u00e3o de servi\u00e7os p\u00fablicos<\/strong><\/span><\/h2>\n\n\n\n<h3 class=\"wp-block-heading\" id=\"h-1-debito-irrisorio\"><span id=\"1-debito-irrisorio\">1. <strong>D\u00e9bito irris\u00f3rio<\/strong><\/span><\/h3>\n\n\n\n<p>Segundo o STJ, \u00e9 ileg\u00edtimo o corte no fornecimento de energia el\u00e9trica em raz\u00e3o de d\u00e9bito irris\u00f3rio por afrontar os princ\u00edpios da proporcionalidade e razoabilidade, cabendo ao lesado pleitear indeniza\u00e7\u00e3o pro danos morais:<\/p>\n\n\n\n<p class=\"has-cyan-bluish-gray-background-color has-background\"><strong><em>\u00c9 ileg\u00edtimo o corte no fornecimento de energia el\u00e9trica em raz\u00e3o de d\u00e9bito irris\u00f3rio<\/em><\/strong><em>, por configurar <u>abuso de direito e ofensa aos princ\u00edpios da proporcionalidade e razoabilidade, <strong>sendo cab\u00edvel a indeniza\u00e7\u00e3o ao consumidor por danos morais<\/strong><\/u>. Comete ato il\u00edcito o titular de um direito que, ao exerc\u00ea-lo, excede manifestamente os limites impostos pelo seu fim econ\u00f4mico ou social, pela boa-f\u00e9 ou pelos costumes (art. 187 do C\u00f3digo Civil). A concession\u00e1ria, ao suspender o fornecimento de energia el\u00e9trica em raz\u00e3o de um d\u00e9bito de R$ 0,85, n\u00e3o agiu no exerc\u00edcio regular de direito, e sim com flagrante abuso de direito. Aplica\u00e7\u00e3o dos princ\u00edpios da razoabilidade e proporcionalidade. STJ. 1\u00aa Turma. REsp 811.690\/RR, Rel. Min. Denise Arruda, julgado em 18\/05\/2006.<\/em><\/p>\n\n\n\n<h3 class=\"wp-block-heading\" id=\"h-2-natureza-pessoal\"><span id=\"2-natureza-pessoal\">2. <strong>Natureza pessoal<\/strong><\/span><\/h3>\n\n\n\n<p>O corte no fornecimento de energia el\u00e9trica somente pode recair sobre o im\u00f3vel que originou o d\u00e9bito, e n\u00e3o sobre outra unidade de consumo do usu\u00e1rio inadimplente, sendo ilegal o <strong><u>\u201ccorte cruzado<\/u><\/strong>\u201d.<\/p>\n\n\n\n<p>Ademais, tendo em vista que se trata de d\u00e9bito de natureza pessoal, este n\u00e3o acompanha a coisa, de forma que, havendo aliena\u00e7\u00e3o do im\u00f3vel, por exemplo, o adquirente n\u00e3o fica respons\u00e1vel pelos d\u00e9bitos pret\u00e9ritos.<\/p>\n\n\n\n<p class=\"has-cyan-bluish-gray-background-color has-background\"><em>O corte no fornecimento de energia el\u00e9trica somente pode recair sobre o <strong>im\u00f3vel que originou o d\u00e9bito<\/strong>, e n\u00e3o sobre outra unidade de consumo do usu\u00e1rio inadimplente (ilegalidade do chamado \u201ccorte cruzado\u201d). Por ser a interrup\u00e7\u00e3o no fornecimento de energia el\u00e9trica medida excepcional, o art. 6\u00ba, \u00a7 3\u00ba, II, da Lei n\u00ba 8.987\/95 deve ser interpretado restritivamente, de forma a permitir que o corte recaia apenas sobre o im\u00f3vel que originou o d\u00e9bito, e n\u00e3o sobre outros im\u00f3veis de propriedade do inadimplente. STJ. 1\u00aa Turma. REsp 662.214\/RS, Rel. Min. Teori Albino Zavascki, julgado em 06\/02\/2007.<\/em><\/p>\n\n\n\n<p class=\"has-cyan-bluish-gray-background-color has-background\"><em>O d\u00e9bito, tanto de \u00e1gua como de energia el\u00e9trica, \u00e9 de natureza pessoal, n\u00e3o se caracterizando como obriga\u00e7\u00e3o de natureza propter rem &nbsp;(AgRg no AREsp 79.746\/MG, Rel. Ministro ARNALDO ESTEVES LIMA, PRIMEIRA TURMA, julgado em 10\/06\/2014, DJe 25\/06\/2014).<\/em><\/p>\n\n\n\n<h3 class=\"wp-block-heading\" id=\"h-3-inscricao-do-debito-no-cadastro-de-inadimplentes\"><span id=\"3-inscricao-do-debito-no-cadastro-de-inadimplentes\">3. <strong>Inscri\u00e7\u00e3o do d\u00e9bito no cadastro de inadimplentes<\/strong><\/span><\/h3>\n\n\n\n<p>O STF decidiu recentemente que \u00e9 inconstitucional lei estadual que vede a inscri\u00e7\u00e3o em cadastro de prote\u00e7\u00e3o ao cr\u00e9dito de usu\u00e1rio inadimplente dos servi\u00e7os de abastecimento de \u00e1gua e esgotamento sanit\u00e1rio, sob pretexto de se estar legislando acerca do direito do consumidor.<\/p>\n\n\n\n<p class=\"has-black-color has-cyan-bluish-gray-background-color has-text-color has-background has-link-color wp-elements-8557af747b9c611299d17bd450ce68ff\"><em>\u00c9 inconstitucional lei estadual que vede a inscri\u00e7\u00e3o em cadastro de prote\u00e7\u00e3o ao cr\u00e9dito de usu\u00e1rio inadimplente dos servi\u00e7os de abastecimento de \u00e1gua e esgotamento sanit\u00e1rio. STF. Plen\u00e1rio. ADI 6668\/MG, Rel. Min. Gilmar Mendes, julgado em 11\/2\/2022 (Info 1043).<\/em><em><\/em><\/p>\n\n\n\n<h2 class=\"wp-block-heading has-text-align-center\" id=\"h-quer-saber-tudo-sobre-concursos-previstos-confira-nossos-artigos\"><span id=\"quer-saber-tudo-sobre-concursos-previstos-confira-nossos-artigos\">Quer saber tudo sobre concursos previstos? <br>Confira nossos artigos!<\/span><\/h2>\n\n\n\n<p class=\"has-text-align-center\"><a href=\"https:\/\/cj.estrategia.com\/portal\/concursos-abertos-carreiras-juridicas\/\" target=\"_blank\" >Concursos jur\u00eddicos abertos<\/a> <\/p>\n\n\n\n<p class=\"has-text-align-center\"><a href=\"https:\/\/cj.estrategia.com\/portal\/concursos-2024-carreiras-juridicas\/\" target=\"_blank\" >Concursos jur\u00eddicos 2024<\/a><\/p>\n","protected":false},"excerpt":{"rendered":"Conhe\u00e7a, nesse artigo, as hip\u00f3teses legais e os entendimentos jurisprudenciais acerca da interrup\u00e7\u00e3o de servi\u00e7os p\u00fablicos. Princ\u00edpio da&hellip;\n","protected":false},"author":47,"featured_media":74202,"comment_status":"open","ping_status":"open","sticky":false,"template":"","format":"standard","meta":{"_jetpack_memberships_contains_paid_content":false,"footnotes":""},"categories":[1],"tags":[],"tax_estado":[36],"class_list":{"0":"post-74199","1":"post","2":"type-post","3":"status-publish","4":"format-standard","5":"has-post-thumbnail","7":"category-carreiras-juridicas","8":"tax_estado-concursos-federais"},"acf":[],"yoast_head":"<!-- This site is optimized with the Yoast SEO Premium plugin v27.4 (Yoast SEO v27.4) - https:\/\/yoast.com\/product\/yoast-seo-premium-wordpress\/ -->\n<title>Interrup\u00e7\u00e3o de Servi\u00e7os P\u00fablicos<\/title>\n<meta name=\"description\" content=\"Conhe\u00e7a, nesse artigo, as hip\u00f3teses legais e os entendimentos jurisprudenciais acerca da interrup\u00e7\u00e3o de servi\u00e7os p\u00fablicos.\" \/>\n<meta name=\"robots\" content=\"index, follow, max-snippet:-1, max-image-preview:large, max-video-preview:-1\" \/>\n<link rel=\"canonical\" href=\"https:\/\/cj.estrategia.com\/portal\/interrupcao-servicos-publicos\/\" \/>\n<meta property=\"og:locale\" content=\"pt_BR\" \/>\n<meta property=\"og:type\" content=\"article\" \/>\n<meta property=\"og:title\" content=\"Interrup\u00e7\u00e3o de Servi\u00e7os P\u00fablicos\" \/>\n<meta property=\"og:description\" content=\"Conhe\u00e7a, nesse artigo, as hip\u00f3teses legais e os entendimentos jurisprudenciais acerca da interrup\u00e7\u00e3o de servi\u00e7os p\u00fablicos.\" \/>\n<meta property=\"og:url\" content=\"https:\/\/cj.estrategia.com\/portal\/interrupcao-servicos-publicos\/\" \/>\n<meta property=\"og:site_name\" content=\"Blog - Carreiras Jur\u00eddicas - Estrat\u00e9gia\" \/>\n<meta property=\"article:publisher\" content=\"https:\/\/www.facebook.com\/estrategiacarreirajuridica\/\" \/>\n<meta property=\"article:published_time\" content=\"2024-10-14T11:13:00+00:00\" \/>\n<meta property=\"og:image\" content=\"https:\/\/cj.estrategia.com\/portal\/wp-content\/uploads\/2024\/08\/29215653\/CORTE-AGUA-E-LUZ.webp\" \/>\n\t<meta property=\"og:image:width\" content=\"560\" \/>\n\t<meta property=\"og:image:height\" content=\"374\" \/>\n\t<meta property=\"og:image:type\" content=\"image\/webp\" \/>\n<meta name=\"author\" content=\"Ana Luiza Tiburcio Guimar\u00e3es\" \/>\n<meta name=\"twitter:card\" content=\"summary_large_image\" \/>\n<meta name=\"twitter:creator\" content=\"@EstratJuridica\" \/>\n<meta name=\"twitter:site\" content=\"@EstratJuridica\" \/>\n<meta name=\"twitter:label1\" content=\"Escrito por\" \/>\n\t<meta name=\"twitter:data1\" content=\"Ana Luiza Tiburcio Guimar\u00e3es\" \/>\n\t<meta name=\"twitter:label2\" content=\"Est. tempo de leitura\" \/>\n\t<meta name=\"twitter:data2\" content=\"12 minutos\" \/>\n<script type=\"application\/ld+json\" class=\"yoast-schema-graph\">{\"@context\":\"https:\\\/\\\/schema.org\",\"@graph\":[{\"@type\":\"NewsArticle\",\"@id\":\"https:\\\/\\\/cj.estrategia.com\\\/portal\\\/interrupcao-servicos-publicos\\\/#article\",\"isPartOf\":{\"@id\":\"https:\\\/\\\/cj.estrategia.com\\\/portal\\\/interrupcao-servicos-publicos\\\/\"},\"author\":{\"name\":\"Ana Luiza Tiburcio Guimar\u00e3es\",\"@id\":\"https:\\\/\\\/cj.estrategia.com\\\/portal\\\/#\\\/schema\\\/person\\\/c3ccc024ac7f9069ad740923e64eabb0\"},\"headline\":\"Interrup\u00e7\u00e3o de Servi\u00e7os P\u00fablicos\",\"datePublished\":\"2024-10-14T11:13:00+00:00\",\"mainEntityOfPage\":{\"@id\":\"https:\\\/\\\/cj.estrategia.com\\\/portal\\\/interrupcao-servicos-publicos\\\/\"},\"wordCount\":2288,\"commentCount\":0,\"publisher\":{\"@id\":\"https:\\\/\\\/cj.estrategia.com\\\/portal\\\/#organization\"},\"image\":{\"@id\":\"https:\\\/\\\/cj.estrategia.com\\\/portal\\\/interrupcao-servicos-publicos\\\/#primaryimage\"},\"thumbnailUrl\":\"https:\\\/\\\/cj.estrategia.com\\\/portal\\\/wp-content\\\/uploads\\\/2024\\\/08\\\/29215653\\\/CORTE-AGUA-E-LUZ.webp\",\"articleSection\":[\"Carreiras Jur\u00eddicas\"],\"inLanguage\":\"pt-BR\",\"potentialAction\":[{\"@type\":\"CommentAction\",\"name\":\"Comment\",\"target\":[\"https:\\\/\\\/cj.estrategia.com\\\/portal\\\/interrupcao-servicos-publicos\\\/#respond\"]}]},{\"@type\":\"WebPage\",\"@id\":\"https:\\\/\\\/cj.estrategia.com\\\/portal\\\/interrupcao-servicos-publicos\\\/\",\"url\":\"https:\\\/\\\/cj.estrategia.com\\\/portal\\\/interrupcao-servicos-publicos\\\/\",\"name\":\"Interrup\u00e7\u00e3o de Servi\u00e7os P\u00fablicos\",\"isPartOf\":{\"@id\":\"https:\\\/\\\/cj.estrategia.com\\\/portal\\\/#website\"},\"primaryImageOfPage\":{\"@id\":\"https:\\\/\\\/cj.estrategia.com\\\/portal\\\/interrupcao-servicos-publicos\\\/#primaryimage\"},\"image\":{\"@id\":\"https:\\\/\\\/cj.estrategia.com\\\/portal\\\/interrupcao-servicos-publicos\\\/#primaryimage\"},\"thumbnailUrl\":\"https:\\\/\\\/cj.estrategia.com\\\/portal\\\/wp-content\\\/uploads\\\/2024\\\/08\\\/29215653\\\/CORTE-AGUA-E-LUZ.webp\",\"datePublished\":\"2024-10-14T11:13:00+00:00\",\"description\":\"Conhe\u00e7a, nesse artigo, as hip\u00f3teses legais e os entendimentos jurisprudenciais acerca da interrup\u00e7\u00e3o de servi\u00e7os p\u00fablicos.\",\"breadcrumb\":{\"@id\":\"https:\\\/\\\/cj.estrategia.com\\\/portal\\\/interrupcao-servicos-publicos\\\/#breadcrumb\"},\"inLanguage\":\"pt-BR\",\"potentialAction\":[{\"@type\":\"ReadAction\",\"target\":[\"https:\\\/\\\/cj.estrategia.com\\\/portal\\\/interrupcao-servicos-publicos\\\/\"]}]},{\"@type\":\"ImageObject\",\"inLanguage\":\"pt-BR\",\"@id\":\"https:\\\/\\\/cj.estrategia.com\\\/portal\\\/interrupcao-servicos-publicos\\\/#primaryimage\",\"url\":\"https:\\\/\\\/cj.estrategia.com\\\/portal\\\/wp-content\\\/uploads\\\/2024\\\/08\\\/29215653\\\/CORTE-AGUA-E-LUZ.webp\",\"contentUrl\":\"https:\\\/\\\/cj.estrategia.com\\\/portal\\\/wp-content\\\/uploads\\\/2024\\\/08\\\/29215653\\\/CORTE-AGUA-E-LUZ.webp\",\"width\":560,\"height\":374,\"caption\":\"Interrup\u00e7\u00e3o de Servi\u00e7os P\u00fablicos\"},{\"@type\":\"BreadcrumbList\",\"@id\":\"https:\\\/\\\/cj.estrategia.com\\\/portal\\\/interrupcao-servicos-publicos\\\/#breadcrumb\",\"itemListElement\":[{\"@type\":\"ListItem\",\"position\":1,\"name\":\"In\u00edcio\",\"item\":\"https:\\\/\\\/cj.estrategia.com\\\/portal\\\/\"},{\"@type\":\"ListItem\",\"position\":2,\"name\":\"Interrup\u00e7\u00e3o de Servi\u00e7os P\u00fablicos\"}]},{\"@type\":\"WebSite\",\"@id\":\"https:\\\/\\\/cj.estrategia.com\\\/portal\\\/#website\",\"url\":\"https:\\\/\\\/cj.estrategia.com\\\/portal\\\/\",\"name\":\"Blog - Carreiras Jur\u00eddicas - Estrat\u00e9gia\",\"description\":\"\",\"publisher\":{\"@id\":\"https:\\\/\\\/cj.estrategia.com\\\/portal\\\/#organization\"},\"potentialAction\":[{\"@type\":\"SearchAction\",\"target\":{\"@type\":\"EntryPoint\",\"urlTemplate\":\"https:\\\/\\\/cj.estrategia.com\\\/portal\\\/?s={search_term_string}\"},\"query-input\":{\"@type\":\"PropertyValueSpecification\",\"valueRequired\":true,\"valueName\":\"search_term_string\"}}],\"inLanguage\":\"pt-BR\"},{\"@type\":\"Organization\",\"@id\":\"https:\\\/\\\/cj.estrategia.com\\\/portal\\\/#organization\",\"name\":\"Estrat\u00e9gia - Carreiras Jur\u00eddicas\",\"url\":\"https:\\\/\\\/cj.estrategia.com\\\/portal\\\/\",\"logo\":{\"@type\":\"ImageObject\",\"inLanguage\":\"pt-BR\",\"@id\":\"https:\\\/\\\/cj.estrategia.com\\\/portal\\\/#\\\/schema\\\/logo\\\/image\\\/\",\"url\":\"https:\\\/\\\/cj.estrategia.com\\\/portal\\\/wp-content\\\/uploads\\\/2022\\\/03\\\/11151052\\\/cj-logo.png\",\"contentUrl\":\"https:\\\/\\\/cj.estrategia.com\\\/portal\\\/wp-content\\\/uploads\\\/2022\\\/03\\\/11151052\\\/cj-logo.png\",\"width\":150,\"height\":39,\"caption\":\"Estrat\u00e9gia - Carreiras Jur\u00eddicas\"},\"image\":{\"@id\":\"https:\\\/\\\/cj.estrategia.com\\\/portal\\\/#\\\/schema\\\/logo\\\/image\\\/\"},\"sameAs\":[\"https:\\\/\\\/www.facebook.com\\\/estrategiacarreirajuridica\\\/\",\"https:\\\/\\\/x.com\\\/EstratJuridica\",\"https:\\\/\\\/www.instagram.com\\\/estrategiacarreirajuridica\\\/\",\"https:\\\/\\\/www.youtube.com\\\/channel\\\/UClbMGuYbj2Mh1m3w144ETWQ\"]},{\"@type\":\"Person\",\"@id\":\"https:\\\/\\\/cj.estrategia.com\\\/portal\\\/#\\\/schema\\\/person\\\/c3ccc024ac7f9069ad740923e64eabb0\",\"name\":\"Ana Luiza Tiburcio Guimar\u00e3es\",\"image\":{\"@type\":\"ImageObject\",\"inLanguage\":\"pt-BR\",\"@id\":\"https:\\\/\\\/secure.gravatar.com\\\/avatar\\\/d0e9fa767d159d6bdb59324855854ef2672e0774dce8705b1c42c80a5b4de7b8?s=96&d=mm&r=g\",\"url\":\"https:\\\/\\\/secure.gravatar.com\\\/avatar\\\/d0e9fa767d159d6bdb59324855854ef2672e0774dce8705b1c42c80a5b4de7b8?s=96&d=mm&r=g\",\"contentUrl\":\"https:\\\/\\\/secure.gravatar.com\\\/avatar\\\/d0e9fa767d159d6bdb59324855854ef2672e0774dce8705b1c42c80a5b4de7b8?s=96&d=mm&r=g\",\"caption\":\"Ana Luiza Tiburcio Guimar\u00e3es\"},\"url\":\"https:\\\/\\\/cj.estrategia.com\\\/portal\\\/author\\\/anatiburcio-g\\\/\"}]}<\/script>\n<!-- \/ Yoast SEO Premium plugin. -->","yoast_head_json":{"title":"Interrup\u00e7\u00e3o de Servi\u00e7os P\u00fablicos","description":"Conhe\u00e7a, nesse artigo, as hip\u00f3teses legais e os entendimentos jurisprudenciais acerca da interrup\u00e7\u00e3o de servi\u00e7os p\u00fablicos.","robots":{"index":"index","follow":"follow","max-snippet":"max-snippet:-1","max-image-preview":"max-image-preview:large","max-video-preview":"max-video-preview:-1"},"canonical":"https:\/\/cj.estrategia.com\/portal\/interrupcao-servicos-publicos\/","og_locale":"pt_BR","og_type":"article","og_title":"Interrup\u00e7\u00e3o de Servi\u00e7os P\u00fablicos","og_description":"Conhe\u00e7a, nesse artigo, as hip\u00f3teses legais e os entendimentos jurisprudenciais acerca da interrup\u00e7\u00e3o de servi\u00e7os p\u00fablicos.","og_url":"https:\/\/cj.estrategia.com\/portal\/interrupcao-servicos-publicos\/","og_site_name":"Blog - Carreiras Jur\u00eddicas - Estrat\u00e9gia","article_publisher":"https:\/\/www.facebook.com\/estrategiacarreirajuridica\/","article_published_time":"2024-10-14T11:13:00+00:00","og_image":[{"width":560,"height":374,"url":"https:\/\/cj.estrategia.com\/portal\/wp-content\/uploads\/2024\/08\/29215653\/CORTE-AGUA-E-LUZ.webp","type":"image\/webp"}],"author":"Ana Luiza Tiburcio Guimar\u00e3es","twitter_card":"summary_large_image","twitter_creator":"@EstratJuridica","twitter_site":"@EstratJuridica","twitter_misc":{"Escrito por":"Ana Luiza Tiburcio Guimar\u00e3es","Est. tempo de leitura":"12 minutos"},"schema":{"@context":"https:\/\/schema.org","@graph":[{"@type":"NewsArticle","@id":"https:\/\/cj.estrategia.com\/portal\/interrupcao-servicos-publicos\/#article","isPartOf":{"@id":"https:\/\/cj.estrategia.com\/portal\/interrupcao-servicos-publicos\/"},"author":{"name":"Ana Luiza Tiburcio Guimar\u00e3es","@id":"https:\/\/cj.estrategia.com\/portal\/#\/schema\/person\/c3ccc024ac7f9069ad740923e64eabb0"},"headline":"Interrup\u00e7\u00e3o de Servi\u00e7os P\u00fablicos","datePublished":"2024-10-14T11:13:00+00:00","mainEntityOfPage":{"@id":"https:\/\/cj.estrategia.com\/portal\/interrupcao-servicos-publicos\/"},"wordCount":2288,"commentCount":0,"publisher":{"@id":"https:\/\/cj.estrategia.com\/portal\/#organization"},"image":{"@id":"https:\/\/cj.estrategia.com\/portal\/interrupcao-servicos-publicos\/#primaryimage"},"thumbnailUrl":"https:\/\/cj.estrategia.com\/portal\/wp-content\/uploads\/2024\/08\/29215653\/CORTE-AGUA-E-LUZ.webp","articleSection":["Carreiras Jur\u00eddicas"],"inLanguage":"pt-BR","potentialAction":[{"@type":"CommentAction","name":"Comment","target":["https:\/\/cj.estrategia.com\/portal\/interrupcao-servicos-publicos\/#respond"]}]},{"@type":"WebPage","@id":"https:\/\/cj.estrategia.com\/portal\/interrupcao-servicos-publicos\/","url":"https:\/\/cj.estrategia.com\/portal\/interrupcao-servicos-publicos\/","name":"Interrup\u00e7\u00e3o de Servi\u00e7os P\u00fablicos","isPartOf":{"@id":"https:\/\/cj.estrategia.com\/portal\/#website"},"primaryImageOfPage":{"@id":"https:\/\/cj.estrategia.com\/portal\/interrupcao-servicos-publicos\/#primaryimage"},"image":{"@id":"https:\/\/cj.estrategia.com\/portal\/interrupcao-servicos-publicos\/#primaryimage"},"thumbnailUrl":"https:\/\/cj.estrategia.com\/portal\/wp-content\/uploads\/2024\/08\/29215653\/CORTE-AGUA-E-LUZ.webp","datePublished":"2024-10-14T11:13:00+00:00","description":"Conhe\u00e7a, nesse artigo, as hip\u00f3teses legais e os entendimentos jurisprudenciais acerca da interrup\u00e7\u00e3o de servi\u00e7os p\u00fablicos.","breadcrumb":{"@id":"https:\/\/cj.estrategia.com\/portal\/interrupcao-servicos-publicos\/#breadcrumb"},"inLanguage":"pt-BR","potentialAction":[{"@type":"ReadAction","target":["https:\/\/cj.estrategia.com\/portal\/interrupcao-servicos-publicos\/"]}]},{"@type":"ImageObject","inLanguage":"pt-BR","@id":"https:\/\/cj.estrategia.com\/portal\/interrupcao-servicos-publicos\/#primaryimage","url":"https:\/\/cj.estrategia.com\/portal\/wp-content\/uploads\/2024\/08\/29215653\/CORTE-AGUA-E-LUZ.webp","contentUrl":"https:\/\/cj.estrategia.com\/portal\/wp-content\/uploads\/2024\/08\/29215653\/CORTE-AGUA-E-LUZ.webp","width":560,"height":374,"caption":"Interrup\u00e7\u00e3o de Servi\u00e7os P\u00fablicos"},{"@type":"BreadcrumbList","@id":"https:\/\/cj.estrategia.com\/portal\/interrupcao-servicos-publicos\/#breadcrumb","itemListElement":[{"@type":"ListItem","position":1,"name":"In\u00edcio","item":"https:\/\/cj.estrategia.com\/portal\/"},{"@type":"ListItem","position":2,"name":"Interrup\u00e7\u00e3o de Servi\u00e7os P\u00fablicos"}]},{"@type":"WebSite","@id":"https:\/\/cj.estrategia.com\/portal\/#website","url":"https:\/\/cj.estrategia.com\/portal\/","name":"Blog - Carreiras Jur\u00eddicas - Estrat\u00e9gia","description":"","publisher":{"@id":"https:\/\/cj.estrategia.com\/portal\/#organization"},"potentialAction":[{"@type":"SearchAction","target":{"@type":"EntryPoint","urlTemplate":"https:\/\/cj.estrategia.com\/portal\/?s={search_term_string}"},"query-input":{"@type":"PropertyValueSpecification","valueRequired":true,"valueName":"search_term_string"}}],"inLanguage":"pt-BR"},{"@type":"Organization","@id":"https:\/\/cj.estrategia.com\/portal\/#organization","name":"Estrat\u00e9gia - Carreiras Jur\u00eddicas","url":"https:\/\/cj.estrategia.com\/portal\/","logo":{"@type":"ImageObject","inLanguage":"pt-BR","@id":"https:\/\/cj.estrategia.com\/portal\/#\/schema\/logo\/image\/","url":"https:\/\/cj.estrategia.com\/portal\/wp-content\/uploads\/2022\/03\/11151052\/cj-logo.png","contentUrl":"https:\/\/cj.estrategia.com\/portal\/wp-content\/uploads\/2022\/03\/11151052\/cj-logo.png","width":150,"height":39,"caption":"Estrat\u00e9gia - Carreiras Jur\u00eddicas"},"image":{"@id":"https:\/\/cj.estrategia.com\/portal\/#\/schema\/logo\/image\/"},"sameAs":["https:\/\/www.facebook.com\/estrategiacarreirajuridica\/","https:\/\/x.com\/EstratJuridica","https:\/\/www.instagram.com\/estrategiacarreirajuridica\/","https:\/\/www.youtube.com\/channel\/UClbMGuYbj2Mh1m3w144ETWQ"]},{"@type":"Person","@id":"https:\/\/cj.estrategia.com\/portal\/#\/schema\/person\/c3ccc024ac7f9069ad740923e64eabb0","name":"Ana Luiza Tiburcio Guimar\u00e3es","image":{"@type":"ImageObject","inLanguage":"pt-BR","@id":"https:\/\/secure.gravatar.com\/avatar\/d0e9fa767d159d6bdb59324855854ef2672e0774dce8705b1c42c80a5b4de7b8?s=96&d=mm&r=g","url":"https:\/\/secure.gravatar.com\/avatar\/d0e9fa767d159d6bdb59324855854ef2672e0774dce8705b1c42c80a5b4de7b8?s=96&d=mm&r=g","contentUrl":"https:\/\/secure.gravatar.com\/avatar\/d0e9fa767d159d6bdb59324855854ef2672e0774dce8705b1c42c80a5b4de7b8?s=96&d=mm&r=g","caption":"Ana Luiza Tiburcio Guimar\u00e3es"},"url":"https:\/\/cj.estrategia.com\/portal\/author\/anatiburcio-g\/"}]}},"jetpack_featured_media_url":"https:\/\/cj.estrategia.com\/portal\/wp-content\/uploads\/2024\/08\/29215653\/CORTE-AGUA-E-LUZ.webp","jetpack_sharing_enabled":true,"_links":{"self":[{"href":"https:\/\/cj.estrategia.com\/portal\/wp-json\/wp\/v2\/posts\/74199","targetHints":{"allow":["GET"]}}],"collection":[{"href":"https:\/\/cj.estrategia.com\/portal\/wp-json\/wp\/v2\/posts"}],"about":[{"href":"https:\/\/cj.estrategia.com\/portal\/wp-json\/wp\/v2\/types\/post"}],"author":[{"embeddable":true,"href":"https:\/\/cj.estrategia.com\/portal\/wp-json\/wp\/v2\/users\/47"}],"replies":[{"embeddable":true,"href":"https:\/\/cj.estrategia.com\/portal\/wp-json\/wp\/v2\/comments?post=74199"}],"version-history":[{"count":5,"href":"https:\/\/cj.estrategia.com\/portal\/wp-json\/wp\/v2\/posts\/74199\/revisions"}],"predecessor-version":[{"id":74283,"href":"https:\/\/cj.estrategia.com\/portal\/wp-json\/wp\/v2\/posts\/74199\/revisions\/74283"}],"wp:featuredmedia":[{"embeddable":true,"href":"https:\/\/cj.estrategia.com\/portal\/wp-json\/wp\/v2\/media\/74202"}],"wp:attachment":[{"href":"https:\/\/cj.estrategia.com\/portal\/wp-json\/wp\/v2\/media?parent=74199"}],"wp:term":[{"taxonomy":"category","embeddable":true,"href":"https:\/\/cj.estrategia.com\/portal\/wp-json\/wp\/v2\/categories?post=74199"},{"taxonomy":"post_tag","embeddable":true,"href":"https:\/\/cj.estrategia.com\/portal\/wp-json\/wp\/v2\/tags?post=74199"},{"taxonomy":"tax_estado","embeddable":true,"href":"https:\/\/cj.estrategia.com\/portal\/wp-json\/wp\/v2\/tax_estado?post=74199"}],"curies":[{"name":"wp","href":"https:\/\/api.w.org\/{rel}","templated":true}]}}