{"id":74008,"date":"2024-08-28T09:31:03","date_gmt":"2024-08-28T12:31:03","guid":{"rendered":"https:\/\/cj.estrategia.com\/portal\/?p=74008"},"modified":"2024-09-04T15:08:17","modified_gmt":"2024-09-04T18:08:17","slug":"resquicio-droga-balanca-trafico-analise","status":"publish","type":"post","link":"https:\/\/cj.estrategia.com\/portal\/resquicio-droga-balanca-trafico-analise\/","title":{"rendered":"Informativo Extraordin\u00e1rio 21 do STJ \u2013 Resqu\u00edcio de droga na balan\u00e7a n\u00e3o \u00e9 suficiente para o tr\u00e1fico &#8211; REsp 2.092.011-SC &#8211; An\u00e1lise Jur\u00eddica"},"content":{"rendered":"\n<h2 class=\"wp-block-heading\" id=\"h-introducao\"><span id=\"introducao\">Introdu\u00e7\u00e3o<\/span><\/h2>\n\n\n\n<p>O Superior Tribunal de Justi\u00e7a (STJ), em decis\u00e3o un\u00e2nime da Quinta Turma, proferida em 24\/06\/2024, manteve a <strong><mark style=\"background-color:rgba(0, 0, 0, 0)\" class=\"has-inline-color has-vivid-cyan-blue-color\">absolvi\u00e7\u00e3o <\/mark><\/strong>de um acusado pelo crime de tr\u00e1fico de drogas, previsto no art. 33, caput, da Lei n\u00ba 11.343\/2006.<\/p>\n\n\n\n<p>O caso em quest\u00e3o, julgado no AgRg no REsp 2.092.011-SC, traz importantes considera\u00e7\u00f5es sobre a comprova\u00e7\u00e3o da <strong>materialidade <\/strong>do crime de tr\u00e1fico de drogas, especialmente em situa\u00e7\u00f5es onde <strong><mark style=\"background-color:rgba(0, 0, 0, 0)\" class=\"has-inline-color has-vivid-cyan-blue-color\">n\u00e3o h\u00e1 apreens\u00e3o efetiva de subst\u00e2ncias entorpecentes<\/mark><\/strong>, foi divulgado no informativo de <strong><a href=\"https:\/\/processo.stj.jus.br\/jurisprudencia\/externo\/informativo\/?acao=pesquisarumaedicao&livre=%270021E%27.cod.\" target=\"_blank\" >Edi\u00e7\u00e3o Extraordin\u00e1ria n\u00ba 21 de 30 de julho de 2024<\/a><\/strong>.<\/p>\n\n\n\n<h2 class=\"wp-block-heading\" id=\"h-contexto-do-caso\"><span id=\"contexto-do-caso\">Contexto do caso<\/span><\/h2>\n\n\n\n<p>Na noite de 15 de mar\u00e7o de 2023, ap\u00f3s uma investiga\u00e7\u00e3o de rotina, a Pol\u00edcia Civil de Santa Catarina cumpriu um mandado de busca e apreens\u00e3o na resid\u00eancia de Valdinei Becker Claudino, no munic\u00edpio de Blumenau.<\/p>\n\n\n\n<p>Os policiais, liderados pelo Delegado Roberto Silva, chegaram \u00e0 casa por volta das 22h, encontrando Valdinei sozinho.<\/p>\n\n\n\n<p>Durante a busca, os agentes n\u00e3o localizaram quantidades significativas de drogas, mas encontraram uma s\u00e9rie de itens que levantaram suspeitas:<\/p>\n\n\n\n<ul class=\"wp-block-list\">\n<li>Uma balan\u00e7a de precis\u00e3o marca BMX modelo QC PASS 500g, com resqu\u00edcios de um p\u00f3 branco;<\/li>\n\n\n\n<li>38 pinos vazios transparentes;<\/li>\n\n\n\n<li>29 micro-potes (recipientes pl\u00e1sticos) de cor preta com tampa;<\/li>\n\n\n\n<li>Um caderno com anota\u00e7\u00f5es de nomes e valores;<\/li>\n\n\n\n<li>R$ 3.500 em dinheiro em notas pequenas.<\/li>\n<\/ul>\n\n\n\n<p>A per\u00edcia t\u00e9cnica, realizada no local, identificou que os resqu\u00edcios na balan\u00e7a eram de coca\u00edna, embora em <strong><mark style=\"background-color:rgba(0, 0, 0, 0)\" class=\"has-inline-color has-vivid-cyan-blue-color\">quantidade t\u00e3o pequena que impossibilitou a pesagem<\/mark><\/strong>.<\/p>\n\n\n\n<p>Al\u00e9m das evid\u00eancias materiais, a pol\u00edcia apresentou o <strong>depoimento de<\/strong> Jo\u00e3o Ferreira, <strong>um usu\u00e1rio<\/strong> de drogas detido na semana anterior, que <strong>afirmou ter comprado<\/strong> coca\u00edna de Valdinei diversas vezes nos \u00faltimos meses.<\/p>\n\n\n\n<p>O policial Marcos Oliveira, veterano da corpora\u00e7\u00e3o, tamb\u00e9m testemunhou sobre <strong>investiga\u00e7\u00f5es <\/strong>anteriores que apontavam o envolvimento de Valdinei com o tr\u00e1fico local.<\/p>\n\n\n\n<div class=\"wp-block-media-text is-stacked-on-mobile\"><figure class=\"wp-block-media-text__media\"><img decoding=\"async\" width=\"500\" height=\"448\" src=\"https:\/\/cj.estrategia.com\/portal\/wp-content\/uploads\/2024\/08\/28085943\/trafico-drogas-cocaina-microtubo.webp\" alt=\"Resqu\u00edcio\" class=\"wp-image-74028 size-full\" srcset=\"https:\/\/cj.estrategia.com\/portal\/wp-content\/uploads\/2024\/08\/28085943\/trafico-drogas-cocaina-microtubo.webp 500w, https:\/\/cj.estrategia.com\/portal\/wp-content\/uploads\/2024\/08\/28085943\/trafico-drogas-cocaina-microtubo-300x269.webp 300w, https:\/\/cj.estrategia.com\/portal\/wp-content\/uploads\/2024\/08\/28085943\/trafico-drogas-cocaina-microtubo-380x340.webp 380w, https:\/\/cj.estrategia.com\/portal\/wp-content\/uploads\/2024\/08\/28085943\/trafico-drogas-cocaina-microtubo-150x134.webp 150w\" sizes=\"(max-width: 500px) 100vw, 500px\" \/><\/figure><div class=\"wp-block-media-text__content\">\n<p>Valdinei, por sua vez, negou qualquer envolvimento com o tr\u00e1fico.<\/p>\n\n\n\n<p>Alegou que a balan\u00e7a era usada para pesar suplementos alimentares, j\u00e1 que era frequentador ass\u00edduo de uma academia local.<\/p>\n\n\n\n<p>Quanto aos pinos e recipientes, afirmou que os utilizava para organizar pequenas pe\u00e7as em seu trabalho como t\u00e9cnico em eletr\u00f4nica.<\/p>\n<\/div><\/div>\n\n\n\n<p>O dinheiro, segundo ele, era proveniente de seu sal\u00e1rio rec\u00e9m-recebido.<\/p>\n\n\n\n<h3 class=\"wp-block-heading\" id=\"h-denuncia\"><span id=\"denuncia\">Den\u00fancia<\/span><\/h3>\n\n\n\n<p>O <strong>Minist\u00e9rio P\u00fablico<\/strong>, representado pela Promotora de Justi\u00e7a Dra. Carla Mendes, ofereceu den\u00fancia contra Valdinei pelo <strong><mark style=\"background-color:rgba(0, 0, 0, 0)\" class=\"has-inline-color has-vivid-cyan-blue-color\">crime de tr\u00e1fico de drogas<\/mark><\/strong> (art. 33, caput, da Lei n\u00ba 11.343\/2006).<\/p>\n\n\n\n<p>A <strong>promotoria <\/strong>argumentou que, embora n\u00e3o houvesse apreens\u00e3o significativa de drogas, o <strong><mark style=\"background-color:rgba(0, 0, 0, 0)\" class=\"has-inline-color has-vivid-cyan-blue-color\">conjunto probat\u00f3rio<\/mark><\/strong> \u2013 incluindo os resqu\u00edcios de coca\u00edna na balan\u00e7a, os materiais t\u00edpicos de embalagem de drogas, o depoimento do usu\u00e1rio e as investiga\u00e7\u00f5es pr\u00e9vias \u2013 <strong><mark style=\"background-color:rgba(0, 0, 0, 0)\" class=\"has-inline-color has-vivid-cyan-blue-color\">seria suficiente para comprovar a materialidade do crime de tr\u00e1fico<\/mark><\/strong>.<\/p>\n\n\n\n<p>A <strong>defesa <\/strong>de Valdinei, por outro lado, sustentou que a aus\u00eancia de apreens\u00e3o efetiva de drogas e a impossibilidade de quantificar os resqu\u00edcios encontrados tornavam <strong><mark style=\"background-color:rgba(0, 0, 0, 0)\" class=\"has-inline-color has-vivid-cyan-blue-color\">imposs\u00edvel a configura\u00e7\u00e3o do crime de tr\u00e1fico<\/mark><\/strong>. Argumentaram que as evid\u00eancias circunstanciais n\u00e3o poderiam suprir a falta de prova material do delito.<\/p>\n\n\n\n<p>Finalmente, ap\u00f3s passar pelas inst\u00e2ncias inferiores, o caso chegou ao <strong>Superior Tribunal de Justi\u00e7a<\/strong>, onde se discutiu a sufici\u00eancia dos elementos probat\u00f3rios para a configura\u00e7\u00e3o do crime de tr\u00e1fico de drogas na aus\u00eancia de apreens\u00e3o significativa de subst\u00e2ncias il\u00edcitas.<\/p>\n\n\n\n<h2 class=\"wp-block-heading\" id=\"h-a-decisao-do-stj\"><span id=\"a-decisao-do-stj\">A decis\u00e3o do STJ<\/span><\/h2>\n\n\n\n<p>A Quinta Turma do STJ, por unanimidade, negou provimento ao agravo regimental do Minist\u00e9rio P\u00fablico, <strong><mark style=\"background-color:rgba(0, 0, 0, 0)\" class=\"has-inline-color has-vivid-cyan-blue-color\">mantendo a absolvi\u00e7\u00e3o do r\u00e9u<\/mark><\/strong>. Os principais fundamentos da decis\u00e3o foram:<\/p>\n\n\n\n<ol class=\"wp-block-list\">\n<li><strong>A impossibilidade de considerar o resqu\u00edcio encontrado na balan\u00e7a como objeto material do crime de tr\u00e1fico de drogas.<\/strong><\/li>\n\n\n\n<li><strong>A aus\u00eancia de comprova\u00e7\u00e3o da materialidade do crime, dada a n\u00e3o apreens\u00e3o efetiva de drogas e a impossibilidade de quantificar o resqu\u00edcio encontrado.<\/strong><\/li>\n\n\n\n<li><strong>A insufici\u00eancia dos demais elementos probat\u00f3rios (como depoimento policial e declara\u00e7\u00e3o de usu\u00e1rio) para comprovar a materialidade do delito na aus\u00eancia de apreens\u00e3o de drogas.<\/strong><\/li>\n<\/ol>\n\n\n\n<h2 class=\"wp-block-heading\" id=\"h-fundamentacao-legal-e-doutrinaria\"><span id=\"fundamentacao-legal-e-doutrinaria\">Fundamenta\u00e7\u00e3o legal e doutrin\u00e1ria<\/span><\/h2>\n\n\n\n<h3 class=\"wp-block-heading\" id=\"h-o-crime-de-trafico-de-drogas\"><span id=\"o-crime-de-trafico-de-drogas\">O crime de tr\u00e1fico de Drogas<\/span><\/h3>\n\n\n\n<p>O crime de tr\u00e1fico de drogas est\u00e1 tipificado no art. 33, caput, da Lei n\u00ba 11.343\/2006, que disp\u00f5e:<\/p>\n\n\n\n<pre class=\"wp-block-preformatted\">\"Art. 33. Importar, exportar, remeter, preparar, produzir, fabricar, adquirir, vender, expor \u00e0 venda, oferecer, ter em dep\u00f3sito, transportar, trazer consigo, guardar, prescrever, ministrar, entregar a consumo ou fornecer drogas, ainda que gratuitamente, sem autoriza\u00e7\u00e3o ou em desacordo com determina\u00e7\u00e3o legal ou regulamentar:\n\nPena - reclus\u00e3o de 5 (cinco) a 15 (quinze) anos e pagamento de 500 (quinhentos) a 1.500 (mil e quinhentos) dias-multa.\"<\/pre>\n\n\n\n<p>O STJ enfatizou que <strong><mark style=\"background-color:rgba(0, 0, 0, 0)\" class=\"has-inline-color has-vivid-cyan-blue-color\">\u201cdrogas\u201d \u00e9 elemento essencial do tipo penal<\/mark><\/strong>, sendo o objeto material sobre o qual recaem os verbos nucleares do artigo.<\/p>\n\n\n\n<h3 class=\"wp-block-heading\" id=\"h-conceito-de-droga-na-legislacao\"><span id=\"conceito-de-droga-na-legislacao\">Conceito de droga na Legisla\u00e7\u00e3o<\/span><\/h3>\n\n\n\n<p>O conceito de \u201cdroga\u201d para fins penais \u00e9 definido pelo art. 1\u00ba, par\u00e1grafo \u00fanico, da Lei n\u00ba 11.343\/2006:<\/p>\n\n\n\n<pre class=\"wp-block-preformatted\">\"Para fins desta Lei, consideram-se como drogas as subst\u00e2ncias ou os produtos capazes de causar depend\u00eancia, assim especificados em lei ou relacionados em listas atualizadas periodicamente pelo Poder Executivo da Uni\u00e3o.\"<\/pre>\n\n\n\n<p>A defini\u00e7\u00e3o das subst\u00e2ncias consideradas drogas \u00e9 feita pela Portaria n\u00ba 344\/1998 da Secretaria de Vigil\u00e2ncia Sanit\u00e1ria do Minist\u00e9rio da Sa\u00fade, conforme previsto no art. 66 da Lei n\u00ba 11.343\/2006.<\/p>\n\n\n\n<h3 class=\"wp-block-heading\" id=\"h-materialidade-do-crime\"><span id=\"materialidade-do-crime\">Materialidade do Crime<\/span><\/h3>\n\n\n\n<p>A materialidade do crime, no direito penal, refere-se \u00e0 <strong><mark style=\"background-color:rgba(0, 0, 0, 0)\" class=\"has-inline-color has-vivid-cyan-blue-color\">prova da exist\u00eancia do delito<\/mark><\/strong>.<\/p>\n\n\n\n<p>No caso do tr\u00e1fico de drogas, a materialidade est\u00e1 intrinsecamente ligada \u00e0 apreens\u00e3o e identifica\u00e7\u00e3o da subst\u00e2ncia entorpecente.<\/p>\n\n\n\n<p>Nesse sentido, o STJ reiterou que \u00e9 imprescind\u00edvel a apreens\u00e3o das subst\u00e2ncias supostamente il\u00edcitas sobre as quais incidiu a conduta do acusado, bem como sua submiss\u00e3o \u00e0 per\u00edcia t\u00e9cnica.<\/p>\n\n\n\n<p>Isso serve para constatar se h\u00e1 enquadramento na norma administrativa e, consequentemente, submiss\u00e3o da conduta \u00e0 norma penal.<\/p>\n\n\n\n<h2 class=\"wp-block-heading\" id=\"h-analise-da-decisao\"><span id=\"analise-da-decisao\">An\u00e1lise da decis\u00e3o<\/span><\/h2>\n\n\n\n<h3 class=\"wp-block-heading\" id=\"h-insuficiencia-dos-resquicios-para-comprovacao-da-materialidade\"><span id=\"insuficiencia-dos-resquicios-para-comprovacao-da-materialidade\">Insufici\u00eancia dos resqu\u00edcios para comprova\u00e7\u00e3o da materialidade<\/span><\/h3>\n\n\n\n<p>O STJ entendeu que n\u00e3o \u00e9 poss\u00edvel afirmar que a conduta imputada ao acusado <strong><u><strong>(guardar em dep\u00f3sito ou vender) recaiu sobre o \u201cresqu\u00edcio\u201d de coca\u00edna encontrado na balan\u00e7a. <\/strong><\/u><\/strong><strong><u><strong><\/strong><\/u><\/strong><\/p>\n\n\n\n<p>Ademais, a Corte destacou que <strong><u><strong>n\u00e3o se pode sequer afirmar se tal resqu\u00edcio seria decorrente da conduta imputada ao agente no presente feito ou de conduta pret\u00e9rita<\/strong><\/u><\/strong>.<\/p>\n\n\n\n<p>Este entendimento alinha-se com o princ\u00edpio <strong><u><strong>da tipicidade estrita em direito penal,<\/strong><\/u><\/strong>\u00a0segundo o qual a conduta do agente deve se enquadrar perfeitamente na descri\u00e7\u00e3o legal do crime.<\/p>\n\n\n\n<h3 class=\"wp-block-heading\" id=\"h-impossibilidade-de-quantificacao\"><span id=\"impossibilidade-de-quantificacao\">Impossibilidade de quantifica\u00e7\u00e3o<\/span><\/h3>\n\n\n\n<p>O Tribunal observou que n\u00e3o houve indica\u00e7\u00e3o da quantidade do resqu\u00edcio encontrado, <strong><u><strong>dada a evidente impossibilidade de pesagem, conforme constatado no laudo pericial. <\/strong><\/u><\/strong><strong><u><strong><\/strong><\/u><\/strong><\/p>\n\n\n\n<p>Assim, esta impossibilidade de quantifica\u00e7\u00e3o refor\u00e7a a inviabilidade de utilizar o resqu\u00edcio como prova da materialidade do crime.<\/p>\n\n\n\n<h3 class=\"wp-block-heading\" id=\"h-insuficiencia-de-outros-elementos-probatorios\"><span id=\"insuficiencia-de-outros-elementos-probatorios\">Insufici\u00eancia de outros elementos probat\u00f3rios<\/span><\/h3>\n\n\n\n<p>Embora existissem outros elementos probat\u00f3rios, como depoimento policial e declara\u00e7\u00e3o de usu\u00e1rio, o STJ manteve o entendimento de que estes <strong><mark style=\"background-color:rgba(0, 0, 0, 0)\" class=\"has-inline-color has-vivid-cyan-blue-color\">n\u00e3o s\u00e3o suficientes para comprovar a materialidade<\/mark><\/strong> do crime de tr\u00e1fico na aus\u00eancia de apreens\u00e3o efetiva de drogas.<\/p>\n\n\n\n<p>Este posicionamento refor\u00e7a a import\u00e2ncia da prova t\u00e9cnica (laudo toxicol\u00f3gico) na configura\u00e7\u00e3o do crime de tr\u00e1fico, em detrimento de provas testemunhais ou indici\u00e1rias.<\/p>\n\n\n\n<h2 class=\"wp-block-heading\" id=\"h-jurisprudencia-analoga\"><span id=\"jurisprudencia-analoga\">Jurisprud\u00eancia an\u00e1loga<\/span><\/h2>\n\n\n\n<p>O STJ fez refer\u00eancia ao entendimento pacificado na Terceira Se\u00e7\u00e3o da Corte, citando o HC n\u00ba 686.312\/MS, de relatoria do Ministro Sebasti\u00e3o Reis J\u00fanior (Rel. para ac\u00f3rd\u00e3o Ministro Rogerio Schietti, DJe 19\/4\/2023).<\/p>\n\n\n\n<p>Neste julgado, estabeleceu-se que a aus\u00eancia de apreens\u00e3o de drogas e do consequente laudo toxicol\u00f3gico impossibilita a comprova\u00e7\u00e3o da materialidade do crime de tr\u00e1fico, resultando na absolvi\u00e7\u00e3o do r\u00e9u por falta de provas.<\/p>\n\n\n\n<h2 class=\"wp-block-heading\" id=\"h-implicacoes-praticas\"><span id=\"implicacoes-praticas\">Implica\u00e7\u00f5es pr\u00e1ticas <\/span><\/h2>\n\n\n\n<h3 class=\"wp-block-heading\" id=\"h-para-a-investigacao-e-persecucao-penal\"><span id=\"para-a-investigacao-e-persecucao-penal\">Para a investiga\u00e7\u00e3o e persecu\u00e7\u00e3o penal<\/span><\/h3>\n\n\n\n<p>A decis\u00e3o do STJ refor\u00e7a a necessidade de uma investiga\u00e7\u00e3o mais robusta nos casos de tr\u00e1fico de drogas.<\/p>\n\n\n\n<p>Isto \u00e9, as autoridades policiais e o Minist\u00e9rio P\u00fablico devem <strong><mark style=\"background-color:rgba(0, 0, 0, 0)\" class=\"has-inline-color has-vivid-cyan-blue-color\">priorizar a apreens\u00e3o efetiva<\/mark><\/strong> de subst\u00e2ncias entorpecentes e a realiza\u00e7\u00e3o de per\u00edcia t\u00e9cnica, n\u00e3o se contentando apenas com provas indici\u00e1rias ou testemunhais.<\/p>\n\n\n\n<h3 class=\"wp-block-heading\" id=\"h-para-a-defesa-dos-acusados\"><span id=\"para-a-defesa-dos-acusados\">Para a defesa dos acusados<\/span><\/h3>\n\n\n\n<p>Por outro lado, para a defesa, a decis\u00e3o fortalece a tese de que, na aus\u00eancia de apreens\u00e3o efetiva de drogas, deve-se pleitear a absolvi\u00e7\u00e3o por falta de provas da materialidade do crime.<\/p>\n\n\n\n<p>Isso pode ser particularmente relevante em casos onde h\u00e1 apenas ind\u00edcios circunstanciais de tr\u00e1fico, sem a apreens\u00e3o concreta de subst\u00e2ncias il\u00edcitas.<\/p>\n\n\n\n<h3 class=\"wp-block-heading\" id=\"h-para-o-judiciario\"><span id=\"para-o-judiciario\">Para o judici\u00e1rio<\/span><\/h3>\n\n\n\n<p>Desse modo, os ju\u00edzes e tribunais devem estar atentos \u00e0 necessidade de prova robusta da materialidade do crime de tr\u00e1fico, <strong><mark style=\"background-color:rgba(0, 0, 0, 0)\" class=\"has-inline-color has-vivid-cyan-blue-color\">n\u00e3o podendo condenar com base apenas em elementos indici\u00e1rios<\/mark><\/strong> quando n\u00e3o houver apreens\u00e3o efetiva de drogas.<\/p>\n\n\n\n<h2 class=\"wp-block-heading\" id=\"h-criticas-e-controversias\"><span id=\"criticas-e-controversias\">Cr\u00edticas e controv\u00e9rsias<\/span><\/h2>\n\n\n\n<h3 class=\"wp-block-heading\" id=\"h-dificuldades-na-persecucao-penal\"><span id=\"dificuldades-na-persecucao-penal\">Dificuldades na persecu\u00e7\u00e3o penal<\/span><\/h3>\n\n\n\n<p>Uma cr\u00edtica poss\u00edvel a este entendimento \u00e9 que ele <strong><mark style=\"background-color:rgba(0, 0, 0, 0)\" class=\"has-inline-color has-vivid-cyan-blue-color\">pode dificultar a persecu\u00e7\u00e3o penal<\/mark><\/strong> em casos onde h\u00e1 fortes ind\u00edcios de tr\u00e1fico, mas n\u00e3o foi poss\u00edvel apreender drogas no momento da pris\u00e3o.<\/p>\n\n\n\n<p>Isso poderia levar \u00e0 <strong><mark style=\"background-color:rgba(0, 0, 0, 0)\" class=\"has-inline-color has-vivid-cyan-blue-color\">impunidade de traficantes<\/mark><\/strong> que conseguem se desfazer das drogas antes da abordagem policial.<\/p>\n\n\n\n<h3 class=\"wp-block-heading\" id=\"h-protecao-aos-direitos-fundamentais\"><span id=\"protecao-aos-direitos-fundamentais\">Prote\u00e7\u00e3o aos direitos fundamentais<\/span><\/h3>\n\n\n\n<p>Por outro lado, o entendimento do STJ protege os direitos fundamentais dos acusados, evitando condena\u00e7\u00f5es baseadas em provas fr\u00e1geis ou circunstanciais. Isso est\u00e1 em conson\u00e2ncia com princ\u00edpios constitucionais como a <strong><mark style=\"background-color:rgba(0, 0, 0, 0)\" class=\"has-inline-color has-vivid-cyan-blue-color\">presun\u00e7\u00e3o de inoc\u00eancia<\/mark><\/strong> e o <strong><em><mark style=\"background-color:rgba(0, 0, 0, 0)\" class=\"has-inline-color has-vivid-cyan-blue-color\">in dubio pro reo<\/mark><\/em><\/strong>.<\/p>\n\n\n\n<h2 class=\"wp-block-heading\" id=\"h-como-o-tema-ja-caiu-em-concursos\"><span id=\"como-o-tema-ja-caiu-em-concursos\">Como o tema j\u00e1 caiu em concursos<\/span><\/h2>\n\n\n\n<pre class=\"wp-block-preformatted\"><strong>FUNDATEC - 2018 - PC-RS - Delegado de Pol\u00edcia - Bloco II<\/strong>\n \r\nPara efeito da lavratura do auto de pris\u00e3o em flagrante e estabelecimento da materialidade do delito de tr\u00e1fico de drogas, \u00e9 suficiente o laudo de constata\u00e7\u00e3o da natureza e quantidade da droga, firmado por perito oficial ou, na falta deste, por dois peritos nomeados.\r\n\n<strong>Coment\u00e1rio<\/strong>: Errado\r\n\nArt. 50. \u00a7 1o Para efeito da lavratura do auto de pris\u00e3o em flagrante e estabelecimento da materialidade do delito, \u00e9 suficiente o laudo de constata\u00e7\u00e3o da natureza e quantidade da droga, firmado por perito oficial ou, na falta deste, por pessoa id\u00f4nea.<\/pre>\n\n\n\n<h2 class=\"wp-block-heading\" id=\"h-conclusao\"><span id=\"conclusao\">Conclus\u00e3o<\/span><\/h2>\n\n\n\n<p>Por fim, a decis\u00e3o do Superior Tribunal de Justi\u00e7a no REsp 2.092.011-SC estabelece um importante precedente ao afirmar categoricamente que o mero resqu\u00edcio de droga encontrado em uma balan\u00e7a de precis\u00e3o n\u00e3o \u00e9 suficiente para a configura\u00e7\u00e3o do crime de tr\u00e1fico de drogas. Esta decis\u00e3o refor\u00e7a a necessidade de uma prova material robusta para sustentar uma condena\u00e7\u00e3o por tr\u00e1fico.<\/p>\n\n\n\n<p>Em seguida, vejamos os pontos-chave da decis\u00e3o:<\/p>\n\n\n\n<ol class=\"wp-block-list\">\n<li><strong>A materialidade do crime de tr\u00e1fico de drogas exige a apreens\u00e3o efetiva da subst\u00e2ncia il\u00edcita em quantidade pass\u00edvel de ser mensurada e periciada.<\/strong><\/li>\n\n\n\n<li><strong>Resqu\u00edcios n\u00e3o quantific\u00e1veis, mesmo que identificados como droga, n\u00e3o podem ser considerados objeto material do crime de tr\u00e1fico.<\/strong><\/li>\n\n\n\n<li><strong>Elementos circunstanciais, como depoimentos de policiais ou usu\u00e1rios, n\u00e3o s\u00e3o suficientes para suprir a aus\u00eancia de apreens\u00e3o efetiva de drogas.<\/strong><\/li>\n\n\n\n<li><strong>A decis\u00e3o alinha-se com o princ\u00edpio da tipicidade estrita em direito penal e com garantias constitucionais como a presun\u00e7\u00e3o de inoc\u00eancia e o in dubio pro reo.<\/strong><\/li>\n<\/ol>\n\n\n\n<h3 class=\"wp-block-heading\" id=\"h-desafios\"><span id=\"desafios\">Desafios<\/span><\/h3>\n\n\n\n<p>Esta decis\u00e3o do STJ serve como um importante balizador para os tribunais inferiores e \u00f3rg\u00e3os de persecu\u00e7\u00e3o penal, exigindo uma investiga\u00e7\u00e3o mais robusta e uma produ\u00e7\u00e3o probat\u00f3ria mais consistente nos casos de tr\u00e1fico de drogas. Ela reafirma que, por mais que existam ind\u00edcios ou suspeitas, a condena\u00e7\u00e3o por tr\u00e1fico <strong><mark style=\"background-color:rgba(0, 0, 0, 0)\" class=\"has-inline-color has-vivid-cyan-blue-color\">n\u00e3o pode se basear em meros resqu\u00edcios ou em provas circunstanciais<\/mark><\/strong> na aus\u00eancia de uma apreens\u00e3o substancial de drogas.<\/p>\n\n\n\n<p>Ao mesmo tempo, esta decis\u00e3o pode representar desafios para a persecu\u00e7\u00e3o penal em casos onde h\u00e1 fortes ind\u00edcios de tr\u00e1fico, mas n\u00e3o foi poss\u00edvel apreender quantidades significativas de drogas. Isso pode levar a uma necessidade de aprimoramento das t\u00e9cnicas investigativas e de coleta de provas por parte das autoridades policiais.<\/p>\n\n\n\n<p>Em \u00faltima an\u00e1lise, o STJ refor\u00e7a com esta decis\u00e3o que, no <strong><mark style=\"background-color:rgba(0, 0, 0, 0)\" class=\"has-inline-color has-vivid-cyan-blue-color\">delicado equil\u00edbrio entre a efetividade da justi\u00e7a criminal e a prote\u00e7\u00e3o dos direitos individuais<\/mark><\/strong>, a prova material concreta e mensur\u00e1vel deve prevalecer sobre ind\u00edcios e circunst\u00e2ncias quando se trata da configura\u00e7\u00e3o do crime de tr\u00e1fico de drogas.<\/p>\n\n\n\n<hr class=\"wp-block-separator has-alpha-channel-opacity\"\/>\n\n\n\n<h2 class=\"wp-block-heading has-text-align-center\" id=\"h-quer-saber-quais-serao-os-proximos-concursos\"><span id=\"quer-saber-quais-serao-os-proximos-concursos\">Quer saber quais ser\u00e3o os pr\u00f3ximos concursos?<\/span><\/h2>\n\n\n\n<p class=\"has-text-align-center\">Confira nossos\u00a0<a href=\"https:\/\/cj.estrategia.com\/portal\/\" target=\"_blank\" >artigos para Carreiras Jur\u00eddicas<\/a>!<\/p>\n\n\n\n<p class=\"has-text-align-center has-white-color has-pale-cyan-blue-background-color has-text-color has-background has-link-color wp-elements-f3d5123bb0c8e11604d0c8c7f1ea8be8\"><a href=\"https:\/\/www.estrategiaconcursos.com.br\/blog\/concursos-abertos\/\" target=\"_blank\" >Confira os concursos p\u00fablicos abertos<\/a><\/p>\n\n\n\n<p class=\"has-text-align-center has-white-color has-pale-cyan-blue-background-color has-text-color has-background has-link-color wp-elements-94f2aad2f2b05ea3152ac5320a17d121\"><a href=\"https:\/\/cj.estrategia.com\/portal\/web-stories\/\" target=\"_blank\" >Concursos 2024<\/a><\/p>\n","protected":false},"excerpt":{"rendered":"Introdu\u00e7\u00e3o O Superior Tribunal de Justi\u00e7a (STJ), em decis\u00e3o un\u00e2nime da Quinta Turma, proferida em 24\/06\/2024, manteve a&hellip;\n","protected":false},"author":93,"featured_media":74031,"comment_status":"open","ping_status":"open","sticky":false,"template":"","format":"standard","meta":{"_jetpack_memberships_contains_paid_content":false,"footnotes":""},"categories":[1],"tags":[550,336,778,456,782,773,698,775,779,781,774,777,202,783,776],"tax_estado":[30,31,32,33,34,35,36,37,38,39,40,41,42,43,44,45,46,47,48,49,50,51,52,53,54,55,56,57],"class_list":{"0":"post-74008","1":"post","2":"type-post","3":"status-publish","4":"format-standard","5":"has-post-thumbnail","7":"category-carreiras-juridicas","8":"tag-5a-turma-do-stj","9":"tag-analise-juridica","10":"tag-cocaina","11":"tag-concurso-publico","12":"tag-in-dubio-pro-reo","13":"tag-informativo-extraordinario-21","14":"tag-lei-de-drogas","15":"tag-materialidade","16":"tag-persecucao-penal","17":"tag-presuncao-de-inocencia","18":"tag-resp-2-092-011-sc","19":"tag-resquicio-de-drogas","20":"tag-stj","21":"tag-tipicidade-estrita","22":"tag-trafico-de-drogas","23":"tax_estado-ac","24":"tax_estado-al","25":"tax_estado-am","26":"tax_estado-ap","27":"tax_estado-ba","28":"tax_estado-ce","29":"tax_estado-concursos-federais","30":"tax_estado-df","31":"tax_estado-es","32":"tax_estado-go","33":"tax_estado-ma","34":"tax_estado-mg","35":"tax_estado-ms","36":"tax_estado-mt","37":"tax_estado-pa","38":"tax_estado-pb","39":"tax_estado-pe","40":"tax_estado-pi","41":"tax_estado-pr","42":"tax_estado-rj","43":"tax_estado-rn","44":"tax_estado-ro","45":"tax_estado-rr","46":"tax_estado-rs","47":"tax_estado-sc","48":"tax_estado-se","49":"tax_estado-sp","50":"tax_estado-to"},"acf":[],"yoast_head":"<!-- This site is optimized with the Yoast SEO Premium plugin v27.5 (Yoast SEO v27.5) - https:\/\/yoast.com\/product\/yoast-seo-premium-wordpress\/ -->\n<title>Resqu\u00edcio de droga na balan\u00e7a n\u00e3o \u00e9 suficiente para o tr\u00e1fico<\/title>\n<meta name=\"description\" content=\"Decis\u00e3o do STJ pode trazer desafios para persecu\u00e7\u00e3o penal quando h\u00e1 fortes ind\u00edcios de tr\u00e1fico de drogas, mas sem apreens\u00f5es significativas.\" \/>\n<meta name=\"robots\" content=\"index, follow, max-snippet:-1, max-image-preview:large, max-video-preview:-1\" \/>\n<link rel=\"canonical\" href=\"https:\/\/cj.estrategia.com\/portal\/resquicio-droga-balanca-trafico-analise\/\" \/>\n<meta property=\"og:locale\" content=\"pt_BR\" \/>\n<meta property=\"og:type\" content=\"article\" \/>\n<meta property=\"og:title\" content=\"Informativo Extraordin\u00e1rio 21 do STJ \u2013 Resqu\u00edcio de droga na balan\u00e7a n\u00e3o \u00e9 suficiente para o tr\u00e1fico - REsp 2.092.011-SC - An\u00e1lise Jur\u00eddica\" \/>\n<meta property=\"og:description\" content=\"Decis\u00e3o do STJ pode trazer desafios para persecu\u00e7\u00e3o penal quando h\u00e1 fortes ind\u00edcios de tr\u00e1fico de drogas, mas sem apreens\u00f5es significativas.\" \/>\n<meta property=\"og:url\" content=\"https:\/\/cj.estrategia.com\/portal\/resquicio-droga-balanca-trafico-analise\/\" \/>\n<meta property=\"og:site_name\" content=\"Blog - Carreiras Jur\u00eddicas - Estrat\u00e9gia\" \/>\n<meta property=\"article:publisher\" content=\"https:\/\/www.facebook.com\/estrategiacarreirajuridica\/\" \/>\n<meta property=\"article:published_time\" content=\"2024-08-28T12:31:03+00:00\" \/>\n<meta property=\"article:modified_time\" content=\"2024-09-04T18:08:17+00:00\" \/>\n<meta property=\"og:image\" content=\"https:\/\/cj.estrategia.com\/portal\/wp-content\/uploads\/2024\/08\/28092902\/po-powder-scaled.jpg\" \/>\n\t<meta property=\"og:image:width\" content=\"2560\" \/>\n\t<meta property=\"og:image:height\" content=\"960\" \/>\n\t<meta property=\"og:image:type\" content=\"image\/jpeg\" \/>\n<meta name=\"author\" content=\"Felipe Duque\" \/>\n<meta name=\"twitter:card\" content=\"summary_large_image\" \/>\n<meta name=\"twitter:creator\" content=\"@https:\/\/x.com\/ProfessorDuque\" \/>\n<meta name=\"twitter:site\" content=\"@EstratJuridica\" \/>\n<meta name=\"twitter:label1\" content=\"Escrito por\" \/>\n\t<meta name=\"twitter:data1\" content=\"Felipe Duque\" \/>\n\t<meta name=\"twitter:label2\" content=\"Est. tempo de leitura\" \/>\n\t<meta name=\"twitter:data2\" content=\"10 minutos\" \/>\n<script type=\"application\/ld+json\" class=\"yoast-schema-graph\">{\"@context\":\"https:\\\/\\\/schema.org\",\"@graph\":[{\"@type\":\"NewsArticle\",\"@id\":\"https:\\\/\\\/cj.estrategia.com\\\/portal\\\/resquicio-droga-balanca-trafico-analise\\\/#article\",\"isPartOf\":{\"@id\":\"https:\\\/\\\/cj.estrategia.com\\\/portal\\\/resquicio-droga-balanca-trafico-analise\\\/\"},\"author\":{\"name\":\"Felipe Duque\",\"@id\":\"https:\\\/\\\/cj.estrategia.com\\\/portal\\\/#\\\/schema\\\/person\\\/b5b0253b269d7130d1f7770b1ba29285\"},\"headline\":\"Informativo Extraordin\u00e1rio 21 do STJ \u2013 Resqu\u00edcio de droga na balan\u00e7a n\u00e3o \u00e9 suficiente para o tr\u00e1fico &#8211; REsp 2.092.011-SC &#8211; An\u00e1lise Jur\u00eddica\",\"datePublished\":\"2024-08-28T12:31:03+00:00\",\"dateModified\":\"2024-09-04T18:08:17+00:00\",\"mainEntityOfPage\":{\"@id\":\"https:\\\/\\\/cj.estrategia.com\\\/portal\\\/resquicio-droga-balanca-trafico-analise\\\/\"},\"wordCount\":1966,\"commentCount\":0,\"publisher\":{\"@id\":\"https:\\\/\\\/cj.estrategia.com\\\/portal\\\/#organization\"},\"image\":{\"@id\":\"https:\\\/\\\/cj.estrategia.com\\\/portal\\\/resquicio-droga-balanca-trafico-analise\\\/#primaryimage\"},\"thumbnailUrl\":\"https:\\\/\\\/cj.estrategia.com\\\/portal\\\/wp-content\\\/uploads\\\/2024\\\/08\\\/28092902\\\/po-powder-scaled.jpg\",\"keywords\":[\"5\u00aa turma do STJ\",\"an\u00e1lise jur\u00eddica\",\"coca\u00edna\",\"concurso p\u00fablico\",\"in dubio pro reo\",\"informativo extraordin\u00e1rio 21\",\"lei de drogas\",\"materialidade\",\"persecu\u00e7\u00e3o penal\",\"presun\u00e7\u00e3o de inoc\u00eancia\",\"REsp 2.092.011-SC\",\"resqu\u00edcio de drogas\",\"STJ\",\"tipicidade estrita\",\"tr\u00e1fico de drogas\"],\"articleSection\":[\"Carreiras Jur\u00eddicas\"],\"inLanguage\":\"pt-BR\",\"potentialAction\":[{\"@type\":\"CommentAction\",\"name\":\"Comment\",\"target\":[\"https:\\\/\\\/cj.estrategia.com\\\/portal\\\/resquicio-droga-balanca-trafico-analise\\\/#respond\"]}]},{\"@type\":\"WebPage\",\"@id\":\"https:\\\/\\\/cj.estrategia.com\\\/portal\\\/resquicio-droga-balanca-trafico-analise\\\/\",\"url\":\"https:\\\/\\\/cj.estrategia.com\\\/portal\\\/resquicio-droga-balanca-trafico-analise\\\/\",\"name\":\"Resqu\u00edcio de droga na balan\u00e7a n\u00e3o \u00e9 suficiente para o tr\u00e1fico\",\"isPartOf\":{\"@id\":\"https:\\\/\\\/cj.estrategia.com\\\/portal\\\/#website\"},\"primaryImageOfPage\":{\"@id\":\"https:\\\/\\\/cj.estrategia.com\\\/portal\\\/resquicio-droga-balanca-trafico-analise\\\/#primaryimage\"},\"image\":{\"@id\":\"https:\\\/\\\/cj.estrategia.com\\\/portal\\\/resquicio-droga-balanca-trafico-analise\\\/#primaryimage\"},\"thumbnailUrl\":\"https:\\\/\\\/cj.estrategia.com\\\/portal\\\/wp-content\\\/uploads\\\/2024\\\/08\\\/28092902\\\/po-powder-scaled.jpg\",\"datePublished\":\"2024-08-28T12:31:03+00:00\",\"dateModified\":\"2024-09-04T18:08:17+00:00\",\"description\":\"Decis\u00e3o do STJ pode trazer desafios para persecu\u00e7\u00e3o penal quando h\u00e1 fortes ind\u00edcios de tr\u00e1fico de drogas, mas sem apreens\u00f5es significativas.\",\"breadcrumb\":{\"@id\":\"https:\\\/\\\/cj.estrategia.com\\\/portal\\\/resquicio-droga-balanca-trafico-analise\\\/#breadcrumb\"},\"inLanguage\":\"pt-BR\",\"potentialAction\":[{\"@type\":\"ReadAction\",\"target\":[\"https:\\\/\\\/cj.estrategia.com\\\/portal\\\/resquicio-droga-balanca-trafico-analise\\\/\"]}]},{\"@type\":\"ImageObject\",\"inLanguage\":\"pt-BR\",\"@id\":\"https:\\\/\\\/cj.estrategia.com\\\/portal\\\/resquicio-droga-balanca-trafico-analise\\\/#primaryimage\",\"url\":\"https:\\\/\\\/cj.estrategia.com\\\/portal\\\/wp-content\\\/uploads\\\/2024\\\/08\\\/28092902\\\/po-powder-scaled.jpg\",\"contentUrl\":\"https:\\\/\\\/cj.estrategia.com\\\/portal\\\/wp-content\\\/uploads\\\/2024\\\/08\\\/28092902\\\/po-powder-scaled.jpg\",\"width\":2560,\"height\":960},{\"@type\":\"BreadcrumbList\",\"@id\":\"https:\\\/\\\/cj.estrategia.com\\\/portal\\\/resquicio-droga-balanca-trafico-analise\\\/#breadcrumb\",\"itemListElement\":[{\"@type\":\"ListItem\",\"position\":1,\"name\":\"In\u00edcio\",\"item\":\"https:\\\/\\\/cj.estrategia.com\\\/portal\\\/\"},{\"@type\":\"ListItem\",\"position\":2,\"name\":\"Informativo Extraordin\u00e1rio 21 do STJ \u2013 Resqu\u00edcio de droga na balan\u00e7a n\u00e3o \u00e9 suficiente para o tr\u00e1fico &#8211; REsp 2.092.011-SC &#8211; An\u00e1lise Jur\u00eddica\"}]},{\"@type\":\"WebSite\",\"@id\":\"https:\\\/\\\/cj.estrategia.com\\\/portal\\\/#website\",\"url\":\"https:\\\/\\\/cj.estrategia.com\\\/portal\\\/\",\"name\":\"Blog - Carreiras Jur\u00eddicas - Estrat\u00e9gia\",\"description\":\"\",\"publisher\":{\"@id\":\"https:\\\/\\\/cj.estrategia.com\\\/portal\\\/#organization\"},\"potentialAction\":[{\"@type\":\"SearchAction\",\"target\":{\"@type\":\"EntryPoint\",\"urlTemplate\":\"https:\\\/\\\/cj.estrategia.com\\\/portal\\\/?s={search_term_string}\"},\"query-input\":{\"@type\":\"PropertyValueSpecification\",\"valueRequired\":true,\"valueName\":\"search_term_string\"}}],\"inLanguage\":\"pt-BR\"},{\"@type\":\"Organization\",\"@id\":\"https:\\\/\\\/cj.estrategia.com\\\/portal\\\/#organization\",\"name\":\"Estrat\u00e9gia - Carreiras Jur\u00eddicas\",\"url\":\"https:\\\/\\\/cj.estrategia.com\\\/portal\\\/\",\"logo\":{\"@type\":\"ImageObject\",\"inLanguage\":\"pt-BR\",\"@id\":\"https:\\\/\\\/cj.estrategia.com\\\/portal\\\/#\\\/schema\\\/logo\\\/image\\\/\",\"url\":\"https:\\\/\\\/cj.estrategia.com\\\/portal\\\/wp-content\\\/uploads\\\/2022\\\/03\\\/11151052\\\/cj-logo.png\",\"contentUrl\":\"https:\\\/\\\/cj.estrategia.com\\\/portal\\\/wp-content\\\/uploads\\\/2022\\\/03\\\/11151052\\\/cj-logo.png\",\"width\":150,\"height\":39,\"caption\":\"Estrat\u00e9gia - Carreiras Jur\u00eddicas\"},\"image\":{\"@id\":\"https:\\\/\\\/cj.estrategia.com\\\/portal\\\/#\\\/schema\\\/logo\\\/image\\\/\"},\"sameAs\":[\"https:\\\/\\\/www.facebook.com\\\/estrategiacarreirajuridica\\\/\",\"https:\\\/\\\/x.com\\\/EstratJuridica\",\"https:\\\/\\\/www.instagram.com\\\/estrategiacarreirajuridica\\\/\",\"https:\\\/\\\/www.youtube.com\\\/channel\\\/UClbMGuYbj2Mh1m3w144ETWQ\"]},{\"@type\":\"Person\",\"@id\":\"https:\\\/\\\/cj.estrategia.com\\\/portal\\\/#\\\/schema\\\/person\\\/b5b0253b269d7130d1f7770b1ba29285\",\"name\":\"Felipe Duque\",\"image\":{\"@type\":\"ImageObject\",\"inLanguage\":\"pt-BR\",\"@id\":\"https:\\\/\\\/cj.estrategia.com\\\/portal\\\/wp-content\\\/uploads\\\/2024\\\/08\\\/06162009\\\/Captura-de-Tela-2024-08-06-as-16.19.26-96x96.png\",\"url\":\"https:\\\/\\\/cj.estrategia.com\\\/portal\\\/wp-content\\\/uploads\\\/2024\\\/08\\\/06162009\\\/Captura-de-Tela-2024-08-06-as-16.19.26-96x96.png\",\"contentUrl\":\"https:\\\/\\\/cj.estrategia.com\\\/portal\\\/wp-content\\\/uploads\\\/2024\\\/08\\\/06162009\\\/Captura-de-Tela-2024-08-06-as-16.19.26-96x96.png\",\"caption\":\"Felipe Duque\"},\"description\":\"Felipe Duque - Mestre em Direito Pol\u00edtico e Econ\u00f4mico na Mackenzie-SP. Graduado em Direito pela Universidade Cat\u00f3lica de Pernambuco, com conclus\u00e3o pelo regime de Aproveitamento Extraordin\u00e1rio nos Estudos (art. 47, \u00a7 2\u00ba, da Lei n\u00ba 9.394\\\/96). Ex-Assessor de Desembargador no TJPE. Procurador da Fazenda Nacional. Integra voluntariamente a Coordena\u00e7\u00e3o de Assuntos Estrat\u00e9gicos Judiciais da PGFN. Professor do Estrat\u00e9gia Carreira Jur\u00eddica, Estrat\u00e9gia OAB e Buscador Dizer o Direito. Autor do livro \u201cReforma Tribut\u00e1ria Comentada e Esquematizada\u201d, \\\"Manual de Processo Tribut\u00e1rio: Administrativo e Judicial\\\" pela editora Juspodivm Parecerista na Revista de Estudos Jur\u00eddicos do Superior Tribunal de Justi\u00e7a (REJuriSTJ)\",\"sameAs\":[\"http:\\\/\\\/lattes.cnpq.br\\\/5755137268084324\",\"https:\\\/\\\/www.instagram.com\\\/felipe_duque\\\/\",\"https:\\\/\\\/br.linkedin.com\\\/in\\\/felipe-duque-56954638\",\"https:\\\/\\\/x.com\\\/https:\\\/\\\/x.com\\\/ProfessorDuque\",\"https:\\\/\\\/www.youtube.com\\\/@felipeduque-experienciasco5797\"],\"url\":\"https:\\\/\\\/cj.estrategia.com\\\/portal\\\/author\\\/felipe-duque\\\/\"}]}<\/script>\n<!-- \/ Yoast SEO Premium plugin. -->","yoast_head_json":{"title":"Resqu\u00edcio de droga na balan\u00e7a n\u00e3o \u00e9 suficiente para o tr\u00e1fico","description":"Decis\u00e3o do STJ pode trazer desafios para persecu\u00e7\u00e3o penal quando h\u00e1 fortes ind\u00edcios de tr\u00e1fico de drogas, mas sem apreens\u00f5es significativas.","robots":{"index":"index","follow":"follow","max-snippet":"max-snippet:-1","max-image-preview":"max-image-preview:large","max-video-preview":"max-video-preview:-1"},"canonical":"https:\/\/cj.estrategia.com\/portal\/resquicio-droga-balanca-trafico-analise\/","og_locale":"pt_BR","og_type":"article","og_title":"Informativo Extraordin\u00e1rio 21 do STJ \u2013 Resqu\u00edcio de droga na balan\u00e7a n\u00e3o \u00e9 suficiente para o tr\u00e1fico - REsp 2.092.011-SC - An\u00e1lise Jur\u00eddica","og_description":"Decis\u00e3o do STJ pode trazer desafios para persecu\u00e7\u00e3o penal quando h\u00e1 fortes ind\u00edcios de tr\u00e1fico de drogas, mas sem apreens\u00f5es significativas.","og_url":"https:\/\/cj.estrategia.com\/portal\/resquicio-droga-balanca-trafico-analise\/","og_site_name":"Blog - Carreiras Jur\u00eddicas - Estrat\u00e9gia","article_publisher":"https:\/\/www.facebook.com\/estrategiacarreirajuridica\/","article_published_time":"2024-08-28T12:31:03+00:00","article_modified_time":"2024-09-04T18:08:17+00:00","og_image":[{"width":2560,"height":960,"url":"https:\/\/cj.estrategia.com\/portal\/wp-content\/uploads\/2024\/08\/28092902\/po-powder-scaled.jpg","type":"image\/jpeg"}],"author":"Felipe Duque","twitter_card":"summary_large_image","twitter_creator":"@https:\/\/x.com\/ProfessorDuque","twitter_site":"@EstratJuridica","twitter_misc":{"Escrito por":"Felipe Duque","Est. tempo de leitura":"10 minutos"},"schema":{"@context":"https:\/\/schema.org","@graph":[{"@type":"NewsArticle","@id":"https:\/\/cj.estrategia.com\/portal\/resquicio-droga-balanca-trafico-analise\/#article","isPartOf":{"@id":"https:\/\/cj.estrategia.com\/portal\/resquicio-droga-balanca-trafico-analise\/"},"author":{"name":"Felipe Duque","@id":"https:\/\/cj.estrategia.com\/portal\/#\/schema\/person\/b5b0253b269d7130d1f7770b1ba29285"},"headline":"Informativo Extraordin\u00e1rio 21 do STJ \u2013 Resqu\u00edcio de droga na balan\u00e7a n\u00e3o \u00e9 suficiente para o tr\u00e1fico &#8211; REsp 2.092.011-SC &#8211; An\u00e1lise Jur\u00eddica","datePublished":"2024-08-28T12:31:03+00:00","dateModified":"2024-09-04T18:08:17+00:00","mainEntityOfPage":{"@id":"https:\/\/cj.estrategia.com\/portal\/resquicio-droga-balanca-trafico-analise\/"},"wordCount":1966,"commentCount":0,"publisher":{"@id":"https:\/\/cj.estrategia.com\/portal\/#organization"},"image":{"@id":"https:\/\/cj.estrategia.com\/portal\/resquicio-droga-balanca-trafico-analise\/#primaryimage"},"thumbnailUrl":"https:\/\/cj.estrategia.com\/portal\/wp-content\/uploads\/2024\/08\/28092902\/po-powder-scaled.jpg","keywords":["5\u00aa turma do STJ","an\u00e1lise jur\u00eddica","coca\u00edna","concurso p\u00fablico","in dubio pro reo","informativo extraordin\u00e1rio 21","lei de drogas","materialidade","persecu\u00e7\u00e3o penal","presun\u00e7\u00e3o de inoc\u00eancia","REsp 2.092.011-SC","resqu\u00edcio de drogas","STJ","tipicidade estrita","tr\u00e1fico de drogas"],"articleSection":["Carreiras Jur\u00eddicas"],"inLanguage":"pt-BR","potentialAction":[{"@type":"CommentAction","name":"Comment","target":["https:\/\/cj.estrategia.com\/portal\/resquicio-droga-balanca-trafico-analise\/#respond"]}]},{"@type":"WebPage","@id":"https:\/\/cj.estrategia.com\/portal\/resquicio-droga-balanca-trafico-analise\/","url":"https:\/\/cj.estrategia.com\/portal\/resquicio-droga-balanca-trafico-analise\/","name":"Resqu\u00edcio de droga na balan\u00e7a n\u00e3o \u00e9 suficiente para o tr\u00e1fico","isPartOf":{"@id":"https:\/\/cj.estrategia.com\/portal\/#website"},"primaryImageOfPage":{"@id":"https:\/\/cj.estrategia.com\/portal\/resquicio-droga-balanca-trafico-analise\/#primaryimage"},"image":{"@id":"https:\/\/cj.estrategia.com\/portal\/resquicio-droga-balanca-trafico-analise\/#primaryimage"},"thumbnailUrl":"https:\/\/cj.estrategia.com\/portal\/wp-content\/uploads\/2024\/08\/28092902\/po-powder-scaled.jpg","datePublished":"2024-08-28T12:31:03+00:00","dateModified":"2024-09-04T18:08:17+00:00","description":"Decis\u00e3o do STJ pode trazer desafios para persecu\u00e7\u00e3o penal quando h\u00e1 fortes ind\u00edcios de tr\u00e1fico de drogas, mas sem apreens\u00f5es significativas.","breadcrumb":{"@id":"https:\/\/cj.estrategia.com\/portal\/resquicio-droga-balanca-trafico-analise\/#breadcrumb"},"inLanguage":"pt-BR","potentialAction":[{"@type":"ReadAction","target":["https:\/\/cj.estrategia.com\/portal\/resquicio-droga-balanca-trafico-analise\/"]}]},{"@type":"ImageObject","inLanguage":"pt-BR","@id":"https:\/\/cj.estrategia.com\/portal\/resquicio-droga-balanca-trafico-analise\/#primaryimage","url":"https:\/\/cj.estrategia.com\/portal\/wp-content\/uploads\/2024\/08\/28092902\/po-powder-scaled.jpg","contentUrl":"https:\/\/cj.estrategia.com\/portal\/wp-content\/uploads\/2024\/08\/28092902\/po-powder-scaled.jpg","width":2560,"height":960},{"@type":"BreadcrumbList","@id":"https:\/\/cj.estrategia.com\/portal\/resquicio-droga-balanca-trafico-analise\/#breadcrumb","itemListElement":[{"@type":"ListItem","position":1,"name":"In\u00edcio","item":"https:\/\/cj.estrategia.com\/portal\/"},{"@type":"ListItem","position":2,"name":"Informativo Extraordin\u00e1rio 21 do STJ \u2013 Resqu\u00edcio de droga na balan\u00e7a n\u00e3o \u00e9 suficiente para o tr\u00e1fico &#8211; REsp 2.092.011-SC &#8211; An\u00e1lise Jur\u00eddica"}]},{"@type":"WebSite","@id":"https:\/\/cj.estrategia.com\/portal\/#website","url":"https:\/\/cj.estrategia.com\/portal\/","name":"Blog - Carreiras Jur\u00eddicas - Estrat\u00e9gia","description":"","publisher":{"@id":"https:\/\/cj.estrategia.com\/portal\/#organization"},"potentialAction":[{"@type":"SearchAction","target":{"@type":"EntryPoint","urlTemplate":"https:\/\/cj.estrategia.com\/portal\/?s={search_term_string}"},"query-input":{"@type":"PropertyValueSpecification","valueRequired":true,"valueName":"search_term_string"}}],"inLanguage":"pt-BR"},{"@type":"Organization","@id":"https:\/\/cj.estrategia.com\/portal\/#organization","name":"Estrat\u00e9gia - Carreiras Jur\u00eddicas","url":"https:\/\/cj.estrategia.com\/portal\/","logo":{"@type":"ImageObject","inLanguage":"pt-BR","@id":"https:\/\/cj.estrategia.com\/portal\/#\/schema\/logo\/image\/","url":"https:\/\/cj.estrategia.com\/portal\/wp-content\/uploads\/2022\/03\/11151052\/cj-logo.png","contentUrl":"https:\/\/cj.estrategia.com\/portal\/wp-content\/uploads\/2022\/03\/11151052\/cj-logo.png","width":150,"height":39,"caption":"Estrat\u00e9gia - Carreiras Jur\u00eddicas"},"image":{"@id":"https:\/\/cj.estrategia.com\/portal\/#\/schema\/logo\/image\/"},"sameAs":["https:\/\/www.facebook.com\/estrategiacarreirajuridica\/","https:\/\/x.com\/EstratJuridica","https:\/\/www.instagram.com\/estrategiacarreirajuridica\/","https:\/\/www.youtube.com\/channel\/UClbMGuYbj2Mh1m3w144ETWQ"]},{"@type":"Person","@id":"https:\/\/cj.estrategia.com\/portal\/#\/schema\/person\/b5b0253b269d7130d1f7770b1ba29285","name":"Felipe Duque","image":{"@type":"ImageObject","inLanguage":"pt-BR","@id":"https:\/\/cj.estrategia.com\/portal\/wp-content\/uploads\/2024\/08\/06162009\/Captura-de-Tela-2024-08-06-as-16.19.26-96x96.png","url":"https:\/\/cj.estrategia.com\/portal\/wp-content\/uploads\/2024\/08\/06162009\/Captura-de-Tela-2024-08-06-as-16.19.26-96x96.png","contentUrl":"https:\/\/cj.estrategia.com\/portal\/wp-content\/uploads\/2024\/08\/06162009\/Captura-de-Tela-2024-08-06-as-16.19.26-96x96.png","caption":"Felipe Duque"},"description":"Felipe Duque - Mestre em Direito Pol\u00edtico e Econ\u00f4mico na Mackenzie-SP. Graduado em Direito pela Universidade Cat\u00f3lica de Pernambuco, com conclus\u00e3o pelo regime de Aproveitamento Extraordin\u00e1rio nos Estudos (art. 47, \u00a7 2\u00ba, da Lei n\u00ba 9.394\/96). Ex-Assessor de Desembargador no TJPE. Procurador da Fazenda Nacional. Integra voluntariamente a Coordena\u00e7\u00e3o de Assuntos Estrat\u00e9gicos Judiciais da PGFN. Professor do Estrat\u00e9gia Carreira Jur\u00eddica, Estrat\u00e9gia OAB e Buscador Dizer o Direito. Autor do livro \u201cReforma Tribut\u00e1ria Comentada e Esquematizada\u201d, \"Manual de Processo Tribut\u00e1rio: Administrativo e Judicial\" pela editora Juspodivm Parecerista na Revista de Estudos Jur\u00eddicos do Superior Tribunal de Justi\u00e7a (REJuriSTJ)","sameAs":["http:\/\/lattes.cnpq.br\/5755137268084324","https:\/\/www.instagram.com\/felipe_duque\/","https:\/\/br.linkedin.com\/in\/felipe-duque-56954638","https:\/\/x.com\/https:\/\/x.com\/ProfessorDuque","https:\/\/www.youtube.com\/@felipeduque-experienciasco5797"],"url":"https:\/\/cj.estrategia.com\/portal\/author\/felipe-duque\/"}]}},"jetpack_featured_media_url":"https:\/\/cj.estrategia.com\/portal\/wp-content\/uploads\/2024\/08\/28092902\/po-powder-scaled.jpg","jetpack_sharing_enabled":true,"_links":{"self":[{"href":"https:\/\/cj.estrategia.com\/portal\/wp-json\/wp\/v2\/posts\/74008","targetHints":{"allow":["GET"]}}],"collection":[{"href":"https:\/\/cj.estrategia.com\/portal\/wp-json\/wp\/v2\/posts"}],"about":[{"href":"https:\/\/cj.estrategia.com\/portal\/wp-json\/wp\/v2\/types\/post"}],"author":[{"embeddable":true,"href":"https:\/\/cj.estrategia.com\/portal\/wp-json\/wp\/v2\/users\/93"}],"replies":[{"embeddable":true,"href":"https:\/\/cj.estrategia.com\/portal\/wp-json\/wp\/v2\/comments?post=74008"}],"version-history":[{"count":0,"href":"https:\/\/cj.estrategia.com\/portal\/wp-json\/wp\/v2\/posts\/74008\/revisions"}],"wp:featuredmedia":[{"embeddable":true,"href":"https:\/\/cj.estrategia.com\/portal\/wp-json\/wp\/v2\/media\/74031"}],"wp:attachment":[{"href":"https:\/\/cj.estrategia.com\/portal\/wp-json\/wp\/v2\/media?parent=74008"}],"wp:term":[{"taxonomy":"category","embeddable":true,"href":"https:\/\/cj.estrategia.com\/portal\/wp-json\/wp\/v2\/categories?post=74008"},{"taxonomy":"post_tag","embeddable":true,"href":"https:\/\/cj.estrategia.com\/portal\/wp-json\/wp\/v2\/tags?post=74008"},{"taxonomy":"tax_estado","embeddable":true,"href":"https:\/\/cj.estrategia.com\/portal\/wp-json\/wp\/v2\/tax_estado?post=74008"}],"curies":[{"name":"wp","href":"https:\/\/api.w.org\/{rel}","templated":true}]}}