{"id":73748,"date":"2024-08-24T17:50:44","date_gmt":"2024-08-24T20:50:44","guid":{"rendered":"https:\/\/cj.estrategia.com\/portal\/?p=73748"},"modified":"2024-08-25T19:34:04","modified_gmt":"2024-08-25T22:34:04","slug":"erro-evitavel-maconha-responsabilizacao-penal","status":"publish","type":"post","link":"https:\/\/cj.estrategia.com\/portal\/erro-evitavel-maconha-responsabilizacao-penal\/","title":{"rendered":"Maconha e erro evit\u00e1vel: a falta de consci\u00eancia da ilicitude pode livrar da responsabiliza\u00e7\u00e3o penal?"},"content":{"rendered":"\n<p>O artigo explora a conduta de um <strong><mark style=\"background-color:rgba(0, 0, 0, 0)\" class=\"has-inline-color has-luminous-vivid-orange-color\">casal norte-americano que cultivava maconha no Brasil, alegando desconhecer que se tratava de crime<\/mark><\/strong>. Abordamos se e como essa condi\u00e7\u00e3o pode influenciar a responsabiliza\u00e7\u00e3o penal dos agentes.<\/p>\n\n\n\n<p>Uma reportagem narra que um casal norte-americano foi preso por plantar maconha no interior do estado de Goi\u00e1s. Em sua defesa eles disseram desconhecer que o fato se tratava de crime.<\/p>\n\n\n\n<p>Vamos a uma an\u00e1lise jur\u00eddica do caso.<\/p>\n\n\n\n<h2 class=\"wp-block-heading\" id=\"h-lei-de-drogas\"><span id=\"lei-de-drogas\">Lei de Drogas<\/span><\/h2>\n\n\n\n<h3 class=\"wp-block-heading\" id=\"h-cultivo\"><span id=\"cultivo\">Cultivo<\/span><\/h3>\n\n\n\n<p>A conduta em quest\u00e3o, em princ\u00edpio, constitui crime. O <strong><mark style=\"background-color:rgba(0, 0, 0, 0)\" class=\"has-inline-color has-luminous-vivid-orange-color\">artigo 33<\/mark><\/strong>, \u00a71\u00ba, II, diz que incorre nas mesmas penas do caput, quem<\/p>\n\n\n\n<pre class=\"wp-block-preformatted\">\u201csemeia, cultiva ou faz a colheita, sem autoriza\u00e7\u00e3o ou em desacordo com determina\u00e7\u00e3o legal ou regulamentar, de plantas que se constituam em mat\u00e9ria-prima para a prepara\u00e7\u00e3o de drogas\u201d.<\/pre>\n\n\n\n<p>Mas cuidado, porque o <strong><mark style=\"background-color:rgba(0, 0, 0, 0)\" class=\"has-inline-color has-luminous-vivid-orange-color\">artigo 28<\/mark><\/strong>, \u00a71\u00ba, da<strong> Lei 11.343\/06 <\/strong>tem previs\u00e3o <strong><mark style=\"background-color:rgba(0, 0, 0, 0)\" class=\"has-inline-color has-luminous-vivid-orange-color\">similar<\/mark><\/strong>, por\u00e9m prev\u00ea uma <strong>finalidade diversa<\/strong>:<\/p>\n\n\n\n<pre class=\"wp-block-preformatted\">\u201c\u00c0s mesmas medidas submete-se quem, para seu consumo pessoal, semeia, cultiva ou colhe plantas destinadas \u00e0 prepara\u00e7\u00e3o de pequena quantidade de subst\u00e2ncia ou produto capaz de causar depend\u00eancia f\u00edsica ou ps\u00edquica\u201d.<\/pre>\n\n\n\n<p>Para incidir numa ou noutra conduta \u00e9 necess\u00e1rio avaliar para qual finalidade se d\u00e1 o semear, cultivar ou colher plantas.<\/p>\n\n\n\n<h3 class=\"wp-block-heading\" id=\"h-uso-pessoal\"><span id=\"uso-pessoal\">Uso pessoal<\/span><\/h3>\n\n\n\n<div class=\"wp-block-media-text is-stacked-on-mobile\"><figure class=\"wp-block-media-text__media\"><img decoding=\"async\" width=\"1024\" height=\"682\" src=\"https:\/\/cj.estrategia.com\/portal\/wp-content\/uploads\/2024\/08\/24174538\/maconha-uso-pessoal-cigarro-1024x682.jpg\" alt=\"Erro\" class=\"wp-image-73749 size-full\" srcset=\"https:\/\/cj.estrategia.com\/portal\/wp-content\/uploads\/2024\/08\/24174538\/maconha-uso-pessoal-cigarro-1024x682.jpg 1024w, https:\/\/cj.estrategia.com\/portal\/wp-content\/uploads\/2024\/08\/24174538\/maconha-uso-pessoal-cigarro-300x200.jpg 300w, https:\/\/cj.estrategia.com\/portal\/wp-content\/uploads\/2024\/08\/24174538\/maconha-uso-pessoal-cigarro-768x512.jpg 768w, https:\/\/cj.estrategia.com\/portal\/wp-content\/uploads\/2024\/08\/24174538\/maconha-uso-pessoal-cigarro-380x253.jpg 380w, https:\/\/cj.estrategia.com\/portal\/wp-content\/uploads\/2024\/08\/24174538\/maconha-uso-pessoal-cigarro-800x533.jpg 800w, https:\/\/cj.estrategia.com\/portal\/wp-content\/uploads\/2024\/08\/24174538\/maconha-uso-pessoal-cigarro-150x100.jpg 150w, https:\/\/cj.estrategia.com\/portal\/wp-content\/uploads\/2024\/08\/24174538\/maconha-uso-pessoal-cigarro.jpg 1060w\" sizes=\"(max-width: 1024px) 100vw, 1024px\" \/><\/figure><div class=\"wp-block-media-text__content\">\n<p>Se para <strong>consumo pr\u00f3prio<\/strong>, teremos a infra\u00e7\u00e3o do artigo 28, com todas aquelas consequ\u00eancias advindas da recente decis\u00e3o do STF, que descriminalizou a conduta, mas reconheceu o seu car\u00e1ter il\u00edcito (il\u00edcito administrativo). Se, por\u00e9m, o entorpecente se destinar \u00e0 entrega ao consumo de terceiros, teremos o crime de <strong>tr\u00e1fico<\/strong>.<\/p>\n<\/div><\/div>\n\n\n\n<p>O pr\u00f3prio legislador trouxe alguns crit\u00e9rios para a identifica\u00e7\u00e3o dessa finalidade (artigo 28, \u00a72\u00ba). O juiz deve se atentar para<\/p>\n\n\n\n<pre class=\"wp-block-preformatted\">\u201ca natureza e \u00e0 quantidade da subst\u00e2ncia apreendida, ao local e \u00e0s condi\u00e7\u00f5es em que se desenvolveu a a\u00e7\u00e3o, \u00e0s circunst\u00e2ncias sociais e pessoais, bem como \u00e0 conduta e aos antecedentes do agente.\u201d<\/pre>\n\n\n\n<h3 class=\"wp-block-heading\" id=\"h-planta-femea-e-planta-macho-tipificacao-da-conduta\"><span id=\"planta-femea-e-planta-macho-tipificacao-da-conduta\">Planta f\u00eamea e planta macho &#8211; tipifica\u00e7\u00e3o da conduta<\/span><\/h3>\n\n\n\n<p>E mais um detalhe. A decis\u00e3o do STF fez um corte: at\u00e9 40 gramas de maconha e 6 plantas f\u00eameas, presume-se o infrator usu\u00e1rio. Trata-se de <mark style=\"background-color:rgba(0, 0, 0, 0)\" class=\"has-inline-color has-luminous-vivid-orange-color\"><strong>presun\u00e7\u00e3o relativa<\/strong><\/mark>, que pode ser desconstitu\u00edda a partir de indicativos outros da trafic\u00e2ncia, como aqueles previstos no artigo 28, \u00a72\u00ba, da Lei 11.343\/06.<\/p>\n\n\n\n<p>A refer\u00eancia expressa \u00e0 planta f\u00eamea se justifica porque ela produz a flor, que tem uma alta concentra\u00e7\u00e3o de THC<sup data-fn=\"bba3f285-1c7a-4e27-8a97-b722a7fdae42\" class=\"fn\"><a href=\"#bba3f285-1c7a-4e27-8a97-b722a7fdae42\" id=\"bba3f285-1c7a-4e27-8a97-b722a7fdae42-link\">1<\/a><\/sup>,\u00a0que \u00e9 o princ\u00edpio ativo constante da Portaria 344, da SVS\/ANVISA.<\/p>\n\n\n\n<p>Os crimes de tr\u00e1fico e uso s\u00e3o <strong>tipo penal aberto<\/strong>. A lei n\u00e3o diz o que \u00e9 droga, deixando a cargo do Executivo a defini\u00e7\u00e3o de quais subst\u00e2ncias s\u00e3o proscritas, que, no caso, \u00e9 a aludida Portaria.<\/p>\n\n\n\n<p>As plantas macho, por sua vez, produzem p\u00f3len, possibilitando a fertiliza\u00e7\u00e3o, e, outrossim, a reprodu\u00e7\u00e3o, mas com baixa concentra\u00e7\u00e3o de THC.<\/p>\n\n\n\n<p>Dessa forma, precisamos avaliar na conduta do casal: 1- se as plantas eram f\u00eameas; e 2- qual a finalidade do cultivo?<\/p>\n\n\n\n<p>O sexo da planta \u00e9 decisivo para a pr\u00f3pria tipifica\u00e7\u00e3o da conduta. Se do sexo masculino, o fato \u00e9 at\u00edpico, em virtude da aus\u00eancia (ou baixa quantidade) de THC. Se n\u00e3o h\u00e1 droga, n\u00e3o h\u00e1 crime.<\/p>\n\n\n\n<p>Havendo plantas f\u00eameas \u00e9 necess\u00e1rio identificar a finalidade do cultivo. Se para o consumo do pr\u00f3prio casal, independentemente da quantidade de plantas, teremos a figura do artigo 28, \u00a71\u00ba.<\/p>\n\n\n\n<p>O referencial de 6 plantas \u00e9 apenas para identifica\u00e7\u00e3o de um par\u00e2metro, que enseja uma presun\u00e7\u00e3o relativa (e n\u00e3o absoluta).<\/p>\n\n\n\n<h2 class=\"wp-block-heading\" id=\"h-voltando-ao-caso\"><span id=\"voltando-ao-caso\">Voltando ao caso<\/span><\/h2>\n\n\n\n<p>Precisar\u00edamos de mais informa\u00e7\u00f5es para identificar o prop\u00f3sito do casal. Aparentemente o volume era grande, pois eles estavam montando um esquema de irriga\u00e7\u00e3o para possibilitar o cultivo.<\/p>\n\n\n\n<p>Mas apenas isso n\u00e3o basta. <strong>S\u00e3o necess\u00e1rios outros dados<\/strong>. Ali\u00e1s, o pr\u00f3prio artigo 28, \u00a72\u00ba, traz outros elementos objetivos para a aferi\u00e7\u00e3o do elemento subjetivo.<\/p>\n\n\n\n<p>Vamos agora \u00e0 cereja do bolo, que \u00e9 o alegado <strong><mark style=\"background-color:rgba(0, 0, 0, 0)\" class=\"has-inline-color has-luminous-vivid-orange-color\">desconhecimento da ilicitude do fato<\/mark><\/strong>.<\/p>\n\n\n\n<p>Vejam o que diz o artigo 21, do CP:<\/p>\n\n\n\n<p class=\"has-cyan-bluish-gray-background-color has-background\"><strong>Art. 21 &#8211; O desconhecimento da lei \u00e9 inescus\u00e1vel. O erro sobre a ilicitude do fato, se inevit\u00e1vel, isenta de pena; se evit\u00e1vel, poder\u00e1 diminui-la de um sexto a um ter\u00e7o.<\/strong><\/p>\n\n\n\n<p>O par\u00e1grafo \u00fanico do aludido dispositivo esclarece no que consiste o erro evit\u00e1vel:<\/p>\n\n\n\n<p class=\"has-cyan-bluish-gray-background-color has-background\"><strong>Considera-se evit\u00e1vel o erro se o agente atua ou se omite sem a consci\u00eancia da ilicitude do fato, quando lhe era poss\u00edvel, nas circunst\u00e2ncias, ter ou atingir essa consci\u00eancia.<\/strong><\/p>\n\n\n\n<p><strong><mark style=\"background-color:rgba(0, 0, 0, 0)\" class=\"has-inline-color has-luminous-vivid-orange-color\">N\u00e3o nos parece que o erro alegado pelo casal seja escus\u00e1vel.<\/mark><\/strong><\/p>\n\n\n\n<p>Embora estrangeiros eles eram residentes no Brasil, e, portanto, tinham condi\u00e7\u00f5es de ter a consci\u00eancia da ilicitude do fato.<\/p>\n\n\n\n<p>Dessa forma, devem sim ser responsabilizados, seja pelo crime de posse de droga para consumo pessoal, seja para o tr\u00e1fico.<\/p>\n\n\n\n<hr class=\"wp-block-separator has-alpha-channel-opacity\"\/>\n\n\n<ol class=\"wp-block-footnotes\"><li id=\"bba3f285-1c7a-4e27-8a97-b722a7fdae42\">Dispon\u00edvel em: &lt;https:\/\/noticias.uol.com.br\/cotidiano\/ultimas-noticias\/2024\/06\/28\/porte-de-maconha-diferenca-plantas-macho-e-femea.htm>. <a href=\"#bba3f285-1c7a-4e27-8a97-b722a7fdae42-link\" aria-label=\"Ir para a refer\u00eancia 1 na nota de rodap\u00e9\">\u21a9\ufe0e<\/a><\/li><\/ol>\n\n\n<hr class=\"wp-block-separator has-alpha-channel-opacity\"\/>\n\n\n\n<h2 class=\"wp-block-heading has-text-align-center\" id=\"h-quer-saber-quais-serao-os-proximos-concursos\"><span id=\"quer-saber-quais-serao-os-proximos-concursos\">Quer saber quais ser\u00e3o os pr\u00f3ximos concursos?<\/span><\/h2>\n\n\n\n<p class=\"has-text-align-center\">Confira nossos&nbsp;<a href=\"https:\/\/cj.estrategia.com\/portal\/\" target=\"_blank\" >artigos para Carreiras Jur\u00eddicas<\/a>!<\/p>\n\n\n\n<p class=\"has-text-align-center has-white-color has-pale-cyan-blue-background-color has-text-color has-background has-link-color wp-elements-f3d5123bb0c8e11604d0c8c7f1ea8be8\"><a href=\"https:\/\/www.estrategiaconcursos.com.br\/blog\/concursos-abertos\/\" target=\"_blank\" >Confira os concursos p\u00fablicos abertos<\/a><\/p>\n\n\n\n<p class=\"has-text-align-center has-white-color has-pale-cyan-blue-background-color has-text-color has-background has-link-color wp-elements-94f2aad2f2b05ea3152ac5320a17d121\"><a href=\"https:\/\/cj.estrategia.com\/portal\/web-stories\/\" target=\"_blank\" >Concursos 2024<\/a><\/p>\n","protected":false},"excerpt":{"rendered":"O artigo explora a conduta de um casal norte-americano que cultivava maconha no Brasil, alegando desconhecer que se&hellip;\n","protected":false},"author":63,"featured_media":73750,"comment_status":"open","ping_status":"open","sticky":false,"template":"","format":"standard","meta":{"_jetpack_memberships_contains_paid_content":false,"footnotes":"[{\"content\":\"Dispon\u00edvel em: &lt;https:\/\/noticias.uol.com.br\/cotidiano\/ultimas-noticias\/2024\/06\/28\/porte-de-maconha-diferenca-plantas-macho-e-femea.htm>.\",\"id\":\"bba3f285-1c7a-4e27-8a97-b722a7fdae42\"}]"},"categories":[1],"tags":[696,705,706,704,703,697,699,698,477,700,701,702],"tax_estado":[30,31,32,33,34,35,36,37,38,39,40,41,42,43,44,45,46,47,48,49,50,51,52,53,54,55,56,57],"class_list":{"0":"post-73748","1":"post","2":"type-post","3":"status-publish","4":"format-standard","5":"has-post-thumbnail","7":"category-carreiras-juridicas","8":"tag-casal-estrangeiro","9":"tag-casal-norte-americano","10":"tag-consciencia-da-ilicitude","11":"tag-consumo-pessoal-da-maconha","12":"tag-cultivo-da-maconha","13":"tag-erro-evitavel","14":"tag-lei-11-343-2006","15":"tag-lei-de-drogas","16":"tag-maconha","17":"tag-planta-femea","18":"tag-planta-macho","19":"tag-presuncao-relativa","20":"tax_estado-ac","21":"tax_estado-al","22":"tax_estado-am","23":"tax_estado-ap","24":"tax_estado-ba","25":"tax_estado-ce","26":"tax_estado-concursos-federais","27":"tax_estado-df","28":"tax_estado-es","29":"tax_estado-go","30":"tax_estado-ma","31":"tax_estado-mg","32":"tax_estado-ms","33":"tax_estado-mt","34":"tax_estado-pa","35":"tax_estado-pb","36":"tax_estado-pe","37":"tax_estado-pi","38":"tax_estado-pr","39":"tax_estado-rj","40":"tax_estado-rn","41":"tax_estado-ro","42":"tax_estado-rr","43":"tax_estado-rs","44":"tax_estado-sc","45":"tax_estado-se","46":"tax_estado-sp","47":"tax_estado-to"},"acf":[],"yoast_head":"<!-- This site is optimized with the Yoast SEO Premium plugin v27.4 (Yoast SEO v27.4) - https:\/\/yoast.com\/product\/yoast-seo-premium-wordpress\/ -->\n<title>Erro evit\u00e1vel e maconha: influ\u00eancia na responsabiliza\u00e7\u00e3o penal<\/title>\n<meta name=\"description\" content=\"Um casal norte-americano foi preso por plantar maconha no Brasil. Em sua defesa, disse desconhecer que o fato se tratava de crime.\" \/>\n<meta name=\"robots\" content=\"index, follow, max-snippet:-1, max-image-preview:large, max-video-preview:-1\" \/>\n<link rel=\"canonical\" href=\"https:\/\/cj.estrategia.com\/portal\/erro-evitavel-maconha-responsabilizacao-penal\/\" \/>\n<meta property=\"og:locale\" content=\"pt_BR\" \/>\n<meta property=\"og:type\" content=\"article\" \/>\n<meta property=\"og:title\" content=\"Maconha e erro evit\u00e1vel: a falta de consci\u00eancia da ilicitude pode livrar da responsabiliza\u00e7\u00e3o penal?\" \/>\n<meta property=\"og:description\" content=\"Um casal norte-americano foi preso por plantar maconha no Brasil. Em sua defesa, disse desconhecer que o fato se tratava de crime.\" \/>\n<meta property=\"og:url\" content=\"https:\/\/cj.estrategia.com\/portal\/erro-evitavel-maconha-responsabilizacao-penal\/\" \/>\n<meta property=\"og:site_name\" content=\"Blog - Carreiras Jur\u00eddicas - Estrat\u00e9gia\" \/>\n<meta property=\"article:publisher\" content=\"https:\/\/www.facebook.com\/estrategiacarreirajuridica\/\" \/>\n<meta property=\"article:published_time\" content=\"2024-08-24T20:50:44+00:00\" \/>\n<meta property=\"article:modified_time\" content=\"2024-08-25T22:34:04+00:00\" \/>\n<meta property=\"og:image\" content=\"https:\/\/cj.estrategia.com\/portal\/wp-content\/uploads\/2024\/08\/24174549\/maconha-marijuana.jpg\" \/>\n\t<meta property=\"og:image:width\" content=\"1060\" \/>\n\t<meta property=\"og:image:height\" content=\"706\" \/>\n\t<meta property=\"og:image:type\" content=\"image\/jpeg\" \/>\n<meta name=\"author\" content=\"Guilherme Rezende\" \/>\n<meta name=\"twitter:card\" content=\"summary_large_image\" \/>\n<meta name=\"twitter:creator\" content=\"@EstratJuridica\" \/>\n<meta name=\"twitter:site\" content=\"@EstratJuridica\" \/>\n<meta name=\"twitter:label1\" content=\"Escrito por\" \/>\n\t<meta name=\"twitter:data1\" content=\"Guilherme Rezende\" \/>\n\t<meta name=\"twitter:label2\" content=\"Est. tempo de leitura\" \/>\n\t<meta name=\"twitter:data2\" content=\"5 minutos\" \/>\n<script type=\"application\/ld+json\" class=\"yoast-schema-graph\">{\"@context\":\"https:\\\/\\\/schema.org\",\"@graph\":[{\"@type\":\"NewsArticle\",\"@id\":\"https:\\\/\\\/cj.estrategia.com\\\/portal\\\/erro-evitavel-maconha-responsabilizacao-penal\\\/#article\",\"isPartOf\":{\"@id\":\"https:\\\/\\\/cj.estrategia.com\\\/portal\\\/erro-evitavel-maconha-responsabilizacao-penal\\\/\"},\"author\":{\"name\":\"Guilherme Rezende\",\"@id\":\"https:\\\/\\\/cj.estrategia.com\\\/portal\\\/#\\\/schema\\\/person\\\/b8eb01d117c3441103d953565489f91a\"},\"headline\":\"Maconha e erro evit\u00e1vel: a falta de consci\u00eancia da ilicitude pode livrar da responsabiliza\u00e7\u00e3o penal?\",\"datePublished\":\"2024-08-24T20:50:44+00:00\",\"dateModified\":\"2024-08-25T22:34:04+00:00\",\"mainEntityOfPage\":{\"@id\":\"https:\\\/\\\/cj.estrategia.com\\\/portal\\\/erro-evitavel-maconha-responsabilizacao-penal\\\/\"},\"wordCount\":755,\"commentCount\":0,\"publisher\":{\"@id\":\"https:\\\/\\\/cj.estrategia.com\\\/portal\\\/#organization\"},\"image\":{\"@id\":\"https:\\\/\\\/cj.estrategia.com\\\/portal\\\/erro-evitavel-maconha-responsabilizacao-penal\\\/#primaryimage\"},\"thumbnailUrl\":\"https:\\\/\\\/cj.estrategia.com\\\/portal\\\/wp-content\\\/uploads\\\/2024\\\/08\\\/24174549\\\/maconha-marijuana.jpg\",\"keywords\":[\"casal estrangeiro\",\"casal norte-americano\",\"consci\u00eancia da ilicitude\",\"consumo pessoal da maconha\",\"cultivo da maconha\",\"erro evit\u00e1vel\",\"lei 11.343\\\/2006\",\"lei de drogas\",\"maconha\",\"planta f\u00eamea\",\"planta macho\",\"presun\u00e7\u00e3o relativa\"],\"articleSection\":[\"Carreiras Jur\u00eddicas\"],\"inLanguage\":\"pt-BR\",\"potentialAction\":[{\"@type\":\"CommentAction\",\"name\":\"Comment\",\"target\":[\"https:\\\/\\\/cj.estrategia.com\\\/portal\\\/erro-evitavel-maconha-responsabilizacao-penal\\\/#respond\"]}]},{\"@type\":\"WebPage\",\"@id\":\"https:\\\/\\\/cj.estrategia.com\\\/portal\\\/erro-evitavel-maconha-responsabilizacao-penal\\\/\",\"url\":\"https:\\\/\\\/cj.estrategia.com\\\/portal\\\/erro-evitavel-maconha-responsabilizacao-penal\\\/\",\"name\":\"Erro evit\u00e1vel e maconha: influ\u00eancia na responsabiliza\u00e7\u00e3o penal\",\"isPartOf\":{\"@id\":\"https:\\\/\\\/cj.estrategia.com\\\/portal\\\/#website\"},\"primaryImageOfPage\":{\"@id\":\"https:\\\/\\\/cj.estrategia.com\\\/portal\\\/erro-evitavel-maconha-responsabilizacao-penal\\\/#primaryimage\"},\"image\":{\"@id\":\"https:\\\/\\\/cj.estrategia.com\\\/portal\\\/erro-evitavel-maconha-responsabilizacao-penal\\\/#primaryimage\"},\"thumbnailUrl\":\"https:\\\/\\\/cj.estrategia.com\\\/portal\\\/wp-content\\\/uploads\\\/2024\\\/08\\\/24174549\\\/maconha-marijuana.jpg\",\"datePublished\":\"2024-08-24T20:50:44+00:00\",\"dateModified\":\"2024-08-25T22:34:04+00:00\",\"description\":\"Um casal norte-americano foi preso por plantar maconha no Brasil. Em sua defesa, disse desconhecer que o fato se tratava de crime.\",\"breadcrumb\":{\"@id\":\"https:\\\/\\\/cj.estrategia.com\\\/portal\\\/erro-evitavel-maconha-responsabilizacao-penal\\\/#breadcrumb\"},\"inLanguage\":\"pt-BR\",\"potentialAction\":[{\"@type\":\"ReadAction\",\"target\":[\"https:\\\/\\\/cj.estrategia.com\\\/portal\\\/erro-evitavel-maconha-responsabilizacao-penal\\\/\"]}]},{\"@type\":\"ImageObject\",\"inLanguage\":\"pt-BR\",\"@id\":\"https:\\\/\\\/cj.estrategia.com\\\/portal\\\/erro-evitavel-maconha-responsabilizacao-penal\\\/#primaryimage\",\"url\":\"https:\\\/\\\/cj.estrategia.com\\\/portal\\\/wp-content\\\/uploads\\\/2024\\\/08\\\/24174549\\\/maconha-marijuana.jpg\",\"contentUrl\":\"https:\\\/\\\/cj.estrategia.com\\\/portal\\\/wp-content\\\/uploads\\\/2024\\\/08\\\/24174549\\\/maconha-marijuana.jpg\",\"width\":1060,\"height\":706},{\"@type\":\"BreadcrumbList\",\"@id\":\"https:\\\/\\\/cj.estrategia.com\\\/portal\\\/erro-evitavel-maconha-responsabilizacao-penal\\\/#breadcrumb\",\"itemListElement\":[{\"@type\":\"ListItem\",\"position\":1,\"name\":\"In\u00edcio\",\"item\":\"https:\\\/\\\/cj.estrategia.com\\\/portal\\\/\"},{\"@type\":\"ListItem\",\"position\":2,\"name\":\"Maconha e erro evit\u00e1vel: a falta de consci\u00eancia da ilicitude pode livrar da responsabiliza\u00e7\u00e3o penal?\"}]},{\"@type\":\"WebSite\",\"@id\":\"https:\\\/\\\/cj.estrategia.com\\\/portal\\\/#website\",\"url\":\"https:\\\/\\\/cj.estrategia.com\\\/portal\\\/\",\"name\":\"Blog - Carreiras Jur\u00eddicas - Estrat\u00e9gia\",\"description\":\"\",\"publisher\":{\"@id\":\"https:\\\/\\\/cj.estrategia.com\\\/portal\\\/#organization\"},\"potentialAction\":[{\"@type\":\"SearchAction\",\"target\":{\"@type\":\"EntryPoint\",\"urlTemplate\":\"https:\\\/\\\/cj.estrategia.com\\\/portal\\\/?s={search_term_string}\"},\"query-input\":{\"@type\":\"PropertyValueSpecification\",\"valueRequired\":true,\"valueName\":\"search_term_string\"}}],\"inLanguage\":\"pt-BR\"},{\"@type\":\"Organization\",\"@id\":\"https:\\\/\\\/cj.estrategia.com\\\/portal\\\/#organization\",\"name\":\"Estrat\u00e9gia - Carreiras Jur\u00eddicas\",\"url\":\"https:\\\/\\\/cj.estrategia.com\\\/portal\\\/\",\"logo\":{\"@type\":\"ImageObject\",\"inLanguage\":\"pt-BR\",\"@id\":\"https:\\\/\\\/cj.estrategia.com\\\/portal\\\/#\\\/schema\\\/logo\\\/image\\\/\",\"url\":\"https:\\\/\\\/cj.estrategia.com\\\/portal\\\/wp-content\\\/uploads\\\/2022\\\/03\\\/11151052\\\/cj-logo.png\",\"contentUrl\":\"https:\\\/\\\/cj.estrategia.com\\\/portal\\\/wp-content\\\/uploads\\\/2022\\\/03\\\/11151052\\\/cj-logo.png\",\"width\":150,\"height\":39,\"caption\":\"Estrat\u00e9gia - Carreiras Jur\u00eddicas\"},\"image\":{\"@id\":\"https:\\\/\\\/cj.estrategia.com\\\/portal\\\/#\\\/schema\\\/logo\\\/image\\\/\"},\"sameAs\":[\"https:\\\/\\\/www.facebook.com\\\/estrategiacarreirajuridica\\\/\",\"https:\\\/\\\/x.com\\\/EstratJuridica\",\"https:\\\/\\\/www.instagram.com\\\/estrategiacarreirajuridica\\\/\",\"https:\\\/\\\/www.youtube.com\\\/channel\\\/UClbMGuYbj2Mh1m3w144ETWQ\"]},{\"@type\":\"Person\",\"@id\":\"https:\\\/\\\/cj.estrategia.com\\\/portal\\\/#\\\/schema\\\/person\\\/b8eb01d117c3441103d953565489f91a\",\"name\":\"Guilherme Rezende\",\"image\":{\"@type\":\"ImageObject\",\"inLanguage\":\"pt-BR\",\"@id\":\"https:\\\/\\\/cj.estrategia.com\\\/portal\\\/wp-content\\\/uploads\\\/2024\\\/02\\\/22174655\\\/professor-guilherme-resende-estrategia-concursos-ecj-96x96.jpeg\",\"url\":\"https:\\\/\\\/cj.estrategia.com\\\/portal\\\/wp-content\\\/uploads\\\/2024\\\/02\\\/22174655\\\/professor-guilherme-resende-estrategia-concursos-ecj-96x96.jpeg\",\"contentUrl\":\"https:\\\/\\\/cj.estrategia.com\\\/portal\\\/wp-content\\\/uploads\\\/2024\\\/02\\\/22174655\\\/professor-guilherme-resende-estrategia-concursos-ecj-96x96.jpeg\",\"caption\":\"Guilherme Rezende\"},\"description\":\"Professor Guilherme Rezende \u00e9 promotor de justi\u00e7a no Paran\u00e1, com uma carreira s\u00f3lida e impactante no campo jur\u00eddico. Al\u00e9m de sua atua\u00e7\u00e3o como promotor, ele possui mestrado em Direito e acumula experi\u00eancia como Ex-Procurador da Fazenda Nacional, Ex-Defensor P\u00fablico da Uni\u00e3o e Ex-Oficial de Apoio Judicial no TJMG. Destaca-se tamb\u00e9m por ter sido aprovado nos concursos de analista do TRF-1 e do MPU, consolidando sua compet\u00eancia e dedica\u00e7\u00e3o no universo jur\u00eddico.\",\"url\":\"https:\\\/\\\/cj.estrategia.com\\\/portal\\\/author\\\/guilherme-rezende\\\/\"}]}<\/script>\n<!-- \/ Yoast SEO Premium plugin. -->","yoast_head_json":{"title":"Erro evit\u00e1vel e maconha: influ\u00eancia na responsabiliza\u00e7\u00e3o penal","description":"Um casal norte-americano foi preso por plantar maconha no Brasil. Em sua defesa, disse desconhecer que o fato se tratava de crime.","robots":{"index":"index","follow":"follow","max-snippet":"max-snippet:-1","max-image-preview":"max-image-preview:large","max-video-preview":"max-video-preview:-1"},"canonical":"https:\/\/cj.estrategia.com\/portal\/erro-evitavel-maconha-responsabilizacao-penal\/","og_locale":"pt_BR","og_type":"article","og_title":"Maconha e erro evit\u00e1vel: a falta de consci\u00eancia da ilicitude pode livrar da responsabiliza\u00e7\u00e3o penal?","og_description":"Um casal norte-americano foi preso por plantar maconha no Brasil. Em sua defesa, disse desconhecer que o fato se tratava de crime.","og_url":"https:\/\/cj.estrategia.com\/portal\/erro-evitavel-maconha-responsabilizacao-penal\/","og_site_name":"Blog - Carreiras Jur\u00eddicas - Estrat\u00e9gia","article_publisher":"https:\/\/www.facebook.com\/estrategiacarreirajuridica\/","article_published_time":"2024-08-24T20:50:44+00:00","article_modified_time":"2024-08-25T22:34:04+00:00","og_image":[{"width":1060,"height":706,"url":"https:\/\/cj.estrategia.com\/portal\/wp-content\/uploads\/2024\/08\/24174549\/maconha-marijuana.jpg","type":"image\/jpeg"}],"author":"Guilherme Rezende","twitter_card":"summary_large_image","twitter_creator":"@EstratJuridica","twitter_site":"@EstratJuridica","twitter_misc":{"Escrito por":"Guilherme Rezende","Est. tempo de leitura":"5 minutos"},"schema":{"@context":"https:\/\/schema.org","@graph":[{"@type":"NewsArticle","@id":"https:\/\/cj.estrategia.com\/portal\/erro-evitavel-maconha-responsabilizacao-penal\/#article","isPartOf":{"@id":"https:\/\/cj.estrategia.com\/portal\/erro-evitavel-maconha-responsabilizacao-penal\/"},"author":{"name":"Guilherme Rezende","@id":"https:\/\/cj.estrategia.com\/portal\/#\/schema\/person\/b8eb01d117c3441103d953565489f91a"},"headline":"Maconha e erro evit\u00e1vel: a falta de consci\u00eancia da ilicitude pode livrar da responsabiliza\u00e7\u00e3o penal?","datePublished":"2024-08-24T20:50:44+00:00","dateModified":"2024-08-25T22:34:04+00:00","mainEntityOfPage":{"@id":"https:\/\/cj.estrategia.com\/portal\/erro-evitavel-maconha-responsabilizacao-penal\/"},"wordCount":755,"commentCount":0,"publisher":{"@id":"https:\/\/cj.estrategia.com\/portal\/#organization"},"image":{"@id":"https:\/\/cj.estrategia.com\/portal\/erro-evitavel-maconha-responsabilizacao-penal\/#primaryimage"},"thumbnailUrl":"https:\/\/cj.estrategia.com\/portal\/wp-content\/uploads\/2024\/08\/24174549\/maconha-marijuana.jpg","keywords":["casal estrangeiro","casal norte-americano","consci\u00eancia da ilicitude","consumo pessoal da maconha","cultivo da maconha","erro evit\u00e1vel","lei 11.343\/2006","lei de drogas","maconha","planta f\u00eamea","planta macho","presun\u00e7\u00e3o relativa"],"articleSection":["Carreiras Jur\u00eddicas"],"inLanguage":"pt-BR","potentialAction":[{"@type":"CommentAction","name":"Comment","target":["https:\/\/cj.estrategia.com\/portal\/erro-evitavel-maconha-responsabilizacao-penal\/#respond"]}]},{"@type":"WebPage","@id":"https:\/\/cj.estrategia.com\/portal\/erro-evitavel-maconha-responsabilizacao-penal\/","url":"https:\/\/cj.estrategia.com\/portal\/erro-evitavel-maconha-responsabilizacao-penal\/","name":"Erro evit\u00e1vel e maconha: influ\u00eancia na responsabiliza\u00e7\u00e3o penal","isPartOf":{"@id":"https:\/\/cj.estrategia.com\/portal\/#website"},"primaryImageOfPage":{"@id":"https:\/\/cj.estrategia.com\/portal\/erro-evitavel-maconha-responsabilizacao-penal\/#primaryimage"},"image":{"@id":"https:\/\/cj.estrategia.com\/portal\/erro-evitavel-maconha-responsabilizacao-penal\/#primaryimage"},"thumbnailUrl":"https:\/\/cj.estrategia.com\/portal\/wp-content\/uploads\/2024\/08\/24174549\/maconha-marijuana.jpg","datePublished":"2024-08-24T20:50:44+00:00","dateModified":"2024-08-25T22:34:04+00:00","description":"Um casal norte-americano foi preso por plantar maconha no Brasil. Em sua defesa, disse desconhecer que o fato se tratava de crime.","breadcrumb":{"@id":"https:\/\/cj.estrategia.com\/portal\/erro-evitavel-maconha-responsabilizacao-penal\/#breadcrumb"},"inLanguage":"pt-BR","potentialAction":[{"@type":"ReadAction","target":["https:\/\/cj.estrategia.com\/portal\/erro-evitavel-maconha-responsabilizacao-penal\/"]}]},{"@type":"ImageObject","inLanguage":"pt-BR","@id":"https:\/\/cj.estrategia.com\/portal\/erro-evitavel-maconha-responsabilizacao-penal\/#primaryimage","url":"https:\/\/cj.estrategia.com\/portal\/wp-content\/uploads\/2024\/08\/24174549\/maconha-marijuana.jpg","contentUrl":"https:\/\/cj.estrategia.com\/portal\/wp-content\/uploads\/2024\/08\/24174549\/maconha-marijuana.jpg","width":1060,"height":706},{"@type":"BreadcrumbList","@id":"https:\/\/cj.estrategia.com\/portal\/erro-evitavel-maconha-responsabilizacao-penal\/#breadcrumb","itemListElement":[{"@type":"ListItem","position":1,"name":"In\u00edcio","item":"https:\/\/cj.estrategia.com\/portal\/"},{"@type":"ListItem","position":2,"name":"Maconha e erro evit\u00e1vel: a falta de consci\u00eancia da ilicitude pode livrar da responsabiliza\u00e7\u00e3o penal?"}]},{"@type":"WebSite","@id":"https:\/\/cj.estrategia.com\/portal\/#website","url":"https:\/\/cj.estrategia.com\/portal\/","name":"Blog - Carreiras Jur\u00eddicas - Estrat\u00e9gia","description":"","publisher":{"@id":"https:\/\/cj.estrategia.com\/portal\/#organization"},"potentialAction":[{"@type":"SearchAction","target":{"@type":"EntryPoint","urlTemplate":"https:\/\/cj.estrategia.com\/portal\/?s={search_term_string}"},"query-input":{"@type":"PropertyValueSpecification","valueRequired":true,"valueName":"search_term_string"}}],"inLanguage":"pt-BR"},{"@type":"Organization","@id":"https:\/\/cj.estrategia.com\/portal\/#organization","name":"Estrat\u00e9gia - Carreiras Jur\u00eddicas","url":"https:\/\/cj.estrategia.com\/portal\/","logo":{"@type":"ImageObject","inLanguage":"pt-BR","@id":"https:\/\/cj.estrategia.com\/portal\/#\/schema\/logo\/image\/","url":"https:\/\/cj.estrategia.com\/portal\/wp-content\/uploads\/2022\/03\/11151052\/cj-logo.png","contentUrl":"https:\/\/cj.estrategia.com\/portal\/wp-content\/uploads\/2022\/03\/11151052\/cj-logo.png","width":150,"height":39,"caption":"Estrat\u00e9gia - Carreiras Jur\u00eddicas"},"image":{"@id":"https:\/\/cj.estrategia.com\/portal\/#\/schema\/logo\/image\/"},"sameAs":["https:\/\/www.facebook.com\/estrategiacarreirajuridica\/","https:\/\/x.com\/EstratJuridica","https:\/\/www.instagram.com\/estrategiacarreirajuridica\/","https:\/\/www.youtube.com\/channel\/UClbMGuYbj2Mh1m3w144ETWQ"]},{"@type":"Person","@id":"https:\/\/cj.estrategia.com\/portal\/#\/schema\/person\/b8eb01d117c3441103d953565489f91a","name":"Guilherme Rezende","image":{"@type":"ImageObject","inLanguage":"pt-BR","@id":"https:\/\/cj.estrategia.com\/portal\/wp-content\/uploads\/2024\/02\/22174655\/professor-guilherme-resende-estrategia-concursos-ecj-96x96.jpeg","url":"https:\/\/cj.estrategia.com\/portal\/wp-content\/uploads\/2024\/02\/22174655\/professor-guilherme-resende-estrategia-concursos-ecj-96x96.jpeg","contentUrl":"https:\/\/cj.estrategia.com\/portal\/wp-content\/uploads\/2024\/02\/22174655\/professor-guilherme-resende-estrategia-concursos-ecj-96x96.jpeg","caption":"Guilherme Rezende"},"description":"Professor Guilherme Rezende \u00e9 promotor de justi\u00e7a no Paran\u00e1, com uma carreira s\u00f3lida e impactante no campo jur\u00eddico. Al\u00e9m de sua atua\u00e7\u00e3o como promotor, ele possui mestrado em Direito e acumula experi\u00eancia como Ex-Procurador da Fazenda Nacional, Ex-Defensor P\u00fablico da Uni\u00e3o e Ex-Oficial de Apoio Judicial no TJMG. Destaca-se tamb\u00e9m por ter sido aprovado nos concursos de analista do TRF-1 e do MPU, consolidando sua compet\u00eancia e dedica\u00e7\u00e3o no universo jur\u00eddico.","url":"https:\/\/cj.estrategia.com\/portal\/author\/guilherme-rezende\/"}]}},"jetpack_featured_media_url":"https:\/\/cj.estrategia.com\/portal\/wp-content\/uploads\/2024\/08\/24174549\/maconha-marijuana.jpg","jetpack_sharing_enabled":true,"_links":{"self":[{"href":"https:\/\/cj.estrategia.com\/portal\/wp-json\/wp\/v2\/posts\/73748","targetHints":{"allow":["GET"]}}],"collection":[{"href":"https:\/\/cj.estrategia.com\/portal\/wp-json\/wp\/v2\/posts"}],"about":[{"href":"https:\/\/cj.estrategia.com\/portal\/wp-json\/wp\/v2\/types\/post"}],"author":[{"embeddable":true,"href":"https:\/\/cj.estrategia.com\/portal\/wp-json\/wp\/v2\/users\/63"}],"replies":[{"embeddable":true,"href":"https:\/\/cj.estrategia.com\/portal\/wp-json\/wp\/v2\/comments?post=73748"}],"version-history":[{"count":1,"href":"https:\/\/cj.estrategia.com\/portal\/wp-json\/wp\/v2\/posts\/73748\/revisions"}],"predecessor-version":[{"id":73751,"href":"https:\/\/cj.estrategia.com\/portal\/wp-json\/wp\/v2\/posts\/73748\/revisions\/73751"}],"wp:featuredmedia":[{"embeddable":true,"href":"https:\/\/cj.estrategia.com\/portal\/wp-json\/wp\/v2\/media\/73750"}],"wp:attachment":[{"href":"https:\/\/cj.estrategia.com\/portal\/wp-json\/wp\/v2\/media?parent=73748"}],"wp:term":[{"taxonomy":"category","embeddable":true,"href":"https:\/\/cj.estrategia.com\/portal\/wp-json\/wp\/v2\/categories?post=73748"},{"taxonomy":"post_tag","embeddable":true,"href":"https:\/\/cj.estrategia.com\/portal\/wp-json\/wp\/v2\/tags?post=73748"},{"taxonomy":"tax_estado","embeddable":true,"href":"https:\/\/cj.estrategia.com\/portal\/wp-json\/wp\/v2\/tax_estado?post=73748"}],"curies":[{"name":"wp","href":"https:\/\/api.w.org\/{rel}","templated":true}]}}