{"id":73710,"date":"2025-01-30T09:00:00","date_gmt":"2025-01-30T12:00:00","guid":{"rendered":"https:\/\/cj.estrategia.com\/portal\/?p=73710"},"modified":"2025-12-17T22:05:37","modified_gmt":"2025-12-18T01:05:37","slug":"concurso-advogado-cfm","status":"publish","type":"post","link":"https:\/\/cj.estrategia.com\/portal\/concurso-advogado-cfm\/","title":{"rendered":"Concurso Advogado CFM: veja o resultado final; Posse em breve!"},"content":{"rendered":"\n<p>O Instituto Americano de Desenvolvimento (IADES) <strong>homologou<\/strong> o <strong>resultado final<\/strong> do <strong>Concurso Advogado CFM <\/strong>(Conselho Federal de Medicina). <\/p>\n\n\n\n<ul class=\"wp-block-list\">\n<li><a href=\"https:\/\/www.iades.com.br\/inscricao\/upload\/1345\/2025011616181506.pdf\" target=\"_blank\" >Resultado final homologado<\/a><\/li>\n<\/ul>\n\n\n\n<p>Os candidatos aprovados em todas as fases concurso e n\u00e3o listados na rela\u00e7\u00e3o acima foram eliminados pois n\u00e3o fazem parte do quadro de aprovados dentro das vagas para admiss\u00e3o e(ou) dentro das vagas para cadastro de reserva, respeitados os empates na \u00faltima posi\u00e7\u00e3o e o<br>percentual de reserva de vagas para os candidatos com defici\u00eancia e para os candidatos negros ou pardos.<\/p>\n\n\n\n<ul class=\"wp-block-list\">\n<li><\/li>\n<\/ul>\n\n\n\n<p>Agora o pr\u00f3ximo passo \u00e9 a realiza\u00e7\u00e3o da posse dos aprovados. Foram ofertadas <strong>duas vagas imediatas mais oito para forma\u00e7\u00e3o de cadastro reserva<\/strong> para o cargo de Advogado. <\/p>\n\n\n\n<ul class=\"wp-block-list has-very-light-gray-to-cyan-bluish-gray-gradient-background has-background\">\n<li><strong>Concurso Advogado CFM<\/strong><\/li>\n\n\n\n<li><strong>Status:<\/strong>&nbsp;resultado final homologado<\/li>\n\n\n\n<li><strong>Banca:<\/strong> <a href=\"https:\/\/www.iades.com.br\/inscricao\/ProcessoSeletivo.aspx?id=ec5ac4a898\" target=\"_blank\" >IADES<\/a><\/li>\n\n\n\n<li><strong>Vagas:<\/strong>&nbsp;2 + 8 CR<\/li>\n\n\n\n<li><strong>Sal\u00e1rio inicial:<\/strong>&nbsp;R$ 16.593,06<\/li>\n\n\n\n<li><a href=\"https:\/\/cj.estrategia.com\/portal\/wp-content\/uploads\/2024\/08\/23143735\/Edital-Advogado-CFM.pdf\" target=\"_blank\" ><strong>Edital<\/strong> <strong>Advogado CFM<\/strong><\/a><\/li>\n<\/ul>\n\n\n\n<div class=\"container\" id=\"boxes\">\n  <div class=\"row\">\n\n    <div class=\"col-sm\">\n      <div class=\"banner-estrategia-concursos-juridicos\" id=\"box-assinatura\">\n        <h2 id=\"curso-para-advogado-cfm\" class=\"titulo-assinatura\"><span style=\"color: #ffffff; font-size: 23px; \">Curso para  Advogado CFM <\/span><\/h2>\n        <p class=\"subtitulo-assinatura\">Cursos focados no edital do concurso<\/p>\n        <div class=\"box-botao\">\n          <a class=\"btn-assinatura-juridica\" target=\"_blank\" href=\"https:\/\/cj.estrategia.com\/cursos\/\" role=\"button\" rel=\"noopener noreferrer\">Conhe\u00e7a mais<\/a>\n        <\/div>\n      <\/div>\n      <p class=\"texto-auxiliar\">Prepare-se com o melhor material e com quem mais aprova em concursos em todo o pa\u00eds. \n<\/p>\n    <\/div>\n\n  <\/div>\n<\/div>\n\n\n\n<p>Navegue pelo \u00edndice abaixo e confira todos os detalhes desta sele\u00e7\u00e3o: <\/p>\n\n\n\n<ul class=\"wp-block-list\">\n<li><a href=\"#atual\">Situa\u00e7\u00e3o atual<\/a><\/li>\n\n\n\n<li><a href=\"#cronograma\">Cronograma<\/a><\/li>\n\n\n\n<li><a href=\"#carreira\">Carreira<\/a><\/li>\n\n\n\n<li><a href=\"#etapas\">Etapas do concurso<\/a><\/li>\n\n\n\n<li><a href=\"#curso\">Cursos e Assinaturas<\/a><\/li>\n\n\n\n<li><a href=\"#ficha\">Ficha T\u00e9cnica<\/a><\/li>\n<\/ul>\n\n\n\n<h2 class=\"wp-block-heading\" id=\"atual\"><span id=\"concurso-advogado-cfm-situacao-atual\">Concurso Advogado CFM: situa\u00e7\u00e3o atual<\/span><\/h2>\n\n\n\n<h3 class=\"wp-block-heading\" id=\"h-resultados-do-concurso\"><span id=\"resultados-do-concurso\">Resultados do concurso<\/span><\/h3>\n\n\n\n<ul class=\"wp-block-list\">\n<li><a href=\"https:\/\/www.iades.com.br\/inscricao\/upload\/1345\/2024122616202021.pdf\" target=\"_blank\" >Resultado final da prova objetiva<\/a>;<\/li>\n\n\n\n<li><a href=\"https:\/\/www.iades.com.br\/inscricao\/upload\/1345\/20241227132141637.pdf\" target=\"_blank\" >Resultado final da prova discursiva<\/a>;<\/li>\n\n\n\n<li><a href=\"https:\/\/www.iades.com.br\/inscricao\/upload\/1345\/20250106171833105.pdf\" target=\"_blank\" >Resultado final da Avali\u00e7\u00e3o de T\u00edtulos<\/a><\/li>\n\n\n\n<li><a href=\"https:\/\/www.iades.com.br\/inscricao\/upload\/1345\/2025011616181506.pdf\" target=\"_blank\" >Resultado final homologado<\/a><\/li>\n<\/ul>\n\n\n\n<h3 class=\"wp-block-heading\" id=\"cronograma\"><span id=\"principais-datas\">Principais datas<\/span><\/h3>\n\n\n\n<p class=\"has-pale-ocean-gradient-background has-background\"><strong>Inscri\u00e7\u00f5es:<\/strong> <s>10\/09 a 10\/10\/2024<\/s> &#8211; <s>At\u00e9 21\/10\/2024<\/s><br><strong>Pagamento da taxa:<\/strong><s>&nbsp;11\/10\/2024<\/s><strong><br>Provas objetiva e discursiva: <\/strong><s>17\/11\/2024<\/s><\/p>\n\n\n\n<h2 class=\"wp-block-heading\" id=\"carreira\"><span id=\"carreira-de-advogado-no-cfm\">Carreira de Advogado no CFM<\/span><\/h2>\n\n\n\n<h3 class=\"wp-block-heading\" id=\"vagas\"><span id=\"cargos-e-vagas\">Cargos e Vagas<\/span><\/h3>\n\n\n\n<figure class=\"wp-block-table is-style-stripes\"><table class=\"has-white-background-color has-background\"><tbody><tr><td class=\"has-text-align-center\" data-align=\"center\">CARGO<\/td><td class=\"has-text-align-center\" data-align=\"center\">VAGAS<\/td><td>REMUNERA\u00c7\u00c3O<\/td><\/tr><tr><td class=\"has-text-align-center\" data-align=\"center\">Advogado 30h<\/td><td class=\"has-text-align-center\" data-align=\"center\">2 + 8 CR<\/td><td>R$ 16.593,06<\/td><\/tr><\/tbody><\/table><\/figure>\n\n\n\n<p>Os aprovados receber\u00e3o benef\u00edcios como: vale-transporte, aux\u00edlio alimenta\u00e7\u00e3o e plano de sa\u00fade. O valor do aux\u00edlio alimenta\u00e7\u00e3o ser\u00e1 de acordo com a carga hor\u00e1ria:<\/p>\n\n\n\n<ul class=\"wp-block-list\">\n<li>6 horas\/dia: R$ 1.863,80; e<\/li>\n<\/ul>\n\n\n\n<h3 class=\"wp-block-heading\" id=\"requisitos\">Requisitos<\/h3>\n\n\n\n<p>Diploma, devidamente registrado, de conclus\u00e3o de curso de n\u00edvel superior em Direito, fornecido por institui\u00e7\u00e3o de ensino superior reconhecida pelo Minist\u00e9rio da Educa\u00e7\u00e3o; e habilita\u00e7\u00e3o profissional junto \u00e0 Ordem dos Advogados do Brasil em plena validade.<\/p>\n\n\n\n<h3 class=\"wp-block-heading\" id=\"h-atribuicoes\"><span id=\"atribuicoes\">Atribui\u00e7\u00f5es<\/span><\/h3>\n\n\n\n<p>Elaborar, organizar, controlar, assessorar e orientar a realiza\u00e7\u00e3o de servi\u00e7os t\u00e9cnicos e administrativos, tendo em vista o funcionamento do CFM.<\/p>\n\n\n\n<h2 class=\"wp-block-heading\" id=\"etapas\"><span id=\"concurso-advogado-cfm-etapas\">Concurso Advogado CFM: etapas<\/span><\/h2>\n\n\n\n<p>Os candidatos foram avaliados por meio de tr\u00eas etapas, s\u00e3o elas: <\/p>\n\n\n\n<ul class=\"wp-block-list\">\n<li><strong>Prova objetiva<\/strong>, de car\u00e1ter eliminat\u00f3rio e classificat\u00f3rio;<\/li>\n\n\n\n<li><strong>Prova discursiva<\/strong>, de car\u00e1ter eliminat\u00f3rio e classificat\u00f3rio, <\/li>\n\n\n\n<li><strong>Avalia\u00e7\u00e3o de t\u00edtulos e de experi\u00eancia profissional<\/strong>, de car\u00e1ter classificat\u00f3rio<\/li>\n<\/ul>\n\n\n\n<h3 class=\"wp-block-heading\" id=\"objetiva\"><span id=\"provas-objetivas\">Provas Objetivas<\/span><\/h3>\n\n\n\n<p>As provas objetivas aconteceram no dia 17 de novembro! Esta fase contou com 50 quest\u00f5es de m\u00faltipla escolha.<\/p>\n\n\n\n<p>Foram cobradas as seguintes disciplinas: L\u00edngua Portuguesa; Legisla\u00e7\u00e3o Aplicada no CFM, Legisla\u00e7\u00e3o Especial e Conhecimentos espec\u00edficos.<\/p>\n\n\n\n<h3 class=\"wp-block-heading\" id=\"discursiva\"><span id=\"prova-discursiva\">Prova Discursiva<\/span><\/h3>\n\n\n\n<p>A prova discursiva, para cargos de n\u00edvel superior, consistiu na elabora\u00e7\u00e3o de texto dissertativo argumentativo, com extens\u00e3o m\u00ednima de 20 linhas e m\u00e1xima de 30 linhas, com base no conhecimento espec\u00edfico.<\/p>\n\n\n\n<h3 class=\"wp-block-heading\" id=\"h-avaliacao-de-titulos\"><span id=\"avaliacao-de-titulos\">Avalia\u00e7\u00e3o de t\u00edtulos<\/span><\/h3>\n\n\n\n<figure class=\"wp-block-image size-large\"><img decoding=\"async\" width=\"1024\" height=\"576\" src=\"https:\/\/cj.estrategia.com\/portal\/wp-content\/uploads\/2024\/08\/23143352\/image-55-1024x576.png\" alt=\"Tabela de atribui\u00e7\u00e3o de pontos na avalia\u00e7\u00e3o de t\u00edtulos\" class=\"wp-image-73711\" srcset=\"https:\/\/cj.estrategia.com\/portal\/wp-content\/uploads\/2024\/08\/23143352\/image-55-1024x576.png 1024w, https:\/\/cj.estrategia.com\/portal\/wp-content\/uploads\/2024\/08\/23143352\/image-55-300x169.png 300w, https:\/\/cj.estrategia.com\/portal\/wp-content\/uploads\/2024\/08\/23143352\/image-55-768x432.png 768w, https:\/\/cj.estrategia.com\/portal\/wp-content\/uploads\/2024\/08\/23143352\/image-55-960x540.png 960w, https:\/\/cj.estrategia.com\/portal\/wp-content\/uploads\/2024\/08\/23143352\/image-55-380x214.png 380w, https:\/\/cj.estrategia.com\/portal\/wp-content\/uploads\/2024\/08\/23143352\/image-55-800x450.png 800w, https:\/\/cj.estrategia.com\/portal\/wp-content\/uploads\/2024\/08\/23143352\/image-55-150x84.png 150w, https:\/\/cj.estrategia.com\/portal\/wp-content\/uploads\/2024\/08\/23143352\/image-55.png 1076w\" sizes=\"(max-width: 1024px) 100vw, 1024px\" \/><\/figure>\n\n\n\n<h2 class=\"wp-block-heading has-text-align-center\" id=\"cursos\"><span id=\"quer-saber-tudo-sobre-concursos-previstosconfira-nossos-artigos\">Quer saber tudo sobre concursos previstos?<br><strong>Confira nossos artigos!<\/strong><\/span><\/h2>\n\n\n\n<ul class=\"wp-block-list\">\n<li><a href=\"https:\/\/cj.estrategia.com\/portal\/concursos-abertos-carreiras-juridicas\/\" target=\"_blank\" >Concursos Abertos<\/a><\/li>\n\n\n\n<li><a href=\"https:\/\/cj.estrategia.com\/portal\/concursos-2025-carreiras-juridicas\/\" target=\"_blank\" ><a href=\"https:\/\/cj.estrategia.com\/portal\/concursos-juridicos-2026\/\" target=\"_blank\" >Concursos jur\u00eddicos 2026<\/a><\/a><\/li>\n\n\n\n<li><a href=\"https:\/\/cj.estrategia.com\/portal\/concursos-advogados\/\" target=\"_blank\" >Concursos Advogados<\/a><\/li>\n<\/ul>\n\n\n\n<h2 class=\"wp-block-heading has-text-align-center\" id=\"curso\"><span id=\"quer-estudar-para-o-concurso-advogado-cfm\">Quer estudar para o Concurso Advogado CFM? <\/span><\/h2>\n\n\n\n<div class=\"wp-block-cover\" style=\"min-height:155px;aspect-ratio:unset;\"><img decoding=\"async\" width=\"1890\" height=\"351\" class=\"wp-block-cover__image-background wp-image-8669\" alt=\"Assinaturas Jur\u00eddicas\" src=\"https:\/\/cj.estrategia.com\/portal\/wp-content\/uploads\/2022\/06\/20151253\/concurso-carreiras-juridicas-assinatura-juridica.jpg\" style=\"object-position:78% 43%\" data-object-fit=\"cover\" data-object-position=\"78% 43%\" srcset=\"https:\/\/cj.estrategia.com\/portal\/wp-content\/uploads\/2022\/06\/20151253\/concurso-carreiras-juridicas-assinatura-juridica.jpg 1890w, https:\/\/cj.estrategia.com\/portal\/wp-content\/uploads\/2022\/06\/20151253\/concurso-carreiras-juridicas-assinatura-juridica-300x56.jpg 300w, https:\/\/cj.estrategia.com\/portal\/wp-content\/uploads\/2022\/06\/20151253\/concurso-carreiras-juridicas-assinatura-juridica-1024x190.jpg 1024w, https:\/\/cj.estrategia.com\/portal\/wp-content\/uploads\/2022\/06\/20151253\/concurso-carreiras-juridicas-assinatura-juridica-768x143.jpg 768w, https:\/\/cj.estrategia.com\/portal\/wp-content\/uploads\/2022\/06\/20151253\/concurso-carreiras-juridicas-assinatura-juridica-1536x285.jpg 1536w, https:\/\/cj.estrategia.com\/portal\/wp-content\/uploads\/2022\/06\/20151253\/concurso-carreiras-juridicas-assinatura-juridica-380x71.jpg 380w, https:\/\/cj.estrategia.com\/portal\/wp-content\/uploads\/2022\/06\/20151253\/concurso-carreiras-juridicas-assinatura-juridica-800x149.jpg 800w, https:\/\/cj.estrategia.com\/portal\/wp-content\/uploads\/2022\/06\/20151253\/concurso-carreiras-juridicas-assinatura-juridica-1160x215.jpg 1160w\" sizes=\"(max-width: 1890px) 100vw, 1890px\" \/><span aria-hidden=\"true\" class=\"wp-block-cover__background has-background-dim\"><\/span><div class=\"wp-block-cover__inner-container is-layout-flow wp-block-cover-is-layout-flow\">\n<h3 id=\"faca-a-sua-assinatura\" class=\"titulo-assinatura\"><span style=\"color: #ffffff;\">Fa\u00e7a a sua assinatura!<\/span><\/h3>\n<p class=\"subtitulo-assinatura\" style=\"display:block!important; line-height: 0;\"><span style=\"color: #ffffff;\">Escolha a sua \u00e1rea.<\/span><\/p>\n<a target=\"_blank\" href=\"https:\/\/www.estrategiaconcursos.com.br\/assinaturas-ecj\/\" rel=\"noopener\"><button style=\"border-radius: 10px; text-transform: capitalize;\">Acessar<\/button><\/a>\n<\/div><\/div>\n\n\n\n<figure class=\"wp-block-image size-large is-resized\"><img decoding=\"async\" src=\"https:\/\/dhg1h5j42swfq.cloudfront.net\/2021\/04\/19202624\/ficha-tecnica-1-1024x632-1-3.png\" alt=\"Ficha t\u00e9cnica do concurso Delegado ES\" class=\"wp-image-717343\" style=\"width:246px;height:152px\"\/><\/figure>\n\n\n\n<h4 class=\"wp-block-heading\" id=\"ficha\"><span id=\"informacoes-do-concurso-advogado-cfm\">Informa\u00e7\u00f5es do Concurso Advogado CFM<\/span><\/h4>\n\n\n\n<p><strong>Vagas<\/strong>: 2 + 8 CR<br><strong>Cargos<\/strong>: Advogado <br><strong>Banca<\/strong>: <a href=\"https:\/\/www.iades.com.br\/inscricao\/ProcessoSeletivo.aspx?id=ec5ac4a898\">IADES<\/a><br><strong>Escolaridade<\/strong>: Gradua\u00e7\u00e3o em Direito + OAB<br><strong>Edital<\/strong>: <a href=\"https:\/\/cj.estrategia.com\/portal\/wp-content\/uploads\/2024\/08\/23143735\/Edital-Advogado-CFM.pdf\"><strong>Advogado CFM<\/strong><\/a><\/p>\n","protected":false},"excerpt":{"rendered":"O Instituto Americano de Desenvolvimento (IADES) homologou o resultado final do Concurso Advogado CFM (Conselho Federal de Medicina).&hellip;\n","protected":false},"author":12,"featured_media":67166,"comment_status":"open","ping_status":"open","sticky":false,"template":"","format":"standard","meta":{"_jetpack_memberships_contains_paid_content":false,"footnotes":""},"categories":[1],"tags":[],"tax_estado":[36],"class_list":{"0":"post-73710","1":"post","2":"type-post","3":"status-publish","4":"format-standard","5":"has-post-thumbnail","7":"category-carreiras-juridicas","8":"tax_estado-concursos-federais"},"acf":[],"yoast_head":"<!-- This site is optimized with the Yoast SEO Premium plugin v27.4 (Yoast SEO v27.4) - https:\/\/yoast.com\/product\/yoast-seo-premium-wordpress\/ -->\n<title>Concurso Advogado CFM: veja o resultado final; Posse em breve!<\/title>\n<meta name=\"description\" content=\"Concurso Advogado CFM: homologado o resultado final do certame! Edital ofertou 2 vagas + 8 em CR para a carreira.\" \/>\n<meta name=\"robots\" content=\"index, follow, max-snippet:-1, max-image-preview:large, max-video-preview:-1\" \/>\n<link rel=\"canonical\" href=\"https:\/\/cj.estrategia.com\/portal\/concurso-advogado-cfm\/\" \/>\n<meta property=\"og:locale\" content=\"pt_BR\" \/>\n<meta property=\"og:type\" content=\"article\" \/>\n<meta property=\"og:title\" content=\"Concurso Advogado CFM: veja o resultado final; Posse em breve!\" \/>\n<meta property=\"og:description\" content=\"Concurso Advogado CFM: homologado o resultado final do certame! Edital ofertou 2 vagas + 8 em CR para a carreira.\" \/>\n<meta property=\"og:url\" content=\"https:\/\/cj.estrategia.com\/portal\/concurso-advogado-cfm\/\" \/>\n<meta property=\"og:site_name\" content=\"Blog - Carreiras Jur\u00eddicas - Estrat\u00e9gia\" \/>\n<meta property=\"article:publisher\" content=\"https:\/\/www.facebook.com\/estrategiacarreirajuridica\/\" \/>\n<meta property=\"article:published_time\" content=\"2025-01-30T12:00:00+00:00\" \/>\n<meta property=\"article:modified_time\" content=\"2025-12-18T01:05:37+00:00\" \/>\n<meta property=\"og:image\" content=\"https:\/\/cj.estrategia.com\/portal\/wp-content\/uploads\/2024\/06\/26133407\/concurso_advogados.jpg\" \/>\n\t<meta property=\"og:image:width\" content=\"300\" \/>\n\t<meta property=\"og:image:height\" content=\"200\" \/>\n\t<meta property=\"og:image:type\" content=\"image\/jpeg\" \/>\n<meta name=\"author\" content=\"Coordena\u00e7\u00e3o\" \/>\n<meta name=\"twitter:card\" content=\"summary_large_image\" \/>\n<meta name=\"twitter:creator\" content=\"@EstratJuridica\" \/>\n<meta name=\"twitter:site\" content=\"@EstratJuridica\" \/>\n<meta name=\"twitter:label1\" content=\"Escrito por\" \/>\n\t<meta name=\"twitter:data1\" content=\"Coordena\u00e7\u00e3o\" \/>\n\t<meta name=\"twitter:label2\" content=\"Est. tempo de leitura\" \/>\n\t<meta name=\"twitter:data2\" content=\"1 minuto\" \/>\n<script type=\"application\/ld+json\" class=\"yoast-schema-graph\">{\"@context\":\"https:\\\/\\\/schema.org\",\"@graph\":[{\"@type\":\"NewsArticle\",\"@id\":\"https:\\\/\\\/cj.estrategia.com\\\/portal\\\/concurso-advogado-cfm\\\/#article\",\"isPartOf\":{\"@id\":\"https:\\\/\\\/cj.estrategia.com\\\/portal\\\/concurso-advogado-cfm\\\/\"},\"author\":{\"name\":\"Coordena\u00e7\u00e3o\",\"@id\":\"https:\\\/\\\/cj.estrategia.com\\\/portal\\\/#\\\/schema\\\/person\\\/4d70317d31449932b99102916b6637f5\"},\"headline\":\"Concurso Advogado CFM: veja o resultado final; Posse em breve!\",\"datePublished\":\"2025-01-30T12:00:00+00:00\",\"dateModified\":\"2025-12-18T01:05:37+00:00\",\"mainEntityOfPage\":{\"@id\":\"https:\\\/\\\/cj.estrategia.com\\\/portal\\\/concurso-advogado-cfm\\\/\"},\"wordCount\":548,\"commentCount\":0,\"publisher\":{\"@id\":\"https:\\\/\\\/cj.estrategia.com\\\/portal\\\/#organization\"},\"image\":{\"@id\":\"https:\\\/\\\/cj.estrategia.com\\\/portal\\\/concurso-advogado-cfm\\\/#primaryimage\"},\"thumbnailUrl\":\"https:\\\/\\\/cj.estrategia.com\\\/portal\\\/wp-content\\\/uploads\\\/2024\\\/06\\\/26133407\\\/concurso_advogados.jpg\",\"articleSection\":[\"Carreiras Jur\u00eddicas\"],\"inLanguage\":\"pt-BR\",\"potentialAction\":[{\"@type\":\"CommentAction\",\"name\":\"Comment\",\"target\":[\"https:\\\/\\\/cj.estrategia.com\\\/portal\\\/concurso-advogado-cfm\\\/#respond\"]}]},{\"@type\":\"WebPage\",\"@id\":\"https:\\\/\\\/cj.estrategia.com\\\/portal\\\/concurso-advogado-cfm\\\/\",\"url\":\"https:\\\/\\\/cj.estrategia.com\\\/portal\\\/concurso-advogado-cfm\\\/\",\"name\":\"Concurso Advogado CFM: veja o resultado final; Posse em breve!\",\"isPartOf\":{\"@id\":\"https:\\\/\\\/cj.estrategia.com\\\/portal\\\/#website\"},\"primaryImageOfPage\":{\"@id\":\"https:\\\/\\\/cj.estrategia.com\\\/portal\\\/concurso-advogado-cfm\\\/#primaryimage\"},\"image\":{\"@id\":\"https:\\\/\\\/cj.estrategia.com\\\/portal\\\/concurso-advogado-cfm\\\/#primaryimage\"},\"thumbnailUrl\":\"https:\\\/\\\/cj.estrategia.com\\\/portal\\\/wp-content\\\/uploads\\\/2024\\\/06\\\/26133407\\\/concurso_advogados.jpg\",\"datePublished\":\"2025-01-30T12:00:00+00:00\",\"dateModified\":\"2025-12-18T01:05:37+00:00\",\"description\":\"Concurso Advogado CFM: homologado o resultado final do certame! Edital ofertou 2 vagas + 8 em CR para a carreira.\",\"breadcrumb\":{\"@id\":\"https:\\\/\\\/cj.estrategia.com\\\/portal\\\/concurso-advogado-cfm\\\/#breadcrumb\"},\"inLanguage\":\"pt-BR\",\"potentialAction\":[{\"@type\":\"ReadAction\",\"target\":[\"https:\\\/\\\/cj.estrategia.com\\\/portal\\\/concurso-advogado-cfm\\\/\"]}]},{\"@type\":\"ImageObject\",\"inLanguage\":\"pt-BR\",\"@id\":\"https:\\\/\\\/cj.estrategia.com\\\/portal\\\/concurso-advogado-cfm\\\/#primaryimage\",\"url\":\"https:\\\/\\\/cj.estrategia.com\\\/portal\\\/wp-content\\\/uploads\\\/2024\\\/06\\\/26133407\\\/concurso_advogados.jpg\",\"contentUrl\":\"https:\\\/\\\/cj.estrategia.com\\\/portal\\\/wp-content\\\/uploads\\\/2024\\\/06\\\/26133407\\\/concurso_advogados.jpg\",\"width\":300,\"height\":200},{\"@type\":\"BreadcrumbList\",\"@id\":\"https:\\\/\\\/cj.estrategia.com\\\/portal\\\/concurso-advogado-cfm\\\/#breadcrumb\",\"itemListElement\":[{\"@type\":\"ListItem\",\"position\":1,\"name\":\"In\u00edcio\",\"item\":\"https:\\\/\\\/cj.estrategia.com\\\/portal\\\/\"},{\"@type\":\"ListItem\",\"position\":2,\"name\":\"Concurso Advogado CFM: veja o resultado final; Posse em breve!\"}]},{\"@type\":\"WebSite\",\"@id\":\"https:\\\/\\\/cj.estrategia.com\\\/portal\\\/#website\",\"url\":\"https:\\\/\\\/cj.estrategia.com\\\/portal\\\/\",\"name\":\"Blog - Carreiras Jur\u00eddicas - Estrat\u00e9gia\",\"description\":\"\",\"publisher\":{\"@id\":\"https:\\\/\\\/cj.estrategia.com\\\/portal\\\/#organization\"},\"potentialAction\":[{\"@type\":\"SearchAction\",\"target\":{\"@type\":\"EntryPoint\",\"urlTemplate\":\"https:\\\/\\\/cj.estrategia.com\\\/portal\\\/?s={search_term_string}\"},\"query-input\":{\"@type\":\"PropertyValueSpecification\",\"valueRequired\":true,\"valueName\":\"search_term_string\"}}],\"inLanguage\":\"pt-BR\"},{\"@type\":\"Organization\",\"@id\":\"https:\\\/\\\/cj.estrategia.com\\\/portal\\\/#organization\",\"name\":\"Estrat\u00e9gia - Carreiras Jur\u00eddicas\",\"url\":\"https:\\\/\\\/cj.estrategia.com\\\/portal\\\/\",\"logo\":{\"@type\":\"ImageObject\",\"inLanguage\":\"pt-BR\",\"@id\":\"https:\\\/\\\/cj.estrategia.com\\\/portal\\\/#\\\/schema\\\/logo\\\/image\\\/\",\"url\":\"https:\\\/\\\/cj.estrategia.com\\\/portal\\\/wp-content\\\/uploads\\\/2022\\\/03\\\/11151052\\\/cj-logo.png\",\"contentUrl\":\"https:\\\/\\\/cj.estrategia.com\\\/portal\\\/wp-content\\\/uploads\\\/2022\\\/03\\\/11151052\\\/cj-logo.png\",\"width\":150,\"height\":39,\"caption\":\"Estrat\u00e9gia - Carreiras Jur\u00eddicas\"},\"image\":{\"@id\":\"https:\\\/\\\/cj.estrategia.com\\\/portal\\\/#\\\/schema\\\/logo\\\/image\\\/\"},\"sameAs\":[\"https:\\\/\\\/www.facebook.com\\\/estrategiacarreirajuridica\\\/\",\"https:\\\/\\\/x.com\\\/EstratJuridica\",\"https:\\\/\\\/www.instagram.com\\\/estrategiacarreirajuridica\\\/\",\"https:\\\/\\\/www.youtube.com\\\/channel\\\/UClbMGuYbj2Mh1m3w144ETWQ\"]},{\"@type\":\"Person\",\"@id\":\"https:\\\/\\\/cj.estrategia.com\\\/portal\\\/#\\\/schema\\\/person\\\/4d70317d31449932b99102916b6637f5\",\"name\":\"Coordena\u00e7\u00e3o\",\"image\":{\"@type\":\"ImageObject\",\"inLanguage\":\"pt-BR\",\"@id\":\"https:\\\/\\\/cj.estrategia.com\\\/portal\\\/wp-content\\\/uploads\\\/2022\\\/05\\\/12164923\\\/estrategia-carreira-juridica-coordenacao-96x96.png\",\"url\":\"https:\\\/\\\/cj.estrategia.com\\\/portal\\\/wp-content\\\/uploads\\\/2022\\\/05\\\/12164923\\\/estrategia-carreira-juridica-coordenacao-96x96.png\",\"contentUrl\":\"https:\\\/\\\/cj.estrategia.com\\\/portal\\\/wp-content\\\/uploads\\\/2022\\\/05\\\/12164923\\\/estrategia-carreira-juridica-coordenacao-96x96.png\",\"caption\":\"Coordena\u00e7\u00e3o\"},\"url\":\"https:\\\/\\\/cj.estrategia.com\\\/portal\\\/author\\\/coordenacao\\\/\"}]}<\/script>\n<!-- \/ Yoast SEO Premium plugin. -->","yoast_head_json":{"title":"Concurso Advogado CFM: veja o resultado final; Posse em breve!","description":"Concurso Advogado CFM: homologado o resultado final do certame! Edital ofertou 2 vagas + 8 em CR para a carreira.","robots":{"index":"index","follow":"follow","max-snippet":"max-snippet:-1","max-image-preview":"max-image-preview:large","max-video-preview":"max-video-preview:-1"},"canonical":"https:\/\/cj.estrategia.com\/portal\/concurso-advogado-cfm\/","og_locale":"pt_BR","og_type":"article","og_title":"Concurso Advogado CFM: veja o resultado final; Posse em breve!","og_description":"Concurso Advogado CFM: homologado o resultado final do certame! Edital ofertou 2 vagas + 8 em CR para a carreira.","og_url":"https:\/\/cj.estrategia.com\/portal\/concurso-advogado-cfm\/","og_site_name":"Blog - Carreiras Jur\u00eddicas - Estrat\u00e9gia","article_publisher":"https:\/\/www.facebook.com\/estrategiacarreirajuridica\/","article_published_time":"2025-01-30T12:00:00+00:00","article_modified_time":"2025-12-18T01:05:37+00:00","og_image":[{"width":300,"height":200,"url":"https:\/\/cj.estrategia.com\/portal\/wp-content\/uploads\/2024\/06\/26133407\/concurso_advogados.jpg","type":"image\/jpeg"}],"author":"Coordena\u00e7\u00e3o","twitter_card":"summary_large_image","twitter_creator":"@EstratJuridica","twitter_site":"@EstratJuridica","twitter_misc":{"Escrito por":"Coordena\u00e7\u00e3o","Est. tempo de leitura":"1 minuto"},"schema":{"@context":"https:\/\/schema.org","@graph":[{"@type":"NewsArticle","@id":"https:\/\/cj.estrategia.com\/portal\/concurso-advogado-cfm\/#article","isPartOf":{"@id":"https:\/\/cj.estrategia.com\/portal\/concurso-advogado-cfm\/"},"author":{"name":"Coordena\u00e7\u00e3o","@id":"https:\/\/cj.estrategia.com\/portal\/#\/schema\/person\/4d70317d31449932b99102916b6637f5"},"headline":"Concurso Advogado CFM: veja o resultado final; Posse em breve!","datePublished":"2025-01-30T12:00:00+00:00","dateModified":"2025-12-18T01:05:37+00:00","mainEntityOfPage":{"@id":"https:\/\/cj.estrategia.com\/portal\/concurso-advogado-cfm\/"},"wordCount":548,"commentCount":0,"publisher":{"@id":"https:\/\/cj.estrategia.com\/portal\/#organization"},"image":{"@id":"https:\/\/cj.estrategia.com\/portal\/concurso-advogado-cfm\/#primaryimage"},"thumbnailUrl":"https:\/\/cj.estrategia.com\/portal\/wp-content\/uploads\/2024\/06\/26133407\/concurso_advogados.jpg","articleSection":["Carreiras Jur\u00eddicas"],"inLanguage":"pt-BR","potentialAction":[{"@type":"CommentAction","name":"Comment","target":["https:\/\/cj.estrategia.com\/portal\/concurso-advogado-cfm\/#respond"]}]},{"@type":"WebPage","@id":"https:\/\/cj.estrategia.com\/portal\/concurso-advogado-cfm\/","url":"https:\/\/cj.estrategia.com\/portal\/concurso-advogado-cfm\/","name":"Concurso Advogado CFM: veja o resultado final; Posse em breve!","isPartOf":{"@id":"https:\/\/cj.estrategia.com\/portal\/#website"},"primaryImageOfPage":{"@id":"https:\/\/cj.estrategia.com\/portal\/concurso-advogado-cfm\/#primaryimage"},"image":{"@id":"https:\/\/cj.estrategia.com\/portal\/concurso-advogado-cfm\/#primaryimage"},"thumbnailUrl":"https:\/\/cj.estrategia.com\/portal\/wp-content\/uploads\/2024\/06\/26133407\/concurso_advogados.jpg","datePublished":"2025-01-30T12:00:00+00:00","dateModified":"2025-12-18T01:05:37+00:00","description":"Concurso Advogado CFM: homologado o resultado final do certame! Edital ofertou 2 vagas + 8 em CR para a carreira.","breadcrumb":{"@id":"https:\/\/cj.estrategia.com\/portal\/concurso-advogado-cfm\/#breadcrumb"},"inLanguage":"pt-BR","potentialAction":[{"@type":"ReadAction","target":["https:\/\/cj.estrategia.com\/portal\/concurso-advogado-cfm\/"]}]},{"@type":"ImageObject","inLanguage":"pt-BR","@id":"https:\/\/cj.estrategia.com\/portal\/concurso-advogado-cfm\/#primaryimage","url":"https:\/\/cj.estrategia.com\/portal\/wp-content\/uploads\/2024\/06\/26133407\/concurso_advogados.jpg","contentUrl":"https:\/\/cj.estrategia.com\/portal\/wp-content\/uploads\/2024\/06\/26133407\/concurso_advogados.jpg","width":300,"height":200},{"@type":"BreadcrumbList","@id":"https:\/\/cj.estrategia.com\/portal\/concurso-advogado-cfm\/#breadcrumb","itemListElement":[{"@type":"ListItem","position":1,"name":"In\u00edcio","item":"https:\/\/cj.estrategia.com\/portal\/"},{"@type":"ListItem","position":2,"name":"Concurso Advogado CFM: veja o resultado final; Posse em breve!"}]},{"@type":"WebSite","@id":"https:\/\/cj.estrategia.com\/portal\/#website","url":"https:\/\/cj.estrategia.com\/portal\/","name":"Blog - Carreiras Jur\u00eddicas - Estrat\u00e9gia","description":"","publisher":{"@id":"https:\/\/cj.estrategia.com\/portal\/#organization"},"potentialAction":[{"@type":"SearchAction","target":{"@type":"EntryPoint","urlTemplate":"https:\/\/cj.estrategia.com\/portal\/?s={search_term_string}"},"query-input":{"@type":"PropertyValueSpecification","valueRequired":true,"valueName":"search_term_string"}}],"inLanguage":"pt-BR"},{"@type":"Organization","@id":"https:\/\/cj.estrategia.com\/portal\/#organization","name":"Estrat\u00e9gia - Carreiras Jur\u00eddicas","url":"https:\/\/cj.estrategia.com\/portal\/","logo":{"@type":"ImageObject","inLanguage":"pt-BR","@id":"https:\/\/cj.estrategia.com\/portal\/#\/schema\/logo\/image\/","url":"https:\/\/cj.estrategia.com\/portal\/wp-content\/uploads\/2022\/03\/11151052\/cj-logo.png","contentUrl":"https:\/\/cj.estrategia.com\/portal\/wp-content\/uploads\/2022\/03\/11151052\/cj-logo.png","width":150,"height":39,"caption":"Estrat\u00e9gia - Carreiras Jur\u00eddicas"},"image":{"@id":"https:\/\/cj.estrategia.com\/portal\/#\/schema\/logo\/image\/"},"sameAs":["https:\/\/www.facebook.com\/estrategiacarreirajuridica\/","https:\/\/x.com\/EstratJuridica","https:\/\/www.instagram.com\/estrategiacarreirajuridica\/","https:\/\/www.youtube.com\/channel\/UClbMGuYbj2Mh1m3w144ETWQ"]},{"@type":"Person","@id":"https:\/\/cj.estrategia.com\/portal\/#\/schema\/person\/4d70317d31449932b99102916b6637f5","name":"Coordena\u00e7\u00e3o","image":{"@type":"ImageObject","inLanguage":"pt-BR","@id":"https:\/\/cj.estrategia.com\/portal\/wp-content\/uploads\/2022\/05\/12164923\/estrategia-carreira-juridica-coordenacao-96x96.png","url":"https:\/\/cj.estrategia.com\/portal\/wp-content\/uploads\/2022\/05\/12164923\/estrategia-carreira-juridica-coordenacao-96x96.png","contentUrl":"https:\/\/cj.estrategia.com\/portal\/wp-content\/uploads\/2022\/05\/12164923\/estrategia-carreira-juridica-coordenacao-96x96.png","caption":"Coordena\u00e7\u00e3o"},"url":"https:\/\/cj.estrategia.com\/portal\/author\/coordenacao\/"}]}},"jetpack_featured_media_url":"https:\/\/cj.estrategia.com\/portal\/wp-content\/uploads\/2024\/06\/26133407\/concurso_advogados.jpg","jetpack_sharing_enabled":true,"_links":{"self":[{"href":"https:\/\/cj.estrategia.com\/portal\/wp-json\/wp\/v2\/posts\/73710","targetHints":{"allow":["GET"]}}],"collection":[{"href":"https:\/\/cj.estrategia.com\/portal\/wp-json\/wp\/v2\/posts"}],"about":[{"href":"https:\/\/cj.estrategia.com\/portal\/wp-json\/wp\/v2\/types\/post"}],"author":[{"embeddable":true,"href":"https:\/\/cj.estrategia.com\/portal\/wp-json\/wp\/v2\/users\/12"}],"replies":[{"embeddable":true,"href":"https:\/\/cj.estrategia.com\/portal\/wp-json\/wp\/v2\/comments?post=73710"}],"version-history":[{"count":28,"href":"https:\/\/cj.estrategia.com\/portal\/wp-json\/wp\/v2\/posts\/73710\/revisions"}],"predecessor-version":[{"id":170313,"href":"https:\/\/cj.estrategia.com\/portal\/wp-json\/wp\/v2\/posts\/73710\/revisions\/170313"}],"wp:featuredmedia":[{"embeddable":true,"href":"https:\/\/cj.estrategia.com\/portal\/wp-json\/wp\/v2\/media\/67166"}],"wp:attachment":[{"href":"https:\/\/cj.estrategia.com\/portal\/wp-json\/wp\/v2\/media?parent=73710"}],"wp:term":[{"taxonomy":"category","embeddable":true,"href":"https:\/\/cj.estrategia.com\/portal\/wp-json\/wp\/v2\/categories?post=73710"},{"taxonomy":"post_tag","embeddable":true,"href":"https:\/\/cj.estrategia.com\/portal\/wp-json\/wp\/v2\/tags?post=73710"},{"taxonomy":"tax_estado","embeddable":true,"href":"https:\/\/cj.estrategia.com\/portal\/wp-json\/wp\/v2\/tax_estado?post=73710"}],"curies":[{"name":"wp","href":"https:\/\/api.w.org\/{rel}","templated":true}]}}