{"id":72906,"date":"2024-08-17T17:57:05","date_gmt":"2024-08-17T20:57:05","guid":{"rendered":"https:\/\/cj.estrategia.com\/portal\/?p=72906"},"modified":"2024-08-19T11:56:57","modified_gmt":"2024-08-19T14:56:57","slug":"interdicao-santuario-lucifer-analise-juridica","status":"publish","type":"post","link":"https:\/\/cj.estrategia.com\/portal\/interdicao-santuario-lucifer-analise-juridica\/","title":{"rendered":"An\u00e1lise Jur\u00eddica: Interdi\u00e7\u00e3o do Santu\u00e1rio de L\u00facifer &#8211; Intoler\u00e2ncia Religiosa ou aplica\u00e7\u00e3o da lei?"},"content":{"rendered":"\n<h2 class=\"wp-block-heading\" id=\"h-introducao\"><span id=\"introducao\">Introdu\u00e7\u00e3o<\/span><\/h2>\n\n\n\n<p>O recente caso da interdi\u00e7\u00e3o de um santu\u00e1rio dedicado a L\u00facifer em Gravata\u00ed, Rio Grande do Sul, levanta quest\u00f5es complexas sobre liberdade religiosa, regulamenta\u00e7\u00e3o municipal e os limites da toler\u00e2ncia em uma sociedade pluralista.<\/p>\n\n\n\n<p>Este artigo busca analisar os diversos aspectos deste caso, considerando as perspectivas legais, religiosas e sociais envolvidas.<\/p>\n\n\n\n<h2 class=\"wp-block-heading\" id=\"h-o-caso-concreto\"><span id=\"o-caso-concreto\">O caso concreto<\/span><\/h2>\n\n\n\n<p>A <strong><mark style=\"background-color:rgba(0, 0, 0, 0)\" class=\"has-inline-color has-vivid-cyan-blue-color\">Nova Ordem de L\u00facifer na Terra<\/mark><\/strong> (<strong><mark style=\"background-color:rgba(0, 0, 0, 0)\" class=\"has-inline-color has-vivid-cyan-blue-color\">NOLT<\/mark><\/strong>), liderada por Mestre Lukas de Bar\u00e1 da Rua e Tata H\u00e9lio de Astaroth, planejava <strong><mark style=\"background-color:rgba(0, 0, 0, 0)\" class=\"has-inline-color has-vivid-cyan-blue-color\">inaugurar um santu\u00e1rio com uma est\u00e1tua de L\u00facifer de 5 metros de altura<\/mark><\/strong> em uma propriedade rural privada.<\/p>\n\n\n\n<p>A <strong>prefeitura de Gravata\u00ed<\/strong> solicitou e obteve uma <strong><mark style=\"background-color:rgba(0, 0, 0, 0)\" class=\"has-inline-color has-vivid-cyan-blue-color\">liminar judicial para interditar o local<\/mark><\/strong>, alegando <strong>falta de documenta\u00e7\u00e3o necess\u00e1ria<\/strong> (alvar\u00e1 de funcionamento, PPCI, e CNPJ) e preocupa\u00e7\u00f5es com a seguran\u00e7a p\u00fablica devido \u00e0 repercuss\u00e3o do caso.<\/p>\n\n\n\n<h2 class=\"wp-block-heading\" id=\"h-a-nova-ordem-de-lucifer-na-terra-nolt\"><span id=\"a-nova-ordem-de-lucifer-na-terra-nolt\">A Nova Ordem de L\u00facifer na Terra (NOLT)<\/span><\/h2>\n\n\n\n<p>A NOLT \u00e9 um grupo religioso que, segundo seus l\u00edderes, busca <strong><mark style=\"background-color:rgba(0, 0, 0, 0)\" class=\"has-inline-color has-vivid-cyan-blue-color\">&#8220;desmistificar o culto&#8221; a L\u00facifer<\/mark><\/strong>.&nbsp;<\/p>\n\n\n\n<p>Para eles, L\u00facifer representa a &#8220;luz do conhecimento&#8221; e <strong>n\u00e3o necessariamente uma entidade maligna<\/strong>. O grupo realiza rituais e estudos, e sua pr\u00e1tica envolve elementos da quimbanda, misturados com conceitos do satanismo moderno.<\/p>\n\n\n\n<h2 id=\"lucifer-significado-e-interpretacoes\" class=\"wp-block-heading\">L\u00facifer: significado e interpreta\u00e7\u00f5es&nbsp;<\/h2>\n\n\n\n<p>L\u00facifer, cujo nome em latim significa &#8220;<strong><mark style=\"background-color:rgba(0, 0, 0, 0)\" class=\"has-inline-color has-vivid-cyan-blue-color\">portador da luz<\/mark><\/strong>&#8220;, \u00e9 uma figura complexa com diversas interpreta\u00e7\u00f5es:<\/p>\n\n\n\n<ul class=\"wp-block-list\">\n<li><strong><mark style=\"background-color:rgba(0, 0, 0, 0)\" class=\"has-inline-color has-vivid-cyan-blue-color\">Na tradi\u00e7\u00e3o crist\u00e3<\/mark><\/strong>: Geralmente identificado como um anjo ca\u00eddo que se rebelou contra Deus, tornando-se Satan\u00e1s.<\/li>\n\n\n\n<li><strong><mark style=\"background-color:rgba(0, 0, 0, 0)\" class=\"has-inline-color has-vivid-cyan-blue-color\">Em movimentos sat\u00e2nicos modernos<\/mark><\/strong>: Frequentemente venerado como um s\u00edmbolo de individualidade e rebeli\u00e3o contra autoridades opressivas.<\/li>\n<\/ul>\n\n\n\n<h2 class=\"wp-block-heading\" id=\"h-argumentos-a-favor-da-interdicao\"><span id=\"argumentos-a-favor-da-interdicao\">Argumentos a favor da interdi\u00e7\u00e3o<\/span><\/h2>\n\n\n\n<ol class=\"wp-block-list\">\n<li><strong><mark style=\"background-color:rgba(0, 0, 0, 0)\" class=\"has-inline-color has-vivid-cyan-blue-color\">Legalidade<\/mark><\/strong>: A prefeitura argumenta que o santu\u00e1rio n\u00e3o cumpre os requisitos legais para funcionamento.<\/li>\n\n\n\n<li><strong><mark style=\"background-color:rgba(0, 0, 0, 0)\" class=\"has-inline-color has-vivid-cyan-blue-color\">Seguran\u00e7a p\u00fablica<\/mark><\/strong>: Preocupa\u00e7\u00f5es com poss\u00edveis conflitos devido \u00e0 natureza controversa do culto.<\/li>\n\n\n\n<li><strong><mark style=\"background-color:rgba(0, 0, 0, 0)\" class=\"has-inline-color has-vivid-cyan-blue-color\">Prote\u00e7\u00e3o de valores comunit\u00e1rios<\/mark><\/strong>: Alguns argumentam que o culto a L\u00facifer vai contra os valores morais predominantes na comunidade havendo uma intoler\u00e2ncia religiosa da institui\u00e7\u00e3o.<\/li>\n<\/ol>\n\n\n\n<h2 class=\"wp-block-heading\" id=\"h-argumentos-contra-a-interdicao\"><span id=\"argumentos-contra-a-interdicao\">Argumentos contra a interdi\u00e7\u00e3o<\/span><\/h2>\n\n\n\n<ol class=\"wp-block-list\">\n<li><strong><mark style=\"background-color:rgba(0, 0, 0, 0)\" class=\"has-inline-color has-vivid-cyan-blue-color\">Liberdade religiosa<\/mark><\/strong>: A Constitui\u00e7\u00e3o Federal garante a liberdade de cren\u00e7a e culto.<\/li>\n\n\n\n<li><strong><mark style=\"background-color:rgba(0, 0, 0, 0)\" class=\"has-inline-color has-vivid-cyan-blue-color\">Discrimina\u00e7\u00e3o<\/mark><\/strong>: Os l\u00edderes da NOLT alegam que est\u00e3o sendo v\u00edtimas de intoler\u00e2ncia religiosa.<\/li>\n\n\n\n<li><strong><mark style=\"background-color:rgba(0, 0, 0, 0)\" class=\"has-inline-color has-vivid-cyan-blue-color\">Propriedade privada<\/mark><\/strong>: O santu\u00e1rio est\u00e1 localizado em uma propriedade particular, o que poderia limitar a necessidade de certas regulamenta\u00e7\u00f5es.<\/li>\n<\/ol>\n\n\n\n<h2 id=\"analise-juridica\" class=\"wp-block-heading\">An\u00e1lise Jur\u00eddica<strong>&nbsp;<\/strong><\/h2>\n\n\n\n<p>A decis\u00e3o judicial de interditar o santu\u00e1rio baseia-se principalmente em quest\u00f5es administrativas e de seguran\u00e7a p\u00fablica. No entanto, ela toca em quest\u00f5es constitucionais fundamentais:<\/p>\n\n\n<div class=\"wp-block-image\">\n<figure class=\"aligncenter size-full\"><img decoding=\"async\" width=\"514\" height=\"153\" src=\"https:\/\/cj.estrategia.com\/portal\/wp-content\/uploads\/2024\/08\/17165828\/Captura-de-tela-2024-08-17-165807.png\" alt=\"L\u00facifer\" class=\"wp-image-72910\" srcset=\"https:\/\/cj.estrategia.com\/portal\/wp-content\/uploads\/2024\/08\/17165828\/Captura-de-tela-2024-08-17-165807.png 514w, https:\/\/cj.estrategia.com\/portal\/wp-content\/uploads\/2024\/08\/17165828\/Captura-de-tela-2024-08-17-165807-300x89.png 300w, https:\/\/cj.estrategia.com\/portal\/wp-content\/uploads\/2024\/08\/17165828\/Captura-de-tela-2024-08-17-165807-380x113.png 380w, https:\/\/cj.estrategia.com\/portal\/wp-content\/uploads\/2024\/08\/17165828\/Captura-de-tela-2024-08-17-165807-150x45.png 150w\" sizes=\"(max-width: 514px) 100vw, 514px\" \/><\/figure>\n<\/div>\n\n\n<h2 id=\"precedentes-judiciais\" class=\"wp-block-heading\">Precedentes Judiciais&nbsp;<\/h2>\n\n\n\n<p>Embora n\u00e3o haja um precedente direto para este caso espec\u00edfico, podemos considerar decis\u00f5es relacionadas \u00e0 liberdade religiosa no Brasil:<\/p>\n\n\n\n<ul class=\"wp-block-list\">\n<li><strong><mark style=\"background-color:rgba(0, 0, 0, 0)\" class=\"has-inline-color has-vivid-cyan-blue-color\">ADI 4439<\/mark><\/strong> (2017): O STF decidiu que o ensino religioso nas escolas p\u00fablicas pode ter natureza confessional, reafirmando a liberdade religiosa.<\/li>\n\n\n\n<li><strong><mark style=\"background-color:rgba(0, 0, 0, 0)\" class=\"has-inline-color has-vivid-cyan-blue-color\">RE 494601<\/mark><\/strong> (2019): O STF reconheceu a constitucionalidade do sacrif\u00edcio de animais em rituais religiosos de matriz africana, refor\u00e7ando o respeito \u00e0 diversidade religiosa.<\/li>\n<\/ul>\n\n\n\n<h2 class=\"wp-block-heading\" id=\"h-segredo-de-justica-e-aspectos-administrativos\"><span id=\"segredo-de-justica-e-aspectos-administrativos\">Segredo de justi\u00e7a e aspectos administrativos<\/span><\/h2>\n\n\n\n<h3 class=\"wp-block-heading\" id=\"h-segredo-de-justica\"><span id=\"segredo-de-justica\">Segredo de justi\u00e7a<\/span><\/h3>\n\n\n\n<p>\u00c9 importante notar que a decis\u00e3o judicial que determinou a interdi\u00e7\u00e3o do santu\u00e1rio de L\u00facifer est\u00e1 sob segredo de justi\u00e7a. Isso significa que os detalhes espec\u00edficos da decis\u00e3o e os argumentos completos apresentados n\u00e3o est\u00e3o dispon\u00edveis para o p\u00fablico.<\/p>\n\n\n\n<p>Dessa forma, o segredo de justi\u00e7a \u00e9 uma medida processual que pode ser aplicada por diversos motivos, incluindo a prote\u00e7\u00e3o da intimidade das partes envolvidas ou a preserva\u00e7\u00e3o da ordem p\u00fablica.<\/p>\n\n\n\n<h3 id=\"exigencia-de-alvara-fundamentacao-no-direito-administrativo\" class=\"wp-block-heading\">Exig\u00eancia de Alvar\u00e1: Fundamenta\u00e7\u00e3o no Direito Administrativo&nbsp;<\/h3>\n\n\n\n<p>A exig\u00eancia de alvar\u00e1 para o funcionamento de estabelecimentos, incluindo locais de culto religioso, est\u00e1 <strong><mark style=\"background-color:rgba(0, 0, 0, 0)\" class=\"has-inline-color has-vivid-cyan-blue-color\">fundamentada no poder de pol\u00edcia<\/mark><\/strong> da Administra\u00e7\u00e3o P\u00fablica, um conceito central do Direito Administrativo.<strong>&nbsp;<\/strong><\/p>\n\n\n\n<h4 class=\"wp-block-heading\" id=\"h-poder-de-policia-nbsp\"><span id=\"poder-de-policia\">Poder de Pol\u00edcia&nbsp;<\/span><\/h4>\n\n\n\n<p>O poder de pol\u00edcia \u00e9 a faculdade que tem a Administra\u00e7\u00e3o P\u00fablica de condicionar e restringir o uso e gozo de bens, atividades e direitos individuais em benef\u00edcio da coletividade ou do pr\u00f3prio Estado. Suas principais caracter\u00edsticas s\u00e3o:<\/p>\n\n\n\n<ol class=\"wp-block-list\">\n<li>Discricionariedade<\/li>\n\n\n\n<li>Auto-executoriedade<\/li>\n\n\n\n<li>Coercibilidade<\/li>\n<\/ol>\n\n\n\n<h4 class=\"wp-block-heading\" id=\"h-fundamento-legal\"><span id=\"fundamento-legal\">Fundamento legal<\/span><\/h4>\n\n\n\n<p>A exig\u00eancia de alvar\u00e1 para funcionamento encontra respaldo legal no artigo 170, par\u00e1grafo \u00fanico, da Constitui\u00e7\u00e3o Federal, que prev\u00ea que o exerc\u00edcio de qualquer atividade econ\u00f4mica \u00e9 livre, &#8220;independentemente de autoriza\u00e7\u00e3o de \u00f3rg\u00e3os p\u00fablicos, salvo nos casos previstos em lei&#8221;.<\/p>\n\n\n\n<h4 class=\"wp-block-heading\" id=\"h-aplicacao-aos-locais-de-culto\"><span id=\"aplicacao-aos-locais-de-culto\">Aplica\u00e7\u00e3o aos Locais de Culto<\/span><\/h4>\n\n\n\n<p>Embora a liberdade religiosa seja garantida constitucionalmente, o funcionamento de locais de culto est\u00e1 sujeito a <strong>regulamenta\u00e7\u00f5es administrativas<\/strong> por quest\u00f5es de:<\/p>\n\n\n\n<ol class=\"wp-block-list\">\n<li>Seguran\u00e7a p\u00fablica<\/li>\n\n\n\n<li>Sa\u00fade p\u00fablica<\/li>\n\n\n\n<li>Ordem urban\u00edstica<\/li>\n\n\n\n<li>Prote\u00e7\u00e3o ao meio ambiente<\/li>\n<\/ol>\n\n\n\n<h4 class=\"wp-block-heading\" id=\"h-jurisprudencia\"><span id=\"jurisprudencia\">Jurisprud\u00eancia<\/span><\/h4>\n\n\n\n<p>O Supremo Tribunal Federal j\u00e1 se manifestou sobre a constitucionalidade da exig\u00eancia de alvar\u00e1 para templos religiosos. No RE 578.562\/BA, o STF entendeu que <strong><mark style=\"background-color:rgba(0, 0, 0, 0)\" class=\"has-inline-color has-vivid-cyan-blue-color\">a imunidade tribut\u00e1ria dos templos n\u00e3o os exime de cumprir obriga\u00e7\u00f5es legais e administrativas<\/mark><\/strong> impostas pelo poder p\u00fablico.<\/p>\n\n\n\n<h3 class=\"wp-block-heading\" id=\"h-implicacoes-para-o-caso-do-santuario-de-lucifer\"><span id=\"implicacoes-para-o-caso-do-santuario-de-lucifer\">Implica\u00e7\u00f5es para o caso do santu\u00e1rio de L\u00facifer<\/span><\/h3>\n\n\n\n<p>A exig\u00eancia de alvar\u00e1 para o funcionamento do santu\u00e1rio de L\u00facifer, portanto, <strong><mark style=\"background-color:rgba(0, 0, 0, 0)\" class=\"has-inline-color has-vivid-cyan-blue-color\">n\u00e3o constitui<\/mark>, em princ\u00edpio, uma <mark style=\"background-color:rgba(0, 0, 0, 0)\" class=\"has-inline-color has-vivid-cyan-blue-color\">viola\u00e7\u00e3o \u00e0 liberdade religiosa<\/mark><\/strong>, mas sim uma aplica\u00e7\u00e3o regular do poder de pol\u00edcia administrativa. Esta exig\u00eancia se aplica igualmente a todos os locais de culto, independentemente da religi\u00e3o praticada.&nbsp;<\/p>\n\n\n\n<p>A interdi\u00e7\u00e3o do local por falta de alvar\u00e1 e outras documenta\u00e7\u00f5es necess\u00e1rias \u00e9 uma medida administrativa que visa <strong><mark style=\"background-color:rgba(0, 0, 0, 0)\" class=\"has-inline-color has-vivid-cyan-blue-color\">garantir que o estabelecimento atenda \u00e0s normas<\/mark><\/strong> de seguran\u00e7a, sa\u00fade e ordenamento urbano antes de iniciar suas atividades.&nbsp;<\/p>\n\n\n\n<p>No entanto, \u00e9 crucial que a aplica\u00e7\u00e3o dessas exig\u00eancias seja feita de <strong><mark style=\"background-color:rgba(0, 0, 0, 0)\" class=\"has-inline-color has-vivid-cyan-blue-color\">maneira ison\u00f4mica<\/mark><\/strong>, sem discrimina\u00e7\u00e3o baseada no conte\u00fado ou natureza do culto religioso em quest\u00e3o. Qualquer evid\u00eancia de tratamento diferenciado poderia, de fato, configurar uma viola\u00e7\u00e3o ao princ\u00edpio da liberdade religiosa.&nbsp;<\/p>\n\n\n\n<h2 class=\"wp-block-heading\" id=\"h-opiniao-do-articulista-nbsp\"><span id=\"opiniao-do-articulista\">Opini\u00e3o do articulista&nbsp;<\/span><\/h2>\n\n\n\n<p>Como articulista, entendo que a interdi\u00e7\u00e3o do santu\u00e1rio de L\u00facifer pode ser considerada leg\u00edtima, n\u00e3o apenas por quest\u00f5es administrativas, mas tamb\u00e9m por uma preocupa\u00e7\u00e3o mais profunda com a <strong>coes\u00e3o social<\/strong> e os <strong>valores fundamentais<\/strong> de nossa sociedade.&nbsp;<\/p>\n\n\n\n<p>A exist\u00eancia de uma seita que venera uma figura tradicionalmente associada ao mal no cristianismo pode ser vista como uma forma de intoler\u00e2ncia religiosa em si mesma, tendo em vista o fundamento da seita divulgada no seu instagram.&nbsp;<\/p>\n\n\n\n<p>L\u00facifer, sendo o &#8220;anjo traidor&#8221; na tradi\u00e7\u00e3o crist\u00e3, representa uma ant\u00edtese dos valores crist\u00e3os que formam uma parte significativa da base moral de nossa sociedade.&nbsp;<\/p>\n\n\n\n<p>Ademais, podemos tra\u00e7ar um paralelo com a decis\u00e3o do Tribunal Europeu de Direitos Humanos no caso Refah Partisi v. Turkey (2003).\u00a0<\/p>\n\n\n\n<p>Neste caso, o tribunal apoiou a dissolu\u00e7\u00e3o de um partido pol\u00edtico isl\u00e2mico na Turquia, argumentando que a prote\u00e7\u00e3o da democracia e dos direitos humanos poderia, em certos casos, justificar a restri\u00e7\u00e3o de certas liberdades, incluindo a liberdade religiosa.&nbsp;<\/p>\n\n\n\n<p>Da mesma forma, poder\u00edamos argumentar que permitir o funcionamento irrestrito de um culto que potencialmente promove valores contr\u00e1rios aos princ\u00edpios fundamentais de nossa sociedade poderia, a longo prazo, minar a pr\u00f3pria estrutura que garante a liberdade religiosa para todos.&nbsp;<\/p>\n\n\n\n<p>Portanto, embora a liberdade religiosa seja um direito fundamental, ela n\u00e3o \u00e9 absoluta.&nbsp;<\/p>\n\n\n\n<p>Quando uma pr\u00e1tica religiosa amea\u00e7a os valores fundamentais da sociedade ou a seguran\u00e7a p\u00fablica, o Estado tem n\u00e3o apenas o direito, mas o dever de intervir para proteger o bem comum.<\/p>\n\n\n\n<hr class=\"wp-block-separator has-alpha-channel-opacity\"\/>\n\n\n\n<h2 class=\"wp-block-heading has-text-align-center\" id=\"h-quer-saber-quais-serao-os-proximos-concursos\"><span id=\"quer-saber-quais-serao-os-proximos-concursos\">Quer saber quais ser\u00e3o os pr\u00f3ximos concursos?<\/span><\/h2>\n\n\n\n<p class=\"has-text-align-center\">Confira nossos&nbsp;<a href=\"https:\/\/cj.estrategia.com\/portal\/\" target=\"_blank\" >artigos para Carreiras Jur\u00eddicas<\/a>!<\/p>\n\n\n\n<p class=\"has-text-align-center has-white-color has-pale-cyan-blue-background-color has-text-color has-background has-link-color wp-elements-f3d5123bb0c8e11604d0c8c7f1ea8be8\"><a href=\"https:\/\/www.estrategiaconcursos.com.br\/blog\/concursos-abertos\/\" target=\"_blank\" >Confira os concursos p\u00fablicos abertos<\/a><\/p>\n\n\n\n<p class=\"has-text-align-center has-white-color has-pale-cyan-blue-background-color has-text-color has-background has-link-color wp-elements-94f2aad2f2b05ea3152ac5320a17d121\"><a href=\"https:\/\/cj.estrategia.com\/portal\/web-stories\/\" target=\"_blank\" >Concursos 2024<\/a><\/p>\n","protected":false},"excerpt":{"rendered":"Introdu\u00e7\u00e3o O recente caso da interdi\u00e7\u00e3o de um santu\u00e1rio dedicado a L\u00facifer em Gravata\u00ed, Rio Grande do Sul,&hellip;\n","protected":false},"author":93,"featured_media":72916,"comment_status":"open","ping_status":"open","sticky":false,"template":"","format":"standard","meta":{"_jetpack_memberships_contains_paid_content":false,"footnotes":""},"categories":[1],"tags":[648,336,644,642,647,646,645,587,643,134],"tax_estado":[30,31,32,33,34,35,36,37,38,39,40,41,42,43,44,45,46,47,48,49,50,51,52,53,54,55,56,57],"class_list":{"0":"post-72906","1":"post","2":"type-post","3":"status-publish","4":"format-standard","5":"has-post-thumbnail","7":"category-carreiras-juridicas","8":"tag-alvara-de-funcionamento","9":"tag-analise-juridica","10":"tag-gravatai","11":"tag-intolerancia-religiosa","12":"tag-liberdade-religiosa","13":"tag-nolt","14":"tag-nova-ordem-de-lucifer-na-terra","15":"tag-poder-de-policia","16":"tag-santuario-de-lucifer","17":"tag-stf","18":"tax_estado-ac","19":"tax_estado-al","20":"tax_estado-am","21":"tax_estado-ap","22":"tax_estado-ba","23":"tax_estado-ce","24":"tax_estado-concursos-federais","25":"tax_estado-df","26":"tax_estado-es","27":"tax_estado-go","28":"tax_estado-ma","29":"tax_estado-mg","30":"tax_estado-ms","31":"tax_estado-mt","32":"tax_estado-pa","33":"tax_estado-pb","34":"tax_estado-pe","35":"tax_estado-pi","36":"tax_estado-pr","37":"tax_estado-rj","38":"tax_estado-rn","39":"tax_estado-ro","40":"tax_estado-rr","41":"tax_estado-rs","42":"tax_estado-sc","43":"tax_estado-se","44":"tax_estado-sp","45":"tax_estado-to"},"acf":[],"yoast_head":"<!-- This site is optimized with the Yoast SEO Premium plugin v27.4 (Yoast SEO v27.4) - https:\/\/yoast.com\/product\/yoast-seo-premium-wordpress\/ -->\n<title>Interdi\u00e7\u00e3o do Santu\u00e1rio de L\u00facifer - An\u00e1lise Jur\u00eddica<\/title>\n<meta name=\"description\" content=\"A interdi\u00e7\u00e3o de santu\u00e1rio dedicado a L\u00facifer levanta quest\u00f5es sobre liberdade religiosa, regulamenta\u00e7\u00e3o municipal e limites da toler\u00e2ncia.\" \/>\n<meta name=\"robots\" content=\"index, follow, max-snippet:-1, max-image-preview:large, max-video-preview:-1\" \/>\n<link rel=\"canonical\" href=\"https:\/\/cj.estrategia.com\/portal\/interdicao-santuario-lucifer-analise-juridica\/\" \/>\n<meta property=\"og:locale\" content=\"pt_BR\" \/>\n<meta property=\"og:type\" content=\"article\" \/>\n<meta property=\"og:title\" content=\"An\u00e1lise Jur\u00eddica: Interdi\u00e7\u00e3o do Santu\u00e1rio de L\u00facifer - Intoler\u00e2ncia Religiosa ou aplica\u00e7\u00e3o da lei?\" \/>\n<meta property=\"og:description\" content=\"A interdi\u00e7\u00e3o de santu\u00e1rio dedicado a L\u00facifer levanta quest\u00f5es sobre liberdade religiosa, regulamenta\u00e7\u00e3o municipal e limites da toler\u00e2ncia.\" \/>\n<meta property=\"og:url\" content=\"https:\/\/cj.estrategia.com\/portal\/interdicao-santuario-lucifer-analise-juridica\/\" \/>\n<meta property=\"og:site_name\" content=\"Blog - Carreiras Jur\u00eddicas - Estrat\u00e9gia\" \/>\n<meta property=\"article:publisher\" content=\"https:\/\/www.facebook.com\/estrategiacarreirajuridica\/\" \/>\n<meta property=\"article:published_time\" content=\"2024-08-17T20:57:05+00:00\" \/>\n<meta property=\"article:modified_time\" content=\"2024-08-19T14:56:57+00:00\" \/>\n<meta property=\"og:image\" content=\"https:\/\/cj.estrategia.com\/portal\/wp-content\/uploads\/2024\/08\/17175432\/estatua_lucifer-e1723928138729.jpg\" \/>\n\t<meta property=\"og:image:width\" content=\"1030\" \/>\n\t<meta property=\"og:image:height\" content=\"565\" \/>\n\t<meta property=\"og:image:type\" content=\"image\/jpeg\" \/>\n<meta name=\"author\" content=\"Felipe Duque\" \/>\n<meta name=\"twitter:card\" content=\"summary_large_image\" \/>\n<meta name=\"twitter:creator\" content=\"@https:\/\/x.com\/ProfessorDuque\" \/>\n<meta name=\"twitter:site\" content=\"@EstratJuridica\" \/>\n<meta name=\"twitter:label1\" content=\"Escrito por\" \/>\n\t<meta name=\"twitter:data1\" content=\"Felipe Duque\" \/>\n\t<meta name=\"twitter:label2\" content=\"Est. tempo de leitura\" \/>\n\t<meta name=\"twitter:data2\" content=\"7 minutos\" \/>\n<script type=\"application\/ld+json\" class=\"yoast-schema-graph\">{\"@context\":\"https:\\\/\\\/schema.org\",\"@graph\":[{\"@type\":\"NewsArticle\",\"@id\":\"https:\\\/\\\/cj.estrategia.com\\\/portal\\\/interdicao-santuario-lucifer-analise-juridica\\\/#article\",\"isPartOf\":{\"@id\":\"https:\\\/\\\/cj.estrategia.com\\\/portal\\\/interdicao-santuario-lucifer-analise-juridica\\\/\"},\"author\":{\"name\":\"Felipe Duque\",\"@id\":\"https:\\\/\\\/cj.estrategia.com\\\/portal\\\/#\\\/schema\\\/person\\\/b5b0253b269d7130d1f7770b1ba29285\"},\"headline\":\"An\u00e1lise Jur\u00eddica: Interdi\u00e7\u00e3o do Santu\u00e1rio de L\u00facifer &#8211; Intoler\u00e2ncia Religiosa ou aplica\u00e7\u00e3o da lei?\",\"datePublished\":\"2024-08-17T20:57:05+00:00\",\"dateModified\":\"2024-08-19T14:56:57+00:00\",\"mainEntityOfPage\":{\"@id\":\"https:\\\/\\\/cj.estrategia.com\\\/portal\\\/interdicao-santuario-lucifer-analise-juridica\\\/\"},\"wordCount\":1318,\"commentCount\":0,\"publisher\":{\"@id\":\"https:\\\/\\\/cj.estrategia.com\\\/portal\\\/#organization\"},\"image\":{\"@id\":\"https:\\\/\\\/cj.estrategia.com\\\/portal\\\/interdicao-santuario-lucifer-analise-juridica\\\/#primaryimage\"},\"thumbnailUrl\":\"https:\\\/\\\/cj.estrategia.com\\\/portal\\\/wp-content\\\/uploads\\\/2024\\\/08\\\/17175432\\\/estatua_lucifer-e1723928138729.jpg\",\"keywords\":[\"alvar\u00e1 de funcionamento\",\"an\u00e1lise jur\u00eddica\",\"Gravata\u00ed\",\"intoler\u00e2ncia religiosa\",\"liberdade religiosa\",\"NOLT\",\"Nova Ordem de L\u00facifer na Terra\",\"poder de pol\u00edcia\",\"Santu\u00e1rio de L\u00facifer\",\"STF\"],\"articleSection\":[\"Carreiras Jur\u00eddicas\"],\"inLanguage\":\"pt-BR\",\"potentialAction\":[{\"@type\":\"CommentAction\",\"name\":\"Comment\",\"target\":[\"https:\\\/\\\/cj.estrategia.com\\\/portal\\\/interdicao-santuario-lucifer-analise-juridica\\\/#respond\"]}]},{\"@type\":\"WebPage\",\"@id\":\"https:\\\/\\\/cj.estrategia.com\\\/portal\\\/interdicao-santuario-lucifer-analise-juridica\\\/\",\"url\":\"https:\\\/\\\/cj.estrategia.com\\\/portal\\\/interdicao-santuario-lucifer-analise-juridica\\\/\",\"name\":\"Interdi\u00e7\u00e3o do Santu\u00e1rio de L\u00facifer - An\u00e1lise Jur\u00eddica\",\"isPartOf\":{\"@id\":\"https:\\\/\\\/cj.estrategia.com\\\/portal\\\/#website\"},\"primaryImageOfPage\":{\"@id\":\"https:\\\/\\\/cj.estrategia.com\\\/portal\\\/interdicao-santuario-lucifer-analise-juridica\\\/#primaryimage\"},\"image\":{\"@id\":\"https:\\\/\\\/cj.estrategia.com\\\/portal\\\/interdicao-santuario-lucifer-analise-juridica\\\/#primaryimage\"},\"thumbnailUrl\":\"https:\\\/\\\/cj.estrategia.com\\\/portal\\\/wp-content\\\/uploads\\\/2024\\\/08\\\/17175432\\\/estatua_lucifer-e1723928138729.jpg\",\"datePublished\":\"2024-08-17T20:57:05+00:00\",\"dateModified\":\"2024-08-19T14:56:57+00:00\",\"description\":\"A interdi\u00e7\u00e3o de santu\u00e1rio dedicado a L\u00facifer levanta quest\u00f5es sobre liberdade religiosa, regulamenta\u00e7\u00e3o municipal e limites da toler\u00e2ncia.\",\"breadcrumb\":{\"@id\":\"https:\\\/\\\/cj.estrategia.com\\\/portal\\\/interdicao-santuario-lucifer-analise-juridica\\\/#breadcrumb\"},\"inLanguage\":\"pt-BR\",\"potentialAction\":[{\"@type\":\"ReadAction\",\"target\":[\"https:\\\/\\\/cj.estrategia.com\\\/portal\\\/interdicao-santuario-lucifer-analise-juridica\\\/\"]}]},{\"@type\":\"ImageObject\",\"inLanguage\":\"pt-BR\",\"@id\":\"https:\\\/\\\/cj.estrategia.com\\\/portal\\\/interdicao-santuario-lucifer-analise-juridica\\\/#primaryimage\",\"url\":\"https:\\\/\\\/cj.estrategia.com\\\/portal\\\/wp-content\\\/uploads\\\/2024\\\/08\\\/17175432\\\/estatua_lucifer-e1723928138729.jpg\",\"contentUrl\":\"https:\\\/\\\/cj.estrategia.com\\\/portal\\\/wp-content\\\/uploads\\\/2024\\\/08\\\/17175432\\\/estatua_lucifer-e1723928138729.jpg\",\"width\":1030,\"height\":565},{\"@type\":\"BreadcrumbList\",\"@id\":\"https:\\\/\\\/cj.estrategia.com\\\/portal\\\/interdicao-santuario-lucifer-analise-juridica\\\/#breadcrumb\",\"itemListElement\":[{\"@type\":\"ListItem\",\"position\":1,\"name\":\"In\u00edcio\",\"item\":\"https:\\\/\\\/cj.estrategia.com\\\/portal\\\/\"},{\"@type\":\"ListItem\",\"position\":2,\"name\":\"An\u00e1lise Jur\u00eddica: Interdi\u00e7\u00e3o do Santu\u00e1rio de L\u00facifer &#8211; Intoler\u00e2ncia Religiosa ou aplica\u00e7\u00e3o da lei?\"}]},{\"@type\":\"WebSite\",\"@id\":\"https:\\\/\\\/cj.estrategia.com\\\/portal\\\/#website\",\"url\":\"https:\\\/\\\/cj.estrategia.com\\\/portal\\\/\",\"name\":\"Blog - Carreiras Jur\u00eddicas - Estrat\u00e9gia\",\"description\":\"\",\"publisher\":{\"@id\":\"https:\\\/\\\/cj.estrategia.com\\\/portal\\\/#organization\"},\"potentialAction\":[{\"@type\":\"SearchAction\",\"target\":{\"@type\":\"EntryPoint\",\"urlTemplate\":\"https:\\\/\\\/cj.estrategia.com\\\/portal\\\/?s={search_term_string}\"},\"query-input\":{\"@type\":\"PropertyValueSpecification\",\"valueRequired\":true,\"valueName\":\"search_term_string\"}}],\"inLanguage\":\"pt-BR\"},{\"@type\":\"Organization\",\"@id\":\"https:\\\/\\\/cj.estrategia.com\\\/portal\\\/#organization\",\"name\":\"Estrat\u00e9gia - Carreiras Jur\u00eddicas\",\"url\":\"https:\\\/\\\/cj.estrategia.com\\\/portal\\\/\",\"logo\":{\"@type\":\"ImageObject\",\"inLanguage\":\"pt-BR\",\"@id\":\"https:\\\/\\\/cj.estrategia.com\\\/portal\\\/#\\\/schema\\\/logo\\\/image\\\/\",\"url\":\"https:\\\/\\\/cj.estrategia.com\\\/portal\\\/wp-content\\\/uploads\\\/2022\\\/03\\\/11151052\\\/cj-logo.png\",\"contentUrl\":\"https:\\\/\\\/cj.estrategia.com\\\/portal\\\/wp-content\\\/uploads\\\/2022\\\/03\\\/11151052\\\/cj-logo.png\",\"width\":150,\"height\":39,\"caption\":\"Estrat\u00e9gia - Carreiras Jur\u00eddicas\"},\"image\":{\"@id\":\"https:\\\/\\\/cj.estrategia.com\\\/portal\\\/#\\\/schema\\\/logo\\\/image\\\/\"},\"sameAs\":[\"https:\\\/\\\/www.facebook.com\\\/estrategiacarreirajuridica\\\/\",\"https:\\\/\\\/x.com\\\/EstratJuridica\",\"https:\\\/\\\/www.instagram.com\\\/estrategiacarreirajuridica\\\/\",\"https:\\\/\\\/www.youtube.com\\\/channel\\\/UClbMGuYbj2Mh1m3w144ETWQ\"]},{\"@type\":\"Person\",\"@id\":\"https:\\\/\\\/cj.estrategia.com\\\/portal\\\/#\\\/schema\\\/person\\\/b5b0253b269d7130d1f7770b1ba29285\",\"name\":\"Felipe Duque\",\"image\":{\"@type\":\"ImageObject\",\"inLanguage\":\"pt-BR\",\"@id\":\"https:\\\/\\\/cj.estrategia.com\\\/portal\\\/wp-content\\\/uploads\\\/2024\\\/08\\\/06162009\\\/Captura-de-Tela-2024-08-06-as-16.19.26-96x96.png\",\"url\":\"https:\\\/\\\/cj.estrategia.com\\\/portal\\\/wp-content\\\/uploads\\\/2024\\\/08\\\/06162009\\\/Captura-de-Tela-2024-08-06-as-16.19.26-96x96.png\",\"contentUrl\":\"https:\\\/\\\/cj.estrategia.com\\\/portal\\\/wp-content\\\/uploads\\\/2024\\\/08\\\/06162009\\\/Captura-de-Tela-2024-08-06-as-16.19.26-96x96.png\",\"caption\":\"Felipe Duque\"},\"description\":\"Felipe Duque - Mestre em Direito Pol\u00edtico e Econ\u00f4mico na Mackenzie-SP. Graduado em Direito pela Universidade Cat\u00f3lica de Pernambuco, com conclus\u00e3o pelo regime de Aproveitamento Extraordin\u00e1rio nos Estudos (art. 47, \u00a7 2\u00ba, da Lei n\u00ba 9.394\\\/96). Ex-Assessor de Desembargador no TJPE. Procurador da Fazenda Nacional. Integra voluntariamente a Coordena\u00e7\u00e3o de Assuntos Estrat\u00e9gicos Judiciais da PGFN. Professor do Estrat\u00e9gia Carreira Jur\u00eddica, Estrat\u00e9gia OAB e Buscador Dizer o Direito. Autor do livro \u201cReforma Tribut\u00e1ria Comentada e Esquematizada\u201d, \\\"Manual de Processo Tribut\u00e1rio: Administrativo e Judicial\\\" pela editora Juspodivm Parecerista na Revista de Estudos Jur\u00eddicos do Superior Tribunal de Justi\u00e7a (REJuriSTJ)\",\"sameAs\":[\"http:\\\/\\\/lattes.cnpq.br\\\/5755137268084324\",\"https:\\\/\\\/www.instagram.com\\\/felipe_duque\\\/\",\"https:\\\/\\\/br.linkedin.com\\\/in\\\/felipe-duque-56954638\",\"https:\\\/\\\/x.com\\\/https:\\\/\\\/x.com\\\/ProfessorDuque\",\"https:\\\/\\\/www.youtube.com\\\/@felipeduque-experienciasco5797\"],\"url\":\"https:\\\/\\\/cj.estrategia.com\\\/portal\\\/author\\\/felipe-duque\\\/\"}]}<\/script>\n<!-- \/ Yoast SEO Premium plugin. -->","yoast_head_json":{"title":"Interdi\u00e7\u00e3o do Santu\u00e1rio de L\u00facifer - An\u00e1lise Jur\u00eddica","description":"A interdi\u00e7\u00e3o de santu\u00e1rio dedicado a L\u00facifer levanta quest\u00f5es sobre liberdade religiosa, regulamenta\u00e7\u00e3o municipal e limites da toler\u00e2ncia.","robots":{"index":"index","follow":"follow","max-snippet":"max-snippet:-1","max-image-preview":"max-image-preview:large","max-video-preview":"max-video-preview:-1"},"canonical":"https:\/\/cj.estrategia.com\/portal\/interdicao-santuario-lucifer-analise-juridica\/","og_locale":"pt_BR","og_type":"article","og_title":"An\u00e1lise Jur\u00eddica: Interdi\u00e7\u00e3o do Santu\u00e1rio de L\u00facifer - Intoler\u00e2ncia Religiosa ou aplica\u00e7\u00e3o da lei?","og_description":"A interdi\u00e7\u00e3o de santu\u00e1rio dedicado a L\u00facifer levanta quest\u00f5es sobre liberdade religiosa, regulamenta\u00e7\u00e3o municipal e limites da toler\u00e2ncia.","og_url":"https:\/\/cj.estrategia.com\/portal\/interdicao-santuario-lucifer-analise-juridica\/","og_site_name":"Blog - Carreiras Jur\u00eddicas - Estrat\u00e9gia","article_publisher":"https:\/\/www.facebook.com\/estrategiacarreirajuridica\/","article_published_time":"2024-08-17T20:57:05+00:00","article_modified_time":"2024-08-19T14:56:57+00:00","og_image":[{"width":1030,"height":565,"url":"https:\/\/cj.estrategia.com\/portal\/wp-content\/uploads\/2024\/08\/17175432\/estatua_lucifer-e1723928138729.jpg","type":"image\/jpeg"}],"author":"Felipe Duque","twitter_card":"summary_large_image","twitter_creator":"@https:\/\/x.com\/ProfessorDuque","twitter_site":"@EstratJuridica","twitter_misc":{"Escrito por":"Felipe Duque","Est. tempo de leitura":"7 minutos"},"schema":{"@context":"https:\/\/schema.org","@graph":[{"@type":"NewsArticle","@id":"https:\/\/cj.estrategia.com\/portal\/interdicao-santuario-lucifer-analise-juridica\/#article","isPartOf":{"@id":"https:\/\/cj.estrategia.com\/portal\/interdicao-santuario-lucifer-analise-juridica\/"},"author":{"name":"Felipe Duque","@id":"https:\/\/cj.estrategia.com\/portal\/#\/schema\/person\/b5b0253b269d7130d1f7770b1ba29285"},"headline":"An\u00e1lise Jur\u00eddica: Interdi\u00e7\u00e3o do Santu\u00e1rio de L\u00facifer &#8211; Intoler\u00e2ncia Religiosa ou aplica\u00e7\u00e3o da lei?","datePublished":"2024-08-17T20:57:05+00:00","dateModified":"2024-08-19T14:56:57+00:00","mainEntityOfPage":{"@id":"https:\/\/cj.estrategia.com\/portal\/interdicao-santuario-lucifer-analise-juridica\/"},"wordCount":1318,"commentCount":0,"publisher":{"@id":"https:\/\/cj.estrategia.com\/portal\/#organization"},"image":{"@id":"https:\/\/cj.estrategia.com\/portal\/interdicao-santuario-lucifer-analise-juridica\/#primaryimage"},"thumbnailUrl":"https:\/\/cj.estrategia.com\/portal\/wp-content\/uploads\/2024\/08\/17175432\/estatua_lucifer-e1723928138729.jpg","keywords":["alvar\u00e1 de funcionamento","an\u00e1lise jur\u00eddica","Gravata\u00ed","intoler\u00e2ncia religiosa","liberdade religiosa","NOLT","Nova Ordem de L\u00facifer na Terra","poder de pol\u00edcia","Santu\u00e1rio de L\u00facifer","STF"],"articleSection":["Carreiras Jur\u00eddicas"],"inLanguage":"pt-BR","potentialAction":[{"@type":"CommentAction","name":"Comment","target":["https:\/\/cj.estrategia.com\/portal\/interdicao-santuario-lucifer-analise-juridica\/#respond"]}]},{"@type":"WebPage","@id":"https:\/\/cj.estrategia.com\/portal\/interdicao-santuario-lucifer-analise-juridica\/","url":"https:\/\/cj.estrategia.com\/portal\/interdicao-santuario-lucifer-analise-juridica\/","name":"Interdi\u00e7\u00e3o do Santu\u00e1rio de L\u00facifer - An\u00e1lise Jur\u00eddica","isPartOf":{"@id":"https:\/\/cj.estrategia.com\/portal\/#website"},"primaryImageOfPage":{"@id":"https:\/\/cj.estrategia.com\/portal\/interdicao-santuario-lucifer-analise-juridica\/#primaryimage"},"image":{"@id":"https:\/\/cj.estrategia.com\/portal\/interdicao-santuario-lucifer-analise-juridica\/#primaryimage"},"thumbnailUrl":"https:\/\/cj.estrategia.com\/portal\/wp-content\/uploads\/2024\/08\/17175432\/estatua_lucifer-e1723928138729.jpg","datePublished":"2024-08-17T20:57:05+00:00","dateModified":"2024-08-19T14:56:57+00:00","description":"A interdi\u00e7\u00e3o de santu\u00e1rio dedicado a L\u00facifer levanta quest\u00f5es sobre liberdade religiosa, regulamenta\u00e7\u00e3o municipal e limites da toler\u00e2ncia.","breadcrumb":{"@id":"https:\/\/cj.estrategia.com\/portal\/interdicao-santuario-lucifer-analise-juridica\/#breadcrumb"},"inLanguage":"pt-BR","potentialAction":[{"@type":"ReadAction","target":["https:\/\/cj.estrategia.com\/portal\/interdicao-santuario-lucifer-analise-juridica\/"]}]},{"@type":"ImageObject","inLanguage":"pt-BR","@id":"https:\/\/cj.estrategia.com\/portal\/interdicao-santuario-lucifer-analise-juridica\/#primaryimage","url":"https:\/\/cj.estrategia.com\/portal\/wp-content\/uploads\/2024\/08\/17175432\/estatua_lucifer-e1723928138729.jpg","contentUrl":"https:\/\/cj.estrategia.com\/portal\/wp-content\/uploads\/2024\/08\/17175432\/estatua_lucifer-e1723928138729.jpg","width":1030,"height":565},{"@type":"BreadcrumbList","@id":"https:\/\/cj.estrategia.com\/portal\/interdicao-santuario-lucifer-analise-juridica\/#breadcrumb","itemListElement":[{"@type":"ListItem","position":1,"name":"In\u00edcio","item":"https:\/\/cj.estrategia.com\/portal\/"},{"@type":"ListItem","position":2,"name":"An\u00e1lise Jur\u00eddica: Interdi\u00e7\u00e3o do Santu\u00e1rio de L\u00facifer &#8211; Intoler\u00e2ncia Religiosa ou aplica\u00e7\u00e3o da lei?"}]},{"@type":"WebSite","@id":"https:\/\/cj.estrategia.com\/portal\/#website","url":"https:\/\/cj.estrategia.com\/portal\/","name":"Blog - Carreiras Jur\u00eddicas - Estrat\u00e9gia","description":"","publisher":{"@id":"https:\/\/cj.estrategia.com\/portal\/#organization"},"potentialAction":[{"@type":"SearchAction","target":{"@type":"EntryPoint","urlTemplate":"https:\/\/cj.estrategia.com\/portal\/?s={search_term_string}"},"query-input":{"@type":"PropertyValueSpecification","valueRequired":true,"valueName":"search_term_string"}}],"inLanguage":"pt-BR"},{"@type":"Organization","@id":"https:\/\/cj.estrategia.com\/portal\/#organization","name":"Estrat\u00e9gia - Carreiras Jur\u00eddicas","url":"https:\/\/cj.estrategia.com\/portal\/","logo":{"@type":"ImageObject","inLanguage":"pt-BR","@id":"https:\/\/cj.estrategia.com\/portal\/#\/schema\/logo\/image\/","url":"https:\/\/cj.estrategia.com\/portal\/wp-content\/uploads\/2022\/03\/11151052\/cj-logo.png","contentUrl":"https:\/\/cj.estrategia.com\/portal\/wp-content\/uploads\/2022\/03\/11151052\/cj-logo.png","width":150,"height":39,"caption":"Estrat\u00e9gia - Carreiras Jur\u00eddicas"},"image":{"@id":"https:\/\/cj.estrategia.com\/portal\/#\/schema\/logo\/image\/"},"sameAs":["https:\/\/www.facebook.com\/estrategiacarreirajuridica\/","https:\/\/x.com\/EstratJuridica","https:\/\/www.instagram.com\/estrategiacarreirajuridica\/","https:\/\/www.youtube.com\/channel\/UClbMGuYbj2Mh1m3w144ETWQ"]},{"@type":"Person","@id":"https:\/\/cj.estrategia.com\/portal\/#\/schema\/person\/b5b0253b269d7130d1f7770b1ba29285","name":"Felipe Duque","image":{"@type":"ImageObject","inLanguage":"pt-BR","@id":"https:\/\/cj.estrategia.com\/portal\/wp-content\/uploads\/2024\/08\/06162009\/Captura-de-Tela-2024-08-06-as-16.19.26-96x96.png","url":"https:\/\/cj.estrategia.com\/portal\/wp-content\/uploads\/2024\/08\/06162009\/Captura-de-Tela-2024-08-06-as-16.19.26-96x96.png","contentUrl":"https:\/\/cj.estrategia.com\/portal\/wp-content\/uploads\/2024\/08\/06162009\/Captura-de-Tela-2024-08-06-as-16.19.26-96x96.png","caption":"Felipe Duque"},"description":"Felipe Duque - Mestre em Direito Pol\u00edtico e Econ\u00f4mico na Mackenzie-SP. Graduado em Direito pela Universidade Cat\u00f3lica de Pernambuco, com conclus\u00e3o pelo regime de Aproveitamento Extraordin\u00e1rio nos Estudos (art. 47, \u00a7 2\u00ba, da Lei n\u00ba 9.394\/96). Ex-Assessor de Desembargador no TJPE. Procurador da Fazenda Nacional. Integra voluntariamente a Coordena\u00e7\u00e3o de Assuntos Estrat\u00e9gicos Judiciais da PGFN. Professor do Estrat\u00e9gia Carreira Jur\u00eddica, Estrat\u00e9gia OAB e Buscador Dizer o Direito. Autor do livro \u201cReforma Tribut\u00e1ria Comentada e Esquematizada\u201d, \"Manual de Processo Tribut\u00e1rio: Administrativo e Judicial\" pela editora Juspodivm Parecerista na Revista de Estudos Jur\u00eddicos do Superior Tribunal de Justi\u00e7a (REJuriSTJ)","sameAs":["http:\/\/lattes.cnpq.br\/5755137268084324","https:\/\/www.instagram.com\/felipe_duque\/","https:\/\/br.linkedin.com\/in\/felipe-duque-56954638","https:\/\/x.com\/https:\/\/x.com\/ProfessorDuque","https:\/\/www.youtube.com\/@felipeduque-experienciasco5797"],"url":"https:\/\/cj.estrategia.com\/portal\/author\/felipe-duque\/"}]}},"jetpack_featured_media_url":"https:\/\/cj.estrategia.com\/portal\/wp-content\/uploads\/2024\/08\/17175432\/estatua_lucifer-e1723928138729.jpg","jetpack_sharing_enabled":true,"_links":{"self":[{"href":"https:\/\/cj.estrategia.com\/portal\/wp-json\/wp\/v2\/posts\/72906","targetHints":{"allow":["GET"]}}],"collection":[{"href":"https:\/\/cj.estrategia.com\/portal\/wp-json\/wp\/v2\/posts"}],"about":[{"href":"https:\/\/cj.estrategia.com\/portal\/wp-json\/wp\/v2\/types\/post"}],"author":[{"embeddable":true,"href":"https:\/\/cj.estrategia.com\/portal\/wp-json\/wp\/v2\/users\/93"}],"replies":[{"embeddable":true,"href":"https:\/\/cj.estrategia.com\/portal\/wp-json\/wp\/v2\/comments?post=72906"}],"version-history":[{"count":2,"href":"https:\/\/cj.estrategia.com\/portal\/wp-json\/wp\/v2\/posts\/72906\/revisions"}],"predecessor-version":[{"id":72949,"href":"https:\/\/cj.estrategia.com\/portal\/wp-json\/wp\/v2\/posts\/72906\/revisions\/72949"}],"wp:featuredmedia":[{"embeddable":true,"href":"https:\/\/cj.estrategia.com\/portal\/wp-json\/wp\/v2\/media\/72916"}],"wp:attachment":[{"href":"https:\/\/cj.estrategia.com\/portal\/wp-json\/wp\/v2\/media?parent=72906"}],"wp:term":[{"taxonomy":"category","embeddable":true,"href":"https:\/\/cj.estrategia.com\/portal\/wp-json\/wp\/v2\/categories?post=72906"},{"taxonomy":"post_tag","embeddable":true,"href":"https:\/\/cj.estrategia.com\/portal\/wp-json\/wp\/v2\/tags?post=72906"},{"taxonomy":"tax_estado","embeddable":true,"href":"https:\/\/cj.estrategia.com\/portal\/wp-json\/wp\/v2\/tax_estado?post=72906"}],"curies":[{"name":"wp","href":"https:\/\/api.w.org\/{rel}","templated":true}]}}