{"id":72830,"date":"2024-08-16T21:05:36","date_gmt":"2024-08-17T00:05:36","guid":{"rendered":"https:\/\/cj.estrategia.com\/portal\/?p=72830"},"modified":"2024-08-16T21:07:17","modified_gmt":"2024-08-17T00:07:17","slug":"concurso-magistratura-pe-edital-publicado","status":"publish","type":"post","link":"https:\/\/cj.estrategia.com\/portal\/concurso-magistratura-pe-edital-publicado\/","title":{"rendered":"Concurso Magistratura PE: edital publicado!"},"content":{"rendered":"\n<p>O edital do\u00a0<strong>concurso p\u00fablico Magistratura PE\u00a0<\/strong>foi publicado com oferta de<strong>\u00a030 (trinta)<\/strong> vagas para o cargo de Juiz Substituto do Tribunal de Justi\u00e7a do Estado de Pernambuco\u00a0e forma\u00e7\u00e3o de cadastro de reserva. A remunera\u00e7\u00e3o inicial \u00e9 de\u00a0<strong>R$ 34.052,96<\/strong>.<\/p>\n\n\n\n<p>Os candidatos interessados podem se inscrever no site da banca organizadora,\u00a0<a href=\"https:\/\/conhecimento.fgv.br\/concursos\/tjpe24\">FGV<\/a>, entre os dias\u00a0<strong>26 de agosto de 2024 a 24 de setembro de 2024<\/strong>, ao custo de R$ 340,53. Para concorrer \u00e0s vagas do Tribunal de Justi\u00e7a de Pernambuco, os candidatos precisam ser bacharel em Direito e contar com <strong>tr\u00eas anos<\/strong> de atividade jur\u00eddica, completados at\u00e9 a data da inscri\u00e7\u00e3o definitiva, terceira fase do certame.<\/p>\n\n\n\n<p>Al\u00e9m disso, o certame contemplar\u00e1 as seguintes&nbsp;<strong>5<\/strong>&nbsp;(cinco)&nbsp;<strong>etapas<\/strong>:<\/p>\n\n\n\n<ul class=\"wp-block-list\">\n<li>I &#8211; Primeira Etapa \u2013 Prova Objetiva Seletiva, de car\u00e1ter eliminat\u00f3rio e classificat\u00f3rio; <\/li>\n\n\n\n<li>II &#8211; Segunda Etapa \u2013 Provas Escritas (Discursiva e Senten\u00e7as), de car\u00e1ter eliminat\u00f3rio e classificat\u00f3rio; <\/li>\n\n\n\n<li>III &#8211; Terceira Etapa \u2013 com as seguintes fases, de car\u00e1ter eliminat\u00f3rio: a) sindic\u00e2ncia da vida pregressa e investiga\u00e7\u00e3o social; b) exame de sanidade f\u00edsica e mental; c) exame psicot\u00e9cnico. <\/li>\n\n\n\n<li>IV &#8211; Quarta Etapa &#8211; Prova Oral, de car\u00e1ter eliminat\u00f3rio e classificat\u00f3rio; <\/li>\n\n\n\n<li>V- Quinta Etapa \u2013 Avalia\u00e7\u00e3o de t\u00edtulos, de car\u00e1ter classificat\u00f3rio;<\/li>\n<\/ul>\n\n\n\n<p>A prova objetiva est\u00e1 prevista para o dia\u00a0<strong>1\u00ba de dezembro de 2024<\/strong>.<\/p>\n\n\n\n<p class=\"has-text-align-center has-very-light-gray-to-cyan-bluish-gray-gradient-background has-background\">Saiba mais: <a href=\"https:\/\/cj.estrategia.com\/portal\/concurso-magistratura-pe\/\">concurso Magistratura PE<\/a><\/p>\n\n\n\n<h2 class=\"wp-block-heading has-text-align-center\" id=\"cursos\"><span id=\"quer-saber-tudo-sobre-concursos-previstos-confira-nossos-artigos\">Quer saber tudo sobre concursos previstos? <br>Confira nossos artigos!<\/span><\/h2>\n\n\n\n\n\n<h2 class=\"wp-block-heading has-text-align-center\" id=\"cursos-assinatura-concurso-magistratura-pe\"><span id=\"quer-estudar-para-o-concurso\">Quer estudar para o concurso?<\/span><\/h2>\n\n\n\n<p class=\"has-text-align-center\"><strong><em>Gostou dessa oportunidade&nbsp;e deseja se preparar para o concurso TJ PE Juiz?<\/em><\/strong><br><strong><em>Esteja mais preparado com nossos cursos. Acompanhe as novidades!<\/em><\/strong><\/p>\n\n\n\n<div class=\"wp-block-cover\" style=\"min-height:155px;aspect-ratio:unset;\"><img decoding=\"async\" width=\"1890\" height=\"351\" class=\"wp-block-cover__image-background wp-image-8669\" alt=\"Assinaturas Jur\u00eddicas\" src=\"https:\/\/cj.estrategia.com\/portal\/wp-content\/uploads\/2022\/06\/20151253\/concurso-carreiras-juridicas-assinatura-juridica.jpg\" style=\"object-position:78% 43%\" data-object-fit=\"cover\" data-object-position=\"78% 43%\" srcset=\"https:\/\/cj.estrategia.com\/portal\/wp-content\/uploads\/2022\/06\/20151253\/concurso-carreiras-juridicas-assinatura-juridica.jpg 1890w, https:\/\/cj.estrategia.com\/portal\/wp-content\/uploads\/2022\/06\/20151253\/concurso-carreiras-juridicas-assinatura-juridica-300x56.jpg 300w, https:\/\/cj.estrategia.com\/portal\/wp-content\/uploads\/2022\/06\/20151253\/concurso-carreiras-juridicas-assinatura-juridica-1024x190.jpg 1024w, https:\/\/cj.estrategia.com\/portal\/wp-content\/uploads\/2022\/06\/20151253\/concurso-carreiras-juridicas-assinatura-juridica-768x143.jpg 768w, https:\/\/cj.estrategia.com\/portal\/wp-content\/uploads\/2022\/06\/20151253\/concurso-carreiras-juridicas-assinatura-juridica-1536x285.jpg 1536w, https:\/\/cj.estrategia.com\/portal\/wp-content\/uploads\/2022\/06\/20151253\/concurso-carreiras-juridicas-assinatura-juridica-380x71.jpg 380w, https:\/\/cj.estrategia.com\/portal\/wp-content\/uploads\/2022\/06\/20151253\/concurso-carreiras-juridicas-assinatura-juridica-800x149.jpg 800w, https:\/\/cj.estrategia.com\/portal\/wp-content\/uploads\/2022\/06\/20151253\/concurso-carreiras-juridicas-assinatura-juridica-1160x215.jpg 1160w\" sizes=\"(max-width: 1890px) 100vw, 1890px\" \/><span aria-hidden=\"true\" class=\"wp-block-cover__background has-background-dim\"><\/span><div class=\"wp-block-cover__inner-container is-layout-flow wp-block-cover-is-layout-flow\">\n<h3 id=\"faca-a-sua-assinatura\" class=\"titulo-assinatura\"><span style=\"color: #ffffff;\">Fa\u00e7a a sua assinatura!<\/span><\/h3>\n<p class=\"subtitulo-assinatura\" style=\"display:block!important; line-height: 0;\"><span style=\"color: #ffffff;\">Escolha a sua \u00e1rea.<\/span><\/p>\n<a target=\"_blank\" href=\"https:\/\/www.estrategiaconcursos.com.br\/assinaturas-ecj\/\" rel=\"noopener\"><button style=\"border-radius: 10px; text-transform: capitalize;\">Acessar<\/button><\/a>\n<\/div><\/div>\n\n\n\n<p><em>Prepare-se com o melhor material e com quem mais aprova em concurso TJ PE Juiz em todo o pa\u00eds.<\/em><\/p>\n","protected":false},"excerpt":{"rendered":"O edital do\u00a0concurso p\u00fablico Magistratura PE\u00a0foi publicado com oferta de\u00a030 (trinta) vagas para o cargo de Juiz Substituto&hellip;\n","protected":false},"author":141,"featured_media":25853,"comment_status":"open","ping_status":"open","sticky":false,"template":"","format":"standard","meta":{"_jetpack_memberships_contains_paid_content":false,"footnotes":""},"categories":[1,26],"tags":[],"tax_estado":[46],"class_list":{"0":"post-72830","1":"post","2":"type-post","3":"status-publish","4":"format-standard","5":"has-post-thumbnail","7":"category-carreiras-juridicas","8":"category-magistratura","9":"tax_estado-pe"},"acf":[],"yoast_head":"<!-- This site is optimized with the Yoast SEO Premium plugin v27.4 (Yoast SEO v27.4) - https:\/\/yoast.com\/product\/yoast-seo-premium-wordpress\/ -->\n<title>Concurso Magistratura PE: edital publicado!<\/title>\n<meta name=\"description\" content=\"Concurso magistratura PE: FGV \u00e9 a banca! Edital publicado! 30 vagas para Juiz Substituto. Veja os detalhes!\" \/>\n<meta name=\"robots\" content=\"index, follow, max-snippet:-1, max-image-preview:large, max-video-preview:-1\" \/>\n<link rel=\"canonical\" href=\"https:\/\/cj.estrategia.com\/portal\/concurso-magistratura-pe-edital-publicado\/\" \/>\n<meta property=\"og:locale\" content=\"pt_BR\" \/>\n<meta property=\"og:type\" content=\"article\" \/>\n<meta property=\"og:title\" content=\"Concurso Magistratura PE: edital publicado!\" \/>\n<meta property=\"og:description\" content=\"Concurso magistratura PE: FGV \u00e9 a banca! Edital publicado! 30 vagas para Juiz Substituto. Veja os detalhes!\" \/>\n<meta property=\"og:url\" content=\"https:\/\/cj.estrategia.com\/portal\/concurso-magistratura-pe-edital-publicado\/\" \/>\n<meta property=\"og:site_name\" content=\"Blog - Carreiras Jur\u00eddicas - Estrat\u00e9gia\" \/>\n<meta property=\"article:publisher\" content=\"https:\/\/www.facebook.com\/estrategiacarreirajuridica\/\" \/>\n<meta property=\"article:published_time\" content=\"2024-08-17T00:05:36+00:00\" \/>\n<meta property=\"article:modified_time\" content=\"2024-08-17T00:07:17+00:00\" \/>\n<meta property=\"og:image\" content=\"https:\/\/cj.estrategia.com\/portal\/wp-content\/uploads\/2022\/12\/27101302\/saiu-edital-concurso-agu-pgfn-e-procurador-federal.jpg\" \/>\n\t<meta property=\"og:image:width\" content=\"960\" \/>\n\t<meta property=\"og:image:height\" content=\"540\" \/>\n\t<meta property=\"og:image:type\" content=\"image\/jpeg\" \/>\n<meta name=\"author\" content=\"Carolina Jurado\" \/>\n<meta name=\"twitter:card\" content=\"summary_large_image\" \/>\n<meta name=\"twitter:creator\" content=\"@EstratJuridica\" \/>\n<meta name=\"twitter:site\" content=\"@EstratJuridica\" \/>\n<meta name=\"twitter:label1\" content=\"Escrito por\" \/>\n\t<meta name=\"twitter:data1\" content=\"Carolina Jurado\" \/>\n\t<meta name=\"twitter:label2\" content=\"Est. tempo de leitura\" \/>\n\t<meta name=\"twitter:data2\" content=\"2 minutos\" \/>\n<script type=\"application\/ld+json\" class=\"yoast-schema-graph\">{\"@context\":\"https:\\\/\\\/schema.org\",\"@graph\":[{\"@type\":\"NewsArticle\",\"@id\":\"https:\\\/\\\/cj.estrategia.com\\\/portal\\\/concurso-magistratura-pe-edital-publicado\\\/#article\",\"isPartOf\":{\"@id\":\"https:\\\/\\\/cj.estrategia.com\\\/portal\\\/concurso-magistratura-pe-edital-publicado\\\/\"},\"author\":{\"name\":\"Carolina Jurado\",\"@id\":\"https:\\\/\\\/cj.estrategia.com\\\/portal\\\/#\\\/schema\\\/person\\\/448bdaa83b34d80730e0a2c3d5636b39\"},\"headline\":\"Concurso Magistratura PE: edital publicado!\",\"datePublished\":\"2024-08-17T00:05:36+00:00\",\"dateModified\":\"2024-08-17T00:07:17+00:00\",\"mainEntityOfPage\":{\"@id\":\"https:\\\/\\\/cj.estrategia.com\\\/portal\\\/concurso-magistratura-pe-edital-publicado\\\/\"},\"wordCount\":296,\"commentCount\":0,\"publisher\":{\"@id\":\"https:\\\/\\\/cj.estrategia.com\\\/portal\\\/#organization\"},\"image\":{\"@id\":\"https:\\\/\\\/cj.estrategia.com\\\/portal\\\/concurso-magistratura-pe-edital-publicado\\\/#primaryimage\"},\"thumbnailUrl\":\"https:\\\/\\\/cj.estrategia.com\\\/portal\\\/wp-content\\\/uploads\\\/2022\\\/12\\\/27101302\\\/saiu-edital-concurso-agu-pgfn-e-procurador-federal.jpg\",\"articleSection\":[\"Carreiras Jur\u00eddicas\",\"Magistratura\"],\"inLanguage\":\"pt-BR\",\"potentialAction\":[{\"@type\":\"CommentAction\",\"name\":\"Comment\",\"target\":[\"https:\\\/\\\/cj.estrategia.com\\\/portal\\\/concurso-magistratura-pe-edital-publicado\\\/#respond\"]}]},{\"@type\":\"WebPage\",\"@id\":\"https:\\\/\\\/cj.estrategia.com\\\/portal\\\/concurso-magistratura-pe-edital-publicado\\\/\",\"url\":\"https:\\\/\\\/cj.estrategia.com\\\/portal\\\/concurso-magistratura-pe-edital-publicado\\\/\",\"name\":\"Concurso Magistratura PE: edital publicado!\",\"isPartOf\":{\"@id\":\"https:\\\/\\\/cj.estrategia.com\\\/portal\\\/#website\"},\"primaryImageOfPage\":{\"@id\":\"https:\\\/\\\/cj.estrategia.com\\\/portal\\\/concurso-magistratura-pe-edital-publicado\\\/#primaryimage\"},\"image\":{\"@id\":\"https:\\\/\\\/cj.estrategia.com\\\/portal\\\/concurso-magistratura-pe-edital-publicado\\\/#primaryimage\"},\"thumbnailUrl\":\"https:\\\/\\\/cj.estrategia.com\\\/portal\\\/wp-content\\\/uploads\\\/2022\\\/12\\\/27101302\\\/saiu-edital-concurso-agu-pgfn-e-procurador-federal.jpg\",\"datePublished\":\"2024-08-17T00:05:36+00:00\",\"dateModified\":\"2024-08-17T00:07:17+00:00\",\"description\":\"Concurso magistratura PE: FGV \u00e9 a banca! Edital publicado! 30 vagas para Juiz Substituto. Veja os detalhes!\",\"breadcrumb\":{\"@id\":\"https:\\\/\\\/cj.estrategia.com\\\/portal\\\/concurso-magistratura-pe-edital-publicado\\\/#breadcrumb\"},\"inLanguage\":\"pt-BR\",\"potentialAction\":[{\"@type\":\"ReadAction\",\"target\":[\"https:\\\/\\\/cj.estrategia.com\\\/portal\\\/concurso-magistratura-pe-edital-publicado\\\/\"]}]},{\"@type\":\"ImageObject\",\"inLanguage\":\"pt-BR\",\"@id\":\"https:\\\/\\\/cj.estrategia.com\\\/portal\\\/concurso-magistratura-pe-edital-publicado\\\/#primaryimage\",\"url\":\"https:\\\/\\\/cj.estrategia.com\\\/portal\\\/wp-content\\\/uploads\\\/2022\\\/12\\\/27101302\\\/saiu-edital-concurso-agu-pgfn-e-procurador-federal.jpg\",\"contentUrl\":\"https:\\\/\\\/cj.estrategia.com\\\/portal\\\/wp-content\\\/uploads\\\/2022\\\/12\\\/27101302\\\/saiu-edital-concurso-agu-pgfn-e-procurador-federal.jpg\",\"width\":960,\"height\":540,\"caption\":\"Concurso trf2\"},{\"@type\":\"BreadcrumbList\",\"@id\":\"https:\\\/\\\/cj.estrategia.com\\\/portal\\\/concurso-magistratura-pe-edital-publicado\\\/#breadcrumb\",\"itemListElement\":[{\"@type\":\"ListItem\",\"position\":1,\"name\":\"In\u00edcio\",\"item\":\"https:\\\/\\\/cj.estrategia.com\\\/portal\\\/\"},{\"@type\":\"ListItem\",\"position\":2,\"name\":\"Concurso Magistratura PE: edital publicado!\"}]},{\"@type\":\"WebSite\",\"@id\":\"https:\\\/\\\/cj.estrategia.com\\\/portal\\\/#website\",\"url\":\"https:\\\/\\\/cj.estrategia.com\\\/portal\\\/\",\"name\":\"Blog - Carreiras Jur\u00eddicas - Estrat\u00e9gia\",\"description\":\"\",\"publisher\":{\"@id\":\"https:\\\/\\\/cj.estrategia.com\\\/portal\\\/#organization\"},\"potentialAction\":[{\"@type\":\"SearchAction\",\"target\":{\"@type\":\"EntryPoint\",\"urlTemplate\":\"https:\\\/\\\/cj.estrategia.com\\\/portal\\\/?s={search_term_string}\"},\"query-input\":{\"@type\":\"PropertyValueSpecification\",\"valueRequired\":true,\"valueName\":\"search_term_string\"}}],\"inLanguage\":\"pt-BR\"},{\"@type\":\"Organization\",\"@id\":\"https:\\\/\\\/cj.estrategia.com\\\/portal\\\/#organization\",\"name\":\"Estrat\u00e9gia - Carreiras Jur\u00eddicas\",\"url\":\"https:\\\/\\\/cj.estrategia.com\\\/portal\\\/\",\"logo\":{\"@type\":\"ImageObject\",\"inLanguage\":\"pt-BR\",\"@id\":\"https:\\\/\\\/cj.estrategia.com\\\/portal\\\/#\\\/schema\\\/logo\\\/image\\\/\",\"url\":\"https:\\\/\\\/cj.estrategia.com\\\/portal\\\/wp-content\\\/uploads\\\/2022\\\/03\\\/11151052\\\/cj-logo.png\",\"contentUrl\":\"https:\\\/\\\/cj.estrategia.com\\\/portal\\\/wp-content\\\/uploads\\\/2022\\\/03\\\/11151052\\\/cj-logo.png\",\"width\":150,\"height\":39,\"caption\":\"Estrat\u00e9gia - Carreiras Jur\u00eddicas\"},\"image\":{\"@id\":\"https:\\\/\\\/cj.estrategia.com\\\/portal\\\/#\\\/schema\\\/logo\\\/image\\\/\"},\"sameAs\":[\"https:\\\/\\\/www.facebook.com\\\/estrategiacarreirajuridica\\\/\",\"https:\\\/\\\/x.com\\\/EstratJuridica\",\"https:\\\/\\\/www.instagram.com\\\/estrategiacarreirajuridica\\\/\",\"https:\\\/\\\/www.youtube.com\\\/channel\\\/UClbMGuYbj2Mh1m3w144ETWQ\"]},{\"@type\":\"Person\",\"@id\":\"https:\\\/\\\/cj.estrategia.com\\\/portal\\\/#\\\/schema\\\/person\\\/448bdaa83b34d80730e0a2c3d5636b39\",\"name\":\"Carolina Jurado\",\"image\":{\"@type\":\"ImageObject\",\"inLanguage\":\"pt-BR\",\"@id\":\"https:\\\/\\\/cj.estrategia.com\\\/portal\\\/wp-content\\\/uploads\\\/2024\\\/04\\\/06134840\\\/1679532598692-96x96.jpg\",\"url\":\"https:\\\/\\\/cj.estrategia.com\\\/portal\\\/wp-content\\\/uploads\\\/2024\\\/04\\\/06134840\\\/1679532598692-96x96.jpg\",\"contentUrl\":\"https:\\\/\\\/cj.estrategia.com\\\/portal\\\/wp-content\\\/uploads\\\/2024\\\/04\\\/06134840\\\/1679532598692-96x96.jpg\",\"caption\":\"Carolina Jurado\"},\"description\":\"Jornalista do Estrat\u00e9gia Carreira Jur\u00eddica e Estrat\u00e9gia OAB. Al\u00e9m disso, \u00e9 Mestra em Estudos da M\u00eddia pela UFRN, Bacharel em Jornalismo pela UFPB e desenvolve um projeto pessoal de turismo nas redes sociais.\",\"url\":\"https:\\\/\\\/cj.estrategia.com\\\/portal\\\/author\\\/ana-carolina-gomes\\\/\"}]}<\/script>\n<!-- \/ Yoast SEO Premium plugin. -->","yoast_head_json":{"title":"Concurso Magistratura PE: edital publicado!","description":"Concurso magistratura PE: FGV \u00e9 a banca! Edital publicado! 30 vagas para Juiz Substituto. Veja os detalhes!","robots":{"index":"index","follow":"follow","max-snippet":"max-snippet:-1","max-image-preview":"max-image-preview:large","max-video-preview":"max-video-preview:-1"},"canonical":"https:\/\/cj.estrategia.com\/portal\/concurso-magistratura-pe-edital-publicado\/","og_locale":"pt_BR","og_type":"article","og_title":"Concurso Magistratura PE: edital publicado!","og_description":"Concurso magistratura PE: FGV \u00e9 a banca! Edital publicado! 30 vagas para Juiz Substituto. Veja os detalhes!","og_url":"https:\/\/cj.estrategia.com\/portal\/concurso-magistratura-pe-edital-publicado\/","og_site_name":"Blog - Carreiras Jur\u00eddicas - Estrat\u00e9gia","article_publisher":"https:\/\/www.facebook.com\/estrategiacarreirajuridica\/","article_published_time":"2024-08-17T00:05:36+00:00","article_modified_time":"2024-08-17T00:07:17+00:00","og_image":[{"width":960,"height":540,"url":"https:\/\/cj.estrategia.com\/portal\/wp-content\/uploads\/2022\/12\/27101302\/saiu-edital-concurso-agu-pgfn-e-procurador-federal.jpg","type":"image\/jpeg"}],"author":"Carolina Jurado","twitter_card":"summary_large_image","twitter_creator":"@EstratJuridica","twitter_site":"@EstratJuridica","twitter_misc":{"Escrito por":"Carolina Jurado","Est. tempo de leitura":"2 minutos"},"schema":{"@context":"https:\/\/schema.org","@graph":[{"@type":"NewsArticle","@id":"https:\/\/cj.estrategia.com\/portal\/concurso-magistratura-pe-edital-publicado\/#article","isPartOf":{"@id":"https:\/\/cj.estrategia.com\/portal\/concurso-magistratura-pe-edital-publicado\/"},"author":{"name":"Carolina Jurado","@id":"https:\/\/cj.estrategia.com\/portal\/#\/schema\/person\/448bdaa83b34d80730e0a2c3d5636b39"},"headline":"Concurso Magistratura PE: edital publicado!","datePublished":"2024-08-17T00:05:36+00:00","dateModified":"2024-08-17T00:07:17+00:00","mainEntityOfPage":{"@id":"https:\/\/cj.estrategia.com\/portal\/concurso-magistratura-pe-edital-publicado\/"},"wordCount":296,"commentCount":0,"publisher":{"@id":"https:\/\/cj.estrategia.com\/portal\/#organization"},"image":{"@id":"https:\/\/cj.estrategia.com\/portal\/concurso-magistratura-pe-edital-publicado\/#primaryimage"},"thumbnailUrl":"https:\/\/cj.estrategia.com\/portal\/wp-content\/uploads\/2022\/12\/27101302\/saiu-edital-concurso-agu-pgfn-e-procurador-federal.jpg","articleSection":["Carreiras Jur\u00eddicas","Magistratura"],"inLanguage":"pt-BR","potentialAction":[{"@type":"CommentAction","name":"Comment","target":["https:\/\/cj.estrategia.com\/portal\/concurso-magistratura-pe-edital-publicado\/#respond"]}]},{"@type":"WebPage","@id":"https:\/\/cj.estrategia.com\/portal\/concurso-magistratura-pe-edital-publicado\/","url":"https:\/\/cj.estrategia.com\/portal\/concurso-magistratura-pe-edital-publicado\/","name":"Concurso Magistratura PE: edital publicado!","isPartOf":{"@id":"https:\/\/cj.estrategia.com\/portal\/#website"},"primaryImageOfPage":{"@id":"https:\/\/cj.estrategia.com\/portal\/concurso-magistratura-pe-edital-publicado\/#primaryimage"},"image":{"@id":"https:\/\/cj.estrategia.com\/portal\/concurso-magistratura-pe-edital-publicado\/#primaryimage"},"thumbnailUrl":"https:\/\/cj.estrategia.com\/portal\/wp-content\/uploads\/2022\/12\/27101302\/saiu-edital-concurso-agu-pgfn-e-procurador-federal.jpg","datePublished":"2024-08-17T00:05:36+00:00","dateModified":"2024-08-17T00:07:17+00:00","description":"Concurso magistratura PE: FGV \u00e9 a banca! Edital publicado! 30 vagas para Juiz Substituto. Veja os detalhes!","breadcrumb":{"@id":"https:\/\/cj.estrategia.com\/portal\/concurso-magistratura-pe-edital-publicado\/#breadcrumb"},"inLanguage":"pt-BR","potentialAction":[{"@type":"ReadAction","target":["https:\/\/cj.estrategia.com\/portal\/concurso-magistratura-pe-edital-publicado\/"]}]},{"@type":"ImageObject","inLanguage":"pt-BR","@id":"https:\/\/cj.estrategia.com\/portal\/concurso-magistratura-pe-edital-publicado\/#primaryimage","url":"https:\/\/cj.estrategia.com\/portal\/wp-content\/uploads\/2022\/12\/27101302\/saiu-edital-concurso-agu-pgfn-e-procurador-federal.jpg","contentUrl":"https:\/\/cj.estrategia.com\/portal\/wp-content\/uploads\/2022\/12\/27101302\/saiu-edital-concurso-agu-pgfn-e-procurador-federal.jpg","width":960,"height":540,"caption":"Concurso trf2"},{"@type":"BreadcrumbList","@id":"https:\/\/cj.estrategia.com\/portal\/concurso-magistratura-pe-edital-publicado\/#breadcrumb","itemListElement":[{"@type":"ListItem","position":1,"name":"In\u00edcio","item":"https:\/\/cj.estrategia.com\/portal\/"},{"@type":"ListItem","position":2,"name":"Concurso Magistratura PE: edital publicado!"}]},{"@type":"WebSite","@id":"https:\/\/cj.estrategia.com\/portal\/#website","url":"https:\/\/cj.estrategia.com\/portal\/","name":"Blog - Carreiras Jur\u00eddicas - Estrat\u00e9gia","description":"","publisher":{"@id":"https:\/\/cj.estrategia.com\/portal\/#organization"},"potentialAction":[{"@type":"SearchAction","target":{"@type":"EntryPoint","urlTemplate":"https:\/\/cj.estrategia.com\/portal\/?s={search_term_string}"},"query-input":{"@type":"PropertyValueSpecification","valueRequired":true,"valueName":"search_term_string"}}],"inLanguage":"pt-BR"},{"@type":"Organization","@id":"https:\/\/cj.estrategia.com\/portal\/#organization","name":"Estrat\u00e9gia - Carreiras Jur\u00eddicas","url":"https:\/\/cj.estrategia.com\/portal\/","logo":{"@type":"ImageObject","inLanguage":"pt-BR","@id":"https:\/\/cj.estrategia.com\/portal\/#\/schema\/logo\/image\/","url":"https:\/\/cj.estrategia.com\/portal\/wp-content\/uploads\/2022\/03\/11151052\/cj-logo.png","contentUrl":"https:\/\/cj.estrategia.com\/portal\/wp-content\/uploads\/2022\/03\/11151052\/cj-logo.png","width":150,"height":39,"caption":"Estrat\u00e9gia - Carreiras Jur\u00eddicas"},"image":{"@id":"https:\/\/cj.estrategia.com\/portal\/#\/schema\/logo\/image\/"},"sameAs":["https:\/\/www.facebook.com\/estrategiacarreirajuridica\/","https:\/\/x.com\/EstratJuridica","https:\/\/www.instagram.com\/estrategiacarreirajuridica\/","https:\/\/www.youtube.com\/channel\/UClbMGuYbj2Mh1m3w144ETWQ"]},{"@type":"Person","@id":"https:\/\/cj.estrategia.com\/portal\/#\/schema\/person\/448bdaa83b34d80730e0a2c3d5636b39","name":"Carolina Jurado","image":{"@type":"ImageObject","inLanguage":"pt-BR","@id":"https:\/\/cj.estrategia.com\/portal\/wp-content\/uploads\/2024\/04\/06134840\/1679532598692-96x96.jpg","url":"https:\/\/cj.estrategia.com\/portal\/wp-content\/uploads\/2024\/04\/06134840\/1679532598692-96x96.jpg","contentUrl":"https:\/\/cj.estrategia.com\/portal\/wp-content\/uploads\/2024\/04\/06134840\/1679532598692-96x96.jpg","caption":"Carolina Jurado"},"description":"Jornalista do Estrat\u00e9gia Carreira Jur\u00eddica e Estrat\u00e9gia OAB. Al\u00e9m disso, \u00e9 Mestra em Estudos da M\u00eddia pela UFRN, Bacharel em Jornalismo pela UFPB e desenvolve um projeto pessoal de turismo nas redes sociais.","url":"https:\/\/cj.estrategia.com\/portal\/author\/ana-carolina-gomes\/"}]}},"jetpack_featured_media_url":"https:\/\/cj.estrategia.com\/portal\/wp-content\/uploads\/2022\/12\/27101302\/saiu-edital-concurso-agu-pgfn-e-procurador-federal.jpg","jetpack_sharing_enabled":true,"_links":{"self":[{"href":"https:\/\/cj.estrategia.com\/portal\/wp-json\/wp\/v2\/posts\/72830","targetHints":{"allow":["GET"]}}],"collection":[{"href":"https:\/\/cj.estrategia.com\/portal\/wp-json\/wp\/v2\/posts"}],"about":[{"href":"https:\/\/cj.estrategia.com\/portal\/wp-json\/wp\/v2\/types\/post"}],"author":[{"embeddable":true,"href":"https:\/\/cj.estrategia.com\/portal\/wp-json\/wp\/v2\/users\/141"}],"replies":[{"embeddable":true,"href":"https:\/\/cj.estrategia.com\/portal\/wp-json\/wp\/v2\/comments?post=72830"}],"version-history":[{"count":10,"href":"https:\/\/cj.estrategia.com\/portal\/wp-json\/wp\/v2\/posts\/72830\/revisions"}],"predecessor-version":[{"id":72851,"href":"https:\/\/cj.estrategia.com\/portal\/wp-json\/wp\/v2\/posts\/72830\/revisions\/72851"}],"wp:featuredmedia":[{"embeddable":true,"href":"https:\/\/cj.estrategia.com\/portal\/wp-json\/wp\/v2\/media\/25853"}],"wp:attachment":[{"href":"https:\/\/cj.estrategia.com\/portal\/wp-json\/wp\/v2\/media?parent=72830"}],"wp:term":[{"taxonomy":"category","embeddable":true,"href":"https:\/\/cj.estrategia.com\/portal\/wp-json\/wp\/v2\/categories?post=72830"},{"taxonomy":"post_tag","embeddable":true,"href":"https:\/\/cj.estrategia.com\/portal\/wp-json\/wp\/v2\/tags?post=72830"},{"taxonomy":"tax_estado","embeddable":true,"href":"https:\/\/cj.estrategia.com\/portal\/wp-json\/wp\/v2\/tax_estado?post=72830"}],"curies":[{"name":"wp","href":"https:\/\/api.w.org\/{rel}","templated":true}]}}