{"id":71697,"date":"2024-08-05T16:14:36","date_gmt":"2024-08-05T19:14:36","guid":{"rendered":"https:\/\/cj.estrategia.com\/portal\/?p=71697"},"modified":"2024-08-05T16:14:40","modified_gmt":"2024-08-05T19:14:40","slug":"prova-comentada-direito-do-trabalho-pge-go","status":"publish","type":"post","link":"https:\/\/cj.estrategia.com\/portal\/prova-comentada-direito-do-trabalho-pge-go\/","title":{"rendered":"Prova comentada Direito do Trabalho PGE GO"},"content":{"rendered":"\n<p>Ol\u00e1, pessoal, tudo certo?!<\/p>\n\n\n\n<p>Em 04\/08\/2024, foi aplicada a prova objetiva do concurso p\u00fablico para a <strong>Procuradoria-Geral do Estado de Goi\u00e1s.<\/strong> Assim que divulgados o caderno de provas e o gabarito preliminar oficial, nosso time de professores analisou cada uma das quest\u00f5es que agora ser\u00e3o apresentadas em nossa <strong>PROVA COMENTADA<\/strong>.<strong><\/strong><\/p>\n\n\n\n<p>Este material visa a auxili\u00e1-los na aferi\u00e7\u00e3o das notas, elabora\u00e7\u00e3o de eventuais recursos, verifica\u00e7\u00e3o das chances de avan\u00e7o para fase discursiva, bem como na revis\u00e3o do conte\u00fado cobrado no certame.<\/p>\n\n\n\n<p>Desde j\u00e1, destacamos que nosso time de professores identificou 4 quest\u00f5es pass\u00edveis de recurso e\/ou que devem ser anuladas, por apresentarem duas ou nenhuma alternativa correta, como veremos adiante. No tipo de prova comentado, trata-se das 58, 79, 86 e 98.<\/p>\n\n\n\n<p>De modo complementar, elaboramos tamb\u00e9m o <strong><a href=\"https:\/\/cj.estrategia.com\/cadernos-e-simulados\/simulados\/593df2c3-07c2-4e33-a88a-cbb6f40facae\">RANKING da Procuradoria-Geral do Estado de Goi\u00e1s <\/a><\/strong>em que nossos alunos e seguidores poder\u00e3o inserir suas respostas \u00e0 prova, e, ao final, aferir sua nota, de acordo com o gabarito elaborado por nossos professores. Atrav\u00e9s do ranking, tamb\u00e9m poderemos estimar a nota de corte da 1\u00ba fase. Essa ferramenta \u00e9 gratuita!<\/p>\n\n\n\n<p>Al\u00e9m disso, montamos um caderno para nossos seguidores, alunos ou n\u00e3o, verem os coment\u00e1rios e comentar as quest\u00f5es da prova: confira AQUI!<\/p>\n\n\n\n<p>Por fim, comentaremos a prova, as quest\u00f5es mais pol\u00eamicas, as possibilidades de recurso, bem como a estimativa da nota de corte no <strong>TERM\u00d4METRO P\u00d3S-PROVA<\/strong>, no nosso canal do Youtube. Inscreva-se e ative as notifica\u00e7\u00f5es! <a href=\"https:\/\/www.youtube.com\/@EstrategiaCarreiraJuridica\"><strong>Estrat\u00e9gia Carreira Jur\u00eddica &#8211; YouTube<\/strong><\/a><\/p>\n\n\n\n<p class=\"has-text-align-center is-style-default has-very-light-gray-to-cyan-bluish-gray-gradient-background has-background\"><strong><a href=\"https:\/\/cj.estrategia.com\/portal\/gabarito-extraoficial-pge-go-procurador\/\">Confira AQUI as provas comentadas de todas as disciplinas do concurso PGE GO<\/a><\/strong><\/p>\n\n\n\n<h2 class=\"wp-block-heading\" id=\"h-prova-comentada-direito-trabalho-pge-go\"><span id=\"prova-comentada-direito-trabalho-pge-go\">Prova comentada Direito Trabalho PGE GO<\/span><\/h2>\n\n\n\n<p><strong>QUEST\u00c3O 75. O Estado de Goi\u00e1s contratou a empresa ABC Ltda. para a realiza\u00e7\u00e3o de servi\u00e7os de manuten\u00e7\u00e3o na estrutura das escolas estaduais. Ap\u00f3s 3 anos da celebra\u00e7\u00e3o regular do contrato de presta\u00e7\u00e3o de servi\u00e7os, o Minist\u00e9rio P\u00fablico do Trabalho instaurou inqu\u00e9rito civil para apurar den\u00fancias de irregularidades na contrata\u00e7\u00e3o e no pagamento dos sal\u00e1rios dos empregados da empresa ABC Ltda., em especial no que se referia a desigualdade salarial entre homens e mulheres, que ultrapassava os 20%. Com a not\u00edcia publicada nos jornais da regi\u00e3o e a partir de vasta prova documental, o sindicato da categoria profissional ajuizou diversas reclama\u00e7\u00f5es trabalhistas individuais para garantir o direito das empregadas vitimadas. Nesse caso:<\/strong><\/p>\n\n\n\n<p><strong>a) constitucionalmente, \u00e9 vedada a equipara\u00e7\u00e3o de quaisquer esp\u00e9cies remunerat\u00f3rias para o efeito de remunera\u00e7\u00e3o de pessoal do servi\u00e7o p\u00fablico.<\/strong><\/p>\n\n\n\n<p><strong>b) na hip\u00f3tese da comprova\u00e7\u00e3o da discrimina\u00e7\u00e3o por motivo de sexo, ra\u00e7a ou origem, o pagamento das diferen\u00e7as salariais devidas \u00e0s empregadas discriminadas n\u00e3o afasta seu direito de a\u00e7\u00e3o de indeniza\u00e7\u00e3o por danos morais, consideradas as especificidades do caso concreto.<\/strong><\/p>\n\n\n\n<p><strong>c) apesar do empregador apresentar plano de cargos e sal\u00e1rios estabelecido por norma interna e respaldado no poder diretivo, as empregadas t\u00eam direito \u00e0 \u201cequipara\u00e7\u00e3o salarial\u201d.<\/strong><\/p>\n\n\n\n<p><strong>d) em decorr\u00eancia do instituto da \u201cequipara\u00e7\u00e3o salarial\u201d, as empregadas discriminadas ter\u00e3o direito a perceber sal\u00e1rio igual ao daquela que for habitualmente paga para servi\u00e7o semelhante no mercado de trabalho.<\/strong><\/p>\n\n\n\n<p><strong>e) a \u201cequipara\u00e7\u00e3o salarial\u201d ser\u00e1 poss\u00edvel entre empregados, contempor\u00e2neos ou n\u00e3o, no cargo ou na fun\u00e7\u00e3o, inclusive em rela\u00e7\u00e3o aos paradigmas remotos.<\/strong><\/p>\n\n\n\n<p><strong>Coment\u00e1rios<\/strong><\/p>\n\n\n\n<p>A alternativa correta \u00e9 a <strong>letra B<\/strong>. A quest\u00e3o trata do tema remunera\u00e7\u00e3o e sal\u00e1rio, mais especificamente sobre a equipara\u00e7\u00e3o salarial.<\/p>\n\n\n\n<p>A alternativa A est\u00e1 incorreta. De fato, a Constitui\u00e7\u00e3o veda a equipara\u00e7\u00e3o salarial no servi\u00e7o p\u00fablico, em seu artigo 37, XIII: \u201cXIII &#8211; \u00c9 vedada a vincula\u00e7\u00e3o ou equipara\u00e7\u00e3o de quaisquer esp\u00e9cies remunerat\u00f3rias para o efeito de remunera\u00e7\u00e3o de pessoal do servi\u00e7o p\u00fablico.\u201d. No entanto, o caso narrado pelo enunciado versa sobre pedidos de equipara\u00e7\u00e3o dentro de uma empresa privada. 37, XIII, CF.)<\/p>\n\n\n\n<p>A alternativa B est\u00e1 correta. Conforme art. 461, \u00a7 6\u00ba, da CLT: \u201c\u00a7 6\u00ba Na hip\u00f3tese de discrimina\u00e7\u00e3o por motivo de sexo, ra\u00e7a, etnia, origem ou idade, o pagamento das diferen\u00e7as salariais devidas ao empregado discriminado n\u00e3o afasta seu direito de a\u00e7\u00e3o de indeniza\u00e7\u00e3o por danos morais, consideradas as especificidades do caso concreto.\u201d<\/p>\n\n\n\n<p>A alternativa C est\u00e1 incorreta. Conforme art. 461, \u00a7 2\u00ba, da CLT: \u201c\u00a7 2\u00ba Os dispositivos deste artigo n\u00e3o prevalecer\u00e3o quando o empregador tiver pessoal organizado em quadro de carreira ou adotar, por meio de norma interna da empresa ou de negocia\u00e7\u00e3o coletiva, plano de cargos e sal\u00e1rios, dispensada qualquer forma de homologa\u00e7\u00e3o ou registro em \u00f3rg\u00e3o p\u00fablico.\u201d<\/p>\n\n\n\n<p>A alternativa D est\u00e1 incorreta. Conforme art. 461, caput, da CLT: \u201cArt. 461. A equipara\u00e7\u00e3o se d\u00e1 dentro da pr\u00f3pria empresa. Art. 461, CLT..&nbsp; Sendo id\u00eantica a fun\u00e7\u00e3o, a todo trabalho de igual valor, prestado ao mesmo empregador, no mesmo estabelecimento empresarial, corresponder\u00e1 igual sal\u00e1rio, sem distin\u00e7\u00e3o de sexo, etnia, nacionalidade ou idade.\u201d<\/p>\n\n\n\n<p>A alternativa E est\u00e1 incorreta. Conforme art. 461, \u00a7 5\u00ba, da CLT: \u201c\u00a7 5\u00ba A equipara\u00e7\u00e3o salarial s\u00f3 ser\u00e1 poss\u00edvel entre empregados contempor\u00e2neos no cargo ou na fun\u00e7\u00e3o, ficando vedada a indica\u00e7\u00e3o de paradigmas remotos, ainda que o paradigma contempor\u00e2neo tenha obtido a vantagem em a\u00e7\u00e3o judicial pr\u00f3pria.\u201d<\/p>\n\n\n\n<p><strong>QUEST\u00c3O 76. Logo ap\u00f3s a ruptura do contrato de trabalho, em fevereiro de 2024, T\u00edcio ingressou em ju\u00edzo questionando a constitucionalidade das cl\u00e1usulas do acordo coletivo de trabalho que permitiram ao empregador suprimir totalmente o intervalo de 15 minutos de descanso para a jornada de trabalho contratual de 5 horas di\u00e1rias e a troca do dia de feriado trabalhado, sem o pagamento das horas extras ou qualquer outra vantagem, nos \u00faltimos 3 anos de vig\u00eancia do contrato de trabalho. No caso concreto, considerando os par\u00e2metros legais, a Reforma Trabalhista (\u201cnegociado sobre o legislado\u201d) e o entendimento do STF sobre o tema:<\/strong><\/p>\n\n\n\n<p><strong>a) A cl\u00e1usula normativa que permitiu a supress\u00e3o do intervalo de 15 minutos \u00e9 constitucional, e a cl\u00e1usula obrigacional que permitiu a troca do dia de feriado \u00e9 inconstitucional, pois, segundo o entendimento do STF, s\u00e3o constitucionais os acordos e as conven\u00e7\u00f5es coletivos que, ao considerarem a adequa\u00e7\u00e3o setorial negociada, pactuam limita\u00e7\u00f5es ou afastamentos de direitos trabalhistas, independentemente da explicita\u00e7\u00e3o especificada de vantagens compensat\u00f3rias, desde que respeitados os direitos absolutamente indispon\u00edveis.<\/strong><\/p>\n\n\n\n<p><strong>b) As cl\u00e1usulas obrigacionais s\u00e3o constitucionais, pois, segundo o entendimento do STF, s\u00e3o constitucionais os acordos e as conven\u00e7\u00f5es coletivos que, ao considerarem a adequa\u00e7\u00e3o setorial negociada, pactuam limita\u00e7\u00f5es ou afastamentos de direitos trabalhistas, independentemente da explicita\u00e7\u00e3o especificada de vantagens compensat\u00f3rias, desde que respeitados os direitos indispon\u00edveis.<\/strong><\/p>\n\n\n\n<p><strong>c) A cl\u00e1usula normativa que permitiu a supress\u00e3o do intervalo de 15 minutos \u00e9 inconstitucional, e a cl\u00e1usula obrigacional que permitiu a troca do dia de feriado \u00e9 constitucional, pois, segundo o entendimento do STF, s\u00e3o constitucionais os acordos e as conven\u00e7\u00f5es coletivos que, ao considerarem a adequa\u00e7\u00e3o setorial negociada, pactuam limita\u00e7\u00f5es ou afastamentos de direitos trabalhistas, independentemente da explicita\u00e7\u00e3o especificada de vantagens compensat\u00f3rias, desde que respeitados os direitos indispon\u00edveis.<\/strong><\/p>\n\n\n\n<p><strong>d) As cl\u00e1usulas obrigacionais s\u00e3o inconstitucionais, pois, segundo o entendimento do STF, s\u00e3o constitucionais os acordos e as conven\u00e7\u00f5es coletivos que, ao considerarem a adequa\u00e7\u00e3o setorial negociada, pactuam limita\u00e7\u00f5es ou afastamentos de direitos trabalhistas, independentemente da explicita\u00e7\u00e3o especificada de vantagens compensat\u00f3rias, desde que respeitados os direitos dispon\u00edveis.<\/strong><\/p>\n\n\n\n<p><strong>e) A cl\u00e1usula normativa que permitiu a supress\u00e3o do intervalo de 15 minutos \u00e9 inconstitucional, e a cl\u00e1usula normativa que autorizou a troca do dia de feriado \u00e9 constitucional, pois, segundo o entendimento do STF, s\u00e3o constitucionais os acordos e as conven\u00e7\u00f5es coletivos que, ao considerarem a adequa\u00e7\u00e3o setorial negociada, pactuam limita\u00e7\u00f5es ou afastamentos de direitos trabalhistas, independentemente da explicita\u00e7\u00e3o especificada de vantagens compensat\u00f3rias, desde que respeitados os direitos absolutamente indispon\u00edveis.<\/strong><\/p>\n\n\n\n<p><strong>Coment\u00e1rios<\/strong><\/p>\n\n\n\n<p>A alternativa correta \u00e9 a <strong>letra B<\/strong>. A quest\u00e3o trata do tema negocia\u00e7\u00e3o coletiva.<\/p>\n\n\n\n<p>De acordo com o Tema 1046 de repercuss\u00e3o geral do STF: &#8220;S\u00e3o constitucionais os acordos e as conven\u00e7\u00f5es coletivos que, ao considerarem a adequa\u00e7\u00e3o setorial negociada, pactuam limita\u00e7\u00f5es ou afastamentos de direitos trabalhistas, independentemente da explicita\u00e7\u00e3o especificada de vantagens compensat\u00f3rias, desde que respeitados os direitos absolutamente indispon\u00edveis&#8221;. Ainda, na forma do art. 611-B, par\u00e1grafo \u00fanico, da CLT: \u201cPar\u00e1grafo \u00fanico.&nbsp; Regras sobre dura\u00e7\u00e3o do trabalho e intervalos n\u00e3o s\u00e3o consideradas como normas de sa\u00fade, higiene e seguran\u00e7a do trabalho para os fins do disposto neste artigo.\u201d Ademais, veja que a troca do dia de feriado \u00e9 v\u00e1lida, conforme art. 611-A, XI, da CLT: \u201cArt. 611-A. A conven\u00e7\u00e3o coletiva e o acordo coletivo de trabalho t\u00eam preval\u00eancia sobre a lei quando, entre outros, dispuserem sobre: (&#8230;) XI &#8211; troca do dia de feriado;\u201d. Logo, a alternativa B est\u00e1 correta. As alternativas A, C, D e E ficam automaticamente incorretas.<\/p>\n\n\n\n<p><strong>QUEST\u00c3O 77. Com a posse do novo Governador do Estado e o permissivo constitucional, houve a exonera\u00e7\u00e3o de todos dos servidores p\u00fablicos estatut\u00e1rios e celetistas ocupantes de cargos em comiss\u00e3o em janeiro de 2022. Sob a alega\u00e7\u00e3o de viola\u00e7\u00e3o da prote\u00e7\u00e3o constitucional da maternidade, apesar de n\u00e3o ter comunicado o empregado p\u00fablico de seu estado grav\u00eddico, a servidora celetista comissionada Daniela R\u00fabia ingressou com uma reclama\u00e7\u00e3o trabalhista perante a 1\u00aa Vara do Trabalho, visando \u00e0 prote\u00e7\u00e3o do direito lesado, com pedido de tutela de urg\u00eancia para sua reintegra\u00e7\u00e3o imediata. Considerando o caso concreto, segundo o texto constitucional e o entendimento do STF, a estabilidade gestante \u00e9 garantida desde a<\/strong><\/p>\n\n\n\n<p><strong>a) confirma\u00e7\u00e3o at\u00e9 5 meses ap\u00f3s o parto, sendo que a trabalhadora gestante tem direito ao gozo de licen\u00e7a-maternidade e a estabilidade provis\u00f3ria, independentemente do regime jur\u00eddico aplic\u00e1vel, se contratual ou administrativo, ainda que ocupe cargo em comiss\u00e3o ou seja contratada por tempo determinado, desde que tenha comunicado expressamente o empregador p\u00fablico da condi\u00e7\u00e3o de gestante.<\/strong><\/p>\n\n\n\n<p><strong>b) confirma\u00e7\u00e3o at\u00e9 5 meses ap\u00f3s o parto, sendo que a trabalhadora gestante tem direito ao gozo de licen\u00e7a-maternidade e \u00e0 estabilidade provis\u00f3ria, independentemente do regime jur\u00eddico aplic\u00e1vel, se contratual ou administrativo, desde que n\u00e3o ocupe cargo em comiss\u00e3o ou seja contratada por tempo determinado, ainda que tenha comunicado expressamente o empregador p\u00fablico de sua condi\u00e7\u00e3o de gestante.<\/strong><\/p>\n\n\n\n<p><strong>c) concep\u00e7\u00e3o at\u00e9 120 dias ap\u00f3s o parto, sendo que a trabalhadora gestante tem direito ao gozo de licen\u00e7a-maternidade e \u00e0 estabilidade provis\u00f3ria, independentemente do regime jur\u00eddico aplic\u00e1vel, se contratual ou administrativo, ainda que ocupe cargo em comiss\u00e3o ou seja contratada por tempo determinado, e tenha comunicado expressamente o empregador p\u00fablico de sua condi\u00e7\u00e3o de gestante.<\/strong><\/p>\n\n\n\n<p><strong>d) concep\u00e7\u00e3o at\u00e9 5 meses ap\u00f3s o parto, sendo que a trabalhadora gestante tem direito ao gozo de licen\u00e7a-maternidade e a estabilidade provis\u00f3ria, independentemente do regime jur\u00eddico aplic\u00e1vel, se contratual ou administrativo, ainda que ocupe cargo em comiss\u00e3o ou seja contratada por tempo determinado, mesmo que n\u00e3o tenha comunicado expressamente o empregador p\u00fablico do estado grav\u00eddico.<\/strong><\/p>\n\n\n\n<p><strong>e) concep\u00e7\u00e3o at\u00e9 180 dias ap\u00f3s o parto, sendo que a trabalhadora gestante tem direito ao gozo de licen\u00e7a-maternidade e \u00e0 estabilidade provis\u00f3ria, independentemente do regime jur\u00eddico aplic\u00e1vel, se contratual ou administrativo, desde que n\u00e3o ocupe cargo em comiss\u00e3o ou seja contratada por tempo determinado, mesmo que tenha comunicado expressamente o empregador p\u00fablico do estado grav\u00eddico.<\/strong><\/p>\n\n\n\n<p><strong>Coment\u00e1rios<\/strong><\/p>\n\n\n\n<p>A alternativa correta \u00e9 a <strong>letra D<\/strong>. A quest\u00e3o trata do tema estabilidade.<\/p>\n\n\n\n<p>Inicialmente, mencione-se que o STF entende que a incid\u00eancia da estabilidade gestante exige t\u00e3o somente que a gravidez seja anterior \u00e0 dispensa sem justa causa, ou seja, o \u00fanico requisito exigido \u00e9 de natureza biol\u00f3gica. Vejamos: \u201cA incid\u00eancia da estabilidade prevista no art. 10, II, do Ato das Disposi\u00e7\u00f5es Constitucionais Transit\u00f3rias (ADCT) somente exige a anterioridade da gravidez \u00e0 dispensa sem justa causa. (&#8230;) O \u00fanico requisito exigido \u00e9 de natureza biol\u00f3gica. Exige-se apenas a comprova\u00e7\u00e3o de que a gravidez tenha ocorrido antes da dispensa arbitr\u00e1ria, n\u00e3o sendo necess\u00e1rios quaisquer outros requisitos, como o pr\u00e9vio conhecimento do empregador ou da pr\u00f3pria gestante. Assim, \u00e9 poss\u00edvel assegurar a estabilidade \u00e0 gestante mesmo que no momento em que ela tenha sido demitida pelo empregador ele n\u00e3o soubesse de sua gravidez.\u201d (STF. Plen\u00e1rio. RE 629053\/SP, Rel. Min. Marco Aur\u00e9lio, red. p\/ ac. Min. Alexandre de Moraes, julgado em 10\/10\/2018 (repercuss\u00e3o geral)). Ademais, de acordo com o Tema 542 de repercuss\u00e3o geral do STF: \u201cA trabalhadora gestante tem direito ao gozo de licen\u00e7a-maternidade e \u00e0 estabilidade provis\u00f3ria, independentemente do regime jur\u00eddico aplic\u00e1vel, se contratual ou administrativo, ainda que ocupe cargo em comiss\u00e3o ou seja contratada por tempo determinado.\u201d. Por fim, importante ressaltar que, conforme a S\u00famula 244, I, do TST, o desconhecimento do estado grav\u00eddico pelo empregador n\u00e3o afasta a estabilidade. Vejamos: \u201cS\u00famula n\u00ba 244 do TST.&nbsp; I &#8211; O desconhecimento do estado grav\u00eddico pelo empregador n\u00e3o afasta o direito ao pagamento da indeniza\u00e7\u00e3o decorrente da estabilidade (art. 10, II, &#8220;b&#8221; do ADCT).\u201d Portanto, a alternativa D est\u00e1 correta. As alternativas A, B, C e E ficam automaticamente incorretas.<\/p>\n\n\n\n<p class=\"has-text-align-center has-very-light-gray-to-cyan-bluish-gray-gradient-background has-background\"><strong>Saiba mais: <a href=\"https:\/\/cj.estrategia.com\/portal\/concurso-pge-go-procurador\/\">Concurso PGE GO<\/a><\/strong><\/p>\n\n\n\n<h2 class=\"wp-block-heading has-text-align-center\" id=\"cursos\"><span id=\"quer-saber-tudo-sobre-concursos-previstosconfira-nossos-artigos\">Quer saber tudo sobre concursos previstos?<br><strong>Confira nossos artigos!<\/strong><\/span><\/h2>\n\n\n\n<ul class=\"wp-block-list\">\n<li><a href=\"https:\/\/cj.estrategia.com\/portal\/concursos-abertos-carreiras-juridicas\/\" target=\"_blank\" ><\/a><a href=\"https:\/\/cj.estrategia.com\/portal\/concursos-abertos-carreiras-juridicas\/\" target=\"_blank\" >Concursos jur\u00eddicos abertos<\/a><\/li>\n\n\n\n<li><a href=\"https:\/\/cj.estrategia.com\/portal\/concursos-abertos-carreiras-juridicas\/\" target=\"_blank\" ><\/a><a href=\"https:\/\/cj.estrategia.com\/portal\/concursos-2023-carreiras-juridicas\/\" target=\"_blank\" >Concursos jur\u00eddicos 2023<\/a><\/li>\n<\/ul>\n\n\n\n<h2 class=\"wp-block-heading has-text-align-center\" id=\"cursos\"><span id=\"cursos-para-pge-go-procurador\">Cursos para PGE GO Procurador<\/span><\/h2>\n\n\n\n<div class=\"wp-block-cover\" style=\"min-height:155px;aspect-ratio:unset;\"><img decoding=\"async\" width=\"1890\" height=\"351\" class=\"wp-block-cover__image-background wp-image-8669\" alt=\"Assinaturas Jur\u00eddicas\" src=\"https:\/\/cj.estrategia.com\/portal\/wp-content\/uploads\/2022\/06\/20151253\/concurso-carreiras-juridicas-assinatura-juridica.jpg\" style=\"object-position:78% 43%\" data-object-fit=\"cover\" data-object-position=\"78% 43%\" srcset=\"https:\/\/cj.estrategia.com\/portal\/wp-content\/uploads\/2022\/06\/20151253\/concurso-carreiras-juridicas-assinatura-juridica.jpg 1890w, https:\/\/cj.estrategia.com\/portal\/wp-content\/uploads\/2022\/06\/20151253\/concurso-carreiras-juridicas-assinatura-juridica-300x56.jpg 300w, https:\/\/cj.estrategia.com\/portal\/wp-content\/uploads\/2022\/06\/20151253\/concurso-carreiras-juridicas-assinatura-juridica-1024x190.jpg 1024w, https:\/\/cj.estrategia.com\/portal\/wp-content\/uploads\/2022\/06\/20151253\/concurso-carreiras-juridicas-assinatura-juridica-768x143.jpg 768w, https:\/\/cj.estrategia.com\/portal\/wp-content\/uploads\/2022\/06\/20151253\/concurso-carreiras-juridicas-assinatura-juridica-1536x285.jpg 1536w, https:\/\/cj.estrategia.com\/portal\/wp-content\/uploads\/2022\/06\/20151253\/concurso-carreiras-juridicas-assinatura-juridica-380x71.jpg 380w, https:\/\/cj.estrategia.com\/portal\/wp-content\/uploads\/2022\/06\/20151253\/concurso-carreiras-juridicas-assinatura-juridica-800x149.jpg 800w, https:\/\/cj.estrategia.com\/portal\/wp-content\/uploads\/2022\/06\/20151253\/concurso-carreiras-juridicas-assinatura-juridica-1160x215.jpg 1160w\" sizes=\"(max-width: 1890px) 100vw, 1890px\" \/><span aria-hidden=\"true\" class=\"wp-block-cover__background has-background-dim\"><\/span><div class=\"wp-block-cover__inner-container is-layout-flow wp-block-cover-is-layout-flow\">\n<h3 id=\"faca-a-sua-assinatura\" class=\"titulo-assinatura\"><span style=\"color: #ffffff;\">Fa\u00e7a a sua assinatura!<\/span><\/h3>\n<p class=\"subtitulo-assinatura\" style=\"display:block!important; line-height: 0;\"><span style=\"color: #ffffff;\">Escolha a sua \u00e1rea.<\/span><\/p>\n<a target=\"_blank\" href=\"https:\/\/www.estrategiaconcursos.com.br\/assinaturas-ecj\/\" rel=\"noopener\"><button style=\"border-radius: 10px; text-transform: capitalize;\">Acessar<\/button><\/a>\n<\/div><\/div>\n\n\n\n\n\n<p><em>Prepare-se com o melhor material e com quem mais aprova em Concursos P\u00fablicos em todo o pa\u00eds.<\/em><\/p>\n","protected":false},"excerpt":{"rendered":"Ol\u00e1, pessoal, tudo certo?! Em 04\/08\/2024, foi aplicada a prova objetiva do concurso p\u00fablico para a Procuradoria-Geral do&hellip;\n","protected":false},"author":12,"featured_media":37826,"comment_status":"open","ping_status":"open","sticky":false,"template":"","format":"standard","meta":{"_jetpack_memberships_contains_paid_content":false,"footnotes":""},"categories":[1,24],"tags":[],"tax_estado":[39],"class_list":{"0":"post-71697","1":"post","2":"type-post","3":"status-publish","4":"format-standard","5":"has-post-thumbnail","7":"category-carreiras-juridicas","8":"category-procuradoria","9":"tax_estado-go"},"acf":[],"yoast_head":"<!-- This site is optimized with the Yoast SEO Premium plugin v27.4 (Yoast SEO v27.4) - https:\/\/yoast.com\/product\/yoast-seo-premium-wordpress\/ -->\n<title>Prova comentada Direito do Trabalho PGE GO<\/title>\n<meta name=\"description\" content=\"Prova comentada Direito do Trabalho PGE GO: confira AQUI os coment\u00e1rios dos nossos professores e tire as suas d\u00favidas!\" \/>\n<meta name=\"robots\" content=\"index, follow, max-snippet:-1, max-image-preview:large, max-video-preview:-1\" \/>\n<link rel=\"canonical\" href=\"https:\/\/cj.estrategia.com\/portal\/prova-comentada-direito-do-trabalho-pge-go\/\" \/>\n<meta property=\"og:locale\" content=\"pt_BR\" \/>\n<meta property=\"og:type\" content=\"article\" \/>\n<meta property=\"og:title\" content=\"Prova comentada Direito do Trabalho PGE GO\" \/>\n<meta property=\"og:description\" content=\"Prova comentada Direito do Trabalho PGE GO: confira AQUI os coment\u00e1rios dos nossos professores e tire as suas d\u00favidas!\" \/>\n<meta property=\"og:url\" content=\"https:\/\/cj.estrategia.com\/portal\/prova-comentada-direito-do-trabalho-pge-go\/\" \/>\n<meta property=\"og:site_name\" content=\"Blog - Carreiras Jur\u00eddicas - Estrat\u00e9gia\" \/>\n<meta property=\"article:publisher\" content=\"https:\/\/www.facebook.com\/estrategiacarreirajuridica\/\" \/>\n<meta property=\"article:published_time\" content=\"2024-08-05T19:14:36+00:00\" \/>\n<meta property=\"article:modified_time\" content=\"2024-08-05T19:14:40+00:00\" \/>\n<meta property=\"og:image\" content=\"https:\/\/cj.estrategia.com\/portal\/wp-content\/uploads\/2023\/06\/01151711\/PGE-GO-Procurador.jpg\" \/>\n\t<meta property=\"og:image:width\" content=\"960\" \/>\n\t<meta property=\"og:image:height\" content=\"540\" \/>\n\t<meta property=\"og:image:type\" content=\"image\/jpeg\" \/>\n<meta name=\"author\" content=\"Coordena\u00e7\u00e3o\" \/>\n<meta name=\"twitter:card\" content=\"summary_large_image\" \/>\n<meta name=\"twitter:creator\" content=\"@EstratJuridica\" \/>\n<meta name=\"twitter:site\" content=\"@EstratJuridica\" \/>\n<meta name=\"twitter:label1\" content=\"Escrito por\" \/>\n\t<meta name=\"twitter:data1\" content=\"Coordena\u00e7\u00e3o\" \/>\n\t<meta name=\"twitter:label2\" content=\"Est. tempo de leitura\" \/>\n\t<meta name=\"twitter:data2\" content=\"12 minutos\" \/>\n<script type=\"application\/ld+json\" class=\"yoast-schema-graph\">{\"@context\":\"https:\\\/\\\/schema.org\",\"@graph\":[{\"@type\":\"NewsArticle\",\"@id\":\"https:\\\/\\\/cj.estrategia.com\\\/portal\\\/prova-comentada-direito-do-trabalho-pge-go\\\/#article\",\"isPartOf\":{\"@id\":\"https:\\\/\\\/cj.estrategia.com\\\/portal\\\/prova-comentada-direito-do-trabalho-pge-go\\\/\"},\"author\":{\"name\":\"Coordena\u00e7\u00e3o\",\"@id\":\"https:\\\/\\\/cj.estrategia.com\\\/portal\\\/#\\\/schema\\\/person\\\/4d70317d31449932b99102916b6637f5\"},\"headline\":\"Prova comentada Direito do Trabalho PGE GO\",\"datePublished\":\"2024-08-05T19:14:36+00:00\",\"dateModified\":\"2024-08-05T19:14:40+00:00\",\"mainEntityOfPage\":{\"@id\":\"https:\\\/\\\/cj.estrategia.com\\\/portal\\\/prova-comentada-direito-do-trabalho-pge-go\\\/\"},\"wordCount\":2313,\"commentCount\":0,\"publisher\":{\"@id\":\"https:\\\/\\\/cj.estrategia.com\\\/portal\\\/#organization\"},\"image\":{\"@id\":\"https:\\\/\\\/cj.estrategia.com\\\/portal\\\/prova-comentada-direito-do-trabalho-pge-go\\\/#primaryimage\"},\"thumbnailUrl\":\"https:\\\/\\\/cj.estrategia.com\\\/portal\\\/wp-content\\\/uploads\\\/2023\\\/06\\\/01151711\\\/PGE-GO-Procurador.jpg\",\"articleSection\":[\"Carreiras Jur\u00eddicas\",\"Procuradoria\"],\"inLanguage\":\"pt-BR\",\"potentialAction\":[{\"@type\":\"CommentAction\",\"name\":\"Comment\",\"target\":[\"https:\\\/\\\/cj.estrategia.com\\\/portal\\\/prova-comentada-direito-do-trabalho-pge-go\\\/#respond\"]}]},{\"@type\":\"WebPage\",\"@id\":\"https:\\\/\\\/cj.estrategia.com\\\/portal\\\/prova-comentada-direito-do-trabalho-pge-go\\\/\",\"url\":\"https:\\\/\\\/cj.estrategia.com\\\/portal\\\/prova-comentada-direito-do-trabalho-pge-go\\\/\",\"name\":\"Prova comentada Direito do Trabalho PGE GO\",\"isPartOf\":{\"@id\":\"https:\\\/\\\/cj.estrategia.com\\\/portal\\\/#website\"},\"primaryImageOfPage\":{\"@id\":\"https:\\\/\\\/cj.estrategia.com\\\/portal\\\/prova-comentada-direito-do-trabalho-pge-go\\\/#primaryimage\"},\"image\":{\"@id\":\"https:\\\/\\\/cj.estrategia.com\\\/portal\\\/prova-comentada-direito-do-trabalho-pge-go\\\/#primaryimage\"},\"thumbnailUrl\":\"https:\\\/\\\/cj.estrategia.com\\\/portal\\\/wp-content\\\/uploads\\\/2023\\\/06\\\/01151711\\\/PGE-GO-Procurador.jpg\",\"datePublished\":\"2024-08-05T19:14:36+00:00\",\"dateModified\":\"2024-08-05T19:14:40+00:00\",\"description\":\"Prova comentada Direito do Trabalho PGE GO: confira AQUI os coment\u00e1rios dos nossos professores e tire as suas d\u00favidas!\",\"breadcrumb\":{\"@id\":\"https:\\\/\\\/cj.estrategia.com\\\/portal\\\/prova-comentada-direito-do-trabalho-pge-go\\\/#breadcrumb\"},\"inLanguage\":\"pt-BR\",\"potentialAction\":[{\"@type\":\"ReadAction\",\"target\":[\"https:\\\/\\\/cj.estrategia.com\\\/portal\\\/prova-comentada-direito-do-trabalho-pge-go\\\/\"]}]},{\"@type\":\"ImageObject\",\"inLanguage\":\"pt-BR\",\"@id\":\"https:\\\/\\\/cj.estrategia.com\\\/portal\\\/prova-comentada-direito-do-trabalho-pge-go\\\/#primaryimage\",\"url\":\"https:\\\/\\\/cj.estrategia.com\\\/portal\\\/wp-content\\\/uploads\\\/2023\\\/06\\\/01151711\\\/PGE-GO-Procurador.jpg\",\"contentUrl\":\"https:\\\/\\\/cj.estrategia.com\\\/portal\\\/wp-content\\\/uploads\\\/2023\\\/06\\\/01151711\\\/PGE-GO-Procurador.jpg\",\"width\":960,\"height\":540},{\"@type\":\"BreadcrumbList\",\"@id\":\"https:\\\/\\\/cj.estrategia.com\\\/portal\\\/prova-comentada-direito-do-trabalho-pge-go\\\/#breadcrumb\",\"itemListElement\":[{\"@type\":\"ListItem\",\"position\":1,\"name\":\"In\u00edcio\",\"item\":\"https:\\\/\\\/cj.estrategia.com\\\/portal\\\/\"},{\"@type\":\"ListItem\",\"position\":2,\"name\":\"Prova comentada Direito do Trabalho PGE GO\"}]},{\"@type\":\"WebSite\",\"@id\":\"https:\\\/\\\/cj.estrategia.com\\\/portal\\\/#website\",\"url\":\"https:\\\/\\\/cj.estrategia.com\\\/portal\\\/\",\"name\":\"Blog - Carreiras Jur\u00eddicas - Estrat\u00e9gia\",\"description\":\"\",\"publisher\":{\"@id\":\"https:\\\/\\\/cj.estrategia.com\\\/portal\\\/#organization\"},\"potentialAction\":[{\"@type\":\"SearchAction\",\"target\":{\"@type\":\"EntryPoint\",\"urlTemplate\":\"https:\\\/\\\/cj.estrategia.com\\\/portal\\\/?s={search_term_string}\"},\"query-input\":{\"@type\":\"PropertyValueSpecification\",\"valueRequired\":true,\"valueName\":\"search_term_string\"}}],\"inLanguage\":\"pt-BR\"},{\"@type\":\"Organization\",\"@id\":\"https:\\\/\\\/cj.estrategia.com\\\/portal\\\/#organization\",\"name\":\"Estrat\u00e9gia - Carreiras Jur\u00eddicas\",\"url\":\"https:\\\/\\\/cj.estrategia.com\\\/portal\\\/\",\"logo\":{\"@type\":\"ImageObject\",\"inLanguage\":\"pt-BR\",\"@id\":\"https:\\\/\\\/cj.estrategia.com\\\/portal\\\/#\\\/schema\\\/logo\\\/image\\\/\",\"url\":\"https:\\\/\\\/cj.estrategia.com\\\/portal\\\/wp-content\\\/uploads\\\/2022\\\/03\\\/11151052\\\/cj-logo.png\",\"contentUrl\":\"https:\\\/\\\/cj.estrategia.com\\\/portal\\\/wp-content\\\/uploads\\\/2022\\\/03\\\/11151052\\\/cj-logo.png\",\"width\":150,\"height\":39,\"caption\":\"Estrat\u00e9gia - Carreiras Jur\u00eddicas\"},\"image\":{\"@id\":\"https:\\\/\\\/cj.estrategia.com\\\/portal\\\/#\\\/schema\\\/logo\\\/image\\\/\"},\"sameAs\":[\"https:\\\/\\\/www.facebook.com\\\/estrategiacarreirajuridica\\\/\",\"https:\\\/\\\/x.com\\\/EstratJuridica\",\"https:\\\/\\\/www.instagram.com\\\/estrategiacarreirajuridica\\\/\",\"https:\\\/\\\/www.youtube.com\\\/channel\\\/UClbMGuYbj2Mh1m3w144ETWQ\"]},{\"@type\":\"Person\",\"@id\":\"https:\\\/\\\/cj.estrategia.com\\\/portal\\\/#\\\/schema\\\/person\\\/4d70317d31449932b99102916b6637f5\",\"name\":\"Coordena\u00e7\u00e3o\",\"image\":{\"@type\":\"ImageObject\",\"inLanguage\":\"pt-BR\",\"@id\":\"https:\\\/\\\/cj.estrategia.com\\\/portal\\\/wp-content\\\/uploads\\\/2022\\\/05\\\/12164923\\\/estrategia-carreira-juridica-coordenacao-96x96.png\",\"url\":\"https:\\\/\\\/cj.estrategia.com\\\/portal\\\/wp-content\\\/uploads\\\/2022\\\/05\\\/12164923\\\/estrategia-carreira-juridica-coordenacao-96x96.png\",\"contentUrl\":\"https:\\\/\\\/cj.estrategia.com\\\/portal\\\/wp-content\\\/uploads\\\/2022\\\/05\\\/12164923\\\/estrategia-carreira-juridica-coordenacao-96x96.png\",\"caption\":\"Coordena\u00e7\u00e3o\"},\"url\":\"https:\\\/\\\/cj.estrategia.com\\\/portal\\\/author\\\/coordenacao\\\/\"}]}<\/script>\n<!-- \/ Yoast SEO Premium plugin. -->","yoast_head_json":{"title":"Prova comentada Direito do Trabalho PGE GO","description":"Prova comentada Direito do Trabalho PGE GO: confira AQUI os coment\u00e1rios dos nossos professores e tire as suas d\u00favidas!","robots":{"index":"index","follow":"follow","max-snippet":"max-snippet:-1","max-image-preview":"max-image-preview:large","max-video-preview":"max-video-preview:-1"},"canonical":"https:\/\/cj.estrategia.com\/portal\/prova-comentada-direito-do-trabalho-pge-go\/","og_locale":"pt_BR","og_type":"article","og_title":"Prova comentada Direito do Trabalho PGE GO","og_description":"Prova comentada Direito do Trabalho PGE GO: confira AQUI os coment\u00e1rios dos nossos professores e tire as suas d\u00favidas!","og_url":"https:\/\/cj.estrategia.com\/portal\/prova-comentada-direito-do-trabalho-pge-go\/","og_site_name":"Blog - Carreiras Jur\u00eddicas - Estrat\u00e9gia","article_publisher":"https:\/\/www.facebook.com\/estrategiacarreirajuridica\/","article_published_time":"2024-08-05T19:14:36+00:00","article_modified_time":"2024-08-05T19:14:40+00:00","og_image":[{"width":960,"height":540,"url":"https:\/\/cj.estrategia.com\/portal\/wp-content\/uploads\/2023\/06\/01151711\/PGE-GO-Procurador.jpg","type":"image\/jpeg"}],"author":"Coordena\u00e7\u00e3o","twitter_card":"summary_large_image","twitter_creator":"@EstratJuridica","twitter_site":"@EstratJuridica","twitter_misc":{"Escrito por":"Coordena\u00e7\u00e3o","Est. tempo de leitura":"12 minutos"},"schema":{"@context":"https:\/\/schema.org","@graph":[{"@type":"NewsArticle","@id":"https:\/\/cj.estrategia.com\/portal\/prova-comentada-direito-do-trabalho-pge-go\/#article","isPartOf":{"@id":"https:\/\/cj.estrategia.com\/portal\/prova-comentada-direito-do-trabalho-pge-go\/"},"author":{"name":"Coordena\u00e7\u00e3o","@id":"https:\/\/cj.estrategia.com\/portal\/#\/schema\/person\/4d70317d31449932b99102916b6637f5"},"headline":"Prova comentada Direito do Trabalho PGE GO","datePublished":"2024-08-05T19:14:36+00:00","dateModified":"2024-08-05T19:14:40+00:00","mainEntityOfPage":{"@id":"https:\/\/cj.estrategia.com\/portal\/prova-comentada-direito-do-trabalho-pge-go\/"},"wordCount":2313,"commentCount":0,"publisher":{"@id":"https:\/\/cj.estrategia.com\/portal\/#organization"},"image":{"@id":"https:\/\/cj.estrategia.com\/portal\/prova-comentada-direito-do-trabalho-pge-go\/#primaryimage"},"thumbnailUrl":"https:\/\/cj.estrategia.com\/portal\/wp-content\/uploads\/2023\/06\/01151711\/PGE-GO-Procurador.jpg","articleSection":["Carreiras Jur\u00eddicas","Procuradoria"],"inLanguage":"pt-BR","potentialAction":[{"@type":"CommentAction","name":"Comment","target":["https:\/\/cj.estrategia.com\/portal\/prova-comentada-direito-do-trabalho-pge-go\/#respond"]}]},{"@type":"WebPage","@id":"https:\/\/cj.estrategia.com\/portal\/prova-comentada-direito-do-trabalho-pge-go\/","url":"https:\/\/cj.estrategia.com\/portal\/prova-comentada-direito-do-trabalho-pge-go\/","name":"Prova comentada Direito do Trabalho PGE GO","isPartOf":{"@id":"https:\/\/cj.estrategia.com\/portal\/#website"},"primaryImageOfPage":{"@id":"https:\/\/cj.estrategia.com\/portal\/prova-comentada-direito-do-trabalho-pge-go\/#primaryimage"},"image":{"@id":"https:\/\/cj.estrategia.com\/portal\/prova-comentada-direito-do-trabalho-pge-go\/#primaryimage"},"thumbnailUrl":"https:\/\/cj.estrategia.com\/portal\/wp-content\/uploads\/2023\/06\/01151711\/PGE-GO-Procurador.jpg","datePublished":"2024-08-05T19:14:36+00:00","dateModified":"2024-08-05T19:14:40+00:00","description":"Prova comentada Direito do Trabalho PGE GO: confira AQUI os coment\u00e1rios dos nossos professores e tire as suas d\u00favidas!","breadcrumb":{"@id":"https:\/\/cj.estrategia.com\/portal\/prova-comentada-direito-do-trabalho-pge-go\/#breadcrumb"},"inLanguage":"pt-BR","potentialAction":[{"@type":"ReadAction","target":["https:\/\/cj.estrategia.com\/portal\/prova-comentada-direito-do-trabalho-pge-go\/"]}]},{"@type":"ImageObject","inLanguage":"pt-BR","@id":"https:\/\/cj.estrategia.com\/portal\/prova-comentada-direito-do-trabalho-pge-go\/#primaryimage","url":"https:\/\/cj.estrategia.com\/portal\/wp-content\/uploads\/2023\/06\/01151711\/PGE-GO-Procurador.jpg","contentUrl":"https:\/\/cj.estrategia.com\/portal\/wp-content\/uploads\/2023\/06\/01151711\/PGE-GO-Procurador.jpg","width":960,"height":540},{"@type":"BreadcrumbList","@id":"https:\/\/cj.estrategia.com\/portal\/prova-comentada-direito-do-trabalho-pge-go\/#breadcrumb","itemListElement":[{"@type":"ListItem","position":1,"name":"In\u00edcio","item":"https:\/\/cj.estrategia.com\/portal\/"},{"@type":"ListItem","position":2,"name":"Prova comentada Direito do Trabalho PGE GO"}]},{"@type":"WebSite","@id":"https:\/\/cj.estrategia.com\/portal\/#website","url":"https:\/\/cj.estrategia.com\/portal\/","name":"Blog - Carreiras Jur\u00eddicas - Estrat\u00e9gia","description":"","publisher":{"@id":"https:\/\/cj.estrategia.com\/portal\/#organization"},"potentialAction":[{"@type":"SearchAction","target":{"@type":"EntryPoint","urlTemplate":"https:\/\/cj.estrategia.com\/portal\/?s={search_term_string}"},"query-input":{"@type":"PropertyValueSpecification","valueRequired":true,"valueName":"search_term_string"}}],"inLanguage":"pt-BR"},{"@type":"Organization","@id":"https:\/\/cj.estrategia.com\/portal\/#organization","name":"Estrat\u00e9gia - Carreiras Jur\u00eddicas","url":"https:\/\/cj.estrategia.com\/portal\/","logo":{"@type":"ImageObject","inLanguage":"pt-BR","@id":"https:\/\/cj.estrategia.com\/portal\/#\/schema\/logo\/image\/","url":"https:\/\/cj.estrategia.com\/portal\/wp-content\/uploads\/2022\/03\/11151052\/cj-logo.png","contentUrl":"https:\/\/cj.estrategia.com\/portal\/wp-content\/uploads\/2022\/03\/11151052\/cj-logo.png","width":150,"height":39,"caption":"Estrat\u00e9gia - Carreiras Jur\u00eddicas"},"image":{"@id":"https:\/\/cj.estrategia.com\/portal\/#\/schema\/logo\/image\/"},"sameAs":["https:\/\/www.facebook.com\/estrategiacarreirajuridica\/","https:\/\/x.com\/EstratJuridica","https:\/\/www.instagram.com\/estrategiacarreirajuridica\/","https:\/\/www.youtube.com\/channel\/UClbMGuYbj2Mh1m3w144ETWQ"]},{"@type":"Person","@id":"https:\/\/cj.estrategia.com\/portal\/#\/schema\/person\/4d70317d31449932b99102916b6637f5","name":"Coordena\u00e7\u00e3o","image":{"@type":"ImageObject","inLanguage":"pt-BR","@id":"https:\/\/cj.estrategia.com\/portal\/wp-content\/uploads\/2022\/05\/12164923\/estrategia-carreira-juridica-coordenacao-96x96.png","url":"https:\/\/cj.estrategia.com\/portal\/wp-content\/uploads\/2022\/05\/12164923\/estrategia-carreira-juridica-coordenacao-96x96.png","contentUrl":"https:\/\/cj.estrategia.com\/portal\/wp-content\/uploads\/2022\/05\/12164923\/estrategia-carreira-juridica-coordenacao-96x96.png","caption":"Coordena\u00e7\u00e3o"},"url":"https:\/\/cj.estrategia.com\/portal\/author\/coordenacao\/"}]}},"jetpack_featured_media_url":"https:\/\/cj.estrategia.com\/portal\/wp-content\/uploads\/2023\/06\/01151711\/PGE-GO-Procurador.jpg","jetpack_sharing_enabled":true,"_links":{"self":[{"href":"https:\/\/cj.estrategia.com\/portal\/wp-json\/wp\/v2\/posts\/71697","targetHints":{"allow":["GET"]}}],"collection":[{"href":"https:\/\/cj.estrategia.com\/portal\/wp-json\/wp\/v2\/posts"}],"about":[{"href":"https:\/\/cj.estrategia.com\/portal\/wp-json\/wp\/v2\/types\/post"}],"author":[{"embeddable":true,"href":"https:\/\/cj.estrategia.com\/portal\/wp-json\/wp\/v2\/users\/12"}],"replies":[{"embeddable":true,"href":"https:\/\/cj.estrategia.com\/portal\/wp-json\/wp\/v2\/comments?post=71697"}],"version-history":[{"count":2,"href":"https:\/\/cj.estrategia.com\/portal\/wp-json\/wp\/v2\/posts\/71697\/revisions"}],"predecessor-version":[{"id":71703,"href":"https:\/\/cj.estrategia.com\/portal\/wp-json\/wp\/v2\/posts\/71697\/revisions\/71703"}],"wp:featuredmedia":[{"embeddable":true,"href":"https:\/\/cj.estrategia.com\/portal\/wp-json\/wp\/v2\/media\/37826"}],"wp:attachment":[{"href":"https:\/\/cj.estrategia.com\/portal\/wp-json\/wp\/v2\/media?parent=71697"}],"wp:term":[{"taxonomy":"category","embeddable":true,"href":"https:\/\/cj.estrategia.com\/portal\/wp-json\/wp\/v2\/categories?post=71697"},{"taxonomy":"post_tag","embeddable":true,"href":"https:\/\/cj.estrategia.com\/portal\/wp-json\/wp\/v2\/tags?post=71697"},{"taxonomy":"tax_estado","embeddable":true,"href":"https:\/\/cj.estrategia.com\/portal\/wp-json\/wp\/v2\/tax_estado?post=71697"}],"curies":[{"name":"wp","href":"https:\/\/api.w.org\/{rel}","templated":true}]}}