{"id":71694,"date":"2024-08-05T15:54:48","date_gmt":"2024-08-05T18:54:48","guid":{"rendered":"https:\/\/cj.estrategia.com\/portal\/?p=71694"},"modified":"2024-08-05T15:54:51","modified_gmt":"2024-08-05T18:54:51","slug":"prova-comentada-direito-previdenciario-pge-go","status":"publish","type":"post","link":"https:\/\/cj.estrategia.com\/portal\/prova-comentada-direito-previdenciario-pge-go\/","title":{"rendered":"Prova comentada Direito Previdenci\u00e1rio PGE GO"},"content":{"rendered":"\n<p>Ol\u00e1, pessoal, tudo certo?!<\/p>\n\n\n\n<p>Em 04\/08\/2024, foi aplicada a prova objetiva do concurso p\u00fablico para a <strong>Procuradoria-Geral do Estado de Goi\u00e1s.<\/strong> Assim que divulgados o caderno de provas e o gabarito preliminar oficial, nosso time de professores analisou cada uma das quest\u00f5es que agora ser\u00e3o apresentadas em nossa <strong>PROVA COMENTADA<\/strong>.<strong><\/strong><\/p>\n\n\n\n<p>Este material visa a auxili\u00e1-los na aferi\u00e7\u00e3o das notas, elabora\u00e7\u00e3o de eventuais recursos, verifica\u00e7\u00e3o das chances de avan\u00e7o para fase discursiva, bem como na revis\u00e3o do conte\u00fado cobrado no certame.<\/p>\n\n\n\n<p>Desde j\u00e1, destacamos que nosso time de professores identificou 4 quest\u00f5es pass\u00edveis de recurso e\/ou que devem ser anuladas, por apresentarem duas ou nenhuma alternativa correta, como veremos adiante. No tipo de prova comentado, trata-se das 58, 79, 86 e 98.<\/p>\n\n\n\n<p>De modo complementar, elaboramos tamb\u00e9m o <strong><a href=\"https:\/\/cj.estrategia.com\/cadernos-e-simulados\/simulados\/593df2c3-07c2-4e33-a88a-cbb6f40facae\">RANKING da Procuradoria-Geral do Estado de Goi\u00e1s <\/a><\/strong>em que nossos alunos e seguidores poder\u00e3o inserir suas respostas \u00e0 prova, e, ao final, aferir sua nota, de acordo com o gabarito elaborado por nossos professores. Atrav\u00e9s do ranking, tamb\u00e9m poderemos estimar a nota de corte da 1\u00ba fase. Essa ferramenta \u00e9 gratuita!<\/p>\n\n\n\n<p>Al\u00e9m disso, montamos um caderno para nossos seguidores, alunos ou n\u00e3o, verem os coment\u00e1rios e comentar as quest\u00f5es da prova: confira AQUI!<\/p>\n\n\n\n<p>Por fim, comentaremos a prova, as quest\u00f5es mais pol\u00eamicas, as possibilidades de recurso, bem como a estimativa da nota de corte no <strong>TERM\u00d4METRO P\u00d3S-PROVA<\/strong>, no nosso canal do Youtube. Inscreva-se e ative as notifica\u00e7\u00f5es! <a href=\"https:\/\/www.youtube.com\/@EstrategiaCarreiraJuridica\"><strong>Estrat\u00e9gia Carreira Jur\u00eddica \u2013 YouTube<\/strong><\/a><\/p>\n\n\n\n<p class=\"has-text-align-center is-style-default has-very-light-gray-to-cyan-bluish-gray-gradient-background has-background\"><strong><a href=\"https:\/\/cj.estrategia.com\/portal\/gabarito-extraoficial-pge-go-procurador\/\">Confira AQUI as provas comentadas de todas as disciplinas do concurso PGE GO<\/a><\/strong><\/p>\n\n\n\n<h2 class=\"wp-block-heading\" id=\"h-prova-comentada-direito-previdenciario-pge-go\"><span id=\"prova-comentada-direito-previdenciario-pge-go\">Prova comentada Direito Previdenci\u00e1rio PGE GO<\/span><\/h2>\n\n\n\n<p><strong>QUEST\u00c3O 78. Pedro, professor em estabelecimento de educa\u00e7\u00e3o infantil, e Paulo, professor em estabelecimento de ensino fundamental e m\u00e9dio, ambos prestando diversas fun\u00e7\u00f5es na doc\u00eancia, bem como fun\u00e7\u00f5es administrativas nos respectivos estabelecimentos de ensino, est\u00e3o em tempo de reivindicar a respectiva aposentadoria. No que diz respeito \u00e0 aposentadoria especial, mais especificamente, em rela\u00e7\u00e3o \u00e0 contagem do prazo para a concess\u00e3o da aposentadoria especial de que trata o art. 40, \u00a75\u00ba, da Constitui\u00e7\u00e3o Federal, conta-se o tempo de efetivo exerc\u00edcio, pelo professor, da doc\u00eancia e das atividades de<\/strong><\/p>\n\n\n\n<p><strong>a) dire\u00e7\u00e3o de unidade escolar, desde que apenas em estabelecimentos de educa\u00e7\u00e3o infantil.<\/strong><\/p>\n\n\n\n<p><strong>b) dire\u00e7\u00e3o de unidade escolar e de coordena\u00e7\u00e3o e assessoramento pedag\u00f3gico, desde que em estabelecimentos de educa\u00e7\u00e3o infantil ou de ensino fundamental e m\u00e9dio.<\/strong><\/p>\n\n\n\n<p><strong>c) assessoramento pedag\u00f3gico, desde que em estabelecimentos de educa\u00e7\u00e3o superior.<\/strong><\/p>\n\n\n\n<p><strong>d) dire\u00e7\u00e3o de unidade escolar, desde que apenas em estabelecimentos de ensino m\u00e9dio.<\/strong><\/p>\n\n\n\n<p><strong>e) dire\u00e7\u00e3o de unidade escolar, desde que apenas em estabelecimentos de ensino fundamental.<\/strong><\/p>\n\n\n\n<p><strong>Coment\u00e1rios<\/strong><\/p>\n\n\n\n<p>A alternativa correta \u00e9 a <strong>letra B<\/strong>. A quest\u00e3o trata de regras relativas \u00e0 aposentadoria dos professores.<\/p>\n\n\n\n<p>A alternativa B est\u00e1 correta. No ordenamento jur\u00eddico brasileiro, \u00e9 cedi\u00e7o que, para os fins da concess\u00e3o da aposentadoria do professor, n\u00e3o se exige que o seu tempo de contribui\u00e7\u00e3o seja integralmente cumprido dentro da sala de aula, pois as fun\u00e7\u00f5es de dire\u00e7\u00e3o de unidade escolar e as de coordena\u00e7\u00e3o e assessoramento pedag\u00f3gico tamb\u00e9m podem ser inclu\u00eddas dentro do conceito de magist\u00e9rio, logo, elas tamb\u00e9m podem ser consideradas para a concess\u00e3o da aposentadoria do professor, mas desde que sejam realizadas em estabelecimentos de educa\u00e7\u00e3o infantil ou de ensino fundamental e m\u00e9dio. Isso pode ser visto, por exemplo, no \u00a73\u00ba do art. 69 da Lei Complementar 161\/2020, do Estado de Goi\u00e1s: \u201cS\u00e3o consideradas fun\u00e7\u00f5es de magist\u00e9rio as exercidas por professores no desempenho de atividades educativas, quando exercidas em estabelecimento de educa\u00e7\u00e3o b\u00e1sica, formada pela educa\u00e7\u00e3o infantil, ensino fundamental e m\u00e9dio, em seus diversos n\u00edveis e modalidades, inclu\u00eddas, al\u00e9m do exerc\u00edcio de doc\u00eancia, as de dire\u00e7\u00e3o de unidade escolar e as de coordena\u00e7\u00e3o e assessoramento pedag\u00f3gico, conforme crit\u00e9rios, defini\u00e7\u00f5es e formas de comprova\u00e7\u00e3o estabelecidas em regulamento\u201d. As alternativas A, C, D e E est\u00e3o incorretas, conforme os coment\u00e1rios da alternativa B.<\/p>\n\n\n\n<p><strong>QUEST\u00c3O 79. S\u00e3o profissionais que N\u00c3O possuem o direito constitucional \u00e0 aposentadoria especial por exerc\u00edcio de atividade de risco prevista no artigo 40, \u00a74\u00ba, inciso II, da Constitui\u00e7\u00e3o Federal de 1988:<\/strong><\/p>\n\n\n\n<p><strong>a) Guardas-civis.<\/strong><\/p>\n\n\n\n<p><strong>b) Policiais civis.<\/strong><\/p>\n\n\n\n<p><strong>c) Bombeiros.<\/strong><\/p>\n\n\n\n<p><strong>d) Agentes penitenci\u00e1rios.<\/strong><\/p>\n\n\n\n<p><strong>e) Policiais federais.<\/strong><\/p>\n\n\n\n<p><strong>Coment\u00e1rios<\/strong><\/p>\n\n\n\n<p>Em nossa vis\u00e3o, a quest\u00e3o possui duas alternativas corretas, que s\u00e3o a <strong>letra A <\/strong>e a <strong>letra C<\/strong>. A quest\u00e3o trata da aposentadoria especial estabelecida no art. 40, \u00a74\u00ba-A, da CF (antigo art. 40, \u00a74\u00ba, II).<\/p>\n\n\n\n<p>A alternativa A est\u00e1 correta. De fato, os guardas civis n\u00e3o est\u00e3o inseridos dentro do rol de agentes p\u00fablicos que fazem jus ao benef\u00edcio da aposentadoria especial. Isso pode ser visto no Tema 1.057 do STF: \u201cOs guardas civis n\u00e3o possuem direito constitucional \u00e0 aposentadoria especial por exerc\u00edcio de atividade de risco prevista no artigo 40, \u00a7 4\u00ba, inciso II, da Constitui\u00e7\u00e3o Federal\u201d.<\/p>\n\n\n\n<p>As alternativas B, D e E est\u00e3o incorretas. As tr\u00eas classes de servidores p\u00fablicos mencionadas nas alternativas em quest\u00e3o (policiais civis, agentes penitenci\u00e1rios e policiais federais) s\u00e3o, por expressa disposi\u00e7\u00e3o constitucional, benefici\u00e1rias da aposentadoria especial prevista no \u00a74\u00ba-B do art. 40 da CF: \u201cPoder\u00e3o ser estabelecidos por lei complementar do respectivo ente federativo idade e tempo de contribui\u00e7\u00e3o diferenciados para aposentadoria de ocupantes do cargo de agente penitenci\u00e1rio, de agente socioeducativo ou de policial dos \u00f3rg\u00e3os de que tratam o inciso IV do caput do art. 51, o inciso XIII do caput do art. 52 e os incisos I a IV do caput do art. 144\u201d.<\/p>\n\n\n\n<p>A alternativa C est\u00e1 correta. Essa alternativa, apesar de pol\u00eamica, tamb\u00e9m pode ser considerada como correta, tendo em vista que os bombeiros militares, em verdade, n\u00e3o possuem aposentadoria, mas, sim, mera transfer\u00eancia para a inatividade (art. 42, \u00a71\u00ba, c\/c art. 142, \u00a73\u00ba, X, ambos da CF). Al\u00e9m disso, \u00e9 importante observar atentamente a reda\u00e7\u00e3o do \u00a74\u00ba-B do art. 40 da CF, que regulamenta essa esp\u00e9cie de aposentadoria especial: \u201cPoder\u00e3o ser estabelecidos por lei complementar do respectivo ente federativo idade e tempo de contribui\u00e7\u00e3o diferenciados para aposentadoria de ocupantes do cargo de agente penitenci\u00e1rio, de agente socioeducativo ou de policial dos \u00f3rg\u00e3os de que tratam o inciso IV do caput do art. 51, o inciso XIII do caput do art. 52 e os incisos I a IV do <em>caput<\/em> do art. 144\u201d. Perceba que, na parte final, o dispositivo somente mencionou os quatro primeiros incisos do <em>caput <\/em>do art. 144, e os bombeiros, em verdade, est\u00e3o inseridos no inciso V daquele artigo, raz\u00e3o pela qual n\u00e3o podem ser inseridos na aposentadoria especial que \u00e9 destinada aos servidores civis da \u00e1rea da seguran\u00e7a p\u00fablica.<\/p>\n\n\n\n<p><strong>QUEST\u00c3O 80. Nos termos da Lei Complementar do Estado de Goi\u00e1s n\u00ba 161, de 30 de dezembro de 2020, o direito a pens\u00e3o por morte para o(a) c\u00f4njuge, companheiro(a), o(a) ex-c\u00f4njuge, ex-companheiro(a) ou o(a) c\u00f4njuge separado(a) de fato, com direito a recebimento de pens\u00e3o aliment\u00edcia do segurado falecido, extingue-se<\/strong><\/p>\n\n\n\n<p><strong>I. por novo casamento ou estabelecimento de qualquer outra nova uni\u00e3o est\u00e1vel.<\/strong><\/p>\n\n\n\n<p><strong>II. se for comprovada, a qualquer tempo, simula\u00e7\u00e3o, fraude ou qualquer outra causa de nulidade no casamento ou na uni\u00e3o est\u00e1vel ou a formaliza\u00e7\u00e3o desses com o fim exclusivo de constituir benef\u00edcio previdenci\u00e1rio, apuradas em processo administrativo.<\/strong><\/p>\n\n\n\n<p><strong>III. com o decurso de 6 (seis) meses do \u00f3bito, se ele ocorrer sem que o segurado tenha vertido 18 (dezoito) contribui\u00e7\u00f5es mensais ou o casamento ou a uni\u00e3o est\u00e1vel tiver sido iniciados em menos de 2 (dois) anos antes do \u00f3bito do segurado.<\/strong><\/p>\n\n\n\n<p><strong>IV. transcorridos os seguintes per\u00edodos, estabelecidos de acordo com a idade do pensionista na data de \u00f3bito do segurado, depois de vertidas 18 (dezoito) contribui\u00e7\u00f5es mensais e possua, no m\u00ednimo, 2 (dois) anos de casamento ou de uni\u00e3o est\u00e1vel: 3 (tr\u00eas) anos, com menos de 21 (vinte e um) anos de idade; 6 (seis) anos, entre 21 (vinte e um) e 26 (vinte e seis) anos de idade; 10 (dez) anos, entre 27 (vinte e sete) e 29 (vinte e nove) anos de idade; 15 (quinze) anos, entre 30 (trinta) e 40 (quarenta) anos de idade; 20 (vinte) anos, entre 41 (quarenta e um) e 43 (quarenta e tr\u00eas) anos de idade; e por prazo indeterminado, com 44 (quarenta e quatro) ou mais anos de idade.<\/strong><\/p>\n\n\n\n<p><strong>Est\u00e1 correto o que se afirma APENAS em<\/strong><\/p>\n\n\n\n<p><strong>a) I e IV.<\/strong><\/p>\n\n\n\n<p><strong>b) I e II.<\/strong><\/p>\n\n\n\n<p><strong>c) I e III.<\/strong><\/p>\n\n\n\n<p><strong>d) II e IV.<\/strong><\/p>\n\n\n\n<p><strong>e) III e IV.<\/strong><\/p>\n\n\n\n<p><strong>Coment\u00e1rios<\/strong><\/p>\n\n\n\n<p>A alternativa correta \u00e9 a <strong>letra A<\/strong>, pois apenas os itens I e IV est\u00e3o corretos. A quest\u00e3o trata sobre regras relativas \u00e0 dura\u00e7\u00e3o da pens\u00e3o por morte no \u00e2mbito do RPPS do Estado de Goi\u00e1s.<\/p>\n\n\n\n<p>O item I est\u00e1 correto. No RPPS do Estado de Goi\u00e1s, a legisla\u00e7\u00e3o expressamente estabelece que, especificamente no que tange ao c\u00f4njuge, companheiro, ex-c\u00f4njuge, ex-companheiro ou c\u00f4njuge separado de fato, com direito a recebimento de pens\u00e3o aliment\u00edcia do segurado falecido, a pens\u00e3o por morte concedida a eles ir\u00e1 cessar na eventualidade de novo casamento ou estabelecimento de qualquer outra nova uni\u00e3o est\u00e1vel. Isso pode ser visto no seguinte dispositivo da Lei Complementar 161\/2020: \u201cArt. 90.\u00a0 O direito \u00e0 pens\u00e3o por morte extingue-se: I \u2013 para o c\u00f4njuge, companheiro(a), o ex-c\u00f4njuge, ex-companheiro(a) ou o c\u00f4njuge separado de fato, com direito a recebimento de pens\u00e3o aliment\u00edcia do segurado falecido: a) por novo casamento ou estabelecimento de qualquer outra nova uni\u00e3o est\u00e1vel\u201d.<\/p>\n\n\n\n<p>O item II est\u00e1 incorreto. O item est\u00e1 quase integralmente correto, pois, de fato, a comprova\u00e7\u00e3o de simula\u00e7\u00e3o, fraude ou qualquer outra causa de nulidade no casamento ou na uni\u00e3o est\u00e1vel, bem como a sua formaliza\u00e7\u00e3o com o fim exclusivo de constituir benef\u00edcio previdenci\u00e1rio, resulta na cessa\u00e7\u00e3o do pagamento da pens\u00e3o por morte, mas o erro est\u00e1 em afirmar que tais situa\u00e7\u00f5es devem ser apuradas em processo administrativo, pois, na verdade, a legisla\u00e7\u00e3o estabelece a obrigatoriedade de processo judicial. Isso pode ser visto no seguinte dispositivo da Lei Complementar 161\/2020: \u201cArt. 90.\u00a0 O direito \u00e0 pens\u00e3o por morte extingue-se: I \u2013 para o c\u00f4njuge, companheiro(a), o ex-c\u00f4njuge, ex-companheiro(a) ou o c\u00f4njuge separado de fato, com direito a recebimento de pens\u00e3o aliment\u00edcia do segurado falecido: [\u2026] b) se for comprovada, a qualquer tempo, simula\u00e7\u00e3o, fraude ou qualquer outra causa de nulidade no casamento ou na uni\u00e3o est\u00e1vel ou a formaliza\u00e7\u00e3o desses com o fim exclusivo de constituir benef\u00edcio previdenci\u00e1rio, apuradas em processo judicial\u201d.<\/p>\n\n\n\n<p>O item III est\u00e1 incorreto. Na verdade, nessa situa\u00e7\u00e3o, a pens\u00e3o por morte ser\u00e1 extinta ap\u00f3s o decurso do prazo de 4 meses, como estabelece a Lei Complementar 161\/2020: \u201cArt. 90.\u00a0 O direito \u00e0 pens\u00e3o por morte extingue-se: I \u2013 para o c\u00f4njuge, companheiro(a), o ex-c\u00f4njuge, ex-companheiro(a) ou o c\u00f4njuge separado de fato, com direito a recebimento de pens\u00e3o aliment\u00edcia do segurado falecido: [\u2026] c) com o decurso de 4 (quatro) meses do \u00f3bito, se ele ocorrer sem que o segurado tenha vertido 18 (dezoito) contribui\u00e7\u00f5es mensais ou o casamento ou a uni\u00e3o est\u00e1vel tiver sido iniciados em menos de 2 (dois) anos antes do \u00f3bito do segurado\u201d.<\/p>\n\n\n\n<p>O item I est\u00e1 correto. Nesse item, a banca apenas transcreveu a literalidade da al\u00ednea \u201cd\u201d do inciso I do art. 90 da Lei Complementar 161\/2020: \u201cd) transcorridos os seguintes per\u00edodos, estabelecidos de acordo com a idade do pensionista na data de \u00f3bito do segurado, depois de vertidas 18 (dezoito) contribui\u00e7\u00f5es mensais e possua, no m\u00ednimo, 2 (dois) anos de casamento ou de uni\u00e3o est\u00e1vel: 1. 3 (tr\u00eas) anos, com menos de 21 (vinte e um) anos de idade; 2. 6 (seis) anos, entre 21 (vinte e um) e 26 (vinte e seis) anos de idade; 3. 10 (dez) anos, entre 27 (vinte e sete) e 29 (vinte e nove) anos de idade; 4. 15 (quinze) anos, entre 30 (trinta) e 40 (quarenta) anos de idade; 5. 20 (vinte) anos, entre 41 (quarenta e um) e 43 (quarenta e tr\u00eas) anos de idade; e 6. por prazo indeterminado, com 44 (quarenta e quatro) ou mais anos de idade\u201d.<\/p>\n\n\n\n<p><strong>QUEST\u00c3O 81. Considere as assertivas abaixo, de acordo com a Lei Complementar n\u00ba 161, do Estado de Goi\u00e1s, de 30 de dezembro de 2020, sobre os prazos administrativos.<\/strong><\/p>\n\n\n\n<p><strong>I. Os direitos e benef\u00edcios decorrentes da presente Lei Complementar poder\u00e3o ser requeridos a qualquer tempo, prescrevendo t\u00e3o somente as presta\u00e7\u00f5es ou diferen\u00e7as exig\u00edveis com anterioridade de mais de 5 anos em rela\u00e7\u00e3o \u00e0 data da ocorr\u00eancia da les\u00e3o.<\/strong><\/p>\n\n\n\n<p><strong>II. \u00c9 de 5 anos o prazo de decad\u00eancia de todo e qualquer direito ou a\u00e7\u00e3o de segurado ou dependente para a revis\u00e3o do ato de concess\u00e3o de benef\u00edcio, a contar do dia 1\u00ba do m\u00eas seguinte ao do recebimento da primeira presta\u00e7\u00e3o ou, quando for o caso, do dia em que tomar conhecimento da decis\u00e3o administrativa definitiva que indeferiu o pedido.<\/strong><\/p>\n\n\n\n<p><strong>III. O direito da GOIASPREV de anular os atos administrativos de que decorram efeitos favor\u00e1veis para os seus segurados ou dependentes decai em 10 anos, contados da data em que foram praticados, salvo se for comprovada m\u00e1-f\u00e9 do segurado, dependente ou benefici\u00e1rio.<\/strong><\/p>\n\n\n\n<p><strong>IV. Os atos nulos n\u00e3o se consolidam no tempo, podendo, sempre, ser objeto de apura\u00e7\u00e3o e revis\u00e3o quando houver v\u00edcio de legalidade.<\/strong><\/p>\n\n\n\n<p><strong>Est\u00e1 correto o que se afirma em<\/strong><\/p>\n\n\n\n<p><strong>a) I, II, III e IV.<\/strong><\/p>\n\n\n\n<p><strong>b) I e II, apenas.<\/strong><\/p>\n\n\n\n<p><strong>c) II, III e IV, apenas.<\/strong><\/p>\n\n\n\n<p><strong>d) III e IV, apenas.<\/strong><\/p>\n\n\n\n<p><strong>e) I e IV, apenas.<\/strong><\/p>\n\n\n\n<p><strong>Coment\u00e1rios<\/strong><\/p>\n\n\n\n<p>A alternativa correta \u00e9 a <strong>letra C<\/strong>, pois apenas os itens II, III e IV est\u00e3o corretos. A quest\u00e3o trata de regras relativas aos prazos de prescri\u00e7\u00e3o e decad\u00eancia dentro da Lei Complementar 161\/2020.<\/p>\n\n\n\n<p>O item I est\u00e1 incorreto. De fato, est\u00e1 correto afirmar que os benef\u00edcios e direitos decorrentes da Lei Complementar 161\/2020 poder\u00e3o ser requeridos a qualquer tempo, dada a inexist\u00eancia da prescri\u00e7\u00e3o do fundo de direito. Todavia, o marco informado para a contagem da prescri\u00e7\u00e3o quinquenal est\u00e1 incorreto, pois, na verdade, a prescri\u00e7\u00e3o atingir\u00e1 as parcelas vencidas h\u00e1 mais de 5 anos contados da data do requerimento (a contagem n\u00e3o leva em considera\u00e7\u00e3o a data da les\u00e3o, ao contr\u00e1rio do que o item afirmava). Isso pode ser visto no art. 122 da Lei Complementar 161\/2020: \u201cOs direitos e benef\u00edcios decorrentes da presente Lei Complementar poder\u00e3o ser requeridos a qualquer tempo, prescrevendo t\u00e3o-somente as presta\u00e7\u00f5es ou diferen\u00e7as exig\u00edveis h\u00e1 mais de 5 (cinco) anos anteriores \u00e0 data do requerimento\u201d.<\/p>\n\n\n\n<p>O item II est\u00e1 correto. Aqui, a banca trouxe apenas a literalidade do art. 123 da Lei Complementar 161\/2020, que estabelece regras para a decad\u00eancia da revis\u00e3o dos atos de concess\u00e3o de benef\u00edcios previdenci\u00e1rios no \u00e2mbito do RPPS do Estado de Goi\u00e1s: \u201c\u00c9 de 5 (cinco) anos o prazo de decad\u00eancia de todo e qualquer direito ou a\u00e7\u00e3o de segurado ou dependente para a revis\u00e3o do ato de concess\u00e3o de benef\u00edcio, a contar do dia 1<sup>o<\/sup> (primeiro) do m\u00eas seguinte ao do recebimento da 1\u00aa (primeira) presta\u00e7\u00e3o ou, quando for o caso, do dia em que tomar conhecimento da decis\u00e3o administrativa definitiva que indeferiu o pedido\u201d.<\/p>\n\n\n\n<p>O item III est\u00e1 correto. Como visto nos coment\u00e1rios do item II, o prazo decadencial para que os segurados (ou seus dependentes) pleiteiem a revis\u00e3o dos atos de concess\u00e3o dos benef\u00edcios previdenci\u00e1rios \u00e9 de 5 anos, mas, por outro lado, aplica-se o prazo de 10 anos para que a GOIASPREV (entidade gestora do RPPS do Estado de Goi\u00e1s) busque a anula\u00e7\u00e3o dos atos administrativos de que decorram efeitos favor\u00e1veis para os segurados ou seus dependentes. Isso pode ser visto no art. 124 da Lei Complementar 161\/2020: \u201cO direito da GOIASPREV de anular os atos administrativos de que decorram efeitos favor\u00e1veis para os seus segurados ou dependentes decai em 10 (dez) anos, contados da data em que foram praticados, salvo se for comprovada m\u00e1-f\u00e9 do segurado, dependente ou benefici\u00e1rio\u201d.<\/p>\n\n\n\n<p>O item IV est\u00e1 correto. Por expressa disposi\u00e7\u00e3o legal, os atos nulos n\u00e3o se consolidam no tempo, o que significa dizer que a sua eventual revis\u00e3o n\u00e3o est\u00e1 sujeita a qualquer prazo. Isso pode ser visto no \u00a71\u00ba do art. 124 da Lei Complementar 161\/2020: \u201cOs atos nulos n\u00e3o se consolidam no tempo, podendo, sempre, ser objeto de apura\u00e7\u00e3o e revis\u00e3o quando houver v\u00edcio de legalidade\u201d.<\/p>\n\n\n\n<p><strong>QUEST\u00c3O 82. S\u00e3o princ\u00edpios do Sistema de Prote\u00e7\u00e3o Social dos Militares do Estado de Goi\u00e1s (SPSM\/GO), Lei Estadual n\u00ba 20.946\/2020:<\/strong><\/p>\n\n\n\n<p><strong>I. A observ\u00e2ncia da simetria entre o Sistema de Prote\u00e7\u00e3o Social dos Militares do Estado de Goi\u00e1s e o das For\u00e7as Confederativas;<\/strong><\/p>\n\n\n\n<p><strong>II. A contributividade obrigat\u00f3ria e solid\u00e1ria entre os militares ativos, inativos e pensionistas;<\/strong><\/p>\n\n\n\n<p><strong>III. A promo\u00e7\u00e3o da sustentabilidade do Sistema de Prote\u00e7\u00e3o Social dos Militares do Estado de Goi\u00e1s;<\/strong><\/p>\n\n\n\n<p><strong>IV. A paridade nominal entre os militares ativos, inativos, reformados e pensionistas como forma de reajustamento dos benef\u00edcios. Est\u00e1 correto o que se afirma APENAS em<\/strong><\/p>\n\n\n\n<p><strong>a) I.<\/strong><\/p>\n\n\n\n<p><strong>b) II e III.<\/strong><\/p>\n\n\n\n<p><strong>c) I e III.<\/strong><\/p>\n\n\n\n<p><strong>d) I e II.<\/strong><\/p>\n\n\n\n<p><strong>e) II e IV.<\/strong><\/p>\n\n\n\n<p><strong>Coment\u00e1rios<\/strong><\/p>\n\n\n\n<p>A alternativa correta \u00e9 a <strong>letra B<\/strong>, pois apenas os itens II e III est\u00e3o corretos. A quest\u00e3o trata dos princ\u00edpios do Sistema de Prote\u00e7\u00e3o Social dos Militares do Estado de Goi\u00e1s, expostos na Lei Estadual 20.946\/2020.<\/p>\n\n\n\n<p>O item I est\u00e1 incorreto. Na verdade, a legisla\u00e7\u00e3o estabelece a exist\u00eancia de simetria entre o sistema dos militares de Goi\u00e1s e o sistema das For\u00e7as Armadas (e n\u00e3o o das \u201cFor\u00e7as Confederativas\u201d). Isso pode ser visto no inciso I do art. 3\u00ba da Lei Estadual 20.946\/2020: \u201ca observ\u00e2ncia da simetria entre o sistema de prote\u00e7\u00e3o social dos militares do Estado de Goi\u00e1s e o das For\u00e7as Armadas\u201d.<\/p>\n\n\n\n<p>O item II est\u00e1 correto. O item reproduz apenas a literalidade do inciso II do art. 3\u00ba da Lei Estadual 20.946\/2020: \u201ca contributividade obrigat\u00f3ria e solid\u00e1ria entre os militares ativos, inativos e pensionistas\u201d.<\/p>\n\n\n\n<p>O item III est\u00e1 correto. Assim como no item anterior, a banca se ateve \u00e0 literalidade de um dispositivo legal, que, neste caso, \u00e9 o inciso III do art. 3\u00ba da Lei Estadual 20.946\/2020: \u201ca promo\u00e7\u00e3o da sustentabilidade do Sistema de Prote\u00e7\u00e3o Social dos Militares do Estado de Goi\u00e1s \u2013 SPSM\/GO\u201d.<\/p>\n\n\n\n<p>O item IV est\u00e1 incorreto. Na verdade, a legisla\u00e7\u00e3o preconiza expressamente uma paridade remunerat\u00f3ria entre os militares ativos, inativos e pensionistas como forma de reajustamento dos benef\u00edcios, ou seja, n\u00e3o se trata de uma mera paridade nominal (mas, sim, de uma paridade real). Isso pode ser visto no inciso V do art. 3\u00ba da Lei Estadual 20.946\/2020: \u201ca paridade remunerat\u00f3ria entre os militares ativos, inativos e pensionistas como forma de reajustamento dos benef\u00edcios\u201d.<\/p>\n\n\n\n<p class=\"has-text-align-center has-very-light-gray-to-cyan-bluish-gray-gradient-background has-background\"><strong>Saiba mais: <a href=\"https:\/\/cj.estrategia.com\/portal\/concurso-pge-go-procurador\/\">Concurso PGE GO<\/a><\/strong><\/p>\n\n\n\n<h2 class=\"wp-block-heading has-text-align-center\" id=\"cursos\"><span id=\"quer-saber-tudo-sobre-concursos-previstosconfira-nossos-artigos\">Quer saber tudo sobre concursos previstos?<br><strong>Confira nossos artigos!<\/strong><\/span><\/h2>\n\n\n\n<ul class=\"wp-block-list\">\n<li><a href=\"https:\/\/cj.estrategia.com\/portal\/concursos-abertos-carreiras-juridicas\/\" target=\"_blank\" ><\/a><a href=\"https:\/\/cj.estrategia.com\/portal\/concursos-abertos-carreiras-juridicas\/\" target=\"_blank\" >Concursos jur\u00eddicos abertos<\/a><\/li>\n\n\n\n<li><a href=\"https:\/\/cj.estrategia.com\/portal\/concursos-abertos-carreiras-juridicas\/\" target=\"_blank\" ><\/a><a href=\"https:\/\/cj.estrategia.com\/portal\/concursos-2023-carreiras-juridicas\/\" target=\"_blank\" >Concursos jur\u00eddicos 2023<\/a><\/li>\n<\/ul>\n\n\n\n<h2 class=\"wp-block-heading has-text-align-center\" id=\"cursos\"><span id=\"cursos-para-pge-go-procurador\">Cursos para PGE GO Procurador<\/span><\/h2>\n\n\n\n<div class=\"wp-block-cover\" style=\"min-height:155px;aspect-ratio:unset;\"><img decoding=\"async\" width=\"1890\" height=\"351\" class=\"wp-block-cover__image-background wp-image-8669\" alt=\"Assinaturas Jur\u00eddicas\" src=\"https:\/\/cj.estrategia.com\/portal\/wp-content\/uploads\/2022\/06\/20151253\/concurso-carreiras-juridicas-assinatura-juridica.jpg\" style=\"object-position:78% 43%\" data-object-fit=\"cover\" data-object-position=\"78% 43%\" srcset=\"https:\/\/cj.estrategia.com\/portal\/wp-content\/uploads\/2022\/06\/20151253\/concurso-carreiras-juridicas-assinatura-juridica.jpg 1890w, https:\/\/cj.estrategia.com\/portal\/wp-content\/uploads\/2022\/06\/20151253\/concurso-carreiras-juridicas-assinatura-juridica-300x56.jpg 300w, https:\/\/cj.estrategia.com\/portal\/wp-content\/uploads\/2022\/06\/20151253\/concurso-carreiras-juridicas-assinatura-juridica-1024x190.jpg 1024w, https:\/\/cj.estrategia.com\/portal\/wp-content\/uploads\/2022\/06\/20151253\/concurso-carreiras-juridicas-assinatura-juridica-768x143.jpg 768w, https:\/\/cj.estrategia.com\/portal\/wp-content\/uploads\/2022\/06\/20151253\/concurso-carreiras-juridicas-assinatura-juridica-1536x285.jpg 1536w, https:\/\/cj.estrategia.com\/portal\/wp-content\/uploads\/2022\/06\/20151253\/concurso-carreiras-juridicas-assinatura-juridica-380x71.jpg 380w, https:\/\/cj.estrategia.com\/portal\/wp-content\/uploads\/2022\/06\/20151253\/concurso-carreiras-juridicas-assinatura-juridica-800x149.jpg 800w, https:\/\/cj.estrategia.com\/portal\/wp-content\/uploads\/2022\/06\/20151253\/concurso-carreiras-juridicas-assinatura-juridica-1160x215.jpg 1160w\" sizes=\"(max-width: 1890px) 100vw, 1890px\" \/><span aria-hidden=\"true\" class=\"wp-block-cover__background has-background-dim\"><\/span><div class=\"wp-block-cover__inner-container is-layout-flow wp-block-cover-is-layout-flow\">\n<h3 id=\"faca-a-sua-assinatura\" class=\"titulo-assinatura\"><span style=\"color: #ffffff;\">Fa\u00e7a a sua assinatura!<\/span><\/h3>\n<p class=\"subtitulo-assinatura\" style=\"display:block!important; line-height: 0;\"><span style=\"color: #ffffff;\">Escolha a sua \u00e1rea.<\/span><\/p>\n<a target=\"_blank\" href=\"https:\/\/www.estrategiaconcursos.com.br\/assinaturas-ecj\/\" rel=\"noopener\"><button style=\"border-radius: 10px; text-transform: capitalize;\">Acessar<\/button><\/a>\n<\/div><\/div>\n\n\n\n\n\n<p><em>Prepare-se com o melhor material e com quem mais aprova em Concursos P\u00fablicos em todo o pa\u00eds.<\/em><\/p>\n","protected":false},"excerpt":{"rendered":"Ol\u00e1, pessoal, tudo certo?! Em 04\/08\/2024, foi aplicada a prova objetiva do concurso p\u00fablico para a Procuradoria-Geral do&hellip;\n","protected":false},"author":12,"featured_media":37826,"comment_status":"open","ping_status":"open","sticky":false,"template":"","format":"standard","meta":{"_jetpack_memberships_contains_paid_content":false,"footnotes":""},"categories":[1,24],"tags":[],"tax_estado":[39],"class_list":{"0":"post-71694","1":"post","2":"type-post","3":"status-publish","4":"format-standard","5":"has-post-thumbnail","7":"category-carreiras-juridicas","8":"category-procuradoria","9":"tax_estado-go"},"acf":[],"yoast_head":"<!-- This site is optimized with the Yoast SEO Premium plugin v27.5 (Yoast SEO v27.5) - https:\/\/yoast.com\/product\/yoast-seo-premium-wordpress\/ -->\n<title>Prova comentada Direito Previdenci\u00e1rio PGE GO<\/title>\n<meta name=\"description\" content=\"Prova comentada Direito Previdenci\u00e1rio PGE GO: confira AQUI os coment\u00e1rios dos nossos professores e tire as suas d\u00favidas!\" \/>\n<meta name=\"robots\" content=\"index, follow, max-snippet:-1, max-image-preview:large, max-video-preview:-1\" \/>\n<link rel=\"canonical\" href=\"https:\/\/cj.estrategia.com\/portal\/prova-comentada-direito-previdenciario-pge-go\/\" \/>\n<meta property=\"og:locale\" content=\"pt_BR\" \/>\n<meta property=\"og:type\" content=\"article\" \/>\n<meta property=\"og:title\" content=\"Prova comentada Direito Previdenci\u00e1rio PGE GO\" \/>\n<meta property=\"og:description\" content=\"Prova comentada Direito Previdenci\u00e1rio PGE GO: confira AQUI os coment\u00e1rios dos nossos professores e tire as suas d\u00favidas!\" \/>\n<meta property=\"og:url\" content=\"https:\/\/cj.estrategia.com\/portal\/prova-comentada-direito-previdenciario-pge-go\/\" \/>\n<meta property=\"og:site_name\" content=\"Blog - Carreiras Jur\u00eddicas - Estrat\u00e9gia\" \/>\n<meta property=\"article:publisher\" content=\"https:\/\/www.facebook.com\/estrategiacarreirajuridica\/\" \/>\n<meta property=\"article:published_time\" content=\"2024-08-05T18:54:48+00:00\" \/>\n<meta property=\"article:modified_time\" content=\"2024-08-05T18:54:51+00:00\" \/>\n<meta property=\"og:image\" content=\"https:\/\/cj.estrategia.com\/portal\/wp-content\/uploads\/2023\/06\/01151711\/PGE-GO-Procurador.jpg\" \/>\n\t<meta property=\"og:image:width\" content=\"960\" \/>\n\t<meta property=\"og:image:height\" content=\"540\" \/>\n\t<meta property=\"og:image:type\" content=\"image\/jpeg\" \/>\n<meta name=\"author\" content=\"Coordena\u00e7\u00e3o\" \/>\n<meta name=\"twitter:card\" content=\"summary_large_image\" \/>\n<meta name=\"twitter:creator\" content=\"@EstratJuridica\" \/>\n<meta name=\"twitter:site\" content=\"@EstratJuridica\" \/>\n<meta name=\"twitter:label1\" content=\"Escrito por\" \/>\n\t<meta name=\"twitter:data1\" content=\"Coordena\u00e7\u00e3o\" \/>\n\t<meta name=\"twitter:label2\" content=\"Est. tempo de leitura\" \/>\n\t<meta name=\"twitter:data2\" content=\"18 minutos\" \/>\n<script type=\"application\/ld+json\" class=\"yoast-schema-graph\">{\"@context\":\"https:\\\/\\\/schema.org\",\"@graph\":[{\"@type\":\"NewsArticle\",\"@id\":\"https:\\\/\\\/cj.estrategia.com\\\/portal\\\/prova-comentada-direito-previdenciario-pge-go\\\/#article\",\"isPartOf\":{\"@id\":\"https:\\\/\\\/cj.estrategia.com\\\/portal\\\/prova-comentada-direito-previdenciario-pge-go\\\/\"},\"author\":{\"name\":\"Coordena\u00e7\u00e3o\",\"@id\":\"https:\\\/\\\/cj.estrategia.com\\\/portal\\\/#\\\/schema\\\/person\\\/4d70317d31449932b99102916b6637f5\"},\"headline\":\"Prova comentada Direito Previdenci\u00e1rio PGE GO\",\"datePublished\":\"2024-08-05T18:54:48+00:00\",\"dateModified\":\"2024-08-05T18:54:51+00:00\",\"mainEntityOfPage\":{\"@id\":\"https:\\\/\\\/cj.estrategia.com\\\/portal\\\/prova-comentada-direito-previdenciario-pge-go\\\/\"},\"wordCount\":3265,\"commentCount\":0,\"publisher\":{\"@id\":\"https:\\\/\\\/cj.estrategia.com\\\/portal\\\/#organization\"},\"image\":{\"@id\":\"https:\\\/\\\/cj.estrategia.com\\\/portal\\\/prova-comentada-direito-previdenciario-pge-go\\\/#primaryimage\"},\"thumbnailUrl\":\"https:\\\/\\\/cj.estrategia.com\\\/portal\\\/wp-content\\\/uploads\\\/2023\\\/06\\\/01151711\\\/PGE-GO-Procurador.jpg\",\"articleSection\":[\"Carreiras Jur\u00eddicas\",\"Procuradoria\"],\"inLanguage\":\"pt-BR\",\"potentialAction\":[{\"@type\":\"CommentAction\",\"name\":\"Comment\",\"target\":[\"https:\\\/\\\/cj.estrategia.com\\\/portal\\\/prova-comentada-direito-previdenciario-pge-go\\\/#respond\"]}]},{\"@type\":\"WebPage\",\"@id\":\"https:\\\/\\\/cj.estrategia.com\\\/portal\\\/prova-comentada-direito-previdenciario-pge-go\\\/\",\"url\":\"https:\\\/\\\/cj.estrategia.com\\\/portal\\\/prova-comentada-direito-previdenciario-pge-go\\\/\",\"name\":\"Prova comentada Direito Previdenci\u00e1rio PGE GO\",\"isPartOf\":{\"@id\":\"https:\\\/\\\/cj.estrategia.com\\\/portal\\\/#website\"},\"primaryImageOfPage\":{\"@id\":\"https:\\\/\\\/cj.estrategia.com\\\/portal\\\/prova-comentada-direito-previdenciario-pge-go\\\/#primaryimage\"},\"image\":{\"@id\":\"https:\\\/\\\/cj.estrategia.com\\\/portal\\\/prova-comentada-direito-previdenciario-pge-go\\\/#primaryimage\"},\"thumbnailUrl\":\"https:\\\/\\\/cj.estrategia.com\\\/portal\\\/wp-content\\\/uploads\\\/2023\\\/06\\\/01151711\\\/PGE-GO-Procurador.jpg\",\"datePublished\":\"2024-08-05T18:54:48+00:00\",\"dateModified\":\"2024-08-05T18:54:51+00:00\",\"description\":\"Prova comentada Direito Previdenci\u00e1rio PGE GO: confira AQUI os coment\u00e1rios dos nossos professores e tire as suas d\u00favidas!\",\"breadcrumb\":{\"@id\":\"https:\\\/\\\/cj.estrategia.com\\\/portal\\\/prova-comentada-direito-previdenciario-pge-go\\\/#breadcrumb\"},\"inLanguage\":\"pt-BR\",\"potentialAction\":[{\"@type\":\"ReadAction\",\"target\":[\"https:\\\/\\\/cj.estrategia.com\\\/portal\\\/prova-comentada-direito-previdenciario-pge-go\\\/\"]}]},{\"@type\":\"ImageObject\",\"inLanguage\":\"pt-BR\",\"@id\":\"https:\\\/\\\/cj.estrategia.com\\\/portal\\\/prova-comentada-direito-previdenciario-pge-go\\\/#primaryimage\",\"url\":\"https:\\\/\\\/cj.estrategia.com\\\/portal\\\/wp-content\\\/uploads\\\/2023\\\/06\\\/01151711\\\/PGE-GO-Procurador.jpg\",\"contentUrl\":\"https:\\\/\\\/cj.estrategia.com\\\/portal\\\/wp-content\\\/uploads\\\/2023\\\/06\\\/01151711\\\/PGE-GO-Procurador.jpg\",\"width\":960,\"height\":540},{\"@type\":\"BreadcrumbList\",\"@id\":\"https:\\\/\\\/cj.estrategia.com\\\/portal\\\/prova-comentada-direito-previdenciario-pge-go\\\/#breadcrumb\",\"itemListElement\":[{\"@type\":\"ListItem\",\"position\":1,\"name\":\"In\u00edcio\",\"item\":\"https:\\\/\\\/cj.estrategia.com\\\/portal\\\/\"},{\"@type\":\"ListItem\",\"position\":2,\"name\":\"Prova comentada Direito Previdenci\u00e1rio PGE GO\"}]},{\"@type\":\"WebSite\",\"@id\":\"https:\\\/\\\/cj.estrategia.com\\\/portal\\\/#website\",\"url\":\"https:\\\/\\\/cj.estrategia.com\\\/portal\\\/\",\"name\":\"Blog - Carreiras Jur\u00eddicas - Estrat\u00e9gia\",\"description\":\"\",\"publisher\":{\"@id\":\"https:\\\/\\\/cj.estrategia.com\\\/portal\\\/#organization\"},\"potentialAction\":[{\"@type\":\"SearchAction\",\"target\":{\"@type\":\"EntryPoint\",\"urlTemplate\":\"https:\\\/\\\/cj.estrategia.com\\\/portal\\\/?s={search_term_string}\"},\"query-input\":{\"@type\":\"PropertyValueSpecification\",\"valueRequired\":true,\"valueName\":\"search_term_string\"}}],\"inLanguage\":\"pt-BR\"},{\"@type\":\"Organization\",\"@id\":\"https:\\\/\\\/cj.estrategia.com\\\/portal\\\/#organization\",\"name\":\"Estrat\u00e9gia - Carreiras Jur\u00eddicas\",\"url\":\"https:\\\/\\\/cj.estrategia.com\\\/portal\\\/\",\"logo\":{\"@type\":\"ImageObject\",\"inLanguage\":\"pt-BR\",\"@id\":\"https:\\\/\\\/cj.estrategia.com\\\/portal\\\/#\\\/schema\\\/logo\\\/image\\\/\",\"url\":\"https:\\\/\\\/cj.estrategia.com\\\/portal\\\/wp-content\\\/uploads\\\/2022\\\/03\\\/11151052\\\/cj-logo.png\",\"contentUrl\":\"https:\\\/\\\/cj.estrategia.com\\\/portal\\\/wp-content\\\/uploads\\\/2022\\\/03\\\/11151052\\\/cj-logo.png\",\"width\":150,\"height\":39,\"caption\":\"Estrat\u00e9gia - Carreiras Jur\u00eddicas\"},\"image\":{\"@id\":\"https:\\\/\\\/cj.estrategia.com\\\/portal\\\/#\\\/schema\\\/logo\\\/image\\\/\"},\"sameAs\":[\"https:\\\/\\\/www.facebook.com\\\/estrategiacarreirajuridica\\\/\",\"https:\\\/\\\/x.com\\\/EstratJuridica\",\"https:\\\/\\\/www.instagram.com\\\/estrategiacarreirajuridica\\\/\",\"https:\\\/\\\/www.youtube.com\\\/channel\\\/UClbMGuYbj2Mh1m3w144ETWQ\"]},{\"@type\":\"Person\",\"@id\":\"https:\\\/\\\/cj.estrategia.com\\\/portal\\\/#\\\/schema\\\/person\\\/4d70317d31449932b99102916b6637f5\",\"name\":\"Coordena\u00e7\u00e3o\",\"image\":{\"@type\":\"ImageObject\",\"inLanguage\":\"pt-BR\",\"@id\":\"https:\\\/\\\/cj.estrategia.com\\\/portal\\\/wp-content\\\/uploads\\\/2022\\\/05\\\/12164923\\\/estrategia-carreira-juridica-coordenacao-96x96.png\",\"url\":\"https:\\\/\\\/cj.estrategia.com\\\/portal\\\/wp-content\\\/uploads\\\/2022\\\/05\\\/12164923\\\/estrategia-carreira-juridica-coordenacao-96x96.png\",\"contentUrl\":\"https:\\\/\\\/cj.estrategia.com\\\/portal\\\/wp-content\\\/uploads\\\/2022\\\/05\\\/12164923\\\/estrategia-carreira-juridica-coordenacao-96x96.png\",\"caption\":\"Coordena\u00e7\u00e3o\"},\"url\":\"https:\\\/\\\/cj.estrategia.com\\\/portal\\\/author\\\/coordenacao\\\/\"}]}<\/script>\n<!-- \/ Yoast SEO Premium plugin. -->","yoast_head_json":{"title":"Prova comentada Direito Previdenci\u00e1rio PGE GO","description":"Prova comentada Direito Previdenci\u00e1rio PGE GO: confira AQUI os coment\u00e1rios dos nossos professores e tire as suas d\u00favidas!","robots":{"index":"index","follow":"follow","max-snippet":"max-snippet:-1","max-image-preview":"max-image-preview:large","max-video-preview":"max-video-preview:-1"},"canonical":"https:\/\/cj.estrategia.com\/portal\/prova-comentada-direito-previdenciario-pge-go\/","og_locale":"pt_BR","og_type":"article","og_title":"Prova comentada Direito Previdenci\u00e1rio PGE GO","og_description":"Prova comentada Direito Previdenci\u00e1rio PGE GO: confira AQUI os coment\u00e1rios dos nossos professores e tire as suas d\u00favidas!","og_url":"https:\/\/cj.estrategia.com\/portal\/prova-comentada-direito-previdenciario-pge-go\/","og_site_name":"Blog - Carreiras Jur\u00eddicas - Estrat\u00e9gia","article_publisher":"https:\/\/www.facebook.com\/estrategiacarreirajuridica\/","article_published_time":"2024-08-05T18:54:48+00:00","article_modified_time":"2024-08-05T18:54:51+00:00","og_image":[{"width":960,"height":540,"url":"https:\/\/cj.estrategia.com\/portal\/wp-content\/uploads\/2023\/06\/01151711\/PGE-GO-Procurador.jpg","type":"image\/jpeg"}],"author":"Coordena\u00e7\u00e3o","twitter_card":"summary_large_image","twitter_creator":"@EstratJuridica","twitter_site":"@EstratJuridica","twitter_misc":{"Escrito por":"Coordena\u00e7\u00e3o","Est. tempo de leitura":"18 minutos"},"schema":{"@context":"https:\/\/schema.org","@graph":[{"@type":"NewsArticle","@id":"https:\/\/cj.estrategia.com\/portal\/prova-comentada-direito-previdenciario-pge-go\/#article","isPartOf":{"@id":"https:\/\/cj.estrategia.com\/portal\/prova-comentada-direito-previdenciario-pge-go\/"},"author":{"name":"Coordena\u00e7\u00e3o","@id":"https:\/\/cj.estrategia.com\/portal\/#\/schema\/person\/4d70317d31449932b99102916b6637f5"},"headline":"Prova comentada Direito Previdenci\u00e1rio PGE GO","datePublished":"2024-08-05T18:54:48+00:00","dateModified":"2024-08-05T18:54:51+00:00","mainEntityOfPage":{"@id":"https:\/\/cj.estrategia.com\/portal\/prova-comentada-direito-previdenciario-pge-go\/"},"wordCount":3265,"commentCount":0,"publisher":{"@id":"https:\/\/cj.estrategia.com\/portal\/#organization"},"image":{"@id":"https:\/\/cj.estrategia.com\/portal\/prova-comentada-direito-previdenciario-pge-go\/#primaryimage"},"thumbnailUrl":"https:\/\/cj.estrategia.com\/portal\/wp-content\/uploads\/2023\/06\/01151711\/PGE-GO-Procurador.jpg","articleSection":["Carreiras Jur\u00eddicas","Procuradoria"],"inLanguage":"pt-BR","potentialAction":[{"@type":"CommentAction","name":"Comment","target":["https:\/\/cj.estrategia.com\/portal\/prova-comentada-direito-previdenciario-pge-go\/#respond"]}]},{"@type":"WebPage","@id":"https:\/\/cj.estrategia.com\/portal\/prova-comentada-direito-previdenciario-pge-go\/","url":"https:\/\/cj.estrategia.com\/portal\/prova-comentada-direito-previdenciario-pge-go\/","name":"Prova comentada Direito Previdenci\u00e1rio PGE GO","isPartOf":{"@id":"https:\/\/cj.estrategia.com\/portal\/#website"},"primaryImageOfPage":{"@id":"https:\/\/cj.estrategia.com\/portal\/prova-comentada-direito-previdenciario-pge-go\/#primaryimage"},"image":{"@id":"https:\/\/cj.estrategia.com\/portal\/prova-comentada-direito-previdenciario-pge-go\/#primaryimage"},"thumbnailUrl":"https:\/\/cj.estrategia.com\/portal\/wp-content\/uploads\/2023\/06\/01151711\/PGE-GO-Procurador.jpg","datePublished":"2024-08-05T18:54:48+00:00","dateModified":"2024-08-05T18:54:51+00:00","description":"Prova comentada Direito Previdenci\u00e1rio PGE GO: confira AQUI os coment\u00e1rios dos nossos professores e tire as suas d\u00favidas!","breadcrumb":{"@id":"https:\/\/cj.estrategia.com\/portal\/prova-comentada-direito-previdenciario-pge-go\/#breadcrumb"},"inLanguage":"pt-BR","potentialAction":[{"@type":"ReadAction","target":["https:\/\/cj.estrategia.com\/portal\/prova-comentada-direito-previdenciario-pge-go\/"]}]},{"@type":"ImageObject","inLanguage":"pt-BR","@id":"https:\/\/cj.estrategia.com\/portal\/prova-comentada-direito-previdenciario-pge-go\/#primaryimage","url":"https:\/\/cj.estrategia.com\/portal\/wp-content\/uploads\/2023\/06\/01151711\/PGE-GO-Procurador.jpg","contentUrl":"https:\/\/cj.estrategia.com\/portal\/wp-content\/uploads\/2023\/06\/01151711\/PGE-GO-Procurador.jpg","width":960,"height":540},{"@type":"BreadcrumbList","@id":"https:\/\/cj.estrategia.com\/portal\/prova-comentada-direito-previdenciario-pge-go\/#breadcrumb","itemListElement":[{"@type":"ListItem","position":1,"name":"In\u00edcio","item":"https:\/\/cj.estrategia.com\/portal\/"},{"@type":"ListItem","position":2,"name":"Prova comentada Direito Previdenci\u00e1rio PGE GO"}]},{"@type":"WebSite","@id":"https:\/\/cj.estrategia.com\/portal\/#website","url":"https:\/\/cj.estrategia.com\/portal\/","name":"Blog - Carreiras Jur\u00eddicas - Estrat\u00e9gia","description":"","publisher":{"@id":"https:\/\/cj.estrategia.com\/portal\/#organization"},"potentialAction":[{"@type":"SearchAction","target":{"@type":"EntryPoint","urlTemplate":"https:\/\/cj.estrategia.com\/portal\/?s={search_term_string}"},"query-input":{"@type":"PropertyValueSpecification","valueRequired":true,"valueName":"search_term_string"}}],"inLanguage":"pt-BR"},{"@type":"Organization","@id":"https:\/\/cj.estrategia.com\/portal\/#organization","name":"Estrat\u00e9gia - Carreiras Jur\u00eddicas","url":"https:\/\/cj.estrategia.com\/portal\/","logo":{"@type":"ImageObject","inLanguage":"pt-BR","@id":"https:\/\/cj.estrategia.com\/portal\/#\/schema\/logo\/image\/","url":"https:\/\/cj.estrategia.com\/portal\/wp-content\/uploads\/2022\/03\/11151052\/cj-logo.png","contentUrl":"https:\/\/cj.estrategia.com\/portal\/wp-content\/uploads\/2022\/03\/11151052\/cj-logo.png","width":150,"height":39,"caption":"Estrat\u00e9gia - Carreiras Jur\u00eddicas"},"image":{"@id":"https:\/\/cj.estrategia.com\/portal\/#\/schema\/logo\/image\/"},"sameAs":["https:\/\/www.facebook.com\/estrategiacarreirajuridica\/","https:\/\/x.com\/EstratJuridica","https:\/\/www.instagram.com\/estrategiacarreirajuridica\/","https:\/\/www.youtube.com\/channel\/UClbMGuYbj2Mh1m3w144ETWQ"]},{"@type":"Person","@id":"https:\/\/cj.estrategia.com\/portal\/#\/schema\/person\/4d70317d31449932b99102916b6637f5","name":"Coordena\u00e7\u00e3o","image":{"@type":"ImageObject","inLanguage":"pt-BR","@id":"https:\/\/cj.estrategia.com\/portal\/wp-content\/uploads\/2022\/05\/12164923\/estrategia-carreira-juridica-coordenacao-96x96.png","url":"https:\/\/cj.estrategia.com\/portal\/wp-content\/uploads\/2022\/05\/12164923\/estrategia-carreira-juridica-coordenacao-96x96.png","contentUrl":"https:\/\/cj.estrategia.com\/portal\/wp-content\/uploads\/2022\/05\/12164923\/estrategia-carreira-juridica-coordenacao-96x96.png","caption":"Coordena\u00e7\u00e3o"},"url":"https:\/\/cj.estrategia.com\/portal\/author\/coordenacao\/"}]}},"jetpack_featured_media_url":"https:\/\/cj.estrategia.com\/portal\/wp-content\/uploads\/2023\/06\/01151711\/PGE-GO-Procurador.jpg","jetpack_sharing_enabled":true,"_links":{"self":[{"href":"https:\/\/cj.estrategia.com\/portal\/wp-json\/wp\/v2\/posts\/71694","targetHints":{"allow":["GET"]}}],"collection":[{"href":"https:\/\/cj.estrategia.com\/portal\/wp-json\/wp\/v2\/posts"}],"about":[{"href":"https:\/\/cj.estrategia.com\/portal\/wp-json\/wp\/v2\/types\/post"}],"author":[{"embeddable":true,"href":"https:\/\/cj.estrategia.com\/portal\/wp-json\/wp\/v2\/users\/12"}],"replies":[{"embeddable":true,"href":"https:\/\/cj.estrategia.com\/portal\/wp-json\/wp\/v2\/comments?post=71694"}],"version-history":[{"count":0,"href":"https:\/\/cj.estrategia.com\/portal\/wp-json\/wp\/v2\/posts\/71694\/revisions"}],"wp:featuredmedia":[{"embeddable":true,"href":"https:\/\/cj.estrategia.com\/portal\/wp-json\/wp\/v2\/media\/37826"}],"wp:attachment":[{"href":"https:\/\/cj.estrategia.com\/portal\/wp-json\/wp\/v2\/media?parent=71694"}],"wp:term":[{"taxonomy":"category","embeddable":true,"href":"https:\/\/cj.estrategia.com\/portal\/wp-json\/wp\/v2\/categories?post=71694"},{"taxonomy":"post_tag","embeddable":true,"href":"https:\/\/cj.estrategia.com\/portal\/wp-json\/wp\/v2\/tags?post=71694"},{"taxonomy":"tax_estado","embeddable":true,"href":"https:\/\/cj.estrategia.com\/portal\/wp-json\/wp\/v2\/tax_estado?post=71694"}],"curies":[{"name":"wp","href":"https:\/\/api.w.org\/{rel}","templated":true}]}}