{"id":71352,"date":"2024-08-02T19:11:57","date_gmt":"2024-08-02T22:11:57","guid":{"rendered":"https:\/\/cj.estrategia.com\/portal\/?p=71352"},"modified":"2024-08-08T16:02:38","modified_gmt":"2024-08-08T19:02:38","slug":"advogado-palhaco-juri-anulado-analise","status":"publish","type":"post","link":"https:\/\/cj.estrategia.com\/portal\/advogado-palhaco-juri-anulado-analise\/","title":{"rendered":"An\u00e1lise jur\u00eddica &#8211; Sess\u00e3o de j\u00fari em que promotor chamou advogado de &#8220;palha\u00e7o&#8221; \u00e9 anulada"},"content":{"rendered":"\n<h2 class=\"wp-block-heading\" id=\"h-introducao\"><span id=\"introducao\">Introdu\u00e7\u00e3o<\/span><\/h2>\n\n\n\n<p>No dia 31 de julho de 2024, a 1\u00aa C\u00e2mara Criminal do Tribunal de Justi\u00e7a do Paran\u00e1 (TJPR) <strong><mark style=\"background-color:rgba(0, 0, 0, 0)\" class=\"has-inline-color has-vivid-cyan-blue-color\">anulou <\/mark><\/strong>uma sess\u00e3o de julgamento do Tribunal do J\u00fari, na qual o promotor de Justi\u00e7a chamou o advogado do r\u00e9u de \u201c<strong><mark style=\"background-color:rgba(0, 0, 0, 0)\" class=\"has-inline-color has-vivid-cyan-blue-color\">palha\u00e7o<\/mark><\/strong>\u201d reiteradas vezes.<\/p>\n\n\n\n<p>A decis\u00e3o <strong>un\u00e2nime <\/strong>teve como relator o desembargador Gamaliel Seme Scaff, que destacou a necessidade de manter a <strong><mark style=\"background-color:rgba(0, 0, 0, 0)\" class=\"has-inline-color has-vivid-cyan-blue-color\">seriedade e a urbanidade<\/mark><\/strong> no Tribunal do J\u00fari para garantir a <strong><mark style=\"background-color:rgba(0, 0, 0, 0)\" class=\"has-inline-color has-vivid-cyan-blue-color\">imparcialidade <\/mark><\/strong>do julgamento.<\/p>\n\n\n\n<h2 class=\"wp-block-heading\" id=\"h-contexto-do-caso\"><span id=\"contexto-do-caso\">Contexto do caso<\/span><\/h2>\n\n\n\n<p>O caso envolvia a r\u00e9 D\u00e9bora Norcia, condenada por homic\u00eddio qualificado com pena de 16 anos e 7 meses de reclus\u00e3o.<\/p>\n\n\n\n<p>O crime ocorreu em 21 de agosto de 2016, quando D\u00e9bora matou Daniel Jos\u00e9 Arcanjo com um tiro enquanto ele dormia, motivada pelo recebimento de um benef\u00edcio de previd\u00eancia privada.<\/p>\n\n\n\n<p>Insatisfeita com a condena\u00e7\u00e3o, a defesa de D\u00e9bora apelou, alegando v\u00e1rias nulidades na sess\u00e3o de julgamento, incluindo a quebra de decoro pelo promotor de Justi\u00e7a\u200b\u200b.<\/p>\n\n\n\n<h3 class=\"wp-block-heading\" id=\"h-decisao-da-1\u00aa-camara-criminal-do-tjpr\"><span id=\"decisao-da-1a-camara-criminal-do-tjpr\">Decis\u00e3o da 1\u00aa C\u00e2mara Criminal do TJPR<\/span><\/h3>\n\n\n\n<div class=\"wp-block-media-text has-media-on-the-right is-stacked-on-mobile\"><div class=\"wp-block-media-text__content\">\n<p>A 1\u00aa C\u00e2mara Criminal do TJPR, ao julgar o recurso, enfatizou que o Tribunal do J\u00fari deve ser um ambiente de <strong><mark style=\"background-color:rgba(0, 0, 0, 0)\" class=\"has-inline-color has-vivid-cyan-blue-color\">respeito e seriedade<\/mark><\/strong>.<\/p>\n<\/div><figure class=\"wp-block-media-text__media\"><img decoding=\"async\" width=\"1024\" height=\"720\" src=\"https:\/\/cj.estrategia.com\/portal\/wp-content\/uploads\/2023\/02\/01171613\/malhete-de-juiz-do-tribunal-de-justica-de-goias-1024x720.jpg\" alt=\"Advogado\" class=\"wp-image-28644 size-full\" srcset=\"https:\/\/cj.estrategia.com\/portal\/wp-content\/uploads\/2023\/02\/01171613\/malhete-de-juiz-do-tribunal-de-justica-de-goias-1024x720.jpg 1024w, https:\/\/cj.estrategia.com\/portal\/wp-content\/uploads\/2023\/02\/01171613\/malhete-de-juiz-do-tribunal-de-justica-de-goias-300x211.jpg 300w, https:\/\/cj.estrategia.com\/portal\/wp-content\/uploads\/2023\/02\/01171613\/malhete-de-juiz-do-tribunal-de-justica-de-goias-768x540.jpg 768w, https:\/\/cj.estrategia.com\/portal\/wp-content\/uploads\/2023\/02\/01171613\/malhete-de-juiz-do-tribunal-de-justica-de-goias-200x140.jpg 200w, https:\/\/cj.estrategia.com\/portal\/wp-content\/uploads\/2023\/02\/01171613\/malhete-de-juiz-do-tribunal-de-justica-de-goias-380x267.jpg 380w, https:\/\/cj.estrategia.com\/portal\/wp-content\/uploads\/2023\/02\/01171613\/malhete-de-juiz-do-tribunal-de-justica-de-goias-800x563.jpg 800w, https:\/\/cj.estrategia.com\/portal\/wp-content\/uploads\/2023\/02\/01171613\/malhete-de-juiz-do-tribunal-de-justica-de-goias-1160x816.jpg 1160w, https:\/\/cj.estrategia.com\/portal\/wp-content\/uploads\/2023\/02\/01171613\/malhete-de-juiz-do-tribunal-de-justica-de-goias-150x105.jpg 150w, https:\/\/cj.estrategia.com\/portal\/wp-content\/uploads\/2023\/02\/01171613\/malhete-de-juiz-do-tribunal-de-justica-de-goias.jpg 1274w\" sizes=\"(max-width: 1024px) 100vw, 1024px\" \/><\/figure><\/div>\n\n\n\n<p>Segundo o relator, desembargador Gamaliel Seme Scaff, <strong><mark style=\"background-color:rgba(0, 0, 0, 0)\" class=\"has-inline-color has-vivid-cyan-blue-color\">a atua\u00e7\u00e3o teatral no j\u00fari \u00e9 aceit\u00e1vel at\u00e9 certo ponto<\/mark><\/strong>, mas <strong>n\u00e3o pode descambar para ofensas pessoais<\/strong>, que podem influenciar negativamente o Conselho de Senten\u00e7a e prejudicar a defesa (advogados) do r\u00e9u.<\/p>\n\n\n\n<h3 class=\"wp-block-heading\" id=\"h-fundamentacao-juridica\"><span id=\"fundamentacao-juridica\">Fundamenta\u00e7\u00e3o Jur\u00eddica<\/span><\/h3>\n\n\n\n<p>Fundamentou-se a decis\u00e3o em diversos dispositivos legais e princ\u00edpios constitucionais que asseguram a urbanidade e o devido processo legal:<\/p>\n\n\n\n<ol class=\"wp-block-list\">\n<li><strong>Princ\u00edpio da Plenitude de Defesa<\/strong>:\n<ul class=\"wp-block-list\">\n<li><strong>Art. 5\u00ba, XXXVIII, \u2018a\u2019 da Constitui\u00e7\u00e3o Federal<\/strong>: \u201c\u00e9 reconhecida a institui\u00e7\u00e3o do j\u00fari, com a organiza\u00e7\u00e3o que lhe der a lei, assegurados: a plenitude de defesa\u201d.<\/li>\n\n\n\n<li>A <strong><mark style=\"background-color:rgba(0, 0, 0, 0)\" class=\"has-inline-color has-vivid-cyan-blue-color\">plenitude de defesa<\/mark><\/strong> garante ao r\u00e9u n\u00e3o apenas o direito de ser defendido, mas de ter uma defesa respeitada e <strong>sem ser desqualificada por ofensas pessoais<\/strong>.<\/li>\n<\/ul>\n<\/li>\n\n\n\n<li><strong>Princ\u00edpio do Devido Processo Legal<\/strong>:\n<ul class=\"wp-block-list\">\n<li><strong>Art. 5\u00ba, LIV da Constitui\u00e7\u00e3o Federal<\/strong>: \u201cningu\u00e9m ser\u00e1 privado da liberdade ou de seus bens sem o devido processo legal\u201d.<\/li>\n\n\n\n<li>O devido processo legal implica que todas as partes envolvidas no julgamento sejam tratadas com <strong><mark style=\"background-color:rgba(0, 0, 0, 0)\" class=\"has-inline-color has-vivid-cyan-blue-color\">respeito e dignidade<\/mark><\/strong>, sem que ocorram abusos ou ofensas que possam prejudicar a defesa.<\/li>\n<\/ul>\n<\/li>\n\n\n\n<li><strong>Princ\u00edpio da Ampla Defesa e Contradit\u00f3rio<\/strong>:\n<ul class=\"wp-block-list\">\n<li><strong>Art. 5\u00ba, LV da Constitui\u00e7\u00e3o Federal<\/strong>: \u201caos litigantes, em processo judicial ou administrativo, e aos acusados em geral s\u00e3o assegurados o contradit\u00f3rio e ampla defesa, com os meios e recursos a ela inerentes\u201d.<\/li>\n\n\n\n<li>A ampla defesa abrange n\u00e3o s\u00f3 a possibilidade de apresentar argumentos e provas, mas tamb\u00e9m a garantia de que se fa\u00e7a a defesa de forma respeitosa e <strong><mark style=\"background-color:rgba(0, 0, 0, 0)\" class=\"has-inline-color has-vivid-cyan-blue-color\">sem interfer\u00eancias indevidas<\/mark><\/strong>.<\/li>\n<\/ul>\n<\/li>\n\n\n\n<li><strong>Respeito \u00e0 Dignidade da Pessoa Humana<\/strong>:\n<ul class=\"wp-block-list\">\n<li><strong>Art. 1\u00ba, III da Constitui\u00e7\u00e3o Federal<\/strong>: \u201cA Rep\u00fablica Federativa do Brasil tem como fundamentos: [\u2026] III \u2013 a dignidade da pessoa humana\u201d.<\/li>\n\n\n\n<li>Deve-se observar a <strong><mark style=\"background-color:rgba(0, 0, 0, 0)\" class=\"has-inline-color has-vivid-cyan-blue-color\">dignidade da pessoa humana<\/mark><\/strong> em todas as etapas do processo, incluindo o respeito aos advogados que atuam na defesa dos r\u00e9us.<\/li>\n<\/ul>\n<\/li>\n\n\n\n<li><strong>Lei Org\u00e2nica Nacional do Minist\u00e9rio P\u00fablico (Lei n\u00ba 8.625\/1993)<\/strong>:\n<ul class=\"wp-block-list\">\n<li><strong>Art. 42, XI<\/strong>: \u201cassegura ao membro do Minist\u00e9rio P\u00fablico assento ao lado direito da autoridade judicial\u201d.<\/li>\n\n\n\n<li>Embora garanta prerrogativas ao Minist\u00e9rio P\u00fablico, essa lei n\u00e3o autoriza comportamentos desrespeitosos que comprometam a <strong><mark style=\"background-color:rgba(0, 0, 0, 0)\" class=\"has-inline-color has-vivid-cyan-blue-color\">dignidade do processo<\/mark><\/strong>.<\/li>\n<\/ul>\n<\/li>\n<\/ol>\n\n\n\n<h3 class=\"wp-block-heading\" id=\"h-citacoes-dos-desembargadores\"><span id=\"citacoes-dos-desembargadores\">Cita\u00e7\u00f5es dos Desembargadores<\/span><\/h3>\n\n\n\n<blockquote class=\"wp-block-quote is-layout-flow wp-block-quote-is-layout-flow\">\n<p><strong>Desembargador <strong>Gamaliel Seme Scaff<\/strong>:<\/strong><\/p>\n<cite>\u201cQuando essa atua\u00e7\u00e3o descamba para ofensas de car\u00e1ter personal\u00edssimo \u00e0 pessoa do defensor do acusado ou acusada, encerra-se nessa pr\u00e1tica um efeito delet\u00e9rio e subliminar terr\u00edvel, a saber, o da contamina\u00e7\u00e3o \u00e0 pessoa que est\u00e1 sendo submetida a julgamento.\u201d<\/cite><\/blockquote>\n\n\n\n<blockquote class=\"wp-block-quote is-layout-flow wp-block-quote-is-layout-flow\">\n<p><strong>Desembargador Xisto Pereira:<\/strong><\/p>\n<cite>\u201c\u00c9 preciso que se respeite isso. Porque n\u00f3s n\u00e3o sabemos o dia de amanh\u00e3. Hoje estamos aqui julgando, mas pode ocorrer que precisemos de um advogado no futuro. E se isso acontecer, queremos que nosso advogado seja respeitado.\u201d<\/cite><\/blockquote>\n\n\n\n<ul class=\"wp-block-list\">\n<li><\/li>\n<\/ul>\n\n\n\n<h2 class=\"wp-block-heading\" id=\"h-casos-relacionados-de-excesso-de-linguagem-e-nulidade-no-juri\"><span id=\"casos-relacionados-de-excesso-de-linguagem-e-nulidade-no-juri\">Casos relacionados de excesso de linguagem e nulidade no J\u00fari<\/span><\/h2>\n\n\n\n<p><strong>1. Excesso de linguagem em senten\u00e7a de pron\u00fancia<\/strong><\/p>\n\n\n\n<ol class=\"wp-block-list\">\n<li><\/li>\n<\/ol>\n\n\n\n<ol class=\"wp-block-list\">\n<li><\/li>\n<\/ol>\n\n\n\n<ul class=\"wp-block-list\">\n<li><strong>Caso adaptado:<\/strong>\n<ul class=\"wp-block-list\">\n<li>O juiz, na senten\u00e7a de pron\u00fancia, afirmou que \u201cpela din\u00e2mica dos fatos, conforme relatado pelas testemunhas, demonstrou-se que o r\u00e9u, agindo com \u00e2nimo homicida, por motivo f\u00fatil e empregando recurso que dificultou a defesa da v\u00edtima, matou Pedro da Silva. N\u00e3o h\u00e1 que se falar em desclassifica\u00e7\u00e3o j\u00e1 que o dolo de matar \u00e9 evidente nos autos\u201d.<\/li>\n\n\n\n<li><strong>Decis\u00e3o do STJ (AgRg no HC 673.891-SP, 2022):<\/strong>\u00a0anulou-se a senten\u00e7a de pron\u00fancia por <strong><mark style=\"background-color:rgba(0, 0, 0, 0)\" class=\"has-inline-color has-vivid-cyan-blue-color\">excesso de linguagem<\/mark><\/strong>, pois o magistrado n\u00e3o deve fazer ju\u00edzo de certeza acerca da culpabilidade do r\u00e9u na fase de pron\u00fancia, apenas ju\u00edzo de admissibilidade.<\/li>\n<\/ul>\n<\/li>\n<\/ul>\n\n\n\n<p><strong>2. Indeferimento de pedido de uso de roupas civis pelo r\u00e9u<\/strong><\/p>\n\n\n\n<ul class=\"wp-block-list\">\n<li><strong>Caso concreto:<\/strong>\n<ul class=\"wp-block-list\">\n<li>O r\u00e9u pediu para se apresentar no julgamento do j\u00fari com roupas civis. Por\u00e9m, o juiz indeferiu sem fundamenta\u00e7\u00e3o adequada, e o r\u00e9u foi julgado com <strong>uniforme prisional<\/strong>.<\/li>\n\n\n\n<li><strong>Decis\u00e3o do STJ (HC 778.503-MG, 2024):<\/strong>\u00a0anula\u00e7\u00e3o de condena\u00e7\u00e3o, pois o uso de uniforme prisional poderia influenciar negativamente os jurados, <strong><mark style=\"background-color:rgba(0, 0, 0, 0)\" class=\"has-inline-color has-vivid-cyan-blue-color\">violando o princ\u00edpio da ampla defesa<\/mark><\/strong>.<\/li>\n<\/ul>\n<\/li>\n<\/ul>\n\n\n\n<p><strong>3. Falta de intima\u00e7\u00e3o de testemunha imprescind\u00edvel<\/strong><\/p>\n\n\n\n<ul class=\"wp-block-list\">\n<li><strong>Caso concreto:<\/strong>\n<ul class=\"wp-block-list\">\n<li>O Minist\u00e9rio P\u00fablico n\u00e3o conseguiu intimar uma testemunha <strong>imprescind\u00edvel <\/strong>para o julgamento, e o juiz n\u00e3o adiou a sess\u00e3o do j\u00fari.<\/li>\n\n\n\n<li><strong>Decis\u00e3o do STJ (AgRg no REsp 1.989.459-MG, 2023):<\/strong>\u00a0anula\u00e7\u00e3o de sess\u00e3o por <strong><mark style=\"background-color:rgba(0, 0, 0, 0)\" class=\"has-inline-color has-vivid-cyan-blue-color\">viola\u00e7\u00e3o ao princ\u00edpio do contradit\u00f3rio<\/mark><\/strong>, pois o MP deveria ter tido a oportunidade de localizar a testemunha.<\/li>\n<\/ul>\n<\/li>\n<\/ul>\n\n\n\n<h2 class=\"wp-block-heading\" id=\"h-impacto-da-decisao\"><span id=\"impacto-da-decisao\">Impacto da Decis\u00e3o<\/span><\/h2>\n\n\n\n<p>A anula\u00e7\u00e3o da sess\u00e3o do Tribunal do J\u00fari e a determina\u00e7\u00e3o de um novo julgamento com observ\u00e2ncia das normas de respeito e <strong>urbanidade <\/strong>s\u00e3o formas de buscar restaurar a <strong><mark style=\"background-color:rgba(0, 0, 0, 0)\" class=\"has-inline-color has-vivid-cyan-blue-color\">integridade do processo judicial<\/mark><\/strong>.<\/p>\n\n\n\n<p>Essa decis\u00e3o serve como um alerta para que os atores do processo, incluindo promotores de Justi\u00e7a e advogados, mantenham a <strong><mark style=\"background-color:rgba(0, 0, 0, 0)\" class=\"has-inline-color has-vivid-cyan-blue-color\">devida conduta<\/mark><\/strong>. Dessa forma, garante-se que o <strong>julgamento se concentre nos fatos e nas teses jur\u00eddicas<\/strong>, e <strong>n\u00e3o em disputas pessoais<\/strong>.<\/p>\n\n\n\n<h2 class=\"wp-block-heading\" id=\"h-como-o-tema-ja-caiu-em-concursos\"><span id=\"como-o-tema-ja-caiu-em-concursos\">Como o tema j\u00e1 caiu em concursos<\/span><\/h2>\n\n\n\n<pre class=\"wp-block-preformatted\"><strong>(MPE-SP - 2022 - MPE-SP - Promotor de Justi\u00e7a Substituto)<\/strong>\n\nConstatado o excesso de linguagem na decis\u00e3o de pron\u00fancia do magistrado, incide nulidade. (<strong>Certo<\/strong>)<\/pre>\n\n\n\n<h2 class=\"wp-block-heading\" id=\"h-conclusao\"><span id=\"conclusao\">Conclus\u00e3o<\/span><\/h2>\n\n\n\n<p>A decis\u00e3o da 1\u00aa C\u00e2mara Criminal do TJPR ao anular a sess\u00e3o do Tribunal do J\u00fari por ofensas do promotor ao advogado do r\u00e9u sublinha a import\u00e2ncia de manter a seriedade e o respeito nas sess\u00f5es de julgamento.<\/p>\n\n\n\n<p>Essa medida visa assegurar que a condu\u00e7\u00e3o dos <strong><mark style=\"background-color:rgba(0, 0, 0, 0)\" class=\"has-inline-color has-vivid-cyan-blue-color\">julgamentos ocorra de maneira justa e imparcial, protegendo os direitos do r\u00e9u e a integridade do processo judicial<\/mark><\/strong>.<\/p>\n\n\n\n<ol class=\"wp-block-list\">\n<li><\/li>\n<\/ol>\n\n\n\n<hr class=\"wp-block-separator has-alpha-channel-opacity\"\/>\n\n\n\n<h2 class=\"wp-block-heading has-text-align-center\" id=\"h-quer-saber-quais-serao-os-proximos-concursos\"><span id=\"quer-saber-quais-serao-os-proximos-concursos\">Quer saber quais ser\u00e3o os pr\u00f3ximos concursos?<\/span><\/h2>\n\n\n\n<p class=\"has-text-align-center\">Confira nossos\u00a0<a href=\"https:\/\/cj.estrategia.com\/portal\/\" target=\"_blank\" >artigos para Carreiras Jur\u00eddicas<\/a>!<\/p>\n\n\n\n<p class=\"has-text-align-center has-white-color has-pale-cyan-blue-background-color has-text-color has-background has-link-color wp-elements-f3d5123bb0c8e11604d0c8c7f1ea8be8\"><a href=\"https:\/\/www.estrategiaconcursos.com.br\/blog\/concursos-abertos\/\" target=\"_blank\" >Confira os concursos p\u00fablicos abertos<\/a><\/p>\n\n\n\n<p class=\"has-text-align-center has-white-color has-pale-cyan-blue-background-color has-text-color has-background has-link-color wp-elements-94f2aad2f2b05ea3152ac5320a17d121\"><a href=\"https:\/\/cj.estrategia.com\/portal\/web-stories\/\" target=\"_blank\" >Concursos 2024<\/a><\/p>\n","protected":false},"excerpt":{"rendered":"Introdu\u00e7\u00e3o No dia 31 de julho de 2024, a 1\u00aa C\u00e2mara Criminal do Tribunal de Justi\u00e7a do Paran\u00e1&hellip;\n","protected":false},"author":93,"featured_media":71356,"comment_status":"open","ping_status":"open","sticky":false,"template":"","format":"standard","meta":{"_jetpack_memberships_contains_paid_content":false,"footnotes":""},"categories":[1],"tags":[499,510,506,336,504,507,508,502,509,505,503,498,500,501],"tax_estado":[30,31,32,33,34,35,36,37,38,39,40,41,42,43,44,45,46,47,48,49,50,51,52,53,54,55,56,57],"class_list":{"0":"post-71352","1":"post","2":"type-post","3":"status-publish","4":"format-standard","5":"has-post-thumbnail","7":"category-carreiras-juridicas","8":"tag-advogado","9":"tag-advogado-palhaco","10":"tag-ampla-defesa-e-contraditorio","11":"tag-analise-juridica","12":"tag-devido-processo-legal","13":"tag-dignidade-da-pessoa-humana","14":"tag-excesso-de-linguagem","15":"tag-julgamento","16":"tag-nulidade-do-juri","17":"tag-plenitude-de-defesa","18":"tag-quebra-de-decoro","19":"tag-sessao-de-juri","20":"tag-tjpr","21":"tag-tribunal-do-juri","22":"tax_estado-ac","23":"tax_estado-al","24":"tax_estado-am","25":"tax_estado-ap","26":"tax_estado-ba","27":"tax_estado-ce","28":"tax_estado-concursos-federais","29":"tax_estado-df","30":"tax_estado-es","31":"tax_estado-go","32":"tax_estado-ma","33":"tax_estado-mg","34":"tax_estado-ms","35":"tax_estado-mt","36":"tax_estado-pa","37":"tax_estado-pb","38":"tax_estado-pe","39":"tax_estado-pi","40":"tax_estado-pr","41":"tax_estado-rj","42":"tax_estado-rn","43":"tax_estado-ro","44":"tax_estado-rr","45":"tax_estado-rs","46":"tax_estado-sc","47":"tax_estado-se","48":"tax_estado-sp","49":"tax_estado-to"},"acf":[],"yoast_head":"<!-- This site is optimized with the Yoast SEO Premium plugin v27.5 (Yoast SEO v27.5) - https:\/\/yoast.com\/product\/yoast-seo-premium-wordpress\/ -->\n<title>Advogado \u00e9 chamado de &quot;palha\u00e7o&quot; e sess\u00e3o do j\u00fari \u00e9 anulada<\/title>\n<meta name=\"description\" content=\"A decis\u00e3o un\u00e2nime da anula\u00e7\u00e3o destacou a necessidade de manter a seriedade e a urbanidade no Tribunal do J\u00fari para garantir a imparcialidade.\" \/>\n<meta name=\"robots\" content=\"index, follow, max-snippet:-1, max-image-preview:large, max-video-preview:-1\" \/>\n<link rel=\"canonical\" href=\"https:\/\/cj.estrategia.com\/portal\/advogado-palhaco-juri-anulado-analise\/\" \/>\n<meta property=\"og:locale\" content=\"pt_BR\" \/>\n<meta property=\"og:type\" content=\"article\" \/>\n<meta property=\"og:title\" content=\"An\u00e1lise jur\u00eddica - Sess\u00e3o de j\u00fari em que promotor chamou advogado de &quot;palha\u00e7o&quot; \u00e9 anulada\" \/>\n<meta property=\"og:description\" content=\"A decis\u00e3o un\u00e2nime da anula\u00e7\u00e3o destacou a necessidade de manter a seriedade e a urbanidade no Tribunal do J\u00fari para garantir a imparcialidade.\" \/>\n<meta property=\"og:url\" content=\"https:\/\/cj.estrategia.com\/portal\/advogado-palhaco-juri-anulado-analise\/\" \/>\n<meta property=\"og:site_name\" content=\"Blog - Carreiras Jur\u00eddicas - Estrat\u00e9gia\" \/>\n<meta property=\"article:publisher\" content=\"https:\/\/www.facebook.com\/estrategiacarreirajuridica\/\" \/>\n<meta property=\"article:published_time\" content=\"2024-08-02T22:11:57+00:00\" \/>\n<meta property=\"article:modified_time\" content=\"2024-08-08T19:02:38+00:00\" \/>\n<meta property=\"og:image\" content=\"https:\/\/cj.estrategia.com\/portal\/wp-content\/uploads\/2024\/08\/02190609\/uma-sala-de-tribunal-vazia-com-cadeiras-e-uma-mesa-de-juizes-deserta_157027-4233.jpg\" \/>\n\t<meta property=\"og:image:width\" content=\"900\" \/>\n\t<meta property=\"og:image:height\" content=\"450\" \/>\n\t<meta property=\"og:image:type\" content=\"image\/jpeg\" \/>\n<meta name=\"author\" content=\"Felipe Duque\" \/>\n<meta name=\"twitter:card\" content=\"summary_large_image\" \/>\n<meta name=\"twitter:creator\" content=\"@https:\/\/x.com\/ProfessorDuque\" \/>\n<meta name=\"twitter:site\" content=\"@EstratJuridica\" \/>\n<meta name=\"twitter:label1\" content=\"Escrito por\" \/>\n\t<meta name=\"twitter:data1\" content=\"Felipe Duque\" \/>\n\t<meta name=\"twitter:label2\" content=\"Est. tempo de leitura\" \/>\n\t<meta name=\"twitter:data2\" content=\"6 minutos\" \/>\n<script type=\"application\/ld+json\" class=\"yoast-schema-graph\">{\"@context\":\"https:\\\/\\\/schema.org\",\"@graph\":[{\"@type\":\"NewsArticle\",\"@id\":\"https:\\\/\\\/cj.estrategia.com\\\/portal\\\/advogado-palhaco-juri-anulado-analise\\\/#article\",\"isPartOf\":{\"@id\":\"https:\\\/\\\/cj.estrategia.com\\\/portal\\\/advogado-palhaco-juri-anulado-analise\\\/\"},\"author\":{\"name\":\"Felipe Duque\",\"@id\":\"https:\\\/\\\/cj.estrategia.com\\\/portal\\\/#\\\/schema\\\/person\\\/b5b0253b269d7130d1f7770b1ba29285\"},\"headline\":\"An\u00e1lise jur\u00eddica &#8211; Sess\u00e3o de j\u00fari em que promotor chamou advogado de &#8220;palha\u00e7o&#8221; \u00e9 anulada\",\"datePublished\":\"2024-08-02T22:11:57+00:00\",\"dateModified\":\"2024-08-08T19:02:38+00:00\",\"mainEntityOfPage\":{\"@id\":\"https:\\\/\\\/cj.estrategia.com\\\/portal\\\/advogado-palhaco-juri-anulado-analise\\\/\"},\"wordCount\":1156,\"commentCount\":0,\"publisher\":{\"@id\":\"https:\\\/\\\/cj.estrategia.com\\\/portal\\\/#organization\"},\"image\":{\"@id\":\"https:\\\/\\\/cj.estrategia.com\\\/portal\\\/advogado-palhaco-juri-anulado-analise\\\/#primaryimage\"},\"thumbnailUrl\":\"https:\\\/\\\/cj.estrategia.com\\\/portal\\\/wp-content\\\/uploads\\\/2024\\\/08\\\/02190609\\\/uma-sala-de-tribunal-vazia-com-cadeiras-e-uma-mesa-de-juizes-deserta_157027-4233.jpg\",\"keywords\":[\"advogado\",\"advogado \\\"palha\u00e7o\\\"\",\"ampla defesa e contradit\u00f3rio\",\"an\u00e1lise jur\u00eddica\",\"devido processo legal\",\"dignidade da pessoa humana\",\"excesso de linguagem\",\"julgamento\",\"nulidade do J\u00fari\",\"plenitude de defesa\",\"quebra de decoro\",\"sess\u00e3o de j\u00fari\",\"TJPR\",\"Tribunal do J\u00fari\"],\"articleSection\":[\"Carreiras Jur\u00eddicas\"],\"inLanguage\":\"pt-BR\",\"potentialAction\":[{\"@type\":\"CommentAction\",\"name\":\"Comment\",\"target\":[\"https:\\\/\\\/cj.estrategia.com\\\/portal\\\/advogado-palhaco-juri-anulado-analise\\\/#respond\"]}]},{\"@type\":\"WebPage\",\"@id\":\"https:\\\/\\\/cj.estrategia.com\\\/portal\\\/advogado-palhaco-juri-anulado-analise\\\/\",\"url\":\"https:\\\/\\\/cj.estrategia.com\\\/portal\\\/advogado-palhaco-juri-anulado-analise\\\/\",\"name\":\"Advogado \u00e9 chamado de \\\"palha\u00e7o\\\" e sess\u00e3o do j\u00fari \u00e9 anulada\",\"isPartOf\":{\"@id\":\"https:\\\/\\\/cj.estrategia.com\\\/portal\\\/#website\"},\"primaryImageOfPage\":{\"@id\":\"https:\\\/\\\/cj.estrategia.com\\\/portal\\\/advogado-palhaco-juri-anulado-analise\\\/#primaryimage\"},\"image\":{\"@id\":\"https:\\\/\\\/cj.estrategia.com\\\/portal\\\/advogado-palhaco-juri-anulado-analise\\\/#primaryimage\"},\"thumbnailUrl\":\"https:\\\/\\\/cj.estrategia.com\\\/portal\\\/wp-content\\\/uploads\\\/2024\\\/08\\\/02190609\\\/uma-sala-de-tribunal-vazia-com-cadeiras-e-uma-mesa-de-juizes-deserta_157027-4233.jpg\",\"datePublished\":\"2024-08-02T22:11:57+00:00\",\"dateModified\":\"2024-08-08T19:02:38+00:00\",\"description\":\"A decis\u00e3o un\u00e2nime da anula\u00e7\u00e3o destacou a necessidade de manter a seriedade e a urbanidade no Tribunal do J\u00fari para garantir a imparcialidade.\",\"breadcrumb\":{\"@id\":\"https:\\\/\\\/cj.estrategia.com\\\/portal\\\/advogado-palhaco-juri-anulado-analise\\\/#breadcrumb\"},\"inLanguage\":\"pt-BR\",\"potentialAction\":[{\"@type\":\"ReadAction\",\"target\":[\"https:\\\/\\\/cj.estrategia.com\\\/portal\\\/advogado-palhaco-juri-anulado-analise\\\/\"]}]},{\"@type\":\"ImageObject\",\"inLanguage\":\"pt-BR\",\"@id\":\"https:\\\/\\\/cj.estrategia.com\\\/portal\\\/advogado-palhaco-juri-anulado-analise\\\/#primaryimage\",\"url\":\"https:\\\/\\\/cj.estrategia.com\\\/portal\\\/wp-content\\\/uploads\\\/2024\\\/08\\\/02190609\\\/uma-sala-de-tribunal-vazia-com-cadeiras-e-uma-mesa-de-juizes-deserta_157027-4233.jpg\",\"contentUrl\":\"https:\\\/\\\/cj.estrategia.com\\\/portal\\\/wp-content\\\/uploads\\\/2024\\\/08\\\/02190609\\\/uma-sala-de-tribunal-vazia-com-cadeiras-e-uma-mesa-de-juizes-deserta_157027-4233.jpg\",\"width\":900,\"height\":450},{\"@type\":\"BreadcrumbList\",\"@id\":\"https:\\\/\\\/cj.estrategia.com\\\/portal\\\/advogado-palhaco-juri-anulado-analise\\\/#breadcrumb\",\"itemListElement\":[{\"@type\":\"ListItem\",\"position\":1,\"name\":\"In\u00edcio\",\"item\":\"https:\\\/\\\/cj.estrategia.com\\\/portal\\\/\"},{\"@type\":\"ListItem\",\"position\":2,\"name\":\"An\u00e1lise jur\u00eddica &#8211; Sess\u00e3o de j\u00fari em que promotor chamou advogado de &#8220;palha\u00e7o&#8221; \u00e9 anulada\"}]},{\"@type\":\"WebSite\",\"@id\":\"https:\\\/\\\/cj.estrategia.com\\\/portal\\\/#website\",\"url\":\"https:\\\/\\\/cj.estrategia.com\\\/portal\\\/\",\"name\":\"Blog - Carreiras Jur\u00eddicas - Estrat\u00e9gia\",\"description\":\"\",\"publisher\":{\"@id\":\"https:\\\/\\\/cj.estrategia.com\\\/portal\\\/#organization\"},\"potentialAction\":[{\"@type\":\"SearchAction\",\"target\":{\"@type\":\"EntryPoint\",\"urlTemplate\":\"https:\\\/\\\/cj.estrategia.com\\\/portal\\\/?s={search_term_string}\"},\"query-input\":{\"@type\":\"PropertyValueSpecification\",\"valueRequired\":true,\"valueName\":\"search_term_string\"}}],\"inLanguage\":\"pt-BR\"},{\"@type\":\"Organization\",\"@id\":\"https:\\\/\\\/cj.estrategia.com\\\/portal\\\/#organization\",\"name\":\"Estrat\u00e9gia - Carreiras Jur\u00eddicas\",\"url\":\"https:\\\/\\\/cj.estrategia.com\\\/portal\\\/\",\"logo\":{\"@type\":\"ImageObject\",\"inLanguage\":\"pt-BR\",\"@id\":\"https:\\\/\\\/cj.estrategia.com\\\/portal\\\/#\\\/schema\\\/logo\\\/image\\\/\",\"url\":\"https:\\\/\\\/cj.estrategia.com\\\/portal\\\/wp-content\\\/uploads\\\/2022\\\/03\\\/11151052\\\/cj-logo.png\",\"contentUrl\":\"https:\\\/\\\/cj.estrategia.com\\\/portal\\\/wp-content\\\/uploads\\\/2022\\\/03\\\/11151052\\\/cj-logo.png\",\"width\":150,\"height\":39,\"caption\":\"Estrat\u00e9gia - Carreiras Jur\u00eddicas\"},\"image\":{\"@id\":\"https:\\\/\\\/cj.estrategia.com\\\/portal\\\/#\\\/schema\\\/logo\\\/image\\\/\"},\"sameAs\":[\"https:\\\/\\\/www.facebook.com\\\/estrategiacarreirajuridica\\\/\",\"https:\\\/\\\/x.com\\\/EstratJuridica\",\"https:\\\/\\\/www.instagram.com\\\/estrategiacarreirajuridica\\\/\",\"https:\\\/\\\/www.youtube.com\\\/channel\\\/UClbMGuYbj2Mh1m3w144ETWQ\"]},{\"@type\":\"Person\",\"@id\":\"https:\\\/\\\/cj.estrategia.com\\\/portal\\\/#\\\/schema\\\/person\\\/b5b0253b269d7130d1f7770b1ba29285\",\"name\":\"Felipe Duque\",\"image\":{\"@type\":\"ImageObject\",\"inLanguage\":\"pt-BR\",\"@id\":\"https:\\\/\\\/cj.estrategia.com\\\/portal\\\/wp-content\\\/uploads\\\/2024\\\/08\\\/06162009\\\/Captura-de-Tela-2024-08-06-as-16.19.26-96x96.png\",\"url\":\"https:\\\/\\\/cj.estrategia.com\\\/portal\\\/wp-content\\\/uploads\\\/2024\\\/08\\\/06162009\\\/Captura-de-Tela-2024-08-06-as-16.19.26-96x96.png\",\"contentUrl\":\"https:\\\/\\\/cj.estrategia.com\\\/portal\\\/wp-content\\\/uploads\\\/2024\\\/08\\\/06162009\\\/Captura-de-Tela-2024-08-06-as-16.19.26-96x96.png\",\"caption\":\"Felipe Duque\"},\"description\":\"Felipe Duque - Mestre em Direito Pol\u00edtico e Econ\u00f4mico na Mackenzie-SP. Graduado em Direito pela Universidade Cat\u00f3lica de Pernambuco, com conclus\u00e3o pelo regime de Aproveitamento Extraordin\u00e1rio nos Estudos (art. 47, \u00a7 2\u00ba, da Lei n\u00ba 9.394\\\/96). Ex-Assessor de Desembargador no TJPE. Procurador da Fazenda Nacional. Integra voluntariamente a Coordena\u00e7\u00e3o de Assuntos Estrat\u00e9gicos Judiciais da PGFN. Professor do Estrat\u00e9gia Carreira Jur\u00eddica, Estrat\u00e9gia OAB e Buscador Dizer o Direito. Autor do livro \u201cReforma Tribut\u00e1ria Comentada e Esquematizada\u201d, \\\"Manual de Processo Tribut\u00e1rio: Administrativo e Judicial\\\" pela editora Juspodivm Parecerista na Revista de Estudos Jur\u00eddicos do Superior Tribunal de Justi\u00e7a (REJuriSTJ)\",\"sameAs\":[\"http:\\\/\\\/lattes.cnpq.br\\\/5755137268084324\",\"https:\\\/\\\/www.instagram.com\\\/felipe_duque\\\/\",\"https:\\\/\\\/br.linkedin.com\\\/in\\\/felipe-duque-56954638\",\"https:\\\/\\\/x.com\\\/https:\\\/\\\/x.com\\\/ProfessorDuque\",\"https:\\\/\\\/www.youtube.com\\\/@felipeduque-experienciasco5797\"],\"url\":\"https:\\\/\\\/cj.estrategia.com\\\/portal\\\/author\\\/felipe-duque\\\/\"}]}<\/script>\n<!-- \/ Yoast SEO Premium plugin. -->","yoast_head_json":{"title":"Advogado \u00e9 chamado de \"palha\u00e7o\" e sess\u00e3o do j\u00fari \u00e9 anulada","description":"A decis\u00e3o un\u00e2nime da anula\u00e7\u00e3o destacou a necessidade de manter a seriedade e a urbanidade no Tribunal do J\u00fari para garantir a imparcialidade.","robots":{"index":"index","follow":"follow","max-snippet":"max-snippet:-1","max-image-preview":"max-image-preview:large","max-video-preview":"max-video-preview:-1"},"canonical":"https:\/\/cj.estrategia.com\/portal\/advogado-palhaco-juri-anulado-analise\/","og_locale":"pt_BR","og_type":"article","og_title":"An\u00e1lise jur\u00eddica - Sess\u00e3o de j\u00fari em que promotor chamou advogado de \"palha\u00e7o\" \u00e9 anulada","og_description":"A decis\u00e3o un\u00e2nime da anula\u00e7\u00e3o destacou a necessidade de manter a seriedade e a urbanidade no Tribunal do J\u00fari para garantir a imparcialidade.","og_url":"https:\/\/cj.estrategia.com\/portal\/advogado-palhaco-juri-anulado-analise\/","og_site_name":"Blog - Carreiras Jur\u00eddicas - Estrat\u00e9gia","article_publisher":"https:\/\/www.facebook.com\/estrategiacarreirajuridica\/","article_published_time":"2024-08-02T22:11:57+00:00","article_modified_time":"2024-08-08T19:02:38+00:00","og_image":[{"width":900,"height":450,"url":"https:\/\/cj.estrategia.com\/portal\/wp-content\/uploads\/2024\/08\/02190609\/uma-sala-de-tribunal-vazia-com-cadeiras-e-uma-mesa-de-juizes-deserta_157027-4233.jpg","type":"image\/jpeg"}],"author":"Felipe Duque","twitter_card":"summary_large_image","twitter_creator":"@https:\/\/x.com\/ProfessorDuque","twitter_site":"@EstratJuridica","twitter_misc":{"Escrito por":"Felipe Duque","Est. tempo de leitura":"6 minutos"},"schema":{"@context":"https:\/\/schema.org","@graph":[{"@type":"NewsArticle","@id":"https:\/\/cj.estrategia.com\/portal\/advogado-palhaco-juri-anulado-analise\/#article","isPartOf":{"@id":"https:\/\/cj.estrategia.com\/portal\/advogado-palhaco-juri-anulado-analise\/"},"author":{"name":"Felipe Duque","@id":"https:\/\/cj.estrategia.com\/portal\/#\/schema\/person\/b5b0253b269d7130d1f7770b1ba29285"},"headline":"An\u00e1lise jur\u00eddica &#8211; Sess\u00e3o de j\u00fari em que promotor chamou advogado de &#8220;palha\u00e7o&#8221; \u00e9 anulada","datePublished":"2024-08-02T22:11:57+00:00","dateModified":"2024-08-08T19:02:38+00:00","mainEntityOfPage":{"@id":"https:\/\/cj.estrategia.com\/portal\/advogado-palhaco-juri-anulado-analise\/"},"wordCount":1156,"commentCount":0,"publisher":{"@id":"https:\/\/cj.estrategia.com\/portal\/#organization"},"image":{"@id":"https:\/\/cj.estrategia.com\/portal\/advogado-palhaco-juri-anulado-analise\/#primaryimage"},"thumbnailUrl":"https:\/\/cj.estrategia.com\/portal\/wp-content\/uploads\/2024\/08\/02190609\/uma-sala-de-tribunal-vazia-com-cadeiras-e-uma-mesa-de-juizes-deserta_157027-4233.jpg","keywords":["advogado","advogado \"palha\u00e7o\"","ampla defesa e contradit\u00f3rio","an\u00e1lise jur\u00eddica","devido processo legal","dignidade da pessoa humana","excesso de linguagem","julgamento","nulidade do J\u00fari","plenitude de defesa","quebra de decoro","sess\u00e3o de j\u00fari","TJPR","Tribunal do J\u00fari"],"articleSection":["Carreiras Jur\u00eddicas"],"inLanguage":"pt-BR","potentialAction":[{"@type":"CommentAction","name":"Comment","target":["https:\/\/cj.estrategia.com\/portal\/advogado-palhaco-juri-anulado-analise\/#respond"]}]},{"@type":"WebPage","@id":"https:\/\/cj.estrategia.com\/portal\/advogado-palhaco-juri-anulado-analise\/","url":"https:\/\/cj.estrategia.com\/portal\/advogado-palhaco-juri-anulado-analise\/","name":"Advogado \u00e9 chamado de \"palha\u00e7o\" e sess\u00e3o do j\u00fari \u00e9 anulada","isPartOf":{"@id":"https:\/\/cj.estrategia.com\/portal\/#website"},"primaryImageOfPage":{"@id":"https:\/\/cj.estrategia.com\/portal\/advogado-palhaco-juri-anulado-analise\/#primaryimage"},"image":{"@id":"https:\/\/cj.estrategia.com\/portal\/advogado-palhaco-juri-anulado-analise\/#primaryimage"},"thumbnailUrl":"https:\/\/cj.estrategia.com\/portal\/wp-content\/uploads\/2024\/08\/02190609\/uma-sala-de-tribunal-vazia-com-cadeiras-e-uma-mesa-de-juizes-deserta_157027-4233.jpg","datePublished":"2024-08-02T22:11:57+00:00","dateModified":"2024-08-08T19:02:38+00:00","description":"A decis\u00e3o un\u00e2nime da anula\u00e7\u00e3o destacou a necessidade de manter a seriedade e a urbanidade no Tribunal do J\u00fari para garantir a imparcialidade.","breadcrumb":{"@id":"https:\/\/cj.estrategia.com\/portal\/advogado-palhaco-juri-anulado-analise\/#breadcrumb"},"inLanguage":"pt-BR","potentialAction":[{"@type":"ReadAction","target":["https:\/\/cj.estrategia.com\/portal\/advogado-palhaco-juri-anulado-analise\/"]}]},{"@type":"ImageObject","inLanguage":"pt-BR","@id":"https:\/\/cj.estrategia.com\/portal\/advogado-palhaco-juri-anulado-analise\/#primaryimage","url":"https:\/\/cj.estrategia.com\/portal\/wp-content\/uploads\/2024\/08\/02190609\/uma-sala-de-tribunal-vazia-com-cadeiras-e-uma-mesa-de-juizes-deserta_157027-4233.jpg","contentUrl":"https:\/\/cj.estrategia.com\/portal\/wp-content\/uploads\/2024\/08\/02190609\/uma-sala-de-tribunal-vazia-com-cadeiras-e-uma-mesa-de-juizes-deserta_157027-4233.jpg","width":900,"height":450},{"@type":"BreadcrumbList","@id":"https:\/\/cj.estrategia.com\/portal\/advogado-palhaco-juri-anulado-analise\/#breadcrumb","itemListElement":[{"@type":"ListItem","position":1,"name":"In\u00edcio","item":"https:\/\/cj.estrategia.com\/portal\/"},{"@type":"ListItem","position":2,"name":"An\u00e1lise jur\u00eddica &#8211; Sess\u00e3o de j\u00fari em que promotor chamou advogado de &#8220;palha\u00e7o&#8221; \u00e9 anulada"}]},{"@type":"WebSite","@id":"https:\/\/cj.estrategia.com\/portal\/#website","url":"https:\/\/cj.estrategia.com\/portal\/","name":"Blog - Carreiras Jur\u00eddicas - Estrat\u00e9gia","description":"","publisher":{"@id":"https:\/\/cj.estrategia.com\/portal\/#organization"},"potentialAction":[{"@type":"SearchAction","target":{"@type":"EntryPoint","urlTemplate":"https:\/\/cj.estrategia.com\/portal\/?s={search_term_string}"},"query-input":{"@type":"PropertyValueSpecification","valueRequired":true,"valueName":"search_term_string"}}],"inLanguage":"pt-BR"},{"@type":"Organization","@id":"https:\/\/cj.estrategia.com\/portal\/#organization","name":"Estrat\u00e9gia - Carreiras Jur\u00eddicas","url":"https:\/\/cj.estrategia.com\/portal\/","logo":{"@type":"ImageObject","inLanguage":"pt-BR","@id":"https:\/\/cj.estrategia.com\/portal\/#\/schema\/logo\/image\/","url":"https:\/\/cj.estrategia.com\/portal\/wp-content\/uploads\/2022\/03\/11151052\/cj-logo.png","contentUrl":"https:\/\/cj.estrategia.com\/portal\/wp-content\/uploads\/2022\/03\/11151052\/cj-logo.png","width":150,"height":39,"caption":"Estrat\u00e9gia - Carreiras Jur\u00eddicas"},"image":{"@id":"https:\/\/cj.estrategia.com\/portal\/#\/schema\/logo\/image\/"},"sameAs":["https:\/\/www.facebook.com\/estrategiacarreirajuridica\/","https:\/\/x.com\/EstratJuridica","https:\/\/www.instagram.com\/estrategiacarreirajuridica\/","https:\/\/www.youtube.com\/channel\/UClbMGuYbj2Mh1m3w144ETWQ"]},{"@type":"Person","@id":"https:\/\/cj.estrategia.com\/portal\/#\/schema\/person\/b5b0253b269d7130d1f7770b1ba29285","name":"Felipe Duque","image":{"@type":"ImageObject","inLanguage":"pt-BR","@id":"https:\/\/cj.estrategia.com\/portal\/wp-content\/uploads\/2024\/08\/06162009\/Captura-de-Tela-2024-08-06-as-16.19.26-96x96.png","url":"https:\/\/cj.estrategia.com\/portal\/wp-content\/uploads\/2024\/08\/06162009\/Captura-de-Tela-2024-08-06-as-16.19.26-96x96.png","contentUrl":"https:\/\/cj.estrategia.com\/portal\/wp-content\/uploads\/2024\/08\/06162009\/Captura-de-Tela-2024-08-06-as-16.19.26-96x96.png","caption":"Felipe Duque"},"description":"Felipe Duque - Mestre em Direito Pol\u00edtico e Econ\u00f4mico na Mackenzie-SP. Graduado em Direito pela Universidade Cat\u00f3lica de Pernambuco, com conclus\u00e3o pelo regime de Aproveitamento Extraordin\u00e1rio nos Estudos (art. 47, \u00a7 2\u00ba, da Lei n\u00ba 9.394\/96). Ex-Assessor de Desembargador no TJPE. Procurador da Fazenda Nacional. Integra voluntariamente a Coordena\u00e7\u00e3o de Assuntos Estrat\u00e9gicos Judiciais da PGFN. Professor do Estrat\u00e9gia Carreira Jur\u00eddica, Estrat\u00e9gia OAB e Buscador Dizer o Direito. Autor do livro \u201cReforma Tribut\u00e1ria Comentada e Esquematizada\u201d, \"Manual de Processo Tribut\u00e1rio: Administrativo e Judicial\" pela editora Juspodivm Parecerista na Revista de Estudos Jur\u00eddicos do Superior Tribunal de Justi\u00e7a (REJuriSTJ)","sameAs":["http:\/\/lattes.cnpq.br\/5755137268084324","https:\/\/www.instagram.com\/felipe_duque\/","https:\/\/br.linkedin.com\/in\/felipe-duque-56954638","https:\/\/x.com\/https:\/\/x.com\/ProfessorDuque","https:\/\/www.youtube.com\/@felipeduque-experienciasco5797"],"url":"https:\/\/cj.estrategia.com\/portal\/author\/felipe-duque\/"}]}},"jetpack_featured_media_url":"https:\/\/cj.estrategia.com\/portal\/wp-content\/uploads\/2024\/08\/02190609\/uma-sala-de-tribunal-vazia-com-cadeiras-e-uma-mesa-de-juizes-deserta_157027-4233.jpg","jetpack_sharing_enabled":true,"_links":{"self":[{"href":"https:\/\/cj.estrategia.com\/portal\/wp-json\/wp\/v2\/posts\/71352","targetHints":{"allow":["GET"]}}],"collection":[{"href":"https:\/\/cj.estrategia.com\/portal\/wp-json\/wp\/v2\/posts"}],"about":[{"href":"https:\/\/cj.estrategia.com\/portal\/wp-json\/wp\/v2\/types\/post"}],"author":[{"embeddable":true,"href":"https:\/\/cj.estrategia.com\/portal\/wp-json\/wp\/v2\/users\/93"}],"replies":[{"embeddable":true,"href":"https:\/\/cj.estrategia.com\/portal\/wp-json\/wp\/v2\/comments?post=71352"}],"version-history":[{"count":0,"href":"https:\/\/cj.estrategia.com\/portal\/wp-json\/wp\/v2\/posts\/71352\/revisions"}],"wp:featuredmedia":[{"embeddable":true,"href":"https:\/\/cj.estrategia.com\/portal\/wp-json\/wp\/v2\/media\/71356"}],"wp:attachment":[{"href":"https:\/\/cj.estrategia.com\/portal\/wp-json\/wp\/v2\/media?parent=71352"}],"wp:term":[{"taxonomy":"category","embeddable":true,"href":"https:\/\/cj.estrategia.com\/portal\/wp-json\/wp\/v2\/categories?post=71352"},{"taxonomy":"post_tag","embeddable":true,"href":"https:\/\/cj.estrategia.com\/portal\/wp-json\/wp\/v2\/tags?post=71352"},{"taxonomy":"tax_estado","embeddable":true,"href":"https:\/\/cj.estrategia.com\/portal\/wp-json\/wp\/v2\/tax_estado?post=71352"}],"curies":[{"name":"wp","href":"https:\/\/api.w.org\/{rel}","templated":true}]}}