{"id":71315,"date":"2024-08-02T15:25:58","date_gmt":"2024-08-02T18:25:58","guid":{"rendered":"https:\/\/cj.estrategia.com\/portal\/?p=71315"},"modified":"2024-08-08T16:01:53","modified_gmt":"2024-08-08T19:01:53","slug":"boxeadora-intersexo-luta-oponente-olimpiadas","status":"publish","type":"post","link":"https:\/\/cj.estrategia.com\/portal\/boxeadora-intersexo-luta-oponente-olimpiadas\/","title":{"rendered":"Boxeadora intersexo massacra oponente feminina nas Olimp\u00edadas"},"content":{"rendered":"\n<p>Boxeadora falsamente rotulada de trans massacra oponente feminina nas Olimp\u00edadas e causa revolta na internet. Rival abandonou a luta.<\/p>\n\n\n\n<p class=\"has-small-font-size\"><strong>* Thiago de Paula Leite \u00e9 procurador do Estado de S\u00e3o Paulo e professor de direito ambiental e agr\u00e1rio do Estrat\u00e9gia.<\/strong><\/p>\n\n\n\n<h2 class=\"wp-block-heading\" id=\"h-entenda-o-caso\"><span id=\"entenda-o-caso\">Entenda o caso<\/span><\/h2>\n\n\n\n<div class=\"wp-block-media-text has-media-on-the-right is-stacked-on-mobile\"><div class=\"wp-block-media-text__content\">\n<p>A boxeadora argelina Imane Khelif venceu a luta contra a italiana Angela Carini na categoria de at\u00e9 66 kg do boxe feminino nos Jogos Ol\u00edmpicos de Paris (2024). <strong><mark style=\"background-color:rgba(0, 0, 0, 0)\" class=\"has-inline-color has-vivid-red-color\">Ap\u00f3s 46 segundos de luta<\/mark><\/strong>, a italiana abandonou o confronto ap\u00f3s tomar um soco no nariz que a machucou muito.<\/p>\n<\/div><figure class=\"wp-block-media-text__media\"><img decoding=\"async\" width=\"1024\" height=\"715\" src=\"https:\/\/cj.estrategia.com\/portal\/wp-content\/uploads\/2024\/08\/02145911\/boxeadora_argelina_imane_khelif_e_italiana_angela_carini.webp\" alt=\"luta, olimp\u00edadas, boxe\" class=\"wp-image-71317 size-full\" srcset=\"https:\/\/cj.estrategia.com\/portal\/wp-content\/uploads\/2024\/08\/02145911\/boxeadora_argelina_imane_khelif_e_italiana_angela_carini.webp 1024w, https:\/\/cj.estrategia.com\/portal\/wp-content\/uploads\/2024\/08\/02145911\/boxeadora_argelina_imane_khelif_e_italiana_angela_carini-300x209.webp 300w, https:\/\/cj.estrategia.com\/portal\/wp-content\/uploads\/2024\/08\/02145911\/boxeadora_argelina_imane_khelif_e_italiana_angela_carini-768x536.webp 768w, https:\/\/cj.estrategia.com\/portal\/wp-content\/uploads\/2024\/08\/02145911\/boxeadora_argelina_imane_khelif_e_italiana_angela_carini-200x140.webp 200w, https:\/\/cj.estrategia.com\/portal\/wp-content\/uploads\/2024\/08\/02145911\/boxeadora_argelina_imane_khelif_e_italiana_angela_carini-380x265.webp 380w, https:\/\/cj.estrategia.com\/portal\/wp-content\/uploads\/2024\/08\/02145911\/boxeadora_argelina_imane_khelif_e_italiana_angela_carini-800x559.webp 800w, https:\/\/cj.estrategia.com\/portal\/wp-content\/uploads\/2024\/08\/02145911\/boxeadora_argelina_imane_khelif_e_italiana_angela_carini-150x105.webp 150w\" sizes=\"(max-width: 1024px) 100vw, 1024px\" \/><\/figure><\/div>\n\n\n\n<p>Seria mais uma luta normal se n\u00e3o fosse o fato de que a argelina estava sendo acusada de ser uma mulher trans, ou seja, biologicamente ela seria homem, o que desequilibraria a disputa, tornando a luta injusta.<\/p>\n\n\n\n<p>Mas na verdade Imane <strong>n\u00e3o \u00e9 uma mulher trans, como amplamente propagado nas redes sociais, mas sim uma pessoa intersexo<\/strong>, antes chamada de hermafrodita.<\/p>\n\n\n\n<p>Vamos entender melhor os conceitos.<\/p>\n\n\n\n<h2 class=\"wp-block-heading\" id=\"h-pessoas-transexuais-e-pessoas-intersexuais\"><span id=\"pessoas-transexuais-e-pessoas-intersexuais\">Pessoas transexuais e pessoas intersexuais<\/span><\/h2>\n\n\n\n<p>As <strong><mark style=\"background-color:rgba(0, 0, 0, 0)\" class=\"has-inline-color has-vivid-red-color\">pessoas transexuais<\/mark><\/strong> <strong>s\u00e3o aquelas que t\u00eam uma identidade de g\u00eanero divergente do sexo biol\u00f3gico atribu\u00eddo no nascimento<\/strong>. Exemplo: um beb\u00ea do sexo feminino se identifica com o g\u00eanero masculino. N\u00e3o \u00e9 esse o caso da lutadora argelina.<\/p>\n\n\n\n<p>J\u00e1 as <strong><mark style=\"background-color:rgba(0, 0, 0, 0)\" class=\"has-inline-color has-vivid-red-color\">pessoas intersexuais<\/mark><\/strong> <strong>nascem com caracter\u00edsticas sexuais \u2014 incluindo genitais, padr\u00f5es cromoss\u00f4micos e gl\u00e2ndulas, como test\u00edculos e ov\u00e1rios \u2013, que n\u00e3o se encaixam nas no\u00e7\u00f5es bin\u00e1rias t\u00edpicas de corpos masculinos ou femininos<\/strong>. Elas podem ser diagnosticadas no pr\u00e9-natal, no nascimento, durante a puberdade e em outros momentos, como ao tentar conceber um filho. Exemplo: pessoa que possui os genitais e \u00f3rg\u00e3os internos referentes ao sexo feminino, mas que n\u00e3o produz horm\u00f4nios correspondentes, pessoa que possui p\u00eanis e ov\u00e1rios ou pessoa que nasceu com p\u00eanis e vagina.<\/p>\n\n\n\n<p>Infelizmente as pessoas nessa condi\u00e7\u00e3o (intersexo) sofrem bastante com discrimina\u00e7\u00e3o e preconceito, e isso tem gerado, na maioria dos casos, persegui\u00e7\u00f5es, humilha\u00e7\u00f5es, viol\u00eancia, danos \u00e0 honra e \u00e0 imagem, o que demanda de todos uma maior conscientiza\u00e7\u00e3o e combate a esse flagelo que \u00e9 o preconceito.<\/p>\n\n\n\n<p>No caso da lutadora argelina, <strong><mark style=\"background-color:rgba(0, 0, 0, 0)\" class=\"has-inline-color has-vivid-cyan-blue-color\">ela se enquadra na condi\u00e7\u00e3o de intersexo, e n\u00e3o de mulher trans, ou seja, ela n\u00e3o nasceu biologicamente como homem e se identifica como mulher. Ela apenas n\u00e3o possui os n\u00edveis de testosterona pr\u00f3prios e comuns \u00e0s mulheres<\/mark><\/strong>.<\/p>\n\n\n\n<p>Imane Khelif foi exclu\u00edda do Mundial Feminino de Boxe em 2023, horas antes de disputar a medalha de ouro. A decis\u00e3o foi tomada pela Federa\u00e7\u00e3o Internacional da modalidade (IBA), que alegou que a atleta \u201c<em>n\u00e3o atendia aos crit\u00e9rios de elegibilidade<\/em>\u201d, e essa condi\u00e7\u00e3o poderia comprometer a integridade f\u00edsica da advers\u00e1ria e a justi\u00e7a da competi\u00e7\u00e3o, j\u00e1 que ela teria vantagens biol\u00f3gicas se comparadas \u00e0s advers\u00e1rias do sexo feminino.<\/p>\n\n\n\n<p>Em resposta, o <strong><mark style=\"background-color:rgba(0, 0, 0, 0)\" class=\"has-inline-color has-vivid-cyan-blue-color\">Comit\u00ea Ol\u00edmpico Internacional<\/mark><\/strong> emitiu nota, ressaltando:<\/p>\n\n\n\n<pre class=\"wp-block-preformatted\">Toda pessoa tem o direito de praticar esporte sem discrimina\u00e7\u00e3o.\n\nTodos os atletas participantes do torneio de boxe dos Jogos Ol\u00edmpicos de Paris 2024 cumprem os regulamentos de elegibilidade e inscri\u00e7\u00e3o da competi\u00e7\u00e3o, bem como todos os regulamentos m\u00e9dicos aplic\u00e1veis definidos pela Unidade de Boxe de Paris 2024 (PBU)...\n\nVimos em reportagens informa\u00e7\u00f5es enganosas sobre duas atletas competindo nos Jogos Ol\u00edmpicos de Paris 2024. As duas atletas competem em competi\u00e7\u00f5es internacionais de boxe h\u00e1 muitos anos na categoria feminina, incluindo os Jogos Ol\u00edmpicos de T\u00f3quio 2020, o Campeonato Mundial da Associa\u00e7\u00e3o Internacional de Boxe (IBA) e torneios sancionados pela IBA.\n\nEssas duas atletas foram v\u00edtimas de uma decis\u00e3o repentina e arbitr\u00e1ria da IBA. Perto do fim do Campeonato Mundial da IBA em 2023, elas foram repentinamente desqualificadas sem nenhum devido processo...\n\nTal abordagem \u00e9 contr\u00e1ria \u00e0 boa governan\u00e7a.\n\nAs regras de elegibilidade n\u00e3o devem ser alteradas durante a competi\u00e7\u00e3o em andamento, e qualquer altera\u00e7\u00e3o nas regras deve seguir processos apropriados e deve ser baseada em evid\u00eancias cient\u00edficas.\n\nO COI est\u00e1 comprometido em proteger os direitos humanos de todos os atletas que participam dos Jogos Ol\u00edmpicos, conforme a Carta Ol\u00edmpica, o C\u00f3digo de \u00c9tica do COI e o Quadro Estrat\u00e9gico do COI sobre Direitos Humanos. O COI est\u00e1 triste com o abuso que as duas atletas est\u00e3o sofrendo atualmente.<\/pre>\n\n\n\n<h2 class=\"wp-block-heading\" id=\"h-analise-juridica\"><span id=\"analise-juridica\">An\u00e1lise jur\u00eddica<\/span><\/h2>\n\n\n\n<p>Agora que entendemos o que aconteceu, vamos \u00e0 an\u00e1lise t\u00e9cnica.<\/p>\n\n\n\n<h3 class=\"wp-block-heading\" id=\"h-legislacao\"><span id=\"legislacao\">Legisla\u00e7\u00e3o<\/span><\/h3>\n\n\n\n<p>A discuss\u00e3o jur\u00eddica que se imp\u00f5e \u00e9 o choque entre o <strong><mark style=\"background-color:rgba(0, 0, 0, 0)\" class=\"has-inline-color has-vivid-green-cyan-color\">direito fundamental da atleta trans ou intersexual de exercer sua profiss\u00e3o sem discrimina\u00e7\u00e3o sexual (liberdade sexual e de g\u00eanero)<\/mark><\/strong> de um lado <em><strong><mark style=\"background-color:rgba(0, 0, 0, 0)\" class=\"has-inline-color has-vivid-red-color\">versus<\/mark><\/strong><\/em> o <strong><mark style=\"background-color:rgba(0, 0, 0, 0)\" class=\"has-inline-color has-vivid-cyan-blue-color\">princ\u00edpio desportivo da igualdade da competi\u00e7\u00e3o (igualdade de armas)<\/mark><\/strong>.<\/p>\n\n\n\n<p>Ambos os princ\u00edpios t\u00eam o seu fundamento, as suas raz\u00f5es, as suas justificativas e a sua respectiva tutela jur\u00eddica.<\/p>\n\n\n\n<p>Assim como todo indiv\u00edduo tem a o direito de escolher sua orienta\u00e7\u00e3o sexual e n\u00e3o sofrer discrimina\u00e7\u00e3o por tal escolha (artigo 3\u00ba, IV, da CF) os competidores tamb\u00e9m possuem o direito de competir em igualdade de condi\u00e7\u00f5es com o oponente, sob pena de afronta ao princ\u00edpio da igualdade de competi\u00e7\u00e3o (artigo 2\u00ba, I, IV, VII, XI, XV e XVI, todos da Lei Geral do Esporte \u2013 Lei n\u00ba 14.597\/2023).<\/p>\n\n\n\n<pre class=\"wp-block-preformatted\"><strong>CF\/88<\/strong>\n\nArt. 3\u00ba Constituem objetivos fundamentais da Rep\u00fablica Federativa do Brasil:\n\n...\n\nIV - promover o bem de todos, <strong>sem preconceitos<\/strong> de origem, ra\u00e7a, <strong>sexo<\/strong>, cor, idade e quaisquer outras formas de discrimina\u00e7\u00e3o.\n\n...<\/pre>\n\n\n\n<pre class=\"wp-block-preformatted\"><strong>Lei n\u00ba 14.597<\/strong>\n\nArt. 2\u00ba S\u00e3o princ\u00edpios fundamentais do esporte:\n\nI - autonomia;\n\n...\n\nIV - diferencia\u00e7\u00e3o;\n\n...\n\nVII - especificidade;\n\n...\n\nXI - integridade;\n\n...\n\nXV - sa\u00fade;\n\nXVI - seguran\u00e7a.<\/pre>\n\n\n\n<h3 class=\"wp-block-heading\" id=\"h-dividir-para-competir\"><span id=\"dividir-para-competir\">Dividir para competir<\/span><\/h3>\n\n\n\n<p>O ponto mais sens\u00edvel na discuss\u00e3o \u00e9 que as competi\u00e7\u00f5es esportivas s\u00e3o naturalmente segregacionistas, de modo que existem diversos crit\u00e9rios para se estabelecer os competidores. Os mais comuns s\u00e3o a divis\u00e3o por sexo (masculino e feminino), por idade, por peso, pelo n\u00edvel dos competidores.<\/p>\n\n\n\n<p><strong>Essa divis\u00e3o busca tornar a competi\u00e7\u00e3o justa e equilibrada<\/strong>. Imagine uma luta de boxe entre uma crian\u00e7a franzina e um homem adulto forte. A pr\u00f3pria integridade f\u00edsica do menor estaria em risco, e o resultado seria praticamente certo.<\/p>\n\n\n\n<p>Estudos comprovam que homens t\u00eam cerca de 30% mais massas musculares que as mulheres, resultando em maior pot\u00eancia de arranque, maior for\u00e7a f\u00edsica e capacidade cardiovascular.<\/p>\n\n\n\n<p>Por outro lado, as mulheres t\u00eam mais fibras el\u00e1sticas nos m\u00fasculos, o que resulta numa estrutura mais el\u00e1stica. Tais caracter\u00edsticas favorecem-nas em determinadas atividades f\u00edsicas, como a gin\u00e1stica, por exemplo.<\/p>\n\n\n\n<p>Perceba, portanto, que <strong><mark style=\"background-color:rgba(0, 0, 0, 0)\" class=\"has-inline-color has-vivid-cyan-blue-color\">a separa\u00e7\u00e3o \u00e9 poss\u00edvel, mas desde que haja motivo razo\u00e1vel que justifique a utiliza\u00e7\u00e3o desse crit\u00e9rio diferenciador<\/mark><\/strong>.<\/p>\n\n\n\n<p>Parece razo\u00e1vel proibir que um homem lute contra uma mulher nas olimp\u00edadas, haja vista que existe uma diferencia\u00e7\u00e3o biol\u00f3gica que favorece o homem. Isso tornaria a luta totalmente desproporcional e perigosa para a mulher.<\/p>\n\n\n\n<p>Ou seja, a preocupa\u00e7\u00e3o em proibir que se coloque oponentes de sexo oposto em uma luta de boxe \u00e9 v\u00e1lida, e tem por objetivo garantir a igualdade esportiva.<\/p>\n\n\n\n<p>Enfim, <strong>essa segrega\u00e7\u00e3o bin\u00e1ria (homem e mulher) no esporte ainda persiste como instrumento fundamental de equil\u00edbrio das competi\u00e7\u00f5es<\/strong>.<\/p>\n\n\n\n<p>Assim leciona o professor Vin\u00edcius Calixto:<\/p>\n\n\n\n<blockquote class=\"wp-block-quote is-layout-flow wp-block-quote-is-layout-flow\">\n<p><\/p>\n<cite>\u201cDiferentemente de outras esferas sociais, no esporte a segrega\u00e7\u00e3o entre homens e mulheres n\u00e3o \u00e9 apenas aceita, mas vista ainda como um dos crit\u00e9rios fundamentais para a manuten\u00e7\u00e3o da igualdade esportiva e da incerteza dos resultados. A justificativa para a divis\u00e3o reside nas diferen\u00e7as f\u00edsicas que propiciariam aos homens vantagens de desempenho sobre as mulheres nas competi\u00e7\u00f5es esportivas\u201d<sup data-fn=\"81421e9e-3ec1-452d-8bd4-03a52508ee86\" class=\"fn\"><a href=\"#81421e9e-3ec1-452d-8bd4-03a52508ee86\" id=\"81421e9e-3ec1-452d-8bd4-03a52508ee86-link\">1<\/a><\/sup>.<\/cite><\/blockquote>\n\n\n\n<h2 class=\"wp-block-heading\" id=\"h-conclusao\"><span id=\"conclusao\">Conclus\u00e3o<\/span><\/h2>\n\n\n\n<p>Os grandes problemas, e consequentemente as grandes discuss\u00f5es, surgem quando partimos para casos mais complexos, como a transexualidade e a intersexualidade, j\u00e1 que envolvem elementos os mais variados, como liberdade sexual e orienta\u00e7\u00e3o ou indefini\u00e7\u00e3o de g\u00eanero.<\/p>\n\n\n\n<p>\u00c9 dever da sociedade, dos operadores do direito, da comunidade acad\u00eamica e do poder p\u00fablico debaterem o tema de forma razo\u00e1vel. Isso deve ser feito sem preconceitos de qualquer lado, a fim de que possamos chegar a solu\u00e7\u00f5es que tutelem os mais variados direitos fundamentais envolvidos.<\/p>\n\n\n\n<p>\u00d3timo tema para provas de direito constitucional e direitos humanos!<\/p>\n\n\n\n<hr class=\"wp-block-separator has-alpha-channel-opacity\"\/>\n\n\n<ol class=\"wp-block-footnotes\"><li id=\"81421e9e-3ec1-452d-8bd4-03a52508ee86\">CALIXTO. Vinicius. <strong>Lex sportiva e Direitos Humanos<\/strong>: Entrela\u00e7amento transconstitucionais e aprendizados rec\u00edprocos. Belo Horizonte: Editora D`Placido. 2017, p\u00e1gina 119. <a href=\"#81421e9e-3ec1-452d-8bd4-03a52508ee86-link\" aria-label=\"Ir para a refer\u00eancia 1 na nota de rodap\u00e9\">\u21a9\ufe0e<\/a><\/li><\/ol>\n\n\n<hr class=\"wp-block-separator has-alpha-channel-opacity\"\/>\n\n\n\n<h2 class=\"wp-block-heading has-text-align-center\" id=\"h-quer-saber-quais-serao-os-proximos-concursos\"><span id=\"quer-saber-quais-serao-os-proximos-concursos\">Quer saber quais ser\u00e3o os pr\u00f3ximos concursos?<\/span><\/h2>\n\n\n\n<p class=\"has-text-align-center\">Confira nossos&nbsp;<a href=\"https:\/\/cj.estrategia.com\/portal\/\" target=\"_blank\" >artigos para Carreiras Jur\u00eddicas<\/a>!<\/p>\n\n\n\n<p class=\"has-text-align-center has-white-color has-pale-cyan-blue-background-color has-text-color has-background has-link-color wp-elements-f3d5123bb0c8e11604d0c8c7f1ea8be8\"><a href=\"https:\/\/www.estrategiaconcursos.com.br\/blog\/concursos-abertos\/\" target=\"_blank\" >Confira os concursos p\u00fablicos abertos<\/a><\/p>\n\n\n\n<p class=\"has-text-align-center has-white-color has-pale-cyan-blue-background-color has-text-color has-background has-link-color wp-elements-94f2aad2f2b05ea3152ac5320a17d121\"><a href=\"https:\/\/cj.estrategia.com\/portal\/web-stories\/\" target=\"_blank\" >Concursos 2024<\/a><\/p>\n","protected":false},"excerpt":{"rendered":"Boxeadora falsamente rotulada de trans massacra oponente feminina nas Olimp\u00edadas e causa revolta na internet. Rival abandonou a&hellip;\n","protected":false},"author":81,"featured_media":71319,"comment_status":"open","ping_status":"open","sticky":false,"template":"","format":"standard","meta":{"_jetpack_memberships_contains_paid_content":false,"footnotes":"[{\"content\":\"CALIXTO. Vinicius. <strong>Lex sportiva e Direitos Humanos<\/strong>: Entrela\u00e7amento transconstitucionais e aprendizados rec\u00edprocos. Belo Horizonte: Editora D`Placido. 2017, p\u00e1gina 119.\",\"id\":\"81421e9e-3ec1-452d-8bd4-03a52508ee86\"}]"},"categories":[1],"tags":[487,485,488,497,490,495,494,496,486,484,492,493,393,399,482,483,491],"tax_estado":[30,31,32,33,34,35,36,37,38,39,40,41,42,43,44,45,46,47,48,49,50,51,52,53,54,55,56,57],"class_list":{"0":"post-71315","1":"post","2":"type-post","3":"status-publish","4":"format-standard","5":"has-post-thumbnail","7":"category-carreiras-juridicas","8":"tag-angela-carini","9":"tag-boxe","10":"tag-boxe-feminino","11":"tag-boxeadora-intersexo","12":"tag-comite-olimpico-internacional-2","13":"tag-competicao","14":"tag-competicao-esportiva","15":"tag-esporte","16":"tag-imane-khelif","17":"tag-intersexo","18":"tag-intersexualidade","19":"tag-luta","20":"tag-olimpiadas-2024","21":"tag-olimpiadas-paris","22":"tag-pessoas-intersexuais","23":"tag-pessoas-transexuais","24":"tag-transexualidade","25":"tax_estado-ac","26":"tax_estado-al","27":"tax_estado-am","28":"tax_estado-ap","29":"tax_estado-ba","30":"tax_estado-ce","31":"tax_estado-concursos-federais","32":"tax_estado-df","33":"tax_estado-es","34":"tax_estado-go","35":"tax_estado-ma","36":"tax_estado-mg","37":"tax_estado-ms","38":"tax_estado-mt","39":"tax_estado-pa","40":"tax_estado-pb","41":"tax_estado-pe","42":"tax_estado-pi","43":"tax_estado-pr","44":"tax_estado-rj","45":"tax_estado-rn","46":"tax_estado-ro","47":"tax_estado-rr","48":"tax_estado-rs","49":"tax_estado-sc","50":"tax_estado-se","51":"tax_estado-sp","52":"tax_estado-to"},"acf":[],"yoast_head":"<!-- This site is optimized with the Yoast SEO Premium plugin v27.4 (Yoast SEO v27.4) - https:\/\/yoast.com\/product\/yoast-seo-premium-wordpress\/ -->\n<title>Luta abandonada: boxeadora intersexo massacra oponente<\/title>\n<meta name=\"description\" content=\"Boxeadora falsamente rotulada de trans massacra oponente feminina nas Olimp\u00edadas e causa revolta na internet. Rival abandonou a luta.\" \/>\n<meta name=\"robots\" content=\"index, follow, max-snippet:-1, max-image-preview:large, max-video-preview:-1\" \/>\n<link rel=\"canonical\" href=\"https:\/\/cj.estrategia.com\/portal\/boxeadora-intersexo-luta-oponente-olimpiadas\/\" \/>\n<meta property=\"og:locale\" content=\"pt_BR\" \/>\n<meta property=\"og:type\" content=\"article\" \/>\n<meta property=\"og:title\" content=\"Boxeadora intersexo massacra oponente feminina nas Olimp\u00edadas\" \/>\n<meta property=\"og:description\" content=\"Boxeadora falsamente rotulada de trans massacra oponente feminina nas Olimp\u00edadas e causa revolta na internet. Rival abandonou a luta.\" \/>\n<meta property=\"og:url\" content=\"https:\/\/cj.estrategia.com\/portal\/boxeadora-intersexo-luta-oponente-olimpiadas\/\" \/>\n<meta property=\"og:site_name\" content=\"Blog - Carreiras Jur\u00eddicas - Estrat\u00e9gia\" \/>\n<meta property=\"article:publisher\" content=\"https:\/\/www.facebook.com\/estrategiacarreirajuridica\/\" \/>\n<meta property=\"article:published_time\" content=\"2024-08-02T18:25:58+00:00\" \/>\n<meta property=\"article:modified_time\" content=\"2024-08-08T19:01:53+00:00\" \/>\n<meta property=\"og:image\" content=\"https:\/\/cj.estrategia.com\/portal\/wp-content\/uploads\/2024\/08\/02150033\/1196-the-paris-2024summer-olympics-and-paralympics.jpg\" \/>\n\t<meta property=\"og:image:width\" content=\"866\" \/>\n\t<meta property=\"og:image:height\" content=\"650\" \/>\n\t<meta property=\"og:image:type\" content=\"image\/jpeg\" \/>\n<meta name=\"author\" content=\"Thiago Leite\" \/>\n<meta name=\"twitter:card\" content=\"summary_large_image\" \/>\n<meta name=\"twitter:creator\" content=\"@EstratJuridica\" \/>\n<meta name=\"twitter:site\" content=\"@EstratJuridica\" \/>\n<meta name=\"twitter:label1\" content=\"Escrito por\" \/>\n\t<meta name=\"twitter:data1\" content=\"Thiago Leite\" \/>\n\t<meta name=\"twitter:label2\" content=\"Est. tempo de leitura\" \/>\n\t<meta name=\"twitter:data2\" content=\"6 minutos\" \/>\n<script type=\"application\/ld+json\" class=\"yoast-schema-graph\">{\"@context\":\"https:\\\/\\\/schema.org\",\"@graph\":[{\"@type\":\"NewsArticle\",\"@id\":\"https:\\\/\\\/cj.estrategia.com\\\/portal\\\/boxeadora-intersexo-luta-oponente-olimpiadas\\\/#article\",\"isPartOf\":{\"@id\":\"https:\\\/\\\/cj.estrategia.com\\\/portal\\\/boxeadora-intersexo-luta-oponente-olimpiadas\\\/\"},\"author\":{\"name\":\"Thiago Leite\",\"@id\":\"https:\\\/\\\/cj.estrategia.com\\\/portal\\\/#\\\/schema\\\/person\\\/7d7d2b1c8386e2eeacc0b09cfbc1d0ff\"},\"headline\":\"Boxeadora intersexo massacra oponente feminina nas Olimp\u00edadas\",\"datePublished\":\"2024-08-02T18:25:58+00:00\",\"dateModified\":\"2024-08-08T19:01:53+00:00\",\"mainEntityOfPage\":{\"@id\":\"https:\\\/\\\/cj.estrategia.com\\\/portal\\\/boxeadora-intersexo-luta-oponente-olimpiadas\\\/\"},\"wordCount\":1144,\"commentCount\":0,\"publisher\":{\"@id\":\"https:\\\/\\\/cj.estrategia.com\\\/portal\\\/#organization\"},\"image\":{\"@id\":\"https:\\\/\\\/cj.estrategia.com\\\/portal\\\/boxeadora-intersexo-luta-oponente-olimpiadas\\\/#primaryimage\"},\"thumbnailUrl\":\"https:\\\/\\\/cj.estrategia.com\\\/portal\\\/wp-content\\\/uploads\\\/2024\\\/08\\\/02150033\\\/1196-the-paris-2024summer-olympics-and-paralympics.jpg\",\"keywords\":[\"Angela Carini\",\"boxe\",\"boxe feminino\",\"boxeadora intersexo\",\"comit\u00ea ol\u00edmpico internacional\",\"competi\u00e7\u00e3o\",\"competi\u00e7\u00e3o esportiva\",\"esporte\",\"Imane Khelif\",\"intersexo\",\"intersexualidade\",\"luta\",\"olimp\u00edadas 2024\",\"olimp\u00edadas Paris\",\"pessoas intersexuais\",\"pessoas transexuais\",\"transexualidade\"],\"articleSection\":[\"Carreiras Jur\u00eddicas\"],\"inLanguage\":\"pt-BR\",\"potentialAction\":[{\"@type\":\"CommentAction\",\"name\":\"Comment\",\"target\":[\"https:\\\/\\\/cj.estrategia.com\\\/portal\\\/boxeadora-intersexo-luta-oponente-olimpiadas\\\/#respond\"]}]},{\"@type\":\"WebPage\",\"@id\":\"https:\\\/\\\/cj.estrategia.com\\\/portal\\\/boxeadora-intersexo-luta-oponente-olimpiadas\\\/\",\"url\":\"https:\\\/\\\/cj.estrategia.com\\\/portal\\\/boxeadora-intersexo-luta-oponente-olimpiadas\\\/\",\"name\":\"Luta abandonada: boxeadora intersexo massacra oponente\",\"isPartOf\":{\"@id\":\"https:\\\/\\\/cj.estrategia.com\\\/portal\\\/#website\"},\"primaryImageOfPage\":{\"@id\":\"https:\\\/\\\/cj.estrategia.com\\\/portal\\\/boxeadora-intersexo-luta-oponente-olimpiadas\\\/#primaryimage\"},\"image\":{\"@id\":\"https:\\\/\\\/cj.estrategia.com\\\/portal\\\/boxeadora-intersexo-luta-oponente-olimpiadas\\\/#primaryimage\"},\"thumbnailUrl\":\"https:\\\/\\\/cj.estrategia.com\\\/portal\\\/wp-content\\\/uploads\\\/2024\\\/08\\\/02150033\\\/1196-the-paris-2024summer-olympics-and-paralympics.jpg\",\"datePublished\":\"2024-08-02T18:25:58+00:00\",\"dateModified\":\"2024-08-08T19:01:53+00:00\",\"description\":\"Boxeadora falsamente rotulada de trans massacra oponente feminina nas Olimp\u00edadas e causa revolta na internet. Rival abandonou a luta.\",\"breadcrumb\":{\"@id\":\"https:\\\/\\\/cj.estrategia.com\\\/portal\\\/boxeadora-intersexo-luta-oponente-olimpiadas\\\/#breadcrumb\"},\"inLanguage\":\"pt-BR\",\"potentialAction\":[{\"@type\":\"ReadAction\",\"target\":[\"https:\\\/\\\/cj.estrategia.com\\\/portal\\\/boxeadora-intersexo-luta-oponente-olimpiadas\\\/\"]}]},{\"@type\":\"ImageObject\",\"inLanguage\":\"pt-BR\",\"@id\":\"https:\\\/\\\/cj.estrategia.com\\\/portal\\\/boxeadora-intersexo-luta-oponente-olimpiadas\\\/#primaryimage\",\"url\":\"https:\\\/\\\/cj.estrategia.com\\\/portal\\\/wp-content\\\/uploads\\\/2024\\\/08\\\/02150033\\\/1196-the-paris-2024summer-olympics-and-paralympics.jpg\",\"contentUrl\":\"https:\\\/\\\/cj.estrategia.com\\\/portal\\\/wp-content\\\/uploads\\\/2024\\\/08\\\/02150033\\\/1196-the-paris-2024summer-olympics-and-paralympics.jpg\",\"width\":866,\"height\":650,\"caption\":\"olimp\u00edadas paris 2024\"},{\"@type\":\"BreadcrumbList\",\"@id\":\"https:\\\/\\\/cj.estrategia.com\\\/portal\\\/boxeadora-intersexo-luta-oponente-olimpiadas\\\/#breadcrumb\",\"itemListElement\":[{\"@type\":\"ListItem\",\"position\":1,\"name\":\"In\u00edcio\",\"item\":\"https:\\\/\\\/cj.estrategia.com\\\/portal\\\/\"},{\"@type\":\"ListItem\",\"position\":2,\"name\":\"Boxeadora intersexo massacra oponente feminina nas Olimp\u00edadas\"}]},{\"@type\":\"WebSite\",\"@id\":\"https:\\\/\\\/cj.estrategia.com\\\/portal\\\/#website\",\"url\":\"https:\\\/\\\/cj.estrategia.com\\\/portal\\\/\",\"name\":\"Blog - Carreiras Jur\u00eddicas - Estrat\u00e9gia\",\"description\":\"\",\"publisher\":{\"@id\":\"https:\\\/\\\/cj.estrategia.com\\\/portal\\\/#organization\"},\"potentialAction\":[{\"@type\":\"SearchAction\",\"target\":{\"@type\":\"EntryPoint\",\"urlTemplate\":\"https:\\\/\\\/cj.estrategia.com\\\/portal\\\/?s={search_term_string}\"},\"query-input\":{\"@type\":\"PropertyValueSpecification\",\"valueRequired\":true,\"valueName\":\"search_term_string\"}}],\"inLanguage\":\"pt-BR\"},{\"@type\":\"Organization\",\"@id\":\"https:\\\/\\\/cj.estrategia.com\\\/portal\\\/#organization\",\"name\":\"Estrat\u00e9gia - Carreiras Jur\u00eddicas\",\"url\":\"https:\\\/\\\/cj.estrategia.com\\\/portal\\\/\",\"logo\":{\"@type\":\"ImageObject\",\"inLanguage\":\"pt-BR\",\"@id\":\"https:\\\/\\\/cj.estrategia.com\\\/portal\\\/#\\\/schema\\\/logo\\\/image\\\/\",\"url\":\"https:\\\/\\\/cj.estrategia.com\\\/portal\\\/wp-content\\\/uploads\\\/2022\\\/03\\\/11151052\\\/cj-logo.png\",\"contentUrl\":\"https:\\\/\\\/cj.estrategia.com\\\/portal\\\/wp-content\\\/uploads\\\/2022\\\/03\\\/11151052\\\/cj-logo.png\",\"width\":150,\"height\":39,\"caption\":\"Estrat\u00e9gia - Carreiras Jur\u00eddicas\"},\"image\":{\"@id\":\"https:\\\/\\\/cj.estrategia.com\\\/portal\\\/#\\\/schema\\\/logo\\\/image\\\/\"},\"sameAs\":[\"https:\\\/\\\/www.facebook.com\\\/estrategiacarreirajuridica\\\/\",\"https:\\\/\\\/x.com\\\/EstratJuridica\",\"https:\\\/\\\/www.instagram.com\\\/estrategiacarreirajuridica\\\/\",\"https:\\\/\\\/www.youtube.com\\\/channel\\\/UClbMGuYbj2Mh1m3w144ETWQ\"]},{\"@type\":\"Person\",\"@id\":\"https:\\\/\\\/cj.estrategia.com\\\/portal\\\/#\\\/schema\\\/person\\\/7d7d2b1c8386e2eeacc0b09cfbc1d0ff\",\"name\":\"Thiago Leite\",\"image\":{\"@type\":\"ImageObject\",\"inLanguage\":\"pt-BR\",\"@id\":\"https:\\\/\\\/secure.gravatar.com\\\/avatar\\\/15ff5746ff9e313f1248fe2373ce03309054e96387bb9249055458d0c1aaa297?s=96&d=mm&r=g\",\"url\":\"https:\\\/\\\/secure.gravatar.com\\\/avatar\\\/15ff5746ff9e313f1248fe2373ce03309054e96387bb9249055458d0c1aaa297?s=96&d=mm&r=g\",\"contentUrl\":\"https:\\\/\\\/secure.gravatar.com\\\/avatar\\\/15ff5746ff9e313f1248fe2373ce03309054e96387bb9249055458d0c1aaa297?s=96&d=mm&r=g\",\"caption\":\"Thiago Leite\"},\"description\":\"Thiago de Paula Leite \u00e9 procurador do Estado de S\u00e3o Paulo e professor de direito ambiental e agr\u00e1rio do Estrat\u00e9gia.\",\"url\":\"https:\\\/\\\/cj.estrategia.com\\\/portal\\\/author\\\/thiago-leite\\\/\"}]}<\/script>\n<!-- \/ Yoast SEO Premium plugin. -->","yoast_head_json":{"title":"Luta abandonada: boxeadora intersexo massacra oponente","description":"Boxeadora falsamente rotulada de trans massacra oponente feminina nas Olimp\u00edadas e causa revolta na internet. Rival abandonou a luta.","robots":{"index":"index","follow":"follow","max-snippet":"max-snippet:-1","max-image-preview":"max-image-preview:large","max-video-preview":"max-video-preview:-1"},"canonical":"https:\/\/cj.estrategia.com\/portal\/boxeadora-intersexo-luta-oponente-olimpiadas\/","og_locale":"pt_BR","og_type":"article","og_title":"Boxeadora intersexo massacra oponente feminina nas Olimp\u00edadas","og_description":"Boxeadora falsamente rotulada de trans massacra oponente feminina nas Olimp\u00edadas e causa revolta na internet. Rival abandonou a luta.","og_url":"https:\/\/cj.estrategia.com\/portal\/boxeadora-intersexo-luta-oponente-olimpiadas\/","og_site_name":"Blog - Carreiras Jur\u00eddicas - Estrat\u00e9gia","article_publisher":"https:\/\/www.facebook.com\/estrategiacarreirajuridica\/","article_published_time":"2024-08-02T18:25:58+00:00","article_modified_time":"2024-08-08T19:01:53+00:00","og_image":[{"width":866,"height":650,"url":"https:\/\/cj.estrategia.com\/portal\/wp-content\/uploads\/2024\/08\/02150033\/1196-the-paris-2024summer-olympics-and-paralympics.jpg","type":"image\/jpeg"}],"author":"Thiago Leite","twitter_card":"summary_large_image","twitter_creator":"@EstratJuridica","twitter_site":"@EstratJuridica","twitter_misc":{"Escrito por":"Thiago Leite","Est. tempo de leitura":"6 minutos"},"schema":{"@context":"https:\/\/schema.org","@graph":[{"@type":"NewsArticle","@id":"https:\/\/cj.estrategia.com\/portal\/boxeadora-intersexo-luta-oponente-olimpiadas\/#article","isPartOf":{"@id":"https:\/\/cj.estrategia.com\/portal\/boxeadora-intersexo-luta-oponente-olimpiadas\/"},"author":{"name":"Thiago Leite","@id":"https:\/\/cj.estrategia.com\/portal\/#\/schema\/person\/7d7d2b1c8386e2eeacc0b09cfbc1d0ff"},"headline":"Boxeadora intersexo massacra oponente feminina nas Olimp\u00edadas","datePublished":"2024-08-02T18:25:58+00:00","dateModified":"2024-08-08T19:01:53+00:00","mainEntityOfPage":{"@id":"https:\/\/cj.estrategia.com\/portal\/boxeadora-intersexo-luta-oponente-olimpiadas\/"},"wordCount":1144,"commentCount":0,"publisher":{"@id":"https:\/\/cj.estrategia.com\/portal\/#organization"},"image":{"@id":"https:\/\/cj.estrategia.com\/portal\/boxeadora-intersexo-luta-oponente-olimpiadas\/#primaryimage"},"thumbnailUrl":"https:\/\/cj.estrategia.com\/portal\/wp-content\/uploads\/2024\/08\/02150033\/1196-the-paris-2024summer-olympics-and-paralympics.jpg","keywords":["Angela Carini","boxe","boxe feminino","boxeadora intersexo","comit\u00ea ol\u00edmpico internacional","competi\u00e7\u00e3o","competi\u00e7\u00e3o esportiva","esporte","Imane Khelif","intersexo","intersexualidade","luta","olimp\u00edadas 2024","olimp\u00edadas Paris","pessoas intersexuais","pessoas transexuais","transexualidade"],"articleSection":["Carreiras Jur\u00eddicas"],"inLanguage":"pt-BR","potentialAction":[{"@type":"CommentAction","name":"Comment","target":["https:\/\/cj.estrategia.com\/portal\/boxeadora-intersexo-luta-oponente-olimpiadas\/#respond"]}]},{"@type":"WebPage","@id":"https:\/\/cj.estrategia.com\/portal\/boxeadora-intersexo-luta-oponente-olimpiadas\/","url":"https:\/\/cj.estrategia.com\/portal\/boxeadora-intersexo-luta-oponente-olimpiadas\/","name":"Luta abandonada: boxeadora intersexo massacra oponente","isPartOf":{"@id":"https:\/\/cj.estrategia.com\/portal\/#website"},"primaryImageOfPage":{"@id":"https:\/\/cj.estrategia.com\/portal\/boxeadora-intersexo-luta-oponente-olimpiadas\/#primaryimage"},"image":{"@id":"https:\/\/cj.estrategia.com\/portal\/boxeadora-intersexo-luta-oponente-olimpiadas\/#primaryimage"},"thumbnailUrl":"https:\/\/cj.estrategia.com\/portal\/wp-content\/uploads\/2024\/08\/02150033\/1196-the-paris-2024summer-olympics-and-paralympics.jpg","datePublished":"2024-08-02T18:25:58+00:00","dateModified":"2024-08-08T19:01:53+00:00","description":"Boxeadora falsamente rotulada de trans massacra oponente feminina nas Olimp\u00edadas e causa revolta na internet. Rival abandonou a luta.","breadcrumb":{"@id":"https:\/\/cj.estrategia.com\/portal\/boxeadora-intersexo-luta-oponente-olimpiadas\/#breadcrumb"},"inLanguage":"pt-BR","potentialAction":[{"@type":"ReadAction","target":["https:\/\/cj.estrategia.com\/portal\/boxeadora-intersexo-luta-oponente-olimpiadas\/"]}]},{"@type":"ImageObject","inLanguage":"pt-BR","@id":"https:\/\/cj.estrategia.com\/portal\/boxeadora-intersexo-luta-oponente-olimpiadas\/#primaryimage","url":"https:\/\/cj.estrategia.com\/portal\/wp-content\/uploads\/2024\/08\/02150033\/1196-the-paris-2024summer-olympics-and-paralympics.jpg","contentUrl":"https:\/\/cj.estrategia.com\/portal\/wp-content\/uploads\/2024\/08\/02150033\/1196-the-paris-2024summer-olympics-and-paralympics.jpg","width":866,"height":650,"caption":"olimp\u00edadas paris 2024"},{"@type":"BreadcrumbList","@id":"https:\/\/cj.estrategia.com\/portal\/boxeadora-intersexo-luta-oponente-olimpiadas\/#breadcrumb","itemListElement":[{"@type":"ListItem","position":1,"name":"In\u00edcio","item":"https:\/\/cj.estrategia.com\/portal\/"},{"@type":"ListItem","position":2,"name":"Boxeadora intersexo massacra oponente feminina nas Olimp\u00edadas"}]},{"@type":"WebSite","@id":"https:\/\/cj.estrategia.com\/portal\/#website","url":"https:\/\/cj.estrategia.com\/portal\/","name":"Blog - Carreiras Jur\u00eddicas - Estrat\u00e9gia","description":"","publisher":{"@id":"https:\/\/cj.estrategia.com\/portal\/#organization"},"potentialAction":[{"@type":"SearchAction","target":{"@type":"EntryPoint","urlTemplate":"https:\/\/cj.estrategia.com\/portal\/?s={search_term_string}"},"query-input":{"@type":"PropertyValueSpecification","valueRequired":true,"valueName":"search_term_string"}}],"inLanguage":"pt-BR"},{"@type":"Organization","@id":"https:\/\/cj.estrategia.com\/portal\/#organization","name":"Estrat\u00e9gia - Carreiras Jur\u00eddicas","url":"https:\/\/cj.estrategia.com\/portal\/","logo":{"@type":"ImageObject","inLanguage":"pt-BR","@id":"https:\/\/cj.estrategia.com\/portal\/#\/schema\/logo\/image\/","url":"https:\/\/cj.estrategia.com\/portal\/wp-content\/uploads\/2022\/03\/11151052\/cj-logo.png","contentUrl":"https:\/\/cj.estrategia.com\/portal\/wp-content\/uploads\/2022\/03\/11151052\/cj-logo.png","width":150,"height":39,"caption":"Estrat\u00e9gia - Carreiras Jur\u00eddicas"},"image":{"@id":"https:\/\/cj.estrategia.com\/portal\/#\/schema\/logo\/image\/"},"sameAs":["https:\/\/www.facebook.com\/estrategiacarreirajuridica\/","https:\/\/x.com\/EstratJuridica","https:\/\/www.instagram.com\/estrategiacarreirajuridica\/","https:\/\/www.youtube.com\/channel\/UClbMGuYbj2Mh1m3w144ETWQ"]},{"@type":"Person","@id":"https:\/\/cj.estrategia.com\/portal\/#\/schema\/person\/7d7d2b1c8386e2eeacc0b09cfbc1d0ff","name":"Thiago Leite","image":{"@type":"ImageObject","inLanguage":"pt-BR","@id":"https:\/\/secure.gravatar.com\/avatar\/15ff5746ff9e313f1248fe2373ce03309054e96387bb9249055458d0c1aaa297?s=96&d=mm&r=g","url":"https:\/\/secure.gravatar.com\/avatar\/15ff5746ff9e313f1248fe2373ce03309054e96387bb9249055458d0c1aaa297?s=96&d=mm&r=g","contentUrl":"https:\/\/secure.gravatar.com\/avatar\/15ff5746ff9e313f1248fe2373ce03309054e96387bb9249055458d0c1aaa297?s=96&d=mm&r=g","caption":"Thiago Leite"},"description":"Thiago de Paula Leite \u00e9 procurador do Estado de S\u00e3o Paulo e professor de direito ambiental e agr\u00e1rio do Estrat\u00e9gia.","url":"https:\/\/cj.estrategia.com\/portal\/author\/thiago-leite\/"}]}},"jetpack_featured_media_url":"https:\/\/cj.estrategia.com\/portal\/wp-content\/uploads\/2024\/08\/02150033\/1196-the-paris-2024summer-olympics-and-paralympics.jpg","jetpack_sharing_enabled":true,"_links":{"self":[{"href":"https:\/\/cj.estrategia.com\/portal\/wp-json\/wp\/v2\/posts\/71315","targetHints":{"allow":["GET"]}}],"collection":[{"href":"https:\/\/cj.estrategia.com\/portal\/wp-json\/wp\/v2\/posts"}],"about":[{"href":"https:\/\/cj.estrategia.com\/portal\/wp-json\/wp\/v2\/types\/post"}],"author":[{"embeddable":true,"href":"https:\/\/cj.estrategia.com\/portal\/wp-json\/wp\/v2\/users\/81"}],"replies":[{"embeddable":true,"href":"https:\/\/cj.estrategia.com\/portal\/wp-json\/wp\/v2\/comments?post=71315"}],"version-history":[{"count":5,"href":"https:\/\/cj.estrategia.com\/portal\/wp-json\/wp\/v2\/posts\/71315\/revisions"}],"predecessor-version":[{"id":71326,"href":"https:\/\/cj.estrategia.com\/portal\/wp-json\/wp\/v2\/posts\/71315\/revisions\/71326"}],"wp:featuredmedia":[{"embeddable":true,"href":"https:\/\/cj.estrategia.com\/portal\/wp-json\/wp\/v2\/media\/71319"}],"wp:attachment":[{"href":"https:\/\/cj.estrategia.com\/portal\/wp-json\/wp\/v2\/media?parent=71315"}],"wp:term":[{"taxonomy":"category","embeddable":true,"href":"https:\/\/cj.estrategia.com\/portal\/wp-json\/wp\/v2\/categories?post=71315"},{"taxonomy":"post_tag","embeddable":true,"href":"https:\/\/cj.estrategia.com\/portal\/wp-json\/wp\/v2\/tags?post=71315"},{"taxonomy":"tax_estado","embeddable":true,"href":"https:\/\/cj.estrategia.com\/portal\/wp-json\/wp\/v2\/tax_estado?post=71315"}],"curies":[{"name":"wp","href":"https:\/\/api.w.org\/{rel}","templated":true}]}}