{"id":71284,"date":"2025-03-06T10:00:00","date_gmt":"2025-03-06T13:00:00","guid":{"rendered":"https:\/\/cj.estrategia.com\/portal\/?p=71284"},"modified":"2025-12-17T21:48:46","modified_gmt":"2025-12-18T00:48:46","slug":"concurso-advogado-pacatuba-ce","status":"publish","type":"post","link":"https:\/\/cj.estrategia.com\/portal\/concurso-advogado-pacatuba-ce\/","title":{"rendered":"Concurso Advogado Pacatuba CE: MP CE suspendeu o certame!"},"content":{"rendered":"\n<p>A 2\u00aa Vara da comarca de Pacatuba acatou pedido do Minist\u00e9rio P\u00fablico do Estado do Cear\u00e1 e determinou a <strong>suspens\u00e3o imediata do Concurso Adovgado Pacatuba CE<\/strong> devido a irregularidades na contrata\u00e7\u00e3o do Instituto Consulpam.<\/p>\n\n\n\n<p>O\u00a0<strong>edital da Prefeitura de Pacatuba CE<\/strong>\u00a0ofertava\u00a0<strong>2 vagas\u00a0<\/strong>para o cargo de\u00a0<strong>Procurador Municipal<\/strong>.<\/p>\n\n\n\n<ul class=\"wp-block-list has-very-light-gray-to-cyan-bluish-gray-gradient-background has-background\">\n<li><strong>Concurso Advogado Pacatuba CE<\/strong><\/li>\n\n\n\n<li><strong>Status:<\/strong> suspenso<\/li>\n\n\n\n<li><strong>Banca:<\/strong> Instituto Consulpam<\/li>\n\n\n\n<li><strong>Vagas:<\/strong> 2 <\/li>\n\n\n\n<li><strong>Sal\u00e1rio inicial: <\/strong>R$ 3.500,00.<\/li>\n\n\n\n<li><strong>Edital:<\/strong><a href=\"https:\/\/www.consulpam.com.br\/arquivos\/20240801_210547_PACATUBA%20003.2024%20ADVOGADO%20E%20PROCURADOR.pdf\">\u00a0<strong>Advogado Pacatuba CE<\/strong> <strong>2024<\/strong><\/a><\/li>\n<\/ul>\n\n\n\n<ul class=\"wp-block-list\">\n<li><a href=\"#atual\">Situa\u00e7\u00e3o atual<\/a>\n<ul class=\"wp-block-list\">\n<li><a href=\"#cronograma\">Cronograma<\/a><\/li>\n<\/ul>\n<\/li>\n\n\n\n<li><a href=\"#carreira\">Carreira<\/a>\n<ul class=\"wp-block-list\">\n<li><a href=\"#vagas\">Cargos e Vagas<\/a><\/li>\n\n\n\n<li><a href=\"#requisitos\">Requisitos<\/a><\/li>\n\n\n\n<li><a href=\"#remuneracao\">Remunera\u00e7\u00e3o<\/a><\/li>\n<\/ul>\n<\/li>\n\n\n\n<li><a href=\"http:\/\/Etapas\">Etapas do concurso <\/a><\/li>\n\n\n\n<li><a href=\"#cursos\">Cursos e Assinaturas<\/a><\/li>\n\n\n\n<li><a href=\"#ficha\">Ficha T\u00e9cnica<\/a><\/li>\n<\/ul>\n\n\n\n<h2 class=\"wp-block-heading\" id=\"atual\"><span id=\"concurso-advogado-pacatuba-ce-situacao-atual\">Concurso Advogado Pacatuba CE: situa\u00e7\u00e3o atual<\/span><\/h2>\n\n\n\n<h3 class=\"wp-block-heading\" id=\"cronograma\">Cronograma<\/h3>\n\n\n\n<p class=\"has-very-light-gray-to-cyan-bluish-gray-gradient-background has-background\">Inscri\u00e7\u00f5es:<s> 02 de agosto a 23 de agosto de 2024<\/s> \/ <s>at\u00e9 15\/09<\/s><br>Solicita\u00e7\u00e3o de isen\u00e7\u00e3o: <s>05 e 06 de agosto de 2024<\/s><br>Taxa: R$ 145,00<br>Prova Objetiva e Discursiva: <s>17\/11\/2024<\/s><\/p>\n\n\n\n<h2 class=\"wp-block-heading\" id=\"carreira\"><span id=\"concurso-advogado-pacatuba-ce-carreira\">Concurso Advogado Pacatuba CE: carreira<\/span><\/h2>\n\n\n\n<h3 class=\"wp-block-heading\" id=\"vagas\"><span id=\"cargos-e-vagas\">Cargos e Vagas<\/span><\/h3>\n\n\n\n<figure class=\"wp-block-image size-full\"><img decoding=\"async\" width=\"938\" height=\"157\" src=\"https:\/\/cj.estrategia.com\/portal\/wp-content\/uploads\/2024\/08\/02125329\/image-3.png\" alt=\"\" class=\"wp-image-71285\" srcset=\"https:\/\/cj.estrategia.com\/portal\/wp-content\/uploads\/2024\/08\/02125329\/image-3.png 938w, https:\/\/cj.estrategia.com\/portal\/wp-content\/uploads\/2024\/08\/02125329\/image-3-300x50.png 300w, https:\/\/cj.estrategia.com\/portal\/wp-content\/uploads\/2024\/08\/02125329\/image-3-768x129.png 768w, https:\/\/cj.estrategia.com\/portal\/wp-content\/uploads\/2024\/08\/02125329\/image-3-380x64.png 380w, https:\/\/cj.estrategia.com\/portal\/wp-content\/uploads\/2024\/08\/02125329\/image-3-800x134.png 800w, https:\/\/cj.estrategia.com\/portal\/wp-content\/uploads\/2024\/08\/02125329\/image-3-150x25.png 150w\" sizes=\"(max-width: 938px) 100vw, 938px\" \/><\/figure>\n\n\n\n<h3 class=\"wp-block-heading\" id=\"requisitos\">Requisitos<\/h3>\n\n\n\n<p>Gradua\u00e7\u00e3o em Direito com registro na Ordem dos Advogados do Brasil (OAB).<\/p>\n\n\n\n<h3 class=\"wp-block-heading\" id=\"remuneracao\">Remunera\u00e7\u00e3o<\/h3>\n\n\n\n<p>A remunera\u00e7\u00e3o do cargo de Advogado \u00e9 de R$ 3.500,00.<\/p>\n\n\n\n<h2 class=\"wp-block-heading\" id=\"etapas\"><span id=\"concurso-advogado-pacatuba-ce-etapas\">Concurso Advogado Pacatuba CE: etapas <\/span><\/h2>\n\n\n\n<ul class=\"wp-block-list\">\n<li>Prova Objetiva de car\u00e1ter eliminat\u00f3rio e classificat\u00f3rio para todos os cargos.<\/li>\n\n\n\n<li>Prova Pr\u00e1tico-Profissional \u2013 Discursiva de car\u00e1ter eliminat\u00f3rio e classificat\u00f3rio para todos os cargos.<\/li>\n\n\n\n<li> Prova de T\u00edtulos de car\u00e1ter classificat\u00f3rio para todos os cargos<\/li>\n<\/ul>\n\n\n\n<h3 class=\"wp-block-heading\" id=\"h-prova-objetiva\"><span id=\"prova-objetiva\">Prova Objetiva <\/span><\/h3>\n\n\n\n<p>A prova objetiva compreender\u00e1 quest\u00f5es de m\u00faltipla escolha \u2013 A, B, C, D \u2013 de acordo com conte\u00fado indicado abaixo:<\/p>\n\n\n<div class=\"wp-block-image\">\n<figure class=\"aligncenter size-large\"><img decoding=\"async\" width=\"1024\" height=\"482\" src=\"https:\/\/cj.estrategia.com\/portal\/wp-content\/uploads\/2024\/08\/02114753\/image-1-3-1024x482.png\" alt=\"\" class=\"wp-image-71262\" srcset=\"https:\/\/cj.estrategia.com\/portal\/wp-content\/uploads\/2024\/08\/02114753\/image-1-3-1024x482.png 1024w, https:\/\/cj.estrategia.com\/portal\/wp-content\/uploads\/2024\/08\/02114753\/image-1-3-300x141.png 300w, https:\/\/cj.estrategia.com\/portal\/wp-content\/uploads\/2024\/08\/02114753\/image-1-3-768x361.png 768w, https:\/\/cj.estrategia.com\/portal\/wp-content\/uploads\/2024\/08\/02114753\/image-1-3-380x179.png 380w, https:\/\/cj.estrategia.com\/portal\/wp-content\/uploads\/2024\/08\/02114753\/image-1-3-800x376.png 800w, https:\/\/cj.estrategia.com\/portal\/wp-content\/uploads\/2024\/08\/02114753\/image-1-3-150x71.png 150w, https:\/\/cj.estrategia.com\/portal\/wp-content\/uploads\/2024\/08\/02114753\/image-1-3.png 1105w\" sizes=\"(max-width: 1024px) 100vw, 1024px\" \/><\/figure>\n<\/div>\n\n\n<h3 class=\"wp-block-heading\" id=\"h-prova-discursiva\"><span id=\"prova-discursiva\">Prova Discursiva <\/span><\/h3>\n\n\n\n<p>A Prova \u00e9 de car\u00e1ter classificat\u00f3rio e eliminat\u00f3rio. Ser\u00e1 eliminado do Concurso P\u00fablico o candidato que n\u00e3o obtiver o m\u00ednimo de 50% (cinquenta por cento) do total dos pontos distribu\u00eddos na Prova discursiva.<\/p>\n\n\n\n<p>A nota da Prova discursiva pode atingir o valor m\u00e1ximo de 30 pontos e ser\u00e1 composta de duas partes:<\/p>\n\n\n\n<p>1\u00aa parte: Reda\u00e7\u00e3o de pe\u00e7a profissional, valendo 20,00 (vinte) pontos, acerca de tema da \u00e1rea jur\u00eddica do seu correspondente direito processual, observando, sempre que poss\u00edvel, a interdisciplinaridade, com o mesmo conte\u00fado program\u00e1tico da prova objetiva.<\/p>\n\n\n\n<p>2\u00aa parte: Respostas a 2 (duas) quest\u00f5es discursivas, sob a forma de situa\u00e7\u00f5es-problema, observando, sempre que poss\u00edvel, a interdisciplinaridade, valendo, no m\u00e1ximo, 05 (cinco) pontos cada, relativas \u00e0 \u00e1rea do correspondente direito processual.<\/p>\n\n\n\n<p>Para a reda\u00e7\u00e3o da pe\u00e7a profissional e das respostas \u00e0s quest\u00f5es discursivas, a extens\u00e3o m\u00ednima ser\u00e1 de 20 (vinte) linhas e m\u00e1xima de 30 (trinta) linhas para cada reda\u00e7\u00e3o. Ser\u00e1 desconsiderado, para efeito de avalia\u00e7\u00e3o, qualquer fragmento de texto que for escrito fora do local apropriado ou que ultrapassar a extens\u00e3o m\u00e1xima permitida, sendo considerado somente o referido desvio para fins de penaliza\u00e7\u00e3o quanto \u00e0 inobserv\u00e2ncia dos limites das margens e extens\u00e3o m\u00e1xima de linhas.<\/p>\n\n\n\n<h3 class=\"wp-block-heading\" id=\"h-prova-de-titulos\"><span id=\"prova-de-titulos\">Prova de T\u00edtulos<\/span><\/h3>\n\n\n\n<figure class=\"wp-block-image size-full\"><img decoding=\"async\" width=\"1023\" height=\"741\" src=\"https:\/\/cj.estrategia.com\/portal\/wp-content\/uploads\/2024\/08\/02115523\/image-1-4.png\" alt=\"\" class=\"wp-image-71273\" srcset=\"https:\/\/cj.estrategia.com\/portal\/wp-content\/uploads\/2024\/08\/02115523\/image-1-4.png 1023w, https:\/\/cj.estrategia.com\/portal\/wp-content\/uploads\/2024\/08\/02115523\/image-1-4-300x217.png 300w, https:\/\/cj.estrategia.com\/portal\/wp-content\/uploads\/2024\/08\/02115523\/image-1-4-768x556.png 768w, https:\/\/cj.estrategia.com\/portal\/wp-content\/uploads\/2024\/08\/02115523\/image-1-4-380x275.png 380w, https:\/\/cj.estrategia.com\/portal\/wp-content\/uploads\/2024\/08\/02115523\/image-1-4-800x579.png 800w, https:\/\/cj.estrategia.com\/portal\/wp-content\/uploads\/2024\/08\/02115523\/image-1-4-150x109.png 150w\" sizes=\"(max-width: 1023px) 100vw, 1023px\" \/><\/figure>\n\n\n\n<h2 class=\"wp-block-heading has-text-align-center\" id=\"cursos\"><span id=\"quer-saber-tudo-sobre-concursos-previstosconfira-nossos-artigos\">Quer saber tudo sobre concursos previstos?<br><strong>Confira nossos artigos!<\/strong> <\/span><\/h2>\n\n\n\n<ul class=\"wp-block-list\">\n<li><a href=\"https:\/\/cj.estrategia.com\/portal\/concursos-abertos-carreiras-juridicas\/\" target=\"_blank\" >Concursos jur\u00eddicos abertos<\/a><\/li>\n\n\n\n<li><a href=\"https:\/\/cj.estrategia.com\/portal\/concursos-juridicos-2026-prepare-se-para-os-proximos-editais\/\" target=\"_blank\" >Concursos Jur\u00eddicos 2026<\/a><\/li>\n\n\n\n<li><a href=\"https:\/\/cj.estrategia.com\/portal\/concursos-advogados\/\" target=\"_blank\" >Concursos Advogados<\/a><\/li>\n<\/ul>\n\n\n\n<h2 class=\"wp-block-heading has-text-align-center\" id=\"cursos\"><span id=\"quer-estudar-para-concurso-advogado-pacatuba-ce\">Quer estudar para Concurso Advogado Pacatuba CE?<\/span><\/h2>\n\n\n\n<p class=\"has-text-align-center\"><em>Gostou desta oportunidade e deseja come\u00e7ar se preparar agora mesmo? Ent\u00e3o, confira os nossos cursos e comece a estudar:<\/em><\/p>\n\n\n\n<div class=\"wp-block-cover\" style=\"min-height:155px;aspect-ratio:unset;\"><img decoding=\"async\" width=\"1890\" height=\"351\" class=\"wp-block-cover__image-background wp-image-8669\" alt=\"Assinaturas Jur\u00eddicas\" src=\"https:\/\/cj.estrategia.com\/portal\/wp-content\/uploads\/2022\/06\/20151253\/concurso-carreiras-juridicas-assinatura-juridica.jpg\" style=\"object-position:78% 43%\" data-object-fit=\"cover\" data-object-position=\"78% 43%\" srcset=\"https:\/\/cj.estrategia.com\/portal\/wp-content\/uploads\/2022\/06\/20151253\/concurso-carreiras-juridicas-assinatura-juridica.jpg 1890w, https:\/\/cj.estrategia.com\/portal\/wp-content\/uploads\/2022\/06\/20151253\/concurso-carreiras-juridicas-assinatura-juridica-300x56.jpg 300w, https:\/\/cj.estrategia.com\/portal\/wp-content\/uploads\/2022\/06\/20151253\/concurso-carreiras-juridicas-assinatura-juridica-1024x190.jpg 1024w, https:\/\/cj.estrategia.com\/portal\/wp-content\/uploads\/2022\/06\/20151253\/concurso-carreiras-juridicas-assinatura-juridica-768x143.jpg 768w, https:\/\/cj.estrategia.com\/portal\/wp-content\/uploads\/2022\/06\/20151253\/concurso-carreiras-juridicas-assinatura-juridica-1536x285.jpg 1536w, https:\/\/cj.estrategia.com\/portal\/wp-content\/uploads\/2022\/06\/20151253\/concurso-carreiras-juridicas-assinatura-juridica-380x71.jpg 380w, https:\/\/cj.estrategia.com\/portal\/wp-content\/uploads\/2022\/06\/20151253\/concurso-carreiras-juridicas-assinatura-juridica-800x149.jpg 800w, https:\/\/cj.estrategia.com\/portal\/wp-content\/uploads\/2022\/06\/20151253\/concurso-carreiras-juridicas-assinatura-juridica-1160x215.jpg 1160w\" sizes=\"(max-width: 1890px) 100vw, 1890px\" \/><span aria-hidden=\"true\" class=\"wp-block-cover__background has-background-dim\"><\/span><div class=\"wp-block-cover__inner-container is-layout-flow wp-block-cover-is-layout-flow\">\n<h3 id=\"faca-a-sua-assinatura\" class=\"titulo-assinatura\"><span style=\"color: #ffffff;\">Fa\u00e7a a sua assinatura!<\/span><\/h3>\n<p class=\"subtitulo-assinatura\" style=\"display:block!important; line-height: 0;\"><span style=\"color: #ffffff;\">Escolha a sua \u00e1rea.<\/span><\/p>\n<a target=\"_blank\" href=\"https:\/\/www.estrategiaconcursos.com.br\/assinaturas-ecj\/\" rel=\"noopener\"><button style=\"border-radius: 10px; text-transform: capitalize;\">Acessar<\/button><\/a>\n<\/div><\/div>\n\n\n\n<figure class=\"wp-block-image size-large is-resized\"><img decoding=\"async\" src=\"https:\/\/dhg1h5j42swfq.cloudfront.net\/2021\/04\/21143859\/ficha-tecnica-161-1024x632.png\" alt=\"concurso tjm mg ficha t\u00e9cnica\" class=\"wp-image-720407\" style=\"width:162px;height:100px\"\/><\/figure>\n\n\n\n<p><strong><span style=\"font-size: 14pt; color: #000000;\">Informa\u00e7\u00f5es do Concurso Advogado Pacatuba CE<\/span><\/strong><\/p>\n\n\n\n<ul class=\"wp-block-list\">\n<li><strong><span style=\"color: #000000;\">Data das provas:<\/span> 17\/11\/2024<\/strong><\/li>\n\n\n\n<li><strong><span style=\"color: #000000;\">Vagas:<\/span> 2<\/strong><\/li>\n\n\n\n<li><strong><span style=\"color: #000000;\">Cargos:<\/span> Advogado<\/strong><\/li>\n\n\n\n<li><strong><span style=\"color: #000000;\">Banca: <\/span>Instituto Consulpam<\/strong><\/li>\n\n\n\n<li><strong><span style=\"color: #000000;\">Escolaridade: <\/span>Curso Superior Completo em Direito e registro no Conselho de Classe competente<\/strong><\/li>\n<\/ul>\n","protected":false},"excerpt":{"rendered":"A 2\u00aa Vara da comarca de Pacatuba acatou pedido do Minist\u00e9rio P\u00fablico do Estado do Cear\u00e1 e determinou&hellip;\n","protected":false},"author":12,"featured_media":67166,"comment_status":"open","ping_status":"open","sticky":false,"template":"","format":"standard","meta":{"_jetpack_memberships_contains_paid_content":false,"footnotes":""},"categories":[1],"tags":[],"tax_estado":[35],"class_list":{"0":"post-71284","1":"post","2":"type-post","3":"status-publish","4":"format-standard","5":"has-post-thumbnail","7":"category-carreiras-juridicas","8":"tax_estado-ce"},"acf":[],"yoast_head":"<!-- This site is optimized with the Yoast SEO Premium plugin v27.5 (Yoast SEO v27.5) - https:\/\/yoast.com\/product\/yoast-seo-premium-wordpress\/ -->\n<title>Concurso Advogado Pacatuba CE: MP CE suspendeu o certame!<\/title>\n<meta name=\"description\" content=\"Concurso Advogado Pacatuba CE: edital SUSPENSO! Saiba mais informa\u00e7\u00f5es neste artigo.\" \/>\n<meta name=\"robots\" content=\"index, follow, max-snippet:-1, max-image-preview:large, max-video-preview:-1\" \/>\n<link rel=\"canonical\" href=\"https:\/\/cj.estrategia.com\/portal\/concurso-advogado-pacatuba-ce\/\" \/>\n<meta property=\"og:locale\" content=\"pt_BR\" \/>\n<meta property=\"og:type\" content=\"article\" \/>\n<meta property=\"og:title\" content=\"Concurso Advogado Pacatuba CE: MP CE suspendeu o certame!\" \/>\n<meta property=\"og:description\" content=\"Concurso Advogado Pacatuba CE: edital SUSPENSO! Saiba mais informa\u00e7\u00f5es neste artigo.\" \/>\n<meta property=\"og:url\" content=\"https:\/\/cj.estrategia.com\/portal\/concurso-advogado-pacatuba-ce\/\" \/>\n<meta property=\"og:site_name\" content=\"Blog - Carreiras Jur\u00eddicas - Estrat\u00e9gia\" \/>\n<meta property=\"article:publisher\" content=\"https:\/\/www.facebook.com\/estrategiacarreirajuridica\/\" \/>\n<meta property=\"article:published_time\" content=\"2025-03-06T13:00:00+00:00\" \/>\n<meta property=\"article:modified_time\" content=\"2025-12-18T00:48:46+00:00\" \/>\n<meta property=\"og:image\" content=\"https:\/\/cj.estrategia.com\/portal\/wp-content\/uploads\/2024\/06\/26133407\/concurso_advogados.jpg\" \/>\n\t<meta property=\"og:image:width\" content=\"300\" \/>\n\t<meta property=\"og:image:height\" content=\"200\" \/>\n\t<meta property=\"og:image:type\" content=\"image\/jpeg\" \/>\n<meta name=\"author\" content=\"Coordena\u00e7\u00e3o\" \/>\n<meta name=\"twitter:card\" content=\"summary_large_image\" \/>\n<meta name=\"twitter:creator\" content=\"@EstratJuridica\" \/>\n<meta name=\"twitter:site\" content=\"@EstratJuridica\" \/>\n<meta name=\"twitter:label1\" content=\"Escrito por\" \/>\n\t<meta name=\"twitter:data1\" content=\"Coordena\u00e7\u00e3o\" \/>\n\t<meta name=\"twitter:label2\" content=\"Est. tempo de leitura\" \/>\n\t<meta name=\"twitter:data2\" content=\"4 minutos\" \/>\n<script type=\"application\/ld+json\" class=\"yoast-schema-graph\">{\"@context\":\"https:\\\/\\\/schema.org\",\"@graph\":[{\"@type\":\"NewsArticle\",\"@id\":\"https:\\\/\\\/cj.estrategia.com\\\/portal\\\/concurso-advogado-pacatuba-ce\\\/#article\",\"isPartOf\":{\"@id\":\"https:\\\/\\\/cj.estrategia.com\\\/portal\\\/concurso-advogado-pacatuba-ce\\\/\"},\"author\":{\"name\":\"Coordena\u00e7\u00e3o\",\"@id\":\"https:\\\/\\\/cj.estrategia.com\\\/portal\\\/#\\\/schema\\\/person\\\/4d70317d31449932b99102916b6637f5\"},\"headline\":\"Concurso Advogado Pacatuba CE: MP CE suspendeu o certame!\",\"datePublished\":\"2025-03-06T13:00:00+00:00\",\"dateModified\":\"2025-12-18T00:48:46+00:00\",\"mainEntityOfPage\":{\"@id\":\"https:\\\/\\\/cj.estrategia.com\\\/portal\\\/concurso-advogado-pacatuba-ce\\\/\"},\"wordCount\":537,\"commentCount\":0,\"publisher\":{\"@id\":\"https:\\\/\\\/cj.estrategia.com\\\/portal\\\/#organization\"},\"image\":{\"@id\":\"https:\\\/\\\/cj.estrategia.com\\\/portal\\\/concurso-advogado-pacatuba-ce\\\/#primaryimage\"},\"thumbnailUrl\":\"https:\\\/\\\/cj.estrategia.com\\\/portal\\\/wp-content\\\/uploads\\\/2024\\\/06\\\/26133407\\\/concurso_advogados.jpg\",\"articleSection\":[\"Carreiras Jur\u00eddicas\"],\"inLanguage\":\"pt-BR\",\"potentialAction\":[{\"@type\":\"CommentAction\",\"name\":\"Comment\",\"target\":[\"https:\\\/\\\/cj.estrategia.com\\\/portal\\\/concurso-advogado-pacatuba-ce\\\/#respond\"]}]},{\"@type\":\"WebPage\",\"@id\":\"https:\\\/\\\/cj.estrategia.com\\\/portal\\\/concurso-advogado-pacatuba-ce\\\/\",\"url\":\"https:\\\/\\\/cj.estrategia.com\\\/portal\\\/concurso-advogado-pacatuba-ce\\\/\",\"name\":\"Concurso Advogado Pacatuba CE: MP CE suspendeu o certame!\",\"isPartOf\":{\"@id\":\"https:\\\/\\\/cj.estrategia.com\\\/portal\\\/#website\"},\"primaryImageOfPage\":{\"@id\":\"https:\\\/\\\/cj.estrategia.com\\\/portal\\\/concurso-advogado-pacatuba-ce\\\/#primaryimage\"},\"image\":{\"@id\":\"https:\\\/\\\/cj.estrategia.com\\\/portal\\\/concurso-advogado-pacatuba-ce\\\/#primaryimage\"},\"thumbnailUrl\":\"https:\\\/\\\/cj.estrategia.com\\\/portal\\\/wp-content\\\/uploads\\\/2024\\\/06\\\/26133407\\\/concurso_advogados.jpg\",\"datePublished\":\"2025-03-06T13:00:00+00:00\",\"dateModified\":\"2025-12-18T00:48:46+00:00\",\"description\":\"Concurso Advogado Pacatuba CE: edital SUSPENSO! Saiba mais informa\u00e7\u00f5es neste artigo.\",\"breadcrumb\":{\"@id\":\"https:\\\/\\\/cj.estrategia.com\\\/portal\\\/concurso-advogado-pacatuba-ce\\\/#breadcrumb\"},\"inLanguage\":\"pt-BR\",\"potentialAction\":[{\"@type\":\"ReadAction\",\"target\":[\"https:\\\/\\\/cj.estrategia.com\\\/portal\\\/concurso-advogado-pacatuba-ce\\\/\"]}]},{\"@type\":\"ImageObject\",\"inLanguage\":\"pt-BR\",\"@id\":\"https:\\\/\\\/cj.estrategia.com\\\/portal\\\/concurso-advogado-pacatuba-ce\\\/#primaryimage\",\"url\":\"https:\\\/\\\/cj.estrategia.com\\\/portal\\\/wp-content\\\/uploads\\\/2024\\\/06\\\/26133407\\\/concurso_advogados.jpg\",\"contentUrl\":\"https:\\\/\\\/cj.estrategia.com\\\/portal\\\/wp-content\\\/uploads\\\/2024\\\/06\\\/26133407\\\/concurso_advogados.jpg\",\"width\":300,\"height\":200},{\"@type\":\"BreadcrumbList\",\"@id\":\"https:\\\/\\\/cj.estrategia.com\\\/portal\\\/concurso-advogado-pacatuba-ce\\\/#breadcrumb\",\"itemListElement\":[{\"@type\":\"ListItem\",\"position\":1,\"name\":\"In\u00edcio\",\"item\":\"https:\\\/\\\/cj.estrategia.com\\\/portal\\\/\"},{\"@type\":\"ListItem\",\"position\":2,\"name\":\"Concurso Advogado Pacatuba CE: MP CE suspendeu o certame!\"}]},{\"@type\":\"WebSite\",\"@id\":\"https:\\\/\\\/cj.estrategia.com\\\/portal\\\/#website\",\"url\":\"https:\\\/\\\/cj.estrategia.com\\\/portal\\\/\",\"name\":\"Blog - Carreiras Jur\u00eddicas - Estrat\u00e9gia\",\"description\":\"\",\"publisher\":{\"@id\":\"https:\\\/\\\/cj.estrategia.com\\\/portal\\\/#organization\"},\"potentialAction\":[{\"@type\":\"SearchAction\",\"target\":{\"@type\":\"EntryPoint\",\"urlTemplate\":\"https:\\\/\\\/cj.estrategia.com\\\/portal\\\/?s={search_term_string}\"},\"query-input\":{\"@type\":\"PropertyValueSpecification\",\"valueRequired\":true,\"valueName\":\"search_term_string\"}}],\"inLanguage\":\"pt-BR\"},{\"@type\":\"Organization\",\"@id\":\"https:\\\/\\\/cj.estrategia.com\\\/portal\\\/#organization\",\"name\":\"Estrat\u00e9gia - Carreiras Jur\u00eddicas\",\"url\":\"https:\\\/\\\/cj.estrategia.com\\\/portal\\\/\",\"logo\":{\"@type\":\"ImageObject\",\"inLanguage\":\"pt-BR\",\"@id\":\"https:\\\/\\\/cj.estrategia.com\\\/portal\\\/#\\\/schema\\\/logo\\\/image\\\/\",\"url\":\"https:\\\/\\\/cj.estrategia.com\\\/portal\\\/wp-content\\\/uploads\\\/2022\\\/03\\\/11151052\\\/cj-logo.png\",\"contentUrl\":\"https:\\\/\\\/cj.estrategia.com\\\/portal\\\/wp-content\\\/uploads\\\/2022\\\/03\\\/11151052\\\/cj-logo.png\",\"width\":150,\"height\":39,\"caption\":\"Estrat\u00e9gia - Carreiras Jur\u00eddicas\"},\"image\":{\"@id\":\"https:\\\/\\\/cj.estrategia.com\\\/portal\\\/#\\\/schema\\\/logo\\\/image\\\/\"},\"sameAs\":[\"https:\\\/\\\/www.facebook.com\\\/estrategiacarreirajuridica\\\/\",\"https:\\\/\\\/x.com\\\/EstratJuridica\",\"https:\\\/\\\/www.instagram.com\\\/estrategiacarreirajuridica\\\/\",\"https:\\\/\\\/www.youtube.com\\\/channel\\\/UClbMGuYbj2Mh1m3w144ETWQ\"]},{\"@type\":\"Person\",\"@id\":\"https:\\\/\\\/cj.estrategia.com\\\/portal\\\/#\\\/schema\\\/person\\\/4d70317d31449932b99102916b6637f5\",\"name\":\"Coordena\u00e7\u00e3o\",\"image\":{\"@type\":\"ImageObject\",\"inLanguage\":\"pt-BR\",\"@id\":\"https:\\\/\\\/cj.estrategia.com\\\/portal\\\/wp-content\\\/uploads\\\/2022\\\/05\\\/12164923\\\/estrategia-carreira-juridica-coordenacao-96x96.png\",\"url\":\"https:\\\/\\\/cj.estrategia.com\\\/portal\\\/wp-content\\\/uploads\\\/2022\\\/05\\\/12164923\\\/estrategia-carreira-juridica-coordenacao-96x96.png\",\"contentUrl\":\"https:\\\/\\\/cj.estrategia.com\\\/portal\\\/wp-content\\\/uploads\\\/2022\\\/05\\\/12164923\\\/estrategia-carreira-juridica-coordenacao-96x96.png\",\"caption\":\"Coordena\u00e7\u00e3o\"},\"url\":\"https:\\\/\\\/cj.estrategia.com\\\/portal\\\/author\\\/coordenacao\\\/\"}]}<\/script>\n<!-- \/ Yoast SEO Premium plugin. -->","yoast_head_json":{"title":"Concurso Advogado Pacatuba CE: MP CE suspendeu o certame!","description":"Concurso Advogado Pacatuba CE: edital SUSPENSO! Saiba mais informa\u00e7\u00f5es neste artigo.","robots":{"index":"index","follow":"follow","max-snippet":"max-snippet:-1","max-image-preview":"max-image-preview:large","max-video-preview":"max-video-preview:-1"},"canonical":"https:\/\/cj.estrategia.com\/portal\/concurso-advogado-pacatuba-ce\/","og_locale":"pt_BR","og_type":"article","og_title":"Concurso Advogado Pacatuba CE: MP CE suspendeu o certame!","og_description":"Concurso Advogado Pacatuba CE: edital SUSPENSO! Saiba mais informa\u00e7\u00f5es neste artigo.","og_url":"https:\/\/cj.estrategia.com\/portal\/concurso-advogado-pacatuba-ce\/","og_site_name":"Blog - Carreiras Jur\u00eddicas - Estrat\u00e9gia","article_publisher":"https:\/\/www.facebook.com\/estrategiacarreirajuridica\/","article_published_time":"2025-03-06T13:00:00+00:00","article_modified_time":"2025-12-18T00:48:46+00:00","og_image":[{"width":300,"height":200,"url":"https:\/\/cj.estrategia.com\/portal\/wp-content\/uploads\/2024\/06\/26133407\/concurso_advogados.jpg","type":"image\/jpeg"}],"author":"Coordena\u00e7\u00e3o","twitter_card":"summary_large_image","twitter_creator":"@EstratJuridica","twitter_site":"@EstratJuridica","twitter_misc":{"Escrito por":"Coordena\u00e7\u00e3o","Est. tempo de leitura":"4 minutos"},"schema":{"@context":"https:\/\/schema.org","@graph":[{"@type":"NewsArticle","@id":"https:\/\/cj.estrategia.com\/portal\/concurso-advogado-pacatuba-ce\/#article","isPartOf":{"@id":"https:\/\/cj.estrategia.com\/portal\/concurso-advogado-pacatuba-ce\/"},"author":{"name":"Coordena\u00e7\u00e3o","@id":"https:\/\/cj.estrategia.com\/portal\/#\/schema\/person\/4d70317d31449932b99102916b6637f5"},"headline":"Concurso Advogado Pacatuba CE: MP CE suspendeu o certame!","datePublished":"2025-03-06T13:00:00+00:00","dateModified":"2025-12-18T00:48:46+00:00","mainEntityOfPage":{"@id":"https:\/\/cj.estrategia.com\/portal\/concurso-advogado-pacatuba-ce\/"},"wordCount":537,"commentCount":0,"publisher":{"@id":"https:\/\/cj.estrategia.com\/portal\/#organization"},"image":{"@id":"https:\/\/cj.estrategia.com\/portal\/concurso-advogado-pacatuba-ce\/#primaryimage"},"thumbnailUrl":"https:\/\/cj.estrategia.com\/portal\/wp-content\/uploads\/2024\/06\/26133407\/concurso_advogados.jpg","articleSection":["Carreiras Jur\u00eddicas"],"inLanguage":"pt-BR","potentialAction":[{"@type":"CommentAction","name":"Comment","target":["https:\/\/cj.estrategia.com\/portal\/concurso-advogado-pacatuba-ce\/#respond"]}]},{"@type":"WebPage","@id":"https:\/\/cj.estrategia.com\/portal\/concurso-advogado-pacatuba-ce\/","url":"https:\/\/cj.estrategia.com\/portal\/concurso-advogado-pacatuba-ce\/","name":"Concurso Advogado Pacatuba CE: MP CE suspendeu o certame!","isPartOf":{"@id":"https:\/\/cj.estrategia.com\/portal\/#website"},"primaryImageOfPage":{"@id":"https:\/\/cj.estrategia.com\/portal\/concurso-advogado-pacatuba-ce\/#primaryimage"},"image":{"@id":"https:\/\/cj.estrategia.com\/portal\/concurso-advogado-pacatuba-ce\/#primaryimage"},"thumbnailUrl":"https:\/\/cj.estrategia.com\/portal\/wp-content\/uploads\/2024\/06\/26133407\/concurso_advogados.jpg","datePublished":"2025-03-06T13:00:00+00:00","dateModified":"2025-12-18T00:48:46+00:00","description":"Concurso Advogado Pacatuba CE: edital SUSPENSO! Saiba mais informa\u00e7\u00f5es neste artigo.","breadcrumb":{"@id":"https:\/\/cj.estrategia.com\/portal\/concurso-advogado-pacatuba-ce\/#breadcrumb"},"inLanguage":"pt-BR","potentialAction":[{"@type":"ReadAction","target":["https:\/\/cj.estrategia.com\/portal\/concurso-advogado-pacatuba-ce\/"]}]},{"@type":"ImageObject","inLanguage":"pt-BR","@id":"https:\/\/cj.estrategia.com\/portal\/concurso-advogado-pacatuba-ce\/#primaryimage","url":"https:\/\/cj.estrategia.com\/portal\/wp-content\/uploads\/2024\/06\/26133407\/concurso_advogados.jpg","contentUrl":"https:\/\/cj.estrategia.com\/portal\/wp-content\/uploads\/2024\/06\/26133407\/concurso_advogados.jpg","width":300,"height":200},{"@type":"BreadcrumbList","@id":"https:\/\/cj.estrategia.com\/portal\/concurso-advogado-pacatuba-ce\/#breadcrumb","itemListElement":[{"@type":"ListItem","position":1,"name":"In\u00edcio","item":"https:\/\/cj.estrategia.com\/portal\/"},{"@type":"ListItem","position":2,"name":"Concurso Advogado Pacatuba CE: MP CE suspendeu o certame!"}]},{"@type":"WebSite","@id":"https:\/\/cj.estrategia.com\/portal\/#website","url":"https:\/\/cj.estrategia.com\/portal\/","name":"Blog - Carreiras Jur\u00eddicas - Estrat\u00e9gia","description":"","publisher":{"@id":"https:\/\/cj.estrategia.com\/portal\/#organization"},"potentialAction":[{"@type":"SearchAction","target":{"@type":"EntryPoint","urlTemplate":"https:\/\/cj.estrategia.com\/portal\/?s={search_term_string}"},"query-input":{"@type":"PropertyValueSpecification","valueRequired":true,"valueName":"search_term_string"}}],"inLanguage":"pt-BR"},{"@type":"Organization","@id":"https:\/\/cj.estrategia.com\/portal\/#organization","name":"Estrat\u00e9gia - Carreiras Jur\u00eddicas","url":"https:\/\/cj.estrategia.com\/portal\/","logo":{"@type":"ImageObject","inLanguage":"pt-BR","@id":"https:\/\/cj.estrategia.com\/portal\/#\/schema\/logo\/image\/","url":"https:\/\/cj.estrategia.com\/portal\/wp-content\/uploads\/2022\/03\/11151052\/cj-logo.png","contentUrl":"https:\/\/cj.estrategia.com\/portal\/wp-content\/uploads\/2022\/03\/11151052\/cj-logo.png","width":150,"height":39,"caption":"Estrat\u00e9gia - Carreiras Jur\u00eddicas"},"image":{"@id":"https:\/\/cj.estrategia.com\/portal\/#\/schema\/logo\/image\/"},"sameAs":["https:\/\/www.facebook.com\/estrategiacarreirajuridica\/","https:\/\/x.com\/EstratJuridica","https:\/\/www.instagram.com\/estrategiacarreirajuridica\/","https:\/\/www.youtube.com\/channel\/UClbMGuYbj2Mh1m3w144ETWQ"]},{"@type":"Person","@id":"https:\/\/cj.estrategia.com\/portal\/#\/schema\/person\/4d70317d31449932b99102916b6637f5","name":"Coordena\u00e7\u00e3o","image":{"@type":"ImageObject","inLanguage":"pt-BR","@id":"https:\/\/cj.estrategia.com\/portal\/wp-content\/uploads\/2022\/05\/12164923\/estrategia-carreira-juridica-coordenacao-96x96.png","url":"https:\/\/cj.estrategia.com\/portal\/wp-content\/uploads\/2022\/05\/12164923\/estrategia-carreira-juridica-coordenacao-96x96.png","contentUrl":"https:\/\/cj.estrategia.com\/portal\/wp-content\/uploads\/2022\/05\/12164923\/estrategia-carreira-juridica-coordenacao-96x96.png","caption":"Coordena\u00e7\u00e3o"},"url":"https:\/\/cj.estrategia.com\/portal\/author\/coordenacao\/"}]}},"jetpack_featured_media_url":"https:\/\/cj.estrategia.com\/portal\/wp-content\/uploads\/2024\/06\/26133407\/concurso_advogados.jpg","jetpack_sharing_enabled":true,"_links":{"self":[{"href":"https:\/\/cj.estrategia.com\/portal\/wp-json\/wp\/v2\/posts\/71284","targetHints":{"allow":["GET"]}}],"collection":[{"href":"https:\/\/cj.estrategia.com\/portal\/wp-json\/wp\/v2\/posts"}],"about":[{"href":"https:\/\/cj.estrategia.com\/portal\/wp-json\/wp\/v2\/types\/post"}],"author":[{"embeddable":true,"href":"https:\/\/cj.estrategia.com\/portal\/wp-json\/wp\/v2\/users\/12"}],"replies":[{"embeddable":true,"href":"https:\/\/cj.estrategia.com\/portal\/wp-json\/wp\/v2\/comments?post=71284"}],"version-history":[{"count":0,"href":"https:\/\/cj.estrategia.com\/portal\/wp-json\/wp\/v2\/posts\/71284\/revisions"}],"wp:featuredmedia":[{"embeddable":true,"href":"https:\/\/cj.estrategia.com\/portal\/wp-json\/wp\/v2\/media\/67166"}],"wp:attachment":[{"href":"https:\/\/cj.estrategia.com\/portal\/wp-json\/wp\/v2\/media?parent=71284"}],"wp:term":[{"taxonomy":"category","embeddable":true,"href":"https:\/\/cj.estrategia.com\/portal\/wp-json\/wp\/v2\/categories?post=71284"},{"taxonomy":"post_tag","embeddable":true,"href":"https:\/\/cj.estrategia.com\/portal\/wp-json\/wp\/v2\/tags?post=71284"},{"taxonomy":"tax_estado","embeddable":true,"href":"https:\/\/cj.estrategia.com\/portal\/wp-json\/wp\/v2\/tax_estado?post=71284"}],"curies":[{"name":"wp","href":"https:\/\/api.w.org\/{rel}","templated":true}]}}