{"id":71087,"date":"2024-07-31T21:59:34","date_gmt":"2024-08-01T00:59:34","guid":{"rendered":"https:\/\/cj.estrategia.com\/portal\/?p=71087"},"modified":"2024-08-08T15:54:14","modified_gmt":"2024-08-08T18:54:14","slug":"alexandre-de-moraes-na-guilhotina","status":"publish","type":"post","link":"https:\/\/cj.estrategia.com\/portal\/alexandre-de-moraes-na-guilhotina\/","title":{"rendered":"Alexandre de Moraes na guilhotina: incita\u00e7\u00e3o ao crime?"},"content":{"rendered":"\n<p>O Ministro Alexandre de Moraes autoriza investigar, por incita\u00e7\u00e3o ao crime, prefeito que sugeriu coloc\u00e1-lo em guilhotina.<\/p>\n\n\n\n<p class=\"has-small-font-size\"><strong>* Thiago de Paula Leite \u00e9 procurador do Estado de S\u00e3o Paulo e professor de direito ambiental e agr\u00e1rio do Estrat\u00e9gia.<\/strong><\/p>\n\n\n\n<h2 class=\"wp-block-heading\" id=\"h-entenda-o-caso\"><span id=\"entenda-o-caso\">Entenda o caso<\/span><\/h2>\n\n\n\n<p>O prefeito de Farroupilha\/RS, Fabiano Feltrin, afirmou, em transmiss\u00e3o ao vivo pelo Instagram, que se fosse fazer uma homenagem ao Ministro Alexandre de Moraes, esta seria <strong><mark style=\"background-color:rgba(0, 0, 0, 0)\" class=\"has-inline-color has-vivid-red-color\">coloc\u00e1-lo na guilhotina<\/mark><\/strong>.<\/p>\n\n\n\n<div class=\"wp-block-media-text is-stacked-on-mobile\"><figure class=\"wp-block-media-text__media\"><img decoding=\"async\" width=\"127\" height=\"147\" src=\"https:\/\/cj.estrategia.com\/portal\/wp-content\/uploads\/2024\/07\/31212642\/Captura-de-tela-2024-07-31-212310.png\" alt=\"\" class=\"wp-image-71088 size-full\"\/><\/figure><div class=\"wp-block-media-text__content\">\n<p>&#8220;<strong><em>\u00c9 s\u00f3 botar ele aqui na guilhotina, \u00f3. T\u00e1 aqui a homenagem pra ele<\/em><\/strong>&#8220;, disse o prefeito, enquanto encenava uma decapita\u00e7\u00e3o na r\u00e9plica de uma guilhotina. O ato ocorreu durante visita a Farroupilha do ex-presidente Jair Bolsonaro, que estava pr\u00f3ximo ao prefeito.<\/p>\n<\/div><\/div>\n\n\n\n<p>Em decorr\u00eancia desse fato, Paulo Gonet, atual Procurador-Geral da Rep\u00fablica, acionou a Suprema Corte, solicitando a investiga\u00e7\u00e3o contra o prefeito &#8220;<em>diante da gravidade da conduta<\/em>&#8220;. No pedido, o PGR mencionou investiga\u00e7\u00f5es sobre a exist\u00eancia de uma <strong><em><mark style=\"background-color:rgba(0, 0, 0, 0)\" class=\"has-inline-color has-vivid-cyan-blue-color\">organiza\u00e7\u00e3o criminosa respons\u00e1vel por ataques sistem\u00e1ticos a seus advers\u00e1rios, ao sistema eleitoral e \u00e0s institui\u00e7\u00f5es p\u00fablicas, por meio da propaga\u00e7\u00e3o de not\u00edcias falsas e est\u00edmulo \u00e0 viol\u00eancia contra autoridades da Rep\u00fablica<\/mark><\/em><\/strong>.<\/p>\n\n\n\n<p>O ministro Alexandre de Moraes, ent\u00e3o, autorizou a abertura de investiga\u00e7\u00e3o por <strong><mark style=\"background-color:rgba(0, 0, 0, 0)\" class=\"has-inline-color has-vivid-red-color\">incita\u00e7\u00e3o ao crime<\/mark><\/strong> (crime do artigo 286 do C\u00f3digo Penal), concedendo prazo de 60 dias para a Pol\u00edcia Federal concluir as investiga\u00e7\u00f5es, e retirou qualquer sigilo sobre o caso.<\/p>\n\n\n\n<p>\u201c<em>Acolho a manifesta\u00e7\u00e3o da Procuradoria-Geral da Rep\u00fablica e determino o encaminhamento dos autos \u00e0 Pol\u00edcia Federal, para ado\u00e7\u00e3o das provid\u00eancias cab\u00edveis, apresentando relat\u00f3rio a esta Suprema Corte, no prazo de 60 (sessenta) dias<\/em>\u201d, afirmou o Ministro na decis\u00e3o.<\/p>\n\n\n\n<p>Ap\u00f3s o caso ganhar repercuss\u00e3o o prefeito divulgou nota negando qualquer incita\u00e7\u00e3o, alegando tratar-se de &#8220;<strong><em><mark style=\"background-color:rgba(0, 0, 0, 0)\" class=\"has-inline-color has-vivid-cyan-blue-color\">uma brincadeira<\/mark><\/em><\/strong>&#8221; com o nome do Ministro.<\/p>\n\n\n\n<p>Prossegue o prefeito:<\/p>\n\n\n<div class=\"wp-block-image\">\n<figure class=\"aligncenter size-full\"><img decoding=\"async\" width=\"522\" height=\"163\" src=\"https:\/\/cj.estrategia.com\/portal\/wp-content\/uploads\/2024\/07\/31213101\/Captura-de-tela-2024-07-31-213034.png\" alt=\"Alexandre\" class=\"wp-image-71090\" srcset=\"https:\/\/cj.estrategia.com\/portal\/wp-content\/uploads\/2024\/07\/31213101\/Captura-de-tela-2024-07-31-213034.png 522w, https:\/\/cj.estrategia.com\/portal\/wp-content\/uploads\/2024\/07\/31213101\/Captura-de-tela-2024-07-31-213034-300x94.png 300w, https:\/\/cj.estrategia.com\/portal\/wp-content\/uploads\/2024\/07\/31213101\/Captura-de-tela-2024-07-31-213034-380x119.png 380w, https:\/\/cj.estrategia.com\/portal\/wp-content\/uploads\/2024\/07\/31213101\/Captura-de-tela-2024-07-31-213034-150x47.png 150w\" sizes=\"(max-width: 522px) 100vw, 522px\" \/><\/figure>\n<\/div>\n\n\n<h2 class=\"wp-block-heading\" id=\"h-analise-juridica\"><span id=\"analise-juridica\">An\u00e1lise jur\u00eddica<\/span><\/h2>\n\n\n\n<p>Agora que j\u00e1 sabemos o que aconteceu, e o contexto que envolve o fato, vamos \u00e0 an\u00e1lise jur\u00eddica do epis\u00f3dio.<\/p>\n\n\n\n<h3 class=\"wp-block-heading\" id=\"h-incitacao-ao-crime-x-apologia-de-crime\"><span id=\"incitacao-ao-crime-x-apologia-de-crime\">Incita\u00e7\u00e3o ao crime x apologia de crime<\/span><\/h3>\n\n\n\n<p>O C\u00f3digo Penal prev\u00ea, em seu artigo 286, o crime de <strong><mark style=\"background-color:rgba(0, 0, 0, 0)\" class=\"has-inline-color has-vivid-red-color\">incita\u00e7\u00e3o ao crime<\/mark><\/strong>, que n\u00e3o se confunde com <strong><mark style=\"background-color:rgba(0, 0, 0, 0)\" class=\"has-inline-color has-vivid-red-color\">apologia de crime<\/mark><\/strong> (artigo 287). Ambos s\u00e3o crimes contra a paz p\u00fablica, e t\u00eam como sujeito passivo a coletividade, mas s\u00e3o fatos t\u00edpicos distintos.<\/p>\n\n\n<div class=\"wp-block-image\">\n<figure class=\"aligncenter size-full\"><img decoding=\"async\" width=\"467\" height=\"163\" src=\"https:\/\/cj.estrategia.com\/portal\/wp-content\/uploads\/2024\/07\/31213255\/Captura-de-tela-2024-07-31-213232.png\" alt=\"incita\u00e7\u00e3o ao crime\" class=\"wp-image-71091\" srcset=\"https:\/\/cj.estrategia.com\/portal\/wp-content\/uploads\/2024\/07\/31213255\/Captura-de-tela-2024-07-31-213232.png 467w, https:\/\/cj.estrategia.com\/portal\/wp-content\/uploads\/2024\/07\/31213255\/Captura-de-tela-2024-07-31-213232-300x105.png 300w, https:\/\/cj.estrategia.com\/portal\/wp-content\/uploads\/2024\/07\/31213255\/Captura-de-tela-2024-07-31-213232-380x133.png 380w, https:\/\/cj.estrategia.com\/portal\/wp-content\/uploads\/2024\/07\/31213255\/Captura-de-tela-2024-07-31-213232-150x52.png 150w\" sizes=\"(max-width: 467px) 100vw, 467px\" \/><\/figure>\n<\/div>\n\n\n<p>Importante lembrar que, para a configura\u00e7\u00e3o de ambos os delitos (incita\u00e7\u00e3o ao crime e apologia ao crime), \u00e9 essencial que o est\u00edmulo (no caso da incita\u00e7\u00e3o) e o elogio (no caso da apologia) <strong><mark style=\"background-color:rgba(0, 0, 0, 0)\" class=\"has-inline-color has-vivid-cyan-blue-color\">sejam p\u00fablicos<\/mark><\/strong>. N\u00e3o sendo punidas, portanto, as conversas havidas em ocasi\u00f5es mais reservadas, como numa reuni\u00e3o familiar, por exemplo.<\/p>\n\n\n\n<p>A doutrina elenca como elementos necess\u00e1rios para a configura\u00e7\u00e3o do crime de incita\u00e7\u00e3o ao crime:<\/p>\n\n\n\n<ul class=\"wp-block-list\">\n<li><strong>Incita\u00e7\u00e3o p\u00fablica<\/strong>: a incita\u00e7\u00e3o deve ocorrer publicamente, de modo que seja acess\u00edvel a um n\u00famero consider\u00e1vel de pessoas;<\/li>\n\n\n\n<li><strong>Pr\u00e1tica de crime<\/strong>: a incita\u00e7\u00e3o deve ser direcionada \u00e0 pr\u00e1tica de um crime espec\u00edfico;<\/li>\n\n\n\n<li><strong>Consci\u00eancia de que o ato \u00e9 um crime<\/strong>: o agente ativo deve estar ciente de que o que est\u00e1 fazendo \u00e9 um crime;<\/li>\n\n\n\n<li><strong>Vontade de que o crime seja cometido<\/strong>: o agente ativo deve querer de fato que o crime que est\u00e1 incitando seja feito.<\/li>\n<\/ul>\n\n\n\n<pre class=\"wp-block-preformatted\"><strong>C\u00f3digo Penal<\/strong>\n\n<strong>Incita\u00e7\u00e3o ao crime<\/strong>\n\nArt. 286 - Incitar, publicamente, a pr\u00e1tica de crime:\n\nPena - deten\u00e7\u00e3o, de tr\u00eas a seis meses, ou multa.\n\nPar\u00e1grafo \u00fanico. Incorre na mesma pena quem incita, publicamente, animosidade entre as For\u00e7as Armadas, ou delas contra os poderes constitucionais, as institui\u00e7\u00f5es civis ou a sociedade.\n\n<strong>Apologia de crime ou criminoso<\/strong>\n\nArt. 287 - Fazer, publicamente, apologia de fato criminoso ou de autor de crime:\n\nPena - deten\u00e7\u00e3o, de tr\u00eas a seis meses, ou multa.<\/pre>\n\n\n\n<p>A grande discuss\u00e3o aqui \u00e9 saber se a fala do prefeito se insere dentro da categoria jocosa, como mera piada ou brincadeira contra o Ministro, ou se, de fato, o discurso consistiu em est\u00edmulo direito e p\u00fablico ao cometimento de viol\u00eancia dirigida a Alexandre de Moraes. Neste \u00faltimo caso, o fato se enquadraria como crime de incita\u00e7\u00e3o ao crime.<\/p>\n\n\n\n<h3 class=\"wp-block-heading\" id=\"h-liberdade-de-expressao\"><span id=\"liberdade-de-expressao\">Liberdade de express\u00e3o<\/span><\/h3>\n\n\n\n<p>Importante lembrar que a nossa Constitui\u00e7\u00e3o garante o direito \u00e0 liberdade de express\u00e3o:<\/p>\n\n\n\n<pre class=\"wp-block-preformatted\">CF\/88\n\nArt. 5\u00ba Todos s\u00e3o iguais perante a lei, sem distin\u00e7\u00e3o de qualquer natureza, garantindo-se aos brasileiros e aos estrangeiros residentes no Pa\u00eds a inviolabilidade do direito \u00e0 vida, \u00e0 liberdade, \u00e0 igualdade, \u00e0 seguran\u00e7a e \u00e0 propriedade, nos termos seguintes...\n\n<strong>IV - \u00e9 livre a manifesta\u00e7\u00e3o do pensamento, sendo vedado o anonimato<\/strong>;\n\n...\n\nArt. 220. <strong>A manifesta\u00e7\u00e3o do pensamento, a cria\u00e7\u00e3o, a express\u00e3o e a informa\u00e7\u00e3o<\/strong>, sob qualquer forma, processo ou ve\u00edculo <strong>n\u00e3o sofrer\u00e3o qualquer restri\u00e7\u00e3o<\/strong>, observado o disposto nesta Constitui\u00e7\u00e3o.\n\n...\n\n<strong>\u00a7 2\u00ba \u00c9 vedada toda e qualquer censura de natureza pol\u00edtica, ideol\u00f3gica e art\u00edstica.<\/strong><\/pre>\n\n\n\n<p>Mas n\u00e3o existem direitos absolutos. Qualquer direito deve observar as balizas institu\u00eddas pelo pr\u00f3prio ordenamento jur\u00eddico. A liberdade de express\u00e3o, integrante das liberdades p\u00fablicas, \u00e9 cl\u00e1usula p\u00e9trea, mas n\u00e3o pode ser exercida de maneira a caluniar, difamar, injuriar, humilhar o destinat\u00e1rio da mensagem, ou mesmo para incitar a coletividade ao cometimento de crimes.<\/p>\n\n\n\n<h2 class=\"wp-block-heading\" id=\"h-investigacao-e-punicao\"><span id=\"investigacao-e-punicao\">Investiga\u00e7\u00e3o e puni\u00e7\u00e3o<\/span><\/h2>\n\n\n\n<p>Caber\u00e1 \u00e0 Pol\u00edcia Federal realizar as investiga\u00e7\u00f5es necess\u00e1rias, e ao Judici\u00e1rio fazer esse controle e essa pondera\u00e7\u00e3o no caso concreto, <strong><mark style=\"background-color:rgba(0, 0, 0, 0)\" class=\"has-inline-color has-vivid-red-color\">devendo afastar, de forma contundente, tanto a censura pr\u00e9via quanto a puni\u00e7\u00e3o por mera fala infeliz, sem o dolo espec\u00edfico e necess\u00e1rio para o cometimento do crime<\/mark><\/strong>.<\/p>\n\n\n\n<p>Tema sempre instigante, pol\u00eamico, e adequado para ser cobrado em provas de direito constitucional, direito penal e direitos humanos. Portanto, ficar atento.<\/p>\n\n\n\n<hr class=\"wp-block-separator has-alpha-channel-opacity\"\/>\n\n\n\n<h2 class=\"wp-block-heading has-text-align-center\" id=\"h-quer-saber-quais-serao-os-proximos-concursos\"><span id=\"quer-saber-quais-serao-os-proximos-concursos\">Quer saber quais ser\u00e3o os pr\u00f3ximos concursos?<\/span><\/h2>\n\n\n\n<p class=\"has-text-align-center\">Confira nossos&nbsp;<a href=\"https:\/\/cj.estrategia.com\/portal\/\" target=\"_blank\" >artigos para Carreiras Jur\u00eddicas<\/a>!<\/p>\n\n\n\n<p class=\"has-text-align-center has-white-color has-pale-cyan-blue-background-color has-text-color has-background has-link-color wp-elements-f3d5123bb0c8e11604d0c8c7f1ea8be8\"><a href=\"https:\/\/www.estrategiaconcursos.com.br\/blog\/concursos-abertos\/\" target=\"_blank\" >Confira os concursos p\u00fablicos abertos<\/a><\/p>\n\n\n\n<p class=\"has-text-align-center has-white-color has-pale-cyan-blue-background-color has-text-color has-background has-link-color wp-elements-94f2aad2f2b05ea3152ac5320a17d121\"><a href=\"https:\/\/cj.estrategia.com\/portal\/web-stories\/\" target=\"_blank\" >Concursos 2024<\/a><\/p>\n","protected":false},"excerpt":{"rendered":"O Ministro Alexandre de Moraes autoriza investigar, por incita\u00e7\u00e3o ao crime, prefeito que sugeriu coloc\u00e1-lo em guilhotina. *&hellip;\n","protected":false},"author":81,"featured_media":71095,"comment_status":"open","ping_status":"open","sticky":false,"template":"","format":"standard","meta":{"_jetpack_memberships_contains_paid_content":false,"footnotes":""},"categories":[1],"tags":[373,443,439,429,437,436,434,438,440,198,433,442,441,435],"tax_estado":[30,31,32,33,34,35,36,37,38,39,40,41,42,43,44,45,46,47,48,49,50,51,52,53,54,55,56,57],"class_list":{"0":"post-71087","1":"post","2":"type-post","3":"status-publish","4":"format-standard","5":"has-post-thumbnail","7":"category-carreiras-juridicas","8":"tag-alexandre-de-moraes","9":"tag-apologia-de-crime","10":"tag-bolsonaro","11":"tag-brincadeira","12":"tag-fabiano-feltrin","13":"tag-farroupilha","14":"tag-guilhotina","15":"tag-incitacao-ao-crime","16":"tag-jair-bolsonaro","17":"tag-liberdade-de-expressao","18":"tag-moraes","19":"tag-pgr","20":"tag-prefeito","21":"tag-prefeito-de-farroupilha","22":"tax_estado-ac","23":"tax_estado-al","24":"tax_estado-am","25":"tax_estado-ap","26":"tax_estado-ba","27":"tax_estado-ce","28":"tax_estado-concursos-federais","29":"tax_estado-df","30":"tax_estado-es","31":"tax_estado-go","32":"tax_estado-ma","33":"tax_estado-mg","34":"tax_estado-ms","35":"tax_estado-mt","36":"tax_estado-pa","37":"tax_estado-pb","38":"tax_estado-pe","39":"tax_estado-pi","40":"tax_estado-pr","41":"tax_estado-rj","42":"tax_estado-rn","43":"tax_estado-ro","44":"tax_estado-rr","45":"tax_estado-rs","46":"tax_estado-sc","47":"tax_estado-se","48":"tax_estado-sp","49":"tax_estado-to"},"acf":[],"yoast_head":"<!-- This site is optimized with the Yoast SEO Premium plugin v27.4 (Yoast SEO v27.4) - https:\/\/yoast.com\/product\/yoast-seo-premium-wordpress\/ -->\n<title>Alexandre de Moraes na guilhotina: incita\u00e7\u00e3o ao crime?<\/title>\n<meta name=\"description\" content=\"O Ministro Alexandre de Moraes autoriza investigar, por incita\u00e7\u00e3o ao crime, prefeito que sugeriu coloc\u00e1-lo em guilhotina.\" \/>\n<meta name=\"robots\" content=\"index, follow, max-snippet:-1, max-image-preview:large, max-video-preview:-1\" \/>\n<link rel=\"canonical\" href=\"https:\/\/cj.estrategia.com\/portal\/alexandre-de-moraes-na-guilhotina\/\" \/>\n<meta property=\"og:locale\" content=\"pt_BR\" \/>\n<meta property=\"og:type\" content=\"article\" \/>\n<meta property=\"og:title\" content=\"Alexandre de Moraes na guilhotina: incita\u00e7\u00e3o ao crime?\" \/>\n<meta property=\"og:description\" content=\"O Ministro Alexandre de Moraes autoriza investigar, por incita\u00e7\u00e3o ao crime, prefeito que sugeriu coloc\u00e1-lo em guilhotina.\" \/>\n<meta property=\"og:url\" content=\"https:\/\/cj.estrategia.com\/portal\/alexandre-de-moraes-na-guilhotina\/\" \/>\n<meta property=\"og:site_name\" content=\"Blog - Carreiras Jur\u00eddicas - Estrat\u00e9gia\" \/>\n<meta property=\"article:publisher\" content=\"https:\/\/www.facebook.com\/estrategiacarreirajuridica\/\" \/>\n<meta property=\"article:published_time\" content=\"2024-08-01T00:59:34+00:00\" \/>\n<meta property=\"article:modified_time\" content=\"2024-08-08T18:54:14+00:00\" \/>\n<meta property=\"og:image\" content=\"https:\/\/cj.estrategia.com\/portal\/wp-content\/uploads\/2024\/07\/31215359\/alexandre_de_moraes.png\" \/>\n\t<meta property=\"og:image:width\" content=\"377\" \/>\n\t<meta property=\"og:image:height\" content=\"360\" \/>\n\t<meta property=\"og:image:type\" content=\"image\/png\" \/>\n<meta name=\"author\" content=\"Thiago Leite\" \/>\n<meta name=\"twitter:card\" content=\"summary_large_image\" \/>\n<meta name=\"twitter:creator\" content=\"@EstratJuridica\" \/>\n<meta name=\"twitter:site\" content=\"@EstratJuridica\" \/>\n<meta name=\"twitter:label1\" content=\"Escrito por\" \/>\n\t<meta name=\"twitter:data1\" content=\"Thiago Leite\" \/>\n\t<meta name=\"twitter:label2\" content=\"Est. tempo de leitura\" \/>\n\t<meta name=\"twitter:data2\" content=\"5 minutos\" \/>\n<script type=\"application\/ld+json\" class=\"yoast-schema-graph\">{\"@context\":\"https:\\\/\\\/schema.org\",\"@graph\":[{\"@type\":\"NewsArticle\",\"@id\":\"https:\\\/\\\/cj.estrategia.com\\\/portal\\\/alexandre-de-moraes-na-guilhotina\\\/#article\",\"isPartOf\":{\"@id\":\"https:\\\/\\\/cj.estrategia.com\\\/portal\\\/alexandre-de-moraes-na-guilhotina\\\/\"},\"author\":{\"name\":\"Thiago Leite\",\"@id\":\"https:\\\/\\\/cj.estrategia.com\\\/portal\\\/#\\\/schema\\\/person\\\/7d7d2b1c8386e2eeacc0b09cfbc1d0ff\"},\"headline\":\"Alexandre de Moraes na guilhotina: incita\u00e7\u00e3o ao crime?\",\"datePublished\":\"2024-08-01T00:59:34+00:00\",\"dateModified\":\"2024-08-08T18:54:14+00:00\",\"mainEntityOfPage\":{\"@id\":\"https:\\\/\\\/cj.estrategia.com\\\/portal\\\/alexandre-de-moraes-na-guilhotina\\\/\"},\"wordCount\":822,\"commentCount\":0,\"publisher\":{\"@id\":\"https:\\\/\\\/cj.estrategia.com\\\/portal\\\/#organization\"},\"image\":{\"@id\":\"https:\\\/\\\/cj.estrategia.com\\\/portal\\\/alexandre-de-moraes-na-guilhotina\\\/#primaryimage\"},\"thumbnailUrl\":\"https:\\\/\\\/cj.estrategia.com\\\/portal\\\/wp-content\\\/uploads\\\/2024\\\/07\\\/31215359\\\/alexandre_de_moraes.png\",\"keywords\":[\"alexandre de moraes\",\"apologia de crime\",\"Bolsonaro\",\"brincadeira\",\"Fabiano Feltrin\",\"Farroupilha\",\"guilhotina\",\"incita\u00e7\u00e3o ao crime\",\"Jair Bolsonaro\",\"liberdade de express\u00e3o\",\"moraes\",\"PGR\",\"prefeito\",\"prefeito de Farroupilha\"],\"articleSection\":[\"Carreiras Jur\u00eddicas\"],\"inLanguage\":\"pt-BR\",\"potentialAction\":[{\"@type\":\"CommentAction\",\"name\":\"Comment\",\"target\":[\"https:\\\/\\\/cj.estrategia.com\\\/portal\\\/alexandre-de-moraes-na-guilhotina\\\/#respond\"]}]},{\"@type\":\"WebPage\",\"@id\":\"https:\\\/\\\/cj.estrategia.com\\\/portal\\\/alexandre-de-moraes-na-guilhotina\\\/\",\"url\":\"https:\\\/\\\/cj.estrategia.com\\\/portal\\\/alexandre-de-moraes-na-guilhotina\\\/\",\"name\":\"Alexandre de Moraes na guilhotina: incita\u00e7\u00e3o ao crime?\",\"isPartOf\":{\"@id\":\"https:\\\/\\\/cj.estrategia.com\\\/portal\\\/#website\"},\"primaryImageOfPage\":{\"@id\":\"https:\\\/\\\/cj.estrategia.com\\\/portal\\\/alexandre-de-moraes-na-guilhotina\\\/#primaryimage\"},\"image\":{\"@id\":\"https:\\\/\\\/cj.estrategia.com\\\/portal\\\/alexandre-de-moraes-na-guilhotina\\\/#primaryimage\"},\"thumbnailUrl\":\"https:\\\/\\\/cj.estrategia.com\\\/portal\\\/wp-content\\\/uploads\\\/2024\\\/07\\\/31215359\\\/alexandre_de_moraes.png\",\"datePublished\":\"2024-08-01T00:59:34+00:00\",\"dateModified\":\"2024-08-08T18:54:14+00:00\",\"description\":\"O Ministro Alexandre de Moraes autoriza investigar, por incita\u00e7\u00e3o ao crime, prefeito que sugeriu coloc\u00e1-lo em guilhotina.\",\"breadcrumb\":{\"@id\":\"https:\\\/\\\/cj.estrategia.com\\\/portal\\\/alexandre-de-moraes-na-guilhotina\\\/#breadcrumb\"},\"inLanguage\":\"pt-BR\",\"potentialAction\":[{\"@type\":\"ReadAction\",\"target\":[\"https:\\\/\\\/cj.estrategia.com\\\/portal\\\/alexandre-de-moraes-na-guilhotina\\\/\"]}]},{\"@type\":\"ImageObject\",\"inLanguage\":\"pt-BR\",\"@id\":\"https:\\\/\\\/cj.estrategia.com\\\/portal\\\/alexandre-de-moraes-na-guilhotina\\\/#primaryimage\",\"url\":\"https:\\\/\\\/cj.estrategia.com\\\/portal\\\/wp-content\\\/uploads\\\/2024\\\/07\\\/31215359\\\/alexandre_de_moraes.png\",\"contentUrl\":\"https:\\\/\\\/cj.estrategia.com\\\/portal\\\/wp-content\\\/uploads\\\/2024\\\/07\\\/31215359\\\/alexandre_de_moraes.png\",\"width\":377,\"height\":360},{\"@type\":\"BreadcrumbList\",\"@id\":\"https:\\\/\\\/cj.estrategia.com\\\/portal\\\/alexandre-de-moraes-na-guilhotina\\\/#breadcrumb\",\"itemListElement\":[{\"@type\":\"ListItem\",\"position\":1,\"name\":\"In\u00edcio\",\"item\":\"https:\\\/\\\/cj.estrategia.com\\\/portal\\\/\"},{\"@type\":\"ListItem\",\"position\":2,\"name\":\"Alexandre de Moraes na guilhotina: incita\u00e7\u00e3o ao crime?\"}]},{\"@type\":\"WebSite\",\"@id\":\"https:\\\/\\\/cj.estrategia.com\\\/portal\\\/#website\",\"url\":\"https:\\\/\\\/cj.estrategia.com\\\/portal\\\/\",\"name\":\"Blog - Carreiras Jur\u00eddicas - Estrat\u00e9gia\",\"description\":\"\",\"publisher\":{\"@id\":\"https:\\\/\\\/cj.estrategia.com\\\/portal\\\/#organization\"},\"potentialAction\":[{\"@type\":\"SearchAction\",\"target\":{\"@type\":\"EntryPoint\",\"urlTemplate\":\"https:\\\/\\\/cj.estrategia.com\\\/portal\\\/?s={search_term_string}\"},\"query-input\":{\"@type\":\"PropertyValueSpecification\",\"valueRequired\":true,\"valueName\":\"search_term_string\"}}],\"inLanguage\":\"pt-BR\"},{\"@type\":\"Organization\",\"@id\":\"https:\\\/\\\/cj.estrategia.com\\\/portal\\\/#organization\",\"name\":\"Estrat\u00e9gia - Carreiras Jur\u00eddicas\",\"url\":\"https:\\\/\\\/cj.estrategia.com\\\/portal\\\/\",\"logo\":{\"@type\":\"ImageObject\",\"inLanguage\":\"pt-BR\",\"@id\":\"https:\\\/\\\/cj.estrategia.com\\\/portal\\\/#\\\/schema\\\/logo\\\/image\\\/\",\"url\":\"https:\\\/\\\/cj.estrategia.com\\\/portal\\\/wp-content\\\/uploads\\\/2022\\\/03\\\/11151052\\\/cj-logo.png\",\"contentUrl\":\"https:\\\/\\\/cj.estrategia.com\\\/portal\\\/wp-content\\\/uploads\\\/2022\\\/03\\\/11151052\\\/cj-logo.png\",\"width\":150,\"height\":39,\"caption\":\"Estrat\u00e9gia - Carreiras Jur\u00eddicas\"},\"image\":{\"@id\":\"https:\\\/\\\/cj.estrategia.com\\\/portal\\\/#\\\/schema\\\/logo\\\/image\\\/\"},\"sameAs\":[\"https:\\\/\\\/www.facebook.com\\\/estrategiacarreirajuridica\\\/\",\"https:\\\/\\\/x.com\\\/EstratJuridica\",\"https:\\\/\\\/www.instagram.com\\\/estrategiacarreirajuridica\\\/\",\"https:\\\/\\\/www.youtube.com\\\/channel\\\/UClbMGuYbj2Mh1m3w144ETWQ\"]},{\"@type\":\"Person\",\"@id\":\"https:\\\/\\\/cj.estrategia.com\\\/portal\\\/#\\\/schema\\\/person\\\/7d7d2b1c8386e2eeacc0b09cfbc1d0ff\",\"name\":\"Thiago Leite\",\"image\":{\"@type\":\"ImageObject\",\"inLanguage\":\"pt-BR\",\"@id\":\"https:\\\/\\\/secure.gravatar.com\\\/avatar\\\/15ff5746ff9e313f1248fe2373ce03309054e96387bb9249055458d0c1aaa297?s=96&d=mm&r=g\",\"url\":\"https:\\\/\\\/secure.gravatar.com\\\/avatar\\\/15ff5746ff9e313f1248fe2373ce03309054e96387bb9249055458d0c1aaa297?s=96&d=mm&r=g\",\"contentUrl\":\"https:\\\/\\\/secure.gravatar.com\\\/avatar\\\/15ff5746ff9e313f1248fe2373ce03309054e96387bb9249055458d0c1aaa297?s=96&d=mm&r=g\",\"caption\":\"Thiago Leite\"},\"description\":\"Thiago de Paula Leite \u00e9 procurador do Estado de S\u00e3o Paulo e professor de direito ambiental e agr\u00e1rio do Estrat\u00e9gia.\",\"url\":\"https:\\\/\\\/cj.estrategia.com\\\/portal\\\/author\\\/thiago-leite\\\/\"}]}<\/script>\n<!-- \/ Yoast SEO Premium plugin. -->","yoast_head_json":{"title":"Alexandre de Moraes na guilhotina: incita\u00e7\u00e3o ao crime?","description":"O Ministro Alexandre de Moraes autoriza investigar, por incita\u00e7\u00e3o ao crime, prefeito que sugeriu coloc\u00e1-lo em guilhotina.","robots":{"index":"index","follow":"follow","max-snippet":"max-snippet:-1","max-image-preview":"max-image-preview:large","max-video-preview":"max-video-preview:-1"},"canonical":"https:\/\/cj.estrategia.com\/portal\/alexandre-de-moraes-na-guilhotina\/","og_locale":"pt_BR","og_type":"article","og_title":"Alexandre de Moraes na guilhotina: incita\u00e7\u00e3o ao crime?","og_description":"O Ministro Alexandre de Moraes autoriza investigar, por incita\u00e7\u00e3o ao crime, prefeito que sugeriu coloc\u00e1-lo em guilhotina.","og_url":"https:\/\/cj.estrategia.com\/portal\/alexandre-de-moraes-na-guilhotina\/","og_site_name":"Blog - Carreiras Jur\u00eddicas - Estrat\u00e9gia","article_publisher":"https:\/\/www.facebook.com\/estrategiacarreirajuridica\/","article_published_time":"2024-08-01T00:59:34+00:00","article_modified_time":"2024-08-08T18:54:14+00:00","og_image":[{"width":377,"height":360,"url":"https:\/\/cj.estrategia.com\/portal\/wp-content\/uploads\/2024\/07\/31215359\/alexandre_de_moraes.png","type":"image\/png"}],"author":"Thiago Leite","twitter_card":"summary_large_image","twitter_creator":"@EstratJuridica","twitter_site":"@EstratJuridica","twitter_misc":{"Escrito por":"Thiago Leite","Est. tempo de leitura":"5 minutos"},"schema":{"@context":"https:\/\/schema.org","@graph":[{"@type":"NewsArticle","@id":"https:\/\/cj.estrategia.com\/portal\/alexandre-de-moraes-na-guilhotina\/#article","isPartOf":{"@id":"https:\/\/cj.estrategia.com\/portal\/alexandre-de-moraes-na-guilhotina\/"},"author":{"name":"Thiago Leite","@id":"https:\/\/cj.estrategia.com\/portal\/#\/schema\/person\/7d7d2b1c8386e2eeacc0b09cfbc1d0ff"},"headline":"Alexandre de Moraes na guilhotina: incita\u00e7\u00e3o ao crime?","datePublished":"2024-08-01T00:59:34+00:00","dateModified":"2024-08-08T18:54:14+00:00","mainEntityOfPage":{"@id":"https:\/\/cj.estrategia.com\/portal\/alexandre-de-moraes-na-guilhotina\/"},"wordCount":822,"commentCount":0,"publisher":{"@id":"https:\/\/cj.estrategia.com\/portal\/#organization"},"image":{"@id":"https:\/\/cj.estrategia.com\/portal\/alexandre-de-moraes-na-guilhotina\/#primaryimage"},"thumbnailUrl":"https:\/\/cj.estrategia.com\/portal\/wp-content\/uploads\/2024\/07\/31215359\/alexandre_de_moraes.png","keywords":["alexandre de moraes","apologia de crime","Bolsonaro","brincadeira","Fabiano Feltrin","Farroupilha","guilhotina","incita\u00e7\u00e3o ao crime","Jair Bolsonaro","liberdade de express\u00e3o","moraes","PGR","prefeito","prefeito de Farroupilha"],"articleSection":["Carreiras Jur\u00eddicas"],"inLanguage":"pt-BR","potentialAction":[{"@type":"CommentAction","name":"Comment","target":["https:\/\/cj.estrategia.com\/portal\/alexandre-de-moraes-na-guilhotina\/#respond"]}]},{"@type":"WebPage","@id":"https:\/\/cj.estrategia.com\/portal\/alexandre-de-moraes-na-guilhotina\/","url":"https:\/\/cj.estrategia.com\/portal\/alexandre-de-moraes-na-guilhotina\/","name":"Alexandre de Moraes na guilhotina: incita\u00e7\u00e3o ao crime?","isPartOf":{"@id":"https:\/\/cj.estrategia.com\/portal\/#website"},"primaryImageOfPage":{"@id":"https:\/\/cj.estrategia.com\/portal\/alexandre-de-moraes-na-guilhotina\/#primaryimage"},"image":{"@id":"https:\/\/cj.estrategia.com\/portal\/alexandre-de-moraes-na-guilhotina\/#primaryimage"},"thumbnailUrl":"https:\/\/cj.estrategia.com\/portal\/wp-content\/uploads\/2024\/07\/31215359\/alexandre_de_moraes.png","datePublished":"2024-08-01T00:59:34+00:00","dateModified":"2024-08-08T18:54:14+00:00","description":"O Ministro Alexandre de Moraes autoriza investigar, por incita\u00e7\u00e3o ao crime, prefeito que sugeriu coloc\u00e1-lo em guilhotina.","breadcrumb":{"@id":"https:\/\/cj.estrategia.com\/portal\/alexandre-de-moraes-na-guilhotina\/#breadcrumb"},"inLanguage":"pt-BR","potentialAction":[{"@type":"ReadAction","target":["https:\/\/cj.estrategia.com\/portal\/alexandre-de-moraes-na-guilhotina\/"]}]},{"@type":"ImageObject","inLanguage":"pt-BR","@id":"https:\/\/cj.estrategia.com\/portal\/alexandre-de-moraes-na-guilhotina\/#primaryimage","url":"https:\/\/cj.estrategia.com\/portal\/wp-content\/uploads\/2024\/07\/31215359\/alexandre_de_moraes.png","contentUrl":"https:\/\/cj.estrategia.com\/portal\/wp-content\/uploads\/2024\/07\/31215359\/alexandre_de_moraes.png","width":377,"height":360},{"@type":"BreadcrumbList","@id":"https:\/\/cj.estrategia.com\/portal\/alexandre-de-moraes-na-guilhotina\/#breadcrumb","itemListElement":[{"@type":"ListItem","position":1,"name":"In\u00edcio","item":"https:\/\/cj.estrategia.com\/portal\/"},{"@type":"ListItem","position":2,"name":"Alexandre de Moraes na guilhotina: incita\u00e7\u00e3o ao crime?"}]},{"@type":"WebSite","@id":"https:\/\/cj.estrategia.com\/portal\/#website","url":"https:\/\/cj.estrategia.com\/portal\/","name":"Blog - Carreiras Jur\u00eddicas - Estrat\u00e9gia","description":"","publisher":{"@id":"https:\/\/cj.estrategia.com\/portal\/#organization"},"potentialAction":[{"@type":"SearchAction","target":{"@type":"EntryPoint","urlTemplate":"https:\/\/cj.estrategia.com\/portal\/?s={search_term_string}"},"query-input":{"@type":"PropertyValueSpecification","valueRequired":true,"valueName":"search_term_string"}}],"inLanguage":"pt-BR"},{"@type":"Organization","@id":"https:\/\/cj.estrategia.com\/portal\/#organization","name":"Estrat\u00e9gia - Carreiras Jur\u00eddicas","url":"https:\/\/cj.estrategia.com\/portal\/","logo":{"@type":"ImageObject","inLanguage":"pt-BR","@id":"https:\/\/cj.estrategia.com\/portal\/#\/schema\/logo\/image\/","url":"https:\/\/cj.estrategia.com\/portal\/wp-content\/uploads\/2022\/03\/11151052\/cj-logo.png","contentUrl":"https:\/\/cj.estrategia.com\/portal\/wp-content\/uploads\/2022\/03\/11151052\/cj-logo.png","width":150,"height":39,"caption":"Estrat\u00e9gia - Carreiras Jur\u00eddicas"},"image":{"@id":"https:\/\/cj.estrategia.com\/portal\/#\/schema\/logo\/image\/"},"sameAs":["https:\/\/www.facebook.com\/estrategiacarreirajuridica\/","https:\/\/x.com\/EstratJuridica","https:\/\/www.instagram.com\/estrategiacarreirajuridica\/","https:\/\/www.youtube.com\/channel\/UClbMGuYbj2Mh1m3w144ETWQ"]},{"@type":"Person","@id":"https:\/\/cj.estrategia.com\/portal\/#\/schema\/person\/7d7d2b1c8386e2eeacc0b09cfbc1d0ff","name":"Thiago Leite","image":{"@type":"ImageObject","inLanguage":"pt-BR","@id":"https:\/\/secure.gravatar.com\/avatar\/15ff5746ff9e313f1248fe2373ce03309054e96387bb9249055458d0c1aaa297?s=96&d=mm&r=g","url":"https:\/\/secure.gravatar.com\/avatar\/15ff5746ff9e313f1248fe2373ce03309054e96387bb9249055458d0c1aaa297?s=96&d=mm&r=g","contentUrl":"https:\/\/secure.gravatar.com\/avatar\/15ff5746ff9e313f1248fe2373ce03309054e96387bb9249055458d0c1aaa297?s=96&d=mm&r=g","caption":"Thiago Leite"},"description":"Thiago de Paula Leite \u00e9 procurador do Estado de S\u00e3o Paulo e professor de direito ambiental e agr\u00e1rio do Estrat\u00e9gia.","url":"https:\/\/cj.estrategia.com\/portal\/author\/thiago-leite\/"}]}},"jetpack_featured_media_url":"https:\/\/cj.estrategia.com\/portal\/wp-content\/uploads\/2024\/07\/31215359\/alexandre_de_moraes.png","jetpack_sharing_enabled":true,"_links":{"self":[{"href":"https:\/\/cj.estrategia.com\/portal\/wp-json\/wp\/v2\/posts\/71087","targetHints":{"allow":["GET"]}}],"collection":[{"href":"https:\/\/cj.estrategia.com\/portal\/wp-json\/wp\/v2\/posts"}],"about":[{"href":"https:\/\/cj.estrategia.com\/portal\/wp-json\/wp\/v2\/types\/post"}],"author":[{"embeddable":true,"href":"https:\/\/cj.estrategia.com\/portal\/wp-json\/wp\/v2\/users\/81"}],"replies":[{"embeddable":true,"href":"https:\/\/cj.estrategia.com\/portal\/wp-json\/wp\/v2\/comments?post=71087"}],"version-history":[{"count":2,"href":"https:\/\/cj.estrategia.com\/portal\/wp-json\/wp\/v2\/posts\/71087\/revisions"}],"predecessor-version":[{"id":71103,"href":"https:\/\/cj.estrategia.com\/portal\/wp-json\/wp\/v2\/posts\/71087\/revisions\/71103"}],"wp:featuredmedia":[{"embeddable":true,"href":"https:\/\/cj.estrategia.com\/portal\/wp-json\/wp\/v2\/media\/71095"}],"wp:attachment":[{"href":"https:\/\/cj.estrategia.com\/portal\/wp-json\/wp\/v2\/media?parent=71087"}],"wp:term":[{"taxonomy":"category","embeddable":true,"href":"https:\/\/cj.estrategia.com\/portal\/wp-json\/wp\/v2\/categories?post=71087"},{"taxonomy":"post_tag","embeddable":true,"href":"https:\/\/cj.estrategia.com\/portal\/wp-json\/wp\/v2\/tags?post=71087"},{"taxonomy":"tax_estado","embeddable":true,"href":"https:\/\/cj.estrategia.com\/portal\/wp-json\/wp\/v2\/tax_estado?post=71087"}],"curies":[{"name":"wp","href":"https:\/\/api.w.org\/{rel}","templated":true}]}}