{"id":71075,"date":"2024-07-31T21:02:08","date_gmt":"2024-08-01T00:02:08","guid":{"rendered":"https:\/\/cj.estrategia.com\/portal\/?p=71075"},"modified":"2024-08-08T16:00:34","modified_gmt":"2024-08-08T19:00:34","slug":"engajamento-homem-mente-roubo-video","status":"publish","type":"post","link":"https:\/\/cj.estrategia.com\/portal\/engajamento-homem-mente-roubo-video\/","title":{"rendered":"Engajamento a qualquer custo: homem mente sobre ser v\u00edtima de roubo em v\u00eddeo que viralizou nas redes sociais"},"content":{"rendered":"\n<h2 class=\"wp-block-heading\" id=\"h-introducao\"><span id=\"introducao\">Introdu\u00e7\u00e3o<\/span><\/h2>\n\n\n\n<p>A busca pelo engajamento nas redes sociais est\u00e1 levando pessoas a cometerem <strong><mark style=\"background-color:rgba(0, 0, 0, 0)\" class=\"has-inline-color has-luminous-vivid-orange-color\">atos extremos<\/mark><\/strong>, sem pensar nas consequ\u00eancias jur\u00eddicas deles decorrentes. E na \u00faltima semana (dia 25\/07), um homem confessou \u00e0 pol\u00edcia que mentiu sobre ser v\u00edtima de um assalto, visando obter <strong><mark style=\"background-color:rgba(0, 0, 0, 0)\" class=\"has-inline-color has-luminous-vivid-orange-color\">engajamento nas redes sociais<\/mark><\/strong>.<\/p>\n\n\n\n<p>No caso que comentaremos hoje, a mentira do internauta poder\u00e1 resultar em <strong><mark style=\"background-color:rgba(0, 0, 0, 0)\" class=\"has-inline-color has-luminous-vivid-orange-color\">implica\u00e7\u00f5es penais<\/mark><\/strong>. Ent\u00e3o, vamos comentar o caso.<\/p>\n\n\n\n<h2 class=\"wp-block-heading\" id=\"h-contextualizacao-dos-fatos\"><span id=\"contextualizacao-dos-fatos\">Contextualiza\u00e7\u00e3o dos fatos<\/span><\/h2>\n\n\n\n<div class=\"wp-block-media-text is-stacked-on-mobile\"><figure class=\"wp-block-media-text__media\"><img decoding=\"async\" width=\"617\" height=\"363\" src=\"https:\/\/cj.estrategia.com\/portal\/wp-content\/uploads\/2024\/07\/31210009\/Captura-de-tela-2024-07-31-205941.png\" alt=\"engajamento, suposto assaltante pendurado\" class=\"wp-image-71080 size-full\" srcset=\"https:\/\/cj.estrategia.com\/portal\/wp-content\/uploads\/2024\/07\/31210009\/Captura-de-tela-2024-07-31-205941.png 617w, https:\/\/cj.estrategia.com\/portal\/wp-content\/uploads\/2024\/07\/31210009\/Captura-de-tela-2024-07-31-205941-300x176.png 300w, https:\/\/cj.estrategia.com\/portal\/wp-content\/uploads\/2024\/07\/31210009\/Captura-de-tela-2024-07-31-205941-380x224.png 380w, https:\/\/cj.estrategia.com\/portal\/wp-content\/uploads\/2024\/07\/31210009\/Captura-de-tela-2024-07-31-205941-150x88.png 150w\" sizes=\"(max-width: 617px) 100vw, 617px\" \/><\/figure><div class=\"wp-block-media-text__content\">\n<p>No \u00faltimo dia 25 de julho, um v\u00eddeo que mostrava um <strong>suposto assaltante pendurado em um carro em alta velocidade<\/strong> na Zona Oeste do Rio de Janeiro viralizou nas redes sociais. Rafael Queiroz, autor da postagem, alegou ser o motorista do ve\u00edculo, atraindo aten\u00e7\u00e3o e <strong><mark style=\"background-color:rgba(0, 0, 0, 0)\" class=\"has-inline-color has-luminous-vivid-orange-color\">viralizando <\/mark><\/strong>nas redes sociais.<\/p>\n<\/div><\/div>\n\n\n\n<p>Ocorre que <strong>a mentira foi descoberta<\/strong> e, posteriormente, ele confessou na 42\u00aa Delegacia de Pol\u00edcia que havia inventado toda a hist\u00f3ria para obter engajamento nas redes sociais. Segundo <strong>ele pr\u00f3prio declarou<\/strong> perante \u00e0 autoridade policial, Rafael sequer \u00e9 o motorista do v\u00eddeo divulgado, o que motivou a pol\u00edcia a iniciar busca pelo verdadeiro motorista envolvido no incidente.<\/p>\n\n\n\n<h2 class=\"wp-block-heading\" id=\"h-crime-de-falsa-comunicacao-de-crime\"><span id=\"crime-de-falsa-comunicacao-de-crime\">Crime de falsa comunica\u00e7\u00e3o de crime<\/span><\/h2>\n\n\n\n<h3 class=\"wp-block-heading\" id=\"h-tipificacao-legal\"><span id=\"tipificacao-legal\">Tipifica\u00e7\u00e3o legal<\/span><\/h3>\n\n\n\n<p>Pois bem, a <strong>suposta brincadeira<\/strong>, com o registro da ocorr\u00eancia policial de um poss\u00edvel roubo, poder\u00e1 ensejar a responsabiliza\u00e7\u00e3o penal de Rafael. Os fatos se amoldam perfeitamente ao delito de <strong><mark style=\"background-color:rgba(0, 0, 0, 0)\" class=\"has-inline-color has-luminous-vivid-orange-color\">falsa comunica\u00e7\u00e3o de crime<\/mark><\/strong>, previsto no art. 340 do C\u00f3digo Penal Brasileiro, que assim disp\u00f5e:<\/p>\n\n\n\n<pre class=\"wp-block-preformatted\">\"Provocar a a\u00e7\u00e3o de autoridade, comunicando-lhe a ocorr\u00eancia de crime ou de contraven\u00e7\u00e3o que sabe n\u00e3o se ter verificado:\n\nPena - deten\u00e7\u00e3o, de um a seis meses, ou multa.\"<\/pre>\n\n\n\n<h3 class=\"wp-block-heading\" id=\"h-elementos-constitutivos\"><span id=\"elementos-constitutivos\">Elementos constitutivos<\/span><\/h3>\n\n\n\n<p>Assim, passemos \u00e0 an\u00e1lise da referida figura t\u00edpica.<\/p>\n\n\n\n<p>Para a caracteriza\u00e7\u00e3o do crime de falsa comunica\u00e7\u00e3o, \u00e9 necess\u00e1rio:<\/p>\n\n\n\n<ol class=\"wp-block-list\">\n<li><strong>Provoca\u00e7\u00e3o da a\u00e7\u00e3o de autoridade<\/strong>: Rafael acionou a pol\u00edcia, registrando um suposto crime de roubo.<\/li>\n\n\n\n<li><strong>Consci\u00eancia da falsidade<\/strong>: ele tinha plena consci\u00eancia de que a hist\u00f3ria era falsa, j\u00e1 que alegou ter mentido para gerar engajamento.<\/li>\n\n\n\n<li><strong>Inten\u00e7\u00e3o delituosa<\/strong>: a inten\u00e7\u00e3o de obter benef\u00edcios pessoais, como engajamento nas redes sociais, motivou sua a\u00e7\u00e3o.<\/li>\n<\/ol>\n\n\n\n<h3 class=\"wp-block-heading\" id=\"h-aplicacao-ao-caso\"><span id=\"aplicacao-ao-caso\">Aplica\u00e7\u00e3o ao caso<\/span><\/h3>\n\n\n\n<p>Rafael Queiroz <strong>confessou ter inventado a hist\u00f3ria para <mark style=\"background-color:rgba(0, 0, 0, 0)\" class=\"has-inline-color has-luminous-vivid-orange-color\">ganhar visibilidade<\/mark> nas redes sociais<\/strong>, uma motiva\u00e7\u00e3o que evidencia a a\u00e7\u00e3o consciente e volunt\u00e1ria, caracterizadora do dolo necess\u00e1rio para a tipifica\u00e7\u00e3o penal.<\/p>\n\n\n\n<p>Dessa forma, ao <strong>desviar a aten\u00e7\u00e3o e os recursos das autoridades<\/strong>, ele cometeu um ato que <strong>prejudica <\/strong>o funcionamento adequado do <strong>sistema de justi\u00e7a<\/strong>, objetivo maior de tutela penal.<\/p>\n\n\n\n<h2 class=\"wp-block-heading\" id=\"h-consequencias-juridicas\"><span id=\"consequencias-juridicas\">Consequ\u00eancias jur\u00eddicas<\/span><\/h2>\n\n\n\n<h3 class=\"wp-block-heading\" id=\"h-pena\"><span id=\"pena\">Pena<\/span><\/h3>\n\n\n\n<p>O crime de <strong><mark style=\"background-color:rgba(0, 0, 0, 0)\" class=\"has-inline-color has-luminous-vivid-orange-color\">falsa comunica\u00e7\u00e3o de crime<\/mark><\/strong> tem uma pena relativamente branda, variando de um a seis meses de deten\u00e7\u00e3o ou multa. Trata-se de crime de menor potencial ofensivo que, a depender dos antecedentes de Rafael, poder\u00e1 ensejar a transa\u00e7\u00e3o penal nos moldes do previsto no artigo 76 da Lei n\u00ba 9.099\/95.<\/p>\n\n\n\n<p>No entanto, se Rafael for, por exemplo, <strong>reincidente <\/strong>na pr\u00e1tica de crime doloso, a condena\u00e7\u00e3o ao final poder\u00e1 ensejar at\u00e9 mesmo a <strong>priva\u00e7\u00e3o de sua liberdade<\/strong>.<\/p>\n\n\n\n<h3 class=\"wp-block-heading\" id=\"h-prejuizos-a-investigacao\"><span id=\"prejuizos-a-investigacao\">Preju\u00edzos \u00e0 investiga\u00e7\u00e3o<\/span><\/h3>\n\n\n\n<p>A falsa alega\u00e7\u00e3o de Rafael resultou em <strong><mark style=\"background-color:rgba(0, 0, 0, 0)\" class=\"has-inline-color has-luminous-vivid-orange-color\">desvio de recursos policiais e tempo<\/mark><\/strong> que poderiam ter sido empregados na investiga\u00e7\u00e3o do verdadeiro incidente. Essa \u00e9 a finalidade maior do tipo penal em comento.<\/p>\n\n\n\n<p>Al\u00e9m disso, criou uma <strong><mark style=\"background-color:rgba(0, 0, 0, 0)\" class=\"has-inline-color has-luminous-vivid-orange-color\">falsa percep\u00e7\u00e3o p\u00fablica<\/mark><\/strong>, gerando <strong>desinforma\u00e7\u00e3o <\/strong>e poss\u00edvel inseguran\u00e7a na sociedade.<\/p>\n\n\n\n<h3 class=\"wp-block-heading\" id=\"h-impacto-na-vida-do-verdadeiro-motorista\"><span id=\"impacto-na-vida-do-verdadeiro-motorista\">Impacto na vida do verdadeiro motorista<\/span><\/h3>\n\n\n\n<p>Al\u00e9m disso, o verdadeiro motorista e a pessoa que estava pendurada na porta do ve\u00edculo, envolvidos no real incidente, podem ter sofrido <strong><mark style=\"background-color:rgba(0, 0, 0, 0)\" class=\"has-inline-color has-luminous-vivid-orange-color\">danos morais e materiais<\/mark><\/strong> devido \u00e0 exposi\u00e7\u00e3o e \u00e0s falsas alega\u00e7\u00f5es.<\/p>\n\n\n\n<p>Caso comprovado dano moral \u00e0 imagem, ambos poder\u00e3o acionar o poder judici\u00e1rio buscando a repara\u00e7\u00e3o civil.<\/p>\n\n\n\n<h2 class=\"wp-block-heading\" id=\"h-aspectos-eticos-e-sociais\"><span id=\"aspectos-eticos-e-sociais\">Aspectos \u00e9ticos e sociais<\/span><\/h2>\n\n\n\n<h3 class=\"wp-block-heading\" id=\"h-responsabilidade-etica\"><span id=\"responsabilidade-etica\">Responsabilidade \u00e9tica<\/span><\/h3>\n\n\n\n<p>Em tempos em que as denominadas \u201cfake news&#8221; se propagam e geram desinforma\u00e7\u00e3o, a dissemina\u00e7\u00e3o de informa\u00e7\u00f5es falsas nas redes sociais \u00e9 uma quest\u00e3o \u00e9tica grave. Por isso, os usu\u00e1rios devem ser conscientes das consequ\u00eancias de suas a\u00e7\u00f5es online.<\/p>\n\n\n\n<p>No caso de Rafael Queiroz, <strong>a busca por <mark style=\"background-color:rgba(0, 0, 0, 0)\" class=\"has-inline-color has-luminous-vivid-orange-color\">notoriedade <\/mark>ultrapassou os limites \u00e9ticos<\/strong>, resultando em uma a\u00e7\u00e3o criminosa.<\/p>\n\n\n\n<h3 class=\"wp-block-heading\" id=\"h-impacto-nas-decisoes-futuras\"><span id=\"impacto-nas-decisoes-futuras\">Impacto nas decis\u00f5es futuras<\/span><\/h3>\n\n\n\n<p>Casos como o de Rafael Queiroz podem influenciar decis\u00f5es futuras, refor\u00e7ando a import\u00e2ncia de punir a falsa comunica\u00e7\u00e3o de crime para <strong>evitar a banaliza\u00e7\u00e3o<\/strong> desse tipo de conduta.<\/p>\n\n\n\n<h2 class=\"wp-block-heading\" id=\"h-conclusao\"><span id=\"conclusao\">Conclus\u00e3o<\/span><\/h2>\n\n\n\n<p>O caso de Rafael Queiroz \u00e9 um exemplo claro das <strong>consequ\u00eancias jur\u00eddicas, \u00e9ticas e sociais<\/strong> da divulga\u00e7\u00e3o de informa\u00e7\u00f5es falsas nas redes sociais. No caso em concreto, a busca por engajamento nas redes sociais levou \u00e0 pr\u00e1tica de um <strong><mark style=\"background-color:rgba(0, 0, 0, 0)\" class=\"has-inline-color has-luminous-vivid-orange-color\">ato ilegal <\/mark><\/strong>(tanto c\u00edvel, quanto criminalmente).<\/p>\n\n\n\n<p>Portanto, a <strong><mark style=\"background-color:rgba(0, 0, 0, 0)\" class=\"has-inline-color has-luminous-vivid-orange-color\">falsa comunica\u00e7\u00e3o de crime<\/mark><\/strong>, tipificada no art. 340 do C\u00f3digo Penal, aplic\u00e1vel \u00e0 situa\u00e7\u00e3o em concreto, possui justamente a finalidade de garantir o funcionamento justo e eficiente do sistema de justi\u00e7a e proteger a sociedade de desinforma\u00e7\u00f5es e abusos, potencializados quando disseminados nas redes sociais.<\/p>\n\n\n\n<h2 class=\"wp-block-heading\" id=\"h-referencias\"><span id=\"referencias\">Refer\u00eancias<\/span><\/h2>\n\n\n\n<ul class=\"wp-block-list\">\n<li>C\u00f3digo Penal Brasileiro;<\/li>\n\n\n\n<li>Not\u00edcias relacionadas ao caso: <a href=\"https:\/\/noticias.uol.com.br\/cotidiano\/ultimas-noticias\/2024\/07\/30\/policia-diz-que-homem-mentiu-sobre-arrastar-ladrao-em-carro-por-engajamento.htm\"><u>UOL<\/u><\/a>.<\/li>\n<\/ul>\n\n\n\n<hr class=\"wp-block-separator has-alpha-channel-opacity\"\/>\n\n\n\n<h2 class=\"wp-block-heading has-text-align-center\" id=\"h-quer-saber-quais-serao-os-proximos-concursos\"><span id=\"quer-saber-quais-serao-os-proximos-concursos\">Quer saber quais ser\u00e3o os pr\u00f3ximos concursos?<\/span><\/h2>\n\n\n\n<p class=\"has-text-align-center\">Confira nossos&nbsp;<a href=\"https:\/\/cj.estrategia.com\/portal\/\" target=\"_blank\" >artigos para Carreiras Jur\u00eddicas<\/a>!<\/p>\n\n\n\n<p class=\"has-text-align-center has-white-color has-pale-cyan-blue-background-color has-text-color has-background has-link-color wp-elements-f3d5123bb0c8e11604d0c8c7f1ea8be8\"><a href=\"https:\/\/www.estrategiaconcursos.com.br\/blog\/concursos-abertos\/\" target=\"_blank\" >Confira os concursos p\u00fablicos abertos<\/a><\/p>\n\n\n\n<p class=\"has-text-align-center has-white-color has-pale-cyan-blue-background-color has-text-color has-background has-link-color wp-elements-94f2aad2f2b05ea3152ac5320a17d121\"><a href=\"https:\/\/cj.estrategia.com\/portal\/web-stories\/\" target=\"_blank\" >Concursos 2024<\/a><\/p>\n","protected":false},"excerpt":{"rendered":"Introdu\u00e7\u00e3o A busca pelo engajamento nas redes sociais est\u00e1 levando pessoas a cometerem atos extremos, sem pensar nas&hellip;\n","protected":false},"author":62,"featured_media":71077,"comment_status":"open","ping_status":"open","sticky":false,"template":"","format":"standard","meta":{"_jetpack_memberships_contains_paid_content":false,"footnotes":""},"categories":[1],"tags":[422,426,429,427,432,421,430,428,424,194,431,425],"tax_estado":[30,31,32,33,34,35,36,37,38,39,40,41,42,43,44,45,46,47,48,49,50,51,52,53,54,55,56,57],"class_list":{"0":"post-71075","1":"post","2":"type-post","3":"status-publish","4":"format-standard","5":"has-post-thumbnail","7":"category-carreiras-juridicas","8":"tag-assaltante","9":"tag-assaltante-pendurado","10":"tag-brincadeira","11":"tag-carro","12":"tag-desinformacao","13":"tag-engajamento","14":"tag-falsa-comunicacao-de-crime","15":"tag-mentira","16":"tag-pendurado","17":"tag-redes-sociais","18":"tag-visibilidade","19":"tag-vitima","20":"tax_estado-ac","21":"tax_estado-al","22":"tax_estado-am","23":"tax_estado-ap","24":"tax_estado-ba","25":"tax_estado-ce","26":"tax_estado-concursos-federais","27":"tax_estado-df","28":"tax_estado-es","29":"tax_estado-go","30":"tax_estado-ma","31":"tax_estado-mg","32":"tax_estado-ms","33":"tax_estado-mt","34":"tax_estado-pa","35":"tax_estado-pb","36":"tax_estado-pe","37":"tax_estado-pi","38":"tax_estado-pr","39":"tax_estado-rj","40":"tax_estado-rn","41":"tax_estado-ro","42":"tax_estado-rr","43":"tax_estado-rs","44":"tax_estado-sc","45":"tax_estado-se","46":"tax_estado-sp","47":"tax_estado-to"},"acf":[],"yoast_head":"<!-- This site is optimized with the Yoast SEO Premium plugin v27.4 (Yoast SEO v27.4) - https:\/\/yoast.com\/product\/yoast-seo-premium-wordpress\/ -->\n<title>Engajamento a qualquer custo: mentira sobre roubo viraliza<\/title>\n<meta name=\"description\" content=\"Um homem confessou \u00e0 pol\u00edcia que mentiu sobre ser v\u00edtima de um assalto, visando obter engajamento nas redes sociais.\" \/>\n<meta name=\"robots\" content=\"index, follow, max-snippet:-1, max-image-preview:large, max-video-preview:-1\" \/>\n<link rel=\"canonical\" href=\"https:\/\/cj.estrategia.com\/portal\/engajamento-homem-mente-roubo-video\/\" \/>\n<meta property=\"og:locale\" content=\"pt_BR\" \/>\n<meta property=\"og:type\" content=\"article\" \/>\n<meta property=\"og:title\" content=\"Engajamento a qualquer custo: homem mente sobre ser v\u00edtima de roubo em v\u00eddeo que viralizou nas redes sociais\" \/>\n<meta property=\"og:description\" content=\"Um homem confessou \u00e0 pol\u00edcia que mentiu sobre ser v\u00edtima de um assalto, visando obter engajamento nas redes sociais.\" \/>\n<meta property=\"og:url\" content=\"https:\/\/cj.estrategia.com\/portal\/engajamento-homem-mente-roubo-video\/\" \/>\n<meta property=\"og:site_name\" content=\"Blog - Carreiras Jur\u00eddicas - Estrat\u00e9gia\" \/>\n<meta property=\"article:publisher\" content=\"https:\/\/www.facebook.com\/estrategiacarreirajuridica\/\" \/>\n<meta property=\"article:published_time\" content=\"2024-08-01T00:02:08+00:00\" \/>\n<meta property=\"article:modified_time\" content=\"2024-08-08T19:00:34+00:00\" \/>\n<meta property=\"og:image\" content=\"https:\/\/cj.estrategia.com\/portal\/wp-content\/uploads\/2024\/07\/31203601\/social-media-marketing-concept-marketing-with-applications-scaled.jpg\" \/>\n\t<meta property=\"og:image:width\" content=\"2560\" \/>\n\t<meta property=\"og:image:height\" content=\"1707\" \/>\n\t<meta property=\"og:image:type\" content=\"image\/jpeg\" \/>\n<meta name=\"author\" content=\"Allan Joos\" \/>\n<meta name=\"twitter:card\" content=\"summary_large_image\" \/>\n<meta name=\"twitter:creator\" content=\"@EstratJuridica\" \/>\n<meta name=\"twitter:site\" content=\"@EstratJuridica\" \/>\n<meta name=\"twitter:label1\" content=\"Escrito por\" \/>\n\t<meta name=\"twitter:data1\" content=\"Allan Joos\" \/>\n\t<meta name=\"twitter:label2\" content=\"Est. tempo de leitura\" \/>\n\t<meta name=\"twitter:data2\" content=\"5 minutos\" \/>\n<script type=\"application\/ld+json\" class=\"yoast-schema-graph\">{\"@context\":\"https:\\\/\\\/schema.org\",\"@graph\":[{\"@type\":\"NewsArticle\",\"@id\":\"https:\\\/\\\/cj.estrategia.com\\\/portal\\\/engajamento-homem-mente-roubo-video\\\/#article\",\"isPartOf\":{\"@id\":\"https:\\\/\\\/cj.estrategia.com\\\/portal\\\/engajamento-homem-mente-roubo-video\\\/\"},\"author\":{\"name\":\"Allan Joos\",\"@id\":\"https:\\\/\\\/cj.estrategia.com\\\/portal\\\/#\\\/schema\\\/person\\\/c48648992c53b73c046825760c50c2f0\"},\"headline\":\"Engajamento a qualquer custo: homem mente sobre ser v\u00edtima de roubo em v\u00eddeo que viralizou nas redes sociais\",\"datePublished\":\"2024-08-01T00:02:08+00:00\",\"dateModified\":\"2024-08-08T19:00:34+00:00\",\"mainEntityOfPage\":{\"@id\":\"https:\\\/\\\/cj.estrategia.com\\\/portal\\\/engajamento-homem-mente-roubo-video\\\/\"},\"wordCount\":872,\"commentCount\":0,\"publisher\":{\"@id\":\"https:\\\/\\\/cj.estrategia.com\\\/portal\\\/#organization\"},\"image\":{\"@id\":\"https:\\\/\\\/cj.estrategia.com\\\/portal\\\/engajamento-homem-mente-roubo-video\\\/#primaryimage\"},\"thumbnailUrl\":\"https:\\\/\\\/cj.estrategia.com\\\/portal\\\/wp-content\\\/uploads\\\/2024\\\/07\\\/31203601\\\/social-media-marketing-concept-marketing-with-applications-scaled.jpg\",\"keywords\":[\"assaltante\",\"assaltante pendurado\",\"brincadeira\",\"carro\",\"desinforma\u00e7\u00e3o\",\"engajamento\",\"falsa comunica\u00e7\u00e3o de crime\",\"mentira\",\"pendurado\",\"redes sociais\",\"visibilidade\",\"v\u00edtima\"],\"articleSection\":[\"Carreiras Jur\u00eddicas\"],\"inLanguage\":\"pt-BR\",\"potentialAction\":[{\"@type\":\"CommentAction\",\"name\":\"Comment\",\"target\":[\"https:\\\/\\\/cj.estrategia.com\\\/portal\\\/engajamento-homem-mente-roubo-video\\\/#respond\"]}]},{\"@type\":\"WebPage\",\"@id\":\"https:\\\/\\\/cj.estrategia.com\\\/portal\\\/engajamento-homem-mente-roubo-video\\\/\",\"url\":\"https:\\\/\\\/cj.estrategia.com\\\/portal\\\/engajamento-homem-mente-roubo-video\\\/\",\"name\":\"Engajamento a qualquer custo: mentira sobre roubo viraliza\",\"isPartOf\":{\"@id\":\"https:\\\/\\\/cj.estrategia.com\\\/portal\\\/#website\"},\"primaryImageOfPage\":{\"@id\":\"https:\\\/\\\/cj.estrategia.com\\\/portal\\\/engajamento-homem-mente-roubo-video\\\/#primaryimage\"},\"image\":{\"@id\":\"https:\\\/\\\/cj.estrategia.com\\\/portal\\\/engajamento-homem-mente-roubo-video\\\/#primaryimage\"},\"thumbnailUrl\":\"https:\\\/\\\/cj.estrategia.com\\\/portal\\\/wp-content\\\/uploads\\\/2024\\\/07\\\/31203601\\\/social-media-marketing-concept-marketing-with-applications-scaled.jpg\",\"datePublished\":\"2024-08-01T00:02:08+00:00\",\"dateModified\":\"2024-08-08T19:00:34+00:00\",\"description\":\"Um homem confessou \u00e0 pol\u00edcia que mentiu sobre ser v\u00edtima de um assalto, visando obter engajamento nas redes sociais.\",\"breadcrumb\":{\"@id\":\"https:\\\/\\\/cj.estrategia.com\\\/portal\\\/engajamento-homem-mente-roubo-video\\\/#breadcrumb\"},\"inLanguage\":\"pt-BR\",\"potentialAction\":[{\"@type\":\"ReadAction\",\"target\":[\"https:\\\/\\\/cj.estrategia.com\\\/portal\\\/engajamento-homem-mente-roubo-video\\\/\"]}]},{\"@type\":\"ImageObject\",\"inLanguage\":\"pt-BR\",\"@id\":\"https:\\\/\\\/cj.estrategia.com\\\/portal\\\/engajamento-homem-mente-roubo-video\\\/#primaryimage\",\"url\":\"https:\\\/\\\/cj.estrategia.com\\\/portal\\\/wp-content\\\/uploads\\\/2024\\\/07\\\/31203601\\\/social-media-marketing-concept-marketing-with-applications-scaled.jpg\",\"contentUrl\":\"https:\\\/\\\/cj.estrategia.com\\\/portal\\\/wp-content\\\/uploads\\\/2024\\\/07\\\/31203601\\\/social-media-marketing-concept-marketing-with-applications-scaled.jpg\",\"width\":2560,\"height\":1707,\"caption\":\"engajamento, redes sociais\"},{\"@type\":\"BreadcrumbList\",\"@id\":\"https:\\\/\\\/cj.estrategia.com\\\/portal\\\/engajamento-homem-mente-roubo-video\\\/#breadcrumb\",\"itemListElement\":[{\"@type\":\"ListItem\",\"position\":1,\"name\":\"In\u00edcio\",\"item\":\"https:\\\/\\\/cj.estrategia.com\\\/portal\\\/\"},{\"@type\":\"ListItem\",\"position\":2,\"name\":\"Engajamento a qualquer custo: homem mente sobre ser v\u00edtima de roubo em v\u00eddeo que viralizou nas redes sociais\"}]},{\"@type\":\"WebSite\",\"@id\":\"https:\\\/\\\/cj.estrategia.com\\\/portal\\\/#website\",\"url\":\"https:\\\/\\\/cj.estrategia.com\\\/portal\\\/\",\"name\":\"Blog - Carreiras Jur\u00eddicas - Estrat\u00e9gia\",\"description\":\"\",\"publisher\":{\"@id\":\"https:\\\/\\\/cj.estrategia.com\\\/portal\\\/#organization\"},\"potentialAction\":[{\"@type\":\"SearchAction\",\"target\":{\"@type\":\"EntryPoint\",\"urlTemplate\":\"https:\\\/\\\/cj.estrategia.com\\\/portal\\\/?s={search_term_string}\"},\"query-input\":{\"@type\":\"PropertyValueSpecification\",\"valueRequired\":true,\"valueName\":\"search_term_string\"}}],\"inLanguage\":\"pt-BR\"},{\"@type\":\"Organization\",\"@id\":\"https:\\\/\\\/cj.estrategia.com\\\/portal\\\/#organization\",\"name\":\"Estrat\u00e9gia - Carreiras Jur\u00eddicas\",\"url\":\"https:\\\/\\\/cj.estrategia.com\\\/portal\\\/\",\"logo\":{\"@type\":\"ImageObject\",\"inLanguage\":\"pt-BR\",\"@id\":\"https:\\\/\\\/cj.estrategia.com\\\/portal\\\/#\\\/schema\\\/logo\\\/image\\\/\",\"url\":\"https:\\\/\\\/cj.estrategia.com\\\/portal\\\/wp-content\\\/uploads\\\/2022\\\/03\\\/11151052\\\/cj-logo.png\",\"contentUrl\":\"https:\\\/\\\/cj.estrategia.com\\\/portal\\\/wp-content\\\/uploads\\\/2022\\\/03\\\/11151052\\\/cj-logo.png\",\"width\":150,\"height\":39,\"caption\":\"Estrat\u00e9gia - Carreiras Jur\u00eddicas\"},\"image\":{\"@id\":\"https:\\\/\\\/cj.estrategia.com\\\/portal\\\/#\\\/schema\\\/logo\\\/image\\\/\"},\"sameAs\":[\"https:\\\/\\\/www.facebook.com\\\/estrategiacarreirajuridica\\\/\",\"https:\\\/\\\/x.com\\\/EstratJuridica\",\"https:\\\/\\\/www.instagram.com\\\/estrategiacarreirajuridica\\\/\",\"https:\\\/\\\/www.youtube.com\\\/channel\\\/UClbMGuYbj2Mh1m3w144ETWQ\"]},{\"@type\":\"Person\",\"@id\":\"https:\\\/\\\/cj.estrategia.com\\\/portal\\\/#\\\/schema\\\/person\\\/c48648992c53b73c046825760c50c2f0\",\"name\":\"Allan Joos\",\"image\":{\"@type\":\"ImageObject\",\"inLanguage\":\"pt-BR\",\"@id\":\"https:\\\/\\\/secure.gravatar.com\\\/avatar\\\/1b8f33b5c8b83dae3a0e569e23f1e6d1898a7771af6690410413809652612016?s=96&d=mm&r=g\",\"url\":\"https:\\\/\\\/secure.gravatar.com\\\/avatar\\\/1b8f33b5c8b83dae3a0e569e23f1e6d1898a7771af6690410413809652612016?s=96&d=mm&r=g\",\"contentUrl\":\"https:\\\/\\\/secure.gravatar.com\\\/avatar\\\/1b8f33b5c8b83dae3a0e569e23f1e6d1898a7771af6690410413809652612016?s=96&d=mm&r=g\",\"caption\":\"Allan Joos\"},\"url\":\"https:\\\/\\\/cj.estrategia.com\\\/portal\\\/author\\\/allan-joos\\\/\"}]}<\/script>\n<!-- \/ Yoast SEO Premium plugin. -->","yoast_head_json":{"title":"Engajamento a qualquer custo: mentira sobre roubo viraliza","description":"Um homem confessou \u00e0 pol\u00edcia que mentiu sobre ser v\u00edtima de um assalto, visando obter engajamento nas redes sociais.","robots":{"index":"index","follow":"follow","max-snippet":"max-snippet:-1","max-image-preview":"max-image-preview:large","max-video-preview":"max-video-preview:-1"},"canonical":"https:\/\/cj.estrategia.com\/portal\/engajamento-homem-mente-roubo-video\/","og_locale":"pt_BR","og_type":"article","og_title":"Engajamento a qualquer custo: homem mente sobre ser v\u00edtima de roubo em v\u00eddeo que viralizou nas redes sociais","og_description":"Um homem confessou \u00e0 pol\u00edcia que mentiu sobre ser v\u00edtima de um assalto, visando obter engajamento nas redes sociais.","og_url":"https:\/\/cj.estrategia.com\/portal\/engajamento-homem-mente-roubo-video\/","og_site_name":"Blog - Carreiras Jur\u00eddicas - Estrat\u00e9gia","article_publisher":"https:\/\/www.facebook.com\/estrategiacarreirajuridica\/","article_published_time":"2024-08-01T00:02:08+00:00","article_modified_time":"2024-08-08T19:00:34+00:00","og_image":[{"width":2560,"height":1707,"url":"https:\/\/cj.estrategia.com\/portal\/wp-content\/uploads\/2024\/07\/31203601\/social-media-marketing-concept-marketing-with-applications-scaled.jpg","type":"image\/jpeg"}],"author":"Allan Joos","twitter_card":"summary_large_image","twitter_creator":"@EstratJuridica","twitter_site":"@EstratJuridica","twitter_misc":{"Escrito por":"Allan Joos","Est. tempo de leitura":"5 minutos"},"schema":{"@context":"https:\/\/schema.org","@graph":[{"@type":"NewsArticle","@id":"https:\/\/cj.estrategia.com\/portal\/engajamento-homem-mente-roubo-video\/#article","isPartOf":{"@id":"https:\/\/cj.estrategia.com\/portal\/engajamento-homem-mente-roubo-video\/"},"author":{"name":"Allan Joos","@id":"https:\/\/cj.estrategia.com\/portal\/#\/schema\/person\/c48648992c53b73c046825760c50c2f0"},"headline":"Engajamento a qualquer custo: homem mente sobre ser v\u00edtima de roubo em v\u00eddeo que viralizou nas redes sociais","datePublished":"2024-08-01T00:02:08+00:00","dateModified":"2024-08-08T19:00:34+00:00","mainEntityOfPage":{"@id":"https:\/\/cj.estrategia.com\/portal\/engajamento-homem-mente-roubo-video\/"},"wordCount":872,"commentCount":0,"publisher":{"@id":"https:\/\/cj.estrategia.com\/portal\/#organization"},"image":{"@id":"https:\/\/cj.estrategia.com\/portal\/engajamento-homem-mente-roubo-video\/#primaryimage"},"thumbnailUrl":"https:\/\/cj.estrategia.com\/portal\/wp-content\/uploads\/2024\/07\/31203601\/social-media-marketing-concept-marketing-with-applications-scaled.jpg","keywords":["assaltante","assaltante pendurado","brincadeira","carro","desinforma\u00e7\u00e3o","engajamento","falsa comunica\u00e7\u00e3o de crime","mentira","pendurado","redes sociais","visibilidade","v\u00edtima"],"articleSection":["Carreiras Jur\u00eddicas"],"inLanguage":"pt-BR","potentialAction":[{"@type":"CommentAction","name":"Comment","target":["https:\/\/cj.estrategia.com\/portal\/engajamento-homem-mente-roubo-video\/#respond"]}]},{"@type":"WebPage","@id":"https:\/\/cj.estrategia.com\/portal\/engajamento-homem-mente-roubo-video\/","url":"https:\/\/cj.estrategia.com\/portal\/engajamento-homem-mente-roubo-video\/","name":"Engajamento a qualquer custo: mentira sobre roubo viraliza","isPartOf":{"@id":"https:\/\/cj.estrategia.com\/portal\/#website"},"primaryImageOfPage":{"@id":"https:\/\/cj.estrategia.com\/portal\/engajamento-homem-mente-roubo-video\/#primaryimage"},"image":{"@id":"https:\/\/cj.estrategia.com\/portal\/engajamento-homem-mente-roubo-video\/#primaryimage"},"thumbnailUrl":"https:\/\/cj.estrategia.com\/portal\/wp-content\/uploads\/2024\/07\/31203601\/social-media-marketing-concept-marketing-with-applications-scaled.jpg","datePublished":"2024-08-01T00:02:08+00:00","dateModified":"2024-08-08T19:00:34+00:00","description":"Um homem confessou \u00e0 pol\u00edcia que mentiu sobre ser v\u00edtima de um assalto, visando obter engajamento nas redes sociais.","breadcrumb":{"@id":"https:\/\/cj.estrategia.com\/portal\/engajamento-homem-mente-roubo-video\/#breadcrumb"},"inLanguage":"pt-BR","potentialAction":[{"@type":"ReadAction","target":["https:\/\/cj.estrategia.com\/portal\/engajamento-homem-mente-roubo-video\/"]}]},{"@type":"ImageObject","inLanguage":"pt-BR","@id":"https:\/\/cj.estrategia.com\/portal\/engajamento-homem-mente-roubo-video\/#primaryimage","url":"https:\/\/cj.estrategia.com\/portal\/wp-content\/uploads\/2024\/07\/31203601\/social-media-marketing-concept-marketing-with-applications-scaled.jpg","contentUrl":"https:\/\/cj.estrategia.com\/portal\/wp-content\/uploads\/2024\/07\/31203601\/social-media-marketing-concept-marketing-with-applications-scaled.jpg","width":2560,"height":1707,"caption":"engajamento, redes sociais"},{"@type":"BreadcrumbList","@id":"https:\/\/cj.estrategia.com\/portal\/engajamento-homem-mente-roubo-video\/#breadcrumb","itemListElement":[{"@type":"ListItem","position":1,"name":"In\u00edcio","item":"https:\/\/cj.estrategia.com\/portal\/"},{"@type":"ListItem","position":2,"name":"Engajamento a qualquer custo: homem mente sobre ser v\u00edtima de roubo em v\u00eddeo que viralizou nas redes sociais"}]},{"@type":"WebSite","@id":"https:\/\/cj.estrategia.com\/portal\/#website","url":"https:\/\/cj.estrategia.com\/portal\/","name":"Blog - Carreiras Jur\u00eddicas - Estrat\u00e9gia","description":"","publisher":{"@id":"https:\/\/cj.estrategia.com\/portal\/#organization"},"potentialAction":[{"@type":"SearchAction","target":{"@type":"EntryPoint","urlTemplate":"https:\/\/cj.estrategia.com\/portal\/?s={search_term_string}"},"query-input":{"@type":"PropertyValueSpecification","valueRequired":true,"valueName":"search_term_string"}}],"inLanguage":"pt-BR"},{"@type":"Organization","@id":"https:\/\/cj.estrategia.com\/portal\/#organization","name":"Estrat\u00e9gia - Carreiras Jur\u00eddicas","url":"https:\/\/cj.estrategia.com\/portal\/","logo":{"@type":"ImageObject","inLanguage":"pt-BR","@id":"https:\/\/cj.estrategia.com\/portal\/#\/schema\/logo\/image\/","url":"https:\/\/cj.estrategia.com\/portal\/wp-content\/uploads\/2022\/03\/11151052\/cj-logo.png","contentUrl":"https:\/\/cj.estrategia.com\/portal\/wp-content\/uploads\/2022\/03\/11151052\/cj-logo.png","width":150,"height":39,"caption":"Estrat\u00e9gia - Carreiras Jur\u00eddicas"},"image":{"@id":"https:\/\/cj.estrategia.com\/portal\/#\/schema\/logo\/image\/"},"sameAs":["https:\/\/www.facebook.com\/estrategiacarreirajuridica\/","https:\/\/x.com\/EstratJuridica","https:\/\/www.instagram.com\/estrategiacarreirajuridica\/","https:\/\/www.youtube.com\/channel\/UClbMGuYbj2Mh1m3w144ETWQ"]},{"@type":"Person","@id":"https:\/\/cj.estrategia.com\/portal\/#\/schema\/person\/c48648992c53b73c046825760c50c2f0","name":"Allan Joos","image":{"@type":"ImageObject","inLanguage":"pt-BR","@id":"https:\/\/secure.gravatar.com\/avatar\/1b8f33b5c8b83dae3a0e569e23f1e6d1898a7771af6690410413809652612016?s=96&d=mm&r=g","url":"https:\/\/secure.gravatar.com\/avatar\/1b8f33b5c8b83dae3a0e569e23f1e6d1898a7771af6690410413809652612016?s=96&d=mm&r=g","contentUrl":"https:\/\/secure.gravatar.com\/avatar\/1b8f33b5c8b83dae3a0e569e23f1e6d1898a7771af6690410413809652612016?s=96&d=mm&r=g","caption":"Allan Joos"},"url":"https:\/\/cj.estrategia.com\/portal\/author\/allan-joos\/"}]}},"jetpack_featured_media_url":"https:\/\/cj.estrategia.com\/portal\/wp-content\/uploads\/2024\/07\/31203601\/social-media-marketing-concept-marketing-with-applications-scaled.jpg","jetpack_sharing_enabled":true,"_links":{"self":[{"href":"https:\/\/cj.estrategia.com\/portal\/wp-json\/wp\/v2\/posts\/71075","targetHints":{"allow":["GET"]}}],"collection":[{"href":"https:\/\/cj.estrategia.com\/portal\/wp-json\/wp\/v2\/posts"}],"about":[{"href":"https:\/\/cj.estrategia.com\/portal\/wp-json\/wp\/v2\/types\/post"}],"author":[{"embeddable":true,"href":"https:\/\/cj.estrategia.com\/portal\/wp-json\/wp\/v2\/users\/62"}],"replies":[{"embeddable":true,"href":"https:\/\/cj.estrategia.com\/portal\/wp-json\/wp\/v2\/comments?post=71075"}],"version-history":[{"count":3,"href":"https:\/\/cj.estrategia.com\/portal\/wp-json\/wp\/v2\/posts\/71075\/revisions"}],"predecessor-version":[{"id":71083,"href":"https:\/\/cj.estrategia.com\/portal\/wp-json\/wp\/v2\/posts\/71075\/revisions\/71083"}],"wp:featuredmedia":[{"embeddable":true,"href":"https:\/\/cj.estrategia.com\/portal\/wp-json\/wp\/v2\/media\/71077"}],"wp:attachment":[{"href":"https:\/\/cj.estrategia.com\/portal\/wp-json\/wp\/v2\/media?parent=71075"}],"wp:term":[{"taxonomy":"category","embeddable":true,"href":"https:\/\/cj.estrategia.com\/portal\/wp-json\/wp\/v2\/categories?post=71075"},{"taxonomy":"post_tag","embeddable":true,"href":"https:\/\/cj.estrategia.com\/portal\/wp-json\/wp\/v2\/tags?post=71075"},{"taxonomy":"tax_estado","embeddable":true,"href":"https:\/\/cj.estrategia.com\/portal\/wp-json\/wp\/v2\/tax_estado?post=71075"}],"curies":[{"name":"wp","href":"https:\/\/api.w.org\/{rel}","templated":true}]}}