{"id":70805,"date":"2025-01-24T11:00:00","date_gmt":"2025-01-24T14:00:00","guid":{"rendered":"https:\/\/cj.estrategia.com\/portal\/?p=70805"},"modified":"2026-02-05T17:42:43","modified_gmt":"2026-02-05T20:42:43","slug":"concurso-pgm-rio-largo-al","status":"publish","type":"post","link":"https:\/\/cj.estrategia.com\/portal\/concurso-pgm-rio-largo-al\/","title":{"rendered":"Concurso PGM Rio Largo AL: homologado!"},"content":{"rendered":"<a id=\"cta-icon\" href=\"https:\/\/sndflw.com\/i\/procuradorias-grupo\" target=\"blank\" style=\"background:rgb(41,166,26)\">\n            <img decoding=\"async\" src=\"https:\/\/cj.estrategia.com\/portal\/wp-content\/uploads\/2023\/12\/07160657\/whatsapp_1385.webp\" alt=\"\" alt=\"whatsapp_1385\"><span > Acesse agora o Grupo de Estudos para Concurso de Procuradorias <\/span><\/a>\n\n\n\n<p>ATEN\u00c7\u00c3O! Foi homologado o resultado final do <strong>concurso PGM Rio Largo AL<\/strong>. Veja abaixo:<\/p>\n\n\n\n<ul class=\"wp-block-list\">\n<li><a href=\"https:\/\/cj.estrategia.com\/portal\/wp-content\/uploads\/2025\/01\/28133627\/EDITAL-DE-HOMOLOGACAO-PARCIAL_2025_01_24_17_44_22.pdf\" target=\"_blank\" >Homologa\u00e7\u00e3o;<\/a><\/li>\n\n\n\n<li><a href=\"https:\/\/cj.estrategia.com\/portal\/wp-content\/uploads\/2025\/01\/28134119\/EDITAL-DE-DIVULGACAO-DO-RESULTADO-FINAL-DA-AMPLA-CONCORRENCIA_2025_01_24_17_30_06.pdf\" target=\"_blank\" >Resultado final. <\/a><\/li>\n<\/ul>\n\n\n\n<p>A sele\u00e7\u00e3o ofertou<strong>&nbsp;vagas&nbsp;<\/strong>em <strong>cadastro reserva<\/strong> para o cargo de <strong>Procurador Municipal<\/strong>. A remunera\u00e7\u00e3o inicial \u00e9 de <strong><strong>R$ 8.927,42<\/strong><\/strong>.<\/p>\n\n\n\n<ul class=\"wp-block-list has-very-light-gray-to-cyan-bluish-gray-gradient-background has-background\">\n<li><strong>Concurso PGM Rio Largo <\/strong><\/li>\n\n\n\n<li><strong>Status:<\/strong> homologado<\/li>\n\n\n\n<li><strong>Banca:<\/strong> <a href=\"https:\/\/institutoindec.org.br\/concursos\/publicacoes\/PREFEITURA+MUNICIPAL+DE+RIO+LARGO\/121\" target=\"_blank\" >Instituto Indec<\/a><\/li>\n\n\n\n<li><strong>Vagas:<\/strong> CR<\/li>\n\n\n\n<li><strong>Sal\u00e1rio inicial: R$ 8.927,42<\/strong><\/li>\n\n\n\n<li><strong>Edital:<\/strong>\u00a0<a href=\"https:\/\/dhg1h5j42swfq.cloudfront.net\/2024\/07\/30094705\/rio_largo_edital_de_abertura_concurso_publico_001-2024-_final_2024_07_29_17_25_47.pdf\" target=\"_blank\" >Edital Rio Largo 2024<\/a><\/li>\n<\/ul>\n\n\n\n<p><\/p>\n\n\n\n<div class=\"container\" id=\"boxes\">\n  <div class=\"row\">\n\n    <div class=\"col-sm\">\n      <div class=\"banner-ecj-procuradorias\" id=\"box-assinatura\">\n        <h2 id=\"cursos-para-concurso-pgm-rio-largo-al\" class=\"titulo-assinatura\"><span style=\"color: #ffffff; font-size: 23px; \">Cursos para Concurso PGM Rio Largo AL<\/span><\/h2>\n        <p class=\"subtitulo-assinatura\">Cursos focados no edital!<\/p>\n        <div class=\"box-botao\">\n          <a class=\"btn-assinatura-juridica\" target=\"_blank\" href=\"https:\/\/cj.estrategia.com\/concurso\/cursos-para-procuradorias-e-advogados\" role=\"button\" rel=\"noopener noreferrer\">CLIQUE AQUI<\/a>\n        <\/div>\n      <\/div>\n      <p class=\"texto-auxiliar\">Prepare-se com o melhor material e com quem mais aprova em concursos em todo o pa\u00eds. \n<\/p>\n    <\/div>\n\n  <\/div>\n<\/div>\n\n\n\n<p><\/p>\n\n\n\n<div class=\"wp-block-yoast-seo-table-of-contents yoast-table-of-contents\"><h2 id=\"o-que-voce-vai-encontrar-neste-artigo\">O que voc\u00ea vai encontrar neste artigo?<\/h2><ul><li><a href=\"#atual\" data-level=\"2\">Concurso PGM Rio Largo AL: situa\u00e7\u00e3o atual<\/a><ul><li><a href=\"#h-cronograma\" data-level=\"3\">Cronograma<\/a><\/li><\/ul><\/li><li><a href=\"#carreira\" data-level=\"2\">Carreira de Procurador na PGM AL<\/a><ul><li><a href=\"#vagas\" data-level=\"3\">Cargos e Vagas<\/a><\/li><li><a href=\"#remuneracao\" data-level=\"3\">Remunera\u00e7\u00e3o<\/a><\/li><li><a href=\"#requisitos\" data-level=\"3\">Requisitos<\/a><\/li><\/ul><\/li><li><a href=\"#etapas\" data-level=\"2\">Concurso PGM Rio Largo: etapas<\/a><ul><li><a href=\"#objetiva\" data-level=\"3\">Prova objetiva<\/a><\/li><li><a href=\"#h-disciplinas\" data-level=\"3\">Disciplinas:<\/a><\/li><\/ul><\/li><li><a href=\"#cursos\" data-level=\"2\">Quer saber tudo sobre concursos previstos? Confira nossos artigos !<\/a><\/li><li><a href=\"#cursos\" data-level=\"2\">Quer estudar para Concurso PGM Rio Largo AL?<\/a><\/li><\/ul><\/div>\n\n\n\n<h2 class=\"wp-block-heading\" id=\"atual\"><span id=\"concurso-pgm-rio-largo-al-situacao-atual\">Concurso PGM Rio Largo AL: situa\u00e7\u00e3o atual<\/span><\/h2>\n\n\n\n<h3 class=\"wp-block-heading\" id=\"h-cronograma\"><span id=\"cronograma\">Cronograma<\/span><\/h3>\n\n\n\n<ul class=\"wp-block-list\">\n<li><strong>Inscri\u00e7\u00f5es:<\/strong>&nbsp;<s>30 de julho a 29 de agosto<\/s><\/li>\n\n\n\n<li><strong>Isen\u00e7\u00e3o da taxa:<\/strong>&nbsp;<s>30 de julho a 02 de agosto<\/s><\/li>\n\n\n\n<li><strong>Pagamento da taxa:<\/strong>&nbsp;<s>at\u00e9 30 de agosto<\/s><\/li>\n\n\n\n<li><strong>Data da prova:&nbsp;<\/strong><s>24\/11\/2024<\/s><\/li>\n<\/ul>\n\n\n\n<h2 class=\"wp-block-heading\" id=\"carreira\"><span id=\"carreira-de-procurador-na-pgm-al\">Carreira de Procurador na PGM AL<\/span><\/h2>\n\n\n\n<h3 class=\"wp-block-heading\" id=\"vagas\"><span id=\"cargos-e-vagas\">Cargos e Vagas<\/span><\/h3>\n\n\n\n<ul class=\"wp-block-list\">\n<li><strong>Procurador Municipal &#8211; CR <\/strong><\/li>\n<\/ul>\n\n\n\n<h3 class=\"wp-block-heading\" id=\"remuneracao\">Remunera\u00e7\u00e3o <\/h3>\n\n\n\n<p>A remunera\u00e7\u00e3o inicial do cargo \u00e9 de <strong>R$ 8.927,42<\/strong>. <\/p>\n\n\n\n<h3 class=\"wp-block-heading\" id=\"requisitos\">Requisitos<\/h3>\n\n\n\n<p>Curso Superior Completo em Direito e registro no Conselho de Classe competente.<\/p>\n\n\n\n<h2 class=\"wp-block-heading\" id=\"etapas\"><span id=\"concurso-pgm-rio-largo-etapas\">Concurso PGM Rio Largo: etapas<\/span><\/h2>\n\n\n\n<ul class=\"wp-block-list\">\n<li><strong>Prova objetiva<\/strong>&nbsp;para todos os cargos (eliminat\u00f3rio e classificat\u00f3rio);<\/li>\n<\/ul>\n\n\n\n<h3 class=\"wp-block-heading\" id=\"objetiva\"><span id=\"prova-objetiva\">Prova objetiva<\/span><\/h3>\n\n\n\n<p>Com dura\u00e7\u00e3o de 3 horas, as provas objetivas contaram com&nbsp;<strong>40 quest\u00f5es<\/strong>&nbsp;de m\u00faltipla escolha, com quatro alternativas cada, sendo somente uma correta.<\/p>\n\n\n\n<h3 class=\"wp-block-heading\" id=\"h-disciplinas\"><span id=\"disciplinas\">Disciplinas:<\/span><\/h3>\n\n\n\n<ul class=\"wp-block-list\">\n<li>L\u00edngua Portuguesa \u2013 10 quest\u00f5es;<\/li>\n\n\n\n<li>Conhecimentos em Inform\u00e1tica \u2013 10 quest\u00f5es;<\/li>\n\n\n\n<li>Conhecimentos Espec\u00edficos \u2013 20 quest\u00f5es.<\/li>\n<\/ul>\n\n\n\n<p>Com pontua\u00e7\u00e3o m\u00e1xima de 100 pontos, foram considerados habilitados os candidatos que obtiveram, no m\u00ednimo, 50% de pontos.<\/p>\n\n\n\n<h2 class=\"wp-block-heading has-text-align-center\" id=\"cursos\"><span id=\"quer-saber-tudo-sobre-concursos-previstosconfira-nossos-artigos\">Quer saber tudo sobre concursos previstos?<br><strong>Confira nossos artigos<\/strong>!<\/span><\/h2>\n\n\n\n<ul class=\"wp-block-list\">\n<li><a href=\"https:\/\/cj.estrategia.com\/portal\/concursos-2025-carreiras-juridicas\/\" target=\"_blank\" ><a href=\"https:\/\/cj.estrategia.com\/portal\/concursos-juridicos-2026-prepare-se-para-os-proximos-editais\/\" target=\"_blank\" >Concursos Jur\u00eddicos 2026<\/a><\/a><\/li>\n\n\n\n<li><a href=\"https:\/\/cj.estrategia.com\/portal\/concursos-procuradorias\/\" target=\"_blank\" >Concursos Procuradorias<\/a><\/li>\n\n\n\n<li><a href=\"https:\/\/cj.estrategia.com\/portal\/concursos-abertos-carreiras-juridicas\/\" target=\"_blank\" >Concursos jur\u00eddicos abertos<\/a><\/li>\n<\/ul>\n\n\n\n<h2 class=\"wp-block-heading has-text-align-center\" id=\"cursos\"><span id=\"quer-estudar-para-concurso-pgm-rio-largo-al\">Quer estudar para Concurso PGM Rio Largo AL?<\/span><\/h2>\n\n\n\n<p class=\"has-text-align-center\"><em>Gostou desta oportunidade e deseja come\u00e7ar se preparar agora mesmo? Ent\u00e3o, confira os nossos cursos e comece a estudar:<\/em><\/p>\n\n\n\n<div class=\"wp-block-cover\" style=\"min-height:155px;aspect-ratio:unset;\"><img decoding=\"async\" width=\"1890\" height=\"351\" class=\"wp-block-cover__image-background wp-image-8669\" alt=\"Assinaturas Jur\u00eddicas\" src=\"https:\/\/cj.estrategia.com\/portal\/wp-content\/uploads\/2022\/06\/20151253\/concurso-carreiras-juridicas-assinatura-juridica.jpg\" style=\"object-position:78% 43%\" data-object-fit=\"cover\" data-object-position=\"78% 43%\" srcset=\"https:\/\/cj.estrategia.com\/portal\/wp-content\/uploads\/2022\/06\/20151253\/concurso-carreiras-juridicas-assinatura-juridica.jpg 1890w, https:\/\/cj.estrategia.com\/portal\/wp-content\/uploads\/2022\/06\/20151253\/concurso-carreiras-juridicas-assinatura-juridica-300x56.jpg 300w, https:\/\/cj.estrategia.com\/portal\/wp-content\/uploads\/2022\/06\/20151253\/concurso-carreiras-juridicas-assinatura-juridica-1024x190.jpg 1024w, https:\/\/cj.estrategia.com\/portal\/wp-content\/uploads\/2022\/06\/20151253\/concurso-carreiras-juridicas-assinatura-juridica-768x143.jpg 768w, https:\/\/cj.estrategia.com\/portal\/wp-content\/uploads\/2022\/06\/20151253\/concurso-carreiras-juridicas-assinatura-juridica-1536x285.jpg 1536w, https:\/\/cj.estrategia.com\/portal\/wp-content\/uploads\/2022\/06\/20151253\/concurso-carreiras-juridicas-assinatura-juridica-380x71.jpg 380w, https:\/\/cj.estrategia.com\/portal\/wp-content\/uploads\/2022\/06\/20151253\/concurso-carreiras-juridicas-assinatura-juridica-800x149.jpg 800w, https:\/\/cj.estrategia.com\/portal\/wp-content\/uploads\/2022\/06\/20151253\/concurso-carreiras-juridicas-assinatura-juridica-1160x215.jpg 1160w\" sizes=\"(max-width: 1890px) 100vw, 1890px\" \/><span aria-hidden=\"true\" class=\"wp-block-cover__background has-background-dim\"><\/span><div class=\"wp-block-cover__inner-container is-layout-flow wp-block-cover-is-layout-flow\">\n<h3 id=\"faca-a-sua-assinatura\" class=\"titulo-assinatura\"><span style=\"color: #ffffff;\">Fa\u00e7a a sua assinatura!<\/span><\/h3>\n<p class=\"subtitulo-assinatura\" style=\"display:block!important; line-height: 0;\"><span style=\"color: #ffffff;\">Escolha a sua \u00e1rea.<\/span><\/p>\n<a target=\"_blank\" href=\"https:\/\/www.estrategiaconcursos.com.br\/assinaturas-ecj\/\" rel=\"noopener\"><button style=\"border-radius: 10px; text-transform: capitalize;\">Acessar<\/button><\/a>\n<\/div><\/div>\n\n\n\n<figure class=\"wp-block-image size-large is-resized\"><img decoding=\"async\" src=\"https:\/\/dhg1h5j42swfq.cloudfront.net\/2021\/04\/21143859\/ficha-tecnica-161-1024x632.png\" alt=\"concurso tjm mg ficha t\u00e9cnica\" class=\"wp-image-720407\" style=\"width:162px;height:100px\"\/><\/figure>\n\n\n\n<p id=\"ficha\"><strong><span style=\"font-size: 14pt; color: #000000;\">Informa\u00e7\u00f5es do<\/span> Concurso PGM Rio Largo AL<\/strong><br><span style=\"color: #000000;\"> \u25baData das provas:<\/span> <s>24\/11\/2024<\/s><br><span style=\"color: #000000;\"> \u25baVagas:<\/span> CR<br> <span style=\"color: #000000;\">\u25baCargos:<\/span> Procurador Municipal<br><span style=\"color: #000000;\"> \u25baBanca: <\/span>Instituto Indec<br><span style=\"color: #000000;\"> \u25baEscolaridade: <\/span>Curso Superior Completo em Direito e registro no Conselho de Classe competente<br><strong>Edital:<\/strong>&nbsp;<a href=\"https:\/\/dhg1h5j42swfq.cloudfront.net\/2024\/07\/30094705\/rio_largo_edital_de_abertura_concurso_publico_001-2024-_final_2024_07_29_17_25_47.pdf\" target=\"_blank\" >Edital Rio Largo 2024<\/a><\/p>\n","protected":false},"excerpt":{"rendered":"ATEN\u00c7\u00c3O! Foi homologado o resultado final do concurso PGM Rio Largo AL. Veja abaixo: A sele\u00e7\u00e3o ofertou&nbsp;vagas&nbsp;em cadastro&hellip;\n","protected":false},"author":12,"featured_media":177715,"comment_status":"open","ping_status":"open","sticky":false,"template":"","format":"standard","meta":{"_jetpack_memberships_contains_paid_content":false,"footnotes":""},"categories":[24],"tags":[],"tax_estado":[31],"class_list":{"0":"post-70805","1":"post","2":"type-post","3":"status-publish","4":"format-standard","5":"has-post-thumbnail","7":"category-procuradoria","8":"tax_estado-al"},"acf":[],"yoast_head":"<!-- This site is optimized with the Yoast SEO Premium plugin v27.4 (Yoast SEO v27.4) - https:\/\/yoast.com\/product\/yoast-seo-premium-wordpress\/ -->\n<title>Concurso PGM Rio Largo AL: homologado!<\/title>\n<meta name=\"description\" content=\"Concurso PGM Rio Largo AL: certame homologado! Confira AQUI todas as informa\u00e7\u00f5es sobre vagas, sal\u00e1rio e edital.\" \/>\n<meta name=\"robots\" content=\"index, follow, max-snippet:-1, max-image-preview:large, max-video-preview:-1\" \/>\n<link rel=\"canonical\" href=\"https:\/\/cj.estrategia.com\/portal\/concurso-pgm-rio-largo-al\/\" \/>\n<meta property=\"og:locale\" content=\"pt_BR\" \/>\n<meta property=\"og:type\" content=\"article\" \/>\n<meta property=\"og:title\" content=\"Concurso PGM Rio Largo AL: homologado!\" \/>\n<meta property=\"og:description\" content=\"Concurso PGM Rio Largo AL: certame homologado! Confira AQUI todas as informa\u00e7\u00f5es sobre vagas, sal\u00e1rio e edital.\" \/>\n<meta property=\"og:url\" content=\"https:\/\/cj.estrategia.com\/portal\/concurso-pgm-rio-largo-al\/\" \/>\n<meta property=\"og:site_name\" content=\"Blog - Carreiras Jur\u00eddicas - Estrat\u00e9gia\" \/>\n<meta property=\"article:publisher\" content=\"https:\/\/www.facebook.com\/estrategiacarreirajuridica\/\" \/>\n<meta property=\"article:published_time\" content=\"2025-01-24T14:00:00+00:00\" \/>\n<meta property=\"article:modified_time\" content=\"2026-02-05T20:42:43+00:00\" \/>\n<meta property=\"og:image\" content=\"https:\/\/cj.estrategia.com\/portal\/wp-content\/uploads\/2026\/01\/04105643\/procurador.jpg\" \/>\n\t<meta property=\"og:image:width\" content=\"2459\" \/>\n\t<meta property=\"og:image:height\" content=\"1383\" \/>\n\t<meta property=\"og:image:type\" content=\"image\/jpeg\" \/>\n<meta name=\"author\" content=\"Coordena\u00e7\u00e3o\" \/>\n<meta name=\"twitter:card\" content=\"summary_large_image\" \/>\n<meta name=\"twitter:creator\" content=\"@EstratJuridica\" \/>\n<meta name=\"twitter:site\" content=\"@EstratJuridica\" \/>\n<meta name=\"twitter:label1\" content=\"Escrito por\" \/>\n\t<meta name=\"twitter:data1\" content=\"Coordena\u00e7\u00e3o\" \/>\n\t<meta name=\"twitter:label2\" content=\"Est. tempo de leitura\" \/>\n\t<meta name=\"twitter:data2\" content=\"3 minutos\" \/>\n<script type=\"application\/ld+json\" class=\"yoast-schema-graph\">{\"@context\":\"https:\\\/\\\/schema.org\",\"@graph\":[{\"@type\":\"NewsArticle\",\"@id\":\"https:\\\/\\\/cj.estrategia.com\\\/portal\\\/concurso-pgm-rio-largo-al\\\/#article\",\"isPartOf\":{\"@id\":\"https:\\\/\\\/cj.estrategia.com\\\/portal\\\/concurso-pgm-rio-largo-al\\\/\"},\"author\":{\"name\":\"Coordena\u00e7\u00e3o\",\"@id\":\"https:\\\/\\\/cj.estrategia.com\\\/portal\\\/#\\\/schema\\\/person\\\/4d70317d31449932b99102916b6637f5\"},\"headline\":\"Concurso PGM Rio Largo AL: homologado!\",\"datePublished\":\"2025-01-24T14:00:00+00:00\",\"dateModified\":\"2026-02-05T20:42:43+00:00\",\"mainEntityOfPage\":{\"@id\":\"https:\\\/\\\/cj.estrategia.com\\\/portal\\\/concurso-pgm-rio-largo-al\\\/\"},\"wordCount\":391,\"commentCount\":0,\"publisher\":{\"@id\":\"https:\\\/\\\/cj.estrategia.com\\\/portal\\\/#organization\"},\"image\":{\"@id\":\"https:\\\/\\\/cj.estrategia.com\\\/portal\\\/concurso-pgm-rio-largo-al\\\/#primaryimage\"},\"thumbnailUrl\":\"https:\\\/\\\/cj.estrategia.com\\\/portal\\\/wp-content\\\/uploads\\\/2026\\\/01\\\/04105643\\\/procurador.jpg\",\"articleSection\":[\"Procuradoria\"],\"inLanguage\":\"pt-BR\",\"potentialAction\":[{\"@type\":\"CommentAction\",\"name\":\"Comment\",\"target\":[\"https:\\\/\\\/cj.estrategia.com\\\/portal\\\/concurso-pgm-rio-largo-al\\\/#respond\"]}],\"accessibilityFeature\":[\"tableOfContents\"]},{\"@type\":\"WebPage\",\"@id\":\"https:\\\/\\\/cj.estrategia.com\\\/portal\\\/concurso-pgm-rio-largo-al\\\/\",\"url\":\"https:\\\/\\\/cj.estrategia.com\\\/portal\\\/concurso-pgm-rio-largo-al\\\/\",\"name\":\"Concurso PGM Rio Largo AL: homologado!\",\"isPartOf\":{\"@id\":\"https:\\\/\\\/cj.estrategia.com\\\/portal\\\/#website\"},\"primaryImageOfPage\":{\"@id\":\"https:\\\/\\\/cj.estrategia.com\\\/portal\\\/concurso-pgm-rio-largo-al\\\/#primaryimage\"},\"image\":{\"@id\":\"https:\\\/\\\/cj.estrategia.com\\\/portal\\\/concurso-pgm-rio-largo-al\\\/#primaryimage\"},\"thumbnailUrl\":\"https:\\\/\\\/cj.estrategia.com\\\/portal\\\/wp-content\\\/uploads\\\/2026\\\/01\\\/04105643\\\/procurador.jpg\",\"datePublished\":\"2025-01-24T14:00:00+00:00\",\"dateModified\":\"2026-02-05T20:42:43+00:00\",\"description\":\"Concurso PGM Rio Largo AL: certame homologado! Confira AQUI todas as informa\u00e7\u00f5es sobre vagas, sal\u00e1rio e edital.\",\"breadcrumb\":{\"@id\":\"https:\\\/\\\/cj.estrategia.com\\\/portal\\\/concurso-pgm-rio-largo-al\\\/#breadcrumb\"},\"inLanguage\":\"pt-BR\",\"potentialAction\":[{\"@type\":\"ReadAction\",\"target\":[\"https:\\\/\\\/cj.estrategia.com\\\/portal\\\/concurso-pgm-rio-largo-al\\\/\"]}]},{\"@type\":\"ImageObject\",\"inLanguage\":\"pt-BR\",\"@id\":\"https:\\\/\\\/cj.estrategia.com\\\/portal\\\/concurso-pgm-rio-largo-al\\\/#primaryimage\",\"url\":\"https:\\\/\\\/cj.estrategia.com\\\/portal\\\/wp-content\\\/uploads\\\/2026\\\/01\\\/04105643\\\/procurador.jpg\",\"contentUrl\":\"https:\\\/\\\/cj.estrategia.com\\\/portal\\\/wp-content\\\/uploads\\\/2026\\\/01\\\/04105643\\\/procurador.jpg\",\"width\":2459,\"height\":1383},{\"@type\":\"BreadcrumbList\",\"@id\":\"https:\\\/\\\/cj.estrategia.com\\\/portal\\\/concurso-pgm-rio-largo-al\\\/#breadcrumb\",\"itemListElement\":[{\"@type\":\"ListItem\",\"position\":1,\"name\":\"In\u00edcio\",\"item\":\"https:\\\/\\\/cj.estrategia.com\\\/portal\\\/\"},{\"@type\":\"ListItem\",\"position\":2,\"name\":\"Concurso PGM Rio Largo AL: homologado!\"}]},{\"@type\":\"WebSite\",\"@id\":\"https:\\\/\\\/cj.estrategia.com\\\/portal\\\/#website\",\"url\":\"https:\\\/\\\/cj.estrategia.com\\\/portal\\\/\",\"name\":\"Blog - Carreiras Jur\u00eddicas - Estrat\u00e9gia\",\"description\":\"\",\"publisher\":{\"@id\":\"https:\\\/\\\/cj.estrategia.com\\\/portal\\\/#organization\"},\"potentialAction\":[{\"@type\":\"SearchAction\",\"target\":{\"@type\":\"EntryPoint\",\"urlTemplate\":\"https:\\\/\\\/cj.estrategia.com\\\/portal\\\/?s={search_term_string}\"},\"query-input\":{\"@type\":\"PropertyValueSpecification\",\"valueRequired\":true,\"valueName\":\"search_term_string\"}}],\"inLanguage\":\"pt-BR\"},{\"@type\":\"Organization\",\"@id\":\"https:\\\/\\\/cj.estrategia.com\\\/portal\\\/#organization\",\"name\":\"Estrat\u00e9gia - Carreiras Jur\u00eddicas\",\"url\":\"https:\\\/\\\/cj.estrategia.com\\\/portal\\\/\",\"logo\":{\"@type\":\"ImageObject\",\"inLanguage\":\"pt-BR\",\"@id\":\"https:\\\/\\\/cj.estrategia.com\\\/portal\\\/#\\\/schema\\\/logo\\\/image\\\/\",\"url\":\"https:\\\/\\\/cj.estrategia.com\\\/portal\\\/wp-content\\\/uploads\\\/2022\\\/03\\\/11151052\\\/cj-logo.png\",\"contentUrl\":\"https:\\\/\\\/cj.estrategia.com\\\/portal\\\/wp-content\\\/uploads\\\/2022\\\/03\\\/11151052\\\/cj-logo.png\",\"width\":150,\"height\":39,\"caption\":\"Estrat\u00e9gia - Carreiras Jur\u00eddicas\"},\"image\":{\"@id\":\"https:\\\/\\\/cj.estrategia.com\\\/portal\\\/#\\\/schema\\\/logo\\\/image\\\/\"},\"sameAs\":[\"https:\\\/\\\/www.facebook.com\\\/estrategiacarreirajuridica\\\/\",\"https:\\\/\\\/x.com\\\/EstratJuridica\",\"https:\\\/\\\/www.instagram.com\\\/estrategiacarreirajuridica\\\/\",\"https:\\\/\\\/www.youtube.com\\\/channel\\\/UClbMGuYbj2Mh1m3w144ETWQ\"]},{\"@type\":\"Person\",\"@id\":\"https:\\\/\\\/cj.estrategia.com\\\/portal\\\/#\\\/schema\\\/person\\\/4d70317d31449932b99102916b6637f5\",\"name\":\"Coordena\u00e7\u00e3o\",\"image\":{\"@type\":\"ImageObject\",\"inLanguage\":\"pt-BR\",\"@id\":\"https:\\\/\\\/cj.estrategia.com\\\/portal\\\/wp-content\\\/uploads\\\/2022\\\/05\\\/12164923\\\/estrategia-carreira-juridica-coordenacao-96x96.png\",\"url\":\"https:\\\/\\\/cj.estrategia.com\\\/portal\\\/wp-content\\\/uploads\\\/2022\\\/05\\\/12164923\\\/estrategia-carreira-juridica-coordenacao-96x96.png\",\"contentUrl\":\"https:\\\/\\\/cj.estrategia.com\\\/portal\\\/wp-content\\\/uploads\\\/2022\\\/05\\\/12164923\\\/estrategia-carreira-juridica-coordenacao-96x96.png\",\"caption\":\"Coordena\u00e7\u00e3o\"},\"url\":\"https:\\\/\\\/cj.estrategia.com\\\/portal\\\/author\\\/coordenacao\\\/\"}]}<\/script>\n<!-- \/ Yoast SEO Premium plugin. -->","yoast_head_json":{"title":"Concurso PGM Rio Largo AL: homologado!","description":"Concurso PGM Rio Largo AL: certame homologado! Confira AQUI todas as informa\u00e7\u00f5es sobre vagas, sal\u00e1rio e edital.","robots":{"index":"index","follow":"follow","max-snippet":"max-snippet:-1","max-image-preview":"max-image-preview:large","max-video-preview":"max-video-preview:-1"},"canonical":"https:\/\/cj.estrategia.com\/portal\/concurso-pgm-rio-largo-al\/","og_locale":"pt_BR","og_type":"article","og_title":"Concurso PGM Rio Largo AL: homologado!","og_description":"Concurso PGM Rio Largo AL: certame homologado! Confira AQUI todas as informa\u00e7\u00f5es sobre vagas, sal\u00e1rio e edital.","og_url":"https:\/\/cj.estrategia.com\/portal\/concurso-pgm-rio-largo-al\/","og_site_name":"Blog - Carreiras Jur\u00eddicas - Estrat\u00e9gia","article_publisher":"https:\/\/www.facebook.com\/estrategiacarreirajuridica\/","article_published_time":"2025-01-24T14:00:00+00:00","article_modified_time":"2026-02-05T20:42:43+00:00","og_image":[{"width":2459,"height":1383,"url":"https:\/\/cj.estrategia.com\/portal\/wp-content\/uploads\/2026\/01\/04105643\/procurador.jpg","type":"image\/jpeg"}],"author":"Coordena\u00e7\u00e3o","twitter_card":"summary_large_image","twitter_creator":"@EstratJuridica","twitter_site":"@EstratJuridica","twitter_misc":{"Escrito por":"Coordena\u00e7\u00e3o","Est. tempo de leitura":"3 minutos"},"schema":{"@context":"https:\/\/schema.org","@graph":[{"@type":"NewsArticle","@id":"https:\/\/cj.estrategia.com\/portal\/concurso-pgm-rio-largo-al\/#article","isPartOf":{"@id":"https:\/\/cj.estrategia.com\/portal\/concurso-pgm-rio-largo-al\/"},"author":{"name":"Coordena\u00e7\u00e3o","@id":"https:\/\/cj.estrategia.com\/portal\/#\/schema\/person\/4d70317d31449932b99102916b6637f5"},"headline":"Concurso PGM Rio Largo AL: homologado!","datePublished":"2025-01-24T14:00:00+00:00","dateModified":"2026-02-05T20:42:43+00:00","mainEntityOfPage":{"@id":"https:\/\/cj.estrategia.com\/portal\/concurso-pgm-rio-largo-al\/"},"wordCount":391,"commentCount":0,"publisher":{"@id":"https:\/\/cj.estrategia.com\/portal\/#organization"},"image":{"@id":"https:\/\/cj.estrategia.com\/portal\/concurso-pgm-rio-largo-al\/#primaryimage"},"thumbnailUrl":"https:\/\/cj.estrategia.com\/portal\/wp-content\/uploads\/2026\/01\/04105643\/procurador.jpg","articleSection":["Procuradoria"],"inLanguage":"pt-BR","potentialAction":[{"@type":"CommentAction","name":"Comment","target":["https:\/\/cj.estrategia.com\/portal\/concurso-pgm-rio-largo-al\/#respond"]}],"accessibilityFeature":["tableOfContents"]},{"@type":"WebPage","@id":"https:\/\/cj.estrategia.com\/portal\/concurso-pgm-rio-largo-al\/","url":"https:\/\/cj.estrategia.com\/portal\/concurso-pgm-rio-largo-al\/","name":"Concurso PGM Rio Largo AL: homologado!","isPartOf":{"@id":"https:\/\/cj.estrategia.com\/portal\/#website"},"primaryImageOfPage":{"@id":"https:\/\/cj.estrategia.com\/portal\/concurso-pgm-rio-largo-al\/#primaryimage"},"image":{"@id":"https:\/\/cj.estrategia.com\/portal\/concurso-pgm-rio-largo-al\/#primaryimage"},"thumbnailUrl":"https:\/\/cj.estrategia.com\/portal\/wp-content\/uploads\/2026\/01\/04105643\/procurador.jpg","datePublished":"2025-01-24T14:00:00+00:00","dateModified":"2026-02-05T20:42:43+00:00","description":"Concurso PGM Rio Largo AL: certame homologado! Confira AQUI todas as informa\u00e7\u00f5es sobre vagas, sal\u00e1rio e edital.","breadcrumb":{"@id":"https:\/\/cj.estrategia.com\/portal\/concurso-pgm-rio-largo-al\/#breadcrumb"},"inLanguage":"pt-BR","potentialAction":[{"@type":"ReadAction","target":["https:\/\/cj.estrategia.com\/portal\/concurso-pgm-rio-largo-al\/"]}]},{"@type":"ImageObject","inLanguage":"pt-BR","@id":"https:\/\/cj.estrategia.com\/portal\/concurso-pgm-rio-largo-al\/#primaryimage","url":"https:\/\/cj.estrategia.com\/portal\/wp-content\/uploads\/2026\/01\/04105643\/procurador.jpg","contentUrl":"https:\/\/cj.estrategia.com\/portal\/wp-content\/uploads\/2026\/01\/04105643\/procurador.jpg","width":2459,"height":1383},{"@type":"BreadcrumbList","@id":"https:\/\/cj.estrategia.com\/portal\/concurso-pgm-rio-largo-al\/#breadcrumb","itemListElement":[{"@type":"ListItem","position":1,"name":"In\u00edcio","item":"https:\/\/cj.estrategia.com\/portal\/"},{"@type":"ListItem","position":2,"name":"Concurso PGM Rio Largo AL: homologado!"}]},{"@type":"WebSite","@id":"https:\/\/cj.estrategia.com\/portal\/#website","url":"https:\/\/cj.estrategia.com\/portal\/","name":"Blog - Carreiras Jur\u00eddicas - Estrat\u00e9gia","description":"","publisher":{"@id":"https:\/\/cj.estrategia.com\/portal\/#organization"},"potentialAction":[{"@type":"SearchAction","target":{"@type":"EntryPoint","urlTemplate":"https:\/\/cj.estrategia.com\/portal\/?s={search_term_string}"},"query-input":{"@type":"PropertyValueSpecification","valueRequired":true,"valueName":"search_term_string"}}],"inLanguage":"pt-BR"},{"@type":"Organization","@id":"https:\/\/cj.estrategia.com\/portal\/#organization","name":"Estrat\u00e9gia - Carreiras Jur\u00eddicas","url":"https:\/\/cj.estrategia.com\/portal\/","logo":{"@type":"ImageObject","inLanguage":"pt-BR","@id":"https:\/\/cj.estrategia.com\/portal\/#\/schema\/logo\/image\/","url":"https:\/\/cj.estrategia.com\/portal\/wp-content\/uploads\/2022\/03\/11151052\/cj-logo.png","contentUrl":"https:\/\/cj.estrategia.com\/portal\/wp-content\/uploads\/2022\/03\/11151052\/cj-logo.png","width":150,"height":39,"caption":"Estrat\u00e9gia - Carreiras Jur\u00eddicas"},"image":{"@id":"https:\/\/cj.estrategia.com\/portal\/#\/schema\/logo\/image\/"},"sameAs":["https:\/\/www.facebook.com\/estrategiacarreirajuridica\/","https:\/\/x.com\/EstratJuridica","https:\/\/www.instagram.com\/estrategiacarreirajuridica\/","https:\/\/www.youtube.com\/channel\/UClbMGuYbj2Mh1m3w144ETWQ"]},{"@type":"Person","@id":"https:\/\/cj.estrategia.com\/portal\/#\/schema\/person\/4d70317d31449932b99102916b6637f5","name":"Coordena\u00e7\u00e3o","image":{"@type":"ImageObject","inLanguage":"pt-BR","@id":"https:\/\/cj.estrategia.com\/portal\/wp-content\/uploads\/2022\/05\/12164923\/estrategia-carreira-juridica-coordenacao-96x96.png","url":"https:\/\/cj.estrategia.com\/portal\/wp-content\/uploads\/2022\/05\/12164923\/estrategia-carreira-juridica-coordenacao-96x96.png","contentUrl":"https:\/\/cj.estrategia.com\/portal\/wp-content\/uploads\/2022\/05\/12164923\/estrategia-carreira-juridica-coordenacao-96x96.png","caption":"Coordena\u00e7\u00e3o"},"url":"https:\/\/cj.estrategia.com\/portal\/author\/coordenacao\/"}]}},"jetpack_featured_media_url":"https:\/\/cj.estrategia.com\/portal\/wp-content\/uploads\/2026\/01\/04105643\/procurador.jpg","jetpack_sharing_enabled":true,"_links":{"self":[{"href":"https:\/\/cj.estrategia.com\/portal\/wp-json\/wp\/v2\/posts\/70805","targetHints":{"allow":["GET"]}}],"collection":[{"href":"https:\/\/cj.estrategia.com\/portal\/wp-json\/wp\/v2\/posts"}],"about":[{"href":"https:\/\/cj.estrategia.com\/portal\/wp-json\/wp\/v2\/types\/post"}],"author":[{"embeddable":true,"href":"https:\/\/cj.estrategia.com\/portal\/wp-json\/wp\/v2\/users\/12"}],"replies":[{"embeddable":true,"href":"https:\/\/cj.estrategia.com\/portal\/wp-json\/wp\/v2\/comments?post=70805"}],"version-history":[{"count":32,"href":"https:\/\/cj.estrategia.com\/portal\/wp-json\/wp\/v2\/posts\/70805\/revisions"}],"predecessor-version":[{"id":178526,"href":"https:\/\/cj.estrategia.com\/portal\/wp-json\/wp\/v2\/posts\/70805\/revisions\/178526"}],"wp:featuredmedia":[{"embeddable":true,"href":"https:\/\/cj.estrategia.com\/portal\/wp-json\/wp\/v2\/media\/177715"}],"wp:attachment":[{"href":"https:\/\/cj.estrategia.com\/portal\/wp-json\/wp\/v2\/media?parent=70805"}],"wp:term":[{"taxonomy":"category","embeddable":true,"href":"https:\/\/cj.estrategia.com\/portal\/wp-json\/wp\/v2\/categories?post=70805"},{"taxonomy":"post_tag","embeddable":true,"href":"https:\/\/cj.estrategia.com\/portal\/wp-json\/wp\/v2\/tags?post=70805"},{"taxonomy":"tax_estado","embeddable":true,"href":"https:\/\/cj.estrategia.com\/portal\/wp-json\/wp\/v2\/tax_estado?post=70805"}],"curies":[{"name":"wp","href":"https:\/\/api.w.org\/{rel}","templated":true}]}}