{"id":70272,"date":"2024-08-10T14:54:00","date_gmt":"2024-08-10T17:54:00","guid":{"rendered":"https:\/\/cj.estrategia.com\/portal\/?p=70272"},"modified":"2024-07-24T18:01:09","modified_gmt":"2024-07-24T21:01:09","slug":"teoria-imputacao-objetiva","status":"publish","type":"post","link":"https:\/\/cj.estrategia.com\/portal\/teoria-imputacao-objetiva\/","title":{"rendered":"Teoria da imputa\u00e7\u00e3o objetiva"},"content":{"rendered":"\n<p>Ol\u00e1, tudo bem? Hoje faremos um resumo sobre a Teoria da imputa\u00e7\u00e3o objetiva, destacando os principais pontos sobre o assunto constantes da doutrina e jurisprud\u00eancia.<\/p>\n\n\n\n<p>Para isso, teceremos algumas considera\u00e7\u00f5es iniciais, conforme doutrina e a legisla\u00e7\u00e3o vigente, sobre o contexto no qual est\u00e1 situada a Teoria da imputa\u00e7\u00e3o objetiva, bem como sobre o conceito de nexo de causalidade.<\/p>\n\n\n\n<p>Na sequ\u00eancia, abordaremos a Teoria relativa ao nexo causal adotada por nosso C\u00f3digo Penal (CP), bem assim as cr\u00edticas doutrin\u00e1rias a essa Teoria.<\/p>\n\n\n\n<p>Por fim, entraremos no t\u00f3pico central deste artigo, qual seja, a Teoria da imputa\u00e7\u00e3o objetiva.<\/p>\n\n\n\n<p>Vamos ao que interessa!\u00a0<\/p>\n\n\n<div class=\"wp-block-image\">\n<figure class=\"aligncenter size-large\"><img decoding=\"async\" width=\"1024\" height=\"574\" src=\"https:\/\/cj.estrategia.com\/portal\/wp-content\/uploads\/2024\/07\/24100322\/photorealistic-lawyer-day-celebration-1024x574.jpg\" alt=\"Teoria da imputa\u00e7\u00e3o objetiva\" class=\"wp-image-70273\" srcset=\"https:\/\/cj.estrategia.com\/portal\/wp-content\/uploads\/2024\/07\/24100322\/photorealistic-lawyer-day-celebration-1024x574.jpg 1024w, https:\/\/cj.estrategia.com\/portal\/wp-content\/uploads\/2024\/07\/24100322\/photorealistic-lawyer-day-celebration-300x168.jpg 300w, https:\/\/cj.estrategia.com\/portal\/wp-content\/uploads\/2024\/07\/24100322\/photorealistic-lawyer-day-celebration-768x430.jpg 768w, https:\/\/cj.estrategia.com\/portal\/wp-content\/uploads\/2024\/07\/24100322\/photorealistic-lawyer-day-celebration-1536x861.jpg 1536w, https:\/\/cj.estrategia.com\/portal\/wp-content\/uploads\/2024\/07\/24100322\/photorealistic-lawyer-day-celebration-2048x1148.jpg 2048w, https:\/\/cj.estrategia.com\/portal\/wp-content\/uploads\/2024\/07\/24100322\/photorealistic-lawyer-day-celebration-380x213.jpg 380w, https:\/\/cj.estrategia.com\/portal\/wp-content\/uploads\/2024\/07\/24100322\/photorealistic-lawyer-day-celebration-800x448.jpg 800w, https:\/\/cj.estrategia.com\/portal\/wp-content\/uploads\/2024\/07\/24100322\/photorealistic-lawyer-day-celebration-1160x650.jpg 1160w, https:\/\/cj.estrategia.com\/portal\/wp-content\/uploads\/2024\/07\/24100322\/photorealistic-lawyer-day-celebration-150x84.jpg 150w, https:\/\/cj.estrategia.com\/portal\/wp-content\/uploads\/2024\/07\/24100322\/photorealistic-lawyer-day-celebration-scaled.jpg 2560w\" sizes=\"(max-width: 1024px) 100vw, 1024px\" \/><figcaption class=\"wp-element-caption\">Teoria da imputa\u00e7\u00e3o objetiva<\/figcaption><\/figure>\n<\/div>\n\n\n<div class=\"wp-block-yoast-seo-table-of-contents yoast-table-of-contents\"><h2 id=\"indice\"><mark style=\"background-color:rgba(0, 0, 0, 0)\" class=\"has-inline-color has-luminous-vivid-orange-color\">\u00cdndice<\/mark><\/h2><ul><li><a href=\"#h-teoria-da-imputacao-objetiva\" data-level=\"2\">Teoria da imputa\u00e7\u00e3o objetiva<\/a><ul><li><a href=\"#h-contextualizacao-da-teoria\" data-level=\"3\">Contextualiza\u00e7\u00e3o da Teoria<\/a><\/li><li><a href=\"#h-nexo-de-causalidade\" data-level=\"3\">Nexo de causalidade<\/a><ul><li><a href=\"#h-conceito-nbsp\" data-level=\"4\">Conceito\u00a0<\/a><\/li><li><a href=\"#h-previsao-legal-e-teoria-adotada-pelo-codigo-penal\" data-level=\"4\">Previs\u00e3o legal e Teoria adotada pelo C\u00f3digo Penal<\/a><\/li><li><a href=\"#h-problema-da-causalidade-objetiva\" data-level=\"4\">Problema da causalidade objetiva<\/a><\/li><\/ul><\/li><li><a href=\"#h-teoria-da-imputacao-objetiva-0\" data-level=\"3\">Teoria da imputa\u00e7\u00e3o objetiva<\/a><ul><li><a href=\"#h-exemplo-na-jurisprudencia-do-stj\" data-level=\"4\">Exemplo na jurisprud\u00eancia do STJ<\/a><\/li><\/ul><\/li><\/ul><\/li><li><a href=\"#h-conclusao\" data-level=\"2\">Conclus\u00e3o<\/a><\/li><li><a href=\"#cursos-ficha\" data-level=\"2\">Quer estudar para Concursos Jur\u00eddicos em 2024?<\/a><\/li><\/ul><\/div>\n\n\n\n<h2 class=\"wp-block-heading has-luminous-vivid-orange-color has-text-color has-link-color wp-elements-3465bdcb331ddf99be814c9b5c98fc70\" id=\"h-teoria-da-imputacao-objetiva\"><span id=\"teoria-da-imputacao-objetiva\">Teoria da imputa\u00e7\u00e3o objetiva<\/span><\/h2>\n\n\n\n<h3 class=\"wp-block-heading has-luminous-vivid-orange-color has-text-color has-link-color wp-elements-1b8ae0b7c56de0f98de7ce6823821df5\" id=\"h-contextualizacao-da-teoria\"><span id=\"contextualizacao-da-teoria\">Contextualiza\u00e7\u00e3o da Teoria<\/span><\/h3>\n\n\n\n<p>Primeiramente, para entendermos em que contexto est\u00e1 situada a Teoria da imputa\u00e7\u00e3o objetiva, temos que nos reportar ao <strong>conceito anal\u00edtico de crime<\/strong>, isso \u00e9, aquele que, de acordo com Rog\u00e9rio Sanches Cunha, leva em considera\u00e7\u00e3o os elementos estruturais que comp\u00f5em a infra\u00e7\u00e3o penal.<\/p>\n\n\n\n<p>De acordo com a doutrina majorit\u00e1ria, o conceito de crime, tomando-se em conta seu conceito anal\u00edtico, pode ser dividido em <strong>tr\u00eas substratos<\/strong>, quais sejam:<\/p>\n\n\n\n<ol class=\"wp-block-list\">\n<li><strong>Fato t\u00edpico<\/strong>;<\/li>\n\n\n\n<li><strong>Ilicitude <\/strong>(ou antijuridicidade);<\/li>\n\n\n\n<li><strong>Culpabilidade<\/strong>.<\/li>\n<\/ol>\n\n\n\n<p>Rog\u00e9rio Sanches Cunha leciona que, uma vez presentes os tr\u00eas substratos acima, o direito de punir do Estado se concretiza,<strong> <\/strong>surgindo a <strong>punibilidade<\/strong>, que, embora n\u00e3o seja substrato do crime, consiste em sua consequ\u00eancia jur\u00eddica.<\/p>\n\n\n\n<p>\u2192 <em>Mas onde est\u00e1 inserida a Teoria da imputa\u00e7\u00e3o objetiva? <\/em>A <strong>resposta <\/strong>\u00e9: no primeiro substrato do conceito, ou seja, no fato t\u00edpico.<\/p>\n\n\n\n<p>O <strong>fato t\u00edpico<\/strong>, por sua vez, pode ser dividido em 04 grandes elementos, quais sejam:<\/p>\n\n\n\n<ol class=\"wp-block-list\">\n<li>Conduta;<\/li>\n\n\n\n<li>Resultado;<\/li>\n\n\n\n<li><strong>Nexo causal;<\/strong><\/li>\n\n\n\n<li>Tipicidade.<\/li>\n<\/ol>\n\n\n\n<p>Cada um desses elementos possuem diversos detalhes, nos quais, considerando o foco deste artigo, n\u00e3o aprofundaremos.<\/p>\n\n\n\n<p>No entanto, \u00e9 importante saber que <strong>a Teoria da imputa\u00e7\u00e3o objetiva insere-se no estudo do nexo causal<\/strong>, que, como vimos, \u00e9 um dos elementos do fato t\u00edpico.<\/p>\n\n\n\n<h3 class=\"wp-block-heading has-luminous-vivid-orange-color has-text-color has-link-color wp-elements-fe7b9c754fd89f1ba910e9d71dd3ff72\" id=\"h-nexo-de-causalidade\"><span id=\"nexo-de-causalidade\">Nexo de causalidade<\/span><\/h3>\n\n\n\n<h4 class=\"wp-block-heading has-luminous-vivid-orange-color has-text-color has-link-color wp-elements-1c892ef80e603cd417b4c30603c7601c\" id=\"h-conceito-nbsp\"><span id=\"conceito\">Conceito\u00a0<\/span><\/h4>\n\n\n\n<p>O nexo causal (ou nexo de causalidade) \u00e9 o <strong>v\u00ednculo entre a conduta e o resultado<\/strong>, conforme leciona Rog\u00e9rio Sanches Cunha.\u00a0<\/p>\n\n\n\n<p>O autor, citando Bento de Faria, aponta que o nexo de causalidade \u201c\u00e9 a rela\u00e7\u00e3o de produ\u00e7\u00e3o entre a causa eficiente e o efeito ocasionado, pouco importando seja mediato ou imediato\u201d.<\/p>\n\n\n\n<p>Assim, para Cunha, o estudo da causalidade visa \u00e0 constata\u00e7\u00e3o de se o resultado pode ou n\u00e3o ser atribu\u00eddo, objetivamente, ao sujeito ativo como obra do seu comportamento t\u00edpico.<\/p>\n\n\n\n<p>\u00c9 interessante destacar, como o faz Fl\u00e1vio Monteiro de Barros (<em>apud Sanches Cunha<\/em>), que \u201co problema da causalidade n\u00e3o se estende a todos os delitos, porquanto o nexo causal s\u00f3 funciona como elemento do fato t\u00edpico em rela\u00e7\u00e3o aos crimes materiais consumados\u201d.\u00a0<\/p>\n\n\n\n<p>No entanto, Cunha alerta para o fato de que \u201cna moderna vis\u00e3o da Teoria da imputa\u00e7\u00e3o objetiva, todos os crimes (materiais, formais ou de mera conduta, consumados ou tentados) devem apresentar nexo normativo\u201d.<\/p>\n\n\n\n<h4 class=\"wp-block-heading has-luminous-vivid-orange-color has-text-color has-link-color wp-elements-4241141a08a0c80a92411c993a896a60\" id=\"h-previsao-legal-e-teoria-adotada-pelo-codigo-penal\"><span id=\"previsao-legal-e-teoria-adotada-pelo-codigo-penal\">Previs\u00e3o legal e Teoria adotada pelo C\u00f3digo Penal<\/span><\/h4>\n\n\n\n<p>O <a href=\"https:\/\/www.planalto.gov.br\/ccivil_03\/decreto-lei\/del2848compilado.htm#:~:text=%C2%A0%C2%A0%20%C2%A0%C2%A0%C2%A0%C2%A0%20Art.%2013%20%2D%20O%20resultado%2C%20de%20que%20depende%20a%20exist%C3%AAncia%20do%20crime%2C%20somente%20%C3%A9%20imput%C3%A1vel%20a%20quem%20lhe%20deu%20causa.%20Considera%2Dse%20causa%20a%20a%C3%A7%C3%A3o%20ou%20omiss%C3%A3o%20sem%20a%20qual%20o%20resultado%20n%C3%A3o%20teria%20ocorrido.%20(Reda%C3%A7%C3%A3o%20dada%20pela%20Lei%20n%C2%BA%207.209%2C%20de%2011.7.1984)\" target=\"_blank\" >artigo 13 do C\u00f3digo Penal<\/a> assim disp\u00f5e:<\/p>\n\n\n\n<div class=\"wp-block-group is-style-cnvs-block-bg-light\"><div class=\"wp-block-group__inner-container is-layout-constrained wp-block-group-is-layout-constrained\">\n<p><strong>Rela\u00e7\u00e3o de causalidade<\/strong><\/p>\n\n\n\n<p>Art. 13 \u2013 O resultado, de que depende a exist\u00eancia do crime, somente \u00e9 imput\u00e1vel a quem lhe deu causa. Considera-se causa a a\u00e7\u00e3o ou omiss\u00e3o sem a qual o resultado n\u00e3o teria ocorrido. (Reda\u00e7\u00e3o dada pela Lei n\u00ba 7.209, de 11.7.1984)<\/p>\n\n\n\n<p><strong>Superveni\u00eancia de causa independente\u00a0<\/strong><\/p>\n\n\n\n<p>\u00a7 1\u00ba \u2013 A superveni\u00eancia de causa relativamente independente exclui a imputa\u00e7\u00e3o quando, por si s\u00f3, produziu o resultado; os fatos anteriores, entretanto, imputam-se a quem os praticou.\u00a0<\/p>\n\n\n\n<p><strong>Relev\u00e2ncia da omiss\u00e3o\u00a0<\/strong><\/p>\n\n\n\n<p>\u00a7 2\u00ba \u2013 A omiss\u00e3o \u00e9 penalmente relevante quando o omitente devia e podia agir para evitar o resultado. O dever de agir incumbe a quem:<\/p>\n\n\n\n<p>a) tenha por lei obriga\u00e7\u00e3o de cuidado, prote\u00e7\u00e3o ou vigil\u00e2ncia;\u00a0<\/p>\n\n\n\n<p>b) de outra forma, assumiu a responsabilidade de impedir o resultado;\u00a0<\/p>\n\n\n\n<p>c) com seu comportamento anterior, criou o risco da ocorr\u00eancia do resultado.<\/p>\n<\/div><\/div>\n\n\n\n<p>Pelo <em>caput<\/em> do artigo 13 temos a chamada <strong>Teoria da equival\u00eancia dos antecedentes causais (<\/strong><strong><em>conditio sine qua non<\/em><\/strong><strong>)<\/strong>, para a qual todo fato anterior ao crime que tenha contribu\u00eddo para o resultado deve ser tido como causa.<\/p>\n\n\n\n<p>Portanto, se, para T\u00edcio matar algu\u00e9m, ele (1) precisou pegar um \u00f4nibus; (2) comprar uma faca numa loja de utens\u00edlios dom\u00e9sticos; (3) conversar com um conhecido no caminho; (4) pegar um Uber at\u00e9 a casa da v\u00edtima; (5) e s\u00f3 ent\u00e3o mat\u00e1-la, a princ\u00edpio, pelo <em>caput<\/em> do artigo 13, todos esses atos seriam tidos como causa para o homic\u00eddio.<\/p>\n\n\n\n<p>Ocorre que n\u00e3o \u00e9 razo\u00e1vel, por exemplo, atribuir o resultado de um homic\u00eddio ao simples fato de ter T\u00edcio conversado com um conhecido (passo 3).<\/p>\n\n\n\n<p>Para eliminar essas \u201ccondutas irrelevantes\u201d no meio do <em>iter criminis<\/em>, Rog\u00e9rio Sanches Cunha aponta para a necessidade de se somar \u00e0 teoria da <em>conditio sine qua non<\/em> o <strong>m\u00e9todo ou teoria da elimina\u00e7\u00e3o hipot\u00e9tica dos antecedentes causais<\/strong>, idealizado por Johan Thyr\u00e9n (1894).<\/p>\n\n\n\n<p>Para esse m\u00e9todo\/teoria, causa \u00e9 todo fato que, suprimido mentalmente, o resultado n\u00e3o teria ocorrido como ocorreu ou no momento em que ocorreu.<\/p>\n\n\n\n<p>Portanto, se eliminarmos mentalmente a conversa de T\u00edcio com seu conhecido, veremos que o resultado teria ocorrido de qualquer forma.<\/p>\n\n\n\n<p>Dessa forma, Cunha leciona que, conjugando as duas teorias, tem-se a denominada <strong>causalidade objetiva <\/strong>ou <strong>efetiva<\/strong> do resultado.<\/p>\n\n\n\n<h4 class=\"wp-block-heading has-luminous-vivid-orange-color has-text-color has-link-color wp-elements-ba40cc60d48ffd985958492849b4363e\" id=\"h-problema-da-causalidade-objetiva\"><span id=\"problema-da-causalidade-objetiva\">Problema da causalidade objetiva<\/span><\/h4>\n\n\n\n<p>Rog\u00e9rio Sanches Cunha aponta que a causalidade objetiva \u00e9 fortemente criticada pois tende ao regresso ao infinito (mera rela\u00e7\u00e3o de causa e efeito).<\/p>\n\n\n\n<p>Assim, o autor conclui que a causalidade objetiva n\u00e3o \u00e9 suficiente para se chegar \u00e0 imputa\u00e7\u00e3o do crime, de modo que, dentro da perspectiva do finalismo,<strong> \u00e9 indispens\u00e1vel perquirir a causalidade ps\u00edquica<\/strong>, indagando-se se o agente agiu com <strong>dolo ou culpa<\/strong> para a produ\u00e7\u00e3o do resultado delituoso.<\/p>\n\n\n\n<h3 class=\"wp-block-heading has-luminous-vivid-orange-color has-text-color has-link-color wp-elements-6de3d97adbba8af3b1d847a665e087d0\" id=\"h-teoria-da-imputacao-objetiva-0\"><span id=\"teoria-da-imputacao-objetiva-2\">Teoria da imputa\u00e7\u00e3o objetiva<\/span><\/h3>\n\n\n\n<p>Dentro dessa perspectiva das cr\u00edticas \u00e0 causalidade objetiva, Andr\u00e9 Estefam e Victor Eduardo Rios Gon\u00e7alves apontam que <strong>a imputa\u00e7\u00e3o objetiva, inserida como elemento do fato t\u00edpico pelo funcionalismo, atua como um complemento \u00e0 rela\u00e7\u00e3o de causalidade.<\/strong><\/p>\n\n\n\n<p>Dessa forma, os autores apontam que \u00e9 por meio dela que se agregam outros requisitos que ir\u00e3o atuar em conjunto com a rela\u00e7\u00e3o de causalidade, de modo <strong>a permitir que a atribui\u00e7\u00e3o de um resultado a uma conduta n\u00e3o seja um procedimento meramente l\u00f3gico<\/strong> (fundado na teoria da equival\u00eancia dos antecedentes \u2013 <em>conditio sine qua non<\/em>),<strong> mas se constitua tamb\u00e9m de um procedimento justo.\u00a0<\/strong><\/p>\n\n\n\n<p>Rog\u00e9rio Sanches Cunha alerta para o fato que essa Teoria foi desenvolvida por Karl Larenz (1927) e Richard Honig (1930), sendo, <strong>atualmente, representada por Claus Roxin e G\u00fcnther Jakobs.<\/strong><\/p>\n\n\n\n<p>Cunha disp\u00f5e que, para essa Teoria, al\u00e9m do nexo f\u00edsico (causa\/efeito), tamb\u00e9m devem ser considerados <strong>crit\u00e9rios normativos<\/strong> no momento de atribui\u00e7\u00e3o do resultado, quais sejam:<\/p>\n\n\n\n<ol class=\"wp-block-list\">\n<li><strong>Cria\u00e7\u00e3o ou incremento de um risco proibido<\/strong>: o agente deve ou criar ou incrementar um risco proibido j\u00e1 existente. Do contr\u00e1rio, sua conduta \u00e9 irrelevante para fins penais;<\/li>\n<\/ol>\n\n\n\n<ol class=\"wp-block-list\" start=\"2\">\n<li><strong>Realiza\u00e7\u00e3o do risco no resultado<\/strong>: al\u00e9m do risco gerado, deve-se verificar se o resultado teve como causa o risco criado\/incrementado. Se o resultado em nada teve rela\u00e7\u00e3o com o risco, ou se foi produzido exclusivamente por outro risco superveniente, n\u00e3o h\u00e1 que se falar em imputa\u00e7\u00e3o do agente;<\/li>\n<\/ol>\n\n\n\n<ol class=\"wp-block-list\" start=\"3\">\n<li><strong>Resultado se encontra dentro do alcance do tipo<\/strong>: o perigo gerado pelo comportamento do agente deve estar no alcance do tipo penal.<br><br>Rog\u00e9rio Sanches Cunha <strong>exemplifica<\/strong>: caso em que o autor atingiu a v\u00edtima com disparo de arma de fogo para matar, mas, ap\u00f3s ser socorrida, a ambul\u00e2ncia, em alta velocidade, colide contra um poste, matando o paciente.<br><br>O doutrinador explica que, nesse caso, para a Teoria tradicional existiria nexo f\u00edsico (se n\u00e3o fosse o disparo, a v\u00edtima n\u00e3o estaria na ambul\u00e2ncia). Por outro lado, para a imputa\u00e7\u00e3o objetiva, embora o autor do fato tenha criado risco proibido, atirando contra a v\u00edtima, n\u00e3o \u00e9 objetivo do artigo 121 do CP prevenir mortes causadas por acidentes de ve\u00edculos que n\u00e3o estejam sob o dom\u00ednio direto ou indireto do autor de um disparo.<\/li>\n<\/ol>\n\n\n\n<h4 class=\"wp-block-heading has-luminous-vivid-orange-color has-text-color has-link-color wp-elements-4e9a8ddb78d58be0b8e2a00296e00070\" id=\"h-exemplo-na-jurisprudencia-do-stj\"><span id=\"exemplo-na-jurisprudencia-do-stj\">Exemplo na jurisprud\u00eancia do STJ<\/span><\/h4>\n\n\n\n<p>O Superior Tribunal de Justi\u00e7a (STJ), citando Cezar Roberto Bitencourt, afirma que, para a teoria da imputa\u00e7\u00e3o objetiva, o resultado de uma conduta humana somente pode ser objetivamente imputado a seu autor quando tenha <strong>criado a um bem jur\u00eddico uma situa\u00e7\u00e3o de risco juridicamente proibido (n\u00e3o permitido) e tal risco se tenha concretizado em um resultado t\u00edpico <\/strong>(<a href=\"https:\/\/processo.stj.jus.br\/SCON\/GetInteiroTeorDoAcordao?num_registro=202103559060&dt_publicacao=23\/05\/2023\">HC n. 704.718\/SP<\/a>, relatora Ministra Laurita Vaz, Sexta Turma, julgado em 16\/5\/2023, DJe de 23\/5\/2023).<\/p>\n\n\n\n<p>Nesse caso em quest\u00e3o (HC n. 704.718\/SP), um idoso de 84 anos veio a \u00f3bito ap\u00f3s ser roubado por 04 agentes. Os agentes (pacientes do HC) pediram a desclassifica\u00e7\u00e3o da imputa\u00e7\u00e3o de latroc\u00ednio para roubo seguido de les\u00e3o corporal grave.<\/p>\n\n\n\n<p>No entanto, o STJ n\u00e3o concordou com isso. Para a Corte, o laudo pericial n\u00e3o atestou que a morte tenha sido causada exclusivamente pela doen\u00e7a card\u00edaca preexistente da v\u00edtima. Na verdade, o perito afirmou que o infarto <em>\u201cpode ter sido ajudado pelo stress sofrido na data do \u00f3bito, pois h\u00e1 sinais de viol\u00eancia e tortura encontrados no exame\u201d<\/em>.<\/p>\n\n\n\n<p>Assim, concluiu o STJ que a v\u00edtima apenas veio a falecer, exatamente, durante o crime praticado pelos Pacientes, que a agrediram severamente. Considerou-se, ent\u00e3o, que a doen\u00e7a card\u00edaca era concausa preexistente relativamente independente, n\u00e3o havendo como afastar o resultado mais grave (morte) e, por consequ\u00eancia, a imputa\u00e7\u00e3o de latroc\u00ednio.<\/p>\n\n\n\n<p>Desse modo, a conclus\u00e3o do STJ foi a de que:<\/p>\n\n\n\n<div class=\"wp-block-group is-style-cnvs-block-bg-light\"><div class=\"wp-block-group__inner-container is-layout-constrained wp-block-group-is-layout-constrained\">\n<p>(\u2026) parece evidente que, ao dirigirem suas a\u00e7\u00f5es contra v\u00edtima idosa (um senhor de 84 anos) e usarem de exacerbada viol\u00eancia, <strong>os Pacientes criaram, sim, um risco juridicamente proibido<\/strong> \u2013 conclus\u00e3o contr\u00e1ria seria impens\u00e1vel \u00e0 luz do ordenamento jur\u00eddico brasileiro. <strong>Esse risco, concretizou-se em um resultado t\u00edpico previsto justamente no tipo imputado aos R\u00e9us<\/strong> (art. 157, \u00a7 3\u00ba, inciso II, do C\u00f3digo Penal).<\/p>\n<\/div><\/div>\n\n\n\n<h2 class=\"wp-block-heading has-luminous-vivid-orange-color has-text-color has-link-color wp-elements-b86628051729204e962a254b5231d76b\" id=\"h-conclusao\"><span id=\"conclusao\">Conclus\u00e3o<\/span><\/h2>\n\n\n\n<p>Portanto, pessoal, esse foi nosso resumo sobre a Teoria da imputa\u00e7\u00e3o objetiva, destacando os principais pontos sobre o assunto constantes da doutrina e jurisprud\u00eancia.<\/p>\n\n\n\n<p>Considerando que n\u00e3o esgotamos aqui a tem\u00e1tica, n\u00e3o deixe de revisar em seu material de estudo e praticar com diversas quest\u00f5es.<\/p>\n\n\n\n<p>At\u00e9 a pr\u00f3xima!<\/p>\n\n\n\n<h2 class=\"wp-block-heading has-text-align-center has-luminous-vivid-orange-color has-text-color has-link-color wp-elements-d432a36266879851bb6ec617376f9ff6\" id=\"cursos-ficha\"><span id=\"quer-estudar-para-concursos-juridicos-em-2024\">Quer estudar para Concursos Jur\u00eddicos em 2024?<\/span><\/h2>\n\n\n\n<p class=\"has-text-align-left\">O Estrat\u00e9gia Carreira Jur\u00eddica \u00e9 campe\u00e3o de aprova\u00e7\u00f5es nos concursos para Carreiras Jur\u00eddicas com um corpo docente qualificado e materiais completos. Conhe\u00e7a nossos cursos e garanta sua aprova\u00e7\u00e3o em Concurso Jur\u00eddicos:<\/p>\n\n\n\n<p class=\"has-text-align-center has-pale-cyan-blue-background-color has-background\"><a href=\"https:\/\/cj.estrategia.com\/portal\/concursos-abertos-carreiras-juridicas\/\"><strong>Concursos abertos<\/strong><\/a><\/p>\n\n\n\n<p class=\"has-text-align-center has-pale-cyan-blue-background-color has-background\"><a href=\"https:\/\/cj.estrategia.com\/portal\/concursos-2024-carreiras-juridicas\/\"><strong>Concursos 2024<\/strong><\/a><\/p>\n","protected":false},"excerpt":{"rendered":"Ol\u00e1, tudo bem? Hoje faremos um resumo sobre a Teoria da imputa\u00e7\u00e3o objetiva, destacando os principais pontos sobre&hellip;\n","protected":false},"author":39,"featured_media":70273,"comment_status":"open","ping_status":"open","sticky":false,"template":"","format":"standard","meta":{"_jetpack_memberships_contains_paid_content":false,"footnotes":""},"categories":[1],"tags":[],"tax_estado":[30,31,32,33,34,35,36,37,38,39,40,41,42,43,44,45,46,47,48,49,50,51,52,53,54,55,56,57],"class_list":{"0":"post-70272","1":"post","2":"type-post","3":"status-publish","4":"format-standard","5":"has-post-thumbnail","7":"category-carreiras-juridicas","8":"tax_estado-ac","9":"tax_estado-al","10":"tax_estado-am","11":"tax_estado-ap","12":"tax_estado-ba","13":"tax_estado-ce","14":"tax_estado-concursos-federais","15":"tax_estado-df","16":"tax_estado-es","17":"tax_estado-go","18":"tax_estado-ma","19":"tax_estado-mg","20":"tax_estado-ms","21":"tax_estado-mt","22":"tax_estado-pa","23":"tax_estado-pb","24":"tax_estado-pe","25":"tax_estado-pi","26":"tax_estado-pr","27":"tax_estado-rj","28":"tax_estado-rn","29":"tax_estado-ro","30":"tax_estado-rr","31":"tax_estado-rs","32":"tax_estado-sc","33":"tax_estado-se","34":"tax_estado-sp","35":"tax_estado-to"},"acf":[],"yoast_head":"<!-- This site is optimized with the Yoast SEO Premium plugin v27.5 (Yoast SEO v27.5) - https:\/\/yoast.com\/product\/yoast-seo-premium-wordpress\/ -->\n<title>Teoria da imputa\u00e7\u00e3o objetiva<\/title>\n<meta name=\"description\" content=\"Confira nosso resumo sobre a Teoria da imputa\u00e7\u00e3o objetiva, destacando os principais pontos sobre o assunto.\" \/>\n<meta name=\"robots\" content=\"index, follow, max-snippet:-1, max-image-preview:large, max-video-preview:-1\" \/>\n<link rel=\"canonical\" href=\"https:\/\/cj.estrategia.com\/portal\/teoria-imputacao-objetiva\/\" \/>\n<meta property=\"og:locale\" content=\"pt_BR\" \/>\n<meta property=\"og:type\" content=\"article\" \/>\n<meta property=\"og:title\" content=\"Teoria da imputa\u00e7\u00e3o objetiva\" \/>\n<meta property=\"og:description\" content=\"Confira nosso resumo sobre a Teoria da imputa\u00e7\u00e3o objetiva, destacando os principais pontos sobre o assunto.\" \/>\n<meta property=\"og:url\" content=\"https:\/\/cj.estrategia.com\/portal\/teoria-imputacao-objetiva\/\" \/>\n<meta property=\"og:site_name\" content=\"Blog - Carreiras Jur\u00eddicas - Estrat\u00e9gia\" \/>\n<meta property=\"article:publisher\" content=\"https:\/\/www.facebook.com\/estrategiacarreirajuridica\/\" \/>\n<meta property=\"article:published_time\" content=\"2024-08-10T17:54:00+00:00\" \/>\n<meta property=\"og:image\" content=\"https:\/\/cj.estrategia.com\/portal\/wp-content\/uploads\/2024\/07\/24100322\/photorealistic-lawyer-day-celebration-scaled.jpg\" \/>\n\t<meta property=\"og:image:width\" content=\"2560\" \/>\n\t<meta property=\"og:image:height\" content=\"1435\" \/>\n\t<meta property=\"og:image:type\" content=\"image\/jpeg\" \/>\n<meta name=\"author\" content=\"Frederico Tadeu Borlot Peixoto\" \/>\n<meta name=\"twitter:card\" content=\"summary_large_image\" \/>\n<meta name=\"twitter:creator\" content=\"@EstratJuridica\" \/>\n<meta name=\"twitter:site\" content=\"@EstratJuridica\" \/>\n<meta name=\"twitter:label1\" content=\"Escrito por\" \/>\n\t<meta name=\"twitter:data1\" content=\"Frederico Tadeu Borlot Peixoto\" \/>\n\t<meta name=\"twitter:label2\" content=\"Est. tempo de leitura\" \/>\n\t<meta name=\"twitter:data2\" content=\"10 minutos\" \/>\n<script type=\"application\/ld+json\" class=\"yoast-schema-graph\">{\"@context\":\"https:\\\/\\\/schema.org\",\"@graph\":[{\"@type\":\"NewsArticle\",\"@id\":\"https:\\\/\\\/cj.estrategia.com\\\/portal\\\/teoria-imputacao-objetiva\\\/#article\",\"isPartOf\":{\"@id\":\"https:\\\/\\\/cj.estrategia.com\\\/portal\\\/teoria-imputacao-objetiva\\\/\"},\"author\":{\"name\":\"Frederico Tadeu Borlot Peixoto\",\"@id\":\"https:\\\/\\\/cj.estrategia.com\\\/portal\\\/#\\\/schema\\\/person\\\/74287401cf4654f4fa04e378de7261ec\"},\"headline\":\"Teoria da imputa\u00e7\u00e3o objetiva\",\"datePublished\":\"2024-08-10T17:54:00+00:00\",\"mainEntityOfPage\":{\"@id\":\"https:\\\/\\\/cj.estrategia.com\\\/portal\\\/teoria-imputacao-objetiva\\\/\"},\"wordCount\":1877,\"commentCount\":0,\"publisher\":{\"@id\":\"https:\\\/\\\/cj.estrategia.com\\\/portal\\\/#organization\"},\"image\":{\"@id\":\"https:\\\/\\\/cj.estrategia.com\\\/portal\\\/teoria-imputacao-objetiva\\\/#primaryimage\"},\"thumbnailUrl\":\"https:\\\/\\\/cj.estrategia.com\\\/portal\\\/wp-content\\\/uploads\\\/2024\\\/07\\\/24100322\\\/photorealistic-lawyer-day-celebration-scaled.jpg\",\"articleSection\":[\"Carreiras Jur\u00eddicas\"],\"inLanguage\":\"pt-BR\",\"potentialAction\":[{\"@type\":\"CommentAction\",\"name\":\"Comment\",\"target\":[\"https:\\\/\\\/cj.estrategia.com\\\/portal\\\/teoria-imputacao-objetiva\\\/#respond\"]}],\"accessibilityFeature\":[\"tableOfContents\"]},{\"@type\":\"WebPage\",\"@id\":\"https:\\\/\\\/cj.estrategia.com\\\/portal\\\/teoria-imputacao-objetiva\\\/\",\"url\":\"https:\\\/\\\/cj.estrategia.com\\\/portal\\\/teoria-imputacao-objetiva\\\/\",\"name\":\"Teoria da imputa\u00e7\u00e3o objetiva\",\"isPartOf\":{\"@id\":\"https:\\\/\\\/cj.estrategia.com\\\/portal\\\/#website\"},\"primaryImageOfPage\":{\"@id\":\"https:\\\/\\\/cj.estrategia.com\\\/portal\\\/teoria-imputacao-objetiva\\\/#primaryimage\"},\"image\":{\"@id\":\"https:\\\/\\\/cj.estrategia.com\\\/portal\\\/teoria-imputacao-objetiva\\\/#primaryimage\"},\"thumbnailUrl\":\"https:\\\/\\\/cj.estrategia.com\\\/portal\\\/wp-content\\\/uploads\\\/2024\\\/07\\\/24100322\\\/photorealistic-lawyer-day-celebration-scaled.jpg\",\"datePublished\":\"2024-08-10T17:54:00+00:00\",\"description\":\"Confira nosso resumo sobre a Teoria da imputa\u00e7\u00e3o objetiva, destacando os principais pontos sobre o assunto.\",\"breadcrumb\":{\"@id\":\"https:\\\/\\\/cj.estrategia.com\\\/portal\\\/teoria-imputacao-objetiva\\\/#breadcrumb\"},\"inLanguage\":\"pt-BR\",\"potentialAction\":[{\"@type\":\"ReadAction\",\"target\":[\"https:\\\/\\\/cj.estrategia.com\\\/portal\\\/teoria-imputacao-objetiva\\\/\"]}]},{\"@type\":\"ImageObject\",\"inLanguage\":\"pt-BR\",\"@id\":\"https:\\\/\\\/cj.estrategia.com\\\/portal\\\/teoria-imputacao-objetiva\\\/#primaryimage\",\"url\":\"https:\\\/\\\/cj.estrategia.com\\\/portal\\\/wp-content\\\/uploads\\\/2024\\\/07\\\/24100322\\\/photorealistic-lawyer-day-celebration-scaled.jpg\",\"contentUrl\":\"https:\\\/\\\/cj.estrategia.com\\\/portal\\\/wp-content\\\/uploads\\\/2024\\\/07\\\/24100322\\\/photorealistic-lawyer-day-celebration-scaled.jpg\",\"width\":2560,\"height\":1435,\"caption\":\"Teoria da imputa\u00e7\u00e3o objetiva\"},{\"@type\":\"BreadcrumbList\",\"@id\":\"https:\\\/\\\/cj.estrategia.com\\\/portal\\\/teoria-imputacao-objetiva\\\/#breadcrumb\",\"itemListElement\":[{\"@type\":\"ListItem\",\"position\":1,\"name\":\"In\u00edcio\",\"item\":\"https:\\\/\\\/cj.estrategia.com\\\/portal\\\/\"},{\"@type\":\"ListItem\",\"position\":2,\"name\":\"Teoria da imputa\u00e7\u00e3o objetiva\"}]},{\"@type\":\"WebSite\",\"@id\":\"https:\\\/\\\/cj.estrategia.com\\\/portal\\\/#website\",\"url\":\"https:\\\/\\\/cj.estrategia.com\\\/portal\\\/\",\"name\":\"Blog - Carreiras Jur\u00eddicas - Estrat\u00e9gia\",\"description\":\"\",\"publisher\":{\"@id\":\"https:\\\/\\\/cj.estrategia.com\\\/portal\\\/#organization\"},\"potentialAction\":[{\"@type\":\"SearchAction\",\"target\":{\"@type\":\"EntryPoint\",\"urlTemplate\":\"https:\\\/\\\/cj.estrategia.com\\\/portal\\\/?s={search_term_string}\"},\"query-input\":{\"@type\":\"PropertyValueSpecification\",\"valueRequired\":true,\"valueName\":\"search_term_string\"}}],\"inLanguage\":\"pt-BR\"},{\"@type\":\"Organization\",\"@id\":\"https:\\\/\\\/cj.estrategia.com\\\/portal\\\/#organization\",\"name\":\"Estrat\u00e9gia - Carreiras Jur\u00eddicas\",\"url\":\"https:\\\/\\\/cj.estrategia.com\\\/portal\\\/\",\"logo\":{\"@type\":\"ImageObject\",\"inLanguage\":\"pt-BR\",\"@id\":\"https:\\\/\\\/cj.estrategia.com\\\/portal\\\/#\\\/schema\\\/logo\\\/image\\\/\",\"url\":\"https:\\\/\\\/cj.estrategia.com\\\/portal\\\/wp-content\\\/uploads\\\/2022\\\/03\\\/11151052\\\/cj-logo.png\",\"contentUrl\":\"https:\\\/\\\/cj.estrategia.com\\\/portal\\\/wp-content\\\/uploads\\\/2022\\\/03\\\/11151052\\\/cj-logo.png\",\"width\":150,\"height\":39,\"caption\":\"Estrat\u00e9gia - Carreiras Jur\u00eddicas\"},\"image\":{\"@id\":\"https:\\\/\\\/cj.estrategia.com\\\/portal\\\/#\\\/schema\\\/logo\\\/image\\\/\"},\"sameAs\":[\"https:\\\/\\\/www.facebook.com\\\/estrategiacarreirajuridica\\\/\",\"https:\\\/\\\/x.com\\\/EstratJuridica\",\"https:\\\/\\\/www.instagram.com\\\/estrategiacarreirajuridica\\\/\",\"https:\\\/\\\/www.youtube.com\\\/channel\\\/UClbMGuYbj2Mh1m3w144ETWQ\"]},{\"@type\":\"Person\",\"@id\":\"https:\\\/\\\/cj.estrategia.com\\\/portal\\\/#\\\/schema\\\/person\\\/74287401cf4654f4fa04e378de7261ec\",\"name\":\"Frederico Tadeu Borlot Peixoto\",\"image\":{\"@type\":\"ImageObject\",\"inLanguage\":\"pt-BR\",\"@id\":\"https:\\\/\\\/cj.estrategia.com\\\/portal\\\/wp-content\\\/uploads\\\/2023\\\/06\\\/29094204\\\/GBAY0702-96x96.jpg\",\"url\":\"https:\\\/\\\/cj.estrategia.com\\\/portal\\\/wp-content\\\/uploads\\\/2023\\\/06\\\/29094204\\\/GBAY0702-96x96.jpg\",\"contentUrl\":\"https:\\\/\\\/cj.estrategia.com\\\/portal\\\/wp-content\\\/uploads\\\/2023\\\/06\\\/29094204\\\/GBAY0702-96x96.jpg\",\"caption\":\"Frederico Tadeu Borlot Peixoto\"},\"description\":\"Analista Judici\u00e1rio - \u00c1rea Judici\u00e1ria do TRF da 4\u00aa regi\u00e3o. Bacharel em Direito. P\u00f3s-graduado em Direito Administrativo, Legisla\u00e7\u00e3o Penal Especial, Direito Penal e Direito Processual Penal. Tamb\u00e9m nomeado no TRF da 3\u00aa regi\u00e3o (8\u00ba lugar); SPPREV (3\u00ba lugar); IFES (2\u00ba lugar); e PMES. https:\\\/\\\/www.instagram.com\\\/proffrederico\\\/\",\"sameAs\":[\"https:\\\/\\\/www.instagram.com\\\/proffrederico\\\/\"],\"url\":\"https:\\\/\\\/cj.estrategia.com\\\/portal\\\/author\\\/xfrederico\\\/\"}]}<\/script>\n<!-- \/ Yoast SEO Premium plugin. -->","yoast_head_json":{"title":"Teoria da imputa\u00e7\u00e3o objetiva","description":"Confira nosso resumo sobre a Teoria da imputa\u00e7\u00e3o objetiva, destacando os principais pontos sobre o assunto.","robots":{"index":"index","follow":"follow","max-snippet":"max-snippet:-1","max-image-preview":"max-image-preview:large","max-video-preview":"max-video-preview:-1"},"canonical":"https:\/\/cj.estrategia.com\/portal\/teoria-imputacao-objetiva\/","og_locale":"pt_BR","og_type":"article","og_title":"Teoria da imputa\u00e7\u00e3o objetiva","og_description":"Confira nosso resumo sobre a Teoria da imputa\u00e7\u00e3o objetiva, destacando os principais pontos sobre o assunto.","og_url":"https:\/\/cj.estrategia.com\/portal\/teoria-imputacao-objetiva\/","og_site_name":"Blog - Carreiras Jur\u00eddicas - Estrat\u00e9gia","article_publisher":"https:\/\/www.facebook.com\/estrategiacarreirajuridica\/","article_published_time":"2024-08-10T17:54:00+00:00","og_image":[{"width":2560,"height":1435,"url":"https:\/\/cj.estrategia.com\/portal\/wp-content\/uploads\/2024\/07\/24100322\/photorealistic-lawyer-day-celebration-scaled.jpg","type":"image\/jpeg"}],"author":"Frederico Tadeu Borlot Peixoto","twitter_card":"summary_large_image","twitter_creator":"@EstratJuridica","twitter_site":"@EstratJuridica","twitter_misc":{"Escrito por":"Frederico Tadeu Borlot Peixoto","Est. tempo de leitura":"10 minutos"},"schema":{"@context":"https:\/\/schema.org","@graph":[{"@type":"NewsArticle","@id":"https:\/\/cj.estrategia.com\/portal\/teoria-imputacao-objetiva\/#article","isPartOf":{"@id":"https:\/\/cj.estrategia.com\/portal\/teoria-imputacao-objetiva\/"},"author":{"name":"Frederico Tadeu Borlot Peixoto","@id":"https:\/\/cj.estrategia.com\/portal\/#\/schema\/person\/74287401cf4654f4fa04e378de7261ec"},"headline":"Teoria da imputa\u00e7\u00e3o objetiva","datePublished":"2024-08-10T17:54:00+00:00","mainEntityOfPage":{"@id":"https:\/\/cj.estrategia.com\/portal\/teoria-imputacao-objetiva\/"},"wordCount":1877,"commentCount":0,"publisher":{"@id":"https:\/\/cj.estrategia.com\/portal\/#organization"},"image":{"@id":"https:\/\/cj.estrategia.com\/portal\/teoria-imputacao-objetiva\/#primaryimage"},"thumbnailUrl":"https:\/\/cj.estrategia.com\/portal\/wp-content\/uploads\/2024\/07\/24100322\/photorealistic-lawyer-day-celebration-scaled.jpg","articleSection":["Carreiras Jur\u00eddicas"],"inLanguage":"pt-BR","potentialAction":[{"@type":"CommentAction","name":"Comment","target":["https:\/\/cj.estrategia.com\/portal\/teoria-imputacao-objetiva\/#respond"]}],"accessibilityFeature":["tableOfContents"]},{"@type":"WebPage","@id":"https:\/\/cj.estrategia.com\/portal\/teoria-imputacao-objetiva\/","url":"https:\/\/cj.estrategia.com\/portal\/teoria-imputacao-objetiva\/","name":"Teoria da imputa\u00e7\u00e3o objetiva","isPartOf":{"@id":"https:\/\/cj.estrategia.com\/portal\/#website"},"primaryImageOfPage":{"@id":"https:\/\/cj.estrategia.com\/portal\/teoria-imputacao-objetiva\/#primaryimage"},"image":{"@id":"https:\/\/cj.estrategia.com\/portal\/teoria-imputacao-objetiva\/#primaryimage"},"thumbnailUrl":"https:\/\/cj.estrategia.com\/portal\/wp-content\/uploads\/2024\/07\/24100322\/photorealistic-lawyer-day-celebration-scaled.jpg","datePublished":"2024-08-10T17:54:00+00:00","description":"Confira nosso resumo sobre a Teoria da imputa\u00e7\u00e3o objetiva, destacando os principais pontos sobre o assunto.","breadcrumb":{"@id":"https:\/\/cj.estrategia.com\/portal\/teoria-imputacao-objetiva\/#breadcrumb"},"inLanguage":"pt-BR","potentialAction":[{"@type":"ReadAction","target":["https:\/\/cj.estrategia.com\/portal\/teoria-imputacao-objetiva\/"]}]},{"@type":"ImageObject","inLanguage":"pt-BR","@id":"https:\/\/cj.estrategia.com\/portal\/teoria-imputacao-objetiva\/#primaryimage","url":"https:\/\/cj.estrategia.com\/portal\/wp-content\/uploads\/2024\/07\/24100322\/photorealistic-lawyer-day-celebration-scaled.jpg","contentUrl":"https:\/\/cj.estrategia.com\/portal\/wp-content\/uploads\/2024\/07\/24100322\/photorealistic-lawyer-day-celebration-scaled.jpg","width":2560,"height":1435,"caption":"Teoria da imputa\u00e7\u00e3o objetiva"},{"@type":"BreadcrumbList","@id":"https:\/\/cj.estrategia.com\/portal\/teoria-imputacao-objetiva\/#breadcrumb","itemListElement":[{"@type":"ListItem","position":1,"name":"In\u00edcio","item":"https:\/\/cj.estrategia.com\/portal\/"},{"@type":"ListItem","position":2,"name":"Teoria da imputa\u00e7\u00e3o objetiva"}]},{"@type":"WebSite","@id":"https:\/\/cj.estrategia.com\/portal\/#website","url":"https:\/\/cj.estrategia.com\/portal\/","name":"Blog - Carreiras Jur\u00eddicas - Estrat\u00e9gia","description":"","publisher":{"@id":"https:\/\/cj.estrategia.com\/portal\/#organization"},"potentialAction":[{"@type":"SearchAction","target":{"@type":"EntryPoint","urlTemplate":"https:\/\/cj.estrategia.com\/portal\/?s={search_term_string}"},"query-input":{"@type":"PropertyValueSpecification","valueRequired":true,"valueName":"search_term_string"}}],"inLanguage":"pt-BR"},{"@type":"Organization","@id":"https:\/\/cj.estrategia.com\/portal\/#organization","name":"Estrat\u00e9gia - Carreiras Jur\u00eddicas","url":"https:\/\/cj.estrategia.com\/portal\/","logo":{"@type":"ImageObject","inLanguage":"pt-BR","@id":"https:\/\/cj.estrategia.com\/portal\/#\/schema\/logo\/image\/","url":"https:\/\/cj.estrategia.com\/portal\/wp-content\/uploads\/2022\/03\/11151052\/cj-logo.png","contentUrl":"https:\/\/cj.estrategia.com\/portal\/wp-content\/uploads\/2022\/03\/11151052\/cj-logo.png","width":150,"height":39,"caption":"Estrat\u00e9gia - Carreiras Jur\u00eddicas"},"image":{"@id":"https:\/\/cj.estrategia.com\/portal\/#\/schema\/logo\/image\/"},"sameAs":["https:\/\/www.facebook.com\/estrategiacarreirajuridica\/","https:\/\/x.com\/EstratJuridica","https:\/\/www.instagram.com\/estrategiacarreirajuridica\/","https:\/\/www.youtube.com\/channel\/UClbMGuYbj2Mh1m3w144ETWQ"]},{"@type":"Person","@id":"https:\/\/cj.estrategia.com\/portal\/#\/schema\/person\/74287401cf4654f4fa04e378de7261ec","name":"Frederico Tadeu Borlot Peixoto","image":{"@type":"ImageObject","inLanguage":"pt-BR","@id":"https:\/\/cj.estrategia.com\/portal\/wp-content\/uploads\/2023\/06\/29094204\/GBAY0702-96x96.jpg","url":"https:\/\/cj.estrategia.com\/portal\/wp-content\/uploads\/2023\/06\/29094204\/GBAY0702-96x96.jpg","contentUrl":"https:\/\/cj.estrategia.com\/portal\/wp-content\/uploads\/2023\/06\/29094204\/GBAY0702-96x96.jpg","caption":"Frederico Tadeu Borlot Peixoto"},"description":"Analista Judici\u00e1rio - \u00c1rea Judici\u00e1ria do TRF da 4\u00aa regi\u00e3o. Bacharel em Direito. P\u00f3s-graduado em Direito Administrativo, Legisla\u00e7\u00e3o Penal Especial, Direito Penal e Direito Processual Penal. Tamb\u00e9m nomeado no TRF da 3\u00aa regi\u00e3o (8\u00ba lugar); SPPREV (3\u00ba lugar); IFES (2\u00ba lugar); e PMES. https:\/\/www.instagram.com\/proffrederico\/","sameAs":["https:\/\/www.instagram.com\/proffrederico\/"],"url":"https:\/\/cj.estrategia.com\/portal\/author\/xfrederico\/"}]}},"jetpack_featured_media_url":"https:\/\/cj.estrategia.com\/portal\/wp-content\/uploads\/2024\/07\/24100322\/photorealistic-lawyer-day-celebration-scaled.jpg","jetpack_sharing_enabled":true,"_links":{"self":[{"href":"https:\/\/cj.estrategia.com\/portal\/wp-json\/wp\/v2\/posts\/70272","targetHints":{"allow":["GET"]}}],"collection":[{"href":"https:\/\/cj.estrategia.com\/portal\/wp-json\/wp\/v2\/posts"}],"about":[{"href":"https:\/\/cj.estrategia.com\/portal\/wp-json\/wp\/v2\/types\/post"}],"author":[{"embeddable":true,"href":"https:\/\/cj.estrategia.com\/portal\/wp-json\/wp\/v2\/users\/39"}],"replies":[{"embeddable":true,"href":"https:\/\/cj.estrategia.com\/portal\/wp-json\/wp\/v2\/comments?post=70272"}],"version-history":[{"count":0,"href":"https:\/\/cj.estrategia.com\/portal\/wp-json\/wp\/v2\/posts\/70272\/revisions"}],"wp:featuredmedia":[{"embeddable":true,"href":"https:\/\/cj.estrategia.com\/portal\/wp-json\/wp\/v2\/media\/70273"}],"wp:attachment":[{"href":"https:\/\/cj.estrategia.com\/portal\/wp-json\/wp\/v2\/media?parent=70272"}],"wp:term":[{"taxonomy":"category","embeddable":true,"href":"https:\/\/cj.estrategia.com\/portal\/wp-json\/wp\/v2\/categories?post=70272"},{"taxonomy":"post_tag","embeddable":true,"href":"https:\/\/cj.estrategia.com\/portal\/wp-json\/wp\/v2\/tags?post=70272"},{"taxonomy":"tax_estado","embeddable":true,"href":"https:\/\/cj.estrategia.com\/portal\/wp-json\/wp\/v2\/tax_estado?post=70272"}],"curies":[{"name":"wp","href":"https:\/\/api.w.org\/{rel}","templated":true}]}}