{"id":70042,"date":"2024-07-29T08:58:00","date_gmt":"2024-07-29T11:58:00","guid":{"rendered":"https:\/\/cj.estrategia.com\/portal\/?p=70042"},"modified":"2024-07-29T15:55:06","modified_gmt":"2024-07-29T18:55:06","slug":"valor-minimo-indenizatorio","status":"publish","type":"post","link":"https:\/\/cj.estrategia.com\/portal\/valor-minimo-indenizatorio\/","title":{"rendered":"Fixa\u00e7\u00e3o de valor m\u00ednimo indenizat\u00f3rio nos casos de viol\u00eancia contra a mulher: STJ"},"content":{"rendered":"\n<p>Hoje, vamos conhecer um pouco a respeito de importante decis\u00e3o do STJ acerca da <strong>fixa\u00e7\u00e3o do valor m\u00ednimo indenizat\u00f3rio nos casos de viol\u00eancia dom\u00e9stica contra a mulher<\/strong>. Daremos enfoque aos temas mais cobrados na \u00e1rea dos <strong>concursos de carreira jur\u00eddica<\/strong>.<\/p>\n\n\n\n<p>Vamos l\u00e1!<\/p>\n\n\n<div class=\"wp-block-image\">\n<figure class=\"aligncenter size-full\"><img decoding=\"async\" width=\"600\" height=\"331\" src=\"https:\/\/cj.estrategia.com\/portal\/wp-content\/uploads\/2024\/07\/24065547\/image-59.png\" alt=\"Valor m\u00ednimo indenizat\u00f3rio\" class=\"wp-image-70255\" srcset=\"https:\/\/cj.estrategia.com\/portal\/wp-content\/uploads\/2024\/07\/24065547\/image-59.png 600w, https:\/\/cj.estrategia.com\/portal\/wp-content\/uploads\/2024\/07\/24065547\/image-59-300x166.png 300w, https:\/\/cj.estrategia.com\/portal\/wp-content\/uploads\/2024\/07\/24065547\/image-59-380x210.png 380w, https:\/\/cj.estrategia.com\/portal\/wp-content\/uploads\/2024\/07\/24065547\/image-59-150x83.png 150w\" sizes=\"(max-width: 600px) 100vw, 600px\" \/><\/figure>\n<\/div>\n\n\n<h2 class=\"wp-block-heading\" id=\"h-valor-minimo-indenizatorio-tese-do-stj\"><span id=\"valor-minimo-indenizatorio-tese-do-stj\">Valor m\u00ednimo indenizat\u00f3rio: tese do STJ<\/span><\/h2>\n\n\n\n<p>Sobre a <strong>fixa\u00e7\u00e3o de valor m\u00ednimo indenizat\u00f3rio nos casos de viol\u00eancia dom\u00e9stica contra a mulher<\/strong>, na edi\u00e7\u00e3o 211, o STJ fixou a seguinte tese:<\/p>\n\n\n\n<p class=\"has-background\" style=\"background-color:#d1e9f7\">Nos casos de<strong> viol\u00eancia contra a MULHER <\/strong>praticados no <span style=\"text-decoration: underline;\">\u00e2mbito dom\u00e9stico e familiar<\/span>, \u00e9 poss\u00edvel a fixa\u00e7\u00e3o de <strong>valor m\u00ednimo indenizat\u00f3rio a t\u00edtulo de <mark style=\"background-color:rgba(0, 0, 0, 0)\" class=\"has-inline-color has-vivid-red-color\">dano MORAL<\/mark><\/strong>, desde que haja <strong>pedido expresso<\/strong>&nbsp;da&nbsp;acusa\u00e7\u00e3o ou&nbsp;da&nbsp;parte ofendida, <strong><span style=\"text-decoration: underline;\">ainda que N\u00c3O especificada a quantia<\/span><\/strong>, e <strong><span style=\"text-decoration: underline;\">INDEPENDENTEMENTE de instru\u00e7\u00e3o probat\u00f3ria<\/span>.<\/strong><\/p>\n\n\n\n<h2 class=\"wp-block-heading\" id=\"h-valor-minimo-indenizatorio-previsao-legal\"><span id=\"valor-minimo-indenizatorio-previsao-legal\">Valor m\u00ednimo indenizat\u00f3rio: previs\u00e3o legal<\/span><\/h2>\n\n\n\n<p>O art. 387, IV, do <a href=\"https:\/\/www.planalto.gov.br\/ccivil_03\/decreto-lei\/del3689.htm\" target=\"_blank\" >C\u00f3digo de Processo Penal<\/a> estabelece que o juiz, ao proferir a senten\u00e7a condenat\u00f3ria, fixar\u00e1 um valor m\u00ednimo para repara\u00e7\u00e3o dos danos causados pela infra\u00e7\u00e3o. Nesse sentido:<\/p>\n\n\n\n<p class=\"has-background\" style=\"background-color:#f8dcc6\"><strong>Art.&nbsp;387 &#8211;<\/strong>&nbsp;O juiz, ao proferir senten\u00e7a condenat\u00f3ria: <strong>IV &#8211; <\/strong>fixar\u00e1 <strong><span style=\"text-decoration: underline;\">valor m\u00ednimo<\/span><\/strong> para repara\u00e7\u00e3o dos danos causados pela infra\u00e7\u00e3o, <span style=\"text-decoration: underline;\">considerando os preju\u00edzos sofridos pelo ofendido<\/span>;&nbsp;&nbsp;<\/p>\n\n\n\n<p>Trata-se de <strong><span style=\"text-decoration: underline;\">efeito extrapenal gen\u00e9rico da condena\u00e7\u00e3o<\/span><\/strong> <strong>tornar certa a obriga\u00e7\u00e3o de indenizar o dano<\/strong> causado pelo crime. Nesse sentido, assim estabelece o <a href=\"https:\/\/www.planalto.gov.br\/ccivil_03\/decreto-lei\/del2848compilado.htm\" target=\"_blank\" >C\u00f3digo Penal<\/a>:<\/p>\n\n\n\n<p class=\"has-background\" style=\"background-color:#fbd7be\"><strong>Art. 91 &#8211;<\/strong> S\u00e3o efeitos&nbsp;da&nbsp;condena\u00e7\u00e3o: <strong>I &#8211;<\/strong> <strong>tornar certa a obriga\u00e7\u00e3o de indenizar o dano <\/strong>causado pelo crime;<\/p>\n\n\n\n<p>Acrescenta-se, ainda, que a senten\u00e7a penal condenat\u00f3ria, conforme o art. 515, VI, do C\u00f3digo de Processo Civil, constitui um <strong><span style=\"text-decoration: underline;\">t\u00edtulo executivo judicial<\/span><\/strong>. Isso significa que a v\u00edtima poder\u00e1 <span style=\"text-decoration: underline;\">executar<\/span> a senten\u00e7a penal condenat\u00f3ria no <strong>ju\u00edzo c\u00edvel<\/strong>, sem preju\u00edzo da <em>liquida\u00e7\u00e3o<\/em> para apurar o dano efetivamente sofrido.<\/p>\n\n\n\n<p>A execu\u00e7\u00e3o poder\u00e1 ser realizada:<\/p>\n\n\n\n<ul class=\"wp-block-list\">\n<li>pela <strong>v\u00edtima;<\/strong><\/li>\n\n\n\n<li>pelo <strong>representante legal;<\/strong><\/li>\n\n\n\n<li>pelos <strong>herdeiros.<\/strong><\/li>\n<\/ul>\n\n\n\n<p>Nesse sentido, assim disp\u00f5e o art. 63 do <a href=\"https:\/\/www.planalto.gov.br\/ccivil_03\/decreto-lei\/del3689.htm\" target=\"_blank\" >C\u00f3digo de Processo Penal<\/a>:<\/p>\n\n\n\n<p class=\"has-background\" style=\"background-color:#ffdfc3\"><strong>Art.&nbsp;63 &#8211;<\/strong>&nbsp;Transitada em julgado a senten\u00e7a condenat\u00f3ria, poder\u00e3o promover-lhe a <strong><span style=\"text-decoration: underline;\">execu\u00e7\u00e3o<\/span><\/strong>, no <span style=\"text-decoration: underline;\">ju\u00edzo c\u00edvel<\/span>, para o efeito da repara\u00e7\u00e3o do dano, o <strong>ofendido, seu representante legal ou seus herdeiros.<\/strong> <strong>Par\u00e1grafo \u00fanico.<\/strong>&nbsp; Transitada em julgado a senten\u00e7a condenat\u00f3ria, a <strong>execu\u00e7\u00e3o<\/strong> poder\u00e1 ser efetuada pelo valor fixado nos termos do&nbsp;inciso IV do caput<em>&nbsp;<\/em>do art. 387 deste C\u00f3digo,&nbsp;<strong>sem preju\u00edzo da liquida\u00e7\u00e3o para a apura\u00e7\u00e3o do dano efetivamente sofrido<\/strong>.&nbsp;&nbsp;&nbsp;&nbsp;&nbsp;&nbsp;&nbsp;&nbsp;&nbsp;<\/p>\n\n\n\n<h2 class=\"wp-block-heading\" id=\"h-entendendo-a-tese-do-stj\"><span id=\"entendendo-a-tese-do-stj\">Entendendo a tese do STJ<\/span><\/h2>\n\n\n\n<h3 class=\"wp-block-heading\" id=\"h-danos-materiais-e-danos-morais\"><span id=\"danos-materiais-e-danos-morais\">Danos materiais e danos morais<\/span><\/h3>\n\n\n\n<p>Como visto, o art. 387, IV, do CPP estabelece que o juiz, ao proferir senten\u00e7a condenat\u00f3ria, fixar\u00e1 <strong><span style=\"text-decoration: underline;\">valor m\u00ednimo<\/span><\/strong> para repara\u00e7\u00e3o dos danos causados pela infra\u00e7\u00e3o. Segundo o STJ, essa repara\u00e7\u00e3o inclui:<\/p>\n\n\n\n<ul class=\"wp-block-list\">\n<li>danos materiais e<\/li>\n\n\n\n<li>danos morais.<\/li>\n<\/ul>\n\n\n\n<h3 class=\"wp-block-heading\" id=\"h-pedido-expresso\"><span id=\"pedido-expresso\">Pedido expresso<\/span><\/h3>\n\n\n\n<p>Para a fixa\u00e7\u00e3o de valor m\u00ednimo indenizat\u00f3rio, tanto a t\u00edtulo de <span style=\"text-decoration: underline;\"><strong><mark style=\"background-color:#c8f3e2\" class=\"has-inline-color\">danos materiais<\/mark><\/strong><\/span> quanto no caso de <span style=\"text-decoration: underline;\"><strong><mark style=\"background-color:#f1d2d9\" class=\"has-inline-color\">danos morais<\/mark><\/strong><\/span>, \u00e9 essencial haver <strong>pedido <span style=\"text-decoration: underline;\">EXPRESSO<\/span><\/strong> realizado pelas partes:<\/p>\n\n\n\n<ul class=\"wp-block-list\">\n<li><strong>Minist\u00e9rio P\u00fablico<\/strong>;<\/li>\n\n\n\n<li><strong>v\u00edtima.<\/strong><\/li>\n<\/ul>\n\n\n\n<p>Com o pedido expresso, o r\u00e9u tem oportunidade de se manifestar sobre o tema, garantindo-se \u00e0 defesa o <strong><span style=\"text-decoration: underline;\">pleno exerc\u00edcio do contradit\u00f3rio e da ampla defesa<\/span><\/strong>. <\/p>\n\n\n\n<p>Esse entendimento \u00e9 aplic\u00e1vel a <strong><mark style=\"background-color:rgba(0, 0, 0, 0)\" class=\"has-inline-color has-vivid-red-color\">qualquer crime<\/mark><\/strong>: n\u00e3o apenas nos casos de viol\u00eancia dom\u00e9stica contra a mulher.<\/p>\n\n\n\n<h3 class=\"wp-block-heading\" id=\"h-indicacao-do-valor\"><span id=\"indicacao-do-valor\">Indica\u00e7\u00e3o do valor<\/span><\/h3>\n\n\n\n<p>Quanto aos <span style=\"text-decoration: underline;\"><span style=\"text-decoration: underline;\"><strong><mark style=\"background-color:#c8f3e2\" class=\"has-inline-color\">danos materiais<\/mark><\/strong><\/span><\/span>, a jurisprud\u00eancia entende que \u00e9 necess\u00e1ria a indica\u00e7\u00e3o do valor pretendido.<\/p>\n\n\n\n<p>J\u00e1 em rela\u00e7\u00e3o aos <span style=\"text-decoration: underline;\"><span style=\"text-decoration: underline;\"><strong><mark style=\"background-color:#f1d2d9\" class=\"has-inline-color\">danos morais<\/mark><\/strong><\/span><\/span>, especificamente nos <em><strong><mark style=\"background-color:#f0d690\" class=\"has-inline-color\">casos de viol\u00eancia dom\u00e9stica contra a mulher<\/mark><\/strong><\/em>, o STJ &#8211; na tese destacada acima &#8211; entendeu <strong><span style=\"text-decoration: underline;\">N\u00c3O ser preciso a indica\u00e7\u00e3o de valor l\u00edquido e certo<\/span><\/strong>. Dessa forma, caber\u00e1 ao juiz, <span style=\"text-decoration: underline;\">conforme o seu prudente arb\u00edtrio<\/span>, fixar um valor m\u00ednimo indenizat\u00f3rio. <\/p>\n\n\n\n<p>Nesse sentido, fundamentou o STJ (REsp 1675874):<\/p>\n\n\n\n<p class=\"has-background\" style=\"background-color:#e2e4e5\">Mais robusta ainda h\u00e1 de ser tal compreens\u00e3o quando se cuida de<strong>&nbsp;danos morais<\/strong>&nbsp;experimentados pela <strong>mulher v\u00edtima de&nbsp;viol\u00eancia dom\u00e9stica<\/strong>. Em tal situa\u00e7\u00e3o, emerge a inarred\u00e1vel compreens\u00e3o de que a fixa\u00e7\u00e3o, na senten\u00e7a condenat\u00f3ria, de&nbsp;indeniza\u00e7\u00e3o,&nbsp;a t\u00edtulo de&nbsp;danos morais,&nbsp;para a v\u00edtima de&nbsp;viol\u00eancia dom\u00e9stica,<strong>&nbsp;<\/strong><span style=\"text-decoration: underline;\"><strong>independe de indica\u00e7\u00e3o de um&nbsp;valor l\u00edquido&nbsp;e certo<\/strong><\/span> pelo postulante da repara\u00e7\u00e3o de&nbsp;danos,&nbsp;podendo o&nbsp;<em>quantum<\/em>&nbsp;ser fixado minimamente pelo Juiz sentenciante, de acordo com seu <strong><span style=\"text-decoration: underline;\">prudente arb\u00edtrio<\/span><\/strong>.<\/p>\n\n\n\n<h4 class=\"wp-block-heading\" id=\"h-demais-crimes\"><span id=\"demais-crimes\">Demais crimes<\/span><\/h4>\n\n\n\n<p>Em rela\u00e7\u00e3o ao dano moral nos <strong><mark style=\"background-color:rgba(0, 0, 0, 0)\" class=\"has-inline-color has-vivid-red-color\">demais crimes<\/mark><\/strong> (n\u00e3o envolvendo viol\u00eancia dom\u00e9stica contra a mulher), a <span style=\"text-decoration: underline;\">6\u00aa turma do STJ<\/span>, <strong>recentemente<\/strong>, aplicou o mesmo entendimento. Nesse sentido:  <\/p>\n\n\n\n<p class=\"has-background\" style=\"background-color:#e4e4e4\">A jurisprud\u00eancia do Superior Tribunal de Justi\u00e7a \u00e9 firme no sentido de que a fixa\u00e7\u00e3o de valor m\u00ednimo para repara\u00e7\u00e3o dos danos morais causados pela infra\u00e7\u00e3o <strong>exige apenas pedido expresso <\/strong>na inicial, sendo <strong><mark style=\"background-color:rgba(0, 0, 0, 0)\" class=\"has-inline-color has-vivid-red-color\">desnecess\u00e1rias<\/mark><\/strong> a <strong><span style=\"text-decoration: underline;\">indica\u00e7\u00e3o de valor<\/span><\/strong> e a <span style=\"text-decoration: underline;\">instru\u00e7\u00e3o probat\u00f3ria espec\u00edfica<\/span>. (STJ, <strong><mark style=\"background-color:#8ed1fc\" class=\"has-inline-color\">T6<\/mark><\/strong>, AgRg no REsp 1.984.337\/MS, j. em 06\/03\/23).<\/p>\n\n\n\n<h3 class=\"wp-block-heading\" id=\"h-instrucao-probatoria\"><span id=\"instrucao-probatoria\">Instru\u00e7\u00e3o probat\u00f3ria<\/span><\/h3>\n\n\n\n<p>Quanto aos <span style=\"text-decoration: underline;\"><span style=\"text-decoration: underline;\"><strong><mark style=\"background-color:#c8f3e2\" class=\"has-inline-color\">danos materiais<\/mark><\/strong><\/span><\/span>, a jurisprud\u00eancia entende que \u00e9 necess\u00e1ria a instru\u00e7\u00e3o probat\u00f3ria espec\u00edfica para prova do preju\u00edzo sofrido.<\/p>\n\n\n\n<p>J\u00e1 em rela\u00e7\u00e3o aos <span style=\"text-decoration: underline;\"><span style=\"text-decoration: underline;\"><strong><mark style=\"background-color:#f1d2d9\" class=\"has-inline-color\">danos morais<\/mark><\/strong><\/span><\/span>, especificamente nos <em><strong><mark style=\"background-color:#f0d690\" class=\"has-inline-color\">casos de viol\u00eancia dom\u00e9stica contra a mulher<\/mark><\/strong><\/em>, o STJ &#8211; na tese destacada acima &#8211; entendeu que o dano moral <strong><span style=\"text-decoration: underline;\">n\u00e3o precisa ser provado<\/span><\/strong>, uma vez que n\u00e3o se mostra razo\u00e1vel exigir prova acerca do dano ps\u00edquico, da humilha\u00e7\u00e3o; o pr\u00f3prio crime j\u00e1 est\u00e1 imbu\u00eddo de <strong>desonra e viola\u00e7\u00e3o da dignidade<\/strong>. <\/p>\n\n\n\n<p>Consequentemente, independem de instru\u00e7\u00e3o probat\u00f3ria para o caso.<\/p>\n\n\n\n<p>Nesse sentido, fundamentou o STJ (REsp 1675874):<\/p>\n\n\n\n<p class=\"has-background\" style=\"background-color:#e5e5e5\">A aferi\u00e7\u00e3o do <span style=\"text-decoration: underline;\">dano moral<\/span>, <strong><span style=\"text-decoration: underline;\">na maior parte das situa\u00e7\u00f5es<\/span><\/strong>, <strong>n\u00e3o ensejar\u00e1 nenhum alargamento da instru\u00e7\u00e3o criminal<\/strong>, porquanto tal modalidade de dano, de modo geral, dispensa a produ\u00e7\u00e3o de prova espec\u00edfica acerca da sua exist\u00eancia, encontrando-se <em><strong>in re ipsa<\/strong><\/em>. Isto \u00e9, n\u00e3o h\u00e1 necessidade de produ\u00e7\u00e3o de prova espec\u00edfica para apura\u00e7\u00e3o do grau de sofrimento, de dor e de constrangimento suportados pelo ofendido; o que se deve provar \u00e9 uma situa\u00e7\u00e3o de fato de que seja poss\u00edvel extrair, a partir de um ju\u00edzo baseado na experi\u00eancia comum, a ofensa \u00e0 esfera an\u00edmica do indiv\u00edduo. (STJ, AgRg no REsp n. 1.626.962\/MS).<\/p>\n\n\n\n<h4 class=\"wp-block-heading\" id=\"h-demais-crimes-0\"><span id=\"demais-crimes-2\">Demais crimes<\/span><\/h4>\n\n\n\n<p>Em rela\u00e7\u00e3o ao dano moral nos <strong><mark style=\"background-color:rgba(0, 0, 0, 0)\" class=\"has-inline-color has-vivid-red-color\">demais crimes<\/mark><\/strong> (n\u00e3o envolvendo viol\u00eancia dom\u00e9stica contra a mulher), a <span style=\"text-decoration: underline;\">5\u00aa e a 6\u00aa turma do STJ<\/span>, <strong>recentemente<\/strong>, aplicaram o mesmo entendimento. Nesse sentido:  <\/p>\n\n\n\n<p class=\"has-background\" style=\"background-color:#e4e4e4\">Para fixa\u00e7\u00e3o de indeniza\u00e7\u00e3o m\u00ednima por danos morais, nos termos do art. 387, IV, do CPP, <strong><span style=\"text-decoration: underline;\">n\u00e3o se exige instru\u00e7\u00e3o probat\u00f3ria<\/span><\/strong> acerca do dano ps\u00edquico, do grau de sofrimento da v\u00edtima, bastando que conste <span style=\"text-decoration: underline;\">pedido expresso na inicial acusat\u00f3ria<\/span>, garantia suficiente ao exerc\u00edcio do contradit\u00f3rio e da ampla defesa.&nbsp;(STJ, <strong><mark style=\"background-color:#8ed1fc\" class=\"has-inline-color\">T5<\/mark><\/strong>, AgRg no REsp 2.029.732-MS, j. em 22\/08\/23).<\/p>\n\n\n\n<p class=\"has-background\" style=\"background-color:#e1e1e1\">A jurisprud\u00eancia do Superior Tribunal de Justi\u00e7a \u00e9 firme no sentido de que a fixa\u00e7\u00e3o de valor m\u00ednimo para repara\u00e7\u00e3o dos danos morais causados pela infra\u00e7\u00e3o <strong>exige apenas pedido expresso <\/strong>na inicial, sendo <strong><mark style=\"background-color:rgba(0, 0, 0, 0)\" class=\"has-inline-color has-vivid-red-color\">desnecess\u00e1rias<\/mark><\/strong> a <span style=\"text-decoration: underline;\">indica\u00e7\u00e3o de valor<\/span> e a <strong><span style=\"text-decoration: underline;\">instru\u00e7\u00e3o probat\u00f3ria espec\u00edfica<\/span><\/strong>. (STJ, <strong><mark style=\"background-color:#8ed1fc\" class=\"has-inline-color\">T6<\/mark><\/strong>, AgRg no REsp 1.984.337\/MS, j. em 06\/03\/23).<\/p>\n\n\n\n<h3 class=\"wp-block-heading\" id=\"h-quadro-resumo\"><span id=\"quadro-resumo\">Quadro-resumo<\/span><\/h3>\n\n\n\n<figure class=\"wp-block-table aligncenter is-style-stripes\"><table><tbody><tr><td>&nbsp;<\/td><td><strong>Dano material<\/strong><\/td><td colspan=\"2\"><strong>Dano moral<\/strong><\/td><\/tr><tr><td>&nbsp;<\/td><td><strong>Qualquer crime<\/strong><\/td><td><strong>Viol\u00eancia dom\u00e9stica contra a mulher<\/strong><\/td><td><strong>Qualquer outro crime<\/strong><\/td><\/tr><tr><td><strong>Pedido expresso<\/strong><\/td><td><strong><strong><mark style=\"background-color:rgba(0, 0, 0, 0);color:#097ac0\" class=\"has-inline-color\">SIM<\/mark><\/strong><\/strong><\/td><td><strong><strong><mark style=\"background-color:rgba(0, 0, 0, 0);color:#097ac0\" class=\"has-inline-color\">SIM<\/mark><\/strong><\/strong><\/td><td><mark style=\"background-color:rgba(0, 0, 0, 0);color:#097ac0\" class=\"has-inline-color\"><strong>SIM<\/strong><\/mark><\/td><\/tr><tr><td><strong>Indica\u00e7\u00e3o do valor<\/strong><\/td><td><strong><strong><mark style=\"background-color:rgba(0, 0, 0, 0);color:#097ac0\" class=\"has-inline-color\">SIM<\/mark><\/strong><\/strong><\/td><td><strong><em><strong><em><mark style=\"background-color:rgba(0, 0, 0, 0)\" class=\"has-inline-color has-vivid-red-color\">N\u00c3O<\/mark><\/em><\/strong><\/em><\/strong><\/td><td><strong><em>N\u00c3O<\/em>:<em> <\/em><\/strong>T6 do STJ<\/td><\/tr><tr><td><strong>Instru\u00e7\u00e3o probat\u00f3ria<\/strong><\/td><td><strong><strong><mark style=\"background-color:rgba(0, 0, 0, 0);color:#097ac0\" class=\"has-inline-color\">SIM<\/mark><\/strong><\/strong><\/td><td><em><mark style=\"background-color:rgba(0, 0, 0, 0)\" class=\"has-inline-color has-vivid-red-color\"><strong>N\u00c3O<\/strong><\/mark><\/em><\/td><td><strong><em>N\u00c3O<\/em>: <\/strong>T5 e T6 do STJ<\/td><\/tr><\/tbody><\/table><\/figure>\n\n\n\n<h2 class=\"wp-block-heading\" id=\"h-conclusao\"><span id=\"conclusao\">Conclus\u00e3o<\/span><\/h2>\n\n\n\n<p>Hoje, vimos um pouco a respeito de importante decis\u00e3o do STJ acerca da <strong>fixa\u00e7\u00e3o do valor m\u00ednimo indenizat\u00f3rio nos casos de viol\u00eancia dom\u00e9stica<\/strong>.<\/p>\n\n\n\n<p>Por ora, finalizamos mais um tema empolgante para os que almejam a sonhada carreira jur\u00eddica.<\/p>\n\n\n\n<p>Advertimos que <strong>esse artigo<\/strong>, juntamente com as quest\u00f5es do <a href=\"https:\/\/cj.estrategia.com\/#\" target=\"_blank\" ><u><strong>Sistema de Quest\u00f5es do Estrat\u00e9gia Carreira Jur\u00eddica<\/strong><\/u><\/a>, serve como complemento ao estudo do tema proposto, devendo-se priorizar o material te\u00f3rico, em <strong>PDF<\/strong> ou <strong>videoaula<\/strong>, do curso.<\/p>\n\n\n\n<p>At\u00e9 a pr\u00f3xima!<\/p>\n\n\n\n<p class=\"has-text-align-center\"><strong>Quer saber mais sobre os pr\u00f3ximos concursos?<\/strong><\/p>\n\n\n\n<p class=\"has-text-align-center\"><strong>Confira nossos artigos!<\/strong><\/p>\n\n\n\n<p class=\"has-text-align-center has-pale-cyan-blue-background-color has-background\"><a href=\"https:\/\/cj.estrategia.com\/portal\/concursos-abertos-carreiras-juridicas\/\" target=\"_blank\" ><strong>Concursos abertos<\/strong><\/a><\/p>\n\n\n\n<p class=\"has-text-align-center has-pale-cyan-blue-background-color has-background\"><a href=\"https:\/\/cj.estrategia.com\/portal\/concursos-2024-carreiras-juridicas\/\" target=\"_blank\" ><strong>Concursos 2024<\/strong><\/a><\/p>\n","protected":false},"excerpt":{"rendered":"Hoje, vamos conhecer um pouco a respeito de importante decis\u00e3o do STJ acerca da fixa\u00e7\u00e3o do valor m\u00ednimo&hellip;\n","protected":false},"author":127,"featured_media":70254,"comment_status":"open","ping_status":"open","sticky":false,"template":"","format":"standard","meta":{"_jetpack_memberships_contains_paid_content":false,"footnotes":""},"categories":[1,27,28,26,25],"tags":[],"tax_estado":[30,31,32,33,34,35,36,37,38,39,40,41,42,43,44,45,46,47,48,49,50,51,52,53,54,55,56,57],"class_list":{"0":"post-70042","1":"post","2":"type-post","3":"status-publish","4":"format-standard","5":"has-post-thumbnail","7":"category-carreiras-juridicas","8":"category-defensoria","9":"category-delegado","10":"category-magistratura","11":"category-promotoria","12":"tax_estado-ac","13":"tax_estado-al","14":"tax_estado-am","15":"tax_estado-ap","16":"tax_estado-ba","17":"tax_estado-ce","18":"tax_estado-concursos-federais","19":"tax_estado-df","20":"tax_estado-es","21":"tax_estado-go","22":"tax_estado-ma","23":"tax_estado-mg","24":"tax_estado-ms","25":"tax_estado-mt","26":"tax_estado-pa","27":"tax_estado-pb","28":"tax_estado-pe","29":"tax_estado-pi","30":"tax_estado-pr","31":"tax_estado-rj","32":"tax_estado-rn","33":"tax_estado-ro","34":"tax_estado-rr","35":"tax_estado-rs","36":"tax_estado-sc","37":"tax_estado-se","38":"tax_estado-sp","39":"tax_estado-to"},"acf":[],"yoast_head":"<!-- This site is optimized with the Yoast SEO Premium plugin v27.4 (Yoast SEO v27.4) - https:\/\/yoast.com\/product\/yoast-seo-premium-wordpress\/ -->\n<title>Valor m\u00ednimo indenizat\u00f3rio: viol\u00eancia contra a mulher (STJ)<\/title>\n<meta name=\"description\" content=\"Hoje, vamos conhecer importante decis\u00e3o do STJ acerca da fixa\u00e7\u00e3o de valor m\u00ednimo indenizat\u00f3rio nos casos de viol\u00eancia contra a mulher.\" \/>\n<meta name=\"robots\" content=\"index, follow, max-snippet:-1, max-image-preview:large, max-video-preview:-1\" \/>\n<link rel=\"canonical\" href=\"https:\/\/cj.estrategia.com\/portal\/valor-minimo-indenizatorio\/\" \/>\n<meta property=\"og:locale\" content=\"pt_BR\" \/>\n<meta property=\"og:type\" content=\"article\" \/>\n<meta property=\"og:title\" content=\"Fixa\u00e7\u00e3o de valor m\u00ednimo indenizat\u00f3rio nos casos de viol\u00eancia contra a mulher: STJ\" \/>\n<meta property=\"og:description\" content=\"Hoje, vamos conhecer importante decis\u00e3o do STJ acerca da fixa\u00e7\u00e3o de valor m\u00ednimo indenizat\u00f3rio nos casos de viol\u00eancia contra a mulher.\" \/>\n<meta property=\"og:url\" content=\"https:\/\/cj.estrategia.com\/portal\/valor-minimo-indenizatorio\/\" \/>\n<meta property=\"og:site_name\" content=\"Blog - Carreiras Jur\u00eddicas - Estrat\u00e9gia\" \/>\n<meta property=\"article:publisher\" content=\"https:\/\/www.facebook.com\/estrategiacarreirajuridica\/\" \/>\n<meta property=\"article:published_time\" content=\"2024-07-29T11:58:00+00:00\" \/>\n<meta property=\"article:modified_time\" content=\"2024-07-29T18:55:06+00:00\" \/>\n<meta property=\"og:image\" content=\"https:\/\/cj.estrategia.com\/portal\/wp-content\/uploads\/2024\/07\/24065412\/image-58.png\" \/>\n\t<meta property=\"og:image:width\" content=\"364\" \/>\n\t<meta property=\"og:image:height\" content=\"138\" \/>\n\t<meta property=\"og:image:type\" content=\"image\/png\" \/>\n<meta name=\"author\" content=\"Heloana Vera Albuquerque\" \/>\n<meta name=\"twitter:card\" content=\"summary_large_image\" \/>\n<meta name=\"twitter:creator\" content=\"@EstratJuridica\" \/>\n<meta name=\"twitter:site\" content=\"@EstratJuridica\" \/>\n<meta name=\"twitter:label1\" content=\"Escrito por\" \/>\n\t<meta name=\"twitter:data1\" content=\"Heloana Vera Albuquerque\" \/>\n\t<meta name=\"twitter:label2\" content=\"Est. tempo de leitura\" \/>\n\t<meta name=\"twitter:data2\" content=\"7 minutos\" \/>\n<script type=\"application\/ld+json\" class=\"yoast-schema-graph\">{\"@context\":\"https:\\\/\\\/schema.org\",\"@graph\":[{\"@type\":\"NewsArticle\",\"@id\":\"https:\\\/\\\/cj.estrategia.com\\\/portal\\\/valor-minimo-indenizatorio\\\/#article\",\"isPartOf\":{\"@id\":\"https:\\\/\\\/cj.estrategia.com\\\/portal\\\/valor-minimo-indenizatorio\\\/\"},\"author\":{\"name\":\"Heloana Vera Albuquerque\",\"@id\":\"https:\\\/\\\/cj.estrategia.com\\\/portal\\\/#\\\/schema\\\/person\\\/e3116c33097aaffcd61a5fe8d71846c4\"},\"headline\":\"Fixa\u00e7\u00e3o de valor m\u00ednimo indenizat\u00f3rio nos casos de viol\u00eancia contra a mulher: STJ\",\"datePublished\":\"2024-07-29T11:58:00+00:00\",\"dateModified\":\"2024-07-29T18:55:06+00:00\",\"mainEntityOfPage\":{\"@id\":\"https:\\\/\\\/cj.estrategia.com\\\/portal\\\/valor-minimo-indenizatorio\\\/\"},\"wordCount\":1453,\"commentCount\":0,\"publisher\":{\"@id\":\"https:\\\/\\\/cj.estrategia.com\\\/portal\\\/#organization\"},\"image\":{\"@id\":\"https:\\\/\\\/cj.estrategia.com\\\/portal\\\/valor-minimo-indenizatorio\\\/#primaryimage\"},\"thumbnailUrl\":\"https:\\\/\\\/cj.estrategia.com\\\/portal\\\/wp-content\\\/uploads\\\/2024\\\/07\\\/24065412\\\/image-58.png\",\"articleSection\":[\"Carreiras Jur\u00eddicas\",\"Defensoria\",\"Delegado\",\"Magistratura\",\"Promotoria\"],\"inLanguage\":\"pt-BR\",\"potentialAction\":[{\"@type\":\"CommentAction\",\"name\":\"Comment\",\"target\":[\"https:\\\/\\\/cj.estrategia.com\\\/portal\\\/valor-minimo-indenizatorio\\\/#respond\"]}]},{\"@type\":\"WebPage\",\"@id\":\"https:\\\/\\\/cj.estrategia.com\\\/portal\\\/valor-minimo-indenizatorio\\\/\",\"url\":\"https:\\\/\\\/cj.estrategia.com\\\/portal\\\/valor-minimo-indenizatorio\\\/\",\"name\":\"Valor m\u00ednimo indenizat\u00f3rio: viol\u00eancia contra a mulher (STJ)\",\"isPartOf\":{\"@id\":\"https:\\\/\\\/cj.estrategia.com\\\/portal\\\/#website\"},\"primaryImageOfPage\":{\"@id\":\"https:\\\/\\\/cj.estrategia.com\\\/portal\\\/valor-minimo-indenizatorio\\\/#primaryimage\"},\"image\":{\"@id\":\"https:\\\/\\\/cj.estrategia.com\\\/portal\\\/valor-minimo-indenizatorio\\\/#primaryimage\"},\"thumbnailUrl\":\"https:\\\/\\\/cj.estrategia.com\\\/portal\\\/wp-content\\\/uploads\\\/2024\\\/07\\\/24065412\\\/image-58.png\",\"datePublished\":\"2024-07-29T11:58:00+00:00\",\"dateModified\":\"2024-07-29T18:55:06+00:00\",\"description\":\"Hoje, vamos conhecer importante decis\u00e3o do STJ acerca da fixa\u00e7\u00e3o de valor m\u00ednimo indenizat\u00f3rio nos casos de viol\u00eancia contra a mulher.\",\"breadcrumb\":{\"@id\":\"https:\\\/\\\/cj.estrategia.com\\\/portal\\\/valor-minimo-indenizatorio\\\/#breadcrumb\"},\"inLanguage\":\"pt-BR\",\"potentialAction\":[{\"@type\":\"ReadAction\",\"target\":[\"https:\\\/\\\/cj.estrategia.com\\\/portal\\\/valor-minimo-indenizatorio\\\/\"]}]},{\"@type\":\"ImageObject\",\"inLanguage\":\"pt-BR\",\"@id\":\"https:\\\/\\\/cj.estrategia.com\\\/portal\\\/valor-minimo-indenizatorio\\\/#primaryimage\",\"url\":\"https:\\\/\\\/cj.estrategia.com\\\/portal\\\/wp-content\\\/uploads\\\/2024\\\/07\\\/24065412\\\/image-58.png\",\"contentUrl\":\"https:\\\/\\\/cj.estrategia.com\\\/portal\\\/wp-content\\\/uploads\\\/2024\\\/07\\\/24065412\\\/image-58.png\",\"width\":364,\"height\":138},{\"@type\":\"BreadcrumbList\",\"@id\":\"https:\\\/\\\/cj.estrategia.com\\\/portal\\\/valor-minimo-indenizatorio\\\/#breadcrumb\",\"itemListElement\":[{\"@type\":\"ListItem\",\"position\":1,\"name\":\"In\u00edcio\",\"item\":\"https:\\\/\\\/cj.estrategia.com\\\/portal\\\/\"},{\"@type\":\"ListItem\",\"position\":2,\"name\":\"Fixa\u00e7\u00e3o de valor m\u00ednimo indenizat\u00f3rio nos casos de viol\u00eancia contra a mulher: STJ\"}]},{\"@type\":\"WebSite\",\"@id\":\"https:\\\/\\\/cj.estrategia.com\\\/portal\\\/#website\",\"url\":\"https:\\\/\\\/cj.estrategia.com\\\/portal\\\/\",\"name\":\"Blog - Carreiras Jur\u00eddicas - Estrat\u00e9gia\",\"description\":\"\",\"publisher\":{\"@id\":\"https:\\\/\\\/cj.estrategia.com\\\/portal\\\/#organization\"},\"potentialAction\":[{\"@type\":\"SearchAction\",\"target\":{\"@type\":\"EntryPoint\",\"urlTemplate\":\"https:\\\/\\\/cj.estrategia.com\\\/portal\\\/?s={search_term_string}\"},\"query-input\":{\"@type\":\"PropertyValueSpecification\",\"valueRequired\":true,\"valueName\":\"search_term_string\"}}],\"inLanguage\":\"pt-BR\"},{\"@type\":\"Organization\",\"@id\":\"https:\\\/\\\/cj.estrategia.com\\\/portal\\\/#organization\",\"name\":\"Estrat\u00e9gia - Carreiras Jur\u00eddicas\",\"url\":\"https:\\\/\\\/cj.estrategia.com\\\/portal\\\/\",\"logo\":{\"@type\":\"ImageObject\",\"inLanguage\":\"pt-BR\",\"@id\":\"https:\\\/\\\/cj.estrategia.com\\\/portal\\\/#\\\/schema\\\/logo\\\/image\\\/\",\"url\":\"https:\\\/\\\/cj.estrategia.com\\\/portal\\\/wp-content\\\/uploads\\\/2022\\\/03\\\/11151052\\\/cj-logo.png\",\"contentUrl\":\"https:\\\/\\\/cj.estrategia.com\\\/portal\\\/wp-content\\\/uploads\\\/2022\\\/03\\\/11151052\\\/cj-logo.png\",\"width\":150,\"height\":39,\"caption\":\"Estrat\u00e9gia - Carreiras Jur\u00eddicas\"},\"image\":{\"@id\":\"https:\\\/\\\/cj.estrategia.com\\\/portal\\\/#\\\/schema\\\/logo\\\/image\\\/\"},\"sameAs\":[\"https:\\\/\\\/www.facebook.com\\\/estrategiacarreirajuridica\\\/\",\"https:\\\/\\\/x.com\\\/EstratJuridica\",\"https:\\\/\\\/www.instagram.com\\\/estrategiacarreirajuridica\\\/\",\"https:\\\/\\\/www.youtube.com\\\/channel\\\/UClbMGuYbj2Mh1m3w144ETWQ\"]},{\"@type\":\"Person\",\"@id\":\"https:\\\/\\\/cj.estrategia.com\\\/portal\\\/#\\\/schema\\\/person\\\/e3116c33097aaffcd61a5fe8d71846c4\",\"name\":\"Heloana Vera Albuquerque\",\"image\":{\"@type\":\"ImageObject\",\"inLanguage\":\"pt-BR\",\"@id\":\"https:\\\/\\\/secure.gravatar.com\\\/avatar\\\/24ae914faa49e70cf228cfa75150ff826756fa9dbbadf55254a1c17b67917d8a?s=96&d=mm&r=g\",\"url\":\"https:\\\/\\\/secure.gravatar.com\\\/avatar\\\/24ae914faa49e70cf228cfa75150ff826756fa9dbbadf55254a1c17b67917d8a?s=96&d=mm&r=g\",\"contentUrl\":\"https:\\\/\\\/secure.gravatar.com\\\/avatar\\\/24ae914faa49e70cf228cfa75150ff826756fa9dbbadf55254a1c17b67917d8a?s=96&d=mm&r=g\",\"caption\":\"Heloana Vera Albuquerque\"},\"description\":\"Aprovada para Oficial de Justi\u00e7a Avaliador Federal, Analista Judici\u00e1rio do Tribunal de Justi\u00e7a, Analista do Minist\u00e9rio P\u00fablico, Procurador Municipal e Juiz Leigo do JEC.\",\"award\":[\"L\u00e1urea universit\u00e1ria no Curso de Direito\"],\"url\":\"https:\\\/\\\/cj.estrategia.com\\\/portal\\\/author\\\/heloana-vera-albuquerque\\\/\"}]}<\/script>\n<!-- \/ Yoast SEO Premium plugin. -->","yoast_head_json":{"title":"Valor m\u00ednimo indenizat\u00f3rio: viol\u00eancia contra a mulher (STJ)","description":"Hoje, vamos conhecer importante decis\u00e3o do STJ acerca da fixa\u00e7\u00e3o de valor m\u00ednimo indenizat\u00f3rio nos casos de viol\u00eancia contra a mulher.","robots":{"index":"index","follow":"follow","max-snippet":"max-snippet:-1","max-image-preview":"max-image-preview:large","max-video-preview":"max-video-preview:-1"},"canonical":"https:\/\/cj.estrategia.com\/portal\/valor-minimo-indenizatorio\/","og_locale":"pt_BR","og_type":"article","og_title":"Fixa\u00e7\u00e3o de valor m\u00ednimo indenizat\u00f3rio nos casos de viol\u00eancia contra a mulher: STJ","og_description":"Hoje, vamos conhecer importante decis\u00e3o do STJ acerca da fixa\u00e7\u00e3o de valor m\u00ednimo indenizat\u00f3rio nos casos de viol\u00eancia contra a mulher.","og_url":"https:\/\/cj.estrategia.com\/portal\/valor-minimo-indenizatorio\/","og_site_name":"Blog - Carreiras Jur\u00eddicas - Estrat\u00e9gia","article_publisher":"https:\/\/www.facebook.com\/estrategiacarreirajuridica\/","article_published_time":"2024-07-29T11:58:00+00:00","article_modified_time":"2024-07-29T18:55:06+00:00","og_image":[{"width":364,"height":138,"url":"https:\/\/cj.estrategia.com\/portal\/wp-content\/uploads\/2024\/07\/24065412\/image-58.png","type":"image\/png"}],"author":"Heloana Vera Albuquerque","twitter_card":"summary_large_image","twitter_creator":"@EstratJuridica","twitter_site":"@EstratJuridica","twitter_misc":{"Escrito por":"Heloana Vera Albuquerque","Est. tempo de leitura":"7 minutos"},"schema":{"@context":"https:\/\/schema.org","@graph":[{"@type":"NewsArticle","@id":"https:\/\/cj.estrategia.com\/portal\/valor-minimo-indenizatorio\/#article","isPartOf":{"@id":"https:\/\/cj.estrategia.com\/portal\/valor-minimo-indenizatorio\/"},"author":{"name":"Heloana Vera Albuquerque","@id":"https:\/\/cj.estrategia.com\/portal\/#\/schema\/person\/e3116c33097aaffcd61a5fe8d71846c4"},"headline":"Fixa\u00e7\u00e3o de valor m\u00ednimo indenizat\u00f3rio nos casos de viol\u00eancia contra a mulher: STJ","datePublished":"2024-07-29T11:58:00+00:00","dateModified":"2024-07-29T18:55:06+00:00","mainEntityOfPage":{"@id":"https:\/\/cj.estrategia.com\/portal\/valor-minimo-indenizatorio\/"},"wordCount":1453,"commentCount":0,"publisher":{"@id":"https:\/\/cj.estrategia.com\/portal\/#organization"},"image":{"@id":"https:\/\/cj.estrategia.com\/portal\/valor-minimo-indenizatorio\/#primaryimage"},"thumbnailUrl":"https:\/\/cj.estrategia.com\/portal\/wp-content\/uploads\/2024\/07\/24065412\/image-58.png","articleSection":["Carreiras Jur\u00eddicas","Defensoria","Delegado","Magistratura","Promotoria"],"inLanguage":"pt-BR","potentialAction":[{"@type":"CommentAction","name":"Comment","target":["https:\/\/cj.estrategia.com\/portal\/valor-minimo-indenizatorio\/#respond"]}]},{"@type":"WebPage","@id":"https:\/\/cj.estrategia.com\/portal\/valor-minimo-indenizatorio\/","url":"https:\/\/cj.estrategia.com\/portal\/valor-minimo-indenizatorio\/","name":"Valor m\u00ednimo indenizat\u00f3rio: viol\u00eancia contra a mulher (STJ)","isPartOf":{"@id":"https:\/\/cj.estrategia.com\/portal\/#website"},"primaryImageOfPage":{"@id":"https:\/\/cj.estrategia.com\/portal\/valor-minimo-indenizatorio\/#primaryimage"},"image":{"@id":"https:\/\/cj.estrategia.com\/portal\/valor-minimo-indenizatorio\/#primaryimage"},"thumbnailUrl":"https:\/\/cj.estrategia.com\/portal\/wp-content\/uploads\/2024\/07\/24065412\/image-58.png","datePublished":"2024-07-29T11:58:00+00:00","dateModified":"2024-07-29T18:55:06+00:00","description":"Hoje, vamos conhecer importante decis\u00e3o do STJ acerca da fixa\u00e7\u00e3o de valor m\u00ednimo indenizat\u00f3rio nos casos de viol\u00eancia contra a mulher.","breadcrumb":{"@id":"https:\/\/cj.estrategia.com\/portal\/valor-minimo-indenizatorio\/#breadcrumb"},"inLanguage":"pt-BR","potentialAction":[{"@type":"ReadAction","target":["https:\/\/cj.estrategia.com\/portal\/valor-minimo-indenizatorio\/"]}]},{"@type":"ImageObject","inLanguage":"pt-BR","@id":"https:\/\/cj.estrategia.com\/portal\/valor-minimo-indenizatorio\/#primaryimage","url":"https:\/\/cj.estrategia.com\/portal\/wp-content\/uploads\/2024\/07\/24065412\/image-58.png","contentUrl":"https:\/\/cj.estrategia.com\/portal\/wp-content\/uploads\/2024\/07\/24065412\/image-58.png","width":364,"height":138},{"@type":"BreadcrumbList","@id":"https:\/\/cj.estrategia.com\/portal\/valor-minimo-indenizatorio\/#breadcrumb","itemListElement":[{"@type":"ListItem","position":1,"name":"In\u00edcio","item":"https:\/\/cj.estrategia.com\/portal\/"},{"@type":"ListItem","position":2,"name":"Fixa\u00e7\u00e3o de valor m\u00ednimo indenizat\u00f3rio nos casos de viol\u00eancia contra a mulher: STJ"}]},{"@type":"WebSite","@id":"https:\/\/cj.estrategia.com\/portal\/#website","url":"https:\/\/cj.estrategia.com\/portal\/","name":"Blog - Carreiras Jur\u00eddicas - Estrat\u00e9gia","description":"","publisher":{"@id":"https:\/\/cj.estrategia.com\/portal\/#organization"},"potentialAction":[{"@type":"SearchAction","target":{"@type":"EntryPoint","urlTemplate":"https:\/\/cj.estrategia.com\/portal\/?s={search_term_string}"},"query-input":{"@type":"PropertyValueSpecification","valueRequired":true,"valueName":"search_term_string"}}],"inLanguage":"pt-BR"},{"@type":"Organization","@id":"https:\/\/cj.estrategia.com\/portal\/#organization","name":"Estrat\u00e9gia - Carreiras Jur\u00eddicas","url":"https:\/\/cj.estrategia.com\/portal\/","logo":{"@type":"ImageObject","inLanguage":"pt-BR","@id":"https:\/\/cj.estrategia.com\/portal\/#\/schema\/logo\/image\/","url":"https:\/\/cj.estrategia.com\/portal\/wp-content\/uploads\/2022\/03\/11151052\/cj-logo.png","contentUrl":"https:\/\/cj.estrategia.com\/portal\/wp-content\/uploads\/2022\/03\/11151052\/cj-logo.png","width":150,"height":39,"caption":"Estrat\u00e9gia - Carreiras Jur\u00eddicas"},"image":{"@id":"https:\/\/cj.estrategia.com\/portal\/#\/schema\/logo\/image\/"},"sameAs":["https:\/\/www.facebook.com\/estrategiacarreirajuridica\/","https:\/\/x.com\/EstratJuridica","https:\/\/www.instagram.com\/estrategiacarreirajuridica\/","https:\/\/www.youtube.com\/channel\/UClbMGuYbj2Mh1m3w144ETWQ"]},{"@type":"Person","@id":"https:\/\/cj.estrategia.com\/portal\/#\/schema\/person\/e3116c33097aaffcd61a5fe8d71846c4","name":"Heloana Vera Albuquerque","image":{"@type":"ImageObject","inLanguage":"pt-BR","@id":"https:\/\/secure.gravatar.com\/avatar\/24ae914faa49e70cf228cfa75150ff826756fa9dbbadf55254a1c17b67917d8a?s=96&d=mm&r=g","url":"https:\/\/secure.gravatar.com\/avatar\/24ae914faa49e70cf228cfa75150ff826756fa9dbbadf55254a1c17b67917d8a?s=96&d=mm&r=g","contentUrl":"https:\/\/secure.gravatar.com\/avatar\/24ae914faa49e70cf228cfa75150ff826756fa9dbbadf55254a1c17b67917d8a?s=96&d=mm&r=g","caption":"Heloana Vera Albuquerque"},"description":"Aprovada para Oficial de Justi\u00e7a Avaliador Federal, Analista Judici\u00e1rio do Tribunal de Justi\u00e7a, Analista do Minist\u00e9rio P\u00fablico, Procurador Municipal e Juiz Leigo do JEC.","award":["L\u00e1urea universit\u00e1ria no Curso de Direito"],"url":"https:\/\/cj.estrategia.com\/portal\/author\/heloana-vera-albuquerque\/"}]}},"jetpack_featured_media_url":"https:\/\/cj.estrategia.com\/portal\/wp-content\/uploads\/2024\/07\/24065412\/image-58.png","jetpack_sharing_enabled":true,"_links":{"self":[{"href":"https:\/\/cj.estrategia.com\/portal\/wp-json\/wp\/v2\/posts\/70042","targetHints":{"allow":["GET"]}}],"collection":[{"href":"https:\/\/cj.estrategia.com\/portal\/wp-json\/wp\/v2\/posts"}],"about":[{"href":"https:\/\/cj.estrategia.com\/portal\/wp-json\/wp\/v2\/types\/post"}],"author":[{"embeddable":true,"href":"https:\/\/cj.estrategia.com\/portal\/wp-json\/wp\/v2\/users\/127"}],"replies":[{"embeddable":true,"href":"https:\/\/cj.estrategia.com\/portal\/wp-json\/wp\/v2\/comments?post=70042"}],"version-history":[{"count":42,"href":"https:\/\/cj.estrategia.com\/portal\/wp-json\/wp\/v2\/posts\/70042\/revisions"}],"predecessor-version":[{"id":70689,"href":"https:\/\/cj.estrategia.com\/portal\/wp-json\/wp\/v2\/posts\/70042\/revisions\/70689"}],"wp:featuredmedia":[{"embeddable":true,"href":"https:\/\/cj.estrategia.com\/portal\/wp-json\/wp\/v2\/media\/70254"}],"wp:attachment":[{"href":"https:\/\/cj.estrategia.com\/portal\/wp-json\/wp\/v2\/media?parent=70042"}],"wp:term":[{"taxonomy":"category","embeddable":true,"href":"https:\/\/cj.estrategia.com\/portal\/wp-json\/wp\/v2\/categories?post=70042"},{"taxonomy":"post_tag","embeddable":true,"href":"https:\/\/cj.estrategia.com\/portal\/wp-json\/wp\/v2\/tags?post=70042"},{"taxonomy":"tax_estado","embeddable":true,"href":"https:\/\/cj.estrategia.com\/portal\/wp-json\/wp\/v2\/tax_estado?post=70042"}],"curies":[{"name":"wp","href":"https:\/\/api.w.org\/{rel}","templated":true}]}}