{"id":69965,"date":"2024-07-22T14:26:03","date_gmt":"2024-07-22T17:26:03","guid":{"rendered":"https:\/\/cj.estrategia.com\/portal\/?p=69965"},"modified":"2024-07-24T17:41:54","modified_gmt":"2024-07-24T20:41:54","slug":"denuncia-anonima-e-abordagem-policial","status":"publish","type":"post","link":"https:\/\/cj.estrategia.com\/portal\/denuncia-anonima-e-abordagem-policial\/","title":{"rendered":"Den\u00fancia An\u00f4nima e abordagem policial: decis\u00e3o do STJ"},"content":{"rendered":"\n<h2 class=\"wp-block-heading\" id=\"h-introducao\"><span id=\"introducao\">Introdu\u00e7\u00e3o<\/span><\/h2>\n\n\n\n<p>A legalidade das abordagens policiais fundamentadas em den\u00fancias an\u00f4nimas \u00e9 uma quest\u00e3o de grande relev\u00e2ncia no direito penal e processual penal.<\/p>\n\n\n\n<p>Recentemente, a <strong>Sexta Turma do Superior Tribunal de Justi\u00e7a<\/strong> (STJ) proferiu uma decis\u00e3o importante sobre o tema, ao validar provas obtidas atrav\u00e9s de uma busca veicular decorrente de den\u00fancia an\u00f4nima especificada.<\/p>\n\n\n\n<p>Assim, este artigo analisa os detalhes do caso e as implica\u00e7\u00f5es da decis\u00e3o.<\/p>\n\n\n\n<h2 class=\"wp-block-heading\" id=\"h-peculiaridades-do-caso\"><span id=\"peculiaridades-do-caso\">Peculiaridades do Caso<\/span><\/h2>\n\n\n\n<p>Primeiramente, para ilustrar, imagine a seguinte situa\u00e7\u00e3o:<\/p>\n\n\n\n<p class=\"has-pale-cyan-blue-background-color has-background\">A pol\u00edcia recebeu uma <strong>den\u00fancia an\u00f4nima<\/strong> indicando que um carro espec\u00edfico, com a placa detalhada na den\u00fancia, estaria transportando drogas.<\/p>\n\n\n\n<p class=\"has-pale-cyan-blue-background-color has-background\">A abordagem resultou na <strong>apreens\u00e3o <\/strong>de aproximadamente 1,2 kg de coca\u00edna, levando \u00e0 <strong>pris\u00e3o em flagrante<\/strong> dos ocupantes, que posteriormente tiveram suas pris\u00f5es convertidas em preventivas por tr\u00e1fico de drogas em concurso de agentes.<\/p>\n\n\n\n<h2 class=\"wp-block-heading\" id=\"h-decisao-de-primeira-instancia\"><span id=\"decisao-de-primeira-instancia\">Decis\u00e3o de Primeira Inst\u00e2ncia<\/span><\/h2>\n\n\n\n<p>A decis\u00e3o de primeira inst\u00e2ncia que decretou a pris\u00e3o preventiva fundamentou-se na <strong>gravidade <\/strong>da conduta. Considerou-se, assim, a <strong>grande quantidade de entorpecentes<\/strong> apreendida e o <strong>concurso de agentes<\/strong>.<\/p>\n\n\n\n<p>Al\u00e9m disso, a <strong>reincid\u00eancia <\/strong>espec\u00edfica de um dos acusados foi um fator determinante para a manuten\u00e7\u00e3o da medida cautelar, com o tribunal estadual justificando a necessidade de preservar a ordem p\u00fablica diante das circunst\u00e2ncias do crime.<\/p>\n\n\n\n<h2 id=\"pedido-de-habeas-corpus\" class=\"wp-block-heading\">Pedido de Habeas Corpus<\/h2>\n\n\n\n<p>A defesa dos acusados ingressou com habeas corpus no STJ, alegando a <strong>nulidade das provas<\/strong> obtidas. Dessa forma, a <strong>argumenta\u00e7\u00e3o <\/strong>foi que a abordagem policial baseou-se <strong>exclusivamente <\/strong>em uma den\u00fancia an\u00f4nima, o que n\u00e3o configuraria justa causa para a revista pessoal e do ve\u00edculo.<\/p>\n\n\n\n<h2 class=\"wp-block-heading\" id=\"h-e-o-que-decidiu-o-stj\"><span id=\"e-o-que-decidiu-o-stj\">E o que decidiu o STJ?<\/span><\/h2>\n\n\n\n<p>O relator do caso, desembargador convocado Jesu\u00edno Rissato, considerou <strong>v\u00e1lida <\/strong>a fundamenta\u00e7\u00e3o da <strong>pris\u00e3o preventiva<\/strong>. Assim, ele destacou as <strong>circunst\u00e2ncias do crime<\/strong> e a <strong>reitera\u00e7\u00e3o criminosa<\/strong> do acusado, o que corroborava a necessidade de cust\u00f3dia cautelar para evitar a reitera\u00e7\u00e3o delitiva.<\/p>\n\n\n\n<p>A jurisprud\u00eancia do STJ entende que a preserva\u00e7\u00e3o da ordem p\u00fablica justifica a pris\u00e3o preventiva quando h\u00e1 <strong>ind\u00edcios de periculosidade<\/strong>, como maus antecedentes e reincid\u00eancia.<\/p>\n\n\n\n<p>Quanto \u00e0 nulidade da <strong>busca veicular<\/strong>, o relator entendeu que houve <strong>fundada suspeita<\/strong> apta a justific\u00e1-la, mesmo que proveniente de den\u00fancia an\u00f4nima.<\/p>\n\n\n\n<p>Ademais, a decis\u00e3o citou <strong>precedentes <\/strong>afirmando que a den\u00fancia an\u00f4nima especificada, com informa\u00e7\u00f5es minimamente confirmadas pela investiga\u00e7\u00e3o, legitima a busca veicular.<\/p>\n\n\n\n<h2 id=\"responsabilidade-e-prerrogativas-da-abordagem-policial\" class=\"wp-block-heading\">Responsabilidade e prerrogativas da abordagem policial<\/h2>\n\n\n\n<p>Conforme a jurisprud\u00eancia do STJ, a validade da abordagem policial baseia-se na fundada suspeita gerada por elementos <strong>concretos<\/strong>.<\/p>\n\n\n\n<p>A decis\u00e3o enfatizou que a den\u00fancia an\u00f4nima especificada, quando apoiada por elementos confirmados, configura justa causa para a busca veicular, garantindo a legalidade das provas obtidas.<\/p>\n\n\n\n<div class=\"wp-block-media-text is-stacked-on-mobile\" style=\"grid-template-columns:54% auto\"><figure class=\"wp-block-media-text__media\"><img decoding=\"async\" width=\"1024\" height=\"683\" src=\"https:\/\/cj.estrategia.com\/portal\/wp-content\/uploads\/2024\/07\/22141145\/middle-aged-man-spending-time-jail-1024x683.jpg\" alt=\"den\u00fancia, cadeia, pris\u00e3o, preso\" class=\"wp-image-69971 size-full\" srcset=\"https:\/\/cj.estrategia.com\/portal\/wp-content\/uploads\/2024\/07\/22141145\/middle-aged-man-spending-time-jail-1024x683.jpg 1024w, https:\/\/cj.estrategia.com\/portal\/wp-content\/uploads\/2024\/07\/22141145\/middle-aged-man-spending-time-jail-300x200.jpg 300w, https:\/\/cj.estrategia.com\/portal\/wp-content\/uploads\/2024\/07\/22141145\/middle-aged-man-spending-time-jail-768x512.jpg 768w, https:\/\/cj.estrategia.com\/portal\/wp-content\/uploads\/2024\/07\/22141145\/middle-aged-man-spending-time-jail-1536x1024.jpg 1536w, https:\/\/cj.estrategia.com\/portal\/wp-content\/uploads\/2024\/07\/22141145\/middle-aged-man-spending-time-jail-2048x1365.jpg 2048w, https:\/\/cj.estrategia.com\/portal\/wp-content\/uploads\/2024\/07\/22141145\/middle-aged-man-spending-time-jail-380x253.jpg 380w, https:\/\/cj.estrategia.com\/portal\/wp-content\/uploads\/2024\/07\/22141145\/middle-aged-man-spending-time-jail-800x533.jpg 800w, https:\/\/cj.estrategia.com\/portal\/wp-content\/uploads\/2024\/07\/22141145\/middle-aged-man-spending-time-jail-1160x773.jpg 1160w, https:\/\/cj.estrategia.com\/portal\/wp-content\/uploads\/2024\/07\/22141145\/middle-aged-man-spending-time-jail-150x100.jpg 150w, https:\/\/cj.estrategia.com\/portal\/wp-content\/uploads\/2024\/07\/22141145\/middle-aged-man-spending-time-jail-scaled.jpg 2560w\" sizes=\"(max-width: 1024px) 100vw, 1024px\" \/><\/figure><div class=\"wp-block-media-text__content\">\n<p>No caso espec\u00edfico analisado, o STJ <strong>negou o pedido de habeas corpus<\/strong>, mantendo a pris\u00e3o preventiva dos acusados.<\/p>\n<\/div><\/div>\n\n\n\n<p>A decis\u00e3o foi fundamentada na grande quantidade de drogas apreendida e na reincid\u00eancia dos acusados, justificando a necessidade de manter a ordem p\u00fablica. A <strong>busca veicular<\/strong> foi considerada <strong>leg\u00edtima<\/strong>, uma vez que a den\u00fancia an\u00f4nima foi confirmada por elementos concretos durante a investiga\u00e7\u00e3o policial.<\/p>\n\n\n\n<p>A decis\u00e3o do STJ refor\u00e7a a <strong>import\u00e2ncia da investiga\u00e7\u00e3o policial criteriosa<\/strong> e da confirma\u00e7\u00e3o de elementos concretos ao lidar com den\u00fancias an\u00f4nimas.<\/p>\n\n\n\n<p>A jurisprud\u00eancia consolidada do tribunal ressalta que a <strong>preserva\u00e7\u00e3o da ordem p\u00fablica<\/strong> e a <strong>preven\u00e7\u00e3o da reitera\u00e7\u00e3o criminosa<\/strong> s\u00e3o fundamentos v\u00e1lidos para a decreta\u00e7\u00e3o de pris\u00e3o preventiva e para a realiza\u00e7\u00e3o de buscas veiculares.<\/p>\n\n\n\n<h2 id=\"outros-julgados-importantes-do-stf-e-do-stj\" class=\"wp-block-heading\">Outros julgados importantes do STF e do STJ<\/h2>\n\n\n\n<h3 class=\"wp-block-heading\" id=\"h-1-ingresso-em-domicilio-com-consentimento-do-morador\"><span id=\"1-ingresso-em-domicilio-com-consentimento-do-morador\">1. Ingresso em domic\u00edlio com consentimento do morador<\/span><\/h3>\n\n\n\n<p>A Sexta Turma do STJ determinou que o consentimento do morador para a entrada de agentes estatais em sua resid\u00eancia deve ser <strong>volunt\u00e1rio e livre de coa\u00e7\u00e3o<\/strong>. Em caso de d\u00favida, a prova da legalidade e voluntariedade do consentimento incumbe ao <strong>Estado<\/strong>, devendo ter registro em \u00e1udio-v\u00eddeo e sua preserva\u00e7\u00e3o enquanto durar o processo.<\/p>\n\n\n\n<ul class=\"wp-block-list\">\n<li><strong>Fundamenta\u00e7\u00e3o<\/strong>: No julgamento do AgRg no HC 821.494, a corte declarou <strong>nulas as provas<\/strong> obtidas<strong> sem o consentimento livre e inequ\u00edvoco do morador<\/strong>, configurando viola\u00e7\u00e3o da inviolabilidade do domic\u00edlio (Info 800)\u200b\u200b.<\/li>\n<\/ul>\n\n\n\n<h3 class=\"wp-block-heading\" id=\"h-2-fundada-suspeita-e-busca-pessoal-em-via-publica\"><span id=\"2-fundada-suspeita-e-busca-pessoal-em-via-publica\">2. Fundada suspeita e busca pessoal em via p\u00fablica<\/span><\/h3>\n\n\n\n<p>A tentativa de se esquivar da guarni\u00e7\u00e3o policial pode evidenciar fundada suspeita de que o agente oculta objetos il\u00edcitos, justificando a busca pessoal em via p\u00fablica. No entanto, a simples den\u00fancia an\u00f4nima ou impress\u00f5es subjetivas <strong>n\u00e3o s\u00e3o suficientes<\/strong> para caracterizar fundada suspeita.<\/p>\n\n\n\n<ul class=\"wp-block-list\">\n<li><strong>Fundamenta\u00e7\u00e3o<\/strong>: No caso do HC 889.618-MG, o STJ decidiu que a fuga do suspeito ao avistar policiais legitima a busca pessoal, corroborada pela apreens\u00e3o de drogas (Info 810)\u200b.<\/li>\n<\/ul>\n\n\n\n<h3 class=\"wp-block-heading\" id=\"h-3-inspecao-de-seguranca-em-bagagens\"><span id=\"3-inspecao-de-seguranca-em-bagagens\">3. Inspe\u00e7\u00e3o de seguran\u00e7a em bagagens<\/span><\/h3>\n\n\n\n<p>A inspe\u00e7\u00e3o de seguran\u00e7a nas bagagens dos passageiros de \u00f4nibus, realizada pela Pol\u00edcia Rodovi\u00e1ria Federal, tem natureza <strong>administrativa <\/strong>e <strong>n\u00e3o requer fundada suspeita<\/strong>. Esta inspe\u00e7\u00e3o visa garantir a integridade f\u00edsica dos usu\u00e1rios e a seguran\u00e7a dos servi\u00e7os e instala\u00e7\u00f5es.<\/p>\n\n\n\n<ul class=\"wp-block-list\">\n<li><strong>Fundamenta\u00e7\u00e3o<\/strong>: No julgamento do HC 625.274-SP, o STJ afirmou que a busca realizada em contexto de <strong>fiscaliza\u00e7\u00e3o de rotina<\/strong> \u00e9 <strong>legal<\/strong>, mesmo na aus\u00eancia de fundada suspeita (Info 796)\u200b\u200b.<\/li>\n<\/ul>\n\n\n\n<h3 class=\"wp-block-heading\" id=\"h-4-atitude-suspeita-e-ingresso-em-domicilio-sem-mandado\"><span id=\"4-atitude-suspeita-e-ingresso-em-domicilio-sem-mandado\">4. Atitude suspeita e ingresso em domic\u00edlio sem mandado<\/span><\/h3>\n\n\n\n<p>O STF decidiu que o ato de um indiv\u00edduo correr para dentro de sua casa ao avistar uma ronda policial pode ser considerado como <strong>atitude suspeita<\/strong>, autorizando o ingresso dos policiais na resid\u00eancia mesmo sem autoriza\u00e7\u00e3o ou ordem judicial. Este entendimento se aplica principalmente em casos de crimes de natureza permanente, como o<strong> tr\u00e1fico de drogas<\/strong>.<\/p>\n\n\n\n<ul class=\"wp-block-list\">\n<li><strong>Fundamenta\u00e7\u00e3o<\/strong>: No julgamento do HC 169.788\/SP, o STF entendeu que, em situa\u00e7\u00f5es onde h\u00e1 fundadas raz\u00f5es para crer que ocorre um flagrante delito, como no caso de tr\u00e1fico de drogas, a entrada for\u00e7ada no domic\u00edlio \u00e9 <strong>justificada<\/strong>. O Ministro Alexandre de Moraes destacou que o <strong>comportamento suspeito<\/strong>, como a fuga ao avistar a viatura, justifica a medida (Info 1126)\u200b\u200b.<\/li>\n<\/ul>\n\n\n\n<h3 class=\"wp-block-heading\" id=\"h-5-casos-em-que-a-busca-e-considerada-ilicita\"><span id=\"5-casos-em-que-a-busca-e-considerada-ilicita\">5. Casos em que a busca \u00e9 considerada il\u00edcita<\/span><\/h3>\n\n\n\n<p>\u00c9 importante destacar situa\u00e7\u00f5es em que o STJ considerou <strong>il\u00edcita <\/strong>a entrada e a busca, mesmo diante de den\u00fancias an\u00f4nimas ou comportamentos suspeitos:<\/p>\n\n\n\n<ul class=\"wp-block-list\">\n<li><strong>Den\u00fancia an\u00f4nima isolada<\/strong>: N\u00e3o autoriza a busca (STJ, HC 512.418).<\/li>\n\n\n\n<li><strong>Fuga com ve\u00edculo ap\u00f3s desobedecer blitz<\/strong>: N\u00e3o autoriza a busca e apreens\u00e3o na casa da pessoa (STJ, HC 561.360).<\/li>\n\n\n\n<li><strong>Cheiro de droga sentido por c\u00e3o farejador<\/strong>: N\u00e3o autoriza a busca (STJ, HC 566.818).<\/li>\n<\/ul>\n\n\n\n<h2 class=\"wp-block-heading\" id=\"h-como-o-tema-ja-caiu-em-concursos\"><span id=\"como-o-tema-ja-caiu-em-concursos\">Como o tema j\u00e1 caiu em concursos<\/span><\/h2>\n\n\n\n<pre class=\"wp-block-preformatted\"><strong>(CESPE\/CEBRASPE - 2024 - Prefeitura de Cachoeiro de Itapemirim - ES - Procurador)<\/strong> Delegacia de pol\u00edcia do munic\u00edpio X recebeu den\u00fancia an\u00f4nima de poss\u00edvel desvio de verbas p\u00fablicas por servidores p\u00fablicos municipais que estariam envolvidos em esquema de corrup\u00e7\u00e3o para desviar, para benef\u00edcio pessoal, fundos destinados a projetos de infraestrutura. A partir dessa situa\u00e7\u00e3o hipot\u00e9tica, julgue o item que se segue. A den\u00fancia an\u00f4nima \u00e9 elemento suficiente para o deferimento de mandado de busca e apreens\u00e3o contra os servidores citados na den\u00fancia an\u00f4nima <strong>(Errado)<\/strong><\/pre>\n\n\n\n<h2 class=\"wp-block-heading\" id=\"h-conclusao\"><span id=\"conclusao\">Conclus\u00e3o<\/span><\/h2>\n\n\n\n<p>A decis\u00e3o do STJ no caso do <strong>habeas corpus n\u00ba 825.690<\/strong> reafirma a legitimidade das a\u00e7\u00f5es policiais baseadas em den\u00fancias an\u00f4nimas especificadas.<\/p>\n\n\n\n<p>Esse entendimento jurisprudencial garante a <strong>legalidade das provas obtidas<\/strong> e <strong>fortalece a atua\u00e7\u00e3o policial<\/strong> na preven\u00e7\u00e3o e combate ao crime.<\/p>\n\n\n\n<p>Por fim, a an\u00e1lise detalhada dos elementos do caso demonstra a necessidade de equil\u00edbrio entre os direitos individuais e a seguran\u00e7a p\u00fablica, assegurando a justi\u00e7a e a ordem na sociedade.<\/p>\n\n\n\n<hr class=\"wp-block-separator has-alpha-channel-opacity\"\/>\n\n\n\n<h2 class=\"wp-block-heading has-text-align-center\" id=\"h-quer-saber-quais-serao-os-proximos-concursos\"><span id=\"quer-saber-quais-serao-os-proximos-concursos\">Quer saber quais ser\u00e3o os pr\u00f3ximos concursos?<\/span><\/h2>\n\n\n\n<p class=\"has-text-align-center\">Confira nossos\u00a0<a href=\"https:\/\/cj.estrategia.com\/portal\/\" target=\"_blank\" >artigos para Carreiras Jur\u00eddicas<\/a>!<\/p>\n\n\n\n<p class=\"has-text-align-center has-white-color has-pale-cyan-blue-background-color has-text-color has-background has-link-color wp-elements-f3d5123bb0c8e11604d0c8c7f1ea8be8\"><a href=\"https:\/\/www.estrategiaconcursos.com.br\/blog\/concursos-abertos\/\" target=\"_blank\" >Confira os concursos p\u00fablicos abertos<\/a><\/p>\n\n\n\n<p class=\"has-text-align-center has-white-color has-pale-cyan-blue-background-color has-text-color has-background has-link-color wp-elements-94f2aad2f2b05ea3152ac5320a17d121\"><a href=\"https:\/\/cj.estrategia.com\/portal\/web-stories\/\" target=\"_blank\" >Concursos 2024<\/a><\/p>\n","protected":false},"excerpt":{"rendered":"Introdu\u00e7\u00e3o A legalidade das abordagens policiais fundamentadas em den\u00fancias an\u00f4nimas \u00e9 uma quest\u00e3o de grande relev\u00e2ncia no direito&hellip;\n","protected":false},"author":93,"featured_media":69982,"comment_status":"open","ping_status":"open","sticky":false,"template":"","format":"standard","meta":{"_jetpack_memberships_contains_paid_content":false,"footnotes":""},"categories":[1],"tags":[239,326,325,297,327,202],"tax_estado":[30,31,32,33,34,35,37,38,39,40,41,42,43,44,45,46,47,48,49,50,51,52,53,54,55,56,57],"class_list":{"0":"post-69965","1":"post","2":"type-post","3":"status-publish","4":"format-standard","5":"has-post-thumbnail","7":"category-carreiras-juridicas","8":"tag-abordagem-policial","9":"tag-busca-veicular","10":"tag-denuncia-anonima","11":"tag-habeas-corpus","12":"tag-precedentes","13":"tag-stj","14":"tax_estado-ac","15":"tax_estado-al","16":"tax_estado-am","17":"tax_estado-ap","18":"tax_estado-ba","19":"tax_estado-ce","20":"tax_estado-df","21":"tax_estado-es","22":"tax_estado-go","23":"tax_estado-ma","24":"tax_estado-mg","25":"tax_estado-ms","26":"tax_estado-mt","27":"tax_estado-pa","28":"tax_estado-pb","29":"tax_estado-pe","30":"tax_estado-pi","31":"tax_estado-pr","32":"tax_estado-rj","33":"tax_estado-rn","34":"tax_estado-ro","35":"tax_estado-rr","36":"tax_estado-rs","37":"tax_estado-sc","38":"tax_estado-se","39":"tax_estado-sp","40":"tax_estado-to"},"acf":[],"yoast_head":"<!-- This site is optimized with the Yoast SEO Premium plugin v27.5 (Yoast SEO v27.5) - https:\/\/yoast.com\/product\/yoast-seo-premium-wordpress\/ -->\n<title>Den\u00fancia An\u00f4nima e abordagem policial: decis\u00e3o do STJ<\/title>\n<meta name=\"description\" content=\"Recentemente, o STJ decidiu validar provas obtidas atrav\u00e9s de uma busca veicular decorrente de den\u00fancia an\u00f4nima especificada.\" \/>\n<meta name=\"robots\" content=\"index, follow, max-snippet:-1, max-image-preview:large, max-video-preview:-1\" \/>\n<link rel=\"canonical\" href=\"https:\/\/cj.estrategia.com\/portal\/denuncia-anonima-e-abordagem-policial\/\" \/>\n<meta property=\"og:locale\" content=\"pt_BR\" \/>\n<meta property=\"og:type\" content=\"article\" \/>\n<meta property=\"og:title\" content=\"Den\u00fancia An\u00f4nima e abordagem policial: decis\u00e3o do STJ\" \/>\n<meta property=\"og:description\" content=\"Recentemente, o STJ decidiu validar provas obtidas atrav\u00e9s de uma busca veicular decorrente de den\u00fancia an\u00f4nima especificada.\" \/>\n<meta property=\"og:url\" content=\"https:\/\/cj.estrategia.com\/portal\/denuncia-anonima-e-abordagem-policial\/\" \/>\n<meta property=\"og:site_name\" content=\"Blog - Carreiras Jur\u00eddicas - Estrat\u00e9gia\" \/>\n<meta property=\"article:publisher\" content=\"https:\/\/www.facebook.com\/estrategiacarreirajuridica\/\" \/>\n<meta property=\"article:published_time\" content=\"2024-07-22T17:26:03+00:00\" \/>\n<meta property=\"article:modified_time\" content=\"2024-07-24T20:41:54+00:00\" \/>\n<meta property=\"og:image\" content=\"https:\/\/cj.estrategia.com\/portal\/wp-content\/uploads\/2024\/07\/22141752\/closeup-view-brown-wooden-mallet-judge-scaled.jpg\" \/>\n\t<meta property=\"og:image:width\" content=\"2560\" \/>\n\t<meta property=\"og:image:height\" content=\"1707\" \/>\n\t<meta property=\"og:image:type\" content=\"image\/jpeg\" \/>\n<meta name=\"author\" content=\"Felipe Duque\" \/>\n<meta name=\"twitter:card\" content=\"summary_large_image\" \/>\n<meta name=\"twitter:creator\" content=\"@https:\/\/x.com\/ProfessorDuque\" \/>\n<meta name=\"twitter:site\" content=\"@EstratJuridica\" \/>\n<meta name=\"twitter:label1\" content=\"Escrito por\" \/>\n\t<meta name=\"twitter:data1\" content=\"Felipe Duque\" \/>\n\t<meta name=\"twitter:label2\" content=\"Est. tempo de leitura\" \/>\n\t<meta name=\"twitter:data2\" content=\"7 minutos\" \/>\n<script type=\"application\/ld+json\" class=\"yoast-schema-graph\">{\"@context\":\"https:\\\/\\\/schema.org\",\"@graph\":[{\"@type\":\"NewsArticle\",\"@id\":\"https:\\\/\\\/cj.estrategia.com\\\/portal\\\/denuncia-anonima-e-abordagem-policial\\\/#article\",\"isPartOf\":{\"@id\":\"https:\\\/\\\/cj.estrategia.com\\\/portal\\\/denuncia-anonima-e-abordagem-policial\\\/\"},\"author\":{\"name\":\"Felipe Duque\",\"@id\":\"https:\\\/\\\/cj.estrategia.com\\\/portal\\\/#\\\/schema\\\/person\\\/b5b0253b269d7130d1f7770b1ba29285\"},\"headline\":\"Den\u00fancia An\u00f4nima e abordagem policial: decis\u00e3o do STJ\",\"datePublished\":\"2024-07-22T17:26:03+00:00\",\"dateModified\":\"2024-07-24T20:41:54+00:00\",\"mainEntityOfPage\":{\"@id\":\"https:\\\/\\\/cj.estrategia.com\\\/portal\\\/denuncia-anonima-e-abordagem-policial\\\/\"},\"wordCount\":1241,\"commentCount\":0,\"publisher\":{\"@id\":\"https:\\\/\\\/cj.estrategia.com\\\/portal\\\/#organization\"},\"image\":{\"@id\":\"https:\\\/\\\/cj.estrategia.com\\\/portal\\\/denuncia-anonima-e-abordagem-policial\\\/#primaryimage\"},\"thumbnailUrl\":\"https:\\\/\\\/cj.estrategia.com\\\/portal\\\/wp-content\\\/uploads\\\/2024\\\/07\\\/22141752\\\/closeup-view-brown-wooden-mallet-judge-scaled.jpg\",\"keywords\":[\"abordagem policial\",\"busca veicular\",\"den\u00fancia an\u00f4nima\",\"habeas corpus\",\"precedentes\",\"STJ\"],\"articleSection\":[\"Carreiras Jur\u00eddicas\"],\"inLanguage\":\"pt-BR\",\"potentialAction\":[{\"@type\":\"CommentAction\",\"name\":\"Comment\",\"target\":[\"https:\\\/\\\/cj.estrategia.com\\\/portal\\\/denuncia-anonima-e-abordagem-policial\\\/#respond\"]}]},{\"@type\":\"WebPage\",\"@id\":\"https:\\\/\\\/cj.estrategia.com\\\/portal\\\/denuncia-anonima-e-abordagem-policial\\\/\",\"url\":\"https:\\\/\\\/cj.estrategia.com\\\/portal\\\/denuncia-anonima-e-abordagem-policial\\\/\",\"name\":\"Den\u00fancia An\u00f4nima e abordagem policial: decis\u00e3o do STJ\",\"isPartOf\":{\"@id\":\"https:\\\/\\\/cj.estrategia.com\\\/portal\\\/#website\"},\"primaryImageOfPage\":{\"@id\":\"https:\\\/\\\/cj.estrategia.com\\\/portal\\\/denuncia-anonima-e-abordagem-policial\\\/#primaryimage\"},\"image\":{\"@id\":\"https:\\\/\\\/cj.estrategia.com\\\/portal\\\/denuncia-anonima-e-abordagem-policial\\\/#primaryimage\"},\"thumbnailUrl\":\"https:\\\/\\\/cj.estrategia.com\\\/portal\\\/wp-content\\\/uploads\\\/2024\\\/07\\\/22141752\\\/closeup-view-brown-wooden-mallet-judge-scaled.jpg\",\"datePublished\":\"2024-07-22T17:26:03+00:00\",\"dateModified\":\"2024-07-24T20:41:54+00:00\",\"description\":\"Recentemente, o STJ decidiu validar provas obtidas atrav\u00e9s de uma busca veicular decorrente de den\u00fancia an\u00f4nima especificada.\",\"breadcrumb\":{\"@id\":\"https:\\\/\\\/cj.estrategia.com\\\/portal\\\/denuncia-anonima-e-abordagem-policial\\\/#breadcrumb\"},\"inLanguage\":\"pt-BR\",\"potentialAction\":[{\"@type\":\"ReadAction\",\"target\":[\"https:\\\/\\\/cj.estrategia.com\\\/portal\\\/denuncia-anonima-e-abordagem-policial\\\/\"]}]},{\"@type\":\"ImageObject\",\"inLanguage\":\"pt-BR\",\"@id\":\"https:\\\/\\\/cj.estrategia.com\\\/portal\\\/denuncia-anonima-e-abordagem-policial\\\/#primaryimage\",\"url\":\"https:\\\/\\\/cj.estrategia.com\\\/portal\\\/wp-content\\\/uploads\\\/2024\\\/07\\\/22141752\\\/closeup-view-brown-wooden-mallet-judge-scaled.jpg\",\"contentUrl\":\"https:\\\/\\\/cj.estrategia.com\\\/portal\\\/wp-content\\\/uploads\\\/2024\\\/07\\\/22141752\\\/closeup-view-brown-wooden-mallet-judge-scaled.jpg\",\"width\":2560,\"height\":1707,\"caption\":\"algema, tribunal, STJ\"},{\"@type\":\"BreadcrumbList\",\"@id\":\"https:\\\/\\\/cj.estrategia.com\\\/portal\\\/denuncia-anonima-e-abordagem-policial\\\/#breadcrumb\",\"itemListElement\":[{\"@type\":\"ListItem\",\"position\":1,\"name\":\"In\u00edcio\",\"item\":\"https:\\\/\\\/cj.estrategia.com\\\/portal\\\/\"},{\"@type\":\"ListItem\",\"position\":2,\"name\":\"Den\u00fancia An\u00f4nima e abordagem policial: decis\u00e3o do STJ\"}]},{\"@type\":\"WebSite\",\"@id\":\"https:\\\/\\\/cj.estrategia.com\\\/portal\\\/#website\",\"url\":\"https:\\\/\\\/cj.estrategia.com\\\/portal\\\/\",\"name\":\"Blog - Carreiras Jur\u00eddicas - Estrat\u00e9gia\",\"description\":\"\",\"publisher\":{\"@id\":\"https:\\\/\\\/cj.estrategia.com\\\/portal\\\/#organization\"},\"potentialAction\":[{\"@type\":\"SearchAction\",\"target\":{\"@type\":\"EntryPoint\",\"urlTemplate\":\"https:\\\/\\\/cj.estrategia.com\\\/portal\\\/?s={search_term_string}\"},\"query-input\":{\"@type\":\"PropertyValueSpecification\",\"valueRequired\":true,\"valueName\":\"search_term_string\"}}],\"inLanguage\":\"pt-BR\"},{\"@type\":\"Organization\",\"@id\":\"https:\\\/\\\/cj.estrategia.com\\\/portal\\\/#organization\",\"name\":\"Estrat\u00e9gia - Carreiras Jur\u00eddicas\",\"url\":\"https:\\\/\\\/cj.estrategia.com\\\/portal\\\/\",\"logo\":{\"@type\":\"ImageObject\",\"inLanguage\":\"pt-BR\",\"@id\":\"https:\\\/\\\/cj.estrategia.com\\\/portal\\\/#\\\/schema\\\/logo\\\/image\\\/\",\"url\":\"https:\\\/\\\/cj.estrategia.com\\\/portal\\\/wp-content\\\/uploads\\\/2022\\\/03\\\/11151052\\\/cj-logo.png\",\"contentUrl\":\"https:\\\/\\\/cj.estrategia.com\\\/portal\\\/wp-content\\\/uploads\\\/2022\\\/03\\\/11151052\\\/cj-logo.png\",\"width\":150,\"height\":39,\"caption\":\"Estrat\u00e9gia - Carreiras Jur\u00eddicas\"},\"image\":{\"@id\":\"https:\\\/\\\/cj.estrategia.com\\\/portal\\\/#\\\/schema\\\/logo\\\/image\\\/\"},\"sameAs\":[\"https:\\\/\\\/www.facebook.com\\\/estrategiacarreirajuridica\\\/\",\"https:\\\/\\\/x.com\\\/EstratJuridica\",\"https:\\\/\\\/www.instagram.com\\\/estrategiacarreirajuridica\\\/\",\"https:\\\/\\\/www.youtube.com\\\/channel\\\/UClbMGuYbj2Mh1m3w144ETWQ\"]},{\"@type\":\"Person\",\"@id\":\"https:\\\/\\\/cj.estrategia.com\\\/portal\\\/#\\\/schema\\\/person\\\/b5b0253b269d7130d1f7770b1ba29285\",\"name\":\"Felipe Duque\",\"image\":{\"@type\":\"ImageObject\",\"inLanguage\":\"pt-BR\",\"@id\":\"https:\\\/\\\/cj.estrategia.com\\\/portal\\\/wp-content\\\/uploads\\\/2024\\\/08\\\/06162009\\\/Captura-de-Tela-2024-08-06-as-16.19.26-96x96.png\",\"url\":\"https:\\\/\\\/cj.estrategia.com\\\/portal\\\/wp-content\\\/uploads\\\/2024\\\/08\\\/06162009\\\/Captura-de-Tela-2024-08-06-as-16.19.26-96x96.png\",\"contentUrl\":\"https:\\\/\\\/cj.estrategia.com\\\/portal\\\/wp-content\\\/uploads\\\/2024\\\/08\\\/06162009\\\/Captura-de-Tela-2024-08-06-as-16.19.26-96x96.png\",\"caption\":\"Felipe Duque\"},\"description\":\"Felipe Duque - Mestre em Direito Pol\u00edtico e Econ\u00f4mico na Mackenzie-SP. Graduado em Direito pela Universidade Cat\u00f3lica de Pernambuco, com conclus\u00e3o pelo regime de Aproveitamento Extraordin\u00e1rio nos Estudos (art. 47, \u00a7 2\u00ba, da Lei n\u00ba 9.394\\\/96). Ex-Assessor de Desembargador no TJPE. Procurador da Fazenda Nacional. Integra voluntariamente a Coordena\u00e7\u00e3o de Assuntos Estrat\u00e9gicos Judiciais da PGFN. Professor do Estrat\u00e9gia Carreira Jur\u00eddica, Estrat\u00e9gia OAB e Buscador Dizer o Direito. Autor do livro \u201cReforma Tribut\u00e1ria Comentada e Esquematizada\u201d, \\\"Manual de Processo Tribut\u00e1rio: Administrativo e Judicial\\\" pela editora Juspodivm Parecerista na Revista de Estudos Jur\u00eddicos do Superior Tribunal de Justi\u00e7a (REJuriSTJ)\",\"sameAs\":[\"http:\\\/\\\/lattes.cnpq.br\\\/5755137268084324\",\"https:\\\/\\\/www.instagram.com\\\/felipe_duque\\\/\",\"https:\\\/\\\/br.linkedin.com\\\/in\\\/felipe-duque-56954638\",\"https:\\\/\\\/x.com\\\/https:\\\/\\\/x.com\\\/ProfessorDuque\",\"https:\\\/\\\/www.youtube.com\\\/@felipeduque-experienciasco5797\"],\"url\":\"https:\\\/\\\/cj.estrategia.com\\\/portal\\\/author\\\/felipe-duque\\\/\"}]}<\/script>\n<!-- \/ Yoast SEO Premium plugin. -->","yoast_head_json":{"title":"Den\u00fancia An\u00f4nima e abordagem policial: decis\u00e3o do STJ","description":"Recentemente, o STJ decidiu validar provas obtidas atrav\u00e9s de uma busca veicular decorrente de den\u00fancia an\u00f4nima especificada.","robots":{"index":"index","follow":"follow","max-snippet":"max-snippet:-1","max-image-preview":"max-image-preview:large","max-video-preview":"max-video-preview:-1"},"canonical":"https:\/\/cj.estrategia.com\/portal\/denuncia-anonima-e-abordagem-policial\/","og_locale":"pt_BR","og_type":"article","og_title":"Den\u00fancia An\u00f4nima e abordagem policial: decis\u00e3o do STJ","og_description":"Recentemente, o STJ decidiu validar provas obtidas atrav\u00e9s de uma busca veicular decorrente de den\u00fancia an\u00f4nima especificada.","og_url":"https:\/\/cj.estrategia.com\/portal\/denuncia-anonima-e-abordagem-policial\/","og_site_name":"Blog - Carreiras Jur\u00eddicas - Estrat\u00e9gia","article_publisher":"https:\/\/www.facebook.com\/estrategiacarreirajuridica\/","article_published_time":"2024-07-22T17:26:03+00:00","article_modified_time":"2024-07-24T20:41:54+00:00","og_image":[{"width":2560,"height":1707,"url":"https:\/\/cj.estrategia.com\/portal\/wp-content\/uploads\/2024\/07\/22141752\/closeup-view-brown-wooden-mallet-judge-scaled.jpg","type":"image\/jpeg"}],"author":"Felipe Duque","twitter_card":"summary_large_image","twitter_creator":"@https:\/\/x.com\/ProfessorDuque","twitter_site":"@EstratJuridica","twitter_misc":{"Escrito por":"Felipe Duque","Est. tempo de leitura":"7 minutos"},"schema":{"@context":"https:\/\/schema.org","@graph":[{"@type":"NewsArticle","@id":"https:\/\/cj.estrategia.com\/portal\/denuncia-anonima-e-abordagem-policial\/#article","isPartOf":{"@id":"https:\/\/cj.estrategia.com\/portal\/denuncia-anonima-e-abordagem-policial\/"},"author":{"name":"Felipe Duque","@id":"https:\/\/cj.estrategia.com\/portal\/#\/schema\/person\/b5b0253b269d7130d1f7770b1ba29285"},"headline":"Den\u00fancia An\u00f4nima e abordagem policial: decis\u00e3o do STJ","datePublished":"2024-07-22T17:26:03+00:00","dateModified":"2024-07-24T20:41:54+00:00","mainEntityOfPage":{"@id":"https:\/\/cj.estrategia.com\/portal\/denuncia-anonima-e-abordagem-policial\/"},"wordCount":1241,"commentCount":0,"publisher":{"@id":"https:\/\/cj.estrategia.com\/portal\/#organization"},"image":{"@id":"https:\/\/cj.estrategia.com\/portal\/denuncia-anonima-e-abordagem-policial\/#primaryimage"},"thumbnailUrl":"https:\/\/cj.estrategia.com\/portal\/wp-content\/uploads\/2024\/07\/22141752\/closeup-view-brown-wooden-mallet-judge-scaled.jpg","keywords":["abordagem policial","busca veicular","den\u00fancia an\u00f4nima","habeas corpus","precedentes","STJ"],"articleSection":["Carreiras Jur\u00eddicas"],"inLanguage":"pt-BR","potentialAction":[{"@type":"CommentAction","name":"Comment","target":["https:\/\/cj.estrategia.com\/portal\/denuncia-anonima-e-abordagem-policial\/#respond"]}]},{"@type":"WebPage","@id":"https:\/\/cj.estrategia.com\/portal\/denuncia-anonima-e-abordagem-policial\/","url":"https:\/\/cj.estrategia.com\/portal\/denuncia-anonima-e-abordagem-policial\/","name":"Den\u00fancia An\u00f4nima e abordagem policial: decis\u00e3o do STJ","isPartOf":{"@id":"https:\/\/cj.estrategia.com\/portal\/#website"},"primaryImageOfPage":{"@id":"https:\/\/cj.estrategia.com\/portal\/denuncia-anonima-e-abordagem-policial\/#primaryimage"},"image":{"@id":"https:\/\/cj.estrategia.com\/portal\/denuncia-anonima-e-abordagem-policial\/#primaryimage"},"thumbnailUrl":"https:\/\/cj.estrategia.com\/portal\/wp-content\/uploads\/2024\/07\/22141752\/closeup-view-brown-wooden-mallet-judge-scaled.jpg","datePublished":"2024-07-22T17:26:03+00:00","dateModified":"2024-07-24T20:41:54+00:00","description":"Recentemente, o STJ decidiu validar provas obtidas atrav\u00e9s de uma busca veicular decorrente de den\u00fancia an\u00f4nima especificada.","breadcrumb":{"@id":"https:\/\/cj.estrategia.com\/portal\/denuncia-anonima-e-abordagem-policial\/#breadcrumb"},"inLanguage":"pt-BR","potentialAction":[{"@type":"ReadAction","target":["https:\/\/cj.estrategia.com\/portal\/denuncia-anonima-e-abordagem-policial\/"]}]},{"@type":"ImageObject","inLanguage":"pt-BR","@id":"https:\/\/cj.estrategia.com\/portal\/denuncia-anonima-e-abordagem-policial\/#primaryimage","url":"https:\/\/cj.estrategia.com\/portal\/wp-content\/uploads\/2024\/07\/22141752\/closeup-view-brown-wooden-mallet-judge-scaled.jpg","contentUrl":"https:\/\/cj.estrategia.com\/portal\/wp-content\/uploads\/2024\/07\/22141752\/closeup-view-brown-wooden-mallet-judge-scaled.jpg","width":2560,"height":1707,"caption":"algema, tribunal, STJ"},{"@type":"BreadcrumbList","@id":"https:\/\/cj.estrategia.com\/portal\/denuncia-anonima-e-abordagem-policial\/#breadcrumb","itemListElement":[{"@type":"ListItem","position":1,"name":"In\u00edcio","item":"https:\/\/cj.estrategia.com\/portal\/"},{"@type":"ListItem","position":2,"name":"Den\u00fancia An\u00f4nima e abordagem policial: decis\u00e3o do STJ"}]},{"@type":"WebSite","@id":"https:\/\/cj.estrategia.com\/portal\/#website","url":"https:\/\/cj.estrategia.com\/portal\/","name":"Blog - Carreiras Jur\u00eddicas - Estrat\u00e9gia","description":"","publisher":{"@id":"https:\/\/cj.estrategia.com\/portal\/#organization"},"potentialAction":[{"@type":"SearchAction","target":{"@type":"EntryPoint","urlTemplate":"https:\/\/cj.estrategia.com\/portal\/?s={search_term_string}"},"query-input":{"@type":"PropertyValueSpecification","valueRequired":true,"valueName":"search_term_string"}}],"inLanguage":"pt-BR"},{"@type":"Organization","@id":"https:\/\/cj.estrategia.com\/portal\/#organization","name":"Estrat\u00e9gia - Carreiras Jur\u00eddicas","url":"https:\/\/cj.estrategia.com\/portal\/","logo":{"@type":"ImageObject","inLanguage":"pt-BR","@id":"https:\/\/cj.estrategia.com\/portal\/#\/schema\/logo\/image\/","url":"https:\/\/cj.estrategia.com\/portal\/wp-content\/uploads\/2022\/03\/11151052\/cj-logo.png","contentUrl":"https:\/\/cj.estrategia.com\/portal\/wp-content\/uploads\/2022\/03\/11151052\/cj-logo.png","width":150,"height":39,"caption":"Estrat\u00e9gia - Carreiras Jur\u00eddicas"},"image":{"@id":"https:\/\/cj.estrategia.com\/portal\/#\/schema\/logo\/image\/"},"sameAs":["https:\/\/www.facebook.com\/estrategiacarreirajuridica\/","https:\/\/x.com\/EstratJuridica","https:\/\/www.instagram.com\/estrategiacarreirajuridica\/","https:\/\/www.youtube.com\/channel\/UClbMGuYbj2Mh1m3w144ETWQ"]},{"@type":"Person","@id":"https:\/\/cj.estrategia.com\/portal\/#\/schema\/person\/b5b0253b269d7130d1f7770b1ba29285","name":"Felipe Duque","image":{"@type":"ImageObject","inLanguage":"pt-BR","@id":"https:\/\/cj.estrategia.com\/portal\/wp-content\/uploads\/2024\/08\/06162009\/Captura-de-Tela-2024-08-06-as-16.19.26-96x96.png","url":"https:\/\/cj.estrategia.com\/portal\/wp-content\/uploads\/2024\/08\/06162009\/Captura-de-Tela-2024-08-06-as-16.19.26-96x96.png","contentUrl":"https:\/\/cj.estrategia.com\/portal\/wp-content\/uploads\/2024\/08\/06162009\/Captura-de-Tela-2024-08-06-as-16.19.26-96x96.png","caption":"Felipe Duque"},"description":"Felipe Duque - Mestre em Direito Pol\u00edtico e Econ\u00f4mico na Mackenzie-SP. Graduado em Direito pela Universidade Cat\u00f3lica de Pernambuco, com conclus\u00e3o pelo regime de Aproveitamento Extraordin\u00e1rio nos Estudos (art. 47, \u00a7 2\u00ba, da Lei n\u00ba 9.394\/96). Ex-Assessor de Desembargador no TJPE. Procurador da Fazenda Nacional. Integra voluntariamente a Coordena\u00e7\u00e3o de Assuntos Estrat\u00e9gicos Judiciais da PGFN. Professor do Estrat\u00e9gia Carreira Jur\u00eddica, Estrat\u00e9gia OAB e Buscador Dizer o Direito. Autor do livro \u201cReforma Tribut\u00e1ria Comentada e Esquematizada\u201d, \"Manual de Processo Tribut\u00e1rio: Administrativo e Judicial\" pela editora Juspodivm Parecerista na Revista de Estudos Jur\u00eddicos do Superior Tribunal de Justi\u00e7a (REJuriSTJ)","sameAs":["http:\/\/lattes.cnpq.br\/5755137268084324","https:\/\/www.instagram.com\/felipe_duque\/","https:\/\/br.linkedin.com\/in\/felipe-duque-56954638","https:\/\/x.com\/https:\/\/x.com\/ProfessorDuque","https:\/\/www.youtube.com\/@felipeduque-experienciasco5797"],"url":"https:\/\/cj.estrategia.com\/portal\/author\/felipe-duque\/"}]}},"jetpack_featured_media_url":"https:\/\/cj.estrategia.com\/portal\/wp-content\/uploads\/2024\/07\/22141752\/closeup-view-brown-wooden-mallet-judge-scaled.jpg","jetpack_sharing_enabled":true,"_links":{"self":[{"href":"https:\/\/cj.estrategia.com\/portal\/wp-json\/wp\/v2\/posts\/69965","targetHints":{"allow":["GET"]}}],"collection":[{"href":"https:\/\/cj.estrategia.com\/portal\/wp-json\/wp\/v2\/posts"}],"about":[{"href":"https:\/\/cj.estrategia.com\/portal\/wp-json\/wp\/v2\/types\/post"}],"author":[{"embeddable":true,"href":"https:\/\/cj.estrategia.com\/portal\/wp-json\/wp\/v2\/users\/93"}],"replies":[{"embeddable":true,"href":"https:\/\/cj.estrategia.com\/portal\/wp-json\/wp\/v2\/comments?post=69965"}],"version-history":[{"count":0,"href":"https:\/\/cj.estrategia.com\/portal\/wp-json\/wp\/v2\/posts\/69965\/revisions"}],"wp:featuredmedia":[{"embeddable":true,"href":"https:\/\/cj.estrategia.com\/portal\/wp-json\/wp\/v2\/media\/69982"}],"wp:attachment":[{"href":"https:\/\/cj.estrategia.com\/portal\/wp-json\/wp\/v2\/media?parent=69965"}],"wp:term":[{"taxonomy":"category","embeddable":true,"href":"https:\/\/cj.estrategia.com\/portal\/wp-json\/wp\/v2\/categories?post=69965"},{"taxonomy":"post_tag","embeddable":true,"href":"https:\/\/cj.estrategia.com\/portal\/wp-json\/wp\/v2\/tags?post=69965"},{"taxonomy":"tax_estado","embeddable":true,"href":"https:\/\/cj.estrategia.com\/portal\/wp-json\/wp\/v2\/tax_estado?post=69965"}],"curies":[{"name":"wp","href":"https:\/\/api.w.org\/{rel}","templated":true}]}}