{"id":69872,"date":"2024-08-08T14:37:00","date_gmt":"2024-08-08T17:37:00","guid":{"rendered":"https:\/\/cj.estrategia.com\/portal\/?p=69872"},"modified":"2024-07-24T17:57:50","modified_gmt":"2024-07-24T20:57:50","slug":"competencia-justica-eleitoral-jecrim","status":"publish","type":"post","link":"https:\/\/cj.estrategia.com\/portal\/competencia-justica-eleitoral-jecrim\/","title":{"rendered":"A compet\u00eancia da Justi\u00e7a Eleitoral: o Juizado Especial Criminal &#8211; JECRIM"},"content":{"rendered":"\n<p>Ol\u00e1 turma, como est\u00e3o os estudos? Aproveitando o clima de concurso do TSE, vamos examinar uma hip\u00f3tese em que se discutiu, na jurisprud\u00eancia brasileira, a compet\u00eancia da Justi\u00e7a Eleitoral, abordando a discuss\u00e3o referente \u00e0 compet\u00eancia criminal da Justi\u00e7a Eleitoral, em casos envolvendo o Juizado Especial Criminal (JECRIM).<\/p>\n\n\n\n<p class=\"has-text-align-center\"><img decoding=\"async\" width=\"400\" height=\"194\" class=\"wp-image-64046\" style=\"width: 400px;\" src=\"https:\/\/cj.estrategia.com\/portal\/wp-content\/uploads\/2024\/05\/24054518\/00c75370-fcc5-4071-9c68-43fffbb8ad54.jpeg\" alt=\"Justi\u00e7a Eleitoral\" srcset=\"https:\/\/cj.estrategia.com\/portal\/wp-content\/uploads\/2024\/05\/24054518\/00c75370-fcc5-4071-9c68-43fffbb8ad54.jpeg 620w, https:\/\/cj.estrategia.com\/portal\/wp-content\/uploads\/2024\/05\/24054518\/00c75370-fcc5-4071-9c68-43fffbb8ad54-300x145.jpeg 300w, https:\/\/cj.estrategia.com\/portal\/wp-content\/uploads\/2024\/05\/24054518\/00c75370-fcc5-4071-9c68-43fffbb8ad54-380x184.jpeg 380w, https:\/\/cj.estrategia.com\/portal\/wp-content\/uploads\/2024\/05\/24054518\/00c75370-fcc5-4071-9c68-43fffbb8ad54-150x73.jpeg 150w\" sizes=\"(max-width: 400px) 100vw, 400px\" \/><\/p>\n\n\n\n<h2 class=\"wp-block-heading\" id=\"h-panorama-constitucional-da-discussao\"><span id=\"panorama-constitucional-da-discussao\"><strong>Panorama constitucional da discuss\u00e3o<\/strong><\/span><\/h2>\n\n\n\n<p>O Poder Judici\u00e1rio brasileiro foi desenhado pela Constitucional Federal de 1988 entre os artigos 92 at\u00e9 o seu artigo 126, com algumas disposi\u00e7\u00f5es esparsas em outros trechos do texto constitucional (por exemplo, nos arts. 2\u00ba, 5\u00ba, XXXV, 21, XIII, 33, \u00a7 3\u00ba, 34, 35 e 36, 37, XI e XII, 66 e 68, entre outros).<\/p>\n\n\n\n<p>Quanto aos \u00f3rg\u00e3os do Poder Judici\u00e1rio, foram estabelecidos no art. 92 da Constitucional Federal e regulamentados nos arts. 101 e 102 (Supremo Tribunal Federal), 103-B (Conselho Nacional de Justi\u00e7a), arts. 104 e 105 (Superior Tribunal de Justi\u00e7a), arts. 106 e 107 (Tribunais Regionais Federais), art. 109 (Ju\u00edzes(as) Federais), arts. 111 e 111-A (Tribunal Superior do Trabalho), art. 115 (Tribunais Regionais do Trabalho), art. 116 (Ju\u00edzes(as) do Trabalho), art. 119 (Tribunal Superior Eleitoral), art. 120 (Tribunal Regional Eleitoral), art. 123 (Superior Tribunal Militar) e 124 (Ju\u00edzes(as) Militares Federais), art. 125 (Tribunais de Justi\u00e7a estaduais e Ju\u00edzes(as) estaduais).<\/p>\n\n\n\n<p>No que interesses ao presente texto, cabe distinguir o papel ou, em outras palavras a fun\u00e7\u00e3o da Justi\u00e7a Eleitoral, composta pelo Tribunal Superior Eleitoral, pelo Tribunal Regional Eleitoral e pelos Ju\u00edzes(\u00edzas) estaduais e da Justi\u00e7a Comum, entendida esta como um g\u00eanero que engloba os Tribunais e Ju\u00edzes(\u00edzas) estaduais (Justi\u00e7a Comum estadual), bem como os Ju\u00edzes(\u00edzas) Federais e os Tribunais Regionais Federais (Justi\u00e7a Comum Federal).<\/p>\n\n\n\n<p>Em linguagem t\u00e9cnico-jur\u00eddica, essa fun\u00e7\u00e3o de cada \u00f3rg\u00e3o do Poder Judici\u00e1rio recebe a nomenclatura de compet\u00eancia, sendo fixada tamb\u00e9m constitucionalmente, em termos gerais, da seguinte forma:<\/p>\n\n\n\n<ul class=\"wp-block-list\">\n<li>Justi\u00e7a Eleitoral: Art. 121 da CF\/88. \u201cLei complementar dispor\u00e1 sobre a organiza\u00e7\u00e3o e compet\u00eancia dos tribunais, dos ju\u00edzes de direito e das juntas eleitorais\u201d.<\/li>\n\n\n\n<li>Justi\u00e7a Comum Federal: Art. 109 da CF\/88. \u201cAos ju\u00edzes federais compete processar e julgar\u201d [&#8230;].<\/li>\n\n\n\n<li>Justi\u00e7a Comum Estadual: compet\u00eancia residual.<\/li>\n<\/ul>\n\n\n\n<p>Sobre a Justi\u00e7a Eleitoral, o Supremo Tribunal Federal definiu que a lei complementar que esmi\u00fa\u00e7a a compet\u00eancia (fun\u00e7\u00e3o) da Justi\u00e7a Eleitoral, atualmente, \u00e9 o C\u00f3digo Eleitoral, \u201crecepcionado como lei material complementar na parte que disciplina a organiza\u00e7\u00e3o e a compet\u00eancia da Justi\u00e7a Eleitoral (art. 121 da Constitui\u00e7\u00e3o de 1988)\u201d (<a href=\"https:\/\/redir.stf.jus.br\/paginadorpub\/paginador.jsp?docTP=AC&amp;docID=552057\">MS 26.604, rel. min. C\u00e1rmen L\u00facia, j. 4-10-2007, P, DJE de 3-10-2008<\/a>).<\/p>\n\n\n\n<p>Entretanto, o STF j\u00e1 definiu tamb\u00e9m que a exig\u00eancia de lei complementar para dispor sobre a organiza\u00e7\u00e3o da Justi\u00e7a Eleitoral restringe-se \u00e0 compet\u00eancia em fun\u00e7\u00e3o da mat\u00e9ria e n\u00e3o diz respeito \u00e0s regras de distribui\u00e7\u00e3o por preven\u00e7\u00e3o ou conex\u00e3o, que possuem natureza processual, de maneira que pode ser regulamentada por lei ordin\u00e1ria (<a href=\"https:\/\/redir.stf.jus.br\/paginadorpub\/paginador.jsp?docTP=TP&amp;docID=763501569\">ADI 5.507, rel. min. Dias Toffoli, j. 5-9-2022, Informativo STF 1.066<\/a>).<\/p>\n\n\n\n<p>Em rela\u00e7\u00e3o \u00e0 Justi\u00e7a Comum Federal, suas compet\u00eancias est\u00e3o delimitadas no pr\u00f3prio texto constitucional, no mencionado art. 109 da Constitucional Federal, segundo o qual, compet\u00eancia aos Ju\u00edzes Federais:<\/p>\n\n\n\n<ul class=\"wp-block-list\">\n<li>I &#8211; as causas em que a Uni\u00e3o, entidade aut\u00e1rquica ou empresa p\u00fablica federal forem interessadas na condi\u00e7\u00e3o de autoras, r\u00e9s, assistentes ou oponentes, exceto as de fal\u00eancia, as de acidentes de trabalho e as sujeitas \u00e0 Justi\u00e7a Eleitoral e \u00e0 Justi\u00e7a do Trabalho;<\/li>\n\n\n\n<li>II &#8211; as causas entre Estado estrangeiro ou organismo internacional e Munic\u00edpio ou pessoa domiciliada ou residente no Pa\u00eds;<\/li>\n\n\n\n<li>III &#8211; as causas fundadas em tratado ou contrato da Uni\u00e3o com Estado estrangeiro ou organismo internacional;<\/li>\n\n\n\n<li>IV &#8211; os crimes pol\u00edticos e as infra\u00e7\u00f5es penais praticadas em detrimento de bens, servi\u00e7os ou interesse da Uni\u00e3o ou de suas entidades aut\u00e1rquicas ou empresas p\u00fablicas, exclu\u00eddas as contraven\u00e7\u00f5es e ressalvada a compet\u00eancia da Justi\u00e7a Militar e da Justi\u00e7a Eleitoral;<\/li>\n\n\n\n<li>V &#8211; os crimes previstos em tratado ou conven\u00e7\u00e3o internacional, quando, iniciada a execu\u00e7\u00e3o no Pa\u00eds, o resultado tenha ou devesse ter ocorrido no estrangeiro, ou reciprocamente;<\/li>\n\n\n\n<li>V-A as causas relativas a direitos humanos a que se refere o \u00a7 5\u00ba deste artigo;&nbsp; &nbsp;&nbsp;&nbsp;&nbsp;&nbsp;&nbsp;&nbsp;&nbsp;&nbsp;&nbsp;&nbsp;<\/li>\n\n\n\n<li>VI &#8211; os crimes contra a organiza\u00e7\u00e3o do trabalho e, nos casos determinados por lei, contra o sistema financeiro e a ordem econ\u00f4mico-financeira;<\/li>\n\n\n\n<li>VII &#8211; os habeas corpus , em mat\u00e9ria criminal de sua compet\u00eancia ou quando o constrangimento provier de autoridade cujos atos n\u00e3o estejam diretamente sujeitos a outra jurisdi\u00e7\u00e3o;<\/li>\n\n\n\n<li>VIII &#8211; os mandados de seguran\u00e7a e os habeas data contra ato de autoridade federal, excetuados os casos de compet\u00eancia dos tribunais federais;<\/li>\n\n\n\n<li>IX &#8211; os crimes cometidos a bordo de navios ou aeronaves, ressalvada a compet\u00eancia da Justi\u00e7a Militar;<\/li>\n\n\n\n<li>X &#8211; os crimes de ingresso ou perman\u00eancia irregular de estrangeiro, a execu\u00e7\u00e3o de carta rogat\u00f3ria, ap\u00f3s o &#8220;exequatur&#8221;, e de senten\u00e7a estrangeira, ap\u00f3s a homologa\u00e7\u00e3o, as causas referentes \u00e0 nacionalidade, inclusive a respectiva op\u00e7\u00e3o, e \u00e0 naturaliza\u00e7\u00e3o;<\/li>\n\n\n\n<li>XI &#8211; a disputa sobre direitos ind\u00edgenas.<\/li>\n<\/ul>\n\n\n\n<p>Acerca da Justi\u00e7a Comum Estadual, \u00e9 de sua compet\u00eancia toda a mat\u00e9ria jur\u00eddica que n\u00e3o for atribui\u00e7\u00e3o de um \u00f3rg\u00e3o especializado ou superior do Poder Judici\u00e1rio (Justi\u00e7a do Trabalho, Justi\u00e7a Eleitoral, Justi\u00e7a Militar Federal, Supremo Tribunal Federal e Superior Tribunal de Justi\u00e7a), nem da Justi\u00e7a Comum Federal.<\/p>\n\n\n\n<p>Ocorre que h\u00e1 assuntos jur\u00eddicos ou situa\u00e7\u00f5es envolvendo alguma lide que tangenciam as fun\u00e7\u00f5es ou a compet\u00eancia de mais de um \u00f3rg\u00e3o do Poder Judici\u00e1rio, o que gera um conflito de compet\u00eancias entre os mencionados componentes do Judici\u00e1rio.<\/p>\n\n\n\n<p>Tais conflitos, por disposi\u00e7\u00f5es expressas da Constitui\u00e7\u00e3o Federal, devem ser resolvidos tamb\u00e9m por um \u00f3rg\u00e3o do Poder Judici\u00e1rio. No presente texto, analisaremos especificamente o conflito havido entre a compet\u00eancia da Justi\u00e7a Eleitoral e a da Justi\u00e7a Comum, seja Justi\u00e7a Comum Estadual ou Justi\u00e7a Comum Federal, o qual, como regra, deve ser resolvido pelo Superior Tribunal de Justi\u00e7a (STJ), nos termos do art. 105, I, \u201cd\u201d, da Constitucional Federal, exceto se envolver o pr\u00f3prio Tribunal Superior Eleitoral, caso em que caber\u00e1 ao Supremo Tribunal Federal solucionar:<\/p>\n\n\n\n<ul class=\"wp-block-list\">\n<li>\u00a0Art. 105. Compete ao Superior Tribunal de Justi\u00e7a: I &#8211; processar e julgar, originariamente: d) os conflitos de compet\u00eancia entre quaisquer tribunais, ressalvado o disposto no art. 102, I, &#8220;o&#8221;, bem como entre tribunal e ju\u00edzes a ele n\u00e3o vinculados e entre ju\u00edzes vinculados a tribunais diversos;<\/li>\n\n\n\n<li>Art. 102. Compete ao Supremo Tribunal Federal, precipuamente, a guarda da Constitui\u00e7\u00e3o, cabendo-lhe: I &#8211; processar e julgar, originariamente: o) os conflitos de compet\u00eancia entre o Superior Tribunal de Justi\u00e7a e quaisquer tribunais, entre Tribunais Superiores, ou entre estes e qualquer outro tribunal;<\/li>\n<\/ul>\n\n\n\n<p>Para os fins do presente texto, vamos analisar especificamente entendimentos do Superior Tribunal de Justi\u00e7a e do Supremo Tribunal Federal sobre a rela\u00e7\u00e3o entre a compet\u00eancia da Justi\u00e7a Eleitoral e os Juizados Especiais Criminais (JECRIM).<\/p>\n\n\n\n<h2 class=\"wp-block-heading\" id=\"h-o-juizado-especial-criminal-jecrim\"><span id=\"o-juizado-especial-criminal-jecrim\"><strong>O Juizado Especial Criminal &#8211; JECRIM<\/strong><\/span><\/h2>\n\n\n\n<p>O Superior Tribunal de Justi\u00e7a foi chamado a resolver discuss\u00e3o sobre a compet\u00eancia da Justi\u00e7a Eleitoral para processar e julgar crimes eleitorais que, por for\u00e7a da Lei n. 9.099\/95, configuram crimes de menor potencial ofensivo, os quais competiriam \u00e0 jurisdi\u00e7\u00e3o do Juizado Especial Criminal (JECRIM).<\/p>\n\n\n\n<p>De fato, segundo o art. 61 da Lei n. 9.099\/95, \u201cConsideram-se infra\u00e7\u00f5es penais de menor potencial ofensivo, para os efeitos desta Lei, as contraven\u00e7\u00f5es penais e os crimes a que a lei comine pena m\u00e1xima n\u00e3o superior a 2 (dois) anos, cumulada ou n\u00e3o com multa\u201d.\u00a0\u00a0<\/p>\n\n\n\n<p>Nesse contexto, surgiu a diverg\u00eancia se os crimes eleitorais com san\u00e7\u00e3o m\u00e1xima inferior ao bi\u00eanio teriam migrado para a compet\u00eancia do Juizado Especial Criminal, \u00f3rg\u00e3o da Justi\u00e7a Comum estadual, nos termos do art. 98, I, da Constitui\u00e7\u00e3o Federal de 1988:<\/p>\n\n\n\n<ul class=\"wp-block-list\">\n<li>Art. 98. A Uni\u00e3o, no Distrito Federal e nos Territ\u00f3rios, e os Estados criar\u00e3o: I &#8211; juizados especiais, providos por ju\u00edzes togados, ou togados e leigos, competentes para a concilia\u00e7\u00e3o, o julgamento e a execu\u00e7\u00e3o de causas c\u00edveis de menor complexidade e infra\u00e7\u00f5es penais de menor potencial ofensivo, mediante os procedimentos oral e sumar\u00edssimo , permitidos, nas hip\u00f3teses previstas em lei, a transa\u00e7\u00e3o e o julgamento de recursos por turmas de ju\u00edzes de primeiro grau;<\/li>\n<\/ul>\n\n\n\n<p>O STJ entendeu que n\u00e3o migraram.<\/p>\n\n\n\n<p>Com efeito, segundo o Superior Tribunal de Justi\u00e7a, \u201cA cria\u00e7\u00e3o dos Juizados Especiais Criminais n\u00e3o afasta a compet\u00eancia da Justi\u00e7a Eleitoral para processar e julgar os crimes elencados no C\u00f3digo Eleitoral e nas demais leis, in casu, Lei n.\u00ba 9.504\/97, por se tratar de compet\u00eancia em raz\u00e3o da natureza da infra\u00e7\u00e3o\u201d (<a href=\"https:\/\/scon.stj.jus.br\/SCON\/GetInteiroTeorDoAcordao?num_registro=200201643513&amp;dt_publicacao=23\/06\/2003\">CC n. 37.595\/SC, relator Ministro Gilson Dipp, Terceira Se\u00e7\u00e3o, julgado em 9\/4\/2003, DJ de 23\/6\/2003, p. 238<\/a>).<\/p>\n\n\n\n<p>Outra curiosidade desse julgado \u00e9 que o Tribunal de Cidadania, apesar de afirmar a compet\u00eancia da Justi\u00e7a Eleitoral, para os crimes eleitorais de menor potencial ofensivo, entendeu tamb\u00e9m que \u201cA Lei dos Juizados Especiais incide nos crimes sujeitos a procedimentos especiais, desde que obedecidos os requisitos autorizadores, permitindo a transa\u00e7\u00e3o e a suspens\u00e3o condicional do processo inclusive nas a\u00e7\u00f5es penais de compet\u00eancia da Justi\u00e7a Eleitoral\u201d.<\/p>\n\n\n\n<p>Portanto, conforme a orienta\u00e7\u00e3o do STJ, apesar de a Lei n. 9.099\/95 n\u00e3o ter repassado os crimes eleitorais de menor potencial ofensivo para a compet\u00eancia do JECRIM, ela regulamenta o rito de processamento desses delitos, mediante a aplica\u00e7\u00e3o de seus institutos \u201cdespenalizadores\u201d pela Justi\u00e7a Eleitoral.<\/p>\n\n\n\n<h2 class=\"wp-block-heading\" id=\"h-a-competencia-da-justica-eleitoral-o-crime-de-boca-de-urna\"><span id=\"a-competencia-da-justica-eleitoral-o-crime-de-boca-de-urna\"><strong>A compet\u00eancia da Justi\u00e7a Eleitoral: o crime de \u201cboca de urna\u201d<\/strong><\/span><\/h2>\n\n\n\n<p>Sobre a discuss\u00e3o entre a compet\u00eancia do Juizado Especial Criminal e a da Justi\u00e7a Eleitoral, o Superior Tribunal de Justi\u00e7a analisou caso envolvendo o famoso crime de \u201cboca de urna\u201d.<\/p>\n\n\n\n<p>Esse crime est\u00e1 previsto no art. 35, \u00a7 5\u00ba, II, da Lei n. 9.504\/1997, conhecido como a Lei das Elei\u00e7\u00f5es, nos seguintes termos:<\/p>\n\n\n\n<ul class=\"wp-block-list\">\n<li>\u00a7 5\u00ba Constituem crimes, <strong>no dia da elei\u00e7\u00e3o<\/strong>, pun\u00edveis com deten\u00e7\u00e3o, de <strong>seis meses a um ano<\/strong>, com a alternativa de presta\u00e7\u00e3o de servi\u00e7os \u00e0 comunidade pelo mesmo per\u00edodo, e multa no valor de cinco mil a quinze mil UFIR: [&#8230;] II &#8211; a arregimenta\u00e7\u00e3o de eleitor ou a <strong>propaganda de boca de urna<\/strong>;\u00a0\u00a0\u00a0<\/li>\n<\/ul>\n\n\n\n<p>O Juiz Eleitoral, ao receber a den\u00fancia, entendeu-se incompetente, pois o crime seria de menor potencial ofensivo, de compet\u00eancia, portanto, do Juizado Especial Criminal, \u00f3rg\u00e3o da Justi\u00e7a Comum Estadual ou Federal.<\/p>\n\n\n\n<p>A Justi\u00e7a Comum tamb\u00e9m se considerou incompetente, visto que, no seu entender, o crime seria propriamente eleitoral e, assim, a compet\u00eancia para seu processamento e julgamento seria da Justi\u00e7a Eleitoral.<\/p>\n\n\n\n<p>A discuss\u00e3o envolvendo a compet\u00eancia para o julgamento do referido crime tem uma vari\u00e1vel espec\u00edfica a ser analisada, pois o crime de \u201cboca de urna\u201d n\u00e3o est\u00e1 previsto no C\u00f3digo Eleitoral, de modo que poderia ser considerado como um delito impropriamente eleitoral, o que, somado ao fato de ser crime de menor potencial ofensivo, subsidiaria a compet\u00eancia do Juizado Especial Criminal.<\/p>\n\n\n\n<p>O Superior Tribunal de Justi\u00e7a, entretanto, n\u00e3o albergou essa vari\u00e1vel espec\u00edfica e entendeu que o referido crime, apesar de estar em uma legisla\u00e7\u00e3o esparsa, \u00e9 tipicamente eleitoral, sendo, portanto, de compet\u00eancia da Justi\u00e7a Especializada, ainda que seja classificado como de menor potencial ofensivo (<a href=\"https:\/\/scon.stj.jus.br\/SCON\/GetInteiroTeorDoAcordao?num_registro=200201643752&amp;dt_publicacao=10\/03\/2003\">CC n. 37.527\/SC, relator Ministro Vicente Leal, Terceira Se\u00e7\u00e3o, julgado em 12\/2\/2003, DJ de 10\/3\/2003, p. 86<\/a>).<\/p>\n\n\n\n<p>Em outro precedente, o STJ foi ainda mais incisivo nessa orienta\u00e7\u00e3o:<\/p>\n\n\n\n<ul class=\"wp-block-list\">\n<li>Compete \u00e0 Justi\u00e7a Eleitoral o processo e julgamento de crime previsto no \u00e2mbito da Lei n. 9.504\/97, <strong>ainda que a pena m\u00e1xima cominada para a infra\u00e7\u00e3o seja inferior a 1 (um) ano<\/strong>. A possibilidade de aplica\u00e7\u00e3o de institutos previstos na Lei n\u00ba 9.099\/95, como a composi\u00e7\u00e3o civil extintiva da punibilidade, a representa\u00e7\u00e3o, a transa\u00e7\u00e3o e a suspens\u00e3o condicional do processo, em feitos de compet\u00eancia da justi\u00e7a especializada, <strong>n\u00e3o transfere para os Juizados Especiais Criminais a compet\u00eancia para process\u00e1-los <\/strong>(<a href=\"https:\/\/scon.stj.jus.br\/SCON\/GetInteiroTeorDoAcordao?num_registro=200201643651&amp;dt_publicacao=26\/05\/2003\">CC n. 37.589\/SC, relator Ministro Felix Fischer, Terceira Se\u00e7\u00e3o, julgado em 26\/3\/2003, DJ de 26\/5\/2003, p. 255<\/a>).<\/li>\n<\/ul>\n\n\n\n<p>Assim encerramos mais um texto da s\u00e9rie de artigos sobre a compet\u00eancia da Justi\u00e7a Eleitoral na jurisprud\u00eancia do Superior Tribunal de Justi\u00e7a e do Supremo Tribunal Federal, abordando o tema da compet\u00eancia da Justi\u00e7a Eleitoral e o JECRIM. Esperamos que esse rol exemplificativo de casos seja \u00fatil para estudos e revis\u00f5es. Para maiores detalhes, os ac\u00f3rd\u00e3os dos julgados citados est\u00e3o dispon\u00edveis por meio dos links constantes do texto e caso saibam de mais algum julgado interessante na jurisprud\u00eancia brasileira sobre o tema, podem citar nos coment\u00e1rios.<\/p>\n\n\n\n<p class=\"has-text-align-center\"><strong>Quer estudar para Carreiras Jur\u00eddicas?<\/strong><\/p>\n\n\n\n<p><a href=\"https:\/\/cj.estrategia.com\/portal\/concursos-abertos-carreiras-juridicas\/\" target=\"_blank\" >Concursos abertos<\/a><\/p>\n\n\n\n<p><a href=\"https:\/\/cj.estrategia.com\/portal\/concursos-2023-carreiras-juridicas\/\" target=\"_blank\" >Concursos 2023<\/a><\/p>\n\n\n\n<p><a href=\"https:\/\/cj.estrategia.com\/portal\/concursos-2024-carreiras-juridicas\/\" target=\"_blank\" >Concursos 2024<\/a><\/p>\n","protected":false},"excerpt":{"rendered":"Compet\u00eancia da Justi\u00e7a Eleitoral.\n","protected":false},"author":55,"featured_media":64046,"comment_status":"open","ping_status":"open","sticky":false,"template":"","format":"standard","meta":{"_jetpack_memberships_contains_paid_content":false,"footnotes":""},"categories":[1],"tags":[314,83,177,176],"tax_estado":[30,31,32,33,34,35,36,37,38,39,40,41,42,43,44,45,46,47,48,49,50,51,52,53,54,55,56,57],"class_list":{"0":"post-69872","1":"post","2":"type-post","3":"status-publish","4":"format-standard","5":"has-post-thumbnail","7":"category-carreiras-juridicas","8":"tag-competencia","9":"tag-concursos-juridicos","10":"tag-justica-eleitoral","11":"tag-tse","12":"tax_estado-ac","13":"tax_estado-al","14":"tax_estado-am","15":"tax_estado-ap","16":"tax_estado-ba","17":"tax_estado-ce","18":"tax_estado-concursos-federais","19":"tax_estado-df","20":"tax_estado-es","21":"tax_estado-go","22":"tax_estado-ma","23":"tax_estado-mg","24":"tax_estado-ms","25":"tax_estado-mt","26":"tax_estado-pa","27":"tax_estado-pb","28":"tax_estado-pe","29":"tax_estado-pi","30":"tax_estado-pr","31":"tax_estado-rj","32":"tax_estado-rn","33":"tax_estado-ro","34":"tax_estado-rr","35":"tax_estado-rs","36":"tax_estado-sc","37":"tax_estado-se","38":"tax_estado-sp","39":"tax_estado-to"},"acf":[],"yoast_head":"<!-- This site is optimized with the Yoast SEO Premium plugin v27.4 (Yoast SEO v27.4) - https:\/\/yoast.com\/product\/yoast-seo-premium-wordpress\/ -->\n<title>A compet\u00eancia da Justi\u00e7a Eleitoral: o JECRIM<\/title>\n<meta name=\"description\" content=\"An\u00e1lise sobre a compet\u00eancia da Justi\u00e7a Eleitoral, segundo a jurisprud\u00eancia, abordando o Juizado Especial Criminal - JECRIM.\" \/>\n<meta name=\"robots\" content=\"index, follow, max-snippet:-1, max-image-preview:large, max-video-preview:-1\" \/>\n<link rel=\"canonical\" href=\"https:\/\/cj.estrategia.com\/portal\/competencia-justica-eleitoral-jecrim\/\" \/>\n<meta property=\"og:locale\" content=\"pt_BR\" \/>\n<meta property=\"og:type\" content=\"article\" \/>\n<meta property=\"og:title\" content=\"A compet\u00eancia da Justi\u00e7a Eleitoral: o Juizado Especial Criminal - JECRIM\" \/>\n<meta property=\"og:description\" content=\"An\u00e1lise sobre a compet\u00eancia da Justi\u00e7a Eleitoral, segundo a jurisprud\u00eancia, abordando o Juizado Especial Criminal - JECRIM.\" \/>\n<meta property=\"og:url\" content=\"https:\/\/cj.estrategia.com\/portal\/competencia-justica-eleitoral-jecrim\/\" \/>\n<meta property=\"og:site_name\" content=\"Blog - Carreiras Jur\u00eddicas - Estrat\u00e9gia\" \/>\n<meta property=\"article:publisher\" content=\"https:\/\/www.facebook.com\/estrategiacarreirajuridica\/\" \/>\n<meta property=\"article:published_time\" content=\"2024-08-08T17:37:00+00:00\" \/>\n<meta property=\"og:image\" content=\"https:\/\/cj.estrategia.com\/portal\/wp-content\/uploads\/2024\/05\/24054518\/00c75370-fcc5-4071-9c68-43fffbb8ad54.jpeg\" \/>\n\t<meta property=\"og:image:width\" content=\"620\" \/>\n\t<meta property=\"og:image:height\" content=\"300\" \/>\n\t<meta property=\"og:image:type\" content=\"image\/jpeg\" \/>\n<meta name=\"author\" content=\"Jose Mendes Lima Aguiar\" \/>\n<meta name=\"twitter:card\" content=\"summary_large_image\" \/>\n<meta name=\"twitter:creator\" content=\"@EstratJuridica\" \/>\n<meta name=\"twitter:site\" content=\"@EstratJuridica\" \/>\n<meta name=\"twitter:label1\" content=\"Escrito por\" \/>\n\t<meta name=\"twitter:data1\" content=\"Jose Mendes Lima Aguiar\" \/>\n\t<meta name=\"twitter:label2\" content=\"Est. tempo de leitura\" \/>\n\t<meta name=\"twitter:data2\" content=\"12 minutos\" \/>\n<script type=\"application\/ld+json\" class=\"yoast-schema-graph\">{\"@context\":\"https:\\\/\\\/schema.org\",\"@graph\":[{\"@type\":\"NewsArticle\",\"@id\":\"https:\\\/\\\/cj.estrategia.com\\\/portal\\\/competencia-justica-eleitoral-jecrim\\\/#article\",\"isPartOf\":{\"@id\":\"https:\\\/\\\/cj.estrategia.com\\\/portal\\\/competencia-justica-eleitoral-jecrim\\\/\"},\"author\":{\"name\":\"Jose Mendes Lima Aguiar\",\"@id\":\"https:\\\/\\\/cj.estrategia.com\\\/portal\\\/#\\\/schema\\\/person\\\/771b883c8ee8ccd97e579a50988db032\"},\"headline\":\"A compet\u00eancia da Justi\u00e7a Eleitoral: o Juizado Especial Criminal &#8211; JECRIM\",\"datePublished\":\"2024-08-08T17:37:00+00:00\",\"mainEntityOfPage\":{\"@id\":\"https:\\\/\\\/cj.estrategia.com\\\/portal\\\/competencia-justica-eleitoral-jecrim\\\/\"},\"wordCount\":2212,\"commentCount\":0,\"publisher\":{\"@id\":\"https:\\\/\\\/cj.estrategia.com\\\/portal\\\/#organization\"},\"image\":{\"@id\":\"https:\\\/\\\/cj.estrategia.com\\\/portal\\\/competencia-justica-eleitoral-jecrim\\\/#primaryimage\"},\"thumbnailUrl\":\"https:\\\/\\\/cj.estrategia.com\\\/portal\\\/wp-content\\\/uploads\\\/2024\\\/05\\\/24054518\\\/00c75370-fcc5-4071-9c68-43fffbb8ad54.jpeg\",\"keywords\":[\"compet\u00eancia\",\"concursos jur\u00eddicos\",\"justi\u00e7a eleitoral\",\"tse\"],\"articleSection\":[\"Carreiras Jur\u00eddicas\"],\"inLanguage\":\"pt-BR\",\"potentialAction\":[{\"@type\":\"CommentAction\",\"name\":\"Comment\",\"target\":[\"https:\\\/\\\/cj.estrategia.com\\\/portal\\\/competencia-justica-eleitoral-jecrim\\\/#respond\"]}]},{\"@type\":\"WebPage\",\"@id\":\"https:\\\/\\\/cj.estrategia.com\\\/portal\\\/competencia-justica-eleitoral-jecrim\\\/\",\"url\":\"https:\\\/\\\/cj.estrategia.com\\\/portal\\\/competencia-justica-eleitoral-jecrim\\\/\",\"name\":\"A compet\u00eancia da Justi\u00e7a Eleitoral: o JECRIM\",\"isPartOf\":{\"@id\":\"https:\\\/\\\/cj.estrategia.com\\\/portal\\\/#website\"},\"primaryImageOfPage\":{\"@id\":\"https:\\\/\\\/cj.estrategia.com\\\/portal\\\/competencia-justica-eleitoral-jecrim\\\/#primaryimage\"},\"image\":{\"@id\":\"https:\\\/\\\/cj.estrategia.com\\\/portal\\\/competencia-justica-eleitoral-jecrim\\\/#primaryimage\"},\"thumbnailUrl\":\"https:\\\/\\\/cj.estrategia.com\\\/portal\\\/wp-content\\\/uploads\\\/2024\\\/05\\\/24054518\\\/00c75370-fcc5-4071-9c68-43fffbb8ad54.jpeg\",\"datePublished\":\"2024-08-08T17:37:00+00:00\",\"description\":\"An\u00e1lise sobre a compet\u00eancia da Justi\u00e7a Eleitoral, segundo a jurisprud\u00eancia, abordando o Juizado Especial Criminal - JECRIM.\",\"breadcrumb\":{\"@id\":\"https:\\\/\\\/cj.estrategia.com\\\/portal\\\/competencia-justica-eleitoral-jecrim\\\/#breadcrumb\"},\"inLanguage\":\"pt-BR\",\"potentialAction\":[{\"@type\":\"ReadAction\",\"target\":[\"https:\\\/\\\/cj.estrategia.com\\\/portal\\\/competencia-justica-eleitoral-jecrim\\\/\"]}]},{\"@type\":\"ImageObject\",\"inLanguage\":\"pt-BR\",\"@id\":\"https:\\\/\\\/cj.estrategia.com\\\/portal\\\/competencia-justica-eleitoral-jecrim\\\/#primaryimage\",\"url\":\"https:\\\/\\\/cj.estrategia.com\\\/portal\\\/wp-content\\\/uploads\\\/2024\\\/05\\\/24054518\\\/00c75370-fcc5-4071-9c68-43fffbb8ad54.jpeg\",\"contentUrl\":\"https:\\\/\\\/cj.estrategia.com\\\/portal\\\/wp-content\\\/uploads\\\/2024\\\/05\\\/24054518\\\/00c75370-fcc5-4071-9c68-43fffbb8ad54.jpeg\",\"width\":620,\"height\":300,\"caption\":\"Campanha Eleitoral\"},{\"@type\":\"BreadcrumbList\",\"@id\":\"https:\\\/\\\/cj.estrategia.com\\\/portal\\\/competencia-justica-eleitoral-jecrim\\\/#breadcrumb\",\"itemListElement\":[{\"@type\":\"ListItem\",\"position\":1,\"name\":\"In\u00edcio\",\"item\":\"https:\\\/\\\/cj.estrategia.com\\\/portal\\\/\"},{\"@type\":\"ListItem\",\"position\":2,\"name\":\"A compet\u00eancia da Justi\u00e7a Eleitoral: o Juizado Especial Criminal &#8211; JECRIM\"}]},{\"@type\":\"WebSite\",\"@id\":\"https:\\\/\\\/cj.estrategia.com\\\/portal\\\/#website\",\"url\":\"https:\\\/\\\/cj.estrategia.com\\\/portal\\\/\",\"name\":\"Blog - Carreiras Jur\u00eddicas - Estrat\u00e9gia\",\"description\":\"\",\"publisher\":{\"@id\":\"https:\\\/\\\/cj.estrategia.com\\\/portal\\\/#organization\"},\"potentialAction\":[{\"@type\":\"SearchAction\",\"target\":{\"@type\":\"EntryPoint\",\"urlTemplate\":\"https:\\\/\\\/cj.estrategia.com\\\/portal\\\/?s={search_term_string}\"},\"query-input\":{\"@type\":\"PropertyValueSpecification\",\"valueRequired\":true,\"valueName\":\"search_term_string\"}}],\"inLanguage\":\"pt-BR\"},{\"@type\":\"Organization\",\"@id\":\"https:\\\/\\\/cj.estrategia.com\\\/portal\\\/#organization\",\"name\":\"Estrat\u00e9gia - Carreiras Jur\u00eddicas\",\"url\":\"https:\\\/\\\/cj.estrategia.com\\\/portal\\\/\",\"logo\":{\"@type\":\"ImageObject\",\"inLanguage\":\"pt-BR\",\"@id\":\"https:\\\/\\\/cj.estrategia.com\\\/portal\\\/#\\\/schema\\\/logo\\\/image\\\/\",\"url\":\"https:\\\/\\\/cj.estrategia.com\\\/portal\\\/wp-content\\\/uploads\\\/2022\\\/03\\\/11151052\\\/cj-logo.png\",\"contentUrl\":\"https:\\\/\\\/cj.estrategia.com\\\/portal\\\/wp-content\\\/uploads\\\/2022\\\/03\\\/11151052\\\/cj-logo.png\",\"width\":150,\"height\":39,\"caption\":\"Estrat\u00e9gia - Carreiras Jur\u00eddicas\"},\"image\":{\"@id\":\"https:\\\/\\\/cj.estrategia.com\\\/portal\\\/#\\\/schema\\\/logo\\\/image\\\/\"},\"sameAs\":[\"https:\\\/\\\/www.facebook.com\\\/estrategiacarreirajuridica\\\/\",\"https:\\\/\\\/x.com\\\/EstratJuridica\",\"https:\\\/\\\/www.instagram.com\\\/estrategiacarreirajuridica\\\/\",\"https:\\\/\\\/www.youtube.com\\\/channel\\\/UClbMGuYbj2Mh1m3w144ETWQ\"]},{\"@type\":\"Person\",\"@id\":\"https:\\\/\\\/cj.estrategia.com\\\/portal\\\/#\\\/schema\\\/person\\\/771b883c8ee8ccd97e579a50988db032\",\"name\":\"Jose Mendes Lima Aguiar\",\"image\":{\"@type\":\"ImageObject\",\"inLanguage\":\"pt-BR\",\"@id\":\"https:\\\/\\\/secure.gravatar.com\\\/avatar\\\/9de6360b81109e7efcabd12f27cceb9f2aaa24687eff693fcfce9d1ac42b44a4?s=96&d=mm&r=g\",\"url\":\"https:\\\/\\\/secure.gravatar.com\\\/avatar\\\/9de6360b81109e7efcabd12f27cceb9f2aaa24687eff693fcfce9d1ac42b44a4?s=96&d=mm&r=g\",\"contentUrl\":\"https:\\\/\\\/secure.gravatar.com\\\/avatar\\\/9de6360b81109e7efcabd12f27cceb9f2aaa24687eff693fcfce9d1ac42b44a4?s=96&d=mm&r=g\",\"caption\":\"Jose Mendes Lima Aguiar\"},\"url\":\"https:\\\/\\\/cj.estrategia.com\\\/portal\\\/author\\\/jose-mendes\\\/\"}]}<\/script>\n<!-- \/ Yoast SEO Premium plugin. -->","yoast_head_json":{"title":"A compet\u00eancia da Justi\u00e7a Eleitoral: o JECRIM","description":"An\u00e1lise sobre a compet\u00eancia da Justi\u00e7a Eleitoral, segundo a jurisprud\u00eancia, abordando o Juizado Especial Criminal - JECRIM.","robots":{"index":"index","follow":"follow","max-snippet":"max-snippet:-1","max-image-preview":"max-image-preview:large","max-video-preview":"max-video-preview:-1"},"canonical":"https:\/\/cj.estrategia.com\/portal\/competencia-justica-eleitoral-jecrim\/","og_locale":"pt_BR","og_type":"article","og_title":"A compet\u00eancia da Justi\u00e7a Eleitoral: o Juizado Especial Criminal - JECRIM","og_description":"An\u00e1lise sobre a compet\u00eancia da Justi\u00e7a Eleitoral, segundo a jurisprud\u00eancia, abordando o Juizado Especial Criminal - JECRIM.","og_url":"https:\/\/cj.estrategia.com\/portal\/competencia-justica-eleitoral-jecrim\/","og_site_name":"Blog - Carreiras Jur\u00eddicas - Estrat\u00e9gia","article_publisher":"https:\/\/www.facebook.com\/estrategiacarreirajuridica\/","article_published_time":"2024-08-08T17:37:00+00:00","og_image":[{"width":620,"height":300,"url":"https:\/\/cj.estrategia.com\/portal\/wp-content\/uploads\/2024\/05\/24054518\/00c75370-fcc5-4071-9c68-43fffbb8ad54.jpeg","type":"image\/jpeg"}],"author":"Jose Mendes Lima Aguiar","twitter_card":"summary_large_image","twitter_creator":"@EstratJuridica","twitter_site":"@EstratJuridica","twitter_misc":{"Escrito por":"Jose Mendes Lima Aguiar","Est. tempo de leitura":"12 minutos"},"schema":{"@context":"https:\/\/schema.org","@graph":[{"@type":"NewsArticle","@id":"https:\/\/cj.estrategia.com\/portal\/competencia-justica-eleitoral-jecrim\/#article","isPartOf":{"@id":"https:\/\/cj.estrategia.com\/portal\/competencia-justica-eleitoral-jecrim\/"},"author":{"name":"Jose Mendes Lima Aguiar","@id":"https:\/\/cj.estrategia.com\/portal\/#\/schema\/person\/771b883c8ee8ccd97e579a50988db032"},"headline":"A compet\u00eancia da Justi\u00e7a Eleitoral: o Juizado Especial Criminal &#8211; JECRIM","datePublished":"2024-08-08T17:37:00+00:00","mainEntityOfPage":{"@id":"https:\/\/cj.estrategia.com\/portal\/competencia-justica-eleitoral-jecrim\/"},"wordCount":2212,"commentCount":0,"publisher":{"@id":"https:\/\/cj.estrategia.com\/portal\/#organization"},"image":{"@id":"https:\/\/cj.estrategia.com\/portal\/competencia-justica-eleitoral-jecrim\/#primaryimage"},"thumbnailUrl":"https:\/\/cj.estrategia.com\/portal\/wp-content\/uploads\/2024\/05\/24054518\/00c75370-fcc5-4071-9c68-43fffbb8ad54.jpeg","keywords":["compet\u00eancia","concursos jur\u00eddicos","justi\u00e7a eleitoral","tse"],"articleSection":["Carreiras Jur\u00eddicas"],"inLanguage":"pt-BR","potentialAction":[{"@type":"CommentAction","name":"Comment","target":["https:\/\/cj.estrategia.com\/portal\/competencia-justica-eleitoral-jecrim\/#respond"]}]},{"@type":"WebPage","@id":"https:\/\/cj.estrategia.com\/portal\/competencia-justica-eleitoral-jecrim\/","url":"https:\/\/cj.estrategia.com\/portal\/competencia-justica-eleitoral-jecrim\/","name":"A compet\u00eancia da Justi\u00e7a Eleitoral: o JECRIM","isPartOf":{"@id":"https:\/\/cj.estrategia.com\/portal\/#website"},"primaryImageOfPage":{"@id":"https:\/\/cj.estrategia.com\/portal\/competencia-justica-eleitoral-jecrim\/#primaryimage"},"image":{"@id":"https:\/\/cj.estrategia.com\/portal\/competencia-justica-eleitoral-jecrim\/#primaryimage"},"thumbnailUrl":"https:\/\/cj.estrategia.com\/portal\/wp-content\/uploads\/2024\/05\/24054518\/00c75370-fcc5-4071-9c68-43fffbb8ad54.jpeg","datePublished":"2024-08-08T17:37:00+00:00","description":"An\u00e1lise sobre a compet\u00eancia da Justi\u00e7a Eleitoral, segundo a jurisprud\u00eancia, abordando o Juizado Especial Criminal - JECRIM.","breadcrumb":{"@id":"https:\/\/cj.estrategia.com\/portal\/competencia-justica-eleitoral-jecrim\/#breadcrumb"},"inLanguage":"pt-BR","potentialAction":[{"@type":"ReadAction","target":["https:\/\/cj.estrategia.com\/portal\/competencia-justica-eleitoral-jecrim\/"]}]},{"@type":"ImageObject","inLanguage":"pt-BR","@id":"https:\/\/cj.estrategia.com\/portal\/competencia-justica-eleitoral-jecrim\/#primaryimage","url":"https:\/\/cj.estrategia.com\/portal\/wp-content\/uploads\/2024\/05\/24054518\/00c75370-fcc5-4071-9c68-43fffbb8ad54.jpeg","contentUrl":"https:\/\/cj.estrategia.com\/portal\/wp-content\/uploads\/2024\/05\/24054518\/00c75370-fcc5-4071-9c68-43fffbb8ad54.jpeg","width":620,"height":300,"caption":"Campanha Eleitoral"},{"@type":"BreadcrumbList","@id":"https:\/\/cj.estrategia.com\/portal\/competencia-justica-eleitoral-jecrim\/#breadcrumb","itemListElement":[{"@type":"ListItem","position":1,"name":"In\u00edcio","item":"https:\/\/cj.estrategia.com\/portal\/"},{"@type":"ListItem","position":2,"name":"A compet\u00eancia da Justi\u00e7a Eleitoral: o Juizado Especial Criminal &#8211; JECRIM"}]},{"@type":"WebSite","@id":"https:\/\/cj.estrategia.com\/portal\/#website","url":"https:\/\/cj.estrategia.com\/portal\/","name":"Blog - Carreiras Jur\u00eddicas - Estrat\u00e9gia","description":"","publisher":{"@id":"https:\/\/cj.estrategia.com\/portal\/#organization"},"potentialAction":[{"@type":"SearchAction","target":{"@type":"EntryPoint","urlTemplate":"https:\/\/cj.estrategia.com\/portal\/?s={search_term_string}"},"query-input":{"@type":"PropertyValueSpecification","valueRequired":true,"valueName":"search_term_string"}}],"inLanguage":"pt-BR"},{"@type":"Organization","@id":"https:\/\/cj.estrategia.com\/portal\/#organization","name":"Estrat\u00e9gia - Carreiras Jur\u00eddicas","url":"https:\/\/cj.estrategia.com\/portal\/","logo":{"@type":"ImageObject","inLanguage":"pt-BR","@id":"https:\/\/cj.estrategia.com\/portal\/#\/schema\/logo\/image\/","url":"https:\/\/cj.estrategia.com\/portal\/wp-content\/uploads\/2022\/03\/11151052\/cj-logo.png","contentUrl":"https:\/\/cj.estrategia.com\/portal\/wp-content\/uploads\/2022\/03\/11151052\/cj-logo.png","width":150,"height":39,"caption":"Estrat\u00e9gia - Carreiras Jur\u00eddicas"},"image":{"@id":"https:\/\/cj.estrategia.com\/portal\/#\/schema\/logo\/image\/"},"sameAs":["https:\/\/www.facebook.com\/estrategiacarreirajuridica\/","https:\/\/x.com\/EstratJuridica","https:\/\/www.instagram.com\/estrategiacarreirajuridica\/","https:\/\/www.youtube.com\/channel\/UClbMGuYbj2Mh1m3w144ETWQ"]},{"@type":"Person","@id":"https:\/\/cj.estrategia.com\/portal\/#\/schema\/person\/771b883c8ee8ccd97e579a50988db032","name":"Jose Mendes Lima Aguiar","image":{"@type":"ImageObject","inLanguage":"pt-BR","@id":"https:\/\/secure.gravatar.com\/avatar\/9de6360b81109e7efcabd12f27cceb9f2aaa24687eff693fcfce9d1ac42b44a4?s=96&d=mm&r=g","url":"https:\/\/secure.gravatar.com\/avatar\/9de6360b81109e7efcabd12f27cceb9f2aaa24687eff693fcfce9d1ac42b44a4?s=96&d=mm&r=g","contentUrl":"https:\/\/secure.gravatar.com\/avatar\/9de6360b81109e7efcabd12f27cceb9f2aaa24687eff693fcfce9d1ac42b44a4?s=96&d=mm&r=g","caption":"Jose Mendes Lima Aguiar"},"url":"https:\/\/cj.estrategia.com\/portal\/author\/jose-mendes\/"}]}},"jetpack_featured_media_url":"https:\/\/cj.estrategia.com\/portal\/wp-content\/uploads\/2024\/05\/24054518\/00c75370-fcc5-4071-9c68-43fffbb8ad54.jpeg","jetpack_sharing_enabled":true,"_links":{"self":[{"href":"https:\/\/cj.estrategia.com\/portal\/wp-json\/wp\/v2\/posts\/69872","targetHints":{"allow":["GET"]}}],"collection":[{"href":"https:\/\/cj.estrategia.com\/portal\/wp-json\/wp\/v2\/posts"}],"about":[{"href":"https:\/\/cj.estrategia.com\/portal\/wp-json\/wp\/v2\/types\/post"}],"author":[{"embeddable":true,"href":"https:\/\/cj.estrategia.com\/portal\/wp-json\/wp\/v2\/users\/55"}],"replies":[{"embeddable":true,"href":"https:\/\/cj.estrategia.com\/portal\/wp-json\/wp\/v2\/comments?post=69872"}],"version-history":[{"count":2,"href":"https:\/\/cj.estrategia.com\/portal\/wp-json\/wp\/v2\/posts\/69872\/revisions"}],"predecessor-version":[{"id":69874,"href":"https:\/\/cj.estrategia.com\/portal\/wp-json\/wp\/v2\/posts\/69872\/revisions\/69874"}],"wp:featuredmedia":[{"embeddable":true,"href":"https:\/\/cj.estrategia.com\/portal\/wp-json\/wp\/v2\/media\/64046"}],"wp:attachment":[{"href":"https:\/\/cj.estrategia.com\/portal\/wp-json\/wp\/v2\/media?parent=69872"}],"wp:term":[{"taxonomy":"category","embeddable":true,"href":"https:\/\/cj.estrategia.com\/portal\/wp-json\/wp\/v2\/categories?post=69872"},{"taxonomy":"post_tag","embeddable":true,"href":"https:\/\/cj.estrategia.com\/portal\/wp-json\/wp\/v2\/tags?post=69872"},{"taxonomy":"tax_estado","embeddable":true,"href":"https:\/\/cj.estrategia.com\/portal\/wp-json\/wp\/v2\/tax_estado?post=69872"}],"curies":[{"name":"wp","href":"https:\/\/api.w.org\/{rel}","templated":true}]}}