{"id":69841,"date":"2024-07-20T12:44:26","date_gmt":"2024-07-20T15:44:26","guid":{"rendered":"https:\/\/cj.estrategia.com\/portal\/?p=69841"},"modified":"2024-07-24T17:57:22","modified_gmt":"2024-07-24T20:57:22","slug":"apelido-capivara-indenizacao","status":"publish","type":"post","link":"https:\/\/cj.estrategia.com\/portal\/apelido-capivara-indenizacao\/","title":{"rendered":"Justi\u00e7a entende que apelido de capivara n\u00e3o gera indeniza\u00e7\u00e3o"},"content":{"rendered":"\n<p>Justi\u00e7a do Trabalho negou indeniza\u00e7\u00e3o a uma trabalhadora apelidada de &#8220;capivara&#8221; pelo empregador por considerar que o apelido n\u00e3o \u00e9 ofensivo.<\/p>\n\n\n\n<p class=\"has-small-font-size\"><strong>* Thiago de Paula Leite \u00e9 procurador do Estado de S\u00e3o Paulo e professor de direito ambiental e agr\u00e1rio do Estrat\u00e9gia.<\/strong><\/p>\n\n\n\n<h2 class=\"wp-block-heading\" id=\"h-entenda-o-caso\"><span id=\"entenda-o-caso\">Entenda o caso<\/span><\/h2>\n\n\n\n<p>O Juiz do Trabalho substituto Jos\u00e9 Aguiar Linhares Lima Neto, da 5\u00aa vara do Trabalho de Campinas\/SP, negou indeniza\u00e7\u00e3o a uma trabalhadora que alegou ter sido chamada de &#8220;capivara&#8221; pelo empregador.<\/p>\n\n\n\n<p>Segundo o magistrado, <strong>o uso de nomes de animais pode ser ofensivo (como &#8220;burro&#8221;, &#8220;baleia&#8221; ou &#8220;cavalo&#8221;) ou elogioso (como &#8220;gato&#8221;, &#8220;peixinho&#8221; ou &#8220;tubar\u00e3o&#8221;), <mark style=\"background-color:rgba(0, 0, 0, 0)\" class=\"has-inline-color has-vivid-cyan-blue-color\">e &#8220;capivara&#8221; n\u00e3o se enquadra em nenhum desses extremos<\/mark><\/strong>, o que afastaria a conduta il\u00edcita do empregador.<\/p>\n\n\n\n<p class=\"has-cyan-bluish-gray-background-color has-background has-small-font-size\"><em>No que toca ao apelido de capivara, n\u00e3o apenas a prova da mat\u00e9ria restou dividida, pois as testemunhas ouvidas se limitaram a ratificar as teses daqueles que as conduziram a ju\u00edzo, saliento que a refer\u00eancia a algu\u00e9m como \u201ccapivara\u201d n\u00e3o retrata conduta il\u00edcita do empregador. (trecho da senten\u00e7a)<\/em><\/p>\n\n\n\n<p>A empregada afirmou, na reclama\u00e7\u00e3o trabalhista, ter sofrido ass\u00e9dio moral devido a cobran\u00e7as excessivas de metas, amea\u00e7as de demiss\u00e3o e o uso do apelido &#8220;capivara&#8221;.<\/p>\n\n\n\n<p>Por\u00e9m, em rela\u00e7\u00e3o aos demais argumentos da reclamante o magistrado registrou que n\u00e3o restaram demonstradas as amea\u00e7as e as cobran\u00e7as excessivas.<\/p>\n\n\n\n<p>Interessante que tamb\u00e9m se utiliza o termo &#8220;capivara&#8221; no meio criminal (<em>puxar a capivara<\/em> ou <em>levantar a capivara<\/em>), principalmente, para descrever o ato de investigar ou verificar os antecedentes de uma pessoa.<\/p>\n\n\n\n<h2 class=\"wp-block-heading\" id=\"h-assedio-moral-1\"><span id=\"assedio-moral1\">Ass\u00e9dio Moral<sup data-fn=\"0850bbb0-fd47-45b3-996a-8800fe06c987\" class=\"fn\"><a href=\"#0850bbb0-fd47-45b3-996a-8800fe06c987\" id=\"0850bbb0-fd47-45b3-996a-8800fe06c987-link\">1<\/a><\/sup><\/span><\/h2>\n\n\n\n<p>No site do Conselho Nacional de Justi\u00e7a (CNJ), define-se o ass\u00e9dio moral da seguinte forma: \u201c<strong><mark style=\"background-color:rgba(0, 0, 0, 0)\" class=\"has-inline-color has-vivid-green-cyan-color\">toda conduta abusiva, a exemplo de gestos, palavras e atitudes que se repitam de forma sistem\u00e1tica, atingindo a dignidade ou integridade ps\u00edquica ou f\u00edsica de um trabalhador<\/mark><\/strong>\u201d.<\/p>\n\n\n\n<p>Ademais, \u00e9 importante pontuar que, para a configura\u00e7\u00e3o do ass\u00e9dio moral, \u00e9 necess\u00e1ria que a conduta seja reiterada e prolongada no tempo, com a inten\u00e7\u00e3o de desestabilizar emocionalmente a v\u00edtima. Epis\u00f3dios isolados podem at\u00e9 caracterizar dano moral, mas n\u00e3o necessariamente configuram ass\u00e9dio moral.<\/p>\n\n\n\n<p>Exemplos de <strong><mark style=\"background-color:rgba(0, 0, 0, 0)\" class=\"has-inline-color has-vivid-red-color\">pr\u00e1ticas <\/mark><\/strong>que podem caracterizar ass\u00e9dio moral:<\/p>\n\n\n\n<ul class=\"wp-block-list\">\n<li><strong>Contestar ou criticar constantemente o trabalho da pessoa<\/strong>;<\/li>\n\n\n\n<li><strong>Sobrecarreg\u00e1-la com novas tarefas ou deix\u00e1-la propositalmente no \u00f3cio, provocando a sensa\u00e7\u00e3o de inutilidade e incompet\u00eancia<\/strong>;<\/li>\n\n\n\n<li><strong>Ignorar deliberadamente a presen\u00e7a da v\u00edtima<\/strong>;<\/li>\n\n\n\n<li><strong>Divulgar boatos ofensivos sobre a sua pessoa<\/strong>;<\/li>\n\n\n\n<li><strong>Dirigir-se a ela aos gritos<\/strong>;<\/li>\n\n\n\n<li><strong>Amea\u00e7ar sua integridade f\u00edsica<\/strong>.<\/li>\n<\/ul>\n\n\n\n<p><strong><mark style=\"background-color:rgba(0, 0, 0, 0)\" class=\"has-inline-color has-vivid-red-color\">Consequ\u00eancias<\/mark><\/strong> que o ass\u00e9dio moral pode trazer:<\/p>\n\n\n\n<ul class=\"wp-block-list\">\n<li><strong>Diminui\u00e7\u00e3o da autoestima do trabalhador<\/strong>;<\/li>\n\n\n\n<li><strong>Desmotiva\u00e7\u00e3o<\/strong>;<\/li>\n\n\n\n<li><strong>Produtividade reduzida<\/strong>;<\/li>\n\n\n\n<li><strong>Rotatividade de pessoal<\/strong>;<\/li>\n\n\n\n<li><strong>Aumento de erros e acidentes<\/strong>;<\/li>\n\n\n\n<li><strong>Absente\u00edsmo (falta de pontualidade e assiduidade do trabalhador)<\/strong>;<\/li>\n\n\n\n<li><strong>Licen\u00e7as m\u00e9dicas frequentes<\/strong>;<\/li>\n\n\n\n<li><strong>Exposi\u00e7\u00e3o negativa do nome do \u00f3rg\u00e3o ou institui\u00e7\u00e3o<\/strong>.<\/li>\n<\/ul>\n\n\n\n<p>Portanto, colocar o apelido de \u201ccapivara\u201d em uma funcion\u00e1ria pode sim, em tese, se considerar como uma pr\u00e1tica caracterizadora do ass\u00e9dio moral. E, em consequ\u00eancia, isso ainda pode gerar direito a <strong>indeniza\u00e7\u00e3o<\/strong>, principalmente se ela [a express\u00e3o &#8220;capivara&#8221;] tiver objetivo de humilhar, de diminuir e de ridicularizar essa trabalhadora.<\/p>\n\n\n\n<h3 class=\"wp-block-heading\" id=\"h-cultura-baseada-na-etica\"><span id=\"cultura-baseada-na-etica\">Cultura baseada na \u00e9tica<\/span><\/h3>\n\n\n\n<p>Apenas a t\u00edtulo de exemplo, j\u00e1 pensou o que aconteceria <strong>se a empregada tivesse chamado seu chefe<\/strong> de \u201ccapivara\u201d na frente da diretoria da empresa? Provavelmente ela receberia demiss\u00e3o por justa causa.<\/p>\n\n\n\n<p>O aumento da confian\u00e7a da sociedade nas institui\u00e7\u00f5es, como o pr\u00f3prio Estado, os Poderes da Rep\u00fablica, as universidades, ou mesmo em rela\u00e7\u00e3o \u00e0s empresas empregadoras, passa necessariamente pela <strong><mark style=\"background-color:rgba(0, 0, 0, 0)\" class=\"has-inline-color has-vivid-cyan-blue-color\">promo\u00e7\u00e3o e incentivo de uma cultura de integridade, baseada na \u00e9tica e no desenvolvimento de uma organiza\u00e7\u00e3o fundamentada em valores como respeito, honestidade e transpar\u00eancia<\/mark><\/strong>.<\/p>\n\n\n\n<h3 class=\"wp-block-heading\" id=\"h-rescisao-indireta\"><span id=\"rescisao-indireta\">Rescis\u00e3o indireta<\/span><\/h3>\n\n\n\n<p><strong><mark style=\"background-color:rgba(0, 0, 0, 0)\" class=\"has-inline-color has-vivid-red-color\">O ass\u00e9dio moral pode ser considerado justa causa para a rescis\u00e3o indireta do contrato de trabalho<\/mark><\/strong>, ou seja, o trabalhador que sofre ass\u00e9dio moral no trabalho pode pedir demiss\u00e3o com direito a receber todas as verbas, como se estivesse recebido demiss\u00e3o, sem preju\u00edzo da indeniza\u00e7\u00e3o pelo dano sofrido.<\/p>\n\n\n<div class=\"wp-block-image\">\n<figure class=\"aligncenter size-full\"><img decoding=\"async\" width=\"471\" height=\"105\" src=\"https:\/\/cj.estrategia.com\/portal\/wp-content\/uploads\/2024\/07\/20115059\/Captura-de-tela-2024-07-20-115029.png\" alt=\"Apelido rescisao indireta\" class=\"wp-image-69845\" srcset=\"https:\/\/cj.estrategia.com\/portal\/wp-content\/uploads\/2024\/07\/20115059\/Captura-de-tela-2024-07-20-115029.png 471w, https:\/\/cj.estrategia.com\/portal\/wp-content\/uploads\/2024\/07\/20115059\/Captura-de-tela-2024-07-20-115029-300x67.png 300w, https:\/\/cj.estrategia.com\/portal\/wp-content\/uploads\/2024\/07\/20115059\/Captura-de-tela-2024-07-20-115029-380x85.png 380w, https:\/\/cj.estrategia.com\/portal\/wp-content\/uploads\/2024\/07\/20115059\/Captura-de-tela-2024-07-20-115029-150x33.png 150w\" sizes=\"(max-width: 471px) 100vw, 471px\" \/><\/figure>\n<\/div>\n\n\n<p>A <strong>v\u00edtima <\/strong>pode, por meio de reclama\u00e7\u00e3o trabalhista, buscar a <strong>rescis\u00e3o indireta<\/strong> do contrato de trabalho, a indeniza\u00e7\u00e3o por danos morais e a indeniza\u00e7\u00e3o por danos materiais.<\/p>\n\n\n\n<p>A <strong>indeniza\u00e7\u00e3o por danos morais<\/strong> \u00e9 a repara\u00e7\u00e3o pelo sofrimento psicol\u00f3gico causado pela conduta abusiva do agressor. A indeniza\u00e7\u00e3o por danos materiais necessita de prova espec\u00edfica do gasto ou da perda financeira decorrentes do ass\u00e9dio.<\/p>\n\n\n\n<p>O <strong>artigo 483, da CLT<\/strong>, enumera as faltas graves do empregador que podem motivar a rescis\u00e3o indireta. Entre elas est\u00e3o o descumprimento de obriga\u00e7\u00f5es contratuais, atos lesivos \u00e0 honra do empregado e sua submiss\u00e3o a perigo manifesto de mal consider\u00e1vel.<\/p>\n\n\n\n<pre class=\"wp-block-preformatted\">Art. 483 - O empregado poder\u00e1 considerar rescindido o contrato e pleitear a devida indeniza\u00e7\u00e3o quando:\n\na) forem exigidos servi\u00e7os superiores \u00e0s suas for\u00e7as, defesos por lei, contr\u00e1rios aos bons costumes, ou alheios ao contrato;\n\nb) for tratado pelo empregador ou por seus superiores hier\u00e1rquicos com rigor excessivo;\n\n<strong>c) correr perigo manifesto de mal consider\u00e1vel;<\/strong>\n\n<strong>d) n\u00e3o cumprir o empregador as obriga\u00e7\u00f5es do contrato;<\/strong>\n\n<strong>e) praticar o empregador ou seus prepostos, contra ele ou pessoas de sua fam\u00edlia, ato lesivo da honra e boa fama;<\/strong>\n\nf) o empregador ou seus prepostos ofenderem-no fisicamente, salvo em caso de leg\u00edtima defesa, pr\u00f3pria ou de outrem;\n\ng) o empregador reduzir o seu trabalho, sendo este por pe\u00e7a ou tarefa, de forma a afetar sensivelmente a import\u00e2ncia dos sal\u00e1rios.<\/pre>\n\n\n\n<p>Portanto, apesar do magistrado, no caso analisado, n\u00e3o considerar ofensivo o apelido \u201ccapivara\u201d dado \u00e0 funcion\u00e1ria, isso<strong> n\u00e3o quer dizer que a pr\u00e1tica ser\u00e1 sempre considerada l\u00edcita ou em conformidade com a legisla\u00e7\u00e3o<\/strong>. Tudo depender\u00e1 da prova dos autos e do entendimento do magistrado.<\/p>\n\n\n\n<h2 class=\"wp-block-heading\" id=\"h-outros-casos\"><span id=\"outros-casos\">Outros casos<\/span><\/h2>\n\n\n\n<p>Inclusive esse caso pode se reverter nas inst\u00e2ncias superiores, haja vista que o Judici\u00e1rio trabalhista n\u00e3o costuma validar pr\u00e1ticas violadoras dos direitos dos trabalhadores.<\/p>\n\n\n\n<p>Um exemplo disso \u00e9 o caso em que uma empresa de varejo de Cuiab\u00e1 foi condenada a pagar <strong>10 mil reais<\/strong> de indeniza\u00e7\u00e3o por danos morais a uma ex-gerente chamada constantemente de &#8220;capivara&#8221; no ambiente de trabalho e em grupos de bate-papo pelo celular (TRT-23, Processo PJe 0001181-61.2017.5.23.0006).<\/p>\n\n\n\n<p>Tema interessante, e que pode surgir em provas de direito do trabalho, em especial nos concursos para magistratura do trabalho, minist\u00e9rio p\u00fablico do trabalho e auditor do trabalho. Portanto, muita aten\u00e7\u00e3o!<\/p>\n\n\n\n<hr class=\"wp-block-separator has-alpha-channel-opacity\"\/>\n\n\n<ol class=\"wp-block-footnotes\"><li id=\"0850bbb0-fd47-45b3-996a-8800fe06c987\">Dispon\u00edvel em: &lt;https:\/\/www.gov.br\/cgu\/pt-br\/centrais-de-conteudo\/campanhas\/integridade-publica\/assedio-moral-e-sexual#:~:text=No%20site%20do%20Conselho%20Nacional,ou%20f%C3%ADsica%20de%20um%20trabalhador%E2%80%9D>. <a href=\"#0850bbb0-fd47-45b3-996a-8800fe06c987-link\" aria-label=\"Ir para a refer\u00eancia 1 na nota de rodap\u00e9\">\u21a9\ufe0e<\/a><\/li><\/ol>\n\n\n<hr class=\"wp-block-separator has-alpha-channel-opacity\"\/>\n\n\n\n<h2 class=\"wp-block-heading has-text-align-center\" id=\"h-quer-saber-quais-serao-os-proximos-concursos\"><span id=\"quer-saber-quais-serao-os-proximos-concursos\">Quer saber quais ser\u00e3o os pr\u00f3ximos concursos?<\/span><\/h2>\n\n\n\n<p class=\"has-text-align-center\">Confira nossos&nbsp;<a href=\"https:\/\/cj.estrategia.com\/portal\/\" target=\"_blank\" >artigos para Carreiras Jur\u00eddicas<\/a>!<\/p>\n\n\n\n<p class=\"has-text-align-center has-white-color has-pale-cyan-blue-background-color has-text-color has-background has-link-color wp-elements-f3d5123bb0c8e11604d0c8c7f1ea8be8\"><a href=\"https:\/\/www.estrategiaconcursos.com.br\/blog\/concursos-abertos\/\" target=\"_blank\" >Confira os concursos p\u00fablicos abertos<\/a><\/p>\n\n\n\n<p class=\"has-text-align-center has-white-color has-pale-cyan-blue-background-color has-text-color has-background has-link-color wp-elements-94f2aad2f2b05ea3152ac5320a17d121\"><a href=\"https:\/\/cj.estrategia.com\/portal\/web-stories\/\" target=\"_blank\" >Concursos 2024<\/a><\/p>\n","protected":false},"excerpt":{"rendered":"Justi\u00e7a do Trabalho negou indeniza\u00e7\u00e3o a uma trabalhadora apelidada de &#8220;capivara&#8221; pelo empregador por considerar que o apelido&hellip;\n","protected":false},"author":81,"featured_media":69850,"comment_status":"open","ping_status":"open","sticky":false,"template":"","format":"standard","meta":{"_jetpack_memberships_contains_paid_content":false,"footnotes":"[{\"content\":\"Dispon\u00edvel em: &lt;https:\/\/www.gov.br\/cgu\/pt-br\/centrais-de-conteudo\/campanhas\/integridade-publica\/assedio-moral-e-sexual#:~:text=No%20site%20do%20Conselho%20Nacional,ou%20f%C3%ADsica%20de%20um%20trabalhador%E2%80%9D>.\",\"id\":\"0850bbb0-fd47-45b3-996a-8800fe06c987\"}]"},"categories":[1],"tags":[311,309,310,313,312],"tax_estado":[30,31,32,33,34,35,37,38,39,40,41,42,43,44,45,46,47,48,49,50,51,52,53,54,55,56,57],"class_list":{"0":"post-69841","1":"post","2":"type-post","3":"status-publish","4":"format-standard","5":"has-post-thumbnail","7":"category-carreiras-juridicas","8":"tag-apelido-no-trabalho","9":"tag-assedio-moral","10":"tag-capivara","11":"tag-indenizacao-trabalhista","12":"tag-rescisao-indireta","13":"tax_estado-ac","14":"tax_estado-al","15":"tax_estado-am","16":"tax_estado-ap","17":"tax_estado-ba","18":"tax_estado-ce","19":"tax_estado-df","20":"tax_estado-es","21":"tax_estado-go","22":"tax_estado-ma","23":"tax_estado-mg","24":"tax_estado-ms","25":"tax_estado-mt","26":"tax_estado-pa","27":"tax_estado-pb","28":"tax_estado-pe","29":"tax_estado-pi","30":"tax_estado-pr","31":"tax_estado-rj","32":"tax_estado-rn","33":"tax_estado-ro","34":"tax_estado-rr","35":"tax_estado-rs","36":"tax_estado-sc","37":"tax_estado-se","38":"tax_estado-sp","39":"tax_estado-to"},"acf":[],"yoast_head":"<!-- This site is optimized with the Yoast SEO Premium plugin v27.4 (Yoast SEO v27.4) - https:\/\/yoast.com\/product\/yoast-seo-premium-wordpress\/ -->\n<title>Apelido de capivara n\u00e3o gera indeniza\u00e7\u00e3o<\/title>\n<meta name=\"description\" content=\"Justi\u00e7a do Trabalho negou indeniza\u00e7\u00e3o a uma trabalhadora apelidada de &quot;capivara&quot; pelo empregador por considerar que o apelido n\u00e3o \u00e9 ofensivo.\" \/>\n<meta name=\"robots\" content=\"index, follow, max-snippet:-1, max-image-preview:large, max-video-preview:-1\" \/>\n<link rel=\"canonical\" href=\"https:\/\/cj.estrategia.com\/portal\/apelido-capivara-indenizacao\/\" \/>\n<meta property=\"og:locale\" content=\"pt_BR\" \/>\n<meta property=\"og:type\" content=\"article\" \/>\n<meta property=\"og:title\" content=\"Justi\u00e7a entende que apelido de capivara n\u00e3o gera indeniza\u00e7\u00e3o\" \/>\n<meta property=\"og:description\" content=\"Justi\u00e7a do Trabalho negou indeniza\u00e7\u00e3o a uma trabalhadora apelidada de &quot;capivara&quot; pelo empregador por considerar que o apelido n\u00e3o \u00e9 ofensivo.\" \/>\n<meta property=\"og:url\" content=\"https:\/\/cj.estrategia.com\/portal\/apelido-capivara-indenizacao\/\" \/>\n<meta property=\"og:site_name\" content=\"Blog - Carreiras Jur\u00eddicas - Estrat\u00e9gia\" \/>\n<meta property=\"article:publisher\" content=\"https:\/\/www.facebook.com\/estrategiacarreirajuridica\/\" \/>\n<meta property=\"article:published_time\" content=\"2024-07-20T15:44:26+00:00\" \/>\n<meta property=\"article:modified_time\" content=\"2024-07-24T20:57:22+00:00\" \/>\n<meta property=\"og:image\" content=\"https:\/\/cj.estrategia.com\/portal\/wp-content\/uploads\/2024\/07\/20122311\/capivara-scaled.jpg\" \/>\n\t<meta property=\"og:image:width\" content=\"2560\" \/>\n\t<meta property=\"og:image:height\" content=\"1707\" \/>\n\t<meta property=\"og:image:type\" content=\"image\/jpeg\" \/>\n<meta name=\"author\" content=\"Thiago Leite\" \/>\n<meta name=\"twitter:card\" content=\"summary_large_image\" \/>\n<meta name=\"twitter:creator\" content=\"@EstratJuridica\" \/>\n<meta name=\"twitter:site\" content=\"@EstratJuridica\" \/>\n<meta name=\"twitter:label1\" content=\"Escrito por\" \/>\n\t<meta name=\"twitter:data1\" content=\"Thiago Leite\" \/>\n\t<meta name=\"twitter:label2\" content=\"Est. tempo de leitura\" \/>\n\t<meta name=\"twitter:data2\" content=\"6 minutos\" \/>\n<script type=\"application\/ld+json\" class=\"yoast-schema-graph\">{\"@context\":\"https:\\\/\\\/schema.org\",\"@graph\":[{\"@type\":\"NewsArticle\",\"@id\":\"https:\\\/\\\/cj.estrategia.com\\\/portal\\\/apelido-capivara-indenizacao\\\/#article\",\"isPartOf\":{\"@id\":\"https:\\\/\\\/cj.estrategia.com\\\/portal\\\/apelido-capivara-indenizacao\\\/\"},\"author\":{\"name\":\"Thiago Leite\",\"@id\":\"https:\\\/\\\/cj.estrategia.com\\\/portal\\\/#\\\/schema\\\/person\\\/7d7d2b1c8386e2eeacc0b09cfbc1d0ff\"},\"headline\":\"Justi\u00e7a entende que apelido de capivara n\u00e3o gera indeniza\u00e7\u00e3o\",\"datePublished\":\"2024-07-20T15:44:26+00:00\",\"dateModified\":\"2024-07-24T20:57:22+00:00\",\"mainEntityOfPage\":{\"@id\":\"https:\\\/\\\/cj.estrategia.com\\\/portal\\\/apelido-capivara-indenizacao\\\/\"},\"wordCount\":1007,\"commentCount\":0,\"publisher\":{\"@id\":\"https:\\\/\\\/cj.estrategia.com\\\/portal\\\/#organization\"},\"image\":{\"@id\":\"https:\\\/\\\/cj.estrategia.com\\\/portal\\\/apelido-capivara-indenizacao\\\/#primaryimage\"},\"thumbnailUrl\":\"https:\\\/\\\/cj.estrategia.com\\\/portal\\\/wp-content\\\/uploads\\\/2024\\\/07\\\/20122311\\\/capivara-scaled.jpg\",\"keywords\":[\"apelido no trabalho\",\"ass\u00e9dio moral\",\"capivara\",\"indeniza\u00e7\u00e3o trabalhista\",\"rescis\u00e3o indireta\"],\"articleSection\":[\"Carreiras Jur\u00eddicas\"],\"inLanguage\":\"pt-BR\",\"potentialAction\":[{\"@type\":\"CommentAction\",\"name\":\"Comment\",\"target\":[\"https:\\\/\\\/cj.estrategia.com\\\/portal\\\/apelido-capivara-indenizacao\\\/#respond\"]}]},{\"@type\":\"WebPage\",\"@id\":\"https:\\\/\\\/cj.estrategia.com\\\/portal\\\/apelido-capivara-indenizacao\\\/\",\"url\":\"https:\\\/\\\/cj.estrategia.com\\\/portal\\\/apelido-capivara-indenizacao\\\/\",\"name\":\"Apelido de capivara n\u00e3o gera indeniza\u00e7\u00e3o\",\"isPartOf\":{\"@id\":\"https:\\\/\\\/cj.estrategia.com\\\/portal\\\/#website\"},\"primaryImageOfPage\":{\"@id\":\"https:\\\/\\\/cj.estrategia.com\\\/portal\\\/apelido-capivara-indenizacao\\\/#primaryimage\"},\"image\":{\"@id\":\"https:\\\/\\\/cj.estrategia.com\\\/portal\\\/apelido-capivara-indenizacao\\\/#primaryimage\"},\"thumbnailUrl\":\"https:\\\/\\\/cj.estrategia.com\\\/portal\\\/wp-content\\\/uploads\\\/2024\\\/07\\\/20122311\\\/capivara-scaled.jpg\",\"datePublished\":\"2024-07-20T15:44:26+00:00\",\"dateModified\":\"2024-07-24T20:57:22+00:00\",\"description\":\"Justi\u00e7a do Trabalho negou indeniza\u00e7\u00e3o a uma trabalhadora apelidada de \\\"capivara\\\" pelo empregador por considerar que o apelido n\u00e3o \u00e9 ofensivo.\",\"breadcrumb\":{\"@id\":\"https:\\\/\\\/cj.estrategia.com\\\/portal\\\/apelido-capivara-indenizacao\\\/#breadcrumb\"},\"inLanguage\":\"pt-BR\",\"potentialAction\":[{\"@type\":\"ReadAction\",\"target\":[\"https:\\\/\\\/cj.estrategia.com\\\/portal\\\/apelido-capivara-indenizacao\\\/\"]}]},{\"@type\":\"ImageObject\",\"inLanguage\":\"pt-BR\",\"@id\":\"https:\\\/\\\/cj.estrategia.com\\\/portal\\\/apelido-capivara-indenizacao\\\/#primaryimage\",\"url\":\"https:\\\/\\\/cj.estrategia.com\\\/portal\\\/wp-content\\\/uploads\\\/2024\\\/07\\\/20122311\\\/capivara-scaled.jpg\",\"contentUrl\":\"https:\\\/\\\/cj.estrategia.com\\\/portal\\\/wp-content\\\/uploads\\\/2024\\\/07\\\/20122311\\\/capivara-scaled.jpg\",\"width\":2560,\"height\":1707},{\"@type\":\"BreadcrumbList\",\"@id\":\"https:\\\/\\\/cj.estrategia.com\\\/portal\\\/apelido-capivara-indenizacao\\\/#breadcrumb\",\"itemListElement\":[{\"@type\":\"ListItem\",\"position\":1,\"name\":\"In\u00edcio\",\"item\":\"https:\\\/\\\/cj.estrategia.com\\\/portal\\\/\"},{\"@type\":\"ListItem\",\"position\":2,\"name\":\"Justi\u00e7a entende que apelido de capivara n\u00e3o gera indeniza\u00e7\u00e3o\"}]},{\"@type\":\"WebSite\",\"@id\":\"https:\\\/\\\/cj.estrategia.com\\\/portal\\\/#website\",\"url\":\"https:\\\/\\\/cj.estrategia.com\\\/portal\\\/\",\"name\":\"Blog - Carreiras Jur\u00eddicas - Estrat\u00e9gia\",\"description\":\"\",\"publisher\":{\"@id\":\"https:\\\/\\\/cj.estrategia.com\\\/portal\\\/#organization\"},\"potentialAction\":[{\"@type\":\"SearchAction\",\"target\":{\"@type\":\"EntryPoint\",\"urlTemplate\":\"https:\\\/\\\/cj.estrategia.com\\\/portal\\\/?s={search_term_string}\"},\"query-input\":{\"@type\":\"PropertyValueSpecification\",\"valueRequired\":true,\"valueName\":\"search_term_string\"}}],\"inLanguage\":\"pt-BR\"},{\"@type\":\"Organization\",\"@id\":\"https:\\\/\\\/cj.estrategia.com\\\/portal\\\/#organization\",\"name\":\"Estrat\u00e9gia - Carreiras Jur\u00eddicas\",\"url\":\"https:\\\/\\\/cj.estrategia.com\\\/portal\\\/\",\"logo\":{\"@type\":\"ImageObject\",\"inLanguage\":\"pt-BR\",\"@id\":\"https:\\\/\\\/cj.estrategia.com\\\/portal\\\/#\\\/schema\\\/logo\\\/image\\\/\",\"url\":\"https:\\\/\\\/cj.estrategia.com\\\/portal\\\/wp-content\\\/uploads\\\/2022\\\/03\\\/11151052\\\/cj-logo.png\",\"contentUrl\":\"https:\\\/\\\/cj.estrategia.com\\\/portal\\\/wp-content\\\/uploads\\\/2022\\\/03\\\/11151052\\\/cj-logo.png\",\"width\":150,\"height\":39,\"caption\":\"Estrat\u00e9gia - Carreiras Jur\u00eddicas\"},\"image\":{\"@id\":\"https:\\\/\\\/cj.estrategia.com\\\/portal\\\/#\\\/schema\\\/logo\\\/image\\\/\"},\"sameAs\":[\"https:\\\/\\\/www.facebook.com\\\/estrategiacarreirajuridica\\\/\",\"https:\\\/\\\/x.com\\\/EstratJuridica\",\"https:\\\/\\\/www.instagram.com\\\/estrategiacarreirajuridica\\\/\",\"https:\\\/\\\/www.youtube.com\\\/channel\\\/UClbMGuYbj2Mh1m3w144ETWQ\"]},{\"@type\":\"Person\",\"@id\":\"https:\\\/\\\/cj.estrategia.com\\\/portal\\\/#\\\/schema\\\/person\\\/7d7d2b1c8386e2eeacc0b09cfbc1d0ff\",\"name\":\"Thiago Leite\",\"image\":{\"@type\":\"ImageObject\",\"inLanguage\":\"pt-BR\",\"@id\":\"https:\\\/\\\/secure.gravatar.com\\\/avatar\\\/15ff5746ff9e313f1248fe2373ce03309054e96387bb9249055458d0c1aaa297?s=96&d=mm&r=g\",\"url\":\"https:\\\/\\\/secure.gravatar.com\\\/avatar\\\/15ff5746ff9e313f1248fe2373ce03309054e96387bb9249055458d0c1aaa297?s=96&d=mm&r=g\",\"contentUrl\":\"https:\\\/\\\/secure.gravatar.com\\\/avatar\\\/15ff5746ff9e313f1248fe2373ce03309054e96387bb9249055458d0c1aaa297?s=96&d=mm&r=g\",\"caption\":\"Thiago Leite\"},\"description\":\"Thiago de Paula Leite \u00e9 procurador do Estado de S\u00e3o Paulo e professor de direito ambiental e agr\u00e1rio do Estrat\u00e9gia.\",\"url\":\"https:\\\/\\\/cj.estrategia.com\\\/portal\\\/author\\\/thiago-leite\\\/\"}]}<\/script>\n<!-- \/ Yoast SEO Premium plugin. -->","yoast_head_json":{"title":"Apelido de capivara n\u00e3o gera indeniza\u00e7\u00e3o","description":"Justi\u00e7a do Trabalho negou indeniza\u00e7\u00e3o a uma trabalhadora apelidada de \"capivara\" pelo empregador por considerar que o apelido n\u00e3o \u00e9 ofensivo.","robots":{"index":"index","follow":"follow","max-snippet":"max-snippet:-1","max-image-preview":"max-image-preview:large","max-video-preview":"max-video-preview:-1"},"canonical":"https:\/\/cj.estrategia.com\/portal\/apelido-capivara-indenizacao\/","og_locale":"pt_BR","og_type":"article","og_title":"Justi\u00e7a entende que apelido de capivara n\u00e3o gera indeniza\u00e7\u00e3o","og_description":"Justi\u00e7a do Trabalho negou indeniza\u00e7\u00e3o a uma trabalhadora apelidada de \"capivara\" pelo empregador por considerar que o apelido n\u00e3o \u00e9 ofensivo.","og_url":"https:\/\/cj.estrategia.com\/portal\/apelido-capivara-indenizacao\/","og_site_name":"Blog - Carreiras Jur\u00eddicas - Estrat\u00e9gia","article_publisher":"https:\/\/www.facebook.com\/estrategiacarreirajuridica\/","article_published_time":"2024-07-20T15:44:26+00:00","article_modified_time":"2024-07-24T20:57:22+00:00","og_image":[{"width":2560,"height":1707,"url":"https:\/\/cj.estrategia.com\/portal\/wp-content\/uploads\/2024\/07\/20122311\/capivara-scaled.jpg","type":"image\/jpeg"}],"author":"Thiago Leite","twitter_card":"summary_large_image","twitter_creator":"@EstratJuridica","twitter_site":"@EstratJuridica","twitter_misc":{"Escrito por":"Thiago Leite","Est. tempo de leitura":"6 minutos"},"schema":{"@context":"https:\/\/schema.org","@graph":[{"@type":"NewsArticle","@id":"https:\/\/cj.estrategia.com\/portal\/apelido-capivara-indenizacao\/#article","isPartOf":{"@id":"https:\/\/cj.estrategia.com\/portal\/apelido-capivara-indenizacao\/"},"author":{"name":"Thiago Leite","@id":"https:\/\/cj.estrategia.com\/portal\/#\/schema\/person\/7d7d2b1c8386e2eeacc0b09cfbc1d0ff"},"headline":"Justi\u00e7a entende que apelido de capivara n\u00e3o gera indeniza\u00e7\u00e3o","datePublished":"2024-07-20T15:44:26+00:00","dateModified":"2024-07-24T20:57:22+00:00","mainEntityOfPage":{"@id":"https:\/\/cj.estrategia.com\/portal\/apelido-capivara-indenizacao\/"},"wordCount":1007,"commentCount":0,"publisher":{"@id":"https:\/\/cj.estrategia.com\/portal\/#organization"},"image":{"@id":"https:\/\/cj.estrategia.com\/portal\/apelido-capivara-indenizacao\/#primaryimage"},"thumbnailUrl":"https:\/\/cj.estrategia.com\/portal\/wp-content\/uploads\/2024\/07\/20122311\/capivara-scaled.jpg","keywords":["apelido no trabalho","ass\u00e9dio moral","capivara","indeniza\u00e7\u00e3o trabalhista","rescis\u00e3o indireta"],"articleSection":["Carreiras Jur\u00eddicas"],"inLanguage":"pt-BR","potentialAction":[{"@type":"CommentAction","name":"Comment","target":["https:\/\/cj.estrategia.com\/portal\/apelido-capivara-indenizacao\/#respond"]}]},{"@type":"WebPage","@id":"https:\/\/cj.estrategia.com\/portal\/apelido-capivara-indenizacao\/","url":"https:\/\/cj.estrategia.com\/portal\/apelido-capivara-indenizacao\/","name":"Apelido de capivara n\u00e3o gera indeniza\u00e7\u00e3o","isPartOf":{"@id":"https:\/\/cj.estrategia.com\/portal\/#website"},"primaryImageOfPage":{"@id":"https:\/\/cj.estrategia.com\/portal\/apelido-capivara-indenizacao\/#primaryimage"},"image":{"@id":"https:\/\/cj.estrategia.com\/portal\/apelido-capivara-indenizacao\/#primaryimage"},"thumbnailUrl":"https:\/\/cj.estrategia.com\/portal\/wp-content\/uploads\/2024\/07\/20122311\/capivara-scaled.jpg","datePublished":"2024-07-20T15:44:26+00:00","dateModified":"2024-07-24T20:57:22+00:00","description":"Justi\u00e7a do Trabalho negou indeniza\u00e7\u00e3o a uma trabalhadora apelidada de \"capivara\" pelo empregador por considerar que o apelido n\u00e3o \u00e9 ofensivo.","breadcrumb":{"@id":"https:\/\/cj.estrategia.com\/portal\/apelido-capivara-indenizacao\/#breadcrumb"},"inLanguage":"pt-BR","potentialAction":[{"@type":"ReadAction","target":["https:\/\/cj.estrategia.com\/portal\/apelido-capivara-indenizacao\/"]}]},{"@type":"ImageObject","inLanguage":"pt-BR","@id":"https:\/\/cj.estrategia.com\/portal\/apelido-capivara-indenizacao\/#primaryimage","url":"https:\/\/cj.estrategia.com\/portal\/wp-content\/uploads\/2024\/07\/20122311\/capivara-scaled.jpg","contentUrl":"https:\/\/cj.estrategia.com\/portal\/wp-content\/uploads\/2024\/07\/20122311\/capivara-scaled.jpg","width":2560,"height":1707},{"@type":"BreadcrumbList","@id":"https:\/\/cj.estrategia.com\/portal\/apelido-capivara-indenizacao\/#breadcrumb","itemListElement":[{"@type":"ListItem","position":1,"name":"In\u00edcio","item":"https:\/\/cj.estrategia.com\/portal\/"},{"@type":"ListItem","position":2,"name":"Justi\u00e7a entende que apelido de capivara n\u00e3o gera indeniza\u00e7\u00e3o"}]},{"@type":"WebSite","@id":"https:\/\/cj.estrategia.com\/portal\/#website","url":"https:\/\/cj.estrategia.com\/portal\/","name":"Blog - Carreiras Jur\u00eddicas - Estrat\u00e9gia","description":"","publisher":{"@id":"https:\/\/cj.estrategia.com\/portal\/#organization"},"potentialAction":[{"@type":"SearchAction","target":{"@type":"EntryPoint","urlTemplate":"https:\/\/cj.estrategia.com\/portal\/?s={search_term_string}"},"query-input":{"@type":"PropertyValueSpecification","valueRequired":true,"valueName":"search_term_string"}}],"inLanguage":"pt-BR"},{"@type":"Organization","@id":"https:\/\/cj.estrategia.com\/portal\/#organization","name":"Estrat\u00e9gia - Carreiras Jur\u00eddicas","url":"https:\/\/cj.estrategia.com\/portal\/","logo":{"@type":"ImageObject","inLanguage":"pt-BR","@id":"https:\/\/cj.estrategia.com\/portal\/#\/schema\/logo\/image\/","url":"https:\/\/cj.estrategia.com\/portal\/wp-content\/uploads\/2022\/03\/11151052\/cj-logo.png","contentUrl":"https:\/\/cj.estrategia.com\/portal\/wp-content\/uploads\/2022\/03\/11151052\/cj-logo.png","width":150,"height":39,"caption":"Estrat\u00e9gia - Carreiras Jur\u00eddicas"},"image":{"@id":"https:\/\/cj.estrategia.com\/portal\/#\/schema\/logo\/image\/"},"sameAs":["https:\/\/www.facebook.com\/estrategiacarreirajuridica\/","https:\/\/x.com\/EstratJuridica","https:\/\/www.instagram.com\/estrategiacarreirajuridica\/","https:\/\/www.youtube.com\/channel\/UClbMGuYbj2Mh1m3w144ETWQ"]},{"@type":"Person","@id":"https:\/\/cj.estrategia.com\/portal\/#\/schema\/person\/7d7d2b1c8386e2eeacc0b09cfbc1d0ff","name":"Thiago Leite","image":{"@type":"ImageObject","inLanguage":"pt-BR","@id":"https:\/\/secure.gravatar.com\/avatar\/15ff5746ff9e313f1248fe2373ce03309054e96387bb9249055458d0c1aaa297?s=96&d=mm&r=g","url":"https:\/\/secure.gravatar.com\/avatar\/15ff5746ff9e313f1248fe2373ce03309054e96387bb9249055458d0c1aaa297?s=96&d=mm&r=g","contentUrl":"https:\/\/secure.gravatar.com\/avatar\/15ff5746ff9e313f1248fe2373ce03309054e96387bb9249055458d0c1aaa297?s=96&d=mm&r=g","caption":"Thiago Leite"},"description":"Thiago de Paula Leite \u00e9 procurador do Estado de S\u00e3o Paulo e professor de direito ambiental e agr\u00e1rio do Estrat\u00e9gia.","url":"https:\/\/cj.estrategia.com\/portal\/author\/thiago-leite\/"}]}},"jetpack_featured_media_url":"https:\/\/cj.estrategia.com\/portal\/wp-content\/uploads\/2024\/07\/20122311\/capivara-scaled.jpg","jetpack_sharing_enabled":true,"_links":{"self":[{"href":"https:\/\/cj.estrategia.com\/portal\/wp-json\/wp\/v2\/posts\/69841","targetHints":{"allow":["GET"]}}],"collection":[{"href":"https:\/\/cj.estrategia.com\/portal\/wp-json\/wp\/v2\/posts"}],"about":[{"href":"https:\/\/cj.estrategia.com\/portal\/wp-json\/wp\/v2\/types\/post"}],"author":[{"embeddable":true,"href":"https:\/\/cj.estrategia.com\/portal\/wp-json\/wp\/v2\/users\/81"}],"replies":[{"embeddable":true,"href":"https:\/\/cj.estrategia.com\/portal\/wp-json\/wp\/v2\/comments?post=69841"}],"version-history":[{"count":3,"href":"https:\/\/cj.estrategia.com\/portal\/wp-json\/wp\/v2\/posts\/69841\/revisions"}],"predecessor-version":[{"id":69853,"href":"https:\/\/cj.estrategia.com\/portal\/wp-json\/wp\/v2\/posts\/69841\/revisions\/69853"}],"wp:featuredmedia":[{"embeddable":true,"href":"https:\/\/cj.estrategia.com\/portal\/wp-json\/wp\/v2\/media\/69850"}],"wp:attachment":[{"href":"https:\/\/cj.estrategia.com\/portal\/wp-json\/wp\/v2\/media?parent=69841"}],"wp:term":[{"taxonomy":"category","embeddable":true,"href":"https:\/\/cj.estrategia.com\/portal\/wp-json\/wp\/v2\/categories?post=69841"},{"taxonomy":"post_tag","embeddable":true,"href":"https:\/\/cj.estrategia.com\/portal\/wp-json\/wp\/v2\/tags?post=69841"},{"taxonomy":"tax_estado","embeddable":true,"href":"https:\/\/cj.estrategia.com\/portal\/wp-json\/wp\/v2\/tax_estado?post=69841"}],"curies":[{"name":"wp","href":"https:\/\/api.w.org\/{rel}","templated":true}]}}