{"id":69793,"date":"2024-07-19T12:04:13","date_gmt":"2024-07-19T15:04:13","guid":{"rendered":"https:\/\/cj.estrategia.com\/portal\/?p=69793"},"modified":"2024-07-19T18:33:31","modified_gmt":"2024-07-19T21:33:31","slug":"pao-de-forma-embriaguez","status":"publish","type":"post","link":"https:\/\/cj.estrategia.com\/portal\/pao-de-forma-embriaguez\/","title":{"rendered":"P\u00e3o de forma e embriaguez ao volante: perigo oculto de pris\u00e3o?"},"content":{"rendered":"<div class=\"wp-block-image\">\n<figure class=\"aligncenter size-full is-resized\"><img decoding=\"async\" width=\"1024\" height=\"1024\" src=\"https:\/\/cj.estrategia.com\/portal\/wp-content\/uploads\/2024\/07\/19113812\/Imagem-do-WhatsApp-de-2024-07-19-as-11.37.34_7ffb7d3a.jpg\" alt=\"P\u00e3o de forma e embriaguez ao volante: perigo oculto de pris\u00e3o?\" class=\"wp-image-69795\" style=\"width:578px;height:auto\" srcset=\"https:\/\/cj.estrategia.com\/portal\/wp-content\/uploads\/2024\/07\/19113812\/Imagem-do-WhatsApp-de-2024-07-19-as-11.37.34_7ffb7d3a.jpg 1024w, https:\/\/cj.estrategia.com\/portal\/wp-content\/uploads\/2024\/07\/19113812\/Imagem-do-WhatsApp-de-2024-07-19-as-11.37.34_7ffb7d3a-300x300.jpg 300w, https:\/\/cj.estrategia.com\/portal\/wp-content\/uploads\/2024\/07\/19113812\/Imagem-do-WhatsApp-de-2024-07-19-as-11.37.34_7ffb7d3a-150x150.jpg 150w, https:\/\/cj.estrategia.com\/portal\/wp-content\/uploads\/2024\/07\/19113812\/Imagem-do-WhatsApp-de-2024-07-19-as-11.37.34_7ffb7d3a-768x768.jpg 768w, https:\/\/cj.estrategia.com\/portal\/wp-content\/uploads\/2024\/07\/19113812\/Imagem-do-WhatsApp-de-2024-07-19-as-11.37.34_7ffb7d3a-80x80.jpg 80w, https:\/\/cj.estrategia.com\/portal\/wp-content\/uploads\/2024\/07\/19113812\/Imagem-do-WhatsApp-de-2024-07-19-as-11.37.34_7ffb7d3a-380x380.jpg 380w, https:\/\/cj.estrategia.com\/portal\/wp-content\/uploads\/2024\/07\/19113812\/Imagem-do-WhatsApp-de-2024-07-19-as-11.37.34_7ffb7d3a-800x800.jpg 800w, https:\/\/cj.estrategia.com\/portal\/wp-content\/uploads\/2024\/07\/19113812\/Imagem-do-WhatsApp-de-2024-07-19-as-11.37.34_7ffb7d3a-24x24.jpg 24w, https:\/\/cj.estrategia.com\/portal\/wp-content\/uploads\/2024\/07\/19113812\/Imagem-do-WhatsApp-de-2024-07-19-as-11.37.34_7ffb7d3a-48x48.jpg 48w, https:\/\/cj.estrategia.com\/portal\/wp-content\/uploads\/2024\/07\/19113812\/Imagem-do-WhatsApp-de-2024-07-19-as-11.37.34_7ffb7d3a-96x96.jpg 96w\" sizes=\"(max-width: 1024px) 100vw, 1024px\" \/><figcaption class=\"wp-element-caption\">P\u00e3o de forma e embriaguez ao volante: perigo oculto de pris\u00e3o?<\/figcaption><\/figure>\n<\/div>\n\n\n<p>*Guilherme Carneiro de Rezende \u00e9 Promotor de Justi\u00e7a, Doutorando em direito e professor de Processo Penal.<\/p>\n\n\n\n<div class=\"wp-block-yoast-seo-table-of-contents yoast-table-of-contents\"><h2 id=\"indice\">\u00cdndice<\/h2><ul><li><a href=\"#h-pao-de-forma-e-embriaguez-ao-volante-perigo-oculto-de-prisao\" data-level=\"2\">P\u00e3o de forma e embriaguez ao volante: perigo oculto de pris\u00e3o?<\/a><ul><li><a href=\"#h-noticia-sobre-alcool-no-pao-de-forma-e-o-crime-de-embriaguez-ao-volante\" data-level=\"3\">Not\u00edcia sobre \u00e1lcool no p\u00e3o de forma e o crime de \u201cembriaguez ao volante\u201d<\/a><ul><li><a href=\"#h-alteracoes-legislativas-relativas-a-embriaguez-ao-volante\" data-level=\"4\">Altera\u00e7\u00f5es legislativas relativas \u00e0 \u201cembriaguez ao volante\u201d<\/a><\/li><li><a href=\"#h-producao-e-onus-probatorio\" data-level=\"4\">Produ\u00e7\u00e3o e \u00f4nus probat\u00f3rio<\/a><\/li><li><a href=\"#h-consequencias-juridicas-possiveis\" data-level=\"4\">Consequ\u00eancias jur\u00eddicas poss\u00edveis<\/a><\/li><\/ul><\/li><li><a href=\"#h-analise-juridica-do-caso-em-questao\" data-level=\"3\">An\u00e1lise jur\u00eddica do caso em quest\u00e3o<\/a><\/li><\/ul><\/li><li><a href=\"#cursos-ficha\" data-level=\"2\">Quer estudar para Concursos Jur\u00eddicos em 2024?<\/a><\/li><\/ul><\/div>\n\n\n\n<h2 class=\"wp-block-heading\" id=\"h-pao-de-forma-e-embriaguez-ao-volante-perigo-oculto-de-prisao\"><span id=\"pao-de-forma-e-embriaguez-ao-volante-perigo-oculto-de-prisao\">P\u00e3o de forma e embriaguez ao volante: perigo oculto de pris\u00e3o?<\/span><\/h2>\n\n\n\n<h3 class=\"wp-block-heading\" id=\"h-noticia-sobre-alcool-no-pao-de-forma-e-o-crime-de-embriaguez-ao-volante\"><span id=\"noticia-sobre-alcool-no-pao-de-forma-e-o-crime-de-embriaguez-ao-volante\">Not\u00edcia sobre \u00e1lcool no p\u00e3o de forma e o crime de \u201cembriaguez ao volante\u201d<\/span><\/h3>\n\n\n\n<p>A mat\u00e9ria jornal\u00edstica diz que foram feitos testes que constataram que haveria \u00e1lcool na composi\u00e7\u00e3o do p\u00e3o de forma. E mais, que a quantidade de \u00e1lcool seria suficiente para acusar no baf\u00f4metro!<\/p>\n\n\n\n<p><strong>Imagine voc\u00ea, ap\u00f3s tomar caf\u00e9 da manh\u00e3, sair em dire\u00e7\u00e3o ao seu trabalho e, ao parar numa blitz, ser acusado de praticar o crime de embriaguez ao volante!<\/strong><\/p>\n\n\n\n<p>O crime vem previsto no artigo 306, do C\u00f3digo de Tr\u00e2nsito Brasileiro, que diz \u201cconduzir ve\u00edculo automotor com capacidade psicomotora alterada em raz\u00e3o da influ\u00eancia de \u00e1lcool ou de outra subst\u00e2ncia psicoativa que determine depend\u00eancia\u201d.<\/p>\n\n\n\n<p>Apesar de tradicionalmente chamarmos esse crime de embriaguez ao volante, notem que <strong>o tipo penal fala em capacidade psicomotora alterada<\/strong> em raz\u00e3o de \u00e1lcool \u201cou de outra subst\u00e2ncia psicoativa que determine depend\u00eancia,\u201d de modo que <strong>n\u00e3o s\u00f3 o \u00e1lcool, mas qualquer subst\u00e2ncia, incluindo as drogas il\u00edcitas, \u00e9 capaz de caracterizar o crime<\/strong>.<\/p>\n\n\n\n<p>Tamb\u00e9m \u00e9 importante registrar que <strong>o crime em quest\u00e3o \u00e9 de perigo abstrato<\/strong>, \u00e9 dizer, prescinde da demonstra\u00e7\u00e3o de que, com a conduta, o investigado gerava qualquer perigo de dano. <\/p>\n\n\n\n<h4 class=\"wp-block-heading\" id=\"h-alteracoes-legislativas-relativas-a-embriaguez-ao-volante\"><span id=\"alteracoes-legislativas-relativas-a-embriaguez-ao-volante\">Altera\u00e7\u00f5es legislativas relativas \u00e0 \u201cembriaguez ao volante\u201d<\/span><\/h4>\n\n\n\n<p>Na reda\u00e7\u00e3o origin\u00e1ria do dispositivo, exigia-se que houvesse a \u201cexposi\u00e7\u00e3o a dano potencial a incolumidade de outrem,\u201d de modo que, para o oferecimento de den\u00fancia, o Minist\u00e9rio P\u00fablico deveria demonstrar que o condutor estivesse ziguezagueando ou furando preferenciais etc.<\/p>\n\n\n\n<p>A <a href=\"https:\/\/www.planalto.gov.br\/ccivil_03\/_ato2011-2014\/2012\/lei\/l12760.htm\" target=\"_blank\" >Lei 12.760\/12<\/a>, que alterou o CTB, dando nova reda\u00e7\u00e3o ao tipo penal, indicou a <strong>necessidade de demonstra\u00e7\u00e3o de uma concentra\u00e7\u00e3o de \u00e1lcool por litro de sangue igual ou superior a 6 decigramas, ou de 0,3 miligrama de \u00e1lcool por litro de ar alveolar<\/strong>, para que se caracterize a \u201cinflu\u00eancia de \u00e1lcool\u201d. <\/p>\n\n\n\n<p>Por essa raz\u00e3o, <strong>o exame de sangue ou bafom\u00e9trico passaram a ser indispens\u00e1veis, em tese, \u00e0 prova da conduta.<\/strong><\/p>\n\n\n\n<p>\u00c9 importante lembrar que, <strong>qualquer que seja a quantidade de \u00e1lcool ou subst\u00e2ncia psicoativa <\/strong>constatada, a conduta <strong>constitui infra\u00e7\u00e3o administrativa grav\u00edssima<\/strong>, punida com multa e suspens\u00e3o do direito de dirigir por 12 meses, conforme artigo 165, do CTB. <\/p>\n\n\n\n<p>Dessa forma, se a concentra\u00e7\u00e3o for de 5 decigramas, embora n\u00e3o se caracterize crime, teremos uma infra\u00e7\u00e3o administrativa.<\/p>\n\n\n\n<h4 class=\"wp-block-heading\" id=\"h-producao-e-onus-probatorio\"><span id=\"producao-e-onus-probatorio\">Produ\u00e7\u00e3o e \u00f4nus probat\u00f3rio<\/span><\/h4>\n\n\n\n<p>N\u00e3o podemos esquecer que, por for\u00e7a do princ\u00edpio da presun\u00e7\u00e3o da inoc\u00eancia, ningu\u00e9m pode ser obrigado a produzir prova contra si mesmo. O \u00f4nus da prova incumbe a quem acusa. E ponto. E por essa raz\u00e3o, eventual recusa do condutor deixaria a autoridade policial a ver navios, sem a possibilidade de instaurar inqu\u00e9rito ou mesmo de prender em flagrante.<\/p>\n\n\n\n<p>Assim, a Lei passou a disciplinar que a<strong> aferi\u00e7\u00e3o da altera\u00e7\u00e3o da capacidade psicomotora poderia ser feita com o exame cl\u00ednico, per\u00edcia, v\u00eddeo, prova testemunhal ou outros meios de prova<\/strong> em direito admitidos. <\/p>\n\n\n\n<p>A previs\u00e3o \u00e9 consent\u00e2nea com o princ\u00edpio da livre convic\u00e7\u00e3o motivada. O juiz n\u00e3o se v\u00ea preso a uma determinada modalidade de prova (como no sistema da prova legal ou tarifada).<\/p>\n\n\n\n<h4 class=\"wp-block-heading\" id=\"h-consequencias-juridicas-possiveis\"><span id=\"consequencias-juridicas-possiveis\">Consequ\u00eancias jur\u00eddicas poss\u00edveis<\/span><\/h4>\n\n\n\n<p>Dessa forma, <strong>em caso de recusa do condutor de se submeter ao baf\u00f4metro<\/strong>, o policial preenche um <strong>termo de constata\u00e7\u00e3o de sinais de embriaguez<\/strong>, indicando quais os sinais verificados: olhos vermelhos, fala desconexa, h\u00e1lito et\u00edlico, vestes desordenadas etc. S\u00e3o admitidos outros meios de prova, que n\u00e3o esse termo.<\/p>\n\n\n\n<p>Al\u00e9m disso, <strong>a recusa do condutor<\/strong> a se submeter a teste, exame cl\u00ednico ou outro procedimento constitui <strong>infra\u00e7\u00e3o grav\u00edssima<\/strong> punida com multa e suspens\u00e3o do direito de dirigir por 12 meses, conforme artigo 165-A, do CTB.<\/p>\n\n\n\n<p>As consequ\u00eancias da dire\u00e7\u00e3o sob a influ\u00eancia de subst\u00e2ncia psicoativa v\u00e3o al\u00e9m da caracteriza\u00e7\u00e3o do crime previsto no artigo 306, do CTB. <\/p>\n\n\n\n<p>Podem modular a pena, aumentando-a, no caso do crime de homic\u00eddio culposo (artigo 302, \u00a73\u00ba) e de les\u00e3o corporal (artigo 303, \u00a71\u00ba), ou mesmo ser elemento para afirma\u00e7\u00e3o do dolo eventual em caso de crime de homic\u00eddio doloso. <\/p>\n\n\n\n<p>Embora n\u00e3o possamos afirmar o dolo do simples fato de associar \u00e1lcool e dire\u00e7\u00e3o, este \u00e9 o fator que contribui \u00e0 constata\u00e7\u00e3o de que o agente simplesmente assumiu o risco de produzir o resultado morte.<\/p>\n\n\n\n<p><strong>Agora que voc\u00ea entendeu o tamanho do problema que o \u00e1lcool no p\u00e3o de forma pode causar, vamos \u00e0 an\u00e1lise do caso \u201cp\u00e3o de forma X embriaguez ao volante\u201d!<\/strong><\/p>\n\n\n\n<h3 class=\"wp-block-heading\" id=\"h-analise-juridica-do-caso-em-questao\"><span id=\"analise-juridica-do-caso-em-questao\">An\u00e1lise jur\u00eddica do caso em quest\u00e3o<\/span><\/h3>\n\n\n\n<p>O consumo de uma fatia de p\u00e3o que coloque o condutor com qualquer concentra\u00e7\u00e3o de \u00e1lcool por litro de sangue j\u00e1 \u00e9 suficiente para caracterizar uma infra\u00e7\u00e3o administrativa; se a concentra\u00e7\u00e3o for superior a 0,6 decigrama por litro de sangue, teremos uma infra\u00e7\u00e3o penal; em todo caso, eventual ou homic\u00eddio les\u00e3o na dire\u00e7\u00e3o de ve\u00edculo automotor poder\u00e3o ter a pena elevada em decorr\u00eancia dessa circunst\u00e2ncia.<\/p>\n\n\n\n<p><em>Ok, <strong>mas e se o agente desconhece o fato<\/strong> de que o p\u00e3o de forma tem \u00e1lcool em sua composi\u00e7\u00e3o, como ali\u00e1s parece ser parte do senso comum?<\/em><\/p>\n\n\n\n<p>Bom. O C\u00f3digo Penal diz que a embriaguez n\u00e3o exclui a imputabilidade penal, conforme artigo 28, II, mas isenta de pena ou autoriza a redu\u00e7\u00e3o da pena nos casos de embriaguez proveniente de caso fortuito ou de for\u00e7a maior.<\/p>\n\n\n\n<p>No caso, a toda evid\u00eancia, a embriaguez n\u00e3o seria capaz de retirar ou reduzir o discernimento do condutor, <strong>n\u00e3o nos parecendo que a discuss\u00e3o leve \u00e0 aplica\u00e7\u00e3o dos \u00a7\u00a71\u00ba e 2\u00ba, do artigo 28, do CP.<\/strong><\/p>\n\n\n\n<p>Com efeito, <strong>o condutor (aparentemente) n\u00e3o sabia que o p\u00e3o continha \u00e1lcool<\/strong>, de modo que a sua puni\u00e7\u00e3o nos conduziria \u00e0 responsabilidade penal objetiva, o que n\u00e3o \u00e9 admitido em nosso ordenamento jur\u00eddico.<\/p>\n\n\n\n<p><em><strong>Nulla actio sine culpa<\/strong><\/em>. N\u00e3o h\u00e1 a\u00e7\u00e3o sem elemento subjetivo, seja ele dolo ou culpa. <\/p>\n\n\n\n<p>Para se ter a aten\u00e7\u00e3o do Direito Penal, a conduta deve ser praticada com consci\u00eancia e vontade dirigida ao fim il\u00edcito (dolo), ou violando um dever objetivo de cuidado (culpa), o que n\u00e3o se verifica no caso vertente.<\/p>\n\n\n\n<p>Desta forma, n\u00e3o h\u00e1 que se falar em puni\u00e7\u00e3o do agente.<\/p>\n\n\n\n<p>Agora, se voc\u00ea leu a mat\u00e9ria e, portanto, adquiriu consci\u00eancia sobre a exist\u00eancia de \u00e1lcool na composi\u00e7\u00e3o do p\u00e3o, <span style=\"text-decoration: underline;\"><strong>cuidado<\/strong><\/span>: voc\u00ea passa a ter consci\u00eancia e vontade!<\/p>\n\n\n\n<h2 class=\"wp-block-heading has-text-align-center\" id=\"cursos-ficha\"><span id=\"quer-estudar-para-concursos-juridicos-em-2024\">Quer estudar para Concursos Jur\u00eddicos em 2024?<\/span><\/h2>\n\n\n\n<p class=\"has-text-align-left\">O Estrat\u00e9gia Carreira Jur\u00eddica \u00e9 campe\u00e3o de aprova\u00e7\u00f5es nos concursos para Carreiras Jur\u00eddicas com um corpo docente qualificado e materiais completos. Conhe\u00e7a nossos cursos e garanta sua aprova\u00e7\u00e3o em Concurso Jur\u00eddicos:<\/p>\n\n\n\n<p class=\"has-text-align-center has-pale-cyan-blue-background-color has-background\"><a href=\"https:\/\/cj.estrategia.com\/portal\/concursos-abertos-carreiras-juridicas\/\"><strong>Concursos abertos<\/strong><\/a><\/p>\n\n\n\n<p class=\"has-text-align-center has-pale-cyan-blue-background-color has-background\"><a href=\"https:\/\/cj.estrategia.com\/portal\/concursos-2024-carreiras-juridicas\/\"><strong>Concursos 2024<\/strong><\/a><\/p>\n","protected":false},"excerpt":{"rendered":"*Guilherme Carneiro de Rezende \u00e9 Promotor de Justi\u00e7a, Doutorando em direito e professor de Processo Penal. P\u00e3o de&hellip;\n","protected":false},"author":63,"featured_media":69795,"comment_status":"open","ping_status":"open","sticky":false,"template":"","format":"standard","meta":{"_jetpack_memberships_contains_paid_content":false,"footnotes":""},"categories":[1,115],"tags":[],"tax_estado":[30,31,32,33,34,35,36,37,38,39,40,41,42,43,44,45,46,47,48,49,50,51,52,53,54,55,56,57],"class_list":{"0":"post-69793","1":"post","2":"type-post","3":"status-publish","4":"format-standard","5":"has-post-thumbnail","7":"category-carreiras-juridicas","8":"category-noticias","9":"tax_estado-ac","10":"tax_estado-al","11":"tax_estado-am","12":"tax_estado-ap","13":"tax_estado-ba","14":"tax_estado-ce","15":"tax_estado-concursos-federais","16":"tax_estado-df","17":"tax_estado-es","18":"tax_estado-go","19":"tax_estado-ma","20":"tax_estado-mg","21":"tax_estado-ms","22":"tax_estado-mt","23":"tax_estado-pa","24":"tax_estado-pb","25":"tax_estado-pe","26":"tax_estado-pi","27":"tax_estado-pr","28":"tax_estado-rj","29":"tax_estado-rn","30":"tax_estado-ro","31":"tax_estado-rr","32":"tax_estado-rs","33":"tax_estado-sc","34":"tax_estado-se","35":"tax_estado-sp","36":"tax_estado-to"},"acf":[],"yoast_head":"<!-- This site is optimized with the Yoast SEO Premium plugin v27.5 (Yoast SEO v27.5) - https:\/\/yoast.com\/product\/yoast-seo-premium-wordpress\/ -->\n<title>P\u00e3o de forma e embriaguez ao volante: perigo oculto de pris\u00e3o?<\/title>\n<meta name=\"description\" content=\"Confira nossa an\u00e1lise jur\u00eddica acerca da possibilidade de o \u00e1lcool contido no p\u00e3o de forma caracterizar o crime de &quot;embriaguez ao volante&quot;.\" \/>\n<meta name=\"robots\" content=\"index, follow, max-snippet:-1, max-image-preview:large, max-video-preview:-1\" \/>\n<link rel=\"canonical\" href=\"https:\/\/cj.estrategia.com\/portal\/pao-de-forma-embriaguez\/\" \/>\n<meta property=\"og:locale\" content=\"pt_BR\" \/>\n<meta property=\"og:type\" content=\"article\" \/>\n<meta property=\"og:title\" content=\"P\u00e3o de forma e embriaguez ao volante: perigo oculto de pris\u00e3o?\" \/>\n<meta property=\"og:description\" content=\"Confira nossa an\u00e1lise jur\u00eddica acerca da possibilidade de o \u00e1lcool contido no p\u00e3o de forma caracterizar o crime de &quot;embriaguez ao volante&quot;.\" \/>\n<meta property=\"og:url\" content=\"https:\/\/cj.estrategia.com\/portal\/pao-de-forma-embriaguez\/\" \/>\n<meta property=\"og:site_name\" content=\"Blog - Carreiras Jur\u00eddicas - Estrat\u00e9gia\" \/>\n<meta property=\"article:publisher\" content=\"https:\/\/www.facebook.com\/estrategiacarreirajuridica\/\" \/>\n<meta property=\"article:published_time\" content=\"2024-07-19T15:04:13+00:00\" \/>\n<meta property=\"article:modified_time\" content=\"2024-07-19T21:33:31+00:00\" \/>\n<meta property=\"og:image\" content=\"https:\/\/cj.estrategia.com\/portal\/wp-content\/uploads\/2024\/07\/19113812\/Imagem-do-WhatsApp-de-2024-07-19-as-11.37.34_7ffb7d3a.jpg\" \/>\n\t<meta property=\"og:image:width\" content=\"1024\" \/>\n\t<meta property=\"og:image:height\" content=\"1024\" \/>\n\t<meta property=\"og:image:type\" content=\"image\/jpeg\" \/>\n<meta name=\"author\" content=\"Guilherme Rezende\" \/>\n<meta name=\"twitter:card\" content=\"summary_large_image\" \/>\n<meta name=\"twitter:creator\" content=\"@EstratJuridica\" \/>\n<meta name=\"twitter:site\" content=\"@EstratJuridica\" \/>\n<meta name=\"twitter:label1\" content=\"Escrito por\" \/>\n\t<meta name=\"twitter:data1\" content=\"Guilherme Rezende\" \/>\n\t<meta name=\"twitter:label2\" content=\"Est. tempo de leitura\" \/>\n\t<meta name=\"twitter:data2\" content=\"7 minutos\" \/>\n<script type=\"application\/ld+json\" class=\"yoast-schema-graph\">{\"@context\":\"https:\\\/\\\/schema.org\",\"@graph\":[{\"@type\":\"NewsArticle\",\"@id\":\"https:\\\/\\\/cj.estrategia.com\\\/portal\\\/pao-de-forma-embriaguez\\\/#article\",\"isPartOf\":{\"@id\":\"https:\\\/\\\/cj.estrategia.com\\\/portal\\\/pao-de-forma-embriaguez\\\/\"},\"author\":{\"name\":\"Guilherme Rezende\",\"@id\":\"https:\\\/\\\/cj.estrategia.com\\\/portal\\\/#\\\/schema\\\/person\\\/b8eb01d117c3441103d953565489f91a\"},\"headline\":\"P\u00e3o de forma e embriaguez ao volante: perigo oculto de pris\u00e3o?\",\"datePublished\":\"2024-07-19T15:04:13+00:00\",\"dateModified\":\"2024-07-19T21:33:31+00:00\",\"mainEntityOfPage\":{\"@id\":\"https:\\\/\\\/cj.estrategia.com\\\/portal\\\/pao-de-forma-embriaguez\\\/\"},\"wordCount\":1278,\"commentCount\":0,\"publisher\":{\"@id\":\"https:\\\/\\\/cj.estrategia.com\\\/portal\\\/#organization\"},\"image\":{\"@id\":\"https:\\\/\\\/cj.estrategia.com\\\/portal\\\/pao-de-forma-embriaguez\\\/#primaryimage\"},\"thumbnailUrl\":\"https:\\\/\\\/cj.estrategia.com\\\/portal\\\/wp-content\\\/uploads\\\/2024\\\/07\\\/19113812\\\/Imagem-do-WhatsApp-de-2024-07-19-as-11.37.34_7ffb7d3a.jpg\",\"articleSection\":[\"Carreiras Jur\u00eddicas\",\"Not\u00edcias\"],\"inLanguage\":\"pt-BR\",\"potentialAction\":[{\"@type\":\"CommentAction\",\"name\":\"Comment\",\"target\":[\"https:\\\/\\\/cj.estrategia.com\\\/portal\\\/pao-de-forma-embriaguez\\\/#respond\"]}],\"accessibilityFeature\":[\"tableOfContents\"]},{\"@type\":\"WebPage\",\"@id\":\"https:\\\/\\\/cj.estrategia.com\\\/portal\\\/pao-de-forma-embriaguez\\\/\",\"url\":\"https:\\\/\\\/cj.estrategia.com\\\/portal\\\/pao-de-forma-embriaguez\\\/\",\"name\":\"P\u00e3o de forma e embriaguez ao volante: perigo oculto de pris\u00e3o?\",\"isPartOf\":{\"@id\":\"https:\\\/\\\/cj.estrategia.com\\\/portal\\\/#website\"},\"primaryImageOfPage\":{\"@id\":\"https:\\\/\\\/cj.estrategia.com\\\/portal\\\/pao-de-forma-embriaguez\\\/#primaryimage\"},\"image\":{\"@id\":\"https:\\\/\\\/cj.estrategia.com\\\/portal\\\/pao-de-forma-embriaguez\\\/#primaryimage\"},\"thumbnailUrl\":\"https:\\\/\\\/cj.estrategia.com\\\/portal\\\/wp-content\\\/uploads\\\/2024\\\/07\\\/19113812\\\/Imagem-do-WhatsApp-de-2024-07-19-as-11.37.34_7ffb7d3a.jpg\",\"datePublished\":\"2024-07-19T15:04:13+00:00\",\"dateModified\":\"2024-07-19T21:33:31+00:00\",\"description\":\"Confira nossa an\u00e1lise jur\u00eddica acerca da possibilidade de o \u00e1lcool contido no p\u00e3o de forma caracterizar o crime de \\\"embriaguez ao volante\\\".\",\"breadcrumb\":{\"@id\":\"https:\\\/\\\/cj.estrategia.com\\\/portal\\\/pao-de-forma-embriaguez\\\/#breadcrumb\"},\"inLanguage\":\"pt-BR\",\"potentialAction\":[{\"@type\":\"ReadAction\",\"target\":[\"https:\\\/\\\/cj.estrategia.com\\\/portal\\\/pao-de-forma-embriaguez\\\/\"]}]},{\"@type\":\"ImageObject\",\"inLanguage\":\"pt-BR\",\"@id\":\"https:\\\/\\\/cj.estrategia.com\\\/portal\\\/pao-de-forma-embriaguez\\\/#primaryimage\",\"url\":\"https:\\\/\\\/cj.estrategia.com\\\/portal\\\/wp-content\\\/uploads\\\/2024\\\/07\\\/19113812\\\/Imagem-do-WhatsApp-de-2024-07-19-as-11.37.34_7ffb7d3a.jpg\",\"contentUrl\":\"https:\\\/\\\/cj.estrategia.com\\\/portal\\\/wp-content\\\/uploads\\\/2024\\\/07\\\/19113812\\\/Imagem-do-WhatsApp-de-2024-07-19-as-11.37.34_7ffb7d3a.jpg\",\"width\":1024,\"height\":1024,\"caption\":\"P\u00e3o de forma e embriaguez ao volante: perigo oculto de pris\u00e3o?\"},{\"@type\":\"BreadcrumbList\",\"@id\":\"https:\\\/\\\/cj.estrategia.com\\\/portal\\\/pao-de-forma-embriaguez\\\/#breadcrumb\",\"itemListElement\":[{\"@type\":\"ListItem\",\"position\":1,\"name\":\"In\u00edcio\",\"item\":\"https:\\\/\\\/cj.estrategia.com\\\/portal\\\/\"},{\"@type\":\"ListItem\",\"position\":2,\"name\":\"P\u00e3o de forma e embriaguez ao volante: perigo oculto de pris\u00e3o?\"}]},{\"@type\":\"WebSite\",\"@id\":\"https:\\\/\\\/cj.estrategia.com\\\/portal\\\/#website\",\"url\":\"https:\\\/\\\/cj.estrategia.com\\\/portal\\\/\",\"name\":\"Blog - Carreiras Jur\u00eddicas - Estrat\u00e9gia\",\"description\":\"\",\"publisher\":{\"@id\":\"https:\\\/\\\/cj.estrategia.com\\\/portal\\\/#organization\"},\"potentialAction\":[{\"@type\":\"SearchAction\",\"target\":{\"@type\":\"EntryPoint\",\"urlTemplate\":\"https:\\\/\\\/cj.estrategia.com\\\/portal\\\/?s={search_term_string}\"},\"query-input\":{\"@type\":\"PropertyValueSpecification\",\"valueRequired\":true,\"valueName\":\"search_term_string\"}}],\"inLanguage\":\"pt-BR\"},{\"@type\":\"Organization\",\"@id\":\"https:\\\/\\\/cj.estrategia.com\\\/portal\\\/#organization\",\"name\":\"Estrat\u00e9gia - Carreiras Jur\u00eddicas\",\"url\":\"https:\\\/\\\/cj.estrategia.com\\\/portal\\\/\",\"logo\":{\"@type\":\"ImageObject\",\"inLanguage\":\"pt-BR\",\"@id\":\"https:\\\/\\\/cj.estrategia.com\\\/portal\\\/#\\\/schema\\\/logo\\\/image\\\/\",\"url\":\"https:\\\/\\\/cj.estrategia.com\\\/portal\\\/wp-content\\\/uploads\\\/2022\\\/03\\\/11151052\\\/cj-logo.png\",\"contentUrl\":\"https:\\\/\\\/cj.estrategia.com\\\/portal\\\/wp-content\\\/uploads\\\/2022\\\/03\\\/11151052\\\/cj-logo.png\",\"width\":150,\"height\":39,\"caption\":\"Estrat\u00e9gia - Carreiras Jur\u00eddicas\"},\"image\":{\"@id\":\"https:\\\/\\\/cj.estrategia.com\\\/portal\\\/#\\\/schema\\\/logo\\\/image\\\/\"},\"sameAs\":[\"https:\\\/\\\/www.facebook.com\\\/estrategiacarreirajuridica\\\/\",\"https:\\\/\\\/x.com\\\/EstratJuridica\",\"https:\\\/\\\/www.instagram.com\\\/estrategiacarreirajuridica\\\/\",\"https:\\\/\\\/www.youtube.com\\\/channel\\\/UClbMGuYbj2Mh1m3w144ETWQ\"]},{\"@type\":\"Person\",\"@id\":\"https:\\\/\\\/cj.estrategia.com\\\/portal\\\/#\\\/schema\\\/person\\\/b8eb01d117c3441103d953565489f91a\",\"name\":\"Guilherme Rezende\",\"image\":{\"@type\":\"ImageObject\",\"inLanguage\":\"pt-BR\",\"@id\":\"https:\\\/\\\/cj.estrategia.com\\\/portal\\\/wp-content\\\/uploads\\\/2024\\\/02\\\/22174655\\\/professor-guilherme-resende-estrategia-concursos-ecj-96x96.jpeg\",\"url\":\"https:\\\/\\\/cj.estrategia.com\\\/portal\\\/wp-content\\\/uploads\\\/2024\\\/02\\\/22174655\\\/professor-guilherme-resende-estrategia-concursos-ecj-96x96.jpeg\",\"contentUrl\":\"https:\\\/\\\/cj.estrategia.com\\\/portal\\\/wp-content\\\/uploads\\\/2024\\\/02\\\/22174655\\\/professor-guilherme-resende-estrategia-concursos-ecj-96x96.jpeg\",\"caption\":\"Guilherme Rezende\"},\"description\":\"Professor Guilherme Rezende \u00e9 promotor de justi\u00e7a no Paran\u00e1, com uma carreira s\u00f3lida e impactante no campo jur\u00eddico. Al\u00e9m de sua atua\u00e7\u00e3o como promotor, ele possui mestrado em Direito e acumula experi\u00eancia como Ex-Procurador da Fazenda Nacional, Ex-Defensor P\u00fablico da Uni\u00e3o e Ex-Oficial de Apoio Judicial no TJMG. Destaca-se tamb\u00e9m por ter sido aprovado nos concursos de analista do TRF-1 e do MPU, consolidando sua compet\u00eancia e dedica\u00e7\u00e3o no universo jur\u00eddico.\",\"url\":\"https:\\\/\\\/cj.estrategia.com\\\/portal\\\/author\\\/guilherme-rezende\\\/\"}]}<\/script>\n<!-- \/ Yoast SEO Premium plugin. -->","yoast_head_json":{"title":"P\u00e3o de forma e embriaguez ao volante: perigo oculto de pris\u00e3o?","description":"Confira nossa an\u00e1lise jur\u00eddica acerca da possibilidade de o \u00e1lcool contido no p\u00e3o de forma caracterizar o crime de \"embriaguez ao volante\".","robots":{"index":"index","follow":"follow","max-snippet":"max-snippet:-1","max-image-preview":"max-image-preview:large","max-video-preview":"max-video-preview:-1"},"canonical":"https:\/\/cj.estrategia.com\/portal\/pao-de-forma-embriaguez\/","og_locale":"pt_BR","og_type":"article","og_title":"P\u00e3o de forma e embriaguez ao volante: perigo oculto de pris\u00e3o?","og_description":"Confira nossa an\u00e1lise jur\u00eddica acerca da possibilidade de o \u00e1lcool contido no p\u00e3o de forma caracterizar o crime de \"embriaguez ao volante\".","og_url":"https:\/\/cj.estrategia.com\/portal\/pao-de-forma-embriaguez\/","og_site_name":"Blog - Carreiras Jur\u00eddicas - Estrat\u00e9gia","article_publisher":"https:\/\/www.facebook.com\/estrategiacarreirajuridica\/","article_published_time":"2024-07-19T15:04:13+00:00","article_modified_time":"2024-07-19T21:33:31+00:00","og_image":[{"width":1024,"height":1024,"url":"https:\/\/cj.estrategia.com\/portal\/wp-content\/uploads\/2024\/07\/19113812\/Imagem-do-WhatsApp-de-2024-07-19-as-11.37.34_7ffb7d3a.jpg","type":"image\/jpeg"}],"author":"Guilherme Rezende","twitter_card":"summary_large_image","twitter_creator":"@EstratJuridica","twitter_site":"@EstratJuridica","twitter_misc":{"Escrito por":"Guilherme Rezende","Est. tempo de leitura":"7 minutos"},"schema":{"@context":"https:\/\/schema.org","@graph":[{"@type":"NewsArticle","@id":"https:\/\/cj.estrategia.com\/portal\/pao-de-forma-embriaguez\/#article","isPartOf":{"@id":"https:\/\/cj.estrategia.com\/portal\/pao-de-forma-embriaguez\/"},"author":{"name":"Guilherme Rezende","@id":"https:\/\/cj.estrategia.com\/portal\/#\/schema\/person\/b8eb01d117c3441103d953565489f91a"},"headline":"P\u00e3o de forma e embriaguez ao volante: perigo oculto de pris\u00e3o?","datePublished":"2024-07-19T15:04:13+00:00","dateModified":"2024-07-19T21:33:31+00:00","mainEntityOfPage":{"@id":"https:\/\/cj.estrategia.com\/portal\/pao-de-forma-embriaguez\/"},"wordCount":1278,"commentCount":0,"publisher":{"@id":"https:\/\/cj.estrategia.com\/portal\/#organization"},"image":{"@id":"https:\/\/cj.estrategia.com\/portal\/pao-de-forma-embriaguez\/#primaryimage"},"thumbnailUrl":"https:\/\/cj.estrategia.com\/portal\/wp-content\/uploads\/2024\/07\/19113812\/Imagem-do-WhatsApp-de-2024-07-19-as-11.37.34_7ffb7d3a.jpg","articleSection":["Carreiras Jur\u00eddicas","Not\u00edcias"],"inLanguage":"pt-BR","potentialAction":[{"@type":"CommentAction","name":"Comment","target":["https:\/\/cj.estrategia.com\/portal\/pao-de-forma-embriaguez\/#respond"]}],"accessibilityFeature":["tableOfContents"]},{"@type":"WebPage","@id":"https:\/\/cj.estrategia.com\/portal\/pao-de-forma-embriaguez\/","url":"https:\/\/cj.estrategia.com\/portal\/pao-de-forma-embriaguez\/","name":"P\u00e3o de forma e embriaguez ao volante: perigo oculto de pris\u00e3o?","isPartOf":{"@id":"https:\/\/cj.estrategia.com\/portal\/#website"},"primaryImageOfPage":{"@id":"https:\/\/cj.estrategia.com\/portal\/pao-de-forma-embriaguez\/#primaryimage"},"image":{"@id":"https:\/\/cj.estrategia.com\/portal\/pao-de-forma-embriaguez\/#primaryimage"},"thumbnailUrl":"https:\/\/cj.estrategia.com\/portal\/wp-content\/uploads\/2024\/07\/19113812\/Imagem-do-WhatsApp-de-2024-07-19-as-11.37.34_7ffb7d3a.jpg","datePublished":"2024-07-19T15:04:13+00:00","dateModified":"2024-07-19T21:33:31+00:00","description":"Confira nossa an\u00e1lise jur\u00eddica acerca da possibilidade de o \u00e1lcool contido no p\u00e3o de forma caracterizar o crime de \"embriaguez ao volante\".","breadcrumb":{"@id":"https:\/\/cj.estrategia.com\/portal\/pao-de-forma-embriaguez\/#breadcrumb"},"inLanguage":"pt-BR","potentialAction":[{"@type":"ReadAction","target":["https:\/\/cj.estrategia.com\/portal\/pao-de-forma-embriaguez\/"]}]},{"@type":"ImageObject","inLanguage":"pt-BR","@id":"https:\/\/cj.estrategia.com\/portal\/pao-de-forma-embriaguez\/#primaryimage","url":"https:\/\/cj.estrategia.com\/portal\/wp-content\/uploads\/2024\/07\/19113812\/Imagem-do-WhatsApp-de-2024-07-19-as-11.37.34_7ffb7d3a.jpg","contentUrl":"https:\/\/cj.estrategia.com\/portal\/wp-content\/uploads\/2024\/07\/19113812\/Imagem-do-WhatsApp-de-2024-07-19-as-11.37.34_7ffb7d3a.jpg","width":1024,"height":1024,"caption":"P\u00e3o de forma e embriaguez ao volante: perigo oculto de pris\u00e3o?"},{"@type":"BreadcrumbList","@id":"https:\/\/cj.estrategia.com\/portal\/pao-de-forma-embriaguez\/#breadcrumb","itemListElement":[{"@type":"ListItem","position":1,"name":"In\u00edcio","item":"https:\/\/cj.estrategia.com\/portal\/"},{"@type":"ListItem","position":2,"name":"P\u00e3o de forma e embriaguez ao volante: perigo oculto de pris\u00e3o?"}]},{"@type":"WebSite","@id":"https:\/\/cj.estrategia.com\/portal\/#website","url":"https:\/\/cj.estrategia.com\/portal\/","name":"Blog - Carreiras Jur\u00eddicas - Estrat\u00e9gia","description":"","publisher":{"@id":"https:\/\/cj.estrategia.com\/portal\/#organization"},"potentialAction":[{"@type":"SearchAction","target":{"@type":"EntryPoint","urlTemplate":"https:\/\/cj.estrategia.com\/portal\/?s={search_term_string}"},"query-input":{"@type":"PropertyValueSpecification","valueRequired":true,"valueName":"search_term_string"}}],"inLanguage":"pt-BR"},{"@type":"Organization","@id":"https:\/\/cj.estrategia.com\/portal\/#organization","name":"Estrat\u00e9gia - Carreiras Jur\u00eddicas","url":"https:\/\/cj.estrategia.com\/portal\/","logo":{"@type":"ImageObject","inLanguage":"pt-BR","@id":"https:\/\/cj.estrategia.com\/portal\/#\/schema\/logo\/image\/","url":"https:\/\/cj.estrategia.com\/portal\/wp-content\/uploads\/2022\/03\/11151052\/cj-logo.png","contentUrl":"https:\/\/cj.estrategia.com\/portal\/wp-content\/uploads\/2022\/03\/11151052\/cj-logo.png","width":150,"height":39,"caption":"Estrat\u00e9gia - Carreiras Jur\u00eddicas"},"image":{"@id":"https:\/\/cj.estrategia.com\/portal\/#\/schema\/logo\/image\/"},"sameAs":["https:\/\/www.facebook.com\/estrategiacarreirajuridica\/","https:\/\/x.com\/EstratJuridica","https:\/\/www.instagram.com\/estrategiacarreirajuridica\/","https:\/\/www.youtube.com\/channel\/UClbMGuYbj2Mh1m3w144ETWQ"]},{"@type":"Person","@id":"https:\/\/cj.estrategia.com\/portal\/#\/schema\/person\/b8eb01d117c3441103d953565489f91a","name":"Guilherme Rezende","image":{"@type":"ImageObject","inLanguage":"pt-BR","@id":"https:\/\/cj.estrategia.com\/portal\/wp-content\/uploads\/2024\/02\/22174655\/professor-guilherme-resende-estrategia-concursos-ecj-96x96.jpeg","url":"https:\/\/cj.estrategia.com\/portal\/wp-content\/uploads\/2024\/02\/22174655\/professor-guilherme-resende-estrategia-concursos-ecj-96x96.jpeg","contentUrl":"https:\/\/cj.estrategia.com\/portal\/wp-content\/uploads\/2024\/02\/22174655\/professor-guilherme-resende-estrategia-concursos-ecj-96x96.jpeg","caption":"Guilherme Rezende"},"description":"Professor Guilherme Rezende \u00e9 promotor de justi\u00e7a no Paran\u00e1, com uma carreira s\u00f3lida e impactante no campo jur\u00eddico. Al\u00e9m de sua atua\u00e7\u00e3o como promotor, ele possui mestrado em Direito e acumula experi\u00eancia como Ex-Procurador da Fazenda Nacional, Ex-Defensor P\u00fablico da Uni\u00e3o e Ex-Oficial de Apoio Judicial no TJMG. Destaca-se tamb\u00e9m por ter sido aprovado nos concursos de analista do TRF-1 e do MPU, consolidando sua compet\u00eancia e dedica\u00e7\u00e3o no universo jur\u00eddico.","url":"https:\/\/cj.estrategia.com\/portal\/author\/guilherme-rezende\/"}]}},"jetpack_featured_media_url":"https:\/\/cj.estrategia.com\/portal\/wp-content\/uploads\/2024\/07\/19113812\/Imagem-do-WhatsApp-de-2024-07-19-as-11.37.34_7ffb7d3a.jpg","jetpack_sharing_enabled":true,"_links":{"self":[{"href":"https:\/\/cj.estrategia.com\/portal\/wp-json\/wp\/v2\/posts\/69793","targetHints":{"allow":["GET"]}}],"collection":[{"href":"https:\/\/cj.estrategia.com\/portal\/wp-json\/wp\/v2\/posts"}],"about":[{"href":"https:\/\/cj.estrategia.com\/portal\/wp-json\/wp\/v2\/types\/post"}],"author":[{"embeddable":true,"href":"https:\/\/cj.estrategia.com\/portal\/wp-json\/wp\/v2\/users\/63"}],"replies":[{"embeddable":true,"href":"https:\/\/cj.estrategia.com\/portal\/wp-json\/wp\/v2\/comments?post=69793"}],"version-history":[{"count":0,"href":"https:\/\/cj.estrategia.com\/portal\/wp-json\/wp\/v2\/posts\/69793\/revisions"}],"wp:featuredmedia":[{"embeddable":true,"href":"https:\/\/cj.estrategia.com\/portal\/wp-json\/wp\/v2\/media\/69795"}],"wp:attachment":[{"href":"https:\/\/cj.estrategia.com\/portal\/wp-json\/wp\/v2\/media?parent=69793"}],"wp:term":[{"taxonomy":"category","embeddable":true,"href":"https:\/\/cj.estrategia.com\/portal\/wp-json\/wp\/v2\/categories?post=69793"},{"taxonomy":"post_tag","embeddable":true,"href":"https:\/\/cj.estrategia.com\/portal\/wp-json\/wp\/v2\/tags?post=69793"},{"taxonomy":"tax_estado","embeddable":true,"href":"https:\/\/cj.estrategia.com\/portal\/wp-json\/wp\/v2\/tax_estado?post=69793"}],"curies":[{"name":"wp","href":"https:\/\/api.w.org\/{rel}","templated":true}]}}