{"id":6968,"date":"2022-10-18T16:24:00","date_gmt":"2022-10-18T19:24:00","guid":{"rendered":"https:\/\/cj.estrategia.com\/portal\/?p=6968"},"modified":"2023-06-01T15:54:12","modified_gmt":"2023-06-01T18:54:12","slug":"edital-pge-ro-procurador","status":"publish","type":"post","link":"https:\/\/cj.estrategia.com\/portal\/edital-pge-ro-procurador\/","title":{"rendered":"Edital PGE RO Procurador: resultado final dos t\u00edtulos. Confira!"},"content":{"rendered":"\n<p>Foi divulgado o resultado final do concurso PGE RO Procurador. <a href=\"https:\/\/cj.estrategia.com\/portal\/wp-content\/uploads\/2022\/09\/19145643\/pge-ro.png\" target=\"_blank\" >Confira aqui!<\/a><\/p>\n\n\n\n<ul class=\"has-luminous-vivid-amber-to-luminous-vivid-orange-gradient-background has-background wp-block-list\">\n<li><strong>Concurso PGE RO &#8211; Procurador<\/strong><\/li>\n\n\n\n<li><strong>Status:<\/strong> resultado final <\/li>\n\n\n\n<li><strong>Vagas<\/strong>: 5 + 30 CR<\/li>\n\n\n\n<li><strong>Remunera\u00e7\u00e3o inicial:<\/strong> R$ 24.166,51<\/li>\n\n\n\n<li><strong>Edital:&nbsp;<\/strong><a href=\"https:\/\/dhg1h5j42swfq.cloudfront.net\/2021\/11\/10140209\/edital_pge_ro_2021.pdf\" target=\"_blank\" rel=\"noreferrer noopener nofollow\"><mark style=\"background-color:rgba(0, 0, 0, 0)\" class=\"has-inline-color has-black-color\">PGE RO Procurador 2021<\/mark><\/a><\/li>\n<\/ul>\n\n\n\n<p>Foram ofertadas <strong>5 vagas imediatas para o cargo de Procurador do Estado Substituto<\/strong> mais <strong>30 vagas para forma\u00e7\u00e3o de cadastro de reserva<\/strong>.<\/p>\n\n\n\n<p><\/p>\n\n\n\n<p class=\"has-cyan-bluish-gray-background-color has-background\">Voc\u00ea sabia que os <strong>\u00edndices de aprova\u00e7\u00e3o<\/strong> da equipe de professores do Estrat\u00e9gia Concurso nos certames para a carreira de Procurador <strong>costumam atingir a metade do total de aprovados<\/strong>? Ent\u00e3o, n\u00e3o fique de fora dessa, clique abaixo e conhe\u00e7a nosso curso exclusivo! <\/p>\n\n\n\n<div class=\"container\" id=\"boxes\">\n  <div class=\"row\">\n\n    <div class=\"col-sm\">\n      <div class=\"banner-estrategia-concursos-juridicos\" id=\"box-assinatura\">\n        <h2 id=\"curso-para-concurso-pge-ro-procurador\" class=\"titulo-assinatura\"><span style=\"color: #ffffff; font-size: 22px;\">Curso para Concurso PGE RO Procurador <\/span><\/h2>\n        <p class=\"subtitulo-assinatura\">Cursos focados no edital do concurso<\/p>\n        <div class=\"box-botao\">\n          <a class=\"btn-assinatura-juridica\" target=\"_blank\" href=\"https:\/\/www.estrategiaconcursos.com.br\/cursosPorConcurso\/pge-ro-procurador-do-estado-de-rondonia\/\" role=\"button\" rel=\"noopener noreferrer\">Conhe\u00e7a mais<\/a>\n        <\/div>\n      <\/div>\n      <p class=\"texto-auxiliar\">Prepare-se com o melhor material e com quem mais aprova em concursos em todo o pa\u00eds. \n<\/p>\n    <\/div>\n\n  <\/div>\n<\/div>\n\n\n\n<div style=\"height:11px\" aria-hidden=\"true\" class=\"wp-block-spacer\"><\/div>\n\n\n\n<figure class=\"wp-block-embed is-type-video is-provider-youtube wp-block-embed-youtube wp-embed-aspect-16-9 wp-has-aspect-ratio\"><div class=\"wp-block-embed__wrapper\">  <div itemprop=\"video\" itemscope itemtype=\"http:\/\/schema.org\/VideoObject\">\n\t<h2 id=\"procurador-pge-ro-analise-de-edital\"><span itemprop=\"name\">Procurador PGE RO &#8211; An\u00e1lise de Edital<\/span><\/h2>\n\t<meta itemprop=\"duration\" content=\"PT1H47S\" \/>\n\t<meta itemprop=\"uploadDate\" content=\"2021-11-10T22:04:26Z\" \/>\n\t<meta itemprop=\"thumbnailURL\" content=\"https:\/\/i.ytimg.com\/vi\/OqppnGpwIHc\/default.jpg\" \/>\n\t<meta itemprop=\"interactionCount\" content=\"1389\" \/>\n\t<meta itemprop=\"embedURL\" content=\"https:\/\/youtube.googleapis.com\/v\/OqppnGpwIHc\" \/>\n\t<div id=\"schema-videoobject\" class=\"video-container\"><iframe width=\"853\" height=\"480\" src=\"https:\/\/www.youtube.com\/embed\/OqppnGpwIHc?rel=0&amp;controls=0&amp;showinfo=0\" frameborder=\"0\" allowfullscreen><\/iframe><\/div>\n\t<span itemprop=\"description\">An\u00e1lise do Edital Concurso PGE RO Procurador<\/span><\/div><\/figure>\n\n\n\n<div style=\"height:11px\" aria-hidden=\"true\" class=\"wp-block-spacer\"><\/div>\n\n\n\n<h2 class=\"wp-block-heading\" id=\"atual\"><span id=\"edital-pge-ro-procurador-situacao-atual\">Edital PGE RO Procurador: situa\u00e7\u00e3o atual<\/span><\/h2>\n\n\n\n<h3 class=\"wp-block-heading\" id=\"resultados\">Resultados <\/h3>\n\n\n\n<p>No dia 11 de julho, a Procuradoria-Geral de Rond\u00f4nia tornou p\u00fablicos o <a href=\"https:\/\/cj.estrategia.com\/portal\/wp-content\/uploads\/2022\/06\/11181523\/ED_14_PGE_RO_RES_FINAL_ENTRE_EXAME_PSICO_CONV_ORAL.pdf\" target=\"_blank\" rel=\"noreferrer noopener nofollow\">resultado final na entrevista e no exame psicot\u00e9cnico e a convoca\u00e7\u00e3o para a prova oral<\/a> do <strong>concurso PGE RO Procurador<\/strong>.<\/p>\n\n\n\n<p>O candidato deveria, obrigatoriamente, acessar o endere\u00e7o eletr\u00f4nico do Cebraspe, a partir do dia <strong>12 de julho<\/strong>, para verificar o hor\u00e1rio de in\u00edcio e o local da realiza\u00e7\u00e3o da prova oral, por meio de consulta individual, devendo, para tanto, informar os dados solicitados.<\/p>\n\n\n\n<p>Em 20 de junho j\u00e1 havia sido divulgado o <a href=\"https:\/\/cj.estrategia.com\/portal\/wp-content\/uploads\/2022\/06\/20195748\/ED_13_PGE_RO_RES_PROV_ENTRE_EXAME_PSICO.pdf\" target=\"_blank\" rel=\"noreferrer noopener nofollow\">resultado provis\u00f3rio<\/a> na entrevista e no exame psicot\u00e9cnico do <strong>edital PGE RO Procurador<\/strong>, realizados respectivamente, nos dias <strong>4 e<\/strong> <strong>5 de junho de 2022<\/strong>.<\/p>\n\n\n\n<p>Os candidatos considerados inaptos puderam <span style=\"text-decoration: underline;\">conhecer as raz\u00f5es da sua inaptid\u00e3o<\/span> em local, data e hor\u00e1rio divulgado por meio de link espec\u00edfico, no endere\u00e7o eletr\u00f4nico do Cebraspe, disponibilizado das <strong>10 horas do dia 22 \u00e0s 18 horas do dia 23 de junho de 2022.<\/strong><\/p>\n\n\n\n<p>Anteriormente, no dia 1\u00ba de junho foi divulgado o <a href=\"https:\/\/cj.estrategia.com\/portal\/wp-content\/uploads\/2022\/04\/01174948\/ED_12_PGE_RO_RES_FINAL_INSC_DEFINIT_CONV_ENTRE_EXAME_PSICO.pdf\" target=\"_blank\" rel=\"noreferrer noopener nofollow\">resultado final da inscri\u00e7\u00e3o definitiva<\/a> no <strong>concurso PGE RO Procurador<\/strong>. Os candidatos foram convocados para a <span style=\"text-decoration: underline;\">entrevista<\/span>, no dia <strong>4 de junho<\/strong>, e o <span style=\"text-decoration: underline;\">exame psicot\u00e9cnico<\/span>, realizado no dia <strong>5 de junho de 2022<\/strong>.<\/p>\n\n\n\n<p>Para tanto, o candidato deveria, obrigatoriamente, acessar o endere\u00e7o eletr\u00f4nico do Cebraspe, a partir do dia 1\u00ba de junho de 2022, para verificar o seu local e o seu hor\u00e1rio de realiza\u00e7\u00e3o da entrevista e do exame psicot\u00e9cnico, por meio de consulta individual, e informar os dados solicitados. <\/p>\n\n\n\n<p>Em 28 de abril foi divulgado o <a href=\"https:\/\/cj.estrategia.com\/portal\/wp-content\/uploads\/2022\/04\/29080041\/ED_10_PGE_RO_RES_FINAL_DISC_CONV_INSC_DEFINIT.pdf\" target=\"_blank\" >resultado final da prova discursiva<\/a> do <strong>concurso PGE RO Procurador<\/strong>. Al\u00e9m disso, saiu a convoca\u00e7\u00e3o para a inscri\u00e7\u00e3o definitiva. <\/p>\n\n\n\n<p class=\"has-text-align-left\">O <a href=\"https:\/\/dhg1h5j42swfq.cloudfront.net\/2022\/03\/03221825\/concurso-pge-ro-resultado-final-objetiva.pdf\" target=\"_blank\" rel=\"noreferrer noopener nofollow\">resultado final da prova objetiva<\/a>, por sua vez, havia sa\u00eddo no dia 3 de mar\u00e7o deste ano. <\/p>\n\n\n\n<p>Em 8 de fevereiro foram divulgados os gabaritos preliminares da prova objetiva do <strong>edital PGE RO Procurador<\/strong>, realizadas em dia 06 de fevereiro de 2022, no per\u00edodo da<strong> tarde<\/strong>, com <strong>5 horas <\/strong>de dura\u00e7\u00e3o. Os candidatos tiveram entre \u00e0s <strong>10 horas do dia 8 e \u00e0s 18 horas do dia 9 de fevereiro de 2022 para interpor seus recursos. <\/strong>Confira abaixo: <\/p>\n\n\n\n<p class=\"has-text-align-center has-black-color has-luminous-vivid-amber-background-color has-text-color has-background\"><strong><a href=\"https:\/\/dhg1h5j42swfq.cloudfront.net\/2022\/02\/08161149\/arquivo.pdf\" target=\"_blank\" rel=\"noreferrer noopener nofollow\">GABARITO PRELIMINAR<\/a> <\/strong><\/p>\n\n\n\n<h3 class=\"wp-block-heading\" id=\"principais-informacoes\">Principais informa\u00e7\u00f5es<\/h3>\n\n\n\n<p class=\"has-background\" style=\"background-color:#c6d4df\"><strong>Inscri\u00e7\u00e3o: <s>18\/11 a 10\/12\/2021<\/s><\/strong><br><strong>Isen\u00e7\u00e3o: <\/strong><s><strong>18\/11 a 10\/12\/2021<\/strong> <\/s><br><strong>Taxa: R$ 185,05<br>Prova objetiva: 06\/02\/2022<\/strong><\/p>\n\n\n\n<h2 class=\"wp-block-heading\" id=\"carreira\"><span id=\"edital-pge-ro-procurador-carreira\">Edital PGE RO Procurador: carreira<\/span><\/h2>\n\n\n\n<h3 class=\"wp-block-heading\" id=\"cargos-vagas-e-remuneracao\">Cargos, Vagas e Remunera\u00e7\u00e3o <\/h3>\n\n\n\n<figure class=\"wp-block-table is-style-stripes\"><table class=\"has-fixed-layout\"><tbody><tr><td><strong>Cargo <\/strong><\/td><td><strong>Vagas<\/strong> <strong>A\/C<\/strong><\/td><td><strong>Vagas PcD<\/strong><\/td><td><strong>Remunera\u00e7\u00e3o<\/strong><\/td><\/tr><tr><td>Procurador Estadual<\/td><td>4 + CR<\/td><td>1+ CR<\/td><td>R$ 24.166,51<\/td><\/tr><\/tbody><\/table><\/figure>\n\n\n\n<p class=\"has-luminous-vivid-amber-background-color has-background\">O regime \u00e9 de dedica\u00e7\u00e3o exclusiva, de maneira que<strong> n\u00e3o h\u00e1 possibilidade de exercer a advocacia privada<\/strong>. Os Procuradores do Estado, no entanto, fazem jus ao <strong>rateio de honor\u00e1rios de sucumb\u00eancia<\/strong> por sua atua\u00e7\u00e3o. <\/p>\n\n\n\n<h3 class=\"wp-block-heading\" id=\"requisito\"><span id=\"requisitos\">Requisitos <\/span><\/h3>\n\n\n\n<p>Para concorrer ingressar na carreira, o candidato deve possuir diploma de <strong>conclus\u00e3o de curso de n\u00edvel superior em Direito<\/strong> e <strong>registro na OAB, Seccional Rond\u00f4nia<\/strong>, al\u00e9m de experi\u00eancia profissional m\u00ednima de <strong>dois anos<\/strong> em atividade jur\u00eddica. <\/p>\n\n\n\n<h3 class=\"wp-block-heading\" id=\"atribuicoes\">Atribui\u00e7\u00f5es<\/h3>\n\n\n\n<p><strong>DESCRI\u00c7\u00c3O SUM\u00c1RIA DAS ATIVIDADES<\/strong>: representar judicial e extrajudicialmente e emitir pareceres sobre mat\u00e9ria de interesse do estado de Rond\u00f4nia; liderar e organizar a equipe do seu gabinete, quando existente; prestar assist\u00eancia t\u00e9cnica e administrativa ao Procurador-Geral do Estado; auxiliar o Procurador-Geral do Estado na supervis\u00e3o, administra\u00e7\u00e3o e coordena\u00e7\u00e3o das atividades do \u00f3rg\u00e3o; e exercer, mediante delega\u00e7\u00e3o de compet\u00eancia, as atribui\u00e7\u00f5es que lhe forem conferidas pelo Procurador-Geral do Estado.<\/p>\n\n\n\n<h2 class=\"wp-block-heading\" id=\"etapas-do-edital-pge-ro-procurador\">Etapas do edital PGE RO Procurador<\/h2>\n\n\n\n<p>O concurso de ingresso da PGE RO contar\u00e1 com as seguintes etapas: <\/p>\n\n\n\n<p>I &#8211; <em><strong>Prova Preambular<\/strong><\/em>: car\u00e1ter eliminat\u00f3rio; <br>II &#8211; <em><strong>Prova Escritas Discursivas<\/strong><\/em>: car\u00e1ter eliminat\u00f3rio e classificat\u00f3rio; <br>III &#8211; <em><strong>Entrevista e exame psicot\u00e9cnico<\/strong><\/em>: car\u00e1ter eliminat\u00f3rio;  <br>III &#8211; <em><strong>Provas Orais<\/strong><\/em>: car\u00e1ter eliminat\u00f3rio e classificat\u00f3rio; <br>IV &#8211; <em><strong>Prova de T\u00edtulos<\/strong><\/em>: car\u00e1ter classificat\u00f3rio. <\/p>\n\n\n\n<h3 class=\"wp-block-heading\" id=\"objetiva\"><span id=\"prova-preambular\">Prova Preambular<\/span><\/h3>\n\n\n\n<p>A Primeira Fase (Prova Preambular), ter\u00e1 dura\u00e7\u00e3o de cinco horas e ser\u00e1 realizada em um \u00fanico per\u00edodo, contando com 100 quest\u00f5es objetivas de m\u00faltipla escolha, assim distribu\u00eddas:<br><br>a) <em>Direito Constitucional e Direitos Humanos <\/em>&#8211; 15 quest\u00f5es;<br>b) <em>Direito Administrativo<\/em> <em>e Econ\u00f4mico<\/em> &#8211; 15 quest\u00f5es;<br>c) <em>Direito Tribut\u00e1rio<\/em> e <em>Financeiro<\/em> &#8211; 15 quest\u00f5es;<br>d) <em>Direito Civil, Empresarial e <\/em><em>Processual Civil<\/em> &#8211; 20 quest\u00f5es;<br>e) <em>Direito Previdenci\u00e1rio<\/em>,<em> de Pessoal,<\/em> <em>do Trabalho e Processual do Trabalho<\/em> &#8211; 15 quest\u00f5es;<br>f)<em> Direito Ambiental e Agr\u00e1rio &#8211; <\/em>10 quest\u00f5es;<br>g) <em>Conhecimentos Gerais de Hist\u00f3ria e Geografia de Rond\u00f4nia<\/em> &#8211; 10 quest\u00f5es.<\/p>\n\n\n\n<p>A nota em cada quest\u00e3o da prova preambular, feita com base nas marca\u00e7\u00f5es da folha de respostas, ser\u00e1 igual a: 1,00 ponto, caso a resposta do candidato esteja em concord\u00e2ncia com o gabarito oficial definitivo da prova; 0,00, caso a resposta do candidato esteja em discord\u00e2ncia com o gabarito oficial definitivo da prova, n\u00e3o haja marca\u00e7\u00e3o ou haja marca\u00e7\u00e3o dupla.<\/p>\n\n\n\n<p>O c\u00e1lculo da nota na prova preambular ser\u00e1 igual \u00e0 soma das notas obtidas em todas as quest\u00f5es que a comp\u00f5em. Ser\u00e1 reprovado na prova escrita preambular e eliminado do concurso p\u00fablico o candidato que obtiver nota <strong>inferior a 60,00 pontos<\/strong> no conjunto da prova preambular objetiva. <\/p>\n\n\n\n<p>Ser\u00e3o convocados para as provas escritas discursivas os candidatos aprovados na prova preambular e classificados at\u00e9 a <strong>90\u00aa posi\u00e7\u00e3o<\/strong> para <em>ampla concorr\u00eancia<\/em> e <strong>10\u00aa posi\u00e7\u00e3o<\/strong> para<em> candidatos com defici\u00eancia<\/em>, respeitados os empates na \u00faltima coloca\u00e7\u00e3o. <\/p>\n\n\n\n<h3 class=\"wp-block-heading\" id=\"provas-escritas-discursivas\">Provas Escritas Discursivas<\/h3>\n\n\n\n<p>As provas escritas discursivas valer\u00e3o um total de <strong>100,00 <\/strong>pontos e consistir\u00e3o de:<br><br>a) <strong>P2 (quest\u00f5es e parecer): seis quest\u00f5es<\/strong> discursivas, a serem respondidas em at\u00e9 10 linhas cada, no valor de 5,00 pontos cada, totalizando 30,00 pontos; e <strong>reda\u00e7\u00e3o de um parecer<\/strong>, de at\u00e9 90 linhas, no valor de 20,00 pontos.<br>b) <strong>P3 (quest\u00f5es e pe\u00e7a jur\u00eddica):<\/strong> <strong>seis quest\u00f5es<\/strong> discursivas, a serem respondidas em at\u00e9 10 linhas cada, no valor de 5,00 pontos cada, totalizando 30,00 pontos; e <strong>reda\u00e7\u00e3o de uma pe\u00e7a jur\u00eddica<\/strong>, de at\u00e9 90 linhas, no valor de 20,00 pontos.<\/p>\n\n\n\n<p>Ambas as provas ter\u00e3o dura\u00e7\u00e3o de <strong>5 horas<\/strong> cada uma e versar\u00e3o sobre as seguintes disciplinas: <\/p>\n\n\n\n<p>a) <em>Direito Constitucional e Direitos Humanos<\/em>;<br>b) <em>Direito Administrativo<\/em> <em>e Econ\u00f4mico<\/em>;<br>c) <em>Direito Tribut\u00e1rio<\/em> e <em>Financeiro<\/em>;<br>d) <em>Direito Civil, Empresarial e <\/em><em>Processual Civil<\/em>;<br>e) <em>Direito Previdenci\u00e1rio<\/em>,<em> de Pessoal,<\/em> <em>do Trabalho e Processual do Trabalho<\/em>;<br>f)<em> Direito Ambiental e Agr\u00e1rio<\/em>.<\/p>\n\n\n\n<p>As quest\u00f5es discursivas e o parecer da prova escrita discursiva (P2) valer\u00e3o o total de <strong>50,00 pontos<\/strong>, sendo 30,00 pontos para as quest\u00f5es discursivas (5,00 pontos para cada quest\u00e3o) e 20,00 pontos para o parecer.<\/p>\n\n\n\n<p>As quest\u00f5es discursivas e a pe\u00e7a jur\u00eddica da prova escrita discursiva (P3) valer\u00e3o o total de <strong>50,00 pontos<\/strong>, sendo 30,00 pontos para as quest\u00f5es discursivas (5,00 pontos para cada quest\u00e3o) e 20,00 pontos para a pe\u00e7a.<\/p>\n\n\n\n<p>A nota final das provas escritas discursivas se dar\u00e1 pela soma das notas de cada uma, que <strong>n\u00e3o poder\u00e1 ser inferior a 60 pontos. <\/strong><\/p>\n\n\n\n<p>Respeitados os empates na \u00faltima coloca\u00e7\u00e3o, ser\u00e3o convocados para a entrevista e para o exame psicot\u00e9cnico os candidatos aprovados nas provas escritas discursivas, com a inscri\u00e7\u00e3o definitiva deferida e classificados at\u00e9 a posi\u00e7\u00e3o especificada no quadro a seguir: 45\u00aa posi\u00e7\u00e3o para ampla concorr\u00eancia e 5\u00aa posi\u00e7\u00e3o para candidatos com defici\u00eancia. <\/p>\n\n\n\n<p>E somente ser\u00e3o <strong>convocados para a realiza\u00e7\u00e3o da prova oral<\/strong> os candidatos considerados aptos na entrevista e no exame psicot\u00e9cnico, classificados at\u00e9 a posi\u00e7\u00e3o especificada no quadro a seguir: <strong>36\u00aa posi\u00e7\u00e3o para ampla concorr\u00eancia<\/strong> e <strong>4\u00aa posi\u00e7\u00e3o<\/strong> <strong>para candidatos com defici\u00eancia<\/strong>, respeitados os empates na \u00faltima coloca\u00e7\u00e3o.<\/p>\n\n\n\n<h3 class=\"wp-block-heading\" id=\"provas-orais\">Provas Orais <\/h3>\n\n\n\n<p>A prova oral, de car\u00e1ter eliminat\u00f3rio e classificat\u00f3rio, valer\u00e1 em seu conjunto 10,00 pontos. Ela ter\u00e1 dura\u00e7\u00e3o de at\u00e9 30 minutos, tempo em que o candidato dever\u00e1 ler e responder \u00e0s perguntas que lhe forem entregues por escrito, bem como responder \u00e0s argui\u00e7\u00f5es da banca examinadora. As provas envolver\u00e3o conhecimentos das seguintes mat\u00e9rias: <\/p>\n\n\n\n<p>a) <em>Direito Constitucional e Direitos Humanos<\/em>;<br>b) <em>Direito Administrativo<\/em> <em>e Econ\u00f4mico<\/em>;<br>c) <em>Direito Tribut\u00e1rio<\/em> e <em>Financeiro<\/em>;<br>d) <em>Direito Civil, Empresarial e <\/em><em>Processual Civil<\/em>;<br>e) <em>Direito Previdenci\u00e1rio<\/em>,<em> de Pessoal,<\/em> <em>do Trabalho e Processual do Trabalho<\/em>;<br>f)<em> Direito Ambiental e Agr\u00e1rio<\/em>. <\/p>\n\n\n\n<p>A nota final na prova oral corresponder\u00e1 \u00e0 m\u00e9dia aritm\u00e9tica das notas atribu\u00eddas por todos os membros da Banca Examinadora. Cada examinador atribuir\u00e1, para cada candidato, nota de 0 a 10,00 pontos.<\/p>\n\n\n\n<p>Na avalia\u00e7\u00e3o da prova oral, ser\u00e3o considerados o dom\u00ednio do conhecimento (at\u00e9 6,00 pontos), o emprego adequado da linguagem (at\u00e9 1,00 ponto), a articula\u00e7\u00e3o do racioc\u00ednio (at\u00e9 1,00 ponto), a capacidade de argumenta\u00e7\u00e3o (at\u00e9 1,00 ponto) e o uso correto do vern\u00e1culo (at\u00e9 1,00 ponto). <\/p>\n\n\n\n<p>Ser\u00e1 eliminado o candidato que obtiver <strong>nota inferior a 5,00 pontos na prova oral ou que n\u00e3o comparecer para a realiza\u00e7\u00e3o da prova.<\/strong><\/p>\n\n\n\n<h3 class=\"wp-block-heading\" id=\"prova-de-titulos\">Prova de T\u00edtulos <\/h3>\n\n\n\n<p>Ser\u00e3o avaliados os t\u00edtulos dos candidatos aprovados na prova oral e classificados at\u00e9 a posi\u00e7\u00e3o especificada no quadro a seguir, respeitados os empates na \u00faltima coloca\u00e7\u00e3o, considerando-se a soma das notas nas provas escritas discursivas e na prova oral: <strong>31\u00aa posi\u00e7\u00e3o para ampla concorr\u00eancia<\/strong> e <strong>4\u00aa posi\u00e7\u00e3o<\/strong> <strong>para candidatos com defici\u00eancia. <\/strong><\/p>\n\n\n\n<p>A avalia\u00e7\u00e3o de t\u00edtulos valer\u00e1 10,00 pontos, ainda que a soma dos valores dos t\u00edtulos apresentados seja superior a esse valor. Somente ser\u00e3o aceitos os t\u00edtulos abaixo relacionados, expedidos at\u00e9 a data do envio, observados os limites de pontos do quadro a seguir: <\/p>\n\n\n\n<figure class=\"wp-block-image size-full is-resized\"><img decoding=\"async\" src=\"https:\/\/dhg1h5j42swfq.cloudfront.net\/2021\/11\/10144556\/image-176.png\" alt=\"Prova de T\u00edtulos do Edital PGE RO Procurador \" class=\"wp-image-905738\" width=\"852\" height=\"554\"\/><\/figure>\n\n\n\n<p class=\"has-text-align-center has-luminous-vivid-amber-background-color has-background has-medium-font-size\"><strong>Mais informa\u00e7\u00f5es: <a href=\"https:\/\/cj.estrategia.com\/portal\/concurso-pge-ro-procurador\">Concurso PGE RO Procurador<\/a><\/strong><\/p>\n\n\n\n<h2 class=\"wp-block-heading has-text-align-center\" id=\"h-quer-saber-tudo-sobre-concursos-previstos-confira-nossos-artigos\"><span id=\"quer-saber-tudo-sobre-concursos-previstosconfira-nossos-artigos\">Quer saber tudo sobre concursos previstos?<br>Confira nossos artigos!<\/span><\/h2>\n\n\n\n\n\n<h2 class=\"wp-block-heading has-text-align-center\" id=\"cursos\"><span id=\"cursos-e-assinaturas\">Cursos e assinaturas<\/span><\/h2>\n\n\n\n\n\n<div class=\"wp-block-cover\" style=\"min-height:155px;aspect-ratio:unset;\"><img decoding=\"async\" width=\"1890\" height=\"351\" class=\"wp-block-cover__image-background wp-image-8669\" alt=\"Assinaturas Jur\u00eddicas\" src=\"https:\/\/cj.estrategia.com\/portal\/wp-content\/uploads\/2022\/06\/20151253\/concurso-carreiras-juridicas-assinatura-juridica.jpg\" style=\"object-position:78% 43%\" data-object-fit=\"cover\" data-object-position=\"78% 43%\" srcset=\"https:\/\/cj.estrategia.com\/portal\/wp-content\/uploads\/2022\/06\/20151253\/concurso-carreiras-juridicas-assinatura-juridica.jpg 1890w, https:\/\/cj.estrategia.com\/portal\/wp-content\/uploads\/2022\/06\/20151253\/concurso-carreiras-juridicas-assinatura-juridica-300x56.jpg 300w, https:\/\/cj.estrategia.com\/portal\/wp-content\/uploads\/2022\/06\/20151253\/concurso-carreiras-juridicas-assinatura-juridica-1024x190.jpg 1024w, https:\/\/cj.estrategia.com\/portal\/wp-content\/uploads\/2022\/06\/20151253\/concurso-carreiras-juridicas-assinatura-juridica-768x143.jpg 768w, https:\/\/cj.estrategia.com\/portal\/wp-content\/uploads\/2022\/06\/20151253\/concurso-carreiras-juridicas-assinatura-juridica-1536x285.jpg 1536w, https:\/\/cj.estrategia.com\/portal\/wp-content\/uploads\/2022\/06\/20151253\/concurso-carreiras-juridicas-assinatura-juridica-380x71.jpg 380w, https:\/\/cj.estrategia.com\/portal\/wp-content\/uploads\/2022\/06\/20151253\/concurso-carreiras-juridicas-assinatura-juridica-800x149.jpg 800w, https:\/\/cj.estrategia.com\/portal\/wp-content\/uploads\/2022\/06\/20151253\/concurso-carreiras-juridicas-assinatura-juridica-1160x215.jpg 1160w\" sizes=\"(max-width: 1890px) 100vw, 1890px\" \/><span aria-hidden=\"true\" class=\"wp-block-cover__background has-background-dim\"><\/span><div class=\"wp-block-cover__inner-container is-layout-flow wp-block-cover-is-layout-flow\">\n<h3 id=\"faca-a-sua-assinatura\" class=\"titulo-assinatura\"><span style=\"color: #ffffff;\">Fa\u00e7a a sua assinatura!<\/span><\/h3>\n<p class=\"subtitulo-assinatura\" style=\"display:block!important; line-height: 0;\"><span style=\"color: #ffffff;\">Escolha a sua \u00e1rea.<\/span><\/p>\n<a target=\"_blank\" href=\"https:\/\/www.estrategiaconcursos.com.br\/assinaturas-ecj\/\" rel=\"noopener\"><button style=\"border-radius: 10px; text-transform: capitalize;\">Acessar<\/button><\/a>\n<\/div><\/div>\n\n\n\n<div class=\"container\" id=\"boxes\">\n  <div class=\"row\">\n\n    <div class=\"col-sm\">\n      <div class=\"banner-estrategia-concursos-juridicos\" id=\"box-assinatura\">\n        <h3 id=\"curso-para-concurso-pge-ro\" class=\"titulo-assinatura\">Curso para Concurso PGE RO <\/h3>\n        <p class=\"subtitulo-assinatura\">Cursos focados no edital do concurso<\/p>\n        <div class=\"box-botao\">\n          <a class=\"btn-assinatura-juridica\" target=\"_blank\" href=\"https:\/\/www.estrategiaconcursos.com.br\/cursosPorConcurso\/pge-ro-procurador-do-estado-de-rondonia\/\" role=\"button\" rel=\"noopener noreferrer\">Conhe\u00e7a mais<\/a>\n        <\/div>\n      <\/div>\n      <p class=\"texto-auxiliar\">Prepare-se com o melhor material e com quem mais aprova em concursos em todo o pa\u00eds. \n<\/p>\n    <\/div>\n\n  <\/div>\n<\/div>\n\n\n\n<figure class=\"wp-block-image size-large is-resized\"><img decoding=\"async\" src=\"https:\/\/dhg1h5j42swfq.cloudfront.net\/2021\/04\/14121718\/ficha-tecnica-132-1024x632.png\" alt=\"\" class=\"wp-image-713955\" width=\"180\" height=\"111\"\/><\/figure>\n\n\n\n<h4 class=\"wp-block-heading\" id=\"ficha-tecnica\"><span id=\"informacoes-sobre-o-edital-pge-ro-procurador\"><span style=\"\"><span style=\"font-size: 14pt;\">Informa\u00e7\u00f5es sobre o<\/span><\/span><span style=\"font-size: 14pt;\"><strong> <\/strong>edital PGE RO Procurador<\/span><\/span><\/h4>\n\n\n\n<p>\u25ba<strong>Data prevista para prova<\/strong>: <s>06\/02\/2022<\/s><br>\u25ba<strong>Vagas<\/strong>: 5<br>\u25ba<strong>Cargos<\/strong>: <a href=\"https:\/\/www.estrategiaconcursos.com.br\/cursosPorConcurso\/pge-ro-procurador-do-estado-de-rondonia\/\" target=\"_blank\" >Procurador do Estado Substituto<\/a><br>\u25ba<strong>Lota\u00e7\u00f5es<\/strong>: Rond\u00f4nia <br>\u25ba<strong>Banca<\/strong>: Cebraspe<br>\u25ba<strong>Escolaridade<\/strong>: Bacharelado em Direito + inscri\u00e7\u00e3o na OAB + 2 anos de atividade jur\u00eddica<br>\u25ba<strong>Edital:&nbsp;<\/strong><a href=\"https:\/\/dhg1h5j42swfq.cloudfront.net\/2021\/11\/10140209\/edital_pge_ro_2021.pdf\" target=\"_blank\" rel=\"noreferrer noopener nofollow\">PGE RO 2021<\/a><\/p>\n","protected":false},"excerpt":{"rendered":"Foi divulgado o resultado final do concurso PGE RO Procurador. Confira aqui! Foram ofertadas 5 vagas imediatas para&hellip;\n","protected":false},"author":12,"featured_media":37835,"comment_status":"open","ping_status":"open","sticky":false,"template":"","format":"standard","meta":{"_jetpack_memberships_contains_paid_content":false,"footnotes":""},"categories":[1,24],"tags":[],"tax_estado":[51],"class_list":{"0":"post-6968","1":"post","2":"type-post","3":"status-publish","4":"format-standard","5":"has-post-thumbnail","7":"category-carreiras-juridicas","8":"category-procuradoria","9":"tax_estado-ro"},"acf":[],"yoast_head":"<!-- This site is optimized with the Yoast SEO Premium plugin v27.4 (Yoast SEO v27.4) - https:\/\/yoast.com\/product\/yoast-seo-premium-wordpress\/ -->\n<title>Edital PGE RO Procurador: resultado final dos t\u00edtulos. Confira!<\/title>\n<meta name=\"description\" content=\"Edital PGE RO Procurador: foi divulgado o resultado final do certame. Confira todos os detalhes do certame!\" \/>\n<meta name=\"robots\" content=\"index, follow, max-snippet:-1, max-image-preview:large, max-video-preview:-1\" \/>\n<link rel=\"canonical\" href=\"https:\/\/cj.estrategia.com\/portal\/edital-pge-ro-procurador\/\" \/>\n<meta property=\"og:locale\" content=\"pt_BR\" \/>\n<meta property=\"og:type\" content=\"article\" \/>\n<meta property=\"og:title\" content=\"Edital PGE RO Procurador: resultado final dos t\u00edtulos. Confira!\" \/>\n<meta property=\"og:description\" content=\"Edital PGE RO Procurador: foi divulgado o resultado final do certame. Confira todos os detalhes do certame!\" \/>\n<meta property=\"og:url\" content=\"https:\/\/cj.estrategia.com\/portal\/edital-pge-ro-procurador\/\" \/>\n<meta property=\"og:site_name\" content=\"Blog - Carreiras Jur\u00eddicas - Estrat\u00e9gia\" \/>\n<meta property=\"article:publisher\" content=\"https:\/\/www.facebook.com\/estrategiacarreirajuridica\/\" \/>\n<meta property=\"article:published_time\" content=\"2022-10-18T19:24:00+00:00\" \/>\n<meta property=\"article:modified_time\" content=\"2023-06-01T18:54:12+00:00\" \/>\n<meta property=\"og:image\" content=\"https:\/\/cj.estrategia.com\/portal\/wp-content\/uploads\/2023\/06\/01151751\/PGE-RO-Procurador.jpg\" \/>\n\t<meta property=\"og:image:width\" content=\"960\" \/>\n\t<meta property=\"og:image:height\" content=\"540\" \/>\n\t<meta property=\"og:image:type\" content=\"image\/jpeg\" \/>\n<meta name=\"author\" content=\"Coordena\u00e7\u00e3o\" \/>\n<meta name=\"twitter:card\" content=\"summary_large_image\" \/>\n<meta name=\"twitter:creator\" content=\"@EstratJuridica\" \/>\n<meta name=\"twitter:site\" content=\"@EstratJuridica\" \/>\n<meta name=\"twitter:label1\" content=\"Escrito por\" \/>\n\t<meta name=\"twitter:data1\" content=\"Coordena\u00e7\u00e3o\" \/>\n\t<meta name=\"twitter:label2\" content=\"Est. tempo de leitura\" \/>\n\t<meta name=\"twitter:data2\" content=\"10 minutos\" \/>\n<script type=\"application\/ld+json\" class=\"yoast-schema-graph\">{\"@context\":\"https:\\\/\\\/schema.org\",\"@graph\":[{\"@type\":\"NewsArticle\",\"@id\":\"https:\\\/\\\/cj.estrategia.com\\\/portal\\\/edital-pge-ro-procurador\\\/#article\",\"isPartOf\":{\"@id\":\"https:\\\/\\\/cj.estrategia.com\\\/portal\\\/edital-pge-ro-procurador\\\/\"},\"author\":{\"name\":\"Coordena\u00e7\u00e3o\",\"@id\":\"https:\\\/\\\/cj.estrategia.com\\\/portal\\\/#\\\/schema\\\/person\\\/4d70317d31449932b99102916b6637f5\"},\"headline\":\"Edital PGE RO Procurador: resultado final dos t\u00edtulos. Confira!\",\"datePublished\":\"2022-10-18T19:24:00+00:00\",\"dateModified\":\"2023-06-01T18:54:12+00:00\",\"mainEntityOfPage\":{\"@id\":\"https:\\\/\\\/cj.estrategia.com\\\/portal\\\/edital-pge-ro-procurador\\\/\"},\"wordCount\":1822,\"commentCount\":0,\"publisher\":{\"@id\":\"https:\\\/\\\/cj.estrategia.com\\\/portal\\\/#organization\"},\"image\":{\"@id\":\"https:\\\/\\\/cj.estrategia.com\\\/portal\\\/edital-pge-ro-procurador\\\/#primaryimage\"},\"thumbnailUrl\":\"https:\\\/\\\/cj.estrategia.com\\\/portal\\\/wp-content\\\/uploads\\\/2023\\\/06\\\/01151751\\\/PGE-RO-Procurador.jpg\",\"articleSection\":[\"Carreiras Jur\u00eddicas\",\"Procuradoria\"],\"inLanguage\":\"pt-BR\",\"potentialAction\":[{\"@type\":\"CommentAction\",\"name\":\"Comment\",\"target\":[\"https:\\\/\\\/cj.estrategia.com\\\/portal\\\/edital-pge-ro-procurador\\\/#respond\"]}]},{\"@type\":\"WebPage\",\"@id\":\"https:\\\/\\\/cj.estrategia.com\\\/portal\\\/edital-pge-ro-procurador\\\/\",\"url\":\"https:\\\/\\\/cj.estrategia.com\\\/portal\\\/edital-pge-ro-procurador\\\/\",\"name\":\"Edital PGE RO Procurador: resultado final dos t\u00edtulos. Confira!\",\"isPartOf\":{\"@id\":\"https:\\\/\\\/cj.estrategia.com\\\/portal\\\/#website\"},\"primaryImageOfPage\":{\"@id\":\"https:\\\/\\\/cj.estrategia.com\\\/portal\\\/edital-pge-ro-procurador\\\/#primaryimage\"},\"image\":{\"@id\":\"https:\\\/\\\/cj.estrategia.com\\\/portal\\\/edital-pge-ro-procurador\\\/#primaryimage\"},\"thumbnailUrl\":\"https:\\\/\\\/cj.estrategia.com\\\/portal\\\/wp-content\\\/uploads\\\/2023\\\/06\\\/01151751\\\/PGE-RO-Procurador.jpg\",\"datePublished\":\"2022-10-18T19:24:00+00:00\",\"dateModified\":\"2023-06-01T18:54:12+00:00\",\"description\":\"Edital PGE RO Procurador: foi divulgado o resultado final do certame. Confira todos os detalhes do certame!\",\"breadcrumb\":{\"@id\":\"https:\\\/\\\/cj.estrategia.com\\\/portal\\\/edital-pge-ro-procurador\\\/#breadcrumb\"},\"inLanguage\":\"pt-BR\",\"potentialAction\":[{\"@type\":\"ReadAction\",\"target\":[\"https:\\\/\\\/cj.estrategia.com\\\/portal\\\/edital-pge-ro-procurador\\\/\"]}]},{\"@type\":\"ImageObject\",\"inLanguage\":\"pt-BR\",\"@id\":\"https:\\\/\\\/cj.estrategia.com\\\/portal\\\/edital-pge-ro-procurador\\\/#primaryimage\",\"url\":\"https:\\\/\\\/cj.estrategia.com\\\/portal\\\/wp-content\\\/uploads\\\/2023\\\/06\\\/01151751\\\/PGE-RO-Procurador.jpg\",\"contentUrl\":\"https:\\\/\\\/cj.estrategia.com\\\/portal\\\/wp-content\\\/uploads\\\/2023\\\/06\\\/01151751\\\/PGE-RO-Procurador.jpg\",\"width\":960,\"height\":540},{\"@type\":\"BreadcrumbList\",\"@id\":\"https:\\\/\\\/cj.estrategia.com\\\/portal\\\/edital-pge-ro-procurador\\\/#breadcrumb\",\"itemListElement\":[{\"@type\":\"ListItem\",\"position\":1,\"name\":\"In\u00edcio\",\"item\":\"https:\\\/\\\/cj.estrategia.com\\\/portal\\\/\"},{\"@type\":\"ListItem\",\"position\":2,\"name\":\"Edital PGE RO Procurador: resultado final dos t\u00edtulos. Confira!\"}]},{\"@type\":\"WebSite\",\"@id\":\"https:\\\/\\\/cj.estrategia.com\\\/portal\\\/#website\",\"url\":\"https:\\\/\\\/cj.estrategia.com\\\/portal\\\/\",\"name\":\"Blog - Carreiras Jur\u00eddicas - Estrat\u00e9gia\",\"description\":\"\",\"publisher\":{\"@id\":\"https:\\\/\\\/cj.estrategia.com\\\/portal\\\/#organization\"},\"potentialAction\":[{\"@type\":\"SearchAction\",\"target\":{\"@type\":\"EntryPoint\",\"urlTemplate\":\"https:\\\/\\\/cj.estrategia.com\\\/portal\\\/?s={search_term_string}\"},\"query-input\":{\"@type\":\"PropertyValueSpecification\",\"valueRequired\":true,\"valueName\":\"search_term_string\"}}],\"inLanguage\":\"pt-BR\"},{\"@type\":\"Organization\",\"@id\":\"https:\\\/\\\/cj.estrategia.com\\\/portal\\\/#organization\",\"name\":\"Estrat\u00e9gia - Carreiras Jur\u00eddicas\",\"url\":\"https:\\\/\\\/cj.estrategia.com\\\/portal\\\/\",\"logo\":{\"@type\":\"ImageObject\",\"inLanguage\":\"pt-BR\",\"@id\":\"https:\\\/\\\/cj.estrategia.com\\\/portal\\\/#\\\/schema\\\/logo\\\/image\\\/\",\"url\":\"https:\\\/\\\/cj.estrategia.com\\\/portal\\\/wp-content\\\/uploads\\\/2022\\\/03\\\/11151052\\\/cj-logo.png\",\"contentUrl\":\"https:\\\/\\\/cj.estrategia.com\\\/portal\\\/wp-content\\\/uploads\\\/2022\\\/03\\\/11151052\\\/cj-logo.png\",\"width\":150,\"height\":39,\"caption\":\"Estrat\u00e9gia - Carreiras Jur\u00eddicas\"},\"image\":{\"@id\":\"https:\\\/\\\/cj.estrategia.com\\\/portal\\\/#\\\/schema\\\/logo\\\/image\\\/\"},\"sameAs\":[\"https:\\\/\\\/www.facebook.com\\\/estrategiacarreirajuridica\\\/\",\"https:\\\/\\\/x.com\\\/EstratJuridica\",\"https:\\\/\\\/www.instagram.com\\\/estrategiacarreirajuridica\\\/\",\"https:\\\/\\\/www.youtube.com\\\/channel\\\/UClbMGuYbj2Mh1m3w144ETWQ\"]},{\"@type\":\"Person\",\"@id\":\"https:\\\/\\\/cj.estrategia.com\\\/portal\\\/#\\\/schema\\\/person\\\/4d70317d31449932b99102916b6637f5\",\"name\":\"Coordena\u00e7\u00e3o\",\"image\":{\"@type\":\"ImageObject\",\"inLanguage\":\"pt-BR\",\"@id\":\"https:\\\/\\\/cj.estrategia.com\\\/portal\\\/wp-content\\\/uploads\\\/2022\\\/05\\\/12164923\\\/estrategia-carreira-juridica-coordenacao-96x96.png\",\"url\":\"https:\\\/\\\/cj.estrategia.com\\\/portal\\\/wp-content\\\/uploads\\\/2022\\\/05\\\/12164923\\\/estrategia-carreira-juridica-coordenacao-96x96.png\",\"contentUrl\":\"https:\\\/\\\/cj.estrategia.com\\\/portal\\\/wp-content\\\/uploads\\\/2022\\\/05\\\/12164923\\\/estrategia-carreira-juridica-coordenacao-96x96.png\",\"caption\":\"Coordena\u00e7\u00e3o\"},\"url\":\"https:\\\/\\\/cj.estrategia.com\\\/portal\\\/author\\\/coordenacao\\\/\"}]}<\/script>\n<!-- \/ Yoast SEO Premium plugin. -->","yoast_head_json":{"title":"Edital PGE RO Procurador: resultado final dos t\u00edtulos. Confira!","description":"Edital PGE RO Procurador: foi divulgado o resultado final do certame. Confira todos os detalhes do certame!","robots":{"index":"index","follow":"follow","max-snippet":"max-snippet:-1","max-image-preview":"max-image-preview:large","max-video-preview":"max-video-preview:-1"},"canonical":"https:\/\/cj.estrategia.com\/portal\/edital-pge-ro-procurador\/","og_locale":"pt_BR","og_type":"article","og_title":"Edital PGE RO Procurador: resultado final dos t\u00edtulos. Confira!","og_description":"Edital PGE RO Procurador: foi divulgado o resultado final do certame. Confira todos os detalhes do certame!","og_url":"https:\/\/cj.estrategia.com\/portal\/edital-pge-ro-procurador\/","og_site_name":"Blog - Carreiras Jur\u00eddicas - Estrat\u00e9gia","article_publisher":"https:\/\/www.facebook.com\/estrategiacarreirajuridica\/","article_published_time":"2022-10-18T19:24:00+00:00","article_modified_time":"2023-06-01T18:54:12+00:00","og_image":[{"width":960,"height":540,"url":"https:\/\/cj.estrategia.com\/portal\/wp-content\/uploads\/2023\/06\/01151751\/PGE-RO-Procurador.jpg","type":"image\/jpeg"}],"author":"Coordena\u00e7\u00e3o","twitter_card":"summary_large_image","twitter_creator":"@EstratJuridica","twitter_site":"@EstratJuridica","twitter_misc":{"Escrito por":"Coordena\u00e7\u00e3o","Est. tempo de leitura":"10 minutos"},"schema":{"@context":"https:\/\/schema.org","@graph":[{"@type":"NewsArticle","@id":"https:\/\/cj.estrategia.com\/portal\/edital-pge-ro-procurador\/#article","isPartOf":{"@id":"https:\/\/cj.estrategia.com\/portal\/edital-pge-ro-procurador\/"},"author":{"name":"Coordena\u00e7\u00e3o","@id":"https:\/\/cj.estrategia.com\/portal\/#\/schema\/person\/4d70317d31449932b99102916b6637f5"},"headline":"Edital PGE RO Procurador: resultado final dos t\u00edtulos. Confira!","datePublished":"2022-10-18T19:24:00+00:00","dateModified":"2023-06-01T18:54:12+00:00","mainEntityOfPage":{"@id":"https:\/\/cj.estrategia.com\/portal\/edital-pge-ro-procurador\/"},"wordCount":1822,"commentCount":0,"publisher":{"@id":"https:\/\/cj.estrategia.com\/portal\/#organization"},"image":{"@id":"https:\/\/cj.estrategia.com\/portal\/edital-pge-ro-procurador\/#primaryimage"},"thumbnailUrl":"https:\/\/cj.estrategia.com\/portal\/wp-content\/uploads\/2023\/06\/01151751\/PGE-RO-Procurador.jpg","articleSection":["Carreiras Jur\u00eddicas","Procuradoria"],"inLanguage":"pt-BR","potentialAction":[{"@type":"CommentAction","name":"Comment","target":["https:\/\/cj.estrategia.com\/portal\/edital-pge-ro-procurador\/#respond"]}]},{"@type":"WebPage","@id":"https:\/\/cj.estrategia.com\/portal\/edital-pge-ro-procurador\/","url":"https:\/\/cj.estrategia.com\/portal\/edital-pge-ro-procurador\/","name":"Edital PGE RO Procurador: resultado final dos t\u00edtulos. Confira!","isPartOf":{"@id":"https:\/\/cj.estrategia.com\/portal\/#website"},"primaryImageOfPage":{"@id":"https:\/\/cj.estrategia.com\/portal\/edital-pge-ro-procurador\/#primaryimage"},"image":{"@id":"https:\/\/cj.estrategia.com\/portal\/edital-pge-ro-procurador\/#primaryimage"},"thumbnailUrl":"https:\/\/cj.estrategia.com\/portal\/wp-content\/uploads\/2023\/06\/01151751\/PGE-RO-Procurador.jpg","datePublished":"2022-10-18T19:24:00+00:00","dateModified":"2023-06-01T18:54:12+00:00","description":"Edital PGE RO Procurador: foi divulgado o resultado final do certame. Confira todos os detalhes do certame!","breadcrumb":{"@id":"https:\/\/cj.estrategia.com\/portal\/edital-pge-ro-procurador\/#breadcrumb"},"inLanguage":"pt-BR","potentialAction":[{"@type":"ReadAction","target":["https:\/\/cj.estrategia.com\/portal\/edital-pge-ro-procurador\/"]}]},{"@type":"ImageObject","inLanguage":"pt-BR","@id":"https:\/\/cj.estrategia.com\/portal\/edital-pge-ro-procurador\/#primaryimage","url":"https:\/\/cj.estrategia.com\/portal\/wp-content\/uploads\/2023\/06\/01151751\/PGE-RO-Procurador.jpg","contentUrl":"https:\/\/cj.estrategia.com\/portal\/wp-content\/uploads\/2023\/06\/01151751\/PGE-RO-Procurador.jpg","width":960,"height":540},{"@type":"BreadcrumbList","@id":"https:\/\/cj.estrategia.com\/portal\/edital-pge-ro-procurador\/#breadcrumb","itemListElement":[{"@type":"ListItem","position":1,"name":"In\u00edcio","item":"https:\/\/cj.estrategia.com\/portal\/"},{"@type":"ListItem","position":2,"name":"Edital PGE RO Procurador: resultado final dos t\u00edtulos. Confira!"}]},{"@type":"WebSite","@id":"https:\/\/cj.estrategia.com\/portal\/#website","url":"https:\/\/cj.estrategia.com\/portal\/","name":"Blog - Carreiras Jur\u00eddicas - Estrat\u00e9gia","description":"","publisher":{"@id":"https:\/\/cj.estrategia.com\/portal\/#organization"},"potentialAction":[{"@type":"SearchAction","target":{"@type":"EntryPoint","urlTemplate":"https:\/\/cj.estrategia.com\/portal\/?s={search_term_string}"},"query-input":{"@type":"PropertyValueSpecification","valueRequired":true,"valueName":"search_term_string"}}],"inLanguage":"pt-BR"},{"@type":"Organization","@id":"https:\/\/cj.estrategia.com\/portal\/#organization","name":"Estrat\u00e9gia - Carreiras Jur\u00eddicas","url":"https:\/\/cj.estrategia.com\/portal\/","logo":{"@type":"ImageObject","inLanguage":"pt-BR","@id":"https:\/\/cj.estrategia.com\/portal\/#\/schema\/logo\/image\/","url":"https:\/\/cj.estrategia.com\/portal\/wp-content\/uploads\/2022\/03\/11151052\/cj-logo.png","contentUrl":"https:\/\/cj.estrategia.com\/portal\/wp-content\/uploads\/2022\/03\/11151052\/cj-logo.png","width":150,"height":39,"caption":"Estrat\u00e9gia - Carreiras Jur\u00eddicas"},"image":{"@id":"https:\/\/cj.estrategia.com\/portal\/#\/schema\/logo\/image\/"},"sameAs":["https:\/\/www.facebook.com\/estrategiacarreirajuridica\/","https:\/\/x.com\/EstratJuridica","https:\/\/www.instagram.com\/estrategiacarreirajuridica\/","https:\/\/www.youtube.com\/channel\/UClbMGuYbj2Mh1m3w144ETWQ"]},{"@type":"Person","@id":"https:\/\/cj.estrategia.com\/portal\/#\/schema\/person\/4d70317d31449932b99102916b6637f5","name":"Coordena\u00e7\u00e3o","image":{"@type":"ImageObject","inLanguage":"pt-BR","@id":"https:\/\/cj.estrategia.com\/portal\/wp-content\/uploads\/2022\/05\/12164923\/estrategia-carreira-juridica-coordenacao-96x96.png","url":"https:\/\/cj.estrategia.com\/portal\/wp-content\/uploads\/2022\/05\/12164923\/estrategia-carreira-juridica-coordenacao-96x96.png","contentUrl":"https:\/\/cj.estrategia.com\/portal\/wp-content\/uploads\/2022\/05\/12164923\/estrategia-carreira-juridica-coordenacao-96x96.png","caption":"Coordena\u00e7\u00e3o"},"url":"https:\/\/cj.estrategia.com\/portal\/author\/coordenacao\/"}]}},"jetpack_featured_media_url":"https:\/\/cj.estrategia.com\/portal\/wp-content\/uploads\/2023\/06\/01151751\/PGE-RO-Procurador.jpg","jetpack_sharing_enabled":true,"_links":{"self":[{"href":"https:\/\/cj.estrategia.com\/portal\/wp-json\/wp\/v2\/posts\/6968","targetHints":{"allow":["GET"]}}],"collection":[{"href":"https:\/\/cj.estrategia.com\/portal\/wp-json\/wp\/v2\/posts"}],"about":[{"href":"https:\/\/cj.estrategia.com\/portal\/wp-json\/wp\/v2\/types\/post"}],"author":[{"embeddable":true,"href":"https:\/\/cj.estrategia.com\/portal\/wp-json\/wp\/v2\/users\/12"}],"replies":[{"embeddable":true,"href":"https:\/\/cj.estrategia.com\/portal\/wp-json\/wp\/v2\/comments?post=6968"}],"version-history":[{"count":27,"href":"https:\/\/cj.estrategia.com\/portal\/wp-json\/wp\/v2\/posts\/6968\/revisions"}],"predecessor-version":[{"id":37852,"href":"https:\/\/cj.estrategia.com\/portal\/wp-json\/wp\/v2\/posts\/6968\/revisions\/37852"}],"wp:featuredmedia":[{"embeddable":true,"href":"https:\/\/cj.estrategia.com\/portal\/wp-json\/wp\/v2\/media\/37835"}],"wp:attachment":[{"href":"https:\/\/cj.estrategia.com\/portal\/wp-json\/wp\/v2\/media?parent=6968"}],"wp:term":[{"taxonomy":"category","embeddable":true,"href":"https:\/\/cj.estrategia.com\/portal\/wp-json\/wp\/v2\/categories?post=6968"},{"taxonomy":"post_tag","embeddable":true,"href":"https:\/\/cj.estrategia.com\/portal\/wp-json\/wp\/v2\/tags?post=6968"},{"taxonomy":"tax_estado","embeddable":true,"href":"https:\/\/cj.estrategia.com\/portal\/wp-json\/wp\/v2\/tax_estado?post=6968"}],"curies":[{"name":"wp","href":"https:\/\/api.w.org\/{rel}","templated":true}]}}