{"id":69598,"date":"2024-07-18T13:09:18","date_gmt":"2024-07-18T16:09:18","guid":{"rendered":"https:\/\/cj.estrategia.com\/portal\/?p=69598"},"modified":"2024-07-19T18:32:01","modified_gmt":"2024-07-19T21:32:01","slug":"uso-celular-preso-falta-grave","status":"publish","type":"post","link":"https:\/\/cj.estrategia.com\/portal\/uso-celular-preso-falta-grave\/","title":{"rendered":"Uso de celular por preso durante trabalho externo configura falta grave? Entenda a decis\u00e3o do STJ e a falta grave."},"content":{"rendered":"\n<p>O Superior Tribunal de Justi\u00e7a (STJ) decidiu recentemente que o uso de celular por presos durante o trabalho externo n\u00e3o configura falta grave, salvo se houver uma ordem judicial espec\u00edfica proibindo essa conduta.<\/p>\n\n\n\n<p>Este entendimento foi reafirmado no julgamento do Habeas Corpus n\u00ba 866758, no qual o preso Daniel Baquete Gonzalez foi beneficiado.<\/p>\n\n\n\n<h2 class=\"wp-block-heading\" id=\"h-peculiaridades-do-caso\"><span id=\"peculiaridades-do-caso\">Peculiaridades do caso<\/span><\/h2>\n\n\n\n<p>No caso concreto, Daniel Baquete Gonzalez foi penalizado pela utiliza\u00e7\u00e3o de um celular enquanto trabalhava fora do pres\u00eddio.<\/p>\n\n\n\n<p>O Minist\u00e9rio P\u00fablico Federal (MPF) argumentou que a a\u00e7\u00e3o configurava falta grave conforme o artigo 50, inciso VII, da Lei de Execu\u00e7\u00e3o Penal (LEP), que pro\u00edbe a posse e uso de aparelhos de comunica\u00e7\u00e3o por presos.<\/p>\n\n\n\n<p>O relator do caso, Ministro Jesu\u00edno Rissato, destacou que a LEP n\u00e3o prev\u00ea incomunicabilidade para presos em regime de trabalho externo.<\/p>\n\n\n\n<p>Ele ressaltou que a penaliza\u00e7\u00e3o por falta grave s\u00f3 se aplicaria se houvesse uma ordem judicial expressa proibindo o uso de celular fora do pres\u00eddio.<\/p>\n\n\n\n<p>Como tal ordem n\u00e3o existia no caso de Gonzalez, n\u00e3o era poss\u00edvel considerar sua conduta como uma falta grave.<\/p>\n\n\n\n<h2 class=\"wp-block-heading\" id=\"h-entendimento-do-stj\"><span id=\"entendimento-do-stj\">Entendimento do STJ<\/span><\/h2>\n\n\n\n<p>A 6\u00aa Turma do STJ, por unanimidade, negou provimento ao recurso do MPF, reafirmando que, para a configura\u00e7\u00e3o de falta grave, \u00e9 necess\u00e1ria uma ordem judicial espec\u00edfica proibindo o uso de celulares por presos em trabalho externo.<\/p>\n\n\n\n<p>Sem essa ordem, a conduta n\u00e3o se enquadra nas previs\u00f5es do artigo 50, inciso VII, da LEP.<\/p>\n\n\n\n<p>A decis\u00e3o ressaltou que a puni\u00e7\u00e3o por falta grave destina-se a manter a disciplina interna das unidades prisionais e n\u00e3o se estende automaticamente ao contexto de trabalho externo.<\/p>\n\n\n\n<h2 class=\"wp-block-heading\" id=\"h-mas-o-que-e-falta-grave\"><span id=\"mas-o-que-e-falta-grave\">Mas, o que \u00e9 Falta Grave?<\/span><\/h2>\n\n\n\n<p>A Lei de Execu\u00e7\u00e3o Penal (Lei n\u00ba 7.210\/84) prev\u00ea um rol taxativo de situa\u00e7\u00f5es que configuram falta grave do condenado que esteja cumprindo pena privativa de liberdade.<\/p>\n\n\n\n<pre class=\"wp-block-preformatted\">Art. 50. Comete falta grave o condenado \u00e0 pena privativa de liberdade que:\n\nI \u2014 incitar ou participar de movimento para subverter a ordem ou a disciplina;\n\nII \u2014 fugir;\n\nIII \u2014 possuir, indevidamente, instrumento capaz de ofender a integridade f\u00edsica de outrem;\n\nIV \u2014 provocar acidente de trabalho;\n\nV \u2014 descumprir, no regime aberto, as condi\u00e7\u00f5es impostas;\n\nVI \u2014 inobservar os deveres previstos nos incisos II e V, do artigo 39, desta Lei;\n\nVII \u2014 tiver em sua posse, utilizar ou fornecer aparelho telef\u00f4nico, de r\u00e1dio ou similar, que permita a comunica\u00e7\u00e3o com outros presos ou com o ambiente externo.\n\nPar\u00e1grafo \u00fanico. O disposto neste artigo aplica-se, no que couber, ao preso provis\u00f3rio.<\/pre>\n\n\n\n<p>Falta grave, no contexto da execu\u00e7\u00e3o penal, refere-se a a\u00e7\u00f5es do preso que violam significativamente as normas estabelecidas para o cumprimento da pena.<\/p>\n\n\n\n<h2 class=\"wp-block-heading\" id=\"h-entendimentos-da-jurisprudencia\"><span id=\"entendimentos-da-jurisprudencia\">Entendimentos da Jurisprud\u00eancia<\/span><\/h2>\n\n\n\n<h3 class=\"wp-block-heading\" id=\"h-e-falta-grave\"><span id=\"e-falta-grave\">\u00c9 falta grave<\/span><\/h3>\n\n\n\n<p>Exemplos de faltas graves reconhecidas pela jurisprud\u00eancia incluem:<\/p>\n\n\n\n<ol class=\"wp-block-list\">\n<li><strong>Tentativa de fuga<\/strong>: Considerada falta grave mesmo que a fuga n\u00e3o seja bem-sucedida (HC 459.439\/RS).<\/li>\n\n\n\n<li><strong>Posse de drogas<\/strong>: A posse de subst\u00e2ncias il\u00edcitas dentro do pres\u00eddio \u00e9 reiteradamente considerada falta grave (HC 284.275\/SP).<\/li>\n\n\n\n<li><strong>Posse de Chip de Celular<\/strong>: A posse de componentes essenciais de um celular, como chips, dentro de um estabelecimento prisional, configura falta grave (STJ. 5\u00aa Turma. HC 260122-RS).<\/li>\n\n\n\n<li><strong>Pr\u00e1tica de Crime Doloso<\/strong>: A pr\u00e1tica de fato definido como crime doloso durante a execu\u00e7\u00e3o penal configura falta grave, independentemente do tr\u00e2nsito em julgado da condena\u00e7\u00e3o criminal, desde que a apura\u00e7\u00e3o ocorra com observ\u00e2ncia do devido processo legal (RE 776823).<\/li>\n<\/ol>\n\n\n\n<h3 class=\"wp-block-heading\" id=\"h-nao-e-falta-grave\"><span id=\"nao-e-falta-grave\">N\u00e3o \u00e9 falta grave<\/span><\/h3>\n\n\n\n<p>Por outro lado, comportamentos que n\u00e3o configuram falta grave incluem:<\/p>\n\n\n\n<ol class=\"wp-block-list\" start=\"1\">\n<li><strong>Recusa ao trabalho sem justificativa relevante<\/strong>: A recusa ao trabalho deve ser analisada caso a caso e n\u00e3o \u00e9 automaticamente considerada falta grave (HC 451.234\/RS).<\/li>\n\n\n\n<li><strong>Uso de celular fora do pres\u00eddio sem ordem judicial contr\u00e1ria<\/strong>: Como decidido no HC 866758, o uso de celular durante o trabalho externo n\u00e3o configura falta grave sem uma ordem judicial espec\u00edfica.<\/li>\n\n\n\n<li><strong>Mudan\u00e7a de Endere\u00e7o:<\/strong> A mudan\u00e7a de endere\u00e7o sem autoriza\u00e7\u00e3o judicial durante o livramento condicional n\u00e3o configura falta grave, conforme estabelecido pelo STJ (HC 203015-SP).<\/li>\n\n\n\n<li><strong>Recusa de Alimento<\/strong>: A recusa do detento em aceitar alimentos que julga impr\u00f3prios para consumo, quando feita pacificamente, n\u00e3o configura falta grave (AREsp 2.418.453\/SP).<\/li>\n\n\n\n<li><strong>\u00c9 proibida a aplica\u00e7\u00e3o de San\u00e7\u00f5es Coletivas: <\/strong>Se, na execu\u00e7\u00e3o penal, n\u00e3o foi poss\u00edvel identificar o autor da falta grave, n\u00e3o \u00e9 poss\u00edvel aplicar a puni\u00e7\u00e3o a todos os detentos que estavam no local do fato. Isso porque a LEP pro\u00edbe a aplica\u00e7\u00e3o de san\u00e7\u00f5es coletivas (art. 45, \u00a7 3\u00ba) e a CF\/88 determina que nenhuma pena passar\u00e1 da pessoa do condenado (art. 5\u00ba, XLV), exigindo, portanto, a individualiza\u00e7\u00e3o da conduta. (STJ. 6\u00aa Turma. HC 177293-SP, Rel. Min. Maria Thereza de Assis Moura, julgado em 24\/4\/2012 (Info 496).<\/li>\n<\/ol>\n\n\n\n<h2 class=\"wp-block-heading\" id=\"h-consequencias-da-falta-grave-1\"><span id=\"consequencias-da-falta-grave1\">Consequ\u00eancias da falta grave<sup data-fn=\"91951097-9599-47c5-8015-f3460a852158\" class=\"fn\"><a href=\"#91951097-9599-47c5-8015-f3460a852158\" id=\"91951097-9599-47c5-8015-f3460a852158-link\">1<\/a><\/sup><\/span><\/h2>\n\n\n\n<h3 class=\"wp-block-heading\" id=\"h-falta-grave-acarreta-a-interrupcao-da-contagem-do-tempo-para-a-progressao\"><span id=\"falta-grave-acarreta-a-interrupcao-da-contagem-do-tempo-para-a-progressao\">Falta grave acarreta a interrup\u00e7\u00e3o da contagem do tempo para a progress\u00e3o<\/span><\/h3>\n\n\n\n<p>Se o condenado comete falta grave h\u00e1 a interrup\u00e7\u00e3o da contagem do tempo para a concess\u00e3o da progress\u00e3o de regime. Em outras palavras, zera-se e reinicia-se a contagem do requisito objetivo. Para a jurisprud\u00eancia do STJ, se assim n\u00e3o fosse, ao custodiado em regime fechado que comete falta grave n\u00e3o se aplicaria san\u00e7\u00e3o em decorr\u00eancia dessa falta, o que seria um est\u00edmulo ao cometimento de infra\u00e7\u00f5es no decorrer da execu\u00e7\u00e3o.<\/p>\n\n\n\n<p>Vejamos o seguinte exemplo:<\/p>\n\n\n\n<p class=\"has-text-align-left\"><mark style=\"background-color:rgba(0, 0, 0, 0)\" class=\"has-inline-color has-vivid-purple-color\">\u201cA\u201d recebeu uma<\/mark> <mark style=\"background-color:rgba(0, 0, 0, 0)\" class=\"has-inline-color has-vivid-purple-color\">condena\u00e7\u00e3o de 6 anos por roubo simples (que n\u00e3o \u00e9 hediondo).<\/mark><\/p>\n\n\n\n<p class=\"has-text-align-left\"><mark style=\"background-color:rgba(0, 0, 0, 0)\" class=\"has-inline-color has-vivid-purple-color\">\u201cA\u201d come\u00e7ou a cumprir a pena em 01\/01\/2010 no regime fechado.<\/mark><\/p>\n\n\n\n<p>Para progredir ao regime semiaberto, \u201cA\u201d precisava cumprir <strong><mark style=\"background-color:rgba(0, 0, 0, 0)\" class=\"has-inline-color has-vivid-red-color\">1\/6*<\/mark><\/strong> da pena (1 ano) e ter bom comportamento carcer\u00e1rio.<\/p>\n\n\n\n<p class=\"has-text-align-left\"><mark style=\"background-color:rgba(0, 0, 0, 0)\" class=\"has-inline-color has-vivid-purple-color\">\u201cA\u201d completaria 1\/6 da pena em 31\/12\/2010.<\/mark><\/p>\n\n\n\n<p class=\"has-text-align-left\"><mark style=\"background-color:rgba(0, 0, 0, 0)\" class=\"has-inline-color has-vivid-purple-color\">Ocorre que, em 30\/11\/2010, \u201cA\u201d fugiu. Sua recaptura aconteceu em 15\/12\/2010.<\/mark><\/p>\n\n\n\n<p>A fuga \u00e9 considerada falta grave do condenado (art. 50, II, da LEP). Como \u201cA\u201d praticou falta grave, seu per\u00edodo de tempo para obter a progress\u00e3o de regime ir\u00e1 reiniciar do zero.<\/p>\n\n\n\n<p>No caso de fuga, recome\u00e7a-se a contagem do tempo a partir do dia da recaptura.<\/p>\n\n\n\n<p>Logo, para que \u201cA\u201d obtenha o direito \u00e0 progress\u00e3o, precisar\u00e1 cumprir 1\/6 do restante da pena per\u00edodo contado a partir de 15\/12\/2010.<\/p>\n\n\n\n<p>At\u00e9 o dia da fuga, \u201cA\u201d cumpriu 11 meses. Restam ainda 5 anos e 1 m\u00eas de pena. Desse per\u00edodo, \u201cA\u201d ter\u00e1 que cumprir 1\/6. Conta-se esse 1\/6 do dia da recaptura (15\/12\/2010).<\/p>\n\n\n\n<p class=\"has-text-align-left\"><mark style=\"background-color:rgba(0, 0, 0, 0)\" class=\"has-inline-color has-vivid-purple-color\">Assim, \u201cA\u201d atingir\u00e1 1\/6 em 19\/10\/2011.<\/mark><\/p>\n\n\n\n<p>Em suma, o cometimento de falta grave pelo apenado implica o rein\u00edcio da contagem do prazo para obter os benef\u00edcios relativos \u00e0 execu\u00e7\u00e3o da pena, inclusive a progress\u00e3o de regime prisional.<\/p>\n\n\n\n<p><strong><mark style=\"background-color:rgba(0, 0, 0, 0)\" class=\"has-inline-color has-vivid-red-color\">* A Lei n\u00ba 13.964, de 2019, alterou a reda\u00e7\u00e3o do art. 112 da LEP e passou a prever novos percentuais para a progress\u00e3o.<\/mark><\/strong><\/p>\n\n\n\n<h3 class=\"wp-block-heading\" id=\"h-falta-grave-nao-interfere-no-livramento-condicional\"><span id=\"falta-grave-nao-interfere-no-livramento-condicional\">Falta grave n\u00e3o interfere no livramento condicional<\/span><\/h3>\n\n\n\n<p>Vale ressaltar que, no caso do livramento condicional, a falta grave n\u00e3o interrompe o prazo para obten\u00e7\u00e3o do benef\u00edcio, conforme entendimento sumulado do STJ:<\/p>\n\n\n\n<pre class=\"wp-block-preformatted\">S\u00famula 441-STJ: A falta grave n\u00e3o interrompe o prazo para obten\u00e7\u00e3o de livramento condicional.<\/pre>\n\n\n\n<p>A falta grave n\u00e3o interfere no livramento condicional por aus\u00eancia de previs\u00e3o legal, ou seja, porque a LEP n\u00e3o determinou essa consequ\u00eancia (STJ. 5\u00aa Turma. HC 263.361\/SP, Rel. Min. Laurita Vaz, julgado em 07\/05\/2013).<\/p>\n\n\n\n<h3 class=\"wp-block-heading\" id=\"h-falta-grave-nao-interfere-em-regra-na-concessao-de-indulto-ou-comutacao-de-pena\"><span id=\"falta-grave-nao-interfere-em-regra-na-concessao-de-indulto-ou-comutacao-de-pena\">Falta grave n\u00e3o interfere, em regra, na concess\u00e3o de indulto ou comuta\u00e7\u00e3o de pena<\/span><\/h3>\n\n\n\n<p>O cometimento de falta grave n\u00e3o interrompe automaticamente o prazo para o deferimento do indulto ou da comuta\u00e7\u00e3o de pena. A concess\u00e3o desses benef\u00edcios dever\u00e1 obedecer aos requisitos previstos no decreto presidencial pelo qual foram institu\u00eddos.<\/p>\n\n\n\n<p>Assim, a pr\u00e1tica de falta disciplinar de natureza grave, em regra, n\u00e3o interfere no lapso necess\u00e1rio \u00e0 concess\u00e3o de indulto e comuta\u00e7\u00e3o da pena, salvo se houver previs\u00e3o expressa no decreto presidencial.<\/p>\n\n\n\n<h3 class=\"wp-block-heading\" id=\"h-consequencias-decorrentes-da-pratica-de-falta-grave-resumo\"><span id=\"consequencias-decorrentes-da-pratica-de-falta-grave-resumo\">Consequ\u00eancias decorrentes da pr\u00e1tica de falta grave &#8211; resumo<\/span><\/h3>\n\n\n<div class=\"wp-block-image\">\n<figure class=\"aligncenter size-full\"><img decoding=\"async\" width=\"579\" height=\"523\" src=\"https:\/\/cj.estrategia.com\/portal\/wp-content\/uploads\/2024\/07\/18124626\/execucao_penal.png\" alt=\"uso de celular_execucao penal_falta grave\" class=\"wp-image-69603\" srcset=\"https:\/\/cj.estrategia.com\/portal\/wp-content\/uploads\/2024\/07\/18124626\/execucao_penal.png 579w, https:\/\/cj.estrategia.com\/portal\/wp-content\/uploads\/2024\/07\/18124626\/execucao_penal-300x271.png 300w, https:\/\/cj.estrategia.com\/portal\/wp-content\/uploads\/2024\/07\/18124626\/execucao_penal-380x343.png 380w, https:\/\/cj.estrategia.com\/portal\/wp-content\/uploads\/2024\/07\/18124626\/execucao_penal-150x135.png 150w\" sizes=\"(max-width: 579px) 100vw, 579px\" \/><\/figure>\n<\/div>\n\n\n<p>Ademais, como o tema j\u00e1 caiu em provas:<\/p>\n\n\n\n<p><strong>(Instituto Consulplan &#8211; 2024 &#8211; MPE-SC &#8211; Promotor de Justi\u00e7a Substituto)<\/strong> Tendo em vista as regras que norteiam execu\u00e7\u00e3o penal brasileira e os entendimentos dos Tribunais Superiores, julgue o item a seguir. No Brasil, s\u00e3o vedadas as san\u00e7\u00f5es coletivas aos presos que praticam falta grave em estabelecimento prisional, tratando-se de um desdobramento l\u00f3gico do princ\u00edpio constitucional da personalidade da pena (Art. 5\u00ba, XLV), havendo a necessidade da individualiza\u00e7\u00e3o da conduta para o reconhecimento da falta grave praticada pelo apenado em autoria coletiva. <strong>(Certo)<\/strong><\/p>\n\n\n\n<h2 class=\"wp-block-heading\" id=\"h-conclusao\"><span id=\"conclusao\">Conclus\u00e3o<\/span><\/h2>\n\n\n\n<p>A decis\u00e3o do STJ no caso de Daniel Baquete Gonzalez refor\u00e7a a import\u00e2ncia de uma interpreta\u00e7\u00e3o precisa e justa das normas penais, especialmente no contexto da execu\u00e7\u00e3o penal.<\/p>\n\n\n\n<p>O entendimento de que o uso de celular por presos durante o trabalho externo n\u00e3o configura falta grave, a menos que haja uma ordem judicial espec\u00edfica, certamente cair\u00e1 em provas.<\/p>\n\n\n\n<p>A jurisprud\u00eancia brasileira delineia claramente o que constitui falta grave, proporcionando diretrizes objetivas para a administra\u00e7\u00e3o das penas e a conduta dos apenados.<\/p>\n\n\n\n<p>Casos como tentativa de fuga, posse de drogas e a pr\u00e1tica de crimes dolosos s\u00e3o exemplos de a\u00e7\u00f5es que violam significativamente as normas estabelecidas e, portanto, s\u00e3o corretamente tratadas como faltas graves.<\/p>\n\n\n\n<p>Por outro lado, situa\u00e7\u00f5es como a recusa ao trabalho sem justificativa relevante e o uso de celular fora do pres\u00eddio, na aus\u00eancia de uma ordem judicial espec\u00edfica, n\u00e3o devem se enquadrar como faltas graves, conforme demonstrado pelo caso analisado.<\/p>\n\n\n\n<hr class=\"wp-block-separator has-alpha-channel-opacity\"\/>\n\n\n<ol class=\"wp-block-footnotes\"><li id=\"91951097-9599-47c5-8015-f3460a852158\">CAVALCANTE, M\u00e1rcio Andr\u00e9 Lopes. Resumo das consequ\u00eancias decorrentes da pr\u00e1tica de falta grave. Buscador Dizer o Direito, Manaus. Dispon\u00edvel em: &lt;https:\/\/buscadordizerodireito.com.br\/jurisprudencia\/detalhes\/861578d797aeb0634f77aff3f488cca2>. Acesso em: 18\/07\/2024. <a href=\"#91951097-9599-47c5-8015-f3460a852158-link\" aria-label=\"Ir para a refer\u00eancia 1 na nota de rodap\u00e9\">\u21a9\ufe0e<\/a><\/li><\/ol>\n\n\n<hr class=\"wp-block-separator has-alpha-channel-opacity\"\/>\n\n\n\n<h2 class=\"wp-block-heading has-text-align-center\" id=\"h-quer-saber-quais-serao-os-proximos-concursos\"><span id=\"quer-saber-quais-serao-os-proximos-concursos\">Quer saber quais ser\u00e3o os pr\u00f3ximos concursos?<\/span><\/h2>\n\n\n\n<p class=\"has-text-align-center\">Confira nossos&nbsp;<a href=\"https:\/\/cj.estrategia.com\/portal\/\" target=\"_blank\" >artigos para Carreiras Jur\u00eddicas<\/a>!<\/p>\n\n\n\n<p class=\"has-text-align-center has-white-color has-pale-cyan-blue-background-color has-text-color has-background has-link-color wp-elements-f3d5123bb0c8e11604d0c8c7f1ea8be8\"><a href=\"https:\/\/www.estrategiaconcursos.com.br\/blog\/concursos-abertos\/\" target=\"_blank\" >Confira os concursos p\u00fablicos abertos<\/a><\/p>\n\n\n\n<p class=\"has-text-align-center has-white-color has-pale-cyan-blue-background-color has-text-color has-background has-link-color wp-elements-94f2aad2f2b05ea3152ac5320a17d121\"><a href=\"https:\/\/cj.estrategia.com\/portal\/web-stories\/\" target=\"_blank\" >Concursos 2024<\/a><\/p>\n","protected":false},"excerpt":{"rendered":"O Superior Tribunal de Justi\u00e7a (STJ) decidiu recentemente que o uso de celular por presos durante o trabalho&hellip;\n","protected":false},"author":93,"featured_media":69601,"comment_status":"open","ping_status":"open","sticky":false,"template":"","format":"standard","meta":{"_jetpack_memberships_contains_paid_content":false,"footnotes":"[{\"content\":\"CAVALCANTE, M\u00e1rcio Andr\u00e9 Lopes. Resumo das consequ\u00eancias decorrentes da pr\u00e1tica de falta grave. Buscador Dizer o Direito, Manaus. Dispon\u00edvel em: &lt;https:\/\/buscadordizerodireito.com.br\/jurisprudencia\/detalhes\/861578d797aeb0634f77aff3f488cca2>. Acesso em: 18\/07\/2024.\",\"id\":\"91951097-9599-47c5-8015-f3460a852158\"}]"},"categories":[1],"tags":[293,292,291,297,294,295,296,202,288,290,289],"tax_estado":[30,31,32,33,34,35,37,38,39,40,41,42,43,44,45,46,47,48,49,50,51,52,53,54,55,56,57],"class_list":{"0":"post-69598","1":"post","2":"type-post","3":"status-publish","4":"format-standard","5":"has-post-thumbnail","7":"category-carreiras-juridicas","8":"tag-comutacao-de-pena","9":"tag-execucao-penal","10":"tag-falta-grave","11":"tag-habeas-corpus","12":"tag-indulto","13":"tag-livramento-condicional","14":"tag-progressao-de-pena","15":"tag-stj","16":"tag-trabalho-externo","17":"tag-uso-de-celular-por-custodiado","18":"tag-uso-de-celular-por-preso","19":"tax_estado-ac","20":"tax_estado-al","21":"tax_estado-am","22":"tax_estado-ap","23":"tax_estado-ba","24":"tax_estado-ce","25":"tax_estado-df","26":"tax_estado-es","27":"tax_estado-go","28":"tax_estado-ma","29":"tax_estado-mg","30":"tax_estado-ms","31":"tax_estado-mt","32":"tax_estado-pa","33":"tax_estado-pb","34":"tax_estado-pe","35":"tax_estado-pi","36":"tax_estado-pr","37":"tax_estado-rj","38":"tax_estado-rn","39":"tax_estado-ro","40":"tax_estado-rr","41":"tax_estado-rs","42":"tax_estado-sc","43":"tax_estado-se","44":"tax_estado-sp","45":"tax_estado-to"},"acf":[],"yoast_head":"<!-- This site is optimized with the Yoast SEO Premium plugin v27.4 (Yoast SEO v27.4) - https:\/\/yoast.com\/product\/yoast-seo-premium-wordpress\/ -->\n<title>Uso de celular por preso durante trabalho externo. Entenda!<\/title>\n<meta name=\"description\" content=\"STJ decidiu que o uso de celular por presos durante o trabalho externo n\u00e3o configura falta grave, salvo ordem judicial espec\u00edfica que pro\u00edba.\" \/>\n<meta name=\"robots\" content=\"index, follow, max-snippet:-1, max-image-preview:large, max-video-preview:-1\" \/>\n<link rel=\"canonical\" href=\"https:\/\/cj.estrategia.com\/portal\/uso-celular-preso-falta-grave\/\" \/>\n<meta property=\"og:locale\" content=\"pt_BR\" \/>\n<meta property=\"og:type\" content=\"article\" \/>\n<meta property=\"og:title\" content=\"Uso de celular por preso durante trabalho externo configura falta grave? Entenda a decis\u00e3o do STJ e a falta grave.\" \/>\n<meta property=\"og:description\" content=\"STJ decidiu que o uso de celular por presos durante o trabalho externo n\u00e3o configura falta grave, salvo ordem judicial espec\u00edfica que pro\u00edba.\" \/>\n<meta property=\"og:url\" content=\"https:\/\/cj.estrategia.com\/portal\/uso-celular-preso-falta-grave\/\" \/>\n<meta property=\"og:site_name\" content=\"Blog - Carreiras Jur\u00eddicas - Estrat\u00e9gia\" \/>\n<meta property=\"article:publisher\" content=\"https:\/\/www.facebook.com\/estrategiacarreirajuridica\/\" \/>\n<meta property=\"article:published_time\" content=\"2024-07-18T16:09:18+00:00\" \/>\n<meta property=\"article:modified_time\" content=\"2024-07-19T21:32:01+00:00\" \/>\n<meta property=\"og:image\" content=\"https:\/\/cj.estrategia.com\/portal\/wp-content\/uploads\/2024\/07\/18123632\/flat-lay-frame-with-books-handcuffs-scaled.jpg\" \/>\n\t<meta property=\"og:image:width\" content=\"2560\" \/>\n\t<meta property=\"og:image:height\" content=\"1707\" \/>\n\t<meta property=\"og:image:type\" content=\"image\/jpeg\" \/>\n<meta name=\"author\" content=\"Felipe Duque\" \/>\n<meta name=\"twitter:card\" content=\"summary_large_image\" \/>\n<meta name=\"twitter:creator\" content=\"@https:\/\/x.com\/ProfessorDuque\" \/>\n<meta name=\"twitter:site\" content=\"@EstratJuridica\" \/>\n<meta name=\"twitter:label1\" content=\"Escrito por\" \/>\n\t<meta name=\"twitter:data1\" content=\"Felipe Duque\" \/>\n\t<meta name=\"twitter:label2\" content=\"Est. tempo de leitura\" \/>\n\t<meta name=\"twitter:data2\" content=\"8 minutos\" \/>\n<script type=\"application\/ld+json\" class=\"yoast-schema-graph\">{\"@context\":\"https:\\\/\\\/schema.org\",\"@graph\":[{\"@type\":\"NewsArticle\",\"@id\":\"https:\\\/\\\/cj.estrategia.com\\\/portal\\\/uso-celular-preso-falta-grave\\\/#article\",\"isPartOf\":{\"@id\":\"https:\\\/\\\/cj.estrategia.com\\\/portal\\\/uso-celular-preso-falta-grave\\\/\"},\"author\":{\"name\":\"Felipe Duque\",\"@id\":\"https:\\\/\\\/cj.estrategia.com\\\/portal\\\/#\\\/schema\\\/person\\\/b5b0253b269d7130d1f7770b1ba29285\"},\"headline\":\"Uso de celular por preso durante trabalho externo configura falta grave? Entenda a decis\u00e3o do STJ e a falta grave.\",\"datePublished\":\"2024-07-18T16:09:18+00:00\",\"dateModified\":\"2024-07-19T21:32:01+00:00\",\"mainEntityOfPage\":{\"@id\":\"https:\\\/\\\/cj.estrategia.com\\\/portal\\\/uso-celular-preso-falta-grave\\\/\"},\"wordCount\":1494,\"commentCount\":0,\"publisher\":{\"@id\":\"https:\\\/\\\/cj.estrategia.com\\\/portal\\\/#organization\"},\"image\":{\"@id\":\"https:\\\/\\\/cj.estrategia.com\\\/portal\\\/uso-celular-preso-falta-grave\\\/#primaryimage\"},\"thumbnailUrl\":\"https:\\\/\\\/cj.estrategia.com\\\/portal\\\/wp-content\\\/uploads\\\/2024\\\/07\\\/18123632\\\/flat-lay-frame-with-books-handcuffs-scaled.jpg\",\"keywords\":[\"comuta\u00e7\u00e3o de pena\",\"execu\u00e7\u00e3o penal\",\"falta grave\",\"habeas corpus\",\"indulto\",\"livramento condicional\",\"progress\u00e3o de pena\",\"STJ\",\"trabalho externo\",\"uso de celular por custodiado\",\"uso de celular por preso\"],\"articleSection\":[\"Carreiras Jur\u00eddicas\"],\"inLanguage\":\"pt-BR\",\"potentialAction\":[{\"@type\":\"CommentAction\",\"name\":\"Comment\",\"target\":[\"https:\\\/\\\/cj.estrategia.com\\\/portal\\\/uso-celular-preso-falta-grave\\\/#respond\"]}]},{\"@type\":\"WebPage\",\"@id\":\"https:\\\/\\\/cj.estrategia.com\\\/portal\\\/uso-celular-preso-falta-grave\\\/\",\"url\":\"https:\\\/\\\/cj.estrategia.com\\\/portal\\\/uso-celular-preso-falta-grave\\\/\",\"name\":\"Uso de celular por preso durante trabalho externo. Entenda!\",\"isPartOf\":{\"@id\":\"https:\\\/\\\/cj.estrategia.com\\\/portal\\\/#website\"},\"primaryImageOfPage\":{\"@id\":\"https:\\\/\\\/cj.estrategia.com\\\/portal\\\/uso-celular-preso-falta-grave\\\/#primaryimage\"},\"image\":{\"@id\":\"https:\\\/\\\/cj.estrategia.com\\\/portal\\\/uso-celular-preso-falta-grave\\\/#primaryimage\"},\"thumbnailUrl\":\"https:\\\/\\\/cj.estrategia.com\\\/portal\\\/wp-content\\\/uploads\\\/2024\\\/07\\\/18123632\\\/flat-lay-frame-with-books-handcuffs-scaled.jpg\",\"datePublished\":\"2024-07-18T16:09:18+00:00\",\"dateModified\":\"2024-07-19T21:32:01+00:00\",\"description\":\"STJ decidiu que o uso de celular por presos durante o trabalho externo n\u00e3o configura falta grave, salvo ordem judicial espec\u00edfica que pro\u00edba.\",\"breadcrumb\":{\"@id\":\"https:\\\/\\\/cj.estrategia.com\\\/portal\\\/uso-celular-preso-falta-grave\\\/#breadcrumb\"},\"inLanguage\":\"pt-BR\",\"potentialAction\":[{\"@type\":\"ReadAction\",\"target\":[\"https:\\\/\\\/cj.estrategia.com\\\/portal\\\/uso-celular-preso-falta-grave\\\/\"]}]},{\"@type\":\"ImageObject\",\"inLanguage\":\"pt-BR\",\"@id\":\"https:\\\/\\\/cj.estrategia.com\\\/portal\\\/uso-celular-preso-falta-grave\\\/#primaryimage\",\"url\":\"https:\\\/\\\/cj.estrategia.com\\\/portal\\\/wp-content\\\/uploads\\\/2024\\\/07\\\/18123632\\\/flat-lay-frame-with-books-handcuffs-scaled.jpg\",\"contentUrl\":\"https:\\\/\\\/cj.estrategia.com\\\/portal\\\/wp-content\\\/uploads\\\/2024\\\/07\\\/18123632\\\/flat-lay-frame-with-books-handcuffs-scaled.jpg\",\"width\":2560,\"height\":1707,\"caption\":\"algema\"},{\"@type\":\"BreadcrumbList\",\"@id\":\"https:\\\/\\\/cj.estrategia.com\\\/portal\\\/uso-celular-preso-falta-grave\\\/#breadcrumb\",\"itemListElement\":[{\"@type\":\"ListItem\",\"position\":1,\"name\":\"In\u00edcio\",\"item\":\"https:\\\/\\\/cj.estrategia.com\\\/portal\\\/\"},{\"@type\":\"ListItem\",\"position\":2,\"name\":\"Uso de celular por preso durante trabalho externo configura falta grave? Entenda a decis\u00e3o do STJ e a falta grave.\"}]},{\"@type\":\"WebSite\",\"@id\":\"https:\\\/\\\/cj.estrategia.com\\\/portal\\\/#website\",\"url\":\"https:\\\/\\\/cj.estrategia.com\\\/portal\\\/\",\"name\":\"Blog - Carreiras Jur\u00eddicas - Estrat\u00e9gia\",\"description\":\"\",\"publisher\":{\"@id\":\"https:\\\/\\\/cj.estrategia.com\\\/portal\\\/#organization\"},\"potentialAction\":[{\"@type\":\"SearchAction\",\"target\":{\"@type\":\"EntryPoint\",\"urlTemplate\":\"https:\\\/\\\/cj.estrategia.com\\\/portal\\\/?s={search_term_string}\"},\"query-input\":{\"@type\":\"PropertyValueSpecification\",\"valueRequired\":true,\"valueName\":\"search_term_string\"}}],\"inLanguage\":\"pt-BR\"},{\"@type\":\"Organization\",\"@id\":\"https:\\\/\\\/cj.estrategia.com\\\/portal\\\/#organization\",\"name\":\"Estrat\u00e9gia - Carreiras Jur\u00eddicas\",\"url\":\"https:\\\/\\\/cj.estrategia.com\\\/portal\\\/\",\"logo\":{\"@type\":\"ImageObject\",\"inLanguage\":\"pt-BR\",\"@id\":\"https:\\\/\\\/cj.estrategia.com\\\/portal\\\/#\\\/schema\\\/logo\\\/image\\\/\",\"url\":\"https:\\\/\\\/cj.estrategia.com\\\/portal\\\/wp-content\\\/uploads\\\/2022\\\/03\\\/11151052\\\/cj-logo.png\",\"contentUrl\":\"https:\\\/\\\/cj.estrategia.com\\\/portal\\\/wp-content\\\/uploads\\\/2022\\\/03\\\/11151052\\\/cj-logo.png\",\"width\":150,\"height\":39,\"caption\":\"Estrat\u00e9gia - Carreiras Jur\u00eddicas\"},\"image\":{\"@id\":\"https:\\\/\\\/cj.estrategia.com\\\/portal\\\/#\\\/schema\\\/logo\\\/image\\\/\"},\"sameAs\":[\"https:\\\/\\\/www.facebook.com\\\/estrategiacarreirajuridica\\\/\",\"https:\\\/\\\/x.com\\\/EstratJuridica\",\"https:\\\/\\\/www.instagram.com\\\/estrategiacarreirajuridica\\\/\",\"https:\\\/\\\/www.youtube.com\\\/channel\\\/UClbMGuYbj2Mh1m3w144ETWQ\"]},{\"@type\":\"Person\",\"@id\":\"https:\\\/\\\/cj.estrategia.com\\\/portal\\\/#\\\/schema\\\/person\\\/b5b0253b269d7130d1f7770b1ba29285\",\"name\":\"Felipe Duque\",\"image\":{\"@type\":\"ImageObject\",\"inLanguage\":\"pt-BR\",\"@id\":\"https:\\\/\\\/cj.estrategia.com\\\/portal\\\/wp-content\\\/uploads\\\/2024\\\/08\\\/06162009\\\/Captura-de-Tela-2024-08-06-as-16.19.26-96x96.png\",\"url\":\"https:\\\/\\\/cj.estrategia.com\\\/portal\\\/wp-content\\\/uploads\\\/2024\\\/08\\\/06162009\\\/Captura-de-Tela-2024-08-06-as-16.19.26-96x96.png\",\"contentUrl\":\"https:\\\/\\\/cj.estrategia.com\\\/portal\\\/wp-content\\\/uploads\\\/2024\\\/08\\\/06162009\\\/Captura-de-Tela-2024-08-06-as-16.19.26-96x96.png\",\"caption\":\"Felipe Duque\"},\"description\":\"Felipe Duque - Mestre em Direito Pol\u00edtico e Econ\u00f4mico na Mackenzie-SP. Graduado em Direito pela Universidade Cat\u00f3lica de Pernambuco, com conclus\u00e3o pelo regime de Aproveitamento Extraordin\u00e1rio nos Estudos (art. 47, \u00a7 2\u00ba, da Lei n\u00ba 9.394\\\/96). Ex-Assessor de Desembargador no TJPE. Procurador da Fazenda Nacional. Integra voluntariamente a Coordena\u00e7\u00e3o de Assuntos Estrat\u00e9gicos Judiciais da PGFN. Professor do Estrat\u00e9gia Carreira Jur\u00eddica, Estrat\u00e9gia OAB e Buscador Dizer o Direito. Autor do livro \u201cReforma Tribut\u00e1ria Comentada e Esquematizada\u201d, \\\"Manual de Processo Tribut\u00e1rio: Administrativo e Judicial\\\" pela editora Juspodivm Parecerista na Revista de Estudos Jur\u00eddicos do Superior Tribunal de Justi\u00e7a (REJuriSTJ)\",\"sameAs\":[\"http:\\\/\\\/lattes.cnpq.br\\\/5755137268084324\",\"https:\\\/\\\/www.instagram.com\\\/felipe_duque\\\/\",\"https:\\\/\\\/br.linkedin.com\\\/in\\\/felipe-duque-56954638\",\"https:\\\/\\\/x.com\\\/https:\\\/\\\/x.com\\\/ProfessorDuque\",\"https:\\\/\\\/www.youtube.com\\\/@felipeduque-experienciasco5797\"],\"url\":\"https:\\\/\\\/cj.estrategia.com\\\/portal\\\/author\\\/felipe-duque\\\/\"}]}<\/script>\n<!-- \/ Yoast SEO Premium plugin. -->","yoast_head_json":{"title":"Uso de celular por preso durante trabalho externo. Entenda!","description":"STJ decidiu que o uso de celular por presos durante o trabalho externo n\u00e3o configura falta grave, salvo ordem judicial espec\u00edfica que pro\u00edba.","robots":{"index":"index","follow":"follow","max-snippet":"max-snippet:-1","max-image-preview":"max-image-preview:large","max-video-preview":"max-video-preview:-1"},"canonical":"https:\/\/cj.estrategia.com\/portal\/uso-celular-preso-falta-grave\/","og_locale":"pt_BR","og_type":"article","og_title":"Uso de celular por preso durante trabalho externo configura falta grave? Entenda a decis\u00e3o do STJ e a falta grave.","og_description":"STJ decidiu que o uso de celular por presos durante o trabalho externo n\u00e3o configura falta grave, salvo ordem judicial espec\u00edfica que pro\u00edba.","og_url":"https:\/\/cj.estrategia.com\/portal\/uso-celular-preso-falta-grave\/","og_site_name":"Blog - Carreiras Jur\u00eddicas - Estrat\u00e9gia","article_publisher":"https:\/\/www.facebook.com\/estrategiacarreirajuridica\/","article_published_time":"2024-07-18T16:09:18+00:00","article_modified_time":"2024-07-19T21:32:01+00:00","og_image":[{"width":2560,"height":1707,"url":"https:\/\/cj.estrategia.com\/portal\/wp-content\/uploads\/2024\/07\/18123632\/flat-lay-frame-with-books-handcuffs-scaled.jpg","type":"image\/jpeg"}],"author":"Felipe Duque","twitter_card":"summary_large_image","twitter_creator":"@https:\/\/x.com\/ProfessorDuque","twitter_site":"@EstratJuridica","twitter_misc":{"Escrito por":"Felipe Duque","Est. tempo de leitura":"8 minutos"},"schema":{"@context":"https:\/\/schema.org","@graph":[{"@type":"NewsArticle","@id":"https:\/\/cj.estrategia.com\/portal\/uso-celular-preso-falta-grave\/#article","isPartOf":{"@id":"https:\/\/cj.estrategia.com\/portal\/uso-celular-preso-falta-grave\/"},"author":{"name":"Felipe Duque","@id":"https:\/\/cj.estrategia.com\/portal\/#\/schema\/person\/b5b0253b269d7130d1f7770b1ba29285"},"headline":"Uso de celular por preso durante trabalho externo configura falta grave? Entenda a decis\u00e3o do STJ e a falta grave.","datePublished":"2024-07-18T16:09:18+00:00","dateModified":"2024-07-19T21:32:01+00:00","mainEntityOfPage":{"@id":"https:\/\/cj.estrategia.com\/portal\/uso-celular-preso-falta-grave\/"},"wordCount":1494,"commentCount":0,"publisher":{"@id":"https:\/\/cj.estrategia.com\/portal\/#organization"},"image":{"@id":"https:\/\/cj.estrategia.com\/portal\/uso-celular-preso-falta-grave\/#primaryimage"},"thumbnailUrl":"https:\/\/cj.estrategia.com\/portal\/wp-content\/uploads\/2024\/07\/18123632\/flat-lay-frame-with-books-handcuffs-scaled.jpg","keywords":["comuta\u00e7\u00e3o de pena","execu\u00e7\u00e3o penal","falta grave","habeas corpus","indulto","livramento condicional","progress\u00e3o de pena","STJ","trabalho externo","uso de celular por custodiado","uso de celular por preso"],"articleSection":["Carreiras Jur\u00eddicas"],"inLanguage":"pt-BR","potentialAction":[{"@type":"CommentAction","name":"Comment","target":["https:\/\/cj.estrategia.com\/portal\/uso-celular-preso-falta-grave\/#respond"]}]},{"@type":"WebPage","@id":"https:\/\/cj.estrategia.com\/portal\/uso-celular-preso-falta-grave\/","url":"https:\/\/cj.estrategia.com\/portal\/uso-celular-preso-falta-grave\/","name":"Uso de celular por preso durante trabalho externo. Entenda!","isPartOf":{"@id":"https:\/\/cj.estrategia.com\/portal\/#website"},"primaryImageOfPage":{"@id":"https:\/\/cj.estrategia.com\/portal\/uso-celular-preso-falta-grave\/#primaryimage"},"image":{"@id":"https:\/\/cj.estrategia.com\/portal\/uso-celular-preso-falta-grave\/#primaryimage"},"thumbnailUrl":"https:\/\/cj.estrategia.com\/portal\/wp-content\/uploads\/2024\/07\/18123632\/flat-lay-frame-with-books-handcuffs-scaled.jpg","datePublished":"2024-07-18T16:09:18+00:00","dateModified":"2024-07-19T21:32:01+00:00","description":"STJ decidiu que o uso de celular por presos durante o trabalho externo n\u00e3o configura falta grave, salvo ordem judicial espec\u00edfica que pro\u00edba.","breadcrumb":{"@id":"https:\/\/cj.estrategia.com\/portal\/uso-celular-preso-falta-grave\/#breadcrumb"},"inLanguage":"pt-BR","potentialAction":[{"@type":"ReadAction","target":["https:\/\/cj.estrategia.com\/portal\/uso-celular-preso-falta-grave\/"]}]},{"@type":"ImageObject","inLanguage":"pt-BR","@id":"https:\/\/cj.estrategia.com\/portal\/uso-celular-preso-falta-grave\/#primaryimage","url":"https:\/\/cj.estrategia.com\/portal\/wp-content\/uploads\/2024\/07\/18123632\/flat-lay-frame-with-books-handcuffs-scaled.jpg","contentUrl":"https:\/\/cj.estrategia.com\/portal\/wp-content\/uploads\/2024\/07\/18123632\/flat-lay-frame-with-books-handcuffs-scaled.jpg","width":2560,"height":1707,"caption":"algema"},{"@type":"BreadcrumbList","@id":"https:\/\/cj.estrategia.com\/portal\/uso-celular-preso-falta-grave\/#breadcrumb","itemListElement":[{"@type":"ListItem","position":1,"name":"In\u00edcio","item":"https:\/\/cj.estrategia.com\/portal\/"},{"@type":"ListItem","position":2,"name":"Uso de celular por preso durante trabalho externo configura falta grave? Entenda a decis\u00e3o do STJ e a falta grave."}]},{"@type":"WebSite","@id":"https:\/\/cj.estrategia.com\/portal\/#website","url":"https:\/\/cj.estrategia.com\/portal\/","name":"Blog - Carreiras Jur\u00eddicas - Estrat\u00e9gia","description":"","publisher":{"@id":"https:\/\/cj.estrategia.com\/portal\/#organization"},"potentialAction":[{"@type":"SearchAction","target":{"@type":"EntryPoint","urlTemplate":"https:\/\/cj.estrategia.com\/portal\/?s={search_term_string}"},"query-input":{"@type":"PropertyValueSpecification","valueRequired":true,"valueName":"search_term_string"}}],"inLanguage":"pt-BR"},{"@type":"Organization","@id":"https:\/\/cj.estrategia.com\/portal\/#organization","name":"Estrat\u00e9gia - Carreiras Jur\u00eddicas","url":"https:\/\/cj.estrategia.com\/portal\/","logo":{"@type":"ImageObject","inLanguage":"pt-BR","@id":"https:\/\/cj.estrategia.com\/portal\/#\/schema\/logo\/image\/","url":"https:\/\/cj.estrategia.com\/portal\/wp-content\/uploads\/2022\/03\/11151052\/cj-logo.png","contentUrl":"https:\/\/cj.estrategia.com\/portal\/wp-content\/uploads\/2022\/03\/11151052\/cj-logo.png","width":150,"height":39,"caption":"Estrat\u00e9gia - Carreiras Jur\u00eddicas"},"image":{"@id":"https:\/\/cj.estrategia.com\/portal\/#\/schema\/logo\/image\/"},"sameAs":["https:\/\/www.facebook.com\/estrategiacarreirajuridica\/","https:\/\/x.com\/EstratJuridica","https:\/\/www.instagram.com\/estrategiacarreirajuridica\/","https:\/\/www.youtube.com\/channel\/UClbMGuYbj2Mh1m3w144ETWQ"]},{"@type":"Person","@id":"https:\/\/cj.estrategia.com\/portal\/#\/schema\/person\/b5b0253b269d7130d1f7770b1ba29285","name":"Felipe Duque","image":{"@type":"ImageObject","inLanguage":"pt-BR","@id":"https:\/\/cj.estrategia.com\/portal\/wp-content\/uploads\/2024\/08\/06162009\/Captura-de-Tela-2024-08-06-as-16.19.26-96x96.png","url":"https:\/\/cj.estrategia.com\/portal\/wp-content\/uploads\/2024\/08\/06162009\/Captura-de-Tela-2024-08-06-as-16.19.26-96x96.png","contentUrl":"https:\/\/cj.estrategia.com\/portal\/wp-content\/uploads\/2024\/08\/06162009\/Captura-de-Tela-2024-08-06-as-16.19.26-96x96.png","caption":"Felipe Duque"},"description":"Felipe Duque - Mestre em Direito Pol\u00edtico e Econ\u00f4mico na Mackenzie-SP. Graduado em Direito pela Universidade Cat\u00f3lica de Pernambuco, com conclus\u00e3o pelo regime de Aproveitamento Extraordin\u00e1rio nos Estudos (art. 47, \u00a7 2\u00ba, da Lei n\u00ba 9.394\/96). Ex-Assessor de Desembargador no TJPE. Procurador da Fazenda Nacional. Integra voluntariamente a Coordena\u00e7\u00e3o de Assuntos Estrat\u00e9gicos Judiciais da PGFN. Professor do Estrat\u00e9gia Carreira Jur\u00eddica, Estrat\u00e9gia OAB e Buscador Dizer o Direito. Autor do livro \u201cReforma Tribut\u00e1ria Comentada e Esquematizada\u201d, \"Manual de Processo Tribut\u00e1rio: Administrativo e Judicial\" pela editora Juspodivm Parecerista na Revista de Estudos Jur\u00eddicos do Superior Tribunal de Justi\u00e7a (REJuriSTJ)","sameAs":["http:\/\/lattes.cnpq.br\/5755137268084324","https:\/\/www.instagram.com\/felipe_duque\/","https:\/\/br.linkedin.com\/in\/felipe-duque-56954638","https:\/\/x.com\/https:\/\/x.com\/ProfessorDuque","https:\/\/www.youtube.com\/@felipeduque-experienciasco5797"],"url":"https:\/\/cj.estrategia.com\/portal\/author\/felipe-duque\/"}]}},"jetpack_featured_media_url":"https:\/\/cj.estrategia.com\/portal\/wp-content\/uploads\/2024\/07\/18123632\/flat-lay-frame-with-books-handcuffs-scaled.jpg","jetpack_sharing_enabled":true,"_links":{"self":[{"href":"https:\/\/cj.estrategia.com\/portal\/wp-json\/wp\/v2\/posts\/69598","targetHints":{"allow":["GET"]}}],"collection":[{"href":"https:\/\/cj.estrategia.com\/portal\/wp-json\/wp\/v2\/posts"}],"about":[{"href":"https:\/\/cj.estrategia.com\/portal\/wp-json\/wp\/v2\/types\/post"}],"author":[{"embeddable":true,"href":"https:\/\/cj.estrategia.com\/portal\/wp-json\/wp\/v2\/users\/93"}],"replies":[{"embeddable":true,"href":"https:\/\/cj.estrategia.com\/portal\/wp-json\/wp\/v2\/comments?post=69598"}],"version-history":[{"count":4,"href":"https:\/\/cj.estrategia.com\/portal\/wp-json\/wp\/v2\/posts\/69598\/revisions"}],"predecessor-version":[{"id":69607,"href":"https:\/\/cj.estrategia.com\/portal\/wp-json\/wp\/v2\/posts\/69598\/revisions\/69607"}],"wp:featuredmedia":[{"embeddable":true,"href":"https:\/\/cj.estrategia.com\/portal\/wp-json\/wp\/v2\/media\/69601"}],"wp:attachment":[{"href":"https:\/\/cj.estrategia.com\/portal\/wp-json\/wp\/v2\/media?parent=69598"}],"wp:term":[{"taxonomy":"category","embeddable":true,"href":"https:\/\/cj.estrategia.com\/portal\/wp-json\/wp\/v2\/categories?post=69598"},{"taxonomy":"post_tag","embeddable":true,"href":"https:\/\/cj.estrategia.com\/portal\/wp-json\/wp\/v2\/tags?post=69598"},{"taxonomy":"tax_estado","embeddable":true,"href":"https:\/\/cj.estrategia.com\/portal\/wp-json\/wp\/v2\/tax_estado?post=69598"}],"curies":[{"name":"wp","href":"https:\/\/api.w.org\/{rel}","templated":true}]}}