{"id":69393,"date":"2024-07-17T08:16:18","date_gmt":"2024-07-17T11:16:18","guid":{"rendered":"https:\/\/cj.estrategia.com\/portal\/?p=69393"},"modified":"2024-07-17T17:36:24","modified_gmt":"2024-07-17T20:36:24","slug":"litigancia-predatoria-em-minas-gerais-acao-pode-ser-extinta-o-que-pensa-o-stj","status":"publish","type":"post","link":"https:\/\/cj.estrategia.com\/portal\/litigancia-predatoria-em-minas-gerais-acao-pode-ser-extinta-o-que-pensa-o-stj\/","title":{"rendered":"Litig\u00e2ncia Predat\u00f3ria em Minas Gerais: A\u00e7\u00e3o pode ser extinta? O que pensa o STJ?"},"content":{"rendered":"<div class=\"wp-block-image\">\n<figure class=\"aligncenter size-full\"><img decoding=\"async\" width=\"639\" height=\"426\" src=\"https:\/\/cj.estrategia.com\/portal\/wp-content\/uploads\/2024\/07\/17073546\/image-29.png\" alt=\"Litig\u00e2ncia predat\u00f3ria\" class=\"wp-image-69396\" srcset=\"https:\/\/cdn-blog-cj.estrategia.com\/portal\/wp-content\/uploads\/2024\/07\/17073546\/image-29.png 639w, https:\/\/cdn-blog-cj.estrategia.com\/portal\/wp-content\/uploads\/2024\/07\/17073546\/image-29-300x200.png 300w, https:\/\/cdn-blog-cj.estrategia.com\/portal\/wp-content\/uploads\/2024\/07\/17073546\/image-29-380x253.png 380w, https:\/\/cdn-blog-cj.estrategia.com\/portal\/wp-content\/uploads\/2024\/07\/17073546\/image-29-150x100.png 150w\" sizes=\"(max-width: 639px) 100vw, 639px\" \/><\/figure>\n<\/div>\n\n\n<h2 class=\"wp-block-heading\" id=\"h-litigancia-predatoria-introducao\"><span id=\"litigancia-predatoria-introducao\">Litig\u00e2ncia predat\u00f3ria: introdu\u00e7\u00e3o<\/span><\/h2>\n\n\n\n<p class=\"wp-block-paragraph\">O fen\u00f4meno da <strong>litig\u00e2ncia predat\u00f3ria <\/strong>tem sido objeto de diversos estudos e levantamentos pelos tribunais brasileiros. Esses estudos buscam combater <strong><mark style=\"background-color:#8ed1fc\" class=\"has-inline-color\">pr\u00e1ticas abusivas<\/mark> <\/strong>que sobrecarregam o Poder Judici\u00e1rio. <\/p>\n\n\n\n<p class=\"wp-block-paragraph\">Em decis\u00e3o recente, o juiz Jos\u00e9 Paulino de Freitas Neto, da 4\u00aa Vara C\u00edvel de Uberaba\/MG, extinguiu uma a\u00e7\u00e3o judicial contra uma institui\u00e7\u00e3o financeira, apontando:<\/p>\n\n\n\n<ul class=\"wp-block-list\">\n<li>Ind\u00edcios de <strong><mark style=\"background-color:rgba(0, 0, 0, 0)\" class=\"has-inline-color has-vivid-red-color\">litig\u00e2ncia <\/mark><\/strong><mark style=\"background-color:rgba(0, 0, 0, 0)\" class=\"has-inline-color has-vivid-red-color\"><strong>predat\u00f3ria<\/strong><\/mark> e;<\/li>\n\n\n\n<li><strong><mark style=\"background-color:rgba(0, 0, 0, 0)\" class=\"has-inline-color has-vivid-red-color\">Capta\u00e7\u00e3o il\u00edcita de clientela<\/mark> <\/strong>pelo advogado respons\u00e1vel. Essa decis\u00e3o \u00e9 um exemplo claro das consequ\u00eancias dessa <span style=\"text-decoration: underline;\">pr\u00e1tica prejudicial<\/span>.<\/li>\n<\/ul>\n\n\n\n<p class=\"wp-block-paragraph\">Mas, afinal, existe \u201clitig\u00e2ncia predat\u00f3ria\u201d?<\/p>\n\n\n\n<h2 class=\"wp-block-heading\" id=\"h-litigancia-predatoria-o-caso\"><span id=\"litigancia-predatoria-o-caso\">Litig\u00e2ncia predat\u00f3ria: o caso<\/span><\/h2>\n\n\n\n<p class=\"wp-block-paragraph\">O advogado em quest\u00e3o ajuizou <strong>927 a\u00e7\u00f5es <\/strong>no Estado de Minas Gerais, <span style=\"text-decoration: underline;\">sendo 824 delas apenas em 2024<\/span>. Muitas dessas a\u00e7\u00f5es foram movidas contra institui\u00e7\u00f5es financeiras, geralmente com peti\u00e7\u00f5es gen\u00e9ricas e semelhantes, sugerindo a falta de autoriza\u00e7\u00e3o ou consci\u00eancia das partes envolvidas.<\/p>\n\n\n\n<p class=\"wp-block-paragraph\">Relatos indicaram que o advogado, ou seus representantes, visitavam resid\u00eancias de benefici\u00e1rios do INSS, informando sobre descontos indevidos em benef\u00edcios previdenci\u00e1rios e oferecendo servi\u00e7os jur\u00eddicos. <\/p>\n\n\n\n<p class=\"wp-block-paragraph\">A maioria dos clientes era composta por <strong>idosos de pouca escolaridade<\/strong>, considerados <strong><mark style=\"background-color:rgba(0, 0, 0, 0)\" class=\"has-inline-color has-vivid-red-color\">hipervulner\u00e1veis<\/mark><\/strong>, que muitas vezes desconheciam as a\u00e7\u00f5es movidas em seus nomes.<\/p>\n\n\n\n<h2 class=\"wp-block-heading\" id=\"h-litigancia-predatoria-conceito-e-caracteristicas\"><span id=\"litigancia-predatoria-conceito-e-caracteristicas\">Litig\u00e2ncia Predat\u00f3ria: Conceito e Caracter\u00edsticas<\/span><\/h2>\n\n\n\n<p class=\"wp-block-paragraph\">A litig\u00e2ncia predat\u00f3ria consiste no ajuizamento de <strong><span style=\"text-decoration: underline;\">a\u00e7\u00f5es em massa<\/span><\/strong>, comumente em v\u00e1rias comarcas ou varas, geralmente envolvendo <span style=\"text-decoration: underline;\">temas id\u00eanticos<\/span>, com peti\u00e7\u00f5es iniciais similares, muitas vezes apenas alterando o <span style=\"text-decoration: underline;\">nome da parte e o endere\u00e7o<\/span>.<\/p>\n\n\n\n<p class=\"wp-block-paragraph\"><strong>Assim diz o site do TJDFT:<\/strong><\/p>\n\n\n\n<figure class=\"wp-block-table\"><table><tbody><tr><td>Demandas predat\u00f3rias s\u00e3o <strong><mark>a\u00e7\u00f5es ajuizadas em massa<\/mark><\/strong>, geralmente em v\u00e1rias comarcas, com peti\u00e7\u00f5es quase id\u00eanticas. Caracterizam-se pela aus\u00eancia de documentos essenciais, como comprovantes de resid\u00eancia, e muitas vezes s\u00e3o movidas sem o conhecimento das partes, incluindo capta\u00e7\u00e3o ilegal de clientes.<br>Essas pr\u00e1ticas aumentam o n\u00famero de processos, prolongam a tramita\u00e7\u00e3o e <strong><mark>prejudicam a efici\u00eancia do Judici\u00e1rio<\/mark><\/strong>.<br>N\u00e3o h\u00e1 consenso sobre o conceito de demandas predat\u00f3rias, sendo identificadas por suas caracter\u00edsticas. Diferem das demandas fr\u00edvolas e repetitivas, que, embora numerosas, pleiteiam direitos leg\u00edtimos. O grande volume de demandas predat\u00f3rias <strong><mark>impede a celeridade processual<\/mark><\/strong>, exigindo an\u00e1lises detalhadas dos magistrados.<br>Exemplos incluem a extin\u00e7\u00e3o de 3.488 a\u00e7\u00f5es na 1\u00aa Vara C\u00edvel de Araripina e na Vara \u00danica de Ipubi, ambas em Pernambuco, para combater a advocacia predat\u00f3ria.<br>Embora haja cr\u00edticas \u00e0 extin\u00e7\u00e3o de processos por prejudicar o <strong>direito de a\u00e7\u00e3o<\/strong>, a classifica\u00e7\u00e3o das demandas predat\u00f3rias \u00e9 <strong>criteriosa<\/strong>. <strong>Fonte<\/strong>: <a href=\"https:\/\/www.tjdft.jus.br\/institucional\/imprensa\/campanhas-e-produtos\/artigos-discursos-e-entrevistas\/artigos\/2022\/litigancia-predatoria-compromete-garantia-constitucional\">https:\/\/www.tjdft.jus.br\/institucional\/imprensa\/campanhas-e-produtos\/artigos-discursos-e-entrevistas\/artigos\/2022\/litigancia-predatoria-compromete-garantia-constitucional<\/a><\/td><\/tr><\/tbody><\/table><\/figure>\n\n\n\n<h2 class=\"wp-block-heading\" id=\"h-fundamentacao-juridica\"><span id=\"fundamentacao-juridica\">Fundamenta\u00e7\u00e3o Jur\u00eddica<\/span><\/h2>\n\n\n\n<p class=\"wp-block-paragraph\">Na senten\u00e7a, o juiz destacou o <strong>uso indevido de dados pessoais<\/strong>, possivelmente obtidos de forma il\u00edcita, configurando <span style=\"text-decoration: underline;\">viola\u00e7\u00e3o \u00e0 privacidade <\/span>e aos <span style=\"text-decoration: underline;\">direitos garantidos pela LGPD <\/span>(Lei Geral de Prote\u00e7\u00e3o de Dados). Al\u00e9m disso, a capta\u00e7\u00e3o indevida de clientela infringe o <strong>C\u00f3digo de \u00c9tica e Disciplina da OAB<\/strong>, que pro\u00edbe a oferta de servi\u00e7os profissionais para angariar clientes.<\/p>\n\n\n\n<p class=\"wp-block-paragraph\">A decis\u00e3o judicial foi baseada nos artigos 485, incisos IV e VI do CPC, que permitem a extin\u00e7\u00e3o do processo sem resolu\u00e7\u00e3o de m\u00e9rito em casos de <span style=\"text-decoration: underline;\">irregularidades processuais<\/span>. O advogado foi condenado ao pagamento das custas processuais e inclu\u00eddo como terceiro interessado no feito.<\/p>\n\n\n\n<h2 class=\"wp-block-heading\" id=\"h-impactos-da-litigancia-predatoria\"><span id=\"impactos-da-litigancia-predatoria\">Impactos da Litig\u00e2ncia Predat\u00f3ria<\/span><\/h2>\n\n\n\n<p class=\"wp-block-paragraph\">A pr\u00e1tica de ajuizamento massivo de a\u00e7\u00f5es infundadas e repetitivas, conhecida como litig\u00e2ncia predat\u00f3ria, <strong>consome recursos significativos do Poder Judici\u00e1rio<\/strong>, aumentando a morosidade na presta\u00e7\u00e3o jurisdicional e causando preju\u00edzos financeiros ao Estado.<\/p>\n\n\n\n<p class=\"wp-block-paragraph\">O N\u00facleo de Monitoramento de Perfis de Demandas (NUMOPED) e o Centro de Intelig\u00eancia da Justi\u00e7a de Minas Gerais (CIJMG) j\u00e1 identificaram os <strong><span style=\"text-decoration: underline;\">impactos financeiros<\/span><\/strong> dessas pr\u00e1ticas, destacando a necessidade de medidas para coibi-las\u200b\u200b.<\/p>\n\n\n\n<h2 class=\"wp-block-heading\" id=\"h-outro-lado-da-moeda\"><span id=\"outro-lado-da-moeda\">Outro lado da moeda<\/span><\/h2>\n\n\n\n<p class=\"wp-block-paragraph\">No artigo <strong>\u201cA fal\u00e1cia do termo &#8216;litig\u00e2ncia predat\u00f3ria&#8217;\u201d<a id=\"_ftnref1\" href=\"#_ftn1\">[<\/a><\/strong><a id=\"_ftnref1\" href=\"#_ftn1\"><strong>1]<\/strong><\/a> h\u00e1 autores que destacam que a profiss\u00e3o de advogado existe desde sua antiguidade e import\u00e2ncia desde a Sum\u00e9ria antiga, passando por figuras como Marco T\u00falio C\u00edcero, que exemplificam a <strong><span style=\"text-decoration: underline;\">relev\u00e2ncia da defesa jur\u00eddica ao longo dos s\u00e9culos<\/span><\/strong>. Essa introdu\u00e7\u00e3o serve para valorizar o papel do advogado e a necessidade de defesa justa.<\/p>\n\n\n\n<p class=\"wp-block-paragraph\">Os autores argumentam que o termo <strong>&#8220;litig\u00e2ncia predat\u00f3ria&#8221; <\/strong><span style=\"text-decoration: underline;\">n\u00e3o \u00e9 um conceito jur\u00eddico v\u00e1lido<\/span>. Trata-se, na verdade, de uma constru\u00e7\u00e3o utilizada para desqualificar a defesa dos direitos dos consumidores. <\/p>\n\n\n\n<p class=\"wp-block-paragraph\">O C\u00f3digo de Processo Civil (CPC) j\u00e1 aborda a litig\u00e2ncia de m\u00e1-f\u00e9 nos artigos 79 a 81, mas &#8220;litig\u00e2ncia predat\u00f3ria&#8221; \u00e9 um termo pejorativo que sugere um comportamento <span style=\"text-decoration: underline;\">desonesto e predat\u00f3rio<\/span> por parte dos advogados.<\/p>\n\n\n\n<h3 class=\"wp-block-heading\" id=\"h-mero-aborrecimentos\"><span id=\"mero-aborrecimentos\">Mero aborrecimentos<\/span><\/h3>\n\n\n\n<p class=\"wp-block-paragraph\">Ademais, denunciam que a rotula\u00e7\u00e3o da defesa dos consumidores como &#8220;litig\u00e2ncia predat\u00f3ria&#8221; visa deslegitimar suas reivindica\u00e7\u00f5es, transformando viola\u00e7\u00f5es de direitos em <strong><span style=\"text-decoration: underline;\">&#8220;meros aborrecimentos&#8221;<\/span><\/strong>. <\/p>\n\n\n\n<p class=\"wp-block-paragraph\">Essa pecha imposta aos advogados e consumidores prejudica a luta leg\u00edtima por repara\u00e7\u00e3o e justi\u00e7a.<\/p>\n\n\n\n<p class=\"wp-block-paragraph\">Assim, os autores concluem que a cria\u00e7\u00e3o e uso do termo &#8220;litig\u00e2ncia predat\u00f3ria&#8221; \u00e9 uma manobra para:<\/p>\n\n\n\n<ul class=\"wp-block-list\">\n<li><span style=\"text-decoration: underline;\">Desqualificar a advocacia<\/span> de defesa dos consumidores e;<\/li>\n\n\n\n<li><span style=\"text-decoration: underline;\">Diminuir a responsabilidade dos fornecedores<\/span>. <\/li>\n<\/ul>\n\n\n\n<h3 class=\"wp-block-heading\" id=\"h-questao-da-etica\"><span id=\"questao-da-etica\">Quest\u00e3o da \u00e9tica<\/span><\/h3>\n\n\n\n<p class=\"wp-block-paragraph\">Eles afirmam que qualquer quest\u00e3o \u00e9tica envolvendo advogados deve ser tratada pelos tribunais de \u00e9tica da OAB. A litig\u00e2ncia, defendem, s\u00f3 existe porque h\u00e1 lit\u00edgio pr\u00e9-existente, e punir advogados por defenderem os direitos de seus clientes \u00e9 uma <strong>distor\u00e7\u00e3o da justi\u00e7a<\/strong>. <\/p>\n\n\n\n<p class=\"wp-block-paragraph\">O artigo termina evocando o esp\u00edrito de grandes defensores hist\u00f3ricos, como Marco T\u00falio C\u00edcero, para refor\u00e7ar a import\u00e2ncia da defesa jur\u00eddica contra pr\u00e1ticas injustas e predat\u00f3rias de grandes fornecedores.<\/p>\n\n\n\n<h2 class=\"wp-block-heading\" id=\"h-tema-pendente-de-discussao-no-stj-tema-1-198\"><span id=\"tema-pendente-de-discussao-no-stj-tema-1-198\">Tema pendente de discuss\u00e3o no STJ \u2013 Tema 1.198<\/span><\/h2>\n\n\n\n<p class=\"wp-block-paragraph\">A Corte Especial do Superior Tribunal de Justi\u00e7a (STJ) iniciou o julgamento do Tema Repetitivo 1.198. Esse julgamento visa definir se o juiz pode exigir que a parte autora <strong>emende a peti\u00e7\u00e3o inicial<\/strong> e apresente documentos, caso haja <strong>suspeita de litig\u00e2ncia predat\u00f3ria<\/strong>.<\/p>\n\n\n\n<p class=\"wp-block-paragraph\">O relator, ministro Moura Ribeiro, defendeu essa exig\u00eancia para <span style=\"text-decoration: underline;\">fundamentar minimamente as pretens\u00f5es no in\u00edcio da a\u00e7\u00e3o<\/span>, desde que a decis\u00e3o seja fundamentada e considere as <span style=\"text-decoration: underline;\">peculiaridades do caso<\/span>. O julgamento foi suspenso ap\u00f3s pedido de vista do ministro Humberto Martins.<\/p>\n\n\n\n<p class=\"wp-block-paragraph\">O objetivo \u00e9 determinar em que medida o juiz pode exigir documentos para confirmar a seriedade dos pedidos e evitar processos infundados que <strong><mark style=\"background-color:rgba(0, 0, 0, 0)\" class=\"has-inline-color has-vivid-red-color\">comprometem a efici\u00eancia da Justi\u00e7a<\/mark><\/strong>. Moura Ribeiro explicou que tanto o STJ quanto o STF admitem essa pr\u00e1tica para evitar o <strong>uso fraudulento do processo judicial<\/strong>.<\/p>\n\n\n\n<h3 class=\"wp-block-heading\" id=\"h-tema-pendente-de-discussao-no-stj\"><span id=\"tema-pendente-de-discussao-no-stj\">Tema pendente de discuss\u00e3o no STJ<\/span><\/h3>\n\n\n\n<p class=\"wp-block-paragraph\">Veja o tema pendente de discuss\u00e3o no STJ:<\/p>\n\n\n\n<figure class=\"wp-block-table\"><table><tbody><tr><td>\u201cPossibilidade de o juiz, <strong>vislumbrando a ocorr\u00eancia de litig\u00e2ncia predat\u00f3ria<\/strong>, exigir que a parte autora <span style=\"text-decoration: underline;\">emende a peti\u00e7\u00e3o inicial<\/span> com apresenta\u00e7\u00e3o de documentos capazes de lastrear minimamente as pretens\u00f5es deduzidas em ju\u00edzo, como procura\u00e7\u00e3o atualizada, declara\u00e7\u00e3o de pobreza e de resid\u00eancia, c\u00f3pias do contrato e dos extratos banc\u00e1rios\u201d. Fonte: <a href=\"https:\/\/processo.stj.jus.br\/repetitivos\/temas_repetitivos\/pesquisa.jsp?novaConsulta=true&amp;tipo_pesquisa=T&amp;cod_tema_inicial=1198&amp;cod_tema_final=1198\">https:\/\/processo.stj.jus.br\/repetitivos\/temas_repetitivos\/pesquisa.jsp?novaConsulta=true&amp;tipo_pesquisa=T&amp;cod_tema_inicial=1198&amp;cod_tema_final=1198<\/a><\/td><\/tr><\/tbody><\/table><\/figure>\n\n\n\n<p class=\"wp-block-paragraph\">Documentos como extratos banc\u00e1rios, contratos, comprovantes de resid\u00eancia e procura\u00e7\u00e3o atualizada <strong>podem ser exigidos.<\/strong><\/p>\n\n\n\n<p class=\"wp-block-paragraph\"><strong><span style=\"text-decoration: underline;\">Especificamente<\/span><\/strong>, se a procura\u00e7\u00e3o apresentada pelo advogado for muito antiga, o juiz pode solicitar uma atualiza\u00e7\u00e3o para confirmar a rela\u00e7\u00e3o atual entre cliente e advogado.<\/p>\n\n\n\n<p class=\"wp-block-paragraph\">A retomada do julgamento ainda n\u00e3o tem data marcada, mas o prazo para devolu\u00e7\u00e3o do processo \u00e9 de <strong><span style=\"text-decoration: underline;\">60 dias, prorrog\u00e1vel por 30 dias<\/span><\/strong>.<\/p>\n\n\n\n<h3 class=\"wp-block-heading\" id=\"h-o-que-realmente-sera-analisado-pelo-stj\"><span id=\"o-que-realmente-sera-analisado-pelo-stj\">O que realmente ser\u00e1 analisado pelo STJ?<\/span><\/h3>\n\n\n\n<p class=\"wp-block-paragraph\">O processo em an\u00e1lise no tema 1.198 trata de um recurso especial interposto por Maria Cleonice dos Santos contra decis\u00e3o do Tribunal de Justi\u00e7a de Mato Grosso do Sul.<\/p>\n\n\n\n<p class=\"wp-block-paragraph\">O caso envolvia uma <span style=\"text-decoration: underline;\">a\u00e7\u00e3o declarat\u00f3ria de inexist\u00eancia de rela\u00e7\u00e3o jur\u00eddica com repeti\u00e7\u00e3o de valores descontados e indeniza\u00e7\u00e3o por danos morais<\/span>. A decis\u00e3o do TJMS foi baseada na <strong><span style=\"text-decoration: underline;\">suspeita de litig\u00e2ncia predat\u00f3ria<\/span><\/strong>, ou seja, o ajuizamento de a\u00e7\u00f5es em massa com fundamentos gen\u00e9ricos e sem documentos comprobat\u00f3rios m\u00ednimos.<\/p>\n\n\n\n<h3 class=\"wp-block-heading\" id=\"h-pontos-principais-do-recurso\"><span id=\"pontos-principais-do-recurso\">Pontos Principais do Recurso<\/span><\/h3>\n\n\n\n<ol class=\"wp-block-list\">\n<li><strong>Exig\u00eancia de Documentos:<\/strong> O ministro relator, Moura Ribeiro, defendeu a fixa\u00e7\u00e3o de uma tese permitindo que o juiz, diante da <strong>suspeita de litig\u00e2ncia predat\u00f3ria<\/strong>, possa exigir que a parte autora emende a peti\u00e7\u00e3o inicial e <strong>apresente documentos<\/strong> que embasem minimamente os pedidos, como procura\u00e7\u00e3o atualizada, declara\u00e7\u00e3o de pobreza e de resid\u00eancia, c\u00f3pias do contrato e extratos banc\u00e1rios.<\/li>\n\n\n\n<li><strong>Litig\u00e2ncia Predat\u00f3ria:<\/strong> A decis\u00e3o do TJMS foi baseada em dados que mostraram um n\u00famero expressivo de <span style=\"text-decoration: underline;\">a\u00e7\u00f5es id\u00eanticas ajuizadas pelo mesmo advogado<\/span>, muitas vezes envolvendo<mark style=\"background-color:rgba(0, 0, 0, 0)\" class=\"has-inline-color has-vivid-red-color\"> <strong>idosos e pessoas vulner\u00e1veis<\/strong><\/mark>, sem a devida comprova\u00e7\u00e3o documental. Essas a\u00e7\u00f5es aumentam a carga de trabalho do Judici\u00e1rio e muitas vezes s\u00e3o julgadas improcedentes.<\/li>\n\n\n\n<li><strong>Poder Geral de Cautela:<\/strong> A proposta de afeta\u00e7\u00e3o ao rito dos recursos repetitivos busca consolidar o entendimento de que <strong>o juiz pode exigir documentos adicionais<\/strong> para evitar o <span style=\"text-decoration: underline;\">abuso do direito de a\u00e7\u00e3o<\/span> e garantir que os processos tenham um <span style=\"text-decoration: underline;\">fundamento m\u00ednimo<\/span> antes de prosseguir.<\/li>\n\n\n\n<li><strong>Debate sobre Acesso \u00e0 Justi\u00e7a:<\/strong> A decis\u00e3o de exigir documentos adicionais foi contestada pela Ordem dos Advogados do Brasil (OAB-MS), que argumentou que isso poderia dificultar o <strong>acesso \u00e0 Justi\u00e7a para partes vulner\u00e1veis<\/strong>. A tese foi vista como uma forma de conceder discricionariedade excessiva aos ju\u00edzes para indeferir peti\u00e7\u00f5es iniciais.<\/li>\n<\/ol>\n\n\n\n<h2 class=\"wp-block-heading\" id=\"h-conclusao\"><span id=\"conclusao\">Conclus\u00e3o<\/span><\/h2>\n\n\n\n<p class=\"wp-block-paragraph\">A decis\u00e3o do juiz Jos\u00e9 Paulino de Freitas Neto \u00e9 um <strong>passo importante para combater a litig\u00e2ncia predat\u00f3ria<\/strong> e proteger os <strong>direitos dos cidad\u00e3os hipervulner\u00e1veis<\/strong>.<\/p>\n\n\n\n<p class=\"wp-block-paragraph\">A depender do julgamento do Tema 1.198 do STJ,&nbsp; a quest\u00e3o poderia ser solicitado a emenda de documentos antes de extinguir o processo sem resolu\u00e7\u00e3o de m\u00e9rito.<\/p>\n\n\n\n<p class=\"wp-block-paragraph\">Entretanto, a extin\u00e7\u00e3o do processo e a condena\u00e7\u00e3o do advogado servem como:<\/p>\n\n\n\n<ul class=\"wp-block-list\">\n<li>Alerta para a import\u00e2ncia da \u00e9tica e;<\/li>\n\n\n\n<li>Responsabilidade no exerc\u00edcio da advocacia.<\/li>\n<\/ul>\n\n\n\n<p class=\"wp-block-paragraph\"><strong>REFER\u00caNCIAS:<\/strong><\/p>\n\n\n\n<p class=\"wp-block-paragraph\"><a id=\"_ftn1\" href=\"#_ftnref1\"><strong>[1]<\/strong><\/a> https:\/\/www.conjur.com.br\/2023-nov-22\/a-falacia-do-termo-litigancia-predatoria\/<\/p>\n\n\n\n<p class=\"has-text-align-center wp-block-paragraph\"><strong>Quer saber mais sobre os pr\u00f3ximos concursos?<\/strong><\/p>\n\n\n\n<p class=\"has-text-align-center wp-block-paragraph\"><strong>Confira nossos artigos!<\/strong><\/p>\n\n\n\n<p class=\"has-text-align-center has-pale-cyan-blue-background-color has-background wp-block-paragraph\"><a href=\"https:\/\/cj.estrategia.com\/portal\/concursos-abertos-carreiras-juridicas\/\" target=\"_blank\" ><strong>Concursos abertos<\/strong><\/a><\/p>\n\n\n\n<p class=\"has-text-align-center has-pale-cyan-blue-background-color has-background wp-block-paragraph\"><a href=\"https:\/\/cj.estrategia.com\/portal\/concursos-2024-carreiras-juridicas\/\" target=\"_blank\" ><strong>Concursos 2024<\/strong><\/a><\/p>\n","protected":false},"excerpt":{"rendered":"Litig\u00e2ncia predat\u00f3ria: introdu\u00e7\u00e3o O fen\u00f4meno da litig\u00e2ncia predat\u00f3ria tem sido objeto de diversos estudos e levantamentos pelos tribunais&hellip;\n","protected":false},"author":93,"featured_media":69396,"comment_status":"open","ping_status":"open","sticky":false,"template":"","format":"standard","meta":{"_acf_changed":false,"_jetpack_newsletter_access":"","_jetpack_dont_email_post_to_subs":false,"_jetpack_newsletter_tier_id":0,"_jetpack_memberships_contains_paywalled_content":false,"_jetpack_feature_clip_id":0,"_jetpack_memberships_contains_paid_content":false,"footnotes":"","jetpack_post_was_ever_published":false},"categories":[1,115],"tags":[],"tax_estado":[30,31,32,33,34,35,36,37,38,39,40,41,42,43,44,45,46,47,48,49,50,51,52,53,54,55,56,57],"class_list":["post-69393","post","type-post","status-publish","format-standard","has-post-thumbnail","category-carreiras-juridicas","category-noticias","tax_estado-ac","tax_estado-al","tax_estado-am","tax_estado-ap","tax_estado-ba","tax_estado-ce","tax_estado-concursos-federais","tax_estado-df","tax_estado-es","tax_estado-go","tax_estado-ma","tax_estado-mg","tax_estado-ms","tax_estado-mt","tax_estado-pa","tax_estado-pb","tax_estado-pe","tax_estado-pi","tax_estado-pr","tax_estado-rj","tax_estado-rn","tax_estado-ro","tax_estado-rr","tax_estado-rs","tax_estado-sc","tax_estado-se","tax_estado-sp","tax_estado-to"],"acf":[],"yoast_head":"<!-- This site is optimized with the Yoast SEO Premium plugin v28.3 (Yoast SEO v28.3) - https:\/\/yoast.com\/product\/yoast-seo-premium-wordpress\/ -->\n<title>Litig\u00e2ncia predat\u00f3ria: o que pensa o STJ<\/title>\n<meta name=\"description\" content=\"Hoje veremos acerca de uma importante decis\u00e3o do STJ sobre a litig\u00e2ncia predat\u00f3ria, analisando as peculiaridades sobre o tema.\" \/>\n<meta name=\"robots\" content=\"index, follow, max-snippet:-1, max-image-preview:large, max-video-preview:-1\" \/>\n<link rel=\"canonical\" href=\"https:\/\/cj.estrategia.com\/portal\/litigancia-predatoria-em-minas-gerais-acao-pode-ser-extinta-o-que-pensa-o-stj\/\" \/>\n<meta property=\"og:locale\" content=\"pt_BR\" \/>\n<meta property=\"og:type\" content=\"article\" \/>\n<meta property=\"og:title\" content=\"Litig\u00e2ncia Predat\u00f3ria em Minas Gerais: A\u00e7\u00e3o pode ser extinta? O que pensa o STJ?\" \/>\n<meta property=\"og:description\" content=\"Hoje veremos acerca de uma importante decis\u00e3o do STJ sobre a litig\u00e2ncia predat\u00f3ria, analisando as peculiaridades sobre o tema.\" \/>\n<meta property=\"og:url\" content=\"https:\/\/cj.estrategia.com\/portal\/litigancia-predatoria-em-minas-gerais-acao-pode-ser-extinta-o-que-pensa-o-stj\/\" \/>\n<meta property=\"og:site_name\" content=\"Blog - Carreiras Jur\u00eddicas - Estrat\u00e9gia\" \/>\n<meta property=\"article:publisher\" content=\"https:\/\/www.facebook.com\/estrategiacarreirajuridica\/\" \/>\n<meta property=\"article:published_time\" content=\"2024-07-17T11:16:18+00:00\" \/>\n<meta property=\"article:modified_time\" content=\"2024-07-17T20:36:24+00:00\" \/>\n<meta property=\"og:image\" content=\"https:\/\/cj.estrategia.com\/portal\/wp-content\/uploads\/2024\/07\/17073546\/image-29.png\" \/>\n\t<meta property=\"og:image:width\" content=\"639\" \/>\n\t<meta property=\"og:image:height\" content=\"426\" \/>\n\t<meta property=\"og:image:type\" content=\"image\/png\" \/>\n<meta name=\"author\" content=\"Felipe Duque\" \/>\n<meta name=\"twitter:card\" content=\"summary_large_image\" \/>\n<meta name=\"twitter:creator\" content=\"@https:\/\/x.com\/ProfessorDuque\" \/>\n<meta name=\"twitter:site\" content=\"@EstratJuridica\" \/>\n<meta name=\"twitter:label1\" content=\"Escrito por\" \/>\n\t<meta name=\"twitter:data1\" content=\"Felipe Duque\" \/>\n\t<meta name=\"twitter:label2\" content=\"Est. tempo de leitura\" \/>\n\t<meta name=\"twitter:data2\" content=\"9 minutos\" \/>\n<script type=\"application\/ld+json\" class=\"yoast-schema-graph\">{\"@context\":\"https:\\\/\\\/schema.org\",\"@graph\":[{\"@type\":\"NewsArticle\",\"@id\":\"https:\\\/\\\/cj.estrategia.com\\\/portal\\\/litigancia-predatoria-em-minas-gerais-acao-pode-ser-extinta-o-que-pensa-o-stj\\\/#article\",\"isPartOf\":{\"@id\":\"https:\\\/\\\/cj.estrategia.com\\\/portal\\\/litigancia-predatoria-em-minas-gerais-acao-pode-ser-extinta-o-que-pensa-o-stj\\\/\"},\"author\":{\"name\":\"Felipe Duque\",\"@id\":\"https:\\\/\\\/cj.estrategia.com\\\/portal\\\/#\\\/schema\\\/person\\\/b5b0253b269d7130d1f7770b1ba29285\"},\"headline\":\"Litig\u00e2ncia Predat\u00f3ria em Minas Gerais: A\u00e7\u00e3o pode ser extinta? O que pensa o STJ?\",\"datePublished\":\"2024-07-17T11:16:18+00:00\",\"dateModified\":\"2024-07-17T20:36:24+00:00\",\"mainEntityOfPage\":{\"@id\":\"https:\\\/\\\/cj.estrategia.com\\\/portal\\\/litigancia-predatoria-em-minas-gerais-acao-pode-ser-extinta-o-que-pensa-o-stj\\\/\"},\"wordCount\":1754,\"commentCount\":0,\"publisher\":{\"@id\":\"https:\\\/\\\/cj.estrategia.com\\\/portal\\\/#organization\"},\"image\":{\"@id\":\"https:\\\/\\\/cj.estrategia.com\\\/portal\\\/litigancia-predatoria-em-minas-gerais-acao-pode-ser-extinta-o-que-pensa-o-stj\\\/#primaryimage\"},\"thumbnailUrl\":\"https:\\\/\\\/cdn-blog-cj.estrategia.com\\\/portal\\\/wp-content\\\/uploads\\\/2024\\\/07\\\/17073546\\\/image-29.png\",\"articleSection\":[\"Carreiras Jur\u00eddicas\",\"Not\u00edcias\"],\"inLanguage\":\"pt-BR\",\"potentialAction\":[{\"@type\":\"CommentAction\",\"name\":\"Comment\",\"target\":[\"https:\\\/\\\/cj.estrategia.com\\\/portal\\\/litigancia-predatoria-em-minas-gerais-acao-pode-ser-extinta-o-que-pensa-o-stj\\\/#respond\"]}]},{\"@type\":\"WebPage\",\"@id\":\"https:\\\/\\\/cj.estrategia.com\\\/portal\\\/litigancia-predatoria-em-minas-gerais-acao-pode-ser-extinta-o-que-pensa-o-stj\\\/\",\"url\":\"https:\\\/\\\/cj.estrategia.com\\\/portal\\\/litigancia-predatoria-em-minas-gerais-acao-pode-ser-extinta-o-que-pensa-o-stj\\\/\",\"name\":\"Litig\u00e2ncia predat\u00f3ria: o que pensa o STJ\",\"isPartOf\":{\"@id\":\"https:\\\/\\\/cj.estrategia.com\\\/portal\\\/#website\"},\"primaryImageOfPage\":{\"@id\":\"https:\\\/\\\/cj.estrategia.com\\\/portal\\\/litigancia-predatoria-em-minas-gerais-acao-pode-ser-extinta-o-que-pensa-o-stj\\\/#primaryimage\"},\"image\":{\"@id\":\"https:\\\/\\\/cj.estrategia.com\\\/portal\\\/litigancia-predatoria-em-minas-gerais-acao-pode-ser-extinta-o-que-pensa-o-stj\\\/#primaryimage\"},\"thumbnailUrl\":\"https:\\\/\\\/cdn-blog-cj.estrategia.com\\\/portal\\\/wp-content\\\/uploads\\\/2024\\\/07\\\/17073546\\\/image-29.png\",\"datePublished\":\"2024-07-17T11:16:18+00:00\",\"dateModified\":\"2024-07-17T20:36:24+00:00\",\"description\":\"Hoje veremos acerca de uma importante decis\u00e3o do STJ sobre a litig\u00e2ncia predat\u00f3ria, analisando as peculiaridades sobre o tema.\",\"breadcrumb\":{\"@id\":\"https:\\\/\\\/cj.estrategia.com\\\/portal\\\/litigancia-predatoria-em-minas-gerais-acao-pode-ser-extinta-o-que-pensa-o-stj\\\/#breadcrumb\"},\"inLanguage\":\"pt-BR\",\"potentialAction\":[{\"@type\":\"ReadAction\",\"target\":[\"https:\\\/\\\/cj.estrategia.com\\\/portal\\\/litigancia-predatoria-em-minas-gerais-acao-pode-ser-extinta-o-que-pensa-o-stj\\\/\"]}]},{\"@type\":\"ImageObject\",\"inLanguage\":\"pt-BR\",\"@id\":\"https:\\\/\\\/cj.estrategia.com\\\/portal\\\/litigancia-predatoria-em-minas-gerais-acao-pode-ser-extinta-o-que-pensa-o-stj\\\/#primaryimage\",\"url\":\"https:\\\/\\\/cdn-blog-cj.estrategia.com\\\/portal\\\/wp-content\\\/uploads\\\/2024\\\/07\\\/17073546\\\/image-29.png\",\"contentUrl\":\"https:\\\/\\\/cdn-blog-cj.estrategia.com\\\/portal\\\/wp-content\\\/uploads\\\/2024\\\/07\\\/17073546\\\/image-29.png\",\"width\":639,\"height\":426},{\"@type\":\"BreadcrumbList\",\"@id\":\"https:\\\/\\\/cj.estrategia.com\\\/portal\\\/litigancia-predatoria-em-minas-gerais-acao-pode-ser-extinta-o-que-pensa-o-stj\\\/#breadcrumb\",\"itemListElement\":[{\"@type\":\"ListItem\",\"position\":1,\"name\":\"In\u00edcio\",\"item\":\"https:\\\/\\\/cj.estrategia.com\\\/portal\\\/\"},{\"@type\":\"ListItem\",\"position\":2,\"name\":\"Litig\u00e2ncia Predat\u00f3ria em Minas Gerais: A\u00e7\u00e3o pode ser extinta? O que pensa o STJ?\"}]},{\"@type\":\"WebSite\",\"@id\":\"https:\\\/\\\/cj.estrategia.com\\\/portal\\\/#website\",\"url\":\"https:\\\/\\\/cj.estrategia.com\\\/portal\\\/\",\"name\":\"Blog - Carreiras Jur\u00eddicas - Estrat\u00e9gia\",\"description\":\"\",\"publisher\":{\"@id\":\"https:\\\/\\\/cj.estrategia.com\\\/portal\\\/#organization\"},\"potentialAction\":[{\"@type\":\"SearchAction\",\"target\":{\"@type\":\"EntryPoint\",\"urlTemplate\":\"https:\\\/\\\/cj.estrategia.com\\\/portal\\\/?s={search_term_string}\"},\"query-input\":{\"@type\":\"PropertyValueSpecification\",\"valueRequired\":true,\"valueName\":\"search_term_string\"}}],\"inLanguage\":\"pt-BR\"},{\"@type\":\"Organization\",\"@id\":\"https:\\\/\\\/cj.estrategia.com\\\/portal\\\/#organization\",\"name\":\"Estrat\u00e9gia - Carreiras Jur\u00eddicas\",\"url\":\"https:\\\/\\\/cj.estrategia.com\\\/portal\\\/\",\"logo\":{\"@type\":\"ImageObject\",\"inLanguage\":\"pt-BR\",\"@id\":\"https:\\\/\\\/cj.estrategia.com\\\/portal\\\/#\\\/schema\\\/logo\\\/image\\\/\",\"url\":\"https:\\\/\\\/cj.estrategia.com\\\/portal\\\/wp-content\\\/uploads\\\/2022\\\/03\\\/11151052\\\/cj-logo.png\",\"contentUrl\":\"https:\\\/\\\/cj.estrategia.com\\\/portal\\\/wp-content\\\/uploads\\\/2022\\\/03\\\/11151052\\\/cj-logo.png\",\"width\":150,\"height\":39,\"caption\":\"Estrat\u00e9gia - Carreiras Jur\u00eddicas\"},\"image\":{\"@id\":\"https:\\\/\\\/cj.estrategia.com\\\/portal\\\/#\\\/schema\\\/logo\\\/image\\\/\"},\"sameAs\":[\"https:\\\/\\\/www.facebook.com\\\/estrategiacarreirajuridica\\\/\",\"https:\\\/\\\/x.com\\\/EstratJuridica\",\"https:\\\/\\\/www.instagram.com\\\/estrategiacarreirajuridica\\\/\",\"https:\\\/\\\/www.youtube.com\\\/channel\\\/UClbMGuYbj2Mh1m3w144ETWQ\"]},{\"@type\":\"Person\",\"@id\":\"https:\\\/\\\/cj.estrategia.com\\\/portal\\\/#\\\/schema\\\/person\\\/b5b0253b269d7130d1f7770b1ba29285\",\"name\":\"Felipe Duque\",\"image\":{\"@type\":\"ImageObject\",\"inLanguage\":\"pt-BR\",\"@id\":\"https:\\\/\\\/cdn-blog-cj.estrategia.com\\\/portal\\\/wp-content\\\/uploads\\\/2024\\\/08\\\/06162009\\\/Captura-de-Tela-2024-08-06-as-16.19.26-96x96.png\",\"url\":\"https:\\\/\\\/cdn-blog-cj.estrategia.com\\\/portal\\\/wp-content\\\/uploads\\\/2024\\\/08\\\/06162009\\\/Captura-de-Tela-2024-08-06-as-16.19.26-96x96.png\",\"contentUrl\":\"https:\\\/\\\/cdn-blog-cj.estrategia.com\\\/portal\\\/wp-content\\\/uploads\\\/2024\\\/08\\\/06162009\\\/Captura-de-Tela-2024-08-06-as-16.19.26-96x96.png\",\"caption\":\"Felipe Duque\"},\"description\":\"Felipe Duque - Mestre em Direito Pol\u00edtico e Econ\u00f4mico na Mackenzie-SP. Graduado em Direito pela Universidade Cat\u00f3lica de Pernambuco, com conclus\u00e3o pelo regime de Aproveitamento Extraordin\u00e1rio nos Estudos (art. 47, \u00a7 2\u00ba, da Lei n\u00ba 9.394\\\/96). Ex-Assessor de Desembargador no TJPE. Procurador da Fazenda Nacional. Integra voluntariamente a Coordena\u00e7\u00e3o de Assuntos Estrat\u00e9gicos Judiciais da PGFN. Professor do Estrat\u00e9gia Carreira Jur\u00eddica, Estrat\u00e9gia OAB e Buscador Dizer o Direito. Autor do livro \u201cReforma Tribut\u00e1ria Comentada e Esquematizada\u201d, \\\"Manual de Processo Tribut\u00e1rio: Administrativo e Judicial\\\" pela editora Juspodivm Parecerista na Revista de Estudos Jur\u00eddicos do Superior Tribunal de Justi\u00e7a (REJuriSTJ)\",\"sameAs\":[\"http:\\\/\\\/lattes.cnpq.br\\\/5755137268084324\",\"https:\\\/\\\/www.instagram.com\\\/felipe_duque\\\/\",\"https:\\\/\\\/br.linkedin.com\\\/in\\\/felipe-duque-56954638\",\"https:\\\/\\\/x.com\\\/https:\\\/\\\/x.com\\\/ProfessorDuque\",\"https:\\\/\\\/www.youtube.com\\\/@felipeduque-experienciasco5797\"],\"url\":\"https:\\\/\\\/cj.estrategia.com\\\/portal\\\/author\\\/felipe-duque\\\/\"}]}<\/script>\n<!-- \/ Yoast SEO Premium plugin. -->","yoast_head_json":{"title":"Litig\u00e2ncia predat\u00f3ria: o que pensa o STJ","description":"Hoje veremos acerca de uma importante decis\u00e3o do STJ sobre a litig\u00e2ncia predat\u00f3ria, analisando as peculiaridades sobre o tema.","robots":{"index":"index","follow":"follow","max-snippet":"max-snippet:-1","max-image-preview":"max-image-preview:large","max-video-preview":"max-video-preview:-1"},"canonical":"https:\/\/cj.estrategia.com\/portal\/litigancia-predatoria-em-minas-gerais-acao-pode-ser-extinta-o-que-pensa-o-stj\/","og_locale":"pt_BR","og_type":"article","og_title":"Litig\u00e2ncia Predat\u00f3ria em Minas Gerais: A\u00e7\u00e3o pode ser extinta? O que pensa o STJ?","og_description":"Hoje veremos acerca de uma importante decis\u00e3o do STJ sobre a litig\u00e2ncia predat\u00f3ria, analisando as peculiaridades sobre o tema.","og_url":"https:\/\/cj.estrategia.com\/portal\/litigancia-predatoria-em-minas-gerais-acao-pode-ser-extinta-o-que-pensa-o-stj\/","og_site_name":"Blog - Carreiras Jur\u00eddicas - Estrat\u00e9gia","article_publisher":"https:\/\/www.facebook.com\/estrategiacarreirajuridica\/","article_published_time":"2024-07-17T11:16:18+00:00","article_modified_time":"2024-07-17T20:36:24+00:00","og_image":[{"width":639,"height":426,"url":"https:\/\/cj.estrategia.com\/portal\/wp-content\/uploads\/2024\/07\/17073546\/image-29.png","type":"image\/png"}],"author":"Felipe Duque","twitter_card":"summary_large_image","twitter_creator":"@https:\/\/x.com\/ProfessorDuque","twitter_site":"@EstratJuridica","twitter_misc":{"Escrito por":"Felipe Duque","Est. tempo de leitura":"9 minutos"},"schema":{"@context":"https:\/\/schema.org","@graph":[{"@type":"NewsArticle","@id":"https:\/\/cj.estrategia.com\/portal\/litigancia-predatoria-em-minas-gerais-acao-pode-ser-extinta-o-que-pensa-o-stj\/#article","isPartOf":{"@id":"https:\/\/cj.estrategia.com\/portal\/litigancia-predatoria-em-minas-gerais-acao-pode-ser-extinta-o-que-pensa-o-stj\/"},"author":{"name":"Felipe Duque","@id":"https:\/\/cj.estrategia.com\/portal\/#\/schema\/person\/b5b0253b269d7130d1f7770b1ba29285"},"headline":"Litig\u00e2ncia Predat\u00f3ria em Minas Gerais: A\u00e7\u00e3o pode ser extinta? O que pensa o STJ?","datePublished":"2024-07-17T11:16:18+00:00","dateModified":"2024-07-17T20:36:24+00:00","mainEntityOfPage":{"@id":"https:\/\/cj.estrategia.com\/portal\/litigancia-predatoria-em-minas-gerais-acao-pode-ser-extinta-o-que-pensa-o-stj\/"},"wordCount":1754,"commentCount":0,"publisher":{"@id":"https:\/\/cj.estrategia.com\/portal\/#organization"},"image":{"@id":"https:\/\/cj.estrategia.com\/portal\/litigancia-predatoria-em-minas-gerais-acao-pode-ser-extinta-o-que-pensa-o-stj\/#primaryimage"},"thumbnailUrl":"https:\/\/cdn-blog-cj.estrategia.com\/portal\/wp-content\/uploads\/2024\/07\/17073546\/image-29.png","articleSection":["Carreiras Jur\u00eddicas","Not\u00edcias"],"inLanguage":"pt-BR","potentialAction":[{"@type":"CommentAction","name":"Comment","target":["https:\/\/cj.estrategia.com\/portal\/litigancia-predatoria-em-minas-gerais-acao-pode-ser-extinta-o-que-pensa-o-stj\/#respond"]}]},{"@type":"WebPage","@id":"https:\/\/cj.estrategia.com\/portal\/litigancia-predatoria-em-minas-gerais-acao-pode-ser-extinta-o-que-pensa-o-stj\/","url":"https:\/\/cj.estrategia.com\/portal\/litigancia-predatoria-em-minas-gerais-acao-pode-ser-extinta-o-que-pensa-o-stj\/","name":"Litig\u00e2ncia predat\u00f3ria: o que pensa o STJ","isPartOf":{"@id":"https:\/\/cj.estrategia.com\/portal\/#website"},"primaryImageOfPage":{"@id":"https:\/\/cj.estrategia.com\/portal\/litigancia-predatoria-em-minas-gerais-acao-pode-ser-extinta-o-que-pensa-o-stj\/#primaryimage"},"image":{"@id":"https:\/\/cj.estrategia.com\/portal\/litigancia-predatoria-em-minas-gerais-acao-pode-ser-extinta-o-que-pensa-o-stj\/#primaryimage"},"thumbnailUrl":"https:\/\/cdn-blog-cj.estrategia.com\/portal\/wp-content\/uploads\/2024\/07\/17073546\/image-29.png","datePublished":"2024-07-17T11:16:18+00:00","dateModified":"2024-07-17T20:36:24+00:00","description":"Hoje veremos acerca de uma importante decis\u00e3o do STJ sobre a litig\u00e2ncia predat\u00f3ria, analisando as peculiaridades sobre o tema.","breadcrumb":{"@id":"https:\/\/cj.estrategia.com\/portal\/litigancia-predatoria-em-minas-gerais-acao-pode-ser-extinta-o-que-pensa-o-stj\/#breadcrumb"},"inLanguage":"pt-BR","potentialAction":[{"@type":"ReadAction","target":["https:\/\/cj.estrategia.com\/portal\/litigancia-predatoria-em-minas-gerais-acao-pode-ser-extinta-o-que-pensa-o-stj\/"]}]},{"@type":"ImageObject","inLanguage":"pt-BR","@id":"https:\/\/cj.estrategia.com\/portal\/litigancia-predatoria-em-minas-gerais-acao-pode-ser-extinta-o-que-pensa-o-stj\/#primaryimage","url":"https:\/\/cdn-blog-cj.estrategia.com\/portal\/wp-content\/uploads\/2024\/07\/17073546\/image-29.png","contentUrl":"https:\/\/cdn-blog-cj.estrategia.com\/portal\/wp-content\/uploads\/2024\/07\/17073546\/image-29.png","width":639,"height":426},{"@type":"BreadcrumbList","@id":"https:\/\/cj.estrategia.com\/portal\/litigancia-predatoria-em-minas-gerais-acao-pode-ser-extinta-o-que-pensa-o-stj\/#breadcrumb","itemListElement":[{"@type":"ListItem","position":1,"name":"In\u00edcio","item":"https:\/\/cj.estrategia.com\/portal\/"},{"@type":"ListItem","position":2,"name":"Litig\u00e2ncia Predat\u00f3ria em Minas Gerais: A\u00e7\u00e3o pode ser extinta? O que pensa o STJ?"}]},{"@type":"WebSite","@id":"https:\/\/cj.estrategia.com\/portal\/#website","url":"https:\/\/cj.estrategia.com\/portal\/","name":"Blog - Carreiras Jur\u00eddicas - Estrat\u00e9gia","description":"","publisher":{"@id":"https:\/\/cj.estrategia.com\/portal\/#organization"},"potentialAction":[{"@type":"SearchAction","target":{"@type":"EntryPoint","urlTemplate":"https:\/\/cj.estrategia.com\/portal\/?s={search_term_string}"},"query-input":{"@type":"PropertyValueSpecification","valueRequired":true,"valueName":"search_term_string"}}],"inLanguage":"pt-BR"},{"@type":"Organization","@id":"https:\/\/cj.estrategia.com\/portal\/#organization","name":"Estrat\u00e9gia - Carreiras Jur\u00eddicas","url":"https:\/\/cj.estrategia.com\/portal\/","logo":{"@type":"ImageObject","inLanguage":"pt-BR","@id":"https:\/\/cj.estrategia.com\/portal\/#\/schema\/logo\/image\/","url":"https:\/\/cj.estrategia.com\/portal\/wp-content\/uploads\/2022\/03\/11151052\/cj-logo.png","contentUrl":"https:\/\/cj.estrategia.com\/portal\/wp-content\/uploads\/2022\/03\/11151052\/cj-logo.png","width":150,"height":39,"caption":"Estrat\u00e9gia - Carreiras Jur\u00eddicas"},"image":{"@id":"https:\/\/cj.estrategia.com\/portal\/#\/schema\/logo\/image\/"},"sameAs":["https:\/\/www.facebook.com\/estrategiacarreirajuridica\/","https:\/\/x.com\/EstratJuridica","https:\/\/www.instagram.com\/estrategiacarreirajuridica\/","https:\/\/www.youtube.com\/channel\/UClbMGuYbj2Mh1m3w144ETWQ"]},{"@type":"Person","@id":"https:\/\/cj.estrategia.com\/portal\/#\/schema\/person\/b5b0253b269d7130d1f7770b1ba29285","name":"Felipe Duque","image":{"@type":"ImageObject","inLanguage":"pt-BR","@id":"https:\/\/cdn-blog-cj.estrategia.com\/portal\/wp-content\/uploads\/2024\/08\/06162009\/Captura-de-Tela-2024-08-06-as-16.19.26-96x96.png","url":"https:\/\/cdn-blog-cj.estrategia.com\/portal\/wp-content\/uploads\/2024\/08\/06162009\/Captura-de-Tela-2024-08-06-as-16.19.26-96x96.png","contentUrl":"https:\/\/cdn-blog-cj.estrategia.com\/portal\/wp-content\/uploads\/2024\/08\/06162009\/Captura-de-Tela-2024-08-06-as-16.19.26-96x96.png","caption":"Felipe Duque"},"description":"Felipe Duque - Mestre em Direito Pol\u00edtico e Econ\u00f4mico na Mackenzie-SP. Graduado em Direito pela Universidade Cat\u00f3lica de Pernambuco, com conclus\u00e3o pelo regime de Aproveitamento Extraordin\u00e1rio nos Estudos (art. 47, \u00a7 2\u00ba, da Lei n\u00ba 9.394\/96). Ex-Assessor de Desembargador no TJPE. Procurador da Fazenda Nacional. Integra voluntariamente a Coordena\u00e7\u00e3o de Assuntos Estrat\u00e9gicos Judiciais da PGFN. Professor do Estrat\u00e9gia Carreira Jur\u00eddica, Estrat\u00e9gia OAB e Buscador Dizer o Direito. Autor do livro \u201cReforma Tribut\u00e1ria Comentada e Esquematizada\u201d, \"Manual de Processo Tribut\u00e1rio: Administrativo e Judicial\" pela editora Juspodivm Parecerista na Revista de Estudos Jur\u00eddicos do Superior Tribunal de Justi\u00e7a (REJuriSTJ)","sameAs":["http:\/\/lattes.cnpq.br\/5755137268084324","https:\/\/www.instagram.com\/felipe_duque\/","https:\/\/br.linkedin.com\/in\/felipe-duque-56954638","https:\/\/x.com\/https:\/\/x.com\/ProfessorDuque","https:\/\/www.youtube.com\/@felipeduque-experienciasco5797"],"url":"https:\/\/cj.estrategia.com\/portal\/author\/felipe-duque\/"}]}},"jetpack_sharing_enabled":true,"jetpack_featured_media_url":"https:\/\/cdn-blog-cj.estrategia.com\/portal\/wp-content\/uploads\/2024\/07\/17073546\/image-29.png","_links":{"self":[{"href":"https:\/\/cj.estrategia.com\/portal\/wp-json\/wp\/v2\/posts\/69393","targetHints":{"allow":["GET"]}}],"collection":[{"href":"https:\/\/cj.estrategia.com\/portal\/wp-json\/wp\/v2\/posts"}],"about":[{"href":"https:\/\/cj.estrategia.com\/portal\/wp-json\/wp\/v2\/types\/post"}],"author":[{"embeddable":true,"href":"https:\/\/cj.estrategia.com\/portal\/wp-json\/wp\/v2\/users\/93"}],"replies":[{"embeddable":true,"href":"https:\/\/cj.estrategia.com\/portal\/wp-json\/wp\/v2\/comments?post=69393"}],"version-history":[{"count":0,"href":"https:\/\/cj.estrategia.com\/portal\/wp-json\/wp\/v2\/posts\/69393\/revisions"}],"wp:featuredmedia":[{"embeddable":true,"href":"https:\/\/cj.estrategia.com\/portal\/wp-json\/wp\/v2\/media\/69396"}],"wp:attachment":[{"href":"https:\/\/cj.estrategia.com\/portal\/wp-json\/wp\/v2\/media?parent=69393"}],"wp:term":[{"taxonomy":"category","embeddable":true,"href":"https:\/\/cj.estrategia.com\/portal\/wp-json\/wp\/v2\/categories?post=69393"},{"taxonomy":"post_tag","embeddable":true,"href":"https:\/\/cj.estrategia.com\/portal\/wp-json\/wp\/v2\/tags?post=69393"},{"taxonomy":"tax_estado","embeddable":true,"href":"https:\/\/cj.estrategia.com\/portal\/wp-json\/wp\/v2\/tax_estado?post=69393"}],"curies":[{"name":"wp","href":"https:\/\/api.w.org\/{rel}","templated":true}]}}